{"id":233901,"date":"2022-02-07T12:51:06","date_gmt":"2022-02-07T08:51:06","guid":{"rendered":"https:\/\/www.meydan.tv\/?p=233901"},"modified":"2022-02-07T13:02:25","modified_gmt":"2022-02-07T09:02:25","slug":"xaricde-tehsil-almis-hekimlere-yuksek-maas-teklifi-yerli-mutexessisleri-narazi-salib","status":"publish","type":"post","link":"https:\/\/www.meydan.tv\/az\/article\/xaricde-tehsil-almis-hekimlere-yuksek-maas-teklifi-yerli-mutexessisleri-narazi-salib\/","title":{"rendered":"Xaricd\u0259 t\u0259hsil alm\u0131\u015f h\u0259kiml\u0259r\u0259 y\u00fcks\u0259k maa\u015f t\u0259klifi yerli m\u00fct\u0259x\u0259ssisl\u0259ri naraz\u0131 sal\u0131b"},"content":{"rendered":"\n<p><em>Proqram iki illik m\u00fcdd\u0259ti \u0259hat\u0259 ed\u0259c\u0259k<\/em><br><\/p>\n\n\n\n<p>\u0130cbari Tibbi S\u0131\u011forta \u00fczr\u0259 D\u00f6vl\u0259t Agentliyi T\u00fcrkiy\u0259, AB\u015e v\u0259 Avropada t\u0259hsil alm\u0131\u015f h\u0259kiml\u0259ri d\u00f6vl\u0259t tibb m\u00fc\u0259ssis\u0259l\u0259rind\u0259 i\u015f\u0259 d\u0259v\u0259t edir. Xaricd\u0259 t\u0259hsil alan h\u0259kiml\u0259r\u0259 5000-6500 manat \u0259lav\u0259l\u0259r t\u0259klif olunur.<br><\/p>\n\n\n\n<p>Bu bar\u0259d\u0259 Meydan TV-y\u0259 ad\u0131n\u0131n a\u00e7\u0131qlanmas\u0131n\u0131 ist\u0259m\u0259y\u0259n h\u0259kiml\u0259r m\u0259lumat veribl\u0259r. Onlar\u0131n s\u00f6zl\u0259rin\u0259 g\u00f6r\u0259, koronaviruslu x\u0259st\u0259l\u0259rl\u0259 i\u015fl\u0259dikl\u0259ri \u00fc\u00e7\u00fcn \u00f6d\u0259nil\u0259n \u0259lav\u0259l\u0259r d\u0259 daxil olmaqla, bonuslar\u0131 vaxtl\u0131-vaxt\u0131nda ala bilmirl\u0259r. Lakin xaricd\u0259 t\u0259hsil alan h\u0259kiml\u0259r\u0259 onlar\u0131n \u0259m\u0259khaqq\u0131ndan d\u0259f\u0259l\u0259rl\u0259 art\u0131q \u0259lav\u0259l\u0259r v\u0259d edilir.<br><\/p>\n\n\n\n<p>Kliniki Tibbi M\u0259rk\u0259zin ad\u0131n\u0131n a\u00e7\u0131qlanmas\u0131n\u0131 ist\u0259m\u0259y\u0259n h\u0259kiml\u0259rind\u0259n biri deyib ki, q\u0259rar Tibb Universiteti v\u0259 H\u0259kiml\u0259rin T\u0259kmill\u0259\u015fdirm\u0259 \u0130nstitutunun verdiyi t\u0259hsilin, kurslar\u0131n, t\u0259cr\u00fcb\u0259nin, sertifikasiyan\u0131n \u00f6n\u0259m da\u015f\u0131mad\u0131\u011f\u0131n\u0131 g\u00f6st\u0259rir:<br><\/p>\n\n\n\n<p>\u201cHaz\u0131rda bir az imkan\u0131 olanlar reklamlar vasit\u0259sil\u0259 x\u0259st\u0259 c\u0259lb edir. \u0130ll\u0259rin t\u0259cr\u00fcb\u0259li h\u0259kiml\u0259ri \u00f6z\u0259l klinikalarla 50 faiz prinsipi il\u0259 i\u015fl\u0259m\u0259y\u0259 m\u0259cbur qal\u0131blar. Biz demirik ki, xaricd\u0259 t\u0259hsil alanlar i\u015f\u0259 c\u0259lb edilm\u0259sin. Sad\u0259c\u0259 olaraq, dig\u0259rl\u0259rini a\u015fa\u011f\u0131lamas\u0131nlar, bonuslar\u0131, \u0259lav\u0259l\u0259ri vaxt\u0131nda v\u0259 \u0259dal\u0259tl\u0259 \u00f6d\u0259sinl\u0259r\u201d.<br><\/p>\n\n\n\n<p>H\u0259kim Sevda M\u0259mm\u0259dova is\u0259 deyib ki, koronavirusun yay\u0131ld\u0131\u011f\u0131 ilk aylarda xaricd\u0259n y\u00fcks\u0259k \u0259m\u0259khaqq\u0131 il\u0259 tibb i\u015f\u00e7il\u0259ri d\u0259v\u0259t edilib. Lakin h\u0259min tibb i\u015f\u00e7il\u0259rinin he\u00e7 d\u0259 ham\u0131s\u0131 t\u0259cr\u00fcb\u0259li olmay\u0131b. Yerli h\u0259kiml\u0259r daha \u00e7ox \u00e7al\u0131\u015f\u0131blar:<br><\/p>\n\n\n\n<p>\u201cH\u0259kiml\u0259rin n\u00fcfuzdan sal\u0131nmas\u0131 \u00fc\u00e7\u00fcn t\u0259bli\u011fat apar\u0131ld\u0131. N\u0259tic\u0259d\u0259 T\u00fcrkiy\u0259d\u0259 2 ayl\u0131q kurs ke\u00e7\u0259nl\u0259r\u0259 daha \u00e7ox etibar edilir, n\u0259inki elmi d\u0259r\u0259c\u0259l\u0259r alan h\u0259kiml\u0259r\u0259. Bel\u0259 \u00e7\u0131x\u0131r ki, rezidenturan\u0131 oxuma\u011f\u0131n m\u0259nas\u0131 yoxdur. Bu q\u0259rar Az\u0259rbaycandak\u0131 tibbi t\u0259hsilin \u00fcst\u00fcn\u0259 x\u0259tt \u00e7\u0259km\u0259kdir\u201d.<br><\/p>\n\n\n\n<p>Q\u0259rar xaricd\u0259 t\u0259hsil alanlarla h\u0259kiml\u0259r aras\u0131nda ciddi fikir ayr\u0131l\u0131\u011f\u0131 yarad\u0131b. H\u0259kiml\u0259rd\u0259n biri sosial \u015f\u0259b\u0259k\u0259d\u0259 yaz\u0131b ki, Tibb Universitetinin verdiyi t\u0259hsill\u0259 xaricd\u0259ki t\u0259hsil aras\u0131nda yerl\u0259-g\u00f6y q\u0259d\u0259r f\u0259rq var. Buna g\u00f6r\u0259 d\u0259 agentliyin q\u0259rar\u0131 savadl\u0131 kadrlar\u0131n \u00f6lk\u0259y\u0259 c\u0259lb edilm\u0259sin\u0259 \u015f\u0259rait yaradacaq.<br><\/p>\n\n\n\n<p>\u0130cbari Tibbi S\u0131\u011forta \u00fczr\u0259 D\u00f6vl\u0259t Agentliyind\u0259n is\u0259 Meydan TV-y\u0259 bildiribl\u0259r ki,&nbsp;agentlik t\u0259r\u0259find\u0259n t\u0259sdiq edil\u0259n \u201cTibb m\u00fc\u0259ssis\u0259l\u0259rind\u0259 ixtisasl\u0131 kadr \u00e7at\u0131\u015fmazl\u0131\u011f\u0131n\u0131n aradan qald\u0131r\u0131lmas\u0131na dair 2022-2023-c\u00fc ill\u0259r \u00fc\u00e7\u00fcn Proqram\u201d\u0131n tibbi xidm\u0259tl\u0259rin keyfiyy\u0259tini art\u0131rmaq, v\u0259t\u0259nda\u015flar\u0131n xidm\u0259tl\u0259r\u0259 \u0259l\u00e7atanl\u0131\u011f\u0131n\u0131 t\u0259min etm\u0259k, \u00fcmumilikd\u0259 s\u0259hiyy\u0259nin inki\u015faf\u0131na t\u0259kan verm\u0259k kimi bir s\u0131ra \u00fcst\u00fcnl\u00fckl\u0259ri var.<br><\/p>\n\n\n\n<figure class=\"wp-block-image size-full\"><img decoding=\"async\" width=\"734\" height=\"648\" data-src=\"https:\/\/www.meydan.tv\/wp-content\/uploads\/icbari-tibbi-sigorta-uzre-dovlet-agentliyi-publik-huquqi-sexs-oldu-238499-1.jpg\" alt=\"\" class=\"wp-image-233902 lazyload\" src=\"data:image\/svg+xml;base64,PHN2ZyB3aWR0aD0iMSIgaGVpZ2h0PSIxIiB4bWxucz0iaHR0cDovL3d3dy53My5vcmcvMjAwMC9zdmciPjwvc3ZnPg==\" style=\"--smush-placeholder-width: 734px; --smush-placeholder-aspect-ratio: 734\/648;\" \/><figcaption>\u0130cbari Tibbi S\u0131\u011forta \u00fczr\u0259 D\u00f6vl\u0259t Agentliyi, Foto: https:\/\/its.gov.az\/<\/figcaption><\/figure>\n\n\n\n<p>Bel\u0259 ki, s\u00f6z\u00fcged\u0259n proqram\u0131n icras\u0131 tibb m\u00fc\u0259ssis\u0259l\u0259rind\u0259 ixtisasl\u0131 kadr \u00e7at\u0131\u015fmazl\u0131\u011f\u0131n\u0131n aradan qalxmas\u0131na imkan yaradacaq. \u00d6lk\u0259y\u0259 c\u0259rrahi v\u0259 radioloji profilli ixtisaslar \u00fczr\u0259 h\u0259kiml\u0259ri c\u0259lb etm\u0259k s\u0259hiyy\u0259nin inki\u015faf\u0131na xidm\u0259t etmi\u015f olacaq. \u00c7\u00fcnki layih\u0259y\u0259 c\u0259lb olunan h\u0259kiml\u0259rin aid oldu\u011fu sah\u0259l\u0259r \u00fczr\u0259 \u00f6lk\u0259d\u0259 yet\u0259rli sayda m\u00fct\u0259x\u0259ssis yoxdur.<br><\/p>\n\n\n\n<p>\u201cBununla yana\u015f\u0131, tibbi xidm\u0259tin keyfiyy\u0259tini art\u0131rmaq \u00fc\u00e7\u00fcn yerli h\u0259kiml\u0259rin ixtisaslar\u0131n\u0131, bilik v\u0259 bacar\u0131qlar\u0131n\u0131 art\u0131rma\u011fa, m\u00fcasir texnologiyalarla i\u015f prinsipl\u0259rini \u00f6yr\u0259nm\u0259y\u0259 ehtiyaclar\u0131 var. Avropa \u0130ttifaq\u0131 \u00f6lk\u0259l\u0259ri, AB\u015e v\u0259 T\u00fcrkiy\u0259 C\u00fcmhuriyy\u0259tind\u0259 t\u0259hsil alm\u0131\u015f h\u0259kim-m\u00fct\u0259x\u0259ssisl\u0259r bu m\u0259suliyy\u0259tli i\u015fi \u00f6z \u00fcz\u0259ril\u0259rin\u0259 g\u00f6t\u00fcrm\u00fc\u015f olacaqlar\u201d, &#8211; m\u0259lumatda deyilir.<br><\/p>\n\n\n\n<p>Agentlikd\u0259n onu da bildiribl\u0259r ki, layih\u0259y\u0259 qat\u0131lacaq h\u0259kiml\u0259rin 90 faizd\u0259n \u00e7oxu Az\u0259rbaycan Tibb Universitetinin (ATU) m\u0259zunlar\u0131d\u0131r. Sonradan h\u0259min m\u0259zunlar akademik t\u0259hsilini xaricd\u0259 davam etdirib, bilik v\u0259 bacar\u0131qlar\u0131n\u0131, pe\u015f\u0259karl\u0131q s\u0259viyy\u0259l\u0259rini art\u0131raraq s\u0259hiyy\u0259nin \u0259n son nailiyy\u0259tl\u0259rin\u0259 yiy\u0259l\u0259nibl\u0259r:<br><\/p>\n\n\n\n<p>\u201cH\u0259kim-m\u00fct\u0259x\u0259ssisl\u0259r xarici t\u0259cr\u00fcb\u0259ni, m\u00fcasir m\u00fcayin\u0259-m\u00fcalic\u0259 metodlar\u0131n\u0131 tibb m\u00fc\u0259ssis\u0259l\u0259rind\u0259 \u00e7al\u0131\u015fan yerli kadrlarla b\u00f6l\u00fc\u015f\u0259c\u0259kl\u0259r, onlar\u0131n ixtisaslar\u0131 \u00fczr\u0259 bilik v\u0259 bacar\u0131qlar\u0131n\u0131n artmas\u0131na t\u00f6hf\u0259 ver\u0259c\u0259kl\u0259r.<\/p>\n\n\n\n<p>Qeyd ed\u0259k ki, \u00f6lk\u0259y\u0259 c\u0259rrahi v\u0259 radioloji profilli ixtisaslar \u00fczr\u0259 h\u0259kiml\u0259ri c\u0259lb etm\u0259kl\u0259 s\u0259hiyy\u0259nin inki\u015faf\u0131na imkan yaranacaq. \u00c7\u00fcnki layih\u0259y\u0259 c\u0259lb olunan h\u0259kiml\u0259rin aid oldu\u011fu sah\u0259l\u0259r \u00fczr\u0259 \u00f6lk\u0259d\u0259 yet\u0259rli sayda m\u00fct\u0259x\u0259ssis yoxdur (m\u0259s. invaziv radioloq, torokal c\u0259rrah, neonatoloq v\u0259 s.)\u201d.<br><\/p>\n\n\n\n<p>Agentlik hesab edir ki, burada \u00e7al\u0131\u015fan yerli h\u0259kiml\u0259r\u0259 qar\u015f\u0131 he\u00e7 bir ayr\u0131-se\u00e7kilikd\u0259n s\u00f6hb\u0259t ged\u0259 bilm\u0259z:<br><\/p>\n\n\n\n<p>\u201cT\u018fB\u0130B-in tabeliyind\u0259ki tibb m\u00fc\u0259ssis\u0259l\u0259rind\u0259 \u00e7al\u0131\u015fan h\u0259kiml\u0259r aras\u0131nda \u201cS\u0259hiyy\u0259 i\u015f\u00e7il\u0259rinin \u0259m\u0259yinin \u00f6d\u0259nilm\u0259si Qaydas\u0131\u201dna \u0259sas\u0259n, y\u00fcks\u0259k m\u0259bl\u0259\u011fd\u0259 h\u0259v\u0259sl\u0259ndirici \u0259lav\u0259 alanlar var. M\u0259s\u0259l\u0259n, \u00fcmumi c\u0259rrah 21 642 manat, oftalmoloq 12 329 manat, mama-ginekoloq 9195 manat, h\u0259kim-radioloq 5312 manat m\u0259bl\u0259\u011find\u0259 ayl\u0131q&nbsp;h\u0259v\u0259sl\u0259ndirici \u0259lav\u0259l\u0259r alan h\u0259kiml\u0259r f\u0259aliyy\u0259t g\u00f6st\u0259rirl\u0259r\u201d.<br><\/p>\n\n\n\n<p>Proqram\u0131n icras\u0131 m\u00fct\u0259x\u0259ssisl\u0259rin \u00f6lk\u0259y\u0259 c\u0259lb edilm\u0259si \u00fc\u00e7\u00fcnd\u00fcr v\u0259 m\u00fcv\u0259qq\u0259ti xarakter da\u015f\u0131yaraq 2 il&nbsp;\u00fc\u00e7\u00fcn n\u0259z\u0259rd\u0259 tutulub:<br><\/p>\n\n\n\n<p>\u201cDaha sonra h\u0259min m\u00fct\u0259x\u0259ssisl\u0259r d\u0259 yerli kadrlar kimi b\u0259rab\u0259r \u015f\u0259rtl\u0259rl\u0259 xidm\u0259t g\u00f6st\u0259r\u0259c\u0259kl\u0259r v\u0259 \u201cS\u0259hiyy\u0259 i\u015f\u00e7il\u0259rinin \u0259m\u0259yinin \u00f6d\u0259nilm\u0259si Qaydas\u0131\u201dna uy\u011fun olaraq h\u0259v\u0259sl\u0259ndirici \u0259lav\u0259l\u0259r alacaqlar\u201d.<\/p>\n","protected":false},"excerpt":{"rendered":"<p>Proqram iki illik m\u00fcdd\u0259ti \u0259hat\u0259 ed\u0259c\u0259k \u0130cbari Tibbi S\u0131\u011forta \u00fczr\u0259 &#8230; <\/p>\n<p class=\"read-more-container\"><a title=\"Xaricd\u0259 t\u0259hsil alm\u0131\u015f h\u0259kiml\u0259r\u0259 y\u00fcks\u0259k maa\u015f t\u0259klifi yerli m\u00fct\u0259x\u0259ssisl\u0259ri naraz\u0131 sal\u0131b\" class=\"read-more button\" href=\"https:\/\/www.meydan.tv\/az\/article\/xaricde-tehsil-almis-hekimlere-yuksek-maas-teklifi-yerli-mutexessisleri-narazi-salib\/#more-233901\" aria-label=\"Read more about Xaricd\u0259 t\u0259hsil alm\u0131\u015f h\u0259kiml\u0259r\u0259 y\u00fcks\u0259k maa\u015f t\u0259klifi yerli m\u00fct\u0259x\u0259ssisl\u0259ri naraz\u0131 sal\u0131b\">Davam\u0131<\/a><\/p>\n","protected":false},"author":8,"featured_media":231957,"comment_status":"closed","ping_status":"closed","sticky":false,"template":"","format":"standard","meta":{"_acf_changed":false,"_sitemap_exclude":false,"_sitemap_priority":"","_sitemap_frequency":"","footnotes":""},"categories":[54,79,56],"tags":[],"class_list":["post-233901","post","type-post","status-publish","format-standard","has-post-thumbnail","hentry","category-sagliq","category-featured","category-xeberler","infinite-scroll-item","generate-columns","tablet-grid-50","mobile-grid-100","grid-parent","grid-33","no-featured-image-padding"],"acf":[],"yoast_head":"<!-- This site is optimized with the Yoast SEO plugin v27.4 - https:\/\/yoast.com\/product\/yoast-seo-wordpress\/ -->\n<title>Xaricd\u0259 t\u0259hsil alm\u0131\u015f h\u0259kiml\u0259r\u0259 y\u00fcks\u0259k maa\u015f t\u0259klifi yerli m\u00fct\u0259x\u0259ssisl\u0259ri naraz\u0131 sal\u0131b - MEYDAN.TV<\/title>\n<meta name=\"robots\" content=\"index, follow, max-snippet:-1, max-image-preview:large, max-video-preview:-1\" \/>\n<link rel=\"canonical\" href=\"https:\/\/www.meydan.tv\/az\/article\/xaricde-tehsil-almis-hekimlere-yuksek-maas-teklifi-yerli-mutexessisleri-narazi-salib\/\" \/>\n<meta property=\"og:locale\" content=\"az_AZ\" \/>\n<meta property=\"og:type\" content=\"article\" \/>\n<meta property=\"og:title\" content=\"Xaricd\u0259 t\u0259hsil alm\u0131\u015f h\u0259kiml\u0259r\u0259 y\u00fcks\u0259k maa\u015f t\u0259klifi yerli m\u00fct\u0259x\u0259ssisl\u0259ri naraz\u0131 sal\u0131b - MEYDAN.TV\" \/>\n<meta property=\"og:description\" content=\"Proqram iki illik m\u00fcdd\u0259ti \u0259hat\u0259 ed\u0259c\u0259k \u0130cbari Tibbi S\u0131\u011forta \u00fczr\u0259 ... Davam\u0131\" \/>\n<meta property=\"og:url\" content=\"https:\/\/www.meydan.tv\/az\/article\/xaricde-tehsil-almis-hekimlere-yuksek-maas-teklifi-yerli-mutexessisleri-narazi-salib\/\" \/>\n<meta property=\"og:site_name\" content=\"MEYDAN.TV\" \/>\n<meta property=\"article:published_time\" content=\"2022-02-07T08:51:06+00:00\" \/>\n<meta property=\"article:modified_time\" content=\"2022-02-07T09:02:25+00:00\" \/>\n<meta property=\"og:image\" content=\"https:\/\/www.meydan.tv\/wp-content\/uploads\/shutterstock_793854829.jpg\" \/>\n\t<meta property=\"og:image:width\" content=\"1200\" \/>\n\t<meta property=\"og:image:height\" content=\"783\" \/>\n\t<meta property=\"og:image:type\" content=\"image\/jpeg\" \/>\n<meta name=\"author\" content=\"elli\" \/>\n<meta name=\"twitter:card\" content=\"summary_large_image\" \/>\n<meta name=\"twitter:creator\" content=\"@elli\" \/>\n<script type=\"application\/ld+json\" class=\"yoast-schema-graph\">{\"@context\":\"https:\\\/\\\/schema.org\",\"@graph\":[{\"@type\":\"Article\",\"@id\":\"https:\\\/\\\/www.meydan.tv\\\/az\\\/article\\\/xaricde-tehsil-almis-hekimlere-yuksek-maas-teklifi-yerli-mutexessisleri-narazi-salib\\\/#article\",\"isPartOf\":{\"@id\":\"https:\\\/\\\/www.meydan.tv\\\/az\\\/article\\\/xaricde-tehsil-almis-hekimlere-yuksek-maas-teklifi-yerli-mutexessisleri-narazi-salib\\\/\"},\"author\":{\"name\":\"elli\",\"@id\":\"https:\\\/\\\/www.meydan.tv\\\/az\\\/#\\\/schema\\\/person\\\/9cdbecf90d17180ce1dfbd95b08dcf47\"},\"headline\":\"Xaricd\u0259 t\u0259hsil alm\u0131\u015f h\u0259kiml\u0259r\u0259 y\u00fcks\u0259k maa\u015f t\u0259klifi yerli m\u00fct\u0259x\u0259ssisl\u0259ri naraz\u0131 sal\u0131b\",\"datePublished\":\"2022-02-07T08:51:06+00:00\",\"dateModified\":\"2022-02-07T09:02:25+00:00\",\"mainEntityOfPage\":{\"@id\":\"https:\\\/\\\/www.meydan.tv\\\/az\\\/article\\\/xaricde-tehsil-almis-hekimlere-yuksek-maas-teklifi-yerli-mutexessisleri-narazi-salib\\\/\"},\"wordCount\":1095,\"publisher\":{\"@id\":\"https:\\\/\\\/www.meydan.tv\\\/az\\\/#organization\"},\"image\":{\"@id\":\"https:\\\/\\\/www.meydan.tv\\\/az\\\/article\\\/xaricde-tehsil-almis-hekimlere-yuksek-maas-teklifi-yerli-mutexessisleri-narazi-salib\\\/#primaryimage\"},\"thumbnailUrl\":\"https:\\\/\\\/www.meydan.tv\\\/wp-content\\\/uploads\\\/shutterstock_793854829.jpg\",\"articleSection\":[\"Sa\u011fl\u0131q\",\"T\u00f6vsiy\u0259\",\"X\u0259b\u0259rl\u0259r\"],\"inLanguage\":\"az\"},{\"@type\":\"WebPage\",\"@id\":\"https:\\\/\\\/www.meydan.tv\\\/az\\\/article\\\/xaricde-tehsil-almis-hekimlere-yuksek-maas-teklifi-yerli-mutexessisleri-narazi-salib\\\/\",\"url\":\"https:\\\/\\\/www.meydan.tv\\\/az\\\/article\\\/xaricde-tehsil-almis-hekimlere-yuksek-maas-teklifi-yerli-mutexessisleri-narazi-salib\\\/\",\"name\":\"Xaricd\u0259 t\u0259hsil alm\u0131\u015f h\u0259kiml\u0259r\u0259 y\u00fcks\u0259k maa\u015f t\u0259klifi yerli m\u00fct\u0259x\u0259ssisl\u0259ri naraz\u0131 sal\u0131b - MEYDAN.TV\",\"isPartOf\":{\"@id\":\"https:\\\/\\\/www.meydan.tv\\\/az\\\/#website\"},\"primaryImageOfPage\":{\"@id\":\"https:\\\/\\\/www.meydan.tv\\\/az\\\/article\\\/xaricde-tehsil-almis-hekimlere-yuksek-maas-teklifi-yerli-mutexessisleri-narazi-salib\\\/#primaryimage\"},\"image\":{\"@id\":\"https:\\\/\\\/www.meydan.tv\\\/az\\\/article\\\/xaricde-tehsil-almis-hekimlere-yuksek-maas-teklifi-yerli-mutexessisleri-narazi-salib\\\/#primaryimage\"},\"thumbnailUrl\":\"https:\\\/\\\/www.meydan.tv\\\/wp-content\\\/uploads\\\/shutterstock_793854829.jpg\",\"datePublished\":\"2022-02-07T08:51:06+00:00\",\"dateModified\":\"2022-02-07T09:02:25+00:00\",\"breadcrumb\":{\"@id\":\"https:\\\/\\\/www.meydan.tv\\\/az\\\/article\\\/xaricde-tehsil-almis-hekimlere-yuksek-maas-teklifi-yerli-mutexessisleri-narazi-salib\\\/#breadcrumb\"},\"inLanguage\":\"az\",\"potentialAction\":[{\"@type\":\"ReadAction\",\"target\":[\"https:\\\/\\\/www.meydan.tv\\\/az\\\/article\\\/xaricde-tehsil-almis-hekimlere-yuksek-maas-teklifi-yerli-mutexessisleri-narazi-salib\\\/\"]}]},{\"@type\":\"ImageObject\",\"inLanguage\":\"az\",\"@id\":\"https:\\\/\\\/www.meydan.tv\\\/az\\\/article\\\/xaricde-tehsil-almis-hekimlere-yuksek-maas-teklifi-yerli-mutexessisleri-narazi-salib\\\/#primaryimage\",\"url\":\"https:\\\/\\\/www.meydan.tv\\\/wp-content\\\/uploads\\\/shutterstock_793854829.jpg\",\"contentUrl\":\"https:\\\/\\\/www.meydan.tv\\\/wp-content\\\/uploads\\\/shutterstock_793854829.jpg\",\"width\":1200,\"height\":783,\"caption\":\"H\u0259kim. Foto: Aleksandar Mijatovic\\\/shutterstock\"},{\"@type\":\"BreadcrumbList\",\"@id\":\"https:\\\/\\\/www.meydan.tv\\\/az\\\/article\\\/xaricde-tehsil-almis-hekimlere-yuksek-maas-teklifi-yerli-mutexessisleri-narazi-salib\\\/#breadcrumb\",\"itemListElement\":[{\"@type\":\"ListItem\",\"position\":1,\"name\":\"Ana s\u0259hif\u0259\",\"item\":\"https:\\\/\\\/www.meydan.tv\\\/az\\\/\"},{\"@type\":\"ListItem\",\"position\":2,\"name\":\"Sa\u011fl\u0131q\",\"item\":\"https:\\\/\\\/www.meydan.tv\\\/az\\\/section\\\/sagliq\\\/\"},{\"@type\":\"ListItem\",\"position\":3,\"name\":\"Xaricd\u0259 t\u0259hsil alm\u0131\u015f h\u0259kiml\u0259r\u0259 y\u00fcks\u0259k maa\u015f t\u0259klifi yerli m\u00fct\u0259x\u0259ssisl\u0259ri naraz\u0131 sal\u0131b\"}]},{\"@type\":\"WebSite\",\"@id\":\"https:\\\/\\\/www.meydan.tv\\\/az\\\/#website\",\"url\":\"https:\\\/\\\/www.meydan.tv\\\/az\\\/\",\"name\":\"MEYDAN.TV\",\"description\":\"Meydan TV Az\u0259rbaycan\u0131n media m\u0259kan\u0131ndak\u0131 alternativ s\u0259sidir\",\"publisher\":{\"@id\":\"https:\\\/\\\/www.meydan.tv\\\/az\\\/#organization\"},\"potentialAction\":[{\"@type\":\"SearchAction\",\"target\":{\"@type\":\"EntryPoint\",\"urlTemplate\":\"https:\\\/\\\/www.meydan.tv\\\/az\\\/?s={search_term_string}\"},\"query-input\":{\"@type\":\"PropertyValueSpecification\",\"valueRequired\":true,\"valueName\":\"search_term_string\"}}],\"inLanguage\":\"az\"},{\"@type\":\"Organization\",\"@id\":\"https:\\\/\\\/www.meydan.tv\\\/az\\\/#organization\",\"name\":\"Meydan TV\",\"url\":\"https:\\\/\\\/www.meydan.tv\\\/az\\\/\",\"logo\":{\"@type\":\"ImageObject\",\"inLanguage\":\"az\",\"@id\":\"https:\\\/\\\/www.meydan.tv\\\/az\\\/#\\\/schema\\\/logo\\\/image\\\/\",\"url\":\"https:\\\/\\\/www.meydan.tv\\\/wp-content\\\/uploads\\\/2021\\\/07\\\/meydan-logo.svg\",\"contentUrl\":\"https:\\\/\\\/www.meydan.tv\\\/wp-content\\\/uploads\\\/2021\\\/07\\\/meydan-logo.svg\",\"width\":195,\"height\":46,\"caption\":\"Meydan TV\"},\"image\":{\"@id\":\"https:\\\/\\\/www.meydan.tv\\\/az\\\/#\\\/schema\\\/logo\\\/image\\\/\"}},{\"@type\":\"Person\",\"@id\":\"https:\\\/\\\/www.meydan.tv\\\/az\\\/#\\\/schema\\\/person\\\/9cdbecf90d17180ce1dfbd95b08dcf47\",\"name\":\"elli\",\"sameAs\":[\"https:\\\/\\\/x.com\\\/elli\"]}]}<\/script>\n<!-- \/ Yoast SEO plugin. -->","yoast_head_json":{"title":"Xaricd\u0259 t\u0259hsil alm\u0131\u015f h\u0259kiml\u0259r\u0259 y\u00fcks\u0259k maa\u015f t\u0259klifi yerli m\u00fct\u0259x\u0259ssisl\u0259ri naraz\u0131 sal\u0131b - MEYDAN.TV","robots":{"index":"index","follow":"follow","max-snippet":"max-snippet:-1","max-image-preview":"max-image-preview:large","max-video-preview":"max-video-preview:-1"},"canonical":"https:\/\/www.meydan.tv\/az\/article\/xaricde-tehsil-almis-hekimlere-yuksek-maas-teklifi-yerli-mutexessisleri-narazi-salib\/","og_locale":"az_AZ","og_type":"article","og_title":"Xaricd\u0259 t\u0259hsil alm\u0131\u015f h\u0259kiml\u0259r\u0259 y\u00fcks\u0259k maa\u015f t\u0259klifi yerli m\u00fct\u0259x\u0259ssisl\u0259ri naraz\u0131 sal\u0131b - MEYDAN.TV","og_description":"Proqram iki illik m\u00fcdd\u0259ti \u0259hat\u0259 ed\u0259c\u0259k \u0130cbari Tibbi S\u0131\u011forta \u00fczr\u0259 ... Davam\u0131","og_url":"https:\/\/www.meydan.tv\/az\/article\/xaricde-tehsil-almis-hekimlere-yuksek-maas-teklifi-yerli-mutexessisleri-narazi-salib\/","og_site_name":"MEYDAN.TV","article_published_time":"2022-02-07T08:51:06+00:00","article_modified_time":"2022-02-07T09:02:25+00:00","og_image":[{"width":1200,"height":783,"url":"https:\/\/www.meydan.tv\/wp-content\/uploads\/shutterstock_793854829.jpg","type":"image\/jpeg"}],"author":"elli","twitter_card":"summary_large_image","twitter_creator":"@elli","schema":{"@context":"https:\/\/schema.org","@graph":[{"@type":"Article","@id":"https:\/\/www.meydan.tv\/az\/article\/xaricde-tehsil-almis-hekimlere-yuksek-maas-teklifi-yerli-mutexessisleri-narazi-salib\/#article","isPartOf":{"@id":"https:\/\/www.meydan.tv\/az\/article\/xaricde-tehsil-almis-hekimlere-yuksek-maas-teklifi-yerli-mutexessisleri-narazi-salib\/"},"author":{"name":"elli","@id":"https:\/\/www.meydan.tv\/az\/#\/schema\/person\/9cdbecf90d17180ce1dfbd95b08dcf47"},"headline":"Xaricd\u0259 t\u0259hsil alm\u0131\u015f h\u0259kiml\u0259r\u0259 y\u00fcks\u0259k maa\u015f t\u0259klifi yerli m\u00fct\u0259x\u0259ssisl\u0259ri naraz\u0131 sal\u0131b","datePublished":"2022-02-07T08:51:06+00:00","dateModified":"2022-02-07T09:02:25+00:00","mainEntityOfPage":{"@id":"https:\/\/www.meydan.tv\/az\/article\/xaricde-tehsil-almis-hekimlere-yuksek-maas-teklifi-yerli-mutexessisleri-narazi-salib\/"},"wordCount":1095,"publisher":{"@id":"https:\/\/www.meydan.tv\/az\/#organization"},"image":{"@id":"https:\/\/www.meydan.tv\/az\/article\/xaricde-tehsil-almis-hekimlere-yuksek-maas-teklifi-yerli-mutexessisleri-narazi-salib\/#primaryimage"},"thumbnailUrl":"https:\/\/www.meydan.tv\/wp-content\/uploads\/shutterstock_793854829.jpg","articleSection":["Sa\u011fl\u0131q","T\u00f6vsiy\u0259","X\u0259b\u0259rl\u0259r"],"inLanguage":"az"},{"@type":"WebPage","@id":"https:\/\/www.meydan.tv\/az\/article\/xaricde-tehsil-almis-hekimlere-yuksek-maas-teklifi-yerli-mutexessisleri-narazi-salib\/","url":"https:\/\/www.meydan.tv\/az\/article\/xaricde-tehsil-almis-hekimlere-yuksek-maas-teklifi-yerli-mutexessisleri-narazi-salib\/","name":"Xaricd\u0259 t\u0259hsil alm\u0131\u015f h\u0259kiml\u0259r\u0259 y\u00fcks\u0259k maa\u015f t\u0259klifi yerli m\u00fct\u0259x\u0259ssisl\u0259ri naraz\u0131 sal\u0131b - MEYDAN.TV","isPartOf":{"@id":"https:\/\/www.meydan.tv\/az\/#website"},"primaryImageOfPage":{"@id":"https:\/\/www.meydan.tv\/az\/article\/xaricde-tehsil-almis-hekimlere-yuksek-maas-teklifi-yerli-mutexessisleri-narazi-salib\/#primaryimage"},"image":{"@id":"https:\/\/www.meydan.tv\/az\/article\/xaricde-tehsil-almis-hekimlere-yuksek-maas-teklifi-yerli-mutexessisleri-narazi-salib\/#primaryimage"},"thumbnailUrl":"https:\/\/www.meydan.tv\/wp-content\/uploads\/shutterstock_793854829.jpg","datePublished":"2022-02-07T08:51:06+00:00","dateModified":"2022-02-07T09:02:25+00:00","breadcrumb":{"@id":"https:\/\/www.meydan.tv\/az\/article\/xaricde-tehsil-almis-hekimlere-yuksek-maas-teklifi-yerli-mutexessisleri-narazi-salib\/#breadcrumb"},"inLanguage":"az","potentialAction":[{"@type":"ReadAction","target":["https:\/\/www.meydan.tv\/az\/article\/xaricde-tehsil-almis-hekimlere-yuksek-maas-teklifi-yerli-mutexessisleri-narazi-salib\/"]}]},{"@type":"ImageObject","inLanguage":"az","@id":"https:\/\/www.meydan.tv\/az\/article\/xaricde-tehsil-almis-hekimlere-yuksek-maas-teklifi-yerli-mutexessisleri-narazi-salib\/#primaryimage","url":"https:\/\/www.meydan.tv\/wp-content\/uploads\/shutterstock_793854829.jpg","contentUrl":"https:\/\/www.meydan.tv\/wp-content\/uploads\/shutterstock_793854829.jpg","width":1200,"height":783,"caption":"H\u0259kim. Foto: Aleksandar Mijatovic\/shutterstock"},{"@type":"BreadcrumbList","@id":"https:\/\/www.meydan.tv\/az\/article\/xaricde-tehsil-almis-hekimlere-yuksek-maas-teklifi-yerli-mutexessisleri-narazi-salib\/#breadcrumb","itemListElement":[{"@type":"ListItem","position":1,"name":"Ana s\u0259hif\u0259","item":"https:\/\/www.meydan.tv\/az\/"},{"@type":"ListItem","position":2,"name":"Sa\u011fl\u0131q","item":"https:\/\/www.meydan.tv\/az\/section\/sagliq\/"},{"@type":"ListItem","position":3,"name":"Xaricd\u0259 t\u0259hsil alm\u0131\u015f h\u0259kiml\u0259r\u0259 y\u00fcks\u0259k maa\u015f t\u0259klifi yerli m\u00fct\u0259x\u0259ssisl\u0259ri naraz\u0131 sal\u0131b"}]},{"@type":"WebSite","@id":"https:\/\/www.meydan.tv\/az\/#website","url":"https:\/\/www.meydan.tv\/az\/","name":"MEYDAN.TV","description":"Meydan TV Az\u0259rbaycan\u0131n media m\u0259kan\u0131ndak\u0131 alternativ s\u0259sidir","publisher":{"@id":"https:\/\/www.meydan.tv\/az\/#organization"},"potentialAction":[{"@type":"SearchAction","target":{"@type":"EntryPoint","urlTemplate":"https:\/\/www.meydan.tv\/az\/?s={search_term_string}"},"query-input":{"@type":"PropertyValueSpecification","valueRequired":true,"valueName":"search_term_string"}}],"inLanguage":"az"},{"@type":"Organization","@id":"https:\/\/www.meydan.tv\/az\/#organization","name":"Meydan TV","url":"https:\/\/www.meydan.tv\/az\/","logo":{"@type":"ImageObject","inLanguage":"az","@id":"https:\/\/www.meydan.tv\/az\/#\/schema\/logo\/image\/","url":"https:\/\/www.meydan.tv\/wp-content\/uploads\/2021\/07\/meydan-logo.svg","contentUrl":"https:\/\/www.meydan.tv\/wp-content\/uploads\/2021\/07\/meydan-logo.svg","width":195,"height":46,"caption":"Meydan TV"},"image":{"@id":"https:\/\/www.meydan.tv\/az\/#\/schema\/logo\/image\/"}},{"@type":"Person","@id":"https:\/\/www.meydan.tv\/az\/#\/schema\/person\/9cdbecf90d17180ce1dfbd95b08dcf47","name":"elli","sameAs":["https:\/\/x.com\/elli"]}]}},"_links":{"self":[{"href":"https:\/\/www.meydan.tv\/az\/wp-json\/wp\/v2\/posts\/233901","targetHints":{"allow":["GET"]}}],"collection":[{"href":"https:\/\/www.meydan.tv\/az\/wp-json\/wp\/v2\/posts"}],"about":[{"href":"https:\/\/www.meydan.tv\/az\/wp-json\/wp\/v2\/types\/post"}],"author":[{"embeddable":true,"href":"https:\/\/www.meydan.tv\/az\/wp-json\/wp\/v2\/users\/8"}],"replies":[{"embeddable":true,"href":"https:\/\/www.meydan.tv\/az\/wp-json\/wp\/v2\/comments?post=233901"}],"version-history":[{"count":2,"href":"https:\/\/www.meydan.tv\/az\/wp-json\/wp\/v2\/posts\/233901\/revisions"}],"predecessor-version":[{"id":233909,"href":"https:\/\/www.meydan.tv\/az\/wp-json\/wp\/v2\/posts\/233901\/revisions\/233909"}],"wp:featuredmedia":[{"embeddable":true,"href":"https:\/\/www.meydan.tv\/az\/wp-json\/wp\/v2\/media\/231957"}],"wp:attachment":[{"href":"https:\/\/www.meydan.tv\/az\/wp-json\/wp\/v2\/media?parent=233901"}],"wp:term":[{"taxonomy":"category","embeddable":true,"href":"https:\/\/www.meydan.tv\/az\/wp-json\/wp\/v2\/categories?post=233901"},{"taxonomy":"post_tag","embeddable":true,"href":"https:\/\/www.meydan.tv\/az\/wp-json\/wp\/v2\/tags?post=233901"}],"curies":[{"name":"wp","href":"https:\/\/api.w.org\/{rel}","templated":true}]}}