{"id":233891,"date":"2022-02-07T12:27:38","date_gmt":"2022-02-07T08:27:38","guid":{"rendered":"https:\/\/www.meydan.tv\/?p=233891"},"modified":"2022-02-07T12:27:40","modified_gmt":"2022-02-07T08:27:40","slug":"hekim-onkoloji-xesteler-de-peyvendlenmelidir-ancaq","status":"publish","type":"post","link":"https:\/\/www.meydan.tv\/az\/article\/hekim-onkoloji-xesteler-de-peyvendlenmelidir-ancaq\/","title":{"rendered":"H\u0259kim: \u201cOnkoloji x\u0259st\u0259l\u0259r d\u0259 peyv\u0259ndl\u0259nm\u0259lidir, ancaq&#8230;\u201d"},"content":{"rendered":"\n<p><em>\u201cOnkologiyadan da t\u0259hl\u00fck\u0259li x\u0259st\u0259likl\u0259r var d\u00fcnyada\u201d<\/em><br><\/p>\n\n\n\n<p>\u201c3 ildir onkoloji x\u0259st\u0259likd\u0259n \u0259ziyy\u0259t \u00e7\u0259kir\u0259m. B\u0259db\u0259xtlikd\u0259n anamda da 1 il \u0259vv\u0259l x\u0259r\u00e7\u0259ng a\u015fkarland\u0131. X\u0259st\u0259liy\u0259 g\u00f6r\u0259 peyv\u0259nd olunmam\u0131\u015f\u0131q. Anam yeni \u0259m\u0259liyyat olundu\u011fundan \u0259ks-g\u00f6st\u0259ri\u015f sertifikat\u0131n\u0131 yerind\u0259c\u0259 ala bildi. M\u0259n ala bilm\u0259mi\u015f\u0259m. Xeyli \u0259ziyy\u0259t \u00e7\u0259kir\u0259m. Dey\u0259 bil\u0259rl\u0259r ki, x\u0259st\u0259s\u0259n, otur evind\u0259, ancaq arada bir \u0259hval\u0131m\u0131n d\u00fcz\u0259lm\u0259sin\u0259 m\u0259nim d\u0259 ehtiyac\u0131m var. N\u0259s\u0259 laz\u0131m olur, h\u0259r\u0259k\u0259t etm\u0259k \u00e7\u0259tinl\u0259\u015fir\u201d.<br><\/p>\n\n\n\n<p>39 ya\u015fl\u0131 Aynur\u0259 M\u0259mm\u0259dovan\u0131n s\u00f6zl\u0259ridir. Deyir, arada rayona gedir. Orda tan\u0131y\u0131rlar dey\u0259, he\u00e7 n\u0259 t\u0259l\u0259b etmirl\u0259r. Ancaq Bak\u0131da h\u0259r\u0259k\u0259t etm\u0259si \u00e7\u0259tinl\u0259\u015fir:<br><\/p>\n\n\n\n<p>\u201cArt\u0131q ba\u015f\u0131n\u0131 buraxm\u0131\u015fam. \u018fslind\u0259 oxuyuram, h\u0259kiml\u0259r d\u0259 deyirl\u0259r ki, haz\u0131rda m\u00fcalic\u0259 olunmursansa, peyv\u0259nd vurdura bil\u0259rs\u0259n. Sad\u0259c\u0259 risk etmir\u0259m, qorxuram. Atam sa\u011flamd\u0131r, i\u015f yerind\u0259n t\u0259l\u0259b etdil\u0259r dey\u0259 peyv\u0259nd olundu. Yaman pis ke\u00e7irdi, 3 g\u00fcn \u00f6z\u00fcn\u0259 g\u0259l\u0259 bilm\u0259di. Bel\u0259 g\u00f6r\u0259nd\u0259 he\u00e7 risk etmir\u0259m. Onsuz da bizim g\u00fcn\u00fcm\u00fcz a\u011fr\u0131-ac\u0131yla ke\u00e7ir, \u00e7\u0259tindir, bir az da \u00e7\u0259tinl\u0259\u015fm\u0259sini ist\u0259mir\u0259m\u201d.<br><\/p>\n\n\n\n<p>Az\u0259rbaycanda onkoloji x\u0259st\u0259likl\u0259r\u0259 tutulan insanlar\u0131n say\u0131 art\u0131b. 2020-ci ild\u0259 \u00f6lk\u0259d\u0259 54 min 403 n\u0259f\u0259r onkoloji x\u0259st\u0259 olub. Onlardan 11 min 595 n\u0259f\u0259ri birinci, 4575 n\u0259f\u0259ri x\u0259st\u0259liyin ikinci, 3876 n\u0259f\u0259ri \u00fc\u00e7\u00fcnc\u00fc, 3144 n\u0259f\u0259ri is\u0259 d\u00f6rd\u00fcnc\u00fc m\u0259rh\u0259l\u0259sind\u0259 olub.<br><\/p>\n\n\n\n<p>2018-ci ild\u0259 tibb m\u00fc\u0259ssis\u0259l\u0259rind\u0259 qeydiyyatda olan onkoloji x\u0259st\u0259l\u0259rin say\u0131 48 min 685, 2019-cu ild\u0259 52 min 718 n\u0259f\u0259r olub.<br><\/p>\n\n\n\n<p>R\u0259smi m\u0259lumata g\u00f6r\u0259, 40 ya\u015fdan sonra x\u0259r\u00e7\u0259ng x\u0259st\u0259liyinin yaranmas\u0131 riski 10 d\u0259f\u0259d\u0259n \u00e7ox art\u0131r. H\u0259m\u00e7inin qad\u0131nlarda 60 ya\u015fad\u0259k, ki\u015fil\u0259rd\u0259 is\u0259 60 ya\u015fdan sonra x\u0259r\u00e7\u0259ng yaran\u0131r.<br><\/p>\n\n\n\n<p>Ba\u015f onkoloq Azad K\u0259rimlinin <a href=\"https:\/\/sehiyye.gov.az\/media\/xeberler-ve-yenilikler\/s-hiyy-nazirliyinin-mut-x-ssis-eksperti-onkoloq-azad-k-rimli-onkoloji-x-st-l-r-mualic-bitdikd-n-sonra-covid-19-leyhin-vaksin\/\" target=\"_blank\" rel=\"noreferrer noopener\">dem\u0259si<\/a>n\u0259\u00a0g\u00f6r\u0259, x\u0259r\u00e7\u0259ng x\u0259st\u0259likl\u0259rinin say\u0131 \u00f6lk\u0259 \u0259halisinin say\u0131 il\u0259 paralel art\u0131b. H\u0259kim onu da bildirib ki, qon\u015fu \u00f6lk\u0259l\u0259rin statistik m\u0259lumatlar\u0131 il\u0259 m\u00fcqayis\u0259d\u0259 Az\u0259rbaycanda x\u0259r\u00e7\u0259ng x\u0259st\u0259l\u0259rinin say\u0131 o q\u0259d\u0259r d\u0259 \u00e7ox say\u0131lm\u0131r:<br><\/p>\n\n\n\n<p>\u201cX\u0259r\u00e7\u0259ng s\u00f6z\u00fcnd\u0259n qorxmaq laz\u0131m deyil. Erk\u0259n m\u0259rh\u0259l\u0259d\u0259 a\u015fkar edil\u0259nd\u0259 m\u00fcalic\u0259 olunan x\u0259st\u0259likdir. X\u0259st\u0259liyin qar\u015f\u0131s\u0131n\u0131n al\u0131nmas\u0131 \u00fc\u00e7\u00fcn profilaktik t\u0259dbirl\u0259r d\u0259 vacibdir. X\u0259r\u00e7\u0259ng el\u0259 bir x\u0259st\u0259likdir ki, ondan he\u00e7 k\u0259s s\u0131\u011fortalanmay\u0131b. \u0130nsanlarda bel\u0259 bir r\u0259y formala\u015f\u0131b ki, guya onkologiya diaqnozu h\u0259yat\u0131n sonu dem\u0259kdir. \u018fslind\u0259 is\u0259 bu diaqnozla bir ne\u00e7\u0259 on il ya\u015fayan insanlar var v\u0259 onlar\u0131n say\u0131 az deyil\u201d.<br><\/p>\n\n\n\n<p>H\u0259kim bildirir ki, bu x\u0259st\u0259likd\u0259n qorunmaq \u00fc\u00e7\u00fcn ild\u0259 bir d\u0259f\u0259 h\u0259kim m\u00fcayin\u0259sind\u0259n ke\u00e7m\u0259k laz\u0131md\u0131r. Ancaq t\u0259\u0259ss\u00fcf ki, insanlar ancaq bu x\u0259st\u0259lik \u015fidd\u0259tl\u0259n\u0259nd\u0259 v\u0259 III-IV m\u0259rh\u0259l\u0259y\u0259 ke\u00e7\u0259nd\u0259 ondan x\u0259b\u0259r tuturlar.<br>\u201cYa\u015f\u0131ndan, maddi durumundan v\u0259 c\u0259miyy\u0259td\u0259ki m\u00f6vqeyind\u0259n as\u0131l\u0131 olmayaraq onkoloqun g\u00f6r\u00fc\u015f\u00fcn\u0259 g\u0259l\u0259n h\u0259r k\u0259s h\u0259kimd\u0259n d\u0259h\u015f\u0259tli bir x\u0259r\u00e7\u0259ng diaqnozu e\u015fitm\u0259kd\u0259n \u00e7ox qorxur. Lakin onkologiyadan da t\u0259hl\u00fck\u0259li x\u0259st\u0259likl\u0259r var d\u00fcnyada\u201d, &#8211; Azad K\u0259rimli bildirib.<br><\/p>\n\n\n\n<div class=\"wp-block-image\"><figure class=\"alignright size-full is-resized\"><img decoding=\"async\" data-src=\"https:\/\/www.meydan.tv\/wp-content\/uploads\/15409872544674540092_1200x630.jpg\" alt=\"\" class=\"wp-image-233892 lazyload\" width=\"455\" height=\"311\" src=\"data:image\/svg+xml;base64,PHN2ZyB3aWR0aD0iMSIgaGVpZ2h0PSIxIiB4bWxucz0iaHR0cDovL3d3dy53My5vcmcvMjAwMC9zdmciPjwvc3ZnPg==\" style=\"--smush-placeholder-width: 455px; --smush-placeholder-aspect-ratio: 455\/311;\" \/><figcaption>Azad K\u0259rimli, Foto: Az\u0259rtac<\/figcaption><\/figure><\/div>\n\n\n\n<p>X\u0259r\u00e7\u0259ngd\u0259n \u0259ziyy\u0259t \u00e7\u0259k\u0259nl\u0259rin COV\u0130D-19 virusundan qorunmas\u0131na g\u0259linc\u0259, Azad K\u0259rimli bildirir ki, yax\u0131n zamanlarda \u0259m\u0259liyyat ke\u00e7ir\u0259n, yaxud \u0259m\u0259liyyatdan sonrak\u0131 d\u00f6vrd\u0259 olan onkoloji x\u0259st\u0259l\u0259r vaksin oluna bilm\u0259z:<br><\/p>\n\n\n\n<p>\u201cH\u0259m\u00e7inin kimyaterapiya m\u00fcalic\u0259si alan, ya da haz\u0131rda \u015f\u00fca terapiyas\u0131 \u015f\u00f6b\u0259sind\u0259 m\u00fcalic\u0259 olunan onkoloji x\u0259st\u0259l\u0259r\u0259 vaksin t\u00f6vsiy\u0259 olunmur. Ancaq m\u00fcalic\u0259 bitdikd\u0259n sonra onlar da peyv\u0259nd oluna bil\u0259rl\u0259r. O c\u00fcml\u0259d\u0259n d\u0259, pasiyent uzun m\u00fcdd\u0259tdir onkoloji x\u0259st\u0259 kimi qeydiyyatdad\u0131r, niy\u0259 peyv\u0259nd olunmas\u0131n? Hesab edir\u0259m ki, m\u00fctl\u0259q COVID-19-a qar\u015f\u0131 peyv\u0259ndl\u0259nm\u0259lidir\u201d.<br><\/p>\n\n\n\n<p>D\u00f6vl\u0259t Statistika Komit\u0259sinin m\u0259lumat\u0131na g\u00f6r\u0259, t\u0259kc\u0259 2020-ci ild\u0259 11 min 595 n\u0259f\u0259r\u0259 b\u0259dxass\u0259li \u015fi\u015f diaqnozu qoyulub. Onlardan 1960 n\u0259f\u0259ri s\u00fcd v\u0259zi, 1301 n\u0259f\u0259ri m\u0259d\u0259, 1225 n\u0259f\u0259ri is\u0259 traxeya, bronx, a\u011fciy\u0259r x\u0259r\u00e7\u0259ngind\u0259n \u0259ziyy\u0259t \u00e7\u0259kir.<\/p>\n","protected":false},"excerpt":{"rendered":"<p>\u201cOnkologiyadan da t\u0259hl\u00fck\u0259li x\u0259st\u0259likl\u0259r var d\u00fcnyada\u201d \u201c3 ildir onkoloji x\u0259st\u0259likd\u0259n &#8230; <\/p>\n<p class=\"read-more-container\"><a title=\"H\u0259kim: \u201cOnkoloji x\u0259st\u0259l\u0259r d\u0259 peyv\u0259ndl\u0259nm\u0259lidir, ancaq&#8230;\u201d\" class=\"read-more button\" href=\"https:\/\/www.meydan.tv\/az\/article\/hekim-onkoloji-xesteler-de-peyvendlenmelidir-ancaq\/#more-233891\" aria-label=\"Read more about H\u0259kim: \u201cOnkoloji x\u0259st\u0259l\u0259r d\u0259 peyv\u0259ndl\u0259nm\u0259lidir, ancaq&#8230;\u201d\">Davam\u0131<\/a><\/p>\n","protected":false},"author":8,"featured_media":233885,"comment_status":"closed","ping_status":"closed","sticky":false,"template":"","format":"standard","meta":{"_acf_changed":false,"_sitemap_exclude":false,"_sitemap_priority":"","_sitemap_frequency":"","footnotes":""},"categories":[54,79,56],"tags":[],"class_list":["post-233891","post","type-post","status-publish","format-standard","has-post-thumbnail","hentry","category-sagliq","category-featured","category-xeberler","infinite-scroll-item","generate-columns","tablet-grid-50","mobile-grid-100","grid-parent","grid-33","no-featured-image-padding"],"acf":[],"yoast_head":"<!-- This site is optimized with the Yoast SEO plugin v27.4 - https:\/\/yoast.com\/product\/yoast-seo-wordpress\/ -->\n<title>H\u0259kim: \u201cOnkoloji x\u0259st\u0259l\u0259r d\u0259 peyv\u0259ndl\u0259nm\u0259lidir, ancaq...\u201d - MEYDAN.TV<\/title>\n<meta name=\"robots\" content=\"index, follow, max-snippet:-1, max-image-preview:large, max-video-preview:-1\" \/>\n<link rel=\"canonical\" href=\"https:\/\/www.meydan.tv\/az\/article\/hekim-onkoloji-xesteler-de-peyvendlenmelidir-ancaq\/\" \/>\n<meta property=\"og:locale\" content=\"az_AZ\" \/>\n<meta property=\"og:type\" content=\"article\" \/>\n<meta property=\"og:title\" content=\"H\u0259kim: \u201cOnkoloji x\u0259st\u0259l\u0259r d\u0259 peyv\u0259ndl\u0259nm\u0259lidir, ancaq...\u201d - MEYDAN.TV\" \/>\n<meta property=\"og:description\" content=\"\u201cOnkologiyadan da t\u0259hl\u00fck\u0259li x\u0259st\u0259likl\u0259r var d\u00fcnyada\u201d \u201c3 ildir onkoloji x\u0259st\u0259likd\u0259n ... Davam\u0131\" \/>\n<meta property=\"og:url\" content=\"https:\/\/www.meydan.tv\/az\/article\/hekim-onkoloji-xesteler-de-peyvendlenmelidir-ancaq\/\" \/>\n<meta property=\"og:site_name\" content=\"MEYDAN.TV\" \/>\n<meta property=\"article:published_time\" content=\"2022-02-07T08:27:38+00:00\" \/>\n<meta property=\"article:modified_time\" content=\"2022-02-07T08:27:40+00:00\" \/>\n<meta property=\"og:image\" content=\"https:\/\/www.meydan.tv\/wp-content\/uploads\/shutterstock_789019747-e1644222015317.jpg\" \/>\n\t<meta property=\"og:image:width\" content=\"1200\" \/>\n\t<meta property=\"og:image:height\" content=\"756\" \/>\n\t<meta property=\"og:image:type\" content=\"image\/jpeg\" \/>\n<meta name=\"author\" content=\"elli\" \/>\n<meta name=\"twitter:card\" content=\"summary_large_image\" \/>\n<meta name=\"twitter:creator\" content=\"@elli\" \/>\n<script type=\"application\/ld+json\" class=\"yoast-schema-graph\">{\"@context\":\"https:\\\/\\\/schema.org\",\"@graph\":[{\"@type\":\"Article\",\"@id\":\"https:\\\/\\\/www.meydan.tv\\\/az\\\/article\\\/hekim-onkoloji-xesteler-de-peyvendlenmelidir-ancaq\\\/#article\",\"isPartOf\":{\"@id\":\"https:\\\/\\\/www.meydan.tv\\\/az\\\/article\\\/hekim-onkoloji-xesteler-de-peyvendlenmelidir-ancaq\\\/\"},\"author\":{\"name\":\"elli\",\"@id\":\"https:\\\/\\\/www.meydan.tv\\\/az\\\/#\\\/schema\\\/person\\\/9cdbecf90d17180ce1dfbd95b08dcf47\"},\"headline\":\"H\u0259kim: \u201cOnkoloji x\u0259st\u0259l\u0259r d\u0259 peyv\u0259ndl\u0259nm\u0259lidir, ancaq&#8230;\u201d\",\"datePublished\":\"2022-02-07T08:27:38+00:00\",\"dateModified\":\"2022-02-07T08:27:40+00:00\",\"mainEntityOfPage\":{\"@id\":\"https:\\\/\\\/www.meydan.tv\\\/az\\\/article\\\/hekim-onkoloji-xesteler-de-peyvendlenmelidir-ancaq\\\/\"},\"wordCount\":829,\"publisher\":{\"@id\":\"https:\\\/\\\/www.meydan.tv\\\/az\\\/#organization\"},\"image\":{\"@id\":\"https:\\\/\\\/www.meydan.tv\\\/az\\\/article\\\/hekim-onkoloji-xesteler-de-peyvendlenmelidir-ancaq\\\/#primaryimage\"},\"thumbnailUrl\":\"https:\\\/\\\/www.meydan.tv\\\/wp-content\\\/uploads\\\/shutterstock_789019747-e1644222015317.jpg\",\"articleSection\":[\"Sa\u011fl\u0131q\",\"T\u00f6vsiy\u0259\",\"X\u0259b\u0259rl\u0259r\"],\"inLanguage\":\"az\"},{\"@type\":\"WebPage\",\"@id\":\"https:\\\/\\\/www.meydan.tv\\\/az\\\/article\\\/hekim-onkoloji-xesteler-de-peyvendlenmelidir-ancaq\\\/\",\"url\":\"https:\\\/\\\/www.meydan.tv\\\/az\\\/article\\\/hekim-onkoloji-xesteler-de-peyvendlenmelidir-ancaq\\\/\",\"name\":\"H\u0259kim: \u201cOnkoloji x\u0259st\u0259l\u0259r d\u0259 peyv\u0259ndl\u0259nm\u0259lidir, ancaq...\u201d - MEYDAN.TV\",\"isPartOf\":{\"@id\":\"https:\\\/\\\/www.meydan.tv\\\/az\\\/#website\"},\"primaryImageOfPage\":{\"@id\":\"https:\\\/\\\/www.meydan.tv\\\/az\\\/article\\\/hekim-onkoloji-xesteler-de-peyvendlenmelidir-ancaq\\\/#primaryimage\"},\"image\":{\"@id\":\"https:\\\/\\\/www.meydan.tv\\\/az\\\/article\\\/hekim-onkoloji-xesteler-de-peyvendlenmelidir-ancaq\\\/#primaryimage\"},\"thumbnailUrl\":\"https:\\\/\\\/www.meydan.tv\\\/wp-content\\\/uploads\\\/shutterstock_789019747-e1644222015317.jpg\",\"datePublished\":\"2022-02-07T08:27:38+00:00\",\"dateModified\":\"2022-02-07T08:27:40+00:00\",\"breadcrumb\":{\"@id\":\"https:\\\/\\\/www.meydan.tv\\\/az\\\/article\\\/hekim-onkoloji-xesteler-de-peyvendlenmelidir-ancaq\\\/#breadcrumb\"},\"inLanguage\":\"az\",\"potentialAction\":[{\"@type\":\"ReadAction\",\"target\":[\"https:\\\/\\\/www.meydan.tv\\\/az\\\/article\\\/hekim-onkoloji-xesteler-de-peyvendlenmelidir-ancaq\\\/\"]}]},{\"@type\":\"ImageObject\",\"inLanguage\":\"az\",\"@id\":\"https:\\\/\\\/www.meydan.tv\\\/az\\\/article\\\/hekim-onkoloji-xesteler-de-peyvendlenmelidir-ancaq\\\/#primaryimage\",\"url\":\"https:\\\/\\\/www.meydan.tv\\\/wp-content\\\/uploads\\\/shutterstock_789019747-e1644222015317.jpg\",\"contentUrl\":\"https:\\\/\\\/www.meydan.tv\\\/wp-content\\\/uploads\\\/shutterstock_789019747-e1644222015317.jpg\",\"width\":1200,\"height\":756,\"caption\":\"Onkologiya, Foto: Oleg Ivanov IL\\\/shutterstock\"},{\"@type\":\"BreadcrumbList\",\"@id\":\"https:\\\/\\\/www.meydan.tv\\\/az\\\/article\\\/hekim-onkoloji-xesteler-de-peyvendlenmelidir-ancaq\\\/#breadcrumb\",\"itemListElement\":[{\"@type\":\"ListItem\",\"position\":1,\"name\":\"Ana s\u0259hif\u0259\",\"item\":\"https:\\\/\\\/www.meydan.tv\\\/az\\\/\"},{\"@type\":\"ListItem\",\"position\":2,\"name\":\"Sa\u011fl\u0131q\",\"item\":\"https:\\\/\\\/www.meydan.tv\\\/az\\\/section\\\/sagliq\\\/\"},{\"@type\":\"ListItem\",\"position\":3,\"name\":\"H\u0259kim: \u201cOnkoloji x\u0259st\u0259l\u0259r d\u0259 peyv\u0259ndl\u0259nm\u0259lidir, ancaq&#8230;\u201d\"}]},{\"@type\":\"WebSite\",\"@id\":\"https:\\\/\\\/www.meydan.tv\\\/az\\\/#website\",\"url\":\"https:\\\/\\\/www.meydan.tv\\\/az\\\/\",\"name\":\"MEYDAN.TV\",\"description\":\"Meydan TV Az\u0259rbaycan\u0131n media m\u0259kan\u0131ndak\u0131 alternativ s\u0259sidir\",\"publisher\":{\"@id\":\"https:\\\/\\\/www.meydan.tv\\\/az\\\/#organization\"},\"potentialAction\":[{\"@type\":\"SearchAction\",\"target\":{\"@type\":\"EntryPoint\",\"urlTemplate\":\"https:\\\/\\\/www.meydan.tv\\\/az\\\/?s={search_term_string}\"},\"query-input\":{\"@type\":\"PropertyValueSpecification\",\"valueRequired\":true,\"valueName\":\"search_term_string\"}}],\"inLanguage\":\"az\"},{\"@type\":\"Organization\",\"@id\":\"https:\\\/\\\/www.meydan.tv\\\/az\\\/#organization\",\"name\":\"Meydan TV\",\"url\":\"https:\\\/\\\/www.meydan.tv\\\/az\\\/\",\"logo\":{\"@type\":\"ImageObject\",\"inLanguage\":\"az\",\"@id\":\"https:\\\/\\\/www.meydan.tv\\\/az\\\/#\\\/schema\\\/logo\\\/image\\\/\",\"url\":\"https:\\\/\\\/www.meydan.tv\\\/wp-content\\\/uploads\\\/2021\\\/07\\\/meydan-logo.svg\",\"contentUrl\":\"https:\\\/\\\/www.meydan.tv\\\/wp-content\\\/uploads\\\/2021\\\/07\\\/meydan-logo.svg\",\"width\":195,\"height\":46,\"caption\":\"Meydan TV\"},\"image\":{\"@id\":\"https:\\\/\\\/www.meydan.tv\\\/az\\\/#\\\/schema\\\/logo\\\/image\\\/\"}},{\"@type\":\"Person\",\"@id\":\"https:\\\/\\\/www.meydan.tv\\\/az\\\/#\\\/schema\\\/person\\\/9cdbecf90d17180ce1dfbd95b08dcf47\",\"name\":\"elli\",\"sameAs\":[\"https:\\\/\\\/x.com\\\/elli\"]}]}<\/script>\n<!-- \/ Yoast SEO plugin. -->","yoast_head_json":{"title":"H\u0259kim: \u201cOnkoloji x\u0259st\u0259l\u0259r d\u0259 peyv\u0259ndl\u0259nm\u0259lidir, ancaq...\u201d - MEYDAN.TV","robots":{"index":"index","follow":"follow","max-snippet":"max-snippet:-1","max-image-preview":"max-image-preview:large","max-video-preview":"max-video-preview:-1"},"canonical":"https:\/\/www.meydan.tv\/az\/article\/hekim-onkoloji-xesteler-de-peyvendlenmelidir-ancaq\/","og_locale":"az_AZ","og_type":"article","og_title":"H\u0259kim: \u201cOnkoloji x\u0259st\u0259l\u0259r d\u0259 peyv\u0259ndl\u0259nm\u0259lidir, ancaq...\u201d - MEYDAN.TV","og_description":"\u201cOnkologiyadan da t\u0259hl\u00fck\u0259li x\u0259st\u0259likl\u0259r var d\u00fcnyada\u201d \u201c3 ildir onkoloji x\u0259st\u0259likd\u0259n ... Davam\u0131","og_url":"https:\/\/www.meydan.tv\/az\/article\/hekim-onkoloji-xesteler-de-peyvendlenmelidir-ancaq\/","og_site_name":"MEYDAN.TV","article_published_time":"2022-02-07T08:27:38+00:00","article_modified_time":"2022-02-07T08:27:40+00:00","og_image":[{"width":1200,"height":756,"url":"https:\/\/www.meydan.tv\/wp-content\/uploads\/shutterstock_789019747-e1644222015317.jpg","type":"image\/jpeg"}],"author":"elli","twitter_card":"summary_large_image","twitter_creator":"@elli","schema":{"@context":"https:\/\/schema.org","@graph":[{"@type":"Article","@id":"https:\/\/www.meydan.tv\/az\/article\/hekim-onkoloji-xesteler-de-peyvendlenmelidir-ancaq\/#article","isPartOf":{"@id":"https:\/\/www.meydan.tv\/az\/article\/hekim-onkoloji-xesteler-de-peyvendlenmelidir-ancaq\/"},"author":{"name":"elli","@id":"https:\/\/www.meydan.tv\/az\/#\/schema\/person\/9cdbecf90d17180ce1dfbd95b08dcf47"},"headline":"H\u0259kim: \u201cOnkoloji x\u0259st\u0259l\u0259r d\u0259 peyv\u0259ndl\u0259nm\u0259lidir, ancaq&#8230;\u201d","datePublished":"2022-02-07T08:27:38+00:00","dateModified":"2022-02-07T08:27:40+00:00","mainEntityOfPage":{"@id":"https:\/\/www.meydan.tv\/az\/article\/hekim-onkoloji-xesteler-de-peyvendlenmelidir-ancaq\/"},"wordCount":829,"publisher":{"@id":"https:\/\/www.meydan.tv\/az\/#organization"},"image":{"@id":"https:\/\/www.meydan.tv\/az\/article\/hekim-onkoloji-xesteler-de-peyvendlenmelidir-ancaq\/#primaryimage"},"thumbnailUrl":"https:\/\/www.meydan.tv\/wp-content\/uploads\/shutterstock_789019747-e1644222015317.jpg","articleSection":["Sa\u011fl\u0131q","T\u00f6vsiy\u0259","X\u0259b\u0259rl\u0259r"],"inLanguage":"az"},{"@type":"WebPage","@id":"https:\/\/www.meydan.tv\/az\/article\/hekim-onkoloji-xesteler-de-peyvendlenmelidir-ancaq\/","url":"https:\/\/www.meydan.tv\/az\/article\/hekim-onkoloji-xesteler-de-peyvendlenmelidir-ancaq\/","name":"H\u0259kim: \u201cOnkoloji x\u0259st\u0259l\u0259r d\u0259 peyv\u0259ndl\u0259nm\u0259lidir, ancaq...\u201d - MEYDAN.TV","isPartOf":{"@id":"https:\/\/www.meydan.tv\/az\/#website"},"primaryImageOfPage":{"@id":"https:\/\/www.meydan.tv\/az\/article\/hekim-onkoloji-xesteler-de-peyvendlenmelidir-ancaq\/#primaryimage"},"image":{"@id":"https:\/\/www.meydan.tv\/az\/article\/hekim-onkoloji-xesteler-de-peyvendlenmelidir-ancaq\/#primaryimage"},"thumbnailUrl":"https:\/\/www.meydan.tv\/wp-content\/uploads\/shutterstock_789019747-e1644222015317.jpg","datePublished":"2022-02-07T08:27:38+00:00","dateModified":"2022-02-07T08:27:40+00:00","breadcrumb":{"@id":"https:\/\/www.meydan.tv\/az\/article\/hekim-onkoloji-xesteler-de-peyvendlenmelidir-ancaq\/#breadcrumb"},"inLanguage":"az","potentialAction":[{"@type":"ReadAction","target":["https:\/\/www.meydan.tv\/az\/article\/hekim-onkoloji-xesteler-de-peyvendlenmelidir-ancaq\/"]}]},{"@type":"ImageObject","inLanguage":"az","@id":"https:\/\/www.meydan.tv\/az\/article\/hekim-onkoloji-xesteler-de-peyvendlenmelidir-ancaq\/#primaryimage","url":"https:\/\/www.meydan.tv\/wp-content\/uploads\/shutterstock_789019747-e1644222015317.jpg","contentUrl":"https:\/\/www.meydan.tv\/wp-content\/uploads\/shutterstock_789019747-e1644222015317.jpg","width":1200,"height":756,"caption":"Onkologiya, Foto: Oleg Ivanov IL\/shutterstock"},{"@type":"BreadcrumbList","@id":"https:\/\/www.meydan.tv\/az\/article\/hekim-onkoloji-xesteler-de-peyvendlenmelidir-ancaq\/#breadcrumb","itemListElement":[{"@type":"ListItem","position":1,"name":"Ana s\u0259hif\u0259","item":"https:\/\/www.meydan.tv\/az\/"},{"@type":"ListItem","position":2,"name":"Sa\u011fl\u0131q","item":"https:\/\/www.meydan.tv\/az\/section\/sagliq\/"},{"@type":"ListItem","position":3,"name":"H\u0259kim: \u201cOnkoloji x\u0259st\u0259l\u0259r d\u0259 peyv\u0259ndl\u0259nm\u0259lidir, ancaq&#8230;\u201d"}]},{"@type":"WebSite","@id":"https:\/\/www.meydan.tv\/az\/#website","url":"https:\/\/www.meydan.tv\/az\/","name":"MEYDAN.TV","description":"Meydan TV Az\u0259rbaycan\u0131n media m\u0259kan\u0131ndak\u0131 alternativ s\u0259sidir","publisher":{"@id":"https:\/\/www.meydan.tv\/az\/#organization"},"potentialAction":[{"@type":"SearchAction","target":{"@type":"EntryPoint","urlTemplate":"https:\/\/www.meydan.tv\/az\/?s={search_term_string}"},"query-input":{"@type":"PropertyValueSpecification","valueRequired":true,"valueName":"search_term_string"}}],"inLanguage":"az"},{"@type":"Organization","@id":"https:\/\/www.meydan.tv\/az\/#organization","name":"Meydan TV","url":"https:\/\/www.meydan.tv\/az\/","logo":{"@type":"ImageObject","inLanguage":"az","@id":"https:\/\/www.meydan.tv\/az\/#\/schema\/logo\/image\/","url":"https:\/\/www.meydan.tv\/wp-content\/uploads\/2021\/07\/meydan-logo.svg","contentUrl":"https:\/\/www.meydan.tv\/wp-content\/uploads\/2021\/07\/meydan-logo.svg","width":195,"height":46,"caption":"Meydan TV"},"image":{"@id":"https:\/\/www.meydan.tv\/az\/#\/schema\/logo\/image\/"}},{"@type":"Person","@id":"https:\/\/www.meydan.tv\/az\/#\/schema\/person\/9cdbecf90d17180ce1dfbd95b08dcf47","name":"elli","sameAs":["https:\/\/x.com\/elli"]}]}},"_links":{"self":[{"href":"https:\/\/www.meydan.tv\/az\/wp-json\/wp\/v2\/posts\/233891","targetHints":{"allow":["GET"]}}],"collection":[{"href":"https:\/\/www.meydan.tv\/az\/wp-json\/wp\/v2\/posts"}],"about":[{"href":"https:\/\/www.meydan.tv\/az\/wp-json\/wp\/v2\/types\/post"}],"author":[{"embeddable":true,"href":"https:\/\/www.meydan.tv\/az\/wp-json\/wp\/v2\/users\/8"}],"replies":[{"embeddable":true,"href":"https:\/\/www.meydan.tv\/az\/wp-json\/wp\/v2\/comments?post=233891"}],"version-history":[{"count":1,"href":"https:\/\/www.meydan.tv\/az\/wp-json\/wp\/v2\/posts\/233891\/revisions"}],"predecessor-version":[{"id":233895,"href":"https:\/\/www.meydan.tv\/az\/wp-json\/wp\/v2\/posts\/233891\/revisions\/233895"}],"wp:featuredmedia":[{"embeddable":true,"href":"https:\/\/www.meydan.tv\/az\/wp-json\/wp\/v2\/media\/233885"}],"wp:attachment":[{"href":"https:\/\/www.meydan.tv\/az\/wp-json\/wp\/v2\/media?parent=233891"}],"wp:term":[{"taxonomy":"category","embeddable":true,"href":"https:\/\/www.meydan.tv\/az\/wp-json\/wp\/v2\/categories?post=233891"},{"taxonomy":"post_tag","embeddable":true,"href":"https:\/\/www.meydan.tv\/az\/wp-json\/wp\/v2\/tags?post=233891"}],"curies":[{"name":"wp","href":"https:\/\/api.w.org\/{rel}","templated":true}]}}