{"id":233756,"date":"2022-02-04T11:50:42","date_gmt":"2022-02-04T07:50:42","guid":{"rendered":"https:\/\/www.meydan.tv\/?p=233756"},"modified":"2022-02-04T11:50:42","modified_gmt":"2022-02-04T07:50:42","slug":"avropa-ittifaqindan-eli-eliyevin-hebsine-reaksiya","status":"publish","type":"post","link":"https:\/\/www.meydan.tv\/az\/article\/avropa-ittifaqindan-eli-eliyevin-hebsine-reaksiya\/","title":{"rendered":"Avropa \u0130ttifaq\u0131ndan \u018fli \u018fliyevin h\u0259bsin\u0259 reaksiya"},"content":{"rendered":"\n<p><em>Partiya s\u0259drinin h\u0259bsinin n\u0259zar\u0259td\u0259 saxlan\u0131ld\u0131\u011f\u0131 bildirilir<\/em><\/p>\n\n\n\n<p>Avropa \u0130ttifaq\u0131 V\u0259t\u0259nda\u015f v\u0259 \u0130nki\u015faf Partiyas\u0131n\u0131n s\u0259dri \u018fli \u018fliyevin H\u00fcquqlar\u0131n\u0131 M\u00fcdafi\u0259 Komit\u0259sinin 31 yanvar m\u00fcraci\u0259tin\u0259 cavab verib.<\/p>\n\n\n\n<p>Avropa \u0130ttifaq\u0131n\u0131n &#8220;\u015e\u0259rq t\u0259r\u0259fda\u015fl\u0131\u011f\u0131&#8221; proqram\u0131n\u0131n koordinatoru Ri\u00e7ard Tibbetsin imzas\u0131yla Komit\u0259y\u0259 m\u0259ktub g\u00f6nd\u0259rilib.<\/p>\n\n\n\n<p>Bildirilir ki, \u018fli \u018fliyevin h\u0259bsi Avropa Komissiyas\u0131n\u0131n Prezidenti Ursula fon der Lyaenin, Avropa \u0130ttifaq\u0131 \u015euras\u0131n\u0131n s\u0259dri \u015earl Mi\u015felin v\u0259 Avropa \u0130ttifaq\u0131n\u0131n xarici i\u015fl\u0259r v\u0259 t\u0259hl\u00fck\u0259sizlik siyas\u0259ti \u00fczr\u0259 ali n\u00fcmay\u0259nd\u0259si Jozep Borrelin n\u0259zar\u0259tind\u0259dir.<\/p>\n\n\n\n<p>Bu bar\u0259d\u0259 &#8220;Turan&#8221; m\u0259lumat yay\u0131b.<\/p>\n\n\n\n<p>Cavabda h\u0259m\u00e7inin Avropa \u0130ttifaq\u0131n\u0131n Bak\u0131 n\u00fcmay\u0259nd\u0259liyinin partiya s\u0259drinin h\u0259bsiyl\u0259 ba\u011fl\u0131 gedi\u015fat\u0131 izl\u0259diyini v\u0259 bunu Az\u0259rbaycan hakimiyy\u0259tinin diqq\u0259tin\u0259 \u00e7atd\u0131rd\u0131\u011f\u0131 vur\u011fulan\u0131b.<\/p>\n\n\n\n<p>V\u0259t\u0259nda\u015f v\u0259 \u0130nki\u015faf Partiyas\u0131n\u0131n s\u0259dri \u018fli \u018fliyevin H\u00fcquqlar\u0131n\u0131 M\u00fcdafi\u0259 Komit\u0259si yanvar\u0131n 31-d\u0259 AB\u015e D\u00f6vl\u0259t Departamenti, Avropa \u015euras\u0131, Avropa Parlamenti, Avropa \u0130ttifaq\u0131 \u015euras\u0131, Avropa Komissiyas\u0131, Beyn\u0259lxalq Amnistiya T\u0259\u015fkilat\u0131, \u201cHuman Rights Watch\u201d Beyn\u0259lxalq h\u00fcquq m\u00fcdafi\u0259 t\u0259\u015fkilat\u0131 v\u0259 Norve\u00e7 Krall\u0131\u011f\u0131n\u0131n \u201c\u0130nsan H\u00fcquqlar\u0131 Evi\u201d Fondundan partiya s\u0259drinin h\u0259bsini diqq\u0259td\u0259 saxlamaqla ba\u011fl\u0131 m\u00fcraci\u0259t <a href=\"https:\/\/www.meydan.tv\/az\/article\/eli-eliyevle-bagli-beynexalq-teskilatlara-muraciet-edildi\/\">\u00fcnvanlam\u0131\u015fd\u0131<\/a>.<\/p>\n\n\n\n<div class=\"wp-block-image\"><figure class=\"alignright size-large is-resized\"><img decoding=\"async\" data-src=\"https:\/\/www.meydan.tv\/wp-content\/uploads\/untitled-design-1-3-1048x821.png\" alt=\"\" class=\"wp-image-231664 lazyload\" width=\"362\" height=\"283\" src=\"data:image\/svg+xml;base64,PHN2ZyB3aWR0aD0iMSIgaGVpZ2h0PSIxIiB4bWxucz0iaHR0cDovL3d3dy53My5vcmcvMjAwMC9zdmciPjwvc3ZnPg==\" style=\"--smush-placeholder-width: 362px; --smush-placeholder-aspect-ratio: 362\/283;\" \/><figcaption>V\u0130P s\u0259dri \u018fli \u018fliyev<\/figcaption><\/figure><\/div>\n\n\n\n<p>Komit\u0259 m\u00fcxalif m\u00f6vqeyi il\u0259 f\u0259rql\u0259n\u0259n partiya s\u0259drinin qanuni \u0259sas olmadan azadl\u0131qdan m\u0259hrum edilm\u0259sini hakimin h\u00fcquqi irad\u0259sin\u0259 s\u00f6yk\u0259n\u0259n q\u0259rar \u0259sas\u0131nda deyil, birba\u015fa d\u00f6vl\u0259t ba\u015f\u00e7\u0131s\u0131 \u0130lham \u018fliyevin siyasi akt\u0131 il\u0259 m\u00fcmk\u00fcn oldu\u011funu iddia edib: &#8220;\u00c7\u00fcnki Az\u0259rbaycanda hakimiyy\u0259tl\u0259r aras\u0131nda balans\u0131n qorunmad\u0131\u011f\u0131, qanunverici v\u0259 m\u0259hk\u0259m\u0259 hakimiyy\u0259tinin ali icra hakimiyy\u0259tind\u0259n as\u0131l\u0131 oldu\u011fu, qanunun \u00fcst\u00fcnl\u00fcy\u00fcn\u00fcn r\u0259smi h\u00fcquq siyas\u0259ti t\u0259r\u0259find\u0259n iqnor edildiyi sirr deyil. \u0130nan\u0131r\u0131q ki, \u018fli \u018fliyevin ehtimallar \u00fcz\u0259rind\u0259 qurdu\u011fu s\u00f6z\u00fcged\u0259n nitqi s\u00f6z v\u0259 fikir azadl\u0131\u011f\u0131na \u0259saslan\u0131r, milli v\u0259 beyn\u0259lxalq qanunvericiliyin t\u0259l\u0259bl\u0259rin\u0259 uy\u011fundur&#8221;.<\/p>\n\n\n\n<p>Yanvar\u0131n 13-d\u0259 Yasamal Rayon M\u0259hk\u0259m\u0259sind\u0259 V\u0259t\u0259nda\u015f v\u0259 \u0130nki\u015faf Partiyas\u0131n\u0131n (V\u0130P) s\u0259dri \u018fli \u018fliyev\u0259 h\u00f6km oxunub.<\/p>\n\n\n\n<p>Partiya s\u0259dri Cinay\u0259t M\u0259c\u0259ll\u0259sinin 147.1 (b\u00f6htan) madd\u0259sil\u0259 5 ay azadl\u0131qdan m\u0259hrum edilib.<\/p>\n\n\n\n<p>\u018fli \u018fliyev noyabr\u0131n 30-da X\u0131z\u0131da \u2013 Qaraheyb\u0259t poliqonunda q\u0259zaya u\u011fram\u0131\u015f helikopterd\u0259n sa\u011f \u00e7\u0131xan D\u00f6vl\u0259t S\u0259rh\u0259d Xidm\u0259tinin X\u00fcsusi Hava \u018fm\u0259liyyatlar\u0131 Q\u00fcvv\u0259l\u0259ri q\u0259rargah\u0131n\u0131n taktiki haz\u0131rl\u0131q v\u0259 hava at\u0259\u015fi \u00fczr\u0259 ba\u015f zabiti, polkovnik Emil C\u0259f\u0259rovun \u015fikay\u0259ti \u0259sas\u0131nda <a href=\"https:\/\/www.meydan.tv\/az\/article\/eli-eliyev-hebs-olundu\/\" target=\"_blank\" rel=\"noreferrer noopener\">c\u0259zaland\u0131r\u0131l\u0131b<\/a>.<\/p>\n\n\n\n<p>\u018fli \u018fliyev \u00e7\u0131x\u0131\u015f\u0131nda q\u0259zadan sa\u011f \u00e7\u0131xan iki pilotun hadis\u0259 yerind\u0259 olmad\u0131\u011f\u0131n\u0131 ehtimal etmi\u015fdi.<\/p>\n","protected":false},"excerpt":{"rendered":"<p>Partiya s\u0259drinin h\u0259bsinin n\u0259zar\u0259td\u0259 saxlan\u0131ld\u0131\u011f\u0131 bildirilir Avropa \u0130ttifaq\u0131 V\u0259t\u0259nda\u015f v\u0259 &#8230; <\/p>\n<p class=\"read-more-container\"><a title=\"Avropa \u0130ttifaq\u0131ndan \u018fli \u018fliyevin h\u0259bsin\u0259 reaksiya\" class=\"read-more button\" href=\"https:\/\/www.meydan.tv\/az\/article\/avropa-ittifaqindan-eli-eliyevin-hebsine-reaksiya\/#more-233756\" aria-label=\"Read more about Avropa \u0130ttifaq\u0131ndan \u018fli \u018fliyevin h\u0259bsin\u0259 reaksiya\">Davam\u0131<\/a><\/p>\n","protected":false},"author":8,"featured_media":233753,"comment_status":"closed","ping_status":"closed","sticky":false,"template":"","format":"standard","meta":{"_acf_changed":false,"_sitemap_exclude":false,"_sitemap_priority":"","_sitemap_frequency":"","footnotes":""},"categories":[59,79,56],"tags":[],"class_list":["post-233756","post","type-post","status-publish","format-standard","has-post-thumbnail","hentry","category-siyaset","category-featured","category-xeberler","infinite-scroll-item","generate-columns","tablet-grid-50","mobile-grid-100","grid-parent","grid-33","no-featured-image-padding"],"acf":[],"yoast_head":"<!-- This site is optimized with the Yoast SEO plugin v27.4 - https:\/\/yoast.com\/product\/yoast-seo-wordpress\/ -->\n<title>Avropa \u0130ttifaq\u0131ndan \u018fli \u018fliyevin h\u0259bsin\u0259 reaksiya - MEYDAN.TV<\/title>\n<meta name=\"robots\" content=\"index, follow, max-snippet:-1, max-image-preview:large, max-video-preview:-1\" \/>\n<link rel=\"canonical\" href=\"https:\/\/www.meydan.tv\/az\/article\/avropa-ittifaqindan-eli-eliyevin-hebsine-reaksiya\/\" \/>\n<meta property=\"og:locale\" content=\"az_AZ\" \/>\n<meta property=\"og:type\" content=\"article\" \/>\n<meta property=\"og:title\" content=\"Avropa \u0130ttifaq\u0131ndan \u018fli \u018fliyevin h\u0259bsin\u0259 reaksiya - MEYDAN.TV\" \/>\n<meta property=\"og:description\" content=\"Partiya s\u0259drinin h\u0259bsinin n\u0259zar\u0259td\u0259 saxlan\u0131ld\u0131\u011f\u0131 bildirilir Avropa \u0130ttifaq\u0131 V\u0259t\u0259nda\u015f v\u0259 ... Davam\u0131\" \/>\n<meta property=\"og:url\" content=\"https:\/\/www.meydan.tv\/az\/article\/avropa-ittifaqindan-eli-eliyevin-hebsine-reaksiya\/\" \/>\n<meta property=\"og:site_name\" content=\"MEYDAN.TV\" \/>\n<meta property=\"article:published_time\" content=\"2022-02-04T07:50:42+00:00\" \/>\n<meta property=\"og:image\" content=\"https:\/\/www.meydan.tv\/wp-content\/uploads\/shutterstock_1122719429-e1643960172145.jpg\" \/>\n\t<meta property=\"og:image:width\" content=\"1200\" \/>\n\t<meta property=\"og:image:height\" content=\"693\" \/>\n\t<meta property=\"og:image:type\" content=\"image\/jpeg\" \/>\n<meta name=\"author\" content=\"elli\" \/>\n<meta name=\"twitter:card\" content=\"summary_large_image\" \/>\n<meta name=\"twitter:creator\" content=\"@elli\" \/>\n<script type=\"application\/ld+json\" class=\"yoast-schema-graph\">{\"@context\":\"https:\\\/\\\/schema.org\",\"@graph\":[{\"@type\":\"Article\",\"@id\":\"https:\\\/\\\/www.meydan.tv\\\/az\\\/article\\\/avropa-ittifaqindan-eli-eliyevin-hebsine-reaksiya\\\/#article\",\"isPartOf\":{\"@id\":\"https:\\\/\\\/www.meydan.tv\\\/az\\\/article\\\/avropa-ittifaqindan-eli-eliyevin-hebsine-reaksiya\\\/\"},\"author\":{\"name\":\"elli\",\"@id\":\"https:\\\/\\\/www.meydan.tv\\\/az\\\/#\\\/schema\\\/person\\\/9cdbecf90d17180ce1dfbd95b08dcf47\"},\"headline\":\"Avropa \u0130ttifaq\u0131ndan \u018fli \u018fliyevin h\u0259bsin\u0259 reaksiya\",\"datePublished\":\"2022-02-04T07:50:42+00:00\",\"mainEntityOfPage\":{\"@id\":\"https:\\\/\\\/www.meydan.tv\\\/az\\\/article\\\/avropa-ittifaqindan-eli-eliyevin-hebsine-reaksiya\\\/\"},\"wordCount\":519,\"publisher\":{\"@id\":\"https:\\\/\\\/www.meydan.tv\\\/az\\\/#organization\"},\"image\":{\"@id\":\"https:\\\/\\\/www.meydan.tv\\\/az\\\/article\\\/avropa-ittifaqindan-eli-eliyevin-hebsine-reaksiya\\\/#primaryimage\"},\"thumbnailUrl\":\"https:\\\/\\\/www.meydan.tv\\\/wp-content\\\/uploads\\\/shutterstock_1122719429-e1643960172145.jpg\",\"articleSection\":[\"Siyas\u0259t\",\"T\u00f6vsiy\u0259\",\"X\u0259b\u0259rl\u0259r\"],\"inLanguage\":\"az\"},{\"@type\":\"WebPage\",\"@id\":\"https:\\\/\\\/www.meydan.tv\\\/az\\\/article\\\/avropa-ittifaqindan-eli-eliyevin-hebsine-reaksiya\\\/\",\"url\":\"https:\\\/\\\/www.meydan.tv\\\/az\\\/article\\\/avropa-ittifaqindan-eli-eliyevin-hebsine-reaksiya\\\/\",\"name\":\"Avropa \u0130ttifaq\u0131ndan \u018fli \u018fliyevin h\u0259bsin\u0259 reaksiya - MEYDAN.TV\",\"isPartOf\":{\"@id\":\"https:\\\/\\\/www.meydan.tv\\\/az\\\/#website\"},\"primaryImageOfPage\":{\"@id\":\"https:\\\/\\\/www.meydan.tv\\\/az\\\/article\\\/avropa-ittifaqindan-eli-eliyevin-hebsine-reaksiya\\\/#primaryimage\"},\"image\":{\"@id\":\"https:\\\/\\\/www.meydan.tv\\\/az\\\/article\\\/avropa-ittifaqindan-eli-eliyevin-hebsine-reaksiya\\\/#primaryimage\"},\"thumbnailUrl\":\"https:\\\/\\\/www.meydan.tv\\\/wp-content\\\/uploads\\\/shutterstock_1122719429-e1643960172145.jpg\",\"datePublished\":\"2022-02-04T07:50:42+00:00\",\"breadcrumb\":{\"@id\":\"https:\\\/\\\/www.meydan.tv\\\/az\\\/article\\\/avropa-ittifaqindan-eli-eliyevin-hebsine-reaksiya\\\/#breadcrumb\"},\"inLanguage\":\"az\",\"potentialAction\":[{\"@type\":\"ReadAction\",\"target\":[\"https:\\\/\\\/www.meydan.tv\\\/az\\\/article\\\/avropa-ittifaqindan-eli-eliyevin-hebsine-reaksiya\\\/\"]}]},{\"@type\":\"ImageObject\",\"inLanguage\":\"az\",\"@id\":\"https:\\\/\\\/www.meydan.tv\\\/az\\\/article\\\/avropa-ittifaqindan-eli-eliyevin-hebsine-reaksiya\\\/#primaryimage\",\"url\":\"https:\\\/\\\/www.meydan.tv\\\/wp-content\\\/uploads\\\/shutterstock_1122719429-e1643960172145.jpg\",\"contentUrl\":\"https:\\\/\\\/www.meydan.tv\\\/wp-content\\\/uploads\\\/shutterstock_1122719429-e1643960172145.jpg\",\"width\":1200,\"height\":693,\"caption\":\"Avropa \u0130ttifaq\u0131, Foto: Alexandros Michailidis\\\/shutterstock\"},{\"@type\":\"BreadcrumbList\",\"@id\":\"https:\\\/\\\/www.meydan.tv\\\/az\\\/article\\\/avropa-ittifaqindan-eli-eliyevin-hebsine-reaksiya\\\/#breadcrumb\",\"itemListElement\":[{\"@type\":\"ListItem\",\"position\":1,\"name\":\"Ana s\u0259hif\u0259\",\"item\":\"https:\\\/\\\/www.meydan.tv\\\/az\\\/\"},{\"@type\":\"ListItem\",\"position\":2,\"name\":\"Siyas\u0259t\",\"item\":\"https:\\\/\\\/www.meydan.tv\\\/az\\\/section\\\/siyaset\\\/\"},{\"@type\":\"ListItem\",\"position\":3,\"name\":\"Avropa \u0130ttifaq\u0131ndan \u018fli \u018fliyevin h\u0259bsin\u0259 reaksiya\"}]},{\"@type\":\"WebSite\",\"@id\":\"https:\\\/\\\/www.meydan.tv\\\/az\\\/#website\",\"url\":\"https:\\\/\\\/www.meydan.tv\\\/az\\\/\",\"name\":\"MEYDAN.TV\",\"description\":\"Meydan TV Az\u0259rbaycan\u0131n media m\u0259kan\u0131ndak\u0131 alternativ s\u0259sidir\",\"publisher\":{\"@id\":\"https:\\\/\\\/www.meydan.tv\\\/az\\\/#organization\"},\"potentialAction\":[{\"@type\":\"SearchAction\",\"target\":{\"@type\":\"EntryPoint\",\"urlTemplate\":\"https:\\\/\\\/www.meydan.tv\\\/az\\\/?s={search_term_string}\"},\"query-input\":{\"@type\":\"PropertyValueSpecification\",\"valueRequired\":true,\"valueName\":\"search_term_string\"}}],\"inLanguage\":\"az\"},{\"@type\":\"Organization\",\"@id\":\"https:\\\/\\\/www.meydan.tv\\\/az\\\/#organization\",\"name\":\"Meydan TV\",\"url\":\"https:\\\/\\\/www.meydan.tv\\\/az\\\/\",\"logo\":{\"@type\":\"ImageObject\",\"inLanguage\":\"az\",\"@id\":\"https:\\\/\\\/www.meydan.tv\\\/az\\\/#\\\/schema\\\/logo\\\/image\\\/\",\"url\":\"https:\\\/\\\/www.meydan.tv\\\/wp-content\\\/uploads\\\/2021\\\/07\\\/meydan-logo.svg\",\"contentUrl\":\"https:\\\/\\\/www.meydan.tv\\\/wp-content\\\/uploads\\\/2021\\\/07\\\/meydan-logo.svg\",\"width\":195,\"height\":46,\"caption\":\"Meydan TV\"},\"image\":{\"@id\":\"https:\\\/\\\/www.meydan.tv\\\/az\\\/#\\\/schema\\\/logo\\\/image\\\/\"}},{\"@type\":\"Person\",\"@id\":\"https:\\\/\\\/www.meydan.tv\\\/az\\\/#\\\/schema\\\/person\\\/9cdbecf90d17180ce1dfbd95b08dcf47\",\"name\":\"elli\",\"sameAs\":[\"https:\\\/\\\/x.com\\\/elli\"]}]}<\/script>\n<!-- \/ Yoast SEO plugin. -->","yoast_head_json":{"title":"Avropa \u0130ttifaq\u0131ndan \u018fli \u018fliyevin h\u0259bsin\u0259 reaksiya - MEYDAN.TV","robots":{"index":"index","follow":"follow","max-snippet":"max-snippet:-1","max-image-preview":"max-image-preview:large","max-video-preview":"max-video-preview:-1"},"canonical":"https:\/\/www.meydan.tv\/az\/article\/avropa-ittifaqindan-eli-eliyevin-hebsine-reaksiya\/","og_locale":"az_AZ","og_type":"article","og_title":"Avropa \u0130ttifaq\u0131ndan \u018fli \u018fliyevin h\u0259bsin\u0259 reaksiya - MEYDAN.TV","og_description":"Partiya s\u0259drinin h\u0259bsinin n\u0259zar\u0259td\u0259 saxlan\u0131ld\u0131\u011f\u0131 bildirilir Avropa \u0130ttifaq\u0131 V\u0259t\u0259nda\u015f v\u0259 ... Davam\u0131","og_url":"https:\/\/www.meydan.tv\/az\/article\/avropa-ittifaqindan-eli-eliyevin-hebsine-reaksiya\/","og_site_name":"MEYDAN.TV","article_published_time":"2022-02-04T07:50:42+00:00","og_image":[{"width":1200,"height":693,"url":"https:\/\/www.meydan.tv\/wp-content\/uploads\/shutterstock_1122719429-e1643960172145.jpg","type":"image\/jpeg"}],"author":"elli","twitter_card":"summary_large_image","twitter_creator":"@elli","schema":{"@context":"https:\/\/schema.org","@graph":[{"@type":"Article","@id":"https:\/\/www.meydan.tv\/az\/article\/avropa-ittifaqindan-eli-eliyevin-hebsine-reaksiya\/#article","isPartOf":{"@id":"https:\/\/www.meydan.tv\/az\/article\/avropa-ittifaqindan-eli-eliyevin-hebsine-reaksiya\/"},"author":{"name":"elli","@id":"https:\/\/www.meydan.tv\/az\/#\/schema\/person\/9cdbecf90d17180ce1dfbd95b08dcf47"},"headline":"Avropa \u0130ttifaq\u0131ndan \u018fli \u018fliyevin h\u0259bsin\u0259 reaksiya","datePublished":"2022-02-04T07:50:42+00:00","mainEntityOfPage":{"@id":"https:\/\/www.meydan.tv\/az\/article\/avropa-ittifaqindan-eli-eliyevin-hebsine-reaksiya\/"},"wordCount":519,"publisher":{"@id":"https:\/\/www.meydan.tv\/az\/#organization"},"image":{"@id":"https:\/\/www.meydan.tv\/az\/article\/avropa-ittifaqindan-eli-eliyevin-hebsine-reaksiya\/#primaryimage"},"thumbnailUrl":"https:\/\/www.meydan.tv\/wp-content\/uploads\/shutterstock_1122719429-e1643960172145.jpg","articleSection":["Siyas\u0259t","T\u00f6vsiy\u0259","X\u0259b\u0259rl\u0259r"],"inLanguage":"az"},{"@type":"WebPage","@id":"https:\/\/www.meydan.tv\/az\/article\/avropa-ittifaqindan-eli-eliyevin-hebsine-reaksiya\/","url":"https:\/\/www.meydan.tv\/az\/article\/avropa-ittifaqindan-eli-eliyevin-hebsine-reaksiya\/","name":"Avropa \u0130ttifaq\u0131ndan \u018fli \u018fliyevin h\u0259bsin\u0259 reaksiya - MEYDAN.TV","isPartOf":{"@id":"https:\/\/www.meydan.tv\/az\/#website"},"primaryImageOfPage":{"@id":"https:\/\/www.meydan.tv\/az\/article\/avropa-ittifaqindan-eli-eliyevin-hebsine-reaksiya\/#primaryimage"},"image":{"@id":"https:\/\/www.meydan.tv\/az\/article\/avropa-ittifaqindan-eli-eliyevin-hebsine-reaksiya\/#primaryimage"},"thumbnailUrl":"https:\/\/www.meydan.tv\/wp-content\/uploads\/shutterstock_1122719429-e1643960172145.jpg","datePublished":"2022-02-04T07:50:42+00:00","breadcrumb":{"@id":"https:\/\/www.meydan.tv\/az\/article\/avropa-ittifaqindan-eli-eliyevin-hebsine-reaksiya\/#breadcrumb"},"inLanguage":"az","potentialAction":[{"@type":"ReadAction","target":["https:\/\/www.meydan.tv\/az\/article\/avropa-ittifaqindan-eli-eliyevin-hebsine-reaksiya\/"]}]},{"@type":"ImageObject","inLanguage":"az","@id":"https:\/\/www.meydan.tv\/az\/article\/avropa-ittifaqindan-eli-eliyevin-hebsine-reaksiya\/#primaryimage","url":"https:\/\/www.meydan.tv\/wp-content\/uploads\/shutterstock_1122719429-e1643960172145.jpg","contentUrl":"https:\/\/www.meydan.tv\/wp-content\/uploads\/shutterstock_1122719429-e1643960172145.jpg","width":1200,"height":693,"caption":"Avropa \u0130ttifaq\u0131, Foto: Alexandros Michailidis\/shutterstock"},{"@type":"BreadcrumbList","@id":"https:\/\/www.meydan.tv\/az\/article\/avropa-ittifaqindan-eli-eliyevin-hebsine-reaksiya\/#breadcrumb","itemListElement":[{"@type":"ListItem","position":1,"name":"Ana s\u0259hif\u0259","item":"https:\/\/www.meydan.tv\/az\/"},{"@type":"ListItem","position":2,"name":"Siyas\u0259t","item":"https:\/\/www.meydan.tv\/az\/section\/siyaset\/"},{"@type":"ListItem","position":3,"name":"Avropa \u0130ttifaq\u0131ndan \u018fli \u018fliyevin h\u0259bsin\u0259 reaksiya"}]},{"@type":"WebSite","@id":"https:\/\/www.meydan.tv\/az\/#website","url":"https:\/\/www.meydan.tv\/az\/","name":"MEYDAN.TV","description":"Meydan TV Az\u0259rbaycan\u0131n media m\u0259kan\u0131ndak\u0131 alternativ s\u0259sidir","publisher":{"@id":"https:\/\/www.meydan.tv\/az\/#organization"},"potentialAction":[{"@type":"SearchAction","target":{"@type":"EntryPoint","urlTemplate":"https:\/\/www.meydan.tv\/az\/?s={search_term_string}"},"query-input":{"@type":"PropertyValueSpecification","valueRequired":true,"valueName":"search_term_string"}}],"inLanguage":"az"},{"@type":"Organization","@id":"https:\/\/www.meydan.tv\/az\/#organization","name":"Meydan TV","url":"https:\/\/www.meydan.tv\/az\/","logo":{"@type":"ImageObject","inLanguage":"az","@id":"https:\/\/www.meydan.tv\/az\/#\/schema\/logo\/image\/","url":"https:\/\/www.meydan.tv\/wp-content\/uploads\/2021\/07\/meydan-logo.svg","contentUrl":"https:\/\/www.meydan.tv\/wp-content\/uploads\/2021\/07\/meydan-logo.svg","width":195,"height":46,"caption":"Meydan TV"},"image":{"@id":"https:\/\/www.meydan.tv\/az\/#\/schema\/logo\/image\/"}},{"@type":"Person","@id":"https:\/\/www.meydan.tv\/az\/#\/schema\/person\/9cdbecf90d17180ce1dfbd95b08dcf47","name":"elli","sameAs":["https:\/\/x.com\/elli"]}]}},"_links":{"self":[{"href":"https:\/\/www.meydan.tv\/az\/wp-json\/wp\/v2\/posts\/233756","targetHints":{"allow":["GET"]}}],"collection":[{"href":"https:\/\/www.meydan.tv\/az\/wp-json\/wp\/v2\/posts"}],"about":[{"href":"https:\/\/www.meydan.tv\/az\/wp-json\/wp\/v2\/types\/post"}],"author":[{"embeddable":true,"href":"https:\/\/www.meydan.tv\/az\/wp-json\/wp\/v2\/users\/8"}],"replies":[{"embeddable":true,"href":"https:\/\/www.meydan.tv\/az\/wp-json\/wp\/v2\/comments?post=233756"}],"version-history":[{"count":4,"href":"https:\/\/www.meydan.tv\/az\/wp-json\/wp\/v2\/posts\/233756\/revisions"}],"predecessor-version":[{"id":233760,"href":"https:\/\/www.meydan.tv\/az\/wp-json\/wp\/v2\/posts\/233756\/revisions\/233760"}],"wp:featuredmedia":[{"embeddable":true,"href":"https:\/\/www.meydan.tv\/az\/wp-json\/wp\/v2\/media\/233753"}],"wp:attachment":[{"href":"https:\/\/www.meydan.tv\/az\/wp-json\/wp\/v2\/media?parent=233756"}],"wp:term":[{"taxonomy":"category","embeddable":true,"href":"https:\/\/www.meydan.tv\/az\/wp-json\/wp\/v2\/categories?post=233756"},{"taxonomy":"post_tag","embeddable":true,"href":"https:\/\/www.meydan.tv\/az\/wp-json\/wp\/v2\/tags?post=233756"}],"curies":[{"name":"wp","href":"https:\/\/api.w.org\/{rel}","templated":true}]}}