{"id":233727,"date":"2022-02-03T18:19:07","date_gmt":"2022-02-03T14:19:07","guid":{"rendered":"https:\/\/www.meydan.tv\/?p=233727"},"modified":"2022-02-03T18:19:09","modified_gmt":"2022-02-03T14:19:09","slug":"utancaq-qiz-iranda-teqdim-edilecek","status":"publish","type":"post","link":"https:\/\/www.meydan.tv\/az\/article\/utancaq-qiz-iranda-teqdim-edilecek\/","title":{"rendered":"\u201cUtancaq q\u0131z\u201d \u0130randa t\u0259qdim edil\u0259c\u0259k"},"content":{"rendered":"\n<p><em>\u201cBir n\u0259f\u0259s q\u0259d\u0259r\u201d \u0130kinci Qaraba\u011f m\u00fcharib\u0259sin\u0259 h\u0259sr olunub<\/em><\/p>\n\n\n\n<p>Akademik Musiqili Teatr\u0131n kollektivi fevral\u0131n 9-dan 13-d\u0259k \u0130randa 40-c\u0131 d\u0259f\u0259 ke\u00e7iril\u0259c\u0259k \u201cF\u0259cr\u201d beyn\u0259lxalq kino, teatr v\u0259 musiqi festival\u0131nda i\u015ftirak ed\u0259c\u0259k.<\/p>\n\n\n\n<p>Bu haqda teatr\u0131n m\u0259tbuat xidm\u0259tinin yayd\u0131\u011f\u0131 press-relizd\u0259 bildirilir.<\/p>\n\n\n\n<p>Teatr fevral\u0131n 11-d\u0259 Tehranda \u201cBir n\u0259f\u0259s q\u0259d\u0259r\u201d (Samir Qulamovun pyesi \u0259sas\u0131nda) musiqili dram\u0131n\u0131, 12-d\u0259 is\u0259 \u201cUtancaq q\u0131z\u201d (Fyodor Dostoyevski) monotama\u015fas\u0131n\u0131 t\u0259qdim ed\u0259c\u0259k.<\/p>\n\n\n\n<p>\u201cBir n\u0259f\u0259s q\u0259d\u0259r\u201d tama\u015fas\u0131 \u0130kinci Qaraba\u011f m\u00fcharib\u0259sin\u0259 h\u0259sr olunub.<\/p>\n\n\n\n<p>Dig\u0259r tama\u015fan\u0131 is\u0259 Xalq artisti, teatr rejissoru C\u0259nn\u0259t S\u0259limova rus yaz\u0131\u00e7\u0131s\u0131 Fyodor Dostoyevskinin \u201c\u041a\u0440\u043e\u0442\u043a\u0430\u044f\u201d (aciz, h\u0259lim, m\u00fcti, m\u0259zlum q\u0131zc\u0131\u011faz, qad\u0131n-red.) fantastik hekay\u0259si \u0259sas\u0131nda haz\u0131rlay\u0131b.<\/p>\n\n\n\n<p>Monotama\u015fada \u018fm\u0259kdar artist \u015e\u00f6vqi H\u00fcseynov \u00e7\u0131x\u0131\u015f ed\u0259c\u0259k.<\/p>\n\n\n\n<p>O, m\u00fcamil\u0259\u00e7i (s\u0259l\u0259m\u00e7i) obraz\u0131n\u0131 canlad\u0131racaq.<\/p>\n\n\n\n<p>H\u0259r iki tama\u015fan\u0131n ideya m\u00fc\u0259llifi v\u0259 b\u0259dii r\u0259hb\u0259ri, Akademik Musiqili Teatr\u0131n direktoru \u018fliqism\u0259t Lalayevdir.<\/p>\n","protected":false},"excerpt":{"rendered":"<p>\u201cBir n\u0259f\u0259s q\u0259d\u0259r\u201d \u0130kinci Qaraba\u011f m\u00fcharib\u0259sin\u0259 h\u0259sr olunub Akademik Musiqili &#8230; <\/p>\n<p class=\"read-more-container\"><a title=\"\u201cUtancaq q\u0131z\u201d \u0130randa t\u0259qdim edil\u0259c\u0259k\" class=\"read-more button\" href=\"https:\/\/www.meydan.tv\/az\/article\/utancaq-qiz-iranda-teqdim-edilecek\/#more-233727\" aria-label=\"Read more about \u201cUtancaq q\u0131z\u201d \u0130randa t\u0259qdim edil\u0259c\u0259k\">Davam\u0131<\/a><\/p>\n","protected":false},"author":8,"featured_media":233724,"comment_status":"closed","ping_status":"closed","sticky":false,"template":"","format":"standard","meta":{"_acf_changed":false,"_sitemap_exclude":false,"_sitemap_priority":"","_sitemap_frequency":"","footnotes":""},"categories":[52,56],"tags":[],"class_list":["post-233727","post","type-post","status-publish","format-standard","has-post-thumbnail","hentry","category-medeniyyet","category-xeberler","infinite-scroll-item","generate-columns","tablet-grid-50","mobile-grid-100","grid-parent","grid-33","no-featured-image-padding"],"acf":[],"yoast_head":"<!-- This site is optimized with the Yoast SEO plugin v27.4 - https:\/\/yoast.com\/product\/yoast-seo-wordpress\/ -->\n<title>\u201cUtancaq q\u0131z\u201d \u0130randa t\u0259qdim edil\u0259c\u0259k - MEYDAN.TV<\/title>\n<meta name=\"robots\" content=\"index, follow, max-snippet:-1, max-image-preview:large, max-video-preview:-1\" \/>\n<link rel=\"canonical\" href=\"https:\/\/www.meydan.tv\/az\/article\/utancaq-qiz-iranda-teqdim-edilecek\/\" \/>\n<meta property=\"og:locale\" content=\"az_AZ\" \/>\n<meta property=\"og:type\" content=\"article\" \/>\n<meta property=\"og:title\" content=\"\u201cUtancaq q\u0131z\u201d \u0130randa t\u0259qdim edil\u0259c\u0259k - MEYDAN.TV\" \/>\n<meta property=\"og:description\" content=\"\u201cBir n\u0259f\u0259s q\u0259d\u0259r\u201d \u0130kinci Qaraba\u011f m\u00fcharib\u0259sin\u0259 h\u0259sr olunub Akademik Musiqili ... Davam\u0131\" \/>\n<meta property=\"og:url\" content=\"https:\/\/www.meydan.tv\/az\/article\/utancaq-qiz-iranda-teqdim-edilecek\/\" \/>\n<meta property=\"og:site_name\" content=\"MEYDAN.TV\" \/>\n<meta property=\"article:published_time\" content=\"2022-02-03T14:19:07+00:00\" \/>\n<meta property=\"article:modified_time\" content=\"2022-02-03T14:19:09+00:00\" \/>\n<meta property=\"og:image\" content=\"https:\/\/www.meydan.tv\/wp-content\/uploads\/musiqili_teatr_060319_04-e1643897668140.jpg\" \/>\n\t<meta property=\"og:image:width\" content=\"1200\" \/>\n\t<meta property=\"og:image:height\" content=\"636\" \/>\n\t<meta property=\"og:image:type\" content=\"image\/jpeg\" \/>\n<meta name=\"author\" content=\"elli\" \/>\n<meta name=\"twitter:card\" content=\"summary_large_image\" \/>\n<meta name=\"twitter:creator\" content=\"@elli\" \/>\n<script type=\"application\/ld+json\" class=\"yoast-schema-graph\">{\"@context\":\"https:\\\/\\\/schema.org\",\"@graph\":[{\"@type\":\"Article\",\"@id\":\"https:\\\/\\\/www.meydan.tv\\\/az\\\/article\\\/utancaq-qiz-iranda-teqdim-edilecek\\\/#article\",\"isPartOf\":{\"@id\":\"https:\\\/\\\/www.meydan.tv\\\/az\\\/article\\\/utancaq-qiz-iranda-teqdim-edilecek\\\/\"},\"author\":{\"name\":\"elli\",\"@id\":\"https:\\\/\\\/www.meydan.tv\\\/az\\\/#\\\/schema\\\/person\\\/9cdbecf90d17180ce1dfbd95b08dcf47\"},\"headline\":\"\u201cUtancaq q\u0131z\u201d \u0130randa t\u0259qdim edil\u0259c\u0259k\",\"datePublished\":\"2022-02-03T14:19:07+00:00\",\"dateModified\":\"2022-02-03T14:19:09+00:00\",\"mainEntityOfPage\":{\"@id\":\"https:\\\/\\\/www.meydan.tv\\\/az\\\/article\\\/utancaq-qiz-iranda-teqdim-edilecek\\\/\"},\"wordCount\":235,\"publisher\":{\"@id\":\"https:\\\/\\\/www.meydan.tv\\\/az\\\/#organization\"},\"image\":{\"@id\":\"https:\\\/\\\/www.meydan.tv\\\/az\\\/article\\\/utancaq-qiz-iranda-teqdim-edilecek\\\/#primaryimage\"},\"thumbnailUrl\":\"https:\\\/\\\/www.meydan.tv\\\/wp-content\\\/uploads\\\/musiqili_teatr_060319_04-e1643897668140.jpg\",\"articleSection\":[\"M\u0259d\u0259niyy\u0259t\",\"X\u0259b\u0259rl\u0259r\"],\"inLanguage\":\"az\"},{\"@type\":\"WebPage\",\"@id\":\"https:\\\/\\\/www.meydan.tv\\\/az\\\/article\\\/utancaq-qiz-iranda-teqdim-edilecek\\\/\",\"url\":\"https:\\\/\\\/www.meydan.tv\\\/az\\\/article\\\/utancaq-qiz-iranda-teqdim-edilecek\\\/\",\"name\":\"\u201cUtancaq q\u0131z\u201d \u0130randa t\u0259qdim edil\u0259c\u0259k - MEYDAN.TV\",\"isPartOf\":{\"@id\":\"https:\\\/\\\/www.meydan.tv\\\/az\\\/#website\"},\"primaryImageOfPage\":{\"@id\":\"https:\\\/\\\/www.meydan.tv\\\/az\\\/article\\\/utancaq-qiz-iranda-teqdim-edilecek\\\/#primaryimage\"},\"image\":{\"@id\":\"https:\\\/\\\/www.meydan.tv\\\/az\\\/article\\\/utancaq-qiz-iranda-teqdim-edilecek\\\/#primaryimage\"},\"thumbnailUrl\":\"https:\\\/\\\/www.meydan.tv\\\/wp-content\\\/uploads\\\/musiqili_teatr_060319_04-e1643897668140.jpg\",\"datePublished\":\"2022-02-03T14:19:07+00:00\",\"dateModified\":\"2022-02-03T14:19:09+00:00\",\"breadcrumb\":{\"@id\":\"https:\\\/\\\/www.meydan.tv\\\/az\\\/article\\\/utancaq-qiz-iranda-teqdim-edilecek\\\/#breadcrumb\"},\"inLanguage\":\"az\",\"potentialAction\":[{\"@type\":\"ReadAction\",\"target\":[\"https:\\\/\\\/www.meydan.tv\\\/az\\\/article\\\/utancaq-qiz-iranda-teqdim-edilecek\\\/\"]}]},{\"@type\":\"ImageObject\",\"inLanguage\":\"az\",\"@id\":\"https:\\\/\\\/www.meydan.tv\\\/az\\\/article\\\/utancaq-qiz-iranda-teqdim-edilecek\\\/#primaryimage\",\"url\":\"https:\\\/\\\/www.meydan.tv\\\/wp-content\\\/uploads\\\/musiqili_teatr_060319_04-e1643897668140.jpg\",\"contentUrl\":\"https:\\\/\\\/www.meydan.tv\\\/wp-content\\\/uploads\\\/musiqili_teatr_060319_04-e1643897668140.jpg\",\"width\":1200,\"height\":636,\"caption\":\"Akademik Musiqili Teatr\u0131, Foto: Trend.az\"},{\"@type\":\"BreadcrumbList\",\"@id\":\"https:\\\/\\\/www.meydan.tv\\\/az\\\/article\\\/utancaq-qiz-iranda-teqdim-edilecek\\\/#breadcrumb\",\"itemListElement\":[{\"@type\":\"ListItem\",\"position\":1,\"name\":\"Ana s\u0259hif\u0259\",\"item\":\"https:\\\/\\\/www.meydan.tv\\\/az\\\/\"},{\"@type\":\"ListItem\",\"position\":2,\"name\":\"M\u0259d\u0259niyy\u0259t\",\"item\":\"https:\\\/\\\/www.meydan.tv\\\/az\\\/section\\\/medeniyyet\\\/\"},{\"@type\":\"ListItem\",\"position\":3,\"name\":\"\u201cUtancaq q\u0131z\u201d \u0130randa t\u0259qdim edil\u0259c\u0259k\"}]},{\"@type\":\"WebSite\",\"@id\":\"https:\\\/\\\/www.meydan.tv\\\/az\\\/#website\",\"url\":\"https:\\\/\\\/www.meydan.tv\\\/az\\\/\",\"name\":\"MEYDAN.TV\",\"description\":\"Meydan TV Az\u0259rbaycan\u0131n media m\u0259kan\u0131ndak\u0131 alternativ s\u0259sidir\",\"publisher\":{\"@id\":\"https:\\\/\\\/www.meydan.tv\\\/az\\\/#organization\"},\"potentialAction\":[{\"@type\":\"SearchAction\",\"target\":{\"@type\":\"EntryPoint\",\"urlTemplate\":\"https:\\\/\\\/www.meydan.tv\\\/az\\\/?s={search_term_string}\"},\"query-input\":{\"@type\":\"PropertyValueSpecification\",\"valueRequired\":true,\"valueName\":\"search_term_string\"}}],\"inLanguage\":\"az\"},{\"@type\":\"Organization\",\"@id\":\"https:\\\/\\\/www.meydan.tv\\\/az\\\/#organization\",\"name\":\"Meydan TV\",\"url\":\"https:\\\/\\\/www.meydan.tv\\\/az\\\/\",\"logo\":{\"@type\":\"ImageObject\",\"inLanguage\":\"az\",\"@id\":\"https:\\\/\\\/www.meydan.tv\\\/az\\\/#\\\/schema\\\/logo\\\/image\\\/\",\"url\":\"https:\\\/\\\/www.meydan.tv\\\/wp-content\\\/uploads\\\/2021\\\/07\\\/meydan-logo.svg\",\"contentUrl\":\"https:\\\/\\\/www.meydan.tv\\\/wp-content\\\/uploads\\\/2021\\\/07\\\/meydan-logo.svg\",\"width\":195,\"height\":46,\"caption\":\"Meydan TV\"},\"image\":{\"@id\":\"https:\\\/\\\/www.meydan.tv\\\/az\\\/#\\\/schema\\\/logo\\\/image\\\/\"}},{\"@type\":\"Person\",\"@id\":\"https:\\\/\\\/www.meydan.tv\\\/az\\\/#\\\/schema\\\/person\\\/9cdbecf90d17180ce1dfbd95b08dcf47\",\"name\":\"elli\",\"sameAs\":[\"https:\\\/\\\/x.com\\\/elli\"]}]}<\/script>\n<!-- \/ Yoast SEO plugin. -->","yoast_head_json":{"title":"\u201cUtancaq q\u0131z\u201d \u0130randa t\u0259qdim edil\u0259c\u0259k - MEYDAN.TV","robots":{"index":"index","follow":"follow","max-snippet":"max-snippet:-1","max-image-preview":"max-image-preview:large","max-video-preview":"max-video-preview:-1"},"canonical":"https:\/\/www.meydan.tv\/az\/article\/utancaq-qiz-iranda-teqdim-edilecek\/","og_locale":"az_AZ","og_type":"article","og_title":"\u201cUtancaq q\u0131z\u201d \u0130randa t\u0259qdim edil\u0259c\u0259k - MEYDAN.TV","og_description":"\u201cBir n\u0259f\u0259s q\u0259d\u0259r\u201d \u0130kinci Qaraba\u011f m\u00fcharib\u0259sin\u0259 h\u0259sr olunub Akademik Musiqili ... Davam\u0131","og_url":"https:\/\/www.meydan.tv\/az\/article\/utancaq-qiz-iranda-teqdim-edilecek\/","og_site_name":"MEYDAN.TV","article_published_time":"2022-02-03T14:19:07+00:00","article_modified_time":"2022-02-03T14:19:09+00:00","og_image":[{"width":1200,"height":636,"url":"https:\/\/www.meydan.tv\/wp-content\/uploads\/musiqili_teatr_060319_04-e1643897668140.jpg","type":"image\/jpeg"}],"author":"elli","twitter_card":"summary_large_image","twitter_creator":"@elli","schema":{"@context":"https:\/\/schema.org","@graph":[{"@type":"Article","@id":"https:\/\/www.meydan.tv\/az\/article\/utancaq-qiz-iranda-teqdim-edilecek\/#article","isPartOf":{"@id":"https:\/\/www.meydan.tv\/az\/article\/utancaq-qiz-iranda-teqdim-edilecek\/"},"author":{"name":"elli","@id":"https:\/\/www.meydan.tv\/az\/#\/schema\/person\/9cdbecf90d17180ce1dfbd95b08dcf47"},"headline":"\u201cUtancaq q\u0131z\u201d \u0130randa t\u0259qdim edil\u0259c\u0259k","datePublished":"2022-02-03T14:19:07+00:00","dateModified":"2022-02-03T14:19:09+00:00","mainEntityOfPage":{"@id":"https:\/\/www.meydan.tv\/az\/article\/utancaq-qiz-iranda-teqdim-edilecek\/"},"wordCount":235,"publisher":{"@id":"https:\/\/www.meydan.tv\/az\/#organization"},"image":{"@id":"https:\/\/www.meydan.tv\/az\/article\/utancaq-qiz-iranda-teqdim-edilecek\/#primaryimage"},"thumbnailUrl":"https:\/\/www.meydan.tv\/wp-content\/uploads\/musiqili_teatr_060319_04-e1643897668140.jpg","articleSection":["M\u0259d\u0259niyy\u0259t","X\u0259b\u0259rl\u0259r"],"inLanguage":"az"},{"@type":"WebPage","@id":"https:\/\/www.meydan.tv\/az\/article\/utancaq-qiz-iranda-teqdim-edilecek\/","url":"https:\/\/www.meydan.tv\/az\/article\/utancaq-qiz-iranda-teqdim-edilecek\/","name":"\u201cUtancaq q\u0131z\u201d \u0130randa t\u0259qdim edil\u0259c\u0259k - MEYDAN.TV","isPartOf":{"@id":"https:\/\/www.meydan.tv\/az\/#website"},"primaryImageOfPage":{"@id":"https:\/\/www.meydan.tv\/az\/article\/utancaq-qiz-iranda-teqdim-edilecek\/#primaryimage"},"image":{"@id":"https:\/\/www.meydan.tv\/az\/article\/utancaq-qiz-iranda-teqdim-edilecek\/#primaryimage"},"thumbnailUrl":"https:\/\/www.meydan.tv\/wp-content\/uploads\/musiqili_teatr_060319_04-e1643897668140.jpg","datePublished":"2022-02-03T14:19:07+00:00","dateModified":"2022-02-03T14:19:09+00:00","breadcrumb":{"@id":"https:\/\/www.meydan.tv\/az\/article\/utancaq-qiz-iranda-teqdim-edilecek\/#breadcrumb"},"inLanguage":"az","potentialAction":[{"@type":"ReadAction","target":["https:\/\/www.meydan.tv\/az\/article\/utancaq-qiz-iranda-teqdim-edilecek\/"]}]},{"@type":"ImageObject","inLanguage":"az","@id":"https:\/\/www.meydan.tv\/az\/article\/utancaq-qiz-iranda-teqdim-edilecek\/#primaryimage","url":"https:\/\/www.meydan.tv\/wp-content\/uploads\/musiqili_teatr_060319_04-e1643897668140.jpg","contentUrl":"https:\/\/www.meydan.tv\/wp-content\/uploads\/musiqili_teatr_060319_04-e1643897668140.jpg","width":1200,"height":636,"caption":"Akademik Musiqili Teatr\u0131, Foto: Trend.az"},{"@type":"BreadcrumbList","@id":"https:\/\/www.meydan.tv\/az\/article\/utancaq-qiz-iranda-teqdim-edilecek\/#breadcrumb","itemListElement":[{"@type":"ListItem","position":1,"name":"Ana s\u0259hif\u0259","item":"https:\/\/www.meydan.tv\/az\/"},{"@type":"ListItem","position":2,"name":"M\u0259d\u0259niyy\u0259t","item":"https:\/\/www.meydan.tv\/az\/section\/medeniyyet\/"},{"@type":"ListItem","position":3,"name":"\u201cUtancaq q\u0131z\u201d \u0130randa t\u0259qdim edil\u0259c\u0259k"}]},{"@type":"WebSite","@id":"https:\/\/www.meydan.tv\/az\/#website","url":"https:\/\/www.meydan.tv\/az\/","name":"MEYDAN.TV","description":"Meydan TV Az\u0259rbaycan\u0131n media m\u0259kan\u0131ndak\u0131 alternativ s\u0259sidir","publisher":{"@id":"https:\/\/www.meydan.tv\/az\/#organization"},"potentialAction":[{"@type":"SearchAction","target":{"@type":"EntryPoint","urlTemplate":"https:\/\/www.meydan.tv\/az\/?s={search_term_string}"},"query-input":{"@type":"PropertyValueSpecification","valueRequired":true,"valueName":"search_term_string"}}],"inLanguage":"az"},{"@type":"Organization","@id":"https:\/\/www.meydan.tv\/az\/#organization","name":"Meydan TV","url":"https:\/\/www.meydan.tv\/az\/","logo":{"@type":"ImageObject","inLanguage":"az","@id":"https:\/\/www.meydan.tv\/az\/#\/schema\/logo\/image\/","url":"https:\/\/www.meydan.tv\/wp-content\/uploads\/2021\/07\/meydan-logo.svg","contentUrl":"https:\/\/www.meydan.tv\/wp-content\/uploads\/2021\/07\/meydan-logo.svg","width":195,"height":46,"caption":"Meydan TV"},"image":{"@id":"https:\/\/www.meydan.tv\/az\/#\/schema\/logo\/image\/"}},{"@type":"Person","@id":"https:\/\/www.meydan.tv\/az\/#\/schema\/person\/9cdbecf90d17180ce1dfbd95b08dcf47","name":"elli","sameAs":["https:\/\/x.com\/elli"]}]}},"_links":{"self":[{"href":"https:\/\/www.meydan.tv\/az\/wp-json\/wp\/v2\/posts\/233727","targetHints":{"allow":["GET"]}}],"collection":[{"href":"https:\/\/www.meydan.tv\/az\/wp-json\/wp\/v2\/posts"}],"about":[{"href":"https:\/\/www.meydan.tv\/az\/wp-json\/wp\/v2\/types\/post"}],"author":[{"embeddable":true,"href":"https:\/\/www.meydan.tv\/az\/wp-json\/wp\/v2\/users\/8"}],"replies":[{"embeddable":true,"href":"https:\/\/www.meydan.tv\/az\/wp-json\/wp\/v2\/comments?post=233727"}],"version-history":[{"count":1,"href":"https:\/\/www.meydan.tv\/az\/wp-json\/wp\/v2\/posts\/233727\/revisions"}],"predecessor-version":[{"id":233728,"href":"https:\/\/www.meydan.tv\/az\/wp-json\/wp\/v2\/posts\/233727\/revisions\/233728"}],"wp:featuredmedia":[{"embeddable":true,"href":"https:\/\/www.meydan.tv\/az\/wp-json\/wp\/v2\/media\/233724"}],"wp:attachment":[{"href":"https:\/\/www.meydan.tv\/az\/wp-json\/wp\/v2\/media?parent=233727"}],"wp:term":[{"taxonomy":"category","embeddable":true,"href":"https:\/\/www.meydan.tv\/az\/wp-json\/wp\/v2\/categories?post=233727"},{"taxonomy":"post_tag","embeddable":true,"href":"https:\/\/www.meydan.tv\/az\/wp-json\/wp\/v2\/tags?post=233727"}],"curies":[{"name":"wp","href":"https:\/\/api.w.org\/{rel}","templated":true}]}}