{"id":233690,"date":"2022-02-03T17:10:21","date_gmt":"2022-02-03T13:10:21","guid":{"rendered":"https:\/\/www.meydan.tv\/?p=233690"},"modified":"2022-02-03T17:31:04","modified_gmt":"2022-02-03T13:31:04","slug":"omikron-suretle-yayilir-dunya-ise-karantin-rejiminden-imtina-edir","status":"publish","type":"post","link":"https:\/\/www.meydan.tv\/az\/article\/omikron-suretle-yayilir-dunya-ise-karantin-rejiminden-imtina-edir\/","title":{"rendered":"\u201cOmikron\u201d s\u00fcr\u0259tl\u0259 yay\u0131l\u0131r, d\u00fcnya is\u0259 karantin rejimind\u0259n imtina edir"},"content":{"rendered":"\n<p><em>Natiq C\u0259f\u0259rli: \u201cAz\u0259rbaycanda onsuz azadl\u0131qlar qorunmurdu, indi d\u0259 h\u00f6kum\u0259tin \u0259lin\u0259 f\u00fcrs\u0259t d\u00fc\u015f\u00fcb\u201d<\/em><\/p>\n\n\n\n<p>Fevral\u0131n 1-d\u0259n G\u00fcrc\u00fcstan h\u00f6kum\u0259ti restoranlara, barlara v\u0259 dig\u0259r \u0259yl\u0259nc\u0259 m\u0259kanlar\u0131na daxil olmaq \u00fc\u00e7\u00fcn COVID pasport t\u0259l\u0259bini l\u0259\u011fv <a href=\"https:\/\/civil.ge\/archives\/470067\" target=\"_blank\" rel=\"noreferrer noopener\">edib<\/a>.<\/p>\n\n\n\n<p>G\u00fcrc\u00fcstan Qurumlararas\u0131 Koordinasiya \u015euras\u0131n\u0131n \u0259m\u0259kda\u015f\u0131 Giorgi Gibradze bildirib ki, \u201cOmikron\u201d variant\u0131n\u0131n s\u00fcr\u0259tl\u0259 yay\u0131lmas\u0131 v\u0259 onun nisbi yum\u015faql\u0131\u011f\u0131n\u0131 n\u0259z\u0259r\u0259 alaraq bu add\u0131m\u0131 at\u0131blar:<\/p>\n\n\n\n<p>\u201cB\u00fct\u00fcn bunlar\u0131n fonunda ya\u015f\u0131l ke\u00e7id sisteminin \u201ceffektivliyi yoxdur\u201d\u201d, &#8211; dey\u0259 o bildirib.<\/p>\n\n\n\n<p>G\u00fcrc\u00fcstanda restoran v\u0259 barlarda COVID pasport t\u0259l\u0259bi dekabr\u0131n 1-d\u0259 qoyulub.<\/p>\n\n\n\n<p>18 ya\u015fdan yuxar\u0131 b\u00f6y\u00fckl\u0259r a\u00e7\u0131q v\u0259 qapal\u0131 restoranlara, kafel\u0259r\u0259, barlara, h\u0259m\u00e7inin kinoteatrla, operaya, muzey\u0259, konsert\u0259, qumar salonlar\u0131na, spa m\u0259rk\u0259zl\u0259rin\u0259, idman zallar\u0131na, otell\u0259r v\u0259 xiz\u0259k liftl\u0259rin\u0259 getm\u0259k \u00fc\u00e7\u00fcn t\u0259qdim etm\u0259liydi. Bu qayda c\u0259mi 2 ay s\u00fcrd\u00fc.<\/p>\n\n\n\n<p>Gibradze \u0259lav\u0259 edib ki, hakimiyy\u0259t bu add\u0131m\u0131 atark\u0259n \u201cbeyn\u0259lxalq t\u0259cr\u00fcb\u0259\u201dni d\u0259 n\u0259z\u0259r\u0259 al\u0131b. Ancaq bundan sonra da insanlar s\u0259yah\u0259t \u00fc\u00e7\u00fcn COVID pasportu alma\u011fa davam ed\u0259c\u0259kl\u0259r.<\/p>\n\n\n\n<p>S\u0259hiyy\u0259 Nazirinin m\u00fcavini Tamar Qabunia is\u0259 deyib ki, &nbsp;ya\u015f\u0131l ke\u00e7id sistemi \u201cOmikron\u201d dal\u011fas\u0131 qar\u015f\u0131s\u0131nda k\u00f6hn\u0259lib.<\/p>\n\n\n\n<p>\u0130nfeksiyaya \u00e7ox sayda t\u0259krar yoluxma var: \u201cVaksinl\u0259r virusa yoluxmadan tam qoruya bilmir. \u201cOmikron\u201d \u015ftamm\u0131 v\u0259ziyy\u0259tind\u0259 bir insan\u0131n risksiz olub-olmad\u0131\u011f\u0131n\u0131 d\u0259qiq bilm\u0259yin yegan\u0259 yolu h\u0259r g\u00fcn bir PCR testi ke\u00e7m\u0259sidir. Bu, praktiki olaraq m\u00fcmk\u00fcn deyil. Dem\u0259li, qalan b\u00fct\u00fcn qaydalar\u0131n da \u0259h\u0259miyy\u0259ti qalm\u0131r\u201d.<\/p>\n\n\n\n<figure class=\"wp-block-image size-full\"><img decoding=\"async\" width=\"1200\" height=\"800\" data-src=\"https:\/\/www.meydan.tv\/wp-content\/uploads\/shutterstock_2102767360.jpg\" alt=\"\" class=\"wp-image-233695 lazyload\" src=\"data:image\/svg+xml;base64,PHN2ZyB3aWR0aD0iMSIgaGVpZ2h0PSIxIiB4bWxucz0iaHR0cDovL3d3dy53My5vcmcvMjAwMC9zdmciPjwvc3ZnPg==\" style=\"--smush-placeholder-width: 1200px; --smush-placeholder-aspect-ratio: 1200\/800;\" \/><figcaption>G\u00fcrc\u00fcstan, Foto: mr.jhonson\/shutterstock<\/figcaption><\/figure>\n\n\n\n<p>\u00d6t\u0259n h\u0259ft\u0259 \u0259rzind\u0259 G\u00fcrc\u00fcstanda g\u00fcnd\u0259 orta hesabla 16,640-dan \u00e7ox yeni COVID hadis\u0259si qeyd\u0259 al\u0131n\u0131b.<\/p>\n\n\n\n<p>\u201cNCDC Georgia\u201dn\u0131n m\u0259lumat\u0131na g\u00f6r\u0259, \u00f6lk\u0259d\u0259 yetkin \u0259halinin yaln\u0131z 46,5 faizi &#8211; 1 335 856 n\u0259f\u0259r \u0259n az\u0131 bir doza COVID-19 peyv\u0259ndi al\u0131b. Bununla yana\u015f\u0131, tam peyv\u0259nd olunmu\u015f \u015f\u0259xsl\u0259rin say\u0131 1 221 340 n\u0259f\u0259r olmaqla, yetkin \u0259halinin 42,5 faizini t\u0259\u015fkil edir.<\/p>\n\n\n\n<p>\u00c7exiya da fevral\u0131n 9-dan restoranlara, qapal\u0131 m\u0259kanlara COVID pasportu il\u0259 girm\u0259k qaydas\u0131n\u0131 l\u0259\u011fv <a href=\"https:\/\/www.expats.cz\/czech-news\/article\/czech-republic-weekly-coronavirus-news-for-january-31-february-6?fbclid=IwAR06BsCu7fnAY9iE4TDfaiC9EOaH105AtZ9hbZjuRupHmi5ja0qUbEOhKxE\" target=\"_blank\" rel=\"noreferrer noopener\">edir<\/a>.<\/p>\n\n\n\n<p>Ba\u015f nazir Petr Fiala jurnalistl\u0259r\u0259 a\u00e7\u0131qlamas\u0131nda bel\u0259 deyib.<\/p>\n\n\n\n<p>\u00c7exiya Ali \u0130nzibati M\u0259hk\u0259m\u0259si d\u0259 bu h\u0259ft\u0259 restoranlara, klublara, kazinolara v\u0259 ya otell\u0259r\u0259 gir\u0259rk\u0259n peyv\u0259nd v\u0259 ya sa\u011falman\u0131 s\u00fcbut etm\u0259k v\u0259zif\u0259sini l\u0259\u011fv edib.<\/p>\n\n\n\n<p>Fiala bildirib ki, h\u00f6kum\u0259t bu q\u0259rar\u0131 m\u0259hk\u0259m\u0259 h\u00f6km\u00fcn\u00fcn t\u0259zyiqi il\u0259 deyil, ekspertl\u0259rin t\u00f6vsiy\u0259l\u0259ri \u0259sas\u0131nda q\u0259bul edib:<\/p>\n\n\n\n<p>\u201cAncaq insanlar qapal\u0131 ictimai yerl\u0259rd\u0259 h\u0259l\u0259 d\u0259 respirator maskalardan istifad\u0259 etm\u0259lidir. K\u00fctl\u0259vi t\u0259dbirl\u0259rd\u0259 i\u015ftirak\u00e7\u0131lar\u0131n say m\u0259hdudiyy\u0259ti il\u0259 ba\u011fl\u0131 q\u0259rar q\u00fcvv\u0259d\u0259 qalacaq\u201d.<\/p>\n\n\n\n<p>S\u0259hiyy\u0259 naziri Vlastimil Valek is\u0259 bildirib ki, o, \u0259n gec mart\u0131n \u0259vv\u0259lind\u0259 t\u0259dbirl\u0259rin yum\u015fald\u0131lmas\u0131n\u0131 elan ed\u0259c\u0259kmi\u015f: &#8220;N\u0259hay\u0259t, m\u00fct\u0259x\u0259ssisl\u0259rl\u0259 birlikd\u0259 bunu m\u0259rh\u0259l\u0259li \u015f\u0259kild\u0259 daha tez etm\u0259k q\u0259rar\u0131na g\u0259ldik. \u0130lk add\u0131m da sertfikatlar\u0131n l\u0259\u011fvidir\u201d.<\/p>\n\n\n\n<figure class=\"wp-block-image size-large\"><img decoding=\"async\" width=\"1095\" height=\"821\" data-src=\"https:\/\/www.meydan.tv\/wp-content\/uploads\/shutterstock_1813661956-1095x821.jpg\" alt=\"\" class=\"wp-image-233699 lazyload\" src=\"data:image\/svg+xml;base64,PHN2ZyB3aWR0aD0iMSIgaGVpZ2h0PSIxIiB4bWxucz0iaHR0cDovL3d3dy53My5vcmcvMjAwMC9zdmciPjwvc3ZnPg==\" style=\"--smush-placeholder-width: 1095px; --smush-placeholder-aspect-ratio: 1095\/821;\" \/><figcaption>\u00c7exiya, Foto:Ioannis7\/shutterstock<\/figcaption><\/figure>\n\n\n\n<p>\u00c7exiyada COVID-l\u0259 x\u0259st\u0259xanaya yerl\u0259\u015fdiril\u0259nl\u0259rin say\u0131 \u00f6t\u0259n h\u0259ft\u0259 1,958-d\u0259n 2,653-\u0259 y\u00fcks\u0259lib.<\/p>\n\n\n\n<p>A\u011f\u0131r v\u0259ziyy\u0259td\u0259 olanlar\u0131n say\u0131 is\u0259 azal\u0131b &#8211; 211-\u0259 enib.<\/p>\n\n\n\n<p>Avropan\u0131n b\u0259zi \u00f6lk\u0259l\u0259ri is\u0259 koronavirusu ciddi olan x\u0259st\u0259likl\u0259r s\u0131ras\u0131ndan \u00e7\u0131xar\u0131b v\u0259 ya \u00e7\u0131xarma\u011fa haz\u0131rla\u015f\u0131r.<\/p>\n\n\n\n<p>\u201cOmikron\u201da yoluxma say\u0131 \u00e7ox olsa da Danimarka normal h\u0259yata qay\u0131tmaqla ba\u011fl\u0131 add\u0131m at\u0131b.<\/p>\n\n\n\n<p>H\u00f6kum\u0259t COVID-19-u sosial c\u0259h\u0259td\u0259n kritik x\u0259st\u0259lik kateqoriyas\u0131ndan \u00e7\u0131xar\u0131b, m\u0259hdudiyy\u0259tl\u0259ri aradan qald\u0131rmaq q\u0259rar\u0131na g\u0259lib.<\/p>\n\n\n\n<p>Danimarkan\u0131n Milli S\u0259hiyy\u0259 Agentliyi COVID 19 s\u0259b\u0259biyl\u0259 reanimasiyaya yerl\u0259\u015fdiril\u0259n x\u0259st\u0259l\u0259rin say\u0131nda azalma oldu\u011funu bildirib.<\/p>\n\n\n\n<p>\u018fn son a\u00e7\u0131qlanan r\u0259q\u0259ml\u0259r\u0259 g\u00f6r\u0259, yoluxma say\u0131 1 milyon 713 min 485-\u0259 y\u00fcks\u0259lib.<\/p>\n\n\n\n<p>Yanvar\u0131n 27-d\u0259n B\u00f6y\u00fck Britaniyada infeksiyaya yoluxanlar\u0131n t\u0259cridi istisna olmaqla b\u00fct\u00fcn COVID-19 t\u0259dbirl\u0259ri l\u0259\u011fv edilib.<\/p>\n\n\n\n<p>S\u0259hiyy\u0259 Nazirliyi q\u0259rara s\u0259b\u0259b kimi \u201cpeyv\u0259nd proqram\u0131n\u0131n b\u00f6y\u00fck u\u011furunu\u201d g\u00f6st\u0259rib.<\/p>\n\n\n\n<p>\u201cPeyv\u0259nd pasportlar\u0131\u201d kimi tan\u0131nan COVID-19 statusunu g\u00f6st\u0259r\u0259n s\u0259n\u0259dl\u0259rin m\u0259cburi istifad\u0259si d\u0259 ba\u015fa \u00e7at\u0131b.<\/p>\n\n\n\n<p>Bununla bel\u0259, gec\u0259 klublar\u0131 v\u0259 teatrlar kimi m\u0259kanlar k\u00f6n\u00fcll\u00fc olaraq t\u0259cr\u00fcb\u0259ni davam etdir\u0259 bil\u0259c\u0259kl\u0259r.<\/p>\n\n\n\n<p>Maska taxmaq \u00f6hd\u0259liyi d\u0259 aradan qald\u0131r\u0131l\u0131b, lakin insanlar\u0131n s\u0131x topla\u015fd\u0131\u011f\u0131 v\u0259 qapal\u0131 yerl\u0259rd\u0259 davam etdirilm\u0259si t\u00f6vsiy\u0259 edilib.<\/p>\n\n\n\n<figure class=\"wp-block-image size-full\"><img decoding=\"async\" width=\"1200\" height=\"773\" data-src=\"https:\/\/www.meydan.tv\/wp-content\/uploads\/shutterstock_1681712908.jpg\" alt=\"\" class=\"wp-image-233705 lazyload\" src=\"data:image\/svg+xml;base64,PHN2ZyB3aWR0aD0iMSIgaGVpZ2h0PSIxIiB4bWxucz0iaHR0cDovL3d3dy53My5vcmcvMjAwMC9zdmciPjwvc3ZnPg==\" style=\"--smush-placeholder-width: 1200px; --smush-placeholder-aspect-ratio: 1200\/773;\" \/><figcaption>B\u00f6y\u00fck Britaniya, Foto: Ivan Marc\/shutterstock<\/figcaption><\/figure>\n\n\n\n<p>\u00d6lk\u0259d\u0259 evd\u0259n i\u015fl\u0259m\u0259k praktikas\u0131 da l\u0259\u011fv edilib.<\/p>\n\n\n\n<p>\u0130ngilt\u0259r\u0259d\u0259ki hadis\u0259l\u0259rin say\u0131 yanvar\u0131n 4-d\u0259 218,000-i ke\u00e7dikd\u0259n sonra azalma\u011fa ba\u015flad\u0131. Haz\u0131rda g\u00fcnd\u0259lik hallar 100 minin alt\u0131nda seyr etm\u0259y\u0259 davam edir.<\/p>\n\n\n\n<p>\u0130qtisad\u00e7\u0131 Natiq C\u0259f\u0259rli <a href=\"https:\/\/www.facebook.com\/natig.jafarli\/posts\/10224628506353776\" target=\"_blank\" rel=\"noreferrer noopener\">deyir<\/a> ki, d\u00fcnya \u00f6lk\u0259l\u0259ri yava\u015f-yava\u015f \u201cQR-kod\u201d adl\u0131 yeni, m\u00fcasir \u201ckonslaqer\u201d yana\u015fmas\u0131ndan imtina etm\u0259y\u0259 ba\u015flay\u0131r.<\/p>\n\n\n\n<p>Konslagerl\u0259rd\u0259 insanlar\u0131n \u00fcz\u0259rin\u0259 yaz\u0131lan r\u0259q\u0259ml\u0259rl\u0259 \u201cQR-kod\u201dlar\u0131n el\u0259 bir f\u0259ls\u0259fi f\u0259rqi yoxdur:<\/p>\n\n\n\n<p>\u201cV\u0259t\u0259nda\u015flar\u0131n haqq v\u0259 h\u00fcquqlar\u0131n\u0131n kobudcas\u0131na pozan \u201cQR-kod\u201d t\u0259dbiqi Britaniya, Danimarka kimi \u00f6lk\u0259l\u0259rd\u0259 l\u0259\u011fv edilib. Qon\u015fu G\u00fcrc\u00fcstanda da \u201cQR-kod\u201dlar, \u201cya\u015f\u0131l pasportlar\u201d l\u0259\u011fv edilir \u2013 art\u0131q ictimai m\u0259kanlara daxil olmaq \u00fc\u00e7\u00fcn \u201ccovid-pasport\u201d t\u0259l\u0259b olunmur\u201d.<\/p>\n\n\n\n<p>\u0130qtisad\u00e7\u0131 \u0259lav\u0259 edir ki, bunun izah\u0131 da \u00e7ox sad\u0259dir: \u201cT\u0259bi\u0259tin \u00f6z\u00fc t\u0259bii vaksin olan \u201comikronu\u201d yaratd\u0131, virusu adi qrip s\u0259viyy\u0259sin\u0259 sald\u0131, t\u0259sirl\u0259rini azaltd\u0131, indi d\u00fcnya bu m\u0259s\u0259l\u0259y\u0259 m\u00fcnasib\u0259tini d\u0259yi\u015fib normal h\u0259yata geri d\u00f6nm\u0259y\u0259 ba\u015flay\u0131r. D\u00fcnyan\u0131n azadl\u0131qsev\u0259r xalqlar\u0131n\u0131n h\u0259ft\u0259l\u0259rdir y\u00fczminl\u0259rl\u0259 insanlar\u0131n i\u015ftirak\u0131 il\u0259 aksiyalar ke\u00e7irm\u0259si d\u0259 h\u00f6kum\u0259tl\u0259rin tutumunun d\u0259yi\u015fm\u0259sind\u0259 m\u00fchim rol oynay\u0131b\u201d.<\/p>\n\n\n\n<p>Natiq C\u0259f\u0259rli deyir ki, Az\u0259rbaycanda onsuz da haqq v\u0259 azadl\u0131qlar qorunmurdu, indi is\u0259 h\u00f6kum\u0259tin \u0259lin\u0259 f\u00fcrs\u0259t d\u00fc\u015f\u00fcb ki, virusu b\u0259han\u0259 edib total n\u0259zar\u0259t mexanizml\u0259ri yarats\u0131nlar: \u201cBu q\u0259rarlar\u0131n m\u0259ntiqini anlamaq da m\u00fcmk\u00fcn deyil. 15 fevraldan \u201cbuster\u201d doza q\u0259bul etm\u0259y\u0259nl\u0259rin \u201cQR-pasportu\u201d l\u0259\u011fv edilir \u2013 \u00e7ox m\u0259nas\u0131z q\u0259rard\u0131r. Y\u00fczminl\u0259rl\u0259 v\u0259t\u0259nda\u015f\u0131m\u0131z h\u0259r iki doz vaksin ald\u0131qdan sonra yoluxub-sa\u011fal\u0131b, onlar\u0131n yoluxub sa\u011falmas\u0131 art\u0131q \u201cbuster\u201d say\u0131l\u0131r, h\u0259min \u015f\u0259xsl\u0259r n\u0259d\u0259n \u0259lav\u0259 doza vaksin almal\u0131d\u0131rlar ki?! \u201cBuster\u201d dozan\u0131 ya\u015fl\u0131 insanlara, xroniki x\u0259st\u0259liyi olanlara t\u0259dbiq etm\u0259k daha do\u011frudur, ucdantutma ham\u0131n\u0131 m\u0259nas\u0131z qada\u011falara g\u00f6r\u0259 \u201cbuster\u201d vurdurma\u011fa m\u0259cbur etm\u0259k yanl\u0131\u015fd\u0131r! Yoluxub-sa\u011falma \u0259n g\u00f6z\u0259l \u201cvaksindir\u201d, \u0259n dayan\u0131ql\u0131 immunitet m\u0259hz bel\u0259 yaran\u0131r\u201d. &nbsp;&nbsp;<\/p>\n\n\n\n<figure class=\"wp-block-image size-large\"><img decoding=\"async\" data-src=\"https:\/\/www.meydan.tv\/wp-content\/uploads\/image_from_ios_178-1200x800.jpg\" alt=\"Natiq C\u0259f\u0259rli\" class=\"wp-image-210013 lazyload\" src=\"data:image\/svg+xml;base64,PHN2ZyB3aWR0aD0iMSIgaGVpZ2h0PSIxIiB4bWxucz0iaHR0cDovL3d3dy53My5vcmcvMjAwMC9zdmciPjwvc3ZnPg==\" style=\"--smush-placeholder-width: 1200px; --smush-placeholder-aspect-ratio: 1200\/800;\" \/><figcaption>Natiq C\u0259f\u0259rli, Foto: Meydan TV<\/figcaption><\/figure>\n\n\n\n<p>2019-cu ilin sonlar\u0131nda d\u00fcnyada yeni koronavirus a\u015fkar edilib.<\/p>\n\n\n\n<p>2020-ci il mart\u0131n 11-d\u0259 D\u00fcnya S\u0259hiyy\u0259 T\u0259\u015fkilat\u0131 koronavirusu pandemiya elan edib. D\u00fcnyada s\u00fcr\u0259tl\u0259 yay\u0131lan bu virusdan indiy\u0259 q\u0259d\u0259r 5.7 milyondan \u00e7ox \u015f\u0259xsin v\u0259fat etdiyi a\u00e7\u0131qlan\u0131b.<\/p>\n\n\n\n<p>Az\u0259rbaycanda is\u0259 indiy\u0259 kimi 670 min 313 n\u0259f\u0259rin koronavirus infeksiyas\u0131na yoluxmas\u0131 fakt\u0131 m\u00fc\u0259yy\u0259n edilib, onlardan 8 min 779 \u015f\u0259xsin v\u0259fat etdiyi bildirilib.<\/p>\n","protected":false},"excerpt":{"rendered":"<p>Natiq C\u0259f\u0259rli: \u201cAz\u0259rbaycanda onsuz azadl\u0131qlar qorunmurdu, indi d\u0259 h\u00f6kum\u0259tin \u0259lin\u0259 &#8230; <\/p>\n<p class=\"read-more-container\"><a title=\"\u201cOmikron\u201d s\u00fcr\u0259tl\u0259 yay\u0131l\u0131r, d\u00fcnya is\u0259 karantin rejimind\u0259n imtina edir\" class=\"read-more button\" href=\"https:\/\/www.meydan.tv\/az\/article\/omikron-suretle-yayilir-dunya-ise-karantin-rejiminden-imtina-edir\/#more-233690\" aria-label=\"Read more about \u201cOmikron\u201d s\u00fcr\u0259tl\u0259 yay\u0131l\u0131r, d\u00fcnya is\u0259 karantin rejimind\u0259n imtina edir\">Davam\u0131<\/a><\/p>\n","protected":false},"author":8,"featured_media":233691,"comment_status":"closed","ping_status":"closed","sticky":false,"template":"","format":"standard","meta":{"_acf_changed":false,"_sitemap_exclude":false,"_sitemap_priority":"","_sitemap_frequency":"","footnotes":""},"categories":[54,79,56],"tags":[],"class_list":["post-233690","post","type-post","status-publish","format-standard","has-post-thumbnail","hentry","category-sagliq","category-featured","category-xeberler","infinite-scroll-item","generate-columns","tablet-grid-50","mobile-grid-100","grid-parent","grid-33","no-featured-image-padding"],"acf":[],"yoast_head":"<!-- This site is optimized with the Yoast SEO plugin v27.4 - https:\/\/yoast.com\/product\/yoast-seo-wordpress\/ -->\n<title>\u201cOmikron\u201d s\u00fcr\u0259tl\u0259 yay\u0131l\u0131r, d\u00fcnya is\u0259 karantin rejimind\u0259n imtina edir - MEYDAN.TV<\/title>\n<meta name=\"robots\" content=\"index, follow, max-snippet:-1, max-image-preview:large, max-video-preview:-1\" \/>\n<link rel=\"canonical\" href=\"https:\/\/www.meydan.tv\/az\/article\/omikron-suretle-yayilir-dunya-ise-karantin-rejiminden-imtina-edir\/\" \/>\n<meta property=\"og:locale\" content=\"az_AZ\" \/>\n<meta property=\"og:type\" content=\"article\" \/>\n<meta property=\"og:title\" content=\"\u201cOmikron\u201d s\u00fcr\u0259tl\u0259 yay\u0131l\u0131r, d\u00fcnya is\u0259 karantin rejimind\u0259n imtina edir - MEYDAN.TV\" \/>\n<meta property=\"og:description\" content=\"Natiq C\u0259f\u0259rli: \u201cAz\u0259rbaycanda onsuz azadl\u0131qlar qorunmurdu, indi d\u0259 h\u00f6kum\u0259tin \u0259lin\u0259 ... Davam\u0131\" \/>\n<meta property=\"og:url\" content=\"https:\/\/www.meydan.tv\/az\/article\/omikron-suretle-yayilir-dunya-ise-karantin-rejiminden-imtina-edir\/\" \/>\n<meta property=\"og:site_name\" content=\"MEYDAN.TV\" \/>\n<meta property=\"article:published_time\" content=\"2022-02-03T13:10:21+00:00\" \/>\n<meta property=\"article:modified_time\" content=\"2022-02-03T13:31:04+00:00\" \/>\n<meta property=\"og:image\" content=\"https:\/\/www.meydan.tv\/wp-content\/uploads\/shutterstock_2082159136.jpg\" \/>\n\t<meta property=\"og:image:width\" content=\"1200\" \/>\n\t<meta property=\"og:image:height\" content=\"799\" \/>\n\t<meta property=\"og:image:type\" content=\"image\/jpeg\" \/>\n<meta name=\"author\" content=\"elli\" \/>\n<meta name=\"twitter:card\" content=\"summary_large_image\" \/>\n<meta name=\"twitter:creator\" content=\"@elli\" \/>\n<script type=\"application\/ld+json\" class=\"yoast-schema-graph\">{\"@context\":\"https:\\\/\\\/schema.org\",\"@graph\":[{\"@type\":\"Article\",\"@id\":\"https:\\\/\\\/www.meydan.tv\\\/az\\\/article\\\/omikron-suretle-yayilir-dunya-ise-karantin-rejiminden-imtina-edir\\\/#article\",\"isPartOf\":{\"@id\":\"https:\\\/\\\/www.meydan.tv\\\/az\\\/article\\\/omikron-suretle-yayilir-dunya-ise-karantin-rejiminden-imtina-edir\\\/\"},\"author\":{\"name\":\"elli\",\"@id\":\"https:\\\/\\\/www.meydan.tv\\\/az\\\/#\\\/schema\\\/person\\\/9cdbecf90d17180ce1dfbd95b08dcf47\"},\"headline\":\"\u201cOmikron\u201d s\u00fcr\u0259tl\u0259 yay\u0131l\u0131r, d\u00fcnya is\u0259 karantin rejimind\u0259n imtina edir\",\"datePublished\":\"2022-02-03T13:10:21+00:00\",\"dateModified\":\"2022-02-03T13:31:04+00:00\",\"mainEntityOfPage\":{\"@id\":\"https:\\\/\\\/www.meydan.tv\\\/az\\\/article\\\/omikron-suretle-yayilir-dunya-ise-karantin-rejiminden-imtina-edir\\\/\"},\"wordCount\":1372,\"publisher\":{\"@id\":\"https:\\\/\\\/www.meydan.tv\\\/az\\\/#organization\"},\"image\":{\"@id\":\"https:\\\/\\\/www.meydan.tv\\\/az\\\/article\\\/omikron-suretle-yayilir-dunya-ise-karantin-rejiminden-imtina-edir\\\/#primaryimage\"},\"thumbnailUrl\":\"https:\\\/\\\/www.meydan.tv\\\/wp-content\\\/uploads\\\/shutterstock_2082159136.jpg\",\"articleSection\":[\"Sa\u011fl\u0131q\",\"T\u00f6vsiy\u0259\",\"X\u0259b\u0259rl\u0259r\"],\"inLanguage\":\"az\"},{\"@type\":\"WebPage\",\"@id\":\"https:\\\/\\\/www.meydan.tv\\\/az\\\/article\\\/omikron-suretle-yayilir-dunya-ise-karantin-rejiminden-imtina-edir\\\/\",\"url\":\"https:\\\/\\\/www.meydan.tv\\\/az\\\/article\\\/omikron-suretle-yayilir-dunya-ise-karantin-rejiminden-imtina-edir\\\/\",\"name\":\"\u201cOmikron\u201d s\u00fcr\u0259tl\u0259 yay\u0131l\u0131r, d\u00fcnya is\u0259 karantin rejimind\u0259n imtina edir - MEYDAN.TV\",\"isPartOf\":{\"@id\":\"https:\\\/\\\/www.meydan.tv\\\/az\\\/#website\"},\"primaryImageOfPage\":{\"@id\":\"https:\\\/\\\/www.meydan.tv\\\/az\\\/article\\\/omikron-suretle-yayilir-dunya-ise-karantin-rejiminden-imtina-edir\\\/#primaryimage\"},\"image\":{\"@id\":\"https:\\\/\\\/www.meydan.tv\\\/az\\\/article\\\/omikron-suretle-yayilir-dunya-ise-karantin-rejiminden-imtina-edir\\\/#primaryimage\"},\"thumbnailUrl\":\"https:\\\/\\\/www.meydan.tv\\\/wp-content\\\/uploads\\\/shutterstock_2082159136.jpg\",\"datePublished\":\"2022-02-03T13:10:21+00:00\",\"dateModified\":\"2022-02-03T13:31:04+00:00\",\"breadcrumb\":{\"@id\":\"https:\\\/\\\/www.meydan.tv\\\/az\\\/article\\\/omikron-suretle-yayilir-dunya-ise-karantin-rejiminden-imtina-edir\\\/#breadcrumb\"},\"inLanguage\":\"az\",\"potentialAction\":[{\"@type\":\"ReadAction\",\"target\":[\"https:\\\/\\\/www.meydan.tv\\\/az\\\/article\\\/omikron-suretle-yayilir-dunya-ise-karantin-rejiminden-imtina-edir\\\/\"]}]},{\"@type\":\"ImageObject\",\"inLanguage\":\"az\",\"@id\":\"https:\\\/\\\/www.meydan.tv\\\/az\\\/article\\\/omikron-suretle-yayilir-dunya-ise-karantin-rejiminden-imtina-edir\\\/#primaryimage\",\"url\":\"https:\\\/\\\/www.meydan.tv\\\/wp-content\\\/uploads\\\/shutterstock_2082159136.jpg\",\"contentUrl\":\"https:\\\/\\\/www.meydan.tv\\\/wp-content\\\/uploads\\\/shutterstock_2082159136.jpg\",\"width\":1200,\"height\":799,\"caption\":\"Omikron, Zhuravlev Andrey\\\/shutterstock\"},{\"@type\":\"BreadcrumbList\",\"@id\":\"https:\\\/\\\/www.meydan.tv\\\/az\\\/article\\\/omikron-suretle-yayilir-dunya-ise-karantin-rejiminden-imtina-edir\\\/#breadcrumb\",\"itemListElement\":[{\"@type\":\"ListItem\",\"position\":1,\"name\":\"Ana s\u0259hif\u0259\",\"item\":\"https:\\\/\\\/www.meydan.tv\\\/az\\\/\"},{\"@type\":\"ListItem\",\"position\":2,\"name\":\"Sa\u011fl\u0131q\",\"item\":\"https:\\\/\\\/www.meydan.tv\\\/az\\\/section\\\/sagliq\\\/\"},{\"@type\":\"ListItem\",\"position\":3,\"name\":\"\u201cOmikron\u201d s\u00fcr\u0259tl\u0259 yay\u0131l\u0131r, d\u00fcnya is\u0259 karantin rejimind\u0259n imtina edir\"}]},{\"@type\":\"WebSite\",\"@id\":\"https:\\\/\\\/www.meydan.tv\\\/az\\\/#website\",\"url\":\"https:\\\/\\\/www.meydan.tv\\\/az\\\/\",\"name\":\"MEYDAN.TV\",\"description\":\"Meydan TV Az\u0259rbaycan\u0131n media m\u0259kan\u0131ndak\u0131 alternativ s\u0259sidir\",\"publisher\":{\"@id\":\"https:\\\/\\\/www.meydan.tv\\\/az\\\/#organization\"},\"potentialAction\":[{\"@type\":\"SearchAction\",\"target\":{\"@type\":\"EntryPoint\",\"urlTemplate\":\"https:\\\/\\\/www.meydan.tv\\\/az\\\/?s={search_term_string}\"},\"query-input\":{\"@type\":\"PropertyValueSpecification\",\"valueRequired\":true,\"valueName\":\"search_term_string\"}}],\"inLanguage\":\"az\"},{\"@type\":\"Organization\",\"@id\":\"https:\\\/\\\/www.meydan.tv\\\/az\\\/#organization\",\"name\":\"Meydan TV\",\"url\":\"https:\\\/\\\/www.meydan.tv\\\/az\\\/\",\"logo\":{\"@type\":\"ImageObject\",\"inLanguage\":\"az\",\"@id\":\"https:\\\/\\\/www.meydan.tv\\\/az\\\/#\\\/schema\\\/logo\\\/image\\\/\",\"url\":\"https:\\\/\\\/www.meydan.tv\\\/wp-content\\\/uploads\\\/2021\\\/07\\\/meydan-logo.svg\",\"contentUrl\":\"https:\\\/\\\/www.meydan.tv\\\/wp-content\\\/uploads\\\/2021\\\/07\\\/meydan-logo.svg\",\"width\":195,\"height\":46,\"caption\":\"Meydan TV\"},\"image\":{\"@id\":\"https:\\\/\\\/www.meydan.tv\\\/az\\\/#\\\/schema\\\/logo\\\/image\\\/\"}},{\"@type\":\"Person\",\"@id\":\"https:\\\/\\\/www.meydan.tv\\\/az\\\/#\\\/schema\\\/person\\\/9cdbecf90d17180ce1dfbd95b08dcf47\",\"name\":\"elli\",\"sameAs\":[\"https:\\\/\\\/x.com\\\/elli\"]}]}<\/script>\n<!-- \/ Yoast SEO plugin. -->","yoast_head_json":{"title":"\u201cOmikron\u201d s\u00fcr\u0259tl\u0259 yay\u0131l\u0131r, d\u00fcnya is\u0259 karantin rejimind\u0259n imtina edir - MEYDAN.TV","robots":{"index":"index","follow":"follow","max-snippet":"max-snippet:-1","max-image-preview":"max-image-preview:large","max-video-preview":"max-video-preview:-1"},"canonical":"https:\/\/www.meydan.tv\/az\/article\/omikron-suretle-yayilir-dunya-ise-karantin-rejiminden-imtina-edir\/","og_locale":"az_AZ","og_type":"article","og_title":"\u201cOmikron\u201d s\u00fcr\u0259tl\u0259 yay\u0131l\u0131r, d\u00fcnya is\u0259 karantin rejimind\u0259n imtina edir - MEYDAN.TV","og_description":"Natiq C\u0259f\u0259rli: \u201cAz\u0259rbaycanda onsuz azadl\u0131qlar qorunmurdu, indi d\u0259 h\u00f6kum\u0259tin \u0259lin\u0259 ... Davam\u0131","og_url":"https:\/\/www.meydan.tv\/az\/article\/omikron-suretle-yayilir-dunya-ise-karantin-rejiminden-imtina-edir\/","og_site_name":"MEYDAN.TV","article_published_time":"2022-02-03T13:10:21+00:00","article_modified_time":"2022-02-03T13:31:04+00:00","og_image":[{"width":1200,"height":799,"url":"https:\/\/www.meydan.tv\/wp-content\/uploads\/shutterstock_2082159136.jpg","type":"image\/jpeg"}],"author":"elli","twitter_card":"summary_large_image","twitter_creator":"@elli","schema":{"@context":"https:\/\/schema.org","@graph":[{"@type":"Article","@id":"https:\/\/www.meydan.tv\/az\/article\/omikron-suretle-yayilir-dunya-ise-karantin-rejiminden-imtina-edir\/#article","isPartOf":{"@id":"https:\/\/www.meydan.tv\/az\/article\/omikron-suretle-yayilir-dunya-ise-karantin-rejiminden-imtina-edir\/"},"author":{"name":"elli","@id":"https:\/\/www.meydan.tv\/az\/#\/schema\/person\/9cdbecf90d17180ce1dfbd95b08dcf47"},"headline":"\u201cOmikron\u201d s\u00fcr\u0259tl\u0259 yay\u0131l\u0131r, d\u00fcnya is\u0259 karantin rejimind\u0259n imtina edir","datePublished":"2022-02-03T13:10:21+00:00","dateModified":"2022-02-03T13:31:04+00:00","mainEntityOfPage":{"@id":"https:\/\/www.meydan.tv\/az\/article\/omikron-suretle-yayilir-dunya-ise-karantin-rejiminden-imtina-edir\/"},"wordCount":1372,"publisher":{"@id":"https:\/\/www.meydan.tv\/az\/#organization"},"image":{"@id":"https:\/\/www.meydan.tv\/az\/article\/omikron-suretle-yayilir-dunya-ise-karantin-rejiminden-imtina-edir\/#primaryimage"},"thumbnailUrl":"https:\/\/www.meydan.tv\/wp-content\/uploads\/shutterstock_2082159136.jpg","articleSection":["Sa\u011fl\u0131q","T\u00f6vsiy\u0259","X\u0259b\u0259rl\u0259r"],"inLanguage":"az"},{"@type":"WebPage","@id":"https:\/\/www.meydan.tv\/az\/article\/omikron-suretle-yayilir-dunya-ise-karantin-rejiminden-imtina-edir\/","url":"https:\/\/www.meydan.tv\/az\/article\/omikron-suretle-yayilir-dunya-ise-karantin-rejiminden-imtina-edir\/","name":"\u201cOmikron\u201d s\u00fcr\u0259tl\u0259 yay\u0131l\u0131r, d\u00fcnya is\u0259 karantin rejimind\u0259n imtina edir - MEYDAN.TV","isPartOf":{"@id":"https:\/\/www.meydan.tv\/az\/#website"},"primaryImageOfPage":{"@id":"https:\/\/www.meydan.tv\/az\/article\/omikron-suretle-yayilir-dunya-ise-karantin-rejiminden-imtina-edir\/#primaryimage"},"image":{"@id":"https:\/\/www.meydan.tv\/az\/article\/omikron-suretle-yayilir-dunya-ise-karantin-rejiminden-imtina-edir\/#primaryimage"},"thumbnailUrl":"https:\/\/www.meydan.tv\/wp-content\/uploads\/shutterstock_2082159136.jpg","datePublished":"2022-02-03T13:10:21+00:00","dateModified":"2022-02-03T13:31:04+00:00","breadcrumb":{"@id":"https:\/\/www.meydan.tv\/az\/article\/omikron-suretle-yayilir-dunya-ise-karantin-rejiminden-imtina-edir\/#breadcrumb"},"inLanguage":"az","potentialAction":[{"@type":"ReadAction","target":["https:\/\/www.meydan.tv\/az\/article\/omikron-suretle-yayilir-dunya-ise-karantin-rejiminden-imtina-edir\/"]}]},{"@type":"ImageObject","inLanguage":"az","@id":"https:\/\/www.meydan.tv\/az\/article\/omikron-suretle-yayilir-dunya-ise-karantin-rejiminden-imtina-edir\/#primaryimage","url":"https:\/\/www.meydan.tv\/wp-content\/uploads\/shutterstock_2082159136.jpg","contentUrl":"https:\/\/www.meydan.tv\/wp-content\/uploads\/shutterstock_2082159136.jpg","width":1200,"height":799,"caption":"Omikron, Zhuravlev Andrey\/shutterstock"},{"@type":"BreadcrumbList","@id":"https:\/\/www.meydan.tv\/az\/article\/omikron-suretle-yayilir-dunya-ise-karantin-rejiminden-imtina-edir\/#breadcrumb","itemListElement":[{"@type":"ListItem","position":1,"name":"Ana s\u0259hif\u0259","item":"https:\/\/www.meydan.tv\/az\/"},{"@type":"ListItem","position":2,"name":"Sa\u011fl\u0131q","item":"https:\/\/www.meydan.tv\/az\/section\/sagliq\/"},{"@type":"ListItem","position":3,"name":"\u201cOmikron\u201d s\u00fcr\u0259tl\u0259 yay\u0131l\u0131r, d\u00fcnya is\u0259 karantin rejimind\u0259n imtina edir"}]},{"@type":"WebSite","@id":"https:\/\/www.meydan.tv\/az\/#website","url":"https:\/\/www.meydan.tv\/az\/","name":"MEYDAN.TV","description":"Meydan TV Az\u0259rbaycan\u0131n media m\u0259kan\u0131ndak\u0131 alternativ s\u0259sidir","publisher":{"@id":"https:\/\/www.meydan.tv\/az\/#organization"},"potentialAction":[{"@type":"SearchAction","target":{"@type":"EntryPoint","urlTemplate":"https:\/\/www.meydan.tv\/az\/?s={search_term_string}"},"query-input":{"@type":"PropertyValueSpecification","valueRequired":true,"valueName":"search_term_string"}}],"inLanguage":"az"},{"@type":"Organization","@id":"https:\/\/www.meydan.tv\/az\/#organization","name":"Meydan TV","url":"https:\/\/www.meydan.tv\/az\/","logo":{"@type":"ImageObject","inLanguage":"az","@id":"https:\/\/www.meydan.tv\/az\/#\/schema\/logo\/image\/","url":"https:\/\/www.meydan.tv\/wp-content\/uploads\/2021\/07\/meydan-logo.svg","contentUrl":"https:\/\/www.meydan.tv\/wp-content\/uploads\/2021\/07\/meydan-logo.svg","width":195,"height":46,"caption":"Meydan TV"},"image":{"@id":"https:\/\/www.meydan.tv\/az\/#\/schema\/logo\/image\/"}},{"@type":"Person","@id":"https:\/\/www.meydan.tv\/az\/#\/schema\/person\/9cdbecf90d17180ce1dfbd95b08dcf47","name":"elli","sameAs":["https:\/\/x.com\/elli"]}]}},"_links":{"self":[{"href":"https:\/\/www.meydan.tv\/az\/wp-json\/wp\/v2\/posts\/233690","targetHints":{"allow":["GET"]}}],"collection":[{"href":"https:\/\/www.meydan.tv\/az\/wp-json\/wp\/v2\/posts"}],"about":[{"href":"https:\/\/www.meydan.tv\/az\/wp-json\/wp\/v2\/types\/post"}],"author":[{"embeddable":true,"href":"https:\/\/www.meydan.tv\/az\/wp-json\/wp\/v2\/users\/8"}],"replies":[{"embeddable":true,"href":"https:\/\/www.meydan.tv\/az\/wp-json\/wp\/v2\/comments?post=233690"}],"version-history":[{"count":6,"href":"https:\/\/www.meydan.tv\/az\/wp-json\/wp\/v2\/posts\/233690\/revisions"}],"predecessor-version":[{"id":233716,"href":"https:\/\/www.meydan.tv\/az\/wp-json\/wp\/v2\/posts\/233690\/revisions\/233716"}],"wp:featuredmedia":[{"embeddable":true,"href":"https:\/\/www.meydan.tv\/az\/wp-json\/wp\/v2\/media\/233691"}],"wp:attachment":[{"href":"https:\/\/www.meydan.tv\/az\/wp-json\/wp\/v2\/media?parent=233690"}],"wp:term":[{"taxonomy":"category","embeddable":true,"href":"https:\/\/www.meydan.tv\/az\/wp-json\/wp\/v2\/categories?post=233690"},{"taxonomy":"post_tag","embeddable":true,"href":"https:\/\/www.meydan.tv\/az\/wp-json\/wp\/v2\/tags?post=233690"}],"curies":[{"name":"wp","href":"https:\/\/api.w.org\/{rel}","templated":true}]}}