{"id":233645,"date":"2022-02-03T15:01:56","date_gmt":"2022-02-03T11:01:56","guid":{"rendered":"https:\/\/www.meydan.tv\/?p=233645"},"modified":"2022-02-03T15:06:54","modified_gmt":"2022-02-03T11:06:54","slug":"yap-uzvluk-haqqini-artirdi-konullu-yoxsa-mecburi-yigim","status":"publish","type":"post","link":"https:\/\/www.meydan.tv\/az\/article\/yap-uzvluk-haqqini-artirdi-konullu-yoxsa-mecburi-yigim\/","title":{"rendered":"YAP \u00fczvl\u00fck haqq\u0131n\u0131 art\u0131rd\u0131: k\u00f6n\u00fcll\u00fc, yoxsa m\u0259cburi y\u0131\u011f\u0131m?.."},"content":{"rendered":"\n<p><em>\u015eikay\u0259t ed\u0259n \u00fczvl\u0259r a\u00e7\u0131q dan\u0131\u015fmaqdan \u00e7\u0259kinir, i\u015fl\u0259rini itir\u0259c\u0259kl\u0259rind\u0259n qorxurlar<\/em><\/p>\n\n\n\n<p>Hakim Yeni Az\u0259rbaycan Partiyas\u0131 \u00fczvl\u00fck haqlar\u0131n\u0131n m\u0259bl\u0259\u011fi v\u0259 \u00f6d\u0259nilm\u0259si qaydas\u0131nda d\u0259yi\u015fiklik edib.<\/p>\n\n\n\n<p>\u0130dar\u0259 Hey\u0259tinin 29 dekabr q\u0259rar\u0131na g\u00f6r\u0259, partiya \u00fczvl\u0259ri ayl\u0131q maa\u015flar\u0131n\u0131n 1 faizini \u00fczvl\u00fck haqq\u0131 <a href=\"http:\/\/yap.org.az\/az\/view\/pages\/115\" target=\"_blank\" rel=\"noreferrer noopener\">\u00f6d\u0259m\u0259lidir<\/a>.<\/p>\n\n\n\n<p>Q\u0259rarda bu qaydan\u0131n Nizamnam\u0259nin <a href=\"http:\/\/yap.org.az\/az\/view\/pages\/8\" target=\"_blank\" rel=\"noreferrer noopener\">5.5-ci b\u0259nd<\/a>inin icras\u0131n\u0131 t\u0259min etm\u0259k m\u0259qs\u0259dil\u0259 haz\u0131rland\u0131\u011f\u0131 vur\u011fulan\u0131r.<\/p>\n\n\n\n<p>Nizamnam\u0259nin 5.5. b\u0259ndind\u0259 \u00fczvl\u00fck haqlar\u0131n\u0131n m\u0259bl\u0259\u011fi v\u0259 \u00f6d\u0259nilm\u0259si qaydas\u0131n\u0131n \u0130dar\u0259 Hey\u0259ti t\u0259r\u0259find\u0259n m\u00fc\u0259yy\u0259n edildiyi deyilir.<\/p>\n\n\n\n<p>S\u0259n\u0259din 5.7.3. b\u0259ndind\u0259 \u00fczvl\u00fck haqq\u0131n\u0131 \u00f6d\u0259m\u0259yin v\u0259zif\u0259 oldu\u011fu bildirilir.<\/p>\n\n\n\n<p>Nizamnam\u0259nin 5.10. b\u0259ndind\u0259 bu v\u0259zif\u0259ni yerin\u0259 yetirm\u0259y\u0259nl\u0259r\u0259 m\u00fcxt\u0259lif c\u0259zalar verilir ki, bura x\u0259b\u0259rdarl\u0131q, t\u00f6hm\u0259t, se\u00e7kili, t\u0259yinatl\u0131 v\u0259zif\u0259d\u0259n azad, n\u0259hay\u0259t, partiyadan xaric etm\u0259k daxildir.<\/p>\n\n\n\n<p><strong>\u018fvv\u0259ll\u0259r 1 manat \u00fczvl\u00fck haqq\u0131 y\u0131\u011f\u0131l\u0131b<\/strong><\/p>\n\n\n\n<p>\u00d6t\u0259n ilin sonuna q\u0259d\u0259r is\u0259 hakim partiyada \u00fczvl\u00fck haqq\u0131 1 manat civar\u0131ndayd\u0131.<\/p>\n\n\n\n<p>YAP-nin \u0130cra katibinin sabiq m\u00fcavini <a href=\"https:\/\/apa.az\/az\/domestic-news\/xeber_azerbaycanin_siyasi_partiyalarinda_uzvlu_-291229\" target=\"_blank\" rel=\"noreferrer noopener\">Siyavu\u015f Novruzov<\/a> h\u0259l\u0259 2013-c\u00fc ild\u0259 demi\u015fdi ki, partiyada \u00fczvl\u00fck haqq\u0131 1 manat m\u00fc\u0259yy\u0259nl\u0259\u015fib: <\/p>\n\n\n\n<p>\u201c\u00dczvl\u0259r aras\u0131nda bu m\u0259bl\u0259\u011fd\u0259n d\u0259 art\u0131q \u00f6d\u0259y\u0259nl\u0259r var. \u018fvv\u0259ll\u0259r, h\u0259l\u0259 Kommunist Partiyas\u0131n\u0131n d\u00f6vr\u00fcnd\u0259 bel\u0259 bir sistem vard\u0131 ki, al\u0131nan \u0259m\u0259khaqq\u0131n\u0131n 1 faizi \u00fczvl\u00fck haqq\u0131 kimi m\u00fc\u0259yy\u0259nl\u0259\u015fsin. Lakin biz YAP Siyasi \u015euras\u0131nda v\u0259 \u0130dar\u0259 Hey\u0259tind\u0259 m\u00fczakir\u0259l\u0259r apararaq, o c\u00fcml\u0259d\u0259n rayon-\u015f\u0259h\u0259r t\u0259\u015fkilatlar\u0131n\u0131n h\u0259r birinin m\u00f6vqeyini \u00f6yr\u0259ndikd\u0259n sonra bel\u0259 m\u00fc\u0259yy\u0259nl\u0259\u015fdirdik ki, i\u015fl\u0259y\u0259n partiya \u00fczvl\u0259rinin h\u0259r birind\u0259n 1 manat m\u0259bl\u0259\u011find\u0259 \u00fczvl\u00fck haqq\u0131 y\u0131\u011f\u0131lmal\u0131d\u0131r. Burada faiz n\u0259z\u0259r\u0259 al\u0131nm\u0131r. Bu minimum s\u0259viyy\u0259d\u0259 bel\u0259dir v\u0259 onun yuxar\u0131 h\u0259ddi m\u00fc\u0259yy\u0259nl\u0259\u015fm\u0259yib. M\u0259s\u0259l\u0259n, el\u0259 adam var ki, bir az art\u0131q \u00f6d\u0259yir. El\u0259si d\u0259 var ki, lap art\u0131q \u00f6d\u0259yir. Y\u0259ni bunlar ham\u0131s\u0131 m\u00fcxt\u0259lif formadad\u0131r&#8221;.<\/p>\n\n\n\n<div class=\"wp-block-image\"><figure class=\"alignright size-full is-resized\"><img decoding=\"async\" data-src=\"https:\/\/www.meydan.tv\/wp-content\/uploads\/3c7f2410272833516b9d426c7daa302f.jpg\" alt=\"Siyavu\u015f Novruzov\" class=\"wp-image-146623 lazyload\" width=\"413\" height=\"275\" src=\"data:image\/svg+xml;base64,PHN2ZyB3aWR0aD0iMSIgaGVpZ2h0PSIxIiB4bWxucz0iaHR0cDovL3d3dy53My5vcmcvMjAwMC9zdmciPjwvc3ZnPg==\" style=\"--smush-placeholder-width: 413px; --smush-placeholder-aspect-ratio: 413\/275;\" \/><figcaption>Source: APA<\/figcaption><\/figure><\/div>\n\n\n\n<p>&#8220;M\u0259n Milli M\u0259clisin deputat\u0131 kimi daha art\u0131q \u00fczvl\u00fck haqq\u0131 \u00f6d\u0259yir\u0259m. \u018fslind\u0259 is\u0259 1 manat m\u00fc\u0259yy\u0259nl\u0259\u015fib. Lakin \u00fczvl\u00fck haqq\u0131n\u0131n \u00f6d\u0259nilm\u0259sin\u0259 i\u015fl\u0259m\u0259y\u0259n partiya \u00fczvl\u0259ri, t\u0259l\u0259b\u0259l\u0259r daxil deyil\u201d, &#8211; dey\u0259 Novruzov qeyd edib.<\/p>\n\n\n\n<p>Bel\u0259likl\u0259, hakim partiya S.Novruzovun xat\u0131rlatd\u0131\u011f\u0131 Kommunist Partiyas\u0131n\u0131n qaydas\u0131na qay\u0131d\u0131b. Y\u0259ni sovet d\u00f6vr\u00fcnd\u0259 oldu\u011fu kimi partiya \u00fczvl\u0259rinin maa\u015f\u0131ndan 1 faiz \u00e7\u0131x\u0131l\u0131r.<\/p>\n\n\n\n<p>Partiyan\u0131n MSK-ya verdiyi 2020-ci il hesabat\u0131na \u0259sas\u0259n, h\u0259min il 10 milyon 346 min 294 manat \u00fczvl\u00fckhaqq\u0131 topan\u0131b.<\/p>\n\n\n\n<p>Parlamentd\u0259 \u00e7oxluq t\u0259\u015fkil etdiyind\u0259n d\u00f6vl\u0259t b\u00fcdc\u0259sind\u0259n d\u0259 partiyaya 1 milyon 942 min 414 manat <a href=\"http:\/\/www.msk.gov.az\/uploads\/partiyalar\/2020\/Partiya_pdf\/10\/2.pdf\" target=\"_blank\" rel=\"noreferrer noopener\">ayr\u0131l\u0131b<\/a>.<\/p>\n\n\n\n<p>Yeni Az\u0259rbaycan Partiyas\u0131n\u0131n \u00fczvl\u0259rinin say\u0131na g\u0259ldikd\u0259 sonuncu d\u0259f\u0259 \u00f6t\u0259n ilin noyabr\u0131nda bu bar\u0259d\u0259 a\u00e7\u0131qlama yay\u0131l\u0131b.<\/p>\n\n\n\n<p>Partiya s\u0259drinin m\u00fcavini, M\u0259rk\u0259zi Aparat\u0131n r\u0259hb\u0259ri Tahir Budaqov YAP-\u0131n 800 min\u0259 yax\u0131n \u00fczv\u00fc oldu\u011funu <a href=\"https:\/\/report.az\/daxili-siyaset\/yeni-azerbaycan-partiyasinin-uzvlerinin-sayi-aciqlanib\/\" target=\"_blank\" rel=\"noreferrer noopener\">deyib<\/a>. Ancaq hakim partiyan\u0131n 29 dekabr q\u0259rar\u0131 birm\u0259nal\u0131 qar\u015f\u0131lanm\u0131r.<\/p>\n\n\n\n<p><strong>\u015eikay\u0259t ed\u0259n \u00fczvl\u0259r a\u00e7\u0131q dan\u0131\u015fmaqdan \u00e7\u0259kinirl\u0259r<\/strong><\/p>\n\n\n\n<p>Meydan TV-y\u0259 \u00fczvl\u00fck haqq\u0131yla ba\u011fl\u0131 \u015fikay\u0259t ed\u0259n d\u00f6vl\u0259t sektorunda \u00e7al\u0131\u015fan \u015f\u0259xsl\u0259r, m\u0259kt\u0259b, ba\u011f\u00e7a v\u0259 h\u0259tta AMEA i\u015f\u00e7il\u0259ri bu bar\u0259d\u0259 a\u00e7\u0131q dan\u0131\u015fmaqdan \u00e7\u0259kinirl\u0259r.<\/p>\n\n\n\n<p>Onlar m\u0259s\u0259l\u0259ni ictimail\u0259\u015fdir\u0259c\u0259kl\u0259ri t\u0259qdird\u0259 t\u0259zyiql\u0259 \u00fczl\u0259\u015f\u0259c\u0259kl\u0259rini, i\u015fl\u0259rini itir\u0259c\u0259kl\u0259rini deyirl\u0259r.<\/p>\n\n\n\n<p>R\u0259smi m\u0259lumatlara g\u00f6r\u0259, Az\u0259rbaycanda 1.7 milyon muzdla i\u015fl\u0259y\u0259n var ki, onlar\u0131n 905,7 min n\u0259f\u0259ri d\u00f6vl\u0259t sektorunda \u00e7al\u0131\u015f\u0131r. \u018fg\u0259r d\u00f6vl\u0259t b\u00fcdc\u0259sind\u0259n maa\u015f alanlar\u0131n 80 faizi YAP \u00fczv\u00fcd\u00fcrs\u0259, bu, t\u0259qrib\u0259n 724 min n\u0259f\u0259r edir. Bel\u0259 bir halda bu r\u0259q\u0259m Tahir Budaqovun \u00fczvl\u0259rin say\u0131 il\u0259 ba\u011fl\u0131 a\u00e7\u0131qlad\u0131\u011f\u0131 m\u0259lumatla t\u0259xmin\u0259n \u00fcst-\u00fcst\u0259 d\u00fc\u015f\u00fcr.<\/p>\n\n\n\n<div class=\"wp-block-image\"><figure class=\"alignleft size-full is-resized\"><img decoding=\"async\" data-src=\"https:\/\/www.meydan.tv\/wp-content\/uploads\/df0a2c957fc23b0d8bc4e72d711171bd.jpg\" alt=\"\" class=\"wp-image-233654 lazyload\" width=\"426\" height=\"284\" src=\"data:image\/svg+xml;base64,PHN2ZyB3aWR0aD0iMSIgaGVpZ2h0PSIxIiB4bWxucz0iaHR0cDovL3d3dy53My5vcmcvMjAwMC9zdmciPjwvc3ZnPg==\" style=\"--smush-placeholder-width: 426px; --smush-placeholder-aspect-ratio: 426\/284;\" \/><figcaption>Tahir Budaqov, Foto: http:\/\/yap.org.az\/<\/figcaption><\/figure><\/div>\n\n\n\n<p>Tahir Budaqovun a\u00e7\u0131qlad\u0131\u011f\u0131 r\u0259q\u0259ml\u0259 \u00fczvl\u0259rin say\u0131 m\u00fcqayis\u0259 edils\u0259, dem\u0259li, YAP-da h\u0259r ay t\u0259xmin\u0259n 5 milyon civar\u0131nda \u00fczvl\u00fck haqq\u0131 toplan\u0131r. \u018flb\u0259tt\u0259, bunlar ehtimallar oldu\u011fundan suallar do\u011furur:<\/p>\n\n\n\n<p><\/p>\n\n\n\n<p><\/p>\n\n\n\n<p><\/p>\n\n\n\n<ul class=\"wp-block-list\"><li><em>Birincisi, hakim partiya \u00fczvl\u0259rinin ne\u00e7\u0259si d\u00f6vl\u0259t sektorunda \u00e7al\u0131\u015f\u0131r?<\/em><\/li><li><em>\u0130kincisi, ayl\u0131q \u00fczvl\u00fck haqq\u0131 n\u0259 q\u0259d\u0259r toplan\u0131r v\u0259 toplanan v\u0259saitl\u0259rin t\u0259snifat\u0131 nec\u0259dir, y\u0259ni m\u0259kt\u0259bl\u0259rd\u0259n, elmi m\u00fc\u0259ssis\u0259l\u0259rd\u0259n, dig\u0259r d\u00f6vl\u0259t qurumlar\u0131ndan?<\/em><\/li><li><em>N\u0259hay\u0259t, hakim partiyan\u0131n \u00fczvl\u00fck haqq\u0131ndan x\u0259rcl\u0259m\u0259l\u0259ri, konkret olaraq, aparatda \u00e7al\u0131\u015fanlar\u0131n maa\u015flar\u0131 v\u0259 dig\u0259r z\u0259ruri x\u0259rcl\u0259ri n\u0259 q\u0259d\u0259rdir?<\/em><\/li><\/ul>\n\n\n\n<p>T\u0259\u0259ss\u00fcf ki, YAP-dan bu y\u00f6nd\u0259 yaranan suallara cavab almaq m\u00fcmk\u00fcn olmad\u0131. S\u0259dr m\u00fcavini Tahir Budaqov telefon z\u0259ngl\u0259rin\u0259 cavab vem\u0259di.<\/p>\n\n\n\n<p>Milli M\u0259clisd\u0259 hakim partiyan\u0131 t\u0259smil ed\u0259n Hikm\u0259t Babao\u011flu partiyan\u0131n sayt\u0131nda q\u0259rar\u0131n oldu\u011funu dey\u0259r\u0259k \u0259lav\u0259 etdi ki, o, bu m\u0259s\u0259l\u0259y\u0259 cavab verm\u0259y\u0259 m\u0259sul deyil: \u201cM\u0259tbuat Xidm\u0259ti il\u0259 \u0259laq\u0259 saxlay\u0131n\u201d.<\/p>\n\n\n\n<p>M\u0259tbuat Xidm\u0259tinin r\u0259hb\u0259ri Elm\u0259ddin Quliyevl\u0259 g\u00fcn \u0259rzind\u0259 \u0259laq\u0259 saxlamaq m\u00fcmk\u00fcn olmad\u0131.<\/p>\n\n\n\n<p>Dig\u0259r YAP-\u00e7\u0131 M\u0259lah\u0259t H\u0259s\u0259nova art\u0131q N\u0259simi Rayon T\u0259\u015fkilat\u0131n\u0131n s\u0259dri v\u0259zif\u0259sini da\u015f\u0131mad\u0131\u011f\u0131ndan q\u0259rardan x\u0259b\u0259rsiz oldu\u011funu s\u00f6yl\u0259di: \u201cBilmir\u0259m, n\u0259 vaxt olub, sizd\u0259n e\u015fidir\u0259m. Partiyan\u0131n sayt\u0131nda varsa, baxaram\u201d.<\/p>\n\n\n\n<p>Ba\u015fqa bir YAP-\u00e7\u0131 deputat Elman N\u0259sirov da: \u201cBu tipli suallar\u0131 partiya r\u0259hb\u0259rliyin\u0259 \u00fcnvanlay\u0131n\u201d, &#8211; dey\u0259r\u0259k cabab verm\u0259kd\u0259n yay\u0131nd\u0131.<\/p>\n\n\n\n<p><strong>Deputat: &#8220;M\u00fcharib\u0259d\u0259n sonra yeni reall\u0131q yaran\u0131b&#8221;<\/strong><\/p>\n\n\n\n<p>Partiyan\u0131n \u0130dar\u0259 Hey\u0259tinin \u00fczv\u00fc, deputat Cavid Osmanov is\u0259 Meydan TV-y\u0259 m\u0259s\u0259l\u0259ni bel\u0259 \u015f\u0259rh etdi: <\/p>\n\n\n\n<p>&#8220;\u0130kinci Qaraba\u011f sava\u015f\u0131ndan sonra b\u00f6lg\u0259d\u0259ki reall\u0131qlara \u0259sas\u0259n \u00e7ox sah\u0259l\u0259rd\u0259 yeni m\u0259rh\u0259l\u0259nin ba\u015flanmas\u0131na ehtiyac var. O c\u00fcml\u0259d\u0259n, C\u0259nubi Qafqaz\u0131n \u0259n b\u00f6y\u00fck partiyas\u0131 olan Yeni Az\u0259rbaycan Partiyas\u0131n\u0131n qar\u015f\u0131s\u0131nda yeni h\u0259d\u0259fl\u0259r, yeni prioritetl\u0259r m\u00fc\u0259yy\u0259nl\u0259\u015fdi. \u00d6t\u0259n ilin mart\u0131n 5-d\u0259 partiyan\u0131n VII qurultay\u0131nda \u00f6lk\u0259 prezidenti bu h\u0259d\u0259fl\u0259ri v\u0259 prioritetl\u0259ri v\u0259zif\u0259 kimi m\u00fc\u0259yy\u0259nl\u0259\u015fdirdi. Eyni zamanda, qurultayda yeni nizamnam\u0259 q\u0259bul olundu. Art\u0131q partiyada yeni m\u0259rh\u0259l\u0259 ba\u015flay\u0131b v\u0259 islahatlar da apar\u0131ld\u0131. Bu bax\u0131mdan \u0130dar\u0259 Hey\u0259tinin q\u0259rar\u0131yla \u00fczvl\u00fck haqlar\u0131n\u0131n y\u0131\u011f\u0131lmas\u0131nda yeni i\u015f qaydas\u0131 t\u0259sdiq olundu. Qaydaya uy\u011fun olaraq d\u00f6vl\u0259t m\u00fc\u0259ssis\u0259l\u0259rind\u0259 \u00e7al\u0131\u015fan hakim partiya \u00fczvl\u0259ri yanvar ay\u0131ndan \u0259m\u0259k haqq\u0131n\u0131n 1 faizinin t\u0259\u015fkilata ian\u0259 edilm\u0259si bar\u0259sind\u0259 q\u0259rar q\u0259bul olundu\u201d.<\/p>\n\n\n\n<p>C.Osmanovun s\u00f6zl\u0259rin\u0259 g\u00f6r\u0259, bu g\u00fcn\u0259 q\u0259d\u0259r bir s\u0131ra t\u0259\u015fkilatlarda bu forma olub: <\/p>\n\n\n\n<p>\u201cB\u0259zil\u0259rind\u0259 \u00fczvl\u00fck haqq\u0131 ba\u015fqa formada y\u0131\u011f\u0131l\u0131rd\u0131. Amma art\u0131q yeni ild\u0259n vahid i\u015f qaydas\u0131 t\u0259sdiq olunub. \u0130\u015f qaydas\u0131na g\u00f6r\u0259 \u00f6z\u0259l sektorda \u00e7al\u0131\u015fan sahibkarlar, \u00f6z\u00fcn\u0259m\u0259\u015f\u011fulluq proqram\u0131yla \u0259hat\u0259 olunan \u00fczvl\u0259rin d\u0259 yeni i\u015f qaydas\u0131nda \u00f6d\u0259y\u0259c\u0259kl\u0259r. Burada minimum \u0259m\u0259khaqq\u0131n\u0131n iki mislinin 1 faizi kimi \u00f6d\u0259nm\u0259si q\u0259bul olundu. N\u0259z\u0259r\u0259 al\u0131n ki, partiyan\u0131n \u00fczvl\u0259ri s\u0131ras\u0131nda t\u0259l\u0259b\u0259l\u0259r, t\u0259qa\u00fcd\u00e7\u00fcl\u0259r v\u0259 dig\u0259r sosial \u00f6d\u0259ni\u015fl\u0259r \u015f\u0259xsl\u0259r d\u0259 var. Onlardan \u00fczvl\u00fck haqq\u0131n\u0131n y\u0131\u011f\u0131lmas\u0131 k\u00f6n\u00fcll\u00fc olacaq&#8221;.<\/p>\n\n\n\n<div class=\"wp-block-image\"><figure class=\"alignright size-full is-resized\"><img decoding=\"async\" data-src=\"https:\/\/www.meydan.tv\/wp-content\/uploads\/605cbd87f324a7f-1.jpg\" alt=\"\" class=\"wp-image-233660 lazyload\" width=\"400\" height=\"267\" src=\"data:image\/svg+xml;base64,PHN2ZyB3aWR0aD0iMSIgaGVpZ2h0PSIxIiB4bWxucz0iaHR0cDovL3d3dy53My5vcmcvMjAwMC9zdmciPjwvc3ZnPg==\" style=\"--smush-placeholder-width: 400px; --smush-placeholder-aspect-ratio: 400\/267;\" \/><\/figure><\/div>\n\n\n\n<p>&#8220;D\u00fc\u015f\u00fcn\u00fcr\u0259m ki, yeni nizam-intizam bu i\u015f qaydas\u0131yla formala\u015facaq. Art\u0131q rayon v\u0259 \u015f\u0259h\u0259r t\u0259\u015fkilatlar\u0131nda struktur d\u0259yi\u015fiklikl\u0259ri apar\u0131l\u0131r, onlar\u0131n da \u0259m\u0259k haqlar\u0131nda \u00e7ox ciddi art\u0131m m\u00fc\u015fahid\u0259 olunur\u201d, &#8211; YAP r\u0259smisi bel\u0259 deyib.<\/p>\n\n\n\n<p><\/p>\n\n\n\n<p><\/p>\n\n\n\n<p>Cavid Osmanov, Foto: Ona.az<\/p>\n\n\n\n<p><\/p>\n\n\n\n<p>H\u00fcquq\u015f\u00fcnas S\u0259m\u0259d R\u0259himli is\u0259 bildirib ki, siyasi partiyalar\u0131n f\u0259aliyy\u0259ti \u201cSiyasi partiyalar haqq\u0131nda\u201d Qanunla t\u0259nziml\u0259nir: <\/p>\n\n\n\n<p>\u201cAmma m\u00f6vcud qanunda \u00fczvl\u00fck haqlar\u0131n\u0131n hesablanmas\u0131na dair h\u0259r hans\u0131 m\u0259hdudiyy\u0259t yoxdur&#8221;.<\/p>\n\n\n\n<p><strong>H\u00fcquq\u015f\u00fcnas: &#8220;Partiya \u00fczvl\u0259ri naraz\u0131d\u0131rlarsa, ya qurultay \u00e7a\u011f\u0131rmal\u0131, ya da istefa verm\u0259lidirl\u0259r&#8221;<\/strong><\/p>\n\n\n\n<p>&#8220;Bu halda Yeni Az\u0259rbaycan Partiyas\u0131n\u0131n \u00fczvl\u00fck haqq\u0131n\u0131 t\u0259yin etm\u0259k h\u00fcququ var. \u018fg\u0259r partiya \u00fczvl\u0259ri \u00fczvl\u00fck haqlar\u0131n\u0131n m\u0259bl\u0259\u011find\u0259n naraz\u0131d\u0131rlarsa, qurultay \u00e7a\u011f\u0131r\u0131b \u0130dar\u0259 Hey\u0259tind\u0259n m\u0259lum b\u0259ndin d\u0259yi\u015fdirilm\u0259sini t\u0259l\u0259b ed\u0259 bil\u0259rl\u0259r. Onun xaricind\u0259 ba\u015fqa vasit\u0259l\u0259rd\u0259n biri partiyadan istefa verm\u0259kdir. Ba\u015fqa variant yoxdur, \u00e7\u00fcnki partiya d\u00f6vl\u0259t qurumu deyil, \u00f6z\u0259l t\u0259\u015fkilatd\u0131r\u201d, &#8211; dey\u0259 o bildirib.<\/p>\n","protected":false},"excerpt":{"rendered":"<p>\u015eikay\u0259t ed\u0259n \u00fczvl\u0259r a\u00e7\u0131q dan\u0131\u015fmaqdan \u00e7\u0259kinir, i\u015fl\u0259rini itir\u0259c\u0259kl\u0259rind\u0259n qorxurlar Hakim &#8230; <\/p>\n<p class=\"read-more-container\"><a title=\"YAP \u00fczvl\u00fck haqq\u0131n\u0131 art\u0131rd\u0131: k\u00f6n\u00fcll\u00fc, yoxsa m\u0259cburi y\u0131\u011f\u0131m?..\" class=\"read-more button\" href=\"https:\/\/www.meydan.tv\/az\/article\/yap-uzvluk-haqqini-artirdi-konullu-yoxsa-mecburi-yigim\/#more-233645\" aria-label=\"Read more about YAP \u00fczvl\u00fck haqq\u0131n\u0131 art\u0131rd\u0131: k\u00f6n\u00fcll\u00fc, yoxsa m\u0259cburi y\u0131\u011f\u0131m?..\">Davam\u0131<\/a><\/p>\n","protected":false},"author":8,"featured_media":233651,"comment_status":"closed","ping_status":"closed","sticky":false,"template":"","format":"standard","meta":{"_acf_changed":false,"_sitemap_exclude":false,"_sitemap_priority":"","_sitemap_frequency":"","footnotes":""},"categories":[59,79,56],"tags":[],"class_list":["post-233645","post","type-post","status-publish","format-standard","has-post-thumbnail","hentry","category-siyaset","category-featured","category-xeberler","infinite-scroll-item","generate-columns","tablet-grid-50","mobile-grid-100","grid-parent","grid-33","no-featured-image-padding"],"acf":[],"yoast_head":"<!-- This site is optimized with the Yoast SEO plugin v27.4 - https:\/\/yoast.com\/product\/yoast-seo-wordpress\/ -->\n<title>YAP \u00fczvl\u00fck haqq\u0131n\u0131 art\u0131rd\u0131: k\u00f6n\u00fcll\u00fc, yoxsa m\u0259cburi y\u0131\u011f\u0131m?.. - MEYDAN.TV<\/title>\n<meta name=\"robots\" content=\"index, follow, max-snippet:-1, max-image-preview:large, max-video-preview:-1\" \/>\n<link rel=\"canonical\" href=\"https:\/\/www.meydan.tv\/az\/article\/yap-uzvluk-haqqini-artirdi-konullu-yoxsa-mecburi-yigim\/\" \/>\n<meta property=\"og:locale\" content=\"az_AZ\" \/>\n<meta property=\"og:type\" content=\"article\" \/>\n<meta property=\"og:title\" content=\"YAP \u00fczvl\u00fck haqq\u0131n\u0131 art\u0131rd\u0131: k\u00f6n\u00fcll\u00fc, yoxsa m\u0259cburi y\u0131\u011f\u0131m?.. - MEYDAN.TV\" \/>\n<meta property=\"og:description\" content=\"\u015eikay\u0259t ed\u0259n \u00fczvl\u0259r a\u00e7\u0131q dan\u0131\u015fmaqdan \u00e7\u0259kinir, i\u015fl\u0259rini itir\u0259c\u0259kl\u0259rind\u0259n qorxurlar Hakim ... Davam\u0131\" \/>\n<meta property=\"og:url\" content=\"https:\/\/www.meydan.tv\/az\/article\/yap-uzvluk-haqqini-artirdi-konullu-yoxsa-mecburi-yigim\/\" \/>\n<meta property=\"og:site_name\" content=\"MEYDAN.TV\" \/>\n<meta property=\"article:published_time\" content=\"2022-02-03T11:01:56+00:00\" \/>\n<meta property=\"article:modified_time\" content=\"2022-02-03T11:06:54+00:00\" \/>\n<meta property=\"og:image\" content=\"https:\/\/www.meydan.tv\/wp-content\/uploads\/modern.az_14625398151479706942_192-1-e1643884481189.jpg\" \/>\n\t<meta property=\"og:image:width\" content=\"1167\" \/>\n\t<meta property=\"og:image:height\" content=\"703\" \/>\n\t<meta property=\"og:image:type\" content=\"image\/jpeg\" \/>\n<meta name=\"author\" content=\"elli\" \/>\n<meta name=\"twitter:card\" content=\"summary_large_image\" \/>\n<meta name=\"twitter:creator\" content=\"@elli\" \/>\n<script type=\"application\/ld+json\" class=\"yoast-schema-graph\">{\"@context\":\"https:\\\/\\\/schema.org\",\"@graph\":[{\"@type\":\"Article\",\"@id\":\"https:\\\/\\\/www.meydan.tv\\\/az\\\/article\\\/yap-uzvluk-haqqini-artirdi-konullu-yoxsa-mecburi-yigim\\\/#article\",\"isPartOf\":{\"@id\":\"https:\\\/\\\/www.meydan.tv\\\/az\\\/article\\\/yap-uzvluk-haqqini-artirdi-konullu-yoxsa-mecburi-yigim\\\/\"},\"author\":{\"name\":\"elli\",\"@id\":\"https:\\\/\\\/www.meydan.tv\\\/az\\\/#\\\/schema\\\/person\\\/9cdbecf90d17180ce1dfbd95b08dcf47\"},\"headline\":\"YAP \u00fczvl\u00fck haqq\u0131n\u0131 art\u0131rd\u0131: k\u00f6n\u00fcll\u00fc, yoxsa m\u0259cburi y\u0131\u011f\u0131m?..\",\"datePublished\":\"2022-02-03T11:01:56+00:00\",\"dateModified\":\"2022-02-03T11:06:54+00:00\",\"mainEntityOfPage\":{\"@id\":\"https:\\\/\\\/www.meydan.tv\\\/az\\\/article\\\/yap-uzvluk-haqqini-artirdi-konullu-yoxsa-mecburi-yigim\\\/\"},\"wordCount\":1640,\"publisher\":{\"@id\":\"https:\\\/\\\/www.meydan.tv\\\/az\\\/#organization\"},\"image\":{\"@id\":\"https:\\\/\\\/www.meydan.tv\\\/az\\\/article\\\/yap-uzvluk-haqqini-artirdi-konullu-yoxsa-mecburi-yigim\\\/#primaryimage\"},\"thumbnailUrl\":\"https:\\\/\\\/www.meydan.tv\\\/wp-content\\\/uploads\\\/modern.az_14625398151479706942_192-1-e1643884481189.jpg\",\"articleSection\":[\"Siyas\u0259t\",\"T\u00f6vsiy\u0259\",\"X\u0259b\u0259rl\u0259r\"],\"inLanguage\":\"az\"},{\"@type\":\"WebPage\",\"@id\":\"https:\\\/\\\/www.meydan.tv\\\/az\\\/article\\\/yap-uzvluk-haqqini-artirdi-konullu-yoxsa-mecburi-yigim\\\/\",\"url\":\"https:\\\/\\\/www.meydan.tv\\\/az\\\/article\\\/yap-uzvluk-haqqini-artirdi-konullu-yoxsa-mecburi-yigim\\\/\",\"name\":\"YAP \u00fczvl\u00fck haqq\u0131n\u0131 art\u0131rd\u0131: k\u00f6n\u00fcll\u00fc, yoxsa m\u0259cburi y\u0131\u011f\u0131m?.. - MEYDAN.TV\",\"isPartOf\":{\"@id\":\"https:\\\/\\\/www.meydan.tv\\\/az\\\/#website\"},\"primaryImageOfPage\":{\"@id\":\"https:\\\/\\\/www.meydan.tv\\\/az\\\/article\\\/yap-uzvluk-haqqini-artirdi-konullu-yoxsa-mecburi-yigim\\\/#primaryimage\"},\"image\":{\"@id\":\"https:\\\/\\\/www.meydan.tv\\\/az\\\/article\\\/yap-uzvluk-haqqini-artirdi-konullu-yoxsa-mecburi-yigim\\\/#primaryimage\"},\"thumbnailUrl\":\"https:\\\/\\\/www.meydan.tv\\\/wp-content\\\/uploads\\\/modern.az_14625398151479706942_192-1-e1643884481189.jpg\",\"datePublished\":\"2022-02-03T11:01:56+00:00\",\"dateModified\":\"2022-02-03T11:06:54+00:00\",\"breadcrumb\":{\"@id\":\"https:\\\/\\\/www.meydan.tv\\\/az\\\/article\\\/yap-uzvluk-haqqini-artirdi-konullu-yoxsa-mecburi-yigim\\\/#breadcrumb\"},\"inLanguage\":\"az\",\"potentialAction\":[{\"@type\":\"ReadAction\",\"target\":[\"https:\\\/\\\/www.meydan.tv\\\/az\\\/article\\\/yap-uzvluk-haqqini-artirdi-konullu-yoxsa-mecburi-yigim\\\/\"]}]},{\"@type\":\"ImageObject\",\"inLanguage\":\"az\",\"@id\":\"https:\\\/\\\/www.meydan.tv\\\/az\\\/article\\\/yap-uzvluk-haqqini-artirdi-konullu-yoxsa-mecburi-yigim\\\/#primaryimage\",\"url\":\"https:\\\/\\\/www.meydan.tv\\\/wp-content\\\/uploads\\\/modern.az_14625398151479706942_192-1-e1643884481189.jpg\",\"contentUrl\":\"https:\\\/\\\/www.meydan.tv\\\/wp-content\\\/uploads\\\/modern.az_14625398151479706942_192-1-e1643884481189.jpg\",\"width\":1167,\"height\":703,\"caption\":\"Yeni Az\u0259rbaycan Partiyas\u0131, Foto: http:\\\/\\\/yap.org.az\\\/\"},{\"@type\":\"BreadcrumbList\",\"@id\":\"https:\\\/\\\/www.meydan.tv\\\/az\\\/article\\\/yap-uzvluk-haqqini-artirdi-konullu-yoxsa-mecburi-yigim\\\/#breadcrumb\",\"itemListElement\":[{\"@type\":\"ListItem\",\"position\":1,\"name\":\"Ana s\u0259hif\u0259\",\"item\":\"https:\\\/\\\/www.meydan.tv\\\/az\\\/\"},{\"@type\":\"ListItem\",\"position\":2,\"name\":\"Siyas\u0259t\",\"item\":\"https:\\\/\\\/www.meydan.tv\\\/az\\\/section\\\/siyaset\\\/\"},{\"@type\":\"ListItem\",\"position\":3,\"name\":\"YAP \u00fczvl\u00fck haqq\u0131n\u0131 art\u0131rd\u0131: k\u00f6n\u00fcll\u00fc, yoxsa m\u0259cburi y\u0131\u011f\u0131m?..\"}]},{\"@type\":\"WebSite\",\"@id\":\"https:\\\/\\\/www.meydan.tv\\\/az\\\/#website\",\"url\":\"https:\\\/\\\/www.meydan.tv\\\/az\\\/\",\"name\":\"MEYDAN.TV\",\"description\":\"Meydan TV Az\u0259rbaycan\u0131n media m\u0259kan\u0131ndak\u0131 alternativ s\u0259sidir\",\"publisher\":{\"@id\":\"https:\\\/\\\/www.meydan.tv\\\/az\\\/#organization\"},\"potentialAction\":[{\"@type\":\"SearchAction\",\"target\":{\"@type\":\"EntryPoint\",\"urlTemplate\":\"https:\\\/\\\/www.meydan.tv\\\/az\\\/?s={search_term_string}\"},\"query-input\":{\"@type\":\"PropertyValueSpecification\",\"valueRequired\":true,\"valueName\":\"search_term_string\"}}],\"inLanguage\":\"az\"},{\"@type\":\"Organization\",\"@id\":\"https:\\\/\\\/www.meydan.tv\\\/az\\\/#organization\",\"name\":\"Meydan TV\",\"url\":\"https:\\\/\\\/www.meydan.tv\\\/az\\\/\",\"logo\":{\"@type\":\"ImageObject\",\"inLanguage\":\"az\",\"@id\":\"https:\\\/\\\/www.meydan.tv\\\/az\\\/#\\\/schema\\\/logo\\\/image\\\/\",\"url\":\"https:\\\/\\\/www.meydan.tv\\\/wp-content\\\/uploads\\\/2021\\\/07\\\/meydan-logo.svg\",\"contentUrl\":\"https:\\\/\\\/www.meydan.tv\\\/wp-content\\\/uploads\\\/2021\\\/07\\\/meydan-logo.svg\",\"width\":195,\"height\":46,\"caption\":\"Meydan TV\"},\"image\":{\"@id\":\"https:\\\/\\\/www.meydan.tv\\\/az\\\/#\\\/schema\\\/logo\\\/image\\\/\"}},{\"@type\":\"Person\",\"@id\":\"https:\\\/\\\/www.meydan.tv\\\/az\\\/#\\\/schema\\\/person\\\/9cdbecf90d17180ce1dfbd95b08dcf47\",\"name\":\"elli\",\"sameAs\":[\"https:\\\/\\\/x.com\\\/elli\"]}]}<\/script>\n<!-- \/ Yoast SEO plugin. -->","yoast_head_json":{"title":"YAP \u00fczvl\u00fck haqq\u0131n\u0131 art\u0131rd\u0131: k\u00f6n\u00fcll\u00fc, yoxsa m\u0259cburi y\u0131\u011f\u0131m?.. - MEYDAN.TV","robots":{"index":"index","follow":"follow","max-snippet":"max-snippet:-1","max-image-preview":"max-image-preview:large","max-video-preview":"max-video-preview:-1"},"canonical":"https:\/\/www.meydan.tv\/az\/article\/yap-uzvluk-haqqini-artirdi-konullu-yoxsa-mecburi-yigim\/","og_locale":"az_AZ","og_type":"article","og_title":"YAP \u00fczvl\u00fck haqq\u0131n\u0131 art\u0131rd\u0131: k\u00f6n\u00fcll\u00fc, yoxsa m\u0259cburi y\u0131\u011f\u0131m?.. - MEYDAN.TV","og_description":"\u015eikay\u0259t ed\u0259n \u00fczvl\u0259r a\u00e7\u0131q dan\u0131\u015fmaqdan \u00e7\u0259kinir, i\u015fl\u0259rini itir\u0259c\u0259kl\u0259rind\u0259n qorxurlar Hakim ... Davam\u0131","og_url":"https:\/\/www.meydan.tv\/az\/article\/yap-uzvluk-haqqini-artirdi-konullu-yoxsa-mecburi-yigim\/","og_site_name":"MEYDAN.TV","article_published_time":"2022-02-03T11:01:56+00:00","article_modified_time":"2022-02-03T11:06:54+00:00","og_image":[{"width":1167,"height":703,"url":"https:\/\/www.meydan.tv\/wp-content\/uploads\/modern.az_14625398151479706942_192-1-e1643884481189.jpg","type":"image\/jpeg"}],"author":"elli","twitter_card":"summary_large_image","twitter_creator":"@elli","schema":{"@context":"https:\/\/schema.org","@graph":[{"@type":"Article","@id":"https:\/\/www.meydan.tv\/az\/article\/yap-uzvluk-haqqini-artirdi-konullu-yoxsa-mecburi-yigim\/#article","isPartOf":{"@id":"https:\/\/www.meydan.tv\/az\/article\/yap-uzvluk-haqqini-artirdi-konullu-yoxsa-mecburi-yigim\/"},"author":{"name":"elli","@id":"https:\/\/www.meydan.tv\/az\/#\/schema\/person\/9cdbecf90d17180ce1dfbd95b08dcf47"},"headline":"YAP \u00fczvl\u00fck haqq\u0131n\u0131 art\u0131rd\u0131: k\u00f6n\u00fcll\u00fc, yoxsa m\u0259cburi y\u0131\u011f\u0131m?..","datePublished":"2022-02-03T11:01:56+00:00","dateModified":"2022-02-03T11:06:54+00:00","mainEntityOfPage":{"@id":"https:\/\/www.meydan.tv\/az\/article\/yap-uzvluk-haqqini-artirdi-konullu-yoxsa-mecburi-yigim\/"},"wordCount":1640,"publisher":{"@id":"https:\/\/www.meydan.tv\/az\/#organization"},"image":{"@id":"https:\/\/www.meydan.tv\/az\/article\/yap-uzvluk-haqqini-artirdi-konullu-yoxsa-mecburi-yigim\/#primaryimage"},"thumbnailUrl":"https:\/\/www.meydan.tv\/wp-content\/uploads\/modern.az_14625398151479706942_192-1-e1643884481189.jpg","articleSection":["Siyas\u0259t","T\u00f6vsiy\u0259","X\u0259b\u0259rl\u0259r"],"inLanguage":"az"},{"@type":"WebPage","@id":"https:\/\/www.meydan.tv\/az\/article\/yap-uzvluk-haqqini-artirdi-konullu-yoxsa-mecburi-yigim\/","url":"https:\/\/www.meydan.tv\/az\/article\/yap-uzvluk-haqqini-artirdi-konullu-yoxsa-mecburi-yigim\/","name":"YAP \u00fczvl\u00fck haqq\u0131n\u0131 art\u0131rd\u0131: k\u00f6n\u00fcll\u00fc, yoxsa m\u0259cburi y\u0131\u011f\u0131m?.. - MEYDAN.TV","isPartOf":{"@id":"https:\/\/www.meydan.tv\/az\/#website"},"primaryImageOfPage":{"@id":"https:\/\/www.meydan.tv\/az\/article\/yap-uzvluk-haqqini-artirdi-konullu-yoxsa-mecburi-yigim\/#primaryimage"},"image":{"@id":"https:\/\/www.meydan.tv\/az\/article\/yap-uzvluk-haqqini-artirdi-konullu-yoxsa-mecburi-yigim\/#primaryimage"},"thumbnailUrl":"https:\/\/www.meydan.tv\/wp-content\/uploads\/modern.az_14625398151479706942_192-1-e1643884481189.jpg","datePublished":"2022-02-03T11:01:56+00:00","dateModified":"2022-02-03T11:06:54+00:00","breadcrumb":{"@id":"https:\/\/www.meydan.tv\/az\/article\/yap-uzvluk-haqqini-artirdi-konullu-yoxsa-mecburi-yigim\/#breadcrumb"},"inLanguage":"az","potentialAction":[{"@type":"ReadAction","target":["https:\/\/www.meydan.tv\/az\/article\/yap-uzvluk-haqqini-artirdi-konullu-yoxsa-mecburi-yigim\/"]}]},{"@type":"ImageObject","inLanguage":"az","@id":"https:\/\/www.meydan.tv\/az\/article\/yap-uzvluk-haqqini-artirdi-konullu-yoxsa-mecburi-yigim\/#primaryimage","url":"https:\/\/www.meydan.tv\/wp-content\/uploads\/modern.az_14625398151479706942_192-1-e1643884481189.jpg","contentUrl":"https:\/\/www.meydan.tv\/wp-content\/uploads\/modern.az_14625398151479706942_192-1-e1643884481189.jpg","width":1167,"height":703,"caption":"Yeni Az\u0259rbaycan Partiyas\u0131, Foto: http:\/\/yap.org.az\/"},{"@type":"BreadcrumbList","@id":"https:\/\/www.meydan.tv\/az\/article\/yap-uzvluk-haqqini-artirdi-konullu-yoxsa-mecburi-yigim\/#breadcrumb","itemListElement":[{"@type":"ListItem","position":1,"name":"Ana s\u0259hif\u0259","item":"https:\/\/www.meydan.tv\/az\/"},{"@type":"ListItem","position":2,"name":"Siyas\u0259t","item":"https:\/\/www.meydan.tv\/az\/section\/siyaset\/"},{"@type":"ListItem","position":3,"name":"YAP \u00fczvl\u00fck haqq\u0131n\u0131 art\u0131rd\u0131: k\u00f6n\u00fcll\u00fc, yoxsa m\u0259cburi y\u0131\u011f\u0131m?.."}]},{"@type":"WebSite","@id":"https:\/\/www.meydan.tv\/az\/#website","url":"https:\/\/www.meydan.tv\/az\/","name":"MEYDAN.TV","description":"Meydan TV Az\u0259rbaycan\u0131n media m\u0259kan\u0131ndak\u0131 alternativ s\u0259sidir","publisher":{"@id":"https:\/\/www.meydan.tv\/az\/#organization"},"potentialAction":[{"@type":"SearchAction","target":{"@type":"EntryPoint","urlTemplate":"https:\/\/www.meydan.tv\/az\/?s={search_term_string}"},"query-input":{"@type":"PropertyValueSpecification","valueRequired":true,"valueName":"search_term_string"}}],"inLanguage":"az"},{"@type":"Organization","@id":"https:\/\/www.meydan.tv\/az\/#organization","name":"Meydan TV","url":"https:\/\/www.meydan.tv\/az\/","logo":{"@type":"ImageObject","inLanguage":"az","@id":"https:\/\/www.meydan.tv\/az\/#\/schema\/logo\/image\/","url":"https:\/\/www.meydan.tv\/wp-content\/uploads\/2021\/07\/meydan-logo.svg","contentUrl":"https:\/\/www.meydan.tv\/wp-content\/uploads\/2021\/07\/meydan-logo.svg","width":195,"height":46,"caption":"Meydan TV"},"image":{"@id":"https:\/\/www.meydan.tv\/az\/#\/schema\/logo\/image\/"}},{"@type":"Person","@id":"https:\/\/www.meydan.tv\/az\/#\/schema\/person\/9cdbecf90d17180ce1dfbd95b08dcf47","name":"elli","sameAs":["https:\/\/x.com\/elli"]}]}},"_links":{"self":[{"href":"https:\/\/www.meydan.tv\/az\/wp-json\/wp\/v2\/posts\/233645","targetHints":{"allow":["GET"]}}],"collection":[{"href":"https:\/\/www.meydan.tv\/az\/wp-json\/wp\/v2\/posts"}],"about":[{"href":"https:\/\/www.meydan.tv\/az\/wp-json\/wp\/v2\/types\/post"}],"author":[{"embeddable":true,"href":"https:\/\/www.meydan.tv\/az\/wp-json\/wp\/v2\/users\/8"}],"replies":[{"embeddable":true,"href":"https:\/\/www.meydan.tv\/az\/wp-json\/wp\/v2\/comments?post=233645"}],"version-history":[{"count":5,"href":"https:\/\/www.meydan.tv\/az\/wp-json\/wp\/v2\/posts\/233645\/revisions"}],"predecessor-version":[{"id":233669,"href":"https:\/\/www.meydan.tv\/az\/wp-json\/wp\/v2\/posts\/233645\/revisions\/233669"}],"wp:featuredmedia":[{"embeddable":true,"href":"https:\/\/www.meydan.tv\/az\/wp-json\/wp\/v2\/media\/233651"}],"wp:attachment":[{"href":"https:\/\/www.meydan.tv\/az\/wp-json\/wp\/v2\/media?parent=233645"}],"wp:term":[{"taxonomy":"category","embeddable":true,"href":"https:\/\/www.meydan.tv\/az\/wp-json\/wp\/v2\/categories?post=233645"},{"taxonomy":"post_tag","embeddable":true,"href":"https:\/\/www.meydan.tv\/az\/wp-json\/wp\/v2\/tags?post=233645"}],"curies":[{"name":"wp","href":"https:\/\/api.w.org\/{rel}","templated":true}]}}