{"id":233614,"date":"2022-02-03T12:44:35","date_gmt":"2022-02-03T08:44:35","guid":{"rendered":"https:\/\/www.meydan.tv\/?p=233614"},"modified":"2022-02-03T12:45:44","modified_gmt":"2022-02-03T08:45:44","slug":"sarkisyan-dagliq-qarabag-muxtar-vilayetinden-danisib","status":"publish","type":"post","link":"https:\/\/www.meydan.tv\/az\/article\/sarkisyan-dagliq-qarabag-muxtar-vilayetinden-danisib\/","title":{"rendered":"Sarkisyan \u2018Da\u011fl\u0131q Qaraba\u011f muxtar vilay\u0259ti\u2019nd\u0259n dan\u0131\u015f\u0131b"},"content":{"rendered":"\n<figure class=\"wp-block-embed is-type-video is-provider-youtube wp-block-embed-youtube wp-embed-aspect-16-9 wp-has-aspect-ratio\"><div class=\"wp-block-embed__wrapper\">\n<iframe loading=\"lazy\" title=\"Sarkisyan \u2018Da\u011fl\u0131q Qaraba\u011f muxtar vilay\u0259ti\u2019nd\u0259n dan\u0131\u015f\u0131b\" width=\"1200\" height=\"675\" src=\"https:\/\/www.youtube.com\/embed\/00VVXeq_hlA?feature=oembed\" frameborder=\"0\" allow=\"accelerometer; autoplay; clipboard-write; encrypted-media; gyroscope; picture-in-picture\" allowfullscreen><\/iframe>\n<\/div><\/figure>\n\n\n\n<!--more-->\n\n\n\n<p class=\"wp-block-paragraph\">Sarkisyan \u2018Da\u011fl\u0131q Qaraba\u011f muxtar vilay\u0259ti\u2019nd\u0259n dan\u0131\u015f\u0131b v\u0259 deyib ki, sitat: \u201cArtsax (Qaraba\u011f-red) he\u00e7 vaxt Az\u0259rbaycan\u0131n t\u0259rkibind\u0259 olmayacaq\u201d. Erm\u0259nistan\u0131n ke\u00e7mi\u015f prezidenti Serj Sarkisyan saatyar\u0131m davam ed\u0259n m\u00fcsahib\u0259d\u0259 bunlar\u0131 deyib. O deyib ki, da\u011f\u0131d\u0131c\u0131 m\u00fcharib\u0259y\u0259, kapitulyasiyaya baxmayaraq bunun \u00fc\u00e7\u00fcn h\u0259l\u0259 imkanlar var. O imkanlar\u0131n n\u0259d\u0259n ibar\u0259t oldu\u011funun detallar\u0131n\u0131 verm\u0259yib. Sarkisyan dan\u0131\u015f\u0131qlar prosesinin b\u0259rpa olunmas\u0131n\u0131 nec\u0259 t\u0259s\u0259vv\u00fcr etdiyi bar\u0259d\u0259 suala da cavab verm\u0259yib. \u201cBiz h\u0259qiq\u0259t\u0259n d\u0259 yaln\u0131z s\u00f6zd\u0259 yox, ciddi t\u0259l\u0259bl\u0259r ir\u0259li s\u00fcrm\u0259liyik. V\u0259 \u0259g\u0259r biz bu t\u0259l\u0259bl\u0259ri yax\u015f\u0131 t\u0259s\u0259vv\u00fcr ed\u0259 bils\u0259k, d\u00fc\u015f\u00fcn\u00fcr\u0259n ki, hans\u0131sa m\u00fcdd\u0259td\u0259n sonra, hans\u0131sa bir d\u0259r\u0259c\u0259d\u0259 dan\u0131\u015f\u0131qlar prosesi b\u0259rpa olunar\u201d. Amma Sarkisyan Pa\u015finyan\u0131n administrasiyas\u0131n\u0131n buna qadir olmad\u0131\u011f\u0131n\u0131 d\u00fc\u015f\u00fcn\u00fcr.<\/p>\n","protected":false},"excerpt":{"rendered":"","protected":false},"author":12,"featured_media":233616,"comment_status":"closed","ping_status":"closed","sticky":false,"template":"","format":"standard","meta":{"_acf_changed":false,"_sitemap_exclude":false,"_sitemap_priority":"","_sitemap_frequency":"","footnotes":""},"categories":[7,63],"tags":[],"class_list":["post-233614","post","type-post","status-publish","format-standard","has-post-thumbnail","hentry","category-uncategorized-az","category-video-2","infinite-scroll-item","generate-columns","tablet-grid-50","mobile-grid-100","grid-parent","grid-33","no-featured-image-padding"],"acf":[],"yoast_head":"<!-- This site is optimized with the Yoast SEO plugin v28.3 - https:\/\/yoast.com\/product\/yoast-seo-wordpress\/ -->\n<title>Sarkisyan \u2018Da\u011fl\u0131q Qaraba\u011f muxtar vilay\u0259ti\u2019nd\u0259n dan\u0131\u015f\u0131b - MEYDAN.TV<\/title>\n<meta name=\"robots\" content=\"index, follow, max-snippet:-1, max-image-preview:large, max-video-preview:-1\" \/>\n<link rel=\"canonical\" href=\"https:\/\/www.meydan.tv\/az\/article\/sarkisyan-dagliq-qarabag-muxtar-vilayetinden-danisib\/\" \/>\n<meta property=\"og:locale\" content=\"az_AZ\" \/>\n<meta property=\"og:type\" content=\"article\" \/>\n<meta property=\"og:title\" content=\"Sarkisyan \u2018Da\u011fl\u0131q Qaraba\u011f muxtar vilay\u0259ti\u2019nd\u0259n dan\u0131\u015f\u0131b - MEYDAN.TV\" \/>\n<meta property=\"og:url\" content=\"https:\/\/www.meydan.tv\/az\/article\/sarkisyan-dagliq-qarabag-muxtar-vilayetinden-danisib\/\" \/>\n<meta property=\"og:site_name\" content=\"MEYDAN.TV\" \/>\n<meta property=\"article:published_time\" content=\"2022-02-03T08:44:35+00:00\" \/>\n<meta property=\"article:modified_time\" content=\"2022-02-03T08:45:44+00:00\" \/>\n<meta property=\"og:image\" content=\"https:\/\/www.meydan.tv\/wp-content\/uploads\/962971_cover-1.jpeg\" \/>\n\t<meta property=\"og:image:width\" content=\"755\" \/>\n\t<meta property=\"og:image:height\" content=\"463\" \/>\n\t<meta property=\"og:image:type\" content=\"image\/jpeg\" \/>\n<meta name=\"twitter:card\" content=\"summary_large_image\" \/>\n<!-- \/ Yoast SEO plugin. -->","yoast_head_json":{"title":"Sarkisyan \u2018Da\u011fl\u0131q Qaraba\u011f muxtar vilay\u0259ti\u2019nd\u0259n dan\u0131\u015f\u0131b - MEYDAN.TV","robots":{"index":"index","follow":"follow","max-snippet":"max-snippet:-1","max-image-preview":"max-image-preview:large","max-video-preview":"max-video-preview:-1"},"canonical":"https:\/\/www.meydan.tv\/az\/article\/sarkisyan-dagliq-qarabag-muxtar-vilayetinden-danisib\/","og_locale":"az_AZ","og_type":"article","og_title":"Sarkisyan \u2018Da\u011fl\u0131q Qaraba\u011f muxtar vilay\u0259ti\u2019nd\u0259n dan\u0131\u015f\u0131b - MEYDAN.TV","og_url":"https:\/\/www.meydan.tv\/az\/article\/sarkisyan-dagliq-qarabag-muxtar-vilayetinden-danisib\/","og_site_name":"MEYDAN.TV","article_published_time":"2022-02-03T08:44:35+00:00","article_modified_time":"2022-02-03T08:45:44+00:00","og_image":[{"width":755,"height":463,"url":"https:\/\/www.meydan.tv\/wp-content\/uploads\/962971_cover-1.jpeg","type":"image\/jpeg"}],"twitter_card":"summary_large_image","schema":{"@context":"https:\/\/schema.org","@graph":[{"@type":"Article","@id":"https:\/\/www.meydan.tv\/az\/article\/sarkisyan-dagliq-qarabag-muxtar-vilayetinden-danisib\/#article","isPartOf":{"@id":"https:\/\/www.meydan.tv\/az\/article\/sarkisyan-dagliq-qarabag-muxtar-vilayetinden-danisib\/"},"author":{"name":"aleks","@id":"https:\/\/www.meydan.tv\/az\/#\/schema\/person\/476e9360e593fa131d5d71d51866f8da"},"headline":"Sarkisyan \u2018Da\u011fl\u0131q Qaraba\u011f muxtar vilay\u0259ti\u2019nd\u0259n dan\u0131\u015f\u0131b","datePublished":"2022-02-03T08:44:35+00:00","dateModified":"2022-02-03T08:45:44+00:00","mainEntityOfPage":{"@id":"https:\/\/www.meydan.tv\/az\/article\/sarkisyan-dagliq-qarabag-muxtar-vilayetinden-danisib\/"},"wordCount":192,"publisher":{"@id":"https:\/\/www.meydan.tv\/az\/#organization"},"image":{"@id":"https:\/\/www.meydan.tv\/az\/article\/sarkisyan-dagliq-qarabag-muxtar-vilayetinden-danisib\/#primaryimage"},"thumbnailUrl":"https:\/\/www.meydan.tv\/wp-content\/uploads\/962971_cover-1.jpeg","articleSection":["Uncategorized @az","Video"],"inLanguage":"az"},{"@type":"WebPage","@id":"https:\/\/www.meydan.tv\/az\/article\/sarkisyan-dagliq-qarabag-muxtar-vilayetinden-danisib\/","url":"https:\/\/www.meydan.tv\/az\/article\/sarkisyan-dagliq-qarabag-muxtar-vilayetinden-danisib\/","name":"Sarkisyan \u2018Da\u011fl\u0131q Qaraba\u011f muxtar vilay\u0259ti\u2019nd\u0259n dan\u0131\u015f\u0131b - MEYDAN.TV","isPartOf":{"@id":"https:\/\/www.meydan.tv\/az\/#website"},"primaryImageOfPage":{"@id":"https:\/\/www.meydan.tv\/az\/article\/sarkisyan-dagliq-qarabag-muxtar-vilayetinden-danisib\/#primaryimage"},"image":{"@id":"https:\/\/www.meydan.tv\/az\/article\/sarkisyan-dagliq-qarabag-muxtar-vilayetinden-danisib\/#primaryimage"},"thumbnailUrl":"https:\/\/www.meydan.tv\/wp-content\/uploads\/962971_cover-1.jpeg","datePublished":"2022-02-03T08:44:35+00:00","dateModified":"2022-02-03T08:45:44+00:00","breadcrumb":{"@id":"https:\/\/www.meydan.tv\/az\/article\/sarkisyan-dagliq-qarabag-muxtar-vilayetinden-danisib\/#breadcrumb"},"inLanguage":"az","potentialAction":[{"@type":"ReadAction","target":["https:\/\/www.meydan.tv\/az\/article\/sarkisyan-dagliq-qarabag-muxtar-vilayetinden-danisib\/"]}]},{"@type":"ImageObject","inLanguage":"az","@id":"https:\/\/www.meydan.tv\/az\/article\/sarkisyan-dagliq-qarabag-muxtar-vilayetinden-danisib\/#primaryimage","url":"https:\/\/www.meydan.tv\/wp-content\/uploads\/962971_cover-1.jpeg","contentUrl":"https:\/\/www.meydan.tv\/wp-content\/uploads\/962971_cover-1.jpeg","width":755,"height":463},{"@type":"BreadcrumbList","@id":"https:\/\/www.meydan.tv\/az\/article\/sarkisyan-dagliq-qarabag-muxtar-vilayetinden-danisib\/#breadcrumb","itemListElement":[{"@type":"ListItem","position":1,"name":"Ana s\u0259hif\u0259","item":"https:\/\/www.meydan.tv\/az\/"},{"@type":"ListItem","position":2,"name":"Uncategorized @az","item":"https:\/\/www.meydan.tv\/az\/section\/uncategorized-az\/"},{"@type":"ListItem","position":3,"name":"Sarkisyan \u2018Da\u011fl\u0131q Qaraba\u011f muxtar vilay\u0259ti\u2019nd\u0259n dan\u0131\u015f\u0131b"}]},{"@type":"WebSite","@id":"https:\/\/www.meydan.tv\/az\/#website","url":"https:\/\/www.meydan.tv\/az\/","name":"MEYDAN.TV","description":"Meydan TV Az\u0259rbaycan\u0131n media m\u0259kan\u0131ndak\u0131 alternativ s\u0259sidir","publisher":{"@id":"https:\/\/www.meydan.tv\/az\/#organization"},"potentialAction":[{"@type":"SearchAction","target":{"@type":"EntryPoint","urlTemplate":"https:\/\/www.meydan.tv\/az\/?s={search_term_string}"},"query-input":{"@type":"PropertyValueSpecification","valueRequired":true,"valueName":"search_term_string"}}],"inLanguage":"az"},{"@type":"Organization","@id":"https:\/\/www.meydan.tv\/az\/#organization","name":"Meydan TV","url":"https:\/\/www.meydan.tv\/az\/","logo":{"@type":"ImageObject","inLanguage":"az","@id":"https:\/\/www.meydan.tv\/az\/#\/schema\/logo\/image\/","url":"https:\/\/www.meydan.tv\/wp-content\/uploads\/2021\/07\/meydan-logo.svg","contentUrl":"https:\/\/www.meydan.tv\/wp-content\/uploads\/2021\/07\/meydan-logo.svg","width":195,"height":46,"caption":"Meydan TV"},"image":{"@id":"https:\/\/www.meydan.tv\/az\/#\/schema\/logo\/image\/"}},{"@type":"Person","@id":"https:\/\/www.meydan.tv\/az\/#\/schema\/person\/476e9360e593fa131d5d71d51866f8da","name":"aleks"}]}},"_links":{"self":[{"href":"https:\/\/www.meydan.tv\/az\/wp-json\/wp\/v2\/posts\/233614","targetHints":{"allow":["GET"]}}],"collection":[{"href":"https:\/\/www.meydan.tv\/az\/wp-json\/wp\/v2\/posts"}],"about":[{"href":"https:\/\/www.meydan.tv\/az\/wp-json\/wp\/v2\/types\/post"}],"author":[{"embeddable":true,"href":"https:\/\/www.meydan.tv\/az\/wp-json\/wp\/v2\/users\/12"}],"replies":[{"embeddable":true,"href":"https:\/\/www.meydan.tv\/az\/wp-json\/wp\/v2\/comments?post=233614"}],"version-history":[{"count":2,"href":"https:\/\/www.meydan.tv\/az\/wp-json\/wp\/v2\/posts\/233614\/revisions"}],"predecessor-version":[{"id":233619,"href":"https:\/\/www.meydan.tv\/az\/wp-json\/wp\/v2\/posts\/233614\/revisions\/233619"}],"wp:featuredmedia":[{"embeddable":true,"href":"https:\/\/www.meydan.tv\/az\/wp-json\/wp\/v2\/media\/233616"}],"wp:attachment":[{"href":"https:\/\/www.meydan.tv\/az\/wp-json\/wp\/v2\/media?parent=233614"}],"wp:term":[{"taxonomy":"category","embeddable":true,"href":"https:\/\/www.meydan.tv\/az\/wp-json\/wp\/v2\/categories?post=233614"},{"taxonomy":"post_tag","embeddable":true,"href":"https:\/\/www.meydan.tv\/az\/wp-json\/wp\/v2\/tags?post=233614"}],"curies":[{"name":"wp","href":"https:\/\/api.w.org\/{rel}","templated":true}]}}