{"id":233549,"date":"2022-02-02T17:52:10","date_gmt":"2022-02-02T13:52:10","guid":{"rendered":"https:\/\/www.meydan.tv\/?p=233549"},"modified":"2022-02-02T17:52:12","modified_gmt":"2022-02-02T13:52:12","slug":"tarkan-koronavirusa-yoluxub","status":"publish","type":"post","link":"https:\/\/www.meydan.tv\/az\/article\/tarkan-koronavirusa-yoluxub\/","title":{"rendered":"Tarkan koronavirusa yoluxub"},"content":{"rendered":"\n<p><em>M\u00fc\u011f\u0259nni s\u0259hh\u0259ti il\u0259 ba\u011fl\u0131 a\u00e7\u0131qlama verib<\/em><\/p>\n\n\n\n<p>T\u00fcrkiy\u0259li m\u00fc\u011f\u0259nni Tarkan Teveto\u011flu yeni n\u00f6v koronavirusa yoluxub.<\/p>\n\n\n\n<p>S\u0259n\u0259t\u00e7i bu haqda m\u0259lumat\u0131 \u201c\u0130nstagram\u201d s\u0259hif\u0259sind\u0259 <a href=\"https:\/\/www.instagram.com\/p\/CZeCnVrtlAA\/\" target=\"_blank\" rel=\"noreferrer noopener\">payla\u015f\u0131b<\/a>.<\/p>\n\n\n\n<p>\u201cOn g\u00fcn \u00f6nc\u0259 PZR (Polimeraz z\u0259ncir reaksiyas\u0131) testim pozitiv \u00e7\u0131xd\u0131. \u00c7ox diqq\u0259t etm\u0259yim\u0259 baxmayaraq, m\u0259n d\u0259 bu virusa yoluxdum. Amma narahat olmay\u0131n, x\u0259st\u0259liyi \u00e7ox y\u00fcng\u00fcl simptomlarla ke\u00e7irdim. \u0130ndi \u00f6z\u00fcm\u00fc \u00e7ox yax\u015f\u0131 hiss edir\u0259m\u201d, &#8211; dey\u0259 m\u00fc\u011f\u0259nni yaz\u0131b.<\/p>\n\n\n\n<p>Tarkan COV\u0130D-19 \u0259leyhin\u0259 vaksinin vurulmas\u0131 il\u0259 ba\u011fl\u0131 s\u00f6yl\u0259nil\u0259n m\u00fcxt\u0259lif fikirl\u0259r\u0259 d\u0259 m\u00fcnasib\u0259tini bildirib: \u201cPeyv\u0259ndl\u0259 ba\u011fl\u0131 m\u0259nfi-m\u00fcsb\u0259t, m\u00fcxt\u0259lif fikirl\u0259r bildirirl\u0259r, yaz\u0131rlar. M\u0259n d\u0259 n\u0259y\u0259 inanaca\u011f\u0131m\u0131 bilmir\u0259m. Amma bu virusa yoluxanda, fikirl\u0259\u015fdim ki, n\u0259 yax\u015f\u0131, peyv\u0259nd olunmu\u015fam. \u00c7\u00fcnki g\u00f6r\u00fcr\u0259m ki, vaksin vurdurmayanlar x\u0259st\u0259liyi daha a\u011f\u0131r ke\u00e7irirl\u0259r\u201d.<\/p>\n","protected":false},"excerpt":{"rendered":"<p>M\u00fc\u011f\u0259nni s\u0259hh\u0259ti il\u0259 ba\u011fl\u0131 a\u00e7\u0131qlama verib T\u00fcrkiy\u0259li m\u00fc\u011f\u0259nni Tarkan Teveto\u011flu &#8230; <\/p>\n<p class=\"read-more-container\"><a title=\"Tarkan koronavirusa yoluxub\" class=\"read-more button\" href=\"https:\/\/www.meydan.tv\/az\/article\/tarkan-koronavirusa-yoluxub\/#more-233549\" aria-label=\"Read more about Tarkan koronavirusa yoluxub\">Davam\u0131<\/a><\/p>\n","protected":false},"author":8,"featured_media":233550,"comment_status":"closed","ping_status":"closed","sticky":false,"template":"","format":"standard","meta":{"_acf_changed":false,"_sitemap_exclude":false,"_sitemap_priority":"","_sitemap_frequency":"","footnotes":""},"categories":[52,56],"tags":[],"class_list":["post-233549","post","type-post","status-publish","format-standard","has-post-thumbnail","hentry","category-medeniyyet","category-xeberler","infinite-scroll-item","generate-columns","tablet-grid-50","mobile-grid-100","grid-parent","grid-33","no-featured-image-padding"],"acf":[],"yoast_head":"<!-- This site is optimized with the Yoast SEO plugin v27.4 - https:\/\/yoast.com\/product\/yoast-seo-wordpress\/ -->\n<title>Tarkan koronavirusa yoluxub - MEYDAN.TV<\/title>\n<meta name=\"robots\" content=\"index, follow, max-snippet:-1, max-image-preview:large, max-video-preview:-1\" \/>\n<link rel=\"canonical\" href=\"https:\/\/www.meydan.tv\/az\/article\/tarkan-koronavirusa-yoluxub\/\" \/>\n<meta property=\"og:locale\" content=\"az_AZ\" \/>\n<meta property=\"og:type\" content=\"article\" \/>\n<meta property=\"og:title\" content=\"Tarkan koronavirusa yoluxub - MEYDAN.TV\" \/>\n<meta property=\"og:description\" content=\"M\u00fc\u011f\u0259nni s\u0259hh\u0259ti il\u0259 ba\u011fl\u0131 a\u00e7\u0131qlama verib T\u00fcrkiy\u0259li m\u00fc\u011f\u0259nni Tarkan Teveto\u011flu ... Davam\u0131\" \/>\n<meta property=\"og:url\" content=\"https:\/\/www.meydan.tv\/az\/article\/tarkan-koronavirusa-yoluxub\/\" \/>\n<meta property=\"og:site_name\" content=\"MEYDAN.TV\" \/>\n<meta property=\"article:published_time\" content=\"2022-02-02T13:52:10+00:00\" \/>\n<meta property=\"article:modified_time\" content=\"2022-02-02T13:52:12+00:00\" \/>\n<meta property=\"og:image\" content=\"https:\/\/www.meydan.tv\/wp-content\/uploads\/5b879692c03c0d00e47ca237-e1643809582735.jpeg\" \/>\n\t<meta property=\"og:image:width\" content=\"1200\" \/>\n\t<meta property=\"og:image:height\" content=\"501\" \/>\n\t<meta property=\"og:image:type\" content=\"image\/jpeg\" \/>\n<meta name=\"author\" content=\"elli\" \/>\n<meta name=\"twitter:card\" content=\"summary_large_image\" \/>\n<meta name=\"twitter:creator\" content=\"@elli\" \/>\n<script type=\"application\/ld+json\" class=\"yoast-schema-graph\">{\"@context\":\"https:\\\/\\\/schema.org\",\"@graph\":[{\"@type\":\"Article\",\"@id\":\"https:\\\/\\\/www.meydan.tv\\\/az\\\/article\\\/tarkan-koronavirusa-yoluxub\\\/#article\",\"isPartOf\":{\"@id\":\"https:\\\/\\\/www.meydan.tv\\\/az\\\/article\\\/tarkan-koronavirusa-yoluxub\\\/\"},\"author\":{\"name\":\"elli\",\"@id\":\"https:\\\/\\\/www.meydan.tv\\\/az\\\/#\\\/schema\\\/person\\\/9cdbecf90d17180ce1dfbd95b08dcf47\"},\"headline\":\"Tarkan koronavirusa yoluxub\",\"datePublished\":\"2022-02-02T13:52:10+00:00\",\"dateModified\":\"2022-02-02T13:52:12+00:00\",\"mainEntityOfPage\":{\"@id\":\"https:\\\/\\\/www.meydan.tv\\\/az\\\/article\\\/tarkan-koronavirusa-yoluxub\\\/\"},\"wordCount\":172,\"publisher\":{\"@id\":\"https:\\\/\\\/www.meydan.tv\\\/az\\\/#organization\"},\"image\":{\"@id\":\"https:\\\/\\\/www.meydan.tv\\\/az\\\/article\\\/tarkan-koronavirusa-yoluxub\\\/#primaryimage\"},\"thumbnailUrl\":\"https:\\\/\\\/www.meydan.tv\\\/wp-content\\\/uploads\\\/5b879692c03c0d00e47ca237-e1643809582735.jpeg\",\"articleSection\":[\"M\u0259d\u0259niyy\u0259t\",\"X\u0259b\u0259rl\u0259r\"],\"inLanguage\":\"az\"},{\"@type\":\"WebPage\",\"@id\":\"https:\\\/\\\/www.meydan.tv\\\/az\\\/article\\\/tarkan-koronavirusa-yoluxub\\\/\",\"url\":\"https:\\\/\\\/www.meydan.tv\\\/az\\\/article\\\/tarkan-koronavirusa-yoluxub\\\/\",\"name\":\"Tarkan koronavirusa yoluxub - MEYDAN.TV\",\"isPartOf\":{\"@id\":\"https:\\\/\\\/www.meydan.tv\\\/az\\\/#website\"},\"primaryImageOfPage\":{\"@id\":\"https:\\\/\\\/www.meydan.tv\\\/az\\\/article\\\/tarkan-koronavirusa-yoluxub\\\/#primaryimage\"},\"image\":{\"@id\":\"https:\\\/\\\/www.meydan.tv\\\/az\\\/article\\\/tarkan-koronavirusa-yoluxub\\\/#primaryimage\"},\"thumbnailUrl\":\"https:\\\/\\\/www.meydan.tv\\\/wp-content\\\/uploads\\\/5b879692c03c0d00e47ca237-e1643809582735.jpeg\",\"datePublished\":\"2022-02-02T13:52:10+00:00\",\"dateModified\":\"2022-02-02T13:52:12+00:00\",\"breadcrumb\":{\"@id\":\"https:\\\/\\\/www.meydan.tv\\\/az\\\/article\\\/tarkan-koronavirusa-yoluxub\\\/#breadcrumb\"},\"inLanguage\":\"az\",\"potentialAction\":[{\"@type\":\"ReadAction\",\"target\":[\"https:\\\/\\\/www.meydan.tv\\\/az\\\/article\\\/tarkan-koronavirusa-yoluxub\\\/\"]}]},{\"@type\":\"ImageObject\",\"inLanguage\":\"az\",\"@id\":\"https:\\\/\\\/www.meydan.tv\\\/az\\\/article\\\/tarkan-koronavirusa-yoluxub\\\/#primaryimage\",\"url\":\"https:\\\/\\\/www.meydan.tv\\\/wp-content\\\/uploads\\\/5b879692c03c0d00e47ca237-e1643809582735.jpeg\",\"contentUrl\":\"https:\\\/\\\/www.meydan.tv\\\/wp-content\\\/uploads\\\/5b879692c03c0d00e47ca237-e1643809582735.jpeg\",\"width\":1200,\"height\":501,\"caption\":\"Tarkan Teveto\u011flu, Foto: https:\\\/\\\/www.hurriyetdailynews.com\\\/\"},{\"@type\":\"BreadcrumbList\",\"@id\":\"https:\\\/\\\/www.meydan.tv\\\/az\\\/article\\\/tarkan-koronavirusa-yoluxub\\\/#breadcrumb\",\"itemListElement\":[{\"@type\":\"ListItem\",\"position\":1,\"name\":\"Ana s\u0259hif\u0259\",\"item\":\"https:\\\/\\\/www.meydan.tv\\\/az\\\/\"},{\"@type\":\"ListItem\",\"position\":2,\"name\":\"M\u0259d\u0259niyy\u0259t\",\"item\":\"https:\\\/\\\/www.meydan.tv\\\/az\\\/section\\\/medeniyyet\\\/\"},{\"@type\":\"ListItem\",\"position\":3,\"name\":\"Tarkan koronavirusa yoluxub\"}]},{\"@type\":\"WebSite\",\"@id\":\"https:\\\/\\\/www.meydan.tv\\\/az\\\/#website\",\"url\":\"https:\\\/\\\/www.meydan.tv\\\/az\\\/\",\"name\":\"MEYDAN.TV\",\"description\":\"Meydan TV Az\u0259rbaycan\u0131n media m\u0259kan\u0131ndak\u0131 alternativ s\u0259sidir\",\"publisher\":{\"@id\":\"https:\\\/\\\/www.meydan.tv\\\/az\\\/#organization\"},\"potentialAction\":[{\"@type\":\"SearchAction\",\"target\":{\"@type\":\"EntryPoint\",\"urlTemplate\":\"https:\\\/\\\/www.meydan.tv\\\/az\\\/?s={search_term_string}\"},\"query-input\":{\"@type\":\"PropertyValueSpecification\",\"valueRequired\":true,\"valueName\":\"search_term_string\"}}],\"inLanguage\":\"az\"},{\"@type\":\"Organization\",\"@id\":\"https:\\\/\\\/www.meydan.tv\\\/az\\\/#organization\",\"name\":\"Meydan TV\",\"url\":\"https:\\\/\\\/www.meydan.tv\\\/az\\\/\",\"logo\":{\"@type\":\"ImageObject\",\"inLanguage\":\"az\",\"@id\":\"https:\\\/\\\/www.meydan.tv\\\/az\\\/#\\\/schema\\\/logo\\\/image\\\/\",\"url\":\"https:\\\/\\\/www.meydan.tv\\\/wp-content\\\/uploads\\\/2021\\\/07\\\/meydan-logo.svg\",\"contentUrl\":\"https:\\\/\\\/www.meydan.tv\\\/wp-content\\\/uploads\\\/2021\\\/07\\\/meydan-logo.svg\",\"width\":195,\"height\":46,\"caption\":\"Meydan TV\"},\"image\":{\"@id\":\"https:\\\/\\\/www.meydan.tv\\\/az\\\/#\\\/schema\\\/logo\\\/image\\\/\"}},{\"@type\":\"Person\",\"@id\":\"https:\\\/\\\/www.meydan.tv\\\/az\\\/#\\\/schema\\\/person\\\/9cdbecf90d17180ce1dfbd95b08dcf47\",\"name\":\"elli\",\"sameAs\":[\"https:\\\/\\\/x.com\\\/elli\"]}]}<\/script>\n<!-- \/ Yoast SEO plugin. -->","yoast_head_json":{"title":"Tarkan koronavirusa yoluxub - MEYDAN.TV","robots":{"index":"index","follow":"follow","max-snippet":"max-snippet:-1","max-image-preview":"max-image-preview:large","max-video-preview":"max-video-preview:-1"},"canonical":"https:\/\/www.meydan.tv\/az\/article\/tarkan-koronavirusa-yoluxub\/","og_locale":"az_AZ","og_type":"article","og_title":"Tarkan koronavirusa yoluxub - MEYDAN.TV","og_description":"M\u00fc\u011f\u0259nni s\u0259hh\u0259ti il\u0259 ba\u011fl\u0131 a\u00e7\u0131qlama verib T\u00fcrkiy\u0259li m\u00fc\u011f\u0259nni Tarkan Teveto\u011flu ... Davam\u0131","og_url":"https:\/\/www.meydan.tv\/az\/article\/tarkan-koronavirusa-yoluxub\/","og_site_name":"MEYDAN.TV","article_published_time":"2022-02-02T13:52:10+00:00","article_modified_time":"2022-02-02T13:52:12+00:00","og_image":[{"width":1200,"height":501,"url":"https:\/\/www.meydan.tv\/wp-content\/uploads\/5b879692c03c0d00e47ca237-e1643809582735.jpeg","type":"image\/jpeg"}],"author":"elli","twitter_card":"summary_large_image","twitter_creator":"@elli","schema":{"@context":"https:\/\/schema.org","@graph":[{"@type":"Article","@id":"https:\/\/www.meydan.tv\/az\/article\/tarkan-koronavirusa-yoluxub\/#article","isPartOf":{"@id":"https:\/\/www.meydan.tv\/az\/article\/tarkan-koronavirusa-yoluxub\/"},"author":{"name":"elli","@id":"https:\/\/www.meydan.tv\/az\/#\/schema\/person\/9cdbecf90d17180ce1dfbd95b08dcf47"},"headline":"Tarkan koronavirusa yoluxub","datePublished":"2022-02-02T13:52:10+00:00","dateModified":"2022-02-02T13:52:12+00:00","mainEntityOfPage":{"@id":"https:\/\/www.meydan.tv\/az\/article\/tarkan-koronavirusa-yoluxub\/"},"wordCount":172,"publisher":{"@id":"https:\/\/www.meydan.tv\/az\/#organization"},"image":{"@id":"https:\/\/www.meydan.tv\/az\/article\/tarkan-koronavirusa-yoluxub\/#primaryimage"},"thumbnailUrl":"https:\/\/www.meydan.tv\/wp-content\/uploads\/5b879692c03c0d00e47ca237-e1643809582735.jpeg","articleSection":["M\u0259d\u0259niyy\u0259t","X\u0259b\u0259rl\u0259r"],"inLanguage":"az"},{"@type":"WebPage","@id":"https:\/\/www.meydan.tv\/az\/article\/tarkan-koronavirusa-yoluxub\/","url":"https:\/\/www.meydan.tv\/az\/article\/tarkan-koronavirusa-yoluxub\/","name":"Tarkan koronavirusa yoluxub - MEYDAN.TV","isPartOf":{"@id":"https:\/\/www.meydan.tv\/az\/#website"},"primaryImageOfPage":{"@id":"https:\/\/www.meydan.tv\/az\/article\/tarkan-koronavirusa-yoluxub\/#primaryimage"},"image":{"@id":"https:\/\/www.meydan.tv\/az\/article\/tarkan-koronavirusa-yoluxub\/#primaryimage"},"thumbnailUrl":"https:\/\/www.meydan.tv\/wp-content\/uploads\/5b879692c03c0d00e47ca237-e1643809582735.jpeg","datePublished":"2022-02-02T13:52:10+00:00","dateModified":"2022-02-02T13:52:12+00:00","breadcrumb":{"@id":"https:\/\/www.meydan.tv\/az\/article\/tarkan-koronavirusa-yoluxub\/#breadcrumb"},"inLanguage":"az","potentialAction":[{"@type":"ReadAction","target":["https:\/\/www.meydan.tv\/az\/article\/tarkan-koronavirusa-yoluxub\/"]}]},{"@type":"ImageObject","inLanguage":"az","@id":"https:\/\/www.meydan.tv\/az\/article\/tarkan-koronavirusa-yoluxub\/#primaryimage","url":"https:\/\/www.meydan.tv\/wp-content\/uploads\/5b879692c03c0d00e47ca237-e1643809582735.jpeg","contentUrl":"https:\/\/www.meydan.tv\/wp-content\/uploads\/5b879692c03c0d00e47ca237-e1643809582735.jpeg","width":1200,"height":501,"caption":"Tarkan Teveto\u011flu, Foto: https:\/\/www.hurriyetdailynews.com\/"},{"@type":"BreadcrumbList","@id":"https:\/\/www.meydan.tv\/az\/article\/tarkan-koronavirusa-yoluxub\/#breadcrumb","itemListElement":[{"@type":"ListItem","position":1,"name":"Ana s\u0259hif\u0259","item":"https:\/\/www.meydan.tv\/az\/"},{"@type":"ListItem","position":2,"name":"M\u0259d\u0259niyy\u0259t","item":"https:\/\/www.meydan.tv\/az\/section\/medeniyyet\/"},{"@type":"ListItem","position":3,"name":"Tarkan koronavirusa yoluxub"}]},{"@type":"WebSite","@id":"https:\/\/www.meydan.tv\/az\/#website","url":"https:\/\/www.meydan.tv\/az\/","name":"MEYDAN.TV","description":"Meydan TV Az\u0259rbaycan\u0131n media m\u0259kan\u0131ndak\u0131 alternativ s\u0259sidir","publisher":{"@id":"https:\/\/www.meydan.tv\/az\/#organization"},"potentialAction":[{"@type":"SearchAction","target":{"@type":"EntryPoint","urlTemplate":"https:\/\/www.meydan.tv\/az\/?s={search_term_string}"},"query-input":{"@type":"PropertyValueSpecification","valueRequired":true,"valueName":"search_term_string"}}],"inLanguage":"az"},{"@type":"Organization","@id":"https:\/\/www.meydan.tv\/az\/#organization","name":"Meydan TV","url":"https:\/\/www.meydan.tv\/az\/","logo":{"@type":"ImageObject","inLanguage":"az","@id":"https:\/\/www.meydan.tv\/az\/#\/schema\/logo\/image\/","url":"https:\/\/www.meydan.tv\/wp-content\/uploads\/2021\/07\/meydan-logo.svg","contentUrl":"https:\/\/www.meydan.tv\/wp-content\/uploads\/2021\/07\/meydan-logo.svg","width":195,"height":46,"caption":"Meydan TV"},"image":{"@id":"https:\/\/www.meydan.tv\/az\/#\/schema\/logo\/image\/"}},{"@type":"Person","@id":"https:\/\/www.meydan.tv\/az\/#\/schema\/person\/9cdbecf90d17180ce1dfbd95b08dcf47","name":"elli","sameAs":["https:\/\/x.com\/elli"]}]}},"_links":{"self":[{"href":"https:\/\/www.meydan.tv\/az\/wp-json\/wp\/v2\/posts\/233549","targetHints":{"allow":["GET"]}}],"collection":[{"href":"https:\/\/www.meydan.tv\/az\/wp-json\/wp\/v2\/posts"}],"about":[{"href":"https:\/\/www.meydan.tv\/az\/wp-json\/wp\/v2\/types\/post"}],"author":[{"embeddable":true,"href":"https:\/\/www.meydan.tv\/az\/wp-json\/wp\/v2\/users\/8"}],"replies":[{"embeddable":true,"href":"https:\/\/www.meydan.tv\/az\/wp-json\/wp\/v2\/comments?post=233549"}],"version-history":[{"count":3,"href":"https:\/\/www.meydan.tv\/az\/wp-json\/wp\/v2\/posts\/233549\/revisions"}],"predecessor-version":[{"id":233558,"href":"https:\/\/www.meydan.tv\/az\/wp-json\/wp\/v2\/posts\/233549\/revisions\/233558"}],"wp:featuredmedia":[{"embeddable":true,"href":"https:\/\/www.meydan.tv\/az\/wp-json\/wp\/v2\/media\/233550"}],"wp:attachment":[{"href":"https:\/\/www.meydan.tv\/az\/wp-json\/wp\/v2\/media?parent=233549"}],"wp:term":[{"taxonomy":"category","embeddable":true,"href":"https:\/\/www.meydan.tv\/az\/wp-json\/wp\/v2\/categories?post=233549"},{"taxonomy":"post_tag","embeddable":true,"href":"https:\/\/www.meydan.tv\/az\/wp-json\/wp\/v2\/tags?post=233549"}],"curies":[{"name":"wp","href":"https:\/\/api.w.org\/{rel}","templated":true}]}}