{"id":233511,"date":"2022-02-02T16:09:31","date_gmt":"2022-02-02T12:09:31","guid":{"rendered":"https:\/\/www.meydan.tv\/?p=233511"},"modified":"2022-02-02T16:09:33","modified_gmt":"2022-02-02T12:09:33","slug":"gozlenilmeden","status":"publish","type":"post","link":"https:\/\/www.meydan.tv\/az\/article\/gozlenilmeden\/","title":{"rendered":"G\u00f6zl\u0259nilm\u0259d\u0259n"},"content":{"rendered":"\n<p><em>Lap el\u0259 Qazax\u0131standa oldu\u011fu kimi\u2026<br><\/em><br>D\u00fcnyada hadis\u0259l\u0259rin \u00e7oxu g\u00f6zl\u0259nilm\u0259d\u0259n ba\u015f verir. Nikolay pad\u015fah devril\u0259c\u0259yini g\u00f6zl\u0259yirdimi? M\u0259nc\u0259, yox. \u018flah\u0259zr\u0259tin ordusunun Ba\u015f Q\u0259rargah\u0131n\u0131n generallar\u0131 1917-ci ilin fevral\u0131nda tamam \u0259d\u0259b-\u0259rkanla pad\u015faha q\u0259ti \u0259mr verdil\u0259r ki, taxtdan d\u00fc\u015f. O da d\u00fc\u015fm\u0259li oldu. G\u00f6zl\u0259nilm\u0259d\u0259n.<br><\/p>\n\n\n\n<p>H\u0259r\u00e7\u0259nd ki, 1914-c\u00fc ilin fevral\u0131nda sabiq daxili i\u015fl\u0259r naziri Petr Nikolayevi\u00e7 Durnovo pad\u015faha m\u0259ktub yaz\u0131b demi\u015fdi ki, g\u00f6zl\u0259nil\u0259n d\u00fcnya m\u00fcharib\u0259sin\u0259 qo\u015fulma, bu m\u00fcharib\u0259d\u0259 \u0130ngilt\u0259r\u0259 v\u0259 Almaniya d\u00fcnyan\u0131 b\u00f6l\u00fc\u015fd\u00fcr\u0259c\u0259k, bu b\u00f6lg\u00fcn\u00fcn Rusiyaya d\u0259xli yoxdur. Qo\u015fulsan, s\u0259lt\u0259n\u0259tin da\u011f\u0131lacaq, xaniman\u0131n \u00e7\u00f6k\u0259c\u0259k.<br><\/p>\n\n\n\n<p>Pad\u015fah \u00f6z a\u011f\u0131ll\u0131 t\u0259b\u0259\u0259sinin bu m\u0259ktubunu oxumu\u015fdu,\u00a0oxumam\u0131\u015fd\u0131, b\u0259lli deyil. N\u0259z\u0259r\u0259 alsaq ki, pad\u015fah\u0131n a\u015fa\u011f\u0131dan g\u0259l\u0259n m\u0259ktublar\u0131 oxumaqla aras\u0131 he\u00e7 yox idi, g\u00f6r\u00fcn\u00fcr, oxumam\u0131\u015fd\u0131.<br><\/p>\n\n\n\n<p>Oxusayd\u0131 da, b\u0259lk\u0259 he\u00e7 xeyri olmayacaqd\u0131, zira Nikolay pad\u015fah, \u00e7ox \u00fczr ist\u0259yir\u0259m, o q\u0259d\u0259r d\u0259 a\u011f\u0131ll\u0131 adam deyildi.<br><\/p>\n\n\n\n<p>M\u0259n a\u011f\u0131l zirv\u0259si say\u0131lan son sovet r\u0259hb\u0259rl\u0259rind\u0259n, Xru\u015f\u015fovdan tutmu\u015f Qorba\u00e7ova q\u0259d\u0259r, he\u00e7 dan\u0131\u015fmaq bel\u0259 ist\u0259mir\u0259m, onlar\u0131n d\u00fc\u015f\u00fcnm\u0259kl\u0259 aras\u0131 he\u00e7 yox idi. Bu s\u0259b\u0259bd\u0259n SSR\u0130-nin ba\u015f\u0131na n\u0259 g\u0259lirdis\u0259, g\u00f6zl\u0259nilm\u0259d\u0259n g\u0259lirdi.<br><\/p>\n\n\n\n<p>A\u011f\u0131ll\u0131 Nursultan Nazarbayev\u0259, s\u0259n dem\u0259, qazax aliml\u0259rind\u0259n ba\u015fqa, bir ne\u00e7\u0259 yax\u0131n adam\u0131 da deyirmi\u015f ki, ciddi sistemli islahatlara getm\u0259s\u0259n, \u00f6lk\u0259ni sars\u0131nt\u0131lar g\u00f6zl\u0259yir. A\u011f\u0131ll\u0131 Nursultan \u018fbi\u015fevi\u00e7 bu m\u0259sl\u0259h\u0259tl\u0259ri ver\u0259n adamlara a\u011f\u0131ll\u0131 -a\u011f\u0131ll\u0131 bax\u0131b d\u00fc\u015f\u00fcn\u00fcrm\u00fc\u015f ki, sizin a\u011fl\u0131n\u0131z hara, m\u0259nim a\u011fl\u0131m hara! He\u00e7 bir islahat laz\u0131m deyil.<br>M\u0259hz bel\u0259 d\u00fc\u015f\u00fcnd\u00fcy\u00fcnd\u0259n, son Qazax\u0131stan hadis\u0259l\u0259ri onun \u00fc\u00e7\u00fcn g\u00f6zl\u0259nilm\u0259d\u0259n ba\u015f verdi. Ki\u015finin h\u0259m \u00f6z ail\u0259si, h\u0259m d\u0259 qazax d\u00f6vl\u0259ti \u00fc\u00e7\u00fcn \u00e7\u0259kdiyi 40 illik z\u0259hm\u0259ti yer\u0259 d\u0259yib \u00e7ilik-\u00e7ilik oldu.<br><\/p>\n\n\n\n<p>M\u0259n AXC r\u0259hb\u0259rl\u0259rinin d\u00fc\u015f\u00fcnm\u0259k qabiliyy\u0259tinin yoxlu\u011fundan s\u00f6z sal\u0131b qan qaraltmaq ist\u0259mir\u0259m. Bu b\u0259db\u0259xtl\u0259r \u0259vv\u0259l n\u0259 is\u0259 t\u00f6r\u0259dirdil\u0259r, sonra da \u0259b\u0259s yer\u0259 d\u00fc\u015f\u00fcnm\u0259y\u0259 c\u0259hd edirdil\u0259r. Bu s\u0259b\u0259bd\u0259n ba\u015flar\u0131na n\u0259 g\u0259ldis\u0259, ham\u0131s\u0131 g\u00f6zl\u0259nilm\u0259d\u0259n g\u0259ldi. \u018fn pisi is\u0259 o oldu ki, h\u0259min vaxt AXC hakimiyy\u0259ti m\u0259ngirl\u0259mi\u015fdi dey\u0259, onlara olan el\u0259 Az\u0259rbaycana oldu.<br><\/p>\n\n\n\n<p>N\u0259 is\u0259, ke\u00e7\u0259k m\u0259tl\u0259b\u0259. M\u0259tl\u0259b ibar\u0259tdir m\u00fcasir Az\u0259rbaycan Respublikas\u0131n\u0131 g\u00f6zl\u0259y\u0259n g\u00f6zl\u0259nilm\u0259z sars\u0131nt\u0131lardan. Bu s\u00f6zl\u0259ri yaz\u0131ram v\u0259 \u0259min\u0259m ki, h\u0259mi\u015f\u0259 oldu\u011fu kimi, bir b\u00f6l\u00fck daima nikbin v\u0259t\u0259np\u0259rv\u0259r v\u00fccud \u00fcst\u00fcm\u0259 t\u00f6k\u00fcl\u00fc\u015f\u00fcb h\u0259qir b\u0259nd\u0259nizi q\u0131nayacaq ki, \u201cay nankor, g\u00f6z\u00fcn kordur? Niy\u0259 c\u0259nabe-\u0259fz\u0259lin m\u00f6ht\u0259\u015f\u0259m daxili v\u0259 xarici siyas\u0259tinin u\u011furlar\u0131n\u0131 g\u00f6rm\u00fcrs\u0259n? Qaraba\u011f z\u0259f\u0259rind\u0259n ba\u015flam\u0131\u015f \u015eu\u015fa b\u0259yannam\u0259sin\u0259 q\u0259d\u0259r xarici siyas\u0259tin, b\u00f6y\u00fck m\u0259bl\u0259\u011fd\u0259 xalq mal\u0131n\u0131 qar\u0259t etmi\u015f 5 icra ba\u015f\u00e7\u0131s\u0131n\u0131n h\u0259bsind\u0259n tutmu\u015f da\u011f\u0131d\u0131c\u0131 m\u00fcxalif\u0259tin tam iflic olmas\u0131na q\u0259d\u0259r daxili siyas\u0259tin nailiyy\u0259tl\u0259rini niy\u0259 inkar edirs\u0259n?\u201d<br>M\u0259ne-bi\u00e7ar\u0259 d\u0259 dey\u0259c\u0259y\u0259m ki, siz dilbilm\u0259zl\u0259rin m\u0259ntiql\u0259 \u0259b\u0259di \u0259dav\u0259tiniz\u0259 b\u0259l\u0259d\u0259m dey\u0259, \u0259vv\u0259lki zamanlarda s\u0259sl\u0259ndirdiyim \u00e7oxsayl\u0131 \u00f6zc\u0259g\u00f6rm\u0259l\u0259rimin \u00e7in \u00e7\u0131xmas\u0131 bar\u0259d\u0259 \u0259hvalat\u0131 yad\u0131n\u0131za salmayaca\u011fam. <\/p>\n\n\n\n<p>F\u0259q\u0259t birc\u0259 Qazax\u0131stan\u0131n eks-prezidenti Nursultan Nazarbayevin cahan\u015f\u00fcmul daxili v\u0259 xarici siyas\u0259tinin u\u011furlar\u0131n\u0131 v\u0259 son Almat\u0131 i\u011fti\u015fa\u015flar\u0131n\u0131 yad\u0131n\u0131za sal\u0131b d\u00fc\u015f\u00fcnm\u0259y\u0259 c\u0259hd edin.<br><\/p>\n\n\n\n<p>M\u00fcxt\u0259s\u0259r, yen\u0259 ke\u00e7ir\u0259m m\u0259tl\u0259b\u0259:<br><\/p>\n\n\n\n<p><strong>1.<\/strong>E\u015fq olsun 44-g\u00fcnl\u00fck m\u00fcharib\u0259d\u0259 Az\u0259rbaycan\u0131n qazand\u0131\u011f\u0131 z\u0259f\u0259r\u0259! (Bunu h\u0259m sidqi-\u00fcr\u0259kd\u0259n, h\u0259m d\u0259, etiraf edim ki, 3 manatl\u0131q v\u0259t\u0259n\u015fiv\u0259nl\u0259rin h\u00fccumlar\u0131ndan s\u0131\u011fortalanmaq \u00fc\u00e7\u00fcn yaz\u0131ram. H\u0259r\u00e7\u0259nd ki, v\u0259t\u0259nim \u00fc\u00e7\u00fcn etdikl\u0259rimi sad\u0259c\u0259 anlama\u011fa onlar\u0131n z\u0259kas\u0131 kifay\u0259t etm\u0259z).<br><\/p>\n\n\n\n<p><strong>2.<\/strong>Az\u0259rbaycan xalq\u0131n\u0131n \u0259ks\u0259r hiss\u0259si insan l\u0259yaq\u0259tini al\u00e7aldan h\u0259dd\u0259, \u00e7ox kas\u0131b ya\u015fay\u0131r. Lap el\u0259 Qazax\u0131standa oldu\u011fu kimi\u2026<br><\/p>\n\n\n\n<p><strong>3.<\/strong>Az\u0259rbaycan c\u0259miyy\u0259tind\u0259 m\u0259d\u0259ni \u00f6lk\u0259l\u0259r\u0259 yara\u015fmayan s\u0259viyy\u0259d\u0259 ictimai-iqtisadi q\u00fctbl\u0259\u015fm\u0259 m\u00f6vcuddur. Sad\u0259 dill\u0259 des\u0259k, xalq\u0131n be\u015fd\u0259 biri z\u0259ngin, be\u015fd\u0259 d\u00f6rd\u00fc yoxsul ya\u015fay\u0131r. N\u0259z\u0259r\u0259 alsaq ki, Az\u0259rbaycan\u0131n milli g\u0259lirinin \u015fir pay\u0131 bu z\u0259nginl\u0259rin \u0259m\u0259yinin v\u0259 \u0259qlinin m\u0259hsulundan deyil, \u00f6lk\u0259nin t\u0259bii s\u0259rv\u0259tl\u0259rinin xaric\u0259 sat\u0131\u015f\u0131ndan g\u0259lir, dem\u0259li, hakim siyasi sinif q\u0259sd\u0259n xalq\u0131n cibin\u0259 girib haqs\u0131z varlan\u0131r. Lap el\u0259 Qazax\u0131standa oldu\u011fu kimi\u2026<br><\/p>\n\n\n\n<p><strong>4<\/strong>.Az\u0259rbaycanda b\u00fct\u00fcn maliyy\u0259 ax\u0131nlar\u0131, iqtisadiyyat\u0131n b\u00fct\u00fcn g\u0259lir g\u0259tir\u0259n sah\u0259l\u0259ri hakim siyasi sinfin inhisar\u0131na al\u0131n\u0131b. Bu siyasi sinfin d\u00fcnya bazar\u0131nda r\u0259qab\u0259t\u0259 qadir olmamas\u0131 art\u0131q son 20 ild\u0259 dan\u0131lmaz t\u0259rzd\u0259 r\u0259q\u0259ml\u0259rl\u0259 v\u0259 m\u00fcst\u0259qil beyn\u0259lxalq m\u0259hk\u0259m\u0259l\u0259rin q\u0259rarlar\u0131 il\u0259 s\u00fcbuta yetirilib. Dan\u0131lmaz elmi h\u0259qiq\u0259tdir ki, b\u00fct\u00fcn d\u00fcnyada ifrat inhisar \u00e7\u00fcr\u00fcm\u0259y\u0259 v\u0259 iflasa g\u0259tirir. He\u00e7 bir \u015f\u00fcbh\u0259 yoxdur ki, Az\u0259rbaycandak\u0131 inhisar da r\u0259qab\u0259t\u0259 davaml\u0131 deyil, neft pullar\u0131na v\u0259 hakim siyasi sinfin c\u0259br al\u0259tin\u0259 s\u00f6yk\u0259n\u0259r\u0259k d\u00f6vl\u0259ti qanunsuz q\u0259sb etm\u0259sin\u0259 s\u00f6yk\u0259nir. Bunun is\u0259 yax\u015f\u0131 ax\u0131r\u0131 yoxdur. Lap el\u0259 Qazax\u0131standa oldu\u011fu kimi\u2026<br><\/p>\n\n\n\n<p><strong>5.<\/strong>Maddi g\u0259lir namin\u0259 d\u00f6vl\u0259ti inhisara alan hakimiyy\u0259t \u00f6z\u00fcn\u0259 r\u0259qib sayd\u0131\u011f\u0131 siyasi m\u00fcxalif\u0259ti m\u0259hv etdikc\u0259, siyasi meydan\u0131 da\u011f\u0131d\u0131c\u0131 q\u00fcvv\u0259l\u0259r \u00fc\u00e7\u00fcn a\u00e7\u0131r. Siyasi b\u00f6hran m\u0259qam\u0131 g\u0259l\u0259nd\u0259 lab\u00fcd siyasi t\u0259l\u0259bl\u0259ri m\u0259d\u0259ni parlament m\u00fcxalif\u0259ti deyil, meydanlarda vurub-y\u0131xan, \u00f6ld\u00fcr\u00fcb-ba\u015fk\u0259s\u0259n cani \u00fcns\u00fcrl\u0259r s\u0259sl\u0259ndir\u0259c\u0259k. Lap el\u0259 Qazax\u0131standa oldu\u011fu kimi\u2026<br><\/p>\n\n\n\n<p><strong>6.<\/strong>D\u00fcnyan\u0131n b\u00fct\u00fcn s\u0259m\u0259r\u0259siz siyasi rejiml\u0259ri, o c\u00fcml\u0259d\u0259n Az\u0259rbaycan\u0131n indiki hakimiyy\u0259ti c\u0259miyy\u0259td\u0259n g\u0259l\u0259n s\u0259sl\u0259ri v\u0259 i\u015far\u0259l\u0259ri bo\u011fmaqla, h\u0259qiqi v\u0259ziyy\u0259ti malalamaqla sanki \u00f6z v\u0259ziyy\u0259tini m\u00f6hk\u0259ml\u0259ndirir. Heyhat! Onlar \u00f6z g\u0259l\u0259c\u0259k gurultulu s\u00fcqutlar\u0131n\u0131 lab\u00fcd edir. \u018fn parlaq misal SSR\u0130-nin s\u00fcqutu say\u0131lmal\u0131d\u0131r. Sov.\u0130KP-nin son qurultay\u0131nda s\u0259sl\u0259nmi\u015f gurultulu alq\u0131\u015flar \u0259slind\u0259 sovet qurulu\u015funun mat\u0259m s\u0259dalar\u0131 v\u0259 a\u011f\u0131lar\u0131 say\u0131lmal\u0131yd\u0131. F\u0259q\u0259t bu sad\u0259 h\u0259qiq\u0259ti Sov.\u0130KP-nin liderl\u0259rinin anlama\u011fa z\u0259kas\u0131 \u00e7atmad\u0131. Lap el\u0259 Qazax\u0131standa oldu\u011fu kimi\u2026<br><\/p>\n\n\n\n<p><strong>7.<\/strong>Az\u0259rbaycan\u0131n siyasi s\u0259hn\u0259sind\u0259 \u201c\u0130lham \u018fliyev, s\u0259n get, hakimiyy\u0259ti biz\u0259 ver\u201d dey\u0259n dayaz, bir d\u0259f\u0259 \u00f6lk\u0259ni f\u0259lak\u0259t\u0259 g\u0259tirmi\u015f siyasi q\u00fcvv\u0259 n\u00fcmay\u0259nd\u0259l\u0259ri var. V\u0259t\u0259ninin q\u0259drini bil\u0259n ist\u0259nil\u0259n insan bu iddialar\u0131 g\u00f6rc\u0259k \u201c\u0259l-h\u0259z\u0259r\u201d deyir v\u0259 dem\u0259lidir. Lakin Az\u0259rbaycanda indiki hakimiyy\u0259tin int\u0259has\u0131z\u00a0\u00a0tamahkarl\u0131\u011f\u0131n\u0131, yaranm\u0131\u015f v\u0259 oturu\u015fmu\u015f \u00fcsuli-idar\u0259nin f\u0259rsizliyini anlayan, f\u0259q\u0259t siyasi d\u0259yi\u015fiklikl\u0259rin yaln\u0131z qanuni yolla h\u0259yata ke\u00e7irilm\u0259sinin faydas\u0131n\u0131 d\u0259rk ed\u0259n siyasi q\u00fcvv\u0259l\u0259r d\u0259 m\u00f6vcuddur. M\u0259hz sonuncular hakimiyy\u0259ti g\u00f6r\u00fcnt\u00fc oyunbazl\u0131\u011f\u0131na deyil, h\u0259qiqi islahatlara ba\u015flamaq \u00fc\u00e7\u00fcn c\u0259miyy\u0259tl\u0259 m\u00fckalim\u0259y\u0259 d\u0259v\u0259t edirl\u0259r. Lap el\u0259 Qazax\u0131standa oldu\u011fu kimi\u2026<br><\/p>\n\n\n\n<p><strong>8.<\/strong>D\u00fcnyada xalqlar\u0131n v\u0259 d\u00f6vl\u0259tl\u0259rin ya\u015famaq, inki\u015faf v\u0259 s\u0259rmay\u0259 namin\u0259 amans\u0131z m\u00fcbariz\u0259si gedir. Xalq\u0131m\u0131z\u0131n bu\u00a0m\u00fcbariz\u0259d\u0259 b\u0259xti g\u0259tirib, Allah-taala az\u0259rbaycanl\u0131lara neft v\u0259 qaz kimi t\u0259bii s\u0259rv\u0259t b\u0259x\u015f edib. Bu s\u0259rv\u0259tin t\u0259n yar\u0131s\u0131n\u0131 rus imperiyas\u0131 q\u0259sb etmi\u015fdi v\u0259 xalq\u0131m\u0131z m\u00fcst\u0259qilliy\u0259 q\u0259d\u0259m qoyanda bu m\u00fcbariz\u0259 meydan\u0131na haz\u0131rl\u0131qs\u0131z girmi\u015fdi. N\u0259tic\u0259ni ham\u0131 xat\u0131rlaya bil\u0259r.<br><\/p>\n\n\n\n<p>\u0130ndi bu s\u0259rv\u0259tin ikinci yar\u0131s\u0131 yeyilir. T\u0259bii ki, onun da n\u0259 vaxtsa sonu \u00e7atacaq, t\u00fck\u0259n\u0259c\u0259k. Xalq\u0131m\u0131z bu d\u00f6vrd\u0259 d\u00fcnya bazar\u0131na r\u0259qab\u0259t\u0259 davaml\u0131, elm tutumlu m\u0259hsul istehsal etm\u0259y\u0259 qadir olan oyun\u00e7u kimi daxil ola bil\u0259c\u0259kmi? Yoxsa xalq\u0131m\u0131z \u0259lini dil\u0259n\u00e7i kimi uzad\u0131b yard\u0131ma v\u0259 yadellil\u0259rin r\u0259hmin\u0259 m\u00f6htac miskin v\u0259 m\u0259zlum q\u00f6vm kimi qalacaq?<br><\/p>\n\n\n\n<p>Se\u00e7im h\u0259m xalq\u0131nd\u0131r, h\u0259m onun hakim siyasi sinfinin. Se\u00e7im h\u00f6kum\u0259t\u0259 m\u00fckalim\u0259 t\u0259klifini ver\u0259n siyasi qurumlar\u0131n v\u0259 m\u00fcst\u0259qil ziyal\u0131lar\u0131nd\u0131r.<br><\/p>\n\n\n\n<p>Se\u00e7im \u0130lham \u018fliyevindir. Yen\u0259 d\u0259 mi g\u00f6r\u00fcnt\u00fcy\u0259 \u00fcst\u00fcnl\u00fck ver\u0259c\u0259k? Yen\u0259 d\u0259 mi Prezident Aparat\u0131 \u015fampunlanm\u0131\u015f aftafa da\u015f\u0131y\u0131c\u0131lar\u0131n\u0131 se\u00e7ib onlar\u0131 \u201cxalq n\u00fcmay\u0259nd\u0259si\u201d kimi c\u0259miyy\u0259t\u0259 t\u0259qdim ed\u0259c\u0259k? Yen\u0259 d\u0259 mi onlar prezidentin baya\u011f\u0131, h\u0259yatdan uzaq h\u0259r s\u00f6z\u00fcn\u00fc m\u00fcdrik k\u0259lam kimi alq\u0131\u015flay\u0131b saraydan veril\u0259c\u0259k \u0259nam arzusu il\u0259 i\u00e7\u0259rid\u0259n qovrulacaq? Yen\u0259 d\u0259 mi Az\u0259rbaycan\u0131 m\u0259d\u0259ni v\u0259 m\u00fct\u0259r\u0259qqi d\u00f6vl\u0259t kimi g\u00f6rm\u0259k ist\u0259y\u0259n h\u0259qiqi v\u0259t\u0259np\u0259rv\u0259rl\u0259rin q\u0259lbi q\u0259m v\u0259 k\u0259d\u0259rl\u0259, \u00e7ar\u0259sizlik v\u0259 \u00fcmidsizlikl\u0259 dolacaq?<br><\/p>\n\n\n\n<p>Yen\u0259 d\u0259 mi h\u0259yat\u0131 v\u0259 v\u0259t\u0259ni sevm\u0259kd\u0259n usanmayan g\u0259ncl\u0259r m\u00f6vcud \u00fcsuli-idar\u0259ni m\u0259sx\u0259r\u0259y\u0259 qoyacaq, \u201ch\u00fcquq-m\u00fchafiz\u0259\u201d orqanlar\u0131n\u0131n r\u0259\u015fad\u0259tli i\u015f\u00e7il\u0259ri onlar\u0131 \u015f\u0259rl\u0259yib h\u0259bs\u0259 atacaq, d\u00f6y\u0259c\u0259k, i\u015fg\u0259nc\u0259 ver\u0259c\u0259k, vicdans\u0131z hakiml\u0259r onlar\u0131 cani adland\u0131r\u0131b zindana salacaq?<br><\/p>\n\n\n\n<p>Az\u0259rbaycanda h\u0259r \u015fey h\u0259l\u0259lik lap el\u0259 Qazax\u0131standa oldu\u011fu kimi c\u0259r\u0259yan edir. Bak\u0131l\u0131lar demi\u015f, \u201cgav\u0259r ax\u0131r\u0131 da Qazax\u0131standak\u0131 kimi olacaq\u201d.<\/p>\n","protected":false},"excerpt":{"rendered":"<p>Lap el\u0259 Qazax\u0131standa oldu\u011fu kimi\u2026D\u00fcnyada hadis\u0259l\u0259rin \u00e7oxu g\u00f6zl\u0259nilm\u0259d\u0259n ba\u015f verir. &#8230; <\/p>\n<p class=\"read-more-container\"><a title=\"G\u00f6zl\u0259nilm\u0259d\u0259n\" class=\"read-more button\" href=\"https:\/\/www.meydan.tv\/az\/article\/gozlenilmeden\/#more-233511\" aria-label=\"Read more about G\u00f6zl\u0259nilm\u0259d\u0259n\">Davam\u0131<\/a><\/p>\n","protected":false},"author":8,"featured_media":126053,"comment_status":"closed","ping_status":"closed","sticky":false,"template":"","format":"standard","meta":{"_acf_changed":false,"_sitemap_exclude":false,"_sitemap_priority":"","_sitemap_frequency":"","footnotes":""},"categories":[57],"tags":[],"class_list":["post-233511","post","type-post","status-publish","format-standard","has-post-thumbnail","hentry","category-menim-fikrimce","infinite-scroll-item","generate-columns","tablet-grid-50","mobile-grid-100","grid-parent","grid-33","no-featured-image-padding"],"acf":[],"yoast_head":"<!-- This site is optimized with the Yoast SEO plugin v27.4 - https:\/\/yoast.com\/product\/yoast-seo-wordpress\/ -->\n<title>G\u00f6zl\u0259nilm\u0259d\u0259n - MEYDAN.TV<\/title>\n<meta name=\"robots\" content=\"index, follow, max-snippet:-1, max-image-preview:large, max-video-preview:-1\" \/>\n<link rel=\"canonical\" href=\"https:\/\/www.meydan.tv\/az\/article\/gozlenilmeden\/\" \/>\n<meta property=\"og:locale\" content=\"az_AZ\" \/>\n<meta property=\"og:type\" content=\"article\" \/>\n<meta property=\"og:title\" content=\"G\u00f6zl\u0259nilm\u0259d\u0259n - MEYDAN.TV\" \/>\n<meta property=\"og:description\" content=\"Lap el\u0259 Qazax\u0131standa oldu\u011fu kimi\u2026D\u00fcnyada hadis\u0259l\u0259rin \u00e7oxu g\u00f6zl\u0259nilm\u0259d\u0259n ba\u015f verir. ... Davam\u0131\" \/>\n<meta property=\"og:url\" content=\"https:\/\/www.meydan.tv\/az\/article\/gozlenilmeden\/\" \/>\n<meta property=\"og:site_name\" content=\"MEYDAN.TV\" \/>\n<meta property=\"article:published_time\" content=\"2022-02-02T12:09:31+00:00\" \/>\n<meta property=\"article:modified_time\" content=\"2022-02-02T12:09:33+00:00\" \/>\n<meta property=\"og:image\" content=\"https:\/\/www.meydan.tv\/wp-content\/uploads\/image_from_ios_2_p52ittc.original-scaled.jpg\" \/>\n\t<meta property=\"og:image:width\" content=\"2560\" \/>\n\t<meta property=\"og:image:height\" content=\"1440\" \/>\n\t<meta property=\"og:image:type\" content=\"image\/jpeg\" \/>\n<meta name=\"author\" content=\"elli\" \/>\n<meta name=\"twitter:card\" content=\"summary_large_image\" \/>\n<meta name=\"twitter:creator\" content=\"@elli\" \/>\n<script type=\"application\/ld+json\" class=\"yoast-schema-graph\">{\"@context\":\"https:\\\/\\\/schema.org\",\"@graph\":[{\"@type\":\"Article\",\"@id\":\"https:\\\/\\\/www.meydan.tv\\\/az\\\/article\\\/gozlenilmeden\\\/#article\",\"isPartOf\":{\"@id\":\"https:\\\/\\\/www.meydan.tv\\\/az\\\/article\\\/gozlenilmeden\\\/\"},\"author\":{\"name\":\"elli\",\"@id\":\"https:\\\/\\\/www.meydan.tv\\\/az\\\/#\\\/schema\\\/person\\\/9cdbecf90d17180ce1dfbd95b08dcf47\"},\"headline\":\"G\u00f6zl\u0259nilm\u0259d\u0259n\",\"datePublished\":\"2022-02-02T12:09:31+00:00\",\"dateModified\":\"2022-02-02T12:09:33+00:00\",\"mainEntityOfPage\":{\"@id\":\"https:\\\/\\\/www.meydan.tv\\\/az\\\/article\\\/gozlenilmeden\\\/\"},\"wordCount\":1886,\"publisher\":{\"@id\":\"https:\\\/\\\/www.meydan.tv\\\/az\\\/#organization\"},\"image\":{\"@id\":\"https:\\\/\\\/www.meydan.tv\\\/az\\\/article\\\/gozlenilmeden\\\/#primaryimage\"},\"thumbnailUrl\":\"https:\\\/\\\/www.meydan.tv\\\/wp-content\\\/uploads\\\/image_from_ios_2_p52ittc.original-scaled-e1657365012673.jpg\",\"articleSection\":[\"M\u0259nim Fikrimc\u0259\"],\"inLanguage\":\"az\"},{\"@type\":\"WebPage\",\"@id\":\"https:\\\/\\\/www.meydan.tv\\\/az\\\/article\\\/gozlenilmeden\\\/\",\"url\":\"https:\\\/\\\/www.meydan.tv\\\/az\\\/article\\\/gozlenilmeden\\\/\",\"name\":\"G\u00f6zl\u0259nilm\u0259d\u0259n - MEYDAN.TV\",\"isPartOf\":{\"@id\":\"https:\\\/\\\/www.meydan.tv\\\/az\\\/#website\"},\"primaryImageOfPage\":{\"@id\":\"https:\\\/\\\/www.meydan.tv\\\/az\\\/article\\\/gozlenilmeden\\\/#primaryimage\"},\"image\":{\"@id\":\"https:\\\/\\\/www.meydan.tv\\\/az\\\/article\\\/gozlenilmeden\\\/#primaryimage\"},\"thumbnailUrl\":\"https:\\\/\\\/www.meydan.tv\\\/wp-content\\\/uploads\\\/image_from_ios_2_p52ittc.original-scaled-e1657365012673.jpg\",\"datePublished\":\"2022-02-02T12:09:31+00:00\",\"dateModified\":\"2022-02-02T12:09:33+00:00\",\"breadcrumb\":{\"@id\":\"https:\\\/\\\/www.meydan.tv\\\/az\\\/article\\\/gozlenilmeden\\\/#breadcrumb\"},\"inLanguage\":\"az\",\"potentialAction\":[{\"@type\":\"ReadAction\",\"target\":[\"https:\\\/\\\/www.meydan.tv\\\/az\\\/article\\\/gozlenilmeden\\\/\"]}]},{\"@type\":\"ImageObject\",\"inLanguage\":\"az\",\"@id\":\"https:\\\/\\\/www.meydan.tv\\\/az\\\/article\\\/gozlenilmeden\\\/#primaryimage\",\"url\":\"https:\\\/\\\/www.meydan.tv\\\/wp-content\\\/uploads\\\/image_from_ios_2_p52ittc.original-scaled-e1657365012673.jpg\",\"contentUrl\":\"https:\\\/\\\/www.meydan.tv\\\/wp-content\\\/uploads\\\/image_from_ios_2_p52ittc.original-scaled-e1657365012673.jpg\",\"width\":2560,\"height\":1286,\"caption\":\"Foto: Meydan.tv\"},{\"@type\":\"BreadcrumbList\",\"@id\":\"https:\\\/\\\/www.meydan.tv\\\/az\\\/article\\\/gozlenilmeden\\\/#breadcrumb\",\"itemListElement\":[{\"@type\":\"ListItem\",\"position\":1,\"name\":\"Ana s\u0259hif\u0259\",\"item\":\"https:\\\/\\\/www.meydan.tv\\\/az\\\/\"},{\"@type\":\"ListItem\",\"position\":2,\"name\":\"M\u0259nim Fikrimc\u0259\",\"item\":\"https:\\\/\\\/www.meydan.tv\\\/az\\\/section\\\/menim-fikrimce\\\/\"},{\"@type\":\"ListItem\",\"position\":3,\"name\":\"G\u00f6zl\u0259nilm\u0259d\u0259n\"}]},{\"@type\":\"WebSite\",\"@id\":\"https:\\\/\\\/www.meydan.tv\\\/az\\\/#website\",\"url\":\"https:\\\/\\\/www.meydan.tv\\\/az\\\/\",\"name\":\"MEYDAN.TV\",\"description\":\"Meydan TV Az\u0259rbaycan\u0131n media m\u0259kan\u0131ndak\u0131 alternativ s\u0259sidir\",\"publisher\":{\"@id\":\"https:\\\/\\\/www.meydan.tv\\\/az\\\/#organization\"},\"potentialAction\":[{\"@type\":\"SearchAction\",\"target\":{\"@type\":\"EntryPoint\",\"urlTemplate\":\"https:\\\/\\\/www.meydan.tv\\\/az\\\/?s={search_term_string}\"},\"query-input\":{\"@type\":\"PropertyValueSpecification\",\"valueRequired\":true,\"valueName\":\"search_term_string\"}}],\"inLanguage\":\"az\"},{\"@type\":\"Organization\",\"@id\":\"https:\\\/\\\/www.meydan.tv\\\/az\\\/#organization\",\"name\":\"Meydan TV\",\"url\":\"https:\\\/\\\/www.meydan.tv\\\/az\\\/\",\"logo\":{\"@type\":\"ImageObject\",\"inLanguage\":\"az\",\"@id\":\"https:\\\/\\\/www.meydan.tv\\\/az\\\/#\\\/schema\\\/logo\\\/image\\\/\",\"url\":\"https:\\\/\\\/www.meydan.tv\\\/wp-content\\\/uploads\\\/2021\\\/07\\\/meydan-logo.svg\",\"contentUrl\":\"https:\\\/\\\/www.meydan.tv\\\/wp-content\\\/uploads\\\/2021\\\/07\\\/meydan-logo.svg\",\"width\":195,\"height\":46,\"caption\":\"Meydan TV\"},\"image\":{\"@id\":\"https:\\\/\\\/www.meydan.tv\\\/az\\\/#\\\/schema\\\/logo\\\/image\\\/\"}},{\"@type\":\"Person\",\"@id\":\"https:\\\/\\\/www.meydan.tv\\\/az\\\/#\\\/schema\\\/person\\\/9cdbecf90d17180ce1dfbd95b08dcf47\",\"name\":\"elli\",\"sameAs\":[\"https:\\\/\\\/x.com\\\/elli\"]}]}<\/script>\n<!-- \/ Yoast SEO plugin. -->","yoast_head_json":{"title":"G\u00f6zl\u0259nilm\u0259d\u0259n - MEYDAN.TV","robots":{"index":"index","follow":"follow","max-snippet":"max-snippet:-1","max-image-preview":"max-image-preview:large","max-video-preview":"max-video-preview:-1"},"canonical":"https:\/\/www.meydan.tv\/az\/article\/gozlenilmeden\/","og_locale":"az_AZ","og_type":"article","og_title":"G\u00f6zl\u0259nilm\u0259d\u0259n - MEYDAN.TV","og_description":"Lap el\u0259 Qazax\u0131standa oldu\u011fu kimi\u2026D\u00fcnyada hadis\u0259l\u0259rin \u00e7oxu g\u00f6zl\u0259nilm\u0259d\u0259n ba\u015f verir. ... Davam\u0131","og_url":"https:\/\/www.meydan.tv\/az\/article\/gozlenilmeden\/","og_site_name":"MEYDAN.TV","article_published_time":"2022-02-02T12:09:31+00:00","article_modified_time":"2022-02-02T12:09:33+00:00","og_image":[{"width":2560,"height":1440,"url":"https:\/\/www.meydan.tv\/wp-content\/uploads\/image_from_ios_2_p52ittc.original-scaled.jpg","type":"image\/jpeg"}],"author":"elli","twitter_card":"summary_large_image","twitter_creator":"@elli","schema":{"@context":"https:\/\/schema.org","@graph":[{"@type":"Article","@id":"https:\/\/www.meydan.tv\/az\/article\/gozlenilmeden\/#article","isPartOf":{"@id":"https:\/\/www.meydan.tv\/az\/article\/gozlenilmeden\/"},"author":{"name":"elli","@id":"https:\/\/www.meydan.tv\/az\/#\/schema\/person\/9cdbecf90d17180ce1dfbd95b08dcf47"},"headline":"G\u00f6zl\u0259nilm\u0259d\u0259n","datePublished":"2022-02-02T12:09:31+00:00","dateModified":"2022-02-02T12:09:33+00:00","mainEntityOfPage":{"@id":"https:\/\/www.meydan.tv\/az\/article\/gozlenilmeden\/"},"wordCount":1886,"publisher":{"@id":"https:\/\/www.meydan.tv\/az\/#organization"},"image":{"@id":"https:\/\/www.meydan.tv\/az\/article\/gozlenilmeden\/#primaryimage"},"thumbnailUrl":"https:\/\/www.meydan.tv\/wp-content\/uploads\/image_from_ios_2_p52ittc.original-scaled-e1657365012673.jpg","articleSection":["M\u0259nim Fikrimc\u0259"],"inLanguage":"az"},{"@type":"WebPage","@id":"https:\/\/www.meydan.tv\/az\/article\/gozlenilmeden\/","url":"https:\/\/www.meydan.tv\/az\/article\/gozlenilmeden\/","name":"G\u00f6zl\u0259nilm\u0259d\u0259n - MEYDAN.TV","isPartOf":{"@id":"https:\/\/www.meydan.tv\/az\/#website"},"primaryImageOfPage":{"@id":"https:\/\/www.meydan.tv\/az\/article\/gozlenilmeden\/#primaryimage"},"image":{"@id":"https:\/\/www.meydan.tv\/az\/article\/gozlenilmeden\/#primaryimage"},"thumbnailUrl":"https:\/\/www.meydan.tv\/wp-content\/uploads\/image_from_ios_2_p52ittc.original-scaled-e1657365012673.jpg","datePublished":"2022-02-02T12:09:31+00:00","dateModified":"2022-02-02T12:09:33+00:00","breadcrumb":{"@id":"https:\/\/www.meydan.tv\/az\/article\/gozlenilmeden\/#breadcrumb"},"inLanguage":"az","potentialAction":[{"@type":"ReadAction","target":["https:\/\/www.meydan.tv\/az\/article\/gozlenilmeden\/"]}]},{"@type":"ImageObject","inLanguage":"az","@id":"https:\/\/www.meydan.tv\/az\/article\/gozlenilmeden\/#primaryimage","url":"https:\/\/www.meydan.tv\/wp-content\/uploads\/image_from_ios_2_p52ittc.original-scaled-e1657365012673.jpg","contentUrl":"https:\/\/www.meydan.tv\/wp-content\/uploads\/image_from_ios_2_p52ittc.original-scaled-e1657365012673.jpg","width":2560,"height":1286,"caption":"Foto: Meydan.tv"},{"@type":"BreadcrumbList","@id":"https:\/\/www.meydan.tv\/az\/article\/gozlenilmeden\/#breadcrumb","itemListElement":[{"@type":"ListItem","position":1,"name":"Ana s\u0259hif\u0259","item":"https:\/\/www.meydan.tv\/az\/"},{"@type":"ListItem","position":2,"name":"M\u0259nim Fikrimc\u0259","item":"https:\/\/www.meydan.tv\/az\/section\/menim-fikrimce\/"},{"@type":"ListItem","position":3,"name":"G\u00f6zl\u0259nilm\u0259d\u0259n"}]},{"@type":"WebSite","@id":"https:\/\/www.meydan.tv\/az\/#website","url":"https:\/\/www.meydan.tv\/az\/","name":"MEYDAN.TV","description":"Meydan TV Az\u0259rbaycan\u0131n media m\u0259kan\u0131ndak\u0131 alternativ s\u0259sidir","publisher":{"@id":"https:\/\/www.meydan.tv\/az\/#organization"},"potentialAction":[{"@type":"SearchAction","target":{"@type":"EntryPoint","urlTemplate":"https:\/\/www.meydan.tv\/az\/?s={search_term_string}"},"query-input":{"@type":"PropertyValueSpecification","valueRequired":true,"valueName":"search_term_string"}}],"inLanguage":"az"},{"@type":"Organization","@id":"https:\/\/www.meydan.tv\/az\/#organization","name":"Meydan TV","url":"https:\/\/www.meydan.tv\/az\/","logo":{"@type":"ImageObject","inLanguage":"az","@id":"https:\/\/www.meydan.tv\/az\/#\/schema\/logo\/image\/","url":"https:\/\/www.meydan.tv\/wp-content\/uploads\/2021\/07\/meydan-logo.svg","contentUrl":"https:\/\/www.meydan.tv\/wp-content\/uploads\/2021\/07\/meydan-logo.svg","width":195,"height":46,"caption":"Meydan TV"},"image":{"@id":"https:\/\/www.meydan.tv\/az\/#\/schema\/logo\/image\/"}},{"@type":"Person","@id":"https:\/\/www.meydan.tv\/az\/#\/schema\/person\/9cdbecf90d17180ce1dfbd95b08dcf47","name":"elli","sameAs":["https:\/\/x.com\/elli"]}]}},"_links":{"self":[{"href":"https:\/\/www.meydan.tv\/az\/wp-json\/wp\/v2\/posts\/233511","targetHints":{"allow":["GET"]}}],"collection":[{"href":"https:\/\/www.meydan.tv\/az\/wp-json\/wp\/v2\/posts"}],"about":[{"href":"https:\/\/www.meydan.tv\/az\/wp-json\/wp\/v2\/types\/post"}],"author":[{"embeddable":true,"href":"https:\/\/www.meydan.tv\/az\/wp-json\/wp\/v2\/users\/8"}],"replies":[{"embeddable":true,"href":"https:\/\/www.meydan.tv\/az\/wp-json\/wp\/v2\/comments?post=233511"}],"version-history":[{"count":2,"href":"https:\/\/www.meydan.tv\/az\/wp-json\/wp\/v2\/posts\/233511\/revisions"}],"predecessor-version":[{"id":236530,"href":"https:\/\/www.meydan.tv\/az\/wp-json\/wp\/v2\/posts\/233511\/revisions\/236530"}],"wp:featuredmedia":[{"embeddable":true,"href":"https:\/\/www.meydan.tv\/az\/wp-json\/wp\/v2\/media\/126053"}],"wp:attachment":[{"href":"https:\/\/www.meydan.tv\/az\/wp-json\/wp\/v2\/media?parent=233511"}],"wp:term":[{"taxonomy":"category","embeddable":true,"href":"https:\/\/www.meydan.tv\/az\/wp-json\/wp\/v2\/categories?post=233511"},{"taxonomy":"post_tag","embeddable":true,"href":"https:\/\/www.meydan.tv\/az\/wp-json\/wp\/v2\/tags?post=233511"}],"curies":[{"name":"wp","href":"https:\/\/api.w.org\/{rel}","templated":true}]}}