{"id":233144,"date":"2022-01-28T18:20:25","date_gmt":"2022-01-28T14:20:25","guid":{"rendered":"https:\/\/www.meydan.tv\/?p=233144"},"modified":"2022-01-28T18:20:27","modified_gmt":"2022-01-28T14:20:27","slug":"ikili-idarecilik-siyaseti","status":"publish","type":"post","link":"https:\/\/www.meydan.tv\/az\/article\/ikili-idarecilik-siyaseti\/","title":{"rendered":"\u0130kili idar\u0259\u00e7ilik siyas\u0259ti"},"content":{"rendered":"\n<p><em>\u0130ndi g\u0259l ba\u015f a\u00e7 g\u00f6r\u0259k, Qaraba\u011fda s\u00f6z sahibi kimdir\u2026<\/em><\/p>\n\n\n\n<p>B\u00fct\u00fcn d\u00fcnyada zamanla idar\u0259\u00e7ilik t\u0259kmill\u0259\u015fdirilir, \u00e7eviklik \u00f6n plana ke\u00e7ir, s\u00fcr\u00fcnd\u00fcrm\u0259\u00e7ilik, b\u00fcrokratiya m\u00fcmk\u00fcn q\u0259d\u0259r aradan qald\u0131r\u0131l\u0131r, tarixin arxivin\u0259 g\u00f6nd\u0259rilir. \u201cAnaloqsuz\u201d inki\u015faf\u0131yla f\u0259rql\u0259n\u0259n Az\u0259rbaycanda bu sah\u0259d\u0259 d\u0259 \u00f6z\u00fcn\u0259m\u0259xsusluq var. Hakimiyy\u0259tin 2003-c\u00fc ild\u0259n ba\u015flayan v\u0259 h\u0259l\u0259 d\u0259 davam ed\u0259n \u0130lham \u018fliyev d\u00f6n\u0259mi bu f\u0259rqliliyi il\u0259 x\u00fcsusi se\u00e7ilir. \u0130kili idar\u0259\u00e7ilik ucbat\u0131ndan b\u00fcdc\u0259 v\u0259saitinin s\u0259m\u0259r\u0259siz istifad\u0259si, israf\u00e7\u0131l\u0131q adi hal al\u0131b. Bir ne\u00e7\u0259 il qabaq vitse-prezidentlik institutu yarad\u0131l\u0131b, kiml\u0259rs\u0259 maa\u015f da al\u0131r, ancaq ortada h\u0259r hans\u0131 f\u0259aliyy\u0259t yoxdur. Yen\u0259 b\u00fct\u00fcn i\u015fl\u0259r prezidentin &#8211; \u0130lham \u018fliyevin boynundad\u0131r; a\u00e7\u0131l\u0131\u015flara da o gedir, lenti d\u0259 o k\u0259sir, qonaqlar\u0131 da o qar\u015f\u0131lay\u0131r, xarici s\u0259f\u0259rl\u0259r\u0259 d\u0259 o gedir, t\u0259yinatlar da, s\u0259r\u0259ncam v\u0259 f\u0259rmanlar da onluqdur\u2026<\/p>\n\n\n\n<p>\u0130kili idar\u0259\u00e7iliyin \u0259sas\u0131, dem\u0259k olar, 2012-ci ild\u0259 ASAN Xidm\u0259t (\u00f6z dilimizd\u0259 bu qurumun ad\u0131 Az\u0259rbaycan Xidm\u0259t v\u0259 Qiym\u0259tl\u0259ndirm\u0259 \u015e\u0259b\u0259k\u0259sidir &#8211; AXQ\u015e) adl\u0131 qurumun yarad\u0131lmas\u0131yla qoyuldu. Sad\u0259c\u0259 ingililisc\u0259si, daha do\u011frusu, abreviaturas\u0131 dil\u0259yat\u0131ml\u0131 oldu\u011fundan bu ad\u0131, a\u00e7mas\u0131 t\u00fcrkc\u0259miz\u0259 yad olan\u0131 -ASAN-\u0131 se\u00e7ibl\u0259r, xalq da q\u0259bul edib. \u0130ndi yolda kimd\u0259n soru\u015fsan ki, Az\u0259rbaycan Xidm\u0259t v\u0259 Qiym\u0259tl\u0259ndirm\u0259 \u015e\u0259b\u0259k\u0259sin\u0259 nec\u0259 gedim, \u00e7a\u015f\u0131b qalacaq, bel\u0259 bir \u015fey, bel\u0259 bir yer, qurum tan\u0131mad\u0131\u011f\u0131n\u0131 dey\u0259c\u0259k. 2013-c\u00fc ild\u0259n f\u0259aliyy\u0259t\u0259 ba\u015flayan bu qurum \u00f6lk\u0259d\u0259ki b\u00fct\u00fcn nazirlikl\u0259rin i\u015fini g\u00f6r\u00fcr. Guya \u0259haliy\u0259 xidm\u0259ti asanla\u015fd\u0131r\u0131blar. Nazirlikl\u0259r i\u015finin \u00f6hd\u0259sind\u0259n g\u0259lmirdis\u0259, onlar\u0131 l\u0259\u011fv ed\u0259rdiz. Ax\u0131 h\u0259min i\u015fi nazirlikl\u0259r d\u0259 g\u00f6r\u00fcr, g\u00f6rm\u0259lidir v\u0259 buna g\u00f6r\u0259 maa\u015f al\u0131rlar. M\u0259\u015fhur \u201cq\u0131z\u0131n iki adaxl\u0131s\u0131\u201d deyimind\u0259 oldu\u011fu kimi, bizd\u0259 d\u0259 bir i\u015fi iki qurum g\u00f6r\u00fcr, h\u0259r ikisi d\u0259 bu i\u015f\u0259 g\u00f6r\u0259 b\u00fcdc\u0259d\u0259n pul al\u0131r \u2013 qurumun v\u0259 \u0259m\u0259kda\u015flar\u0131n saxlanmas\u0131na. \u00dcst\u0259lik, raz\u0131 qalanlarla yana\u015f\u0131, ASAN-dan, onun xidm\u0259tinin \u00e7\u0259tinliyind\u0259n \u015fikay\u0259tl\u0259n\u0259nl\u0259r d\u0259 \u00e7oxdur\u2026<\/p>\n\n\n\n<p>K\u0259nd T\u0259s\u0259rr\u00fcfat\u0131 Nazirliyi var, Sahibkarl\u0131\u011f\u0131n \u0130nki\u015faf\u0131na D\u0259st\u0259k Fondu var, \u00fcst\u0259lik, Ki\u00e7ik v\u0259 Orta Biznesin \u0130nki\u015faf\u0131 Agentliyi (KOB\u0130A) yarad\u0131l\u0131b. H\u0259r birind\u0259 d\u0259 xeyli adam maa\u015f al\u0131r. Regionlarda sahibkarl\u0131qla m\u0259\u015f\u011ful olmaq ist\u0259y\u0259n yerli \u0259hali \u00fc\u00e7\u00fcn bu qurumlar \u0259l\u00e7atmazd\u0131r. S\u0259b\u0259b sad\u0259dir, art\u0131q ne\u00e7\u0259 ildir onlar\u0131n \u2013 k\u0259ndlil\u0259rin torpaqlar\u0131n\u0131 m\u0259mur-oliqarxlar \u0259l\u0259 ke\u00e7irib v\u0259 sahibkarl\u0131qla onlar m\u0259\u015f\u011fuldur; b\u00f6y\u00fcy\u00fc, ortas\u0131 v\u0259 ki\u00e7iyi il\u0259. Nazirlikd\u0259n, Fonddan, Agentlikd\u0259n ayr\u0131lan pullar da onlara \u00e7at\u0131r\u2026<\/p>\n\n\n\n<p>Qaraba\u011f\u0131n bir hiss\u0259sinin i\u015f\u011faldan azad edilm\u0259siyl\u0259 ikili idar\u0259\u00e7iliy\u0259 daha da t\u0259kan verilib. M\u0259s\u0259l\u0259n, indi \u0259sas diqq\u0259t m\u0259rk\u0259zind\u0259 olan \u015eu\u015fad\u0131r, oran\u0131n da iki r\u0259hb\u0259ri var: Bayram S\u0259f\u0259rov 2009-cu ild\u0259n (onda \u015eu\u015fa i\u015f\u011faldayd\u0131) \u015eu\u015fan\u0131n icra ba\u015f\u00e7\u0131s\u0131d\u0131r, buna g\u00f6r\u0259 b\u00fct\u00fcn ba\u015fqa icra ba\u015f\u00e7\u0131lar\u0131 kimi o da maa\u015f al\u0131r. 27 yanvar 2021-ci ild\u0259n is\u0259 Ayd\u0131n K\u0259rimov da \u015eu\u015faya r\u0259hb\u0259r g\u0259tirilib. Prezident onu \u015eu\u015fa rayonunda x\u00fcsusi n\u00fcmay\u0259nd\u0259si t\u0259yin edib. O da maa\u015f al\u0131r.<\/p>\n\n\n\n<p>A\u011fdam\u0131n da icra ba\u015f\u00e7\u0131s\u0131 var, 2018-ci ild\u0259n h\u0259min postu Vaqif H\u0259s\u0259nov tutur, buna g\u00f6r\u0259 maa\u015f da al\u0131r. A\u011fdam i\u015f\u011faldan azad edil\u0259nd\u0259n bir ne\u00e7\u0259 ay sonra, daha do\u011frusu, 24 may 2021-ci ild\u0259 Emin Zamin o\u011flu H\u00fcseynov A\u011fdam \u015f\u0259h\u0259ri daxil olmaqla A\u011fdam rayonunun i\u015f\u011faldan azad edilmi\u015f hiss\u0259sind\u0259 Az\u0259rbaycan Respublikas\u0131 Prezidentinin x\u00fcsusi n\u00fcmay\u0259nd\u0259si t\u0259yin edilib. O tarixd\u0259n A\u011fdam\u0131n da iki sahibi var, bu rayona r\u0259hb\u0259rliy\u0259 g\u00f6r\u0259 iki n\u0259f\u0259r b\u00fcdc\u0259d\u0259n maa\u015f al\u0131r. Ancaq n\u0259d\u0259ns\u0259 prezident bununla yet\u0259rl\u0259nm\u0259yib 1 dekabr 2021-ci ild\u0259n Emin H\u00fcseynovu Qaraba\u011f iqtisadi rayonuna daxil olan i\u015f\u011faldan azad edilmi\u015f \u0259razil\u0259rd\u0259 (\u015eu\u015fa rayonu istisna olmaqla) Az\u0259rbaycan Respublikas\u0131 Prezidentinin x\u00fcsusi n\u00fcmay\u0259nd\u0259si t\u0259yin edib, y\u0259ni \u015eu\u015fadan ba\u015fqa b\u00fct\u00fcn rayonlara o r\u0259hb\u0259rlik ed\u0259c\u0259k. Baxmayaraq ki, F\u00fczuli, C\u0259bray\u0131l, Z\u0259ngilan, Qubadl\u0131, La\u00e7\u0131n v\u0259 K\u0259lb\u0259c\u0259rin d\u0259 icra ba\u015f\u00e7\u0131lar\u0131 var, onlar da bu rayonlara r\u0259hb\u0259rlik etdikl\u0259rin\u0259 g\u00f6r\u0259 maa\u015f al\u0131rlar. \u00dcmid edirik \u0259dal\u0259tsizliy\u0259 yol verilm\u0259z, Emin m\u00fc\u0259llim r\u0259hb\u0259rlik etdiyi b\u00fct\u00fcn rayonlara g\u00f6r\u0259 maa\u015f alar\u2026<\/p>\n\n\n\n<p>Ancaq Az\u0259rbaycan Respublikas\u0131 Prezidentinin x\u00fcsusi n\u00fcmay\u0259nd\u0259likl\u0259ri haqq\u0131nda \u0259sasnam\u0259y\u0259 g\u00f6r\u0259, x\u00fcsusi n\u00fcmay\u0259nd\u0259l\u0259r Prezident Administrasiyas\u0131n\u0131n \u0259m\u0259kda\u015flar\u0131d\u0131r. Ola bilsin, bonus olaraq \u0259m\u0259kda\u015f kimi d\u0259 maa\u015f alacaqlar\u2026<\/p>\n\n\n\n<p>X\u00fcsusi n\u00fcmay\u0259nd\u0259nin bir \u00e7ox s\u0259lahiyy\u0259ti var ki, onlardan biri d\u0259 a\u015fa\u011f\u0131dak\u0131d\u0131r: \u201cZ\u0259rur\u0259t olduqda, m\u00fcvafiq \u0259raziy\u0259 giri\u015f-\u00e7\u0131x\u0131\u015f\u0131n x\u00fcsusi rejimini m\u00fc\u0259yy\u0259nl\u0259\u015fdirm\u0259k v\u0259 h\u0259min rejimin t\u0259tbiqini m\u00fcvafiq \u0259razinin komendant\u0131 vasit\u0259sil\u0259 t\u0259min etm\u0259k\u201d. \u0130ndi g\u0259l ba\u015f a\u00e7 g\u00f6r\u0259k Qaraba\u011fda s\u00f6z sahibi kimdir\u2026<\/p>\n\n\n\n<p>Y\u0259ni burda da dola\u015f\u0131ql\u0131qd\u0131r, d\u0259rd t\u0259kc\u0259 \u00f6z\u00fcm\u00fczl\u0259 ba\u011fl\u0131 deyil, i\u015f\u011faldan azad edilmi\u015f \u0259razil\u0259rd\u0259 &#8211; Qaraba\u011fda beyn\u0259lxalq s\u0259viyy\u0259d\u0259 ikili idar\u0259\u00e7ilik var, o da Az\u0259rbaycanla yana\u015f\u0131, Rusiyan\u0131n &#8211; h\u0259m d\u0259 daha \u00e7ox Rusiyan\u0131n &#8211; idar\u0259\u00e7iliyidir\u2026Ancaq onlar\u0131n da maa\u015f\u0131 bizd\u0259n al\u0131b-almad\u0131\u011f\u0131n\u0131 d\u0259qiq bilmirik, \u00e7\u00fcnki bununla ba\u011fl\u0131 10 noyabr raz\u0131la\u015fmas\u0131nda h\u0259r hans\u0131 b\u0259nd yoxdur\u2026<\/p>\n\n\n\n<p><strong>P.S.<\/strong>Hakimiyy\u0259tin siyas\u0259tin\u0259 qar\u0131\u015fm\u0131ram. Yaz\u0131n\u0131 t\u0259k yazm\u0131\u015fam.<\/p>\n","protected":false},"excerpt":{"rendered":"<p>\u0130ndi g\u0259l ba\u015f a\u00e7 g\u00f6r\u0259k, Qaraba\u011fda s\u00f6z sahibi kimdir\u2026 B\u00fct\u00fcn &#8230; <\/p>\n<p class=\"read-more-container\"><a title=\"\u0130kili idar\u0259\u00e7ilik siyas\u0259ti\" class=\"read-more button\" href=\"https:\/\/www.meydan.tv\/az\/article\/ikili-idarecilik-siyaseti\/#more-233144\" aria-label=\"Read more about \u0130kili idar\u0259\u00e7ilik siyas\u0259ti\">Davam\u0131<\/a><\/p>\n","protected":false},"author":8,"featured_media":120573,"comment_status":"closed","ping_status":"closed","sticky":false,"template":"","format":"standard","meta":{"_acf_changed":false,"_sitemap_exclude":false,"_sitemap_priority":"","_sitemap_frequency":"","footnotes":""},"categories":[57],"tags":[],"class_list":["post-233144","post","type-post","status-publish","format-standard","has-post-thumbnail","hentry","category-menim-fikrimce","infinite-scroll-item","generate-columns","tablet-grid-50","mobile-grid-100","grid-parent","grid-33","no-featured-image-padding"],"acf":[],"yoast_head":"<!-- This site is optimized with the Yoast SEO plugin v27.4 - https:\/\/yoast.com\/product\/yoast-seo-wordpress\/ -->\n<title>\u0130kili idar\u0259\u00e7ilik siyas\u0259ti - MEYDAN.TV<\/title>\n<meta name=\"robots\" content=\"index, follow, max-snippet:-1, max-image-preview:large, max-video-preview:-1\" \/>\n<link rel=\"canonical\" href=\"https:\/\/www.meydan.tv\/az\/article\/ikili-idarecilik-siyaseti\/\" \/>\n<meta property=\"og:locale\" content=\"az_AZ\" \/>\n<meta property=\"og:type\" content=\"article\" \/>\n<meta property=\"og:title\" content=\"\u0130kili idar\u0259\u00e7ilik siyas\u0259ti - MEYDAN.TV\" \/>\n<meta property=\"og:description\" content=\"\u0130ndi g\u0259l ba\u015f a\u00e7 g\u00f6r\u0259k, Qaraba\u011fda s\u00f6z sahibi kimdir\u2026 B\u00fct\u00fcn ... Davam\u0131\" \/>\n<meta property=\"og:url\" content=\"https:\/\/www.meydan.tv\/az\/article\/ikili-idarecilik-siyaseti\/\" \/>\n<meta property=\"og:site_name\" content=\"MEYDAN.TV\" \/>\n<meta property=\"article:published_time\" content=\"2022-01-28T14:20:25+00:00\" \/>\n<meta property=\"article:modified_time\" content=\"2022-01-28T14:20:27+00:00\" \/>\n<meta property=\"og:image\" content=\"https:\/\/www.meydan.tv\/wp-content\/uploads\/image_from_ios_1_34ondnl-scaled.jpg\" \/>\n\t<meta property=\"og:image:width\" content=\"2560\" \/>\n\t<meta property=\"og:image:height\" content=\"1440\" \/>\n\t<meta property=\"og:image:type\" content=\"image\/jpeg\" \/>\n<meta name=\"author\" content=\"elli\" \/>\n<meta name=\"twitter:card\" content=\"summary_large_image\" \/>\n<meta name=\"twitter:creator\" content=\"@elli\" \/>\n<script type=\"application\/ld+json\" class=\"yoast-schema-graph\">{\"@context\":\"https:\\\/\\\/schema.org\",\"@graph\":[{\"@type\":\"Article\",\"@id\":\"https:\\\/\\\/www.meydan.tv\\\/az\\\/article\\\/ikili-idarecilik-siyaseti\\\/#article\",\"isPartOf\":{\"@id\":\"https:\\\/\\\/www.meydan.tv\\\/az\\\/article\\\/ikili-idarecilik-siyaseti\\\/\"},\"author\":{\"name\":\"elli\",\"@id\":\"https:\\\/\\\/www.meydan.tv\\\/az\\\/#\\\/schema\\\/person\\\/9cdbecf90d17180ce1dfbd95b08dcf47\"},\"headline\":\"\u0130kili idar\u0259\u00e7ilik siyas\u0259ti\",\"datePublished\":\"2022-01-28T14:20:25+00:00\",\"dateModified\":\"2022-01-28T14:20:27+00:00\",\"mainEntityOfPage\":{\"@id\":\"https:\\\/\\\/www.meydan.tv\\\/az\\\/article\\\/ikili-idarecilik-siyaseti\\\/\"},\"wordCount\":1089,\"publisher\":{\"@id\":\"https:\\\/\\\/www.meydan.tv\\\/az\\\/#organization\"},\"image\":{\"@id\":\"https:\\\/\\\/www.meydan.tv\\\/az\\\/article\\\/ikili-idarecilik-siyaseti\\\/#primaryimage\"},\"thumbnailUrl\":\"https:\\\/\\\/www.meydan.tv\\\/wp-content\\\/uploads\\\/image_from_ios_1_34ondnl-scaled.jpg\",\"articleSection\":[\"M\u0259nim Fikrimc\u0259\"],\"inLanguage\":\"az\"},{\"@type\":\"WebPage\",\"@id\":\"https:\\\/\\\/www.meydan.tv\\\/az\\\/article\\\/ikili-idarecilik-siyaseti\\\/\",\"url\":\"https:\\\/\\\/www.meydan.tv\\\/az\\\/article\\\/ikili-idarecilik-siyaseti\\\/\",\"name\":\"\u0130kili idar\u0259\u00e7ilik siyas\u0259ti - MEYDAN.TV\",\"isPartOf\":{\"@id\":\"https:\\\/\\\/www.meydan.tv\\\/az\\\/#website\"},\"primaryImageOfPage\":{\"@id\":\"https:\\\/\\\/www.meydan.tv\\\/az\\\/article\\\/ikili-idarecilik-siyaseti\\\/#primaryimage\"},\"image\":{\"@id\":\"https:\\\/\\\/www.meydan.tv\\\/az\\\/article\\\/ikili-idarecilik-siyaseti\\\/#primaryimage\"},\"thumbnailUrl\":\"https:\\\/\\\/www.meydan.tv\\\/wp-content\\\/uploads\\\/image_from_ios_1_34ondnl-scaled.jpg\",\"datePublished\":\"2022-01-28T14:20:25+00:00\",\"dateModified\":\"2022-01-28T14:20:27+00:00\",\"breadcrumb\":{\"@id\":\"https:\\\/\\\/www.meydan.tv\\\/az\\\/article\\\/ikili-idarecilik-siyaseti\\\/#breadcrumb\"},\"inLanguage\":\"az\",\"potentialAction\":[{\"@type\":\"ReadAction\",\"target\":[\"https:\\\/\\\/www.meydan.tv\\\/az\\\/article\\\/ikili-idarecilik-siyaseti\\\/\"]}]},{\"@type\":\"ImageObject\",\"inLanguage\":\"az\",\"@id\":\"https:\\\/\\\/www.meydan.tv\\\/az\\\/article\\\/ikili-idarecilik-siyaseti\\\/#primaryimage\",\"url\":\"https:\\\/\\\/www.meydan.tv\\\/wp-content\\\/uploads\\\/image_from_ios_1_34ondnl-scaled.jpg\",\"contentUrl\":\"https:\\\/\\\/www.meydan.tv\\\/wp-content\\\/uploads\\\/image_from_ios_1_34ondnl-scaled.jpg\",\"width\":2560,\"height\":1440,\"caption\":\"Source: Meydan.TV\"},{\"@type\":\"BreadcrumbList\",\"@id\":\"https:\\\/\\\/www.meydan.tv\\\/az\\\/article\\\/ikili-idarecilik-siyaseti\\\/#breadcrumb\",\"itemListElement\":[{\"@type\":\"ListItem\",\"position\":1,\"name\":\"Ana s\u0259hif\u0259\",\"item\":\"https:\\\/\\\/www.meydan.tv\\\/az\\\/\"},{\"@type\":\"ListItem\",\"position\":2,\"name\":\"M\u0259nim Fikrimc\u0259\",\"item\":\"https:\\\/\\\/www.meydan.tv\\\/az\\\/section\\\/menim-fikrimce\\\/\"},{\"@type\":\"ListItem\",\"position\":3,\"name\":\"\u0130kili idar\u0259\u00e7ilik siyas\u0259ti\"}]},{\"@type\":\"WebSite\",\"@id\":\"https:\\\/\\\/www.meydan.tv\\\/az\\\/#website\",\"url\":\"https:\\\/\\\/www.meydan.tv\\\/az\\\/\",\"name\":\"MEYDAN.TV\",\"description\":\"Meydan TV Az\u0259rbaycan\u0131n media m\u0259kan\u0131ndak\u0131 alternativ s\u0259sidir\",\"publisher\":{\"@id\":\"https:\\\/\\\/www.meydan.tv\\\/az\\\/#organization\"},\"potentialAction\":[{\"@type\":\"SearchAction\",\"target\":{\"@type\":\"EntryPoint\",\"urlTemplate\":\"https:\\\/\\\/www.meydan.tv\\\/az\\\/?s={search_term_string}\"},\"query-input\":{\"@type\":\"PropertyValueSpecification\",\"valueRequired\":true,\"valueName\":\"search_term_string\"}}],\"inLanguage\":\"az\"},{\"@type\":\"Organization\",\"@id\":\"https:\\\/\\\/www.meydan.tv\\\/az\\\/#organization\",\"name\":\"Meydan TV\",\"url\":\"https:\\\/\\\/www.meydan.tv\\\/az\\\/\",\"logo\":{\"@type\":\"ImageObject\",\"inLanguage\":\"az\",\"@id\":\"https:\\\/\\\/www.meydan.tv\\\/az\\\/#\\\/schema\\\/logo\\\/image\\\/\",\"url\":\"https:\\\/\\\/www.meydan.tv\\\/wp-content\\\/uploads\\\/2021\\\/07\\\/meydan-logo.svg\",\"contentUrl\":\"https:\\\/\\\/www.meydan.tv\\\/wp-content\\\/uploads\\\/2021\\\/07\\\/meydan-logo.svg\",\"width\":195,\"height\":46,\"caption\":\"Meydan TV\"},\"image\":{\"@id\":\"https:\\\/\\\/www.meydan.tv\\\/az\\\/#\\\/schema\\\/logo\\\/image\\\/\"}},{\"@type\":\"Person\",\"@id\":\"https:\\\/\\\/www.meydan.tv\\\/az\\\/#\\\/schema\\\/person\\\/9cdbecf90d17180ce1dfbd95b08dcf47\",\"name\":\"elli\",\"sameAs\":[\"https:\\\/\\\/x.com\\\/elli\"]}]}<\/script>\n<!-- \/ Yoast SEO plugin. -->","yoast_head_json":{"title":"\u0130kili idar\u0259\u00e7ilik siyas\u0259ti - MEYDAN.TV","robots":{"index":"index","follow":"follow","max-snippet":"max-snippet:-1","max-image-preview":"max-image-preview:large","max-video-preview":"max-video-preview:-1"},"canonical":"https:\/\/www.meydan.tv\/az\/article\/ikili-idarecilik-siyaseti\/","og_locale":"az_AZ","og_type":"article","og_title":"\u0130kili idar\u0259\u00e7ilik siyas\u0259ti - MEYDAN.TV","og_description":"\u0130ndi g\u0259l ba\u015f a\u00e7 g\u00f6r\u0259k, Qaraba\u011fda s\u00f6z sahibi kimdir\u2026 B\u00fct\u00fcn ... Davam\u0131","og_url":"https:\/\/www.meydan.tv\/az\/article\/ikili-idarecilik-siyaseti\/","og_site_name":"MEYDAN.TV","article_published_time":"2022-01-28T14:20:25+00:00","article_modified_time":"2022-01-28T14:20:27+00:00","og_image":[{"width":2560,"height":1440,"url":"https:\/\/www.meydan.tv\/wp-content\/uploads\/image_from_ios_1_34ondnl-scaled.jpg","type":"image\/jpeg"}],"author":"elli","twitter_card":"summary_large_image","twitter_creator":"@elli","schema":{"@context":"https:\/\/schema.org","@graph":[{"@type":"Article","@id":"https:\/\/www.meydan.tv\/az\/article\/ikili-idarecilik-siyaseti\/#article","isPartOf":{"@id":"https:\/\/www.meydan.tv\/az\/article\/ikili-idarecilik-siyaseti\/"},"author":{"name":"elli","@id":"https:\/\/www.meydan.tv\/az\/#\/schema\/person\/9cdbecf90d17180ce1dfbd95b08dcf47"},"headline":"\u0130kili idar\u0259\u00e7ilik siyas\u0259ti","datePublished":"2022-01-28T14:20:25+00:00","dateModified":"2022-01-28T14:20:27+00:00","mainEntityOfPage":{"@id":"https:\/\/www.meydan.tv\/az\/article\/ikili-idarecilik-siyaseti\/"},"wordCount":1089,"publisher":{"@id":"https:\/\/www.meydan.tv\/az\/#organization"},"image":{"@id":"https:\/\/www.meydan.tv\/az\/article\/ikili-idarecilik-siyaseti\/#primaryimage"},"thumbnailUrl":"https:\/\/www.meydan.tv\/wp-content\/uploads\/image_from_ios_1_34ondnl-scaled.jpg","articleSection":["M\u0259nim Fikrimc\u0259"],"inLanguage":"az"},{"@type":"WebPage","@id":"https:\/\/www.meydan.tv\/az\/article\/ikili-idarecilik-siyaseti\/","url":"https:\/\/www.meydan.tv\/az\/article\/ikili-idarecilik-siyaseti\/","name":"\u0130kili idar\u0259\u00e7ilik siyas\u0259ti - MEYDAN.TV","isPartOf":{"@id":"https:\/\/www.meydan.tv\/az\/#website"},"primaryImageOfPage":{"@id":"https:\/\/www.meydan.tv\/az\/article\/ikili-idarecilik-siyaseti\/#primaryimage"},"image":{"@id":"https:\/\/www.meydan.tv\/az\/article\/ikili-idarecilik-siyaseti\/#primaryimage"},"thumbnailUrl":"https:\/\/www.meydan.tv\/wp-content\/uploads\/image_from_ios_1_34ondnl-scaled.jpg","datePublished":"2022-01-28T14:20:25+00:00","dateModified":"2022-01-28T14:20:27+00:00","breadcrumb":{"@id":"https:\/\/www.meydan.tv\/az\/article\/ikili-idarecilik-siyaseti\/#breadcrumb"},"inLanguage":"az","potentialAction":[{"@type":"ReadAction","target":["https:\/\/www.meydan.tv\/az\/article\/ikili-idarecilik-siyaseti\/"]}]},{"@type":"ImageObject","inLanguage":"az","@id":"https:\/\/www.meydan.tv\/az\/article\/ikili-idarecilik-siyaseti\/#primaryimage","url":"https:\/\/www.meydan.tv\/wp-content\/uploads\/image_from_ios_1_34ondnl-scaled.jpg","contentUrl":"https:\/\/www.meydan.tv\/wp-content\/uploads\/image_from_ios_1_34ondnl-scaled.jpg","width":2560,"height":1440,"caption":"Source: Meydan.TV"},{"@type":"BreadcrumbList","@id":"https:\/\/www.meydan.tv\/az\/article\/ikili-idarecilik-siyaseti\/#breadcrumb","itemListElement":[{"@type":"ListItem","position":1,"name":"Ana s\u0259hif\u0259","item":"https:\/\/www.meydan.tv\/az\/"},{"@type":"ListItem","position":2,"name":"M\u0259nim Fikrimc\u0259","item":"https:\/\/www.meydan.tv\/az\/section\/menim-fikrimce\/"},{"@type":"ListItem","position":3,"name":"\u0130kili idar\u0259\u00e7ilik siyas\u0259ti"}]},{"@type":"WebSite","@id":"https:\/\/www.meydan.tv\/az\/#website","url":"https:\/\/www.meydan.tv\/az\/","name":"MEYDAN.TV","description":"Meydan TV Az\u0259rbaycan\u0131n media m\u0259kan\u0131ndak\u0131 alternativ s\u0259sidir","publisher":{"@id":"https:\/\/www.meydan.tv\/az\/#organization"},"potentialAction":[{"@type":"SearchAction","target":{"@type":"EntryPoint","urlTemplate":"https:\/\/www.meydan.tv\/az\/?s={search_term_string}"},"query-input":{"@type":"PropertyValueSpecification","valueRequired":true,"valueName":"search_term_string"}}],"inLanguage":"az"},{"@type":"Organization","@id":"https:\/\/www.meydan.tv\/az\/#organization","name":"Meydan TV","url":"https:\/\/www.meydan.tv\/az\/","logo":{"@type":"ImageObject","inLanguage":"az","@id":"https:\/\/www.meydan.tv\/az\/#\/schema\/logo\/image\/","url":"https:\/\/www.meydan.tv\/wp-content\/uploads\/2021\/07\/meydan-logo.svg","contentUrl":"https:\/\/www.meydan.tv\/wp-content\/uploads\/2021\/07\/meydan-logo.svg","width":195,"height":46,"caption":"Meydan TV"},"image":{"@id":"https:\/\/www.meydan.tv\/az\/#\/schema\/logo\/image\/"}},{"@type":"Person","@id":"https:\/\/www.meydan.tv\/az\/#\/schema\/person\/9cdbecf90d17180ce1dfbd95b08dcf47","name":"elli","sameAs":["https:\/\/x.com\/elli"]}]}},"_links":{"self":[{"href":"https:\/\/www.meydan.tv\/az\/wp-json\/wp\/v2\/posts\/233144","targetHints":{"allow":["GET"]}}],"collection":[{"href":"https:\/\/www.meydan.tv\/az\/wp-json\/wp\/v2\/posts"}],"about":[{"href":"https:\/\/www.meydan.tv\/az\/wp-json\/wp\/v2\/types\/post"}],"author":[{"embeddable":true,"href":"https:\/\/www.meydan.tv\/az\/wp-json\/wp\/v2\/users\/8"}],"replies":[{"embeddable":true,"href":"https:\/\/www.meydan.tv\/az\/wp-json\/wp\/v2\/comments?post=233144"}],"version-history":[{"count":1,"href":"https:\/\/www.meydan.tv\/az\/wp-json\/wp\/v2\/posts\/233144\/revisions"}],"predecessor-version":[{"id":233145,"href":"https:\/\/www.meydan.tv\/az\/wp-json\/wp\/v2\/posts\/233144\/revisions\/233145"}],"wp:featuredmedia":[{"embeddable":true,"href":"https:\/\/www.meydan.tv\/az\/wp-json\/wp\/v2\/media\/120573"}],"wp:attachment":[{"href":"https:\/\/www.meydan.tv\/az\/wp-json\/wp\/v2\/media?parent=233144"}],"wp:term":[{"taxonomy":"category","embeddable":true,"href":"https:\/\/www.meydan.tv\/az\/wp-json\/wp\/v2\/categories?post=233144"},{"taxonomy":"post_tag","embeddable":true,"href":"https:\/\/www.meydan.tv\/az\/wp-json\/wp\/v2\/tags?post=233144"}],"curies":[{"name":"wp","href":"https:\/\/api.w.org\/{rel}","templated":true}]}}