{"id":233142,"date":"2022-01-28T18:20:06","date_gmt":"2022-01-28T14:20:06","guid":{"rendered":"https:\/\/www.meydan.tv\/?p=233142"},"modified":"2022-01-28T20:14:51","modified_gmt":"2022-01-28T16:14:51","slug":"azerbaycan-filmi-ilk-defe-almaniya-kinoteatrlarinda","status":"publish","type":"post","link":"https:\/\/www.meydan.tv\/az\/article\/azerbaycan-filmi-ilk-defe-almaniya-kinoteatrlarinda\/","title":{"rendered":"Az\u0259rbaycan filmi ilk d\u0259f\u0259 Almaniya kinoteatrlar\u0131nda"},"content":{"rendered":"\n<p><em>Premyerada rejissor v\u0259 filmin aktyorlar\u0131 da i\u015ftirak ed\u0259c\u0259k<\/em><\/p>\n\n\n\n<p>Rejissor Elmar \u0130manovun \u201cM\u00f6vs\u00fcm\u00fcn sonu\u201d (\u201cEnd of Season\u201d) tammetrajl\u0131 filmi Almaniya kinoteatrlar\u0131nda n\u00fcmayi\u015f olunacaq.<\/p>\n\n\n\n<p>Film fevral\u0131n 17-d\u0259n etibar\u0259n Aaxen, Berlin, Drezden, Frankfurt, M\u00fcnster, N\u00fcrnberq, Reqensburq, Hannover, Gauting, Heydelberq, Karlsrue, Leypsiqd\u0259 <a href=\"https:\/\/www.realfictionfilme.de\/end-of-season.html\" target=\"_blank\" rel=\"noreferrer noopener\">g\u00f6st\u0259ril\u0259c\u0259k<\/a>.<\/p>\n\n\n\n<p>Berlind\u0259ki premyerada rejissor v\u0259 filmin aktyorlar\u0131 da i\u015ftirak ed\u0259c\u0259k.<\/p>\n\n\n\n<p>Film Az\u0259rbaycanda ki\u00e7ik bir ail\u0259nin h\u0259yat\u0131n\u0131 \u0259b\u0259di d\u0259yi\u015f\u0259c\u0259k bir g\u00fcn\u00fcn hekay\u0259sind\u0259n b\u0259hs edir.<\/p>\n\n\n\n<p>Samir v\u0259 Fidan otuz ya\u015flar\u0131n\u0131n ortalar\u0131ndad\u0131r. Uzun ill\u0259rdir evli olan ail\u0259 orta t\u0259b\u0259q\u0259y\u0259 m\u0259nsubdur. Onlar 18 ya\u015fl\u0131 o\u011fullar\u0131 Mahmudla Bak\u0131n\u0131n k\u0259nar\u0131ndak\u0131 k\u00f6hn\u0259 tikili taxta binan\u0131n ikiotaql\u0131 m\u0259nzilind\u0259 ya\u015fay\u0131rlar.<\/p>\n\n\n\n<p>Samir i\u015fsiz aktyordur. B\u0259z\u0259n reklam \u00e7arxlar\u0131nda m\u0259nfi rollarda \u00e7\u0259kilir. Arvad\u0131 Fidan x\u0259st\u0259xanada u\u015faq h\u0259kimi i\u015fl\u0259yir.<\/p>\n\n\n\n<p>O\u011fullar\u0131 maliyy\u0259 s\u0131x\u0131nt\u0131lar\u0131 ucbat\u0131ndan ail\u0259si il\u0259 ya\u015fama\u011fa m\u0259cbur t\u0259l\u0259b\u0259dir.<\/p>\n\n\n\n<p>Filmin gedi\u015fat\u0131nda m\u0259lum olur ki, ail\u0259d\u0259 bir-birin\u0259 qar\u015f\u0131 yad m\u00fcnasib\u0259t, anla\u015f\u0131lmazl\u0131q, inadkarl\u0131q hallar\u0131 onlar\u0131n aras\u0131nda soyuqluq yarad\u0131b.<\/p>\n\n\n\n<p>Hekay\u0259, ail\u0259nin \u00e7oxdan planla\u015fd\u0131rd\u0131\u011f\u0131 bazar g\u00fcn\u00fcn\u00fc \u00e7im\u0259rlikd\u0259 ke\u00e7irm\u0259si il\u0259 ba\u015flay\u0131r. Onlar \u00e7im\u0259rliy\u0259 ged\u0259rk\u0259n aralar\u0131nda m\u00fcnaqi\u015f\u0259 yaran\u0131r.<\/p>\n\n\n\n<p>Sahild\u0259, onlar\u0131 sevindirm\u0259li bir m\u0259kanda ba\u015f ver\u0259n dramatik hadis\u0259l\u0259r, bu ail\u0259nin v\u0259 b\u00fct\u00f6vl\u00fckd\u0259 c\u0259miyy\u0259tin b\u00fct\u00fcn real probleml\u0259rini ortaya qoyur.<\/p>\n\n\n\n<p>\u201cM\u00f6vs\u00fcm\u00fcn sonu\u201d filmi Rotterdam beyn\u0259lxalq kinofestival\u0131nda \u201cFIPRESCI\u201d m\u00fckafat\u0131na layiq g\u00f6r\u00fcl\u00fcb.<\/p>\n\n\n\n<p>\u201cColor of May\u201d kino\u015firk\u0259tinin C\u0259f\u0259r Cabbarl\u0131 ad\u0131na \u201cAz\u0259rbaycanfilm\u201d kinostudiyas\u0131, \u201cAzharifrey\u201d, \u201cMaisis Peri\u201d \u015firk\u0259tl\u0259ri il\u0259 m\u00fc\u015ft\u0259r\u0259k ekran \u0259s\u0259rinin b\u00fct\u00fcn \u00e7\u0259kili\u015fl\u0259ri Az\u0259rbaycanda apar\u0131l\u0131b.<\/p>\n\n\n\n<p>\u018fsas rollarda Xalq artisti Qurban \u0130smay\u0131lov, \u018fm\u0259kdar artist Rasim C\u0259f\u0259rov, aktyorlar Z\u00fclfiyy\u0259 Qurbanova, Mirm\u00f6vs\u00fcm Mirz\u0259zad\u0259 \u00e7\u0259kilib.<\/p>\n","protected":false},"excerpt":{"rendered":"<p>Premyerada rejissor v\u0259 filmin aktyorlar\u0131 da i\u015ftirak ed\u0259c\u0259k Rejissor Elmar &#8230; <\/p>\n<p class=\"read-more-container\"><a title=\"Az\u0259rbaycan filmi ilk d\u0259f\u0259 Almaniya kinoteatrlar\u0131nda\" class=\"read-more button\" href=\"https:\/\/www.meydan.tv\/az\/article\/azerbaycan-filmi-ilk-defe-almaniya-kinoteatrlarinda\/#more-233142\" aria-label=\"Read more about Az\u0259rbaycan filmi ilk d\u0259f\u0259 Almaniya kinoteatrlar\u0131nda\">Davam\u0131<\/a><\/p>\n","protected":false},"author":8,"featured_media":233139,"comment_status":"closed","ping_status":"closed","sticky":false,"template":"","format":"standard","meta":{"_acf_changed":false,"_sitemap_exclude":false,"_sitemap_priority":"","_sitemap_frequency":"","footnotes":""},"categories":[52,56],"tags":[],"class_list":["post-233142","post","type-post","status-publish","format-standard","has-post-thumbnail","hentry","category-medeniyyet","category-xeberler","infinite-scroll-item","generate-columns","tablet-grid-50","mobile-grid-100","grid-parent","grid-33","no-featured-image-padding"],"acf":[],"yoast_head":"<!-- This site is optimized with the Yoast SEO plugin v27.4 - https:\/\/yoast.com\/product\/yoast-seo-wordpress\/ -->\n<title>Az\u0259rbaycan filmi ilk d\u0259f\u0259 Almaniya kinoteatrlar\u0131nda - MEYDAN.TV<\/title>\n<meta name=\"robots\" content=\"index, follow, max-snippet:-1, max-image-preview:large, max-video-preview:-1\" \/>\n<link rel=\"canonical\" href=\"https:\/\/www.meydan.tv\/az\/article\/azerbaycan-filmi-ilk-defe-almaniya-kinoteatrlarinda\/\" \/>\n<meta property=\"og:locale\" content=\"az_AZ\" \/>\n<meta property=\"og:type\" content=\"article\" \/>\n<meta property=\"og:title\" content=\"Az\u0259rbaycan filmi ilk d\u0259f\u0259 Almaniya kinoteatrlar\u0131nda - MEYDAN.TV\" \/>\n<meta property=\"og:description\" content=\"Premyerada rejissor v\u0259 filmin aktyorlar\u0131 da i\u015ftirak ed\u0259c\u0259k Rejissor Elmar ... Davam\u0131\" \/>\n<meta property=\"og:url\" content=\"https:\/\/www.meydan.tv\/az\/article\/azerbaycan-filmi-ilk-defe-almaniya-kinoteatrlarinda\/\" \/>\n<meta property=\"og:site_name\" content=\"MEYDAN.TV\" \/>\n<meta property=\"article:published_time\" content=\"2022-01-28T14:20:06+00:00\" \/>\n<meta property=\"article:modified_time\" content=\"2022-01-28T16:14:51+00:00\" \/>\n<meta property=\"og:image\" content=\"https:\/\/www.meydan.tv\/wp-content\/uploads\/movsum.jpg\" \/>\n\t<meta property=\"og:image:width\" content=\"1200\" \/>\n\t<meta property=\"og:image:height\" content=\"843\" \/>\n\t<meta property=\"og:image:type\" content=\"image\/jpeg\" \/>\n<meta name=\"author\" content=\"elli\" \/>\n<meta name=\"twitter:card\" content=\"summary_large_image\" \/>\n<meta name=\"twitter:creator\" content=\"@elli\" \/>\n<script type=\"application\/ld+json\" class=\"yoast-schema-graph\">{\"@context\":\"https:\\\/\\\/schema.org\",\"@graph\":[{\"@type\":\"Article\",\"@id\":\"https:\\\/\\\/www.meydan.tv\\\/az\\\/article\\\/azerbaycan-filmi-ilk-defe-almaniya-kinoteatrlarinda\\\/#article\",\"isPartOf\":{\"@id\":\"https:\\\/\\\/www.meydan.tv\\\/az\\\/article\\\/azerbaycan-filmi-ilk-defe-almaniya-kinoteatrlarinda\\\/\"},\"author\":{\"name\":\"elli\",\"@id\":\"https:\\\/\\\/www.meydan.tv\\\/az\\\/#\\\/schema\\\/person\\\/9cdbecf90d17180ce1dfbd95b08dcf47\"},\"headline\":\"Az\u0259rbaycan filmi ilk d\u0259f\u0259 Almaniya kinoteatrlar\u0131nda\",\"datePublished\":\"2022-01-28T14:20:06+00:00\",\"dateModified\":\"2022-01-28T16:14:51+00:00\",\"mainEntityOfPage\":{\"@id\":\"https:\\\/\\\/www.meydan.tv\\\/az\\\/article\\\/azerbaycan-filmi-ilk-defe-almaniya-kinoteatrlarinda\\\/\"},\"wordCount\":378,\"publisher\":{\"@id\":\"https:\\\/\\\/www.meydan.tv\\\/az\\\/#organization\"},\"image\":{\"@id\":\"https:\\\/\\\/www.meydan.tv\\\/az\\\/article\\\/azerbaycan-filmi-ilk-defe-almaniya-kinoteatrlarinda\\\/#primaryimage\"},\"thumbnailUrl\":\"https:\\\/\\\/www.meydan.tv\\\/wp-content\\\/uploads\\\/movsum-e1643436737878.jpg\",\"articleSection\":[\"M\u0259d\u0259niyy\u0259t\",\"X\u0259b\u0259rl\u0259r\"],\"inLanguage\":\"az\"},{\"@type\":\"WebPage\",\"@id\":\"https:\\\/\\\/www.meydan.tv\\\/az\\\/article\\\/azerbaycan-filmi-ilk-defe-almaniya-kinoteatrlarinda\\\/\",\"url\":\"https:\\\/\\\/www.meydan.tv\\\/az\\\/article\\\/azerbaycan-filmi-ilk-defe-almaniya-kinoteatrlarinda\\\/\",\"name\":\"Az\u0259rbaycan filmi ilk d\u0259f\u0259 Almaniya kinoteatrlar\u0131nda - MEYDAN.TV\",\"isPartOf\":{\"@id\":\"https:\\\/\\\/www.meydan.tv\\\/az\\\/#website\"},\"primaryImageOfPage\":{\"@id\":\"https:\\\/\\\/www.meydan.tv\\\/az\\\/article\\\/azerbaycan-filmi-ilk-defe-almaniya-kinoteatrlarinda\\\/#primaryimage\"},\"image\":{\"@id\":\"https:\\\/\\\/www.meydan.tv\\\/az\\\/article\\\/azerbaycan-filmi-ilk-defe-almaniya-kinoteatrlarinda\\\/#primaryimage\"},\"thumbnailUrl\":\"https:\\\/\\\/www.meydan.tv\\\/wp-content\\\/uploads\\\/movsum-e1643436737878.jpg\",\"datePublished\":\"2022-01-28T14:20:06+00:00\",\"dateModified\":\"2022-01-28T16:14:51+00:00\",\"breadcrumb\":{\"@id\":\"https:\\\/\\\/www.meydan.tv\\\/az\\\/article\\\/azerbaycan-filmi-ilk-defe-almaniya-kinoteatrlarinda\\\/#breadcrumb\"},\"inLanguage\":\"az\",\"potentialAction\":[{\"@type\":\"ReadAction\",\"target\":[\"https:\\\/\\\/www.meydan.tv\\\/az\\\/article\\\/azerbaycan-filmi-ilk-defe-almaniya-kinoteatrlarinda\\\/\"]}]},{\"@type\":\"ImageObject\",\"inLanguage\":\"az\",\"@id\":\"https:\\\/\\\/www.meydan.tv\\\/az\\\/article\\\/azerbaycan-filmi-ilk-defe-almaniya-kinoteatrlarinda\\\/#primaryimage\",\"url\":\"https:\\\/\\\/www.meydan.tv\\\/wp-content\\\/uploads\\\/movsum-e1643436737878.jpg\",\"contentUrl\":\"https:\\\/\\\/www.meydan.tv\\\/wp-content\\\/uploads\\\/movsum-e1643436737878.jpg\",\"width\":1200,\"height\":573,\"caption\":\"M\u0259nb\u0259: https:\\\/\\\/edumap.az\\\/\"},{\"@type\":\"BreadcrumbList\",\"@id\":\"https:\\\/\\\/www.meydan.tv\\\/az\\\/article\\\/azerbaycan-filmi-ilk-defe-almaniya-kinoteatrlarinda\\\/#breadcrumb\",\"itemListElement\":[{\"@type\":\"ListItem\",\"position\":1,\"name\":\"Ana s\u0259hif\u0259\",\"item\":\"https:\\\/\\\/www.meydan.tv\\\/az\\\/\"},{\"@type\":\"ListItem\",\"position\":2,\"name\":\"M\u0259d\u0259niyy\u0259t\",\"item\":\"https:\\\/\\\/www.meydan.tv\\\/az\\\/section\\\/medeniyyet\\\/\"},{\"@type\":\"ListItem\",\"position\":3,\"name\":\"Az\u0259rbaycan filmi ilk d\u0259f\u0259 Almaniya kinoteatrlar\u0131nda\"}]},{\"@type\":\"WebSite\",\"@id\":\"https:\\\/\\\/www.meydan.tv\\\/az\\\/#website\",\"url\":\"https:\\\/\\\/www.meydan.tv\\\/az\\\/\",\"name\":\"MEYDAN.TV\",\"description\":\"Meydan TV Az\u0259rbaycan\u0131n media m\u0259kan\u0131ndak\u0131 alternativ s\u0259sidir\",\"publisher\":{\"@id\":\"https:\\\/\\\/www.meydan.tv\\\/az\\\/#organization\"},\"potentialAction\":[{\"@type\":\"SearchAction\",\"target\":{\"@type\":\"EntryPoint\",\"urlTemplate\":\"https:\\\/\\\/www.meydan.tv\\\/az\\\/?s={search_term_string}\"},\"query-input\":{\"@type\":\"PropertyValueSpecification\",\"valueRequired\":true,\"valueName\":\"search_term_string\"}}],\"inLanguage\":\"az\"},{\"@type\":\"Organization\",\"@id\":\"https:\\\/\\\/www.meydan.tv\\\/az\\\/#organization\",\"name\":\"Meydan TV\",\"url\":\"https:\\\/\\\/www.meydan.tv\\\/az\\\/\",\"logo\":{\"@type\":\"ImageObject\",\"inLanguage\":\"az\",\"@id\":\"https:\\\/\\\/www.meydan.tv\\\/az\\\/#\\\/schema\\\/logo\\\/image\\\/\",\"url\":\"https:\\\/\\\/www.meydan.tv\\\/wp-content\\\/uploads\\\/2021\\\/07\\\/meydan-logo.svg\",\"contentUrl\":\"https:\\\/\\\/www.meydan.tv\\\/wp-content\\\/uploads\\\/2021\\\/07\\\/meydan-logo.svg\",\"width\":195,\"height\":46,\"caption\":\"Meydan TV\"},\"image\":{\"@id\":\"https:\\\/\\\/www.meydan.tv\\\/az\\\/#\\\/schema\\\/logo\\\/image\\\/\"}},{\"@type\":\"Person\",\"@id\":\"https:\\\/\\\/www.meydan.tv\\\/az\\\/#\\\/schema\\\/person\\\/9cdbecf90d17180ce1dfbd95b08dcf47\",\"name\":\"elli\",\"sameAs\":[\"https:\\\/\\\/x.com\\\/elli\"]}]}<\/script>\n<!-- \/ Yoast SEO plugin. -->","yoast_head_json":{"title":"Az\u0259rbaycan filmi ilk d\u0259f\u0259 Almaniya kinoteatrlar\u0131nda - MEYDAN.TV","robots":{"index":"index","follow":"follow","max-snippet":"max-snippet:-1","max-image-preview":"max-image-preview:large","max-video-preview":"max-video-preview:-1"},"canonical":"https:\/\/www.meydan.tv\/az\/article\/azerbaycan-filmi-ilk-defe-almaniya-kinoteatrlarinda\/","og_locale":"az_AZ","og_type":"article","og_title":"Az\u0259rbaycan filmi ilk d\u0259f\u0259 Almaniya kinoteatrlar\u0131nda - MEYDAN.TV","og_description":"Premyerada rejissor v\u0259 filmin aktyorlar\u0131 da i\u015ftirak ed\u0259c\u0259k Rejissor Elmar ... Davam\u0131","og_url":"https:\/\/www.meydan.tv\/az\/article\/azerbaycan-filmi-ilk-defe-almaniya-kinoteatrlarinda\/","og_site_name":"MEYDAN.TV","article_published_time":"2022-01-28T14:20:06+00:00","article_modified_time":"2022-01-28T16:14:51+00:00","og_image":[{"width":1200,"height":843,"url":"https:\/\/www.meydan.tv\/wp-content\/uploads\/movsum.jpg","type":"image\/jpeg"}],"author":"elli","twitter_card":"summary_large_image","twitter_creator":"@elli","schema":{"@context":"https:\/\/schema.org","@graph":[{"@type":"Article","@id":"https:\/\/www.meydan.tv\/az\/article\/azerbaycan-filmi-ilk-defe-almaniya-kinoteatrlarinda\/#article","isPartOf":{"@id":"https:\/\/www.meydan.tv\/az\/article\/azerbaycan-filmi-ilk-defe-almaniya-kinoteatrlarinda\/"},"author":{"name":"elli","@id":"https:\/\/www.meydan.tv\/az\/#\/schema\/person\/9cdbecf90d17180ce1dfbd95b08dcf47"},"headline":"Az\u0259rbaycan filmi ilk d\u0259f\u0259 Almaniya kinoteatrlar\u0131nda","datePublished":"2022-01-28T14:20:06+00:00","dateModified":"2022-01-28T16:14:51+00:00","mainEntityOfPage":{"@id":"https:\/\/www.meydan.tv\/az\/article\/azerbaycan-filmi-ilk-defe-almaniya-kinoteatrlarinda\/"},"wordCount":378,"publisher":{"@id":"https:\/\/www.meydan.tv\/az\/#organization"},"image":{"@id":"https:\/\/www.meydan.tv\/az\/article\/azerbaycan-filmi-ilk-defe-almaniya-kinoteatrlarinda\/#primaryimage"},"thumbnailUrl":"https:\/\/www.meydan.tv\/wp-content\/uploads\/movsum-e1643436737878.jpg","articleSection":["M\u0259d\u0259niyy\u0259t","X\u0259b\u0259rl\u0259r"],"inLanguage":"az"},{"@type":"WebPage","@id":"https:\/\/www.meydan.tv\/az\/article\/azerbaycan-filmi-ilk-defe-almaniya-kinoteatrlarinda\/","url":"https:\/\/www.meydan.tv\/az\/article\/azerbaycan-filmi-ilk-defe-almaniya-kinoteatrlarinda\/","name":"Az\u0259rbaycan filmi ilk d\u0259f\u0259 Almaniya kinoteatrlar\u0131nda - MEYDAN.TV","isPartOf":{"@id":"https:\/\/www.meydan.tv\/az\/#website"},"primaryImageOfPage":{"@id":"https:\/\/www.meydan.tv\/az\/article\/azerbaycan-filmi-ilk-defe-almaniya-kinoteatrlarinda\/#primaryimage"},"image":{"@id":"https:\/\/www.meydan.tv\/az\/article\/azerbaycan-filmi-ilk-defe-almaniya-kinoteatrlarinda\/#primaryimage"},"thumbnailUrl":"https:\/\/www.meydan.tv\/wp-content\/uploads\/movsum-e1643436737878.jpg","datePublished":"2022-01-28T14:20:06+00:00","dateModified":"2022-01-28T16:14:51+00:00","breadcrumb":{"@id":"https:\/\/www.meydan.tv\/az\/article\/azerbaycan-filmi-ilk-defe-almaniya-kinoteatrlarinda\/#breadcrumb"},"inLanguage":"az","potentialAction":[{"@type":"ReadAction","target":["https:\/\/www.meydan.tv\/az\/article\/azerbaycan-filmi-ilk-defe-almaniya-kinoteatrlarinda\/"]}]},{"@type":"ImageObject","inLanguage":"az","@id":"https:\/\/www.meydan.tv\/az\/article\/azerbaycan-filmi-ilk-defe-almaniya-kinoteatrlarinda\/#primaryimage","url":"https:\/\/www.meydan.tv\/wp-content\/uploads\/movsum-e1643436737878.jpg","contentUrl":"https:\/\/www.meydan.tv\/wp-content\/uploads\/movsum-e1643436737878.jpg","width":1200,"height":573,"caption":"M\u0259nb\u0259: https:\/\/edumap.az\/"},{"@type":"BreadcrumbList","@id":"https:\/\/www.meydan.tv\/az\/article\/azerbaycan-filmi-ilk-defe-almaniya-kinoteatrlarinda\/#breadcrumb","itemListElement":[{"@type":"ListItem","position":1,"name":"Ana s\u0259hif\u0259","item":"https:\/\/www.meydan.tv\/az\/"},{"@type":"ListItem","position":2,"name":"M\u0259d\u0259niyy\u0259t","item":"https:\/\/www.meydan.tv\/az\/section\/medeniyyet\/"},{"@type":"ListItem","position":3,"name":"Az\u0259rbaycan filmi ilk d\u0259f\u0259 Almaniya kinoteatrlar\u0131nda"}]},{"@type":"WebSite","@id":"https:\/\/www.meydan.tv\/az\/#website","url":"https:\/\/www.meydan.tv\/az\/","name":"MEYDAN.TV","description":"Meydan TV Az\u0259rbaycan\u0131n media m\u0259kan\u0131ndak\u0131 alternativ s\u0259sidir","publisher":{"@id":"https:\/\/www.meydan.tv\/az\/#organization"},"potentialAction":[{"@type":"SearchAction","target":{"@type":"EntryPoint","urlTemplate":"https:\/\/www.meydan.tv\/az\/?s={search_term_string}"},"query-input":{"@type":"PropertyValueSpecification","valueRequired":true,"valueName":"search_term_string"}}],"inLanguage":"az"},{"@type":"Organization","@id":"https:\/\/www.meydan.tv\/az\/#organization","name":"Meydan TV","url":"https:\/\/www.meydan.tv\/az\/","logo":{"@type":"ImageObject","inLanguage":"az","@id":"https:\/\/www.meydan.tv\/az\/#\/schema\/logo\/image\/","url":"https:\/\/www.meydan.tv\/wp-content\/uploads\/2021\/07\/meydan-logo.svg","contentUrl":"https:\/\/www.meydan.tv\/wp-content\/uploads\/2021\/07\/meydan-logo.svg","width":195,"height":46,"caption":"Meydan TV"},"image":{"@id":"https:\/\/www.meydan.tv\/az\/#\/schema\/logo\/image\/"}},{"@type":"Person","@id":"https:\/\/www.meydan.tv\/az\/#\/schema\/person\/9cdbecf90d17180ce1dfbd95b08dcf47","name":"elli","sameAs":["https:\/\/x.com\/elli"]}]}},"_links":{"self":[{"href":"https:\/\/www.meydan.tv\/az\/wp-json\/wp\/v2\/posts\/233142","targetHints":{"allow":["GET"]}}],"collection":[{"href":"https:\/\/www.meydan.tv\/az\/wp-json\/wp\/v2\/posts"}],"about":[{"href":"https:\/\/www.meydan.tv\/az\/wp-json\/wp\/v2\/types\/post"}],"author":[{"embeddable":true,"href":"https:\/\/www.meydan.tv\/az\/wp-json\/wp\/v2\/users\/8"}],"replies":[{"embeddable":true,"href":"https:\/\/www.meydan.tv\/az\/wp-json\/wp\/v2\/comments?post=233142"}],"version-history":[{"count":6,"href":"https:\/\/www.meydan.tv\/az\/wp-json\/wp\/v2\/posts\/233142\/revisions"}],"predecessor-version":[{"id":233172,"href":"https:\/\/www.meydan.tv\/az\/wp-json\/wp\/v2\/posts\/233142\/revisions\/233172"}],"wp:featuredmedia":[{"embeddable":true,"href":"https:\/\/www.meydan.tv\/az\/wp-json\/wp\/v2\/media\/233139"}],"wp:attachment":[{"href":"https:\/\/www.meydan.tv\/az\/wp-json\/wp\/v2\/media?parent=233142"}],"wp:term":[{"taxonomy":"category","embeddable":true,"href":"https:\/\/www.meydan.tv\/az\/wp-json\/wp\/v2\/categories?post=233142"},{"taxonomy":"post_tag","embeddable":true,"href":"https:\/\/www.meydan.tv\/az\/wp-json\/wp\/v2\/tags?post=233142"}],"curies":[{"name":"wp","href":"https:\/\/api.w.org\/{rel}","templated":true}]}}