{"id":233125,"date":"2022-01-28T17:49:31","date_gmt":"2022-01-28T13:49:31","guid":{"rendered":"https:\/\/www.meydan.tv\/?p=233125"},"modified":"2022-01-28T20:45:21","modified_gmt":"2022-01-28T16:45:21","slug":"avropa-rusiya-qazina-sanksiya-tetbiq-ederse","status":"publish","type":"post","link":"https:\/\/www.meydan.tv\/az\/article\/avropa-rusiya-qazina-sanksiya-tetbiq-ederse\/","title":{"rendered":"Avropa Rusiya qaz\u0131na sanksiya qoysa, Az\u0259rbaycan qaz\u0131na t\u0259l\u0259bat artacaqm\u0131?"},"content":{"rendered":"\n<figure class=\"wp-block-embed is-type-video is-provider-youtube wp-block-embed-youtube wp-embed-aspect-16-9 wp-has-aspect-ratio\"><div class=\"wp-block-embed__wrapper\">\n<iframe title=\"Avropa \u0130ttifaq\u0131n\u0131n enerji komissar\u0131 daha \u00e7ox qaz t\u0259l\u0259bi \u00fc\u00e7\u00fcn Az\u0259rbaycana g\u0259lir\" width=\"1200\" height=\"675\" data-src=\"https:\/\/www.youtube.com\/embed\/d10kdIQsFbE?feature=oembed\" frameborder=\"0\" allow=\"accelerometer; autoplay; clipboard-write; encrypted-media; gyroscope; picture-in-picture\" allowfullscreen src=\"data:image\/svg+xml;base64,PHN2ZyB3aWR0aD0iMSIgaGVpZ2h0PSIxIiB4bWxucz0iaHR0cDovL3d3dy53My5vcmcvMjAwMC9zdmciPjwvc3ZnPg==\" class=\"lazyload\" data-load-mode=\"1\"><\/iframe>\n<\/div><\/figure>\n\n\n\n<!--more-->\n\n\n\n<p><em>\u0130qtisad\u00e7\u0131: &#8220;Az\u0259rbaycan Avropan\u0131 qazla t\u0259min ed\u0259c\u0259k g\u00fccd\u0259 deyil&#8221;<\/em><\/p>\n\n\n\n<p>Q\u0259rb medias\u0131 Avropa Birliyi \u00f6lk\u0259l\u0259rinin n\u0259 d\u0259r\u0259c\u0259d\u0259 Rusiyadan al\u0131nan t\u0259bii qazdan as\u0131l\u0131 oldu\u011funu m\u00fczakir\u0259 edir.<\/p>\n\n\n\n<p>M\u0259s\u0259l\u0259n, Rusiyaya n\u00f6vb\u0259ti d\u0259f\u0259 x\u0259b\u0259rdarl\u0131q ed\u0259n Almaniya xarici i\u015fl\u0259r naziri Annalena Baerbock <a href=\"https:\/\/www.dw.com\/tr\/baerbock-rusya-sald%C4%B1r%C4%B1rsa-%C3%A7ok-sert-bir-yan%C4%B1t-al%C4%B1r\/a-60578914\" target=\"_blank\" rel=\"noreferrer noopener\">deyib<\/a> ki, Ukraynaya n\u00f6vb\u0259ti h\u00fccum q\u0259buledilm\u0259z olar: \u201cBaxmayaraq ki, \u00f6lk\u0259m h\u0259r zaman dan\u0131\u015f\u0131qlara \u00fcst\u00fcnl\u00fck verir. Ancaq h\u00fccumla ba\u011fl\u0131 eyni \u015feyi dey\u0259 bilm\u0259y\u0259c\u0259y\u0259m. \u018fg\u0259r Rusiya Ukraynaya h\u00fccum ets\u0259, s\u0259rt qar\u015f\u0131l\u0131q g\u00f6r\u0259c\u0259k&#8221;.<\/p>\n\n\n\n<p>&#8220;Bel\u0259 bir h\u00fccum qar\u015f\u0131s\u0131nda \u201cNord Stream 2\u201d boru x\u0259tti (red: boru x\u0259ttil\u0259 Rusiyadan Baltik D\u0259nizinin alt\u0131 il\u0259 Almaniyaya t\u0259bii qaz gedir) d\u0259 daxil olmaqla geni\u015f\u00e7e\u015fidli m\u00fcxt\u0259lif cavab variantlar\u0131m\u0131z var\u201d, &#8211; dey\u0259 o bildirib.<\/p>\n\n\n\n<p>Nazir \u0259lav\u0259 edib ki, bu g\u00fcn Avropada s\u00fclh nizam\u0131 m\u00fczakir\u0259edilm\u0259zdir. Bu, anla\u015f\u0131lmazl\u0131\u011fa yer qoymayacaq bir q\u0259tiyy\u0259tl\u0259 dil\u0259 g\u0259tirilm\u0259lidir: \u201cY\u00fcz minl\u0259rl\u0259 \u0259sg\u0259rin m\u0259ntiqli bir s\u0259b\u0259b yoxk\u0259n tanklarla, toplarla Ukrayna s\u0259rh\u0259ddind\u0259 toplanmas\u0131n\u0131 t\u0259hdid kimi anlamamaq \u00e7\u0259tindir\u201d.<\/p>\n\n\n\n<p>Rusiyan\u0131n Ukrayna s\u0259rh\u0259ddin\u0259 100 mind\u0259n \u00e7ox \u0259sg\u0259r y\u0131\u011fd\u0131\u011f\u0131 bildirilir.<\/p>\n\n\n\n<p>Yanvar\u0131n 28-d\u0259 Ukraynan\u0131n xarici i\u015fl\u0259r naziri Dmitri Kuleba s\u0259rh\u0259dd\u0259ki Rusiya \u0259sg\u0259rl\u0259rinin say\u0131n\u0131n g\u00fcn\u00fc-g\u00fcnd\u0259n artd\u0131\u011f\u0131n\u0131 s\u00f6yl\u0259yib.<\/p>\n\n\n\n<p>R\u0259smi Kreml \u00f6t\u0259n ilin sonu a\u00e7\u0131qlama ver\u0259r\u0259k bildirib ki, Ukrayna il\u0259 s\u0259rh\u0259dd\u0259 Rusiya Belarusla birg\u0259 h\u0259rbi t\u0259liml\u0259r ke\u00e7irir. \u018fsg\u0259rl\u0259rin s\u0259rh\u0259d \u0259razisin\u0259 toplanma s\u0259b\u0259bi budur.<\/p>\n\n\n\n<p>Rusiya Ukrayna aras\u0131ndak\u0131 m\u00fcnaqi\u015f\u0259 yeni deyil.<\/p>\n\n\n\n<p>Rusiya 2014-c\u00fc ild\u0259 Ukraynan\u0131n Kr\u0131m yar\u0131madas\u0131n\u0131 ilhaq edib v\u0259 \u00f6lk\u0259nin \u015f\u0259rqind\u0259ki separat\u00e7\u0131lar\u0131 d\u0259st\u0259kl\u0259m\u0259y\u0259 ba\u015flay\u0131b. H\u0259min vaxtdan davam ed\u0259n m\u00fcnaqi\u015f\u0259d\u0259 13 min 200-d\u0259n \u00e7ox adam \u00f6ld\u00fcr\u00fcl\u00fcb.<\/p>\n\n\n\n<p>M\u00fcnaqi\u015f\u0259nin yenid\u0259n q\u0131z\u0131\u015farsa, Almaniya Rusiya qaz\u0131na dediyi kimi sanksiya qoyarsa, Az\u0259rbaycan qaz\u0131na Avropada t\u0259l\u0259bat arta bil\u0259rmi?<\/p>\n\n\n\n<figure class=\"wp-block-image size-full\"><img decoding=\"async\" width=\"1200\" height=\"675\" data-src=\"https:\/\/www.meydan.tv\/wp-content\/uploads\/shutterstock_2001825899.jpg\" alt=\"\" class=\"wp-image-233129 lazyload\" src=\"data:image\/svg+xml;base64,PHN2ZyB3aWR0aD0iMSIgaGVpZ2h0PSIxIiB4bWxucz0iaHR0cDovL3d3dy53My5vcmcvMjAwMC9zdmciPjwvc3ZnPg==\" style=\"--smush-placeholder-width: 1200px; --smush-placeholder-aspect-ratio: 1200\/675;\" \/><figcaption>Foto:Frame Stock Footage\/shutterstock<\/figcaption><\/figure>\n\n\n\n<p>\u0130qtisad\u00e7\u0131 F\u0259rid Mehral\u0131zad\u0259 Meydan TV-y\u0259 deyir ki, Avropan\u0131n t\u0259bii qaz bax\u0131m\u0131ndan Rusiyadan as\u0131l\u0131l\u0131\u011f\u0131 uzun ill\u0259rdir m\u00fczakir\u0259 edilir. H\u0259tta bu, Avropan\u0131n enerji t\u0259hl\u00fck\u0259sizliyi siyas\u0259tinin \u0259sas istiqam\u0259tl\u0259rind\u0259n biridir.<\/p>\n\n\n\n<p>Az\u0259rbaycan is\u0259 az da olsa, bu asl\u0131l\u0131\u011f\u0131n aradan qald\u0131r\u0131lmas\u0131na xidm\u0259t ed\u0259 bil\u0259r: \u201cAncaq Az\u0259rbaycan qaz\u0131 Avropaya ilk d\u0259f\u0259 2020-ci ilin sonu ixrac edilm\u0259y\u0259 ba\u015flay\u0131b. B\u0259li, Avropan\u0131n Rusiya qaz\u0131na sanksiyas\u0131 Az\u0259rbaycan qaz\u0131na t\u0259l\u0259bi art\u0131ra bil\u0259r. Burada \u0259sas m\u0259s\u0259l\u0259 budur: Az\u0259rbaycan\u0131n malik oldu\u011fu t\u0259bii resurslar bu t\u0259l\u0259bi qar\u015f\u0131lamaq g\u00fcc\u00fcnd\u0259dirmi?\u201d<\/p>\n\n\n\n<p>&#8220;Az\u0259rbaycan Energetika Nazirliyinin r\u0259smi r\u0259q\u0259ml\u0259ri g\u00f6st\u0259rir ki, Az\u0259rbaycan Avropan\u0131 qazla t\u0259min ed\u0259c\u0259k g\u00fccd\u0259 deyil&#8221;, &#8211; iqtisad\u00e7\u0131 bel\u0259 deyir.<\/p>\n\n\n\n<p>Onun s\u00f6zl\u0259rin\u0259 g\u00f6r\u0259, 2021-ci ilin ilk 11 ay\u0131nda Az\u0259rbaycan 39,7 milyard kubmetr t\u0259bii qaz hasil edib: <\/p>\n\n\n\n<p>&#8220;Bunun da 17 milyard kubmetri ixrac olunub. H\u0259min o 17 milyard ixrac olunan qaz\u0131n c\u0259mi 7,3 milyard kubmetri Avropaya sat\u0131l\u0131b. Y\u0259qin ki, dekabr\u0131n n\u0259tic\u0259l\u0259ri d\u0259 a\u00e7\u0131qlansa, \u00f6t\u0259n il Avropaya t\u0259xmin\u0259n 8 milyard kubmetr qaz satd\u0131\u011f\u0131m\u0131z\u0131 g\u00f6r\u0259c\u0259yik. M\u0259s\u0259l\u0259n, biz Rusiyan\u0131n ixrac r\u0259q\u0259ml\u0259rin\u0259 baxanda g\u00f6r\u00fcr\u00fck ki, &#8220;Qazprom&#8221; h\u0259r il Avropaya 175-180 milyard kubmetr qaz sat\u0131b. Bu o dem\u0259kdir ki, Az\u0259rbaycan\u0131n Avropaya satd\u0131\u011f\u0131 qaz\u0131n h\u0259cmi t\u0259kc\u0259, Rusiyan\u0131n h\u0259min \u0259razil\u0259r\u0259 ixrac\u0131n\u0131n 10 faizin\u0259 b\u0259rab\u0259rdir. Bu bax\u0131mdan Az\u0259rbaycan Avropan\u0131n enerji t\u0259hl\u00fck\u0259sizliyind\u0259 bir o q\u0259d\u0259r \u0259h\u0259miyy\u0259tli rola malik deyil. M\u00fc\u0259yy\u0259n q\u0259d\u0259r rol oynasa da, ciddi \u00f6l\u00e7\u00fcy\u0259 \u00e7atmay\u0131b\u201d.<\/p>\n\n\n\n<p>F\u0259rid Mehral\u0131zad\u0259 bildirib ki, h\u0259tta Az\u0259rbaycan Avropan\u0131n qaz t\u0259dar\u00fck etdiyi m\u0259nb\u0259l\u0259rin top 5-d\u0259 bel\u0259 deyil.<\/p>\n\n\n\n<p>Avropan\u0131n \u00fcmumi qaz ehtiyac\u0131na g\u0259linc\u0259, iqtisad\u00e7\u0131 deyir ki, bu, son ill\u0259r 325-350 milyard kubmetrdir: \u201cY\u0259ni Az\u0259rbaycan\u0131n il boyu ixrac etdiyi qaz Avropan\u0131n ehtiyac\u0131n\u0131n c\u0259mi bir ne\u00e7\u0259 faizidir. Bu bax\u0131mdan Az\u0259rbaycan qaz\u0131na t\u0259l\u0259b artsa bel\u0259, bu \u00f6lk\u0259nin Avropan\u0131n b\u00fct\u00fcn qaz t\u0259minat\u0131nda ciddi rol oynamas\u0131 indiki m\u0259rh\u0259l\u0259d\u0259 real deyil. Sad\u0259c\u0259, \u00f6lk\u0259d\u0259 hasil olunan t\u0259bii qaz\u0131n miqdar\u0131 artsa, icrac bir q\u0259d\u0259r \u00e7oxalar. Bununla ba\u011fl\u0131 da proqnozlar art\u0131q var. Amma yen\u0259 d\u0259 Az\u0259rbaycan \u00e7ox b\u00f6y\u00fck ir\u0259lil\u0259yi\u015f \u0259ld\u0259 ed\u0259 bilm\u0259z. Bu bax\u0131mdan d\u00fc\u015f\u00fcn\u00fcr\u0259m ki, t\u0259l\u0259b artsa da, Az\u0259rbaycan bunu b\u00fct\u00fcn Avropa miqyas\u0131nda qar\u015f\u0131laya bilm\u0259y\u0259c\u0259k\u201d.<\/p>\n\n\n\n<figure class=\"wp-block-image size-large\"><img decoding=\"async\" data-src=\"https:\/\/www.meydan.tv\/wp-content\/uploads\/118784119_3295526013835916_6092828104091613031_n-e1640001508110-1059x821.jpg\" alt=\"\" class=\"wp-image-229778 lazyload\" src=\"data:image\/svg+xml;base64,PHN2ZyB3aWR0aD0iMSIgaGVpZ2h0PSIxIiB4bWxucz0iaHR0cDovL3d3dy53My5vcmcvMjAwMC9zdmciPjwvc3ZnPg==\" style=\"--smush-placeholder-width: 1059px; --smush-placeholder-aspect-ratio: 1059\/821;\" \/><figcaption>F\u0259rid Mehral\u0131zad\u0259nin \u015f\u0259xsi arxivind\u0259n<\/figcaption><\/figure>\n\n\n\n<p>\u0130qtisad\u00e7\u0131ya g\u00f6r\u0259, Az\u0259rbaycan yaln\u0131z Yunan\u0131stan, \u0130taliya, Bolqar\u0131stan kimi \u00f6lk\u0259l\u0259rin t\u0259bii qazla t\u0259chizat\u0131nda ciddi rol oynaya bil\u0259r: \u201cMalik oldu\u011fumuz t\u0259bii resurslar Avropa \u0130ttifaq\u0131 Birliyi miqyas\u0131nda \u00f6n\u0259mli oyun\u00e7uya \u00e7evrilm\u0259y\u0259 imkan vermir\u201d.<\/p>\n\n\n\n<p>Az\u0259rbaycan 2020-ci ild\u0259n bu yana C\u0259nub Qaz D\u0259hlizinin bir h\u0259ss\u0259si olan Trans-Adriatik Qaz Boru K\u0259m\u0259ri (TAP) il\u0259 \u0130taliyaya qaz ixrac <a href=\"https:\/\/report.az\/energetika\/azerbaycan-tap-ile-italiyaya-tebii-qaz-neqlini-77-artirib\/\" target=\"_blank\" rel=\"noreferrer noopener\">edir<\/a>. H\u0259tta \u00f6t\u0259n il Az\u0259rbaycandan \u0130taliyaya t\u0259bii qaz\u0131n n\u0259qli 77 faiz art\u0131b.<\/p>\n\n\n\n<p>TAP t\u0259bii qaz\u0131 X\u0259z\u0259r d\u0259nizinin Az\u0259rbaycan sektorundak\u0131 \u201c\u015eahd\u0259niz\u201d yata\u011f\u0131ndan Avropaya da\u015f\u0131y\u0131r.<\/p>\n\n\n\n<p>878 km-lik boru k\u0259m\u0259ri T\u00fcrkiy\u0259-Yunan\u0131stan s\u0259rh\u0259dind\u0259, Kipoid\u0259 Trans Anadolu Boru K\u0259m\u0259rin\u0259 birl\u0259\u015fir, Yunan\u0131stan, Albaniya v\u0259 Adriatik d\u0259nizind\u0259n ke\u00e7\u0259r\u0259k \u0130taliyan\u0131n c\u0259nub sahill\u0259rin\u0259 \u00e7at\u0131r.<\/p>\n\n\n\n<p>H\u0259l\u0259 \u201cReuters\u201d 2018-ci ild\u0259 Almaniya kansleri Angela Merkelin X\u0259z\u0259r d\u0259nizind\u0259n \u00e7\u0131xar\u0131lan qaz\u0131n Avropaya \u00e7atd\u0131r\u0131lmas\u0131 \u00fc\u00e7\u00fcn Az\u0259rbaycana s\u0259f\u0259ri bar\u0259d\u0259 <a href=\"http:\/\/H\u0259l\u0259 \u201cReuters\u201d 2018-ci ild\u0259 Almaniya kansleri Angela Merkelin X\u0259z\u0259r d\u0259nizind\u0259n \u00e7\u0131xar\u0131lan qaz\u0131n Avropaya \u00e7atd\u0131r\u0131lmas\u0131 \u00fc\u00e7\u00fcn Az\u0259rbaycana s\u0259f\u0259ri bar\u0259d\u0259 yaz\u0131rd\u0131 (https:\/\/www.reuters.com\/article\/uk-germany-azerbaijan-idUKKCN1L7157).\" target=\"_blank\" rel=\"noreferrer noopener\">yaz\u0131rd\u0131<\/a>.<\/p>\n\n\n\n<p>H\u0259min m\u0259qal\u0259d\u0259 bildirilirdi ki, Merkelin s\u0259f\u0259rinin m\u0259qs\u0259di c\u0259nub boru k\u0259m\u0259rinin i\u015fl\u0259nm\u0259sini m\u00fczakir\u0259 etm\u0259kdir.<\/p>\n\n\n\n<p>Sayt qeyd edirdi ki, bu s\u0259f\u0259r Merkelin t\u0259bii qaz\u0131 birba\u015fa Rusiyadan Baltik D\u0259nizinin alt\u0131ndan Almanyaya da\u015f\u0131yacaq \u201cNord Stream 2\u201d boru x\u0259ttin\u0259 sadiq qalsa da, alternativ, uy\u011fun qiym\u0259t\u0259 qaz qaynaqlar\u0131 tapma\u011fa a\u00e7\u0131q oldu\u011funu g\u00f6st\u0259rir.<\/p>\n\n\n\n<p>H\u0259min vaxt sayta a\u00e7\u0131qlamas\u0131nda Almaniya h\u00f6kum\u0259tinin y\u00fcks\u0259k r\u00fctb\u0259li r\u0259smisi d\u0259 bildirmi\u015fdi ki, C\u0259nub D\u0259hlizinin inki\u015faf\u0131 onlar\u0131n mara\u011f\u0131ndad\u0131r: \u201cBu, A\u0130-nin qaz\u0131n t\u0259kc\u0259 Rusiyadan deyil, dig\u0259r b\u00f6lg\u0259l\u0259rd\u0259n d\u0259 Avropaya \u00e7atd\u0131r\u0131lmas\u0131 \u00fczr\u0259 diversifikasiya strategiyas\u0131n\u0131n bir hiss\u0259sidir\u201d.<\/p>\n","protected":false},"excerpt":{"rendered":"","protected":false},"author":8,"featured_media":233122,"comment_status":"closed","ping_status":"closed","sticky":false,"template":"","format":"standard","meta":{"_acf_changed":false,"_sitemap_exclude":false,"_sitemap_priority":"","_sitemap_frequency":"","footnotes":""},"categories":[53,79,63,56],"tags":[],"class_list":["post-233125","post","type-post","status-publish","format-standard","has-post-thumbnail","hentry","category-iqtisadiyyat","category-featured","category-video-2","category-xeberler","infinite-scroll-item","generate-columns","tablet-grid-50","mobile-grid-100","grid-parent","grid-33","no-featured-image-padding"],"acf":[],"yoast_head":"<!-- This site is optimized with the Yoast SEO plugin v27.5 - https:\/\/yoast.com\/product\/yoast-seo-wordpress\/ -->\n<title>Avropa Rusiya qaz\u0131na sanksiya qoysa, Az\u0259rbaycan qaz\u0131na t\u0259l\u0259bat artacaqm\u0131? - MEYDAN.TV<\/title>\n<meta name=\"robots\" content=\"index, follow, max-snippet:-1, max-image-preview:large, max-video-preview:-1\" \/>\n<link rel=\"canonical\" href=\"https:\/\/www.meydan.tv\/az\/article\/avropa-rusiya-qazina-sanksiya-tetbiq-ederse\/\" \/>\n<meta property=\"og:locale\" content=\"az_AZ\" \/>\n<meta property=\"og:type\" content=\"article\" \/>\n<meta property=\"og:title\" content=\"Avropa Rusiya qaz\u0131na sanksiya qoysa, Az\u0259rbaycan qaz\u0131na t\u0259l\u0259bat artacaqm\u0131? - MEYDAN.TV\" \/>\n<meta property=\"og:url\" content=\"https:\/\/www.meydan.tv\/az\/article\/avropa-rusiya-qazina-sanksiya-tetbiq-ederse\/\" \/>\n<meta property=\"og:site_name\" content=\"MEYDAN.TV\" \/>\n<meta property=\"article:published_time\" content=\"2022-01-28T13:49:31+00:00\" \/>\n<meta property=\"article:modified_time\" content=\"2022-01-28T16:45:21+00:00\" \/>\n<meta property=\"og:image\" content=\"https:\/\/www.meydan.tv\/wp-content\/uploads\/shutterstock_2001825908-e1643372360287.jpg\" \/>\n\t<meta property=\"og:image:width\" content=\"1200\" \/>\n\t<meta property=\"og:image:height\" content=\"579\" \/>\n\t<meta property=\"og:image:type\" content=\"image\/jpeg\" \/>\n<meta name=\"author\" content=\"elli\" \/>\n<meta name=\"twitter:card\" content=\"summary_large_image\" \/>\n<meta name=\"twitter:creator\" content=\"@elli\" \/>\n<script type=\"application\/ld+json\" class=\"yoast-schema-graph\">{\"@context\":\"https:\\\/\\\/schema.org\",\"@graph\":[{\"@type\":\"Article\",\"@id\":\"https:\\\/\\\/www.meydan.tv\\\/az\\\/article\\\/avropa-rusiya-qazina-sanksiya-tetbiq-ederse\\\/#article\",\"isPartOf\":{\"@id\":\"https:\\\/\\\/www.meydan.tv\\\/az\\\/article\\\/avropa-rusiya-qazina-sanksiya-tetbiq-ederse\\\/\"},\"author\":{\"name\":\"elli\",\"@id\":\"https:\\\/\\\/www.meydan.tv\\\/az\\\/#\\\/schema\\\/person\\\/9cdbecf90d17180ce1dfbd95b08dcf47\"},\"headline\":\"Avropa Rusiya qaz\u0131na sanksiya qoysa, Az\u0259rbaycan qaz\u0131na t\u0259l\u0259bat artacaqm\u0131?\",\"datePublished\":\"2022-01-28T13:49:31+00:00\",\"dateModified\":\"2022-01-28T16:45:21+00:00\",\"mainEntityOfPage\":{\"@id\":\"https:\\\/\\\/www.meydan.tv\\\/az\\\/article\\\/avropa-rusiya-qazina-sanksiya-tetbiq-ederse\\\/\"},\"wordCount\":1231,\"publisher\":{\"@id\":\"https:\\\/\\\/www.meydan.tv\\\/az\\\/#organization\"},\"image\":{\"@id\":\"https:\\\/\\\/www.meydan.tv\\\/az\\\/article\\\/avropa-rusiya-qazina-sanksiya-tetbiq-ederse\\\/#primaryimage\"},\"thumbnailUrl\":\"https:\\\/\\\/www.meydan.tv\\\/wp-content\\\/uploads\\\/shutterstock_2001825908-e1643372360287.jpg\",\"articleSection\":[\"\u0130qtisadiyyat\",\"T\u00f6vsiy\u0259\",\"Video\",\"X\u0259b\u0259rl\u0259r\"],\"inLanguage\":\"az\"},{\"@type\":\"WebPage\",\"@id\":\"https:\\\/\\\/www.meydan.tv\\\/az\\\/article\\\/avropa-rusiya-qazina-sanksiya-tetbiq-ederse\\\/\",\"url\":\"https:\\\/\\\/www.meydan.tv\\\/az\\\/article\\\/avropa-rusiya-qazina-sanksiya-tetbiq-ederse\\\/\",\"name\":\"Avropa Rusiya qaz\u0131na sanksiya qoysa, Az\u0259rbaycan qaz\u0131na t\u0259l\u0259bat artacaqm\u0131? - MEYDAN.TV\",\"isPartOf\":{\"@id\":\"https:\\\/\\\/www.meydan.tv\\\/az\\\/#website\"},\"primaryImageOfPage\":{\"@id\":\"https:\\\/\\\/www.meydan.tv\\\/az\\\/article\\\/avropa-rusiya-qazina-sanksiya-tetbiq-ederse\\\/#primaryimage\"},\"image\":{\"@id\":\"https:\\\/\\\/www.meydan.tv\\\/az\\\/article\\\/avropa-rusiya-qazina-sanksiya-tetbiq-ederse\\\/#primaryimage\"},\"thumbnailUrl\":\"https:\\\/\\\/www.meydan.tv\\\/wp-content\\\/uploads\\\/shutterstock_2001825908-e1643372360287.jpg\",\"datePublished\":\"2022-01-28T13:49:31+00:00\",\"dateModified\":\"2022-01-28T16:45:21+00:00\",\"breadcrumb\":{\"@id\":\"https:\\\/\\\/www.meydan.tv\\\/az\\\/article\\\/avropa-rusiya-qazina-sanksiya-tetbiq-ederse\\\/#breadcrumb\"},\"inLanguage\":\"az\",\"potentialAction\":[{\"@type\":\"ReadAction\",\"target\":[\"https:\\\/\\\/www.meydan.tv\\\/az\\\/article\\\/avropa-rusiya-qazina-sanksiya-tetbiq-ederse\\\/\"]}]},{\"@type\":\"ImageObject\",\"inLanguage\":\"az\",\"@id\":\"https:\\\/\\\/www.meydan.tv\\\/az\\\/article\\\/avropa-rusiya-qazina-sanksiya-tetbiq-ederse\\\/#primaryimage\",\"url\":\"https:\\\/\\\/www.meydan.tv\\\/wp-content\\\/uploads\\\/shutterstock_2001825908-e1643372360287.jpg\",\"contentUrl\":\"https:\\\/\\\/www.meydan.tv\\\/wp-content\\\/uploads\\\/shutterstock_2001825908-e1643372360287.jpg\",\"width\":1200,\"height\":579,\"caption\":\"\\\"Nord Stream 2\\\" boru k\u0259m\u0259ri, Frame Stock Footage\\\/shutterstock\"},{\"@type\":\"BreadcrumbList\",\"@id\":\"https:\\\/\\\/www.meydan.tv\\\/az\\\/article\\\/avropa-rusiya-qazina-sanksiya-tetbiq-ederse\\\/#breadcrumb\",\"itemListElement\":[{\"@type\":\"ListItem\",\"position\":1,\"name\":\"Ana s\u0259hif\u0259\",\"item\":\"https:\\\/\\\/www.meydan.tv\\\/az\\\/\"},{\"@type\":\"ListItem\",\"position\":2,\"name\":\"\u0130qtisadiyyat\",\"item\":\"https:\\\/\\\/www.meydan.tv\\\/az\\\/section\\\/iqtisadiyyat\\\/\"},{\"@type\":\"ListItem\",\"position\":3,\"name\":\"Avropa Rusiya qaz\u0131na sanksiya qoysa, Az\u0259rbaycan qaz\u0131na t\u0259l\u0259bat artacaqm\u0131?\"}]},{\"@type\":\"WebSite\",\"@id\":\"https:\\\/\\\/www.meydan.tv\\\/az\\\/#website\",\"url\":\"https:\\\/\\\/www.meydan.tv\\\/az\\\/\",\"name\":\"MEYDAN.TV\",\"description\":\"Meydan TV Az\u0259rbaycan\u0131n media m\u0259kan\u0131ndak\u0131 alternativ s\u0259sidir\",\"publisher\":{\"@id\":\"https:\\\/\\\/www.meydan.tv\\\/az\\\/#organization\"},\"potentialAction\":[{\"@type\":\"SearchAction\",\"target\":{\"@type\":\"EntryPoint\",\"urlTemplate\":\"https:\\\/\\\/www.meydan.tv\\\/az\\\/?s={search_term_string}\"},\"query-input\":{\"@type\":\"PropertyValueSpecification\",\"valueRequired\":true,\"valueName\":\"search_term_string\"}}],\"inLanguage\":\"az\"},{\"@type\":\"Organization\",\"@id\":\"https:\\\/\\\/www.meydan.tv\\\/az\\\/#organization\",\"name\":\"Meydan TV\",\"url\":\"https:\\\/\\\/www.meydan.tv\\\/az\\\/\",\"logo\":{\"@type\":\"ImageObject\",\"inLanguage\":\"az\",\"@id\":\"https:\\\/\\\/www.meydan.tv\\\/az\\\/#\\\/schema\\\/logo\\\/image\\\/\",\"url\":\"https:\\\/\\\/www.meydan.tv\\\/wp-content\\\/uploads\\\/2021\\\/07\\\/meydan-logo.svg\",\"contentUrl\":\"https:\\\/\\\/www.meydan.tv\\\/wp-content\\\/uploads\\\/2021\\\/07\\\/meydan-logo.svg\",\"width\":195,\"height\":46,\"caption\":\"Meydan TV\"},\"image\":{\"@id\":\"https:\\\/\\\/www.meydan.tv\\\/az\\\/#\\\/schema\\\/logo\\\/image\\\/\"}},{\"@type\":\"Person\",\"@id\":\"https:\\\/\\\/www.meydan.tv\\\/az\\\/#\\\/schema\\\/person\\\/9cdbecf90d17180ce1dfbd95b08dcf47\",\"name\":\"elli\",\"sameAs\":[\"https:\\\/\\\/x.com\\\/elli\"]}]}<\/script>\n<!-- \/ Yoast SEO plugin. -->","yoast_head_json":{"title":"Avropa Rusiya qaz\u0131na sanksiya qoysa, Az\u0259rbaycan qaz\u0131na t\u0259l\u0259bat artacaqm\u0131? - MEYDAN.TV","robots":{"index":"index","follow":"follow","max-snippet":"max-snippet:-1","max-image-preview":"max-image-preview:large","max-video-preview":"max-video-preview:-1"},"canonical":"https:\/\/www.meydan.tv\/az\/article\/avropa-rusiya-qazina-sanksiya-tetbiq-ederse\/","og_locale":"az_AZ","og_type":"article","og_title":"Avropa Rusiya qaz\u0131na sanksiya qoysa, Az\u0259rbaycan qaz\u0131na t\u0259l\u0259bat artacaqm\u0131? - MEYDAN.TV","og_url":"https:\/\/www.meydan.tv\/az\/article\/avropa-rusiya-qazina-sanksiya-tetbiq-ederse\/","og_site_name":"MEYDAN.TV","article_published_time":"2022-01-28T13:49:31+00:00","article_modified_time":"2022-01-28T16:45:21+00:00","og_image":[{"width":1200,"height":579,"url":"https:\/\/www.meydan.tv\/wp-content\/uploads\/shutterstock_2001825908-e1643372360287.jpg","type":"image\/jpeg"}],"author":"elli","twitter_card":"summary_large_image","twitter_creator":"@elli","schema":{"@context":"https:\/\/schema.org","@graph":[{"@type":"Article","@id":"https:\/\/www.meydan.tv\/az\/article\/avropa-rusiya-qazina-sanksiya-tetbiq-ederse\/#article","isPartOf":{"@id":"https:\/\/www.meydan.tv\/az\/article\/avropa-rusiya-qazina-sanksiya-tetbiq-ederse\/"},"author":{"name":"elli","@id":"https:\/\/www.meydan.tv\/az\/#\/schema\/person\/9cdbecf90d17180ce1dfbd95b08dcf47"},"headline":"Avropa Rusiya qaz\u0131na sanksiya qoysa, Az\u0259rbaycan qaz\u0131na t\u0259l\u0259bat artacaqm\u0131?","datePublished":"2022-01-28T13:49:31+00:00","dateModified":"2022-01-28T16:45:21+00:00","mainEntityOfPage":{"@id":"https:\/\/www.meydan.tv\/az\/article\/avropa-rusiya-qazina-sanksiya-tetbiq-ederse\/"},"wordCount":1231,"publisher":{"@id":"https:\/\/www.meydan.tv\/az\/#organization"},"image":{"@id":"https:\/\/www.meydan.tv\/az\/article\/avropa-rusiya-qazina-sanksiya-tetbiq-ederse\/#primaryimage"},"thumbnailUrl":"https:\/\/www.meydan.tv\/wp-content\/uploads\/shutterstock_2001825908-e1643372360287.jpg","articleSection":["\u0130qtisadiyyat","T\u00f6vsiy\u0259","Video","X\u0259b\u0259rl\u0259r"],"inLanguage":"az"},{"@type":"WebPage","@id":"https:\/\/www.meydan.tv\/az\/article\/avropa-rusiya-qazina-sanksiya-tetbiq-ederse\/","url":"https:\/\/www.meydan.tv\/az\/article\/avropa-rusiya-qazina-sanksiya-tetbiq-ederse\/","name":"Avropa Rusiya qaz\u0131na sanksiya qoysa, Az\u0259rbaycan qaz\u0131na t\u0259l\u0259bat artacaqm\u0131? - MEYDAN.TV","isPartOf":{"@id":"https:\/\/www.meydan.tv\/az\/#website"},"primaryImageOfPage":{"@id":"https:\/\/www.meydan.tv\/az\/article\/avropa-rusiya-qazina-sanksiya-tetbiq-ederse\/#primaryimage"},"image":{"@id":"https:\/\/www.meydan.tv\/az\/article\/avropa-rusiya-qazina-sanksiya-tetbiq-ederse\/#primaryimage"},"thumbnailUrl":"https:\/\/www.meydan.tv\/wp-content\/uploads\/shutterstock_2001825908-e1643372360287.jpg","datePublished":"2022-01-28T13:49:31+00:00","dateModified":"2022-01-28T16:45:21+00:00","breadcrumb":{"@id":"https:\/\/www.meydan.tv\/az\/article\/avropa-rusiya-qazina-sanksiya-tetbiq-ederse\/#breadcrumb"},"inLanguage":"az","potentialAction":[{"@type":"ReadAction","target":["https:\/\/www.meydan.tv\/az\/article\/avropa-rusiya-qazina-sanksiya-tetbiq-ederse\/"]}]},{"@type":"ImageObject","inLanguage":"az","@id":"https:\/\/www.meydan.tv\/az\/article\/avropa-rusiya-qazina-sanksiya-tetbiq-ederse\/#primaryimage","url":"https:\/\/www.meydan.tv\/wp-content\/uploads\/shutterstock_2001825908-e1643372360287.jpg","contentUrl":"https:\/\/www.meydan.tv\/wp-content\/uploads\/shutterstock_2001825908-e1643372360287.jpg","width":1200,"height":579,"caption":"\"Nord Stream 2\" boru k\u0259m\u0259ri, Frame Stock Footage\/shutterstock"},{"@type":"BreadcrumbList","@id":"https:\/\/www.meydan.tv\/az\/article\/avropa-rusiya-qazina-sanksiya-tetbiq-ederse\/#breadcrumb","itemListElement":[{"@type":"ListItem","position":1,"name":"Ana s\u0259hif\u0259","item":"https:\/\/www.meydan.tv\/az\/"},{"@type":"ListItem","position":2,"name":"\u0130qtisadiyyat","item":"https:\/\/www.meydan.tv\/az\/section\/iqtisadiyyat\/"},{"@type":"ListItem","position":3,"name":"Avropa Rusiya qaz\u0131na sanksiya qoysa, Az\u0259rbaycan qaz\u0131na t\u0259l\u0259bat artacaqm\u0131?"}]},{"@type":"WebSite","@id":"https:\/\/www.meydan.tv\/az\/#website","url":"https:\/\/www.meydan.tv\/az\/","name":"MEYDAN.TV","description":"Meydan TV Az\u0259rbaycan\u0131n media m\u0259kan\u0131ndak\u0131 alternativ s\u0259sidir","publisher":{"@id":"https:\/\/www.meydan.tv\/az\/#organization"},"potentialAction":[{"@type":"SearchAction","target":{"@type":"EntryPoint","urlTemplate":"https:\/\/www.meydan.tv\/az\/?s={search_term_string}"},"query-input":{"@type":"PropertyValueSpecification","valueRequired":true,"valueName":"search_term_string"}}],"inLanguage":"az"},{"@type":"Organization","@id":"https:\/\/www.meydan.tv\/az\/#organization","name":"Meydan TV","url":"https:\/\/www.meydan.tv\/az\/","logo":{"@type":"ImageObject","inLanguage":"az","@id":"https:\/\/www.meydan.tv\/az\/#\/schema\/logo\/image\/","url":"https:\/\/www.meydan.tv\/wp-content\/uploads\/2021\/07\/meydan-logo.svg","contentUrl":"https:\/\/www.meydan.tv\/wp-content\/uploads\/2021\/07\/meydan-logo.svg","width":195,"height":46,"caption":"Meydan TV"},"image":{"@id":"https:\/\/www.meydan.tv\/az\/#\/schema\/logo\/image\/"}},{"@type":"Person","@id":"https:\/\/www.meydan.tv\/az\/#\/schema\/person\/9cdbecf90d17180ce1dfbd95b08dcf47","name":"elli","sameAs":["https:\/\/x.com\/elli"]}]}},"_links":{"self":[{"href":"https:\/\/www.meydan.tv\/az\/wp-json\/wp\/v2\/posts\/233125","targetHints":{"allow":["GET"]}}],"collection":[{"href":"https:\/\/www.meydan.tv\/az\/wp-json\/wp\/v2\/posts"}],"about":[{"href":"https:\/\/www.meydan.tv\/az\/wp-json\/wp\/v2\/types\/post"}],"author":[{"embeddable":true,"href":"https:\/\/www.meydan.tv\/az\/wp-json\/wp\/v2\/users\/8"}],"replies":[{"embeddable":true,"href":"https:\/\/www.meydan.tv\/az\/wp-json\/wp\/v2\/comments?post=233125"}],"version-history":[{"count":6,"href":"https:\/\/www.meydan.tv\/az\/wp-json\/wp\/v2\/posts\/233125\/revisions"}],"predecessor-version":[{"id":233180,"href":"https:\/\/www.meydan.tv\/az\/wp-json\/wp\/v2\/posts\/233125\/revisions\/233180"}],"wp:featuredmedia":[{"embeddable":true,"href":"https:\/\/www.meydan.tv\/az\/wp-json\/wp\/v2\/media\/233122"}],"wp:attachment":[{"href":"https:\/\/www.meydan.tv\/az\/wp-json\/wp\/v2\/media?parent=233125"}],"wp:term":[{"taxonomy":"category","embeddable":true,"href":"https:\/\/www.meydan.tv\/az\/wp-json\/wp\/v2\/categories?post=233125"},{"taxonomy":"post_tag","embeddable":true,"href":"https:\/\/www.meydan.tv\/az\/wp-json\/wp\/v2\/tags?post=233125"}],"curies":[{"name":"wp","href":"https:\/\/api.w.org\/{rel}","templated":true}]}}