{"id":233109,"date":"2022-01-28T15:06:37","date_gmt":"2022-01-28T11:06:37","guid":{"rendered":"https:\/\/www.meydan.tv\/?p=233109"},"modified":"2022-02-03T14:25:19","modified_gmt":"2022-02-03T10:25:19","slug":"mehbesde-yoxsa-torpagin-altinda","status":"publish","type":"post","link":"https:\/\/www.meydan.tv\/az\/article\/mehbesde-yoxsa-torpagin-altinda\/","title":{"rendered":"\u201cM\u0259hb\u0259sd\u0259, yoxsa torpa\u011f\u0131n alt\u0131nda\u201d"},"content":{"rendered":"\n<p><strong><br><\/strong><em><a href=\"https:\/\/www.kavkaz-uzel.eu\" target=\"_blank\" rel=\"noreferrer noopener\">\u201cKavkazski uzel\u201d<\/a>in materiallar\u0131 \u0259sas\u0131nda<\/em><\/p>\n\n\n\n<p><strong>N\u0259 ba\u015f verib<\/strong><\/p>\n\n\n\n<p>Yanvar\u0131n 20-d\u0259 Rusiyada \u00e7e\u00e7en h\u00fcquq m\u00fcdafi\u0259\u00e7isi Abubakr Yanqulbayevin anas\u0131n\u0131 o\u011furlay\u0131blar. \u00c7e\u00e7en g\u00fcc strukturlar\u0131n\u0131n \u0259m\u0259kda\u015flar\u0131 Nijni Novqorodda Yanqulbayevin anas\u0131 Zarema Musayevan\u0131n dal\u0131nca g\u0259libl\u0259r. Bu \u015f\u0259h\u0259r Rusiyan\u0131n ba\u015fqa b\u00f6lg\u0259sind\u0259 yerl\u0259\u015fir. \u015e\u0259k\u0259rli diabetd\u0259n \u0259ziyy\u0259t \u00e7\u0259k\u0259n qad\u0131n\u0131 paltars\u0131z v\u0259 z\u0259ruri d\u0259rmanlar\u0131 olmadan nam\u0259lum istiqam\u0259td\u0259 apar\u0131blar. Bundan \u0259vv\u0259l onu <a href=\"https:\/\/www.kavkaz-uzel.eu\/articles\/372603\/\" target=\"_blank\" rel=\"noreferrer noopener\">d\u00f6y\u00fcbl\u0259r<\/a>. Qad\u0131n\u0131n haz\u0131rda harada olmas\u0131 bar\u0259d\u0259 s\u0259hih m\u0259lumat yoxdur. \u201cSaxlan\u0131lma\u201ddan t\u0259xmin\u0259n bir h\u0259ft\u0259 sonra \u00c7e\u00e7enistan Respublikas\u0131n\u0131n ombudsmeni Mansur Soltayev \u201c\u0130nstagram\u201d s\u0259hif\u0259sind\u0259 video payla\u015f\u0131b. H\u0259min videoda, o, guya Qrozn\u0131dak\u0131 x\u00fcsusi saxlanma kameras\u0131n\u0131n \u0259m\u0259kda\u015flar\u0131na <a href=\"https:\/\/www.kavkaz-uzel.eu\/articles\/372603\/\" target=\"_blank\" rel=\"noreferrer noopener\">z\u0259ng vurur<\/a> v\u0259 sabiq hakimin h\u0259bs olunmu\u015f arvad\u0131 Zarema Musayevan\u0131n sa\u011flaml\u0131\u011f\u0131 bar\u0259d\u0259 m\u0259lumat al\u0131r. Sosial \u015f\u0259b\u0259k\u0259 istifad\u0259\u00e7il\u0259ri videonu <a href=\"https:\/\/www.kavkaz-uzel.eu\/articles\/372619\/\" target=\"_blank\" rel=\"noreferrer noopener\">\u201cteatr\u201d<\/a> adland\u0131r\u0131b, Musayevan\u0131n o\u011flu is\u0259 b\u0259yan edib ki, indi h\u00fcquq m\u00fcdafi\u0259\u00e7il\u0259rinin ba\u015f ver\u0259nl\u0259r\u0259 m\u00fcnasib\u0259td\u0259 daha \u00e7ox sual\u0131 var.\u00a0\u00a0\u00a0\u00a0\u00a0<\/p>\n\n\n\n<p>\u201cM\u0259nim bir h\u00fcquq\u015f\u00fcnas v\u0259 h\u00fcquq m\u00fcdafi\u0259\u00e7isi kimi, \u00c7e\u00e7enistan\u0131n insan haqlar\u0131 \u00fczr\u0259 s\u0259lahiyy\u0259tlisin\u0259 yayd\u0131\u011f\u0131 video il\u0259 ba\u011fl\u0131 bir s\u0131ra sual\u0131m var. Bu video inand\u0131r\u0131c\u0131 deyil, \u0259ksin\u0259 daha \u00e7ox \u015f\u00fcbh\u0259 do\u011furur\u201d, \u2013 Abubakr Yanqulbayev \u00f6z \u201cTelegram\u201dkanal\u0131nda yaz\u0131b.&nbsp;&nbsp;<br><br><\/p>\n\n\n\n<p><strong>Ail\u0259 niy\u0259 t\u0259qibl\u0259r\u0259 m\u0259ruz qal\u0131b<\/strong>&nbsp;<\/p>\n\n\n\n<p>\u00c7e\u00e7enistan lideri Ramzan Kad\u0131rov Yanqulbayevl\u0259r ail\u0259sini terrorizmi v\u0259 ekstremizmi d\u0259st\u0259kl\u0259m\u0259kd\u0259 g\u00fcnahland\u0131r\u0131r. Kad\u0131rovun b\u0259yanat\u0131na g\u00f6r\u0259, Yanqulbayevl\u0259ri m\u00fctl\u0259q tutmaq, m\u00fcqavim\u0259t g\u00f6st\u0259rdikl\u0259ri t\u0259qdird\u0259 is\u0259 m\u0259hv etm\u0259k laz\u0131md\u0131r. Bu b\u0259yanatdan sonra Musayevan\u0131n \u0259ri v\u0259 q\u0131z\u0131 Rusiyan\u0131 t\u0259rk etm\u0259k m\u0259cburiyy\u0259tind\u0259 qal\u0131b. Abubakr Yanqulbayev h\u0259l\u0259 yeni ild\u0259n \u0259vv\u0259l Rusiyan\u0131 t\u0259rk edib. Kad\u0131rov b\u0259yan edib ki, Zarema Musayevan\u0131n o\u011flanlar\u0131 analar\u0131n\u0131n dal\u0131nca \u00c7e\u00e7enistana g\u0259lm\u0259lidirl\u0259r.<\/p>\n\n\n\n<p>\u00c7e\u00e7enistan lideri \u00f6z\u00fcn\u00fcn n\u00f6vb\u0259ti b\u0259yanat\u0131nda Prezident yan\u0131nda \u0130nsan Haqlar\u0131 \u00fczr\u0259 \u015euran\u0131n \u00fczv\u00fc v\u0259 \u201c\u0130\u015fg\u0259nc\u0259l\u0259r\u0259 Qar\u015f\u0131 Komit\u0259\u201dnin r\u0259hb\u0259ri \u0130qor Kalyapini v\u0259 \u201cNovaya qazeta\u201dn\u0131n \u00c7e\u00e7enistanda ba\u015f ver\u0259nl\u0259r bar\u0259d\u0259 \u00e7ox yazan jurnalisti Yelena Mila\u015finan\u0131 \u201cterror\u00e7u\u201d adland\u0131r\u0131b. \u201cNovaya qazeta\u201d <a href=\"https:\/\/novayagazeta.ru\/articles\/2022\/01\/24\/my-tozhe-ne-mozhem-v-eto-poverit\" target=\"_blank\" rel=\"noreferrer noopener\">bu b\u0259yanata cavab olaraq<\/a>, Rusiya m\u0259rk\u0259zi hakimiyy\u0259tinin m\u0259s\u0259l\u0259y\u0259 m\u00fcnasib\u0259t bildirm\u0259sini t\u0259l\u0259b edib. H\u0259r\u00e7\u0259nd aidiyyatl\u0131 orqanlar bu t\u0259l\u0259bd\u0259n boyun qa\u00e7\u0131r\u0131b.\u00a0\u00a0<\/p>\n\n\n\n<p><strong><br>Girov g\u00f6t\u00fcr\u00fclm\u00fc\u015f qohumlar<\/strong><\/p>\n\n\n\n<p>2021-ci ilin dekabr\u0131nda Abubakr Yanqulbayev \u00c7e\u00e7enistanda qohumlar\u0131n\u0131n o\u011furlanmas\u0131 bar\u0259d\u0259 x\u0259b\u0259r verib. Onun <a href=\"https:\/\/www.kavkaz-uzel.eu\/articles\/371622\/\" target=\"_blank\" rel=\"noreferrer noopener\">s\u00f6zl\u0259rin\u0259<\/a> g\u00f6r\u0259, 37 adam o\u011furlay\u0131blar. Do\u011fmalar\u0131n\u0131n o\u011furlanmas\u0131 bar\u0259d\u0259 dig\u0259r \u00e7e\u00e7enl\u0259r d\u0259 m\u0259lumat yay\u0131blar. Respublika hakimiyy\u0259ti h\u0259min\u00a0 adamlar\u0131 m\u00fcxt\u0259lif s\u0259b\u0259bl\u0259rd\u0259n incidir. Bunlar blogerl\u0259r <a href=\"https:\/\/www.kavkaz-uzel.eu\/articles\/371552\/\" target=\"_blank\" rel=\"noreferrer noopener\">Tumso Abduraxmanov<\/a> v\u0259 Minkail Malizayev, \u201cVayfond\u201dun t\u0259sis\u00e7isi Mansur Sadulayev v\u0259 \u201cHuman Rights\u201d h\u00fcquq-m\u00fcdafi\u0259 t\u0259\u015fkilat\u0131n\u0131n direktoru Aslan Arsuyevdir.\u00a0<\/p>\n\n\n\n<p>\u00c7e\u00e7enistan lideri d\u0259 o\u011furlanma faktlar\u0131n\u0131 t\u0259kzib etmir. Dekabr\u0131n sonunda <a href=\"https:\/\/www.youtube.com\/watch?v=fKDFXscmVcw\" target=\"_blank\" rel=\"noreferrer noopener\">m\u0259tbuat konfrans\u0131nda<\/a> jurnalistl\u0259rin suallar\u0131n\u0131 cavabland\u0131ran Kad\u0131rov t\u0259xmin edib ki, h\u0259min admalar\u0131 \u201ct\u0259hqir etdikl\u0259ri \u015f\u0259xsl\u0259rd\u0259n kims\u0259 o\u011furlay\u0131b\u201d. Bel\u0259 ki \u00c7e\u00e7enistanda \u201che\u00e7 k\u0259s qan qisas\u0131n\u0131\u201d l\u0259\u011fv etm\u0259yib. Ramzan Kad\u0131rov 2015-ci ilin sonunda birm\u0259nal\u0131 \u015f\u0259kild\u0259 b\u0259yan edib ki, adamlar\u0131n s\u00f6yl\u0259dikl\u0259rin\u0259 v\u0259 ya etdikl\u0259rin\u0259 g\u00f6r\u0259 qohumlar\u0131 cavab verm\u0259lidirl\u0259r. \u201cBizd\u0259 ad\u0259t bel\u0259dir \u2013 qarda\u015f qarda\u015fa g\u00f6r\u0259 cavab verir. M\u0259n g\u00f6st\u0259ri\u015f vermi\u015f\u0259m ki, onlar\u0131n qarda\u015flar\u0131n\u0131n, atalar\u0131n\u0131n olub-olmamas\u0131, \u0259sl\u0259n haradan olmalar\u0131 bar\u0259d\u0259 \u00f6yr\u0259nsinl\u0259r. Onlar niy\u0259 respublika r\u0259hb\u0259rliyinin v\u0259 xalq\u0131n \u00fcnvan\u0131na bu c\u00fcr s\u00f6zl\u0259r i\u015fl\u0259dirl\u0259r? Onlar bilmirl\u0259r ki, biz b\u00fct\u00fcn resurslardan istifad\u0259 ed\u0259c\u0259yik: qanundan, \u0259n\u0259n\u0259d\u0259n, dind\u0259n. Daha sonra dey\u0259c\u0259yik ki (ail\u0259 \u00fczvl\u0259rin\u0259 \u2013 \u201cKavkazski uzel\u201din qeydi), \u00f6z qohumlar\u0131ndan \u00f6zl\u0259ri ba\u015f \u00e7\u0131xars\u0131nlar. \u018fg\u0259r onlar \u00f6l\u00e7\u00fc g\u00f6t\u00fcrm\u0259zl\u0259rs\u0259, dem\u0259li, t\u0259l\u0259b ed\u0259c\u0259yik\u201d, \u2013 Kad\u0131rov b\u0259yan edib.\u00a0\u00a0\u00a0\u00a0\u00a0<\/p>\n\n\n\n<p>\u201cKavkazski uzel\u201d a\u00e7\u0131q m\u0259nb\u0259l\u0259rl\u0259 \u00e7e\u00e7en hakimiyy\u0259tinin opponentl\u0259rinin 67 o\u011furlanm\u0131\u015f qohumunun <a href=\"https:\/\/www.kavkaz-uzel.eu\/articles\/371746\/\" target=\"_blank\" rel=\"noreferrer noopener\">siyah\u0131s\u0131n\u0131 tutub<\/a>. Yanvar\u0131n 27-n\u0259 olan m\u0259lumata g\u00f6r\u0259, siyah\u0131da o\u011furlanandan sonra saxlan\u0131lan s\u0259kkiz adam\u0131n ad\u0131 var (ikisi Xalitovun qohumu, ikisi Yanqubayevin qohumu v\u0259 d\u00f6rd\u00fc Arsuyevin qohumu).<\/p>\n","protected":false},"excerpt":{"rendered":"<p>\u00c7e\u00e7enistan hakimiyy\u0259ti \u00f6z opponentl\u0259rinin qohumlar\u0131na qar\u015f\u0131 yeni t\u0259qib dal\u011fas\u0131na ba\u015flay\u0131b <\/p>\n","protected":false},"author":16,"featured_media":233099,"comment_status":"closed","ping_status":"closed","sticky":false,"template":"","format":"standard","meta":{"_acf_changed":false,"_sitemap_exclude":false,"_sitemap_priority":"","_sitemap_frequency":"","footnotes":""},"categories":[64,59,62],"tags":[],"class_list":["post-233109","post","type-post","status-publish","format-standard","has-post-thumbnail","hentry","category-dunya","category-siyaset","category-sosial","infinite-scroll-item","generate-columns","tablet-grid-50","mobile-grid-100","grid-parent","grid-33","no-featured-image-padding"],"acf":[],"yoast_head":"<!-- This site is optimized with the Yoast SEO plugin v27.5 - https:\/\/yoast.com\/product\/yoast-seo-wordpress\/ -->\n<title>\u201cM\u0259hb\u0259sd\u0259, yoxsa torpa\u011f\u0131n alt\u0131nda\u201d - MEYDAN.TV<\/title>\n<meta name=\"robots\" content=\"index, follow, max-snippet:-1, max-image-preview:large, max-video-preview:-1\" \/>\n<link rel=\"canonical\" href=\"https:\/\/www.meydan.tv\/az\/article\/mehbesde-yoxsa-torpagin-altinda\/\" \/>\n<meta property=\"og:locale\" content=\"az_AZ\" \/>\n<meta property=\"og:type\" content=\"article\" \/>\n<meta property=\"og:title\" content=\"\u201cM\u0259hb\u0259sd\u0259, yoxsa torpa\u011f\u0131n alt\u0131nda\u201d - MEYDAN.TV\" \/>\n<meta property=\"og:description\" content=\"\u00c7e\u00e7enistan hakimiyy\u0259ti \u00f6z opponentl\u0259rinin qohumlar\u0131na qar\u015f\u0131 yeni t\u0259qib dal\u011fas\u0131na ba\u015flay\u0131b\" \/>\n<meta property=\"og:url\" content=\"https:\/\/www.meydan.tv\/az\/article\/mehbesde-yoxsa-torpagin-altinda\/\" \/>\n<meta property=\"og:site_name\" content=\"MEYDAN.TV\" \/>\n<meta property=\"article:published_time\" content=\"2022-01-28T11:06:37+00:00\" \/>\n<meta property=\"article:modified_time\" content=\"2022-02-03T10:25:19+00:00\" \/>\n<meta property=\"og:image\" content=\"https:\/\/www.meydan.tv\/wp-content\/uploads\/image-from-ios-3.jpg\" \/>\n\t<meta property=\"og:image:width\" content=\"2000\" \/>\n\t<meta property=\"og:image:height\" content=\"1333\" \/>\n\t<meta property=\"og:image:type\" content=\"image\/jpeg\" \/>\n<meta name=\"author\" content=\"sevda\" \/>\n<meta name=\"twitter:card\" content=\"summary_large_image\" \/>\n<script type=\"application\/ld+json\" class=\"yoast-schema-graph\">{\"@context\":\"https:\\\/\\\/schema.org\",\"@graph\":[{\"@type\":\"Article\",\"@id\":\"https:\\\/\\\/www.meydan.tv\\\/az\\\/article\\\/mehbesde-yoxsa-torpagin-altinda\\\/#article\",\"isPartOf\":{\"@id\":\"https:\\\/\\\/www.meydan.tv\\\/az\\\/article\\\/mehbesde-yoxsa-torpagin-altinda\\\/\"},\"author\":{\"name\":\"sevda\",\"@id\":\"https:\\\/\\\/www.meydan.tv\\\/az\\\/#\\\/schema\\\/person\\\/49b5f2bad5b126bb8ea9320eeb3e4dc9\"},\"headline\":\"\u201cM\u0259hb\u0259sd\u0259, yoxsa torpa\u011f\u0131n alt\u0131nda\u201d\",\"datePublished\":\"2022-01-28T11:06:37+00:00\",\"dateModified\":\"2022-02-03T10:25:19+00:00\",\"mainEntityOfPage\":{\"@id\":\"https:\\\/\\\/www.meydan.tv\\\/az\\\/article\\\/mehbesde-yoxsa-torpagin-altinda\\\/\"},\"wordCount\":846,\"publisher\":{\"@id\":\"https:\\\/\\\/www.meydan.tv\\\/az\\\/#organization\"},\"image\":{\"@id\":\"https:\\\/\\\/www.meydan.tv\\\/az\\\/article\\\/mehbesde-yoxsa-torpagin-altinda\\\/#primaryimage\"},\"thumbnailUrl\":\"https:\\\/\\\/www.meydan.tv\\\/wp-content\\\/uploads\\\/image-from-ios-3.jpg\",\"articleSection\":[\"D\u00fcnya\",\"Siyas\u0259t\",\"Sosial\"],\"inLanguage\":\"az\"},{\"@type\":\"WebPage\",\"@id\":\"https:\\\/\\\/www.meydan.tv\\\/az\\\/article\\\/mehbesde-yoxsa-torpagin-altinda\\\/\",\"url\":\"https:\\\/\\\/www.meydan.tv\\\/az\\\/article\\\/mehbesde-yoxsa-torpagin-altinda\\\/\",\"name\":\"\u201cM\u0259hb\u0259sd\u0259, yoxsa torpa\u011f\u0131n alt\u0131nda\u201d - MEYDAN.TV\",\"isPartOf\":{\"@id\":\"https:\\\/\\\/www.meydan.tv\\\/az\\\/#website\"},\"primaryImageOfPage\":{\"@id\":\"https:\\\/\\\/www.meydan.tv\\\/az\\\/article\\\/mehbesde-yoxsa-torpagin-altinda\\\/#primaryimage\"},\"image\":{\"@id\":\"https:\\\/\\\/www.meydan.tv\\\/az\\\/article\\\/mehbesde-yoxsa-torpagin-altinda\\\/#primaryimage\"},\"thumbnailUrl\":\"https:\\\/\\\/www.meydan.tv\\\/wp-content\\\/uploads\\\/image-from-ios-3.jpg\",\"datePublished\":\"2022-01-28T11:06:37+00:00\",\"dateModified\":\"2022-02-03T10:25:19+00:00\",\"breadcrumb\":{\"@id\":\"https:\\\/\\\/www.meydan.tv\\\/az\\\/article\\\/mehbesde-yoxsa-torpagin-altinda\\\/#breadcrumb\"},\"inLanguage\":\"az\",\"potentialAction\":[{\"@type\":\"ReadAction\",\"target\":[\"https:\\\/\\\/www.meydan.tv\\\/az\\\/article\\\/mehbesde-yoxsa-torpagin-altinda\\\/\"]}]},{\"@type\":\"ImageObject\",\"inLanguage\":\"az\",\"@id\":\"https:\\\/\\\/www.meydan.tv\\\/az\\\/article\\\/mehbesde-yoxsa-torpagin-altinda\\\/#primaryimage\",\"url\":\"https:\\\/\\\/www.meydan.tv\\\/wp-content\\\/uploads\\\/image-from-ios-3.jpg\",\"contentUrl\":\"https:\\\/\\\/www.meydan.tv\\\/wp-content\\\/uploads\\\/image-from-ios-3.jpg\",\"width\":2000,\"height\":1333,\"caption\":\"Foto: Meydan TV\"},{\"@type\":\"BreadcrumbList\",\"@id\":\"https:\\\/\\\/www.meydan.tv\\\/az\\\/article\\\/mehbesde-yoxsa-torpagin-altinda\\\/#breadcrumb\",\"itemListElement\":[{\"@type\":\"ListItem\",\"position\":1,\"name\":\"Ana s\u0259hif\u0259\",\"item\":\"https:\\\/\\\/www.meydan.tv\\\/az\\\/\"},{\"@type\":\"ListItem\",\"position\":2,\"name\":\"D\u00fcnya\",\"item\":\"https:\\\/\\\/www.meydan.tv\\\/az\\\/section\\\/dunya\\\/\"},{\"@type\":\"ListItem\",\"position\":3,\"name\":\"\u201cM\u0259hb\u0259sd\u0259, yoxsa torpa\u011f\u0131n alt\u0131nda\u201d\"}]},{\"@type\":\"WebSite\",\"@id\":\"https:\\\/\\\/www.meydan.tv\\\/az\\\/#website\",\"url\":\"https:\\\/\\\/www.meydan.tv\\\/az\\\/\",\"name\":\"MEYDAN.TV\",\"description\":\"Meydan TV Az\u0259rbaycan\u0131n media m\u0259kan\u0131ndak\u0131 alternativ s\u0259sidir\",\"publisher\":{\"@id\":\"https:\\\/\\\/www.meydan.tv\\\/az\\\/#organization\"},\"potentialAction\":[{\"@type\":\"SearchAction\",\"target\":{\"@type\":\"EntryPoint\",\"urlTemplate\":\"https:\\\/\\\/www.meydan.tv\\\/az\\\/?s={search_term_string}\"},\"query-input\":{\"@type\":\"PropertyValueSpecification\",\"valueRequired\":true,\"valueName\":\"search_term_string\"}}],\"inLanguage\":\"az\"},{\"@type\":\"Organization\",\"@id\":\"https:\\\/\\\/www.meydan.tv\\\/az\\\/#organization\",\"name\":\"Meydan TV\",\"url\":\"https:\\\/\\\/www.meydan.tv\\\/az\\\/\",\"logo\":{\"@type\":\"ImageObject\",\"inLanguage\":\"az\",\"@id\":\"https:\\\/\\\/www.meydan.tv\\\/az\\\/#\\\/schema\\\/logo\\\/image\\\/\",\"url\":\"https:\\\/\\\/www.meydan.tv\\\/wp-content\\\/uploads\\\/2021\\\/07\\\/meydan-logo.svg\",\"contentUrl\":\"https:\\\/\\\/www.meydan.tv\\\/wp-content\\\/uploads\\\/2021\\\/07\\\/meydan-logo.svg\",\"width\":195,\"height\":46,\"caption\":\"Meydan TV\"},\"image\":{\"@id\":\"https:\\\/\\\/www.meydan.tv\\\/az\\\/#\\\/schema\\\/logo\\\/image\\\/\"}},{\"@type\":\"Person\",\"@id\":\"https:\\\/\\\/www.meydan.tv\\\/az\\\/#\\\/schema\\\/person\\\/49b5f2bad5b126bb8ea9320eeb3e4dc9\",\"name\":\"sevda\"}]}<\/script>\n<!-- \/ Yoast SEO plugin. -->","yoast_head_json":{"title":"\u201cM\u0259hb\u0259sd\u0259, yoxsa torpa\u011f\u0131n alt\u0131nda\u201d - MEYDAN.TV","robots":{"index":"index","follow":"follow","max-snippet":"max-snippet:-1","max-image-preview":"max-image-preview:large","max-video-preview":"max-video-preview:-1"},"canonical":"https:\/\/www.meydan.tv\/az\/article\/mehbesde-yoxsa-torpagin-altinda\/","og_locale":"az_AZ","og_type":"article","og_title":"\u201cM\u0259hb\u0259sd\u0259, yoxsa torpa\u011f\u0131n alt\u0131nda\u201d - MEYDAN.TV","og_description":"\u00c7e\u00e7enistan hakimiyy\u0259ti \u00f6z opponentl\u0259rinin qohumlar\u0131na qar\u015f\u0131 yeni t\u0259qib dal\u011fas\u0131na ba\u015flay\u0131b","og_url":"https:\/\/www.meydan.tv\/az\/article\/mehbesde-yoxsa-torpagin-altinda\/","og_site_name":"MEYDAN.TV","article_published_time":"2022-01-28T11:06:37+00:00","article_modified_time":"2022-02-03T10:25:19+00:00","og_image":[{"width":2000,"height":1333,"url":"https:\/\/www.meydan.tv\/wp-content\/uploads\/image-from-ios-3.jpg","type":"image\/jpeg"}],"author":"sevda","twitter_card":"summary_large_image","schema":{"@context":"https:\/\/schema.org","@graph":[{"@type":"Article","@id":"https:\/\/www.meydan.tv\/az\/article\/mehbesde-yoxsa-torpagin-altinda\/#article","isPartOf":{"@id":"https:\/\/www.meydan.tv\/az\/article\/mehbesde-yoxsa-torpagin-altinda\/"},"author":{"name":"sevda","@id":"https:\/\/www.meydan.tv\/az\/#\/schema\/person\/49b5f2bad5b126bb8ea9320eeb3e4dc9"},"headline":"\u201cM\u0259hb\u0259sd\u0259, yoxsa torpa\u011f\u0131n alt\u0131nda\u201d","datePublished":"2022-01-28T11:06:37+00:00","dateModified":"2022-02-03T10:25:19+00:00","mainEntityOfPage":{"@id":"https:\/\/www.meydan.tv\/az\/article\/mehbesde-yoxsa-torpagin-altinda\/"},"wordCount":846,"publisher":{"@id":"https:\/\/www.meydan.tv\/az\/#organization"},"image":{"@id":"https:\/\/www.meydan.tv\/az\/article\/mehbesde-yoxsa-torpagin-altinda\/#primaryimage"},"thumbnailUrl":"https:\/\/www.meydan.tv\/wp-content\/uploads\/image-from-ios-3.jpg","articleSection":["D\u00fcnya","Siyas\u0259t","Sosial"],"inLanguage":"az"},{"@type":"WebPage","@id":"https:\/\/www.meydan.tv\/az\/article\/mehbesde-yoxsa-torpagin-altinda\/","url":"https:\/\/www.meydan.tv\/az\/article\/mehbesde-yoxsa-torpagin-altinda\/","name":"\u201cM\u0259hb\u0259sd\u0259, yoxsa torpa\u011f\u0131n alt\u0131nda\u201d - MEYDAN.TV","isPartOf":{"@id":"https:\/\/www.meydan.tv\/az\/#website"},"primaryImageOfPage":{"@id":"https:\/\/www.meydan.tv\/az\/article\/mehbesde-yoxsa-torpagin-altinda\/#primaryimage"},"image":{"@id":"https:\/\/www.meydan.tv\/az\/article\/mehbesde-yoxsa-torpagin-altinda\/#primaryimage"},"thumbnailUrl":"https:\/\/www.meydan.tv\/wp-content\/uploads\/image-from-ios-3.jpg","datePublished":"2022-01-28T11:06:37+00:00","dateModified":"2022-02-03T10:25:19+00:00","breadcrumb":{"@id":"https:\/\/www.meydan.tv\/az\/article\/mehbesde-yoxsa-torpagin-altinda\/#breadcrumb"},"inLanguage":"az","potentialAction":[{"@type":"ReadAction","target":["https:\/\/www.meydan.tv\/az\/article\/mehbesde-yoxsa-torpagin-altinda\/"]}]},{"@type":"ImageObject","inLanguage":"az","@id":"https:\/\/www.meydan.tv\/az\/article\/mehbesde-yoxsa-torpagin-altinda\/#primaryimage","url":"https:\/\/www.meydan.tv\/wp-content\/uploads\/image-from-ios-3.jpg","contentUrl":"https:\/\/www.meydan.tv\/wp-content\/uploads\/image-from-ios-3.jpg","width":2000,"height":1333,"caption":"Foto: Meydan TV"},{"@type":"BreadcrumbList","@id":"https:\/\/www.meydan.tv\/az\/article\/mehbesde-yoxsa-torpagin-altinda\/#breadcrumb","itemListElement":[{"@type":"ListItem","position":1,"name":"Ana s\u0259hif\u0259","item":"https:\/\/www.meydan.tv\/az\/"},{"@type":"ListItem","position":2,"name":"D\u00fcnya","item":"https:\/\/www.meydan.tv\/az\/section\/dunya\/"},{"@type":"ListItem","position":3,"name":"\u201cM\u0259hb\u0259sd\u0259, yoxsa torpa\u011f\u0131n alt\u0131nda\u201d"}]},{"@type":"WebSite","@id":"https:\/\/www.meydan.tv\/az\/#website","url":"https:\/\/www.meydan.tv\/az\/","name":"MEYDAN.TV","description":"Meydan TV Az\u0259rbaycan\u0131n media m\u0259kan\u0131ndak\u0131 alternativ s\u0259sidir","publisher":{"@id":"https:\/\/www.meydan.tv\/az\/#organization"},"potentialAction":[{"@type":"SearchAction","target":{"@type":"EntryPoint","urlTemplate":"https:\/\/www.meydan.tv\/az\/?s={search_term_string}"},"query-input":{"@type":"PropertyValueSpecification","valueRequired":true,"valueName":"search_term_string"}}],"inLanguage":"az"},{"@type":"Organization","@id":"https:\/\/www.meydan.tv\/az\/#organization","name":"Meydan TV","url":"https:\/\/www.meydan.tv\/az\/","logo":{"@type":"ImageObject","inLanguage":"az","@id":"https:\/\/www.meydan.tv\/az\/#\/schema\/logo\/image\/","url":"https:\/\/www.meydan.tv\/wp-content\/uploads\/2021\/07\/meydan-logo.svg","contentUrl":"https:\/\/www.meydan.tv\/wp-content\/uploads\/2021\/07\/meydan-logo.svg","width":195,"height":46,"caption":"Meydan TV"},"image":{"@id":"https:\/\/www.meydan.tv\/az\/#\/schema\/logo\/image\/"}},{"@type":"Person","@id":"https:\/\/www.meydan.tv\/az\/#\/schema\/person\/49b5f2bad5b126bb8ea9320eeb3e4dc9","name":"sevda"}]}},"_links":{"self":[{"href":"https:\/\/www.meydan.tv\/az\/wp-json\/wp\/v2\/posts\/233109","targetHints":{"allow":["GET"]}}],"collection":[{"href":"https:\/\/www.meydan.tv\/az\/wp-json\/wp\/v2\/posts"}],"about":[{"href":"https:\/\/www.meydan.tv\/az\/wp-json\/wp\/v2\/types\/post"}],"author":[{"embeddable":true,"href":"https:\/\/www.meydan.tv\/az\/wp-json\/wp\/v2\/users\/16"}],"replies":[{"embeddable":true,"href":"https:\/\/www.meydan.tv\/az\/wp-json\/wp\/v2\/comments?post=233109"}],"version-history":[{"count":2,"href":"https:\/\/www.meydan.tv\/az\/wp-json\/wp\/v2\/posts\/233109\/revisions"}],"predecessor-version":[{"id":233646,"href":"https:\/\/www.meydan.tv\/az\/wp-json\/wp\/v2\/posts\/233109\/revisions\/233646"}],"wp:featuredmedia":[{"embeddable":true,"href":"https:\/\/www.meydan.tv\/az\/wp-json\/wp\/v2\/media\/233099"}],"wp:attachment":[{"href":"https:\/\/www.meydan.tv\/az\/wp-json\/wp\/v2\/media?parent=233109"}],"wp:term":[{"taxonomy":"category","embeddable":true,"href":"https:\/\/www.meydan.tv\/az\/wp-json\/wp\/v2\/categories?post=233109"},{"taxonomy":"post_tag","embeddable":true,"href":"https:\/\/www.meydan.tv\/az\/wp-json\/wp\/v2\/tags?post=233109"}],"curies":[{"name":"wp","href":"https:\/\/api.w.org\/{rel}","templated":true}]}}