{"id":232950,"date":"2022-01-27T15:52:41","date_gmt":"2022-01-27T11:52:41","guid":{"rendered":"https:\/\/www.meydan.tv\/?p=232950"},"modified":"2022-01-27T15:52:43","modified_gmt":"2022-01-27T11:52:43","slug":"milis-yoxdur-gurcustanda-polis-zorakiligina-qarsi-etiraz-edirler","status":"publish","type":"post","link":"https:\/\/www.meydan.tv\/az\/article\/milis-yoxdur-gurcustanda-polis-zorakiligina-qarsi-etiraz-edirler\/","title":{"rendered":"\u201cMilis yoxdur\u201d \u2013 G\u00fcrc\u00fcstanda polis zorak\u0131l\u0131\u011f\u0131na qar\u015f\u0131 etiraz edirl\u0259r"},"content":{"rendered":"\n<p>G\u00fcrc\u00fcstanda polis h\u0259ddi-b\u00fclu\u011fa \u00e7atmayan\u0131 d\u00f6y\u00fcb<\/p>\n\n\n\n<p><a href=\"https:\/\/jam-news.net\/ru\/\u043d\u0435\u0442-\u043c\u0438\u043b\u0438\u0446\u0438\u0438-\u0432-\u0433\u0440\u0443\u0437\u0438\u0438-\u043f\u0440\u043e\u0442\u0435\u0441\u0442\u0443\u044e\u0442-\u043f\/\" target=\"_blank\" rel=\"noreferrer noopener\">JAMnews<\/a>-un material\u0131<\/p>\n\n\n\n<p>Bu g\u00fcn eyni vaxtda Tbilisi, Zuqdidi, Batumi, Qori v\u0259 Telavid\u0259 etiraz aksiyalar\u0131 ke\u00e7irilib. Aksiyalar\u0131 G\u00fcrc\u00fcstan\u0131n \u0259sas m\u00fcxalif partiyas\u0131 Vahid Milli H\u0259r\u0259kat t\u0259\u015fkil edib. Aksiya i\u015ftirak\u00e7\u0131lar\u0131 polis \u0259m\u0259kda\u015flar\u0131n\u0131n zorak\u0131l\u0131\u011f\u0131na qar\u015f\u0131 etiraz edirl\u0259r. Onlar b\u0259yan edirl\u0259r ki, iki polis \u0259m\u0259kda\u015f\u0131n\u0131n h\u0259bsi \u00fcmumilikd\u0259 v\u0259ziyy\u0259ti d\u0259yi\u015fm\u0259y\u0259c\u0259k v\u0259 sistemli d\u0259yi\u015fiklikl\u0259r laz\u0131md\u0131r. &nbsp;<\/p>\n\n\n\n<p>V\u0259t\u0259nda\u015flar\u0131n etiraz\u0131na s\u0259b\u0259b yanvar\u0131n 24-\u00fc mediada yay\u0131mlanan video\u00e7arx olub. H\u0259min video\u00e7arxda polis h\u0259ddi-b\u00fclu\u011fa \u00e7atmayan\u0131n boynunun ard\u0131na yumruq vurur v\u0259 sa\u00e7lar\u0131ndan yap\u0131\u015f\u0131b s\u00fcr\u00fcy\u00fcr. Qurban\u0131n q\u0131\u015fq\u0131r\u0131qlar\u0131, h\u0259m\u00e7inin dostunun s\u0259si e\u015fidilir. O\u011flan dostunun lal-kar oldu\u011funu v\u0259 polisin suallar\u0131na cavab verm\u0259 bilm\u0259diyini s\u00f6yl\u0259yir.<\/p>\n\n\n\n<p>Polis cavab verir: \u201cO lal-kard\u0131r?! B\u0259s m\u0259n onu dan\u0131\u015fma\u011fa m\u0259cbur ets\u0259m nec\u0259?!\u201d Sonra o\u011flan\u0131 d\u00f6ym\u0259y\u0259 davam edir. \u0130stintaq\u0131n m\u00fc\u0259yy\u0259nl\u0259\u015fdirdiyi kimi, hadis\u0259 yanvar\u0131n 23-\u00fc saat 20:00-21:00 rad\u0259l\u0259rind\u0259 \u201c\u0130sani\u201d metrostansiyas\u0131nda ba\u015f verib.<\/p>\n\n\n\n<p>Z\u0259r\u0259rdid\u0259 \u2013 \u0259lilliyi olan 17 ya\u015fl\u0131 h\u0259ddi-b\u00fclu\u011fa \u00e7atmam\u0131\u015f yeniyetm\u0259dir. O, metroda qarda\u015f\u0131 v\u0259 dostu il\u0259 gedirmi\u015f. Patrul xidm\u0259ti h\u0259ddi-b\u00fclu\u011fa \u00e7atmayan\u0131 eskalatorda saxlay\u0131b, polis ota\u011f\u0131na apar\u0131b v\u0259 orada d\u00f6y\u00fcb. Hadis\u0259 zaman\u0131 i\u00e7\u0259rid\u0259 daha bir polis olub. &nbsp;&nbsp;&nbsp;<\/p>\n\n\n\n<p>Daha sonra D\u00f6vl\u0259t \u0130nspeksiya M\u00fcf\u0259tti\u015fliyi h\u0259r iki polis \u0259m\u0259kda\u015f\u0131n\u0131 saxlay\u0131b.<\/p>\n\n\n\n<p>Etiraz aksiyas\u0131n\u0131n i\u015ftirak\u00e7\u0131lar\u0131 \u0259ll\u0259rind\u0259 \u201cZorak\u0131l\u0131\u011fa son\u201d, \u201c\u0130nand\u0131rma sistemi\u201d, \u201c(Sovet) milisin\u0259 yox\u201d yaz\u0131l\u0131 transparantlar tutublar.<\/p>\n\n\n\n<p>Aksiyalara h\u0259m\u00e7inin xeyli sayda patrul polisi s\u0259f\u0259rb\u0259r edilib. Zuqdudid\u0259ki v\u0259ziyy\u0259t bir ne\u00e7\u0259 d\u0259f\u0259 g\u0259rginl\u0259\u015fib, bel\u0259 ki, polisl\u0259r aksiya i\u015ftirak\u00e7\u0131lar\u0131na s\u0259kid\u0259 yaz\u0131lar yazma\u011fa imkan verm\u0259yib.<\/p>\n\n\n\n<p>Polisin qeyri-insani davran\u0131\u015f\u0131 v\u0259 \u015f\u0259r\u0259f-l\u0259yaq\u0259ti al\u00e7altma davran\u0131\u015f\u0131 s\u00fcbuta yetiril\u0259rs\u0259, onu be\u015f ild\u0259n s\u0259kkiz il\u0259d\u0259k azadl\u0131qdan m\u0259hrum etm\u0259 c\u0259zas\u0131 g\u00f6zl\u0259yir. Hadis\u0259nin \u015fahidi olan h\u0259mkar\u0131 is\u0259 g\u00fcnah\u0131 subuta yetirildiyi halda ya c\u0259rim\u0259l\u0259n\u0259c\u0259k, ya azadl\u0131\u011f\u0131 alt\u0131 aydan iki il\u0259d\u0259k m\u0259hdudla\u015fd\u0131r\u0131lacaq, ya da \u00fc\u00e7 il\u0259d\u0259k azadl\u0131qdan m\u0259hrum edil\u0259c\u0259k.<\/p>\n\n\n\n<p>Polis ilk d\u0259f\u0259 deyil ki, h\u0259ddi-b\u00fclu\u011fa \u00e7atmayanlara m\u00fcnasib\u0259td\u0259 qanunu pozur. \u018fn s\u0259s-k\u00fcyl\u00fc i\u015fl\u0259rd\u0259n biri 15 ya\u015fl\u0131 Luka Siradzenin ba\u015f\u0131na g\u0259l\u0259nl\u0259r idi. Yeniyetm\u0259 polisd\u0259 sor\u011fu-suala \u00e7\u0259kildikd\u0259n sonra intihar edib. Bu cinay\u0259t i\u015fi \u00fczr\u0259 m\u00fcst\u0259ntiq Mariana \u00c7oloyan h\u0259bs olunub. O, yeniyetm\u0259y\u0259 t\u0259zyiq etm\u0259kd\u0259 g\u00fcnahland\u0131r\u0131l\u0131b. Qad\u0131n daha sonra h\u0259bs c\u0259zas\u0131 bitm\u0259mi\u015f azadl\u0131\u011fa burax\u0131l\u0131b. &nbsp;<\/p>\n","protected":false},"excerpt":{"rendered":"<p>G\u00fcrc\u00fcstanda polis h\u0259ddi-b\u00fclu\u011fa \u00e7atmayan\u0131 d\u00f6y\u00fcb JAMnews-un material\u0131 Bu g\u00fcn eyni &#8230; <\/p>\n<p class=\"read-more-container\"><a title=\"\u201cMilis yoxdur\u201d \u2013 G\u00fcrc\u00fcstanda polis zorak\u0131l\u0131\u011f\u0131na qar\u015f\u0131 etiraz edirl\u0259r\" class=\"read-more button\" href=\"https:\/\/www.meydan.tv\/az\/article\/milis-yoxdur-gurcustanda-polis-zorakiligina-qarsi-etiraz-edirler\/#more-232950\" aria-label=\"Read more about \u201cMilis yoxdur\u201d \u2013 G\u00fcrc\u00fcstanda polis zorak\u0131l\u0131\u011f\u0131na qar\u015f\u0131 etiraz edirl\u0259r\">Davam\u0131<\/a><\/p>\n","protected":false},"author":16,"featured_media":232896,"comment_status":"closed","ping_status":"closed","sticky":false,"template":"","format":"standard","meta":{"_acf_changed":false,"_sitemap_exclude":false,"_sitemap_priority":"","_sitemap_frequency":"","footnotes":""},"categories":[64,62],"tags":[],"class_list":["post-232950","post","type-post","status-publish","format-standard","has-post-thumbnail","hentry","category-dunya","category-sosial","infinite-scroll-item","generate-columns","tablet-grid-50","mobile-grid-100","grid-parent","grid-33","no-featured-image-padding"],"acf":[],"yoast_head":"<!-- This site is optimized with the Yoast SEO plugin v27.5 - https:\/\/yoast.com\/product\/yoast-seo-wordpress\/ -->\n<title>\u201cMilis yoxdur\u201d \u2013 G\u00fcrc\u00fcstanda polis zorak\u0131l\u0131\u011f\u0131na qar\u015f\u0131 etiraz edirl\u0259r - MEYDAN.TV<\/title>\n<meta name=\"robots\" content=\"index, follow, max-snippet:-1, max-image-preview:large, max-video-preview:-1\" \/>\n<link rel=\"canonical\" href=\"https:\/\/www.meydan.tv\/az\/article\/milis-yoxdur-gurcustanda-polis-zorakiligina-qarsi-etiraz-edirler\/\" \/>\n<meta property=\"og:locale\" content=\"az_AZ\" \/>\n<meta property=\"og:type\" content=\"article\" \/>\n<meta property=\"og:title\" content=\"\u201cMilis yoxdur\u201d \u2013 G\u00fcrc\u00fcstanda polis zorak\u0131l\u0131\u011f\u0131na qar\u015f\u0131 etiraz edirl\u0259r - MEYDAN.TV\" \/>\n<meta property=\"og:description\" content=\"G\u00fcrc\u00fcstanda polis h\u0259ddi-b\u00fclu\u011fa \u00e7atmayan\u0131 d\u00f6y\u00fcb JAMnews-un material\u0131 Bu g\u00fcn eyni ... Davam\u0131\" \/>\n<meta property=\"og:url\" content=\"https:\/\/www.meydan.tv\/az\/article\/milis-yoxdur-gurcustanda-polis-zorakiligina-qarsi-etiraz-edirler\/\" \/>\n<meta property=\"og:site_name\" content=\"MEYDAN.TV\" \/>\n<meta property=\"article:published_time\" content=\"2022-01-27T11:52:41+00:00\" \/>\n<meta property=\"article:modified_time\" content=\"2022-01-27T11:52:43+00:00\" \/>\n<meta property=\"og:image\" content=\"https:\/\/www.meydan.tv\/wp-content\/uploads\/police-georgia.jpg\" \/>\n\t<meta property=\"og:image:width\" content=\"2000\" \/>\n\t<meta property=\"og:image:height\" content=\"1333\" \/>\n\t<meta property=\"og:image:type\" content=\"image\/jpeg\" \/>\n<meta name=\"author\" content=\"sevda\" \/>\n<meta name=\"twitter:card\" content=\"summary_large_image\" \/>\n<script type=\"application\/ld+json\" class=\"yoast-schema-graph\">{\"@context\":\"https:\\\/\\\/schema.org\",\"@graph\":[{\"@type\":\"Article\",\"@id\":\"https:\\\/\\\/www.meydan.tv\\\/az\\\/article\\\/milis-yoxdur-gurcustanda-polis-zorakiligina-qarsi-etiraz-edirler\\\/#article\",\"isPartOf\":{\"@id\":\"https:\\\/\\\/www.meydan.tv\\\/az\\\/article\\\/milis-yoxdur-gurcustanda-polis-zorakiligina-qarsi-etiraz-edirler\\\/\"},\"author\":{\"name\":\"sevda\",\"@id\":\"https:\\\/\\\/www.meydan.tv\\\/az\\\/#\\\/schema\\\/person\\\/49b5f2bad5b126bb8ea9320eeb3e4dc9\"},\"headline\":\"\u201cMilis yoxdur\u201d \u2013 G\u00fcrc\u00fcstanda polis zorak\u0131l\u0131\u011f\u0131na qar\u015f\u0131 etiraz edirl\u0259r\",\"datePublished\":\"2022-01-27T11:52:41+00:00\",\"dateModified\":\"2022-01-27T11:52:43+00:00\",\"mainEntityOfPage\":{\"@id\":\"https:\\\/\\\/www.meydan.tv\\\/az\\\/article\\\/milis-yoxdur-gurcustanda-polis-zorakiligina-qarsi-etiraz-edirler\\\/\"},\"wordCount\":537,\"publisher\":{\"@id\":\"https:\\\/\\\/www.meydan.tv\\\/az\\\/#organization\"},\"image\":{\"@id\":\"https:\\\/\\\/www.meydan.tv\\\/az\\\/article\\\/milis-yoxdur-gurcustanda-polis-zorakiligina-qarsi-etiraz-edirler\\\/#primaryimage\"},\"thumbnailUrl\":\"https:\\\/\\\/www.meydan.tv\\\/wp-content\\\/uploads\\\/police-georgia.jpg\",\"articleSection\":[\"D\u00fcnya\",\"Sosial\"],\"inLanguage\":\"az\"},{\"@type\":\"WebPage\",\"@id\":\"https:\\\/\\\/www.meydan.tv\\\/az\\\/article\\\/milis-yoxdur-gurcustanda-polis-zorakiligina-qarsi-etiraz-edirler\\\/\",\"url\":\"https:\\\/\\\/www.meydan.tv\\\/az\\\/article\\\/milis-yoxdur-gurcustanda-polis-zorakiligina-qarsi-etiraz-edirler\\\/\",\"name\":\"\u201cMilis yoxdur\u201d \u2013 G\u00fcrc\u00fcstanda polis zorak\u0131l\u0131\u011f\u0131na qar\u015f\u0131 etiraz edirl\u0259r - MEYDAN.TV\",\"isPartOf\":{\"@id\":\"https:\\\/\\\/www.meydan.tv\\\/az\\\/#website\"},\"primaryImageOfPage\":{\"@id\":\"https:\\\/\\\/www.meydan.tv\\\/az\\\/article\\\/milis-yoxdur-gurcustanda-polis-zorakiligina-qarsi-etiraz-edirler\\\/#primaryimage\"},\"image\":{\"@id\":\"https:\\\/\\\/www.meydan.tv\\\/az\\\/article\\\/milis-yoxdur-gurcustanda-polis-zorakiligina-qarsi-etiraz-edirler\\\/#primaryimage\"},\"thumbnailUrl\":\"https:\\\/\\\/www.meydan.tv\\\/wp-content\\\/uploads\\\/police-georgia.jpg\",\"datePublished\":\"2022-01-27T11:52:41+00:00\",\"dateModified\":\"2022-01-27T11:52:43+00:00\",\"breadcrumb\":{\"@id\":\"https:\\\/\\\/www.meydan.tv\\\/az\\\/article\\\/milis-yoxdur-gurcustanda-polis-zorakiligina-qarsi-etiraz-edirler\\\/#breadcrumb\"},\"inLanguage\":\"az\",\"potentialAction\":[{\"@type\":\"ReadAction\",\"target\":[\"https:\\\/\\\/www.meydan.tv\\\/az\\\/article\\\/milis-yoxdur-gurcustanda-polis-zorakiligina-qarsi-etiraz-edirler\\\/\"]}]},{\"@type\":\"ImageObject\",\"inLanguage\":\"az\",\"@id\":\"https:\\\/\\\/www.meydan.tv\\\/az\\\/article\\\/milis-yoxdur-gurcustanda-polis-zorakiligina-qarsi-etiraz-edirler\\\/#primaryimage\",\"url\":\"https:\\\/\\\/www.meydan.tv\\\/wp-content\\\/uploads\\\/police-georgia.jpg\",\"contentUrl\":\"https:\\\/\\\/www.meydan.tv\\\/wp-content\\\/uploads\\\/police-georgia.jpg\",\"width\":2000,\"height\":1333,\"caption\":\"Foto: EvaL Miko\\\/shutterstock\"},{\"@type\":\"BreadcrumbList\",\"@id\":\"https:\\\/\\\/www.meydan.tv\\\/az\\\/article\\\/milis-yoxdur-gurcustanda-polis-zorakiligina-qarsi-etiraz-edirler\\\/#breadcrumb\",\"itemListElement\":[{\"@type\":\"ListItem\",\"position\":1,\"name\":\"Ana s\u0259hif\u0259\",\"item\":\"https:\\\/\\\/www.meydan.tv\\\/az\\\/\"},{\"@type\":\"ListItem\",\"position\":2,\"name\":\"D\u00fcnya\",\"item\":\"https:\\\/\\\/www.meydan.tv\\\/az\\\/section\\\/dunya\\\/\"},{\"@type\":\"ListItem\",\"position\":3,\"name\":\"\u201cMilis yoxdur\u201d \u2013 G\u00fcrc\u00fcstanda polis zorak\u0131l\u0131\u011f\u0131na qar\u015f\u0131 etiraz edirl\u0259r\"}]},{\"@type\":\"WebSite\",\"@id\":\"https:\\\/\\\/www.meydan.tv\\\/az\\\/#website\",\"url\":\"https:\\\/\\\/www.meydan.tv\\\/az\\\/\",\"name\":\"MEYDAN.TV\",\"description\":\"Meydan TV Az\u0259rbaycan\u0131n media m\u0259kan\u0131ndak\u0131 alternativ s\u0259sidir\",\"publisher\":{\"@id\":\"https:\\\/\\\/www.meydan.tv\\\/az\\\/#organization\"},\"potentialAction\":[{\"@type\":\"SearchAction\",\"target\":{\"@type\":\"EntryPoint\",\"urlTemplate\":\"https:\\\/\\\/www.meydan.tv\\\/az\\\/?s={search_term_string}\"},\"query-input\":{\"@type\":\"PropertyValueSpecification\",\"valueRequired\":true,\"valueName\":\"search_term_string\"}}],\"inLanguage\":\"az\"},{\"@type\":\"Organization\",\"@id\":\"https:\\\/\\\/www.meydan.tv\\\/az\\\/#organization\",\"name\":\"Meydan TV\",\"url\":\"https:\\\/\\\/www.meydan.tv\\\/az\\\/\",\"logo\":{\"@type\":\"ImageObject\",\"inLanguage\":\"az\",\"@id\":\"https:\\\/\\\/www.meydan.tv\\\/az\\\/#\\\/schema\\\/logo\\\/image\\\/\",\"url\":\"https:\\\/\\\/www.meydan.tv\\\/wp-content\\\/uploads\\\/2021\\\/07\\\/meydan-logo.svg\",\"contentUrl\":\"https:\\\/\\\/www.meydan.tv\\\/wp-content\\\/uploads\\\/2021\\\/07\\\/meydan-logo.svg\",\"width\":195,\"height\":46,\"caption\":\"Meydan TV\"},\"image\":{\"@id\":\"https:\\\/\\\/www.meydan.tv\\\/az\\\/#\\\/schema\\\/logo\\\/image\\\/\"}},{\"@type\":\"Person\",\"@id\":\"https:\\\/\\\/www.meydan.tv\\\/az\\\/#\\\/schema\\\/person\\\/49b5f2bad5b126bb8ea9320eeb3e4dc9\",\"name\":\"sevda\"}]}<\/script>\n<!-- \/ Yoast SEO plugin. -->","yoast_head_json":{"title":"\u201cMilis yoxdur\u201d \u2013 G\u00fcrc\u00fcstanda polis zorak\u0131l\u0131\u011f\u0131na qar\u015f\u0131 etiraz edirl\u0259r - MEYDAN.TV","robots":{"index":"index","follow":"follow","max-snippet":"max-snippet:-1","max-image-preview":"max-image-preview:large","max-video-preview":"max-video-preview:-1"},"canonical":"https:\/\/www.meydan.tv\/az\/article\/milis-yoxdur-gurcustanda-polis-zorakiligina-qarsi-etiraz-edirler\/","og_locale":"az_AZ","og_type":"article","og_title":"\u201cMilis yoxdur\u201d \u2013 G\u00fcrc\u00fcstanda polis zorak\u0131l\u0131\u011f\u0131na qar\u015f\u0131 etiraz edirl\u0259r - MEYDAN.TV","og_description":"G\u00fcrc\u00fcstanda polis h\u0259ddi-b\u00fclu\u011fa \u00e7atmayan\u0131 d\u00f6y\u00fcb JAMnews-un material\u0131 Bu g\u00fcn eyni ... Davam\u0131","og_url":"https:\/\/www.meydan.tv\/az\/article\/milis-yoxdur-gurcustanda-polis-zorakiligina-qarsi-etiraz-edirler\/","og_site_name":"MEYDAN.TV","article_published_time":"2022-01-27T11:52:41+00:00","article_modified_time":"2022-01-27T11:52:43+00:00","og_image":[{"width":2000,"height":1333,"url":"https:\/\/www.meydan.tv\/wp-content\/uploads\/police-georgia.jpg","type":"image\/jpeg"}],"author":"sevda","twitter_card":"summary_large_image","schema":{"@context":"https:\/\/schema.org","@graph":[{"@type":"Article","@id":"https:\/\/www.meydan.tv\/az\/article\/milis-yoxdur-gurcustanda-polis-zorakiligina-qarsi-etiraz-edirler\/#article","isPartOf":{"@id":"https:\/\/www.meydan.tv\/az\/article\/milis-yoxdur-gurcustanda-polis-zorakiligina-qarsi-etiraz-edirler\/"},"author":{"name":"sevda","@id":"https:\/\/www.meydan.tv\/az\/#\/schema\/person\/49b5f2bad5b126bb8ea9320eeb3e4dc9"},"headline":"\u201cMilis yoxdur\u201d \u2013 G\u00fcrc\u00fcstanda polis zorak\u0131l\u0131\u011f\u0131na qar\u015f\u0131 etiraz edirl\u0259r","datePublished":"2022-01-27T11:52:41+00:00","dateModified":"2022-01-27T11:52:43+00:00","mainEntityOfPage":{"@id":"https:\/\/www.meydan.tv\/az\/article\/milis-yoxdur-gurcustanda-polis-zorakiligina-qarsi-etiraz-edirler\/"},"wordCount":537,"publisher":{"@id":"https:\/\/www.meydan.tv\/az\/#organization"},"image":{"@id":"https:\/\/www.meydan.tv\/az\/article\/milis-yoxdur-gurcustanda-polis-zorakiligina-qarsi-etiraz-edirler\/#primaryimage"},"thumbnailUrl":"https:\/\/www.meydan.tv\/wp-content\/uploads\/police-georgia.jpg","articleSection":["D\u00fcnya","Sosial"],"inLanguage":"az"},{"@type":"WebPage","@id":"https:\/\/www.meydan.tv\/az\/article\/milis-yoxdur-gurcustanda-polis-zorakiligina-qarsi-etiraz-edirler\/","url":"https:\/\/www.meydan.tv\/az\/article\/milis-yoxdur-gurcustanda-polis-zorakiligina-qarsi-etiraz-edirler\/","name":"\u201cMilis yoxdur\u201d \u2013 G\u00fcrc\u00fcstanda polis zorak\u0131l\u0131\u011f\u0131na qar\u015f\u0131 etiraz edirl\u0259r - MEYDAN.TV","isPartOf":{"@id":"https:\/\/www.meydan.tv\/az\/#website"},"primaryImageOfPage":{"@id":"https:\/\/www.meydan.tv\/az\/article\/milis-yoxdur-gurcustanda-polis-zorakiligina-qarsi-etiraz-edirler\/#primaryimage"},"image":{"@id":"https:\/\/www.meydan.tv\/az\/article\/milis-yoxdur-gurcustanda-polis-zorakiligina-qarsi-etiraz-edirler\/#primaryimage"},"thumbnailUrl":"https:\/\/www.meydan.tv\/wp-content\/uploads\/police-georgia.jpg","datePublished":"2022-01-27T11:52:41+00:00","dateModified":"2022-01-27T11:52:43+00:00","breadcrumb":{"@id":"https:\/\/www.meydan.tv\/az\/article\/milis-yoxdur-gurcustanda-polis-zorakiligina-qarsi-etiraz-edirler\/#breadcrumb"},"inLanguage":"az","potentialAction":[{"@type":"ReadAction","target":["https:\/\/www.meydan.tv\/az\/article\/milis-yoxdur-gurcustanda-polis-zorakiligina-qarsi-etiraz-edirler\/"]}]},{"@type":"ImageObject","inLanguage":"az","@id":"https:\/\/www.meydan.tv\/az\/article\/milis-yoxdur-gurcustanda-polis-zorakiligina-qarsi-etiraz-edirler\/#primaryimage","url":"https:\/\/www.meydan.tv\/wp-content\/uploads\/police-georgia.jpg","contentUrl":"https:\/\/www.meydan.tv\/wp-content\/uploads\/police-georgia.jpg","width":2000,"height":1333,"caption":"Foto: EvaL Miko\/shutterstock"},{"@type":"BreadcrumbList","@id":"https:\/\/www.meydan.tv\/az\/article\/milis-yoxdur-gurcustanda-polis-zorakiligina-qarsi-etiraz-edirler\/#breadcrumb","itemListElement":[{"@type":"ListItem","position":1,"name":"Ana s\u0259hif\u0259","item":"https:\/\/www.meydan.tv\/az\/"},{"@type":"ListItem","position":2,"name":"D\u00fcnya","item":"https:\/\/www.meydan.tv\/az\/section\/dunya\/"},{"@type":"ListItem","position":3,"name":"\u201cMilis yoxdur\u201d \u2013 G\u00fcrc\u00fcstanda polis zorak\u0131l\u0131\u011f\u0131na qar\u015f\u0131 etiraz edirl\u0259r"}]},{"@type":"WebSite","@id":"https:\/\/www.meydan.tv\/az\/#website","url":"https:\/\/www.meydan.tv\/az\/","name":"MEYDAN.TV","description":"Meydan TV Az\u0259rbaycan\u0131n media m\u0259kan\u0131ndak\u0131 alternativ s\u0259sidir","publisher":{"@id":"https:\/\/www.meydan.tv\/az\/#organization"},"potentialAction":[{"@type":"SearchAction","target":{"@type":"EntryPoint","urlTemplate":"https:\/\/www.meydan.tv\/az\/?s={search_term_string}"},"query-input":{"@type":"PropertyValueSpecification","valueRequired":true,"valueName":"search_term_string"}}],"inLanguage":"az"},{"@type":"Organization","@id":"https:\/\/www.meydan.tv\/az\/#organization","name":"Meydan TV","url":"https:\/\/www.meydan.tv\/az\/","logo":{"@type":"ImageObject","inLanguage":"az","@id":"https:\/\/www.meydan.tv\/az\/#\/schema\/logo\/image\/","url":"https:\/\/www.meydan.tv\/wp-content\/uploads\/2021\/07\/meydan-logo.svg","contentUrl":"https:\/\/www.meydan.tv\/wp-content\/uploads\/2021\/07\/meydan-logo.svg","width":195,"height":46,"caption":"Meydan TV"},"image":{"@id":"https:\/\/www.meydan.tv\/az\/#\/schema\/logo\/image\/"}},{"@type":"Person","@id":"https:\/\/www.meydan.tv\/az\/#\/schema\/person\/49b5f2bad5b126bb8ea9320eeb3e4dc9","name":"sevda"}]}},"_links":{"self":[{"href":"https:\/\/www.meydan.tv\/az\/wp-json\/wp\/v2\/posts\/232950","targetHints":{"allow":["GET"]}}],"collection":[{"href":"https:\/\/www.meydan.tv\/az\/wp-json\/wp\/v2\/posts"}],"about":[{"href":"https:\/\/www.meydan.tv\/az\/wp-json\/wp\/v2\/types\/post"}],"author":[{"embeddable":true,"href":"https:\/\/www.meydan.tv\/az\/wp-json\/wp\/v2\/users\/16"}],"replies":[{"embeddable":true,"href":"https:\/\/www.meydan.tv\/az\/wp-json\/wp\/v2\/comments?post=232950"}],"version-history":[{"count":1,"href":"https:\/\/www.meydan.tv\/az\/wp-json\/wp\/v2\/posts\/232950\/revisions"}],"predecessor-version":[{"id":232951,"href":"https:\/\/www.meydan.tv\/az\/wp-json\/wp\/v2\/posts\/232950\/revisions\/232951"}],"wp:featuredmedia":[{"embeddable":true,"href":"https:\/\/www.meydan.tv\/az\/wp-json\/wp\/v2\/media\/232896"}],"wp:attachment":[{"href":"https:\/\/www.meydan.tv\/az\/wp-json\/wp\/v2\/media?parent=232950"}],"wp:term":[{"taxonomy":"category","embeddable":true,"href":"https:\/\/www.meydan.tv\/az\/wp-json\/wp\/v2\/categories?post=232950"},{"taxonomy":"post_tag","embeddable":true,"href":"https:\/\/www.meydan.tv\/az\/wp-json\/wp\/v2\/tags?post=232950"}],"curies":[{"name":"wp","href":"https:\/\/api.w.org\/{rel}","templated":true}]}}