{"id":232771,"date":"2022-01-26T14:44:25","date_gmt":"2022-01-26T10:44:25","guid":{"rendered":"https:\/\/www.meydan.tv\/?p=232771"},"modified":"2022-01-26T14:50:13","modified_gmt":"2022-01-26T10:50:13","slug":"deputat-yazarlari-istedadlari-himaye-fondunun-yaradilmasini-teklif-etmisik","status":"publish","type":"post","link":"https:\/\/www.meydan.tv\/az\/article\/deputat-yazarlari-istedadlari-himaye-fondunun-yaradilmasini-teklif-etmisik\/","title":{"rendered":"Deputat: &#8220;Yazarlar\u0131, istedadlar\u0131 himay\u0259 fondunun yarad\u0131lmas\u0131n\u0131 t\u0259klif etmi\u015fik&#8221;"},"content":{"rendered":"\n<p><em>Elnur Astanb\u0259yli: &#8220;Mandat ona n\u0259 q\u0259d\u0259r s\u0259rb\u0259stlik verirs\u0259, fond da yazarlara o q\u0259d\u0259r s\u0259rb\u0259stlik ver\u0259c\u0259k&#8221;<\/em><\/p>\n\n\n\n<p>\u201c\u00d6lk\u0259d\u0259 hans\u0131sa m\u00fc\u011f\u0259nniy\u0259 veril\u0259n d\u0259y\u0259r, yazara veril\u0259n d\u0259y\u0259r\u0259d\u0259n qat-qat \u00fcst\u00fcnd\u00fcr. Yazarlar\u0131, istedadlar\u0131 himay\u0259 fondunun yarad\u0131lmas\u0131n\u0131 t\u0259klif etmi\u015fik\u201d.<\/p>\n\n\n\n<p>Bunu Meydan TV-y\u0259 Milli M\u0259clisin M\u0259d\u0259niyy\u0259t Komit\u0259sinin s\u0259dr m\u00fcavini, deputat Fazil Mustafa deyib.<\/p>\n\n\n\n<p>O bildirib ki, bel\u0259 bir fondun yarad\u0131lmas\u0131, yazarlar \u00fc\u00e7\u00fcn stimulla\u015fd\u0131r\u0131c\u0131 bir inki\u015faf layih\u0259si ola bil\u0259r, onlara yol a\u00e7\u0131lar.<\/p>\n\n\n\n<p>\u201c\u0130stedadl\u0131 yazarlar\u0131 himay\u0259 ed\u0259c\u0259k mexanizm\u0259 ehtiyac var. Fondda obyektiv insanlardan ibar\u0259t m\u00fcnsifl\u0259r hey\u0259ti m\u00fc\u0259yy\u0259n olunmal\u0131d\u0131r. Onlar c\u0259miyy\u0259td\u0259 parlayan istedadl\u0131 yaz\u0131 adamlar\u0131n\u0131, q\u0259l\u0259m \u0259hlini m\u00fc\u0259yy\u0259n d\u0259r\u0259c\u0259d\u0259 d\u00f6vl\u0259tin d\u0259st\u0259yi il\u0259, amma ideoloji t\u0259zyiqi olmadan yeti\u015fm\u0259sin\u0259 \u015f\u0259rait yaratmal\u0131d\u0131r\u201d, &#8211; deputat qeyd edib.<\/p>\n\n\n\n<div class=\"wp-block-image\"><figure class=\"alignright size-full is-resized\"><img decoding=\"async\" data-src=\"https:\/\/www.meydan.tv\/wp-content\/uploads\/fazil_mustafa_2504.jpg\" alt=\"Deputat Fazil Mustafa\" class=\"wp-image-131519 lazyload\" width=\"475\" height=\"316\" src=\"data:image\/svg+xml;base64,PHN2ZyB3aWR0aD0iMSIgaGVpZ2h0PSIxIiB4bWxucz0iaHR0cDovL3d3dy53My5vcmcvMjAwMC9zdmciPjwvc3ZnPg==\" style=\"--smush-placeholder-width: 475px; --smush-placeholder-aspect-ratio: 475\/316;\" \/><figcaption>Source: Meydan TV<\/figcaption><\/figure><\/div>\n\n\n\n<p>Fazil Mustafa bir m\u00fcdd\u0259t \u00f6nc\u0259 Meydan TV-y\u0259 a\u00e7\u0131qlamas\u0131nda Az\u0259rbaycanda m\u00fctali\u0259nin h\u0259mi\u015f\u0259 a\u015fa\u011f\u0131 oldu\u011funu bildirmi\u015fdi.<\/p>\n\n\n\n<p>\u015eahbaz Xuduo\u011flunun Az\u0259rbaycan tarixi, ciddi \u0259d\u0259biyyatla ba\u011fl\u0131 kitablar\u0131n sat\u0131lmad\u0131\u011f\u0131 il\u0259 ba\u011fl\u0131 fikirl\u0259rini \u015f\u0259rh edib, problemin bir s\u0131ra s\u0259b\u0259bl\u0259rinin oldu\u011funu <a href=\"https:\/\/d9mc3ts4czbpr.cloudfront.net\/az\/article\/deputat-kabab-medeniyyetinden-kitab-medeniyyetine-kecid-ede-bilmedik\/\" target=\"_blank\" rel=\"noreferrer noopener\">demi\u015fdi<\/a>.<br><\/p>\n\n\n\n<p><\/p>\n\n\n\n<p><\/p>\n\n\n\n<p><strong>Elnur Astanb\u0259yli: &#8220;Havay\u0131 pendir ancaq t\u0259l\u0259d\u0259 olur&#8221;<\/strong><\/p>\n\n\n\n<p>Yazar Elnur Astanb\u0259yli Meydan TV-y\u0259 hakimiyy\u0259td\u0259n he\u00e7 bir ideloji, siyasi basq\u0131 hiss etm\u0259d\u0259n hans\u0131sa bir d\u0259st\u0259k alma\u011f\u0131n m\u00fcmk\u00fcn olmad\u0131\u011f\u0131n\u0131 deyib: <\/p>\n\n\n\n<p>\u201cDemokratik d\u0259y\u0259rl\u0259rin yerl\u0259rd\u0259 s\u00fcr\u00fcnd\u00fcy\u00fc bir \u00f6lk\u0259d\u0259 d\u0259 havay\u0131 pendir ancaq t\u0259l\u0259d\u0259 olur. O pendird\u0259n Fazil Mustafan\u0131n \u00f6z\u00fc d\u0259 dad\u0131b. \u00d6z\u00fc nec\u0259 mandat qazand\u0131\u011f\u0131n\u0131 bilir. Qazand\u0131\u011f\u0131 mandat ona n\u0259 q\u0259d\u0259r ideoloji, fikir, d\u00fc\u015f\u00fcnc\u0259 s\u0259rb\u0259stliyi verirs\u0259, mandat\u0131 ver\u0259nl\u0259rin &#8211; yazarlara, s\u0259n\u0259t adamlar\u0131na d\u0259st\u0259yi d\u0259 eyni d\u0259r\u0259c\u0259d\u0259 s\u0259rb\u0259stlik ver\u0259c\u0259k\u201d.<\/p>\n\n\n\n<p>Elnur Astanb\u0259yli hesab edir ki, Az\u0259rbaycanda \u0259d\u0259biyyat\u0131n inki\u015faf\u0131 \u00fc\u00e7\u00fcn \u00f6lk\u0259d\u0259 idar\u0259\u00e7iliy\u0259, c\u0259miyy\u0259t\u0259, s\u00f6z, fikir azadl\u0131\u011f\u0131na, h\u00fcquqlara, \u00f6zg\u00fcrl\u00fckl\u0259r\u0259 m\u00fcnasib\u0259t d\u0259yi\u015fm\u0259lidir: <\/p>\n\n\n\n<div class=\"wp-block-image\"><figure class=\"alignleft size-full is-resized\"><img decoding=\"async\" data-src=\"https:\/\/www.meydan.tv\/wp-content\/uploads\/10873603_509651012510179_8374740486107697756_o.jpg\" alt=\"Elnur Astanb\u0259yli\" class=\"wp-image-125142 lazyload\" width=\"457\" height=\"343\" src=\"data:image\/svg+xml;base64,PHN2ZyB3aWR0aD0iMSIgaGVpZ2h0PSIxIiB4bWxucz0iaHR0cDovL3d3dy53My5vcmcvMjAwMC9zdmciPjwvc3ZnPg==\" style=\"--smush-placeholder-width: 457px; --smush-placeholder-aspect-ratio: 457\/343;\" \/><figcaption>Source: Azadl\u0131q Radiosu<\/figcaption><\/figure><\/div>\n\n\n\n<p>\u201cBu m\u00fcnasib\u0259tin d\u0259yi\u015fm\u0259diyi t\u0259qdird\u0259, hakimiyy\u0259tin h\u0259r hans\u0131 bir d\u0259st\u0259yi sovet d\u00f6vr\u00fcnd\u0259n v\u0259rdi\u015f etdiyimiz, partiya v\u0259 h\u00f6kum\u0259tin atal\u0131q qay\u011f\u0131s\u0131 anlay\u0131\u015f\u0131ndan o t\u0259r\u0259f\u0259 ged\u0259 bilm\u0259z. Bu c\u00fcr t\u0259cr\u00fcb\u0259 ist\u0259r Az\u0259rbaycan, ist\u0259rs\u0259 d\u0259 avtoritar d\u00fc\u015f\u00fcnc\u0259nin, idar\u0259etm\u0259nin hakim oldu\u011fu dig\u0259r \u00f6lk\u0259l\u0259rin t\u0259cr\u00fcb\u0259sind\u0259n yax\u015f\u0131 m\u0259lumdur. Biz s\u0259b\u0259bl\u0259ri qoyub, h\u0259l\u0259 d\u0259 n\u0259tic\u0259l\u0259rl\u0259 d\u00f6y\u00fc\u015f\u00fcr\u00fck\u201d.<\/p>\n\n\n\n<p><\/p>\n\n\n\n<p><\/p>\n\n\n\n<p><\/p>\n\n\n\n<p><\/p>\n\n\n\n<p><strong>Rasim Qaraca: &#8220;Yax\u015f\u0131 olar ki, AYB-nin f\u0259aliyy\u0259ti m\u00fcasir \u015f\u0259rtl\u0259r\u0259 uy\u011fun t\u0259nziml\u0259nsin&#8221;<\/strong><\/p>\n\n\n\n<p>\u015eair-yaz\u0131\u00e7\u0131 Rasim Qaraca yazarlara d\u0259st\u0259k fondunun yarad\u0131lmas\u0131 t\u0259klifin\u0259 skeptik yana\u015fd\u0131\u011f\u0131 deyir.<\/p>\n\n\n\n<div class=\"wp-block-image\"><figure class=\"alignright size-large is-resized\"><img decoding=\"async\" data-src=\"https:\/\/www.meydan.tv\/wp-content\/uploads\/28432-1200x674.jpg\" alt=\"Rasim Qaraca\" class=\"wp-image-73668 lazyload\" width=\"392\" height=\"220\" src=\"data:image\/svg+xml;base64,PHN2ZyB3aWR0aD0iMSIgaGVpZ2h0PSIxIiB4bWxucz0iaHR0cDovL3d3dy53My5vcmcvMjAwMC9zdmciPjwvc3ZnPg==\" style=\"--smush-placeholder-width: 392px; --smush-placeholder-aspect-ratio: 392\/220;\" \/><figcaption>Source: &#8220;Alatoran&#8221;<\/figcaption><\/figure><\/div>\n\n\n\n<p>Onun s\u00f6zl\u0259rin\u0259 g\u00f6r\u0259, Az\u0259rbaycan Yaz\u0131\u00e7\u0131lar Birliyinin f\u0259aliyy\u0259tin\u0259 yenid\u0259n bax\u0131ls\u0131n: \u201cYaz\u0131\u00e7\u0131lar\u0131n yeti\u015fm\u0259sind\u0259n m\u0259sul olan Yaz\u0131\u00e7\u0131lar Birliyi adl\u0131 bir qurum var v\u0259 b\u00fcdc\u0259d\u0259n oraya yet\u0259ri q\u0259d\u0259r v\u0259sait ayr\u0131l\u0131r. Yax\u015f\u0131 olar ki, bu qurumun f\u0259aliyy\u0259ti m\u00fcasir \u015f\u0259rtl\u0259r\u0259 uy\u011fun t\u0259nziml\u0259nsin, o zaman \u0259lav\u0259 x\u0259rc \u00e7\u0259kib yeni fond yaratma\u011fa ehtiyac qalmaz\u201d.<\/p>\n","protected":false},"excerpt":{"rendered":"<p>Elnur Astanb\u0259yli: &#8220;Mandat ona n\u0259 q\u0259d\u0259r s\u0259rb\u0259stlik verirs\u0259, fond da &#8230; <\/p>\n<p class=\"read-more-container\"><a title=\"Deputat: &#8220;Yazarlar\u0131, istedadlar\u0131 himay\u0259 fondunun yarad\u0131lmas\u0131n\u0131 t\u0259klif etmi\u015fik&#8221;\" class=\"read-more button\" href=\"https:\/\/www.meydan.tv\/az\/article\/deputat-yazarlari-istedadlari-himaye-fondunun-yaradilmasini-teklif-etmisik\/#more-232771\" aria-label=\"Read more about Deputat: &#8220;Yazarlar\u0131, istedadlar\u0131 himay\u0259 fondunun yarad\u0131lmas\u0131n\u0131 t\u0259klif etmi\u015fik&#8221;\">Davam\u0131<\/a><\/p>\n","protected":false},"author":8,"featured_media":229203,"comment_status":"closed","ping_status":"closed","sticky":false,"template":"","format":"standard","meta":{"_acf_changed":false,"_sitemap_exclude":false,"_sitemap_priority":"","_sitemap_frequency":"","footnotes":""},"categories":[52,79,7,56],"tags":[],"class_list":["post-232771","post","type-post","status-publish","format-standard","has-post-thumbnail","hentry","category-medeniyyet","category-featured","category-uncategorized-az","category-xeberler","infinite-scroll-item","generate-columns","tablet-grid-50","mobile-grid-100","grid-parent","grid-33","no-featured-image-padding"],"acf":[],"yoast_head":"<!-- This site is optimized with the Yoast SEO plugin v27.4 - https:\/\/yoast.com\/product\/yoast-seo-wordpress\/ -->\n<title>Deputat: &quot;Yazarlar\u0131, istedadlar\u0131 himay\u0259 fondunun yarad\u0131lmas\u0131n\u0131 t\u0259klif etmi\u015fik&quot; - MEYDAN.TV<\/title>\n<meta name=\"robots\" content=\"index, follow, max-snippet:-1, max-image-preview:large, max-video-preview:-1\" \/>\n<link rel=\"canonical\" href=\"https:\/\/www.meydan.tv\/az\/article\/deputat-yazarlari-istedadlari-himaye-fondunun-yaradilmasini-teklif-etmisik\/\" \/>\n<meta property=\"og:locale\" content=\"az_AZ\" \/>\n<meta property=\"og:type\" content=\"article\" \/>\n<meta property=\"og:title\" content=\"Deputat: &quot;Yazarlar\u0131, istedadlar\u0131 himay\u0259 fondunun yarad\u0131lmas\u0131n\u0131 t\u0259klif etmi\u015fik&quot; - MEYDAN.TV\" \/>\n<meta property=\"og:description\" content=\"Elnur Astanb\u0259yli: &#8220;Mandat ona n\u0259 q\u0259d\u0259r s\u0259rb\u0259stlik verirs\u0259, fond da ... Davam\u0131\" \/>\n<meta property=\"og:url\" content=\"https:\/\/www.meydan.tv\/az\/article\/deputat-yazarlari-istedadlari-himaye-fondunun-yaradilmasini-teklif-etmisik\/\" \/>\n<meta property=\"og:site_name\" content=\"MEYDAN.TV\" \/>\n<meta property=\"article:published_time\" content=\"2022-01-26T10:44:25+00:00\" \/>\n<meta property=\"article:modified_time\" content=\"2022-01-26T10:50:13+00:00\" \/>\n<meta property=\"og:image\" content=\"https:\/\/www.meydan.tv\/wp-content\/uploads\/shutterstock_641835628-e1640022402421.jpg\" \/>\n\t<meta property=\"og:image:width\" content=\"1200\" \/>\n\t<meta property=\"og:image:height\" content=\"666\" \/>\n\t<meta property=\"og:image:type\" content=\"image\/jpeg\" \/>\n<meta name=\"author\" content=\"elli\" \/>\n<meta name=\"twitter:card\" content=\"summary_large_image\" \/>\n<meta name=\"twitter:creator\" content=\"@elli\" \/>\n<script type=\"application\/ld+json\" class=\"yoast-schema-graph\">{\"@context\":\"https:\\\/\\\/schema.org\",\"@graph\":[{\"@type\":\"Article\",\"@id\":\"https:\\\/\\\/www.meydan.tv\\\/az\\\/article\\\/deputat-yazarlari-istedadlari-himaye-fondunun-yaradilmasini-teklif-etmisik\\\/#article\",\"isPartOf\":{\"@id\":\"https:\\\/\\\/www.meydan.tv\\\/az\\\/article\\\/deputat-yazarlari-istedadlari-himaye-fondunun-yaradilmasini-teklif-etmisik\\\/\"},\"author\":{\"name\":\"elli\",\"@id\":\"https:\\\/\\\/www.meydan.tv\\\/az\\\/#\\\/schema\\\/person\\\/9cdbecf90d17180ce1dfbd95b08dcf47\"},\"headline\":\"Deputat: &#8220;Yazarlar\u0131, istedadlar\u0131 himay\u0259 fondunun yarad\u0131lmas\u0131n\u0131 t\u0259klif etmi\u015fik&#8221;\",\"datePublished\":\"2022-01-26T10:44:25+00:00\",\"dateModified\":\"2022-01-26T10:50:13+00:00\",\"mainEntityOfPage\":{\"@id\":\"https:\\\/\\\/www.meydan.tv\\\/az\\\/article\\\/deputat-yazarlari-istedadlari-himaye-fondunun-yaradilmasini-teklif-etmisik\\\/\"},\"wordCount\":627,\"publisher\":{\"@id\":\"https:\\\/\\\/www.meydan.tv\\\/az\\\/#organization\"},\"image\":{\"@id\":\"https:\\\/\\\/www.meydan.tv\\\/az\\\/article\\\/deputat-yazarlari-istedadlari-himaye-fondunun-yaradilmasini-teklif-etmisik\\\/#primaryimage\"},\"thumbnailUrl\":\"https:\\\/\\\/www.meydan.tv\\\/wp-content\\\/uploads\\\/shutterstock_641835628-e1640022402421.jpg\",\"articleSection\":[\"M\u0259d\u0259niyy\u0259t\",\"T\u00f6vsiy\u0259\",\"Uncategorized @az\",\"X\u0259b\u0259rl\u0259r\"],\"inLanguage\":\"az\"},{\"@type\":\"WebPage\",\"@id\":\"https:\\\/\\\/www.meydan.tv\\\/az\\\/article\\\/deputat-yazarlari-istedadlari-himaye-fondunun-yaradilmasini-teklif-etmisik\\\/\",\"url\":\"https:\\\/\\\/www.meydan.tv\\\/az\\\/article\\\/deputat-yazarlari-istedadlari-himaye-fondunun-yaradilmasini-teklif-etmisik\\\/\",\"name\":\"Deputat: \\\"Yazarlar\u0131, istedadlar\u0131 himay\u0259 fondunun yarad\u0131lmas\u0131n\u0131 t\u0259klif etmi\u015fik\\\" - MEYDAN.TV\",\"isPartOf\":{\"@id\":\"https:\\\/\\\/www.meydan.tv\\\/az\\\/#website\"},\"primaryImageOfPage\":{\"@id\":\"https:\\\/\\\/www.meydan.tv\\\/az\\\/article\\\/deputat-yazarlari-istedadlari-himaye-fondunun-yaradilmasini-teklif-etmisik\\\/#primaryimage\"},\"image\":{\"@id\":\"https:\\\/\\\/www.meydan.tv\\\/az\\\/article\\\/deputat-yazarlari-istedadlari-himaye-fondunun-yaradilmasini-teklif-etmisik\\\/#primaryimage\"},\"thumbnailUrl\":\"https:\\\/\\\/www.meydan.tv\\\/wp-content\\\/uploads\\\/shutterstock_641835628-e1640022402421.jpg\",\"datePublished\":\"2022-01-26T10:44:25+00:00\",\"dateModified\":\"2022-01-26T10:50:13+00:00\",\"breadcrumb\":{\"@id\":\"https:\\\/\\\/www.meydan.tv\\\/az\\\/article\\\/deputat-yazarlari-istedadlari-himaye-fondunun-yaradilmasini-teklif-etmisik\\\/#breadcrumb\"},\"inLanguage\":\"az\",\"potentialAction\":[{\"@type\":\"ReadAction\",\"target\":[\"https:\\\/\\\/www.meydan.tv\\\/az\\\/article\\\/deputat-yazarlari-istedadlari-himaye-fondunun-yaradilmasini-teklif-etmisik\\\/\"]}]},{\"@type\":\"ImageObject\",\"inLanguage\":\"az\",\"@id\":\"https:\\\/\\\/www.meydan.tv\\\/az\\\/article\\\/deputat-yazarlari-istedadlari-himaye-fondunun-yaradilmasini-teklif-etmisik\\\/#primaryimage\",\"url\":\"https:\\\/\\\/www.meydan.tv\\\/wp-content\\\/uploads\\\/shutterstock_641835628-e1640022402421.jpg\",\"contentUrl\":\"https:\\\/\\\/www.meydan.tv\\\/wp-content\\\/uploads\\\/shutterstock_641835628-e1640022402421.jpg\",\"width\":1200,\"height\":666,\"caption\":\"Milli M\u0259clis, Foto: By aquatarkus\\\/Shutterstock\"},{\"@type\":\"BreadcrumbList\",\"@id\":\"https:\\\/\\\/www.meydan.tv\\\/az\\\/article\\\/deputat-yazarlari-istedadlari-himaye-fondunun-yaradilmasini-teklif-etmisik\\\/#breadcrumb\",\"itemListElement\":[{\"@type\":\"ListItem\",\"position\":1,\"name\":\"Ana s\u0259hif\u0259\",\"item\":\"https:\\\/\\\/www.meydan.tv\\\/az\\\/\"},{\"@type\":\"ListItem\",\"position\":2,\"name\":\"Uncategorized @az\",\"item\":\"https:\\\/\\\/www.meydan.tv\\\/az\\\/section\\\/uncategorized-az\\\/\"},{\"@type\":\"ListItem\",\"position\":3,\"name\":\"Deputat: &#8220;Yazarlar\u0131, istedadlar\u0131 himay\u0259 fondunun yarad\u0131lmas\u0131n\u0131 t\u0259klif etmi\u015fik&#8221;\"}]},{\"@type\":\"WebSite\",\"@id\":\"https:\\\/\\\/www.meydan.tv\\\/az\\\/#website\",\"url\":\"https:\\\/\\\/www.meydan.tv\\\/az\\\/\",\"name\":\"MEYDAN.TV\",\"description\":\"Meydan TV Az\u0259rbaycan\u0131n media m\u0259kan\u0131ndak\u0131 alternativ s\u0259sidir\",\"publisher\":{\"@id\":\"https:\\\/\\\/www.meydan.tv\\\/az\\\/#organization\"},\"potentialAction\":[{\"@type\":\"SearchAction\",\"target\":{\"@type\":\"EntryPoint\",\"urlTemplate\":\"https:\\\/\\\/www.meydan.tv\\\/az\\\/?s={search_term_string}\"},\"query-input\":{\"@type\":\"PropertyValueSpecification\",\"valueRequired\":true,\"valueName\":\"search_term_string\"}}],\"inLanguage\":\"az\"},{\"@type\":\"Organization\",\"@id\":\"https:\\\/\\\/www.meydan.tv\\\/az\\\/#organization\",\"name\":\"Meydan TV\",\"url\":\"https:\\\/\\\/www.meydan.tv\\\/az\\\/\",\"logo\":{\"@type\":\"ImageObject\",\"inLanguage\":\"az\",\"@id\":\"https:\\\/\\\/www.meydan.tv\\\/az\\\/#\\\/schema\\\/logo\\\/image\\\/\",\"url\":\"https:\\\/\\\/www.meydan.tv\\\/wp-content\\\/uploads\\\/2021\\\/07\\\/meydan-logo.svg\",\"contentUrl\":\"https:\\\/\\\/www.meydan.tv\\\/wp-content\\\/uploads\\\/2021\\\/07\\\/meydan-logo.svg\",\"width\":195,\"height\":46,\"caption\":\"Meydan TV\"},\"image\":{\"@id\":\"https:\\\/\\\/www.meydan.tv\\\/az\\\/#\\\/schema\\\/logo\\\/image\\\/\"}},{\"@type\":\"Person\",\"@id\":\"https:\\\/\\\/www.meydan.tv\\\/az\\\/#\\\/schema\\\/person\\\/9cdbecf90d17180ce1dfbd95b08dcf47\",\"name\":\"elli\",\"sameAs\":[\"https:\\\/\\\/x.com\\\/elli\"]}]}<\/script>\n<!-- \/ Yoast SEO plugin. -->","yoast_head_json":{"title":"Deputat: \"Yazarlar\u0131, istedadlar\u0131 himay\u0259 fondunun yarad\u0131lmas\u0131n\u0131 t\u0259klif etmi\u015fik\" - MEYDAN.TV","robots":{"index":"index","follow":"follow","max-snippet":"max-snippet:-1","max-image-preview":"max-image-preview:large","max-video-preview":"max-video-preview:-1"},"canonical":"https:\/\/www.meydan.tv\/az\/article\/deputat-yazarlari-istedadlari-himaye-fondunun-yaradilmasini-teklif-etmisik\/","og_locale":"az_AZ","og_type":"article","og_title":"Deputat: \"Yazarlar\u0131, istedadlar\u0131 himay\u0259 fondunun yarad\u0131lmas\u0131n\u0131 t\u0259klif etmi\u015fik\" - MEYDAN.TV","og_description":"Elnur Astanb\u0259yli: &#8220;Mandat ona n\u0259 q\u0259d\u0259r s\u0259rb\u0259stlik verirs\u0259, fond da ... Davam\u0131","og_url":"https:\/\/www.meydan.tv\/az\/article\/deputat-yazarlari-istedadlari-himaye-fondunun-yaradilmasini-teklif-etmisik\/","og_site_name":"MEYDAN.TV","article_published_time":"2022-01-26T10:44:25+00:00","article_modified_time":"2022-01-26T10:50:13+00:00","og_image":[{"width":1200,"height":666,"url":"https:\/\/www.meydan.tv\/wp-content\/uploads\/shutterstock_641835628-e1640022402421.jpg","type":"image\/jpeg"}],"author":"elli","twitter_card":"summary_large_image","twitter_creator":"@elli","schema":{"@context":"https:\/\/schema.org","@graph":[{"@type":"Article","@id":"https:\/\/www.meydan.tv\/az\/article\/deputat-yazarlari-istedadlari-himaye-fondunun-yaradilmasini-teklif-etmisik\/#article","isPartOf":{"@id":"https:\/\/www.meydan.tv\/az\/article\/deputat-yazarlari-istedadlari-himaye-fondunun-yaradilmasini-teklif-etmisik\/"},"author":{"name":"elli","@id":"https:\/\/www.meydan.tv\/az\/#\/schema\/person\/9cdbecf90d17180ce1dfbd95b08dcf47"},"headline":"Deputat: &#8220;Yazarlar\u0131, istedadlar\u0131 himay\u0259 fondunun yarad\u0131lmas\u0131n\u0131 t\u0259klif etmi\u015fik&#8221;","datePublished":"2022-01-26T10:44:25+00:00","dateModified":"2022-01-26T10:50:13+00:00","mainEntityOfPage":{"@id":"https:\/\/www.meydan.tv\/az\/article\/deputat-yazarlari-istedadlari-himaye-fondunun-yaradilmasini-teklif-etmisik\/"},"wordCount":627,"publisher":{"@id":"https:\/\/www.meydan.tv\/az\/#organization"},"image":{"@id":"https:\/\/www.meydan.tv\/az\/article\/deputat-yazarlari-istedadlari-himaye-fondunun-yaradilmasini-teklif-etmisik\/#primaryimage"},"thumbnailUrl":"https:\/\/www.meydan.tv\/wp-content\/uploads\/shutterstock_641835628-e1640022402421.jpg","articleSection":["M\u0259d\u0259niyy\u0259t","T\u00f6vsiy\u0259","Uncategorized @az","X\u0259b\u0259rl\u0259r"],"inLanguage":"az"},{"@type":"WebPage","@id":"https:\/\/www.meydan.tv\/az\/article\/deputat-yazarlari-istedadlari-himaye-fondunun-yaradilmasini-teklif-etmisik\/","url":"https:\/\/www.meydan.tv\/az\/article\/deputat-yazarlari-istedadlari-himaye-fondunun-yaradilmasini-teklif-etmisik\/","name":"Deputat: \"Yazarlar\u0131, istedadlar\u0131 himay\u0259 fondunun yarad\u0131lmas\u0131n\u0131 t\u0259klif etmi\u015fik\" - MEYDAN.TV","isPartOf":{"@id":"https:\/\/www.meydan.tv\/az\/#website"},"primaryImageOfPage":{"@id":"https:\/\/www.meydan.tv\/az\/article\/deputat-yazarlari-istedadlari-himaye-fondunun-yaradilmasini-teklif-etmisik\/#primaryimage"},"image":{"@id":"https:\/\/www.meydan.tv\/az\/article\/deputat-yazarlari-istedadlari-himaye-fondunun-yaradilmasini-teklif-etmisik\/#primaryimage"},"thumbnailUrl":"https:\/\/www.meydan.tv\/wp-content\/uploads\/shutterstock_641835628-e1640022402421.jpg","datePublished":"2022-01-26T10:44:25+00:00","dateModified":"2022-01-26T10:50:13+00:00","breadcrumb":{"@id":"https:\/\/www.meydan.tv\/az\/article\/deputat-yazarlari-istedadlari-himaye-fondunun-yaradilmasini-teklif-etmisik\/#breadcrumb"},"inLanguage":"az","potentialAction":[{"@type":"ReadAction","target":["https:\/\/www.meydan.tv\/az\/article\/deputat-yazarlari-istedadlari-himaye-fondunun-yaradilmasini-teklif-etmisik\/"]}]},{"@type":"ImageObject","inLanguage":"az","@id":"https:\/\/www.meydan.tv\/az\/article\/deputat-yazarlari-istedadlari-himaye-fondunun-yaradilmasini-teklif-etmisik\/#primaryimage","url":"https:\/\/www.meydan.tv\/wp-content\/uploads\/shutterstock_641835628-e1640022402421.jpg","contentUrl":"https:\/\/www.meydan.tv\/wp-content\/uploads\/shutterstock_641835628-e1640022402421.jpg","width":1200,"height":666,"caption":"Milli M\u0259clis, Foto: By aquatarkus\/Shutterstock"},{"@type":"BreadcrumbList","@id":"https:\/\/www.meydan.tv\/az\/article\/deputat-yazarlari-istedadlari-himaye-fondunun-yaradilmasini-teklif-etmisik\/#breadcrumb","itemListElement":[{"@type":"ListItem","position":1,"name":"Ana s\u0259hif\u0259","item":"https:\/\/www.meydan.tv\/az\/"},{"@type":"ListItem","position":2,"name":"Uncategorized @az","item":"https:\/\/www.meydan.tv\/az\/section\/uncategorized-az\/"},{"@type":"ListItem","position":3,"name":"Deputat: &#8220;Yazarlar\u0131, istedadlar\u0131 himay\u0259 fondunun yarad\u0131lmas\u0131n\u0131 t\u0259klif etmi\u015fik&#8221;"}]},{"@type":"WebSite","@id":"https:\/\/www.meydan.tv\/az\/#website","url":"https:\/\/www.meydan.tv\/az\/","name":"MEYDAN.TV","description":"Meydan TV Az\u0259rbaycan\u0131n media m\u0259kan\u0131ndak\u0131 alternativ s\u0259sidir","publisher":{"@id":"https:\/\/www.meydan.tv\/az\/#organization"},"potentialAction":[{"@type":"SearchAction","target":{"@type":"EntryPoint","urlTemplate":"https:\/\/www.meydan.tv\/az\/?s={search_term_string}"},"query-input":{"@type":"PropertyValueSpecification","valueRequired":true,"valueName":"search_term_string"}}],"inLanguage":"az"},{"@type":"Organization","@id":"https:\/\/www.meydan.tv\/az\/#organization","name":"Meydan TV","url":"https:\/\/www.meydan.tv\/az\/","logo":{"@type":"ImageObject","inLanguage":"az","@id":"https:\/\/www.meydan.tv\/az\/#\/schema\/logo\/image\/","url":"https:\/\/www.meydan.tv\/wp-content\/uploads\/2021\/07\/meydan-logo.svg","contentUrl":"https:\/\/www.meydan.tv\/wp-content\/uploads\/2021\/07\/meydan-logo.svg","width":195,"height":46,"caption":"Meydan TV"},"image":{"@id":"https:\/\/www.meydan.tv\/az\/#\/schema\/logo\/image\/"}},{"@type":"Person","@id":"https:\/\/www.meydan.tv\/az\/#\/schema\/person\/9cdbecf90d17180ce1dfbd95b08dcf47","name":"elli","sameAs":["https:\/\/x.com\/elli"]}]}},"_links":{"self":[{"href":"https:\/\/www.meydan.tv\/az\/wp-json\/wp\/v2\/posts\/232771","targetHints":{"allow":["GET"]}}],"collection":[{"href":"https:\/\/www.meydan.tv\/az\/wp-json\/wp\/v2\/posts"}],"about":[{"href":"https:\/\/www.meydan.tv\/az\/wp-json\/wp\/v2\/types\/post"}],"author":[{"embeddable":true,"href":"https:\/\/www.meydan.tv\/az\/wp-json\/wp\/v2\/users\/8"}],"replies":[{"embeddable":true,"href":"https:\/\/www.meydan.tv\/az\/wp-json\/wp\/v2\/comments?post=232771"}],"version-history":[{"count":5,"href":"https:\/\/www.meydan.tv\/az\/wp-json\/wp\/v2\/posts\/232771\/revisions"}],"predecessor-version":[{"id":232783,"href":"https:\/\/www.meydan.tv\/az\/wp-json\/wp\/v2\/posts\/232771\/revisions\/232783"}],"wp:featuredmedia":[{"embeddable":true,"href":"https:\/\/www.meydan.tv\/az\/wp-json\/wp\/v2\/media\/229203"}],"wp:attachment":[{"href":"https:\/\/www.meydan.tv\/az\/wp-json\/wp\/v2\/media?parent=232771"}],"wp:term":[{"taxonomy":"category","embeddable":true,"href":"https:\/\/www.meydan.tv\/az\/wp-json\/wp\/v2\/categories?post=232771"},{"taxonomy":"post_tag","embeddable":true,"href":"https:\/\/www.meydan.tv\/az\/wp-json\/wp\/v2\/tags?post=232771"}],"curies":[{"name":"wp","href":"https:\/\/api.w.org\/{rel}","templated":true}]}}