{"id":232580,"date":"2022-01-24T17:15:26","date_gmt":"2022-01-24T13:15:26","guid":{"rendered":"https:\/\/www.meydan.tv\/?p=232580"},"modified":"2022-01-24T17:34:14","modified_gmt":"2022-01-24T13:34:14","slug":"cengellik-yirticilari","status":"publish","type":"post","link":"https:\/\/www.meydan.tv\/az\/article\/cengellik-yirticilari\/","title":{"rendered":"C\u0259ng\u0259llik y\u0131rt\u0131c\u0131lar\u0131"},"content":{"rendered":"\n<p><em>G\u00f6r\u00fcn\u00fcr, Putin h\u0259qiq\u0259t\u0259n Brejnev\u0259 b\u0259nz\u0259m\u0259y\u0259 ba\u015flay\u0131b<\/em><br><br>Bel\u0259 bir deyim var: \u201cMe\u015f\u0259d\u0259 insandan qorxulu m\u0259xluq yoxdur\u201d. Yer k\u00fcr\u0259sinin m\u0259nz\u0259r\u0259sin\u0259 tama\u015fa etdikc\u0259, hans\u0131 m\u0259xluqun \u00e7oxald\u0131\u011f\u0131n\u0131 v\u0259 yay\u0131ld\u0131\u011f\u0131n\u0131, hans\u0131 m\u0259xluqat\u0131n azald\u0131\u011f\u0131n\u0131 v\u0259 h\u0259tta m\u0259hv olub getdiyini n\u0259z\u0259r\u0259 alsaq, bu deyimin d\u00fczg\u00fcnl\u00fcy\u00fcn\u0259 \u015f\u00fcbh\u0259 qalm\u0131r.<br><\/p>\n\n\n\n<p>\u0130nsan\u0131 dig\u0259r m\u0259xluqatdan f\u0259rql\u0259ndir\u0259n c\u0259h\u0259t \u0259qldir ki, onun \u0259sas\u0131nda m\u0259d\u0259niyy\u0259t yaran\u0131r. XXI \u0259srd\u0259 b\u0259\u015f\u0259riyy\u0259t sanki m\u0259d\u0259niyy\u0259tin zirv\u0259sin\u0259 y\u00fcks\u0259lib, elm v\u0259 texnika el\u0259 y\u00fcks\u0259k inki\u015faf h\u0259ddin\u0259 \u00e7at\u0131b ki, ke\u00e7mi\u015f zamanlar\u0131n \u201cU\u00e7an xal\u00e7a\u201d v\u0259 \u201cS\u00fcleyman\u0131n \u00fcz\u00fcy\u00fc\u201d na\u011f\u0131llar\u0131 art\u0131q \u00e7in olub.<br><\/p>\n\n\n\n<p>Bununla yana\u015f\u0131 d\u00fcnya daha \u00e7ox c\u0259ng\u0259llik qanunlar\u0131 il\u0259 idar\u0259 olunur. \u0130nsan haqlar\u0131 v\u0259 v\u0259t\u0259nda\u015f azadl\u0131qlar\u0131, qanunlar\u0131n aliliyi, humanizmin k\u00f6k salmas\u0131, b\u0259\u015f\u0259riyy\u0259t i\u015fl\u0259rind\u0259 \u0259qlin t\u0259sirinin artmas\u0131 art\u0131q bo\u015f s\u00f6z y\u0131\u011f\u0131n\u0131na d\u00f6n\u00fcr. T\u0259\u0259ss\u00fcf ki, d\u0259qiq m\u00fc\u015fahid\u0259 b\u0259\u015f\u0259riyy\u0259t bar\u0259d\u0259 s\u0259sl\u0259ndiril\u0259n nikbin t\u0259s\u0259vv\u00fcr\u00fcn&nbsp;tam \u0259ksini g\u00f6st\u0259rir.<br>M\u00fcasir d\u00fcnya h\u0259qiq\u0259t\u0259n c\u0259ng\u0259lliyi xat\u0131rlad\u0131r. Bu c\u0259ng\u0259llikd\u0259 z\u0259if d\u00f6vl\u0259tl\u0259ri par\u00e7alay\u0131b yey\u0259n \u015fir v\u0259 p\u0259l\u0259ng d\u00f6vl\u0259tl\u0259r var. Onlar\u0131n \u0259traf\u0131nda dolanan canavar, kaftar, t\u00fclk\u00fc v\u0259 \u00e7aqqal d\u00f6vl\u0259tl\u0259r var. G\u00fccl\u00fc d\u00f6vl\u0259tl\u0259rin istismar etdiyi, minib s\u00fcrd\u00fcy\u00fc, b\u0259z\u0259n par\u00e7alay\u0131b yediyi dov\u015fan d\u00f6vl\u0259tl\u0259r var.<br><\/p>\n\n\n\n<p>B\u0259z\u0259n \u0259razisinin b\u00f6y\u00fckl\u00fcly\u00fcn\u0259 v\u0259 \u0259halisinin say\u0131na g\u00f6r\u0259 \u015fir d\u00f6vl\u0259t olma\u011fa layiq olan d\u00f6vl\u0259t d\u00f6n\u00fcb olur dov\u015fan d\u00f6vl\u0259t, onu par\u00e7alay\u0131b yeyirl\u0259r. M\u0259s\u0259l\u0259n, d\u00fcnyan\u0131n ikinci \u0259n q\u00fcdr\u0259tli d\u00f6vl\u0259ti SSR\u0130&nbsp;1991-ci ild\u0259 oldu dov\u015fan, onu par\u00e7alay\u0131b yedil\u0259r.<br><\/p>\n\n\n\n<p>Niy\u0259? D\u00f6vl\u0259tin ali s\u0259find\u0259 satq\u0131n, xain \u0259yl\u0259\u015fmi\u015fdi. Bu satq\u0131n v\u0259 xain \u00f6z\u00fcn\u0259 b\u0259nz\u0259rl\u0259ri \u0259traf\u0131na toplay\u0131b n\u0259h\u0259ng v\u0259 q\u00fcdr\u0259tli d\u00f6vl\u0259ti 6 il \u0259rzind\u0259 n\u00fcmun\u0259vi dov\u015fana \u00e7evirdi.<br><\/p>\n\n\n\n<p>M\u0259qs\u0259d n\u0259 idi? \u00c7ox sad\u0259: milli s\u0259rv\u0259ti ya\u011fmalay\u0131b varlanmaq.<br><\/p>\n\n\n\n<p>Cahil v\u0259 sad\u0259l\u00f6vh xalq\u0131 parlaq v\u0259 gurultulu \u015f\u00fcarlarla aldad\u0131b meydanlara sald\u0131lar, ora-bura qa\u00e7\u0131rtd\u0131lar, \u00f6zl\u0259ri is\u0259 min bir f\u0131r\u0131ldaq fikirl\u0259\u015fib \u201cdemokratik islahat\u201d ad\u0131 alt\u0131nda d\u00f6vl\u0259t cihaz\u0131n\u0131 v\u0259 \u00fcmumxalq m\u00fclkiyy\u0259tini \u00f6z\u0259ll\u0259\u015fdirdil\u0259r, t\u0259bii s\u0259rv\u0259tl\u0259rin g\u0259lirini \u00f6z cibl\u0259rin\u0259 y\u00f6n\u0259ltdil\u0259r.<br><\/p>\n\n\n\n<p>H\u0259r bir hakimiyy\u0259t v\u0259 s\u0259rv\u0259t namin\u0259 \u00e7arp\u0131\u015fman\u0131 iblisan\u0259 hiyl\u0259g\u0259rlikl\u0259 \u201cdemokratiya namin\u0259 m\u00fcbariz\u0259\u201d adland\u0131raraq bu zaman xalq\u0131n v\u0259 d\u00f6vl\u0259tin maraqlar\u0131n\u0131 bada verdil\u0259r.<br><\/p>\n\n\n\n<p>Sov.\u0130KP MK-n\u0131n Siyasi B\u00fcrosunun \u00fczv\u00fc olmu\u015f Boris Yeltsin AB\u015e konqresind\u0259 \u00e7\u0131x\u0131\u015f ed\u0259rk\u0259n t\u0259nt\u0259n\u0259li t\u0259rzd\u0259 s\u00fcqut etmi\u015f kommunist d\u00f6vl\u0259tini \u201cb\u0259\u015f\u0259riyy\u0259tin d\u00fc\u015fm\u0259ni\u201d elan ed\u0259nd\u0259, g\u00f6r\u0259s\u0259n bu qurulu\u015f namin\u0259 h\u0259yatlar\u0131n\u0131 qurban vermi\u015f milyonlarla insan\u0131n ruhunu v\u0259 xatir\u0259sini al\u00e7altd\u0131\u011f\u0131n\u0131 d\u0259rk edirdimi? \u018fsla yox, \u201c\u00e7ar Borisi\u201d \u0259l\u0259 ke\u00e7irdiyi y\u00fcks\u0259k m\u0259qam\u0131 v\u0259 ail\u0259si \u00fc\u00e7\u00fcn o\u011furlama\u011fa haz\u0131rla\u015fd\u0131\u011f\u0131 milyardlarla dollar maraqland\u0131r\u0131rd\u0131.<br><\/p>\n\n\n\n<p>Rus hakim z\u00fcmr\u0259si \u00f6z d\u00f6vl\u0259tin\u0259 x\u0259yan\u0259t ed\u0259n yegan\u0259 cani d\u0259st\u0259si deyil. Dem\u0259k olar ki, b\u00fct\u00fcn sovet respublikalar\u0131n\u0131n r\u0259hb\u0259rl\u0259ri d\u00f6n\u00fck v\u0259 xain \u00e7\u0131xd\u0131lar. Onlar\u0131n b\u0259zil\u0259ri tarixin gedi\u015find\u0259 s\u00fcr\u0259tl\u0259 \u00e7\u0131xda\u015f oldular, hakimiyy\u0259td\u0259 uzun m\u00fcdd\u0259t qalanlar dedikl\u0259rimi s\u00fcbur ed\u0259r\u0259k \u00f6z \u0259ziz v\u0259t\u0259nl\u0259rini el\u0259 q\u0259ddarl\u0131qla qar\u0259t etdil\u0259r ki, q\u0131sa m\u00fcdd\u0259td\u0259 milyarderl\u0259r\u0259 \u00e7evrildil\u0259r. Uza\u011fa getm\u0259k laz\u0131m deyil, qazax xalq\u0131n\u0131n m\u00fcdrik r\u0259hb\u0259ri, \u201celba\u015f\u0131\u201d Nursultan \u018fbi\u015f o\u011flu Nazarbayev devril\u0259nd\u0259n sonra onun \u00fczd\u0259 olan 8,5 milyardl\u0131q \u015f\u0259xsi varidat\u0131ndan savay\u0131 ciddi-c\u0259hdl\u0259 gizl\u0259tdiyi 130 milyardl\u0131q s\u0259rv\u0259tind\u0259n s\u00f6hb\u0259t gedir.<br><\/p>\n\n\n\n<p>Putinin s\u0259rv\u0259ti Nazarbayevin s\u0259rv\u0259tind\u0259n \u00e7oxdur, ancaq el\u0259 gizl\u0259dib ki, rus xalq\u0131 onu asanl\u0131qla tapa bilm\u0259y\u0259c\u0259k. Lakin Q\u0259rbin m\u00fcvafiq qurumlar\u0131 indid\u0259n harada n\u0259 q\u0259d\u0259r gizl\u0259dilib, bilir.&nbsp;Zaman\u0131 g\u0259l\u0259nd\u0259 b\u00fct\u00fcn bu s\u0259rv\u0259t m\u00fcsadir\u0259 olunacaq. T\u0259bii ki, rus xalq\u0131na qaytar\u0131lmayacaq, AB\u015e-\u0131n qanunlar\u0131na uy\u011fun olaraq, amerikan b\u00fcdc\u0259sin\u0259 k\u00f6\u00e7\u00fcr\u00fcl\u0259c\u0259k. Nec\u0259 ki, Muammar \u0259l-Q\u0259ddafi (\u011e\u0259zzafi) devril\u0259nd\u0259n sonra Liviyan\u0131n 230 milyard dollar\u0131 Q\u0259rbin bir ne\u00e7\u0259 d\u00f6vl\u0259tinin xeyrin\u0259 m\u00fcsadir\u0259 olundu.<br><\/p>\n\n\n\n<p>\u0130ndi d\u00fcnyan\u0131n diqq\u0259t m\u0259rk\u0259zind\u0259 bir sual dayan\u0131b: Rusiya Ukraynaya h\u00fccum ed\u0259c\u0259kmi? H\u00fccum ets\u0259, h\u0259rbi q\u0259l\u0259b\u0259 qazanacaq, f\u0259q\u0259t siyasi s\u0259hn\u0259d\u0259 el\u0259 b\u00f6y\u00fck itkil\u0259r\u0259 m\u0259ruz qalacaq ki, Rusiyan\u0131n d\u00f6vl\u0259t kimi m\u00f6vcudlu\u011fu sual alt\u0131na qoyulacaq.<br><\/p>\n\n\n\n<p>Ukrayna v\u0259 Rusiya niy\u0259 d\u00fc\u015fm\u0259n oldular? 2004-c\u00fc il\u0259 kimi bu iki d\u00f6vl\u0259tin r\u0259hb\u0259rl\u0259ri s\u0131x \u0259m\u0259kda\u015fl\u0131q \u015f\u0259raitind\u0259 h\u0259r\u0259si \u00f6z xalq\u0131n\u0131 s\u00fcm\u00fcr\u00fcrd\u00fc. M\u00fcst\u0259qil sor\u011fu xidm\u0259tl\u0259ri b\u0259yan edirdi ki, b\u0259zi \u00e7\u0131\u011f\u0131r\u011fan ba\u015f\u0131xarablar\u0131n hay-k\u00fcy\u00fcn\u0259 r\u0259\u011fm\u0259n Ukrayna xalq\u0131n\u0131n 65%-i NATO \u00fczvl\u00fcy\u00fcn\u00fcn \u0259leyhin\u0259dir, Rusiyan\u0131 \u00f6z\u00fcn\u0259 d\u00fc\u015fm\u0259n saym\u0131r. Bel\u0259 v\u0259ziyy\u0259t z\u0259ngin Ukraynan\u0131 talamaq sevgisi il\u0259 qovrulan oliqarx d\u0259st\u0259sini qane ed\u0259 bilm\u0259zdi. M\u00fcxalif oliqarxlar hakim oliqarxlar\u0131 devirm\u0259k \u00fc\u00e7\u00fcn b\u00fct\u00fcn vasit\u0259l\u0259rd\u0259n istifad\u0259 etm\u0259yi r\u0259va q\u0131ld\u0131lar, o c\u00fcml\u0259d\u0259n \u201crus t\u0259hl\u00fck\u0259si\u201d na\u011f\u0131l\u0131n\u0131 dan\u0131\u015fma\u011fa, ondan s\u0131\u011fortalanmaq namin\u0259 Ukraynan\u0131n NATO-ya daxil olmas\u0131n\u0131n vacibliyini vur\u011fulama\u011fa ba\u015flad\u0131lar.&nbsp;\u018fhali \u201cUkrayna Avropad\u0131r\u201d \u015f\u00fcar\u0131na uydu, NATO-nu vacib milli m\u0259qs\u0259d kimi q\u0259bul etm\u0259y\u0259 ba\u015flad\u0131. NATO r\u0259smil\u0259rinin \u201cbiz Ukraynan\u0131 NATO \u00fczv\u00fc g\u00f6rm\u00fcr\u00fck\u201d s\u00f6zl\u0259rin\u0259 m\u0259h\u0259l qoymad\u0131lar. <\/p>\n\n\n\n<p>Satq\u0131n v\u0259 pulagir b\u0259zi Ukrayna yazarlar\u0131 xalq\u0131 Avropada g\u00f6zl\u0259y\u0259n c\u0259nn\u0259t bar\u0259d\u0259 \u015firin na\u011f\u0131llar yazma\u011fa ba\u015flad\u0131lar. Avam xalq bu \u015firin na\u011f\u0131llara t\u0259dric\u0259n inanma\u011fa ba\u015flad\u0131.<br><\/p>\n\n\n\n<p>Rusiyan\u0131n xain v\u0259 o\u011fru r\u0259hb\u0259rliyi Ukraynada hakimiyy\u0259ti m\u0259ngirl\u0259mi\u015f xain v\u0259 o\u011fru z\u00fcmr\u0259 il\u0259 dil tapa bilm\u0259di. M\u00fcnasib\u0259tl\u0259r g\u0259rginl\u0259\u015f\u0259r\u0259k a\u00e7\u0131q d\u00fc\u015fm\u0259n\u00e7ilik h\u0259ddin\u0259 \u00e7atd\u0131. Q\u0259rb bu g\u00f6z\u0259l m\u0259nz\u0259r\u0259ni f\u0259r\u0259hl\u0259 seyr etdi. <\/p>\n\n\n\n<p>Ukraynada Q\u0259rb\u0259 sinov ged\u0259n&nbsp;m\u00fcft\u0259xorlara x\u0259rcl\u0259nmi\u015f 5 milyard dollar \u00f6z b\u0259hr\u0259sini verdi, iki yax\u0131n qohum xalq qanl\u0131 d\u00fc\u015fm\u0259n\u0259 \u00e7evrildi.<br><\/p>\n\n\n\n<p>\u0130ndi NATO deyir ki, biz Ukraynan\u0131 \u00fczvl\u00fcy\u0259 q\u0259bul etm\u0259y\u0259 haz\u0131r deyilik, lakin Ukraynan\u0131n h\u00fcququ var ki, NATO \u00fczvl\u00fcy\u00fcn\u0259 iddia etsin. Ukrayna deyir ki, m\u0259n bilir\u0259m siz bizi \u00fczvl\u00fcy\u0259 q\u0259bul etm\u0259y\u0259 raz\u0131 deyilsiniz, lakin biz NATO \u00fczv\u00fc olma\u011f\u0131 d\u0259lic\u0259sin\u0259 ist\u0259yirik. Rusiya deyir ki, biz bilirik siz Ukraynan\u0131 \u00fczvl\u00fcy\u0259 q\u0259bul etm\u0259k ist\u0259mirsiniz, lakin h\u0259r ehtimala qar\u015f\u0131 biz\u0259 bir aray\u0131\u015f verin ki, NATO Ukraynan\u0131 v\u0259 G\u00fcrc\u00fcstan\u0131 he\u00e7 vaxt \u00fczv q\u0259bul etm\u0259y\u0259c\u0259k. NATO deyir ki, biz Ukraynan\u0131 \u00fczv q\u0259bul etm\u0259k fikrimiz yoxdur, lakin bu fikrin yoxlu\u011funu aray\u0131\u015fla t\u0259sdiq etm\u0259k ona b\u0259rab\u0259rdir ki, biz NATO Nizamnam\u0259sini tullay\u0131r\u0131q zibilliy\u0259, odur ki, aray\u0131\u015f\u0131 ver\u0259mm\u0259rik. Rusiya deyir ki, siz verm\u0259yin, biz d\u0259 bax\u0131n g\u00f6r\u00fcn n\u0259 ed\u0259c\u0259yik.<br><\/p>\n\n\n\n<p>Q\u0259rb deyir ki, Rusiya \u0259g\u0259r Ukraynaya h\u00fccum ets\u0259, biz \u00f6z d\u0259rin narahatl\u0131\u011f\u0131m\u0131z\u0131 ifad\u0259 ed\u0259c\u0259yik v\u0259 Rusiyaya qar\u015f\u0131 k\u0259skin iqtisadi c\u0259za t\u0259dbirl\u0259riu t\u0259tbiq ed\u0259c\u0259yik.<br><\/p>\n\n\n\n<p>Bu \u015f\u0259b\u0259d\u0259ni nec\u0259 t\u0259rc\u00fcm\u0259 etm\u0259k olar? Bunun bir ne\u00e7\u0259 \u00fczd\u0259 olan s\u0259b\u0259bi var.<br><\/p>\n\n\n\n<p><strong>1.<\/strong>Putin g\u00f6r\u00fcr ki, Q\u0259rb p\u0259rak\u0259nd\u0259dir, onun liderliyin\u0259 c\u0131l\u0131z v\u0259 b\u0259sit adamlar g\u0259libl\u0259r. \u00dcmid edir ki, \u00f6z\u00fcn\u00fc k\u00fc\u00e7\u0259 xuliqan\u0131 kimi aparsa, he\u00e7 kim c\u00fcr\u0259t edib onu yerind\u0259 oturda bilm\u0259y\u0259c\u0259k.<br><\/p>\n\n\n\n<p><strong>2.<\/strong>Q\u0259rb g\u00f6r\u00fcr ki, Rusiya \u00f6z\u00fc qon\u015fu sabiq qarda\u015f xalqlarla m\u0259tin \u0259laq\u0259l\u0259rini baltalay\u0131b yerind\u0259 \u0259dav\u0259t v\u0259 inams\u0131zl\u0131q yarad\u0131r, odur ki, bu m\u00fcbar\u0259k i\u015fd\u0259 ona he\u00e7 c\u00fcr mane olmaq ist\u0259mir.<br><\/p>\n\n\n\n<p><strong>3.<\/strong>Ukrayna hakim z\u00fcmr\u0259sind\u0259 ist\u0259nil\u0259n a\u011fl\u0131 ba\u015f\u0131nda olan, bu m\u0259nas\u0131z v\u0259 t\u0259hl\u00fck\u0259li qar\u015f\u0131durmadan \u00e7\u0131x\u0131\u015f yolu tapma\u011fa \u00e7al\u0131\u015fan siyas\u0259t\u00e7iy\u0259 onun siyasi r\u0259qibl\u0259ri h\u0259min andaca \u201cxain\u201d dam\u011fas\u0131 vurub onu a\u015f\u0131rma\u011fa haz\u0131rd\u0131rlar.<br><\/p>\n\n\n\n<p>B\u0259s xalq? Yaz\u0131q xalq hans\u0131 da\u015f\u0131 ba\u015f\u0131na sals\u0131n? \u018f b\u0259 bu xalq bu m\u0259nas\u0131z qar\u015f\u0131durmadan he\u00e7 n\u0259 qazanm\u0131r, yaln\u0131z itirir.&nbsp;\u0130\u015f yerl\u0259ri, sat\u0131\u015f bazarlar\u0131, n\u0259hay\u0259t, \u0259sg\u0259r balalar\u0131n\u0131n h\u0259yat\u0131n\u0131 itirir. Lakin bu xalqdan kims\u0259 n\u0259s\u0259 soru\u015furmu?<br><\/p>\n\n\n\n<p>D\u00fcnya siyas\u0259tind\u0259 c\u0259ng\u0259llik qanunlar\u0131 h\u00f6km s\u00fcr\u00fcr. Mahiyy\u0259tc\u0259 siyasi kaftar olan Putin \u00f6z\u00fcn\u00fc \u015fir kimi aparmaq ist\u0259yir, Ukraynan\u0131 dov\u015fan say\u0131b par\u00e7alamaqla h\u0259d\u0259l\u0259yir. G\u00f6zl\u0259nil\u0259n t\u0259cav\u00fcz\u00fcn Rusiyaya g\u0259tir\u0259c\u0259yi n\u0259h\u0259ng ziyan\u0131n h\u0259cmini anlayan Q\u0259rb bu siyasi cinay\u0259tin ba\u015f verm\u0259sini s\u0259mimi-q\u0259lbd\u0259n ist\u0259yir v\u0259 hadis\u0259l\u0259ri faci\u0259vi sonlu\u011fa it\u0259l\u0259yir.<br><\/p>\n\n\n\n<p>\u018fg\u0259r Rusiya Ukraynaya h\u00fccum ets\u0259, bunun aqib\u0259ti v\u0259 f\u0259sadlar\u0131, SSR\u0130-nin \u018ffqan\u0131stana h\u00fccumundan do\u011fmu\u015f aqib\u0259t v\u0259 f\u0259sadlara b\u0259rab\u0259r olacaq, \u00e7ox g\u00fcman ki, Rusiyan\u0131n bir d\u00f6vl\u0259t kimi s\u00fcqutuna g\u0259tir\u0259c\u0259k. Lakin 1979-cu ild\u0259 kims\u0259 bunu Brejnev\u0259 des\u0259ydi, inanard\u0131m\u0131? G\u00fcr\u00fcn\u00fcr, Putin h\u0259qiq\u0259t\u0259n Brejnev\u0259 b\u0259nz\u0259m\u0259y\u0259 ba\u015flay\u0131b.<br>Bu c\u0259ng\u0259llik d\u00fcnyas\u0131nda yegan\u0259 siyas\u0259t\u00e7i tap\u0131ld\u0131 ki, t\u0259r\u0259fl\u0259ri \u0259ql\u0259, bar\u0131\u015fa v\u0259 qanuna d\u0259v\u0259t etdi. G\u00f6r\u0259s\u0259n, <\/p>\n\n\n\n<p>\u018frdo\u011fan\u0131n d\u0259v\u0259tind\u0259n b\u0259hr\u0259l\u0259nm\u0259y\u0259 d\u00fcnyan\u0131n a\u011fl\u0131 \u00e7atacaqm\u0131?<\/p>\n","protected":false},"excerpt":{"rendered":"<p>G\u00f6r\u00fcn\u00fcr, Putin h\u0259qiq\u0259t\u0259n Brejnev\u0259 b\u0259nz\u0259m\u0259y\u0259 ba\u015flay\u0131b Bel\u0259 bir deyim var: &#8230; <\/p>\n<p class=\"read-more-container\"><a title=\"C\u0259ng\u0259llik y\u0131rt\u0131c\u0131lar\u0131\" class=\"read-more button\" href=\"https:\/\/www.meydan.tv\/az\/article\/cengellik-yirticilari\/#more-232580\" aria-label=\"Read more about C\u0259ng\u0259llik y\u0131rt\u0131c\u0131lar\u0131\">Davam\u0131<\/a><\/p>\n","protected":false},"author":8,"featured_media":126823,"comment_status":"closed","ping_status":"closed","sticky":false,"template":"","format":"standard","meta":{"_acf_changed":false,"_sitemap_exclude":false,"_sitemap_priority":"","_sitemap_frequency":"","footnotes":""},"categories":[57],"tags":[],"class_list":["post-232580","post","type-post","status-publish","format-standard","has-post-thumbnail","hentry","category-menim-fikrimce","infinite-scroll-item","generate-columns","tablet-grid-50","mobile-grid-100","grid-parent","grid-33","no-featured-image-padding"],"acf":[],"yoast_head":"<!-- This site is optimized with the Yoast SEO plugin v27.4 - https:\/\/yoast.com\/product\/yoast-seo-wordpress\/ -->\n<title>C\u0259ng\u0259llik y\u0131rt\u0131c\u0131lar\u0131 - MEYDAN.TV<\/title>\n<meta name=\"robots\" content=\"index, follow, max-snippet:-1, max-image-preview:large, max-video-preview:-1\" \/>\n<link rel=\"canonical\" href=\"https:\/\/www.meydan.tv\/az\/article\/cengellik-yirticilari\/\" \/>\n<meta property=\"og:locale\" content=\"az_AZ\" \/>\n<meta property=\"og:type\" content=\"article\" \/>\n<meta property=\"og:title\" content=\"C\u0259ng\u0259llik y\u0131rt\u0131c\u0131lar\u0131 - MEYDAN.TV\" \/>\n<meta property=\"og:description\" content=\"G\u00f6r\u00fcn\u00fcr, Putin h\u0259qiq\u0259t\u0259n Brejnev\u0259 b\u0259nz\u0259m\u0259y\u0259 ba\u015flay\u0131b Bel\u0259 bir deyim var: ... Davam\u0131\" \/>\n<meta property=\"og:url\" content=\"https:\/\/www.meydan.tv\/az\/article\/cengellik-yirticilari\/\" \/>\n<meta property=\"og:site_name\" content=\"MEYDAN.TV\" \/>\n<meta property=\"article:published_time\" content=\"2022-01-24T13:15:26+00:00\" \/>\n<meta property=\"article:modified_time\" content=\"2022-01-24T13:34:14+00:00\" \/>\n<meta property=\"og:image\" content=\"https:\/\/www.meydan.tv\/wp-content\/uploads\/image_from_ios_2_p52ittc.original.original-scaled.jpg\" \/>\n\t<meta property=\"og:image:width\" content=\"2560\" \/>\n\t<meta property=\"og:image:height\" content=\"1440\" \/>\n\t<meta property=\"og:image:type\" content=\"image\/jpeg\" \/>\n<meta name=\"author\" content=\"elli\" \/>\n<meta name=\"twitter:card\" content=\"summary_large_image\" \/>\n<meta name=\"twitter:creator\" content=\"@elli\" \/>\n<script type=\"application\/ld+json\" class=\"yoast-schema-graph\">{\"@context\":\"https:\\\/\\\/schema.org\",\"@graph\":[{\"@type\":\"Article\",\"@id\":\"https:\\\/\\\/www.meydan.tv\\\/az\\\/article\\\/cengellik-yirticilari\\\/#article\",\"isPartOf\":{\"@id\":\"https:\\\/\\\/www.meydan.tv\\\/az\\\/article\\\/cengellik-yirticilari\\\/\"},\"author\":{\"name\":\"elli\",\"@id\":\"https:\\\/\\\/www.meydan.tv\\\/az\\\/#\\\/schema\\\/person\\\/9cdbecf90d17180ce1dfbd95b08dcf47\"},\"headline\":\"C\u0259ng\u0259llik y\u0131rt\u0131c\u0131lar\u0131\",\"datePublished\":\"2022-01-24T13:15:26+00:00\",\"dateModified\":\"2022-01-24T13:34:14+00:00\",\"mainEntityOfPage\":{\"@id\":\"https:\\\/\\\/www.meydan.tv\\\/az\\\/article\\\/cengellik-yirticilari\\\/\"},\"wordCount\":1880,\"publisher\":{\"@id\":\"https:\\\/\\\/www.meydan.tv\\\/az\\\/#organization\"},\"image\":{\"@id\":\"https:\\\/\\\/www.meydan.tv\\\/az\\\/article\\\/cengellik-yirticilari\\\/#primaryimage\"},\"thumbnailUrl\":\"https:\\\/\\\/www.meydan.tv\\\/wp-content\\\/uploads\\\/image_from_ios_2_p52ittc.original.original-scaled-e1682070233838.jpg\",\"articleSection\":[\"M\u0259nim Fikrimc\u0259\"],\"inLanguage\":\"az\"},{\"@type\":\"WebPage\",\"@id\":\"https:\\\/\\\/www.meydan.tv\\\/az\\\/article\\\/cengellik-yirticilari\\\/\",\"url\":\"https:\\\/\\\/www.meydan.tv\\\/az\\\/article\\\/cengellik-yirticilari\\\/\",\"name\":\"C\u0259ng\u0259llik y\u0131rt\u0131c\u0131lar\u0131 - MEYDAN.TV\",\"isPartOf\":{\"@id\":\"https:\\\/\\\/www.meydan.tv\\\/az\\\/#website\"},\"primaryImageOfPage\":{\"@id\":\"https:\\\/\\\/www.meydan.tv\\\/az\\\/article\\\/cengellik-yirticilari\\\/#primaryimage\"},\"image\":{\"@id\":\"https:\\\/\\\/www.meydan.tv\\\/az\\\/article\\\/cengellik-yirticilari\\\/#primaryimage\"},\"thumbnailUrl\":\"https:\\\/\\\/www.meydan.tv\\\/wp-content\\\/uploads\\\/image_from_ios_2_p52ittc.original.original-scaled-e1682070233838.jpg\",\"datePublished\":\"2022-01-24T13:15:26+00:00\",\"dateModified\":\"2022-01-24T13:34:14+00:00\",\"breadcrumb\":{\"@id\":\"https:\\\/\\\/www.meydan.tv\\\/az\\\/article\\\/cengellik-yirticilari\\\/#breadcrumb\"},\"inLanguage\":\"az\",\"potentialAction\":[{\"@type\":\"ReadAction\",\"target\":[\"https:\\\/\\\/www.meydan.tv\\\/az\\\/article\\\/cengellik-yirticilari\\\/\"]}]},{\"@type\":\"ImageObject\",\"inLanguage\":\"az\",\"@id\":\"https:\\\/\\\/www.meydan.tv\\\/az\\\/article\\\/cengellik-yirticilari\\\/#primaryimage\",\"url\":\"https:\\\/\\\/www.meydan.tv\\\/wp-content\\\/uploads\\\/image_from_ios_2_p52ittc.original.original-scaled-e1682070233838.jpg\",\"contentUrl\":\"https:\\\/\\\/www.meydan.tv\\\/wp-content\\\/uploads\\\/image_from_ios_2_p52ittc.original.original-scaled-e1682070233838.jpg\",\"width\":2560,\"height\":1158,\"caption\":\"Foto: Meydan TV\"},{\"@type\":\"BreadcrumbList\",\"@id\":\"https:\\\/\\\/www.meydan.tv\\\/az\\\/article\\\/cengellik-yirticilari\\\/#breadcrumb\",\"itemListElement\":[{\"@type\":\"ListItem\",\"position\":1,\"name\":\"Ana s\u0259hif\u0259\",\"item\":\"https:\\\/\\\/www.meydan.tv\\\/az\\\/\"},{\"@type\":\"ListItem\",\"position\":2,\"name\":\"M\u0259nim Fikrimc\u0259\",\"item\":\"https:\\\/\\\/www.meydan.tv\\\/az\\\/section\\\/menim-fikrimce\\\/\"},{\"@type\":\"ListItem\",\"position\":3,\"name\":\"C\u0259ng\u0259llik y\u0131rt\u0131c\u0131lar\u0131\"}]},{\"@type\":\"WebSite\",\"@id\":\"https:\\\/\\\/www.meydan.tv\\\/az\\\/#website\",\"url\":\"https:\\\/\\\/www.meydan.tv\\\/az\\\/\",\"name\":\"MEYDAN.TV\",\"description\":\"Meydan TV Az\u0259rbaycan\u0131n media m\u0259kan\u0131ndak\u0131 alternativ s\u0259sidir\",\"publisher\":{\"@id\":\"https:\\\/\\\/www.meydan.tv\\\/az\\\/#organization\"},\"potentialAction\":[{\"@type\":\"SearchAction\",\"target\":{\"@type\":\"EntryPoint\",\"urlTemplate\":\"https:\\\/\\\/www.meydan.tv\\\/az\\\/?s={search_term_string}\"},\"query-input\":{\"@type\":\"PropertyValueSpecification\",\"valueRequired\":true,\"valueName\":\"search_term_string\"}}],\"inLanguage\":\"az\"},{\"@type\":\"Organization\",\"@id\":\"https:\\\/\\\/www.meydan.tv\\\/az\\\/#organization\",\"name\":\"Meydan TV\",\"url\":\"https:\\\/\\\/www.meydan.tv\\\/az\\\/\",\"logo\":{\"@type\":\"ImageObject\",\"inLanguage\":\"az\",\"@id\":\"https:\\\/\\\/www.meydan.tv\\\/az\\\/#\\\/schema\\\/logo\\\/image\\\/\",\"url\":\"https:\\\/\\\/www.meydan.tv\\\/wp-content\\\/uploads\\\/2021\\\/07\\\/meydan-logo.svg\",\"contentUrl\":\"https:\\\/\\\/www.meydan.tv\\\/wp-content\\\/uploads\\\/2021\\\/07\\\/meydan-logo.svg\",\"width\":195,\"height\":46,\"caption\":\"Meydan TV\"},\"image\":{\"@id\":\"https:\\\/\\\/www.meydan.tv\\\/az\\\/#\\\/schema\\\/logo\\\/image\\\/\"}},{\"@type\":\"Person\",\"@id\":\"https:\\\/\\\/www.meydan.tv\\\/az\\\/#\\\/schema\\\/person\\\/9cdbecf90d17180ce1dfbd95b08dcf47\",\"name\":\"elli\",\"sameAs\":[\"https:\\\/\\\/x.com\\\/elli\"]}]}<\/script>\n<!-- \/ Yoast SEO plugin. -->","yoast_head_json":{"title":"C\u0259ng\u0259llik y\u0131rt\u0131c\u0131lar\u0131 - MEYDAN.TV","robots":{"index":"index","follow":"follow","max-snippet":"max-snippet:-1","max-image-preview":"max-image-preview:large","max-video-preview":"max-video-preview:-1"},"canonical":"https:\/\/www.meydan.tv\/az\/article\/cengellik-yirticilari\/","og_locale":"az_AZ","og_type":"article","og_title":"C\u0259ng\u0259llik y\u0131rt\u0131c\u0131lar\u0131 - MEYDAN.TV","og_description":"G\u00f6r\u00fcn\u00fcr, Putin h\u0259qiq\u0259t\u0259n Brejnev\u0259 b\u0259nz\u0259m\u0259y\u0259 ba\u015flay\u0131b Bel\u0259 bir deyim var: ... Davam\u0131","og_url":"https:\/\/www.meydan.tv\/az\/article\/cengellik-yirticilari\/","og_site_name":"MEYDAN.TV","article_published_time":"2022-01-24T13:15:26+00:00","article_modified_time":"2022-01-24T13:34:14+00:00","og_image":[{"width":2560,"height":1440,"url":"https:\/\/www.meydan.tv\/wp-content\/uploads\/image_from_ios_2_p52ittc.original.original-scaled.jpg","type":"image\/jpeg"}],"author":"elli","twitter_card":"summary_large_image","twitter_creator":"@elli","schema":{"@context":"https:\/\/schema.org","@graph":[{"@type":"Article","@id":"https:\/\/www.meydan.tv\/az\/article\/cengellik-yirticilari\/#article","isPartOf":{"@id":"https:\/\/www.meydan.tv\/az\/article\/cengellik-yirticilari\/"},"author":{"name":"elli","@id":"https:\/\/www.meydan.tv\/az\/#\/schema\/person\/9cdbecf90d17180ce1dfbd95b08dcf47"},"headline":"C\u0259ng\u0259llik y\u0131rt\u0131c\u0131lar\u0131","datePublished":"2022-01-24T13:15:26+00:00","dateModified":"2022-01-24T13:34:14+00:00","mainEntityOfPage":{"@id":"https:\/\/www.meydan.tv\/az\/article\/cengellik-yirticilari\/"},"wordCount":1880,"publisher":{"@id":"https:\/\/www.meydan.tv\/az\/#organization"},"image":{"@id":"https:\/\/www.meydan.tv\/az\/article\/cengellik-yirticilari\/#primaryimage"},"thumbnailUrl":"https:\/\/www.meydan.tv\/wp-content\/uploads\/image_from_ios_2_p52ittc.original.original-scaled-e1682070233838.jpg","articleSection":["M\u0259nim Fikrimc\u0259"],"inLanguage":"az"},{"@type":"WebPage","@id":"https:\/\/www.meydan.tv\/az\/article\/cengellik-yirticilari\/","url":"https:\/\/www.meydan.tv\/az\/article\/cengellik-yirticilari\/","name":"C\u0259ng\u0259llik y\u0131rt\u0131c\u0131lar\u0131 - MEYDAN.TV","isPartOf":{"@id":"https:\/\/www.meydan.tv\/az\/#website"},"primaryImageOfPage":{"@id":"https:\/\/www.meydan.tv\/az\/article\/cengellik-yirticilari\/#primaryimage"},"image":{"@id":"https:\/\/www.meydan.tv\/az\/article\/cengellik-yirticilari\/#primaryimage"},"thumbnailUrl":"https:\/\/www.meydan.tv\/wp-content\/uploads\/image_from_ios_2_p52ittc.original.original-scaled-e1682070233838.jpg","datePublished":"2022-01-24T13:15:26+00:00","dateModified":"2022-01-24T13:34:14+00:00","breadcrumb":{"@id":"https:\/\/www.meydan.tv\/az\/article\/cengellik-yirticilari\/#breadcrumb"},"inLanguage":"az","potentialAction":[{"@type":"ReadAction","target":["https:\/\/www.meydan.tv\/az\/article\/cengellik-yirticilari\/"]}]},{"@type":"ImageObject","inLanguage":"az","@id":"https:\/\/www.meydan.tv\/az\/article\/cengellik-yirticilari\/#primaryimage","url":"https:\/\/www.meydan.tv\/wp-content\/uploads\/image_from_ios_2_p52ittc.original.original-scaled-e1682070233838.jpg","contentUrl":"https:\/\/www.meydan.tv\/wp-content\/uploads\/image_from_ios_2_p52ittc.original.original-scaled-e1682070233838.jpg","width":2560,"height":1158,"caption":"Foto: Meydan TV"},{"@type":"BreadcrumbList","@id":"https:\/\/www.meydan.tv\/az\/article\/cengellik-yirticilari\/#breadcrumb","itemListElement":[{"@type":"ListItem","position":1,"name":"Ana s\u0259hif\u0259","item":"https:\/\/www.meydan.tv\/az\/"},{"@type":"ListItem","position":2,"name":"M\u0259nim Fikrimc\u0259","item":"https:\/\/www.meydan.tv\/az\/section\/menim-fikrimce\/"},{"@type":"ListItem","position":3,"name":"C\u0259ng\u0259llik y\u0131rt\u0131c\u0131lar\u0131"}]},{"@type":"WebSite","@id":"https:\/\/www.meydan.tv\/az\/#website","url":"https:\/\/www.meydan.tv\/az\/","name":"MEYDAN.TV","description":"Meydan TV Az\u0259rbaycan\u0131n media m\u0259kan\u0131ndak\u0131 alternativ s\u0259sidir","publisher":{"@id":"https:\/\/www.meydan.tv\/az\/#organization"},"potentialAction":[{"@type":"SearchAction","target":{"@type":"EntryPoint","urlTemplate":"https:\/\/www.meydan.tv\/az\/?s={search_term_string}"},"query-input":{"@type":"PropertyValueSpecification","valueRequired":true,"valueName":"search_term_string"}}],"inLanguage":"az"},{"@type":"Organization","@id":"https:\/\/www.meydan.tv\/az\/#organization","name":"Meydan TV","url":"https:\/\/www.meydan.tv\/az\/","logo":{"@type":"ImageObject","inLanguage":"az","@id":"https:\/\/www.meydan.tv\/az\/#\/schema\/logo\/image\/","url":"https:\/\/www.meydan.tv\/wp-content\/uploads\/2021\/07\/meydan-logo.svg","contentUrl":"https:\/\/www.meydan.tv\/wp-content\/uploads\/2021\/07\/meydan-logo.svg","width":195,"height":46,"caption":"Meydan TV"},"image":{"@id":"https:\/\/www.meydan.tv\/az\/#\/schema\/logo\/image\/"}},{"@type":"Person","@id":"https:\/\/www.meydan.tv\/az\/#\/schema\/person\/9cdbecf90d17180ce1dfbd95b08dcf47","name":"elli","sameAs":["https:\/\/x.com\/elli"]}]}},"_links":{"self":[{"href":"https:\/\/www.meydan.tv\/az\/wp-json\/wp\/v2\/posts\/232580","targetHints":{"allow":["GET"]}}],"collection":[{"href":"https:\/\/www.meydan.tv\/az\/wp-json\/wp\/v2\/posts"}],"about":[{"href":"https:\/\/www.meydan.tv\/az\/wp-json\/wp\/v2\/types\/post"}],"author":[{"embeddable":true,"href":"https:\/\/www.meydan.tv\/az\/wp-json\/wp\/v2\/users\/8"}],"replies":[{"embeddable":true,"href":"https:\/\/www.meydan.tv\/az\/wp-json\/wp\/v2\/comments?post=232580"}],"version-history":[{"count":4,"href":"https:\/\/www.meydan.tv\/az\/wp-json\/wp\/v2\/posts\/232580\/revisions"}],"predecessor-version":[{"id":233398,"href":"https:\/\/www.meydan.tv\/az\/wp-json\/wp\/v2\/posts\/232580\/revisions\/233398"}],"wp:featuredmedia":[{"embeddable":true,"href":"https:\/\/www.meydan.tv\/az\/wp-json\/wp\/v2\/media\/126823"}],"wp:attachment":[{"href":"https:\/\/www.meydan.tv\/az\/wp-json\/wp\/v2\/media?parent=232580"}],"wp:term":[{"taxonomy":"category","embeddable":true,"href":"https:\/\/www.meydan.tv\/az\/wp-json\/wp\/v2\/categories?post=232580"},{"taxonomy":"post_tag","embeddable":true,"href":"https:\/\/www.meydan.tv\/az\/wp-json\/wp\/v2\/tags?post=232580"}],"curies":[{"name":"wp","href":"https:\/\/api.w.org\/{rel}","templated":true}]}}