{"id":232532,"date":"2022-01-24T13:41:46","date_gmt":"2022-01-24T09:41:46","guid":{"rendered":"https:\/\/www.meydan.tv\/?p=232532"},"modified":"2022-01-24T14:28:09","modified_gmt":"2022-01-24T10:28:09","slug":"sarkisyan-pasinyan-davasi-bitdi","status":"publish","type":"post","link":"https:\/\/www.meydan.tv\/az\/article\/sarkisyan-pasinyan-davasi-bitdi\/","title":{"rendered":"Sarkisyan-Pa\u015finyan davas\u0131 bitdi"},"content":{"rendered":"\n<p><em>Kreml v\u0259 diaspora \u00fc\u00e7\u00fcn \u00e7\u0259tin d\u00f6vr ba\u015flay\u0131r<\/em><\/p>\n\n\n\n<p>Erm\u0259nistan Prezidenti Armen Sarkisyan yanvar\u0131n 23-d\u0259 istefa verdi. O, add\u0131m\u0131n\u0131 bel\u0259 \u0259sasland\u0131rd\u0131 ki, Erm\u0259nistanda xalq v\u0259 d\u00f6vl\u0259t \u00fc\u00e7\u00fcn haz\u0131rk\u0131 m\u0259suliyy\u0259tli m\u00fcr\u0259kk\u0259b d\u00f6vrd\u0259 prezident institutunun he\u00e7 bir s\u0259lahiyy\u0259ti yoxdur. Y\u0259ni faktiki prosesl\u0259r\u0259 t\u0259sir ed\u0259 bilm\u0259diyi \u00fc\u00e7\u00fcn istefa verdiyini deyir.<\/p>\n\n\n\n<p>B\u0259s Armen Sarkisyan n\u0259 etm\u0259k ist\u0259yirdi v\u0259 ed\u0259 bilmirdi? M\u0259nc\u0259, bu suala cavab verm\u0259d\u0259n dig\u0259r m\u0259s\u0259l\u0259l\u0259r\u0259 ke\u00e7m\u0259k, hadis\u0259l\u0259rin gedi\u015fini ard\u0131c\u0131ll\u0131qla t\u0259hlil etm\u0259k yanl\u0131\u015f olar.<\/p>\n\n\n\n<p><strong>Serj Sarkisyana \u201ch\u0259\u201d, Pa\u015finyana \u201cyox\u201d<\/strong><\/p>\n\n\n\n<p>\u00d6t\u0259n il Erm\u0259nistanda Pa\u015finyana qar\u015f\u0131 h\u0259rbi \u00e7evrili\u015f c\u0259hdini, y\u0259qin ki, xat\u0131rlay\u0131rs\u0131n\u0131z. \u00d6lk\u0259nin silahl\u0131 q\u00fcvv\u0259l\u0259rinin Ba\u015f q\u0259rargah r\u0259isi Pa\u015finyana qar\u015f\u0131 qiyam qald\u0131rm\u0131\u015fd\u0131. Moskvan\u0131n t\u0259limat\u0131 v\u0259 Kremlin \u00f6lk\u0259 daxild\u0259ki yanda\u015flar\u0131n\u0131n siyasi d\u0259st\u0259yi il\u0259 planla\u015fd\u0131r\u0131ld\u0131\u011f\u0131 deyil\u0259n bu akt ba\u015f tutmad\u0131. Bunun da bir ne\u00e7\u0259 s\u0259b\u0259bi vard\u0131:<\/p>\n\n\n\n<ul class=\"wp-block-list\"><li><em>Birincisi, m\u0259\u011flub Erm\u0259nistan ordusu ona revan\u015f v\u0259d ed\u0259n ideyan\u0131n arxas\u0131nda durmad\u0131.<\/em><\/li><li><em>\u0130kincisi, Pa\u015finyan xalq d\u0259st\u0259yind\u0259n sona kimi s\u0259m\u0259r\u0259li istifad\u0259 etdi.<\/em><\/li><\/ul>\n\n\n\n<p>Armen Sarkisyan is\u0259 bu arada qiyam\u00e7\u0131 qrupun m\u0259nafeyind\u0259n \u00e7\u0131x\u0131\u015f etdi. Onun ictimai b\u0259yanatlar\u0131nda \u00f6lk\u0259nin b\u00f6hranda oldu\u011fu v\u0259 Pa\u015finyan\u0131n istefaya getm\u0259li oldu\u011fu a\u00e7\u0131q ifad\u0259 olunurdu.<\/p>\n\n\n\n<p>Armen Sarkisyan birba\u015fa ifad\u0259 edirdi ki, Pa\u015finyan istefa vers\u0259, \u00f6lk\u0259d\u0259 h\u0259r \u015fey qaydas\u0131na d\u00fc\u015f\u0259c\u0259k. Bununla bel\u0259, siyasi m\u00fcqavim\u0259t g\u00f6st\u0259r\u0259n Pa\u015finyan h\u0259rb\u00e7il\u0259rin b\u00f6y\u00fck \u0259ks\u0259riyy\u0259tind\u0259n d\u0259st\u0259k ald\u0131. Ba\u015f q\u0259rargah r\u0259isinin istefaya g\u00f6nd\u0259rilm\u0259si reall\u0131\u011fa \u00e7evril\u0259nd\u0259 Armen Sarkisyan Ba\u015f nazirin t\u0259qdimat\u0131n\u0131 imzalamaqdan imtina etdi. Bu, Erm\u0259nistanda siyasi prosesl\u0259r\u0259 Kremlin son siyasi m\u00fcdaxil\u0259 imkan\u0131 kimi g\u00f6r\u00fcn\u00fcrd\u00fc. Lakin n\u00f6vb\u0259d\u0259nk\u0259nar parlament se\u00e7kil\u0259ri Pa\u015finyan\u0131n siyasi g\u00fcc\u00fcn\u00fc daha da art\u0131rd\u0131\u011f\u0131 \u00fc\u00e7\u00fcn Kremlin buradak\u0131 imkanlar\u0131, dem\u0259k olar ki, m\u0259hdudla\u015fd\u0131.<\/p>\n\n\n\n<p>Serj Sarkisyan\u0131n b\u00fct\u00fcn q\u0259rarlar\u0131na \u201ch\u0259\u201d dem\u0259k \u00fc\u00e7\u00fcn g\u0259lmi\u015f Armen Sarkisyan Pa\u015finyana \u201cyox\u201d dem\u0259k \u00f6hd\u0259liyinin qurban\u0131na \u00e7evrildi. Bel\u0259likl\u0259, o, i\u015fl\u0259k siyasi irad\u0259y\u0259 qar\u015f\u0131 dayana bilm\u0259di.<\/p>\n\n\n\n<p><strong>K\u00f6\u00e7\u0259ryan marginalla\u015f\u0131r, islahatlara kim mane olacaq?<\/strong><\/p>\n\n\n\n<p>Pa\u015finyan qar\u015f\u0131dan g\u0259l\u0259n siyasi d\u00f6vr \u00fc\u00e7\u00fcn konstitusiya islahatlar\u0131 ke\u00e7irm\u0259k niyy\u0259tind\u0259dir. O, parlamentar sistemd\u0259n yar\u0131mprezident sistemin\u0259 ke\u00e7m\u0259k ist\u0259yir. \u00dcst\u0259lik, bel\u0259 bir g\u00f6zl\u0259nti var ki, Erm\u0259nistan \u00f6z &#8220;M\u00fcst\u0259qillik haqq\u0131nda&#8221; Konstitusiya Akt\u0131ndak\u0131 b\u0259zi iddialardan, x\u00fcsus\u0259n d\u0259 \u201cT\u00fcrkiy\u0259y\u0259 qar\u015f\u0131 \u0259razi iddias\u0131\u201dndan imtina ed\u0259c\u0259k. Bel\u0259 bir add\u0131m\u0131n hans\u0131 siyasi \u015f\u0259raitd\u0259 at\u0131laca\u011f\u0131, t\u0259bii ki, \u00e7ox \u00f6n\u0259mlidir. Bu bax\u0131mdan iki faktoru qiym\u0259tl\u0259ndirm\u0259liyik:<\/p>\n\n\n\n<ul class=\"wp-block-list\"><li><em><strong>Birincisi,<\/strong><\/em>\u00a0Erm\u0259nistandak\u0131 sonuncu parlament se\u00e7kisi g\u00f6st\u0259rdi ki, Pa\u015finyan\u0131n siyasi g\u00fcc\u00fc onun dig\u0259r b\u00fct\u00fcn r\u0259qibl\u0259rind\u0131n az\u0131 iki d\u0259f\u0259 \u00e7oxdur. Bu is\u0259 ona r\u0259qib kimi ortaya \u00e7\u0131xm\u0131\u015f \u0259n g\u00fccl\u00fc siyasi fiqurun Pa\u015finyandan r\u0259sm\u0259n iki d\u0259f\u0259 z\u0259if oldu\u011funu t\u0259sdiql\u0259di.<\/li><\/ul>\n\n\n\n<p>Bunun ard\u0131nca Pa\u015finyan\u0131n Kremll\u0259 d\u0259 m\u00fcnasib\u0259tl\u0259ri&nbsp; tarazla\u015fd\u0131rma\u011fa c\u0259hdl\u0259r etm\u0259si fonunda K\u00f6\u00e7\u0259ryan v\u0259 onu d\u0259st\u0259kl\u0259y\u0259n q\u00fcvv\u0259 marginalla\u015f\u0131r. Buna t\u0259sir ed\u0259n \u0259sas amill\u0259rd\u0259n biri d\u0259 m\u0259hz Rusiyan\u0131n Qaraba\u011fda davam ed\u0259n i\u015f\u011fal\u0131d\u0131r. Y\u0259ni Erm\u0259nistanda art\u0131q ba\u015fa d\u00fc\u015f\u00fcbl\u0259r ki, Rusiya Qaraba\u011f\u0131 erm\u0259nil\u0259rin vasit\u0259siyl\u0259 \u00f6z\u00fc \u00fc\u00e7\u00fcn ist\u0259yirmi\u015f. Bu is\u0259 \u201cB\u00f6y\u00fck Erm\u0259nistan\u201d ideyas\u0131na \u00fcmidi azald\u0131r.<\/p>\n\n\n\n<ul class=\"wp-block-list\"><li><em><strong>\u0130kincisi,<\/strong><\/em>&nbsp;Armen Sarkisyan\u0131n istefa verm\u0259siyl\u0259 siyasi elitada,&nbsp; dem\u0259k olar ki, bu m\u0259s\u0259l\u0259y\u0259 qar\u015f\u0131 \u00e7\u0131xacaq kims\u0259 qalmad\u0131. G\u00f6r\u00fcn\u0259n budur ki, Amerikadak\u0131 erm\u0259ni lobbisi d\u0259 Pa\u015finyan\u0131 Va\u015finqtonun d\u0259st\u0259yind\u0259n m\u0259hrum ed\u0259 bilm\u0259yib. Ona g\u00f6r\u0259 d\u0259 Kremlin v\u0259 diasporan\u0131n h\u0259l\u0259lik siyasi imkanlar\u0131 \u00e7ox a\u015fa\u011f\u0131 g\u00f6rs\u0259nir\u2026<\/li><\/ul>\n","protected":false},"excerpt":{"rendered":"<p>Kreml v\u0259 diaspora \u00fc\u00e7\u00fcn \u00e7\u0259tin d\u00f6vr ba\u015flay\u0131r Erm\u0259nistan Prezidenti Armen &#8230; <\/p>\n<p class=\"read-more-container\"><a title=\"Sarkisyan-Pa\u015finyan davas\u0131 bitdi\" class=\"read-more button\" href=\"https:\/\/www.meydan.tv\/az\/article\/sarkisyan-pasinyan-davasi-bitdi\/#more-232532\" aria-label=\"Read more about Sarkisyan-Pa\u015finyan davas\u0131 bitdi\">Davam\u0131<\/a><\/p>\n","protected":false},"author":8,"featured_media":129937,"comment_status":"closed","ping_status":"closed","sticky":false,"template":"","format":"standard","meta":{"_acf_changed":false,"_sitemap_exclude":false,"_sitemap_priority":"","_sitemap_frequency":"","footnotes":""},"categories":[57],"tags":[],"class_list":["post-232532","post","type-post","status-publish","format-standard","has-post-thumbnail","hentry","category-menim-fikrimce","infinite-scroll-item","generate-columns","tablet-grid-50","mobile-grid-100","grid-parent","grid-33","no-featured-image-padding"],"acf":[],"yoast_head":"<!-- This site is optimized with the Yoast SEO plugin v27.4 - https:\/\/yoast.com\/product\/yoast-seo-wordpress\/ -->\n<title>Sarkisyan-Pa\u015finyan davas\u0131 bitdi - MEYDAN.TV<\/title>\n<meta name=\"robots\" content=\"index, follow, max-snippet:-1, max-image-preview:large, max-video-preview:-1\" \/>\n<link rel=\"canonical\" href=\"https:\/\/www.meydan.tv\/az\/article\/sarkisyan-pasinyan-davasi-bitdi\/\" \/>\n<meta property=\"og:locale\" content=\"az_AZ\" \/>\n<meta property=\"og:type\" content=\"article\" \/>\n<meta property=\"og:title\" content=\"Sarkisyan-Pa\u015finyan davas\u0131 bitdi - MEYDAN.TV\" \/>\n<meta property=\"og:description\" content=\"Kreml v\u0259 diaspora \u00fc\u00e7\u00fcn \u00e7\u0259tin d\u00f6vr ba\u015flay\u0131r Erm\u0259nistan Prezidenti Armen ... Davam\u0131\" \/>\n<meta property=\"og:url\" content=\"https:\/\/www.meydan.tv\/az\/article\/sarkisyan-pasinyan-davasi-bitdi\/\" \/>\n<meta property=\"og:site_name\" content=\"MEYDAN.TV\" \/>\n<meta property=\"article:published_time\" content=\"2022-01-24T09:41:46+00:00\" \/>\n<meta property=\"article:modified_time\" content=\"2022-01-24T10:28:09+00:00\" \/>\n<meta property=\"og:image\" content=\"https:\/\/www.meydan.tv\/wp-content\/uploads\/untitled_artwork_5iccn6j-scaled.jpg\" \/>\n\t<meta property=\"og:image:width\" content=\"2560\" \/>\n\t<meta property=\"og:image:height\" content=\"1440\" \/>\n\t<meta property=\"og:image:type\" content=\"image\/jpeg\" \/>\n<meta name=\"author\" content=\"elli\" \/>\n<meta name=\"twitter:card\" content=\"summary_large_image\" \/>\n<meta name=\"twitter:creator\" content=\"@elli\" \/>\n<script type=\"application\/ld+json\" class=\"yoast-schema-graph\">{\"@context\":\"https:\\\/\\\/schema.org\",\"@graph\":[{\"@type\":\"Article\",\"@id\":\"https:\\\/\\\/www.meydan.tv\\\/az\\\/article\\\/sarkisyan-pasinyan-davasi-bitdi\\\/#article\",\"isPartOf\":{\"@id\":\"https:\\\/\\\/www.meydan.tv\\\/az\\\/article\\\/sarkisyan-pasinyan-davasi-bitdi\\\/\"},\"author\":{\"name\":\"elli\",\"@id\":\"https:\\\/\\\/www.meydan.tv\\\/az\\\/#\\\/schema\\\/person\\\/9cdbecf90d17180ce1dfbd95b08dcf47\"},\"headline\":\"Sarkisyan-Pa\u015finyan davas\u0131 bitdi\",\"datePublished\":\"2022-01-24T09:41:46+00:00\",\"dateModified\":\"2022-01-24T10:28:09+00:00\",\"mainEntityOfPage\":{\"@id\":\"https:\\\/\\\/www.meydan.tv\\\/az\\\/article\\\/sarkisyan-pasinyan-davasi-bitdi\\\/\"},\"wordCount\":754,\"publisher\":{\"@id\":\"https:\\\/\\\/www.meydan.tv\\\/az\\\/#organization\"},\"image\":{\"@id\":\"https:\\\/\\\/www.meydan.tv\\\/az\\\/article\\\/sarkisyan-pasinyan-davasi-bitdi\\\/#primaryimage\"},\"thumbnailUrl\":\"https:\\\/\\\/www.meydan.tv\\\/wp-content\\\/uploads\\\/untitled_artwork_5iccn6j-scaled.jpg\",\"articleSection\":[\"M\u0259nim Fikrimc\u0259\"],\"inLanguage\":\"az\"},{\"@type\":\"WebPage\",\"@id\":\"https:\\\/\\\/www.meydan.tv\\\/az\\\/article\\\/sarkisyan-pasinyan-davasi-bitdi\\\/\",\"url\":\"https:\\\/\\\/www.meydan.tv\\\/az\\\/article\\\/sarkisyan-pasinyan-davasi-bitdi\\\/\",\"name\":\"Sarkisyan-Pa\u015finyan davas\u0131 bitdi - MEYDAN.TV\",\"isPartOf\":{\"@id\":\"https:\\\/\\\/www.meydan.tv\\\/az\\\/#website\"},\"primaryImageOfPage\":{\"@id\":\"https:\\\/\\\/www.meydan.tv\\\/az\\\/article\\\/sarkisyan-pasinyan-davasi-bitdi\\\/#primaryimage\"},\"image\":{\"@id\":\"https:\\\/\\\/www.meydan.tv\\\/az\\\/article\\\/sarkisyan-pasinyan-davasi-bitdi\\\/#primaryimage\"},\"thumbnailUrl\":\"https:\\\/\\\/www.meydan.tv\\\/wp-content\\\/uploads\\\/untitled_artwork_5iccn6j-scaled.jpg\",\"datePublished\":\"2022-01-24T09:41:46+00:00\",\"dateModified\":\"2022-01-24T10:28:09+00:00\",\"breadcrumb\":{\"@id\":\"https:\\\/\\\/www.meydan.tv\\\/az\\\/article\\\/sarkisyan-pasinyan-davasi-bitdi\\\/#breadcrumb\"},\"inLanguage\":\"az\",\"potentialAction\":[{\"@type\":\"ReadAction\",\"target\":[\"https:\\\/\\\/www.meydan.tv\\\/az\\\/article\\\/sarkisyan-pasinyan-davasi-bitdi\\\/\"]}]},{\"@type\":\"ImageObject\",\"inLanguage\":\"az\",\"@id\":\"https:\\\/\\\/www.meydan.tv\\\/az\\\/article\\\/sarkisyan-pasinyan-davasi-bitdi\\\/#primaryimage\",\"url\":\"https:\\\/\\\/www.meydan.tv\\\/wp-content\\\/uploads\\\/untitled_artwork_5iccn6j-scaled.jpg\",\"contentUrl\":\"https:\\\/\\\/www.meydan.tv\\\/wp-content\\\/uploads\\\/untitled_artwork_5iccn6j-scaled.jpg\",\"width\":2560,\"height\":1440,\"caption\":\"Seymur H\u0259zi, Foto:: Meydan TV\"},{\"@type\":\"BreadcrumbList\",\"@id\":\"https:\\\/\\\/www.meydan.tv\\\/az\\\/article\\\/sarkisyan-pasinyan-davasi-bitdi\\\/#breadcrumb\",\"itemListElement\":[{\"@type\":\"ListItem\",\"position\":1,\"name\":\"Ana s\u0259hif\u0259\",\"item\":\"https:\\\/\\\/www.meydan.tv\\\/az\\\/\"},{\"@type\":\"ListItem\",\"position\":2,\"name\":\"M\u0259nim Fikrimc\u0259\",\"item\":\"https:\\\/\\\/www.meydan.tv\\\/az\\\/section\\\/menim-fikrimce\\\/\"},{\"@type\":\"ListItem\",\"position\":3,\"name\":\"Sarkisyan-Pa\u015finyan davas\u0131 bitdi\"}]},{\"@type\":\"WebSite\",\"@id\":\"https:\\\/\\\/www.meydan.tv\\\/az\\\/#website\",\"url\":\"https:\\\/\\\/www.meydan.tv\\\/az\\\/\",\"name\":\"MEYDAN.TV\",\"description\":\"Meydan TV Az\u0259rbaycan\u0131n media m\u0259kan\u0131ndak\u0131 alternativ s\u0259sidir\",\"publisher\":{\"@id\":\"https:\\\/\\\/www.meydan.tv\\\/az\\\/#organization\"},\"potentialAction\":[{\"@type\":\"SearchAction\",\"target\":{\"@type\":\"EntryPoint\",\"urlTemplate\":\"https:\\\/\\\/www.meydan.tv\\\/az\\\/?s={search_term_string}\"},\"query-input\":{\"@type\":\"PropertyValueSpecification\",\"valueRequired\":true,\"valueName\":\"search_term_string\"}}],\"inLanguage\":\"az\"},{\"@type\":\"Organization\",\"@id\":\"https:\\\/\\\/www.meydan.tv\\\/az\\\/#organization\",\"name\":\"Meydan TV\",\"url\":\"https:\\\/\\\/www.meydan.tv\\\/az\\\/\",\"logo\":{\"@type\":\"ImageObject\",\"inLanguage\":\"az\",\"@id\":\"https:\\\/\\\/www.meydan.tv\\\/az\\\/#\\\/schema\\\/logo\\\/image\\\/\",\"url\":\"https:\\\/\\\/www.meydan.tv\\\/wp-content\\\/uploads\\\/2021\\\/07\\\/meydan-logo.svg\",\"contentUrl\":\"https:\\\/\\\/www.meydan.tv\\\/wp-content\\\/uploads\\\/2021\\\/07\\\/meydan-logo.svg\",\"width\":195,\"height\":46,\"caption\":\"Meydan TV\"},\"image\":{\"@id\":\"https:\\\/\\\/www.meydan.tv\\\/az\\\/#\\\/schema\\\/logo\\\/image\\\/\"}},{\"@type\":\"Person\",\"@id\":\"https:\\\/\\\/www.meydan.tv\\\/az\\\/#\\\/schema\\\/person\\\/9cdbecf90d17180ce1dfbd95b08dcf47\",\"name\":\"elli\",\"sameAs\":[\"https:\\\/\\\/x.com\\\/elli\"]}]}<\/script>\n<!-- \/ Yoast SEO plugin. -->","yoast_head_json":{"title":"Sarkisyan-Pa\u015finyan davas\u0131 bitdi - MEYDAN.TV","robots":{"index":"index","follow":"follow","max-snippet":"max-snippet:-1","max-image-preview":"max-image-preview:large","max-video-preview":"max-video-preview:-1"},"canonical":"https:\/\/www.meydan.tv\/az\/article\/sarkisyan-pasinyan-davasi-bitdi\/","og_locale":"az_AZ","og_type":"article","og_title":"Sarkisyan-Pa\u015finyan davas\u0131 bitdi - MEYDAN.TV","og_description":"Kreml v\u0259 diaspora \u00fc\u00e7\u00fcn \u00e7\u0259tin d\u00f6vr ba\u015flay\u0131r Erm\u0259nistan Prezidenti Armen ... Davam\u0131","og_url":"https:\/\/www.meydan.tv\/az\/article\/sarkisyan-pasinyan-davasi-bitdi\/","og_site_name":"MEYDAN.TV","article_published_time":"2022-01-24T09:41:46+00:00","article_modified_time":"2022-01-24T10:28:09+00:00","og_image":[{"width":2560,"height":1440,"url":"https:\/\/www.meydan.tv\/wp-content\/uploads\/untitled_artwork_5iccn6j-scaled.jpg","type":"image\/jpeg"}],"author":"elli","twitter_card":"summary_large_image","twitter_creator":"@elli","schema":{"@context":"https:\/\/schema.org","@graph":[{"@type":"Article","@id":"https:\/\/www.meydan.tv\/az\/article\/sarkisyan-pasinyan-davasi-bitdi\/#article","isPartOf":{"@id":"https:\/\/www.meydan.tv\/az\/article\/sarkisyan-pasinyan-davasi-bitdi\/"},"author":{"name":"elli","@id":"https:\/\/www.meydan.tv\/az\/#\/schema\/person\/9cdbecf90d17180ce1dfbd95b08dcf47"},"headline":"Sarkisyan-Pa\u015finyan davas\u0131 bitdi","datePublished":"2022-01-24T09:41:46+00:00","dateModified":"2022-01-24T10:28:09+00:00","mainEntityOfPage":{"@id":"https:\/\/www.meydan.tv\/az\/article\/sarkisyan-pasinyan-davasi-bitdi\/"},"wordCount":754,"publisher":{"@id":"https:\/\/www.meydan.tv\/az\/#organization"},"image":{"@id":"https:\/\/www.meydan.tv\/az\/article\/sarkisyan-pasinyan-davasi-bitdi\/#primaryimage"},"thumbnailUrl":"https:\/\/www.meydan.tv\/wp-content\/uploads\/untitled_artwork_5iccn6j-scaled.jpg","articleSection":["M\u0259nim Fikrimc\u0259"],"inLanguage":"az"},{"@type":"WebPage","@id":"https:\/\/www.meydan.tv\/az\/article\/sarkisyan-pasinyan-davasi-bitdi\/","url":"https:\/\/www.meydan.tv\/az\/article\/sarkisyan-pasinyan-davasi-bitdi\/","name":"Sarkisyan-Pa\u015finyan davas\u0131 bitdi - MEYDAN.TV","isPartOf":{"@id":"https:\/\/www.meydan.tv\/az\/#website"},"primaryImageOfPage":{"@id":"https:\/\/www.meydan.tv\/az\/article\/sarkisyan-pasinyan-davasi-bitdi\/#primaryimage"},"image":{"@id":"https:\/\/www.meydan.tv\/az\/article\/sarkisyan-pasinyan-davasi-bitdi\/#primaryimage"},"thumbnailUrl":"https:\/\/www.meydan.tv\/wp-content\/uploads\/untitled_artwork_5iccn6j-scaled.jpg","datePublished":"2022-01-24T09:41:46+00:00","dateModified":"2022-01-24T10:28:09+00:00","breadcrumb":{"@id":"https:\/\/www.meydan.tv\/az\/article\/sarkisyan-pasinyan-davasi-bitdi\/#breadcrumb"},"inLanguage":"az","potentialAction":[{"@type":"ReadAction","target":["https:\/\/www.meydan.tv\/az\/article\/sarkisyan-pasinyan-davasi-bitdi\/"]}]},{"@type":"ImageObject","inLanguage":"az","@id":"https:\/\/www.meydan.tv\/az\/article\/sarkisyan-pasinyan-davasi-bitdi\/#primaryimage","url":"https:\/\/www.meydan.tv\/wp-content\/uploads\/untitled_artwork_5iccn6j-scaled.jpg","contentUrl":"https:\/\/www.meydan.tv\/wp-content\/uploads\/untitled_artwork_5iccn6j-scaled.jpg","width":2560,"height":1440,"caption":"Seymur H\u0259zi, Foto:: Meydan TV"},{"@type":"BreadcrumbList","@id":"https:\/\/www.meydan.tv\/az\/article\/sarkisyan-pasinyan-davasi-bitdi\/#breadcrumb","itemListElement":[{"@type":"ListItem","position":1,"name":"Ana s\u0259hif\u0259","item":"https:\/\/www.meydan.tv\/az\/"},{"@type":"ListItem","position":2,"name":"M\u0259nim Fikrimc\u0259","item":"https:\/\/www.meydan.tv\/az\/section\/menim-fikrimce\/"},{"@type":"ListItem","position":3,"name":"Sarkisyan-Pa\u015finyan davas\u0131 bitdi"}]},{"@type":"WebSite","@id":"https:\/\/www.meydan.tv\/az\/#website","url":"https:\/\/www.meydan.tv\/az\/","name":"MEYDAN.TV","description":"Meydan TV Az\u0259rbaycan\u0131n media m\u0259kan\u0131ndak\u0131 alternativ s\u0259sidir","publisher":{"@id":"https:\/\/www.meydan.tv\/az\/#organization"},"potentialAction":[{"@type":"SearchAction","target":{"@type":"EntryPoint","urlTemplate":"https:\/\/www.meydan.tv\/az\/?s={search_term_string}"},"query-input":{"@type":"PropertyValueSpecification","valueRequired":true,"valueName":"search_term_string"}}],"inLanguage":"az"},{"@type":"Organization","@id":"https:\/\/www.meydan.tv\/az\/#organization","name":"Meydan TV","url":"https:\/\/www.meydan.tv\/az\/","logo":{"@type":"ImageObject","inLanguage":"az","@id":"https:\/\/www.meydan.tv\/az\/#\/schema\/logo\/image\/","url":"https:\/\/www.meydan.tv\/wp-content\/uploads\/2021\/07\/meydan-logo.svg","contentUrl":"https:\/\/www.meydan.tv\/wp-content\/uploads\/2021\/07\/meydan-logo.svg","width":195,"height":46,"caption":"Meydan TV"},"image":{"@id":"https:\/\/www.meydan.tv\/az\/#\/schema\/logo\/image\/"}},{"@type":"Person","@id":"https:\/\/www.meydan.tv\/az\/#\/schema\/person\/9cdbecf90d17180ce1dfbd95b08dcf47","name":"elli","sameAs":["https:\/\/x.com\/elli"]}]}},"_links":{"self":[{"href":"https:\/\/www.meydan.tv\/az\/wp-json\/wp\/v2\/posts\/232532","targetHints":{"allow":["GET"]}}],"collection":[{"href":"https:\/\/www.meydan.tv\/az\/wp-json\/wp\/v2\/posts"}],"about":[{"href":"https:\/\/www.meydan.tv\/az\/wp-json\/wp\/v2\/types\/post"}],"author":[{"embeddable":true,"href":"https:\/\/www.meydan.tv\/az\/wp-json\/wp\/v2\/users\/8"}],"replies":[{"embeddable":true,"href":"https:\/\/www.meydan.tv\/az\/wp-json\/wp\/v2\/comments?post=232532"}],"version-history":[{"count":3,"href":"https:\/\/www.meydan.tv\/az\/wp-json\/wp\/v2\/posts\/232532\/revisions"}],"predecessor-version":[{"id":233397,"href":"https:\/\/www.meydan.tv\/az\/wp-json\/wp\/v2\/posts\/232532\/revisions\/233397"}],"wp:featuredmedia":[{"embeddable":true,"href":"https:\/\/www.meydan.tv\/az\/wp-json\/wp\/v2\/media\/129937"}],"wp:attachment":[{"href":"https:\/\/www.meydan.tv\/az\/wp-json\/wp\/v2\/media?parent=232532"}],"wp:term":[{"taxonomy":"category","embeddable":true,"href":"https:\/\/www.meydan.tv\/az\/wp-json\/wp\/v2\/categories?post=232532"},{"taxonomy":"post_tag","embeddable":true,"href":"https:\/\/www.meydan.tv\/az\/wp-json\/wp\/v2\/tags?post=232532"}],"curies":[{"name":"wp","href":"https:\/\/api.w.org\/{rel}","templated":true}]}}