{"id":232360,"date":"2022-01-21T15:54:58","date_gmt":"2022-01-21T11:54:58","guid":{"rendered":"https:\/\/www.meydan.tv\/?p=232360"},"modified":"2022-01-21T15:55:00","modified_gmt":"2022-01-21T11:55:00","slug":"ftb-azerbaycanla-bagli-meseleye-gore-konqresmenin-evinde-axtaris-aparib","status":"publish","type":"post","link":"https:\/\/www.meydan.tv\/az\/article\/ftb-azerbaycanla-bagli-meseleye-gore-konqresmenin-evinde-axtaris-aparib\/","title":{"rendered":"FTB Az\u0259rbaycanla ba\u011fl\u0131 m\u0259s\u0259l\u0259y\u0259 g\u00f6r\u0259 konqresmenin evind\u0259 axtar\u0131\u015f apar\u0131b"},"content":{"rendered":"\n<p><em>Kuelyar ist\u0259nil\u0259n ara\u015fd\u0131rma \u00fc\u00e7\u00fcn \u0259m\u0259kda\u015fl\u0131\u011fa haz\u0131r oldu\u011funu bildirib<\/em><\/p>\n\n\n\n<p>Amerikan\u0131n Federal T\u0259hqiqat B\u00fcrosu (Federal Bureau of Investigation-FBI) konqresmen Henri Kuelyar\u0131n (Henry Cuellar) Texasdak\u0131 evind\u0259 v\u0259 q\u0259rargah\u0131nda axtar\u0131\u015f apar\u0131b. Bu bar\u0259d\u0259 ilkin m\u0259lumat\u0131 \u201cABC News\u201d x\u0259b\u0259r agentliyi <a href=\"https:\/\/abcnews.go.com\/US\/fbi-raid-house-democrats-home-related-azerbaijan-probe\/story?id=82384118&amp;fbclid=IwAR0xjRDIhBOtRIuGDbq9r5AP3v9bdOXFtzfkKroEBZfjVrDXbo4r5dv4gXY\">yay\u0131b<\/a>.<\/p>\n\n\n\n<p>Axtar\u0131\u015f Az\u0259rbaycanla \u0259laq\u0259si olan bir ne\u00e7\u0259 amerikal\u0131 i\u015f adam\u0131 il\u0259 ba\u011fl\u0131 apar\u0131lan geni\u015fmiqyasl\u0131 istintaq i\u015fi \u00e7\u0259r\u00e7iv\u0259sind\u0259 h\u0259yata ke\u00e7irilib.<\/p>\n\n\n\n<p>\u015eahidl\u0259rin s\u00f6zl\u0259rin\u0259 g\u00f6r\u0259, federal b\u00fcronun bir ne\u00e7\u0259 n\u00fcmay\u0259nd\u0259si d\u00fcn\u0259n Texas \u015ftat\u0131n\u0131n Laredo \u015f\u0259h\u0259rind\u0259 Kuelyar\u0131n evind\u0259n \u0259\u015fyalar\u0131 g\u00f6t\u00fcr\u0259rk\u0259n g\u00f6r\u00fcl\u00fcb. Bununla yana\u015f\u0131 onun ba\u015f q\u0259rargah\u0131 \u0259traf\u0131nda da h\u0259r\u0259k\u0259tli saatlar ya\u015fan\u0131b.<\/p>\n\n\n\n<p>X\u0259b\u0259rd\u0259 deyilir ki, Va\u015finqtondak\u0131 Federal B\u00fcro m\u0259s\u0259l\u0259 il\u0259 ba\u011fl\u0131 ara\u015fd\u0131rma apar\u0131r, lakin Kuelyar\u0131n b\u00f6y\u00fck m\u00fcnsifl\u0259r hey\u0259tinin ara\u015fd\u0131rma h\u0259d\u0259find\u0259 olub-olmad\u0131\u011f\u0131 m\u0259lum deyil.<\/p>\n\n\n\n<p>Kuelyar\u0131n k\u00f6m\u0259k\u00e7isi konqresmenin ist\u0259nil\u0259n ara\u015fd\u0131rma apar\u0131lmas\u0131 \u00fc\u00e7\u00fcn&nbsp; \u0259m\u0259kda\u015fl\u0131\u011fa haz\u0131r oldu\u011fu bar\u0259d\u0259 b\u0259yanat yay\u0131b.<\/p>\n\n\n\n<p>\u201cO, \u0259dal\u0259tin v\u0259 qanunun aliliyini t\u0259min edilm\u0259sini \u00f6z \u00fcz\u0259rin\u0259 g\u00f6t\u00fcr\u00fcr\u201d, \u2013 dey\u0259 b\u0259yanatda qeyd edilib.<\/p>\n\n\n\n<p>FTB s\u00f6z\u00e7\u00fcs\u00fc Roseanne Hughes d\u0259 \u00e7\u0259r\u015f\u0259nb\u0259 g\u00fcn\u00fc verdiyi a\u00e7\u0131qlamada Kuelyar\u0131n evind\u0259 v\u0259 ya q\u0259rargah\u0131nda ara\u015fd\u0131rma aparmaq \u00fc\u00e7\u00fcn m\u0259hk\u0259m\u0259 t\u0259r\u0259find\u0259n icaz\u0259 verildiyini bildirib. FTB s\u00f6z\u00e7\u00fcs\u00fc \u0259trafl\u0131 m\u0259lumat ver\u0259 bilm\u0259y\u0259c\u0259yini d\u0259 deyib.<\/p>\n\n\n\n<p>FTB v\u0259 \u018fdliyy\u0259 Departamentinin s\u00f6z\u00e7\u00fcl\u0259ri bu m\u0259s\u0259l\u0259 il\u0259 ba\u011fl\u0131 \u015f\u0259rh verm\u0259kd\u0259n imtina edibl\u0259r.<\/p>\n\n\n\n<p>66 ya\u015fl\u0131 ke\u00e7mi\u015f h\u00fcquq\u015f\u00fcnas Kuelyar 2005-ci ild\u0259n b\u0259ri Konqresd\u0259dir. O, g\u00f6mr\u00fck brokeri v\u0259 Texas \u015ftat\u0131n\u0131n d\u00f6vl\u0259t katibidir. Kuelyar eyni zamanda konqresin Az\u0259rbaycan \u00fczr\u0259 \u0130\u015f\u00e7i Qrupunun h\u0259ms\u0259dridir.<\/p>\n\n\n\n<p>\u00d6t\u0259n il Kuelyar s\u0259rh\u0259dl\u0259 ba\u011fl\u0131 y\u00fcr\u00fctd\u00fcy\u00fc siyas\u0259t\u0259 g\u00f6r\u0259 Bayden administrasiyas\u0131n\u0131 tez-tez t\u0259nqid edib.<\/p>\n","protected":false},"excerpt":{"rendered":"<p>Kuelyar ist\u0259nil\u0259n ara\u015fd\u0131rma \u00fc\u00e7\u00fcn \u0259m\u0259kda\u015fl\u0131\u011fa haz\u0131r oldu\u011funu bildirib Amerikan\u0131n Federal &#8230; <\/p>\n<p class=\"read-more-container\"><a title=\"FTB Az\u0259rbaycanla ba\u011fl\u0131 m\u0259s\u0259l\u0259y\u0259 g\u00f6r\u0259 konqresmenin evind\u0259 axtar\u0131\u015f apar\u0131b\" class=\"read-more button\" href=\"https:\/\/www.meydan.tv\/az\/article\/ftb-azerbaycanla-bagli-meseleye-gore-konqresmenin-evinde-axtaris-aparib\/#more-232360\" aria-label=\"Read more about FTB Az\u0259rbaycanla ba\u011fl\u0131 m\u0259s\u0259l\u0259y\u0259 g\u00f6r\u0259 konqresmenin evind\u0259 axtar\u0131\u015f apar\u0131b\">Davam\u0131<\/a><\/p>\n","protected":false},"author":12,"featured_media":232361,"comment_status":"closed","ping_status":"closed","sticky":false,"template":"","format":"standard","meta":{"_acf_changed":false,"_sitemap_exclude":false,"_sitemap_priority":"","_sitemap_frequency":"","footnotes":""},"categories":[79],"tags":[],"class_list":["post-232360","post","type-post","status-publish","format-standard","has-post-thumbnail","hentry","category-featured","infinite-scroll-item","generate-columns","tablet-grid-50","mobile-grid-100","grid-parent","grid-33","no-featured-image-padding"],"acf":[],"yoast_head":"<!-- This site is optimized with the Yoast SEO plugin v27.4 - https:\/\/yoast.com\/product\/yoast-seo-wordpress\/ -->\n<title>FTB Az\u0259rbaycanla ba\u011fl\u0131 m\u0259s\u0259l\u0259y\u0259 g\u00f6r\u0259 konqresmenin evind\u0259 axtar\u0131\u015f apar\u0131b - MEYDAN.TV<\/title>\n<meta name=\"robots\" content=\"index, follow, max-snippet:-1, max-image-preview:large, max-video-preview:-1\" \/>\n<link rel=\"canonical\" href=\"https:\/\/www.meydan.tv\/az\/article\/ftb-azerbaycanla-bagli-meseleye-gore-konqresmenin-evinde-axtaris-aparib\/\" \/>\n<meta property=\"og:locale\" content=\"az_AZ\" \/>\n<meta property=\"og:type\" content=\"article\" \/>\n<meta property=\"og:title\" content=\"FTB Az\u0259rbaycanla ba\u011fl\u0131 m\u0259s\u0259l\u0259y\u0259 g\u00f6r\u0259 konqresmenin evind\u0259 axtar\u0131\u015f apar\u0131b - MEYDAN.TV\" \/>\n<meta property=\"og:description\" content=\"Kuelyar ist\u0259nil\u0259n ara\u015fd\u0131rma \u00fc\u00e7\u00fcn \u0259m\u0259kda\u015fl\u0131\u011fa haz\u0131r oldu\u011funu bildirib Amerikan\u0131n Federal ... Davam\u0131\" \/>\n<meta property=\"og:url\" content=\"https:\/\/www.meydan.tv\/az\/article\/ftb-azerbaycanla-bagli-meseleye-gore-konqresmenin-evinde-axtaris-aparib\/\" \/>\n<meta property=\"og:site_name\" content=\"MEYDAN.TV\" \/>\n<meta property=\"article:published_time\" content=\"2022-01-21T11:54:58+00:00\" \/>\n<meta property=\"article:modified_time\" content=\"2022-01-21T11:55:00+00:00\" \/>\n<meta property=\"og:image\" content=\"https:\/\/www.meydan.tv\/wp-content\/uploads\/screenshot-2022-01-21-at-12.53.33.png\" \/>\n\t<meta property=\"og:image:width\" content=\"1266\" \/>\n\t<meta property=\"og:image:height\" content=\"694\" \/>\n\t<meta property=\"og:image:type\" content=\"image\/png\" \/>\n<meta name=\"author\" content=\"aleks\" \/>\n<meta name=\"twitter:card\" content=\"summary_large_image\" \/>\n<script type=\"application\/ld+json\" class=\"yoast-schema-graph\">{\"@context\":\"https:\\\/\\\/schema.org\",\"@graph\":[{\"@type\":\"Article\",\"@id\":\"https:\\\/\\\/www.meydan.tv\\\/az\\\/article\\\/ftb-azerbaycanla-bagli-meseleye-gore-konqresmenin-evinde-axtaris-aparib\\\/#article\",\"isPartOf\":{\"@id\":\"https:\\\/\\\/www.meydan.tv\\\/az\\\/article\\\/ftb-azerbaycanla-bagli-meseleye-gore-konqresmenin-evinde-axtaris-aparib\\\/\"},\"author\":{\"name\":\"aleks\",\"@id\":\"https:\\\/\\\/www.meydan.tv\\\/az\\\/#\\\/schema\\\/person\\\/476e9360e593fa131d5d71d51866f8da\"},\"headline\":\"FTB Az\u0259rbaycanla ba\u011fl\u0131 m\u0259s\u0259l\u0259y\u0259 g\u00f6r\u0259 konqresmenin evind\u0259 axtar\u0131\u015f apar\u0131b\",\"datePublished\":\"2022-01-21T11:54:58+00:00\",\"dateModified\":\"2022-01-21T11:55:00+00:00\",\"mainEntityOfPage\":{\"@id\":\"https:\\\/\\\/www.meydan.tv\\\/az\\\/article\\\/ftb-azerbaycanla-bagli-meseleye-gore-konqresmenin-evinde-axtaris-aparib\\\/\"},\"wordCount\":391,\"publisher\":{\"@id\":\"https:\\\/\\\/www.meydan.tv\\\/az\\\/#organization\"},\"image\":{\"@id\":\"https:\\\/\\\/www.meydan.tv\\\/az\\\/article\\\/ftb-azerbaycanla-bagli-meseleye-gore-konqresmenin-evinde-axtaris-aparib\\\/#primaryimage\"},\"thumbnailUrl\":\"https:\\\/\\\/www.meydan.tv\\\/wp-content\\\/uploads\\\/screenshot-2022-01-21-at-12.53.33.png\",\"articleSection\":[\"T\u00f6vsiy\u0259\"],\"inLanguage\":\"az\"},{\"@type\":\"WebPage\",\"@id\":\"https:\\\/\\\/www.meydan.tv\\\/az\\\/article\\\/ftb-azerbaycanla-bagli-meseleye-gore-konqresmenin-evinde-axtaris-aparib\\\/\",\"url\":\"https:\\\/\\\/www.meydan.tv\\\/az\\\/article\\\/ftb-azerbaycanla-bagli-meseleye-gore-konqresmenin-evinde-axtaris-aparib\\\/\",\"name\":\"FTB Az\u0259rbaycanla ba\u011fl\u0131 m\u0259s\u0259l\u0259y\u0259 g\u00f6r\u0259 konqresmenin evind\u0259 axtar\u0131\u015f apar\u0131b - MEYDAN.TV\",\"isPartOf\":{\"@id\":\"https:\\\/\\\/www.meydan.tv\\\/az\\\/#website\"},\"primaryImageOfPage\":{\"@id\":\"https:\\\/\\\/www.meydan.tv\\\/az\\\/article\\\/ftb-azerbaycanla-bagli-meseleye-gore-konqresmenin-evinde-axtaris-aparib\\\/#primaryimage\"},\"image\":{\"@id\":\"https:\\\/\\\/www.meydan.tv\\\/az\\\/article\\\/ftb-azerbaycanla-bagli-meseleye-gore-konqresmenin-evinde-axtaris-aparib\\\/#primaryimage\"},\"thumbnailUrl\":\"https:\\\/\\\/www.meydan.tv\\\/wp-content\\\/uploads\\\/screenshot-2022-01-21-at-12.53.33.png\",\"datePublished\":\"2022-01-21T11:54:58+00:00\",\"dateModified\":\"2022-01-21T11:55:00+00:00\",\"breadcrumb\":{\"@id\":\"https:\\\/\\\/www.meydan.tv\\\/az\\\/article\\\/ftb-azerbaycanla-bagli-meseleye-gore-konqresmenin-evinde-axtaris-aparib\\\/#breadcrumb\"},\"inLanguage\":\"az\",\"potentialAction\":[{\"@type\":\"ReadAction\",\"target\":[\"https:\\\/\\\/www.meydan.tv\\\/az\\\/article\\\/ftb-azerbaycanla-bagli-meseleye-gore-konqresmenin-evinde-axtaris-aparib\\\/\"]}]},{\"@type\":\"ImageObject\",\"inLanguage\":\"az\",\"@id\":\"https:\\\/\\\/www.meydan.tv\\\/az\\\/article\\\/ftb-azerbaycanla-bagli-meseleye-gore-konqresmenin-evinde-axtaris-aparib\\\/#primaryimage\",\"url\":\"https:\\\/\\\/www.meydan.tv\\\/wp-content\\\/uploads\\\/screenshot-2022-01-21-at-12.53.33.png\",\"contentUrl\":\"https:\\\/\\\/www.meydan.tv\\\/wp-content\\\/uploads\\\/screenshot-2022-01-21-at-12.53.33.png\",\"width\":1266,\"height\":694,\"caption\":\"Elin S\u00fcleymanov v\u0259 Henri Kuelyar, foto: Screenshot video\"},{\"@type\":\"BreadcrumbList\",\"@id\":\"https:\\\/\\\/www.meydan.tv\\\/az\\\/article\\\/ftb-azerbaycanla-bagli-meseleye-gore-konqresmenin-evinde-axtaris-aparib\\\/#breadcrumb\",\"itemListElement\":[{\"@type\":\"ListItem\",\"position\":1,\"name\":\"Ana s\u0259hif\u0259\",\"item\":\"https:\\\/\\\/www.meydan.tv\\\/az\\\/\"},{\"@type\":\"ListItem\",\"position\":2,\"name\":\"T\u00f6vsiy\u0259\",\"item\":\"https:\\\/\\\/www.meydan.tv\\\/az\\\/section\\\/featured\\\/\"},{\"@type\":\"ListItem\",\"position\":3,\"name\":\"FTB Az\u0259rbaycanla ba\u011fl\u0131 m\u0259s\u0259l\u0259y\u0259 g\u00f6r\u0259 konqresmenin evind\u0259 axtar\u0131\u015f apar\u0131b\"}]},{\"@type\":\"WebSite\",\"@id\":\"https:\\\/\\\/www.meydan.tv\\\/az\\\/#website\",\"url\":\"https:\\\/\\\/www.meydan.tv\\\/az\\\/\",\"name\":\"MEYDAN.TV\",\"description\":\"Meydan TV Az\u0259rbaycan\u0131n media m\u0259kan\u0131ndak\u0131 alternativ s\u0259sidir\",\"publisher\":{\"@id\":\"https:\\\/\\\/www.meydan.tv\\\/az\\\/#organization\"},\"potentialAction\":[{\"@type\":\"SearchAction\",\"target\":{\"@type\":\"EntryPoint\",\"urlTemplate\":\"https:\\\/\\\/www.meydan.tv\\\/az\\\/?s={search_term_string}\"},\"query-input\":{\"@type\":\"PropertyValueSpecification\",\"valueRequired\":true,\"valueName\":\"search_term_string\"}}],\"inLanguage\":\"az\"},{\"@type\":\"Organization\",\"@id\":\"https:\\\/\\\/www.meydan.tv\\\/az\\\/#organization\",\"name\":\"Meydan TV\",\"url\":\"https:\\\/\\\/www.meydan.tv\\\/az\\\/\",\"logo\":{\"@type\":\"ImageObject\",\"inLanguage\":\"az\",\"@id\":\"https:\\\/\\\/www.meydan.tv\\\/az\\\/#\\\/schema\\\/logo\\\/image\\\/\",\"url\":\"https:\\\/\\\/www.meydan.tv\\\/wp-content\\\/uploads\\\/2021\\\/07\\\/meydan-logo.svg\",\"contentUrl\":\"https:\\\/\\\/www.meydan.tv\\\/wp-content\\\/uploads\\\/2021\\\/07\\\/meydan-logo.svg\",\"width\":195,\"height\":46,\"caption\":\"Meydan TV\"},\"image\":{\"@id\":\"https:\\\/\\\/www.meydan.tv\\\/az\\\/#\\\/schema\\\/logo\\\/image\\\/\"}},{\"@type\":\"Person\",\"@id\":\"https:\\\/\\\/www.meydan.tv\\\/az\\\/#\\\/schema\\\/person\\\/476e9360e593fa131d5d71d51866f8da\",\"name\":\"aleks\"}]}<\/script>\n<!-- \/ Yoast SEO plugin. -->","yoast_head_json":{"title":"FTB Az\u0259rbaycanla ba\u011fl\u0131 m\u0259s\u0259l\u0259y\u0259 g\u00f6r\u0259 konqresmenin evind\u0259 axtar\u0131\u015f apar\u0131b - MEYDAN.TV","robots":{"index":"index","follow":"follow","max-snippet":"max-snippet:-1","max-image-preview":"max-image-preview:large","max-video-preview":"max-video-preview:-1"},"canonical":"https:\/\/www.meydan.tv\/az\/article\/ftb-azerbaycanla-bagli-meseleye-gore-konqresmenin-evinde-axtaris-aparib\/","og_locale":"az_AZ","og_type":"article","og_title":"FTB Az\u0259rbaycanla ba\u011fl\u0131 m\u0259s\u0259l\u0259y\u0259 g\u00f6r\u0259 konqresmenin evind\u0259 axtar\u0131\u015f apar\u0131b - MEYDAN.TV","og_description":"Kuelyar ist\u0259nil\u0259n ara\u015fd\u0131rma \u00fc\u00e7\u00fcn \u0259m\u0259kda\u015fl\u0131\u011fa haz\u0131r oldu\u011funu bildirib Amerikan\u0131n Federal ... Davam\u0131","og_url":"https:\/\/www.meydan.tv\/az\/article\/ftb-azerbaycanla-bagli-meseleye-gore-konqresmenin-evinde-axtaris-aparib\/","og_site_name":"MEYDAN.TV","article_published_time":"2022-01-21T11:54:58+00:00","article_modified_time":"2022-01-21T11:55:00+00:00","og_image":[{"width":1266,"height":694,"url":"https:\/\/www.meydan.tv\/wp-content\/uploads\/screenshot-2022-01-21-at-12.53.33.png","type":"image\/png"}],"author":"aleks","twitter_card":"summary_large_image","schema":{"@context":"https:\/\/schema.org","@graph":[{"@type":"Article","@id":"https:\/\/www.meydan.tv\/az\/article\/ftb-azerbaycanla-bagli-meseleye-gore-konqresmenin-evinde-axtaris-aparib\/#article","isPartOf":{"@id":"https:\/\/www.meydan.tv\/az\/article\/ftb-azerbaycanla-bagli-meseleye-gore-konqresmenin-evinde-axtaris-aparib\/"},"author":{"name":"aleks","@id":"https:\/\/www.meydan.tv\/az\/#\/schema\/person\/476e9360e593fa131d5d71d51866f8da"},"headline":"FTB Az\u0259rbaycanla ba\u011fl\u0131 m\u0259s\u0259l\u0259y\u0259 g\u00f6r\u0259 konqresmenin evind\u0259 axtar\u0131\u015f apar\u0131b","datePublished":"2022-01-21T11:54:58+00:00","dateModified":"2022-01-21T11:55:00+00:00","mainEntityOfPage":{"@id":"https:\/\/www.meydan.tv\/az\/article\/ftb-azerbaycanla-bagli-meseleye-gore-konqresmenin-evinde-axtaris-aparib\/"},"wordCount":391,"publisher":{"@id":"https:\/\/www.meydan.tv\/az\/#organization"},"image":{"@id":"https:\/\/www.meydan.tv\/az\/article\/ftb-azerbaycanla-bagli-meseleye-gore-konqresmenin-evinde-axtaris-aparib\/#primaryimage"},"thumbnailUrl":"https:\/\/www.meydan.tv\/wp-content\/uploads\/screenshot-2022-01-21-at-12.53.33.png","articleSection":["T\u00f6vsiy\u0259"],"inLanguage":"az"},{"@type":"WebPage","@id":"https:\/\/www.meydan.tv\/az\/article\/ftb-azerbaycanla-bagli-meseleye-gore-konqresmenin-evinde-axtaris-aparib\/","url":"https:\/\/www.meydan.tv\/az\/article\/ftb-azerbaycanla-bagli-meseleye-gore-konqresmenin-evinde-axtaris-aparib\/","name":"FTB Az\u0259rbaycanla ba\u011fl\u0131 m\u0259s\u0259l\u0259y\u0259 g\u00f6r\u0259 konqresmenin evind\u0259 axtar\u0131\u015f apar\u0131b - MEYDAN.TV","isPartOf":{"@id":"https:\/\/www.meydan.tv\/az\/#website"},"primaryImageOfPage":{"@id":"https:\/\/www.meydan.tv\/az\/article\/ftb-azerbaycanla-bagli-meseleye-gore-konqresmenin-evinde-axtaris-aparib\/#primaryimage"},"image":{"@id":"https:\/\/www.meydan.tv\/az\/article\/ftb-azerbaycanla-bagli-meseleye-gore-konqresmenin-evinde-axtaris-aparib\/#primaryimage"},"thumbnailUrl":"https:\/\/www.meydan.tv\/wp-content\/uploads\/screenshot-2022-01-21-at-12.53.33.png","datePublished":"2022-01-21T11:54:58+00:00","dateModified":"2022-01-21T11:55:00+00:00","breadcrumb":{"@id":"https:\/\/www.meydan.tv\/az\/article\/ftb-azerbaycanla-bagli-meseleye-gore-konqresmenin-evinde-axtaris-aparib\/#breadcrumb"},"inLanguage":"az","potentialAction":[{"@type":"ReadAction","target":["https:\/\/www.meydan.tv\/az\/article\/ftb-azerbaycanla-bagli-meseleye-gore-konqresmenin-evinde-axtaris-aparib\/"]}]},{"@type":"ImageObject","inLanguage":"az","@id":"https:\/\/www.meydan.tv\/az\/article\/ftb-azerbaycanla-bagli-meseleye-gore-konqresmenin-evinde-axtaris-aparib\/#primaryimage","url":"https:\/\/www.meydan.tv\/wp-content\/uploads\/screenshot-2022-01-21-at-12.53.33.png","contentUrl":"https:\/\/www.meydan.tv\/wp-content\/uploads\/screenshot-2022-01-21-at-12.53.33.png","width":1266,"height":694,"caption":"Elin S\u00fcleymanov v\u0259 Henri Kuelyar, foto: Screenshot video"},{"@type":"BreadcrumbList","@id":"https:\/\/www.meydan.tv\/az\/article\/ftb-azerbaycanla-bagli-meseleye-gore-konqresmenin-evinde-axtaris-aparib\/#breadcrumb","itemListElement":[{"@type":"ListItem","position":1,"name":"Ana s\u0259hif\u0259","item":"https:\/\/www.meydan.tv\/az\/"},{"@type":"ListItem","position":2,"name":"T\u00f6vsiy\u0259","item":"https:\/\/www.meydan.tv\/az\/section\/featured\/"},{"@type":"ListItem","position":3,"name":"FTB Az\u0259rbaycanla ba\u011fl\u0131 m\u0259s\u0259l\u0259y\u0259 g\u00f6r\u0259 konqresmenin evind\u0259 axtar\u0131\u015f apar\u0131b"}]},{"@type":"WebSite","@id":"https:\/\/www.meydan.tv\/az\/#website","url":"https:\/\/www.meydan.tv\/az\/","name":"MEYDAN.TV","description":"Meydan TV Az\u0259rbaycan\u0131n media m\u0259kan\u0131ndak\u0131 alternativ s\u0259sidir","publisher":{"@id":"https:\/\/www.meydan.tv\/az\/#organization"},"potentialAction":[{"@type":"SearchAction","target":{"@type":"EntryPoint","urlTemplate":"https:\/\/www.meydan.tv\/az\/?s={search_term_string}"},"query-input":{"@type":"PropertyValueSpecification","valueRequired":true,"valueName":"search_term_string"}}],"inLanguage":"az"},{"@type":"Organization","@id":"https:\/\/www.meydan.tv\/az\/#organization","name":"Meydan TV","url":"https:\/\/www.meydan.tv\/az\/","logo":{"@type":"ImageObject","inLanguage":"az","@id":"https:\/\/www.meydan.tv\/az\/#\/schema\/logo\/image\/","url":"https:\/\/www.meydan.tv\/wp-content\/uploads\/2021\/07\/meydan-logo.svg","contentUrl":"https:\/\/www.meydan.tv\/wp-content\/uploads\/2021\/07\/meydan-logo.svg","width":195,"height":46,"caption":"Meydan TV"},"image":{"@id":"https:\/\/www.meydan.tv\/az\/#\/schema\/logo\/image\/"}},{"@type":"Person","@id":"https:\/\/www.meydan.tv\/az\/#\/schema\/person\/476e9360e593fa131d5d71d51866f8da","name":"aleks"}]}},"_links":{"self":[{"href":"https:\/\/www.meydan.tv\/az\/wp-json\/wp\/v2\/posts\/232360","targetHints":{"allow":["GET"]}}],"collection":[{"href":"https:\/\/www.meydan.tv\/az\/wp-json\/wp\/v2\/posts"}],"about":[{"href":"https:\/\/www.meydan.tv\/az\/wp-json\/wp\/v2\/types\/post"}],"author":[{"embeddable":true,"href":"https:\/\/www.meydan.tv\/az\/wp-json\/wp\/v2\/users\/12"}],"replies":[{"embeddable":true,"href":"https:\/\/www.meydan.tv\/az\/wp-json\/wp\/v2\/comments?post=232360"}],"version-history":[{"count":1,"href":"https:\/\/www.meydan.tv\/az\/wp-json\/wp\/v2\/posts\/232360\/revisions"}],"predecessor-version":[{"id":232364,"href":"https:\/\/www.meydan.tv\/az\/wp-json\/wp\/v2\/posts\/232360\/revisions\/232364"}],"wp:featuredmedia":[{"embeddable":true,"href":"https:\/\/www.meydan.tv\/az\/wp-json\/wp\/v2\/media\/232361"}],"wp:attachment":[{"href":"https:\/\/www.meydan.tv\/az\/wp-json\/wp\/v2\/media?parent=232360"}],"wp:term":[{"taxonomy":"category","embeddable":true,"href":"https:\/\/www.meydan.tv\/az\/wp-json\/wp\/v2\/categories?post=232360"},{"taxonomy":"post_tag","embeddable":true,"href":"https:\/\/www.meydan.tv\/az\/wp-json\/wp\/v2\/tags?post=232360"}],"curies":[{"name":"wp","href":"https:\/\/api.w.org\/{rel}","templated":true}]}}