{"id":232279,"date":"2022-01-20T12:52:14","date_gmt":"2022-01-20T08:52:14","guid":{"rendered":"https:\/\/www.meydan.tv\/?p=232279"},"modified":"2022-01-20T12:52:17","modified_gmt":"2022-01-20T08:52:17","slug":"azerbaycanda-matem-gunu-qeyd-olunur","status":"publish","type":"post","link":"https:\/\/www.meydan.tv\/az\/article\/azerbaycanda-matem-gunu-qeyd-olunur\/","title":{"rendered":"Az\u0259rbaycanda mat\u0259m g\u00fcn\u00fc qeyd olunur"},"content":{"rendered":"\n<p><em>20 Yanvar hadis\u0259l\u0259rind\u0259 134 n\u0259f\u0259r h\u0259lak olub<\/em><br><\/p>\n\n\n\n<p>Yanvar\u0131n 20-si Az\u0259rbaycanda mat\u0259m g\u00fcn\u00fc kimi qeyd olunur.<br><\/p>\n\n\n\n<p>32 il \u0259vv\u0259l, 1990-c\u0131 il yanvar\u0131n 19-dan 20-n\u0259 ke\u00e7\u0259n gec\u0259 SSR\u0130 h\u0259rbi q\u00fcvv\u0259l\u0259rinin Bak\u0131da dinc \u0259halini at\u0259\u015f\u0259 tutmas\u0131 n\u0259tic\u0259sind\u0259 134 n\u0259f\u0259r h\u0259lak olub.<br><\/p>\n\n\n\n<p>R\u0259smi m\u0259lumatlara \u0259sas\u0259n, SSR\u0130 r\u0259hb\u0259rliyinin <a href=\"https:\/\/iz.ru\/news\/575877\" target=\"_blank\" rel=\"noreferrer noopener\">g\u00f6st\u0259ri\u015fi<\/a> il\u0259 Bak\u0131ya 35 minlik ordu korpusu yeridilib. M\u0259qs\u0259d Az\u0259rbaycandak\u0131 kommunist rejimini xilas etm\u0259k v\u0259 milli-azadl\u0131q h\u0259r\u0259kat\u0131n\u0131 bo\u011fmaq idi.<br><\/p>\n\n\n\n<p>SSR\u0130 M\u00fcdafi\u0259 Nazirliyi, D\u0130N v\u0259 DTK t\u0259r\u0259find\u0259n haz\u0131rlanan \u0259m\u0259liyyat &#8220;Z\u0259rb\u0259&#8221; adlan\u0131rd\u0131. M\u0259lumatlara g\u00f6r\u0259, \u0259m\u0259liyyatda \u0259sas rolu &#8220;ALFA&#8221; x\u00fcsusi t\u0259yinatl\u0131 qrup v\u0259 SSR\u0130 DTK-n\u0131n t\u0259xribat qruplar\u0131 oynay\u0131b.<br><\/p>\n\n\n\n<p>Qo\u015funlar\u0131n Bak\u0131ya yeridilm\u0259si \u00fc\u00e7\u00fcn \u0259sas b\u0259han\u0259l\u0259rd\u0259n biri yanvar\u0131n 13-15-d\u0259 ba\u015f vermi\u015f erm\u0259ni qiyamlar\u0131 olmu\u015fdu. Lakin qo\u015funlar g\u0259l\u0259n\u0259 kimi bu qiyamlar dayand\u0131r\u0131lm\u0131\u015fd\u0131. N\u0259tic\u0259d\u0259 134 m\u00fclki \u015f\u0259xs \u00f6ld\u00fcr\u00fcld\u00fc, 700-d\u0259n \u00e7ox adam yaraland\u0131. Daha 13 n\u0259f\u0259r Neft\u00e7ala v\u0259 C\u0259lilabadda h\u0259lak <a href=\"https:\/\/turan.az\/ext\/news\/2022\/1\/free\/politics_news\/az\/560.htm\" target=\"_blank\" rel=\"noreferrer noopener\">olub<\/a>.<br><\/p>\n\n\n\n<p>Bundan \u0259vv\u0259l is\u0259 &#8211; yanvar\u0131n 26-da SSR\u0130 qo\u015funlar\u0131n\u0131n h\u00fccumu n\u0259tic\u0259sind\u0259 L\u0259nk\u0259ran Xalq C\u0259bh\u0259sinin (LXC) \u00fc\u00e7 \u00fczv\u00fc h\u0259lak olub, daha iki n\u0259f\u0259r is\u0259 s\u00fcrd\u00fckl\u0259ri motisikletd\u0259 odlu silahla q\u0259tl\u0259 yetirilib.<br>Aksiyalardan sonra LXC-nin 37 \u00fczv\u00fc h\u0259bs olunaraq helikopter vasit\u0259si il\u0259 Bak\u0131ya, oradan da Rusiyan\u0131n Ulyanovsk h\u0259bsxanas\u0131na apar\u0131l\u0131b. H\u0259min 37 n\u0259f\u0259r\u0259 a\u011f\u0131r i\u015fg\u0259nc\u0259l\u0259r verilib.<br>Onlardan Tariyel adl\u0131 c\u0259bh\u0259\u00e7i helikopterd\u0259 bo\u011fularaq \u00f6l\u00fcb, dig\u0259r 36 n\u0259f\u0259r is\u0259 t\u0259qrib\u0259n bir aydan sonra L\u0259nk\u0259rana qaytar\u0131l\u0131b.<br><\/p>\n\n\n\n<p>20 Yanvar faci\u0259sin\u0259 g\u00f6r\u0259 ke\u00e7mi\u015f SSR\u0130 v\u0259 Az\u0259rbaycan SSR-nin r\u0259hb\u0259rliyind\u0259n he\u00e7 kim m\u0259suliyy\u0259t\u0259 c\u0259lb olunmay\u0131b.<br><\/p>\n\n\n\n<p>1992-ci il yanvar\u0131n 14-d\u0259 Az\u0259rbaycan Ba\u015f Prokurorlu\u011fu ozamank\u0131 Cinay\u0259t M\u0259c\u0259ll\u0259sinin bir ne\u00e7\u0259 madd\u0259si \u00fczr\u0259 cinay\u0259t i\u015fi qald\u0131r\u0131b: 94 (a\u011f\u0131rla\u015fd\u0131r\u0131c\u0131 \u015f\u0259raitd\u0259 q\u0259sd\u0259n adam \u00f6ld\u00fcrm\u0259), 149 (\u0259mlak\u0131n q\u0259sd\u0259n m\u0259hv edilm\u0259si), 168 (hakimiyy\u0259t v\u0259 v\u0259zif\u0259 s\u0259lahiyy\u0259tini a\u015fma), 255 (hakimiyy\u0259td\u0259n istifad\u0259 etm\u0259 v\u0259 a\u015fma).<br><\/p>\n\n\n\n<p>Heyd\u0259r \u018fliyevin hakimiyy\u0259ti d\u00f6vr\u00fcnd\u0259 Az\u0259rbaycan parlamenti d\u0259 yanvar hadis\u0259l\u0259rin\u0259 siyasi-h\u00fcquqi qiym\u0259t verib. Buna g\u00f6r\u0259 m\u0259suliyy\u0259t Mixail Qorba\u00e7ov da daxil olmaqla, SSR\u0130-nin ke\u00e7mi\u015f r\u0259hb\u0259rl\u0259rinin, h\u0259m\u00e7inin Az\u0259rbaycan KP MK-n\u0131n birinci katibi \u018fbd\u00fcrr\u0259hman V\u0259zirovun, Nazirl\u0259r Sovetinin s\u0259dri Ayaz M\u00fct\u0259llibovun \u00fcz\u0259rin\u0259 d\u00fc\u015f\u00fcb.<br><\/p>\n\n\n\n<p>Ancaq Yevgeni Primakovun ad\u0131 faci\u0259 g\u00fcnahkarlar\u0131n\u0131n siyah\u0131s\u0131ndan \u00e7\u0131xar\u0131l\u0131b.<\/p>\n","protected":false},"excerpt":{"rendered":"<p>20 Yanvar hadis\u0259l\u0259rind\u0259 134 n\u0259f\u0259r h\u0259lak olub Yanvar\u0131n 20-si Az\u0259rbaycanda &#8230; <\/p>\n<p class=\"read-more-container\"><a title=\"Az\u0259rbaycanda mat\u0259m g\u00fcn\u00fc qeyd olunur\" class=\"read-more button\" href=\"https:\/\/www.meydan.tv\/az\/article\/azerbaycanda-matem-gunu-qeyd-olunur\/#more-232279\" aria-label=\"Read more about Az\u0259rbaycanda mat\u0259m g\u00fcn\u00fc qeyd olunur\">Davam\u0131<\/a><\/p>\n","protected":false},"author":8,"featured_media":232276,"comment_status":"closed","ping_status":"closed","sticky":false,"template":"","format":"standard","meta":{"_acf_changed":false,"_sitemap_exclude":false,"_sitemap_priority":"","_sitemap_frequency":"","footnotes":""},"categories":[59,79,56],"tags":[],"class_list":["post-232279","post","type-post","status-publish","format-standard","has-post-thumbnail","hentry","category-siyaset","category-featured","category-xeberler","infinite-scroll-item","generate-columns","tablet-grid-50","mobile-grid-100","grid-parent","grid-33","no-featured-image-padding"],"acf":[],"yoast_head":"<!-- This site is optimized with the Yoast SEO plugin v27.4 - https:\/\/yoast.com\/product\/yoast-seo-wordpress\/ -->\n<title>Az\u0259rbaycanda mat\u0259m g\u00fcn\u00fc qeyd olunur - MEYDAN.TV<\/title>\n<meta name=\"robots\" content=\"index, follow, max-snippet:-1, max-image-preview:large, max-video-preview:-1\" \/>\n<link rel=\"canonical\" href=\"https:\/\/www.meydan.tv\/az\/article\/azerbaycanda-matem-gunu-qeyd-olunur\/\" \/>\n<meta property=\"og:locale\" content=\"az_AZ\" \/>\n<meta property=\"og:type\" content=\"article\" \/>\n<meta property=\"og:title\" content=\"Az\u0259rbaycanda mat\u0259m g\u00fcn\u00fc qeyd olunur - MEYDAN.TV\" \/>\n<meta property=\"og:description\" content=\"20 Yanvar hadis\u0259l\u0259rind\u0259 134 n\u0259f\u0259r h\u0259lak olub Yanvar\u0131n 20-si Az\u0259rbaycanda ... Davam\u0131\" \/>\n<meta property=\"og:url\" content=\"https:\/\/www.meydan.tv\/az\/article\/azerbaycanda-matem-gunu-qeyd-olunur\/\" \/>\n<meta property=\"og:site_name\" content=\"MEYDAN.TV\" \/>\n<meta property=\"article:published_time\" content=\"2022-01-20T08:52:14+00:00\" \/>\n<meta property=\"article:modified_time\" content=\"2022-01-20T08:52:17+00:00\" \/>\n<meta property=\"og:image\" content=\"https:\/\/www.meydan.tv\/wp-content\/uploads\/w_1616426619531837139869_1000x669.jpg\" \/>\n\t<meta property=\"og:image:width\" content=\"1000\" \/>\n\t<meta property=\"og:image:height\" content=\"665\" \/>\n\t<meta property=\"og:image:type\" content=\"image\/jpeg\" \/>\n<meta name=\"author\" content=\"elli\" \/>\n<meta name=\"twitter:card\" content=\"summary_large_image\" \/>\n<meta name=\"twitter:creator\" content=\"@elli\" \/>\n<script type=\"application\/ld+json\" class=\"yoast-schema-graph\">{\"@context\":\"https:\\\/\\\/schema.org\",\"@graph\":[{\"@type\":\"Article\",\"@id\":\"https:\\\/\\\/www.meydan.tv\\\/az\\\/article\\\/azerbaycanda-matem-gunu-qeyd-olunur\\\/#article\",\"isPartOf\":{\"@id\":\"https:\\\/\\\/www.meydan.tv\\\/az\\\/article\\\/azerbaycanda-matem-gunu-qeyd-olunur\\\/\"},\"author\":{\"name\":\"elli\",\"@id\":\"https:\\\/\\\/www.meydan.tv\\\/az\\\/#\\\/schema\\\/person\\\/9cdbecf90d17180ce1dfbd95b08dcf47\"},\"headline\":\"Az\u0259rbaycanda mat\u0259m g\u00fcn\u00fc qeyd olunur\",\"datePublished\":\"2022-01-20T08:52:14+00:00\",\"dateModified\":\"2022-01-20T08:52:17+00:00\",\"mainEntityOfPage\":{\"@id\":\"https:\\\/\\\/www.meydan.tv\\\/az\\\/article\\\/azerbaycanda-matem-gunu-qeyd-olunur\\\/\"},\"wordCount\":502,\"publisher\":{\"@id\":\"https:\\\/\\\/www.meydan.tv\\\/az\\\/#organization\"},\"image\":{\"@id\":\"https:\\\/\\\/www.meydan.tv\\\/az\\\/article\\\/azerbaycanda-matem-gunu-qeyd-olunur\\\/#primaryimage\"},\"thumbnailUrl\":\"https:\\\/\\\/www.meydan.tv\\\/wp-content\\\/uploads\\\/w_1616426619531837139869_1000x669.jpg\",\"articleSection\":[\"Siyas\u0259t\",\"T\u00f6vsiy\u0259\",\"X\u0259b\u0259rl\u0259r\"],\"inLanguage\":\"az\"},{\"@type\":\"WebPage\",\"@id\":\"https:\\\/\\\/www.meydan.tv\\\/az\\\/article\\\/azerbaycanda-matem-gunu-qeyd-olunur\\\/\",\"url\":\"https:\\\/\\\/www.meydan.tv\\\/az\\\/article\\\/azerbaycanda-matem-gunu-qeyd-olunur\\\/\",\"name\":\"Az\u0259rbaycanda mat\u0259m g\u00fcn\u00fc qeyd olunur - MEYDAN.TV\",\"isPartOf\":{\"@id\":\"https:\\\/\\\/www.meydan.tv\\\/az\\\/#website\"},\"primaryImageOfPage\":{\"@id\":\"https:\\\/\\\/www.meydan.tv\\\/az\\\/article\\\/azerbaycanda-matem-gunu-qeyd-olunur\\\/#primaryimage\"},\"image\":{\"@id\":\"https:\\\/\\\/www.meydan.tv\\\/az\\\/article\\\/azerbaycanda-matem-gunu-qeyd-olunur\\\/#primaryimage\"},\"thumbnailUrl\":\"https:\\\/\\\/www.meydan.tv\\\/wp-content\\\/uploads\\\/w_1616426619531837139869_1000x669.jpg\",\"datePublished\":\"2022-01-20T08:52:14+00:00\",\"dateModified\":\"2022-01-20T08:52:17+00:00\",\"breadcrumb\":{\"@id\":\"https:\\\/\\\/www.meydan.tv\\\/az\\\/article\\\/azerbaycanda-matem-gunu-qeyd-olunur\\\/#breadcrumb\"},\"inLanguage\":\"az\",\"potentialAction\":[{\"@type\":\"ReadAction\",\"target\":[\"https:\\\/\\\/www.meydan.tv\\\/az\\\/article\\\/azerbaycanda-matem-gunu-qeyd-olunur\\\/\"]}]},{\"@type\":\"ImageObject\",\"inLanguage\":\"az\",\"@id\":\"https:\\\/\\\/www.meydan.tv\\\/az\\\/article\\\/azerbaycanda-matem-gunu-qeyd-olunur\\\/#primaryimage\",\"url\":\"https:\\\/\\\/www.meydan.tv\\\/wp-content\\\/uploads\\\/w_1616426619531837139869_1000x669.jpg\",\"contentUrl\":\"https:\\\/\\\/www.meydan.tv\\\/wp-content\\\/uploads\\\/w_1616426619531837139869_1000x669.jpg\",\"width\":1000,\"height\":665,\"caption\":\"Foto: Az\u0259rtac\"},{\"@type\":\"BreadcrumbList\",\"@id\":\"https:\\\/\\\/www.meydan.tv\\\/az\\\/article\\\/azerbaycanda-matem-gunu-qeyd-olunur\\\/#breadcrumb\",\"itemListElement\":[{\"@type\":\"ListItem\",\"position\":1,\"name\":\"Ana s\u0259hif\u0259\",\"item\":\"https:\\\/\\\/www.meydan.tv\\\/az\\\/\"},{\"@type\":\"ListItem\",\"position\":2,\"name\":\"Siyas\u0259t\",\"item\":\"https:\\\/\\\/www.meydan.tv\\\/az\\\/section\\\/siyaset\\\/\"},{\"@type\":\"ListItem\",\"position\":3,\"name\":\"Az\u0259rbaycanda mat\u0259m g\u00fcn\u00fc qeyd olunur\"}]},{\"@type\":\"WebSite\",\"@id\":\"https:\\\/\\\/www.meydan.tv\\\/az\\\/#website\",\"url\":\"https:\\\/\\\/www.meydan.tv\\\/az\\\/\",\"name\":\"MEYDAN.TV\",\"description\":\"Meydan TV Az\u0259rbaycan\u0131n media m\u0259kan\u0131ndak\u0131 alternativ s\u0259sidir\",\"publisher\":{\"@id\":\"https:\\\/\\\/www.meydan.tv\\\/az\\\/#organization\"},\"potentialAction\":[{\"@type\":\"SearchAction\",\"target\":{\"@type\":\"EntryPoint\",\"urlTemplate\":\"https:\\\/\\\/www.meydan.tv\\\/az\\\/?s={search_term_string}\"},\"query-input\":{\"@type\":\"PropertyValueSpecification\",\"valueRequired\":true,\"valueName\":\"search_term_string\"}}],\"inLanguage\":\"az\"},{\"@type\":\"Organization\",\"@id\":\"https:\\\/\\\/www.meydan.tv\\\/az\\\/#organization\",\"name\":\"Meydan TV\",\"url\":\"https:\\\/\\\/www.meydan.tv\\\/az\\\/\",\"logo\":{\"@type\":\"ImageObject\",\"inLanguage\":\"az\",\"@id\":\"https:\\\/\\\/www.meydan.tv\\\/az\\\/#\\\/schema\\\/logo\\\/image\\\/\",\"url\":\"https:\\\/\\\/www.meydan.tv\\\/wp-content\\\/uploads\\\/2021\\\/07\\\/meydan-logo.svg\",\"contentUrl\":\"https:\\\/\\\/www.meydan.tv\\\/wp-content\\\/uploads\\\/2021\\\/07\\\/meydan-logo.svg\",\"width\":195,\"height\":46,\"caption\":\"Meydan TV\"},\"image\":{\"@id\":\"https:\\\/\\\/www.meydan.tv\\\/az\\\/#\\\/schema\\\/logo\\\/image\\\/\"}},{\"@type\":\"Person\",\"@id\":\"https:\\\/\\\/www.meydan.tv\\\/az\\\/#\\\/schema\\\/person\\\/9cdbecf90d17180ce1dfbd95b08dcf47\",\"name\":\"elli\",\"sameAs\":[\"https:\\\/\\\/x.com\\\/elli\"]}]}<\/script>\n<!-- \/ Yoast SEO plugin. -->","yoast_head_json":{"title":"Az\u0259rbaycanda mat\u0259m g\u00fcn\u00fc qeyd olunur - MEYDAN.TV","robots":{"index":"index","follow":"follow","max-snippet":"max-snippet:-1","max-image-preview":"max-image-preview:large","max-video-preview":"max-video-preview:-1"},"canonical":"https:\/\/www.meydan.tv\/az\/article\/azerbaycanda-matem-gunu-qeyd-olunur\/","og_locale":"az_AZ","og_type":"article","og_title":"Az\u0259rbaycanda mat\u0259m g\u00fcn\u00fc qeyd olunur - MEYDAN.TV","og_description":"20 Yanvar hadis\u0259l\u0259rind\u0259 134 n\u0259f\u0259r h\u0259lak olub Yanvar\u0131n 20-si Az\u0259rbaycanda ... Davam\u0131","og_url":"https:\/\/www.meydan.tv\/az\/article\/azerbaycanda-matem-gunu-qeyd-olunur\/","og_site_name":"MEYDAN.TV","article_published_time":"2022-01-20T08:52:14+00:00","article_modified_time":"2022-01-20T08:52:17+00:00","og_image":[{"width":1000,"height":665,"url":"https:\/\/www.meydan.tv\/wp-content\/uploads\/w_1616426619531837139869_1000x669.jpg","type":"image\/jpeg"}],"author":"elli","twitter_card":"summary_large_image","twitter_creator":"@elli","schema":{"@context":"https:\/\/schema.org","@graph":[{"@type":"Article","@id":"https:\/\/www.meydan.tv\/az\/article\/azerbaycanda-matem-gunu-qeyd-olunur\/#article","isPartOf":{"@id":"https:\/\/www.meydan.tv\/az\/article\/azerbaycanda-matem-gunu-qeyd-olunur\/"},"author":{"name":"elli","@id":"https:\/\/www.meydan.tv\/az\/#\/schema\/person\/9cdbecf90d17180ce1dfbd95b08dcf47"},"headline":"Az\u0259rbaycanda mat\u0259m g\u00fcn\u00fc qeyd olunur","datePublished":"2022-01-20T08:52:14+00:00","dateModified":"2022-01-20T08:52:17+00:00","mainEntityOfPage":{"@id":"https:\/\/www.meydan.tv\/az\/article\/azerbaycanda-matem-gunu-qeyd-olunur\/"},"wordCount":502,"publisher":{"@id":"https:\/\/www.meydan.tv\/az\/#organization"},"image":{"@id":"https:\/\/www.meydan.tv\/az\/article\/azerbaycanda-matem-gunu-qeyd-olunur\/#primaryimage"},"thumbnailUrl":"https:\/\/www.meydan.tv\/wp-content\/uploads\/w_1616426619531837139869_1000x669.jpg","articleSection":["Siyas\u0259t","T\u00f6vsiy\u0259","X\u0259b\u0259rl\u0259r"],"inLanguage":"az"},{"@type":"WebPage","@id":"https:\/\/www.meydan.tv\/az\/article\/azerbaycanda-matem-gunu-qeyd-olunur\/","url":"https:\/\/www.meydan.tv\/az\/article\/azerbaycanda-matem-gunu-qeyd-olunur\/","name":"Az\u0259rbaycanda mat\u0259m g\u00fcn\u00fc qeyd olunur - MEYDAN.TV","isPartOf":{"@id":"https:\/\/www.meydan.tv\/az\/#website"},"primaryImageOfPage":{"@id":"https:\/\/www.meydan.tv\/az\/article\/azerbaycanda-matem-gunu-qeyd-olunur\/#primaryimage"},"image":{"@id":"https:\/\/www.meydan.tv\/az\/article\/azerbaycanda-matem-gunu-qeyd-olunur\/#primaryimage"},"thumbnailUrl":"https:\/\/www.meydan.tv\/wp-content\/uploads\/w_1616426619531837139869_1000x669.jpg","datePublished":"2022-01-20T08:52:14+00:00","dateModified":"2022-01-20T08:52:17+00:00","breadcrumb":{"@id":"https:\/\/www.meydan.tv\/az\/article\/azerbaycanda-matem-gunu-qeyd-olunur\/#breadcrumb"},"inLanguage":"az","potentialAction":[{"@type":"ReadAction","target":["https:\/\/www.meydan.tv\/az\/article\/azerbaycanda-matem-gunu-qeyd-olunur\/"]}]},{"@type":"ImageObject","inLanguage":"az","@id":"https:\/\/www.meydan.tv\/az\/article\/azerbaycanda-matem-gunu-qeyd-olunur\/#primaryimage","url":"https:\/\/www.meydan.tv\/wp-content\/uploads\/w_1616426619531837139869_1000x669.jpg","contentUrl":"https:\/\/www.meydan.tv\/wp-content\/uploads\/w_1616426619531837139869_1000x669.jpg","width":1000,"height":665,"caption":"Foto: Az\u0259rtac"},{"@type":"BreadcrumbList","@id":"https:\/\/www.meydan.tv\/az\/article\/azerbaycanda-matem-gunu-qeyd-olunur\/#breadcrumb","itemListElement":[{"@type":"ListItem","position":1,"name":"Ana s\u0259hif\u0259","item":"https:\/\/www.meydan.tv\/az\/"},{"@type":"ListItem","position":2,"name":"Siyas\u0259t","item":"https:\/\/www.meydan.tv\/az\/section\/siyaset\/"},{"@type":"ListItem","position":3,"name":"Az\u0259rbaycanda mat\u0259m g\u00fcn\u00fc qeyd olunur"}]},{"@type":"WebSite","@id":"https:\/\/www.meydan.tv\/az\/#website","url":"https:\/\/www.meydan.tv\/az\/","name":"MEYDAN.TV","description":"Meydan TV Az\u0259rbaycan\u0131n media m\u0259kan\u0131ndak\u0131 alternativ s\u0259sidir","publisher":{"@id":"https:\/\/www.meydan.tv\/az\/#organization"},"potentialAction":[{"@type":"SearchAction","target":{"@type":"EntryPoint","urlTemplate":"https:\/\/www.meydan.tv\/az\/?s={search_term_string}"},"query-input":{"@type":"PropertyValueSpecification","valueRequired":true,"valueName":"search_term_string"}}],"inLanguage":"az"},{"@type":"Organization","@id":"https:\/\/www.meydan.tv\/az\/#organization","name":"Meydan TV","url":"https:\/\/www.meydan.tv\/az\/","logo":{"@type":"ImageObject","inLanguage":"az","@id":"https:\/\/www.meydan.tv\/az\/#\/schema\/logo\/image\/","url":"https:\/\/www.meydan.tv\/wp-content\/uploads\/2021\/07\/meydan-logo.svg","contentUrl":"https:\/\/www.meydan.tv\/wp-content\/uploads\/2021\/07\/meydan-logo.svg","width":195,"height":46,"caption":"Meydan TV"},"image":{"@id":"https:\/\/www.meydan.tv\/az\/#\/schema\/logo\/image\/"}},{"@type":"Person","@id":"https:\/\/www.meydan.tv\/az\/#\/schema\/person\/9cdbecf90d17180ce1dfbd95b08dcf47","name":"elli","sameAs":["https:\/\/x.com\/elli"]}]}},"_links":{"self":[{"href":"https:\/\/www.meydan.tv\/az\/wp-json\/wp\/v2\/posts\/232279","targetHints":{"allow":["GET"]}}],"collection":[{"href":"https:\/\/www.meydan.tv\/az\/wp-json\/wp\/v2\/posts"}],"about":[{"href":"https:\/\/www.meydan.tv\/az\/wp-json\/wp\/v2\/types\/post"}],"author":[{"embeddable":true,"href":"https:\/\/www.meydan.tv\/az\/wp-json\/wp\/v2\/users\/8"}],"replies":[{"embeddable":true,"href":"https:\/\/www.meydan.tv\/az\/wp-json\/wp\/v2\/comments?post=232279"}],"version-history":[{"count":2,"href":"https:\/\/www.meydan.tv\/az\/wp-json\/wp\/v2\/posts\/232279\/revisions"}],"predecessor-version":[{"id":232281,"href":"https:\/\/www.meydan.tv\/az\/wp-json\/wp\/v2\/posts\/232279\/revisions\/232281"}],"wp:featuredmedia":[{"embeddable":true,"href":"https:\/\/www.meydan.tv\/az\/wp-json\/wp\/v2\/media\/232276"}],"wp:attachment":[{"href":"https:\/\/www.meydan.tv\/az\/wp-json\/wp\/v2\/media?parent=232279"}],"wp:term":[{"taxonomy":"category","embeddable":true,"href":"https:\/\/www.meydan.tv\/az\/wp-json\/wp\/v2\/categories?post=232279"},{"taxonomy":"post_tag","embeddable":true,"href":"https:\/\/www.meydan.tv\/az\/wp-json\/wp\/v2\/tags?post=232279"}],"curies":[{"name":"wp","href":"https:\/\/api.w.org\/{rel}","templated":true}]}}