{"id":232208,"date":"2022-01-19T14:08:14","date_gmt":"2022-01-19T10:08:14","guid":{"rendered":"https:\/\/www.meydan.tv\/?p=232208"},"modified":"2022-01-19T14:08:15","modified_gmt":"2022-01-19T10:08:15","slug":"deputat-kabab-medeniyyetinden-kitab-medeniyyetine-kecid-ede-bilmedik","status":"publish","type":"post","link":"https:\/\/www.meydan.tv\/az\/article\/deputat-kabab-medeniyyetinden-kitab-medeniyyetine-kecid-ede-bilmedik\/","title":{"rendered":"Deputat: &#8220;Kabab m\u0259d\u0259niyy\u0259tind\u0259n kitab m\u0259d\u0259niyy\u0259tin\u0259 ke\u00e7id ed\u0259 bilm\u0259dik&#8221;"},"content":{"rendered":"\n<p><em>&#8220;Kitaba m\u00fcnasib\u0259t, n\u0259\u015friyyata veril\u0259n d\u0259y\u0259r d\u0259yi\u015fm\u0259lidir&#8221;<\/em><\/p>\n\n\n\n<p>\u201cBiz kabab m\u0259d\u0259niyy\u0259tind\u0259n kitab m\u0259d\u0259niyy\u0259tin\u0259 ke\u00e7id ed\u0259 bilm\u0259dik. Bu g\u00fcn orta az\u0259rbaycanl\u0131 restoranda x\u0259rcl\u0259diyi pulu kitaba verm\u0259k ist\u0259mir. \u018fvv\u0259ll\u0259r evl\u0259rd\u0259 he\u00e7 olmasa prestij \u00fc\u00e7\u00fcn kitabxana g\u00f6r\u00fcnt\u00fcs\u00fc olurdu. \u0130ndi ham\u0131 \u015fkafa kitab \u0259v\u0259zin\u0259 bo\u015fqab d\u00fcz\u00fcb\u201d.<\/p>\n\n\n\n<p>Bunu Meydan TV-y\u0259 Milli M\u0259clisin M\u0259d\u0259niyy\u0259t Komit\u0259sinin s\u0259dr m\u00fcavini, deputat Fazil Mustafa \u201cQanun\u201d n\u0259\u015friyyat\u0131n\u0131n r\u0259hb\u0259ri \u015eahbaz Xuduo\u011flunun \u201cKitab niy\u0259 sat\u0131lm\u0131r dey\u0259nl\u0259r\u0259\u201d fikrin\u0259 m\u00fcnasib\u0259t bildir\u0259rk\u0259n deyib.<\/p>\n\n\n\n<p>\u015eahbaz Xuduo\u011flu &#8220;Facebook&#8221; payla\u015f\u0131m\u0131nda qeyd edib ki, \u00f6lk\u0259d\u0259 ciddi \u0259d\u0259biyyat, Az\u0259rbaycan tarixi il\u0259 ba\u011fl\u0131 kitablar <a href=\"https:\/\/www.facebook.com\/shahbaz.xuduoglu\" target=\"_blank\" rel=\"noreferrer noopener\">sat\u0131lm\u0131r<\/a>:  <\/p>\n\n\n\n<p>&#8220;\u0130ki il \u00f6nc\u0259 Mikay\u0131l M\u00fc\u015ffiq v\u0259 C\u0259f\u0259r Cabbarl\u0131n\u0131n b\u00fct\u00fcn \u0259s\u0259rl\u0259rini \u00e7ap etdik. Bu iki il \u0259rzind\u0259 kitablar\u0131n h\u0259r\u0259sind\u0259n 84 v\u0259 60 \u0259d\u0259d sat\u0131\u015f oldu. 2003-c\u00fc ild\u0259 \u018fkb\u0259r N\u0259c\u0259fin S\u0259lcuqlar v\u0259 Atab\u0259yl\u0259r tarixind\u0259n b\u0259hs ed\u0259n fundamental bir \u0259s\u0259rini 300 \u0259d\u0259d n\u0259\u015fr etdik. \u00c7ox hiss\u0259sini h\u0259diyy\u0259 etdim, \u00e7\u00fcnki alan olmad\u0131. M\u0259mm\u0259d \u018fmin R\u0259sulzad\u0259nin \u0259s\u0259rl\u0259rini b\u00f6y\u00fck m\u0259mnuniyy\u0259tl\u0259 n\u0259\u015fr\u0259 davam edir\u0259m. N\u0259siman Yaqublunun M\u0259mm\u0259d \u018fmin R\u0259sulzad\u0259, Nuru pa\u015fadan haz\u0131rlad\u0131\u011f\u0131 kitablar\u0131n\u0131 n\u0259\u015fr edir\u0259m, ilboyu 5-10 kitab sat\u0131r\u0131q. Bu il &#8220;Nizami G\u0259nc\u0259vi ili&#8221;dir, orta hesabla 50 &#8220;X\u0259ms\u0259&#8221; sat\u0131l\u0131b. Ke\u00e7\u0259n il N\u0259simi ili idi, \u201cM\u0259nd\u0259 s\u0131\u011far iki cahan\u201d kitab\u0131 36 \u0259d\u0259d sat\u0131l\u0131b\u201d.<\/p>\n\n\n\n<figure class=\"wp-block-image size-large\"><img decoding=\"async\" data-src=\"https:\/\/www.meydan.tv\/wp-content\/uploads\/sahbaz-xuduoglu-1200x631.jpg\" alt=\"\u015eahbaz Xuduo\u011flu\" class=\"wp-image-132798 lazyload\" src=\"data:image\/svg+xml;base64,PHN2ZyB3aWR0aD0iMSIgaGVpZ2h0PSIxIiB4bWxucz0iaHR0cDovL3d3dy53My5vcmcvMjAwMC9zdmciPjwvc3ZnPg==\" style=\"--smush-placeholder-width: 1200px; --smush-placeholder-aspect-ratio: 1200\/631;\" \/><figcaption>Foto: Meydan TV<\/figcaption><\/figure>\n\n\n\n<p>Az\u0259rbaycanda \u0259halinin kitab oxumaq davran\u0131\u015f\u0131 il\u0259 ba\u011fl\u0131 1067 respondent aras\u0131nda sor\u011fu <a href=\"https:\/\/stm.az\/az\/news\/775\/azerbaycanda-ehalinin-kitab-oxuma-davranisi-stm-sorgu-kecirdi\" target=\"_blank\" rel=\"noreferrer noopener\">ke\u00e7irilib<\/a>.<\/p>\n\n\n\n<p>Onlardan 536 n\u0259f\u0259r kitab oxumad\u0131\u011f\u0131n\u0131 deyib. Kitab oxumayan respondentl\u0259rin ya\u015f h\u0259ddi 26-45 ya\u015fda olanlar (49%) \u00fcst\u00fcnl\u00fck t\u0259\u015fkil edib.<\/p>\n\n\n\n<p>Kitab oxumayanlar aras\u0131nda ayl\u0131q g\u0259lir s\u0259viyy\u0259si 0-250 manat olanlar t\u0259xmin\u0259n 50%, orta t\u0259hsillil\u0259r is\u0259 64% \u00e7\u0259kiy\u0259 malikdir.<\/p>\n\n\n\n<p>Kitab oxumayan 536 respondentin g\u0259tirdiyi ba\u015fl\u0131ca iki s\u0259b\u0259b kimi vaxt\u0131n\u0131n (63.6%) v\u0259 mara\u011f\u0131n\u0131n olmamas\u0131 (29.6%) olub.<\/p>\n\n\n\n<p>Sosial \u015f\u0259b\u0259k\u0259d\u0259n h\u0259r g\u00fcn istifad\u0259 ed\u0259nl\u0259rin 85.5%-i kitab oxumaq \u00fc\u00e7\u00fcn vaxt\u0131n\u0131n olmamas\u0131n\u0131 deyib.<\/p>\n\n\n\n<p>Yeri g\u0259lmi\u015fk\u0259n, \u00f6t\u0259n ilin sonunda ka\u011f\u0131z v\u0259 kitaba qoyulan 18 faiz \u018flav\u0259 D\u0259y\u0259r Vergisi (\u018fDV) l\u0259\u011fv <a href=\"https:\/\/www.meydan.tv\/az\/article\/yasayis-minimumu-14-manat-sosial-yardimin-ehtiyac-meyari-ise-30-manat-artirilir\/\" target=\"_blank\" rel=\"noreferrer noopener\">olunub<\/a>.<\/p>\n\n\n\n<p>Kitablara vergi g\u00fcz\u0259\u015ftinin t\u0259tbiqi \u00f6lk\u0259d\u0259 kitablar\u0131n ucuzla\u015fmas\u0131na v\u0259 oxucu say\u0131n\u0131n artmas\u0131na m\u00fcsb\u0259t t\u0259sir ed\u0259c\u0259yi <a href=\"https:\/\/www.meydan.tv\/az\/article\/nigar-kocerli-edv-nin-legvi-kitablarin-qiymetine-tesir-edecek\/\" target=\"_blank\" rel=\"noreferrer noopener\">g\u00f6zl\u0259nilir<\/a>.<\/p>\n\n\n\n<p>Fazil Mustafa hesab edir ki, Az\u0259rbaycanda tarix, c\u0259miyy\u0259t h\u0259yat\u0131 il\u0259 ba\u011fl\u0131 obyektiv bir tablonu g\u00f6st\u0259r\u0259n \u0259s\u0259rl\u0259rin say\u0131 el\u0259 d\u0259 \u00e7ox deyil: <\/p>\n\n\n\n<p>\u201cTarix\u0259 bax\u0131\u015f anlay\u0131\u015f\u0131 yanl\u0131\u015f oldu\u011funa g\u00f6r\u0259 ham\u0131 tarixi bir xronologiya olaraq t\u0259krarlay\u0131r. Siz fikir verirsinizs\u0259, Az\u0259rbaycanda tarixi roman janr\u0131 \u00e7ox b\u0259rbad v\u0259ziyy\u0259td\u0259dir. \u018fks\u0259riyy\u0259t tarixi-roman janr\u0131na qa\u00e7\u0131r. Amma mahiyy\u0259tc\u0259 n\u0259 tarixi yax\u015f\u0131 bilir, n\u0259 f\u0259ls\u0259f\u0259ni, n\u0259 d\u0259 d\u00f6vr\u00fcn m\u0259d\u0259ni m\u00fchitini. Elmi haz\u0131rl\u0131q olmadan tarix\u0259 bir qa\u00e7\u0131\u015f \u0259n\u0259n\u0259si var. Ona g\u00f6r\u0259 d\u0259 h\u0259min \u0259s\u0259rl\u0259r o q\u0259d\u0259r populyarl\u0131q qazanm\u0131r\u201d.<\/p>\n\n\n\n<p>Deputat Az\u0259rbaycanda m\u00fctali\u0259nin h\u0259mi\u015f\u0259 a\u015fa\u011f\u0131 oldu\u011funu deyir: <\/p>\n\n\n\n<p>\u201cAz\u0259rbaycan c\u0259miyy\u0259tind\u0259 sovet d\u00f6vr\u00fcnd\u0259 d\u0259, indi d\u0259 m\u00fctali\u0259 \u00e7ox a\u015fa\u011f\u0131 olub. M\u00fctali\u0259 Az\u0259rbaycanda &#8211; Bak\u0131da m\u00fc\u0259yy\u0259n d\u0259r\u0259c\u0259d\u0259 r\u0259qab\u0259t m\u00fchiti olanda vard\u0131. G\u00f6r\u00fcrd\u00fcn ki, yan\u0131nda rus, y\u0259hudi, erm\u0259ni m\u00fctali\u0259 edir. Onlardan geri qalmamaq \u00fc\u00e7\u00fcn s\u0259n d\u0259 kitab oxuyurdun. \u0130ndi Bak\u0131da, c\u0259miyy\u0259td\u0259 \u00f6z\u00fcm\u00fcz\u00fck. \u00d6z\u00fcm\u00fcz olanda n\u0259yl\u0259 m\u0259\u015f\u011fuluq? Diqq\u0259ti daha \u00e7ox kababa, yem\u0259y\u0259, ya da g\u00fcnd\u0259lik qay\u011f\u0131lara y\u00f6n\u0259ldirik. Kitaba olan 18 faiz \u0259lav\u0259 d\u0259y\u0259r vergisi l\u0259\u011fv olundu. \u018fDV-nin l\u0259\u011fvi h\u0259m d\u0259 kitab \u00e7ap m\u0259hsullar\u0131n\u0131n ucuzla\u015fmas\u0131 dem\u0259kdir. Tutaq ki, kitab ucuzla\u015fd\u0131. Amma oxuyan yoxdursa, yen\u0259 d\u0259 al\u0131c\u0131 olmayacaq. Kitab m\u0259s\u0259l\u0259si maddi durumla ba\u011fl\u0131 deyil. M\u0259n\u0259vi, yarad\u0131c\u0131 m\u00fchitin olmamas\u0131 il\u0259 \u0259laq\u0259dard\u0131r\u201d.<\/p>\n\n\n\n<p>Fazil Mustafan\u0131n q\u0259na\u0259tin\u0259 g\u00f6r\u0259, kitab oxuma\u011f\u0131 t\u0259lqin etm\u0259k \u00fc\u00e7\u00fcn kitabxanalara ciddi bir ax\u0131n olmal\u0131d\u0131r. O h\u0259m\u00e7inin xarici \u0259s\u0259ril\u0259rin orijinaldan t\u0259rc\u00fcm\u0259sinin vacibliyini vur\u011fulay\u0131r: <\/p>\n\n\n\n<figure class=\"wp-block-image size-full\"><img decoding=\"async\" width=\"1200\" height=\"800\" data-src=\"https:\/\/www.meydan.tv\/wp-content\/uploads\/untitled-design-9-1.png\" alt=\"\" class=\"wp-image-226031 lazyload\" src=\"data:image\/svg+xml;base64,PHN2ZyB3aWR0aD0iMSIgaGVpZ2h0PSIxIiB4bWxucz0iaHR0cDovL3d3dy53My5vcmcvMjAwMC9zdmciPjwvc3ZnPg==\" style=\"--smush-placeholder-width: 1200px; --smush-placeholder-aspect-ratio: 1200\/800;\" \/><figcaption>Foto: Meydan TV<\/figcaption><\/figure>\n\n\n\n<p>&#8220;Kitabxanalarda sovet irsi olan, laz\u0131ms\u0131z ideoloji kitablar \u00e7ox idi. Amma texniki, elmi xarakterli \u0259d\u0259biyyatlar xeyli idi. Kitabxanalar\u0131n b\u00f6y\u00fck \u0259ks\u0259riyy\u0259ti l\u0259\u011fv olundu. H\u0259min kitablar da \u201cKamAz\u201dlarla zibillikl\u0259r\u0259 t\u00f6k\u00fcld\u00fc. Z\u0259nnimc\u0259, riyaziyyata, fizikaya v\u0259 ba\u015fqa sah\u0259l\u0259r\u0259 aid olan o d\u00f6vr\u00fcn irsi m\u00fctl\u0259q fond \u015f\u0259klind\u0259 qorunmal\u0131 idi. Kitaba m\u00fcnasib\u0259t, n\u0259\u015friyyata veril\u0259n d\u0259y\u0259r d\u0259yi\u015fm\u0259lidir. D\u00fczg\u00fcn t\u0259rc\u00fcm\u0259 siyas\u0259ti qurulmal\u0131d\u0131r. Xarici \u0259d\u0259biyyat ruscadan deyil, orijinal\u0131ndan t\u0259rc\u00fcm\u0259 olunmal\u0131d\u0131r. Bunun \u00fc\u00e7\u00fcn d\u0259 t\u0259rc\u00fcm\u0259 \u00fczr\u0259 m\u00fct\u0259x\u0259ssisl\u0259rin yeti\u015fdirilm\u0259si vacibdir&#8221;.<\/p>\n","protected":false},"excerpt":{"rendered":"<p>&#8220;Kitaba m\u00fcnasib\u0259t, n\u0259\u015friyyata veril\u0259n d\u0259y\u0259r d\u0259yi\u015fm\u0259lidir&#8221; \u201cBiz kabab m\u0259d\u0259niyy\u0259tind\u0259n kitab &#8230; <\/p>\n<p class=\"read-more-container\"><a title=\"Deputat: &#8220;Kabab m\u0259d\u0259niyy\u0259tind\u0259n kitab m\u0259d\u0259niyy\u0259tin\u0259 ke\u00e7id ed\u0259 bilm\u0259dik&#8221;\" class=\"read-more button\" href=\"https:\/\/www.meydan.tv\/az\/article\/deputat-kabab-medeniyyetinden-kitab-medeniyyetine-kecid-ede-bilmedik\/#more-232208\" aria-label=\"Read more about Deputat: &#8220;Kabab m\u0259d\u0259niyy\u0259tind\u0259n kitab m\u0259d\u0259niyy\u0259tin\u0259 ke\u00e7id ed\u0259 bilm\u0259dik&#8221;\">Davam\u0131<\/a><\/p>\n","protected":false},"author":8,"featured_media":232205,"comment_status":"closed","ping_status":"closed","sticky":false,"template":"","format":"standard","meta":{"_acf_changed":false,"_sitemap_exclude":false,"_sitemap_priority":"","_sitemap_frequency":"","footnotes":""},"categories":[52,79,56],"tags":[],"class_list":["post-232208","post","type-post","status-publish","format-standard","has-post-thumbnail","hentry","category-medeniyyet","category-featured","category-xeberler","infinite-scroll-item","generate-columns","tablet-grid-50","mobile-grid-100","grid-parent","grid-33","no-featured-image-padding"],"acf":[],"yoast_head":"<!-- This site is optimized with the Yoast SEO plugin v27.4 - https:\/\/yoast.com\/product\/yoast-seo-wordpress\/ -->\n<title>Deputat: &quot;Kabab m\u0259d\u0259niyy\u0259tind\u0259n kitab m\u0259d\u0259niyy\u0259tin\u0259 ke\u00e7id ed\u0259 bilm\u0259dik&quot; - MEYDAN.TV<\/title>\n<meta name=\"robots\" content=\"index, follow, max-snippet:-1, max-image-preview:large, max-video-preview:-1\" \/>\n<link rel=\"canonical\" href=\"https:\/\/www.meydan.tv\/az\/article\/deputat-kabab-medeniyyetinden-kitab-medeniyyetine-kecid-ede-bilmedik\/\" \/>\n<meta property=\"og:locale\" content=\"az_AZ\" \/>\n<meta property=\"og:type\" content=\"article\" \/>\n<meta property=\"og:title\" content=\"Deputat: &quot;Kabab m\u0259d\u0259niyy\u0259tind\u0259n kitab m\u0259d\u0259niyy\u0259tin\u0259 ke\u00e7id ed\u0259 bilm\u0259dik&quot; - MEYDAN.TV\" \/>\n<meta property=\"og:description\" content=\"&#8220;Kitaba m\u00fcnasib\u0259t, n\u0259\u015friyyata veril\u0259n d\u0259y\u0259r d\u0259yi\u015fm\u0259lidir&#8221; \u201cBiz kabab m\u0259d\u0259niyy\u0259tind\u0259n kitab ... Davam\u0131\" \/>\n<meta property=\"og:url\" content=\"https:\/\/www.meydan.tv\/az\/article\/deputat-kabab-medeniyyetinden-kitab-medeniyyetine-kecid-ede-bilmedik\/\" \/>\n<meta property=\"og:site_name\" content=\"MEYDAN.TV\" \/>\n<meta property=\"article:published_time\" content=\"2022-01-19T10:08:14+00:00\" \/>\n<meta property=\"article:modified_time\" content=\"2022-01-19T10:08:15+00:00\" \/>\n<meta property=\"og:image\" content=\"https:\/\/www.meydan.tv\/wp-content\/uploads\/shutterstock_1511837918.jpg\" \/>\n\t<meta property=\"og:image:width\" content=\"1200\" \/>\n\t<meta property=\"og:image:height\" content=\"800\" \/>\n\t<meta property=\"og:image:type\" content=\"image\/jpeg\" \/>\n<meta name=\"author\" content=\"elli\" \/>\n<meta name=\"twitter:card\" content=\"summary_large_image\" \/>\n<meta name=\"twitter:creator\" content=\"@elli\" \/>\n<script type=\"application\/ld+json\" class=\"yoast-schema-graph\">{\"@context\":\"https:\\\/\\\/schema.org\",\"@graph\":[{\"@type\":\"Article\",\"@id\":\"https:\\\/\\\/www.meydan.tv\\\/az\\\/article\\\/deputat-kabab-medeniyyetinden-kitab-medeniyyetine-kecid-ede-bilmedik\\\/#article\",\"isPartOf\":{\"@id\":\"https:\\\/\\\/www.meydan.tv\\\/az\\\/article\\\/deputat-kabab-medeniyyetinden-kitab-medeniyyetine-kecid-ede-bilmedik\\\/\"},\"author\":{\"name\":\"elli\",\"@id\":\"https:\\\/\\\/www.meydan.tv\\\/az\\\/#\\\/schema\\\/person\\\/9cdbecf90d17180ce1dfbd95b08dcf47\"},\"headline\":\"Deputat: &#8220;Kabab m\u0259d\u0259niyy\u0259tind\u0259n kitab m\u0259d\u0259niyy\u0259tin\u0259 ke\u00e7id ed\u0259 bilm\u0259dik&#8221;\",\"datePublished\":\"2022-01-19T10:08:14+00:00\",\"dateModified\":\"2022-01-19T10:08:15+00:00\",\"mainEntityOfPage\":{\"@id\":\"https:\\\/\\\/www.meydan.tv\\\/az\\\/article\\\/deputat-kabab-medeniyyetinden-kitab-medeniyyetine-kecid-ede-bilmedik\\\/\"},\"wordCount\":943,\"publisher\":{\"@id\":\"https:\\\/\\\/www.meydan.tv\\\/az\\\/#organization\"},\"image\":{\"@id\":\"https:\\\/\\\/www.meydan.tv\\\/az\\\/article\\\/deputat-kabab-medeniyyetinden-kitab-medeniyyetine-kecid-ede-bilmedik\\\/#primaryimage\"},\"thumbnailUrl\":\"https:\\\/\\\/www.meydan.tv\\\/wp-content\\\/uploads\\\/shutterstock_1511837918.jpg\",\"articleSection\":[\"M\u0259d\u0259niyy\u0259t\",\"T\u00f6vsiy\u0259\",\"X\u0259b\u0259rl\u0259r\"],\"inLanguage\":\"az\"},{\"@type\":\"WebPage\",\"@id\":\"https:\\\/\\\/www.meydan.tv\\\/az\\\/article\\\/deputat-kabab-medeniyyetinden-kitab-medeniyyetine-kecid-ede-bilmedik\\\/\",\"url\":\"https:\\\/\\\/www.meydan.tv\\\/az\\\/article\\\/deputat-kabab-medeniyyetinden-kitab-medeniyyetine-kecid-ede-bilmedik\\\/\",\"name\":\"Deputat: \\\"Kabab m\u0259d\u0259niyy\u0259tind\u0259n kitab m\u0259d\u0259niyy\u0259tin\u0259 ke\u00e7id ed\u0259 bilm\u0259dik\\\" - MEYDAN.TV\",\"isPartOf\":{\"@id\":\"https:\\\/\\\/www.meydan.tv\\\/az\\\/#website\"},\"primaryImageOfPage\":{\"@id\":\"https:\\\/\\\/www.meydan.tv\\\/az\\\/article\\\/deputat-kabab-medeniyyetinden-kitab-medeniyyetine-kecid-ede-bilmedik\\\/#primaryimage\"},\"image\":{\"@id\":\"https:\\\/\\\/www.meydan.tv\\\/az\\\/article\\\/deputat-kabab-medeniyyetinden-kitab-medeniyyetine-kecid-ede-bilmedik\\\/#primaryimage\"},\"thumbnailUrl\":\"https:\\\/\\\/www.meydan.tv\\\/wp-content\\\/uploads\\\/shutterstock_1511837918.jpg\",\"datePublished\":\"2022-01-19T10:08:14+00:00\",\"dateModified\":\"2022-01-19T10:08:15+00:00\",\"breadcrumb\":{\"@id\":\"https:\\\/\\\/www.meydan.tv\\\/az\\\/article\\\/deputat-kabab-medeniyyetinden-kitab-medeniyyetine-kecid-ede-bilmedik\\\/#breadcrumb\"},\"inLanguage\":\"az\",\"potentialAction\":[{\"@type\":\"ReadAction\",\"target\":[\"https:\\\/\\\/www.meydan.tv\\\/az\\\/article\\\/deputat-kabab-medeniyyetinden-kitab-medeniyyetine-kecid-ede-bilmedik\\\/\"]}]},{\"@type\":\"ImageObject\",\"inLanguage\":\"az\",\"@id\":\"https:\\\/\\\/www.meydan.tv\\\/az\\\/article\\\/deputat-kabab-medeniyyetinden-kitab-medeniyyetine-kecid-ede-bilmedik\\\/#primaryimage\",\"url\":\"https:\\\/\\\/www.meydan.tv\\\/wp-content\\\/uploads\\\/shutterstock_1511837918.jpg\",\"contentUrl\":\"https:\\\/\\\/www.meydan.tv\\\/wp-content\\\/uploads\\\/shutterstock_1511837918.jpg\",\"width\":1200,\"height\":800,\"caption\":\"Kitab, New Africa\\\/shutterstock\"},{\"@type\":\"BreadcrumbList\",\"@id\":\"https:\\\/\\\/www.meydan.tv\\\/az\\\/article\\\/deputat-kabab-medeniyyetinden-kitab-medeniyyetine-kecid-ede-bilmedik\\\/#breadcrumb\",\"itemListElement\":[{\"@type\":\"ListItem\",\"position\":1,\"name\":\"Ana s\u0259hif\u0259\",\"item\":\"https:\\\/\\\/www.meydan.tv\\\/az\\\/\"},{\"@type\":\"ListItem\",\"position\":2,\"name\":\"M\u0259d\u0259niyy\u0259t\",\"item\":\"https:\\\/\\\/www.meydan.tv\\\/az\\\/section\\\/medeniyyet\\\/\"},{\"@type\":\"ListItem\",\"position\":3,\"name\":\"Deputat: &#8220;Kabab m\u0259d\u0259niyy\u0259tind\u0259n kitab m\u0259d\u0259niyy\u0259tin\u0259 ke\u00e7id ed\u0259 bilm\u0259dik&#8221;\"}]},{\"@type\":\"WebSite\",\"@id\":\"https:\\\/\\\/www.meydan.tv\\\/az\\\/#website\",\"url\":\"https:\\\/\\\/www.meydan.tv\\\/az\\\/\",\"name\":\"MEYDAN.TV\",\"description\":\"Meydan TV Az\u0259rbaycan\u0131n media m\u0259kan\u0131ndak\u0131 alternativ s\u0259sidir\",\"publisher\":{\"@id\":\"https:\\\/\\\/www.meydan.tv\\\/az\\\/#organization\"},\"potentialAction\":[{\"@type\":\"SearchAction\",\"target\":{\"@type\":\"EntryPoint\",\"urlTemplate\":\"https:\\\/\\\/www.meydan.tv\\\/az\\\/?s={search_term_string}\"},\"query-input\":{\"@type\":\"PropertyValueSpecification\",\"valueRequired\":true,\"valueName\":\"search_term_string\"}}],\"inLanguage\":\"az\"},{\"@type\":\"Organization\",\"@id\":\"https:\\\/\\\/www.meydan.tv\\\/az\\\/#organization\",\"name\":\"Meydan TV\",\"url\":\"https:\\\/\\\/www.meydan.tv\\\/az\\\/\",\"logo\":{\"@type\":\"ImageObject\",\"inLanguage\":\"az\",\"@id\":\"https:\\\/\\\/www.meydan.tv\\\/az\\\/#\\\/schema\\\/logo\\\/image\\\/\",\"url\":\"https:\\\/\\\/www.meydan.tv\\\/wp-content\\\/uploads\\\/2021\\\/07\\\/meydan-logo.svg\",\"contentUrl\":\"https:\\\/\\\/www.meydan.tv\\\/wp-content\\\/uploads\\\/2021\\\/07\\\/meydan-logo.svg\",\"width\":195,\"height\":46,\"caption\":\"Meydan TV\"},\"image\":{\"@id\":\"https:\\\/\\\/www.meydan.tv\\\/az\\\/#\\\/schema\\\/logo\\\/image\\\/\"}},{\"@type\":\"Person\",\"@id\":\"https:\\\/\\\/www.meydan.tv\\\/az\\\/#\\\/schema\\\/person\\\/9cdbecf90d17180ce1dfbd95b08dcf47\",\"name\":\"elli\",\"sameAs\":[\"https:\\\/\\\/x.com\\\/elli\"]}]}<\/script>\n<!-- \/ Yoast SEO plugin. -->","yoast_head_json":{"title":"Deputat: \"Kabab m\u0259d\u0259niyy\u0259tind\u0259n kitab m\u0259d\u0259niyy\u0259tin\u0259 ke\u00e7id ed\u0259 bilm\u0259dik\" - MEYDAN.TV","robots":{"index":"index","follow":"follow","max-snippet":"max-snippet:-1","max-image-preview":"max-image-preview:large","max-video-preview":"max-video-preview:-1"},"canonical":"https:\/\/www.meydan.tv\/az\/article\/deputat-kabab-medeniyyetinden-kitab-medeniyyetine-kecid-ede-bilmedik\/","og_locale":"az_AZ","og_type":"article","og_title":"Deputat: \"Kabab m\u0259d\u0259niyy\u0259tind\u0259n kitab m\u0259d\u0259niyy\u0259tin\u0259 ke\u00e7id ed\u0259 bilm\u0259dik\" - MEYDAN.TV","og_description":"&#8220;Kitaba m\u00fcnasib\u0259t, n\u0259\u015friyyata veril\u0259n d\u0259y\u0259r d\u0259yi\u015fm\u0259lidir&#8221; \u201cBiz kabab m\u0259d\u0259niyy\u0259tind\u0259n kitab ... Davam\u0131","og_url":"https:\/\/www.meydan.tv\/az\/article\/deputat-kabab-medeniyyetinden-kitab-medeniyyetine-kecid-ede-bilmedik\/","og_site_name":"MEYDAN.TV","article_published_time":"2022-01-19T10:08:14+00:00","article_modified_time":"2022-01-19T10:08:15+00:00","og_image":[{"width":1200,"height":800,"url":"https:\/\/www.meydan.tv\/wp-content\/uploads\/shutterstock_1511837918.jpg","type":"image\/jpeg"}],"author":"elli","twitter_card":"summary_large_image","twitter_creator":"@elli","schema":{"@context":"https:\/\/schema.org","@graph":[{"@type":"Article","@id":"https:\/\/www.meydan.tv\/az\/article\/deputat-kabab-medeniyyetinden-kitab-medeniyyetine-kecid-ede-bilmedik\/#article","isPartOf":{"@id":"https:\/\/www.meydan.tv\/az\/article\/deputat-kabab-medeniyyetinden-kitab-medeniyyetine-kecid-ede-bilmedik\/"},"author":{"name":"elli","@id":"https:\/\/www.meydan.tv\/az\/#\/schema\/person\/9cdbecf90d17180ce1dfbd95b08dcf47"},"headline":"Deputat: &#8220;Kabab m\u0259d\u0259niyy\u0259tind\u0259n kitab m\u0259d\u0259niyy\u0259tin\u0259 ke\u00e7id ed\u0259 bilm\u0259dik&#8221;","datePublished":"2022-01-19T10:08:14+00:00","dateModified":"2022-01-19T10:08:15+00:00","mainEntityOfPage":{"@id":"https:\/\/www.meydan.tv\/az\/article\/deputat-kabab-medeniyyetinden-kitab-medeniyyetine-kecid-ede-bilmedik\/"},"wordCount":943,"publisher":{"@id":"https:\/\/www.meydan.tv\/az\/#organization"},"image":{"@id":"https:\/\/www.meydan.tv\/az\/article\/deputat-kabab-medeniyyetinden-kitab-medeniyyetine-kecid-ede-bilmedik\/#primaryimage"},"thumbnailUrl":"https:\/\/www.meydan.tv\/wp-content\/uploads\/shutterstock_1511837918.jpg","articleSection":["M\u0259d\u0259niyy\u0259t","T\u00f6vsiy\u0259","X\u0259b\u0259rl\u0259r"],"inLanguage":"az"},{"@type":"WebPage","@id":"https:\/\/www.meydan.tv\/az\/article\/deputat-kabab-medeniyyetinden-kitab-medeniyyetine-kecid-ede-bilmedik\/","url":"https:\/\/www.meydan.tv\/az\/article\/deputat-kabab-medeniyyetinden-kitab-medeniyyetine-kecid-ede-bilmedik\/","name":"Deputat: \"Kabab m\u0259d\u0259niyy\u0259tind\u0259n kitab m\u0259d\u0259niyy\u0259tin\u0259 ke\u00e7id ed\u0259 bilm\u0259dik\" - MEYDAN.TV","isPartOf":{"@id":"https:\/\/www.meydan.tv\/az\/#website"},"primaryImageOfPage":{"@id":"https:\/\/www.meydan.tv\/az\/article\/deputat-kabab-medeniyyetinden-kitab-medeniyyetine-kecid-ede-bilmedik\/#primaryimage"},"image":{"@id":"https:\/\/www.meydan.tv\/az\/article\/deputat-kabab-medeniyyetinden-kitab-medeniyyetine-kecid-ede-bilmedik\/#primaryimage"},"thumbnailUrl":"https:\/\/www.meydan.tv\/wp-content\/uploads\/shutterstock_1511837918.jpg","datePublished":"2022-01-19T10:08:14+00:00","dateModified":"2022-01-19T10:08:15+00:00","breadcrumb":{"@id":"https:\/\/www.meydan.tv\/az\/article\/deputat-kabab-medeniyyetinden-kitab-medeniyyetine-kecid-ede-bilmedik\/#breadcrumb"},"inLanguage":"az","potentialAction":[{"@type":"ReadAction","target":["https:\/\/www.meydan.tv\/az\/article\/deputat-kabab-medeniyyetinden-kitab-medeniyyetine-kecid-ede-bilmedik\/"]}]},{"@type":"ImageObject","inLanguage":"az","@id":"https:\/\/www.meydan.tv\/az\/article\/deputat-kabab-medeniyyetinden-kitab-medeniyyetine-kecid-ede-bilmedik\/#primaryimage","url":"https:\/\/www.meydan.tv\/wp-content\/uploads\/shutterstock_1511837918.jpg","contentUrl":"https:\/\/www.meydan.tv\/wp-content\/uploads\/shutterstock_1511837918.jpg","width":1200,"height":800,"caption":"Kitab, New Africa\/shutterstock"},{"@type":"BreadcrumbList","@id":"https:\/\/www.meydan.tv\/az\/article\/deputat-kabab-medeniyyetinden-kitab-medeniyyetine-kecid-ede-bilmedik\/#breadcrumb","itemListElement":[{"@type":"ListItem","position":1,"name":"Ana s\u0259hif\u0259","item":"https:\/\/www.meydan.tv\/az\/"},{"@type":"ListItem","position":2,"name":"M\u0259d\u0259niyy\u0259t","item":"https:\/\/www.meydan.tv\/az\/section\/medeniyyet\/"},{"@type":"ListItem","position":3,"name":"Deputat: &#8220;Kabab m\u0259d\u0259niyy\u0259tind\u0259n kitab m\u0259d\u0259niyy\u0259tin\u0259 ke\u00e7id ed\u0259 bilm\u0259dik&#8221;"}]},{"@type":"WebSite","@id":"https:\/\/www.meydan.tv\/az\/#website","url":"https:\/\/www.meydan.tv\/az\/","name":"MEYDAN.TV","description":"Meydan TV Az\u0259rbaycan\u0131n media m\u0259kan\u0131ndak\u0131 alternativ s\u0259sidir","publisher":{"@id":"https:\/\/www.meydan.tv\/az\/#organization"},"potentialAction":[{"@type":"SearchAction","target":{"@type":"EntryPoint","urlTemplate":"https:\/\/www.meydan.tv\/az\/?s={search_term_string}"},"query-input":{"@type":"PropertyValueSpecification","valueRequired":true,"valueName":"search_term_string"}}],"inLanguage":"az"},{"@type":"Organization","@id":"https:\/\/www.meydan.tv\/az\/#organization","name":"Meydan TV","url":"https:\/\/www.meydan.tv\/az\/","logo":{"@type":"ImageObject","inLanguage":"az","@id":"https:\/\/www.meydan.tv\/az\/#\/schema\/logo\/image\/","url":"https:\/\/www.meydan.tv\/wp-content\/uploads\/2021\/07\/meydan-logo.svg","contentUrl":"https:\/\/www.meydan.tv\/wp-content\/uploads\/2021\/07\/meydan-logo.svg","width":195,"height":46,"caption":"Meydan TV"},"image":{"@id":"https:\/\/www.meydan.tv\/az\/#\/schema\/logo\/image\/"}},{"@type":"Person","@id":"https:\/\/www.meydan.tv\/az\/#\/schema\/person\/9cdbecf90d17180ce1dfbd95b08dcf47","name":"elli","sameAs":["https:\/\/x.com\/elli"]}]}},"_links":{"self":[{"href":"https:\/\/www.meydan.tv\/az\/wp-json\/wp\/v2\/posts\/232208","targetHints":{"allow":["GET"]}}],"collection":[{"href":"https:\/\/www.meydan.tv\/az\/wp-json\/wp\/v2\/posts"}],"about":[{"href":"https:\/\/www.meydan.tv\/az\/wp-json\/wp\/v2\/types\/post"}],"author":[{"embeddable":true,"href":"https:\/\/www.meydan.tv\/az\/wp-json\/wp\/v2\/users\/8"}],"replies":[{"embeddable":true,"href":"https:\/\/www.meydan.tv\/az\/wp-json\/wp\/v2\/comments?post=232208"}],"version-history":[{"count":2,"href":"https:\/\/www.meydan.tv\/az\/wp-json\/wp\/v2\/posts\/232208\/revisions"}],"predecessor-version":[{"id":232214,"href":"https:\/\/www.meydan.tv\/az\/wp-json\/wp\/v2\/posts\/232208\/revisions\/232214"}],"wp:featuredmedia":[{"embeddable":true,"href":"https:\/\/www.meydan.tv\/az\/wp-json\/wp\/v2\/media\/232205"}],"wp:attachment":[{"href":"https:\/\/www.meydan.tv\/az\/wp-json\/wp\/v2\/media?parent=232208"}],"wp:term":[{"taxonomy":"category","embeddable":true,"href":"https:\/\/www.meydan.tv\/az\/wp-json\/wp\/v2\/categories?post=232208"},{"taxonomy":"post_tag","embeddable":true,"href":"https:\/\/www.meydan.tv\/az\/wp-json\/wp\/v2\/tags?post=232208"}],"curies":[{"name":"wp","href":"https:\/\/api.w.org\/{rel}","templated":true}]}}