{"id":232191,"date":"2022-01-19T13:11:39","date_gmt":"2022-01-19T09:11:39","guid":{"rendered":"https:\/\/www.meydan.tv\/?p=232191"},"modified":"2022-01-19T13:11:41","modified_gmt":"2022-01-19T09:11:41","slug":"ilham-eliyev-yeni-sehiyye-naziri-teyin-etdi","status":"publish","type":"post","link":"https:\/\/www.meydan.tv\/az\/article\/ilham-eliyev-yeni-sehiyye-naziri-teyin-etdi\/","title":{"rendered":"\u0130lham \u018fliyev yeni s\u0259hiyy\u0259 naziri t\u0259yin etdi"},"content":{"rendered":"\n<p><em>Teymur Musayev buna q\u0259d\u0259r nazir v\u0259zif\u0259l\u0259sini m\u00fcv\u0259qq\u0259ti icra edirdi<\/em><\/p>\n\n\n\n<p>Teymur Musayev Az\u0259rbaycan\u0131n s\u0259hiyy\u0259 naziri t\u0259yin edilib.<\/p>\n\n\n\n<p>Bu bar\u0259d\u0259 d\u00f6vl\u0259t ba\u015f\u00e7\u0131s\u0131 \u0130lham \u018fliyev yanvar\u0131n 19-da s\u0259r\u0259ncam <a href=\"https:\/\/president.az\/az\/articles\/view\/55278\" target=\"_blank\" rel=\"noreferrer noopener\">imzalay\u0131b<\/a>.<\/p>\n\n\n\n<p>1970-ci ild\u0259 Bak\u0131da do\u011fulan Teymur Musayev 1977-1981-ci ill\u0259rd\u0259 \u018flc\u0259zair Xalq Demokratik Respublikas\u0131nda SSR\u0130-nin Ba\u015f konsullu\u011fun n\u0259zdind\u0259 1 sayl\u0131 orta m\u0259kt\u0259bd\u0259, sonradan 189 sayl\u0131 orta m\u0259kt\u0259bd\u0259 t\u0259hsil al\u0131b.<\/p>\n\n\n\n<p>O, 1987-1993-c\u00fc ill\u0259rd\u0259 Az\u0259rbaycan Tibb \u0130nstitutunda t\u0259hsil al\u0131b.<\/p>\n\n\n\n<p>2003-2004-c\u00fc ill\u0259rd\u0259 Fransan\u0131n \u201cUniversite Strasburg 1\u201d Universitetind\u0259 \u201claparoskopik c\u0259rrahiyy\u0259\u201d ixtisas\u0131 \u00fczr\u0259 diplom kursunun t\u0259l\u0259b\u0259si olub.<\/p>\n\n\n\n<p>T.Musayev 2020-ci ilin apreld\u0259n S\u0259hiyy\u0259 Nazirliyinin S\u0259hiyy\u0259nin t\u0259\u015fkili \u015f\u00f6b\u0259sinin m\u00fcdiri v\u0259zif\u0259sind\u0259 \u00e7al\u0131\u015f\u0131b.<\/p>\n\n\n\n<p>El\u0259 h\u0259min ay nazirin birinci m\u00fcavini t\u0259yin edilib.<\/p>\n\n\n\n<p>Ard\u0131nca d\u00f6vl\u0259t ba\u015f\u00e7\u0131s\u0131n\u0131n dig\u0259r s\u0259r\u0259ncam\u0131 il\u0259 s\u0259hiyy\u0259 nazirinin v\u0259zif\u0259l\u0259rini m\u00fcv\u0259qq\u0259ti icra etm\u0259k s\u0259lahiyy\u0259ti Teymur Musayev\u0259 <a href=\"https:\/\/www.meydan.tv\/az\/article\/oqtay-sireliyev-vezifeden-azad-edildi\/\">verilib<\/a>.<\/p>\n\n\n\n<p>Temur Musayevd\u0259n \u0259vv\u0259l s\u0259hiyy\u0259 naziri v\u0259zif\u0259sind\u0259 Oqtay \u015eir\u0259liyev olub.<\/p>\n","protected":false},"excerpt":{"rendered":"<p>Teymur Musayev buna q\u0259d\u0259r nazir v\u0259zif\u0259l\u0259sini m\u00fcv\u0259qq\u0259ti icra edirdi Teymur &#8230; <\/p>\n<p class=\"read-more-container\"><a title=\"\u0130lham \u018fliyev yeni s\u0259hiyy\u0259 naziri t\u0259yin etdi\" class=\"read-more button\" href=\"https:\/\/www.meydan.tv\/az\/article\/ilham-eliyev-yeni-sehiyye-naziri-teyin-etdi\/#more-232191\" aria-label=\"Read more about \u0130lham \u018fliyev yeni s\u0259hiyy\u0259 naziri t\u0259yin etdi\">Davam\u0131<\/a><\/p>\n","protected":false},"author":8,"featured_media":232188,"comment_status":"closed","ping_status":"closed","sticky":false,"template":"","format":"standard","meta":{"_acf_changed":false,"_sitemap_exclude":false,"_sitemap_priority":"","_sitemap_frequency":"","footnotes":""},"categories":[7],"tags":[],"class_list":["post-232191","post","type-post","status-publish","format-standard","has-post-thumbnail","hentry","category-uncategorized-az","infinite-scroll-item","generate-columns","tablet-grid-50","mobile-grid-100","grid-parent","grid-33","no-featured-image-padding"],"acf":[],"yoast_head":"<!-- This site is optimized with the Yoast SEO plugin v27.4 - https:\/\/yoast.com\/product\/yoast-seo-wordpress\/ -->\n<title>\u0130lham \u018fliyev yeni s\u0259hiyy\u0259 naziri t\u0259yin etdi - MEYDAN.TV<\/title>\n<meta name=\"robots\" content=\"index, follow, max-snippet:-1, max-image-preview:large, max-video-preview:-1\" \/>\n<link rel=\"canonical\" href=\"https:\/\/www.meydan.tv\/az\/article\/ilham-eliyev-yeni-sehiyye-naziri-teyin-etdi\/\" \/>\n<meta property=\"og:locale\" content=\"az_AZ\" \/>\n<meta property=\"og:type\" content=\"article\" \/>\n<meta property=\"og:title\" content=\"\u0130lham \u018fliyev yeni s\u0259hiyy\u0259 naziri t\u0259yin etdi - MEYDAN.TV\" \/>\n<meta property=\"og:description\" content=\"Teymur Musayev buna q\u0259d\u0259r nazir v\u0259zif\u0259l\u0259sini m\u00fcv\u0259qq\u0259ti icra edirdi Teymur ... Davam\u0131\" \/>\n<meta property=\"og:url\" content=\"https:\/\/www.meydan.tv\/az\/article\/ilham-eliyev-yeni-sehiyye-naziri-teyin-etdi\/\" \/>\n<meta property=\"og:site_name\" content=\"MEYDAN.TV\" \/>\n<meta property=\"article:published_time\" content=\"2022-01-19T09:11:39+00:00\" \/>\n<meta property=\"article:modified_time\" content=\"2022-01-19T09:11:41+00:00\" \/>\n<meta property=\"og:image\" content=\"https:\/\/www.meydan.tv\/wp-content\/uploads\/trend_teymur_musayev_281221_2-e1642582657561.jpg\" \/>\n\t<meta property=\"og:image:width\" content=\"1200\" \/>\n\t<meta property=\"og:image:height\" content=\"669\" \/>\n\t<meta property=\"og:image:type\" content=\"image\/jpeg\" \/>\n<meta name=\"author\" content=\"elli\" \/>\n<meta name=\"twitter:card\" content=\"summary_large_image\" \/>\n<meta name=\"twitter:creator\" content=\"@elli\" \/>\n<script type=\"application\/ld+json\" class=\"yoast-schema-graph\">{\"@context\":\"https:\\\/\\\/schema.org\",\"@graph\":[{\"@type\":\"Article\",\"@id\":\"https:\\\/\\\/www.meydan.tv\\\/az\\\/article\\\/ilham-eliyev-yeni-sehiyye-naziri-teyin-etdi\\\/#article\",\"isPartOf\":{\"@id\":\"https:\\\/\\\/www.meydan.tv\\\/az\\\/article\\\/ilham-eliyev-yeni-sehiyye-naziri-teyin-etdi\\\/\"},\"author\":{\"name\":\"elli\",\"@id\":\"https:\\\/\\\/www.meydan.tv\\\/az\\\/#\\\/schema\\\/person\\\/9cdbecf90d17180ce1dfbd95b08dcf47\"},\"headline\":\"\u0130lham \u018fliyev yeni s\u0259hiyy\u0259 naziri t\u0259yin etdi\",\"datePublished\":\"2022-01-19T09:11:39+00:00\",\"dateModified\":\"2022-01-19T09:11:41+00:00\",\"mainEntityOfPage\":{\"@id\":\"https:\\\/\\\/www.meydan.tv\\\/az\\\/article\\\/ilham-eliyev-yeni-sehiyye-naziri-teyin-etdi\\\/\"},\"wordCount\":213,\"publisher\":{\"@id\":\"https:\\\/\\\/www.meydan.tv\\\/az\\\/#organization\"},\"image\":{\"@id\":\"https:\\\/\\\/www.meydan.tv\\\/az\\\/article\\\/ilham-eliyev-yeni-sehiyye-naziri-teyin-etdi\\\/#primaryimage\"},\"thumbnailUrl\":\"https:\\\/\\\/www.meydan.tv\\\/wp-content\\\/uploads\\\/trend_teymur_musayev_281221_2-e1642582657561.jpg\",\"articleSection\":[\"Uncategorized @az\"],\"inLanguage\":\"az\"},{\"@type\":\"WebPage\",\"@id\":\"https:\\\/\\\/www.meydan.tv\\\/az\\\/article\\\/ilham-eliyev-yeni-sehiyye-naziri-teyin-etdi\\\/\",\"url\":\"https:\\\/\\\/www.meydan.tv\\\/az\\\/article\\\/ilham-eliyev-yeni-sehiyye-naziri-teyin-etdi\\\/\",\"name\":\"\u0130lham \u018fliyev yeni s\u0259hiyy\u0259 naziri t\u0259yin etdi - MEYDAN.TV\",\"isPartOf\":{\"@id\":\"https:\\\/\\\/www.meydan.tv\\\/az\\\/#website\"},\"primaryImageOfPage\":{\"@id\":\"https:\\\/\\\/www.meydan.tv\\\/az\\\/article\\\/ilham-eliyev-yeni-sehiyye-naziri-teyin-etdi\\\/#primaryimage\"},\"image\":{\"@id\":\"https:\\\/\\\/www.meydan.tv\\\/az\\\/article\\\/ilham-eliyev-yeni-sehiyye-naziri-teyin-etdi\\\/#primaryimage\"},\"thumbnailUrl\":\"https:\\\/\\\/www.meydan.tv\\\/wp-content\\\/uploads\\\/trend_teymur_musayev_281221_2-e1642582657561.jpg\",\"datePublished\":\"2022-01-19T09:11:39+00:00\",\"dateModified\":\"2022-01-19T09:11:41+00:00\",\"breadcrumb\":{\"@id\":\"https:\\\/\\\/www.meydan.tv\\\/az\\\/article\\\/ilham-eliyev-yeni-sehiyye-naziri-teyin-etdi\\\/#breadcrumb\"},\"inLanguage\":\"az\",\"potentialAction\":[{\"@type\":\"ReadAction\",\"target\":[\"https:\\\/\\\/www.meydan.tv\\\/az\\\/article\\\/ilham-eliyev-yeni-sehiyye-naziri-teyin-etdi\\\/\"]}]},{\"@type\":\"ImageObject\",\"inLanguage\":\"az\",\"@id\":\"https:\\\/\\\/www.meydan.tv\\\/az\\\/article\\\/ilham-eliyev-yeni-sehiyye-naziri-teyin-etdi\\\/#primaryimage\",\"url\":\"https:\\\/\\\/www.meydan.tv\\\/wp-content\\\/uploads\\\/trend_teymur_musayev_281221_2-e1642582657561.jpg\",\"contentUrl\":\"https:\\\/\\\/www.meydan.tv\\\/wp-content\\\/uploads\\\/trend_teymur_musayev_281221_2-e1642582657561.jpg\",\"width\":1200,\"height\":669,\"caption\":\"Teymur Musayev, M\u0259nb\u0259: Trend.az\"},{\"@type\":\"BreadcrumbList\",\"@id\":\"https:\\\/\\\/www.meydan.tv\\\/az\\\/article\\\/ilham-eliyev-yeni-sehiyye-naziri-teyin-etdi\\\/#breadcrumb\",\"itemListElement\":[{\"@type\":\"ListItem\",\"position\":1,\"name\":\"Ana s\u0259hif\u0259\",\"item\":\"https:\\\/\\\/www.meydan.tv\\\/az\\\/\"},{\"@type\":\"ListItem\",\"position\":2,\"name\":\"Uncategorized @az\",\"item\":\"https:\\\/\\\/www.meydan.tv\\\/az\\\/section\\\/uncategorized-az\\\/\"},{\"@type\":\"ListItem\",\"position\":3,\"name\":\"\u0130lham \u018fliyev yeni s\u0259hiyy\u0259 naziri t\u0259yin etdi\"}]},{\"@type\":\"WebSite\",\"@id\":\"https:\\\/\\\/www.meydan.tv\\\/az\\\/#website\",\"url\":\"https:\\\/\\\/www.meydan.tv\\\/az\\\/\",\"name\":\"MEYDAN.TV\",\"description\":\"Meydan TV Az\u0259rbaycan\u0131n media m\u0259kan\u0131ndak\u0131 alternativ s\u0259sidir\",\"publisher\":{\"@id\":\"https:\\\/\\\/www.meydan.tv\\\/az\\\/#organization\"},\"potentialAction\":[{\"@type\":\"SearchAction\",\"target\":{\"@type\":\"EntryPoint\",\"urlTemplate\":\"https:\\\/\\\/www.meydan.tv\\\/az\\\/?s={search_term_string}\"},\"query-input\":{\"@type\":\"PropertyValueSpecification\",\"valueRequired\":true,\"valueName\":\"search_term_string\"}}],\"inLanguage\":\"az\"},{\"@type\":\"Organization\",\"@id\":\"https:\\\/\\\/www.meydan.tv\\\/az\\\/#organization\",\"name\":\"Meydan TV\",\"url\":\"https:\\\/\\\/www.meydan.tv\\\/az\\\/\",\"logo\":{\"@type\":\"ImageObject\",\"inLanguage\":\"az\",\"@id\":\"https:\\\/\\\/www.meydan.tv\\\/az\\\/#\\\/schema\\\/logo\\\/image\\\/\",\"url\":\"https:\\\/\\\/www.meydan.tv\\\/wp-content\\\/uploads\\\/2021\\\/07\\\/meydan-logo.svg\",\"contentUrl\":\"https:\\\/\\\/www.meydan.tv\\\/wp-content\\\/uploads\\\/2021\\\/07\\\/meydan-logo.svg\",\"width\":195,\"height\":46,\"caption\":\"Meydan TV\"},\"image\":{\"@id\":\"https:\\\/\\\/www.meydan.tv\\\/az\\\/#\\\/schema\\\/logo\\\/image\\\/\"}},{\"@type\":\"Person\",\"@id\":\"https:\\\/\\\/www.meydan.tv\\\/az\\\/#\\\/schema\\\/person\\\/9cdbecf90d17180ce1dfbd95b08dcf47\",\"name\":\"elli\",\"sameAs\":[\"https:\\\/\\\/x.com\\\/elli\"]}]}<\/script>\n<!-- \/ Yoast SEO plugin. -->","yoast_head_json":{"title":"\u0130lham \u018fliyev yeni s\u0259hiyy\u0259 naziri t\u0259yin etdi - MEYDAN.TV","robots":{"index":"index","follow":"follow","max-snippet":"max-snippet:-1","max-image-preview":"max-image-preview:large","max-video-preview":"max-video-preview:-1"},"canonical":"https:\/\/www.meydan.tv\/az\/article\/ilham-eliyev-yeni-sehiyye-naziri-teyin-etdi\/","og_locale":"az_AZ","og_type":"article","og_title":"\u0130lham \u018fliyev yeni s\u0259hiyy\u0259 naziri t\u0259yin etdi - MEYDAN.TV","og_description":"Teymur Musayev buna q\u0259d\u0259r nazir v\u0259zif\u0259l\u0259sini m\u00fcv\u0259qq\u0259ti icra edirdi Teymur ... Davam\u0131","og_url":"https:\/\/www.meydan.tv\/az\/article\/ilham-eliyev-yeni-sehiyye-naziri-teyin-etdi\/","og_site_name":"MEYDAN.TV","article_published_time":"2022-01-19T09:11:39+00:00","article_modified_time":"2022-01-19T09:11:41+00:00","og_image":[{"width":1200,"height":669,"url":"https:\/\/www.meydan.tv\/wp-content\/uploads\/trend_teymur_musayev_281221_2-e1642582657561.jpg","type":"image\/jpeg"}],"author":"elli","twitter_card":"summary_large_image","twitter_creator":"@elli","schema":{"@context":"https:\/\/schema.org","@graph":[{"@type":"Article","@id":"https:\/\/www.meydan.tv\/az\/article\/ilham-eliyev-yeni-sehiyye-naziri-teyin-etdi\/#article","isPartOf":{"@id":"https:\/\/www.meydan.tv\/az\/article\/ilham-eliyev-yeni-sehiyye-naziri-teyin-etdi\/"},"author":{"name":"elli","@id":"https:\/\/www.meydan.tv\/az\/#\/schema\/person\/9cdbecf90d17180ce1dfbd95b08dcf47"},"headline":"\u0130lham \u018fliyev yeni s\u0259hiyy\u0259 naziri t\u0259yin etdi","datePublished":"2022-01-19T09:11:39+00:00","dateModified":"2022-01-19T09:11:41+00:00","mainEntityOfPage":{"@id":"https:\/\/www.meydan.tv\/az\/article\/ilham-eliyev-yeni-sehiyye-naziri-teyin-etdi\/"},"wordCount":213,"publisher":{"@id":"https:\/\/www.meydan.tv\/az\/#organization"},"image":{"@id":"https:\/\/www.meydan.tv\/az\/article\/ilham-eliyev-yeni-sehiyye-naziri-teyin-etdi\/#primaryimage"},"thumbnailUrl":"https:\/\/www.meydan.tv\/wp-content\/uploads\/trend_teymur_musayev_281221_2-e1642582657561.jpg","articleSection":["Uncategorized @az"],"inLanguage":"az"},{"@type":"WebPage","@id":"https:\/\/www.meydan.tv\/az\/article\/ilham-eliyev-yeni-sehiyye-naziri-teyin-etdi\/","url":"https:\/\/www.meydan.tv\/az\/article\/ilham-eliyev-yeni-sehiyye-naziri-teyin-etdi\/","name":"\u0130lham \u018fliyev yeni s\u0259hiyy\u0259 naziri t\u0259yin etdi - MEYDAN.TV","isPartOf":{"@id":"https:\/\/www.meydan.tv\/az\/#website"},"primaryImageOfPage":{"@id":"https:\/\/www.meydan.tv\/az\/article\/ilham-eliyev-yeni-sehiyye-naziri-teyin-etdi\/#primaryimage"},"image":{"@id":"https:\/\/www.meydan.tv\/az\/article\/ilham-eliyev-yeni-sehiyye-naziri-teyin-etdi\/#primaryimage"},"thumbnailUrl":"https:\/\/www.meydan.tv\/wp-content\/uploads\/trend_teymur_musayev_281221_2-e1642582657561.jpg","datePublished":"2022-01-19T09:11:39+00:00","dateModified":"2022-01-19T09:11:41+00:00","breadcrumb":{"@id":"https:\/\/www.meydan.tv\/az\/article\/ilham-eliyev-yeni-sehiyye-naziri-teyin-etdi\/#breadcrumb"},"inLanguage":"az","potentialAction":[{"@type":"ReadAction","target":["https:\/\/www.meydan.tv\/az\/article\/ilham-eliyev-yeni-sehiyye-naziri-teyin-etdi\/"]}]},{"@type":"ImageObject","inLanguage":"az","@id":"https:\/\/www.meydan.tv\/az\/article\/ilham-eliyev-yeni-sehiyye-naziri-teyin-etdi\/#primaryimage","url":"https:\/\/www.meydan.tv\/wp-content\/uploads\/trend_teymur_musayev_281221_2-e1642582657561.jpg","contentUrl":"https:\/\/www.meydan.tv\/wp-content\/uploads\/trend_teymur_musayev_281221_2-e1642582657561.jpg","width":1200,"height":669,"caption":"Teymur Musayev, M\u0259nb\u0259: Trend.az"},{"@type":"BreadcrumbList","@id":"https:\/\/www.meydan.tv\/az\/article\/ilham-eliyev-yeni-sehiyye-naziri-teyin-etdi\/#breadcrumb","itemListElement":[{"@type":"ListItem","position":1,"name":"Ana s\u0259hif\u0259","item":"https:\/\/www.meydan.tv\/az\/"},{"@type":"ListItem","position":2,"name":"Uncategorized @az","item":"https:\/\/www.meydan.tv\/az\/section\/uncategorized-az\/"},{"@type":"ListItem","position":3,"name":"\u0130lham \u018fliyev yeni s\u0259hiyy\u0259 naziri t\u0259yin etdi"}]},{"@type":"WebSite","@id":"https:\/\/www.meydan.tv\/az\/#website","url":"https:\/\/www.meydan.tv\/az\/","name":"MEYDAN.TV","description":"Meydan TV Az\u0259rbaycan\u0131n media m\u0259kan\u0131ndak\u0131 alternativ s\u0259sidir","publisher":{"@id":"https:\/\/www.meydan.tv\/az\/#organization"},"potentialAction":[{"@type":"SearchAction","target":{"@type":"EntryPoint","urlTemplate":"https:\/\/www.meydan.tv\/az\/?s={search_term_string}"},"query-input":{"@type":"PropertyValueSpecification","valueRequired":true,"valueName":"search_term_string"}}],"inLanguage":"az"},{"@type":"Organization","@id":"https:\/\/www.meydan.tv\/az\/#organization","name":"Meydan TV","url":"https:\/\/www.meydan.tv\/az\/","logo":{"@type":"ImageObject","inLanguage":"az","@id":"https:\/\/www.meydan.tv\/az\/#\/schema\/logo\/image\/","url":"https:\/\/www.meydan.tv\/wp-content\/uploads\/2021\/07\/meydan-logo.svg","contentUrl":"https:\/\/www.meydan.tv\/wp-content\/uploads\/2021\/07\/meydan-logo.svg","width":195,"height":46,"caption":"Meydan TV"},"image":{"@id":"https:\/\/www.meydan.tv\/az\/#\/schema\/logo\/image\/"}},{"@type":"Person","@id":"https:\/\/www.meydan.tv\/az\/#\/schema\/person\/9cdbecf90d17180ce1dfbd95b08dcf47","name":"elli","sameAs":["https:\/\/x.com\/elli"]}]}},"_links":{"self":[{"href":"https:\/\/www.meydan.tv\/az\/wp-json\/wp\/v2\/posts\/232191","targetHints":{"allow":["GET"]}}],"collection":[{"href":"https:\/\/www.meydan.tv\/az\/wp-json\/wp\/v2\/posts"}],"about":[{"href":"https:\/\/www.meydan.tv\/az\/wp-json\/wp\/v2\/types\/post"}],"author":[{"embeddable":true,"href":"https:\/\/www.meydan.tv\/az\/wp-json\/wp\/v2\/users\/8"}],"replies":[{"embeddable":true,"href":"https:\/\/www.meydan.tv\/az\/wp-json\/wp\/v2\/comments?post=232191"}],"version-history":[{"count":1,"href":"https:\/\/www.meydan.tv\/az\/wp-json\/wp\/v2\/posts\/232191\/revisions"}],"predecessor-version":[{"id":232192,"href":"https:\/\/www.meydan.tv\/az\/wp-json\/wp\/v2\/posts\/232191\/revisions\/232192"}],"wp:featuredmedia":[{"embeddable":true,"href":"https:\/\/www.meydan.tv\/az\/wp-json\/wp\/v2\/media\/232188"}],"wp:attachment":[{"href":"https:\/\/www.meydan.tv\/az\/wp-json\/wp\/v2\/media?parent=232191"}],"wp:term":[{"taxonomy":"category","embeddable":true,"href":"https:\/\/www.meydan.tv\/az\/wp-json\/wp\/v2\/categories?post=232191"},{"taxonomy":"post_tag","embeddable":true,"href":"https:\/\/www.meydan.tv\/az\/wp-json\/wp\/v2\/tags?post=232191"}],"curies":[{"name":"wp","href":"https:\/\/api.w.org\/{rel}","templated":true}]}}