{"id":232169,"date":"2022-01-18T22:44:42","date_gmt":"2022-01-18T18:44:42","guid":{"rendered":"https:\/\/www.meydan.tv\/?p=232169"},"modified":"2022-01-18T22:44:44","modified_gmt":"2022-01-18T18:44:44","slug":"maas-artimi-coreye-tezminat","status":"publish","type":"post","link":"https:\/\/www.meydan.tv\/az\/article\/maas-artimi-coreye-tezminat\/","title":{"rendered":"Maa\u015f art\u0131m\u0131 &#8211; \u00e7\u00f6r\u0259y\u0259 (!) t\u0259zminat&#8230;"},"content":{"rendered":"\n<p><em>Covid testi neqativ, suallar\u0131 pozitiv \u00e7\u0131xan jurnalistl\u0259rin prezidentl\u0259 m\u00fcsahib\u0259sin\u0259 s\u00f6zard\u0131<\/em><\/p>\n\n\n\n<p>Yeni ilin 12-ci g\u00fcn\u00fcnd\u0259, yanvar\u0131n 12-d\u0259 prezident \u0130lham \u018fliyev prezidentliyinin 19-cu ilind\u0259 bir qrup jurnalist\u0259, daha do\u011frusu, 5 telekanal &#8211; AzTV, ARB24, \u0130TV, RealTV, CBC &#8211; \u0259m\u0259kda\u015f\u0131na m\u00fcsahib\u0259 verib. N\u0259d\u0259ns\u0259 ATV, X\u0259z\u0259r v\u0259 Space telekanallar\u0131, h\u0259m d\u0259 m\u00fcst\u0259qil m\u0259tbuat n\u00fcmay\u0259nd\u0259l\u0259ri bu m\u00fcsahib\u0259d\u0259n k\u0259narda qal\u0131b. Baxmayaraq, prezident m\u00fcsahib\u0259sind\u0259 dedi ki, onun x\u0259b\u0259r m\u0259nb\u0259l\u0259rind\u0259n biri d\u0259 mediad\u0131r. \u00d6lk\u0259d\u0259ki m\u0259nfi hallarla ba\u011fl\u0131 m\u0259lumatlar\u0131n do\u011fru \u00e7\u0131xan \u201cm\u00fctl\u0259q \u0259ks\u0259riyy\u0259tini\u201d onlardan al\u0131r. Ancaq \u00f6lk\u0259d\u0259ki m\u0259nfilikl\u0259rl\u0259 ba\u011fl\u0131 sual ver\u0259 bil\u0259c\u0259k jurnalistl\u0259rd\u0259n, media n\u00fcmay\u0259nd\u0259l\u0259rind\u0259n he\u00e7 biri o m\u00fcsahib\u0259y\u0259 d\u0259v\u0259t olunmam\u0131\u015fd\u0131, s\u0259b\u0259b sad\u0259ydi: onlar\u0131n ver\u0259c\u0259yi suallar testd\u0259n ke\u00e7m\u0259y\u0259c\u0259kdi\u2026<\/p>\n\n\n\n<p>Yeri g\u0259lmi\u015fk\u0259n, jurnalistl\u0259ri m\u00fcsahib\u0259y\u0259 Covid testind\u0259n ke\u00e7irib burax\u0131blar. M\u00fcsahib\u0259ni b\u00fct\u00fcn telekanallar yay\u0131mlay\u0131b, yay\u0131mlamaqda davam edir, bu \u00fczd\u0259n \u0259ziz oxucular\u0131m\u0131z\u0131 yormadan b\u0259zi m\u0259qamlara diqq\u0259t \u00e7\u0259k\u0259k. \u0130lk sual iqtisadiyyatla ba\u011fl\u0131 olub v\u0259 prezident bu sah\u0259d\u0259 xeyli u\u011furlar oldu\u011funu sadalay\u0131b, x\u00fcsusil\u0259 manat\u0131n sabitliyind\u0259n dan\u0131\u015f\u0131b: \u201c\u2026Uzun ill\u0259r \u0259rzind\u0259 manat sabitdir v\u0259 h\u0259m \u00f6lk\u0259 \u0259halisi bundan faydalan\u0131r, h\u0259m d\u0259 manata inam b\u00f6y\u00fck d\u0259r\u0259c\u0259d\u0259 art\u0131b\u201d.<\/p>\n\n\n\n<p>El\u0259 bu yerd\u0259 \u0130lham \u018fliyevin manat\u0131n sabitliyi il\u0259 ba\u011fl\u0131 2015-ci ilin bu g\u00fcnl\u0259rind\u0259, lap d\u0259qiqi yanvar\u0131n 10-da Nazirl\u0259r Kabinetinin 2014-c\u00fc ilin sosial-iqtisadi inki\u015faf\u0131n\u0131n yekunlar\u0131na v\u0259 qar\u015f\u0131da duran v\u0259zif\u0259l\u0259r\u0259 h\u0259sr olunan iclasda \u00e7\u0131x\u0131\u015f\u0131ndan bir sitat\u0131 yada salaq.<\/p>\n\n\n\n<p>\u0130lham \u018fliyev: \u201cManat\u0131n m\u0259z\u0259nn\u0259si sabitdir. Bir ne\u00e7\u0259 ildir ki, manat\u0131n m\u0259z\u0259nn\u0259si n\u0259inki sabitdir v\u0259 eyni zamanda, \u0259sas d\u00fcnya valyutalar\u0131na qar\u015f\u0131 daha da b\u00f6y\u00fck d\u0259y\u0259r qazan\u0131r. Ke\u00e7\u0259n il d\u0259 biz bunu g\u00f6rm\u00fc\u015f\u00fck. Bu da \u00e7ox m\u00fcsb\u0259t g\u00f6st\u0259ricidir. \u00c7\u00fcnki manat\u0131n sabit olmas\u0131 ilk n\u00f6vb\u0259d\u0259, insanlar\u0131n rifah hal\u0131n\u0131n yax\u015f\u0131la\u015fmas\u0131na xidm\u0259t g\u00f6st\u0259rir, \u0259halinin al\u0131c\u0131l\u0131q qabiliyy\u0259ti art\u0131r. Az\u0259rbaycanda manat\u0131n m\u0259z\u0259nn\u0259si sabitdir. Bu, bir daha bizim u\u011furlu iqtisadi siyas\u0259timizi g\u00f6st\u0259rir\u2026<\/p>\n\n\n\n<p>H\u0259r bir \u00f6lk\u0259 \u00fc\u00e7\u00fcn onun milli valyutas\u0131 m\u00fcst\u0259qilliyin atributlar\u0131ndan biridir. Bu g\u00fcn manat d\u00fcnya miqyas\u0131nda \u0259n sabit valyutalardan biridir. Hesab edir\u0259m ki, xarici v\u0259t\u0259nda\u015flar v\u0259 xarici \u015firk\u0259tl\u0259r \u00f6z v\u0259saitini manat hesablar\u0131nda saxlasalar uduzmazlar. H\u0259m pullar yerind\u0259 qalacaq, eyni zamanda, o pullar onlara \u0259lav\u0259 g\u0259lirl\u0259r g\u0259tir\u0259c\u0259kdir\u2026\u201d(10 yanvar 2015).<\/p>\n\n\n\n<p>\u0130clasda i\u015ftirak ed\u0259n v\u0259 s\u00f6z dem\u0259k \u015fans\u0131 veril\u0259n M\u0259rk\u0259zi Bank\u0131n s\u0259dri Elman R\u00fcst\u0259mov da \u00e7\u0131x\u0131\u015f\u0131n\u0131 manatla ba\u011fl\u0131 nikbin notlar \u00fcz\u0259rind\u0259 qurmu\u015fdu.<\/p>\n\n\n\n<p>NK-n\u0131n bu iclas\u0131ndan, prezidentl\u0259 ba\u015f bankirin h\u0259min \u00e7\u0131x\u0131\u015flar\u0131ndan c\u0259mi 40 g\u00fcn sonra (bu da simvolikdir), fevral\u0131n 21-d\u0259, prezidentin sabitliyi il\u0259 yanvarda \u00f6y\u00fcnd\u00fcy\u00fc manat d\u0259y\u0259rd\u0259n d\u00fc\u015fd\u00fc. O vaxt m\u00fcst\u0259qil iqtisad\u00e7\u0131lar\u0131n \u00fcz\u0259n m\u0259z\u0259nn\u0259 il\u0259 ba\u011fl\u0131 t\u0259klifl\u0259ri qulaqard\u0131na vurulmu\u015fdu. \u018fsas\u0131 \u201c\u00fcmummilli lider\u201d t\u0259r\u0259find\u0259n qoyulan siyas\u0259tin u\u011furlu oldu\u011fu vur\u011fulanm\u0131\u015fd\u0131. Ancaq yaln\u0131z 6 ild\u0259n sonra prezident ac\u0131 n\u0259tic\u0259ni etiraf etdi, h\u0259m d\u0259 yen\u0259 manat\u0131n sabitliyind\u0259n dan\u0131\u015fa-dan\u0131\u015fa.<\/p>\n\n\n\n<p>\u0130lham \u018fliyev: \u201cBildiyiniz kimi, bir ne\u00e7\u0259 il bundan \u0259vv\u0259l biz \u00e7ox a\u011f\u0131r bir add\u0131m\u0131n at\u0131lmas\u0131na m\u0259cbur idik. Manat\u0131n qiym\u0259td\u0259n d\u00fc\u015fm\u0259si insanlar\u0131n rifah hal\u0131na m\u0259nfi t\u0259sir g\u00f6st\u0259rmi\u015fdi. Amma o add\u0131m\u0131 biz m\u00fctl\u0259q atmal\u0131 idik. \u00c7\u00fcnki \u0259g\u0259r biz o add\u0131m\u0131 atmasayd\u0131q, b\u00fct\u00fcn valyuta ehtiyatlar\u0131m\u0131z\u0131 x\u0259rcl\u0259y\u0259 bil\u0259rdik. Onsuz da bu add\u0131m\u0131n gecikm\u0259si ona g\u0259tirib \u00e7\u0131xard\u0131 ki, M\u0259rk\u0259zi Bank\u0131n valyuta ehtiyatlar\u0131 b\u00f6y\u00fck d\u0259r\u0259c\u0259d\u0259 t\u00fck\u0259nmi\u015fdi. T\u0259qrib\u0259n 10 milyard dollar v\u0259sait manat\u0131n sabit saxlanmas\u0131na istifad\u0259 edilmi\u015fdi. N\u0259tic\u0259 etibaril\u0259 M\u0259rk\u0259zi Bank manat\u0131 sabit saxlaya bilm\u0259di v\u0259 biz 10 milyard dollar valyutan\u0131 itirdik\u201d (12 yanvar 2022).<\/p>\n\n\n\n<p>O 10 milyard dollarl\u0131q itkiy\u0259 g\u00f6r\u0259 m\u0259suliyy\u0259t da\u015f\u0131yan oldumu? \u00c7ox t\u0259\u0259ss\u00fcf, kims\u0259y\u0259 irad bel\u0259 bildir\u0259n olmad\u0131. H\u0259r halda \u0259n az\u0131 Elman R\u00fcst\u0259mov indi d\u0259 h\u0259min v\u0259zif\u0259d\u0259dir.<\/p>\n\n\n\n<p>2015-ci il \u0259rzind\u0259 manat\u0131n iki d\u0259f\u0259 d\u0259y\u0259rd\u0259n d\u00fc\u015fm\u0259si qiym\u0259tl\u0259r\u0259 d\u0259 t\u0259sir etmi\u015fdi. \u0130ndiki kimi, o vaxt da unun qiym\u0259ti qalxm\u0131\u015fd\u0131. \u00c7\u0131x\u0131\u015f yolunu \u0130lham \u018fliyev 2016-c\u0131 il yanvar\u0131n 15-d\u0259n bu\u011fdan\u0131n idxal\u0131 v\u0259 sat\u0131\u015f\u0131n\u0131, bu\u011fda ununun v\u0259 \u00e7\u00f6r\u0259yin istehsal\u0131 v\u0259 sat\u0131\u015f\u0131n\u0131 \u0259lav\u0259 d\u0259y\u0259r vergisind\u0259n (\u018fDV) azad etm\u0259kd\u0259 g\u00f6rd\u00fc. Bu tap\u015f\u0131r\u0131qdan sonra da\u015f\u0131nma x\u0259rcl\u0259rind\u0259n as\u0131l\u0131 olaraq 50 kiloqraml\u0131q 1 kis\u0259 unun qiym\u0259ti 21 manat 50 q\u0259pikl\u0259 22 manat 50 q\u0259pik, p\u0259rak\u0259nd\u0259 sat\u0131\u015f qiym\u0259ti is\u0259 23-24 manat, 500 qraml\u0131q \u00e7\u00f6r\u0259k 30 q\u0259pik, 700 qraml\u0131q \u00e7\u00f6r\u0259k is\u0259 40 q\u0259pik oldu.<\/p>\n\n\n\n<p>\u0130ndi is\u0259 50 kiloqraml\u0131q un 38-39 manatd\u0131r. Neft milyardlar\u0131n\u0131 insan kapital\u0131na \u00e7evirm\u0259kd\u0259n, \u0259halinin sosial rifah\u0131n\u0131n y\u00fcks\u0259ldilm\u0259sind\u0259n dan\u0131\u015fan prezident\u0259 xat\u0131rladaq ki, hakimiyy\u0259t\u0259 g\u0259li\u015finin ilk ill\u0259rind\u0259 unun kis\u0259si (50 kq) 12-13 manat idi. Onda manat\u0131n al\u0131c\u0131l\u0131q qabiliyy\u0259ti d\u0259 y\u00fcks\u0259k idi.<\/p>\n\n\n\n<p>Buna baxmayaraq, prezident yen\u0259 \u201cu\u011furlar\u0131\u201d sadalamaqda davam edir:<\/p>\n\n\n\n<p>\u201cBildiyiniz kimi, minimum \u0259m\u0259khaqq\u0131 20 faiz, minimum pensiya 20 faiz, t\u0259qa\u00fcdl\u0259r, sosial m\u00fcavin\u0259tl\u0259r art\u0131r\u0131l\u0131b\u2026 Biz hesab edirik ki, bu artan maa\u015flar \u00e7\u00f6r\u0259yin qiym\u0259tinin qalxmas\u0131n\u0131n t\u0259zminat\u0131 kimi qiym\u0259tl\u0259ndiril\u0259 bil\u0259r v\u0259 bu add\u0131m birinci d\u0259f\u0259 deyil at\u0131l\u0131r\u201d\u2026<\/p>\n\n\n\n<p>\u00c7\u00f6r\u0259yi ba\u015fa d\u00fc\u015fd\u00fck, b\u0259s ba\u015fqa g\u00fcnd\u0259lik t\u0259l\u0259bat mallar\u0131n\u0131n qalxan qiym\u0259tl\u0259rinin t\u0259zminat\u0131n\u0131 kim \u00f6d\u0259y\u0259c\u0259k?<\/p>\n\n\n\n<p>\u0130ndi qal\u0131r xalqa t\u0259skinlik verm\u0259k: n\u0259 olsun ki, unun qiym\u0259ti qalx\u0131b, Qaraba\u011f\u0131n i\u015f\u011faldan azad edilmi\u015f m\u00fcnbit torpaqlar\u0131nda \u201cAz\u0259rsun Holdinq\u201d v\u0259 \u201cPa\u015fa Holdinq\u201d min hektarlarla yer g\u00f6t\u00fcr\u00fcb tax\u0131l \u0259kir\u2026 H\u0259l\u0259 Ukraynada da \u0259k\u0259c\u0259kl\u0259r.<\/p>\n\n\n\n<p>N\u0259 olsun ki, manat sabit deyil, ba\u015fl\u0131cas\u0131 odur, F\u00fczulid\u0259 aeroportumuz var, h\u0259l\u0259 Z\u0259ngilanda da olacaq\u2026<\/p>\n\n\n\n<p>M\u00fcsahib\u0259d\u0259ns\u0259 g\u00f6r\u00fcn\u0259n odur ki, manat\u0131n ba\u015f\u0131n\u0131n \u00fcst\u00fcnd\u0259 yen\u0259 qara buludlar dola\u015f\u0131r\u2026<\/p>\n\n\n\n<p><strong>P.S.<\/strong> \u0130lham \u018fliyev \u201cMedia sah\u0259sind\u0259 islahatlar\u0131n d\u0259rinl\u0259\u015fdirilm\u0259si haqq\u0131nda\u201d f\u0259rman\u0131 da yanvar\u0131n 12-d\u0259 verib, bu m\u00fcsahib\u0259d\u0259n d\u00fcz bir il qabaq, 2021-ci ild\u0259. O f\u0259rmana uy\u011fun olaraq Milli M\u0259clis \u00f6t\u0259n il dekabr\u0131n 30-da \u00e7oxunun antidemokratik sayd\u0131\u011f\u0131 \u201cMedia haqq\u0131nda\u201d qanunu q\u0259bul etm\u0259kl\u0259 prezidentin x\u0259b\u0259r qaynaqlar\u0131n\u0131n f\u0259aliyy\u0259t imkanlar\u0131n\u0131, dem\u0259k olar, yoxa \u00e7\u0131xar\u0131b\u2026<\/p>\n","protected":false},"excerpt":{"rendered":"<p>Covid testi neqativ, suallar\u0131 pozitiv \u00e7\u0131xan jurnalistl\u0259rin prezidentl\u0259 m\u00fcsahib\u0259sin\u0259 s\u00f6zard\u0131 &#8230; <\/p>\n<p class=\"read-more-container\"><a title=\"Maa\u015f art\u0131m\u0131 &#8211; \u00e7\u00f6r\u0259y\u0259 (!) t\u0259zminat&#8230;\" class=\"read-more button\" href=\"https:\/\/www.meydan.tv\/az\/article\/maas-artimi-coreye-tezminat\/#more-232169\" aria-label=\"Read more about Maa\u015f art\u0131m\u0131 &#8211; \u00e7\u00f6r\u0259y\u0259 (!) t\u0259zminat&#8230;\">Davam\u0131<\/a><\/p>\n","protected":false},"author":8,"featured_media":125837,"comment_status":"closed","ping_status":"closed","sticky":false,"template":"","format":"standard","meta":{"_acf_changed":false,"_sitemap_exclude":false,"_sitemap_priority":"","_sitemap_frequency":"","footnotes":""},"categories":[57],"tags":[],"class_list":["post-232169","post","type-post","status-publish","format-standard","has-post-thumbnail","hentry","category-menim-fikrimce","infinite-scroll-item","generate-columns","tablet-grid-50","mobile-grid-100","grid-parent","grid-33","no-featured-image-padding"],"acf":[],"yoast_head":"<!-- This site is optimized with the Yoast SEO plugin v27.4 - https:\/\/yoast.com\/product\/yoast-seo-wordpress\/ -->\n<title>Maa\u015f art\u0131m\u0131 - \u00e7\u00f6r\u0259y\u0259 (!) t\u0259zminat... - MEYDAN.TV<\/title>\n<meta name=\"robots\" content=\"index, follow, max-snippet:-1, max-image-preview:large, max-video-preview:-1\" \/>\n<link rel=\"canonical\" href=\"https:\/\/www.meydan.tv\/az\/article\/maas-artimi-coreye-tezminat\/\" \/>\n<meta property=\"og:locale\" content=\"az_AZ\" \/>\n<meta property=\"og:type\" content=\"article\" \/>\n<meta property=\"og:title\" content=\"Maa\u015f art\u0131m\u0131 - \u00e7\u00f6r\u0259y\u0259 (!) t\u0259zminat... - MEYDAN.TV\" \/>\n<meta property=\"og:description\" content=\"Covid testi neqativ, suallar\u0131 pozitiv \u00e7\u0131xan jurnalistl\u0259rin prezidentl\u0259 m\u00fcsahib\u0259sin\u0259 s\u00f6zard\u0131 ... Davam\u0131\" \/>\n<meta property=\"og:url\" content=\"https:\/\/www.meydan.tv\/az\/article\/maas-artimi-coreye-tezminat\/\" \/>\n<meta property=\"og:site_name\" content=\"MEYDAN.TV\" \/>\n<meta property=\"article:published_time\" content=\"2022-01-18T18:44:42+00:00\" \/>\n<meta property=\"article:modified_time\" content=\"2022-01-18T18:44:44+00:00\" \/>\n<meta property=\"og:image\" content=\"https:\/\/www.meydan.tv\/wp-content\/uploads\/image_from_ios_unrqckb.original-scaled.jpg\" \/>\n\t<meta property=\"og:image:width\" content=\"2560\" \/>\n\t<meta property=\"og:image:height\" content=\"1440\" \/>\n\t<meta property=\"og:image:type\" content=\"image\/jpeg\" \/>\n<meta name=\"author\" content=\"elli\" \/>\n<meta name=\"twitter:card\" content=\"summary_large_image\" \/>\n<meta name=\"twitter:creator\" content=\"@elli\" \/>\n<script type=\"application\/ld+json\" class=\"yoast-schema-graph\">{\"@context\":\"https:\\\/\\\/schema.org\",\"@graph\":[{\"@type\":\"Article\",\"@id\":\"https:\\\/\\\/www.meydan.tv\\\/az\\\/article\\\/maas-artimi-coreye-tezminat\\\/#article\",\"isPartOf\":{\"@id\":\"https:\\\/\\\/www.meydan.tv\\\/az\\\/article\\\/maas-artimi-coreye-tezminat\\\/\"},\"author\":{\"name\":\"elli\",\"@id\":\"https:\\\/\\\/www.meydan.tv\\\/az\\\/#\\\/schema\\\/person\\\/9cdbecf90d17180ce1dfbd95b08dcf47\"},\"headline\":\"Maa\u015f art\u0131m\u0131 &#8211; \u00e7\u00f6r\u0259y\u0259 (!) t\u0259zminat&#8230;\",\"datePublished\":\"2022-01-18T18:44:42+00:00\",\"dateModified\":\"2022-01-18T18:44:44+00:00\",\"mainEntityOfPage\":{\"@id\":\"https:\\\/\\\/www.meydan.tv\\\/az\\\/article\\\/maas-artimi-coreye-tezminat\\\/\"},\"wordCount\":1290,\"publisher\":{\"@id\":\"https:\\\/\\\/www.meydan.tv\\\/az\\\/#organization\"},\"image\":{\"@id\":\"https:\\\/\\\/www.meydan.tv\\\/az\\\/article\\\/maas-artimi-coreye-tezminat\\\/#primaryimage\"},\"thumbnailUrl\":\"https:\\\/\\\/www.meydan.tv\\\/wp-content\\\/uploads\\\/image_from_ios_unrqckb.original-scaled-e1685106480202.jpg\",\"articleSection\":[\"M\u0259nim Fikrimc\u0259\"],\"inLanguage\":\"az\"},{\"@type\":\"WebPage\",\"@id\":\"https:\\\/\\\/www.meydan.tv\\\/az\\\/article\\\/maas-artimi-coreye-tezminat\\\/\",\"url\":\"https:\\\/\\\/www.meydan.tv\\\/az\\\/article\\\/maas-artimi-coreye-tezminat\\\/\",\"name\":\"Maa\u015f art\u0131m\u0131 - \u00e7\u00f6r\u0259y\u0259 (!) t\u0259zminat... - MEYDAN.TV\",\"isPartOf\":{\"@id\":\"https:\\\/\\\/www.meydan.tv\\\/az\\\/#website\"},\"primaryImageOfPage\":{\"@id\":\"https:\\\/\\\/www.meydan.tv\\\/az\\\/article\\\/maas-artimi-coreye-tezminat\\\/#primaryimage\"},\"image\":{\"@id\":\"https:\\\/\\\/www.meydan.tv\\\/az\\\/article\\\/maas-artimi-coreye-tezminat\\\/#primaryimage\"},\"thumbnailUrl\":\"https:\\\/\\\/www.meydan.tv\\\/wp-content\\\/uploads\\\/image_from_ios_unrqckb.original-scaled-e1685106480202.jpg\",\"datePublished\":\"2022-01-18T18:44:42+00:00\",\"dateModified\":\"2022-01-18T18:44:44+00:00\",\"breadcrumb\":{\"@id\":\"https:\\\/\\\/www.meydan.tv\\\/az\\\/article\\\/maas-artimi-coreye-tezminat\\\/#breadcrumb\"},\"inLanguage\":\"az\",\"potentialAction\":[{\"@type\":\"ReadAction\",\"target\":[\"https:\\\/\\\/www.meydan.tv\\\/az\\\/article\\\/maas-artimi-coreye-tezminat\\\/\"]}]},{\"@type\":\"ImageObject\",\"inLanguage\":\"az\",\"@id\":\"https:\\\/\\\/www.meydan.tv\\\/az\\\/article\\\/maas-artimi-coreye-tezminat\\\/#primaryimage\",\"url\":\"https:\\\/\\\/www.meydan.tv\\\/wp-content\\\/uploads\\\/image_from_ios_unrqckb.original-scaled-e1685106480202.jpg\",\"contentUrl\":\"https:\\\/\\\/www.meydan.tv\\\/wp-content\\\/uploads\\\/image_from_ios_unrqckb.original-scaled-e1685106480202.jpg\",\"width\":2560,\"height\":1228,\"caption\":\"M\u0259nb\u0259: Meydan TV\"},{\"@type\":\"BreadcrumbList\",\"@id\":\"https:\\\/\\\/www.meydan.tv\\\/az\\\/article\\\/maas-artimi-coreye-tezminat\\\/#breadcrumb\",\"itemListElement\":[{\"@type\":\"ListItem\",\"position\":1,\"name\":\"Ana s\u0259hif\u0259\",\"item\":\"https:\\\/\\\/www.meydan.tv\\\/az\\\/\"},{\"@type\":\"ListItem\",\"position\":2,\"name\":\"M\u0259nim Fikrimc\u0259\",\"item\":\"https:\\\/\\\/www.meydan.tv\\\/az\\\/section\\\/menim-fikrimce\\\/\"},{\"@type\":\"ListItem\",\"position\":3,\"name\":\"Maa\u015f art\u0131m\u0131 &#8211; \u00e7\u00f6r\u0259y\u0259 (!) t\u0259zminat&#8230;\"}]},{\"@type\":\"WebSite\",\"@id\":\"https:\\\/\\\/www.meydan.tv\\\/az\\\/#website\",\"url\":\"https:\\\/\\\/www.meydan.tv\\\/az\\\/\",\"name\":\"MEYDAN.TV\",\"description\":\"Meydan TV Az\u0259rbaycan\u0131n media m\u0259kan\u0131ndak\u0131 alternativ s\u0259sidir\",\"publisher\":{\"@id\":\"https:\\\/\\\/www.meydan.tv\\\/az\\\/#organization\"},\"potentialAction\":[{\"@type\":\"SearchAction\",\"target\":{\"@type\":\"EntryPoint\",\"urlTemplate\":\"https:\\\/\\\/www.meydan.tv\\\/az\\\/?s={search_term_string}\"},\"query-input\":{\"@type\":\"PropertyValueSpecification\",\"valueRequired\":true,\"valueName\":\"search_term_string\"}}],\"inLanguage\":\"az\"},{\"@type\":\"Organization\",\"@id\":\"https:\\\/\\\/www.meydan.tv\\\/az\\\/#organization\",\"name\":\"Meydan TV\",\"url\":\"https:\\\/\\\/www.meydan.tv\\\/az\\\/\",\"logo\":{\"@type\":\"ImageObject\",\"inLanguage\":\"az\",\"@id\":\"https:\\\/\\\/www.meydan.tv\\\/az\\\/#\\\/schema\\\/logo\\\/image\\\/\",\"url\":\"https:\\\/\\\/www.meydan.tv\\\/wp-content\\\/uploads\\\/2021\\\/07\\\/meydan-logo.svg\",\"contentUrl\":\"https:\\\/\\\/www.meydan.tv\\\/wp-content\\\/uploads\\\/2021\\\/07\\\/meydan-logo.svg\",\"width\":195,\"height\":46,\"caption\":\"Meydan TV\"},\"image\":{\"@id\":\"https:\\\/\\\/www.meydan.tv\\\/az\\\/#\\\/schema\\\/logo\\\/image\\\/\"}},{\"@type\":\"Person\",\"@id\":\"https:\\\/\\\/www.meydan.tv\\\/az\\\/#\\\/schema\\\/person\\\/9cdbecf90d17180ce1dfbd95b08dcf47\",\"name\":\"elli\",\"sameAs\":[\"https:\\\/\\\/x.com\\\/elli\"]}]}<\/script>\n<!-- \/ Yoast SEO plugin. -->","yoast_head_json":{"title":"Maa\u015f art\u0131m\u0131 - \u00e7\u00f6r\u0259y\u0259 (!) t\u0259zminat... - MEYDAN.TV","robots":{"index":"index","follow":"follow","max-snippet":"max-snippet:-1","max-image-preview":"max-image-preview:large","max-video-preview":"max-video-preview:-1"},"canonical":"https:\/\/www.meydan.tv\/az\/article\/maas-artimi-coreye-tezminat\/","og_locale":"az_AZ","og_type":"article","og_title":"Maa\u015f art\u0131m\u0131 - \u00e7\u00f6r\u0259y\u0259 (!) t\u0259zminat... - MEYDAN.TV","og_description":"Covid testi neqativ, suallar\u0131 pozitiv \u00e7\u0131xan jurnalistl\u0259rin prezidentl\u0259 m\u00fcsahib\u0259sin\u0259 s\u00f6zard\u0131 ... Davam\u0131","og_url":"https:\/\/www.meydan.tv\/az\/article\/maas-artimi-coreye-tezminat\/","og_site_name":"MEYDAN.TV","article_published_time":"2022-01-18T18:44:42+00:00","article_modified_time":"2022-01-18T18:44:44+00:00","og_image":[{"width":2560,"height":1440,"url":"https:\/\/www.meydan.tv\/wp-content\/uploads\/image_from_ios_unrqckb.original-scaled.jpg","type":"image\/jpeg"}],"author":"elli","twitter_card":"summary_large_image","twitter_creator":"@elli","schema":{"@context":"https:\/\/schema.org","@graph":[{"@type":"Article","@id":"https:\/\/www.meydan.tv\/az\/article\/maas-artimi-coreye-tezminat\/#article","isPartOf":{"@id":"https:\/\/www.meydan.tv\/az\/article\/maas-artimi-coreye-tezminat\/"},"author":{"name":"elli","@id":"https:\/\/www.meydan.tv\/az\/#\/schema\/person\/9cdbecf90d17180ce1dfbd95b08dcf47"},"headline":"Maa\u015f art\u0131m\u0131 &#8211; \u00e7\u00f6r\u0259y\u0259 (!) t\u0259zminat&#8230;","datePublished":"2022-01-18T18:44:42+00:00","dateModified":"2022-01-18T18:44:44+00:00","mainEntityOfPage":{"@id":"https:\/\/www.meydan.tv\/az\/article\/maas-artimi-coreye-tezminat\/"},"wordCount":1290,"publisher":{"@id":"https:\/\/www.meydan.tv\/az\/#organization"},"image":{"@id":"https:\/\/www.meydan.tv\/az\/article\/maas-artimi-coreye-tezminat\/#primaryimage"},"thumbnailUrl":"https:\/\/www.meydan.tv\/wp-content\/uploads\/image_from_ios_unrqckb.original-scaled-e1685106480202.jpg","articleSection":["M\u0259nim Fikrimc\u0259"],"inLanguage":"az"},{"@type":"WebPage","@id":"https:\/\/www.meydan.tv\/az\/article\/maas-artimi-coreye-tezminat\/","url":"https:\/\/www.meydan.tv\/az\/article\/maas-artimi-coreye-tezminat\/","name":"Maa\u015f art\u0131m\u0131 - \u00e7\u00f6r\u0259y\u0259 (!) t\u0259zminat... - MEYDAN.TV","isPartOf":{"@id":"https:\/\/www.meydan.tv\/az\/#website"},"primaryImageOfPage":{"@id":"https:\/\/www.meydan.tv\/az\/article\/maas-artimi-coreye-tezminat\/#primaryimage"},"image":{"@id":"https:\/\/www.meydan.tv\/az\/article\/maas-artimi-coreye-tezminat\/#primaryimage"},"thumbnailUrl":"https:\/\/www.meydan.tv\/wp-content\/uploads\/image_from_ios_unrqckb.original-scaled-e1685106480202.jpg","datePublished":"2022-01-18T18:44:42+00:00","dateModified":"2022-01-18T18:44:44+00:00","breadcrumb":{"@id":"https:\/\/www.meydan.tv\/az\/article\/maas-artimi-coreye-tezminat\/#breadcrumb"},"inLanguage":"az","potentialAction":[{"@type":"ReadAction","target":["https:\/\/www.meydan.tv\/az\/article\/maas-artimi-coreye-tezminat\/"]}]},{"@type":"ImageObject","inLanguage":"az","@id":"https:\/\/www.meydan.tv\/az\/article\/maas-artimi-coreye-tezminat\/#primaryimage","url":"https:\/\/www.meydan.tv\/wp-content\/uploads\/image_from_ios_unrqckb.original-scaled-e1685106480202.jpg","contentUrl":"https:\/\/www.meydan.tv\/wp-content\/uploads\/image_from_ios_unrqckb.original-scaled-e1685106480202.jpg","width":2560,"height":1228,"caption":"M\u0259nb\u0259: Meydan TV"},{"@type":"BreadcrumbList","@id":"https:\/\/www.meydan.tv\/az\/article\/maas-artimi-coreye-tezminat\/#breadcrumb","itemListElement":[{"@type":"ListItem","position":1,"name":"Ana s\u0259hif\u0259","item":"https:\/\/www.meydan.tv\/az\/"},{"@type":"ListItem","position":2,"name":"M\u0259nim Fikrimc\u0259","item":"https:\/\/www.meydan.tv\/az\/section\/menim-fikrimce\/"},{"@type":"ListItem","position":3,"name":"Maa\u015f art\u0131m\u0131 &#8211; \u00e7\u00f6r\u0259y\u0259 (!) t\u0259zminat&#8230;"}]},{"@type":"WebSite","@id":"https:\/\/www.meydan.tv\/az\/#website","url":"https:\/\/www.meydan.tv\/az\/","name":"MEYDAN.TV","description":"Meydan TV Az\u0259rbaycan\u0131n media m\u0259kan\u0131ndak\u0131 alternativ s\u0259sidir","publisher":{"@id":"https:\/\/www.meydan.tv\/az\/#organization"},"potentialAction":[{"@type":"SearchAction","target":{"@type":"EntryPoint","urlTemplate":"https:\/\/www.meydan.tv\/az\/?s={search_term_string}"},"query-input":{"@type":"PropertyValueSpecification","valueRequired":true,"valueName":"search_term_string"}}],"inLanguage":"az"},{"@type":"Organization","@id":"https:\/\/www.meydan.tv\/az\/#organization","name":"Meydan TV","url":"https:\/\/www.meydan.tv\/az\/","logo":{"@type":"ImageObject","inLanguage":"az","@id":"https:\/\/www.meydan.tv\/az\/#\/schema\/logo\/image\/","url":"https:\/\/www.meydan.tv\/wp-content\/uploads\/2021\/07\/meydan-logo.svg","contentUrl":"https:\/\/www.meydan.tv\/wp-content\/uploads\/2021\/07\/meydan-logo.svg","width":195,"height":46,"caption":"Meydan TV"},"image":{"@id":"https:\/\/www.meydan.tv\/az\/#\/schema\/logo\/image\/"}},{"@type":"Person","@id":"https:\/\/www.meydan.tv\/az\/#\/schema\/person\/9cdbecf90d17180ce1dfbd95b08dcf47","name":"elli","sameAs":["https:\/\/x.com\/elli"]}]}},"_links":{"self":[{"href":"https:\/\/www.meydan.tv\/az\/wp-json\/wp\/v2\/posts\/232169","targetHints":{"allow":["GET"]}}],"collection":[{"href":"https:\/\/www.meydan.tv\/az\/wp-json\/wp\/v2\/posts"}],"about":[{"href":"https:\/\/www.meydan.tv\/az\/wp-json\/wp\/v2\/types\/post"}],"author":[{"embeddable":true,"href":"https:\/\/www.meydan.tv\/az\/wp-json\/wp\/v2\/users\/8"}],"replies":[{"embeddable":true,"href":"https:\/\/www.meydan.tv\/az\/wp-json\/wp\/v2\/comments?post=232169"}],"version-history":[{"count":2,"href":"https:\/\/www.meydan.tv\/az\/wp-json\/wp\/v2\/posts\/232169\/revisions"}],"predecessor-version":[{"id":233390,"href":"https:\/\/www.meydan.tv\/az\/wp-json\/wp\/v2\/posts\/232169\/revisions\/233390"}],"wp:featuredmedia":[{"embeddable":true,"href":"https:\/\/www.meydan.tv\/az\/wp-json\/wp\/v2\/media\/125837"}],"wp:attachment":[{"href":"https:\/\/www.meydan.tv\/az\/wp-json\/wp\/v2\/media?parent=232169"}],"wp:term":[{"taxonomy":"category","embeddable":true,"href":"https:\/\/www.meydan.tv\/az\/wp-json\/wp\/v2\/categories?post=232169"},{"taxonomy":"post_tag","embeddable":true,"href":"https:\/\/www.meydan.tv\/az\/wp-json\/wp\/v2\/tags?post=232169"}],"curies":[{"name":"wp","href":"https:\/\/api.w.org\/{rel}","templated":true}]}}