{"id":232111,"date":"2022-01-18T18:41:42","date_gmt":"2022-01-18T14:41:42","guid":{"rendered":"https:\/\/www.meydan.tv\/?p=232111"},"modified":"2022-01-18T18:41:44","modified_gmt":"2022-01-18T14:41:44","slug":"albert-burla-omikron-qapanmalara-sebeb-olacaq-son-stamdir","status":"publish","type":"post","link":"https:\/\/www.meydan.tv\/az\/article\/albert-burla-omikron-qapanmalara-sebeb-olacaq-son-stamdir\/","title":{"rendered":"Albert Burla: &#8220;Omicron&#8221; qapanmalara s\u0259b\u0259b olacaq son \u015ftamd\u0131r&#8221;"},"content":{"rendered":"\n<p><em>&#8220;Bu \u015ftam\u0131n \u00f6ld\u00fcr\u00fcc\u00fcl\u00fcy\u00fc a\u015fa\u011f\u0131d\u0131r, ancaq s\u00fcr\u0259tl\u0259 yay\u0131l\u0131r&#8221;<\/em><\/p>\n\n\n\n<p>COVID-19 h\u0259l\u0259 uzun ill\u0259r davam ed\u0259c\u0259k, lakin &#8220;Omicron&#8221; \u015ftamm\u0131n\u0131n m\u0259hdudiyy\u0259tl\u0259rl\u0259 ke\u00e7\u0259n \u201cson dal\u011fa\u201d olaca\u011f\u0131 q\u0259na\u0259tind\u0259yik.<\/p>\n\n\n\n<p>AB\u015e-\u0131n &#8220;Pfizer&#8221; \u0259cza\u00e7\u0131l\u0131q \u015firk\u0259tinin ba\u015f direktoru Albert Burla bel\u0259 <a href=\"http:\/\/cnnturk.com\/dunya\/bati-rusya-muzakereleri-cozumsuz-kaldi-moskova-resti-cekti-nukleer-baslikli-fuze-yerlestirilebilir\" target=\"_blank\" rel=\"noreferrer noopener\">deyib<\/a>.<\/p>\n\n\n\n<p>Albert Burla Frans\u0131z televiziyas\u0131 BFM TV-y\u0259 verdiyi m\u00fcsahib\u0259d\u0259 &#8220;Omicron&#8221;un qapanmalara s\u0259b\u0259b olacaq son \u015ftam oldu\u011funu deyib.<\/p>\n\n\n\n<p>\u201cElmin inki\u015faf etdirdiyi al\u0259tl\u0259rl\u0259 bu dal\u011fan\u0131n m\u0259hdudiyy\u0259tl\u0259rin t\u0259tbiq olundu\u011fu son variant ola bil\u0259c\u0259yini d\u00fc\u015f\u00fcn\u00fcr\u0259m\u201d, &#8211; o qeyd edib.<\/p>\n\n\n\n<p>Albert Burla \u0259lav\u0259 edib ki, yaz aylar\u0131nda h\u0259yat normala <a href=\"https:\/\/www.bloomberght.com\/pfizer-ceo-su-bourla-hayat-yakinda-normale-donecek-2296754\" target=\"_blank\" rel=\"noreferrer noopener\">d\u00f6n\u0259c\u0259k<\/a>.<\/p>\n\n\n\n<p>Ancaq bu, o dem\u0259k olmayacaq ki, \u0421OVID-19 h\u0259yat\u0131m\u0131zdan tamamil\u0259 \u00e7\u0131xacaq: <\/p>\n\n\n\n<p>\u201cPandemiyan\u0131n s\u0259b\u0259b oldu\u011fu 2 illik m\u0259hdudiyy\u0259tl\u0259rd\u0259n sonra h\u0259yat normala d\u00f6n\u0259c\u0259k. Virus h\u0259yat\u0131m\u0131zdan tamamil\u0259 \u00e7\u0131xmasa da, \u00e7ox g\u00fccl\u00fc vaksinl\u0259r, testl\u0259r v\u0259 ev \u015f\u0259raitind\u0259 m\u00fcalic\u0259 olunacaq d\u0259rmanlar x\u0259st\u0259liyi y\u00fcng\u00fcl, evd\u0259 \u00f6t\u00fc\u015fd\u00fcrm\u0259y\u0259 k\u00f6m\u0259k ed\u0259c\u0259k. Hesablamalar\u0131m\u0131za g\u00f6r\u0259, yazda bunun \u00fc\u00e7\u00fcn laz\u0131m olan b\u00fct\u00fcn al\u0259tl\u0259r\u0259 malik olaca\u011f\u0131q\u201d.<\/p>\n\n\n\n<figure class=\"wp-block-image size-full\"><img decoding=\"async\" width=\"1200\" height=\"729\" data-src=\"https:\/\/www.meydan.tv\/wp-content\/uploads\/shutterstock_2060716631-e1642509740627.jpg\" alt=\"\" class=\"wp-image-232108 lazyload\" src=\"data:image\/svg+xml;base64,PHN2ZyB3aWR0aD0iMSIgaGVpZ2h0PSIxIiB4bWxucz0iaHR0cDovL3d3dy53My5vcmcvMjAwMC9zdmciPjwvc3ZnPg==\" style=\"--smush-placeholder-width: 1200px; --smush-placeholder-aspect-ratio: 1200\/729;\" \/><figcaption> Albert Bourla, Ververidis Vasilis\/shutterstock<\/figcaption><\/figure>\n\n\n\n<p>&#8220;Pfizer&#8221;in laz\u0131m olan \u015feyl\u0259rd\u0259n ikisini istehsal etdiyini s\u00f6yl\u0259y\u0259n Burla \u0259lav\u0259 edib ki, Amerikan\u0131n b\u00f6y\u00fck d\u0259rman \u015firk\u0259ti il\u0259 Almaniyan\u0131n BioNTech firmas\u0131 birlikd\u0259 d\u00fcnyan\u0131n \u0259n \u00e7ox sat\u0131lan peyv\u0259ndini istehsal edib: <\/p>\n\n\n\n<p>\u201cBununla b\u0259rab\u0259r x\u0259st\u0259xanaya yatma v\u0259 \u00f6l\u00fcm faktlar\u0131n\u0131 azaldacaq d\u0259rman\u0131, &#8220;Paxlovid&#8221;i sat\u0131\u015fa \u00e7\u0131xarma\u011fa haz\u0131rla\u015f\u0131r\u0131q. D\u00fczd\u00fcr, &#8220;Omicron&#8221; variant\u0131n\u0131n \u00f6ld\u00fcr\u00fcc\u00fcl\u00fcy\u00fc a\u015fa\u011f\u0131d\u0131r, ancaq s\u00fcr\u0259tl\u0259 yay\u0131l\u0131r. Bu da g\u00f6st\u0259rir ki, pandemiya yax\u0131nda endemik m\u0259rh\u0259l\u0259y\u0259 ke\u00e7\u0259c\u0259k v\u0259 qrip\u0259b\u0259nz\u0259r bir x\u0259st\u0259liy\u0259 \u00e7evril\u0259c\u0259k\u201d.<\/p>\n\n\n\n<p>Albert Burla haz\u0131rlad\u0131qlar\u0131 COVID-19 peyv\u0259ndinin u\u015faqlar \u00fc\u00e7\u00fcn d\u0259 t\u0259hl\u00fck\u0259siz v\u0259 t\u0259sirli oldu\u011funu bildirib.<\/p>\n\n\n\n<p>Eyni zamanda, bu virusun h\u0259l\u0259 uzun ill\u0259r davam ed\u0259c\u0259yini s\u00f6yl\u0259yib.<\/p>\n","protected":false},"excerpt":{"rendered":"<p>&#8220;Bu \u015ftam\u0131n \u00f6ld\u00fcr\u00fcc\u00fcl\u00fcy\u00fc a\u015fa\u011f\u0131d\u0131r, ancaq s\u00fcr\u0259tl\u0259 yay\u0131l\u0131r&#8221; COVID-19 h\u0259l\u0259 uzun &#8230; <\/p>\n<p class=\"read-more-container\"><a title=\"Albert Burla: &#8220;Omicron&#8221; qapanmalara s\u0259b\u0259b olacaq son \u015ftamd\u0131r&#8221;\" class=\"read-more button\" href=\"https:\/\/www.meydan.tv\/az\/article\/albert-burla-omikron-qapanmalara-sebeb-olacaq-son-stamdir\/#more-232111\" aria-label=\"Read more about Albert Burla: &#8220;Omicron&#8221; qapanmalara s\u0259b\u0259b olacaq son \u015ftamd\u0131r&#8221;\">Davam\u0131<\/a><\/p>\n","protected":false},"author":8,"featured_media":228022,"comment_status":"closed","ping_status":"closed","sticky":false,"template":"","format":"standard","meta":{"_acf_changed":false,"_sitemap_exclude":false,"_sitemap_priority":"","_sitemap_frequency":"","footnotes":""},"categories":[54,79,56],"tags":[],"class_list":["post-232111","post","type-post","status-publish","format-standard","has-post-thumbnail","hentry","category-sagliq","category-featured","category-xeberler","infinite-scroll-item","generate-columns","tablet-grid-50","mobile-grid-100","grid-parent","grid-33","no-featured-image-padding"],"acf":[],"yoast_head":"<!-- This site is optimized with the Yoast SEO plugin v27.4 - https:\/\/yoast.com\/product\/yoast-seo-wordpress\/ -->\n<title>Albert Burla: &quot;Omicron&quot; qapanmalara s\u0259b\u0259b olacaq son \u015ftamd\u0131r&quot; - MEYDAN.TV<\/title>\n<meta name=\"robots\" content=\"index, follow, max-snippet:-1, max-image-preview:large, max-video-preview:-1\" \/>\n<link rel=\"canonical\" href=\"https:\/\/www.meydan.tv\/az\/article\/albert-burla-omikron-qapanmalara-sebeb-olacaq-son-stamdir\/\" \/>\n<meta property=\"og:locale\" content=\"az_AZ\" \/>\n<meta property=\"og:type\" content=\"article\" \/>\n<meta property=\"og:title\" content=\"Albert Burla: &quot;Omicron&quot; qapanmalara s\u0259b\u0259b olacaq son \u015ftamd\u0131r&quot; - MEYDAN.TV\" \/>\n<meta property=\"og:description\" content=\"&#8220;Bu \u015ftam\u0131n \u00f6ld\u00fcr\u00fcc\u00fcl\u00fcy\u00fc a\u015fa\u011f\u0131d\u0131r, ancaq s\u00fcr\u0259tl\u0259 yay\u0131l\u0131r&#8221; COVID-19 h\u0259l\u0259 uzun ... Davam\u0131\" \/>\n<meta property=\"og:url\" content=\"https:\/\/www.meydan.tv\/az\/article\/albert-burla-omikron-qapanmalara-sebeb-olacaq-son-stamdir\/\" \/>\n<meta property=\"og:site_name\" content=\"MEYDAN.TV\" \/>\n<meta property=\"article:published_time\" content=\"2022-01-18T14:41:42+00:00\" \/>\n<meta property=\"article:modified_time\" content=\"2022-01-18T14:41:44+00:00\" \/>\n<meta property=\"og:image\" content=\"https:\/\/www.meydan.tv\/wp-content\/uploads\/shutterstock_2082100915.jpg\" \/>\n\t<meta property=\"og:image:width\" content=\"1200\" \/>\n\t<meta property=\"og:image:height\" content=\"658\" \/>\n\t<meta property=\"og:image:type\" content=\"image\/jpeg\" \/>\n<meta name=\"author\" content=\"elli\" \/>\n<meta name=\"twitter:card\" content=\"summary_large_image\" \/>\n<meta name=\"twitter:creator\" content=\"@elli\" \/>\n<script type=\"application\/ld+json\" class=\"yoast-schema-graph\">{\"@context\":\"https:\\\/\\\/schema.org\",\"@graph\":[{\"@type\":\"Article\",\"@id\":\"https:\\\/\\\/www.meydan.tv\\\/az\\\/article\\\/albert-burla-omikron-qapanmalara-sebeb-olacaq-son-stamdir\\\/#article\",\"isPartOf\":{\"@id\":\"https:\\\/\\\/www.meydan.tv\\\/az\\\/article\\\/albert-burla-omikron-qapanmalara-sebeb-olacaq-son-stamdir\\\/\"},\"author\":{\"name\":\"elli\",\"@id\":\"https:\\\/\\\/www.meydan.tv\\\/az\\\/#\\\/schema\\\/person\\\/9cdbecf90d17180ce1dfbd95b08dcf47\"},\"headline\":\"Albert Burla: &#8220;Omicron&#8221; qapanmalara s\u0259b\u0259b olacaq son \u015ftamd\u0131r&#8221;\",\"datePublished\":\"2022-01-18T14:41:42+00:00\",\"dateModified\":\"2022-01-18T14:41:44+00:00\",\"mainEntityOfPage\":{\"@id\":\"https:\\\/\\\/www.meydan.tv\\\/az\\\/article\\\/albert-burla-omikron-qapanmalara-sebeb-olacaq-son-stamdir\\\/\"},\"wordCount\":449,\"publisher\":{\"@id\":\"https:\\\/\\\/www.meydan.tv\\\/az\\\/#organization\"},\"image\":{\"@id\":\"https:\\\/\\\/www.meydan.tv\\\/az\\\/article\\\/albert-burla-omikron-qapanmalara-sebeb-olacaq-son-stamdir\\\/#primaryimage\"},\"thumbnailUrl\":\"https:\\\/\\\/www.meydan.tv\\\/wp-content\\\/uploads\\\/shutterstock_2082100915.jpg\",\"articleSection\":[\"Sa\u011fl\u0131q\",\"T\u00f6vsiy\u0259\",\"X\u0259b\u0259rl\u0259r\"],\"inLanguage\":\"az\"},{\"@type\":\"WebPage\",\"@id\":\"https:\\\/\\\/www.meydan.tv\\\/az\\\/article\\\/albert-burla-omikron-qapanmalara-sebeb-olacaq-son-stamdir\\\/\",\"url\":\"https:\\\/\\\/www.meydan.tv\\\/az\\\/article\\\/albert-burla-omikron-qapanmalara-sebeb-olacaq-son-stamdir\\\/\",\"name\":\"Albert Burla: \\\"Omicron\\\" qapanmalara s\u0259b\u0259b olacaq son \u015ftamd\u0131r\\\" - MEYDAN.TV\",\"isPartOf\":{\"@id\":\"https:\\\/\\\/www.meydan.tv\\\/az\\\/#website\"},\"primaryImageOfPage\":{\"@id\":\"https:\\\/\\\/www.meydan.tv\\\/az\\\/article\\\/albert-burla-omikron-qapanmalara-sebeb-olacaq-son-stamdir\\\/#primaryimage\"},\"image\":{\"@id\":\"https:\\\/\\\/www.meydan.tv\\\/az\\\/article\\\/albert-burla-omikron-qapanmalara-sebeb-olacaq-son-stamdir\\\/#primaryimage\"},\"thumbnailUrl\":\"https:\\\/\\\/www.meydan.tv\\\/wp-content\\\/uploads\\\/shutterstock_2082100915.jpg\",\"datePublished\":\"2022-01-18T14:41:42+00:00\",\"dateModified\":\"2022-01-18T14:41:44+00:00\",\"breadcrumb\":{\"@id\":\"https:\\\/\\\/www.meydan.tv\\\/az\\\/article\\\/albert-burla-omikron-qapanmalara-sebeb-olacaq-son-stamdir\\\/#breadcrumb\"},\"inLanguage\":\"az\",\"potentialAction\":[{\"@type\":\"ReadAction\",\"target\":[\"https:\\\/\\\/www.meydan.tv\\\/az\\\/article\\\/albert-burla-omikron-qapanmalara-sebeb-olacaq-son-stamdir\\\/\"]}]},{\"@type\":\"ImageObject\",\"inLanguage\":\"az\",\"@id\":\"https:\\\/\\\/www.meydan.tv\\\/az\\\/article\\\/albert-burla-omikron-qapanmalara-sebeb-olacaq-son-stamdir\\\/#primaryimage\",\"url\":\"https:\\\/\\\/www.meydan.tv\\\/wp-content\\\/uploads\\\/shutterstock_2082100915.jpg\",\"contentUrl\":\"https:\\\/\\\/www.meydan.tv\\\/wp-content\\\/uploads\\\/shutterstock_2082100915.jpg\",\"width\":1200,\"height\":658,\"caption\":\"Foto: By Tomas Ragina\\\/Shutterstock\"},{\"@type\":\"BreadcrumbList\",\"@id\":\"https:\\\/\\\/www.meydan.tv\\\/az\\\/article\\\/albert-burla-omikron-qapanmalara-sebeb-olacaq-son-stamdir\\\/#breadcrumb\",\"itemListElement\":[{\"@type\":\"ListItem\",\"position\":1,\"name\":\"Ana s\u0259hif\u0259\",\"item\":\"https:\\\/\\\/www.meydan.tv\\\/az\\\/\"},{\"@type\":\"ListItem\",\"position\":2,\"name\":\"Sa\u011fl\u0131q\",\"item\":\"https:\\\/\\\/www.meydan.tv\\\/az\\\/section\\\/sagliq\\\/\"},{\"@type\":\"ListItem\",\"position\":3,\"name\":\"Albert Burla: &#8220;Omicron&#8221; qapanmalara s\u0259b\u0259b olacaq son \u015ftamd\u0131r&#8221;\"}]},{\"@type\":\"WebSite\",\"@id\":\"https:\\\/\\\/www.meydan.tv\\\/az\\\/#website\",\"url\":\"https:\\\/\\\/www.meydan.tv\\\/az\\\/\",\"name\":\"MEYDAN.TV\",\"description\":\"Meydan TV Az\u0259rbaycan\u0131n media m\u0259kan\u0131ndak\u0131 alternativ s\u0259sidir\",\"publisher\":{\"@id\":\"https:\\\/\\\/www.meydan.tv\\\/az\\\/#organization\"},\"potentialAction\":[{\"@type\":\"SearchAction\",\"target\":{\"@type\":\"EntryPoint\",\"urlTemplate\":\"https:\\\/\\\/www.meydan.tv\\\/az\\\/?s={search_term_string}\"},\"query-input\":{\"@type\":\"PropertyValueSpecification\",\"valueRequired\":true,\"valueName\":\"search_term_string\"}}],\"inLanguage\":\"az\"},{\"@type\":\"Organization\",\"@id\":\"https:\\\/\\\/www.meydan.tv\\\/az\\\/#organization\",\"name\":\"Meydan TV\",\"url\":\"https:\\\/\\\/www.meydan.tv\\\/az\\\/\",\"logo\":{\"@type\":\"ImageObject\",\"inLanguage\":\"az\",\"@id\":\"https:\\\/\\\/www.meydan.tv\\\/az\\\/#\\\/schema\\\/logo\\\/image\\\/\",\"url\":\"https:\\\/\\\/www.meydan.tv\\\/wp-content\\\/uploads\\\/2021\\\/07\\\/meydan-logo.svg\",\"contentUrl\":\"https:\\\/\\\/www.meydan.tv\\\/wp-content\\\/uploads\\\/2021\\\/07\\\/meydan-logo.svg\",\"width\":195,\"height\":46,\"caption\":\"Meydan TV\"},\"image\":{\"@id\":\"https:\\\/\\\/www.meydan.tv\\\/az\\\/#\\\/schema\\\/logo\\\/image\\\/\"}},{\"@type\":\"Person\",\"@id\":\"https:\\\/\\\/www.meydan.tv\\\/az\\\/#\\\/schema\\\/person\\\/9cdbecf90d17180ce1dfbd95b08dcf47\",\"name\":\"elli\",\"sameAs\":[\"https:\\\/\\\/x.com\\\/elli\"]}]}<\/script>\n<!-- \/ Yoast SEO plugin. -->","yoast_head_json":{"title":"Albert Burla: \"Omicron\" qapanmalara s\u0259b\u0259b olacaq son \u015ftamd\u0131r\" - MEYDAN.TV","robots":{"index":"index","follow":"follow","max-snippet":"max-snippet:-1","max-image-preview":"max-image-preview:large","max-video-preview":"max-video-preview:-1"},"canonical":"https:\/\/www.meydan.tv\/az\/article\/albert-burla-omikron-qapanmalara-sebeb-olacaq-son-stamdir\/","og_locale":"az_AZ","og_type":"article","og_title":"Albert Burla: \"Omicron\" qapanmalara s\u0259b\u0259b olacaq son \u015ftamd\u0131r\" - MEYDAN.TV","og_description":"&#8220;Bu \u015ftam\u0131n \u00f6ld\u00fcr\u00fcc\u00fcl\u00fcy\u00fc a\u015fa\u011f\u0131d\u0131r, ancaq s\u00fcr\u0259tl\u0259 yay\u0131l\u0131r&#8221; COVID-19 h\u0259l\u0259 uzun ... Davam\u0131","og_url":"https:\/\/www.meydan.tv\/az\/article\/albert-burla-omikron-qapanmalara-sebeb-olacaq-son-stamdir\/","og_site_name":"MEYDAN.TV","article_published_time":"2022-01-18T14:41:42+00:00","article_modified_time":"2022-01-18T14:41:44+00:00","og_image":[{"width":1200,"height":658,"url":"https:\/\/www.meydan.tv\/wp-content\/uploads\/shutterstock_2082100915.jpg","type":"image\/jpeg"}],"author":"elli","twitter_card":"summary_large_image","twitter_creator":"@elli","schema":{"@context":"https:\/\/schema.org","@graph":[{"@type":"Article","@id":"https:\/\/www.meydan.tv\/az\/article\/albert-burla-omikron-qapanmalara-sebeb-olacaq-son-stamdir\/#article","isPartOf":{"@id":"https:\/\/www.meydan.tv\/az\/article\/albert-burla-omikron-qapanmalara-sebeb-olacaq-son-stamdir\/"},"author":{"name":"elli","@id":"https:\/\/www.meydan.tv\/az\/#\/schema\/person\/9cdbecf90d17180ce1dfbd95b08dcf47"},"headline":"Albert Burla: &#8220;Omicron&#8221; qapanmalara s\u0259b\u0259b olacaq son \u015ftamd\u0131r&#8221;","datePublished":"2022-01-18T14:41:42+00:00","dateModified":"2022-01-18T14:41:44+00:00","mainEntityOfPage":{"@id":"https:\/\/www.meydan.tv\/az\/article\/albert-burla-omikron-qapanmalara-sebeb-olacaq-son-stamdir\/"},"wordCount":449,"publisher":{"@id":"https:\/\/www.meydan.tv\/az\/#organization"},"image":{"@id":"https:\/\/www.meydan.tv\/az\/article\/albert-burla-omikron-qapanmalara-sebeb-olacaq-son-stamdir\/#primaryimage"},"thumbnailUrl":"https:\/\/www.meydan.tv\/wp-content\/uploads\/shutterstock_2082100915.jpg","articleSection":["Sa\u011fl\u0131q","T\u00f6vsiy\u0259","X\u0259b\u0259rl\u0259r"],"inLanguage":"az"},{"@type":"WebPage","@id":"https:\/\/www.meydan.tv\/az\/article\/albert-burla-omikron-qapanmalara-sebeb-olacaq-son-stamdir\/","url":"https:\/\/www.meydan.tv\/az\/article\/albert-burla-omikron-qapanmalara-sebeb-olacaq-son-stamdir\/","name":"Albert Burla: \"Omicron\" qapanmalara s\u0259b\u0259b olacaq son \u015ftamd\u0131r\" - MEYDAN.TV","isPartOf":{"@id":"https:\/\/www.meydan.tv\/az\/#website"},"primaryImageOfPage":{"@id":"https:\/\/www.meydan.tv\/az\/article\/albert-burla-omikron-qapanmalara-sebeb-olacaq-son-stamdir\/#primaryimage"},"image":{"@id":"https:\/\/www.meydan.tv\/az\/article\/albert-burla-omikron-qapanmalara-sebeb-olacaq-son-stamdir\/#primaryimage"},"thumbnailUrl":"https:\/\/www.meydan.tv\/wp-content\/uploads\/shutterstock_2082100915.jpg","datePublished":"2022-01-18T14:41:42+00:00","dateModified":"2022-01-18T14:41:44+00:00","breadcrumb":{"@id":"https:\/\/www.meydan.tv\/az\/article\/albert-burla-omikron-qapanmalara-sebeb-olacaq-son-stamdir\/#breadcrumb"},"inLanguage":"az","potentialAction":[{"@type":"ReadAction","target":["https:\/\/www.meydan.tv\/az\/article\/albert-burla-omikron-qapanmalara-sebeb-olacaq-son-stamdir\/"]}]},{"@type":"ImageObject","inLanguage":"az","@id":"https:\/\/www.meydan.tv\/az\/article\/albert-burla-omikron-qapanmalara-sebeb-olacaq-son-stamdir\/#primaryimage","url":"https:\/\/www.meydan.tv\/wp-content\/uploads\/shutterstock_2082100915.jpg","contentUrl":"https:\/\/www.meydan.tv\/wp-content\/uploads\/shutterstock_2082100915.jpg","width":1200,"height":658,"caption":"Foto: By Tomas Ragina\/Shutterstock"},{"@type":"BreadcrumbList","@id":"https:\/\/www.meydan.tv\/az\/article\/albert-burla-omikron-qapanmalara-sebeb-olacaq-son-stamdir\/#breadcrumb","itemListElement":[{"@type":"ListItem","position":1,"name":"Ana s\u0259hif\u0259","item":"https:\/\/www.meydan.tv\/az\/"},{"@type":"ListItem","position":2,"name":"Sa\u011fl\u0131q","item":"https:\/\/www.meydan.tv\/az\/section\/sagliq\/"},{"@type":"ListItem","position":3,"name":"Albert Burla: &#8220;Omicron&#8221; qapanmalara s\u0259b\u0259b olacaq son \u015ftamd\u0131r&#8221;"}]},{"@type":"WebSite","@id":"https:\/\/www.meydan.tv\/az\/#website","url":"https:\/\/www.meydan.tv\/az\/","name":"MEYDAN.TV","description":"Meydan TV Az\u0259rbaycan\u0131n media m\u0259kan\u0131ndak\u0131 alternativ s\u0259sidir","publisher":{"@id":"https:\/\/www.meydan.tv\/az\/#organization"},"potentialAction":[{"@type":"SearchAction","target":{"@type":"EntryPoint","urlTemplate":"https:\/\/www.meydan.tv\/az\/?s={search_term_string}"},"query-input":{"@type":"PropertyValueSpecification","valueRequired":true,"valueName":"search_term_string"}}],"inLanguage":"az"},{"@type":"Organization","@id":"https:\/\/www.meydan.tv\/az\/#organization","name":"Meydan TV","url":"https:\/\/www.meydan.tv\/az\/","logo":{"@type":"ImageObject","inLanguage":"az","@id":"https:\/\/www.meydan.tv\/az\/#\/schema\/logo\/image\/","url":"https:\/\/www.meydan.tv\/wp-content\/uploads\/2021\/07\/meydan-logo.svg","contentUrl":"https:\/\/www.meydan.tv\/wp-content\/uploads\/2021\/07\/meydan-logo.svg","width":195,"height":46,"caption":"Meydan TV"},"image":{"@id":"https:\/\/www.meydan.tv\/az\/#\/schema\/logo\/image\/"}},{"@type":"Person","@id":"https:\/\/www.meydan.tv\/az\/#\/schema\/person\/9cdbecf90d17180ce1dfbd95b08dcf47","name":"elli","sameAs":["https:\/\/x.com\/elli"]}]}},"_links":{"self":[{"href":"https:\/\/www.meydan.tv\/az\/wp-json\/wp\/v2\/posts\/232111","targetHints":{"allow":["GET"]}}],"collection":[{"href":"https:\/\/www.meydan.tv\/az\/wp-json\/wp\/v2\/posts"}],"about":[{"href":"https:\/\/www.meydan.tv\/az\/wp-json\/wp\/v2\/types\/post"}],"author":[{"embeddable":true,"href":"https:\/\/www.meydan.tv\/az\/wp-json\/wp\/v2\/users\/8"}],"replies":[{"embeddable":true,"href":"https:\/\/www.meydan.tv\/az\/wp-json\/wp\/v2\/comments?post=232111"}],"version-history":[{"count":3,"href":"https:\/\/www.meydan.tv\/az\/wp-json\/wp\/v2\/posts\/232111\/revisions"}],"predecessor-version":[{"id":232125,"href":"https:\/\/www.meydan.tv\/az\/wp-json\/wp\/v2\/posts\/232111\/revisions\/232125"}],"wp:featuredmedia":[{"embeddable":true,"href":"https:\/\/www.meydan.tv\/az\/wp-json\/wp\/v2\/media\/228022"}],"wp:attachment":[{"href":"https:\/\/www.meydan.tv\/az\/wp-json\/wp\/v2\/media?parent=232111"}],"wp:term":[{"taxonomy":"category","embeddable":true,"href":"https:\/\/www.meydan.tv\/az\/wp-json\/wp\/v2\/categories?post=232111"},{"taxonomy":"post_tag","embeddable":true,"href":"https:\/\/www.meydan.tv\/az\/wp-json\/wp\/v2\/tags?post=232111"}],"curies":[{"name":"wp","href":"https:\/\/api.w.org\/{rel}","templated":true}]}}