{"id":232015,"date":"2022-01-17T16:40:09","date_gmt":"2022-01-17T12:40:09","guid":{"rendered":"https:\/\/www.meydan.tv\/?p=232015"},"modified":"2022-01-17T20:16:50","modified_gmt":"2022-01-17T16:16:50","slug":"azerbaycanin-gulesci-bokscu-basketbolcu-nazirleri","status":"publish","type":"post","link":"https:\/\/www.meydan.tv\/az\/article\/azerbaycanin-gulesci-bokscu-basketbolcu-nazirleri\/","title":{"rendered":"Az\u0259rbaycan\u0131n \u201cg\u00fcl\u0259\u015f\u00e7i\u201d, \u201cboks\u00e7u\u201d, \u201cbasketbol\u00e7u\u201d nazirl\u0259ri"},"content":{"rendered":"\n<p><em>Federasiyalardan hesabat\u0131 kim soru\u015facaq?<\/em><\/p>\n\n\n\n<p>Bir ne\u00e7\u0259 ay \u0259vv\u0259l Az\u0259rbaycan\u0131n G\u0259ncl\u0259r v\u0259 \u0130dman Nazirliyind\u0259 (AG\u0130N) yeni t\u0259yinat ger\u00e7\u0259kl\u0259\u015fdi. F\u0259rid Qay\u0131bov AG\u0130N-in yeni naziri kimi ictimaiyy\u0259t\u0259 t\u0259qdim olundu. O, bu postda a\u011f\u0131r x\u0259st\u0259likd\u0259n sonra v\u0259fat ed\u0259n Azad R\u0259himovu \u0259v\u0259z etdi.<\/p>\n\n\n\n<p>Uzun m\u00fcdd\u0259t Az\u0259rbaycan Gimnastika Federasiyas\u0131n\u0131n ba\u015f katibi kimi \u00e7al\u0131\u015fan Qay\u0131bovun g\u0259ncl\u0259r v\u0259 idman naziri postuna g\u0259tirilm\u0259si haqda m\u0259tbuatda kifay\u0259t q\u0259d\u0259r yaz\u0131l\u0131b, fikirl\u0259r s\u0259sl\u0259ndirilib. Yeni nazirl\u0259 ba\u011fl\u0131 fikirl\u0259ri \u00fcmumil\u0259\u015fdirs\u0259k, m\u0259nz\u0259r\u0259 t\u0259xmin\u0259n bel\u0259dir: g\u0259ncdir, i\u015fl\u0259m\u0259y\u0259 h\u0259v\u0259slidir, Az\u0259rbaycan idman\u0131n\u0131 inki\u015faf etdirm\u0259k \u00fc\u00e7\u00fcn potensial\u0131 var. Amma bir \u201c\u0259mma\u201d var. Qay\u0131bov t\u0259k deyil, Az\u0259rbaycanda m\u00fcxt\u0259lif idman n\u00f6vl\u0259ri, federasiyalar nazirl\u0259r, iri\u00e7apl\u0131 m\u0259murlar aras\u0131nda b\u00f6l\u00fc\u015fd\u00fcr\u00fcl\u00fcb. O nazirl\u0259r, m\u0259murlar ki, h\u0259r \u015feyl\u0259ri il\u0259 g\u0259ncl\u0259r v\u0259 idman nazirind\u0259n bir ne\u00e7\u0259 d\u0259f\u0259 a\u011f\u0131r g\u0259l\u0259rl\u0259r.<\/p>\n\n\n\n<p>M\u0259s\u0259l\u0259n\u2026<\/p>\n\n\n\n<p><strong>A\u011f\u0131r atletikan\u0131n \u201ca\u011f\u0131r adam\u201d\u0131<\/strong><\/p>\n\n\n\n<p>Az\u0259rbaycan A\u011f\u0131r Atletika Federasiyas\u0131n\u0131n prezidenti m\u00fcbali\u011f\u0259 olmas\u0131n, bineyi-q\u0259dimd\u0259n Cahangir \u018fsg\u0259rovdur. H\u0259min Cahangir \u018fsg\u0259rov ki, \u00f6lk\u0259nin s\u0259mas\u0131nda qu\u015f u\u00e7sa, ondan icaz\u0259 almal\u0131d\u0131r. \u018fsg\u0259rov \u201cAz\u0259rbaycan Hava Yollar\u0131\u201d Qapal\u0131 S\u0259hmdar C\u0259miyy\u0259tinin prezidentidir, kifay\u0259t q\u0259d\u0259r \u201ca\u011f\u0131r\u201d biridir. \u0130dman\u0131n a\u011f\u0131r atletika n\u00f6v\u00fcnd\u0259 n\u0259s\u0259 problem, ya da hans\u0131sa u\u011fur varsa, arxas\u0131nda \u018fsg\u0259rov dayan\u0131r. G\u0259ncl\u0259r v\u0259 idman naziri n\u0259inki Cahangir \u018fsg\u0259rovun \u201c\u015ftanq\u201d\u0131n\u0131 qald\u0131ra bilm\u0259z, onun icaz\u0259si olmadan a\u011f\u0131rl\u0131qqald\u0131rma \u00fczr\u0259 yar\u0131\u015flar\u0131n ke\u00e7irildiyi zala da gir\u0259 bilm\u0259z.<\/p>\n\n\n\n<p><strong>Vilay\u0259t Eyvazovun at\u0131c\u0131lar\u0131<\/strong><\/p>\n\n\n\n<p>\u00d6t\u0259n ilin dekabr ay\u0131nda Az\u0259rbaycan At\u0131c\u0131l\u0131q Federasiyas\u0131nda hesabat-se\u00e7ki konfrans\u0131 ke\u00e7irildi v\u0259 daxili i\u015fl\u0259r naziri, general-polkovnik Vilay\u0259t Eyvazov federasiyan\u0131n yeni prezidenti \u201cse\u00e7ildi\u201d. Bundan sonra Az\u0259rbaycanda bu idman n\u00f6v\u00fcn\u0259 \u0259sas cavabdeh \u015f\u0259xs daxili i\u015fl\u0259r naziridir. D\u00fc\u015f\u00fcn\u00fcn, sabah bu idman n\u00f6v\u00fc \u00fczr\u0259 beyn\u0259lxalq yar\u0131\u015f ke\u00e7irils\u0259 v\u0259 Az\u0259rbaycan idman\u00e7\u0131lar\u0131 h\u0259min yar\u0131\u015fda r\u00fcsvay\u00e7\u0131 n\u0259tic\u0259l\u0259r\u0259 imza atsalar, federasiya r\u0259hb\u0259rliyind\u0259n kim hesabat ist\u0259y\u0259c\u0259k? F\u0259rid Qay\u0131bov? G\u00fcld\u00fcrm\u0259yin adam\u0131\u2026<\/p>\n\n\n\n<p><strong>\u201cG\u00fcl\u0259\u015f\u00e7i\u201d Cabbarov, \u201cboks\u00e7u\u201d Heyd\u0259rov v\u0259 ba\u015fqalar\u0131<\/strong><\/p>\n\n\n\n<p>Bir s\u00f6zl\u0259, F\u0259rid Qay\u0131bovun i\u015fi g\u00f6yd\u0259 Allaha, yerd\u0259 nazirl\u0259r\u0259 qal\u0131b. Az\u0259rbaycanda sanball\u0131, nisb\u0259t\u0259n populyar olan idman n\u00f6vl\u0259rinin dem\u0259k olar, ham\u0131s\u0131 nazirl\u0259r\u0259, m\u0259murlara tap\u015f\u0131r\u0131l\u0131b. \u00d6lk\u0259nin t\u0259hsil naziri Emin \u018fmrullayev h\u0259m d\u0259, Az\u0259rbaycan Basketbol Federasiyas\u0131n\u0131n prezidentidir. Dey\u0259c\u0259ksiz, t\u0259hsil hara, basketbol hara? B\u0259s onda f\u00f6v\u0259q\u0259lad\u0259 hallar naziri, general-polkovnik, t\u0259bi g\u0259l\u0259nd\u0259 \u015feir d\u0259 yazan K\u0259mal\u0259ddin Heyd\u0259rovun boksda n\u0259 i\u015fi var? Milli M\u0259clisin ke\u00e7mi\u015f s\u0259dri, Az\u0259rbaycan Tennis Federasiyas\u0131na r\u0259hb\u0259rlik ed\u0259n Oqtay \u018fs\u0259dov \u00f6mr\u00fcnd\u0259 bir d\u0259f\u0259 d\u0259 olsun, tennis oynay\u0131bm\u0131? \u00d6lk\u0259d\u0259 h\u0259ndbol idman n\u00f6v\u00fcn\u0259 cavabdehlik da\u015f\u0131yan, Avtomobil Yollar\u0131 D\u00f6vl\u0259t Agentliyinin \u0130dar\u0259 Hey\u0259tinin s\u0259dri Saleh M\u0259mm\u0259dovu kims\u0259 bir d\u0259f\u0259 d\u0259 olsun h\u0259ndbol oynayan g\u00f6r\u00fcb? B\u0259lk\u0259, iqtisadiyyat naziri Mikay\u0131l Cabbarov ke\u00e7mi\u015f g\u00fcl\u0259\u015f\u00e7idir, x\u0259b\u0259rimiz yoxdur? H\u0259l\u0259 Velosiped \u0130dman\u0131 Federasiyas\u0131na r\u0259hb\u0259rlik ed\u0259n m\u00fcdafi\u0259 s\u0259nayesi naziri M\u0259d\u0259t Quliyev, At\u00e7\u0131l\u0131q Federasiyas\u0131n\u0131n ba\u015f\u0131nda dayanan D\u00f6vl\u0259t S\u0259rh\u0259d Xidm\u0259tinin r\u0259isi El\u00e7in Quliyevi demir\u0259m. H\u0259l\u0259 bunun futbolun \u201cf\u201d h\u0259rfin\u0259 d\u0259 d\u0259xli olmayan R\u00f6vn\u0259q Abdullayevi var. Az\u0259rbaycan futbolunun \u00fcz\u00fcn\u00fc neft kimi qara ed\u0259n SOCAR-\u0131n prezidenti R\u00f6vn\u0259q Abdullayev.<\/p>\n\n\n\n<p><strong>G\u00fcl\u00fcms\u0259yin, c\u0259nab nazir, g\u00fcl\u00fcms\u0259yin<\/strong><\/p>\n\n\n\n<p>\u0130dman sah\u0259sini, m\u00fcxt\u0259lif federasiyalar\u0131 nazirl\u0259r\u0259, m\u0259murlara calaq etm\u0259kl\u0259 u\u011fur g\u00f6zl\u0259m\u0259k sad\u0259l\u00f6vhl\u00fckd\u00fcr, \u00f6z\u00fcn\u00fc aldatmaqd\u0131r. Ola bilsin ki, zaman-zaman hans\u0131sa idman n\u00f6v\u00fcnd\u0259 u\u011fur \u0259ld\u0259 edilsin. Ancaq bu, m\u00fcv\u0259qq\u0259ti, anl\u0131q olacaq. \u0130st\u0259nil\u0259n sah\u0259ni inki\u015faf etdirm\u0259k \u00fc\u00e7\u00fcn islahatlar apar\u0131lmal\u0131, strategiya, plan t\u0259rtib edilm\u0259lidir. Bu nazirl\u0259rd\u0259n, m\u0259murlardan hans\u0131n\u0131n buna vaxt\u0131 v\u0259 h\u0259v\u0259si olacaq? H\u0259r \u015fey bir yana, ax\u0131 bu nazirl\u0259r, m\u0259murlar r\u0259hb\u0259rlik etdikl\u0259ri idman n\u00f6vl\u0259ri haqda he\u00e7 bir savada, bilgiy\u0259 sahib deyill\u0259r.<\/p>\n\n\n\n<p>H\u0259, bu nazirl\u0259r, m\u0259murlar da AFFA prezidenti R\u00f6vn\u0259q Abdullayev kimi, r\u0259hb\u0259rlik etdikl\u0259ri idman n\u00f6v\u00fcn\u00fc Elxan M\u0259mm\u0259dov kimi birin\u0259 tap\u015f\u0131r\u0131b, \u00f6zl\u0259ri k\u0259narda dayana bil\u0259rl\u0259r. Amma R\u00f6vn\u0259q Abdullayev-Elxan M\u0259mm\u0259dov tandeminin Az\u0259rbaycan futbolunu n\u0259 g\u00fcn\u0259 qoydu\u011fu da g\u00f6z \u00f6n\u00fcnd\u0259dir.&nbsp;&nbsp;<\/p>\n\n\n\n<p>F\u0259rid Qay\u0131bov tez-tez m\u00fcxt\u0259lif idman n\u00f6vl\u0259ri \u00fczr\u0259 federasiyalara ba\u015f \u00e7\u0259kir, r\u0259hb\u0259rlikl\u0259, idman\u00e7\u0131larla g\u00f6r\u00fc\u015f\u00fcr, pozlar, v\u0259dl\u0259r verir, g\u00fcl\u00fcms\u0259yir, \u015f\u0259kill\u0259r \u00e7\u0259kdirir v\u0259 sair v\u0259 ilax\u0131r. Bura kimi h\u0259r \u015fey yax\u015f\u0131d\u0131r. Amma bundan sonras\u0131 da\u015f\u0131n qayaya rast g\u0259lm\u0259si m\u0259s\u0259l\u0259sidir. Siz el\u0259 g\u00f6r\u00fc\u015fl\u0259r ke\u00e7irin, \u015f\u0259kill\u0259r \u00e7\u0259kdirin, g\u00fcl\u00fcms\u0259yin, c\u0259nab idman v\u0259 g\u0259ncl\u0259r naziri, sonras\u0131na Allah k\u0259rimdir.<\/p>\n","protected":false},"excerpt":{"rendered":"<p>Federasiyalardan hesabat\u0131 kim soru\u015facaq? Bir ne\u00e7\u0259 ay \u0259vv\u0259l Az\u0259rbaycan\u0131n G\u0259ncl\u0259r &#8230; <\/p>\n<p class=\"read-more-container\"><a title=\"Az\u0259rbaycan\u0131n \u201cg\u00fcl\u0259\u015f\u00e7i\u201d, \u201cboks\u00e7u\u201d, \u201cbasketbol\u00e7u\u201d nazirl\u0259ri\" class=\"read-more button\" href=\"https:\/\/www.meydan.tv\/az\/article\/azerbaycanin-gulesci-bokscu-basketbolcu-nazirleri\/#more-232015\" aria-label=\"Read more about Az\u0259rbaycan\u0131n \u201cg\u00fcl\u0259\u015f\u00e7i\u201d, \u201cboks\u00e7u\u201d, \u201cbasketbol\u00e7u\u201d nazirl\u0259ri\">Davam\u0131<\/a><\/p>\n","protected":false},"author":8,"featured_media":232020,"comment_status":"closed","ping_status":"closed","sticky":false,"template":"","format":"standard","meta":{"_acf_changed":false,"_sitemap_exclude":false,"_sitemap_priority":"","_sitemap_frequency":"","footnotes":""},"categories":[57,79],"tags":[],"class_list":["post-232015","post","type-post","status-publish","format-standard","has-post-thumbnail","hentry","category-menim-fikrimce","category-featured","infinite-scroll-item","generate-columns","tablet-grid-50","mobile-grid-100","grid-parent","grid-33","no-featured-image-padding"],"acf":[],"yoast_head":"<!-- This site is optimized with the Yoast SEO plugin v27.4 - https:\/\/yoast.com\/product\/yoast-seo-wordpress\/ -->\n<title>Az\u0259rbaycan\u0131n \u201cg\u00fcl\u0259\u015f\u00e7i\u201d, \u201cboks\u00e7u\u201d, \u201cbasketbol\u00e7u\u201d nazirl\u0259ri - MEYDAN.TV<\/title>\n<meta name=\"robots\" content=\"index, follow, max-snippet:-1, max-image-preview:large, max-video-preview:-1\" \/>\n<link rel=\"canonical\" href=\"https:\/\/www.meydan.tv\/az\/article\/azerbaycanin-gulesci-bokscu-basketbolcu-nazirleri\/\" \/>\n<meta property=\"og:locale\" content=\"az_AZ\" \/>\n<meta property=\"og:type\" content=\"article\" \/>\n<meta property=\"og:title\" content=\"Az\u0259rbaycan\u0131n \u201cg\u00fcl\u0259\u015f\u00e7i\u201d, \u201cboks\u00e7u\u201d, \u201cbasketbol\u00e7u\u201d nazirl\u0259ri - MEYDAN.TV\" \/>\n<meta property=\"og:description\" content=\"Federasiyalardan hesabat\u0131 kim soru\u015facaq? Bir ne\u00e7\u0259 ay \u0259vv\u0259l Az\u0259rbaycan\u0131n G\u0259ncl\u0259r ... Davam\u0131\" \/>\n<meta property=\"og:url\" content=\"https:\/\/www.meydan.tv\/az\/article\/azerbaycanin-gulesci-bokscu-basketbolcu-nazirleri\/\" \/>\n<meta property=\"og:site_name\" content=\"MEYDAN.TV\" \/>\n<meta property=\"article:published_time\" content=\"2022-01-17T12:40:09+00:00\" \/>\n<meta property=\"article:modified_time\" content=\"2022-01-17T16:16:50+00:00\" \/>\n<meta property=\"og:image\" content=\"https:\/\/www.meydan.tv\/wp-content\/uploads\/img_6859.jpg\" \/>\n\t<meta property=\"og:image:width\" content=\"1280\" \/>\n\t<meta property=\"og:image:height\" content=\"630\" \/>\n\t<meta property=\"og:image:type\" content=\"image\/jpeg\" \/>\n<meta name=\"author\" content=\"elli\" \/>\n<meta name=\"twitter:card\" content=\"summary_large_image\" \/>\n<meta name=\"twitter:creator\" content=\"@elli\" \/>\n<script type=\"application\/ld+json\" class=\"yoast-schema-graph\">{\"@context\":\"https:\\\/\\\/schema.org\",\"@graph\":[{\"@type\":\"Article\",\"@id\":\"https:\\\/\\\/www.meydan.tv\\\/az\\\/article\\\/azerbaycanin-gulesci-bokscu-basketbolcu-nazirleri\\\/#article\",\"isPartOf\":{\"@id\":\"https:\\\/\\\/www.meydan.tv\\\/az\\\/article\\\/azerbaycanin-gulesci-bokscu-basketbolcu-nazirleri\\\/\"},\"author\":{\"name\":\"elli\",\"@id\":\"https:\\\/\\\/www.meydan.tv\\\/az\\\/#\\\/schema\\\/person\\\/9cdbecf90d17180ce1dfbd95b08dcf47\"},\"headline\":\"Az\u0259rbaycan\u0131n \u201cg\u00fcl\u0259\u015f\u00e7i\u201d, \u201cboks\u00e7u\u201d, \u201cbasketbol\u00e7u\u201d nazirl\u0259ri\",\"datePublished\":\"2022-01-17T12:40:09+00:00\",\"dateModified\":\"2022-01-17T16:16:50+00:00\",\"mainEntityOfPage\":{\"@id\":\"https:\\\/\\\/www.meydan.tv\\\/az\\\/article\\\/azerbaycanin-gulesci-bokscu-basketbolcu-nazirleri\\\/\"},\"wordCount\":1002,\"publisher\":{\"@id\":\"https:\\\/\\\/www.meydan.tv\\\/az\\\/#organization\"},\"image\":{\"@id\":\"https:\\\/\\\/www.meydan.tv\\\/az\\\/article\\\/azerbaycanin-gulesci-bokscu-basketbolcu-nazirleri\\\/#primaryimage\"},\"thumbnailUrl\":\"https:\\\/\\\/www.meydan.tv\\\/wp-content\\\/uploads\\\/img_6859.jpg\",\"articleSection\":[\"M\u0259nim Fikrimc\u0259\",\"T\u00f6vsiy\u0259\"],\"inLanguage\":\"az\"},{\"@type\":\"WebPage\",\"@id\":\"https:\\\/\\\/www.meydan.tv\\\/az\\\/article\\\/azerbaycanin-gulesci-bokscu-basketbolcu-nazirleri\\\/\",\"url\":\"https:\\\/\\\/www.meydan.tv\\\/az\\\/article\\\/azerbaycanin-gulesci-bokscu-basketbolcu-nazirleri\\\/\",\"name\":\"Az\u0259rbaycan\u0131n \u201cg\u00fcl\u0259\u015f\u00e7i\u201d, \u201cboks\u00e7u\u201d, \u201cbasketbol\u00e7u\u201d nazirl\u0259ri - MEYDAN.TV\",\"isPartOf\":{\"@id\":\"https:\\\/\\\/www.meydan.tv\\\/az\\\/#website\"},\"primaryImageOfPage\":{\"@id\":\"https:\\\/\\\/www.meydan.tv\\\/az\\\/article\\\/azerbaycanin-gulesci-bokscu-basketbolcu-nazirleri\\\/#primaryimage\"},\"image\":{\"@id\":\"https:\\\/\\\/www.meydan.tv\\\/az\\\/article\\\/azerbaycanin-gulesci-bokscu-basketbolcu-nazirleri\\\/#primaryimage\"},\"thumbnailUrl\":\"https:\\\/\\\/www.meydan.tv\\\/wp-content\\\/uploads\\\/img_6859.jpg\",\"datePublished\":\"2022-01-17T12:40:09+00:00\",\"dateModified\":\"2022-01-17T16:16:50+00:00\",\"breadcrumb\":{\"@id\":\"https:\\\/\\\/www.meydan.tv\\\/az\\\/article\\\/azerbaycanin-gulesci-bokscu-basketbolcu-nazirleri\\\/#breadcrumb\"},\"inLanguage\":\"az\",\"potentialAction\":[{\"@type\":\"ReadAction\",\"target\":[\"https:\\\/\\\/www.meydan.tv\\\/az\\\/article\\\/azerbaycanin-gulesci-bokscu-basketbolcu-nazirleri\\\/\"]}]},{\"@type\":\"ImageObject\",\"inLanguage\":\"az\",\"@id\":\"https:\\\/\\\/www.meydan.tv\\\/az\\\/article\\\/azerbaycanin-gulesci-bokscu-basketbolcu-nazirleri\\\/#primaryimage\",\"url\":\"https:\\\/\\\/www.meydan.tv\\\/wp-content\\\/uploads\\\/img_6859.jpg\",\"contentUrl\":\"https:\\\/\\\/www.meydan.tv\\\/wp-content\\\/uploads\\\/img_6859.jpg\",\"width\":1280,\"height\":630,\"caption\":\"M\u0259nb\u0259: G\u0259ncl\u0259r v\u0259 \u0130dman Nazirliyi\"},{\"@type\":\"BreadcrumbList\",\"@id\":\"https:\\\/\\\/www.meydan.tv\\\/az\\\/article\\\/azerbaycanin-gulesci-bokscu-basketbolcu-nazirleri\\\/#breadcrumb\",\"itemListElement\":[{\"@type\":\"ListItem\",\"position\":1,\"name\":\"Ana s\u0259hif\u0259\",\"item\":\"https:\\\/\\\/www.meydan.tv\\\/az\\\/\"},{\"@type\":\"ListItem\",\"position\":2,\"name\":\"M\u0259nim Fikrimc\u0259\",\"item\":\"https:\\\/\\\/www.meydan.tv\\\/az\\\/section\\\/menim-fikrimce\\\/\"},{\"@type\":\"ListItem\",\"position\":3,\"name\":\"Az\u0259rbaycan\u0131n \u201cg\u00fcl\u0259\u015f\u00e7i\u201d, \u201cboks\u00e7u\u201d, \u201cbasketbol\u00e7u\u201d nazirl\u0259ri\"}]},{\"@type\":\"WebSite\",\"@id\":\"https:\\\/\\\/www.meydan.tv\\\/az\\\/#website\",\"url\":\"https:\\\/\\\/www.meydan.tv\\\/az\\\/\",\"name\":\"MEYDAN.TV\",\"description\":\"Meydan TV Az\u0259rbaycan\u0131n media m\u0259kan\u0131ndak\u0131 alternativ s\u0259sidir\",\"publisher\":{\"@id\":\"https:\\\/\\\/www.meydan.tv\\\/az\\\/#organization\"},\"potentialAction\":[{\"@type\":\"SearchAction\",\"target\":{\"@type\":\"EntryPoint\",\"urlTemplate\":\"https:\\\/\\\/www.meydan.tv\\\/az\\\/?s={search_term_string}\"},\"query-input\":{\"@type\":\"PropertyValueSpecification\",\"valueRequired\":true,\"valueName\":\"search_term_string\"}}],\"inLanguage\":\"az\"},{\"@type\":\"Organization\",\"@id\":\"https:\\\/\\\/www.meydan.tv\\\/az\\\/#organization\",\"name\":\"Meydan TV\",\"url\":\"https:\\\/\\\/www.meydan.tv\\\/az\\\/\",\"logo\":{\"@type\":\"ImageObject\",\"inLanguage\":\"az\",\"@id\":\"https:\\\/\\\/www.meydan.tv\\\/az\\\/#\\\/schema\\\/logo\\\/image\\\/\",\"url\":\"https:\\\/\\\/www.meydan.tv\\\/wp-content\\\/uploads\\\/2021\\\/07\\\/meydan-logo.svg\",\"contentUrl\":\"https:\\\/\\\/www.meydan.tv\\\/wp-content\\\/uploads\\\/2021\\\/07\\\/meydan-logo.svg\",\"width\":195,\"height\":46,\"caption\":\"Meydan TV\"},\"image\":{\"@id\":\"https:\\\/\\\/www.meydan.tv\\\/az\\\/#\\\/schema\\\/logo\\\/image\\\/\"}},{\"@type\":\"Person\",\"@id\":\"https:\\\/\\\/www.meydan.tv\\\/az\\\/#\\\/schema\\\/person\\\/9cdbecf90d17180ce1dfbd95b08dcf47\",\"name\":\"elli\",\"sameAs\":[\"https:\\\/\\\/x.com\\\/elli\"]}]}<\/script>\n<!-- \/ Yoast SEO plugin. -->","yoast_head_json":{"title":"Az\u0259rbaycan\u0131n \u201cg\u00fcl\u0259\u015f\u00e7i\u201d, \u201cboks\u00e7u\u201d, \u201cbasketbol\u00e7u\u201d nazirl\u0259ri - MEYDAN.TV","robots":{"index":"index","follow":"follow","max-snippet":"max-snippet:-1","max-image-preview":"max-image-preview:large","max-video-preview":"max-video-preview:-1"},"canonical":"https:\/\/www.meydan.tv\/az\/article\/azerbaycanin-gulesci-bokscu-basketbolcu-nazirleri\/","og_locale":"az_AZ","og_type":"article","og_title":"Az\u0259rbaycan\u0131n \u201cg\u00fcl\u0259\u015f\u00e7i\u201d, \u201cboks\u00e7u\u201d, \u201cbasketbol\u00e7u\u201d nazirl\u0259ri - MEYDAN.TV","og_description":"Federasiyalardan hesabat\u0131 kim soru\u015facaq? Bir ne\u00e7\u0259 ay \u0259vv\u0259l Az\u0259rbaycan\u0131n G\u0259ncl\u0259r ... Davam\u0131","og_url":"https:\/\/www.meydan.tv\/az\/article\/azerbaycanin-gulesci-bokscu-basketbolcu-nazirleri\/","og_site_name":"MEYDAN.TV","article_published_time":"2022-01-17T12:40:09+00:00","article_modified_time":"2022-01-17T16:16:50+00:00","og_image":[{"width":1280,"height":630,"url":"https:\/\/www.meydan.tv\/wp-content\/uploads\/img_6859.jpg","type":"image\/jpeg"}],"author":"elli","twitter_card":"summary_large_image","twitter_creator":"@elli","schema":{"@context":"https:\/\/schema.org","@graph":[{"@type":"Article","@id":"https:\/\/www.meydan.tv\/az\/article\/azerbaycanin-gulesci-bokscu-basketbolcu-nazirleri\/#article","isPartOf":{"@id":"https:\/\/www.meydan.tv\/az\/article\/azerbaycanin-gulesci-bokscu-basketbolcu-nazirleri\/"},"author":{"name":"elli","@id":"https:\/\/www.meydan.tv\/az\/#\/schema\/person\/9cdbecf90d17180ce1dfbd95b08dcf47"},"headline":"Az\u0259rbaycan\u0131n \u201cg\u00fcl\u0259\u015f\u00e7i\u201d, \u201cboks\u00e7u\u201d, \u201cbasketbol\u00e7u\u201d nazirl\u0259ri","datePublished":"2022-01-17T12:40:09+00:00","dateModified":"2022-01-17T16:16:50+00:00","mainEntityOfPage":{"@id":"https:\/\/www.meydan.tv\/az\/article\/azerbaycanin-gulesci-bokscu-basketbolcu-nazirleri\/"},"wordCount":1002,"publisher":{"@id":"https:\/\/www.meydan.tv\/az\/#organization"},"image":{"@id":"https:\/\/www.meydan.tv\/az\/article\/azerbaycanin-gulesci-bokscu-basketbolcu-nazirleri\/#primaryimage"},"thumbnailUrl":"https:\/\/www.meydan.tv\/wp-content\/uploads\/img_6859.jpg","articleSection":["M\u0259nim Fikrimc\u0259","T\u00f6vsiy\u0259"],"inLanguage":"az"},{"@type":"WebPage","@id":"https:\/\/www.meydan.tv\/az\/article\/azerbaycanin-gulesci-bokscu-basketbolcu-nazirleri\/","url":"https:\/\/www.meydan.tv\/az\/article\/azerbaycanin-gulesci-bokscu-basketbolcu-nazirleri\/","name":"Az\u0259rbaycan\u0131n \u201cg\u00fcl\u0259\u015f\u00e7i\u201d, \u201cboks\u00e7u\u201d, \u201cbasketbol\u00e7u\u201d nazirl\u0259ri - MEYDAN.TV","isPartOf":{"@id":"https:\/\/www.meydan.tv\/az\/#website"},"primaryImageOfPage":{"@id":"https:\/\/www.meydan.tv\/az\/article\/azerbaycanin-gulesci-bokscu-basketbolcu-nazirleri\/#primaryimage"},"image":{"@id":"https:\/\/www.meydan.tv\/az\/article\/azerbaycanin-gulesci-bokscu-basketbolcu-nazirleri\/#primaryimage"},"thumbnailUrl":"https:\/\/www.meydan.tv\/wp-content\/uploads\/img_6859.jpg","datePublished":"2022-01-17T12:40:09+00:00","dateModified":"2022-01-17T16:16:50+00:00","breadcrumb":{"@id":"https:\/\/www.meydan.tv\/az\/article\/azerbaycanin-gulesci-bokscu-basketbolcu-nazirleri\/#breadcrumb"},"inLanguage":"az","potentialAction":[{"@type":"ReadAction","target":["https:\/\/www.meydan.tv\/az\/article\/azerbaycanin-gulesci-bokscu-basketbolcu-nazirleri\/"]}]},{"@type":"ImageObject","inLanguage":"az","@id":"https:\/\/www.meydan.tv\/az\/article\/azerbaycanin-gulesci-bokscu-basketbolcu-nazirleri\/#primaryimage","url":"https:\/\/www.meydan.tv\/wp-content\/uploads\/img_6859.jpg","contentUrl":"https:\/\/www.meydan.tv\/wp-content\/uploads\/img_6859.jpg","width":1280,"height":630,"caption":"M\u0259nb\u0259: G\u0259ncl\u0259r v\u0259 \u0130dman Nazirliyi"},{"@type":"BreadcrumbList","@id":"https:\/\/www.meydan.tv\/az\/article\/azerbaycanin-gulesci-bokscu-basketbolcu-nazirleri\/#breadcrumb","itemListElement":[{"@type":"ListItem","position":1,"name":"Ana s\u0259hif\u0259","item":"https:\/\/www.meydan.tv\/az\/"},{"@type":"ListItem","position":2,"name":"M\u0259nim Fikrimc\u0259","item":"https:\/\/www.meydan.tv\/az\/section\/menim-fikrimce\/"},{"@type":"ListItem","position":3,"name":"Az\u0259rbaycan\u0131n \u201cg\u00fcl\u0259\u015f\u00e7i\u201d, \u201cboks\u00e7u\u201d, \u201cbasketbol\u00e7u\u201d nazirl\u0259ri"}]},{"@type":"WebSite","@id":"https:\/\/www.meydan.tv\/az\/#website","url":"https:\/\/www.meydan.tv\/az\/","name":"MEYDAN.TV","description":"Meydan TV Az\u0259rbaycan\u0131n media m\u0259kan\u0131ndak\u0131 alternativ s\u0259sidir","publisher":{"@id":"https:\/\/www.meydan.tv\/az\/#organization"},"potentialAction":[{"@type":"SearchAction","target":{"@type":"EntryPoint","urlTemplate":"https:\/\/www.meydan.tv\/az\/?s={search_term_string}"},"query-input":{"@type":"PropertyValueSpecification","valueRequired":true,"valueName":"search_term_string"}}],"inLanguage":"az"},{"@type":"Organization","@id":"https:\/\/www.meydan.tv\/az\/#organization","name":"Meydan TV","url":"https:\/\/www.meydan.tv\/az\/","logo":{"@type":"ImageObject","inLanguage":"az","@id":"https:\/\/www.meydan.tv\/az\/#\/schema\/logo\/image\/","url":"https:\/\/www.meydan.tv\/wp-content\/uploads\/2021\/07\/meydan-logo.svg","contentUrl":"https:\/\/www.meydan.tv\/wp-content\/uploads\/2021\/07\/meydan-logo.svg","width":195,"height":46,"caption":"Meydan TV"},"image":{"@id":"https:\/\/www.meydan.tv\/az\/#\/schema\/logo\/image\/"}},{"@type":"Person","@id":"https:\/\/www.meydan.tv\/az\/#\/schema\/person\/9cdbecf90d17180ce1dfbd95b08dcf47","name":"elli","sameAs":["https:\/\/x.com\/elli"]}]}},"_links":{"self":[{"href":"https:\/\/www.meydan.tv\/az\/wp-json\/wp\/v2\/posts\/232015","targetHints":{"allow":["GET"]}}],"collection":[{"href":"https:\/\/www.meydan.tv\/az\/wp-json\/wp\/v2\/posts"}],"about":[{"href":"https:\/\/www.meydan.tv\/az\/wp-json\/wp\/v2\/types\/post"}],"author":[{"embeddable":true,"href":"https:\/\/www.meydan.tv\/az\/wp-json\/wp\/v2\/users\/8"}],"replies":[{"embeddable":true,"href":"https:\/\/www.meydan.tv\/az\/wp-json\/wp\/v2\/comments?post=232015"}],"version-history":[{"count":3,"href":"https:\/\/www.meydan.tv\/az\/wp-json\/wp\/v2\/posts\/232015\/revisions"}],"predecessor-version":[{"id":232044,"href":"https:\/\/www.meydan.tv\/az\/wp-json\/wp\/v2\/posts\/232015\/revisions\/232044"}],"wp:featuredmedia":[{"embeddable":true,"href":"https:\/\/www.meydan.tv\/az\/wp-json\/wp\/v2\/media\/232020"}],"wp:attachment":[{"href":"https:\/\/www.meydan.tv\/az\/wp-json\/wp\/v2\/media?parent=232015"}],"wp:term":[{"taxonomy":"category","embeddable":true,"href":"https:\/\/www.meydan.tv\/az\/wp-json\/wp\/v2\/categories?post=232015"},{"taxonomy":"post_tag","embeddable":true,"href":"https:\/\/www.meydan.tv\/az\/wp-json\/wp\/v2\/tags?post=232015"}],"curies":[{"name":"wp","href":"https:\/\/api.w.org\/{rel}","templated":true}]}}