{"id":231910,"date":"2022-01-17T12:38:25","date_gmt":"2022-01-17T08:38:25","guid":{"rendered":"https:\/\/www.meydan.tv\/?p=231910"},"modified":"2022-01-17T12:38:27","modified_gmt":"2022-01-17T08:38:27","slug":"azerbaycan-huququ-felsefesi-ve-gercekleri-5","status":"publish","type":"post","link":"https:\/\/www.meydan.tv\/az\/article\/azerbaycan-huququ-felsefesi-ve-gercekleri-5\/","title":{"rendered":"Az\u0259rbaycan h\u00fcququ: f\u0259ls\u0259f\u0259si v\u0259 ger\u00e7\u0259kl\u0259ri"},"content":{"rendered":"\n<p><em>H\u00fcquq elmi<\/em><\/p>\n\n\n\n<p><strong>(be\u015finci yaz\u0131)<\/strong><\/p>\n\n\n\n<p>H\u00fcquq elmini h\u00fcquq doqmatikas\u0131 v\u0259 ya analitik yurisprudensiya adland\u0131r\u0131rlar. Onun t\u0259dqiqat predmeti qanunvericilik, h\u00fcquqla tan\u0131nan ad\u0259tl\u0259r, geni\u015f anlamda qanunvericiliyin t\u0259tbiqi, t\u0259fsiri, m\u0259hk\u0259m\u0259 praktikas\u0131 v\u0259 sairdir.<\/p>\n\n\n\n<p>Az\u0259rbaycanda h\u00fcquq elmi varm\u0131? T\u0259bii ki, var, dey\u0259c\u0259ksiniz. He\u00e7 m\u0259n d\u0259 \u201cyoxdur\u201d demir\u0259m. H\u00fcquq elmi olmayan \u00f6lk\u0259 yoxdur. D\u00f6vl\u0259t, h\u00fcquq, aliml\u0259r varsa, elm d\u0259 var. Amma elm ad\u0131 il\u0259 deyil, elmi n\u0259tic\u0259l\u0259ri, d\u00fcnya elmin\u0259 verdiyi tohf\u0259l\u0259r, \u00f6lk\u0259 d\u0131\u015f\u0131nda tan\u0131nan aliml\u0259ri il\u0259 var olur. Bu bax\u0131mdan yana\u015fanda \u201cbizd\u0259 d\u0259 h\u00fcquq elmi var\u201d dem\u0259y\u0259 adam \u00e7\u0259tinlik \u00e7\u0259kir.<\/p>\n\n\n\n<p>Bizd\u0259 ciddi h\u00fcquq elminin olmamas\u0131n\u0131n \u00e7e\u015fidli s\u0259b\u0259bl\u0259ri var:<\/p>\n\n\n\n<p>&#8211; <strong>Birinci<\/strong>,&nbsp;elml\u0259 m\u0259\u015f\u011ful olmaq perspektivli m\u0259\u015f\u011fuliyy\u0259t deyil.<\/p>\n\n\n\n<p>&#8211;&nbsp;<strong>\u0130kinci<\/strong>, ger\u00e7\u0259k elm h\u0259m d\u0259 avtoritar, h\u00fcquq prinsipl\u0259rini pozan qanunlar\u0131n s\u0259rt t\u0259nqidi dem\u0259kdir. Bel\u0259 elmi ara\u015fd\u0131rmalar is\u0259 he\u00e7 kim\u0259 g\u0259r\u0259k deyil v\u0259 onun \u00e7ap\u0131, m\u00fcdafi\u0259si m\u00fcmk\u00fcns\u00fczd\u00fcr. Elm, \u00f6z\u0259llikl\u0259 h\u00fcquq elmi alim-m\u0259murlar\u0131n v\u0259 zor\u0259n-aliml\u0259rin fazendas\u0131na v\u0259 qurban\u0131na \u00e7evrilib.<\/p>\n\n\n\n<p>&#8211;&nbsp;<strong>\u00dc\u00e7\u00fcnc\u00fc<\/strong>, m\u0259hk\u0259m\u0259 praktikas\u0131 il\u0259 tan\u0131\u015fl\u0131q \u0259slind\u0259 m\u00fcmk\u00fcns\u00fczd\u00fcr, m\u0259hk\u0259m\u0259 t\u0259cr\u00fcb\u0259sinin ara\u015fd\u0131r\u0131lmas\u0131 \u00fc\u00e7\u00fcn material a\u00e7\u0131q deyil. M\u0259hk\u0259m\u0259 q\u0259rarlar\u0131n\u0131n \u00e7ap\u0131 maksimum q\u0131s\u0131d\u0131l\u0131b v\u0259 \u0259l\u00e7atan deyil.<\/p>\n\n\n\n<p>&#8211;&nbsp;<strong>D\u00f6rd\u00fcnc\u00fc<\/strong>, g\u0259nc aliml\u0259ri yeti\u015fdir\u0259n normal t\u0259hsil sistemi, elmi r\u0259hb\u0259rlik ed\u0259n, g\u0259ncl\u0259r\u0259 istiqam\u0259t ver\u0259n ustad-aliml\u0259r yoxdur. \u00dcmumiyy\u0259tl\u0259, h\u00fcquq t\u0259hsili b\u0259rbad durumdad\u0131r, h\u0259tta \u0259la\u00e7\u0131 universitet m\u0259zunu da praktikaya g\u0259l\u0259nd\u0259 b\u0259lli olur ki, onu, sad\u0259c\u0259, diplomuna g\u00f6r\u0259 h\u00fcquq\u00e7u adland\u0131rmaq olar.<\/p>\n\n\n\n<p>Ger\u00e7\u0259k elm \u015f\u0259xsiyy\u0259t say\u0131lan aliml\u0259ri, \u00f6z\u00fcn\u00fc ancaq elm\u0259 borclu sayan ziyal\u0131lar\u0131, r\u0259smi ideoloji ustanovkalar tan\u0131mayan, h\u0259qiq\u0259ti tanr\u0131s\u0131 sayan talantl\u0131 insanlar\u0131yla elmdir. H\u0259r bir elm sah\u0259sinin elmi aparat\u0131, qanunlar\u0131, tarixi qaydalar\u0131 v\u0259 tap\u0131nd\u0131\u011f\u0131 d\u0259y\u0259rl\u0259r var.<\/p>\n\n\n\n<p>Bir ne\u00e7\u0259 il qabaq Az\u0259rbaycan Milli Elml\u0259r Akademiyas\u0131n\u0131n 65 illiyi il\u0259 ba\u011fl\u0131 beyn\u0259lxalq elmi-praktik konfrans ke\u00e7irilirdi. \u201cElmin inki\u015faf\u0131 \u00fczr\u0259 Milli Strategiyan\u0131n v\u0259 D\u00f6vl\u0259t Proqram\u0131\u201dn\u0131n icras\u0131 il\u0259 \u0259laq\u0259dar h\u00fcquq\u00e7u aliml\u0259rd\u0259n ibar\u0259t i\u015f\u00e7i qrupun r\u0259hb\u0259ri \u00e7\u0131x\u0131\u015f\u0131nda demi\u015fdi: \u201c\u2026Biz konkret t\u0259dbirl\u0259r h\u0259yata ke\u00e7irm\u0259liyik ki, akademik Ramiz Mehdiyevin qeyd etdiyi probleml\u0259ri \u2013 h\u00fcquq t\u0259hsili, h\u00fcquq kadrlar\u0131n\u0131n haz\u0131rlanmas\u0131 v\u0259 elmi-t\u0259dqiqat i\u015fl\u0259rinin keyfiyy\u0259tinin g\u00fcn\u00fcn t\u0259l\u0259bl\u0259ri s\u0259viyy\u0259sin\u0259 qald\u0131r\u0131lmas\u0131n\u0131 t\u0259min ed\u0259k\u201d.<\/p>\n\n\n\n<p>O vaxt R.Mehdiyev AMEA-n\u0131n prezidenti deyildi, icra hakimiyy\u0259tinin i\u015f\u00e7isi idi. H\u00fcquq elminin probleml\u0259rini h\u00fcquqa d\u0259xli olmayan adamdan \u00f6yr\u0259n\u0259n h\u00fcquq elml\u0259ri doktorunun elmi nailiyy\u0259tini, elm\u0259 v\u0259 onun inki\u015faf\u0131na m\u00fcnasib\u0259tini t\u0259s\u0259vv\u00fcr etm\u0259k, y\u0259qin ki, \u00e7\u0259tin olmaz.<\/p>\n\n\n\n<p><strong>Bel\u0259 t\u0259f\u0259kk\u00fcr sahibi ger\u00e7\u0259k elm yarada bil\u0259rmi?<\/strong><\/p>\n\n\n\n<p>Bir misal da \u00f6z praktikamdan deyim. Bir ne\u00e7\u0259 il qabaq bir elmi jurnala redaktorluq etm\u0259yi xahi\u015f el\u0259dil\u0259r. Jurnala t\u0259qdim olunan elmi m\u0259qal\u0259l\u0259r aspirant v\u0259 dissertantlar\u0131n n\u00f6vb\u0259t\u00e7i (m\u00fcdafi\u0259 \u00fc\u00e7\u00fcn) m\u0259qal\u0259l\u0259rind\u0259n (ad\u0259t\u0259n plagiat) v\u0259 aliml\u0259rin yaz\u0131lar\u0131ndan ibar\u0259t idi. Vicdanl\u0131 adam kimi b\u00fct\u00fcn yaz\u0131lar\u0131 diqq\u0259tl\u0259 oxuyurdum.<\/p>\n\n\n\n<p><strong>M\u0259qal\u0259l\u0259ri \u00fc\u00e7 qrupa ay\u0131rd\u0131m:<\/strong><\/p>\n\n\n\n<ul class=\"wp-block-list\"><li><em>birinci, \u00e7ap\u0131 m\u00fcmk\u00fcn olan yaz\u0131lar,<\/em><\/li><li><em>ikinci, yarars\u0131z yaz\u0131lar,<\/em><\/li><li><em>\u00fc\u00e7\u00fcnc\u00fc, \u00fcz\u0259rind\u0259 i\u015fl\u0259m\u0259k \u015f\u0259rti il\u0259 \u00e7ap\u0131 m\u00fcmk\u00fcn olan yaz\u0131lar.<\/em><\/li><\/ul>\n\n\n\n<p>T\u0259bii ki, ikinci v\u0259 \u00fc\u00e7\u00fcnc\u00fc qrup yaz\u0131lar\u0131 konkret qeydl\u0259rl\u0259 m\u00fc\u0259llifl\u0259r\u0259 qaytard\u0131m. M\u00fc\u0259llifl\u0259rin \u00e7oxu kiml\u0259rins\u0259 u\u015faqlar\u0131, qohumlar\u0131, n\u0259 bilim n\u0259l\u0259ri idi. Akademiyada i\u015fl\u0259y\u0259n bir tan\u0131\u015f aliml\u0259 t\u0259sad\u00fcf\u0259n k\u00fc\u00e7\u0259d\u0259 rastla\u015fd\u0131m. Adam m\u0259n\u0259 diqq\u0259tl\u0259 bax\u0131b g\u00fcl\u0259-g\u00fcl\u0259 dedi ki, bilirs\u0259n neyl\u0259mis\u0259n? A\u00e7\u0131\u011f\u0131, el\u0259diyim\u0259 adi bir i\u015f kimi baxd\u0131\u011f\u0131mdan m\u0259n d\u0259 t\u0259\u0259cc\u00fcbl\u0259 n\u0259 el\u0259diyimi soru\u015fdum. Dedi ki, \u201cAkademiyan\u0131n F\u0259ls\u0259f\u0259 v\u0259 H\u00fcquq \u0130nstitutunda ham\u0131 s\u0259nd\u0259n dan\u0131\u015f\u0131r, bilirs\u0259n kiml\u0259rin yaz\u0131s\u0131n\u0131 qaytarm\u0131san? Bu i\u015fin ax\u0131r\u0131 yax\u015f\u0131 olmayacaq\u201d.<\/p>\n\n\n\n<p>D\u00fcz\u00fc, t\u0259\u0259cc\u00fcb el\u0259dim, el\u0259 bilirdim ki, yaz\u0131lara m\u00fc\u0259llif\u0259 g\u00f6r\u0259 deyil, elmi d\u0259y\u0259rin\u0259 g\u00f6r\u0259 qiym\u0259t verm\u0259k g\u0259r\u0259kdir. Bir ne\u00e7\u0259 aydan sonra jurnal\u0131n sahibi m\u0259niml\u0259 vidala\u015fd\u0131. Dedi, s\u0259n\u0259 qar\u015f\u0131 o q\u0259d\u0259r q\u0259z\u0259blidirl\u0259r ki, h\u0259tta jurnal\u0131n ba\u011flanmas\u0131n\u0131 t\u0259l\u0259b edirl\u0259r. T\u0259l\u0259bkarlar is\u0259 h\u00fcquq\u00e7u-aliml\u0259r idi\u2026<\/p>\n\n\n\n<p>Az\u0259rbaycan qanunvericiliyi q\u0259d\u0259r elmi ara\u015fd\u0131rmalara (\u00f6z\u00fc d\u0259 m\u0259hz t\u0259nqidi elmi ara\u015fd\u0131rmalalara!) material ver\u0259n ikinci bir qanunvericilik yoxdur. \u00d6z\u0259llikl\u0259 ifad\u0259 v\u0259 topla\u015fmaq azadl\u0131\u011f\u0131, v\u0259t\u0259nda\u015f c\u0259miyy\u0259ti t\u0259\u015fkilatlar\u0131, inzibati, cinay\u0259t-h\u00fcquqi sanksiyaklar v\u0259 s. ba\u011fl\u0131 son ill\u0259r qanunvericiliy\u0259 edil\u0259n m\u00fcrt\u0259ce d\u0259yi\u015fiklikl\u0259r, Konstitusiya referendumlar\u0131 bar\u0259d\u0259 h\u00fcquq elminin susmas\u0131 bu sah\u0259nin ac\u0131nacaql\u0131 durumundan, \u00f6lk\u0259d\u0259 r\u0259smi m\u00f6vqed\u0259n f\u0259rql\u0259n\u0259n fikir\u0259 az qala d\u00fc\u015fm\u0259n m\u00fcnasib\u0259td\u0259n x\u0259b\u0259r verir.<\/p>\n\n\n\n<p>Astronomik inzibati, cinay\u0259t h\u00fcquqi sanksiyalar, m\u0259suliyy\u0259tin h\u0259dd\u0259n art\u0131q s\u0259rtl\u0259\u015fdirilm\u0259si, c\u0259zas\u0131zl\u0131q v\u0259 qisas\u00e7\u0131l\u0131q h\u00fcquq pozuntular\u0131n\u0131n qar\u015f\u0131s\u0131n\u0131n al\u0131nmas\u0131nda effektiv v\u0259 \u0259dal\u0259tli \u00fcsul deyil, h\u00fcququn \u00fcmumi prinsipl\u0259rin\u0259 ziddir, demokratik h\u00fcquq d\u00f6vl\u0259tin\u0259 xas h\u00fcquq vasit\u0259si say\u0131lm\u0131r. G\u00f6r\u00fcn\u00fcr, antik d\u00f6vr\u00fcn h\u00fcquq aliml\u0259rinin bu q\u0259na\u0259ti Az\u0259rbaycan aliml\u0259rinin (b\u0259zi istisnalarla) h\u0259l\u0259 k\u0259\u015ff ed\u0259 bilm\u0259diyi h\u00fcquq qanunudur.<\/p>\n\n\n\n<p>Q\u0259dim Roma h\u00fcquq aliml\u0259rinin \u201cH\u00fcquq \u2013 xeyir v\u0259 \u0259dal\u0259t s\u0259n\u0259tidir\u201d k\u0259lam\u0131 qanunvericil\u0259rimiz\u0259 \u00e7atanda \u00f6lk\u0259mizd\u0259 h\u00fcquq d\u00f6vl\u0259ti qurulacaqsa, antik d\u00f6vr bizd\u0259n h\u0259l\u0259 \u00e7ox uzaqdad\u0131r.<\/p>\n\n\n\n<p>\u201cAzad olmaq \u00fc\u00e7\u00fcn qanuna tabe olmaq g\u0259r\u0259kdir\u201d h\u00f6km\u00fc is\u0259 indiki qanunvericilik \u015f\u0259raitind\u0259 Az\u0259rbaycan c\u0259miyy\u0259tinin \u00e7\u0259tin q\u0259bul ed\u0259c\u0259yi \u015f\u00fcard\u0131r\u2026<\/p>\n\n\n\n<p>Yax\u015f\u0131 qanunvericilik se\u00e7kili demokratik \u00f6lk\u0259l\u0259rd\u0259 olur. Amma yax\u015f\u0131 qanunvericilik h\u0259m d\u0259 yax\u015f\u0131 h\u00fcquq elmi olan \u00f6lk\u0259l\u0259rd\u0259 yarad\u0131l\u0131r. Elm olmayan yerd\u0259 yax\u015f\u0131 he\u00e7 n\u0259 olmur. \u018fksin\u0259, c\u0259hal\u0259t, avtoritarizm, insan haqlar\u0131na total say\u011f\u0131s\u0131zl\u0131q olur v\u0259 bir d\u0259 psevdo-elm\u2026<\/p>\n","protected":false},"excerpt":{"rendered":"<p>H\u00fcquq elmi (be\u015finci yaz\u0131) H\u00fcquq elmini h\u00fcquq doqmatikas\u0131 v\u0259 ya &#8230; <\/p>\n<p class=\"read-more-container\"><a title=\"Az\u0259rbaycan h\u00fcququ: f\u0259ls\u0259f\u0259si v\u0259 ger\u00e7\u0259kl\u0259ri\" class=\"read-more button\" href=\"https:\/\/www.meydan.tv\/az\/article\/azerbaycan-huququ-felsefesi-ve-gercekleri-5\/#more-231910\" aria-label=\"Read more about Az\u0259rbaycan h\u00fcququ: f\u0259ls\u0259f\u0259si v\u0259 ger\u00e7\u0259kl\u0259ri\">Davam\u0131<\/a><\/p>\n","protected":false},"author":8,"featured_media":213950,"comment_status":"closed","ping_status":"closed","sticky":false,"template":"","format":"standard","meta":{"_acf_changed":false,"_sitemap_exclude":false,"_sitemap_priority":"","_sitemap_frequency":"","footnotes":""},"categories":[57],"tags":[],"class_list":["post-231910","post","type-post","status-publish","format-standard","has-post-thumbnail","hentry","category-menim-fikrimce","infinite-scroll-item","generate-columns","tablet-grid-50","mobile-grid-100","grid-parent","grid-33","no-featured-image-padding"],"acf":[],"yoast_head":"<!-- This site is optimized with the Yoast SEO plugin v27.4 - https:\/\/yoast.com\/product\/yoast-seo-wordpress\/ -->\n<title>Az\u0259rbaycan h\u00fcququ: f\u0259ls\u0259f\u0259si v\u0259 ger\u00e7\u0259kl\u0259ri - MEYDAN.TV<\/title>\n<meta name=\"robots\" content=\"index, follow, max-snippet:-1, max-image-preview:large, max-video-preview:-1\" \/>\n<link rel=\"canonical\" href=\"https:\/\/www.meydan.tv\/az\/article\/azerbaycan-huququ-felsefesi-ve-gercekleri-5\/\" \/>\n<meta property=\"og:locale\" content=\"az_AZ\" \/>\n<meta property=\"og:type\" content=\"article\" \/>\n<meta property=\"og:title\" content=\"Az\u0259rbaycan h\u00fcququ: f\u0259ls\u0259f\u0259si v\u0259 ger\u00e7\u0259kl\u0259ri - MEYDAN.TV\" \/>\n<meta property=\"og:description\" content=\"H\u00fcquq elmi (be\u015finci yaz\u0131) H\u00fcquq elmini h\u00fcquq doqmatikas\u0131 v\u0259 ya ... Davam\u0131\" \/>\n<meta property=\"og:url\" content=\"https:\/\/www.meydan.tv\/az\/article\/azerbaycan-huququ-felsefesi-ve-gercekleri-5\/\" \/>\n<meta property=\"og:site_name\" content=\"MEYDAN.TV\" \/>\n<meta property=\"article:published_time\" content=\"2022-01-17T08:38:25+00:00\" \/>\n<meta property=\"article:modified_time\" content=\"2022-01-17T08:38:27+00:00\" \/>\n<meta property=\"og:image\" content=\"https:\/\/www.meydan.tv\/wp-content\/uploads\/annaqi-1.jpg\" \/>\n\t<meta property=\"og:image:width\" content=\"1200\" \/>\n\t<meta property=\"og:image:height\" content=\"900\" \/>\n\t<meta property=\"og:image:type\" content=\"image\/jpeg\" \/>\n<meta name=\"author\" content=\"elli\" \/>\n<meta name=\"twitter:card\" content=\"summary_large_image\" \/>\n<meta name=\"twitter:creator\" content=\"@elli\" \/>\n<script type=\"application\/ld+json\" class=\"yoast-schema-graph\">{\"@context\":\"https:\\\/\\\/schema.org\",\"@graph\":[{\"@type\":\"Article\",\"@id\":\"https:\\\/\\\/www.meydan.tv\\\/az\\\/article\\\/azerbaycan-huququ-felsefesi-ve-gercekleri-5\\\/#article\",\"isPartOf\":{\"@id\":\"https:\\\/\\\/www.meydan.tv\\\/az\\\/article\\\/azerbaycan-huququ-felsefesi-ve-gercekleri-5\\\/\"},\"author\":{\"name\":\"elli\",\"@id\":\"https:\\\/\\\/www.meydan.tv\\\/az\\\/#\\\/schema\\\/person\\\/9cdbecf90d17180ce1dfbd95b08dcf47\"},\"headline\":\"Az\u0259rbaycan h\u00fcququ: f\u0259ls\u0259f\u0259si v\u0259 ger\u00e7\u0259kl\u0259ri\",\"datePublished\":\"2022-01-17T08:38:25+00:00\",\"dateModified\":\"2022-01-17T08:38:27+00:00\",\"mainEntityOfPage\":{\"@id\":\"https:\\\/\\\/www.meydan.tv\\\/az\\\/article\\\/azerbaycan-huququ-felsefesi-ve-gercekleri-5\\\/\"},\"wordCount\":1201,\"publisher\":{\"@id\":\"https:\\\/\\\/www.meydan.tv\\\/az\\\/#organization\"},\"image\":{\"@id\":\"https:\\\/\\\/www.meydan.tv\\\/az\\\/article\\\/azerbaycan-huququ-felsefesi-ve-gercekleri-5\\\/#primaryimage\"},\"thumbnailUrl\":\"https:\\\/\\\/www.meydan.tv\\\/wp-content\\\/uploads\\\/annaqi-1-e1652622738889.jpg\",\"articleSection\":[\"M\u0259nim Fikrimc\u0259\"],\"inLanguage\":\"az\"},{\"@type\":\"WebPage\",\"@id\":\"https:\\\/\\\/www.meydan.tv\\\/az\\\/article\\\/azerbaycan-huququ-felsefesi-ve-gercekleri-5\\\/\",\"url\":\"https:\\\/\\\/www.meydan.tv\\\/az\\\/article\\\/azerbaycan-huququ-felsefesi-ve-gercekleri-5\\\/\",\"name\":\"Az\u0259rbaycan h\u00fcququ: f\u0259ls\u0259f\u0259si v\u0259 ger\u00e7\u0259kl\u0259ri - MEYDAN.TV\",\"isPartOf\":{\"@id\":\"https:\\\/\\\/www.meydan.tv\\\/az\\\/#website\"},\"primaryImageOfPage\":{\"@id\":\"https:\\\/\\\/www.meydan.tv\\\/az\\\/article\\\/azerbaycan-huququ-felsefesi-ve-gercekleri-5\\\/#primaryimage\"},\"image\":{\"@id\":\"https:\\\/\\\/www.meydan.tv\\\/az\\\/article\\\/azerbaycan-huququ-felsefesi-ve-gercekleri-5\\\/#primaryimage\"},\"thumbnailUrl\":\"https:\\\/\\\/www.meydan.tv\\\/wp-content\\\/uploads\\\/annaqi-1-e1652622738889.jpg\",\"datePublished\":\"2022-01-17T08:38:25+00:00\",\"dateModified\":\"2022-01-17T08:38:27+00:00\",\"breadcrumb\":{\"@id\":\"https:\\\/\\\/www.meydan.tv\\\/az\\\/article\\\/azerbaycan-huququ-felsefesi-ve-gercekleri-5\\\/#breadcrumb\"},\"inLanguage\":\"az\",\"potentialAction\":[{\"@type\":\"ReadAction\",\"target\":[\"https:\\\/\\\/www.meydan.tv\\\/az\\\/article\\\/azerbaycan-huququ-felsefesi-ve-gercekleri-5\\\/\"]}]},{\"@type\":\"ImageObject\",\"inLanguage\":\"az\",\"@id\":\"https:\\\/\\\/www.meydan.tv\\\/az\\\/article\\\/azerbaycan-huququ-felsefesi-ve-gercekleri-5\\\/#primaryimage\",\"url\":\"https:\\\/\\\/www.meydan.tv\\\/wp-content\\\/uploads\\\/annaqi-1-e1652622738889.jpg\",\"contentUrl\":\"https:\\\/\\\/www.meydan.tv\\\/wp-content\\\/uploads\\\/annaqi-1-e1652622738889.jpg\",\"width\":1200,\"height\":762,\"caption\":\"Foto: Meydan TV\"},{\"@type\":\"BreadcrumbList\",\"@id\":\"https:\\\/\\\/www.meydan.tv\\\/az\\\/article\\\/azerbaycan-huququ-felsefesi-ve-gercekleri-5\\\/#breadcrumb\",\"itemListElement\":[{\"@type\":\"ListItem\",\"position\":1,\"name\":\"Ana s\u0259hif\u0259\",\"item\":\"https:\\\/\\\/www.meydan.tv\\\/az\\\/\"},{\"@type\":\"ListItem\",\"position\":2,\"name\":\"M\u0259nim Fikrimc\u0259\",\"item\":\"https:\\\/\\\/www.meydan.tv\\\/az\\\/section\\\/menim-fikrimce\\\/\"},{\"@type\":\"ListItem\",\"position\":3,\"name\":\"Az\u0259rbaycan h\u00fcququ: f\u0259ls\u0259f\u0259si v\u0259 ger\u00e7\u0259kl\u0259ri\"}]},{\"@type\":\"WebSite\",\"@id\":\"https:\\\/\\\/www.meydan.tv\\\/az\\\/#website\",\"url\":\"https:\\\/\\\/www.meydan.tv\\\/az\\\/\",\"name\":\"MEYDAN.TV\",\"description\":\"Meydan TV Az\u0259rbaycan\u0131n media m\u0259kan\u0131ndak\u0131 alternativ s\u0259sidir\",\"publisher\":{\"@id\":\"https:\\\/\\\/www.meydan.tv\\\/az\\\/#organization\"},\"potentialAction\":[{\"@type\":\"SearchAction\",\"target\":{\"@type\":\"EntryPoint\",\"urlTemplate\":\"https:\\\/\\\/www.meydan.tv\\\/az\\\/?s={search_term_string}\"},\"query-input\":{\"@type\":\"PropertyValueSpecification\",\"valueRequired\":true,\"valueName\":\"search_term_string\"}}],\"inLanguage\":\"az\"},{\"@type\":\"Organization\",\"@id\":\"https:\\\/\\\/www.meydan.tv\\\/az\\\/#organization\",\"name\":\"Meydan TV\",\"url\":\"https:\\\/\\\/www.meydan.tv\\\/az\\\/\",\"logo\":{\"@type\":\"ImageObject\",\"inLanguage\":\"az\",\"@id\":\"https:\\\/\\\/www.meydan.tv\\\/az\\\/#\\\/schema\\\/logo\\\/image\\\/\",\"url\":\"https:\\\/\\\/www.meydan.tv\\\/wp-content\\\/uploads\\\/2021\\\/07\\\/meydan-logo.svg\",\"contentUrl\":\"https:\\\/\\\/www.meydan.tv\\\/wp-content\\\/uploads\\\/2021\\\/07\\\/meydan-logo.svg\",\"width\":195,\"height\":46,\"caption\":\"Meydan TV\"},\"image\":{\"@id\":\"https:\\\/\\\/www.meydan.tv\\\/az\\\/#\\\/schema\\\/logo\\\/image\\\/\"}},{\"@type\":\"Person\",\"@id\":\"https:\\\/\\\/www.meydan.tv\\\/az\\\/#\\\/schema\\\/person\\\/9cdbecf90d17180ce1dfbd95b08dcf47\",\"name\":\"elli\",\"sameAs\":[\"https:\\\/\\\/x.com\\\/elli\"]}]}<\/script>\n<!-- \/ Yoast SEO plugin. -->","yoast_head_json":{"title":"Az\u0259rbaycan h\u00fcququ: f\u0259ls\u0259f\u0259si v\u0259 ger\u00e7\u0259kl\u0259ri - MEYDAN.TV","robots":{"index":"index","follow":"follow","max-snippet":"max-snippet:-1","max-image-preview":"max-image-preview:large","max-video-preview":"max-video-preview:-1"},"canonical":"https:\/\/www.meydan.tv\/az\/article\/azerbaycan-huququ-felsefesi-ve-gercekleri-5\/","og_locale":"az_AZ","og_type":"article","og_title":"Az\u0259rbaycan h\u00fcququ: f\u0259ls\u0259f\u0259si v\u0259 ger\u00e7\u0259kl\u0259ri - MEYDAN.TV","og_description":"H\u00fcquq elmi (be\u015finci yaz\u0131) H\u00fcquq elmini h\u00fcquq doqmatikas\u0131 v\u0259 ya ... Davam\u0131","og_url":"https:\/\/www.meydan.tv\/az\/article\/azerbaycan-huququ-felsefesi-ve-gercekleri-5\/","og_site_name":"MEYDAN.TV","article_published_time":"2022-01-17T08:38:25+00:00","article_modified_time":"2022-01-17T08:38:27+00:00","og_image":[{"width":1200,"height":900,"url":"https:\/\/www.meydan.tv\/wp-content\/uploads\/annaqi-1.jpg","type":"image\/jpeg"}],"author":"elli","twitter_card":"summary_large_image","twitter_creator":"@elli","schema":{"@context":"https:\/\/schema.org","@graph":[{"@type":"Article","@id":"https:\/\/www.meydan.tv\/az\/article\/azerbaycan-huququ-felsefesi-ve-gercekleri-5\/#article","isPartOf":{"@id":"https:\/\/www.meydan.tv\/az\/article\/azerbaycan-huququ-felsefesi-ve-gercekleri-5\/"},"author":{"name":"elli","@id":"https:\/\/www.meydan.tv\/az\/#\/schema\/person\/9cdbecf90d17180ce1dfbd95b08dcf47"},"headline":"Az\u0259rbaycan h\u00fcququ: f\u0259ls\u0259f\u0259si v\u0259 ger\u00e7\u0259kl\u0259ri","datePublished":"2022-01-17T08:38:25+00:00","dateModified":"2022-01-17T08:38:27+00:00","mainEntityOfPage":{"@id":"https:\/\/www.meydan.tv\/az\/article\/azerbaycan-huququ-felsefesi-ve-gercekleri-5\/"},"wordCount":1201,"publisher":{"@id":"https:\/\/www.meydan.tv\/az\/#organization"},"image":{"@id":"https:\/\/www.meydan.tv\/az\/article\/azerbaycan-huququ-felsefesi-ve-gercekleri-5\/#primaryimage"},"thumbnailUrl":"https:\/\/www.meydan.tv\/wp-content\/uploads\/annaqi-1-e1652622738889.jpg","articleSection":["M\u0259nim Fikrimc\u0259"],"inLanguage":"az"},{"@type":"WebPage","@id":"https:\/\/www.meydan.tv\/az\/article\/azerbaycan-huququ-felsefesi-ve-gercekleri-5\/","url":"https:\/\/www.meydan.tv\/az\/article\/azerbaycan-huququ-felsefesi-ve-gercekleri-5\/","name":"Az\u0259rbaycan h\u00fcququ: f\u0259ls\u0259f\u0259si v\u0259 ger\u00e7\u0259kl\u0259ri - MEYDAN.TV","isPartOf":{"@id":"https:\/\/www.meydan.tv\/az\/#website"},"primaryImageOfPage":{"@id":"https:\/\/www.meydan.tv\/az\/article\/azerbaycan-huququ-felsefesi-ve-gercekleri-5\/#primaryimage"},"image":{"@id":"https:\/\/www.meydan.tv\/az\/article\/azerbaycan-huququ-felsefesi-ve-gercekleri-5\/#primaryimage"},"thumbnailUrl":"https:\/\/www.meydan.tv\/wp-content\/uploads\/annaqi-1-e1652622738889.jpg","datePublished":"2022-01-17T08:38:25+00:00","dateModified":"2022-01-17T08:38:27+00:00","breadcrumb":{"@id":"https:\/\/www.meydan.tv\/az\/article\/azerbaycan-huququ-felsefesi-ve-gercekleri-5\/#breadcrumb"},"inLanguage":"az","potentialAction":[{"@type":"ReadAction","target":["https:\/\/www.meydan.tv\/az\/article\/azerbaycan-huququ-felsefesi-ve-gercekleri-5\/"]}]},{"@type":"ImageObject","inLanguage":"az","@id":"https:\/\/www.meydan.tv\/az\/article\/azerbaycan-huququ-felsefesi-ve-gercekleri-5\/#primaryimage","url":"https:\/\/www.meydan.tv\/wp-content\/uploads\/annaqi-1-e1652622738889.jpg","contentUrl":"https:\/\/www.meydan.tv\/wp-content\/uploads\/annaqi-1-e1652622738889.jpg","width":1200,"height":762,"caption":"Foto: Meydan TV"},{"@type":"BreadcrumbList","@id":"https:\/\/www.meydan.tv\/az\/article\/azerbaycan-huququ-felsefesi-ve-gercekleri-5\/#breadcrumb","itemListElement":[{"@type":"ListItem","position":1,"name":"Ana s\u0259hif\u0259","item":"https:\/\/www.meydan.tv\/az\/"},{"@type":"ListItem","position":2,"name":"M\u0259nim Fikrimc\u0259","item":"https:\/\/www.meydan.tv\/az\/section\/menim-fikrimce\/"},{"@type":"ListItem","position":3,"name":"Az\u0259rbaycan h\u00fcququ: f\u0259ls\u0259f\u0259si v\u0259 ger\u00e7\u0259kl\u0259ri"}]},{"@type":"WebSite","@id":"https:\/\/www.meydan.tv\/az\/#website","url":"https:\/\/www.meydan.tv\/az\/","name":"MEYDAN.TV","description":"Meydan TV Az\u0259rbaycan\u0131n media m\u0259kan\u0131ndak\u0131 alternativ s\u0259sidir","publisher":{"@id":"https:\/\/www.meydan.tv\/az\/#organization"},"potentialAction":[{"@type":"SearchAction","target":{"@type":"EntryPoint","urlTemplate":"https:\/\/www.meydan.tv\/az\/?s={search_term_string}"},"query-input":{"@type":"PropertyValueSpecification","valueRequired":true,"valueName":"search_term_string"}}],"inLanguage":"az"},{"@type":"Organization","@id":"https:\/\/www.meydan.tv\/az\/#organization","name":"Meydan TV","url":"https:\/\/www.meydan.tv\/az\/","logo":{"@type":"ImageObject","inLanguage":"az","@id":"https:\/\/www.meydan.tv\/az\/#\/schema\/logo\/image\/","url":"https:\/\/www.meydan.tv\/wp-content\/uploads\/2021\/07\/meydan-logo.svg","contentUrl":"https:\/\/www.meydan.tv\/wp-content\/uploads\/2021\/07\/meydan-logo.svg","width":195,"height":46,"caption":"Meydan TV"},"image":{"@id":"https:\/\/www.meydan.tv\/az\/#\/schema\/logo\/image\/"}},{"@type":"Person","@id":"https:\/\/www.meydan.tv\/az\/#\/schema\/person\/9cdbecf90d17180ce1dfbd95b08dcf47","name":"elli","sameAs":["https:\/\/x.com\/elli"]}]}},"_links":{"self":[{"href":"https:\/\/www.meydan.tv\/az\/wp-json\/wp\/v2\/posts\/231910","targetHints":{"allow":["GET"]}}],"collection":[{"href":"https:\/\/www.meydan.tv\/az\/wp-json\/wp\/v2\/posts"}],"about":[{"href":"https:\/\/www.meydan.tv\/az\/wp-json\/wp\/v2\/types\/post"}],"author":[{"embeddable":true,"href":"https:\/\/www.meydan.tv\/az\/wp-json\/wp\/v2\/users\/8"}],"replies":[{"embeddable":true,"href":"https:\/\/www.meydan.tv\/az\/wp-json\/wp\/v2\/comments?post=231910"}],"version-history":[{"count":4,"href":"https:\/\/www.meydan.tv\/az\/wp-json\/wp\/v2\/posts\/231910\/revisions"}],"predecessor-version":[{"id":231915,"href":"https:\/\/www.meydan.tv\/az\/wp-json\/wp\/v2\/posts\/231910\/revisions\/231915"}],"wp:featuredmedia":[{"embeddable":true,"href":"https:\/\/www.meydan.tv\/az\/wp-json\/wp\/v2\/media\/213950"}],"wp:attachment":[{"href":"https:\/\/www.meydan.tv\/az\/wp-json\/wp\/v2\/media?parent=231910"}],"wp:term":[{"taxonomy":"category","embeddable":true,"href":"https:\/\/www.meydan.tv\/az\/wp-json\/wp\/v2\/categories?post=231910"},{"taxonomy":"post_tag","embeddable":true,"href":"https:\/\/www.meydan.tv\/az\/wp-json\/wp\/v2\/tags?post=231910"}],"curies":[{"name":"wp","href":"https:\/\/api.w.org\/{rel}","templated":true}]}}