{"id":231899,"date":"2022-01-16T13:44:34","date_gmt":"2022-01-16T09:44:34","guid":{"rendered":"https:\/\/www.meydan.tv\/?p=231899"},"modified":"2022-01-16T13:45:43","modified_gmt":"2022-01-16T09:45:43","slug":"eliyevin-ukrayna-gedisi","status":"publish","type":"post","link":"https:\/\/www.meydan.tv\/az\/article\/eliyevin-ukrayna-gedisi\/","title":{"rendered":"\u018fliyevin Ukrayna \u201cgedi\u015fi\u201d"},"content":{"rendered":"\n<p><em>Az\u0259rbaycan r\u0259hb\u0259ri d\u00fcnyaya hans\u0131 mesaj\u0131 verir?<\/em><\/p>\n\n\n\n<p>Az\u0259rbaycan d\u00f6vl\u0259t ba\u015f\u00e7\u0131s\u0131 \u0130lham \u018fliyevin Ukraynaya r\u0259smi s\u0259f\u0259ri diqq\u0259td\u0259n k\u0259narda qala bilm\u0259z. Ona g\u00f6r\u0259 yox ki, \u018fliyevin Kiyevi ziyar\u0259ti b\u00f6lg\u0259nin v\u0259 ya d\u00fcnyan\u0131n taleyini d\u0259yi\u015f\u0259c\u0259k g\u00fccd\u0259dir. H\u0259m d\u0259 ona g\u00f6r\u0259 ki, bu s\u0259f\u0259r&nbsp; d\u00fcnyada da, b\u00f6lg\u0259d\u0259 d\u0259&nbsp; b\u0259zi d\u0259yi\u015fiklikl\u0259rin siyasi proyeksiyas\u0131 kimi g\u00f6r\u00fcn\u0259 bil\u0259r. Bu m\u0259s\u0259l\u0259y\u0259 toxunaca\u011f\u0131q, ancaq \u0259vv\u0259lc\u0259 Ukrayna-Az\u0259rbaycan m\u00fcnasib\u0259tl\u0259rinin bug\u00fcn\u0259 q\u0259d\u0259rki durumuna bir n\u0259z\u0259r salma\u011fa d\u0259y\u0259r.<\/p>\n\n\n\n<p><strong>Ukrayna\u00a0 bizim \u00fc\u00e7\u00fcn<\/strong><\/p>\n\n\n\n<p>Uzun tarixi ekskursiya etm\u0259d\u0259n&nbsp; dey\u0259 bil\u0259rik ki, Ukrayna Rusiyan\u0131n siyasi t\u0259sirind\u0259n \u00e7\u0131xd\u0131\u011f\u0131 vaxtdan b\u0259ri h\u0259r f\u00fcrs\u0259td\u0259 Az\u0259rbaycan \u00fc\u00e7\u00fcn \u0259sl m\u00fctt\u0259fiq kimi davran\u0131b. 44- g\u00fcnl\u00fck m\u00fcharib\u0259nin gedi\u015find\u0259 Az\u0259rbaycan\u0131n beyn\u0259lxalq h\u00fcquqla tan\u0131nm\u0131\u015f \u0259razil\u0259rinin geriy\u0259 qaytar\u0131lmas\u0131nda siyasi d\u0259st\u0259yini \u0259sirg\u0259m\u0259yib v\u0259 \u0259razi b\u00fct\u00f6vl\u00fcy\u00fcn\u00fc tan\u0131y\u0131b. Daim Rusiyan\u0131n b\u00f6lg\u0259d\u0259ki ekpansiya siyas\u0259tinin qar\u015f\u0131s\u0131nda olub. H\u0259rbi infrastrukturun yenil\u0259nm\u0259sind\u0259 m\u00fch\u00fcm t\u00f6hf\u0259 verib.&nbsp; BMT v\u0259 bir \u00e7ox beyn\u0259lxalq topluluqda Az\u0259rbaycan\u0131n qeyd-\u015f\u0259rtsiz d\u0259st\u0259k\u00e7isi olub.<\/p>\n\n\n\n<p><strong>Az\u0259rbaycan Ukrayna \u00fc\u00e7\u00fcn<\/strong><\/p>\n\n\n\n<p>T\u0259bii ki, s\u00f6hb\u0259t ondan getmir ki, Az\u0259rbaycan h\u00f6kum\u0259tinin Ukraynaya olan m\u00fcnasib\u0259ti daima Az\u0259rbaycan xalq\u0131n\u0131n irad\u0259sini ifad\u0259 edib. \u018fksin\u0259 bir \u00e7ox halda v\u0259 \u0259sas\u0259n Az\u0259rbaycan hakimiyy\u0259ti Ukrayna il\u0259 m\u00fcnasib\u0259tl\u0259rini Rusiyan\u0131n maraqlar\u0131 il\u0259 v\u0259 ya siyas\u0259til\u0259 uzla\u015fd\u0131rma\u011fa \u00fcst\u00fcnl\u00fck verib. Beyn\u0259lxalq t\u0259dbirl\u0259rd\u0259 s\u0259sverm\u0259l\u0259r zaman\u0131 (sonuncu A\u015e istisna) Az\u0259rbaycan&nbsp; n\u00fcmay\u0259nd\u0259 hey\u0259tl\u0259ri ya s\u0259sverm\u0259d\u0259 i\u015ftirak etm\u0259yibl\u0259r, ya da s\u0259sl\u0259rini Rusiyan\u0131n maraqlar\u0131 \u00e7\u0259r\u00e7iv\u0259sind\u0259 istifad\u0259 edibl\u0259r. Az\u0259rbaycan T\u00fcrkiy\u0259nin v\u0259 Q\u0259rbin apar\u0131c\u0131 d\u00f6vl\u0259tl\u0259rinin birg\u0259 i\u015ftirak etdiyi \u201cKr\u0131m platformas\u0131\u201dnda i\u015ftirak etm\u0259kd\u0259n imtina ed\u0259r\u0259k d\u0259 bu m\u00f6vqeyini bir daha g\u00f6st\u0259rib. B\u00fct\u00fcn bu neqativ&nbsp; reaksiyalar t\u0259bii ki, Az\u0259rbaycan c\u0259miyy\u0259tinin m\u00fcst\u0259qil v\u0259 demokratik fikirli k\u0259simi t\u0259r\u0259find\u0259n q\u0131nan\u0131b.&nbsp;<\/p>\n\n\n\n<p><strong>Diqq\u0259t \u00e7\u0259k\u0259n\u00a0 d\u00f6n\u00fc\u015f<\/strong><\/p>\n\n\n\n<p>F\u0259q\u0259t b\u00fct\u00fcn t\u0259nqidl\u0259r\u0259 baxmayaraq \u0130lham \u018fliyevin sonuncu s\u0259f\u0259rini m\u00fcsb\u0259t add\u0131m kimi qiym\u0259tl\u0259ndirm\u0259liyik. \u018flb\u0259tt\u0259, bu add\u0131m\u0131n at\u0131lmas\u0131nda m\u00fch\u00fcm rola malik hadis\u0259l\u0259ri d\u0259 g\u00f6zard\u0131 etm\u0259k olmaz. Amma Az\u0259rbaycan\u0131n Ukrayna il\u0259 m\u00fcnasib\u0259tl\u0259ri t\u0259kc\u0259 bu g\u00fcn \u00fc\u00e7\u00fcn v\u0259 \u015f\u0259xsl\u0259raras\u0131 m\u00fcnasib\u0259tl\u0259r kimi qiym\u0259tl\u0259ndiril\u0259 bilm\u0259z. \u00c7\u00fcnki t\u0259r\u0259fl\u0259rd\u0259n biri haz\u0131rda AB v\u0259 NATO -\u00fczvl\u00fcy\u00fc d\u00fcnya siyas\u0259tini qar\u015f\u0131-qar\u015f\u0131ya qoyan Ukraynad\u0131r. Az\u0259rbaycan h\u00f6kum\u0259tinin h\u0259tta k\u0259nd t\u0259s\u0259rr\u00fcfat\u0131 m\u0259qs\u0259dli sazi\u015fl\u0259r imzalamas\u0131 bel\u0259&nbsp; bu istiqam\u0259td\u0259 ir\u0259lil\u0259yi\u015f say\u0131la bil\u0259r. Baxmayaraq ki, bu add\u0131m\u0131 daha \u0259vv\u0259l atmaq pis olmazd\u0131. Rusiyan\u0131n aqressiyas\u0131n\u0131n v\u0259 tamah\u0131n\u0131n s\u0259rh\u0259d tan\u0131mamas\u0131 v\u0259 Putinin \u201cm\u00fcst\u0259qil d\u00f6vl\u0259t\u201d dey\u0259nd\u0259 n\u0259 ist\u0259diyi ba\u015fa d\u00fc\u015f\u00fcl\u0259nd\u0259 bel\u0259 q\u0259rar verm\u0259k el\u0259 d\u0259 yax\u015f\u0131 g\u00f6r\u00fcnm\u00fcr, amma&nbsp; q\u0259rars\u0131zl\u0131qdan daha yax\u015f\u0131 oldu\u011funu da dem\u0259k laz\u0131md\u0131r.<\/p>\n\n\n\n<p><strong>\u018fliyevi n\u0259 h\u0259r\u0259k\u0259t\u0259 g\u0259tirdi?<\/strong><\/p>\n\n\n\n<p>Fikrimizc\u0259, \u0130lham \u018fliyevin bel\u0259 bir s\u0259f\u0259r\u0259 ehtiyac duymas\u0131&nbsp; iki m\u00fch\u00fcm faktordan t\u0259sirl\u0259ndi.&nbsp; Birincisi v\u0259 \u0259n \u0259sas\u0131 Putinin \u015f\u0259xsin\u0259 \u00fcnvanlanm\u0131\u015f sanksiya layih\u0259sinin g\u00fcnd\u0259m\u0259 g\u0259lm\u0259sidir. \u018fliyev a\u00e7\u0131q-ayd\u0131n g\u00f6r\u00fcr ki, onun da i\u00e7\u0259risind\u0259 oldu\u011fu prosesin liderini \u201cl\u00fct\u201d qoymaq ist\u0259yirl\u0259r v\u0259 bunda q\u0259rarl\u0131d\u0131rlar. Putinin bel\u0259 bir v\u0259ziyy\u0259td\u0259 \u00f6z\u00fcn\u00fc xilas etm\u0259k imkan\u0131 varm\u0131? Xeyr. El\u0259 is\u0259 \u018fliyev onunla birlikd\u0259 olmaqdan \u201cn\u0259 qazanaca\u011f\u0131n\u0131 v\u0259 n\u0259 itir\u0259c\u0259yini\u201d s\u00fcr\u0259tl\u0259 hesablamaya bilm\u0259zdi. N\u0259tic\u0259 budur ki, Putinin yan\u0131nda g\u00f6r\u00fcnm\u0259k olmaz. H\u0259tta bir q\u0259d\u0259r d\u0259 \u0259ks t\u0259r\u0259fd\u0259 g\u00f6r\u00fcnm\u0259k laz\u0131md\u0131r. Bu m\u0259nada AB standartlar\u0131na cavab verm\u0259k \u00e7\u0259tin oldu\u011fu \u00fc\u00e7\u00fcn Kiyev kriteriyalar\u0131na uymaq pis se\u00e7im deyil. \u0130kinci faktor odur ki, Putin art\u0131q ke\u00e7mi\u015f Sovet \u0130ttifaq\u0131 torpaqlar\u0131n\u0131 \u201c\u00f6z \u0259razimiz\u201d adland\u0131r\u0131r. Y\u0259ni Kreml art\u0131q \u015f\u0259rti m\u00fcst\u0259qilliy\u0259 bel\u0259 d\u00f6z\u0259 bilmir. Bu is\u0259 Q\u0259rbd\u0259 s\u0259rv\u0259tl\u0259ri olan bir siyasi oliqarx \u00fc\u00e7\u00fcn h\u0259r \u015feyin itirilm\u0259si dem\u0259kdir. S\u00f6z\u00fcn tam m\u0259nas\u0131nda&nbsp; h\u0259r \u015feyin.<\/p>\n","protected":false},"excerpt":{"rendered":"<p>Az\u0259rbaycan r\u0259hb\u0259ri d\u00fcnyaya hans\u0131 mesaj\u0131 verir? Az\u0259rbaycan d\u00f6vl\u0259t ba\u015f\u00e7\u0131s\u0131 \u0130lham &#8230; <\/p>\n<p class=\"read-more-container\"><a title=\"\u018fliyevin Ukrayna \u201cgedi\u015fi\u201d\" class=\"read-more button\" href=\"https:\/\/www.meydan.tv\/az\/article\/eliyevin-ukrayna-gedisi\/#more-231899\" aria-label=\"Read more about \u018fliyevin Ukrayna \u201cgedi\u015fi\u201d\">Davam\u0131<\/a><\/p>\n","protected":false},"author":8,"featured_media":129937,"comment_status":"closed","ping_status":"closed","sticky":false,"template":"","format":"standard","meta":{"_acf_changed":false,"_sitemap_exclude":false,"_sitemap_priority":"","_sitemap_frequency":"","footnotes":""},"categories":[57],"tags":[],"class_list":["post-231899","post","type-post","status-publish","format-standard","has-post-thumbnail","hentry","category-menim-fikrimce","infinite-scroll-item","generate-columns","tablet-grid-50","mobile-grid-100","grid-parent","grid-33","no-featured-image-padding"],"acf":[],"yoast_head":"<!-- This site is optimized with the Yoast SEO plugin v27.4 - https:\/\/yoast.com\/product\/yoast-seo-wordpress\/ -->\n<title>\u018fliyevin Ukrayna \u201cgedi\u015fi\u201d - MEYDAN.TV<\/title>\n<meta name=\"robots\" content=\"index, follow, max-snippet:-1, max-image-preview:large, max-video-preview:-1\" \/>\n<link rel=\"canonical\" href=\"https:\/\/www.meydan.tv\/az\/article\/eliyevin-ukrayna-gedisi\/\" \/>\n<meta property=\"og:locale\" content=\"az_AZ\" \/>\n<meta property=\"og:type\" content=\"article\" \/>\n<meta property=\"og:title\" content=\"\u018fliyevin Ukrayna \u201cgedi\u015fi\u201d - MEYDAN.TV\" \/>\n<meta property=\"og:description\" content=\"Az\u0259rbaycan r\u0259hb\u0259ri d\u00fcnyaya hans\u0131 mesaj\u0131 verir? Az\u0259rbaycan d\u00f6vl\u0259t ba\u015f\u00e7\u0131s\u0131 \u0130lham ... Davam\u0131\" \/>\n<meta property=\"og:url\" content=\"https:\/\/www.meydan.tv\/az\/article\/eliyevin-ukrayna-gedisi\/\" \/>\n<meta property=\"og:site_name\" content=\"MEYDAN.TV\" \/>\n<meta property=\"article:published_time\" content=\"2022-01-16T09:44:34+00:00\" \/>\n<meta property=\"article:modified_time\" content=\"2022-01-16T09:45:43+00:00\" \/>\n<meta property=\"og:image\" content=\"https:\/\/www.meydan.tv\/wp-content\/uploads\/untitled_artwork_5iccn6j-scaled.jpg\" \/>\n\t<meta property=\"og:image:width\" content=\"2560\" \/>\n\t<meta property=\"og:image:height\" content=\"1440\" \/>\n\t<meta property=\"og:image:type\" content=\"image\/jpeg\" \/>\n<meta name=\"author\" content=\"elli\" \/>\n<meta name=\"twitter:card\" content=\"summary_large_image\" \/>\n<meta name=\"twitter:creator\" content=\"@elli\" \/>\n<script type=\"application\/ld+json\" class=\"yoast-schema-graph\">{\"@context\":\"https:\\\/\\\/schema.org\",\"@graph\":[{\"@type\":\"Article\",\"@id\":\"https:\\\/\\\/www.meydan.tv\\\/az\\\/article\\\/eliyevin-ukrayna-gedisi\\\/#article\",\"isPartOf\":{\"@id\":\"https:\\\/\\\/www.meydan.tv\\\/az\\\/article\\\/eliyevin-ukrayna-gedisi\\\/\"},\"author\":{\"name\":\"elli\",\"@id\":\"https:\\\/\\\/www.meydan.tv\\\/az\\\/#\\\/schema\\\/person\\\/9cdbecf90d17180ce1dfbd95b08dcf47\"},\"headline\":\"\u018fliyevin Ukrayna \u201cgedi\u015fi\u201d\",\"datePublished\":\"2022-01-16T09:44:34+00:00\",\"dateModified\":\"2022-01-16T09:45:43+00:00\",\"mainEntityOfPage\":{\"@id\":\"https:\\\/\\\/www.meydan.tv\\\/az\\\/article\\\/eliyevin-ukrayna-gedisi\\\/\"},\"wordCount\":865,\"publisher\":{\"@id\":\"https:\\\/\\\/www.meydan.tv\\\/az\\\/#organization\"},\"image\":{\"@id\":\"https:\\\/\\\/www.meydan.tv\\\/az\\\/article\\\/eliyevin-ukrayna-gedisi\\\/#primaryimage\"},\"thumbnailUrl\":\"https:\\\/\\\/www.meydan.tv\\\/wp-content\\\/uploads\\\/untitled_artwork_5iccn6j-scaled.jpg\",\"articleSection\":[\"M\u0259nim Fikrimc\u0259\"],\"inLanguage\":\"az\"},{\"@type\":\"WebPage\",\"@id\":\"https:\\\/\\\/www.meydan.tv\\\/az\\\/article\\\/eliyevin-ukrayna-gedisi\\\/\",\"url\":\"https:\\\/\\\/www.meydan.tv\\\/az\\\/article\\\/eliyevin-ukrayna-gedisi\\\/\",\"name\":\"\u018fliyevin Ukrayna \u201cgedi\u015fi\u201d - MEYDAN.TV\",\"isPartOf\":{\"@id\":\"https:\\\/\\\/www.meydan.tv\\\/az\\\/#website\"},\"primaryImageOfPage\":{\"@id\":\"https:\\\/\\\/www.meydan.tv\\\/az\\\/article\\\/eliyevin-ukrayna-gedisi\\\/#primaryimage\"},\"image\":{\"@id\":\"https:\\\/\\\/www.meydan.tv\\\/az\\\/article\\\/eliyevin-ukrayna-gedisi\\\/#primaryimage\"},\"thumbnailUrl\":\"https:\\\/\\\/www.meydan.tv\\\/wp-content\\\/uploads\\\/untitled_artwork_5iccn6j-scaled.jpg\",\"datePublished\":\"2022-01-16T09:44:34+00:00\",\"dateModified\":\"2022-01-16T09:45:43+00:00\",\"breadcrumb\":{\"@id\":\"https:\\\/\\\/www.meydan.tv\\\/az\\\/article\\\/eliyevin-ukrayna-gedisi\\\/#breadcrumb\"},\"inLanguage\":\"az\",\"potentialAction\":[{\"@type\":\"ReadAction\",\"target\":[\"https:\\\/\\\/www.meydan.tv\\\/az\\\/article\\\/eliyevin-ukrayna-gedisi\\\/\"]}]},{\"@type\":\"ImageObject\",\"inLanguage\":\"az\",\"@id\":\"https:\\\/\\\/www.meydan.tv\\\/az\\\/article\\\/eliyevin-ukrayna-gedisi\\\/#primaryimage\",\"url\":\"https:\\\/\\\/www.meydan.tv\\\/wp-content\\\/uploads\\\/untitled_artwork_5iccn6j-scaled.jpg\",\"contentUrl\":\"https:\\\/\\\/www.meydan.tv\\\/wp-content\\\/uploads\\\/untitled_artwork_5iccn6j-scaled.jpg\",\"width\":2560,\"height\":1440,\"caption\":\"Seymur H\u0259zi, Foto:: Meydan TV\"},{\"@type\":\"BreadcrumbList\",\"@id\":\"https:\\\/\\\/www.meydan.tv\\\/az\\\/article\\\/eliyevin-ukrayna-gedisi\\\/#breadcrumb\",\"itemListElement\":[{\"@type\":\"ListItem\",\"position\":1,\"name\":\"Ana s\u0259hif\u0259\",\"item\":\"https:\\\/\\\/www.meydan.tv\\\/az\\\/\"},{\"@type\":\"ListItem\",\"position\":2,\"name\":\"M\u0259nim Fikrimc\u0259\",\"item\":\"https:\\\/\\\/www.meydan.tv\\\/az\\\/section\\\/menim-fikrimce\\\/\"},{\"@type\":\"ListItem\",\"position\":3,\"name\":\"\u018fliyevin Ukrayna \u201cgedi\u015fi\u201d\"}]},{\"@type\":\"WebSite\",\"@id\":\"https:\\\/\\\/www.meydan.tv\\\/az\\\/#website\",\"url\":\"https:\\\/\\\/www.meydan.tv\\\/az\\\/\",\"name\":\"MEYDAN.TV\",\"description\":\"Meydan TV Az\u0259rbaycan\u0131n media m\u0259kan\u0131ndak\u0131 alternativ s\u0259sidir\",\"publisher\":{\"@id\":\"https:\\\/\\\/www.meydan.tv\\\/az\\\/#organization\"},\"potentialAction\":[{\"@type\":\"SearchAction\",\"target\":{\"@type\":\"EntryPoint\",\"urlTemplate\":\"https:\\\/\\\/www.meydan.tv\\\/az\\\/?s={search_term_string}\"},\"query-input\":{\"@type\":\"PropertyValueSpecification\",\"valueRequired\":true,\"valueName\":\"search_term_string\"}}],\"inLanguage\":\"az\"},{\"@type\":\"Organization\",\"@id\":\"https:\\\/\\\/www.meydan.tv\\\/az\\\/#organization\",\"name\":\"Meydan TV\",\"url\":\"https:\\\/\\\/www.meydan.tv\\\/az\\\/\",\"logo\":{\"@type\":\"ImageObject\",\"inLanguage\":\"az\",\"@id\":\"https:\\\/\\\/www.meydan.tv\\\/az\\\/#\\\/schema\\\/logo\\\/image\\\/\",\"url\":\"https:\\\/\\\/www.meydan.tv\\\/wp-content\\\/uploads\\\/2021\\\/07\\\/meydan-logo.svg\",\"contentUrl\":\"https:\\\/\\\/www.meydan.tv\\\/wp-content\\\/uploads\\\/2021\\\/07\\\/meydan-logo.svg\",\"width\":195,\"height\":46,\"caption\":\"Meydan TV\"},\"image\":{\"@id\":\"https:\\\/\\\/www.meydan.tv\\\/az\\\/#\\\/schema\\\/logo\\\/image\\\/\"}},{\"@type\":\"Person\",\"@id\":\"https:\\\/\\\/www.meydan.tv\\\/az\\\/#\\\/schema\\\/person\\\/9cdbecf90d17180ce1dfbd95b08dcf47\",\"name\":\"elli\",\"sameAs\":[\"https:\\\/\\\/x.com\\\/elli\"]}]}<\/script>\n<!-- \/ Yoast SEO plugin. -->","yoast_head_json":{"title":"\u018fliyevin Ukrayna \u201cgedi\u015fi\u201d - MEYDAN.TV","robots":{"index":"index","follow":"follow","max-snippet":"max-snippet:-1","max-image-preview":"max-image-preview:large","max-video-preview":"max-video-preview:-1"},"canonical":"https:\/\/www.meydan.tv\/az\/article\/eliyevin-ukrayna-gedisi\/","og_locale":"az_AZ","og_type":"article","og_title":"\u018fliyevin Ukrayna \u201cgedi\u015fi\u201d - MEYDAN.TV","og_description":"Az\u0259rbaycan r\u0259hb\u0259ri d\u00fcnyaya hans\u0131 mesaj\u0131 verir? Az\u0259rbaycan d\u00f6vl\u0259t ba\u015f\u00e7\u0131s\u0131 \u0130lham ... Davam\u0131","og_url":"https:\/\/www.meydan.tv\/az\/article\/eliyevin-ukrayna-gedisi\/","og_site_name":"MEYDAN.TV","article_published_time":"2022-01-16T09:44:34+00:00","article_modified_time":"2022-01-16T09:45:43+00:00","og_image":[{"width":2560,"height":1440,"url":"https:\/\/www.meydan.tv\/wp-content\/uploads\/untitled_artwork_5iccn6j-scaled.jpg","type":"image\/jpeg"}],"author":"elli","twitter_card":"summary_large_image","twitter_creator":"@elli","schema":{"@context":"https:\/\/schema.org","@graph":[{"@type":"Article","@id":"https:\/\/www.meydan.tv\/az\/article\/eliyevin-ukrayna-gedisi\/#article","isPartOf":{"@id":"https:\/\/www.meydan.tv\/az\/article\/eliyevin-ukrayna-gedisi\/"},"author":{"name":"elli","@id":"https:\/\/www.meydan.tv\/az\/#\/schema\/person\/9cdbecf90d17180ce1dfbd95b08dcf47"},"headline":"\u018fliyevin Ukrayna \u201cgedi\u015fi\u201d","datePublished":"2022-01-16T09:44:34+00:00","dateModified":"2022-01-16T09:45:43+00:00","mainEntityOfPage":{"@id":"https:\/\/www.meydan.tv\/az\/article\/eliyevin-ukrayna-gedisi\/"},"wordCount":865,"publisher":{"@id":"https:\/\/www.meydan.tv\/az\/#organization"},"image":{"@id":"https:\/\/www.meydan.tv\/az\/article\/eliyevin-ukrayna-gedisi\/#primaryimage"},"thumbnailUrl":"https:\/\/www.meydan.tv\/wp-content\/uploads\/untitled_artwork_5iccn6j-scaled.jpg","articleSection":["M\u0259nim Fikrimc\u0259"],"inLanguage":"az"},{"@type":"WebPage","@id":"https:\/\/www.meydan.tv\/az\/article\/eliyevin-ukrayna-gedisi\/","url":"https:\/\/www.meydan.tv\/az\/article\/eliyevin-ukrayna-gedisi\/","name":"\u018fliyevin Ukrayna \u201cgedi\u015fi\u201d - MEYDAN.TV","isPartOf":{"@id":"https:\/\/www.meydan.tv\/az\/#website"},"primaryImageOfPage":{"@id":"https:\/\/www.meydan.tv\/az\/article\/eliyevin-ukrayna-gedisi\/#primaryimage"},"image":{"@id":"https:\/\/www.meydan.tv\/az\/article\/eliyevin-ukrayna-gedisi\/#primaryimage"},"thumbnailUrl":"https:\/\/www.meydan.tv\/wp-content\/uploads\/untitled_artwork_5iccn6j-scaled.jpg","datePublished":"2022-01-16T09:44:34+00:00","dateModified":"2022-01-16T09:45:43+00:00","breadcrumb":{"@id":"https:\/\/www.meydan.tv\/az\/article\/eliyevin-ukrayna-gedisi\/#breadcrumb"},"inLanguage":"az","potentialAction":[{"@type":"ReadAction","target":["https:\/\/www.meydan.tv\/az\/article\/eliyevin-ukrayna-gedisi\/"]}]},{"@type":"ImageObject","inLanguage":"az","@id":"https:\/\/www.meydan.tv\/az\/article\/eliyevin-ukrayna-gedisi\/#primaryimage","url":"https:\/\/www.meydan.tv\/wp-content\/uploads\/untitled_artwork_5iccn6j-scaled.jpg","contentUrl":"https:\/\/www.meydan.tv\/wp-content\/uploads\/untitled_artwork_5iccn6j-scaled.jpg","width":2560,"height":1440,"caption":"Seymur H\u0259zi, Foto:: Meydan TV"},{"@type":"BreadcrumbList","@id":"https:\/\/www.meydan.tv\/az\/article\/eliyevin-ukrayna-gedisi\/#breadcrumb","itemListElement":[{"@type":"ListItem","position":1,"name":"Ana s\u0259hif\u0259","item":"https:\/\/www.meydan.tv\/az\/"},{"@type":"ListItem","position":2,"name":"M\u0259nim Fikrimc\u0259","item":"https:\/\/www.meydan.tv\/az\/section\/menim-fikrimce\/"},{"@type":"ListItem","position":3,"name":"\u018fliyevin Ukrayna \u201cgedi\u015fi\u201d"}]},{"@type":"WebSite","@id":"https:\/\/www.meydan.tv\/az\/#website","url":"https:\/\/www.meydan.tv\/az\/","name":"MEYDAN.TV","description":"Meydan TV Az\u0259rbaycan\u0131n media m\u0259kan\u0131ndak\u0131 alternativ s\u0259sidir","publisher":{"@id":"https:\/\/www.meydan.tv\/az\/#organization"},"potentialAction":[{"@type":"SearchAction","target":{"@type":"EntryPoint","urlTemplate":"https:\/\/www.meydan.tv\/az\/?s={search_term_string}"},"query-input":{"@type":"PropertyValueSpecification","valueRequired":true,"valueName":"search_term_string"}}],"inLanguage":"az"},{"@type":"Organization","@id":"https:\/\/www.meydan.tv\/az\/#organization","name":"Meydan TV","url":"https:\/\/www.meydan.tv\/az\/","logo":{"@type":"ImageObject","inLanguage":"az","@id":"https:\/\/www.meydan.tv\/az\/#\/schema\/logo\/image\/","url":"https:\/\/www.meydan.tv\/wp-content\/uploads\/2021\/07\/meydan-logo.svg","contentUrl":"https:\/\/www.meydan.tv\/wp-content\/uploads\/2021\/07\/meydan-logo.svg","width":195,"height":46,"caption":"Meydan TV"},"image":{"@id":"https:\/\/www.meydan.tv\/az\/#\/schema\/logo\/image\/"}},{"@type":"Person","@id":"https:\/\/www.meydan.tv\/az\/#\/schema\/person\/9cdbecf90d17180ce1dfbd95b08dcf47","name":"elli","sameAs":["https:\/\/x.com\/elli"]}]}},"_links":{"self":[{"href":"https:\/\/www.meydan.tv\/az\/wp-json\/wp\/v2\/posts\/231899","targetHints":{"allow":["GET"]}}],"collection":[{"href":"https:\/\/www.meydan.tv\/az\/wp-json\/wp\/v2\/posts"}],"about":[{"href":"https:\/\/www.meydan.tv\/az\/wp-json\/wp\/v2\/types\/post"}],"author":[{"embeddable":true,"href":"https:\/\/www.meydan.tv\/az\/wp-json\/wp\/v2\/users\/8"}],"replies":[{"embeddable":true,"href":"https:\/\/www.meydan.tv\/az\/wp-json\/wp\/v2\/comments?post=231899"}],"version-history":[{"count":3,"href":"https:\/\/www.meydan.tv\/az\/wp-json\/wp\/v2\/posts\/231899\/revisions"}],"predecessor-version":[{"id":233389,"href":"https:\/\/www.meydan.tv\/az\/wp-json\/wp\/v2\/posts\/231899\/revisions\/233389"}],"wp:featuredmedia":[{"embeddable":true,"href":"https:\/\/www.meydan.tv\/az\/wp-json\/wp\/v2\/media\/129937"}],"wp:attachment":[{"href":"https:\/\/www.meydan.tv\/az\/wp-json\/wp\/v2\/media?parent=231899"}],"wp:term":[{"taxonomy":"category","embeddable":true,"href":"https:\/\/www.meydan.tv\/az\/wp-json\/wp\/v2\/categories?post=231899"},{"taxonomy":"post_tag","embeddable":true,"href":"https:\/\/www.meydan.tv\/az\/wp-json\/wp\/v2\/tags?post=231899"}],"curies":[{"name":"wp","href":"https:\/\/api.w.org\/{rel}","templated":true}]}}