{"id":231658,"date":"2022-01-13T16:25:26","date_gmt":"2022-01-13T12:25:26","guid":{"rendered":"https:\/\/www.meydan.tv\/?p=231658"},"modified":"2022-01-13T19:08:10","modified_gmt":"2022-01-13T15:08:10","slug":"eli-eliyev-hebs-olundu","status":"publish","type":"post","link":"https:\/\/www.meydan.tv\/az\/article\/eli-eliyev-hebs-olundu\/","title":{"rendered":"\u018fli \u018fliyev fikirl\u0259rin\u0259 g\u00f6r\u0259 h\u0259bs olundu (yenil\u0259nib)"},"content":{"rendered":"\n<p><em>Hakim v\u0259kil\u0259 v\u0259 t\u0259qsirl\u0259ndiril\u0259n \u015f\u0259xs\u0259 m\u00fcdafi\u0259 \u00fc\u00e7\u00fcn vaxt verm\u0259yib<\/em><\/p>\n\n\n\n<p>Yanvar\u0131n 13-d\u0259 Yasamal Rayon M\u0259hk\u0259m\u0259sind\u0259 V\u0259t\u0259nda\u015f v\u0259 \u0130nki\u015faf Partiyas\u0131n\u0131n (V\u0130P) s\u0259dri \u018fli \u018fliyev\u0259 h\u00f6km oxunub. Partiya s\u0259dri Cinay\u0259t M\u0259c\u0259ll\u0259sinin 147.1 (b\u00f6htan) madd\u0259sil\u0259 5 ay azadl\u0131qdan m\u0259hrum edilib.<\/p>\n\n\n\n<p>\u018fli \u018fliyev noyabr\u0131n 30-da X\u0131z\u0131da &#8211; Qaraheyb\u0259t poliqonunda q\u0259zaya u\u011fram\u0131\u015f helikopterd\u0259n sa\u011f \u00e7\u0131xan D\u00f6vl\u0259t S\u0259rh\u0259d Xidm\u0259tinin X\u00fcsusi Hava \u018fm\u0259liyyatlar\u0131 Q\u00fcvv\u0259l\u0259ri q\u0259rargah\u0131n\u0131n taktiki haz\u0131rl\u0131q v\u0259 hava at\u0259\u015fi \u00fczr\u0259 ba\u015f zabiti, polkovnik Emil C\u0259f\u0259rovun \u015fikay\u0259ti \u0259sas\u0131nda c\u0259zaland\u0131r\u0131l\u0131b.<\/p>\n\n\n\n<p>\u018fli \u018fliyev dekabr\u0131n 9-da \u201cYoutube\u201d platformas\u0131ndak\u0131 \u201cOsmanq\u0131z\u0131\u201d kanal\u0131nda bu q\u0259zan\u0131 \u015f\u0259rh ed\u0259rk\u0259n deyib ki, telekanallarda m\u00fcsahib\u0259 ver\u0259n v\u0259 q\u0259zadan sa\u011f \u00e7\u0131xd\u0131\u011f\u0131 bildiril\u0259n iki zabitin \u0259slind\u0259, hadis\u0259 vaxt\u0131 vertolyotda oldu\u011funa inanm\u0131r.<\/p>\n\n\n\n<p>Polkovnik Emil C\u0259f\u0259rov v\u0259 kapitan Ramin \u018fdilov da buna g\u00f6r\u0259 partiya s\u0259drin\u0259 qar\u015f\u0131 x\u00fcsusi ittiham qaydas\u0131nda iddia qald\u0131r\u0131b.<\/p>\n\n\n\n<p>Yanvar\u0131n 13-d\u0259 Emil C\u0259f\u0259rovun iddias\u0131na hakim H\u00fcseyn S\u0259f\u0259rovun s\u0259drliyil\u0259 bax\u0131l\u0131b. S\u0259f\u0259r saat 11 rad\u0259l\u0259rind\u0259n ba\u015flayan m\u0259hk\u0259m\u0259 prosesi 16.00-a q\u0259d\u0259r davam edib. G\u00fcnorta nahar fasil\u0259si zaman\u0131 \u018fli \u018fliyev nahar etm\u0259k \u00fc\u00e7\u00fcn m\u0259hk\u0259m\u0259 binas\u0131ndan \u00e7\u0131xmaq ist\u0259s\u0259 d\u0259, ona icaz\u0259 verilm\u0259yib.<\/p>\n\n\n\n<p>M\u0259hk\u0259m\u0259d\u0259 \u018fli \u018fliyevin v\u0259kili Cavadov i\u015f materiallar\u0131yla tan\u0131\u015fl\u0131q \u00fc\u00e7\u00fcn m\u0259hk\u0259m\u0259d\u0259n vaxt ist\u0259yib. Lakin hakim ona c\u0259mi yar\u0131m saat vaxt verib.<\/p>\n\n\n\n<p>Prosesin gedi\u015find\u0259 \u018fli \u018fliyevin v\u0259ziyy\u0259ti pisl\u0259\u015fib, t\u0259zyiqi y\u00fcks\u0259lib, m\u0259hk\u0259m\u0259 binas\u0131na t\u0259cili tibbi yard\u0131m \u00e7a\u011f\u0131r\u0131l\u0131b.<\/p>\n\n\n\n<p>M\u0259hk\u0259m\u0259d\u0259 partiya s\u0259dri bildirib ki, s\u0259hh\u0259tind\u0259ki probleml\u0259rl\u0259 \u0259laq\u0259dar \u00e7\u0131x\u0131\u015f ed\u0259 bilm\u0259y\u0259c\u0259k. Buna baxmayaraq, hakim prosesi davam etdirm\u0259kd\u0259 israrl\u0131 olub.<\/p>\n\n\n\n<p>\u018fli \u018fliyev bildirib ki, normalda m\u0259hk\u0259m\u0259 \u00fcmumiyy\u0259tl\u0259, bu c\u00fcr iddian\u0131 icraata g\u00f6t\u00fcrm\u0259m\u0259liydi. \u00c7\u00fcnki \u015f\u0259xs fikir azadl\u0131\u011f\u0131ndan istifad\u0259 ed\u0259r\u0259k, qiym\u0259tl\u0259ndirici m\u00fclahiz\u0259 ir\u0259li s\u00fcr\u00fcb: \u201cM\u0259n siyas\u0259t\u00e7iy\u0259m, q\u0259za il\u0259 ba\u011fl\u0131 \u00f6z d\u00fc\u015f\u00fcnc\u0259 v\u0259 g\u00fcmanlar\u0131m\u0131 b\u00f6l\u00fc\u015fm\u00fc\u015f\u0259m. Konstitusiya, qanunlar m\u0259n\u0259 ifad\u0259 azadl\u0131\u011f\u0131 verir. M\u0259n inanm\u0131ramsa, bu da m\u0259nim fikrimdir. M\u0259n kims\u0259y\u0259 b\u00f6htan atmam\u0131\u015fam. He\u00e7 kimin d\u0259 ad\u0131n\u0131 \u00e7\u0259km\u0259mi\u015f\u0259m\u201d.<\/p>\n\n\n\n<p>Partiya s\u0259drinin s\u00f6zl\u0259rin\u0259 g\u00f6r\u0259, insan\u0131n d\u00fc\u015f\u00fcnc\u0259sin\u0259 g\u00f6r\u0259 cinay\u0259t t\u0259qibin\u0259 m\u0259ruz qalmas\u0131 ist\u0259r \u00f6lk\u0259 Konstitusiyas\u0131 v\u0259 yerli qanunlar, ist\u0259rs\u0259 d\u0259 Az\u0259rbaycan\u0131n qo\u015fuldu\u011fu beyn\u0259lxalq konvensiyalarla t\u0259minat veril\u0259n s\u00f6z v\u0259 ifad\u0259 azadl\u0131\u011f\u0131na ziddir.<\/p>\n\n\n\n<p>\u018fli \u018fliyev vur\u011fulay\u0131b ki, onun \u00e7\u0131x\u0131\u015f\u0131yla ba\u011fl\u0131 m\u0259hk\u0259m\u0259y\u0259 t\u0259qdim olunan s\u00fcbut obyektiv deyil. Onun s\u00f6zl\u0259rin\u0259 g\u00f6r\u0259, \u00e7\u0131x\u0131\u015f\u0131n\u0131n bir hiss\u0259si k\u0259sil\u0259r\u0259k, montaj olunmu\u015f \u015f\u0259kild\u0259 m\u0259hk\u0259m\u0259y\u0259 t\u0259qdim olunub.<\/p>\n\n\n\n<p>Partiya s\u0259dri v\u0259 v\u0259kilinin etiraz\u0131na baxmayaraq, hakim H\u00fcseyn S\u0259f\u0259rov m\u0259hk\u0259m\u0259 prosesini bir g\u00fcnd\u0259 yekunla\u015fd\u0131rmaqda israrl\u0131 olub. V\u0259kild\u0259n m\u00fcdafi\u0259 \u00e7\u0131x\u0131\u015f\u0131 etm\u0259k, \u018fli \u018fliyevd\u0259n d\u0259 son s\u00f6z\u00fcn\u00fc dem\u0259k t\u0259l\u0259b olunub. Onlar \u00e7\u0131x\u0131\u015fa haz\u0131r olmad\u0131qlar\u0131n\u0131 bildir\u0259r\u0259k, vaxt ist\u0259yibl\u0259r.<\/p>\n\n\n\n<p>Hakim onlara vaxt verm\u0259kd\u0259n imtina edib: \u201cSad\u0259 bir m\u0259s\u0259l\u0259dir, vaxta ehtiyac yoxdur\u2026\u201d<\/p>\n\n\n\n<p>V\u0259kil Cavad Cavadov hakimin bu c\u00fcr yana\u015fmas\u0131na etiraz edib: \u201cSizin \u00fc\u00e7\u00fcn sad\u0259 m\u0259s\u0259l\u0259dir. Burada insan taleyi h\u0259ll olunur\u2026\u201d<\/p>\n\n\n\n<p>M\u00fcdafi\u0259 \u00e7\u0131x\u0131\u015f\u0131 v\u0259 son s\u00f6z olmadan hakim m\u00fc\u015favir\u0259y\u0259 yollan\u0131b v\u0259 az sonra geri qay\u0131daraq, \u018fli \u018fliyevin 5 ay azadl\u0131qdan m\u0259hrum edilm\u0259si haqda h\u00f6km\u00fc elan edib.<\/p>\n\n\n\n<p>Partiya s\u0259drin\u0259 qar\u015f\u0131 DSX-n\u0131n dig\u0259r zabiti Ramin \u018fdilovun iddias\u0131 is\u0259 hakim Rauf Da\u015fd\u0259mirovun icraat\u0131ndad\u0131r. H\u0259min iddia \u00fczr\u0259 m\u0259hk\u0259m\u0259 prosesi davam edir.<\/p>\n\n\n\n<p>M\u0259hk\u0259m\u0259d\u0259n sonra jurnalistl\u0259r\u0259 a\u00e7\u0131qlama ver\u0259n v\u0259kil Cavad Cavadov bildirib ki, proses prosessual qanunvericiliyin normalar\u0131n\u0131n pozulmas\u0131yla m\u00fc\u015fayi\u0259t olundu:<\/p>\n\n\n\n<p>\u201cM\u0259n\u0259 v\u0259kil kimi haz\u0131rla\u015fma\u011fa imkan verilm\u0259di. \u018fli \u018fliyevin s\u0259hh\u0259ti pisl\u0259\u015fdi. T\u0259zyiqi 220\/130 idi, buna baxmayaraq, hakim t\u0259kidl\u0259 prosesi davam etdirdi. Bizi dan\u0131\u015fma\u011fa qoymurdu. Faktiki n\u0259 biz v\u0259kill\u0259r \u00e7\u0131x\u0131\u015f el\u0259dik, n\u0259 \u018fli \u018fliyev son s\u00f6z\u00fcn\u00fc dedi. Prosesin gedi\u015fi d\u0259 g\u00f6st\u0259rirdi ki, bel\u0259 bir h\u00f6km veril\u0259c\u0259k. H\u0259tta \u018fli \u018fliyev\u0259 nahar fasil\u0259sind\u0259 gedib \u00e7\u00f6r\u0259k yem\u0259y\u0259 d\u0259 imkan verm\u0259dil\u0259r. G\u00f6r\u00fcn\u00fcrd\u00fc ki, art\u0131q sifari\u015f verilib. Birc\u0259 o qalm\u0131\u015fd\u0131 ki, m\u0259hk\u0259m\u0259nin hakimi v\u0259kill\u0259ri d\u00f6ys\u00fcn. Audio v\u0259 video\u00e7\u0259kili\u015f apar\u0131l\u0131r, \u0259dliyy\u0259 naziri, Ali M\u0259hk\u0259m\u0259nin s\u0259dri g\u00f6t\u00fcr\u00fcb baxs\u0131n, g\u00f6rs\u00fcnl\u0259r ki, m\u0259hk\u0259m\u0259d\u0259 n\u0259l\u0259r ba\u015f verirdi. Sifari\u015f g\u0259l\u0259nd\u0259 g\u00f6zl\u0259rin\u0259 he\u00e7 n\u0259 g\u00f6r\u00fcnm\u00fcr. S\u0259hh\u0259tin\u0259 g\u00f6r\u0259 \u00e7\u0131x\u0131\u015f ed\u0259 bilmir. Deyir ki, \u00f6z\u00fcn\u00fcz bil\u0259rsiz, dan\u0131\u015fm\u0131rs\u0131z, dan\u0131\u015fmay\u0131n\u201d.<\/p>\n\n\n\n<p>V\u0259kil bildirib ki, h\u00f6kmd\u0259n apelyasiya \u015fikay\u0259ti veril\u0259c\u0259k: \u201cBiz h\u00fcquqi m\u00fcdafi\u0259 vasit\u0259l\u0259rind\u0259n istifad\u0259 ed\u0259c\u0259yik, ba\u015fqa yol yoxdur\u201d.<\/p>\n\n\n\n<p>Cavad Cavadovun s\u00f6zl\u0259rin\u0259 g\u00f6r\u0259, m\u00fcdafi\u0259 t\u0259r\u0259fi dig\u0259r iddian\u0131n da eyni icraatda birl\u0259\u015fdirilm\u0259sini v\u0259 birlikd\u0259 bax\u0131lmas\u0131n\u0131 ist\u0259mi\u015fdi. V\u0259kil deyir ki, qanun da, m\u0259ntiq d\u0259 bunu t\u0259l\u0259b edirdi. Lakin bu bar\u0259d\u0259 v\u0259sat\u0259t t\u0259min olunmay\u0131b. M\u00fcdafi\u0259\u00e7i istisna etmir ki, dig\u0259r iddiaya bax\u0131landa \u018fli \u018fliyev\u0259 veril\u0259n c\u0259za daha da a\u011f\u0131rla\u015fd\u0131r\u0131la bil\u0259r.<\/p>\n","protected":false},"excerpt":{"rendered":"<p>Hakim v\u0259kil\u0259 v\u0259 t\u0259qsirl\u0259ndiril\u0259n \u015f\u0259xs\u0259 m\u00fcdafi\u0259 \u00fc\u00e7\u00fcn vaxt verm\u0259yib Yanvar\u0131n &#8230; <\/p>\n<p class=\"read-more-container\"><a title=\"\u018fli \u018fliyev fikirl\u0259rin\u0259 g\u00f6r\u0259 h\u0259bs olundu (yenil\u0259nib)\" class=\"read-more button\" href=\"https:\/\/www.meydan.tv\/az\/article\/eli-eliyev-hebs-olundu\/#more-231658\" aria-label=\"Read more about \u018fli \u018fliyev fikirl\u0259rin\u0259 g\u00f6r\u0259 h\u0259bs olundu (yenil\u0259nib)\">Davam\u0131<\/a><\/p>\n","protected":false},"author":12,"featured_media":210349,"comment_status":"closed","ping_status":"closed","sticky":false,"template":"","format":"standard","meta":{"_acf_changed":false,"_sitemap_exclude":false,"_sitemap_priority":"","_sitemap_frequency":"","footnotes":""},"categories":[79,56],"tags":[],"class_list":["post-231658","post","type-post","status-publish","format-standard","has-post-thumbnail","hentry","category-featured","category-xeberler","infinite-scroll-item","generate-columns","tablet-grid-50","mobile-grid-100","grid-parent","grid-33","no-featured-image-padding"],"acf":[],"yoast_head":"<!-- This site is optimized with the Yoast SEO plugin v27.4 - https:\/\/yoast.com\/product\/yoast-seo-wordpress\/ -->\n<title>\u018fli \u018fliyev fikirl\u0259rin\u0259 g\u00f6r\u0259 h\u0259bs olundu (yenil\u0259nib) - MEYDAN.TV<\/title>\n<meta name=\"robots\" content=\"index, follow, max-snippet:-1, max-image-preview:large, max-video-preview:-1\" \/>\n<link rel=\"canonical\" href=\"https:\/\/www.meydan.tv\/az\/article\/eli-eliyev-hebs-olundu\/\" \/>\n<meta property=\"og:locale\" content=\"az_AZ\" \/>\n<meta property=\"og:type\" content=\"article\" \/>\n<meta property=\"og:title\" content=\"\u018fli \u018fliyev fikirl\u0259rin\u0259 g\u00f6r\u0259 h\u0259bs olundu (yenil\u0259nib) - MEYDAN.TV\" \/>\n<meta property=\"og:description\" content=\"Hakim v\u0259kil\u0259 v\u0259 t\u0259qsirl\u0259ndiril\u0259n \u015f\u0259xs\u0259 m\u00fcdafi\u0259 \u00fc\u00e7\u00fcn vaxt verm\u0259yib Yanvar\u0131n ... Davam\u0131\" \/>\n<meta property=\"og:url\" content=\"https:\/\/www.meydan.tv\/az\/article\/eli-eliyev-hebs-olundu\/\" \/>\n<meta property=\"og:site_name\" content=\"MEYDAN.TV\" \/>\n<meta property=\"article:published_time\" content=\"2022-01-13T12:25:26+00:00\" \/>\n<meta property=\"article:modified_time\" content=\"2022-01-13T15:08:10+00:00\" \/>\n<meta property=\"og:image\" content=\"https:\/\/www.meydan.tv\/wp-content\/uploads\/li_liyev_siyastci-e1639989248203.jpg\" \/>\n\t<meta property=\"og:image:width\" content=\"725\" \/>\n\t<meta property=\"og:image:height\" content=\"349\" \/>\n\t<meta property=\"og:image:type\" content=\"image\/jpeg\" \/>\n<meta name=\"author\" content=\"aleks\" \/>\n<meta name=\"twitter:card\" content=\"summary_large_image\" \/>\n<script type=\"application\/ld+json\" class=\"yoast-schema-graph\">{\"@context\":\"https:\\\/\\\/schema.org\",\"@graph\":[{\"@type\":\"Article\",\"@id\":\"https:\\\/\\\/www.meydan.tv\\\/az\\\/article\\\/eli-eliyev-hebs-olundu\\\/#article\",\"isPartOf\":{\"@id\":\"https:\\\/\\\/www.meydan.tv\\\/az\\\/article\\\/eli-eliyev-hebs-olundu\\\/\"},\"author\":{\"name\":\"aleks\",\"@id\":\"https:\\\/\\\/www.meydan.tv\\\/az\\\/#\\\/schema\\\/person\\\/476e9360e593fa131d5d71d51866f8da\"},\"headline\":\"\u018fli \u018fliyev fikirl\u0259rin\u0259 g\u00f6r\u0259 h\u0259bs olundu (yenil\u0259nib)\",\"datePublished\":\"2022-01-13T12:25:26+00:00\",\"dateModified\":\"2022-01-13T15:08:10+00:00\",\"mainEntityOfPage\":{\"@id\":\"https:\\\/\\\/www.meydan.tv\\\/az\\\/article\\\/eli-eliyev-hebs-olundu\\\/\"},\"wordCount\":1053,\"publisher\":{\"@id\":\"https:\\\/\\\/www.meydan.tv\\\/az\\\/#organization\"},\"image\":{\"@id\":\"https:\\\/\\\/www.meydan.tv\\\/az\\\/article\\\/eli-eliyev-hebs-olundu\\\/#primaryimage\"},\"thumbnailUrl\":\"https:\\\/\\\/www.meydan.tv\\\/wp-content\\\/uploads\\\/li_liyev_siyastci-e1639989248203.jpg\",\"articleSection\":[\"T\u00f6vsiy\u0259\",\"X\u0259b\u0259rl\u0259r\"],\"inLanguage\":\"az\"},{\"@type\":\"WebPage\",\"@id\":\"https:\\\/\\\/www.meydan.tv\\\/az\\\/article\\\/eli-eliyev-hebs-olundu\\\/\",\"url\":\"https:\\\/\\\/www.meydan.tv\\\/az\\\/article\\\/eli-eliyev-hebs-olundu\\\/\",\"name\":\"\u018fli \u018fliyev fikirl\u0259rin\u0259 g\u00f6r\u0259 h\u0259bs olundu (yenil\u0259nib) - MEYDAN.TV\",\"isPartOf\":{\"@id\":\"https:\\\/\\\/www.meydan.tv\\\/az\\\/#website\"},\"primaryImageOfPage\":{\"@id\":\"https:\\\/\\\/www.meydan.tv\\\/az\\\/article\\\/eli-eliyev-hebs-olundu\\\/#primaryimage\"},\"image\":{\"@id\":\"https:\\\/\\\/www.meydan.tv\\\/az\\\/article\\\/eli-eliyev-hebs-olundu\\\/#primaryimage\"},\"thumbnailUrl\":\"https:\\\/\\\/www.meydan.tv\\\/wp-content\\\/uploads\\\/li_liyev_siyastci-e1639989248203.jpg\",\"datePublished\":\"2022-01-13T12:25:26+00:00\",\"dateModified\":\"2022-01-13T15:08:10+00:00\",\"breadcrumb\":{\"@id\":\"https:\\\/\\\/www.meydan.tv\\\/az\\\/article\\\/eli-eliyev-hebs-olundu\\\/#breadcrumb\"},\"inLanguage\":\"az\",\"potentialAction\":[{\"@type\":\"ReadAction\",\"target\":[\"https:\\\/\\\/www.meydan.tv\\\/az\\\/article\\\/eli-eliyev-hebs-olundu\\\/\"]}]},{\"@type\":\"ImageObject\",\"inLanguage\":\"az\",\"@id\":\"https:\\\/\\\/www.meydan.tv\\\/az\\\/article\\\/eli-eliyev-hebs-olundu\\\/#primaryimage\",\"url\":\"https:\\\/\\\/www.meydan.tv\\\/wp-content\\\/uploads\\\/li_liyev_siyastci-e1639989248203.jpg\",\"contentUrl\":\"https:\\\/\\\/www.meydan.tv\\\/wp-content\\\/uploads\\\/li_liyev_siyastci-e1639989248203.jpg\",\"width\":725,\"height\":349,\"caption\":\"\u018fli \u018fliyev, Foto: V\u0259t\u0259nda\u015f v\u0259 \u0130nki\u015faf Partiyas\u0131\"},{\"@type\":\"BreadcrumbList\",\"@id\":\"https:\\\/\\\/www.meydan.tv\\\/az\\\/article\\\/eli-eliyev-hebs-olundu\\\/#breadcrumb\",\"itemListElement\":[{\"@type\":\"ListItem\",\"position\":1,\"name\":\"Ana s\u0259hif\u0259\",\"item\":\"https:\\\/\\\/www.meydan.tv\\\/az\\\/\"},{\"@type\":\"ListItem\",\"position\":2,\"name\":\"X\u0259b\u0259rl\u0259r\",\"item\":\"https:\\\/\\\/www.meydan.tv\\\/az\\\/section\\\/xeberler\\\/\"},{\"@type\":\"ListItem\",\"position\":3,\"name\":\"\u018fli \u018fliyev fikirl\u0259rin\u0259 g\u00f6r\u0259 h\u0259bs olundu (yenil\u0259nib)\"}]},{\"@type\":\"WebSite\",\"@id\":\"https:\\\/\\\/www.meydan.tv\\\/az\\\/#website\",\"url\":\"https:\\\/\\\/www.meydan.tv\\\/az\\\/\",\"name\":\"MEYDAN.TV\",\"description\":\"Meydan TV Az\u0259rbaycan\u0131n media m\u0259kan\u0131ndak\u0131 alternativ s\u0259sidir\",\"publisher\":{\"@id\":\"https:\\\/\\\/www.meydan.tv\\\/az\\\/#organization\"},\"potentialAction\":[{\"@type\":\"SearchAction\",\"target\":{\"@type\":\"EntryPoint\",\"urlTemplate\":\"https:\\\/\\\/www.meydan.tv\\\/az\\\/?s={search_term_string}\"},\"query-input\":{\"@type\":\"PropertyValueSpecification\",\"valueRequired\":true,\"valueName\":\"search_term_string\"}}],\"inLanguage\":\"az\"},{\"@type\":\"Organization\",\"@id\":\"https:\\\/\\\/www.meydan.tv\\\/az\\\/#organization\",\"name\":\"Meydan TV\",\"url\":\"https:\\\/\\\/www.meydan.tv\\\/az\\\/\",\"logo\":{\"@type\":\"ImageObject\",\"inLanguage\":\"az\",\"@id\":\"https:\\\/\\\/www.meydan.tv\\\/az\\\/#\\\/schema\\\/logo\\\/image\\\/\",\"url\":\"https:\\\/\\\/www.meydan.tv\\\/wp-content\\\/uploads\\\/2021\\\/07\\\/meydan-logo.svg\",\"contentUrl\":\"https:\\\/\\\/www.meydan.tv\\\/wp-content\\\/uploads\\\/2021\\\/07\\\/meydan-logo.svg\",\"width\":195,\"height\":46,\"caption\":\"Meydan TV\"},\"image\":{\"@id\":\"https:\\\/\\\/www.meydan.tv\\\/az\\\/#\\\/schema\\\/logo\\\/image\\\/\"}},{\"@type\":\"Person\",\"@id\":\"https:\\\/\\\/www.meydan.tv\\\/az\\\/#\\\/schema\\\/person\\\/476e9360e593fa131d5d71d51866f8da\",\"name\":\"aleks\"}]}<\/script>\n<!-- \/ Yoast SEO plugin. -->","yoast_head_json":{"title":"\u018fli \u018fliyev fikirl\u0259rin\u0259 g\u00f6r\u0259 h\u0259bs olundu (yenil\u0259nib) - MEYDAN.TV","robots":{"index":"index","follow":"follow","max-snippet":"max-snippet:-1","max-image-preview":"max-image-preview:large","max-video-preview":"max-video-preview:-1"},"canonical":"https:\/\/www.meydan.tv\/az\/article\/eli-eliyev-hebs-olundu\/","og_locale":"az_AZ","og_type":"article","og_title":"\u018fli \u018fliyev fikirl\u0259rin\u0259 g\u00f6r\u0259 h\u0259bs olundu (yenil\u0259nib) - MEYDAN.TV","og_description":"Hakim v\u0259kil\u0259 v\u0259 t\u0259qsirl\u0259ndiril\u0259n \u015f\u0259xs\u0259 m\u00fcdafi\u0259 \u00fc\u00e7\u00fcn vaxt verm\u0259yib Yanvar\u0131n ... Davam\u0131","og_url":"https:\/\/www.meydan.tv\/az\/article\/eli-eliyev-hebs-olundu\/","og_site_name":"MEYDAN.TV","article_published_time":"2022-01-13T12:25:26+00:00","article_modified_time":"2022-01-13T15:08:10+00:00","og_image":[{"width":725,"height":349,"url":"https:\/\/www.meydan.tv\/wp-content\/uploads\/li_liyev_siyastci-e1639989248203.jpg","type":"image\/jpeg"}],"author":"aleks","twitter_card":"summary_large_image","schema":{"@context":"https:\/\/schema.org","@graph":[{"@type":"Article","@id":"https:\/\/www.meydan.tv\/az\/article\/eli-eliyev-hebs-olundu\/#article","isPartOf":{"@id":"https:\/\/www.meydan.tv\/az\/article\/eli-eliyev-hebs-olundu\/"},"author":{"name":"aleks","@id":"https:\/\/www.meydan.tv\/az\/#\/schema\/person\/476e9360e593fa131d5d71d51866f8da"},"headline":"\u018fli \u018fliyev fikirl\u0259rin\u0259 g\u00f6r\u0259 h\u0259bs olundu (yenil\u0259nib)","datePublished":"2022-01-13T12:25:26+00:00","dateModified":"2022-01-13T15:08:10+00:00","mainEntityOfPage":{"@id":"https:\/\/www.meydan.tv\/az\/article\/eli-eliyev-hebs-olundu\/"},"wordCount":1053,"publisher":{"@id":"https:\/\/www.meydan.tv\/az\/#organization"},"image":{"@id":"https:\/\/www.meydan.tv\/az\/article\/eli-eliyev-hebs-olundu\/#primaryimage"},"thumbnailUrl":"https:\/\/www.meydan.tv\/wp-content\/uploads\/li_liyev_siyastci-e1639989248203.jpg","articleSection":["T\u00f6vsiy\u0259","X\u0259b\u0259rl\u0259r"],"inLanguage":"az"},{"@type":"WebPage","@id":"https:\/\/www.meydan.tv\/az\/article\/eli-eliyev-hebs-olundu\/","url":"https:\/\/www.meydan.tv\/az\/article\/eli-eliyev-hebs-olundu\/","name":"\u018fli \u018fliyev fikirl\u0259rin\u0259 g\u00f6r\u0259 h\u0259bs olundu (yenil\u0259nib) - MEYDAN.TV","isPartOf":{"@id":"https:\/\/www.meydan.tv\/az\/#website"},"primaryImageOfPage":{"@id":"https:\/\/www.meydan.tv\/az\/article\/eli-eliyev-hebs-olundu\/#primaryimage"},"image":{"@id":"https:\/\/www.meydan.tv\/az\/article\/eli-eliyev-hebs-olundu\/#primaryimage"},"thumbnailUrl":"https:\/\/www.meydan.tv\/wp-content\/uploads\/li_liyev_siyastci-e1639989248203.jpg","datePublished":"2022-01-13T12:25:26+00:00","dateModified":"2022-01-13T15:08:10+00:00","breadcrumb":{"@id":"https:\/\/www.meydan.tv\/az\/article\/eli-eliyev-hebs-olundu\/#breadcrumb"},"inLanguage":"az","potentialAction":[{"@type":"ReadAction","target":["https:\/\/www.meydan.tv\/az\/article\/eli-eliyev-hebs-olundu\/"]}]},{"@type":"ImageObject","inLanguage":"az","@id":"https:\/\/www.meydan.tv\/az\/article\/eli-eliyev-hebs-olundu\/#primaryimage","url":"https:\/\/www.meydan.tv\/wp-content\/uploads\/li_liyev_siyastci-e1639989248203.jpg","contentUrl":"https:\/\/www.meydan.tv\/wp-content\/uploads\/li_liyev_siyastci-e1639989248203.jpg","width":725,"height":349,"caption":"\u018fli \u018fliyev, Foto: V\u0259t\u0259nda\u015f v\u0259 \u0130nki\u015faf Partiyas\u0131"},{"@type":"BreadcrumbList","@id":"https:\/\/www.meydan.tv\/az\/article\/eli-eliyev-hebs-olundu\/#breadcrumb","itemListElement":[{"@type":"ListItem","position":1,"name":"Ana s\u0259hif\u0259","item":"https:\/\/www.meydan.tv\/az\/"},{"@type":"ListItem","position":2,"name":"X\u0259b\u0259rl\u0259r","item":"https:\/\/www.meydan.tv\/az\/section\/xeberler\/"},{"@type":"ListItem","position":3,"name":"\u018fli \u018fliyev fikirl\u0259rin\u0259 g\u00f6r\u0259 h\u0259bs olundu (yenil\u0259nib)"}]},{"@type":"WebSite","@id":"https:\/\/www.meydan.tv\/az\/#website","url":"https:\/\/www.meydan.tv\/az\/","name":"MEYDAN.TV","description":"Meydan TV Az\u0259rbaycan\u0131n media m\u0259kan\u0131ndak\u0131 alternativ s\u0259sidir","publisher":{"@id":"https:\/\/www.meydan.tv\/az\/#organization"},"potentialAction":[{"@type":"SearchAction","target":{"@type":"EntryPoint","urlTemplate":"https:\/\/www.meydan.tv\/az\/?s={search_term_string}"},"query-input":{"@type":"PropertyValueSpecification","valueRequired":true,"valueName":"search_term_string"}}],"inLanguage":"az"},{"@type":"Organization","@id":"https:\/\/www.meydan.tv\/az\/#organization","name":"Meydan TV","url":"https:\/\/www.meydan.tv\/az\/","logo":{"@type":"ImageObject","inLanguage":"az","@id":"https:\/\/www.meydan.tv\/az\/#\/schema\/logo\/image\/","url":"https:\/\/www.meydan.tv\/wp-content\/uploads\/2021\/07\/meydan-logo.svg","contentUrl":"https:\/\/www.meydan.tv\/wp-content\/uploads\/2021\/07\/meydan-logo.svg","width":195,"height":46,"caption":"Meydan TV"},"image":{"@id":"https:\/\/www.meydan.tv\/az\/#\/schema\/logo\/image\/"}},{"@type":"Person","@id":"https:\/\/www.meydan.tv\/az\/#\/schema\/person\/476e9360e593fa131d5d71d51866f8da","name":"aleks"}]}},"_links":{"self":[{"href":"https:\/\/www.meydan.tv\/az\/wp-json\/wp\/v2\/posts\/231658","targetHints":{"allow":["GET"]}}],"collection":[{"href":"https:\/\/www.meydan.tv\/az\/wp-json\/wp\/v2\/posts"}],"about":[{"href":"https:\/\/www.meydan.tv\/az\/wp-json\/wp\/v2\/types\/post"}],"author":[{"embeddable":true,"href":"https:\/\/www.meydan.tv\/az\/wp-json\/wp\/v2\/users\/12"}],"replies":[{"embeddable":true,"href":"https:\/\/www.meydan.tv\/az\/wp-json\/wp\/v2\/comments?post=231658"}],"version-history":[{"count":5,"href":"https:\/\/www.meydan.tv\/az\/wp-json\/wp\/v2\/posts\/231658\/revisions"}],"predecessor-version":[{"id":231706,"href":"https:\/\/www.meydan.tv\/az\/wp-json\/wp\/v2\/posts\/231658\/revisions\/231706"}],"wp:featuredmedia":[{"embeddable":true,"href":"https:\/\/www.meydan.tv\/az\/wp-json\/wp\/v2\/media\/210349"}],"wp:attachment":[{"href":"https:\/\/www.meydan.tv\/az\/wp-json\/wp\/v2\/media?parent=231658"}],"wp:term":[{"taxonomy":"category","embeddable":true,"href":"https:\/\/www.meydan.tv\/az\/wp-json\/wp\/v2\/categories?post=231658"},{"taxonomy":"post_tag","embeddable":true,"href":"https:\/\/www.meydan.tv\/az\/wp-json\/wp\/v2\/tags?post=231658"}],"curies":[{"name":"wp","href":"https:\/\/api.w.org\/{rel}","templated":true}]}}