{"id":231647,"date":"2022-01-13T15:45:47","date_gmt":"2022-01-13T11:45:47","guid":{"rendered":"https:\/\/www.meydan.tv\/?p=231647"},"modified":"2022-01-13T18:53:20","modified_gmt":"2022-01-13T14:53:20","slug":"hrw-hesabati-azerbaycanda-2021-ci-il","status":"publish","type":"post","link":"https:\/\/www.meydan.tv\/az\/article\/hrw-hesabati-azerbaycanda-2021-ci-il\/","title":{"rendered":"HRW Hesabat\u0131: Az\u0259rbaycanda 2021-ci il"},"content":{"rendered":"\n<p><em>T\u0259\u015fkilat ifad\u0259 azadl\u0131\u011f\u0131 v\u0259 insan h\u00fcquqlar\u0131 il\u0259 ba\u011fl\u0131 durumun a\u011f\u0131r oldu\u011funu a\u00e7\u0131qlay\u0131b<\/em><\/p>\n\n\n\n<p><strong>Qaraba\u011fla ba\u011fl\u0131 v\u0259ziyy\u0259t<\/strong><\/p>\n\n\n\n<p>Az\u0259rbaycan v\u0259 Erm\u0259nistan aras\u0131nda 2020-ci ild\u0259 Da\u011fl\u0131q Qaraba\u011f v\u0259 \u0259traf \u0259razil\u0259rd\u0259 ged\u0259n 6 h\u0259ft\u0259lik m\u00fcharib\u0259ni bitir\u0259n at\u0259\u015fk\u0259s\u0259 t\u0259r\u0259fl\u0259r b\u00f6y\u00fck miqyasda \u0259m\u0259l ets\u0259 d\u0259, c\u0259bh\u0259 x\u0259ttind\u0259 v\u0259ziyy\u0259t h\u0259ssas olaraq qal\u0131r.<\/p>\n\n\n\n<p>T\u0259r\u0259fl\u0259r aras\u0131nda vaxta\u015f\u0131r\u0131 silahl\u0131 qar\u015f\u0131durmalar ba\u015f verir.<\/p>\n\n\n\n<p>\u201cHuman Rights Watch\u201d insan haqlar\u0131 t\u0259\u015fkilat\u0131n\u0131n yanvar\u0131n 13-d\u0259 a\u00e7\u0131qlad\u0131\u011f\u0131 illik <a href=\"https:\/\/www.hrw.org\/world-report\/2022\/country-chapters\/azerbaijan\" target=\"_blank\" rel=\"noreferrer noopener\">hesabat<\/a>\u0131nda bel\u0259 deyilir.<\/p>\n\n\n\n<p>Hesabatda bildirilir ki, at\u0259\u015fk\u0259s sazi\u015find\u0259n sonra Az\u0259rbaycan n\u0259zar\u0259ti \u0259l\u0259 ald\u0131\u011f\u0131 \u0259razil\u0259rd\u0259 yenid\u0259nqurma i\u015fl\u0259rin\u0259 ba\u015flay\u0131b.<\/p>\n\n\n\n<p>Bununla yana\u015f\u0131, de-fakto Qaraba\u011f h\u00f6kum\u0259tinin n\u0259zar\u0259ti alt\u0131nda olan \u0259razil\u0259rd\u0259 etnik erm\u0259nil\u0259r c\u0259bh\u0259 x\u0259tti yax\u0131nl\u0131\u011f\u0131nda mal-qara v\u0259 ya t\u0259s\u0259rr\u00fcfat i\u015fl\u0259ri il\u0259 m\u0259\u015f\u011ful olduqda yaralanma v\u0259 ya \u0259sir d\u00fc\u015fm\u0259 t\u0259hl\u00fck\u0259siyl\u0259 \u00fczl\u0259\u015firl\u0259r: \u201cBu v\u0259 dig\u0259r m\u0259s\u0259l\u0259l\u0259r, o c\u00fcml\u0259d\u0259n Da\u011fl\u0131q Qaraba\u011f\u0131n uzunm\u00fcdd\u0259tli statusunun m\u00fc\u0259yy\u0259n edilm\u0259si t\u0259r\u0259fl\u0259raras\u0131 g\u0259rginliyi art\u0131rmaqla beyn\u0259lxalq i\u015ftirak\u00e7\u0131l\u0131\u011f\u0131n vacibliyini z\u0259ruri edir\u201d.<\/p>\n\n\n\n<p><strong>\u018ffv olunanlar<\/strong><\/p>\n\n\n\n<p>\u201cMartda prezidentin imzalad\u0131\u011f\u0131 \u0259fv f\u0259rman\u0131 il\u0259 40-a yax\u0131n m\u00fcxalif\u0259t f\u0259al\u0131, dindar, jurnalist, h\u00fcquq m\u00fcdafi\u0259\u00e7isi v\u0259 siyasi motivl\u0259 h\u0259bs olundu\u011fu g\u00fcman edil\u0259n dig\u0259r m\u0259hbuslar h\u0259bsd\u0259n azad edildi. Ancaq h\u00f6kum\u0259t m\u00fcxalif\u0259ti v\u0259 dig\u0259r t\u0259nqid\u00e7i s\u0259sl\u0259ri bo\u011fma\u011fa davam etdiyin\u0259 g\u00f6r\u0259 \u00e7oxlu sayda insan saxta ittihamlarla h\u0259l\u0259 d\u0259 h\u0259bsd\u0259 saxlan\u0131l\u0131r\u201d, &#8211; \u201cHuman Rights Watch\u201d \u0259lav\u0259 edir.<\/p>\n\n\n\n<p>T\u0259\u015fkilat vur\u011fulay\u0131r ki, m\u00fcharib\u0259 ba\u015flad\u0131\u011f\u0131ndan b\u0259ri hakimiyy\u0259tl\u0259 siyasi m\u00fcxalif\u0259t aras\u0131nda g\u0259rginlik azalsa da, h\u00f6kum\u0259tin alternativ fikirl\u0259r\u0259 qar\u015f\u0131 s\u0259rt m\u00f6vqeyi d\u0259yi\u015fm\u0259z qal\u0131b: \u201cQeyri-h\u00f6kum\u0259t t\u0259\u015fkilatlar\u0131n\u0131n (QHT) m\u00fcst\u0259qil f\u0259aliyy\u0259tini m\u0259hdudla\u015fd\u0131ran qanunlar h\u0259l\u0259 d\u0259 q\u00fcvv\u0259d\u0259 qal\u0131r. 2021-ci il boyunca i\u015fg\u0259nc\u0259 v\u0259 pis r\u0259ftara m\u0259ruz qalma hallar\u0131 il\u0259 ba\u011fl\u0131 \u00e7oxlu m\u0259lumatlar yay\u0131l\u0131b\u201d.<\/p>\n\n\n\n<p><strong>Da\u011fl\u0131q Qaraba\u011f \u2013 minalanm\u0131\u015f \u0259razil\u0259r v\u0259 h\u0259rbi \u0259sirl\u0259r<\/strong><\/p>\n\n\n\n<p>HRW-nin hesabat\u0131nda minaya d\u00fc\u015f\u0259n jurnalistl\u0259rd\u0259n v\u0259 m\u00fclki \u0259halid\u0259n d\u0259 b\u0259hs edilir: \u201cAvqustda Az\u0259rbaycan\u0131n Ba\u015f Prokurorlu\u011fu b\u0259yan edib ki, at\u0259\u015fk\u0259sd\u0259n \u00f6nc\u0259 erm\u0259ni silahl\u0131 q\u00fcvv\u0259l\u0259rinin n\u0259zar\u0259ti alt\u0131nda olan \u0259razil\u0259r\u0259 basd\u0131r\u0131lm\u0131\u015f piyada v\u0259 tank\u0259leyhin\u0259 minalar\u0131n partlamas\u0131 n\u0259tic\u0259sind\u0259 23 m\u00fclki v\u0259t\u0259nda\u015f h\u0259lak olub, 36 n\u0259f\u0259r is\u0259 yaralan\u0131b&#8221;.<\/p>\n\n\n\n<p>\u00d6l\u0259nl\u0259rin aras\u0131nda iyunun 4-d\u0259 minaya d\u00fc\u015f\u0259r\u0259k h\u0259lak olan iki az\u0259rbaycanl\u0131 jurnalist v\u0259 bir yerli m\u0259mur da var. Bildirilir ki, geri qaytar\u0131lm\u0131\u015f yeddi rayonun dem\u0259k olar ki, h\u0259r birind\u0259 geni\u015f miqyasda minalanm\u0131\u015f \u0259razil\u0259r qal\u0131r\u201d, &#8211; dey\u0259 hesabatda qeyd olunur.<\/p>\n\n\n\n<p>T\u0259\u015fkilat bildirir ki, piyada \u0259leyhin\u0259 minalar\u0131n yerl\u0259\u015fdirilm\u0259sini qada\u011fan ed\u0259n beyn\u0259lxalq m\u00fcqavil\u0259 n\u0259 Az\u0259rbaycan, n\u0259 d\u0259 Erm\u0259nistan t\u0259r\u0259find\u0259n ratifikasiya edilib.<\/p>\n\n\n\n<p><strong>COVID 19 v\u0259 t\u0259hsil<\/strong><\/p>\n\n\n\n<p>T\u0259\u015fkilat bildirib ki, regionda onsuz da COVID-19 n\u0259tic\u0259sind\u0259 z\u0259r\u0259r g\u00f6rm\u00fc\u015f t\u0259hsilin s\u0259viyy\u0259si m\u00fcharib\u0259 d\u00f6vr\u00fcnd\u0259 daha da a\u011f\u0131rla\u015f\u0131b.<\/p>\n\n\n\n<p>R\u0259smi m\u0259lumatlara g\u00f6r\u0259, Erm\u0259nistanda \u0259n az 71, Az\u0259rbaycanda is\u0259 54 m\u0259kt\u0259b d\u00f6y\u00fc\u015fl\u0259rd\u0259 z\u0259r\u0259r g\u00f6r\u00fcb v\u0259 da\u011f\u0131d\u0131l\u0131b: \u201cM\u00fcnaqi\u015f\u0259 zaman\u0131 m\u0259kt\u0259bl\u0259r\u0259 d\u0259y\u0259n z\u0259r\u0259r\u0259 baxmayaraq, Az\u0259rbaycan h\u0259l\u0259 d\u0259 112 \u00f6lk\u0259 t\u0259r\u0259find\u0259n imzalanm\u0131\u015f silahl\u0131 m\u00fcnaqi\u015f\u0259l\u0259r zaman\u0131 t\u0259hsili qorumaq \u00fc\u00e7\u00fcn n\u0259z\u0259rd\u0259 tutulmu\u015f T\u0259hl\u00fck\u0259siz M\u0259kt\u0259bl\u0259r Beyn\u0259lxalq B\u0259y\u0259nnam\u0259sin\u0259 qo\u015fulmay\u0131b\u201d.<\/p>\n\n\n\n<p><strong>\u018fsirl\u0259rl\u0259 davran\u0131\u015f<\/strong><\/p>\n\n\n\n<p>HRW hesab edir ki, Az\u0259rbaycan silahl\u0131 q\u00fcvv\u0259l\u0259ri bir \u00e7ox erm\u0259ni m\u00fcharib\u0259 \u0259sirl\u0259rin\u0259 qar\u015f\u0131 fiziki zorak\u0131l\u0131q hallar\u0131na v\u0259 al\u00e7ald\u0131c\u0131 davran\u0131\u015flara yol verib.<\/p>\n\n\n\n<p>\u201cHuman Rights Watch\u201d h\u0259m\u00e7inin, erm\u0259ni v\u0259t\u0259nda\u015flara, o c\u00fcml\u0259d\u0259n ya\u015fl\u0131 insanlara qar\u015f\u0131 i\u015fg\u0259nc\u0259 v\u0259 sui-istifad\u0259 faktlar\u0131n\u0131, habel\u0259 2021-ci ilin \u0259vv\u0259ll\u0259rind\u0259 qanunazidd \u00f6ld\u00fcrm\u0259 hallar\u0131n\u0131 (extrajudicial execution) s\u0259n\u0259dl\u0259\u015fdirib: \u201c2020-ci ild\u0259 v\u0259 2021-ci ilin \u0259vv\u0259lind\u0259 erm\u0259ni h\u0259rbi q\u00fcvv\u0259l\u0259rinin v\u0259 m\u00fclki \u015f\u0259xsl\u0259rinin qanunazidd \u00f6ld\u00fcrm\u0259 hallar\u0131 il\u0259 ba\u011fl\u0131 iddialar \u00fcz\u0259 \u00e7\u0131x\u0131b\u201d.<\/p>\n\n\n\n<p><strong>\u018fsirl\u0259rin geri qaytar\u0131lmas\u0131<\/strong><\/p>\n\n\n\n<p>T\u0259\u015fkilat bildirib ki, 2021-ci ild\u0259 Az\u0259rbaycan 100-d\u0259n \u00e7ox erm\u0259ni h\u0259rbi v\u0259 m\u00fclk\u00fc \u0259sirini geri qaytar\u0131b.<\/p>\n\n\n\n<p>Sentyabrda Erm\u0259nistan\u0131n Ombudsman Aparat\u0131 qeyd edib ki, \u0259n az 41 h\u0259rbi \u0259sir v\u0259 4 m\u00fclk\u00fc v\u0259t\u0259nda\u015f Az\u0259rbaycanda h\u0259bsd\u0259 saxlan\u0131l\u0131r: \u201cH\u0259bsd\u0259 saxlan\u0131lanlar\u0131n d\u0259qiq say\u0131 b\u0259lli deyil. Az\u0259rbaycan h\u00f6kum\u0259ti bu m\u0259hbuslar\u0131 h\u0259rbi \u0259sir kimi tan\u0131m\u0131r\u201d.<\/p>\n\n\n\n<p>HRW qeyd edir ki, Az\u0259rbaycan hakimiyy\u0259ti h\u0259bsd\u0259 qalan erm\u0259ni h\u0259rb\u00e7il\u0259rini terror\u00e7uluqda \u015f\u00fcbh\u0259li bils\u0259 d\u0259, m\u0259hk\u0259m\u0259 prosesi zaman\u0131 onlardan b\u0259zil\u0259rin\u0259 qar\u015f\u0131 bu ittiham l\u0259\u011fv edilib: \u201cOnlar daha sonra s\u0259rh\u0259di qanunsuz ke\u00e7m\u0259 v\u0259 silah saxlamaqda ittiham edilibl\u0259r. Bu \u0259sirl\u0259rd\u0259n bir \u00e7oxu Erm\u0259nistan\u0131n iyun v\u0259 iyul aylar\u0131nda minalanm\u0131\u015f \u0259razil\u0259rin x\u0259rit\u0259si verm\u0259si qar\u015f\u0131l\u0131\u011f\u0131nda Az\u0259rbaycan\u0131n azad etdiyi 30 h\u0259rb\u00e7isinin aras\u0131ndad\u0131r\u201d.<\/p>\n\n\n\n<p>Hesabatda bildirilir ki, Az\u0259rbaycan m\u0259hk\u0259m\u0259si b\u0259zil\u0259rinin m\u00fclki v\u0259t\u0259nda\u015f oldu\u011fu bildiril\u0259n \u0259n az\u0131 alt\u0131 etnik erm\u0259niy\u0259 m\u00fcxt\u0259lif ittihamlarla azadl\u0131qdan m\u0259hrum edib.<\/p>\n\n\n\n<p>\u0130ttihamlar aras\u0131na terror, casusluq v\u0259 1990-c\u0131 il Qaraba\u011f m\u00fcharib\u0259si zaman\u0131 Az\u0259rbaycan v\u0259t\u0259nda\u015flar\u0131na i\u015fg\u0259nc\u0259 verilm\u0259si ittihamlar\u0131 da var: \u201c2020-ci ilin dekabr\u0131nda beyn\u0259lxalq median\u0131n verdiyi m\u0259lumata g\u00f6r\u0259, Az\u0259rbaycan hakimiyy\u0259ti \u00f6lm\u00fc\u015f erm\u0259ni \u0259sg\u0259rl\u0259rinin c\u0259s\u0259dl\u0259rini t\u0259hqir etdiyin\u0259 v\u0259 erm\u0259ni q\u0259biristanl\u0131qlar\u0131nda m\u0259zar da\u015flar\u0131n\u0131 da\u011f\u0131td\u0131qlar\u0131na g\u00f6r\u0259 d\u00f6rd az\u0259rbaycanl\u0131 h\u0259rb\u00e7ini h\u0259bs edib. Bu hesabat\u0131n yay\u0131nland\u0131\u011f\u0131 zaman onlar istintaq t\u0259cridxanas\u0131nda olublar v\u0259 onlardan ba\u015fqa he\u00e7 kim m\u00fcharib\u0259 cinay\u0259tl\u0259rin\u0259 g\u00f6r\u0259 m\u0259suliyy\u0259t\u0259 c\u0259lb olunmay\u0131b\u201d.<\/p>\n\n\n\n<p><strong>Siyasi m\u00fcxalif\u0259tin t\u0259qibi<\/strong><\/p>\n\n\n\n<p>\u201cHuman Rights Watch\u201d hesabatda qeyd edir ki, yanvarda Az\u0259rbaycan Xalq C\u0259bh\u0259si Partiyas\u0131n\u0131n (AXCP) \u00fczv\u00fc Niyam\u0259ddin \u018fhm\u0259dov qada\u011fan olunmu\u015f \u0259\u015fyalar\u0131n alveri il\u0259 ba\u011fl\u0131 yeni, \u015f\u00fcbh\u0259li ittihamlarla \u00fczl\u0259\u015fib: \u201c\u018fhm\u0259dov 2020-ci ilin may\u0131ndan terrorizmi maliyy\u0259l\u0259\u015fdirm\u0259 ittiham\u0131yla h\u0259bsd\u0259dir. O, m\u00fchacir\u0259td\u0259 ya\u015fayan h\u00f6kum\u0259t t\u0259nqid\u00e7isind\u0259n \u00f6lk\u0259d\u0259ki sabitliyi pozmaq v\u0259 bir ne\u00e7\u0259 siyasi xadimin q\u0259tli \u00fc\u00e7\u00fcn pul v\u0259saiti almaqda ittham edilir. \u018fhm\u0259dov ona qar\u015f\u0131 olan bu ittihamlar\u0131 r\u0259dd edir&#8221;.<\/p>\n\n\n\n<p>\u0130ddialara g\u00f6r\u0259, \u018fhm\u0259dovu AXCP lideri \u0259leyhin\u0259 yalan ifad\u0259 verm\u0259y\u0259 m\u0259cbur etm\u0259k m\u0259qs\u0259diyl\u0259 polis onu saxlanma m\u0259nt\u0259q\u0259sind\u0259 d\u00f6y\u00fcb. Oktyabrda m\u0259hk\u0259m\u0259 \u018fhm\u0259dovu 13 il m\u00fcdd\u0259tin\u0259 azadl\u0131qdan m\u0259hrum edib.<\/p>\n\n\n\n<p>T\u0259\u015fkilat bildirir ki, apreld\u0259 is\u0259 AXCP f\u0259al\u0131 S\u0259id M\u0259mm\u0259dzad\u0259 Bakuvi saxta xuliqanl\u0131q ittiham\u0131 il\u0259 3 il yar\u0131m m\u00fcdd\u0259tin\u0259 azadl\u0131qdan m\u0259hrum edils\u0259 d\u0259, iyun ay\u0131nda m\u0259hk\u0259m\u0259 c\u0259zan\u0131 \u015f\u0259rti m\u0259hkum etm\u0259 il\u0259 \u0259v\u0259z edib v\u0259 o, m\u0259hk\u0259m\u0259 zal\u0131ndan azadl\u0131\u011fa burax\u0131l\u0131b: \u201c\u0130yunda m\u0259hk\u0259m\u0259 12 AXCP \u00fczv\u00fcn\u00fc, o c\u00fcml\u0259d\u0259n be\u015f partiya r\u0259hb\u0259rini \u2013 Fuad Q\u0259hr\u0259manl\u0131, M\u0259mm\u0259d \u0130brahim, B\u0259xtiyar \u0130manov, Asif Yusifli v\u0259 Ayaz M\u0259h\u0259rr\u0259mlini m\u00fcharib\u0259d\u0259n \u0259vv\u0259lki bir aksiyada ictimai asayi\u015fi pozmaq v\u0259 bir s\u0131ra dig\u0259r ittihamlarda g\u00fcnahkar bil\u0259r\u0259k iki ild\u0259n d\u00f6rd il\u0259d\u0259k \u015f\u0259rti c\u0259zaya m\u0259hkum edib\u201d.<\/p>\n\n\n\n<p>HRW \u0259lav\u0259 edir ki, fevralda AXCP s\u0259drinin m\u00fcavininin o\u011flu Mehdi \u0130brahimov COVID-19-u yaymaqda ittiham edilib v\u0259 15 ay \u015f\u0259rti h\u0259bs c\u0259zas\u0131na m\u0259hkum edilib: \u201cBu ilin mart\u0131nda Prezident \u0130lham \u018fliyev 2020-ci ilin dekabr\u0131nda COVID-19-u yaymaqda ittiham olunan v\u0259 bir il m\u00fcdd\u0259tin\u0259 azadl\u0131qdan m\u0259hrum edilmi\u015f AXCP \u00fczv\u00fc M\u0259h\u0259mm\u0259d \u0130manl\u0131n\u0131 \u0259fv edib. H\u0259m\u00e7inin martda polis m\u00fcxalif\u0259t f\u0259al\u0131 La\u00e7\u0131n V\u0259liyevi narkotikl\u0259 ba\u011fl\u0131 saxta ittihamla h\u0259bs edib v\u0259 onu AXCP r\u0259hb\u0259rliyin\u0259 qar\u015f\u0131 yalan ifad\u0259l\u0259r verm\u0259y\u0259 m\u0259cbur edib. V\u0259liyev t\u0259zyiq alt\u0131nda narkotik ittiham\u0131n\u0131 q\u0259bul edib. O, bu hesabat haz\u0131rlanark\u0259n istintaq t\u0259cridxanas\u0131nda saxlan\u0131l\u0131rd\u0131\u201d.<\/p>\n\n\n\n<p>T\u0259\u015fkilat \u018flizamin Salayev, Saleh R\u00fcst\u0259mov, Aqil M\u0259h\u0259rr\u0259mov v\u0259 Pa\u015fa Umudovun da saxta ittihamlarla h\u0259bs olundu\u011funu qeyd edir. Bildirir ki, iyulda apelyasiya m\u0259hk\u0259m\u0259si m\u00fcxalif M\u00fcsavat Partiyas\u0131n\u0131n r\u0259hb\u0259rl\u0259rind\u0259n biri olan Tofiq Yaqublunun ev dustaql\u0131\u011f\u0131n\u0131 30 ayl\u0131q \u015f\u0259rti c\u0259za il\u0259 \u0259v\u0259z edib.<\/p>\n\n\n\n<p>Yaqublu 2020-ci ild\u0259 \u0259dal\u0259tsiz \u015f\u0259kild\u0259 4 il 3 ay m\u00fcdd\u0259tin\u0259 azadl\u0131qdan m\u0259hrum edilm\u0259sin\u0259 etiraz \u0259lam\u0259ti olaraq acl\u0131q aksiyas\u0131 ke\u00e7irdiyi \u00fc\u00e7\u00fcn s\u0259hh\u0259tind\u0259 yaranan probleml\u0259r\u0259 g\u00f6r\u0259 ev dustaql\u0131\u011f\u0131nda idi: \u201cMayda h\u00f6kum\u0259ty\u00f6n\u00fcml\u00fc oldu\u011fu bildiril\u0259n Az\u0259rbaycan V\u0259kill\u0259r Kollegiyas\u0131 \u0259vv\u0259lki ill\u0259rd\u0259 siyasi bax\u0131mdan h\u0259ssas m\u0259hk\u0259m\u0259 i\u015fl\u0259rind\u0259 v\u0259kil olduqlar\u0131na g\u00f6r\u0259 c\u0259zaland\u0131r\u0131laraq v\u0259killikd\u0259n m\u0259hrum edilmi\u015f v\u0259kil \u015e\u0259hla H\u00fcmb\u0259tova v\u0259 \u0130rad\u0259 Cavadovan\u0131n v\u0259killik f\u0259aliyy\u0259tini yenid\u0259n b\u0259rpa edib\u201d.<\/p>\n\n\n\n<p><strong>\u0130fad\u0259 azadl\u0131\u011f\u0131<\/strong><\/p>\n\n\n\n<p>\u201cHuman Rights Watch\u201dun hesabat\u0131n\u0131n ifad\u0259 azadl\u0131\u011f\u0131 il\u0259 ba\u011fl\u0131 b\u00f6l\u00fcm\u00fcnd\u0259 martda bloger El\u00e7in H\u0259s\u0259nzad\u0259 v\u0259 f\u0259al \u0130brahim Salamovdan b\u0259hs edilir.<\/p>\n\n\n\n<p>Bildirilir ki, onlar Ming\u0259\u00e7evir \u015f\u0259h\u0259r M\u0259nzil \u0130stismar \u0130dar\u0259sinin r\u0259isin\u0259 qar\u015f\u0131 ir\u0259li s\u00fcrd\u00fckl\u0259ri korrupsiya v\u0259 dig\u0259r ittihamlara g\u00f6r\u0259 diffamasiyada g\u00fcnahkar bilin\u0259r\u0259k 8 ay m\u00fcdd\u0259tin\u0259 azadl\u0131qdan m\u0259hrum edilibl\u0259r.<\/p>\n\n\n\n<p>C\u0259zalar\u0131 bitdikd\u0259n sonra azadl\u0131\u011fa burax\u0131l\u0131blar: \u201cFevralda apelyasiya m\u0259hk\u0259m\u0259si a\u015fa\u011f\u0131 instansiya m\u0259hk\u0259m\u0259sinin jurnalist Polad Aslanova qar\u015f\u0131 d\u00f6vl\u0259t\u0259 x\u0259yan\u0259t h\u00f6km\u00fcn\u00fc q\u00fcvv\u0259d\u0259 saxlay\u0131b v\u0259 o, 16 illik h\u0259bs c\u0259zas\u0131n\u0131 \u00e7\u0259km\u0259y\u0259 davam edir\u201d.<\/p>\n\n\n\n<p><strong>Hesabat\u0131n &#8220;Pegasus&#8221; b\u00f6l\u00fcm\u00fc<\/strong><\/p>\n\n\n\n<p>T\u0259\u015fkilat hesabat\u0131nda jurnalist v\u0259 ictimai f\u0259allar\u0131n h\u00f6kum\u0259t t\u0259r\u0259find\u0259n izl\u0259nm\u0259sin\u0259 d\u0259 toxunub.<\/p>\n\n\n\n<p>S\u0259n\u0259dd\u0259 qeyd edilir ki, M\u00fct\u0259\u015f\u0259kkil Cinay\u0259tkarl\u0131q v\u0259 Korrupsiya Hesabat\u0131 Layih\u0259si (OCCRP) iyulda a\u00e7\u0131qlad\u0131\u011f\u0131 hesabat\u0131nda iddia edib ki, Az\u0259rbaycan h\u00f6kum\u0259ti Pegasus n\u0259zar\u0259t proqram\u0131ndan istifad\u0259 ed\u0259r\u0259k mind\u0259n \u00e7ox m\u00fcst\u0259qil f\u0259al v\u0259 jurnalist\u0259 qar\u015f\u0131 casus proqram\u0131ndan istifad\u0259 ed\u0259r\u0259k onlar\u0131n telefonlar\u0131na giri\u015f \u0259ld\u0259 edib v\u0259 gizli dinl\u0259yib.<\/p>\n\n\n\n<p>Ara\u015fd\u0131rma\u00e7\u0131 jurnalist X\u0259dic\u0259 \u0130smay\u0131lova v\u0259 bloger Mehman H\u00fcseynov da dinl\u0259nilmi\u015f f\u0259al \u015f\u0259xsl\u0259rin siyah\u0131s\u0131ndad\u0131r.<\/p>\n\n\n\n<p><strong>Gender \u0259sasl\u0131 zorak\u0131l\u0131q<\/strong><\/p>\n\n\n\n<p>T\u0259\u015fkilat qeyd edir ki, Az\u0259rbaycanda gender \u0259sasl\u0131 zorak\u0131l\u0131q yay\u011f\u0131n probleml\u0259rd\u0259n olsa da, bu haqda ictimaiyy\u0259t kifay\u0259t q\u0259d\u0259r m\u0259lumatland\u0131r\u0131lm\u0131r. Gender \u0259sasl\u0131 zorak\u0131l\u0131\u011fa qar\u015f\u0131 r\u0259smi cavabdehlikd\u0259 ciddi bo\u015fluqlar h\u0259l\u0259 d\u0259 var.<\/p>\n\n\n\n<p>\u00dcst\u0259lik, COVID-19 il\u0259 ba\u011fl\u0131 m\u0259hdudiyy\u0259tl\u0259r \u00f6lk\u0259d\u0259 m\u0259i\u015f\u0259t zorak\u0131l\u0131\u011f\u0131n\u0131n artmas\u0131na s\u0259b\u0259b olub. S\u0131\u011f\u0131nacaq r\u0259hb\u0259rl\u0259ri d\u0259 bildiribl\u0259r ki, zorak\u0131l\u0131qdan qa\u00e7araq onlara \u00fcz tutan qad\u0131nlar\u0131n say\u0131nda art\u0131m var.<\/p>\n\n\n\n<p>\u201cQad\u0131n h\u00fcquqlar\u0131 m\u00fcdafi\u0259\u00e7il\u0259ri polisin m\u0259i\u015f\u0259t zorak\u0131l\u0131\u011f\u0131 il\u0259 ba\u011fl\u0131 \u015fikay\u0259tl\u0259ri qeyd\u0259 almad\u0131\u011f\u0131n\u0131, adekvat add\u0131mlar\u0131n at\u0131lmad\u0131\u011f\u0131n\u0131 v\u0259 onsuz da az sayda olan s\u0131\u011f\u0131nacaqlara \u00e7at\u0131ml\u0131l\u0131qda ciddi mane\u0259l\u0259rin m\u00f6vcudlu\u011funu bildiribl\u0259r\u201d, &#8211; hesabatda bildirilir.<\/p>\n\n\n\n<p>\u018flav\u0259 edilir ki, qad\u0131nlar\u0131n partnyorlar\u0131 v\u0259 ya qohumlar\u0131 t\u0259r\u0259find\u0259n q\u0259tl\u0259 yetirilm\u0259si hallar\u0131n\u0131n artd\u0131\u011f\u0131 bir \u015f\u0259raitd\u0259 qurbanlar \u00e7ox vaxt s\u0131\u011f\u0131nacaqlar\u0131n olmamas\u0131 v\u0259 qeyri-adekvat polis yana\u015fmas\u0131 ucbat\u0131ndan zorak\u0131l\u0131qdan yaxa qurtara bilmirl\u0259r.<\/p>\n\n\n\n<p>Jurnalistl\u0259r bildirirl\u0259r ki, t\u0259kc\u0259 iyulda be\u015f qad\u0131n partnyorlar\u0131 t\u0259r\u0259find\u0259n q\u0259tl\u0259 yetirilib: \u201cAvqustda Ba\u015f Prokurorluq 2021-ci ilin birinci yar\u0131s\u0131nda \u00f6lk\u0259d\u0259 33 qad\u0131n\u0131n \u00f6ld\u00fcr\u00fcld\u00fcy\u00fcn\u00fc a\u00e7\u0131qlay\u0131b. Qad\u0131n h\u00fcquqlar\u0131 \u00fczr\u0259 m\u00fct\u0259x\u0259ssisl\u0259r is\u0259 bildiribl\u0259r ki, onlar\u0131n \u0259ks\u0259riyy\u0259ti \u0259rl\u0259ri, partnyorlar\u0131 v\u0259 ya ail\u0259 \u00fczvl\u0259ri t\u0259r\u0259find\u0259n \u00f6ld\u00fcr\u00fcl\u00fcbl\u0259r. Prokurorluq qad\u0131nlara m\u00fcraci\u0259t ed\u0259r\u0259k onlar\u0131 \u201cqaynar x\u0259tt\u201dd\u0259n istifad\u0259 ed\u0259r\u0259k zorak\u0131l\u0131q hallar\u0131 haqda m\u0259lumat verm\u0259y\u0259 \u00e7a\u011f\u0131r\u0131b\u201d.<\/p>\n\n\n\n<p>HRW mart\u0131n 8-d\u0259 bir s\u0131ra f\u0259al\u0131n gender \u0259sasl\u0131 zorak\u0131l\u0131\u011fa etiraz etdiyin\u0259 d\u0259 toxunub.<\/p>\n\n\n\n<p>Bildirir ki, etiraz\u00e7\u0131lar h\u00f6kum\u0259ti Avropa \u015euras\u0131n\u0131n qad\u0131nlara qar\u015f\u0131 zorak\u0131l\u0131\u011f\u0131n v\u0259 m\u0259i\u015f\u0259t zorak\u0131l\u0131\u011f\u0131n\u0131n qar\u015f\u0131s\u0131n\u0131n al\u0131nmas\u0131na dair Konvensiyas\u0131n\u0131 ratifikasiya etm\u0259y\u0259 s\u0259sl\u0259yib. H\u0259min aksiyas\u0131n\u0131n qar\u015f\u0131s\u0131 polis t\u0259r\u0259rfind\u0259n al\u0131n\u0131b v\u0259 bir ne\u00e7\u0259 aksiya i\u015ftirak\u00e7\u0131s\u0131 saxlan\u0131l\u0131b.<\/p>\n\n\n\n<p><strong>H\u0259bsd\u0259 i\u015fg\u0259nc\u0259 v\u0259 pis r\u0259ftar<\/strong><\/p>\n\n\n\n<p>\u201cHuman Rights Watch\u201d bildirir ki, Az\u0259rbaycan r\u0259smil\u0259ri ad\u0259t\u0259n saxlanma m\u0259nt\u0259q\u0259l\u0259rind\u0259n daxil olan i\u015fg\u0259nc\u0259 v\u0259 dig\u0259r pis r\u0259ftar hallar\u0131yla ba\u011fl\u0131 \u015fikay\u0259tl\u0259ri q\u0259bul etmirl\u0259r. Odur ki, bu kimi hal v\u0259 davran\u0131\u015flar c\u0259zas\u0131z olaraq qal\u0131r.<\/p>\n\n\n\n<p>Eyni zamanda, \u00f6lk\u0259d\u0259 saxlama m\u0259nt\u0259q\u0259l\u0259rind\u0259 etirafa m\u0259cbur etm\u0259k \u00fc\u00e7\u00fcn m\u00fcxt\u0259lif i\u015fg\u0259nc\u0259 n\u00f6vl\u0259rind\u0259n istifad\u0259 yay\u011f\u0131nd\u0131r: \u201cBu zaman saxlan\u0131lan \u015f\u0259xsin ail\u0259sin\u0259 v\u0259 m\u00fcst\u0259qil tibbi m\u00fcdaxil\u0259y\u0259 \u00e7\u0131x\u0131\u015f\u0131 k\u0259silir, h\u0259min \u015f\u0259xs m\u00fcst\u0259qil v\u0259kill\u0259 t\u0259min edilmir\u201d.<\/p>\n\n\n\n<p><strong>Hesabatda \u201cT\u0259rt\u0259r hadis\u0259l\u0259ri\u201d<\/strong><\/p>\n\n\n\n<p>T\u0259\u015fkilat i\u015fg\u0259nc\u0259 hallar\u0131 il\u0259 ba\u011fl\u0131 h\u0259m\u00e7inin, bildirir ki, m\u0259s\u0259l\u0259n, 2017-ci ild\u0259 h\u0259rbi v\u0259 t\u0259hl\u00fck\u0259sizlik r\u0259smil\u0259rinin bir s\u0131ra saxlan\u0131lan \u015f\u0259xsl\u0259ri v\u0259t\u0259n\u0259 x\u0259yan\u0259td\u0259 g\u00fcnahland\u0131r\u0131l\u0131b.<\/p>\n\n\n\n<p>Onlar\u0131 yalan ifad\u0259l\u0259r\u0259 imza atma\u011fa m\u0259cbur etm\u0259k \u00fc\u00e7\u00fcn i\u015fg\u0259nc\u0259l\u0259r\u0259 \u0259l atmalar\u0131yla ba\u011fl\u0131 iddialar v\u0259 m\u0259lumatlar 2021-ci il boyunca geni\u015f yay\u0131l\u0131b.<\/p>\n\n\n\n<p>Bir \u00e7ox h\u0259rb\u00e7inin h\u0259bsi il\u0259 n\u0259tic\u0259l\u0259n\u0259n hadis\u0259l\u0259r T\u0259rt\u0259r b\u00f6lg\u0259sind\u0259 ba\u015f verib. \u0130\u015fg\u0259nc\u0259l\u0259r\u0259 Qar\u015f\u0131 \u00dcmumd\u00fcnya T\u0259\u015fkilat\u0131n\u0131n (OMCT) bildirdiyin\u0259 g\u00f6r\u0259, \u201c\u00e7oxlu i\u015fg\u0259nc\u0259 hallar\u0131 olan bu hadis\u0259l\u0259rd\u0259&#8221; \u0259n az 78 n\u0259f\u0259r saxlan\u0131l\u0131b v\u0259 25 n\u0259f\u0259r qapal\u0131 ke\u00e7iril\u0259n m\u0259hk\u0259m\u0259l\u0259rd\u0259 12 ild\u0259n 20 il\u0259d\u0259k h\u0259bs c\u0259zas\u0131na m\u0259hkum edilib.<\/p>\n\n\n\n<p>Saxlan\u0131lanlar\u0131n \u0259n az be\u015fi 2020-ci ilin may\u0131nda h\u0259bs edildikd\u0259n bir ne\u00e7\u0259 g\u00fcn sonra v\u0259fat edib.<\/p>\n\n\n\n<p><strong>\u201cG\u0259nc\u0259 hadis\u0259l\u0259ri\u201d<\/strong><\/p>\n\n\n\n<p>T\u0259\u015fkilat qeyd edir ki, avqustda m\u0259hk\u0259m\u0259 G\u0259nc\u0259 \u015f\u0259h\u0259r icra ba\u015f\u00e7\u0131s\u0131n\u0131n h\u0259yat\u0131na q\u0259sdd\u0259 t\u0259qsirl\u0259ndiril\u0259n Yunis S\u0259f\u0259rovu \u00f6m\u00fcrl\u00fck h\u0259bs c\u0259zas\u0131na m\u0259hkum edib.<\/p>\n\n\n\n<p>M\u0259hk\u0259m\u0259l\u0259r bu i\u015f \u00fczr\u0259 daha doqquz m\u00fctt\u0259him\u0259 18 ild\u0259n 20 il\u0259d\u0259k h\u0259bs h\u00f6km\u00fc oxuyub: \u201cS\u0259f\u0259rov v\u0259 b\u00fct\u00fcn t\u0259qsirl\u0259ndiril\u0259n \u015f\u0259xsl\u0259r m\u0259hk\u0259m\u0259d\u0259 ifad\u0259l\u0259rind\u0259 polisin onlar\u0131 etirafedici ifad\u0259 almaq \u00fc\u00e7\u00fcn d\u0259f\u0259l\u0259rl\u0259 d\u00f6yd\u00fcy\u00fcn\u00fc bildirib. Bu iddialar\u0131n s\u0259m\u0259r\u0259li ara\u015fd\u0131r\u0131lmas\u0131 t\u0259min edilm\u0259yib\u201d.<\/p>\n\n\n\n<p><strong>\u018fsas beyn\u0259lxalq aktyorlar<\/strong><\/p>\n\n\n\n<p>\u201cHuman Rights Watch\u201d bildirir ki, fevralda Birl\u0259\u015fmi\u015f Mill\u0259tl\u0259r T\u0259\u015fkilat\u0131n\u0131n insan h\u00fcquqlar\u0131 \u00fczr\u0259 x\u00fcsusi prosedur mandat\u0131 olan bir qrup m\u0259ruz\u0259\u00e7isinin Erm\u0259nistan v\u0259 Az\u0259rbaycan \u201c[Da\u011fl\u0131q Qaraba\u011f] m\u00fcnaqi\u015f\u0259si zaman\u0131 v\u0259 ondan sonra t\u00f6r\u0259dilmi\u015f insan haqlar\u0131 pozuntular\u0131yla ba\u011fl\u0131 iddialar\u0131 ara\u015fd\u0131r\u0131b. Daha sonra onlar h\u0259r iki \u00f6lk\u0259y\u0259 s\u0259sl\u0259n\u0259r\u0259k g\u00fcnahkarlar\u0131 m\u0259suliyy\u0259t\u0259 c\u0259lb etm\u0259y\u0259 v\u0259 z\u0259r\u0259r\u00e7\u0259kmi\u015fl\u0259r\u0259 d\u0259y\u0259n ziyan\u0131n ortadan qald\u0131r\u0131lmas\u0131na \u00e7a\u011f\u0131r\u0131b.<\/p>\n\n\n\n<p>\u201cBMT-nin insan haqlar\u0131 \u00fczr\u0259 ekspertl\u0259ri m\u00fcharib\u0259 zaman\u0131 \u0259sir g\u00f6t\u00fcr\u00fclm\u00fc\u015f h\u0259rb\u00e7il\u0259rin azad edilm\u0259sini v\u0259 c\u0259s\u0259dl\u0259rin d\u0259fn olunmaq \u00fc\u00e7\u00fcn ail\u0259l\u0259rin\u0259 qaytar\u0131lmas\u0131n\u0131 t\u0259l\u0259b edibl\u0259r. H\u0259tta mayda Avropa Parlamenti Az\u0259rbaycan\u0131 erm\u0259ni \u0259sirl\u0259rini qeyd-\u015f\u0259rtsiz azad etm\u0259y\u0259 v\u0259 onlar\u0131 v\u0259kil, h\u0259kim v\u0259 h\u00fcquq m\u00fcdafi\u0259\u00e7il\u0259riyl\u0259 t\u0259min etm\u0259y\u0259 \u00e7a\u011f\u0131ran q\u0259tnam\u0259 q\u0259bul edib. Bu q\u0259tnam\u0259 h\u0259m\u00e7inin, Az\u0259rbaycan\u0131 h\u0259rbi \u0259sirl\u0259r\u0259 qar\u015f\u0131 qeyri-insani r\u0259ftar bar\u0259d\u0259 iddialar\u0131n ara\u015fd\u0131r\u0131lmas\u0131nda Avropa \u0130nsan H\u00fcquqlar\u0131 M\u0259hk\u0259m\u0259si (A\u0130HM) il\u0259 \u0259m\u0259kda\u015fl\u0131\u011fa \u00e7a\u011f\u0131r\u0131b\u201d.<\/p>\n\n\n\n<p>Daha sonra, apreld\u0259 Avropa \u015euras\u0131n\u0131n \u0130nsan Haqlar\u0131 \u00fczr\u0259 M\u00fcv\u0259kkili Dunja Mijatovic Az\u0259rbaycan\u0131n Da\u011fl\u0131q Qaraba\u011f m\u00fcharib\u0259sind\u0259 q\u0259l\u0259b\u0259sin\u0259 h\u0259sr olunmu\u015f Z\u0259f\u0259r Park\u0131nda n\u00fcmayi\u015f etdiril\u0259n \u201cqeyri-insani s\u0259hn\u0259l\u0259rd\u0259n, o c\u00fcml\u0259d\u0259n, \u00f6l\u0259n v\u0259 \u00f6lm\u0259k \u00fczr\u0259 olan erm\u0259ni \u0259sg\u0259rl\u0259rini canland\u0131ran manekenl\u0259r\u201dd\u0259n narahatl\u0131\u011f\u0131n\u0131 ifad\u0259 edib: \u201cM\u0259n bel\u0259 t\u0259svirl\u0259ri al\u00e7ald\u0131c\u0131 hesab edir\u0259m\u201d, &#8211; Mijatovic deyib.<\/p>\n\n\n\n<p>Oktyabrda Az\u0259rbaycan m\u00fcharib\u0259 zaman\u0131 \u0259l\u0259 ke\u00e7iril\u0259n \u0259sg\u0259rl\u0259rin manekenl\u0259rinin v\u0259 d\u0259bilq\u0259l\u0259rinin n\u00fcmayi\u015fini y\u0131\u011f\u0131\u015fd\u0131r\u0131b.<\/p>\n\n\n\n<p>Avropa \u015euras\u0131 Parlament Assambleyas\u0131 (A\u015ePA) sentyabr q\u0259tnam\u0259sind\u0259 Az\u0259rbaycan hakimiyy\u0259tini b\u00fct\u00fcn dig\u0259r \u0259sirl\u0259ri azad etm\u0259y\u0259, Erm\u0259nistan\u0131 is\u0259 mina x\u0259rit\u0259l\u0259rini t\u0259hvil verm\u0259y\u0259 \u00e7a\u011f\u0131r\u0131b. Q\u0259tnam\u0259 h\u0259m\u00e7inin, t\u0259r\u0259fl\u0259ri m\u00fcharib\u0259 zaman\u0131 t\u00f6r\u0259dilmi\u015f cinay\u0259tl\u0259r\u0259 g\u00f6r\u0259 m\u0259suliyy\u0259t\u0259 \u00e7a\u011f\u0131r\u0131b.<\/p>\n\n\n\n<p>Martda AB\u015e h\u00f6kum\u0259ti prezidentin \u0259fv f\u0259rman\u0131n\u0131 m\u00fcsb\u0259t qar\u015f\u0131lay\u0131b v\u0259 h\u00f6kum\u0259ti \u201cfundamental azadl\u0131qlar\u0131n icras\u0131 zaman\u0131 h\u0259bs edil\u0259n\u201d h\u0259r k\u0259si azad etm\u0259y\u0259 \u00e7a\u011f\u0131r\u0131b: \u201cH\u0259m\u00e7inin martda AB\u015e-\u0131n d\u00f6vl\u0259t katibi Antoni Blinken v\u0259kil \u015e\u0259hla H\u00fcmb\u0259tovan\u0131n V\u0259kill\u0259r Kollegiyas\u0131na b\u0259rpa olunmas\u0131n\u0131 t\u0259l\u0259b edib\u201d, &#8211; hesabatda qeyd edilir.<\/p>\n\n\n\n<p>Daha sonra bildirilir ki, Avropa \u0130ttifaq\u0131 mayda Az\u0259rbaycanla insan haqlar\u0131 \u00fczr\u0259 dialoqdan sonra H\u00fcmb\u0259tova v\u0259 Cavadovan\u0131n v\u0259zif\u0259l\u0259rin\u0259 b\u0259rpa olunmas\u0131n\u0131 alq\u0131\u015flay\u0131b v\u0259 beyn\u0259lxalq humanitar h\u00fcququn pozulmas\u0131na g\u00f6r\u0259 m\u0259suliyy\u0259tin vacibliyini vur\u011fulay\u0131b.<\/p>\n\n\n\n<p>A\u0130 d\u0259f\u0259l\u0259rl\u0259 Az\u0259rbaycan\u0131 Da\u011fl\u0131q Qaraba\u011f m\u00fcnaqi\u015f\u0259sind\u0259 \u0259sir g\u00f6t\u00fcr\u00fclm\u00fc\u015f b\u00fct\u00fcn \u201cm\u0259hbus v\u0259 saxlan\u0131lanlar\u0131\u201d azad etm\u0259y\u0259 \u00e7a\u011f\u0131r\u0131b.<\/p>\n\n\n\n<p><strong>Siyasi m\u0259hbuslarla ba\u011fl\u0131 v\u0259ziyy\u0259t<\/strong><\/p>\n\n\n\n<p>\u0130yunda A\u015ePA-n\u0131n Az\u0259rbaycandak\u0131 siyasi m\u0259hbuslar \u00fczr\u0259 m\u0259ruz\u0259\u00e7isi bildirib ki, 2020-ci il yanvar q\u0259tnam\u0259sind\u0259 qeyd olunan Az\u0259rbaycanda siyasi m\u0259hbus probleminin \u201ch\u0259lli bir yana qals\u0131n, h\u00f6kum\u0259t t\u0259r\u0259find\u0259n indiy\u0259d\u0259k n\u0259 laz\u0131mi \u015f\u0259kild\u0259 tan\u0131n\u0131b, n\u0259 d\u0259 adekvat \u015f\u0259kild\u0259 h\u0259ll olunub\u201d.<\/p>\n\n\n\n<p>A\u015ePA-n\u0131n H\u00fcquqi M\u0259s\u0259l\u0259l\u0259r Komit\u0259si ayr\u0131ca bir b\u0259yanatla \u00e7\u0131x\u0131\u015f ed\u0259r\u0259k bildirib ki, qurum Az\u0259rbaycan\u0131n Assambleyadak\u0131 n\u00fcmay\u0259nd\u0259 hey\u0259tinin siyasi m\u0259hbuslar \u00fczr\u0259 m\u0259ruz\u0259\u00e7i il\u0259 \u0259m\u0259kda\u015fl\u0131q etm\u0259m\u0259sind\u0259n, el\u0259c\u0259 d\u0259 Az\u0259rbaycan hakimiyy\u0259tinin Avropa M\u0259hk\u0259m\u0259sinin q\u0259rarlar\u0131n\u0131 tam \u015f\u0259kild\u0259 icra etm\u0259m\u0259sind\u0259n \u201cx\u00fcsusi m\u0259yuslu\u011funu\u201d ifad\u0259 edib.<\/p>\n\n\n\n<p>\u201cAvqustda is\u0259 B\u00f6y\u00fck Britaniyan\u0131n Az\u0259rbaycandak\u0131 s\u0259firliyi az\u0259rbaycanl\u0131 qad\u0131nlar\u0131n ail\u0259l\u0259ri t\u0259r\u0259find\u0259n \u00f6ld\u00fcr\u00fclm\u0259si hallar\u0131n\u0131n artmas\u0131na qar\u015f\u0131 narahatl\u0131\u011f\u0131n\u0131 ifad\u0259 edib v\u0259 Az\u0259rbaycan h\u00f6kum\u0259tini \u0130stanbul Konvensiyas\u0131n\u0131 imzalama\u011fa \u00e7a\u011f\u0131r\u0131b\u201d, &#8211; \u201cHuman Rights Watch\u201dun hesabat\u0131nda qeyd edilir.<\/p>\n","protected":false},"excerpt":{"rendered":"<p>T\u0259\u015fkilat ifad\u0259 azadl\u0131\u011f\u0131 v\u0259 insan h\u00fcquqlar\u0131 il\u0259 ba\u011fl\u0131 durumun a\u011f\u0131r &#8230; <\/p>\n<p class=\"read-more-container\"><a title=\"HRW Hesabat\u0131: Az\u0259rbaycanda 2021-ci il\" class=\"read-more button\" href=\"https:\/\/www.meydan.tv\/az\/article\/hrw-hesabati-azerbaycanda-2021-ci-il\/#more-231647\" aria-label=\"Read more about HRW Hesabat\u0131: Az\u0259rbaycanda 2021-ci il\">Davam\u0131<\/a><\/p>\n","protected":false},"author":12,"featured_media":230561,"comment_status":"closed","ping_status":"closed","sticky":false,"template":"","format":"standard","meta":{"_acf_changed":false,"_sitemap_exclude":false,"_sitemap_priority":"","_sitemap_frequency":"","footnotes":""},"categories":[79,7,56],"tags":[],"class_list":["post-231647","post","type-post","status-publish","format-standard","has-post-thumbnail","hentry","category-featured","category-uncategorized-az","category-xeberler","infinite-scroll-item","generate-columns","tablet-grid-50","mobile-grid-100","grid-parent","grid-33","no-featured-image-padding"],"acf":[],"yoast_head":"<!-- This site is optimized with the Yoast SEO plugin v27.4 - https:\/\/yoast.com\/product\/yoast-seo-wordpress\/ -->\n<title>HRW Hesabat\u0131: Az\u0259rbaycanda 2021-ci il - MEYDAN.TV<\/title>\n<meta name=\"robots\" content=\"index, follow, max-snippet:-1, max-image-preview:large, max-video-preview:-1\" \/>\n<link rel=\"canonical\" href=\"https:\/\/www.meydan.tv\/az\/article\/hrw-hesabati-azerbaycanda-2021-ci-il\/\" \/>\n<meta property=\"og:locale\" content=\"az_AZ\" \/>\n<meta property=\"og:type\" content=\"article\" \/>\n<meta property=\"og:title\" content=\"HRW Hesabat\u0131: Az\u0259rbaycanda 2021-ci il - MEYDAN.TV\" \/>\n<meta property=\"og:description\" content=\"T\u0259\u015fkilat ifad\u0259 azadl\u0131\u011f\u0131 v\u0259 insan h\u00fcquqlar\u0131 il\u0259 ba\u011fl\u0131 durumun a\u011f\u0131r ... Davam\u0131\" \/>\n<meta property=\"og:url\" content=\"https:\/\/www.meydan.tv\/az\/article\/hrw-hesabati-azerbaycanda-2021-ci-il\/\" \/>\n<meta property=\"og:site_name\" content=\"MEYDAN.TV\" \/>\n<meta property=\"article:published_time\" content=\"2022-01-13T11:45:47+00:00\" \/>\n<meta property=\"article:modified_time\" content=\"2022-01-13T14:53:20+00:00\" \/>\n<meta property=\"og:image\" content=\"https:\/\/www.meydan.tv\/wp-content\/uploads\/img_1413.jpg\" \/>\n\t<meta property=\"og:image:width\" content=\"1024\" \/>\n\t<meta property=\"og:image:height\" content=\"683\" \/>\n\t<meta property=\"og:image:type\" content=\"image\/jpeg\" \/>\n<meta name=\"author\" content=\"aleks\" \/>\n<meta name=\"twitter:card\" content=\"summary_large_image\" \/>\n<script type=\"application\/ld+json\" class=\"yoast-schema-graph\">{\"@context\":\"https:\\\/\\\/schema.org\",\"@graph\":[{\"@type\":\"Article\",\"@id\":\"https:\\\/\\\/www.meydan.tv\\\/az\\\/article\\\/hrw-hesabati-azerbaycanda-2021-ci-il\\\/#article\",\"isPartOf\":{\"@id\":\"https:\\\/\\\/www.meydan.tv\\\/az\\\/article\\\/hrw-hesabati-azerbaycanda-2021-ci-il\\\/\"},\"author\":{\"name\":\"aleks\",\"@id\":\"https:\\\/\\\/www.meydan.tv\\\/az\\\/#\\\/schema\\\/person\\\/476e9360e593fa131d5d71d51866f8da\"},\"headline\":\"HRW Hesabat\u0131: Az\u0259rbaycanda 2021-ci il\",\"datePublished\":\"2022-01-13T11:45:47+00:00\",\"dateModified\":\"2022-01-13T14:53:20+00:00\",\"mainEntityOfPage\":{\"@id\":\"https:\\\/\\\/www.meydan.tv\\\/az\\\/article\\\/hrw-hesabati-azerbaycanda-2021-ci-il\\\/\"},\"wordCount\":3589,\"publisher\":{\"@id\":\"https:\\\/\\\/www.meydan.tv\\\/az\\\/#organization\"},\"image\":{\"@id\":\"https:\\\/\\\/www.meydan.tv\\\/az\\\/article\\\/hrw-hesabati-azerbaycanda-2021-ci-il\\\/#primaryimage\"},\"thumbnailUrl\":\"https:\\\/\\\/www.meydan.tv\\\/wp-content\\\/uploads\\\/img_1413.jpg\",\"articleSection\":[\"T\u00f6vsiy\u0259\",\"Uncategorized @az\",\"X\u0259b\u0259rl\u0259r\"],\"inLanguage\":\"az\"},{\"@type\":\"WebPage\",\"@id\":\"https:\\\/\\\/www.meydan.tv\\\/az\\\/article\\\/hrw-hesabati-azerbaycanda-2021-ci-il\\\/\",\"url\":\"https:\\\/\\\/www.meydan.tv\\\/az\\\/article\\\/hrw-hesabati-azerbaycanda-2021-ci-il\\\/\",\"name\":\"HRW Hesabat\u0131: Az\u0259rbaycanda 2021-ci il - MEYDAN.TV\",\"isPartOf\":{\"@id\":\"https:\\\/\\\/www.meydan.tv\\\/az\\\/#website\"},\"primaryImageOfPage\":{\"@id\":\"https:\\\/\\\/www.meydan.tv\\\/az\\\/article\\\/hrw-hesabati-azerbaycanda-2021-ci-il\\\/#primaryimage\"},\"image\":{\"@id\":\"https:\\\/\\\/www.meydan.tv\\\/az\\\/article\\\/hrw-hesabati-azerbaycanda-2021-ci-il\\\/#primaryimage\"},\"thumbnailUrl\":\"https:\\\/\\\/www.meydan.tv\\\/wp-content\\\/uploads\\\/img_1413.jpg\",\"datePublished\":\"2022-01-13T11:45:47+00:00\",\"dateModified\":\"2022-01-13T14:53:20+00:00\",\"breadcrumb\":{\"@id\":\"https:\\\/\\\/www.meydan.tv\\\/az\\\/article\\\/hrw-hesabati-azerbaycanda-2021-ci-il\\\/#breadcrumb\"},\"inLanguage\":\"az\",\"potentialAction\":[{\"@type\":\"ReadAction\",\"target\":[\"https:\\\/\\\/www.meydan.tv\\\/az\\\/article\\\/hrw-hesabati-azerbaycanda-2021-ci-il\\\/\"]}]},{\"@type\":\"ImageObject\",\"inLanguage\":\"az\",\"@id\":\"https:\\\/\\\/www.meydan.tv\\\/az\\\/article\\\/hrw-hesabati-azerbaycanda-2021-ci-il\\\/#primaryimage\",\"url\":\"https:\\\/\\\/www.meydan.tv\\\/wp-content\\\/uploads\\\/img_1413.jpg\",\"contentUrl\":\"https:\\\/\\\/www.meydan.tv\\\/wp-content\\\/uploads\\\/img_1413.jpg\",\"width\":1024,\"height\":683,\"caption\":\"Foto: Meydan TV\"},{\"@type\":\"BreadcrumbList\",\"@id\":\"https:\\\/\\\/www.meydan.tv\\\/az\\\/article\\\/hrw-hesabati-azerbaycanda-2021-ci-il\\\/#breadcrumb\",\"itemListElement\":[{\"@type\":\"ListItem\",\"position\":1,\"name\":\"Ana s\u0259hif\u0259\",\"item\":\"https:\\\/\\\/www.meydan.tv\\\/az\\\/\"},{\"@type\":\"ListItem\",\"position\":2,\"name\":\"Uncategorized @az\",\"item\":\"https:\\\/\\\/www.meydan.tv\\\/az\\\/section\\\/uncategorized-az\\\/\"},{\"@type\":\"ListItem\",\"position\":3,\"name\":\"HRW Hesabat\u0131: Az\u0259rbaycanda 2021-ci il\"}]},{\"@type\":\"WebSite\",\"@id\":\"https:\\\/\\\/www.meydan.tv\\\/az\\\/#website\",\"url\":\"https:\\\/\\\/www.meydan.tv\\\/az\\\/\",\"name\":\"MEYDAN.TV\",\"description\":\"Meydan TV Az\u0259rbaycan\u0131n media m\u0259kan\u0131ndak\u0131 alternativ s\u0259sidir\",\"publisher\":{\"@id\":\"https:\\\/\\\/www.meydan.tv\\\/az\\\/#organization\"},\"potentialAction\":[{\"@type\":\"SearchAction\",\"target\":{\"@type\":\"EntryPoint\",\"urlTemplate\":\"https:\\\/\\\/www.meydan.tv\\\/az\\\/?s={search_term_string}\"},\"query-input\":{\"@type\":\"PropertyValueSpecification\",\"valueRequired\":true,\"valueName\":\"search_term_string\"}}],\"inLanguage\":\"az\"},{\"@type\":\"Organization\",\"@id\":\"https:\\\/\\\/www.meydan.tv\\\/az\\\/#organization\",\"name\":\"Meydan TV\",\"url\":\"https:\\\/\\\/www.meydan.tv\\\/az\\\/\",\"logo\":{\"@type\":\"ImageObject\",\"inLanguage\":\"az\",\"@id\":\"https:\\\/\\\/www.meydan.tv\\\/az\\\/#\\\/schema\\\/logo\\\/image\\\/\",\"url\":\"https:\\\/\\\/www.meydan.tv\\\/wp-content\\\/uploads\\\/2021\\\/07\\\/meydan-logo.svg\",\"contentUrl\":\"https:\\\/\\\/www.meydan.tv\\\/wp-content\\\/uploads\\\/2021\\\/07\\\/meydan-logo.svg\",\"width\":195,\"height\":46,\"caption\":\"Meydan TV\"},\"image\":{\"@id\":\"https:\\\/\\\/www.meydan.tv\\\/az\\\/#\\\/schema\\\/logo\\\/image\\\/\"}},{\"@type\":\"Person\",\"@id\":\"https:\\\/\\\/www.meydan.tv\\\/az\\\/#\\\/schema\\\/person\\\/476e9360e593fa131d5d71d51866f8da\",\"name\":\"aleks\"}]}<\/script>\n<!-- \/ Yoast SEO plugin. -->","yoast_head_json":{"title":"HRW Hesabat\u0131: Az\u0259rbaycanda 2021-ci il - MEYDAN.TV","robots":{"index":"index","follow":"follow","max-snippet":"max-snippet:-1","max-image-preview":"max-image-preview:large","max-video-preview":"max-video-preview:-1"},"canonical":"https:\/\/www.meydan.tv\/az\/article\/hrw-hesabati-azerbaycanda-2021-ci-il\/","og_locale":"az_AZ","og_type":"article","og_title":"HRW Hesabat\u0131: Az\u0259rbaycanda 2021-ci il - MEYDAN.TV","og_description":"T\u0259\u015fkilat ifad\u0259 azadl\u0131\u011f\u0131 v\u0259 insan h\u00fcquqlar\u0131 il\u0259 ba\u011fl\u0131 durumun a\u011f\u0131r ... Davam\u0131","og_url":"https:\/\/www.meydan.tv\/az\/article\/hrw-hesabati-azerbaycanda-2021-ci-il\/","og_site_name":"MEYDAN.TV","article_published_time":"2022-01-13T11:45:47+00:00","article_modified_time":"2022-01-13T14:53:20+00:00","og_image":[{"width":1024,"height":683,"url":"https:\/\/www.meydan.tv\/wp-content\/uploads\/img_1413.jpg","type":"image\/jpeg"}],"author":"aleks","twitter_card":"summary_large_image","schema":{"@context":"https:\/\/schema.org","@graph":[{"@type":"Article","@id":"https:\/\/www.meydan.tv\/az\/article\/hrw-hesabati-azerbaycanda-2021-ci-il\/#article","isPartOf":{"@id":"https:\/\/www.meydan.tv\/az\/article\/hrw-hesabati-azerbaycanda-2021-ci-il\/"},"author":{"name":"aleks","@id":"https:\/\/www.meydan.tv\/az\/#\/schema\/person\/476e9360e593fa131d5d71d51866f8da"},"headline":"HRW Hesabat\u0131: Az\u0259rbaycanda 2021-ci il","datePublished":"2022-01-13T11:45:47+00:00","dateModified":"2022-01-13T14:53:20+00:00","mainEntityOfPage":{"@id":"https:\/\/www.meydan.tv\/az\/article\/hrw-hesabati-azerbaycanda-2021-ci-il\/"},"wordCount":3589,"publisher":{"@id":"https:\/\/www.meydan.tv\/az\/#organization"},"image":{"@id":"https:\/\/www.meydan.tv\/az\/article\/hrw-hesabati-azerbaycanda-2021-ci-il\/#primaryimage"},"thumbnailUrl":"https:\/\/www.meydan.tv\/wp-content\/uploads\/img_1413.jpg","articleSection":["T\u00f6vsiy\u0259","Uncategorized @az","X\u0259b\u0259rl\u0259r"],"inLanguage":"az"},{"@type":"WebPage","@id":"https:\/\/www.meydan.tv\/az\/article\/hrw-hesabati-azerbaycanda-2021-ci-il\/","url":"https:\/\/www.meydan.tv\/az\/article\/hrw-hesabati-azerbaycanda-2021-ci-il\/","name":"HRW Hesabat\u0131: Az\u0259rbaycanda 2021-ci il - MEYDAN.TV","isPartOf":{"@id":"https:\/\/www.meydan.tv\/az\/#website"},"primaryImageOfPage":{"@id":"https:\/\/www.meydan.tv\/az\/article\/hrw-hesabati-azerbaycanda-2021-ci-il\/#primaryimage"},"image":{"@id":"https:\/\/www.meydan.tv\/az\/article\/hrw-hesabati-azerbaycanda-2021-ci-il\/#primaryimage"},"thumbnailUrl":"https:\/\/www.meydan.tv\/wp-content\/uploads\/img_1413.jpg","datePublished":"2022-01-13T11:45:47+00:00","dateModified":"2022-01-13T14:53:20+00:00","breadcrumb":{"@id":"https:\/\/www.meydan.tv\/az\/article\/hrw-hesabati-azerbaycanda-2021-ci-il\/#breadcrumb"},"inLanguage":"az","potentialAction":[{"@type":"ReadAction","target":["https:\/\/www.meydan.tv\/az\/article\/hrw-hesabati-azerbaycanda-2021-ci-il\/"]}]},{"@type":"ImageObject","inLanguage":"az","@id":"https:\/\/www.meydan.tv\/az\/article\/hrw-hesabati-azerbaycanda-2021-ci-il\/#primaryimage","url":"https:\/\/www.meydan.tv\/wp-content\/uploads\/img_1413.jpg","contentUrl":"https:\/\/www.meydan.tv\/wp-content\/uploads\/img_1413.jpg","width":1024,"height":683,"caption":"Foto: Meydan TV"},{"@type":"BreadcrumbList","@id":"https:\/\/www.meydan.tv\/az\/article\/hrw-hesabati-azerbaycanda-2021-ci-il\/#breadcrumb","itemListElement":[{"@type":"ListItem","position":1,"name":"Ana s\u0259hif\u0259","item":"https:\/\/www.meydan.tv\/az\/"},{"@type":"ListItem","position":2,"name":"Uncategorized @az","item":"https:\/\/www.meydan.tv\/az\/section\/uncategorized-az\/"},{"@type":"ListItem","position":3,"name":"HRW Hesabat\u0131: Az\u0259rbaycanda 2021-ci il"}]},{"@type":"WebSite","@id":"https:\/\/www.meydan.tv\/az\/#website","url":"https:\/\/www.meydan.tv\/az\/","name":"MEYDAN.TV","description":"Meydan TV Az\u0259rbaycan\u0131n media m\u0259kan\u0131ndak\u0131 alternativ s\u0259sidir","publisher":{"@id":"https:\/\/www.meydan.tv\/az\/#organization"},"potentialAction":[{"@type":"SearchAction","target":{"@type":"EntryPoint","urlTemplate":"https:\/\/www.meydan.tv\/az\/?s={search_term_string}"},"query-input":{"@type":"PropertyValueSpecification","valueRequired":true,"valueName":"search_term_string"}}],"inLanguage":"az"},{"@type":"Organization","@id":"https:\/\/www.meydan.tv\/az\/#organization","name":"Meydan TV","url":"https:\/\/www.meydan.tv\/az\/","logo":{"@type":"ImageObject","inLanguage":"az","@id":"https:\/\/www.meydan.tv\/az\/#\/schema\/logo\/image\/","url":"https:\/\/www.meydan.tv\/wp-content\/uploads\/2021\/07\/meydan-logo.svg","contentUrl":"https:\/\/www.meydan.tv\/wp-content\/uploads\/2021\/07\/meydan-logo.svg","width":195,"height":46,"caption":"Meydan TV"},"image":{"@id":"https:\/\/www.meydan.tv\/az\/#\/schema\/logo\/image\/"}},{"@type":"Person","@id":"https:\/\/www.meydan.tv\/az\/#\/schema\/person\/476e9360e593fa131d5d71d51866f8da","name":"aleks"}]}},"_links":{"self":[{"href":"https:\/\/www.meydan.tv\/az\/wp-json\/wp\/v2\/posts\/231647","targetHints":{"allow":["GET"]}}],"collection":[{"href":"https:\/\/www.meydan.tv\/az\/wp-json\/wp\/v2\/posts"}],"about":[{"href":"https:\/\/www.meydan.tv\/az\/wp-json\/wp\/v2\/types\/post"}],"author":[{"embeddable":true,"href":"https:\/\/www.meydan.tv\/az\/wp-json\/wp\/v2\/users\/12"}],"replies":[{"embeddable":true,"href":"https:\/\/www.meydan.tv\/az\/wp-json\/wp\/v2\/comments?post=231647"}],"version-history":[{"count":4,"href":"https:\/\/www.meydan.tv\/az\/wp-json\/wp\/v2\/posts\/231647\/revisions"}],"predecessor-version":[{"id":231700,"href":"https:\/\/www.meydan.tv\/az\/wp-json\/wp\/v2\/posts\/231647\/revisions\/231700"}],"wp:featuredmedia":[{"embeddable":true,"href":"https:\/\/www.meydan.tv\/az\/wp-json\/wp\/v2\/media\/230561"}],"wp:attachment":[{"href":"https:\/\/www.meydan.tv\/az\/wp-json\/wp\/v2\/media?parent=231647"}],"wp:term":[{"taxonomy":"category","embeddable":true,"href":"https:\/\/www.meydan.tv\/az\/wp-json\/wp\/v2\/categories?post=231647"},{"taxonomy":"post_tag","embeddable":true,"href":"https:\/\/www.meydan.tv\/az\/wp-json\/wp\/v2\/tags?post=231647"}],"curies":[{"name":"wp","href":"https:\/\/api.w.org\/{rel}","templated":true}]}}