{"id":231578,"date":"2022-01-12T20:20:34","date_gmt":"2022-01-12T16:20:34","guid":{"rendered":"https:\/\/www.meydan.tv\/?p=231578"},"modified":"2022-01-12T20:23:06","modified_gmt":"2022-01-12T16:23:06","slug":"siyasetde-tokayev-gedisi","status":"publish","type":"post","link":"https:\/\/www.meydan.tv\/az\/article\/siyasetde-tokayev-gedisi\/","title":{"rendered":"Siyas\u0259td\u0259 Tokayev gedi\u015fi"},"content":{"rendered":"\n<p><em>Qazax\u0131standa siyasi boks d\u00f6y\u00fc\u015f\u00fc \u00fc\u00e7\u00fcn m\u00fc\u0259yy\u0259n edilmi\u015f vaxt bitib<\/em><\/p>\n\n\n\n<p>Qazax\u0131standa n\u0259 ba\u015f verir, niy\u0259 ba\u015f verir, bu sual\u0131n cavab\u0131 m\u00fcr\u0259kk\u0259b v\u0259 \u00e7ox\u015fax\u0259lidir. Mediada dola\u015fan izahatlar t\u0259zadl\u0131 v\u0259 b\u0259z\u0259n g\u00fcl\u00fcncd\u00fcr. P\u0259rd\u0259arxas\u0131 c\u0259r\u0259yan ed\u0259n hadis\u0259l\u0259r\u0259 istinad ed\u0259nl\u0259ri \u201csui-q\u0259sd n\u0259z\u0259riyy\u0259si\u201dn\u0259 uymaqda ittiham edirl\u0259r. H\u0259qiq\u0259t\u0259n, Qazax\u0131stan b\u00f6hran\u0131 bar\u0259d\u0259 d\u0259qiq fikir s\u00f6yl\u0259m\u0259k \u00fc\u00e7\u00fcn kifay\u0259t q\u0259d\u0259r d\u0259lil-s\u00fcbut yoxdur. \u00dcmid qal\u0131r f\u0259rziyy\u0259 v\u0259 ehtimallara.<br><\/p>\n\n\n\n<p>H\u0259r nec\u0259 d\u0259 olsa, hadis\u0259l\u0259rin \u015f\u0259rhind\u0259 \u00fczd\u0259 olan dan\u0131lmaz faktlara s\u00f6yk\u0259n\u0259r\u0259k onlar\u0131 qiym\u0259tl\u0259ndirm\u0259k daha d\u00fczg\u00fcnd\u00fcr.<br><\/p>\n\n\n\n<p>\u0130ndi bir \u00e7ox m\u00fcst\u0259sna istiqlal\u00e7\u0131 v\u0259 Q\u0259rbp\u0259r\u0259st Prezident Tokayevi Kollektiv T\u0259hl\u00fck\u0259sizlik M\u00fcqavil\u0259si T\u0259\u015fkilat\u0131n\u0131n (KTMT) qo\u015funlar\u0131n\u0131 Qazax\u0131stana d\u0259v\u0259t etdiyin\u0259 g\u00f6r\u0259 q\u0131nay\u0131r. Bu d\u0259v\u0259tin s\u0259b\u0259bini bir \u00e7ox amill\u0259 izah edirl\u0259r. M\u0259s\u0259l\u0259n, Qazax\u0131standak\u0131 oyunu \u0259vv\u0259lc\u0259d\u0259n Rusiya qurmu\u015fdu v\u0259 Rusiya apar\u0131rd\u0131, m\u00fcnasib \u015f\u0259rait yeti\u015f\u0259nd\u0259, art\u0131q haz\u0131r v\u0259ziyy\u0259t\u0259 g\u0259tirilmi\u015f h\u0259rbi hiss\u0259l\u0259ri t\u0259yyar\u0259l\u0259r\u0259 y\u00fckl\u0259m\u0259k qald\u0131. Qazax\u0131stana g\u0259lmi\u015f KTMT s\u00fclhm\u0259raml\u0131lar\u0131n\u0131 Qaraba\u011fa yerl\u0259\u015fdirilmi\u015f rus s\u00fclhm\u0259raml\u0131lar\u0131 il\u0259 m\u00fcqayis\u0259 ed\u0259nl\u0259r d\u0259 tap\u0131ld\u0131.<br><\/p>\n\n\n\n<p>Bu ehtimallar\u0131n m\u00fc\u0259llifl\u0259ri il\u0259 he\u00e7 bir m\u00fcbahis\u0259 a\u00e7maq niyy\u0259tim yoxdur, zira onlar\u0131n izahat\u0131nda m\u00fc\u0259yy\u0259n m\u0259ntiq g\u00f6r\u00fcr\u0259m. Eyni zamanda m\u00f6ht\u0259r\u0259m oxucumu daha bir f\u0259rziyy\u0259 \u00fcz\u0259rind\u0259 d\u00fc\u015f\u00fcnm\u0259y\u0259, ba\u015f s\u0131nd\u0131rma\u011fa d\u0259v\u0259t edir\u0259m.<br><\/p>\n\n\n\n<p>Heyd\u0259r \u018fliyev 1993-c\u00fc ilin fevral\u0131nda, hakimiyy\u0259t\u0259 g\u0259lm\u0259zd\u0259n \u0259vv\u0259l, Moskvaya u\u00e7ub oradak\u0131 s\u00f6z sahibl\u0259ri il\u0259 \u00f6z\u00fcn\u00fcn hakimiyy\u0259t\u0259 qay\u0131tmas\u0131 m\u0259s\u0259l\u0259sini m\u00fczakir\u0259 ed\u0259nd\u0259, rus h\u0259rb\u00e7il\u0259rin\u0259 onlar\u0131n Qaraba\u011fda yerl\u0259\u015f\u0259c\u0259kl\u0259rin\u0259 s\u00f6z vermi\u015fdi. \u018fv\u0259zind\u0259 Rusiya qocaman \u00e7ekistin hakimiyy\u0259t\u0259 qay\u0131tmas\u0131na raz\u0131l\u0131\u011f\u0131n\u0131 vermi\u015fdi.<br><\/p>\n\n\n\n<p>Heyd\u0259r \u018fliyev Az\u0259rbaycan\u0131n prezidenti m\u0259qam\u0131na yiy\u0259l\u0259n\u0259nd\u0259n sonra bir daha v\u0259ziyy\u0259ti t\u0259hlil etdi v\u0259 anlad\u0131 ki, rus h\u0259rb\u00e7il\u0259ri qanuni yolla g\u0259ls\u0259l\u0259r, onun m\u00fctl\u0259qi-hakim m\u00f6vqeyi yoxa \u00e7\u0131xacaq, olsa-olsa, yen\u0259 d\u00f6n\u00fcb olacaq Sov.\u0130KP d\u00f6vr\u00fcn\u00fcn Moskvadan as\u0131l\u0131 Birinci katibi. Bu is\u0259 onun hakimiyy\u0259tin\u0259 ciddi t\u0259hl\u00fck\u0259 t\u00f6r\u0259d\u0259c\u0259kdi.<br><\/p>\n\n\n\n<p>Onda Heyd\u0259r \u018fliyev q\u0259rara ald\u0131 ki, qeyri-r\u0259smi, gizlic\u0259 verdiyi v\u0259di pozsun. S\u00f6z\u00fcn\u00fcn arxas\u0131ndan qa\u00e7d\u0131, rus qo\u015funlar\u0131n\u0131n icaz\u0259 il\u0259 Az\u0259rbaycana g\u0259lm\u0259sin\u0259 raz\u0131l\u0131q verm\u0259di. Rusiya q\u0259z\u0259bl\u0259nib Az\u0259rbaycana g\u00fccl\u00fc t\u0259zyiq g\u00f6st\u0259rm\u0259y\u0259 ba\u015flad\u0131. Bir t\u0259r\u0259fd\u0259n erm\u0259ni ordusu h\u00fccuma ke\u00e7di, o biri t\u0259r\u0259fd\u0259n Rusiya Az\u0259rbaycana verdiyi qaz\u0131 k\u0259sdi.<br><\/p>\n\n\n\n<p>Heyd\u0259r \u018fliyev\u0259 bu vasit\u0259l\u0259rl\u0259 t\u0259sir etm\u0259k m\u00fcmk\u00fcn deyildi. Erm\u0259ni qo\u015funlar\u0131 rayonlar\u0131 i\u015f\u011fal etdi, \u0259hali \u00e7\u00f6ll\u00fc-biyabana da\u011f\u0131l\u0131\u015fd\u0131, qazs\u0131z \u0259hali me\u015f\u0259l\u0259ri q\u0131rma\u011fa giri\u015fdi, lakin Heyd\u0259r \u018fliyev Rusiyan\u0131n t\u0259zyiqin\u0259 d\u00f6zd\u00fc.<br>Az\u0259rbaycan prezidenti T\u00fcrkiy\u0259y\u0259 u\u00e7du, orada onu dostu v\u0259 qarda\u015f\u0131 S\u00fcleyman D\u0259mir\u0259l NATO xarici i\u015fl\u0259r nazirl\u0259rinin toplant\u0131s\u0131na qat\u0131lm\u0131\u015f AB\u015e-\u0131n d\u00f6vl\u0259t katibi Uorren Kristofer il\u0259 g\u00f6r\u00fc\u015fd\u00fcrd\u00fc. \u0130ki qocaman v\u0259 t\u0259cr\u00fcb\u0259li siyasi canavar bir-birini g\u00f6z\u0259l anlad\u0131, Kristofer Heyd\u0259r \u018fliyev\u0259 s\u00f6z verdi ki, \u0259g\u0259r Rusiya il\u0259 k\u0259ll\u0259l\u0259\u015fm\u0259kd\u0259 sona q\u0259d\u0259r davam ets\u0259, AB\u015e onun arxas\u0131nda m\u00f6hk\u0259m duracaq.<br><\/p>\n\n\n\n<p>Bel\u0259c\u0259 d\u0259 oldu, Heyd\u0259r \u018fliyev rus qo\u015funlar\u0131n\u0131 Qaraba\u011fa buraxmad\u0131, \u0259v\u0259zind\u0259 AB\u015e diplomatiyas\u0131 Az\u0259rbaycan\u0131n prezidenti Heyd\u0259r \u018fliyevi \u201cpredictable and managable\u201d (anla\u015f\u0131lan v\u0259 s\u00f6z anlayan) siyas\u0259t\u00e7il\u0259rin siyah\u0131s\u0131na sal\u0131b onun sar\u0131dan xatirc\u0259m oldu.<br><\/p>\n\n\n\n<p>Heyd\u0259r \u018fliyev d\u00fczm\u00fc etdi? \u018flb\u0259tt\u0259! S\u00f6z d\u0259 ver\u0259nd\u0259, s\u00f6z\u00fcnd\u0259n qa\u00e7anda da d\u00fcz etdi, \u00e7\u00fcnki onun m\u0259nsub oldu\u011fu siyasi z\u00fcmr\u0259nin \u0259xlaq\u0131 m\u0259hz bel\u0259 davran\u0131\u015f\u0131 q\u0259bul edir v\u0259 anlay\u0131r. \u015e\u0259rait ondan t\u0259l\u0259b ed\u0259nd\u0259 ki, hakimiyy\u0259t\u0259 g\u0259lm\u0259k namin\u0259 rus qo\u015funlar\u0131n\u0131n Qaraba\u011fa g\u0259lm\u0259sin\u0259 s\u00f6z versin, bu s\u00f6z\u00fc vermi\u015fdi. \u015e\u0259rait t\u0259l\u0259b ed\u0259nd\u0259 ki, rus qo\u015funlar\u0131n\u0131n Qaraba\u011fa g\u0259lm\u0259sin\u0259 izn verm\u0259sin, izn verm\u0259mi\u015fdi. Bak\u0131l\u0131lar demi\u015fk\u0259n, \u201c\u0259c\u0259b el\u0259mi\u015fdi\u2026\u201d<br><\/p>\n\n\n\n<p>Qalibl\u0259ri kim m\u00fchakim\u0259 edir? M\u0259hk\u0259m\u0259l\u0259r d\u0259, tarix d\u0259 yaln\u0131z m\u0259\u011flublar\u0131 m\u00fchakim\u0259 edir.<br><\/p>\n\n\n\n<p>Qay\u0131daq Qazax\u0131stan olaylar\u0131na. Yanvar\u0131n 5-6-da v\u0259ziyy\u0259t b\u00f6hran h\u0259ddin\u0259 \u00e7atm\u0131\u015fd\u0131. Almat\u0131da i\u011fti\u015fa\u015flar zirv\u0259y\u0259 qalxm\u0131\u015f, talan\u00e7\u0131lar \u015f\u0259h\u0259ri iflic v\u0259ziyy\u0259tin\u0259 g\u0259tirmi\u015fdil\u0259r. G\u00fcc qurumlar\u0131n\u0131n r\u0259hb\u0259rliyi kimi m\u00fcdafi\u0259 ed\u0259c\u0259kl\u0259ri q\u0259rar\u0131n\u0131 verm\u0259mi\u015fdil\u0259r, generallar\u0131n bir hiss\u0259si k\u00f6hn\u0259 klan\u0131 qoruma\u011fa haz\u0131r idi. Tokayev q\u0259ti add\u0131m atd\u0131: g\u00fcc qurumlar\u0131na talan\u00e7\u0131lar\u0131 x\u0259b\u0259rdarl\u0131q etm\u0259d\u0259n at\u0259\u015f\u0259 tutma\u011fa icaz\u0259 verdi, v\u0259 KTMT qo\u015funlar\u0131n\u0131 k\u00f6m\u0259y\u0259 \u00e7a\u011f\u0131rd\u0131\u011f\u0131n\u0131 elan etdi. KTMT r\u0259hb\u0259rliyi (oxu: Putin) qo\u015fun g\u00f6nd\u0259rm\u0259y\u0259 ba\u015flayanda g\u00fcc qurumlar\u0131n\u0131n generallar\u0131 s\u00f6zs\u00fcz Tokayev\u0259 tabe oldular.<br><\/p>\n\n\n\n<p>\u0130ndiy\u0259d\u0259k Qazax\u0131stana 2 300 h\u0259rb\u00e7i g\u0259lib. KTMT h\u0259rb\u00e7il\u0259ri i\u011fti\u015fa\u015flar\u0131n yat\u0131r\u0131lmas\u0131nda i\u015ftirak etm\u0259yib, yaln\u0131z d\u00f6vl\u0259t \u0259h\u0259miyy\u0259tli obyektl\u0259rin m\u00fchafiz\u0259si il\u0259 m\u0259\u015f\u011ful olub.<br><\/p>\n\n\n\n<p>KTMT qo\u015funlar\u0131n\u0131n Qazax\u0131stana g\u0259li\u015fi informasiya f\u0131rt\u0131nas\u0131 t\u00f6r\u0259dib: ay aman, qoymay\u0131n, Rusiya Qazax\u0131stan\u0131 i\u015f\u011fal etdi, ikinci SSR\u0130 yarad\u0131l\u0131r, \u0259lvida m\u00fcst\u0259qillik, n\u00f6vb\u0259d\u0259 qalan sabiq respublikalar\u0131 durur v\u0259 sair\u0259 v\u0259 ilax\u0131ra.<br><\/p>\n\n\n\n<p>Yanvar\u0131n 11-d\u0259 Qas\u0131m-Jom\u0259rd Tokayev elan etdi ki, KTMT qo\u015funlar\u0131n\u0131n v\u0259zif\u0259si yerin\u0259 yetirilib v\u0259 onlar 10 g\u00fcn\u00fcn \u0259rzind\u0259 Qazax\u0131stan\u0131 t\u0259rk ed\u0259c\u0259k.<br><\/p>\n\n\n\n<p>Bu x\u0259b\u0259r Qazax\u0131stan\u0131n m\u00fcst\u0259qilliyin\u0259 v\u0259 Yeni SSR\u0130 qurulmas\u0131na yas saxlayanlara a\u011f\u0131r z\u0259rb\u0259 oldu. Onlar Tokayevd\u0259n v\u0259 Putind\u0259n bel\u0259 h\u0259r\u0259k\u0259ti he\u00e7 g\u00f6zl\u0259mirdil\u0259r.<br><\/p>\n\n\n\n<p>Nolard\u0131 rus qo\u015funlar\u0131 qalard\u0131? Nolard\u0131 tutulmam\u0131\u015f talan\u00e7\u0131lar sosial \u015f\u0259b\u0259k\u0259l\u0259rd\u0259 rus i\u015f\u011fal\u0131ndan a\u011f\u0131 dey\u0259rdi? Nolard\u0131 \u00f6mr\u00fcnd\u0259 on kitab oxumam\u0131\u015f siyas\u0259t\u015f\u00fcnaslar avam k\u00fctl\u0259y\u0259 \u00f6z n\u00f6vb\u0259ti dayaz na\u011f\u0131llar\u0131n\u0131 dan\u0131\u015fard\u0131?<br><\/p>\n\n\n\n<p>Heyhat! KTMT qo\u015funlar\u0131 Qazax\u0131stan\u0131 t\u0259rk ed\u0259c\u0259k, Yeni SSR\u0130 qurulmayacaq, k\u0259msavad mill\u0259t\u00e7il\u0259rin \u00f6nc\u0259g\u00fcrm\u0259l\u0259ri \u00e7in \u00e7\u0131xmayacaq.<br><\/p>\n\n\n\n<p>B\u0259s Tokayev KTMT qo\u015funlar\u0131n\u0131 niy\u0259 d\u0259v\u0259t etdi?<br><\/p>\n\n\n\n<p>Sizin h\u0259qir b\u0259nd\u0259niz iki s\u0259b\u0259b g\u00f6r\u00fcr:<\/p>\n\n\n\n<p><br><em>1.T\u0259r\u0259dd\u00fcd ed\u0259n generallara a\u00e7\u0131q i\u015far\u0259;<br>2.Rusiyan\u0131n \u201cC\u0259nubi Ural\u201d\u0131 qaytarmaq c\u0259hdinin qar\u015f\u0131s\u0131n\u0131n al\u0131nmas\u0131.<br><\/em><\/p>\n\n\n\n<p>\u018fg\u0259r birinci s\u0259b\u0259b g\u00f6z \u00f6n\u00fcnd\u0259dirs\u0259, ikinci s\u0259b\u0259bi daha d\u0259rin d\u00fc\u015f\u00fcn\u0259nl\u0259r v\u0259 daha uzaq g\u00f6r\u0259nl\u0259r d\u0259rk ed\u0259 bil\u0259r.<br><\/p>\n\n\n\n<p>Rusiyan\u0131n Kr\u0131m\u0131 i\u015f\u011fal v\u0259 ilhaq ed\u0259c\u0259yini kim bilirdi? He\u00e7 kim. Rusiya Ukrayna hakim z\u00fcmr\u0259sinin v\u0259t\u0259ni unudaraq s\u0259feh Maydanlar vasit\u0259sil\u0259 h\u0259dsiz g\u0259lir g\u0259tir\u0259n hakimiyy\u0259t u\u011frunda sava\u015f apard\u0131\u011f\u0131 bir anda f\u00fcrs\u0259td\u0259n istifad\u0259 etdi v\u0259 Kr\u0131m\u0131 tutdu, Ukraynadan qopartd\u0131. Kims\u0259 ona n\u0259s\u0259 ed\u0259 bildi? \u018fsla! Kim n\u00fcv\u0259-raket silah\u0131 olan Rusiya il\u0259 m\u00fcharib\u0259y\u0259 raz\u0131 olar? He\u00e7 kim!<br><\/p>\n\n\n\n<p>Rusiyada Qazax\u0131stan\u0131n \u015fimal-\u015f\u0259rq hiss\u0259sinin \u0259b\u0259di-\u0259z\u0259li rus torpaqlar\u0131 olmas\u0131 bar\u0259sind\u0259 ciddi s\u00f6z-s\u00f6hb\u0259t apar\u0131l\u0131r. \u018fvv\u0259l bu fikri yaz\u0131\u00e7\u0131 Soljenits\u0131n s\u0259sl\u0259ndirdi, sonra bu ilhaq m\u0259s\u0259l\u0259si rus mill\u0259t\u00e7il\u0259rinin \u0259sas \u015f\u00fcar\u0131na \u00e7evrildi, indis\u0259 yeri g\u0259ldi-g\u0259lm\u0259di Vladimir Jirinovski bu t\u0259l\u0259bi s\u0259sl\u0259ndirir.<br><\/p>\n\n\n\n<p>\u018fmin\u0259m ki, t\u0259cr\u00fcb\u0259li diplomat Tokayev bir an bel\u0259 v\u0259t\u0259ni \u00fc\u00e7\u00fcn bu t\u0259hl\u00fck\u0259nin m\u00f6vcudlu\u011funu unutmurdu. Unutmurdu v\u0259 bu t\u0259hl\u00fck\u0259ni sovu\u015fdurmaq \u00fc\u00e7\u00fcn Nazarbayevin apard\u0131\u011f\u0131 faydal\u0131 \u201cRusiyaya yax\u0131nl\u0131q\u201d siyas\u0259tini davam etdirirdi.<br><\/p>\n\n\n\n<p>M\u0259hz bu s\u0259b\u0259bd\u0259n Tokayev Qazax\u0131stan\u0131n t\u0259hl\u00fck\u0259li an\u0131nda Rusiyan\u0131 qucaqlad\u0131, ona o q\u0259d\u0259r yax\u0131nla\u015fd\u0131 ki, aradak\u0131 m\u0259saf\u0259 Rusiyaya Qazax\u0131stan\u0131 vurma\u011fa, i\u015f\u011fal v\u0259 ilhaq siyas\u0259ti aparma\u011fa imkan verm\u0259sin.<br><\/p>\n\n\n\n<p>Boksda buna \u201cklin\u00e7\u201d f\u0259ndi deyirl\u0259r. Bir t\u0259cr\u00fcb\u0259li d\u00f6y\u00fc\u015f\u00e7\u00fc dig\u0259r g\u00fccl\u00fc z\u0259rb\u0259 vurmaq qabiliyy\u0259tind\u0259 olan d\u00f6y\u00fc\u015f\u00e7\u00fcn\u00fc qucaqlay\u0131b m\u0259saf\u0259ni yox edir ki, imkan tap\u0131b a\u011f\u0131r z\u0259rb\u0259 endirm\u0259sin.<br><\/p>\n\n\n\n<p>Qazax\u0131standa siyasi boks d\u00f6y\u00fc\u015f\u00fc \u00fc\u00e7\u00fcn m\u00fc\u0259yy\u0259n edilmi\u015f vaxt bitib. D\u00f6y\u00fc\u015f\u00e7\u00fc Tokayev d\u00f6y\u00fc\u015f\u00e7\u00fc Putin\u0259 t\u0259\u015f\u0259kk\u00fcr edib deyir ki, \u201csa\u011f ol, d\u00f6y\u00fc\u015f qurtar\u0131b, qov\u011fa bitib, v\u0259ziyy\u0259t sabitl\u0259\u015fib, ged\u0259 bil\u0259rs\u0259n\u201d.<br><\/p>\n\n\n\n<p>Bax, bel\u0259c\u0259. M\u00f6ht\u0259r\u0259m oxucu, hadis\u0259l\u0259ri seyr v\u0259 t\u0259hlil etdikd\u0259, m\u0259nc\u0259, bu ehtimal\u0131 da n\u0259z\u0259r\u0259 almaq yerin\u0259 d\u00fc\u015f\u0259rdi.<\/p>\n","protected":false},"excerpt":{"rendered":"<p>Qazax\u0131standa siyasi boks d\u00f6y\u00fc\u015f\u00fc \u00fc\u00e7\u00fcn m\u00fc\u0259yy\u0259n edilmi\u015f vaxt bitib Qazax\u0131standa &#8230; <\/p>\n<p class=\"read-more-container\"><a title=\"Siyas\u0259td\u0259 Tokayev gedi\u015fi\" class=\"read-more button\" href=\"https:\/\/www.meydan.tv\/az\/article\/siyasetde-tokayev-gedisi\/#more-231578\" aria-label=\"Read more about Siyas\u0259td\u0259 Tokayev gedi\u015fi\">Davam\u0131<\/a><\/p>\n","protected":false},"author":8,"featured_media":126823,"comment_status":"closed","ping_status":"closed","sticky":false,"template":"","format":"standard","meta":{"_acf_changed":false,"_sitemap_exclude":false,"_sitemap_priority":"","_sitemap_frequency":"","footnotes":""},"categories":[57],"tags":[],"class_list":["post-231578","post","type-post","status-publish","format-standard","has-post-thumbnail","hentry","category-menim-fikrimce","infinite-scroll-item","generate-columns","tablet-grid-50","mobile-grid-100","grid-parent","grid-33","no-featured-image-padding"],"acf":[],"yoast_head":"<!-- This site is optimized with the Yoast SEO plugin v27.4 - https:\/\/yoast.com\/product\/yoast-seo-wordpress\/ -->\n<title>Siyas\u0259td\u0259 Tokayev gedi\u015fi - MEYDAN.TV<\/title>\n<meta name=\"robots\" content=\"index, follow, max-snippet:-1, max-image-preview:large, max-video-preview:-1\" \/>\n<link rel=\"canonical\" href=\"https:\/\/www.meydan.tv\/az\/article\/siyasetde-tokayev-gedisi\/\" \/>\n<meta property=\"og:locale\" content=\"az_AZ\" \/>\n<meta property=\"og:type\" content=\"article\" \/>\n<meta property=\"og:title\" content=\"Siyas\u0259td\u0259 Tokayev gedi\u015fi - MEYDAN.TV\" \/>\n<meta property=\"og:description\" content=\"Qazax\u0131standa siyasi boks d\u00f6y\u00fc\u015f\u00fc \u00fc\u00e7\u00fcn m\u00fc\u0259yy\u0259n edilmi\u015f vaxt bitib Qazax\u0131standa ... Davam\u0131\" \/>\n<meta property=\"og:url\" content=\"https:\/\/www.meydan.tv\/az\/article\/siyasetde-tokayev-gedisi\/\" \/>\n<meta property=\"og:site_name\" content=\"MEYDAN.TV\" \/>\n<meta property=\"article:published_time\" content=\"2022-01-12T16:20:34+00:00\" \/>\n<meta property=\"article:modified_time\" content=\"2022-01-12T16:23:06+00:00\" \/>\n<meta property=\"og:image\" content=\"https:\/\/www.meydan.tv\/wp-content\/uploads\/image_from_ios_2_p52ittc.original.original-scaled.jpg\" \/>\n\t<meta property=\"og:image:width\" content=\"2560\" \/>\n\t<meta property=\"og:image:height\" content=\"1440\" \/>\n\t<meta property=\"og:image:type\" content=\"image\/jpeg\" \/>\n<meta name=\"author\" content=\"elli\" \/>\n<meta name=\"twitter:card\" content=\"summary_large_image\" \/>\n<meta name=\"twitter:creator\" content=\"@elli\" \/>\n<script type=\"application\/ld+json\" class=\"yoast-schema-graph\">{\"@context\":\"https:\\\/\\\/schema.org\",\"@graph\":[{\"@type\":\"Article\",\"@id\":\"https:\\\/\\\/www.meydan.tv\\\/az\\\/article\\\/siyasetde-tokayev-gedisi\\\/#article\",\"isPartOf\":{\"@id\":\"https:\\\/\\\/www.meydan.tv\\\/az\\\/article\\\/siyasetde-tokayev-gedisi\\\/\"},\"author\":{\"name\":\"elli\",\"@id\":\"https:\\\/\\\/www.meydan.tv\\\/az\\\/#\\\/schema\\\/person\\\/9cdbecf90d17180ce1dfbd95b08dcf47\"},\"headline\":\"Siyas\u0259td\u0259 Tokayev gedi\u015fi\",\"datePublished\":\"2022-01-12T16:20:34+00:00\",\"dateModified\":\"2022-01-12T16:23:06+00:00\",\"mainEntityOfPage\":{\"@id\":\"https:\\\/\\\/www.meydan.tv\\\/az\\\/article\\\/siyasetde-tokayev-gedisi\\\/\"},\"wordCount\":1685,\"publisher\":{\"@id\":\"https:\\\/\\\/www.meydan.tv\\\/az\\\/#organization\"},\"image\":{\"@id\":\"https:\\\/\\\/www.meydan.tv\\\/az\\\/article\\\/siyasetde-tokayev-gedisi\\\/#primaryimage\"},\"thumbnailUrl\":\"https:\\\/\\\/www.meydan.tv\\\/wp-content\\\/uploads\\\/image_from_ios_2_p52ittc.original.original-scaled-e1682070233838.jpg\",\"articleSection\":[\"M\u0259nim Fikrimc\u0259\"],\"inLanguage\":\"az\"},{\"@type\":\"WebPage\",\"@id\":\"https:\\\/\\\/www.meydan.tv\\\/az\\\/article\\\/siyasetde-tokayev-gedisi\\\/\",\"url\":\"https:\\\/\\\/www.meydan.tv\\\/az\\\/article\\\/siyasetde-tokayev-gedisi\\\/\",\"name\":\"Siyas\u0259td\u0259 Tokayev gedi\u015fi - MEYDAN.TV\",\"isPartOf\":{\"@id\":\"https:\\\/\\\/www.meydan.tv\\\/az\\\/#website\"},\"primaryImageOfPage\":{\"@id\":\"https:\\\/\\\/www.meydan.tv\\\/az\\\/article\\\/siyasetde-tokayev-gedisi\\\/#primaryimage\"},\"image\":{\"@id\":\"https:\\\/\\\/www.meydan.tv\\\/az\\\/article\\\/siyasetde-tokayev-gedisi\\\/#primaryimage\"},\"thumbnailUrl\":\"https:\\\/\\\/www.meydan.tv\\\/wp-content\\\/uploads\\\/image_from_ios_2_p52ittc.original.original-scaled-e1682070233838.jpg\",\"datePublished\":\"2022-01-12T16:20:34+00:00\",\"dateModified\":\"2022-01-12T16:23:06+00:00\",\"breadcrumb\":{\"@id\":\"https:\\\/\\\/www.meydan.tv\\\/az\\\/article\\\/siyasetde-tokayev-gedisi\\\/#breadcrumb\"},\"inLanguage\":\"az\",\"potentialAction\":[{\"@type\":\"ReadAction\",\"target\":[\"https:\\\/\\\/www.meydan.tv\\\/az\\\/article\\\/siyasetde-tokayev-gedisi\\\/\"]}]},{\"@type\":\"ImageObject\",\"inLanguage\":\"az\",\"@id\":\"https:\\\/\\\/www.meydan.tv\\\/az\\\/article\\\/siyasetde-tokayev-gedisi\\\/#primaryimage\",\"url\":\"https:\\\/\\\/www.meydan.tv\\\/wp-content\\\/uploads\\\/image_from_ios_2_p52ittc.original.original-scaled-e1682070233838.jpg\",\"contentUrl\":\"https:\\\/\\\/www.meydan.tv\\\/wp-content\\\/uploads\\\/image_from_ios_2_p52ittc.original.original-scaled-e1682070233838.jpg\",\"width\":2560,\"height\":1158,\"caption\":\"Foto: Meydan TV\"},{\"@type\":\"BreadcrumbList\",\"@id\":\"https:\\\/\\\/www.meydan.tv\\\/az\\\/article\\\/siyasetde-tokayev-gedisi\\\/#breadcrumb\",\"itemListElement\":[{\"@type\":\"ListItem\",\"position\":1,\"name\":\"Ana s\u0259hif\u0259\",\"item\":\"https:\\\/\\\/www.meydan.tv\\\/az\\\/\"},{\"@type\":\"ListItem\",\"position\":2,\"name\":\"M\u0259nim Fikrimc\u0259\",\"item\":\"https:\\\/\\\/www.meydan.tv\\\/az\\\/section\\\/menim-fikrimce\\\/\"},{\"@type\":\"ListItem\",\"position\":3,\"name\":\"Siyas\u0259td\u0259 Tokayev gedi\u015fi\"}]},{\"@type\":\"WebSite\",\"@id\":\"https:\\\/\\\/www.meydan.tv\\\/az\\\/#website\",\"url\":\"https:\\\/\\\/www.meydan.tv\\\/az\\\/\",\"name\":\"MEYDAN.TV\",\"description\":\"Meydan TV Az\u0259rbaycan\u0131n media m\u0259kan\u0131ndak\u0131 alternativ s\u0259sidir\",\"publisher\":{\"@id\":\"https:\\\/\\\/www.meydan.tv\\\/az\\\/#organization\"},\"potentialAction\":[{\"@type\":\"SearchAction\",\"target\":{\"@type\":\"EntryPoint\",\"urlTemplate\":\"https:\\\/\\\/www.meydan.tv\\\/az\\\/?s={search_term_string}\"},\"query-input\":{\"@type\":\"PropertyValueSpecification\",\"valueRequired\":true,\"valueName\":\"search_term_string\"}}],\"inLanguage\":\"az\"},{\"@type\":\"Organization\",\"@id\":\"https:\\\/\\\/www.meydan.tv\\\/az\\\/#organization\",\"name\":\"Meydan TV\",\"url\":\"https:\\\/\\\/www.meydan.tv\\\/az\\\/\",\"logo\":{\"@type\":\"ImageObject\",\"inLanguage\":\"az\",\"@id\":\"https:\\\/\\\/www.meydan.tv\\\/az\\\/#\\\/schema\\\/logo\\\/image\\\/\",\"url\":\"https:\\\/\\\/www.meydan.tv\\\/wp-content\\\/uploads\\\/2021\\\/07\\\/meydan-logo.svg\",\"contentUrl\":\"https:\\\/\\\/www.meydan.tv\\\/wp-content\\\/uploads\\\/2021\\\/07\\\/meydan-logo.svg\",\"width\":195,\"height\":46,\"caption\":\"Meydan TV\"},\"image\":{\"@id\":\"https:\\\/\\\/www.meydan.tv\\\/az\\\/#\\\/schema\\\/logo\\\/image\\\/\"}},{\"@type\":\"Person\",\"@id\":\"https:\\\/\\\/www.meydan.tv\\\/az\\\/#\\\/schema\\\/person\\\/9cdbecf90d17180ce1dfbd95b08dcf47\",\"name\":\"elli\",\"sameAs\":[\"https:\\\/\\\/x.com\\\/elli\"]}]}<\/script>\n<!-- \/ Yoast SEO plugin. -->","yoast_head_json":{"title":"Siyas\u0259td\u0259 Tokayev gedi\u015fi - MEYDAN.TV","robots":{"index":"index","follow":"follow","max-snippet":"max-snippet:-1","max-image-preview":"max-image-preview:large","max-video-preview":"max-video-preview:-1"},"canonical":"https:\/\/www.meydan.tv\/az\/article\/siyasetde-tokayev-gedisi\/","og_locale":"az_AZ","og_type":"article","og_title":"Siyas\u0259td\u0259 Tokayev gedi\u015fi - MEYDAN.TV","og_description":"Qazax\u0131standa siyasi boks d\u00f6y\u00fc\u015f\u00fc \u00fc\u00e7\u00fcn m\u00fc\u0259yy\u0259n edilmi\u015f vaxt bitib Qazax\u0131standa ... Davam\u0131","og_url":"https:\/\/www.meydan.tv\/az\/article\/siyasetde-tokayev-gedisi\/","og_site_name":"MEYDAN.TV","article_published_time":"2022-01-12T16:20:34+00:00","article_modified_time":"2022-01-12T16:23:06+00:00","og_image":[{"width":2560,"height":1440,"url":"https:\/\/www.meydan.tv\/wp-content\/uploads\/image_from_ios_2_p52ittc.original.original-scaled.jpg","type":"image\/jpeg"}],"author":"elli","twitter_card":"summary_large_image","twitter_creator":"@elli","schema":{"@context":"https:\/\/schema.org","@graph":[{"@type":"Article","@id":"https:\/\/www.meydan.tv\/az\/article\/siyasetde-tokayev-gedisi\/#article","isPartOf":{"@id":"https:\/\/www.meydan.tv\/az\/article\/siyasetde-tokayev-gedisi\/"},"author":{"name":"elli","@id":"https:\/\/www.meydan.tv\/az\/#\/schema\/person\/9cdbecf90d17180ce1dfbd95b08dcf47"},"headline":"Siyas\u0259td\u0259 Tokayev gedi\u015fi","datePublished":"2022-01-12T16:20:34+00:00","dateModified":"2022-01-12T16:23:06+00:00","mainEntityOfPage":{"@id":"https:\/\/www.meydan.tv\/az\/article\/siyasetde-tokayev-gedisi\/"},"wordCount":1685,"publisher":{"@id":"https:\/\/www.meydan.tv\/az\/#organization"},"image":{"@id":"https:\/\/www.meydan.tv\/az\/article\/siyasetde-tokayev-gedisi\/#primaryimage"},"thumbnailUrl":"https:\/\/www.meydan.tv\/wp-content\/uploads\/image_from_ios_2_p52ittc.original.original-scaled-e1682070233838.jpg","articleSection":["M\u0259nim Fikrimc\u0259"],"inLanguage":"az"},{"@type":"WebPage","@id":"https:\/\/www.meydan.tv\/az\/article\/siyasetde-tokayev-gedisi\/","url":"https:\/\/www.meydan.tv\/az\/article\/siyasetde-tokayev-gedisi\/","name":"Siyas\u0259td\u0259 Tokayev gedi\u015fi - MEYDAN.TV","isPartOf":{"@id":"https:\/\/www.meydan.tv\/az\/#website"},"primaryImageOfPage":{"@id":"https:\/\/www.meydan.tv\/az\/article\/siyasetde-tokayev-gedisi\/#primaryimage"},"image":{"@id":"https:\/\/www.meydan.tv\/az\/article\/siyasetde-tokayev-gedisi\/#primaryimage"},"thumbnailUrl":"https:\/\/www.meydan.tv\/wp-content\/uploads\/image_from_ios_2_p52ittc.original.original-scaled-e1682070233838.jpg","datePublished":"2022-01-12T16:20:34+00:00","dateModified":"2022-01-12T16:23:06+00:00","breadcrumb":{"@id":"https:\/\/www.meydan.tv\/az\/article\/siyasetde-tokayev-gedisi\/#breadcrumb"},"inLanguage":"az","potentialAction":[{"@type":"ReadAction","target":["https:\/\/www.meydan.tv\/az\/article\/siyasetde-tokayev-gedisi\/"]}]},{"@type":"ImageObject","inLanguage":"az","@id":"https:\/\/www.meydan.tv\/az\/article\/siyasetde-tokayev-gedisi\/#primaryimage","url":"https:\/\/www.meydan.tv\/wp-content\/uploads\/image_from_ios_2_p52ittc.original.original-scaled-e1682070233838.jpg","contentUrl":"https:\/\/www.meydan.tv\/wp-content\/uploads\/image_from_ios_2_p52ittc.original.original-scaled-e1682070233838.jpg","width":2560,"height":1158,"caption":"Foto: Meydan TV"},{"@type":"BreadcrumbList","@id":"https:\/\/www.meydan.tv\/az\/article\/siyasetde-tokayev-gedisi\/#breadcrumb","itemListElement":[{"@type":"ListItem","position":1,"name":"Ana s\u0259hif\u0259","item":"https:\/\/www.meydan.tv\/az\/"},{"@type":"ListItem","position":2,"name":"M\u0259nim Fikrimc\u0259","item":"https:\/\/www.meydan.tv\/az\/section\/menim-fikrimce\/"},{"@type":"ListItem","position":3,"name":"Siyas\u0259td\u0259 Tokayev gedi\u015fi"}]},{"@type":"WebSite","@id":"https:\/\/www.meydan.tv\/az\/#website","url":"https:\/\/www.meydan.tv\/az\/","name":"MEYDAN.TV","description":"Meydan TV Az\u0259rbaycan\u0131n media m\u0259kan\u0131ndak\u0131 alternativ s\u0259sidir","publisher":{"@id":"https:\/\/www.meydan.tv\/az\/#organization"},"potentialAction":[{"@type":"SearchAction","target":{"@type":"EntryPoint","urlTemplate":"https:\/\/www.meydan.tv\/az\/?s={search_term_string}"},"query-input":{"@type":"PropertyValueSpecification","valueRequired":true,"valueName":"search_term_string"}}],"inLanguage":"az"},{"@type":"Organization","@id":"https:\/\/www.meydan.tv\/az\/#organization","name":"Meydan TV","url":"https:\/\/www.meydan.tv\/az\/","logo":{"@type":"ImageObject","inLanguage":"az","@id":"https:\/\/www.meydan.tv\/az\/#\/schema\/logo\/image\/","url":"https:\/\/www.meydan.tv\/wp-content\/uploads\/2021\/07\/meydan-logo.svg","contentUrl":"https:\/\/www.meydan.tv\/wp-content\/uploads\/2021\/07\/meydan-logo.svg","width":195,"height":46,"caption":"Meydan TV"},"image":{"@id":"https:\/\/www.meydan.tv\/az\/#\/schema\/logo\/image\/"}},{"@type":"Person","@id":"https:\/\/www.meydan.tv\/az\/#\/schema\/person\/9cdbecf90d17180ce1dfbd95b08dcf47","name":"elli","sameAs":["https:\/\/x.com\/elli"]}]}},"_links":{"self":[{"href":"https:\/\/www.meydan.tv\/az\/wp-json\/wp\/v2\/posts\/231578","targetHints":{"allow":["GET"]}}],"collection":[{"href":"https:\/\/www.meydan.tv\/az\/wp-json\/wp\/v2\/posts"}],"about":[{"href":"https:\/\/www.meydan.tv\/az\/wp-json\/wp\/v2\/types\/post"}],"author":[{"embeddable":true,"href":"https:\/\/www.meydan.tv\/az\/wp-json\/wp\/v2\/users\/8"}],"replies":[{"embeddable":true,"href":"https:\/\/www.meydan.tv\/az\/wp-json\/wp\/v2\/comments?post=231578"}],"version-history":[{"count":3,"href":"https:\/\/www.meydan.tv\/az\/wp-json\/wp\/v2\/posts\/231578\/revisions"}],"predecessor-version":[{"id":233381,"href":"https:\/\/www.meydan.tv\/az\/wp-json\/wp\/v2\/posts\/231578\/revisions\/233381"}],"wp:featuredmedia":[{"embeddable":true,"href":"https:\/\/www.meydan.tv\/az\/wp-json\/wp\/v2\/media\/126823"}],"wp:attachment":[{"href":"https:\/\/www.meydan.tv\/az\/wp-json\/wp\/v2\/media?parent=231578"}],"wp:term":[{"taxonomy":"category","embeddable":true,"href":"https:\/\/www.meydan.tv\/az\/wp-json\/wp\/v2\/categories?post=231578"},{"taxonomy":"post_tag","embeddable":true,"href":"https:\/\/www.meydan.tv\/az\/wp-json\/wp\/v2\/tags?post=231578"}],"curies":[{"name":"wp","href":"https:\/\/api.w.org\/{rel}","templated":true}]}}