{"id":231370,"date":"2022-01-11T15:18:09","date_gmt":"2022-01-11T11:18:09","guid":{"rendered":"https:\/\/www.meydan.tv\/?p=231370"},"modified":"2022-01-11T15:18:11","modified_gmt":"2022-01-11T11:18:11","slug":"omikrona-qarsi-yeni-vaksin-hazirlanir","status":"publish","type":"post","link":"https:\/\/www.meydan.tv\/az\/article\/omikrona-qarsi-yeni-vaksin-hazirlanir\/","title":{"rendered":"&#8220;Omikron&#8221;a qar\u015f\u0131 yeni vaksin haz\u0131rlan\u0131r"},"content":{"rendered":"\n<p><em>Peyv\u0259ndi &#8220;Pfizer&#8221; almaniyal\u0131 t\u0259r\u0259fda\u015f\u0131 BioNTech-l\u0259 birg\u0259 haz\u0131layacaq<\/em><br><\/p>\n\n\n\n<p>&#8220;Pfizer&#8221; almaniyal\u0131 t\u0259r\u0259fda\u015f\u0131 BioNTech-l\u0259 b\u0259rab\u0259r koronavirusun yeni \u015ftam\u0131 olan &#8220;Omikron&#8221;a qar\u015f\u0131 yeni peyv\u0259nd <a href=\"https:\/\/www.cnbc.com\/2022\/01\/10\/covid-vaccine-pfizer-ceo-says-omicron-vaccine-will-be-ready-in-march.html\" target=\"_blank\" rel=\"noreferrer noopener\">haz\u0131rlay\u0131r<\/a>.<br><\/p>\n\n\n\n<p>Bu vaksinin martda haz\u0131r olaca\u011f\u0131 bildirilir.<br><\/p>\n\n\n\n<p>A\u00e7\u0131qlaman\u0131 &#8220;Pfizer&#8221;in ba\u015f direktoru Albert Burla verib.<br><\/p>\n\n\n\n<p>O bildirib ki, &#8220;omikron&#8221; peyv\u0259ndi martda tam haz\u0131r olacaq v\u0259 \u015firk\u0259t art\u0131q dozalar istehsal etm\u0259y\u0259 ba\u015flay\u0131b: <\/p>\n\n\n\n<p>\u201cM\u0259qs\u0259d peyv\u0259ndi &#8220;Omikron&#8221;a qar\u015f\u0131 effektli hala g\u0259tirm\u0259kdir. H\u0259min peyv\u0259ndin bir doza formas\u0131nda vurulmas\u0131 planlan\u0131r v\u0259 \u0259vv\u0259lki \u015ftammlara qar\u015f\u0131 da qoruma t\u0259min ed\u0259c\u0259k\u201d.<br><\/p>\n\n\n\n<p>Albert Burla \u0259lav\u0259 edib ki, bu i\u015fd\u0259 t\u0259k ist\u0259dikl\u0259ri infeksiyalardan daha yax\u015f\u0131 qoruyan bir vaksin ortaya \u00e7\u0131xarmaqd\u0131r: <\/p>\n\n\n\n<p>\u201c\u0130st\u0259yirik ki, h\u0259min vaksin say\u0259sind\u0259 x\u0259st\u0259xanaya yat\u0131r\u0131lmalar azals\u0131n, x\u0259st\u0259lik y\u00fcng\u00fcl halda \u00f6t\u00fcr\u00fcls\u00fcn\u201d.<br><\/p>\n\n\n\n<p>B\u00f6y\u00fck Britaniya S\u0259hiyy\u0259 T\u0259hl\u00fck\u0259sizliyi Agentliyinin ara\u015fd\u0131rmas\u0131na g\u00f6r\u0259, Pfizer v\u0259 Moderna vaksinl\u0259ri ikinci dozadan 20 h\u0259ft\u0259 sonra &#8220;omikron&#8221;a qar\u015f\u0131 sad\u0259c\u0259 10 faiz t\u0259sirli olur.<br><\/p>\n\n\n\n<p>Bununla bel\u0259, q\u0259na\u0259t o y\u00f6nd\u0259dir ki, orijinal iki doza a\u011f\u0131r x\u0259st\u0259l\u0259nm\u0259l\u0259rd\u0259n qorunman\u0131 t\u0259min edir.<br><\/p>\n\n\n\n<p>T\u0259dqiqata g\u00f6r\u0259, g\u00fccl\u0259ndirici, \u00fc\u00e7\u00fcnc\u00fc doza peyv\u0259nd infeksiyan\u0131n qar\u015f\u0131s\u0131n\u0131 almaqda 75 faiz\u0259 q\u0259d\u0259r effektivdir.<br><\/p>\n\n\n\n<p>A\u011f Evin ba\u015f tibbi m\u00fc\u015faviri Dr. Anthony Fauci dekabr ay\u0131nda demi\u015fdi ki, x\u00fcsusi olaraq &#8220;Omikron&#8221;u h\u0259d\u0259f alan g\u00fccl\u0259ndirici dozaya ehtiyac yoxdur.<br><\/p>\n\n\n\n<p>O bildirirdi ki, m\u00f6vcud buster dozalar yeni \u015ftama qar\u015f\u0131 yax\u015f\u0131 i\u015fl\u0259yir.<br><\/p>\n\n\n\n<figure class=\"wp-block-image size-full\"><img decoding=\"async\" width=\"1200\" height=\"800\" data-src=\"https:\/\/www.meydan.tv\/wp-content\/uploads\/shutterstock_1840078672.jpg\" alt=\"\" class=\"wp-image-231373 lazyload\" src=\"data:image\/svg+xml;base64,PHN2ZyB3aWR0aD0iMSIgaGVpZ2h0PSIxIiB4bWxucz0iaHR0cDovL3d3dy53My5vcmcvMjAwMC9zdmciPjwvc3ZnPg==\" style=\"--smush-placeholder-width: 1200px; --smush-placeholder-aspect-ratio: 1200\/800;\" \/><figcaption>Foto: Phil Pasquini\/Shutterstock<\/figcaption><\/figure>\n\n\n\n<p>Moderna CEO-su Stefan Bansel is\u0259 yanvar\u0131n 10-da CNBC-y\u0259 bildirib ki, \u015firk\u0259t bu pay\u0131z \u00fc\u00e7\u00fcn omikronu h\u0259d\u0259fl\u0259y\u0259n g\u00fccl\u0259ndirici \u00fcz\u0259rind\u0259 i\u015fl\u0259yir v\u0259 tezlikl\u0259 h\u0259min peyv\u0259nd klinik s\u0131naqlara gir\u0259c\u0259k.<br><\/p>\n\n\n\n<p>Bansel virusa qar\u015f\u0131 m\u00fcnt\u0259z\u0259m peyv\u0259nd haz\u0131rlad\u0131qlar\u0131 \u00fc\u00e7\u00fcn h\u00f6kum\u0259tl\u0259rd\u0259n g\u0259l\u0259n t\u0259l\u0259bin y\u00fcks\u0259k oldu\u011funu s\u00f6yl\u0259yib.<br><\/p>\n\n\n\n<p>Burla d\u00f6rd\u00fcnc\u00fc dozan\u0131n laz\u0131m olub-olmamas\u0131n\u0131n d\u0259qiq b\u0259lli olmad\u0131\u011f\u0131n\u0131 bildirib.<br><\/p>\n\n\n\n<p>Onun s\u00f6zl\u0259rin\u0259 g\u00f6r\u0259, &#8220;Pfizer&#8221; ba\u015fqa bir dozan\u0131n laz\u0131m olub-olmad\u0131\u011f\u0131n\u0131 m\u00fc\u0259yy\u0259n etm\u0259k \u00fc\u00e7\u00fcn t\u0259cr\u00fcb\u0259l\u0259r aparacaq.<br><\/p>\n\n\n\n<p>\u0130srail Pfizer\/BioNTech peyv\u0259ndinin d\u00f6rd\u00fcnc\u00fc dozas\u0131n\u0131 60 ya\u015fdan yuxar\u0131 insanlar, immun sistemi z\u0259if olan insanlar v\u0259 tibb i\u015f\u00e7il\u0259ri \u00fc\u00e7\u00fcn istifad\u0259y\u0259 verib.<br><\/p>\n\n\n\n<p>\u0130srail h\u00f6kum\u0259ti bildirir ki, peyv\u0259ndin d\u00f6rd\u00fcnc\u00fc dozas\u0131 vurulduqdan sonra h\u0259ft\u0259d\u0259 be\u015f d\u0259f\u0259 virusa qar\u015f\u0131 qoruyan antikorlar\u0131 art\u0131r\u0131r.<br><\/p>\n\n\n\n<p>Az\u0259rbaycanda peyv\u0259ndl\u0259m\u0259y\u0259 2021-ci il yanvar\u0131n 18-d\u0259n ba\u015flan\u0131b.<br><\/p>\n\n\n\n<p>\u018fsas\u0259n \u00c7inin \u201cSinovac\u201d \u015firk\u0259tin\u0259 m\u0259xsus peyv\u0259nd\u0259n v\u0259 Almaniyan\u0131n \u201cBioNTech\u201d \u015firk\u0259tin\u0259 m\u0259xsus \u201cPfizer\u201d peyv\u0259ndind\u0259n istifad\u0259 edilir.<br><\/p>\n\n\n\n<p>\u018fn son a\u00e7\u0131qlanan r\u0259smi statistikaya g\u00f6r\u0259, \u00f6lk\u0259d\u0259 vurulan vaksinl\u0259rin \u00fcmumi say\u0131 11 498 430-dur.<br>Birinci m\u0259rh\u0259l\u0259 \u00fczr\u0259 vaksinasiya olunanlar\u0131n \u00fcmumi say\u0131 5 184 066, ikinci m\u0259rh\u0259l\u0259 \u00fczr\u0259 vaksinasiya olunanlar\u0131n say\u0131 4 695 363, buster doza \u00fczr\u0259 vaksinasiya olunanlar\u0131n say\u0131 is\u0259 1 619 001 t\u0259\u015fkil edir.<br><\/p>\n\n\n\n<p>Operativ Q\u0259rargah\u0131n a\u00e7\u0131qlamas\u0131na g\u00f6r\u0259, son sutkada koronavirus \u0259leyhin\u0259 vaksinasiya olunanlar\u0131n say\u0131 is\u0259 58 n\u0259f\u0259rdir.<\/p>\n","protected":false},"excerpt":{"rendered":"<p>Peyv\u0259ndi &#8220;Pfizer&#8221; almaniyal\u0131 t\u0259r\u0259fda\u015f\u0131 BioNTech-l\u0259 birg\u0259 haz\u0131layacaq &#8220;Pfizer&#8221; almaniyal\u0131 t\u0259r\u0259fda\u015f\u0131 &#8230; <\/p>\n<p class=\"read-more-container\"><a title=\"&#8220;Omikron&#8221;a qar\u015f\u0131 yeni vaksin haz\u0131rlan\u0131r\" class=\"read-more button\" href=\"https:\/\/www.meydan.tv\/az\/article\/omikrona-qarsi-yeni-vaksin-hazirlanir\/#more-231370\" aria-label=\"Read more about &#8220;Omikron&#8221;a qar\u015f\u0131 yeni vaksin haz\u0131rlan\u0131r\">Davam\u0131<\/a><\/p>\n","protected":false},"author":8,"featured_media":230424,"comment_status":"closed","ping_status":"closed","sticky":false,"template":"","format":"standard","meta":{"_acf_changed":false,"_sitemap_exclude":false,"_sitemap_priority":"","_sitemap_frequency":"","footnotes":""},"categories":[54,56],"tags":[],"class_list":["post-231370","post","type-post","status-publish","format-standard","has-post-thumbnail","hentry","category-sagliq","category-xeberler","infinite-scroll-item","generate-columns","tablet-grid-50","mobile-grid-100","grid-parent","grid-33","no-featured-image-padding"],"acf":[],"yoast_head":"<!-- This site is optimized with the Yoast SEO plugin v27.4 - https:\/\/yoast.com\/product\/yoast-seo-wordpress\/ -->\n<title>&quot;Omikron&quot;a qar\u015f\u0131 yeni vaksin haz\u0131rlan\u0131r - MEYDAN.TV<\/title>\n<meta name=\"robots\" content=\"index, follow, max-snippet:-1, max-image-preview:large, max-video-preview:-1\" \/>\n<link rel=\"canonical\" href=\"https:\/\/www.meydan.tv\/az\/article\/omikrona-qarsi-yeni-vaksin-hazirlanir\/\" \/>\n<meta property=\"og:locale\" content=\"az_AZ\" \/>\n<meta property=\"og:type\" content=\"article\" \/>\n<meta property=\"og:title\" content=\"&quot;Omikron&quot;a qar\u015f\u0131 yeni vaksin haz\u0131rlan\u0131r - MEYDAN.TV\" \/>\n<meta property=\"og:description\" content=\"Peyv\u0259ndi &#8220;Pfizer&#8221; almaniyal\u0131 t\u0259r\u0259fda\u015f\u0131 BioNTech-l\u0259 birg\u0259 haz\u0131layacaq &#8220;Pfizer&#8221; almaniyal\u0131 t\u0259r\u0259fda\u015f\u0131 ... Davam\u0131\" \/>\n<meta property=\"og:url\" content=\"https:\/\/www.meydan.tv\/az\/article\/omikrona-qarsi-yeni-vaksin-hazirlanir\/\" \/>\n<meta property=\"og:site_name\" content=\"MEYDAN.TV\" \/>\n<meta property=\"article:published_time\" content=\"2022-01-11T11:18:09+00:00\" \/>\n<meta property=\"article:modified_time\" content=\"2022-01-11T11:18:11+00:00\" \/>\n<meta property=\"og:image\" content=\"https:\/\/www.meydan.tv\/wp-content\/uploads\/shutterstock_2081865148.jpg\" \/>\n\t<meta property=\"og:image:width\" content=\"1200\" \/>\n\t<meta property=\"og:image:height\" content=\"800\" \/>\n\t<meta property=\"og:image:type\" content=\"image\/jpeg\" \/>\n<meta name=\"author\" content=\"elli\" \/>\n<meta name=\"twitter:card\" content=\"summary_large_image\" \/>\n<meta name=\"twitter:creator\" content=\"@elli\" \/>\n<script type=\"application\/ld+json\" class=\"yoast-schema-graph\">{\"@context\":\"https:\\\/\\\/schema.org\",\"@graph\":[{\"@type\":\"Article\",\"@id\":\"https:\\\/\\\/www.meydan.tv\\\/az\\\/article\\\/omikrona-qarsi-yeni-vaksin-hazirlanir\\\/#article\",\"isPartOf\":{\"@id\":\"https:\\\/\\\/www.meydan.tv\\\/az\\\/article\\\/omikrona-qarsi-yeni-vaksin-hazirlanir\\\/\"},\"author\":{\"name\":\"elli\",\"@id\":\"https:\\\/\\\/www.meydan.tv\\\/az\\\/#\\\/schema\\\/person\\\/9cdbecf90d17180ce1dfbd95b08dcf47\"},\"headline\":\"&#8220;Omikron&#8221;a qar\u015f\u0131 yeni vaksin haz\u0131rlan\u0131r\",\"datePublished\":\"2022-01-11T11:18:09+00:00\",\"dateModified\":\"2022-01-11T11:18:11+00:00\",\"mainEntityOfPage\":{\"@id\":\"https:\\\/\\\/www.meydan.tv\\\/az\\\/article\\\/omikrona-qarsi-yeni-vaksin-hazirlanir\\\/\"},\"wordCount\":582,\"publisher\":{\"@id\":\"https:\\\/\\\/www.meydan.tv\\\/az\\\/#organization\"},\"image\":{\"@id\":\"https:\\\/\\\/www.meydan.tv\\\/az\\\/article\\\/omikrona-qarsi-yeni-vaksin-hazirlanir\\\/#primaryimage\"},\"thumbnailUrl\":\"https:\\\/\\\/www.meydan.tv\\\/wp-content\\\/uploads\\\/shutterstock_2081865148.jpg\",\"articleSection\":[\"Sa\u011fl\u0131q\",\"X\u0259b\u0259rl\u0259r\"],\"inLanguage\":\"az\"},{\"@type\":\"WebPage\",\"@id\":\"https:\\\/\\\/www.meydan.tv\\\/az\\\/article\\\/omikrona-qarsi-yeni-vaksin-hazirlanir\\\/\",\"url\":\"https:\\\/\\\/www.meydan.tv\\\/az\\\/article\\\/omikrona-qarsi-yeni-vaksin-hazirlanir\\\/\",\"name\":\"\\\"Omikron\\\"a qar\u015f\u0131 yeni vaksin haz\u0131rlan\u0131r - MEYDAN.TV\",\"isPartOf\":{\"@id\":\"https:\\\/\\\/www.meydan.tv\\\/az\\\/#website\"},\"primaryImageOfPage\":{\"@id\":\"https:\\\/\\\/www.meydan.tv\\\/az\\\/article\\\/omikrona-qarsi-yeni-vaksin-hazirlanir\\\/#primaryimage\"},\"image\":{\"@id\":\"https:\\\/\\\/www.meydan.tv\\\/az\\\/article\\\/omikrona-qarsi-yeni-vaksin-hazirlanir\\\/#primaryimage\"},\"thumbnailUrl\":\"https:\\\/\\\/www.meydan.tv\\\/wp-content\\\/uploads\\\/shutterstock_2081865148.jpg\",\"datePublished\":\"2022-01-11T11:18:09+00:00\",\"dateModified\":\"2022-01-11T11:18:11+00:00\",\"breadcrumb\":{\"@id\":\"https:\\\/\\\/www.meydan.tv\\\/az\\\/article\\\/omikrona-qarsi-yeni-vaksin-hazirlanir\\\/#breadcrumb\"},\"inLanguage\":\"az\",\"potentialAction\":[{\"@type\":\"ReadAction\",\"target\":[\"https:\\\/\\\/www.meydan.tv\\\/az\\\/article\\\/omikrona-qarsi-yeni-vaksin-hazirlanir\\\/\"]}]},{\"@type\":\"ImageObject\",\"inLanguage\":\"az\",\"@id\":\"https:\\\/\\\/www.meydan.tv\\\/az\\\/article\\\/omikrona-qarsi-yeni-vaksin-hazirlanir\\\/#primaryimage\",\"url\":\"https:\\\/\\\/www.meydan.tv\\\/wp-content\\\/uploads\\\/shutterstock_2081865148.jpg\",\"contentUrl\":\"https:\\\/\\\/www.meydan.tv\\\/wp-content\\\/uploads\\\/shutterstock_2081865148.jpg\",\"width\":1200,\"height\":800,\"caption\":\"Omicron, Foto: G.Tbov\\\/Shutterstock\"},{\"@type\":\"BreadcrumbList\",\"@id\":\"https:\\\/\\\/www.meydan.tv\\\/az\\\/article\\\/omikrona-qarsi-yeni-vaksin-hazirlanir\\\/#breadcrumb\",\"itemListElement\":[{\"@type\":\"ListItem\",\"position\":1,\"name\":\"Ana s\u0259hif\u0259\",\"item\":\"https:\\\/\\\/www.meydan.tv\\\/az\\\/\"},{\"@type\":\"ListItem\",\"position\":2,\"name\":\"Sa\u011fl\u0131q\",\"item\":\"https:\\\/\\\/www.meydan.tv\\\/az\\\/section\\\/sagliq\\\/\"},{\"@type\":\"ListItem\",\"position\":3,\"name\":\"&#8220;Omikron&#8221;a qar\u015f\u0131 yeni vaksin haz\u0131rlan\u0131r\"}]},{\"@type\":\"WebSite\",\"@id\":\"https:\\\/\\\/www.meydan.tv\\\/az\\\/#website\",\"url\":\"https:\\\/\\\/www.meydan.tv\\\/az\\\/\",\"name\":\"MEYDAN.TV\",\"description\":\"Meydan TV Az\u0259rbaycan\u0131n media m\u0259kan\u0131ndak\u0131 alternativ s\u0259sidir\",\"publisher\":{\"@id\":\"https:\\\/\\\/www.meydan.tv\\\/az\\\/#organization\"},\"potentialAction\":[{\"@type\":\"SearchAction\",\"target\":{\"@type\":\"EntryPoint\",\"urlTemplate\":\"https:\\\/\\\/www.meydan.tv\\\/az\\\/?s={search_term_string}\"},\"query-input\":{\"@type\":\"PropertyValueSpecification\",\"valueRequired\":true,\"valueName\":\"search_term_string\"}}],\"inLanguage\":\"az\"},{\"@type\":\"Organization\",\"@id\":\"https:\\\/\\\/www.meydan.tv\\\/az\\\/#organization\",\"name\":\"Meydan TV\",\"url\":\"https:\\\/\\\/www.meydan.tv\\\/az\\\/\",\"logo\":{\"@type\":\"ImageObject\",\"inLanguage\":\"az\",\"@id\":\"https:\\\/\\\/www.meydan.tv\\\/az\\\/#\\\/schema\\\/logo\\\/image\\\/\",\"url\":\"https:\\\/\\\/www.meydan.tv\\\/wp-content\\\/uploads\\\/2021\\\/07\\\/meydan-logo.svg\",\"contentUrl\":\"https:\\\/\\\/www.meydan.tv\\\/wp-content\\\/uploads\\\/2021\\\/07\\\/meydan-logo.svg\",\"width\":195,\"height\":46,\"caption\":\"Meydan TV\"},\"image\":{\"@id\":\"https:\\\/\\\/www.meydan.tv\\\/az\\\/#\\\/schema\\\/logo\\\/image\\\/\"}},{\"@type\":\"Person\",\"@id\":\"https:\\\/\\\/www.meydan.tv\\\/az\\\/#\\\/schema\\\/person\\\/9cdbecf90d17180ce1dfbd95b08dcf47\",\"name\":\"elli\",\"sameAs\":[\"https:\\\/\\\/x.com\\\/elli\"]}]}<\/script>\n<!-- \/ Yoast SEO plugin. -->","yoast_head_json":{"title":"\"Omikron\"a qar\u015f\u0131 yeni vaksin haz\u0131rlan\u0131r - MEYDAN.TV","robots":{"index":"index","follow":"follow","max-snippet":"max-snippet:-1","max-image-preview":"max-image-preview:large","max-video-preview":"max-video-preview:-1"},"canonical":"https:\/\/www.meydan.tv\/az\/article\/omikrona-qarsi-yeni-vaksin-hazirlanir\/","og_locale":"az_AZ","og_type":"article","og_title":"\"Omikron\"a qar\u015f\u0131 yeni vaksin haz\u0131rlan\u0131r - MEYDAN.TV","og_description":"Peyv\u0259ndi &#8220;Pfizer&#8221; almaniyal\u0131 t\u0259r\u0259fda\u015f\u0131 BioNTech-l\u0259 birg\u0259 haz\u0131layacaq &#8220;Pfizer&#8221; almaniyal\u0131 t\u0259r\u0259fda\u015f\u0131 ... Davam\u0131","og_url":"https:\/\/www.meydan.tv\/az\/article\/omikrona-qarsi-yeni-vaksin-hazirlanir\/","og_site_name":"MEYDAN.TV","article_published_time":"2022-01-11T11:18:09+00:00","article_modified_time":"2022-01-11T11:18:11+00:00","og_image":[{"width":1200,"height":800,"url":"https:\/\/www.meydan.tv\/wp-content\/uploads\/shutterstock_2081865148.jpg","type":"image\/jpeg"}],"author":"elli","twitter_card":"summary_large_image","twitter_creator":"@elli","schema":{"@context":"https:\/\/schema.org","@graph":[{"@type":"Article","@id":"https:\/\/www.meydan.tv\/az\/article\/omikrona-qarsi-yeni-vaksin-hazirlanir\/#article","isPartOf":{"@id":"https:\/\/www.meydan.tv\/az\/article\/omikrona-qarsi-yeni-vaksin-hazirlanir\/"},"author":{"name":"elli","@id":"https:\/\/www.meydan.tv\/az\/#\/schema\/person\/9cdbecf90d17180ce1dfbd95b08dcf47"},"headline":"&#8220;Omikron&#8221;a qar\u015f\u0131 yeni vaksin haz\u0131rlan\u0131r","datePublished":"2022-01-11T11:18:09+00:00","dateModified":"2022-01-11T11:18:11+00:00","mainEntityOfPage":{"@id":"https:\/\/www.meydan.tv\/az\/article\/omikrona-qarsi-yeni-vaksin-hazirlanir\/"},"wordCount":582,"publisher":{"@id":"https:\/\/www.meydan.tv\/az\/#organization"},"image":{"@id":"https:\/\/www.meydan.tv\/az\/article\/omikrona-qarsi-yeni-vaksin-hazirlanir\/#primaryimage"},"thumbnailUrl":"https:\/\/www.meydan.tv\/wp-content\/uploads\/shutterstock_2081865148.jpg","articleSection":["Sa\u011fl\u0131q","X\u0259b\u0259rl\u0259r"],"inLanguage":"az"},{"@type":"WebPage","@id":"https:\/\/www.meydan.tv\/az\/article\/omikrona-qarsi-yeni-vaksin-hazirlanir\/","url":"https:\/\/www.meydan.tv\/az\/article\/omikrona-qarsi-yeni-vaksin-hazirlanir\/","name":"\"Omikron\"a qar\u015f\u0131 yeni vaksin haz\u0131rlan\u0131r - MEYDAN.TV","isPartOf":{"@id":"https:\/\/www.meydan.tv\/az\/#website"},"primaryImageOfPage":{"@id":"https:\/\/www.meydan.tv\/az\/article\/omikrona-qarsi-yeni-vaksin-hazirlanir\/#primaryimage"},"image":{"@id":"https:\/\/www.meydan.tv\/az\/article\/omikrona-qarsi-yeni-vaksin-hazirlanir\/#primaryimage"},"thumbnailUrl":"https:\/\/www.meydan.tv\/wp-content\/uploads\/shutterstock_2081865148.jpg","datePublished":"2022-01-11T11:18:09+00:00","dateModified":"2022-01-11T11:18:11+00:00","breadcrumb":{"@id":"https:\/\/www.meydan.tv\/az\/article\/omikrona-qarsi-yeni-vaksin-hazirlanir\/#breadcrumb"},"inLanguage":"az","potentialAction":[{"@type":"ReadAction","target":["https:\/\/www.meydan.tv\/az\/article\/omikrona-qarsi-yeni-vaksin-hazirlanir\/"]}]},{"@type":"ImageObject","inLanguage":"az","@id":"https:\/\/www.meydan.tv\/az\/article\/omikrona-qarsi-yeni-vaksin-hazirlanir\/#primaryimage","url":"https:\/\/www.meydan.tv\/wp-content\/uploads\/shutterstock_2081865148.jpg","contentUrl":"https:\/\/www.meydan.tv\/wp-content\/uploads\/shutterstock_2081865148.jpg","width":1200,"height":800,"caption":"Omicron, Foto: G.Tbov\/Shutterstock"},{"@type":"BreadcrumbList","@id":"https:\/\/www.meydan.tv\/az\/article\/omikrona-qarsi-yeni-vaksin-hazirlanir\/#breadcrumb","itemListElement":[{"@type":"ListItem","position":1,"name":"Ana s\u0259hif\u0259","item":"https:\/\/www.meydan.tv\/az\/"},{"@type":"ListItem","position":2,"name":"Sa\u011fl\u0131q","item":"https:\/\/www.meydan.tv\/az\/section\/sagliq\/"},{"@type":"ListItem","position":3,"name":"&#8220;Omikron&#8221;a qar\u015f\u0131 yeni vaksin haz\u0131rlan\u0131r"}]},{"@type":"WebSite","@id":"https:\/\/www.meydan.tv\/az\/#website","url":"https:\/\/www.meydan.tv\/az\/","name":"MEYDAN.TV","description":"Meydan TV Az\u0259rbaycan\u0131n media m\u0259kan\u0131ndak\u0131 alternativ s\u0259sidir","publisher":{"@id":"https:\/\/www.meydan.tv\/az\/#organization"},"potentialAction":[{"@type":"SearchAction","target":{"@type":"EntryPoint","urlTemplate":"https:\/\/www.meydan.tv\/az\/?s={search_term_string}"},"query-input":{"@type":"PropertyValueSpecification","valueRequired":true,"valueName":"search_term_string"}}],"inLanguage":"az"},{"@type":"Organization","@id":"https:\/\/www.meydan.tv\/az\/#organization","name":"Meydan TV","url":"https:\/\/www.meydan.tv\/az\/","logo":{"@type":"ImageObject","inLanguage":"az","@id":"https:\/\/www.meydan.tv\/az\/#\/schema\/logo\/image\/","url":"https:\/\/www.meydan.tv\/wp-content\/uploads\/2021\/07\/meydan-logo.svg","contentUrl":"https:\/\/www.meydan.tv\/wp-content\/uploads\/2021\/07\/meydan-logo.svg","width":195,"height":46,"caption":"Meydan TV"},"image":{"@id":"https:\/\/www.meydan.tv\/az\/#\/schema\/logo\/image\/"}},{"@type":"Person","@id":"https:\/\/www.meydan.tv\/az\/#\/schema\/person\/9cdbecf90d17180ce1dfbd95b08dcf47","name":"elli","sameAs":["https:\/\/x.com\/elli"]}]}},"_links":{"self":[{"href":"https:\/\/www.meydan.tv\/az\/wp-json\/wp\/v2\/posts\/231370","targetHints":{"allow":["GET"]}}],"collection":[{"href":"https:\/\/www.meydan.tv\/az\/wp-json\/wp\/v2\/posts"}],"about":[{"href":"https:\/\/www.meydan.tv\/az\/wp-json\/wp\/v2\/types\/post"}],"author":[{"embeddable":true,"href":"https:\/\/www.meydan.tv\/az\/wp-json\/wp\/v2\/users\/8"}],"replies":[{"embeddable":true,"href":"https:\/\/www.meydan.tv\/az\/wp-json\/wp\/v2\/comments?post=231370"}],"version-history":[{"count":2,"href":"https:\/\/www.meydan.tv\/az\/wp-json\/wp\/v2\/posts\/231370\/revisions"}],"predecessor-version":[{"id":231379,"href":"https:\/\/www.meydan.tv\/az\/wp-json\/wp\/v2\/posts\/231370\/revisions\/231379"}],"wp:featuredmedia":[{"embeddable":true,"href":"https:\/\/www.meydan.tv\/az\/wp-json\/wp\/v2\/media\/230424"}],"wp:attachment":[{"href":"https:\/\/www.meydan.tv\/az\/wp-json\/wp\/v2\/media?parent=231370"}],"wp:term":[{"taxonomy":"category","embeddable":true,"href":"https:\/\/www.meydan.tv\/az\/wp-json\/wp\/v2\/categories?post=231370"},{"taxonomy":"post_tag","embeddable":true,"href":"https:\/\/www.meydan.tv\/az\/wp-json\/wp\/v2\/tags?post=231370"}],"curies":[{"name":"wp","href":"https:\/\/api.w.org\/{rel}","templated":true}]}}