{"id":231298,"date":"2022-01-10T17:24:31","date_gmt":"2022-01-10T13:24:31","guid":{"rendered":"https:\/\/www.meydan.tv\/?p=231298"},"modified":"2022-01-10T17:24:32","modified_gmt":"2022-01-10T13:24:32","slug":"bacim-oglu-ile-birge-magara-heyati-yasayir","status":"publish","type":"post","link":"https:\/\/www.meydan.tv\/az\/article\/bacim-oglu-ile-birge-magara-heyati-yasayir\/","title":{"rendered":"\u201cBac\u0131m o\u011flu il\u0259 birg\u0259 ma\u011fara h\u0259yat\u0131 ya\u015fay\u0131r\u201d"},"content":{"rendered":"\n<p><em>\u015e\u0259ki sakini: \u201cBir d\u0259f\u0259 qar ya\u011fsa, bu iki n\u0259f\u0259rd\u0259n ibar\u0259t ail\u0259 dam\u0131n alt\u0131nda qal\u0131b \u00f6l\u0259c\u0259k\u201d<\/em><br><\/p>\n\n\n\n<p>N\u0259zak\u0259t M\u0259mm\u0259dova b\u0259lk\u0259 d\u0259 Cumak\u0259ndin \u0259n kas\u0131b sakinl\u0259rind\u0259n say\u0131l\u0131r. Az\u0259rbaycan\u0131n dilb\u0259r g\u00fc\u015f\u0259l\u0259rind\u0259n olan \u015e\u0259kinin bu k\u0259ndind\u0259 \u00fcmumilikd\u0259 \u0259halinin g\u00fcz\u0259ran\u0131 yax\u015f\u0131 deyil. \u00c7oxu i\u015fsizlikd\u0259n, imkans\u0131zl\u0131qdan \u0259ziyy\u0259t \u00e7\u0259kir. N\u0259zak\u0259t M\u0259mm\u0259dovan\u0131 dig\u0259r h\u0259mk\u0259ndlil\u0259rind\u0259n f\u0259rql\u0259ndir\u0259ns\u0259 \u00f6hd\u0259sind\u0259 h\u0259m d\u0259 autizmli, e\u015fitm\u0259 v\u0259 nitq qabiliyy\u0259tind\u0259n m\u0259hrum \u00f6vlad\u0131n\u0131n olmas\u0131d\u0131r.<br><\/p>\n\n\n\n<p>M\u0259mm\u0259dovlar\u0131n ya\u015fad\u0131\u011f\u0131 yerd\u0259nh\u00f6rm\u0259, ikip\u0259nc\u0259r\u0259li ev o q\u0259d\u0259r k\u00f6hn\u0259lib ki, h\u0259r an u\u00e7ma t\u0259hl\u00fck\u0259si hiss olunur. Evin \u00f6rt\u00fcy\u00fc bel\u0259 par\u00e7a-par\u00e7ad\u0131r. Ya\u011fan ya\u011f\u0131\u015f, qar ota\u011f\u0131 yuyub apar\u0131r.<br><\/p>\n\n\n\n<p>N\u0259zak\u0259t M\u0259mm\u0259dovan\u0131n h\u0259yat yolda\u015f\u0131 da\u011flarda \u00e7obanl\u0131q edir, art\u0131q 4 ildir ki, ail\u0259sin\u0259 ba\u015f \u00e7\u0259k\u0259 bilmir. Bu s\u0259b\u0259bd\u0259n d\u0259 ana il\u0259 o\u011fulun qay\u011f\u0131lar\u0131 daha \u00e7ox qon\u015fular\u0131n \u00fcz\u0259rin\u0259 d\u00fc\u015f\u00fcb. Onlar pay g\u0259tir\u0259nd\u0259 yeyirl\u0259r, g\u0259tirm\u0259y\u0259nd\u0259 yox.<br><\/p>\n\n\n\n<figure class=\"wp-block-image size-full\"><img decoding=\"async\" width=\"1200\" height=\"651\" data-src=\"https:\/\/www.meydan.tv\/wp-content\/uploads\/ev-1.jpg\" alt=\"\" class=\"wp-image-231286 lazyload\" src=\"data:image\/svg+xml;base64,PHN2ZyB3aWR0aD0iMSIgaGVpZ2h0PSIxIiB4bWxucz0iaHR0cDovL3d3dy53My5vcmcvMjAwMC9zdmciPjwvc3ZnPg==\" style=\"--smush-placeholder-width: 1200px; --smush-placeholder-aspect-ratio: 1200\/651;\" \/><figcaption>Foto: Meydan TV<\/figcaption><\/figure>\n\n\n\n<p>Bunu h\u0259m qon\u015fular, h\u0259m d\u0259 qad\u0131n\u0131n qarda\u015f\u0131 Aqil M\u0259mm\u0259dov deyir.<br><\/p>\n\n\n\n<p>Aqil M\u0259mm\u0259dov bac\u0131s\u0131n\u0131n evind\u0259n 19 km uzaql\u0131qda, Ba\u015f G\u00f6yn\u00fck k\u0259ndind\u0259 ya\u015fay\u0131r. \u00d6z\u00fc 2-ci qrup \u00c7ernobil \u0259lilidir, 3 \u00f6vlad\u0131 var.<br><\/p>\n\n\n\n<p>\u201cBirt\u0259h\u0259r dava-d\u0259rmanla ya\u015fay\u0131ram. Haz\u0131rda 3 \u00f6vlad\u0131mdan ikisi t\u0259l\u0259b\u0259dir. Ya\u015fad\u0131\u011f\u0131m k\u0259ndd\u0259 t\u0259s\u0259rr\u00fcfatla m\u0259\u015f\u011ful olub onlar\u0131 birt\u0259h\u0259r doland\u0131r\u0131ram\u201d, &#8211; dey\u0259n Aqil M\u0259mm\u0259dov imkans\u0131zl\u0131qdan bac\u0131s\u0131na \u0259l tuta bilm\u0259m\u0259sind\u0259n narahatd\u0131r. Ona g\u00f6r\u0259 d\u0259 m\u00fcxt\u0259lif d\u00f6vl\u0259t orqanlar\u0131na, \u00f6lk\u0259 ba\u015f\u00e7\u0131s\u0131 \u0130lham \u018fliyev\u0259 v\u0259 Birinci vitse-prezident Mehriban \u018fliyevaya m\u00fcraci\u0259tl\u0259r etm\u0259kl\u0259 bac\u0131s\u0131na k\u00f6m\u0259k ist\u0259yir:<br><\/p>\n\n\n\n<figure class=\"wp-block-image size-full\"><img decoding=\"async\" width=\"1200\" height=\"673\" data-src=\"https:\/\/www.meydan.tv\/wp-content\/uploads\/download-5.png\" alt=\"\" class=\"wp-image-231295 lazyload\" src=\"data:image\/svg+xml;base64,PHN2ZyB3aWR0aD0iMSIgaGVpZ2h0PSIxIiB4bWxucz0iaHR0cDovL3d3dy53My5vcmcvMjAwMC9zdmciPjwvc3ZnPg==\" style=\"--smush-placeholder-width: 1200px; --smush-placeholder-aspect-ratio: 1200\/673;\" \/><figcaption>Foto: Meydan TV<\/figcaption><\/figure>\n\n\n\n<p>\u201cAil\u0259nin yegan\u0259 qazanc\u0131 u\u015fa\u011fa g\u00f6r\u0259 h\u0259r ay veril\u0259n 150 manatl\u0131q m\u00fcavin\u0259tdir. O da g\u00fcnd\u0259lik qay\u011f\u0131lar\u0131 qar\u015f\u0131lama\u011fa yetmir. Bac\u0131m o\u011flu he\u00e7 vaxt m\u00fcalic\u0259 almad\u0131\u011f\u0131ndan \u00e7ox aqressivdir. Evd\u0259 sakit saxlamaq olmur. Otaqda olan qab-qaca\u011f\u0131, p\u0259nc\u0259r\u0259 \u015f\u00fc\u015f\u0259l\u0259rini s\u0131nd\u0131r\u0131b. \u0130dar\u0259olunmaz v\u0259ziyy\u0259td\u0259dir. H\u0259r d\u0259f\u0259 k\u0259ndimizd\u0259n 19 km aral\u0131da olan bu ail\u0259y\u0259 yard\u0131m v\u0259 k\u00f6m\u0259klik g\u00f6st\u0259r\u0259 bilmir\u0259m\u201d.<br><\/p>\n\n\n\n<p>\u201cYa\u015fad\u0131qlar\u0131 k\u00f6hn\u0259 evin dam\u0131 tam u\u00e7ub-t\u00f6k\u00fcl\u00fcb. Qaz, i\u015f\u0131q v\u0259 su probleml\u0259ri var. Evd\u0259 q\u0131z\u0131nmaq \u00fc\u00e7\u00fcn odun da da\u015f\u0131y\u0131b \u00e7atd\u0131ra bilmir\u0259m. \u018frzaq da h\u0259r d\u0259f\u0259 alma\u011fa imkan\u0131m yoxdur. \u0130ndi bir d\u0259f\u0259 qar ya\u011fsa, bu iki n\u0259f\u0259rd\u0259n ibar\u0259t ail\u0259 dam\u0131n alt\u0131nda qal\u0131b \u00f6l\u0259c\u0259k. Evin t\u0259mirin\u0259 d\u0259 imkan\u0131m yoxdur. Bir s\u00f6zl\u0259, bac\u0131m N\u0259zak\u0259t M\u0259mm\u0259dovan\u0131n o\u011flu il\u0259 birlikd\u0259 bir ma\u011fara h\u0259yat\u0131 ya\u015fay\u0131r. Qon\u015fulardan ba\u015fqa bu b\u0259db\u0259xt ail\u0259 il\u0259 he\u00e7 kim maraqlanm\u0131r\u201d, &#8211; Aqil M\u0259mm\u0259dov deyir.<br><\/p>\n\n\n\n<figure class=\"wp-block-image size-full\"><img decoding=\"async\" width=\"1200\" height=\"679\" data-src=\"https:\/\/www.meydan.tv\/wp-content\/uploads\/m__mm__dovlar_ail__sinin_ya__ad_______otaq.jpg\" alt=\"\" class=\"wp-image-231289 lazyload\" src=\"data:image\/svg+xml;base64,PHN2ZyB3aWR0aD0iMSIgaGVpZ2h0PSIxIiB4bWxucz0iaHR0cDovL3d3dy53My5vcmcvMjAwMC9zdmciPjwvc3ZnPg==\" style=\"--smush-placeholder-width: 1200px; --smush-placeholder-aspect-ratio: 1200\/679;\" \/><figcaption>Foto: Meydan TV<\/figcaption><\/figure>\n\n\n\n<p>Aqil M\u0259mm\u0259dov onu da deyir ki, prezident\u0259 \u015fikay\u0259t m\u0259ktubu yazandan sonra ona z\u0259ng edib bac\u0131s\u0131n\u0131n v\u0259ziyy\u0259ti il\u0259 maraqlan\u0131blar. Amma maraqlanan\u0131n kim oldu\u011funun bilmir:<br><\/p>\n\n\n\n<p>\u201cBac\u0131m\u0131n telefonu yoxdur. M\u0259n\u0259 d\u0259 z\u0259ng edib maraqland\u0131lar, ba\u015fqa he\u00e7 bir x\u0259b\u0259r \u00e7\u0131xmad\u0131\u201d.<br>\u015e\u0259ki \u015e\u0259h\u0259r \u0130cra Hakimiyy\u0259tind\u0259n Meydan TV-y\u0259 m\u0259s\u0259l\u0259 il\u0259 maraqlanacaqlar\u0131n\u0131 bildiribl\u0259r.<\/p>\n","protected":false},"excerpt":{"rendered":"<p>\u015e\u0259ki sakini: \u201cBir d\u0259f\u0259 qar ya\u011fsa, bu iki n\u0259f\u0259rd\u0259n ibar\u0259t &#8230; <\/p>\n<p class=\"read-more-container\"><a title=\"\u201cBac\u0131m o\u011flu il\u0259 birg\u0259 ma\u011fara h\u0259yat\u0131 ya\u015fay\u0131r\u201d\" class=\"read-more button\" href=\"https:\/\/www.meydan.tv\/az\/article\/bacim-oglu-ile-birge-magara-heyati-yasayir\/#more-231298\" aria-label=\"Read more about \u201cBac\u0131m o\u011flu il\u0259 birg\u0259 ma\u011fara h\u0259yat\u0131 ya\u015fay\u0131r\u201d\">Davam\u0131<\/a><\/p>\n","protected":false},"author":8,"featured_media":231292,"comment_status":"closed","ping_status":"closed","sticky":false,"template":"","format":"standard","meta":{"_acf_changed":false,"_sitemap_exclude":false,"_sitemap_priority":"","_sitemap_frequency":"","footnotes":""},"categories":[60,79,56],"tags":[],"class_list":["post-231298","post","type-post","status-publish","format-standard","has-post-thumbnail","hentry","category-bolge","category-featured","category-xeberler","infinite-scroll-item","generate-columns","tablet-grid-50","mobile-grid-100","grid-parent","grid-33","no-featured-image-padding"],"acf":[],"yoast_head":"<!-- This site is optimized with the Yoast SEO plugin v27.4 - https:\/\/yoast.com\/product\/yoast-seo-wordpress\/ -->\n<title>\u201cBac\u0131m o\u011flu il\u0259 birg\u0259 ma\u011fara h\u0259yat\u0131 ya\u015fay\u0131r\u201d - MEYDAN.TV<\/title>\n<meta name=\"robots\" content=\"index, follow, max-snippet:-1, max-image-preview:large, max-video-preview:-1\" \/>\n<link rel=\"canonical\" href=\"https:\/\/www.meydan.tv\/az\/article\/bacim-oglu-ile-birge-magara-heyati-yasayir\/\" \/>\n<meta property=\"og:locale\" content=\"az_AZ\" \/>\n<meta property=\"og:type\" content=\"article\" \/>\n<meta property=\"og:title\" content=\"\u201cBac\u0131m o\u011flu il\u0259 birg\u0259 ma\u011fara h\u0259yat\u0131 ya\u015fay\u0131r\u201d - MEYDAN.TV\" \/>\n<meta property=\"og:description\" content=\"\u015e\u0259ki sakini: \u201cBir d\u0259f\u0259 qar ya\u011fsa, bu iki n\u0259f\u0259rd\u0259n ibar\u0259t ... Davam\u0131\" \/>\n<meta property=\"og:url\" content=\"https:\/\/www.meydan.tv\/az\/article\/bacim-oglu-ile-birge-magara-heyati-yasayir\/\" \/>\n<meta property=\"og:site_name\" content=\"MEYDAN.TV\" \/>\n<meta property=\"article:published_time\" content=\"2022-01-10T13:24:31+00:00\" \/>\n<meta property=\"article:modified_time\" content=\"2022-01-10T13:24:32+00:00\" \/>\n<meta property=\"og:image\" content=\"https:\/\/www.meydan.tv\/wp-content\/uploads\/n__zak__t_m__mm__dovan__n_evi.jpg\" \/>\n\t<meta property=\"og:image:width\" content=\"709\" \/>\n\t<meta property=\"og:image:height\" content=\"392\" \/>\n\t<meta property=\"og:image:type\" content=\"image\/jpeg\" \/>\n<meta name=\"author\" content=\"elli\" \/>\n<meta name=\"twitter:card\" content=\"summary_large_image\" \/>\n<meta name=\"twitter:creator\" content=\"@elli\" \/>\n<script type=\"application\/ld+json\" class=\"yoast-schema-graph\">{\"@context\":\"https:\\\/\\\/schema.org\",\"@graph\":[{\"@type\":\"Article\",\"@id\":\"https:\\\/\\\/www.meydan.tv\\\/az\\\/article\\\/bacim-oglu-ile-birge-magara-heyati-yasayir\\\/#article\",\"isPartOf\":{\"@id\":\"https:\\\/\\\/www.meydan.tv\\\/az\\\/article\\\/bacim-oglu-ile-birge-magara-heyati-yasayir\\\/\"},\"author\":{\"name\":\"elli\",\"@id\":\"https:\\\/\\\/www.meydan.tv\\\/az\\\/#\\\/schema\\\/person\\\/9cdbecf90d17180ce1dfbd95b08dcf47\"},\"headline\":\"\u201cBac\u0131m o\u011flu il\u0259 birg\u0259 ma\u011fara h\u0259yat\u0131 ya\u015fay\u0131r\u201d\",\"datePublished\":\"2022-01-10T13:24:31+00:00\",\"dateModified\":\"2022-01-10T13:24:32+00:00\",\"mainEntityOfPage\":{\"@id\":\"https:\\\/\\\/www.meydan.tv\\\/az\\\/article\\\/bacim-oglu-ile-birge-magara-heyati-yasayir\\\/\"},\"wordCount\":667,\"publisher\":{\"@id\":\"https:\\\/\\\/www.meydan.tv\\\/az\\\/#organization\"},\"image\":{\"@id\":\"https:\\\/\\\/www.meydan.tv\\\/az\\\/article\\\/bacim-oglu-ile-birge-magara-heyati-yasayir\\\/#primaryimage\"},\"thumbnailUrl\":\"https:\\\/\\\/www.meydan.tv\\\/wp-content\\\/uploads\\\/n__zak__t_m__mm__dovan__n_evi.jpg\",\"articleSection\":[\"B\u00f6lg\u0259\",\"T\u00f6vsiy\u0259\",\"X\u0259b\u0259rl\u0259r\"],\"inLanguage\":\"az\"},{\"@type\":\"WebPage\",\"@id\":\"https:\\\/\\\/www.meydan.tv\\\/az\\\/article\\\/bacim-oglu-ile-birge-magara-heyati-yasayir\\\/\",\"url\":\"https:\\\/\\\/www.meydan.tv\\\/az\\\/article\\\/bacim-oglu-ile-birge-magara-heyati-yasayir\\\/\",\"name\":\"\u201cBac\u0131m o\u011flu il\u0259 birg\u0259 ma\u011fara h\u0259yat\u0131 ya\u015fay\u0131r\u201d - MEYDAN.TV\",\"isPartOf\":{\"@id\":\"https:\\\/\\\/www.meydan.tv\\\/az\\\/#website\"},\"primaryImageOfPage\":{\"@id\":\"https:\\\/\\\/www.meydan.tv\\\/az\\\/article\\\/bacim-oglu-ile-birge-magara-heyati-yasayir\\\/#primaryimage\"},\"image\":{\"@id\":\"https:\\\/\\\/www.meydan.tv\\\/az\\\/article\\\/bacim-oglu-ile-birge-magara-heyati-yasayir\\\/#primaryimage\"},\"thumbnailUrl\":\"https:\\\/\\\/www.meydan.tv\\\/wp-content\\\/uploads\\\/n__zak__t_m__mm__dovan__n_evi.jpg\",\"datePublished\":\"2022-01-10T13:24:31+00:00\",\"dateModified\":\"2022-01-10T13:24:32+00:00\",\"breadcrumb\":{\"@id\":\"https:\\\/\\\/www.meydan.tv\\\/az\\\/article\\\/bacim-oglu-ile-birge-magara-heyati-yasayir\\\/#breadcrumb\"},\"inLanguage\":\"az\",\"potentialAction\":[{\"@type\":\"ReadAction\",\"target\":[\"https:\\\/\\\/www.meydan.tv\\\/az\\\/article\\\/bacim-oglu-ile-birge-magara-heyati-yasayir\\\/\"]}]},{\"@type\":\"ImageObject\",\"inLanguage\":\"az\",\"@id\":\"https:\\\/\\\/www.meydan.tv\\\/az\\\/article\\\/bacim-oglu-ile-birge-magara-heyati-yasayir\\\/#primaryimage\",\"url\":\"https:\\\/\\\/www.meydan.tv\\\/wp-content\\\/uploads\\\/n__zak__t_m__mm__dovan__n_evi.jpg\",\"contentUrl\":\"https:\\\/\\\/www.meydan.tv\\\/wp-content\\\/uploads\\\/n__zak__t_m__mm__dovan__n_evi.jpg\",\"width\":709,\"height\":392,\"caption\":\"M\u0259mm\u0259dovlar\u0131n ya\u015fad\u0131\u011f\u0131 ev, Foto: Meydan TV\"},{\"@type\":\"BreadcrumbList\",\"@id\":\"https:\\\/\\\/www.meydan.tv\\\/az\\\/article\\\/bacim-oglu-ile-birge-magara-heyati-yasayir\\\/#breadcrumb\",\"itemListElement\":[{\"@type\":\"ListItem\",\"position\":1,\"name\":\"Ana s\u0259hif\u0259\",\"item\":\"https:\\\/\\\/www.meydan.tv\\\/az\\\/\"},{\"@type\":\"ListItem\",\"position\":2,\"name\":\"B\u00f6lg\u0259\",\"item\":\"https:\\\/\\\/www.meydan.tv\\\/az\\\/section\\\/bolge\\\/\"},{\"@type\":\"ListItem\",\"position\":3,\"name\":\"\u201cBac\u0131m o\u011flu il\u0259 birg\u0259 ma\u011fara h\u0259yat\u0131 ya\u015fay\u0131r\u201d\"}]},{\"@type\":\"WebSite\",\"@id\":\"https:\\\/\\\/www.meydan.tv\\\/az\\\/#website\",\"url\":\"https:\\\/\\\/www.meydan.tv\\\/az\\\/\",\"name\":\"MEYDAN.TV\",\"description\":\"Meydan TV Az\u0259rbaycan\u0131n media m\u0259kan\u0131ndak\u0131 alternativ s\u0259sidir\",\"publisher\":{\"@id\":\"https:\\\/\\\/www.meydan.tv\\\/az\\\/#organization\"},\"potentialAction\":[{\"@type\":\"SearchAction\",\"target\":{\"@type\":\"EntryPoint\",\"urlTemplate\":\"https:\\\/\\\/www.meydan.tv\\\/az\\\/?s={search_term_string}\"},\"query-input\":{\"@type\":\"PropertyValueSpecification\",\"valueRequired\":true,\"valueName\":\"search_term_string\"}}],\"inLanguage\":\"az\"},{\"@type\":\"Organization\",\"@id\":\"https:\\\/\\\/www.meydan.tv\\\/az\\\/#organization\",\"name\":\"Meydan TV\",\"url\":\"https:\\\/\\\/www.meydan.tv\\\/az\\\/\",\"logo\":{\"@type\":\"ImageObject\",\"inLanguage\":\"az\",\"@id\":\"https:\\\/\\\/www.meydan.tv\\\/az\\\/#\\\/schema\\\/logo\\\/image\\\/\",\"url\":\"https:\\\/\\\/www.meydan.tv\\\/wp-content\\\/uploads\\\/2021\\\/07\\\/meydan-logo.svg\",\"contentUrl\":\"https:\\\/\\\/www.meydan.tv\\\/wp-content\\\/uploads\\\/2021\\\/07\\\/meydan-logo.svg\",\"width\":195,\"height\":46,\"caption\":\"Meydan TV\"},\"image\":{\"@id\":\"https:\\\/\\\/www.meydan.tv\\\/az\\\/#\\\/schema\\\/logo\\\/image\\\/\"}},{\"@type\":\"Person\",\"@id\":\"https:\\\/\\\/www.meydan.tv\\\/az\\\/#\\\/schema\\\/person\\\/9cdbecf90d17180ce1dfbd95b08dcf47\",\"name\":\"elli\",\"sameAs\":[\"https:\\\/\\\/x.com\\\/elli\"]}]}<\/script>\n<!-- \/ Yoast SEO plugin. -->","yoast_head_json":{"title":"\u201cBac\u0131m o\u011flu il\u0259 birg\u0259 ma\u011fara h\u0259yat\u0131 ya\u015fay\u0131r\u201d - MEYDAN.TV","robots":{"index":"index","follow":"follow","max-snippet":"max-snippet:-1","max-image-preview":"max-image-preview:large","max-video-preview":"max-video-preview:-1"},"canonical":"https:\/\/www.meydan.tv\/az\/article\/bacim-oglu-ile-birge-magara-heyati-yasayir\/","og_locale":"az_AZ","og_type":"article","og_title":"\u201cBac\u0131m o\u011flu il\u0259 birg\u0259 ma\u011fara h\u0259yat\u0131 ya\u015fay\u0131r\u201d - MEYDAN.TV","og_description":"\u015e\u0259ki sakini: \u201cBir d\u0259f\u0259 qar ya\u011fsa, bu iki n\u0259f\u0259rd\u0259n ibar\u0259t ... Davam\u0131","og_url":"https:\/\/www.meydan.tv\/az\/article\/bacim-oglu-ile-birge-magara-heyati-yasayir\/","og_site_name":"MEYDAN.TV","article_published_time":"2022-01-10T13:24:31+00:00","article_modified_time":"2022-01-10T13:24:32+00:00","og_image":[{"width":709,"height":392,"url":"https:\/\/www.meydan.tv\/wp-content\/uploads\/n__zak__t_m__mm__dovan__n_evi.jpg","type":"image\/jpeg"}],"author":"elli","twitter_card":"summary_large_image","twitter_creator":"@elli","schema":{"@context":"https:\/\/schema.org","@graph":[{"@type":"Article","@id":"https:\/\/www.meydan.tv\/az\/article\/bacim-oglu-ile-birge-magara-heyati-yasayir\/#article","isPartOf":{"@id":"https:\/\/www.meydan.tv\/az\/article\/bacim-oglu-ile-birge-magara-heyati-yasayir\/"},"author":{"name":"elli","@id":"https:\/\/www.meydan.tv\/az\/#\/schema\/person\/9cdbecf90d17180ce1dfbd95b08dcf47"},"headline":"\u201cBac\u0131m o\u011flu il\u0259 birg\u0259 ma\u011fara h\u0259yat\u0131 ya\u015fay\u0131r\u201d","datePublished":"2022-01-10T13:24:31+00:00","dateModified":"2022-01-10T13:24:32+00:00","mainEntityOfPage":{"@id":"https:\/\/www.meydan.tv\/az\/article\/bacim-oglu-ile-birge-magara-heyati-yasayir\/"},"wordCount":667,"publisher":{"@id":"https:\/\/www.meydan.tv\/az\/#organization"},"image":{"@id":"https:\/\/www.meydan.tv\/az\/article\/bacim-oglu-ile-birge-magara-heyati-yasayir\/#primaryimage"},"thumbnailUrl":"https:\/\/www.meydan.tv\/wp-content\/uploads\/n__zak__t_m__mm__dovan__n_evi.jpg","articleSection":["B\u00f6lg\u0259","T\u00f6vsiy\u0259","X\u0259b\u0259rl\u0259r"],"inLanguage":"az"},{"@type":"WebPage","@id":"https:\/\/www.meydan.tv\/az\/article\/bacim-oglu-ile-birge-magara-heyati-yasayir\/","url":"https:\/\/www.meydan.tv\/az\/article\/bacim-oglu-ile-birge-magara-heyati-yasayir\/","name":"\u201cBac\u0131m o\u011flu il\u0259 birg\u0259 ma\u011fara h\u0259yat\u0131 ya\u015fay\u0131r\u201d - MEYDAN.TV","isPartOf":{"@id":"https:\/\/www.meydan.tv\/az\/#website"},"primaryImageOfPage":{"@id":"https:\/\/www.meydan.tv\/az\/article\/bacim-oglu-ile-birge-magara-heyati-yasayir\/#primaryimage"},"image":{"@id":"https:\/\/www.meydan.tv\/az\/article\/bacim-oglu-ile-birge-magara-heyati-yasayir\/#primaryimage"},"thumbnailUrl":"https:\/\/www.meydan.tv\/wp-content\/uploads\/n__zak__t_m__mm__dovan__n_evi.jpg","datePublished":"2022-01-10T13:24:31+00:00","dateModified":"2022-01-10T13:24:32+00:00","breadcrumb":{"@id":"https:\/\/www.meydan.tv\/az\/article\/bacim-oglu-ile-birge-magara-heyati-yasayir\/#breadcrumb"},"inLanguage":"az","potentialAction":[{"@type":"ReadAction","target":["https:\/\/www.meydan.tv\/az\/article\/bacim-oglu-ile-birge-magara-heyati-yasayir\/"]}]},{"@type":"ImageObject","inLanguage":"az","@id":"https:\/\/www.meydan.tv\/az\/article\/bacim-oglu-ile-birge-magara-heyati-yasayir\/#primaryimage","url":"https:\/\/www.meydan.tv\/wp-content\/uploads\/n__zak__t_m__mm__dovan__n_evi.jpg","contentUrl":"https:\/\/www.meydan.tv\/wp-content\/uploads\/n__zak__t_m__mm__dovan__n_evi.jpg","width":709,"height":392,"caption":"M\u0259mm\u0259dovlar\u0131n ya\u015fad\u0131\u011f\u0131 ev, Foto: Meydan TV"},{"@type":"BreadcrumbList","@id":"https:\/\/www.meydan.tv\/az\/article\/bacim-oglu-ile-birge-magara-heyati-yasayir\/#breadcrumb","itemListElement":[{"@type":"ListItem","position":1,"name":"Ana s\u0259hif\u0259","item":"https:\/\/www.meydan.tv\/az\/"},{"@type":"ListItem","position":2,"name":"B\u00f6lg\u0259","item":"https:\/\/www.meydan.tv\/az\/section\/bolge\/"},{"@type":"ListItem","position":3,"name":"\u201cBac\u0131m o\u011flu il\u0259 birg\u0259 ma\u011fara h\u0259yat\u0131 ya\u015fay\u0131r\u201d"}]},{"@type":"WebSite","@id":"https:\/\/www.meydan.tv\/az\/#website","url":"https:\/\/www.meydan.tv\/az\/","name":"MEYDAN.TV","description":"Meydan TV Az\u0259rbaycan\u0131n media m\u0259kan\u0131ndak\u0131 alternativ s\u0259sidir","publisher":{"@id":"https:\/\/www.meydan.tv\/az\/#organization"},"potentialAction":[{"@type":"SearchAction","target":{"@type":"EntryPoint","urlTemplate":"https:\/\/www.meydan.tv\/az\/?s={search_term_string}"},"query-input":{"@type":"PropertyValueSpecification","valueRequired":true,"valueName":"search_term_string"}}],"inLanguage":"az"},{"@type":"Organization","@id":"https:\/\/www.meydan.tv\/az\/#organization","name":"Meydan TV","url":"https:\/\/www.meydan.tv\/az\/","logo":{"@type":"ImageObject","inLanguage":"az","@id":"https:\/\/www.meydan.tv\/az\/#\/schema\/logo\/image\/","url":"https:\/\/www.meydan.tv\/wp-content\/uploads\/2021\/07\/meydan-logo.svg","contentUrl":"https:\/\/www.meydan.tv\/wp-content\/uploads\/2021\/07\/meydan-logo.svg","width":195,"height":46,"caption":"Meydan TV"},"image":{"@id":"https:\/\/www.meydan.tv\/az\/#\/schema\/logo\/image\/"}},{"@type":"Person","@id":"https:\/\/www.meydan.tv\/az\/#\/schema\/person\/9cdbecf90d17180ce1dfbd95b08dcf47","name":"elli","sameAs":["https:\/\/x.com\/elli"]}]}},"_links":{"self":[{"href":"https:\/\/www.meydan.tv\/az\/wp-json\/wp\/v2\/posts\/231298","targetHints":{"allow":["GET"]}}],"collection":[{"href":"https:\/\/www.meydan.tv\/az\/wp-json\/wp\/v2\/posts"}],"about":[{"href":"https:\/\/www.meydan.tv\/az\/wp-json\/wp\/v2\/types\/post"}],"author":[{"embeddable":true,"href":"https:\/\/www.meydan.tv\/az\/wp-json\/wp\/v2\/users\/8"}],"replies":[{"embeddable":true,"href":"https:\/\/www.meydan.tv\/az\/wp-json\/wp\/v2\/comments?post=231298"}],"version-history":[{"count":1,"href":"https:\/\/www.meydan.tv\/az\/wp-json\/wp\/v2\/posts\/231298\/revisions"}],"predecessor-version":[{"id":231299,"href":"https:\/\/www.meydan.tv\/az\/wp-json\/wp\/v2\/posts\/231298\/revisions\/231299"}],"wp:featuredmedia":[{"embeddable":true,"href":"https:\/\/www.meydan.tv\/az\/wp-json\/wp\/v2\/media\/231292"}],"wp:attachment":[{"href":"https:\/\/www.meydan.tv\/az\/wp-json\/wp\/v2\/media?parent=231298"}],"wp:term":[{"taxonomy":"category","embeddable":true,"href":"https:\/\/www.meydan.tv\/az\/wp-json\/wp\/v2\/categories?post=231298"},{"taxonomy":"post_tag","embeddable":true,"href":"https:\/\/www.meydan.tv\/az\/wp-json\/wp\/v2\/tags?post=231298"}],"curies":[{"name":"wp","href":"https:\/\/api.w.org\/{rel}","templated":true}]}}