{"id":231277,"date":"2022-01-10T16:56:16","date_gmt":"2022-01-10T12:56:16","guid":{"rendered":"https:\/\/www.meydan.tv\/?p=231277"},"modified":"2022-01-10T16:56:17","modified_gmt":"2022-01-10T12:56:17","slug":"sehiyye-nazirliyinin-eksperti-azerbaycanda-influenza-virusu-suretle-yayilir","status":"publish","type":"post","link":"https:\/\/www.meydan.tv\/az\/article\/sehiyye-nazirliyinin-eksperti-azerbaycanda-influenza-virusu-suretle-yayilir\/","title":{"rendered":"S\u0259hiyy\u0259 Nazirliyinin eksperti: &#8220;Az\u0259rbaycanda \u201cinfluenza\u201d virusu s\u00fcr\u0259tl\u0259 yay\u0131l\u0131r&#8221;"},"content":{"rendered":"\n<p><em>&#8220;X\u0259st\u0259lik 0-5 ya\u015f qrupu u\u015faqlara daha \u00e7ox t\u0259sir edir, a\u011f\u0131r bronxit\u0259 s\u0259b\u0259b olur&#8221;<\/em><br><\/p>\n\n\n\n<p>\u201cDekabr\u0131n \u0259vv\u0259lind\u0259n u\u015faqlar aras\u0131nda qripin \u201cinfluenza\u201d virusu s\u00fcr\u0259tl\u0259 yay\u0131l\u0131r. X\u0259st\u0259liy\u0259 yoluxma prosesi h\u0259l\u0259 d\u0259 davam edir. 0-5 ya\u015f qrupu u\u015faqlara daha \u00e7ox t\u0259sir edir. \u00c7ox a\u011f\u0131r bronxit\u0259 s\u0259b\u0259b olur\u201d.<br><\/p>\n\n\n\n<p>S\u0259hiyy\u0259 Nazirliyinin m\u00fct\u0259x\u0259ssis-eksperti \u018fkb\u0259r Quliyev bel\u0259 <a href=\"https:\/\/sehiyye.gov.az\/media\/xeberler-ve-yenilikler\/s-hiyy-nazirliyinin-mut-x-ssis-eksperti-kb-r-quliyev-hazirda-usaqlar-arasinda-covid-19-dan-daha-cox-qarsilasdigimiz-influenza\/\" target=\"_blank\" rel=\"noreferrer noopener\">deyib<\/a>.<\/p>\n\n\n\n<p>H\u0259kim bildirib ki, haz\u0131rda u\u015faqlar aras\u0131nda COVID-19-dan daha \u00e7ox rast g\u0259lin\u0259n virus \u201cinfluenza\u201dd\u0131r: <\/p>\n\n\n\n<p>\u201cVirus x\u0259st\u0259likl\u0259rinin m\u00fcalic\u0259si \u0259sas\u0259n simptomatik t\u0259yin edilir. H\u0259rar\u0259ti salan d\u0259rmanlar, bol maye q\u0259bulu t\u00f6vsiy\u0259 olunur. Ancaq risk qrupundak\u0131 u\u015faqlar v\u0259 risk qrupunda olmay\u0131b, amma x\u0259st\u0259liyin daha a\u011f\u0131r seyrinin g\u00f6r\u00fcld\u00fcy\u00fc x\u0259st\u0259l\u0259rd\u0259 qrip virusuna t\u0259sir ed\u0259n d\u0259rmanlar\u0131n istifad\u0259si g\u0259r\u0259kdir. X\u0259st\u0259liyin ilkin simptomlar\u0131nda m\u00fctl\u0259q h\u0259kim\u0259 m\u00fcraci\u0259t etm\u0259k laz\u0131md\u0131r\u201d.<br><\/p>\n\n\n\n<p>H\u0259kim COV\u0130D-19 infeksiyas\u0131n\u0131n u\u015faqlara t\u0259sirind\u0259n d\u0259 dan\u0131\u015f\u0131b.<br><\/p>\n\n\n\n<p>O bildirib ki, x\u0259r\u00e7\u0259ng, revmotoloji v\u0259 xroniki, h\u0259m\u00e7inin allergik bronxitd\u0259n \u0259ziyy\u0259t \u00e7\u0259k\u0259n u\u015faqlar y\u00fcks\u0259k risk qrupuna daxildir.<br>Onun s\u00f6zl\u0259rin\u0259 g\u00f6r\u0259, x\u0259st\u0259liyin qar\u015f\u0131s\u0131n\u0131 almaq \u00fc\u00e7\u00fcn gigiyenik qaydalara ciddi riay\u0259t olunmal\u0131, m\u00f6vs\u00fcmi qripd\u0259n qorunmaq \u00fc\u00e7\u00fcn peyv\u0259nd edilm\u0259lidir.<\/p>\n","protected":false},"excerpt":{"rendered":"<p>&#8220;X\u0259st\u0259lik 0-5 ya\u015f qrupu u\u015faqlara daha \u00e7ox t\u0259sir edir, a\u011f\u0131r &#8230; <\/p>\n<p class=\"read-more-container\"><a title=\"S\u0259hiyy\u0259 Nazirliyinin eksperti: &#8220;Az\u0259rbaycanda \u201cinfluenza\u201d virusu s\u00fcr\u0259tl\u0259 yay\u0131l\u0131r&#8221;\" class=\"read-more button\" href=\"https:\/\/www.meydan.tv\/az\/article\/sehiyye-nazirliyinin-eksperti-azerbaycanda-influenza-virusu-suretle-yayilir\/#more-231277\" aria-label=\"Read more about S\u0259hiyy\u0259 Nazirliyinin eksperti: &#8220;Az\u0259rbaycanda \u201cinfluenza\u201d virusu s\u00fcr\u0259tl\u0259 yay\u0131l\u0131r&#8221;\">Davam\u0131<\/a><\/p>\n","protected":false},"author":8,"featured_media":231278,"comment_status":"closed","ping_status":"closed","sticky":false,"template":"","format":"standard","meta":{"_acf_changed":false,"_sitemap_exclude":false,"_sitemap_priority":"","_sitemap_frequency":"","footnotes":""},"categories":[54,56],"tags":[],"class_list":["post-231277","post","type-post","status-publish","format-standard","has-post-thumbnail","hentry","category-sagliq","category-xeberler","infinite-scroll-item","generate-columns","tablet-grid-50","mobile-grid-100","grid-parent","grid-33","no-featured-image-padding"],"acf":[],"yoast_head":"<!-- This site is optimized with the Yoast SEO plugin v27.4 - https:\/\/yoast.com\/product\/yoast-seo-wordpress\/ -->\n<title>S\u0259hiyy\u0259 Nazirliyinin eksperti: &quot;Az\u0259rbaycanda \u201cinfluenza\u201d virusu s\u00fcr\u0259tl\u0259 yay\u0131l\u0131r&quot; - MEYDAN.TV<\/title>\n<meta name=\"robots\" content=\"index, follow, max-snippet:-1, max-image-preview:large, max-video-preview:-1\" \/>\n<link rel=\"canonical\" href=\"https:\/\/www.meydan.tv\/az\/article\/sehiyye-nazirliyinin-eksperti-azerbaycanda-influenza-virusu-suretle-yayilir\/\" \/>\n<meta property=\"og:locale\" content=\"az_AZ\" \/>\n<meta property=\"og:type\" content=\"article\" \/>\n<meta property=\"og:title\" content=\"S\u0259hiyy\u0259 Nazirliyinin eksperti: &quot;Az\u0259rbaycanda \u201cinfluenza\u201d virusu s\u00fcr\u0259tl\u0259 yay\u0131l\u0131r&quot; - MEYDAN.TV\" \/>\n<meta property=\"og:description\" content=\"&#8220;X\u0259st\u0259lik 0-5 ya\u015f qrupu u\u015faqlara daha \u00e7ox t\u0259sir edir, a\u011f\u0131r ... Davam\u0131\" \/>\n<meta property=\"og:url\" content=\"https:\/\/www.meydan.tv\/az\/article\/sehiyye-nazirliyinin-eksperti-azerbaycanda-influenza-virusu-suretle-yayilir\/\" \/>\n<meta property=\"og:site_name\" content=\"MEYDAN.TV\" \/>\n<meta property=\"article:published_time\" content=\"2022-01-10T12:56:16+00:00\" \/>\n<meta property=\"article:modified_time\" content=\"2022-01-10T12:56:17+00:00\" \/>\n<meta property=\"og:image\" content=\"https:\/\/www.meydan.tv\/wp-content\/uploads\/1641812285536666033_1000x669-e1641819090518.jpg\" \/>\n\t<meta property=\"og:image:width\" content=\"967\" \/>\n\t<meta property=\"og:image:height\" content=\"495\" \/>\n\t<meta property=\"og:image:type\" content=\"image\/jpeg\" \/>\n<meta name=\"author\" content=\"elli\" \/>\n<meta name=\"twitter:card\" content=\"summary_large_image\" \/>\n<meta name=\"twitter:creator\" content=\"@elli\" \/>\n<script type=\"application\/ld+json\" class=\"yoast-schema-graph\">{\"@context\":\"https:\\\/\\\/schema.org\",\"@graph\":[{\"@type\":\"Article\",\"@id\":\"https:\\\/\\\/www.meydan.tv\\\/az\\\/article\\\/sehiyye-nazirliyinin-eksperti-azerbaycanda-influenza-virusu-suretle-yayilir\\\/#article\",\"isPartOf\":{\"@id\":\"https:\\\/\\\/www.meydan.tv\\\/az\\\/article\\\/sehiyye-nazirliyinin-eksperti-azerbaycanda-influenza-virusu-suretle-yayilir\\\/\"},\"author\":{\"name\":\"elli\",\"@id\":\"https:\\\/\\\/www.meydan.tv\\\/az\\\/#\\\/schema\\\/person\\\/9cdbecf90d17180ce1dfbd95b08dcf47\"},\"headline\":\"S\u0259hiyy\u0259 Nazirliyinin eksperti: &#8220;Az\u0259rbaycanda \u201cinfluenza\u201d virusu s\u00fcr\u0259tl\u0259 yay\u0131l\u0131r&#8221;\",\"datePublished\":\"2022-01-10T12:56:16+00:00\",\"dateModified\":\"2022-01-10T12:56:17+00:00\",\"mainEntityOfPage\":{\"@id\":\"https:\\\/\\\/www.meydan.tv\\\/az\\\/article\\\/sehiyye-nazirliyinin-eksperti-azerbaycanda-influenza-virusu-suretle-yayilir\\\/\"},\"wordCount\":273,\"publisher\":{\"@id\":\"https:\\\/\\\/www.meydan.tv\\\/az\\\/#organization\"},\"image\":{\"@id\":\"https:\\\/\\\/www.meydan.tv\\\/az\\\/article\\\/sehiyye-nazirliyinin-eksperti-azerbaycanda-influenza-virusu-suretle-yayilir\\\/#primaryimage\"},\"thumbnailUrl\":\"https:\\\/\\\/www.meydan.tv\\\/wp-content\\\/uploads\\\/1641812285536666033_1000x669-e1641819090518.jpg\",\"articleSection\":[\"Sa\u011fl\u0131q\",\"X\u0259b\u0259rl\u0259r\"],\"inLanguage\":\"az\"},{\"@type\":\"WebPage\",\"@id\":\"https:\\\/\\\/www.meydan.tv\\\/az\\\/article\\\/sehiyye-nazirliyinin-eksperti-azerbaycanda-influenza-virusu-suretle-yayilir\\\/\",\"url\":\"https:\\\/\\\/www.meydan.tv\\\/az\\\/article\\\/sehiyye-nazirliyinin-eksperti-azerbaycanda-influenza-virusu-suretle-yayilir\\\/\",\"name\":\"S\u0259hiyy\u0259 Nazirliyinin eksperti: \\\"Az\u0259rbaycanda \u201cinfluenza\u201d virusu s\u00fcr\u0259tl\u0259 yay\u0131l\u0131r\\\" - MEYDAN.TV\",\"isPartOf\":{\"@id\":\"https:\\\/\\\/www.meydan.tv\\\/az\\\/#website\"},\"primaryImageOfPage\":{\"@id\":\"https:\\\/\\\/www.meydan.tv\\\/az\\\/article\\\/sehiyye-nazirliyinin-eksperti-azerbaycanda-influenza-virusu-suretle-yayilir\\\/#primaryimage\"},\"image\":{\"@id\":\"https:\\\/\\\/www.meydan.tv\\\/az\\\/article\\\/sehiyye-nazirliyinin-eksperti-azerbaycanda-influenza-virusu-suretle-yayilir\\\/#primaryimage\"},\"thumbnailUrl\":\"https:\\\/\\\/www.meydan.tv\\\/wp-content\\\/uploads\\\/1641812285536666033_1000x669-e1641819090518.jpg\",\"datePublished\":\"2022-01-10T12:56:16+00:00\",\"dateModified\":\"2022-01-10T12:56:17+00:00\",\"breadcrumb\":{\"@id\":\"https:\\\/\\\/www.meydan.tv\\\/az\\\/article\\\/sehiyye-nazirliyinin-eksperti-azerbaycanda-influenza-virusu-suretle-yayilir\\\/#breadcrumb\"},\"inLanguage\":\"az\",\"potentialAction\":[{\"@type\":\"ReadAction\",\"target\":[\"https:\\\/\\\/www.meydan.tv\\\/az\\\/article\\\/sehiyye-nazirliyinin-eksperti-azerbaycanda-influenza-virusu-suretle-yayilir\\\/\"]}]},{\"@type\":\"ImageObject\",\"inLanguage\":\"az\",\"@id\":\"https:\\\/\\\/www.meydan.tv\\\/az\\\/article\\\/sehiyye-nazirliyinin-eksperti-azerbaycanda-influenza-virusu-suretle-yayilir\\\/#primaryimage\",\"url\":\"https:\\\/\\\/www.meydan.tv\\\/wp-content\\\/uploads\\\/1641812285536666033_1000x669-e1641819090518.jpg\",\"contentUrl\":\"https:\\\/\\\/www.meydan.tv\\\/wp-content\\\/uploads\\\/1641812285536666033_1000x669-e1641819090518.jpg\",\"width\":967,\"height\":495,\"caption\":\"\u018fkb\u0259r Quliyev, Foto: Az\u0259rtac\"},{\"@type\":\"BreadcrumbList\",\"@id\":\"https:\\\/\\\/www.meydan.tv\\\/az\\\/article\\\/sehiyye-nazirliyinin-eksperti-azerbaycanda-influenza-virusu-suretle-yayilir\\\/#breadcrumb\",\"itemListElement\":[{\"@type\":\"ListItem\",\"position\":1,\"name\":\"Ana s\u0259hif\u0259\",\"item\":\"https:\\\/\\\/www.meydan.tv\\\/az\\\/\"},{\"@type\":\"ListItem\",\"position\":2,\"name\":\"Sa\u011fl\u0131q\",\"item\":\"https:\\\/\\\/www.meydan.tv\\\/az\\\/section\\\/sagliq\\\/\"},{\"@type\":\"ListItem\",\"position\":3,\"name\":\"S\u0259hiyy\u0259 Nazirliyinin eksperti: &#8220;Az\u0259rbaycanda \u201cinfluenza\u201d virusu s\u00fcr\u0259tl\u0259 yay\u0131l\u0131r&#8221;\"}]},{\"@type\":\"WebSite\",\"@id\":\"https:\\\/\\\/www.meydan.tv\\\/az\\\/#website\",\"url\":\"https:\\\/\\\/www.meydan.tv\\\/az\\\/\",\"name\":\"MEYDAN.TV\",\"description\":\"Meydan TV Az\u0259rbaycan\u0131n media m\u0259kan\u0131ndak\u0131 alternativ s\u0259sidir\",\"publisher\":{\"@id\":\"https:\\\/\\\/www.meydan.tv\\\/az\\\/#organization\"},\"potentialAction\":[{\"@type\":\"SearchAction\",\"target\":{\"@type\":\"EntryPoint\",\"urlTemplate\":\"https:\\\/\\\/www.meydan.tv\\\/az\\\/?s={search_term_string}\"},\"query-input\":{\"@type\":\"PropertyValueSpecification\",\"valueRequired\":true,\"valueName\":\"search_term_string\"}}],\"inLanguage\":\"az\"},{\"@type\":\"Organization\",\"@id\":\"https:\\\/\\\/www.meydan.tv\\\/az\\\/#organization\",\"name\":\"Meydan TV\",\"url\":\"https:\\\/\\\/www.meydan.tv\\\/az\\\/\",\"logo\":{\"@type\":\"ImageObject\",\"inLanguage\":\"az\",\"@id\":\"https:\\\/\\\/www.meydan.tv\\\/az\\\/#\\\/schema\\\/logo\\\/image\\\/\",\"url\":\"https:\\\/\\\/www.meydan.tv\\\/wp-content\\\/uploads\\\/2021\\\/07\\\/meydan-logo.svg\",\"contentUrl\":\"https:\\\/\\\/www.meydan.tv\\\/wp-content\\\/uploads\\\/2021\\\/07\\\/meydan-logo.svg\",\"width\":195,\"height\":46,\"caption\":\"Meydan TV\"},\"image\":{\"@id\":\"https:\\\/\\\/www.meydan.tv\\\/az\\\/#\\\/schema\\\/logo\\\/image\\\/\"}},{\"@type\":\"Person\",\"@id\":\"https:\\\/\\\/www.meydan.tv\\\/az\\\/#\\\/schema\\\/person\\\/9cdbecf90d17180ce1dfbd95b08dcf47\",\"name\":\"elli\",\"sameAs\":[\"https:\\\/\\\/x.com\\\/elli\"]}]}<\/script>\n<!-- \/ Yoast SEO plugin. -->","yoast_head_json":{"title":"S\u0259hiyy\u0259 Nazirliyinin eksperti: \"Az\u0259rbaycanda \u201cinfluenza\u201d virusu s\u00fcr\u0259tl\u0259 yay\u0131l\u0131r\" - MEYDAN.TV","robots":{"index":"index","follow":"follow","max-snippet":"max-snippet:-1","max-image-preview":"max-image-preview:large","max-video-preview":"max-video-preview:-1"},"canonical":"https:\/\/www.meydan.tv\/az\/article\/sehiyye-nazirliyinin-eksperti-azerbaycanda-influenza-virusu-suretle-yayilir\/","og_locale":"az_AZ","og_type":"article","og_title":"S\u0259hiyy\u0259 Nazirliyinin eksperti: \"Az\u0259rbaycanda \u201cinfluenza\u201d virusu s\u00fcr\u0259tl\u0259 yay\u0131l\u0131r\" - MEYDAN.TV","og_description":"&#8220;X\u0259st\u0259lik 0-5 ya\u015f qrupu u\u015faqlara daha \u00e7ox t\u0259sir edir, a\u011f\u0131r ... Davam\u0131","og_url":"https:\/\/www.meydan.tv\/az\/article\/sehiyye-nazirliyinin-eksperti-azerbaycanda-influenza-virusu-suretle-yayilir\/","og_site_name":"MEYDAN.TV","article_published_time":"2022-01-10T12:56:16+00:00","article_modified_time":"2022-01-10T12:56:17+00:00","og_image":[{"width":967,"height":495,"url":"https:\/\/www.meydan.tv\/wp-content\/uploads\/1641812285536666033_1000x669-e1641819090518.jpg","type":"image\/jpeg"}],"author":"elli","twitter_card":"summary_large_image","twitter_creator":"@elli","schema":{"@context":"https:\/\/schema.org","@graph":[{"@type":"Article","@id":"https:\/\/www.meydan.tv\/az\/article\/sehiyye-nazirliyinin-eksperti-azerbaycanda-influenza-virusu-suretle-yayilir\/#article","isPartOf":{"@id":"https:\/\/www.meydan.tv\/az\/article\/sehiyye-nazirliyinin-eksperti-azerbaycanda-influenza-virusu-suretle-yayilir\/"},"author":{"name":"elli","@id":"https:\/\/www.meydan.tv\/az\/#\/schema\/person\/9cdbecf90d17180ce1dfbd95b08dcf47"},"headline":"S\u0259hiyy\u0259 Nazirliyinin eksperti: &#8220;Az\u0259rbaycanda \u201cinfluenza\u201d virusu s\u00fcr\u0259tl\u0259 yay\u0131l\u0131r&#8221;","datePublished":"2022-01-10T12:56:16+00:00","dateModified":"2022-01-10T12:56:17+00:00","mainEntityOfPage":{"@id":"https:\/\/www.meydan.tv\/az\/article\/sehiyye-nazirliyinin-eksperti-azerbaycanda-influenza-virusu-suretle-yayilir\/"},"wordCount":273,"publisher":{"@id":"https:\/\/www.meydan.tv\/az\/#organization"},"image":{"@id":"https:\/\/www.meydan.tv\/az\/article\/sehiyye-nazirliyinin-eksperti-azerbaycanda-influenza-virusu-suretle-yayilir\/#primaryimage"},"thumbnailUrl":"https:\/\/www.meydan.tv\/wp-content\/uploads\/1641812285536666033_1000x669-e1641819090518.jpg","articleSection":["Sa\u011fl\u0131q","X\u0259b\u0259rl\u0259r"],"inLanguage":"az"},{"@type":"WebPage","@id":"https:\/\/www.meydan.tv\/az\/article\/sehiyye-nazirliyinin-eksperti-azerbaycanda-influenza-virusu-suretle-yayilir\/","url":"https:\/\/www.meydan.tv\/az\/article\/sehiyye-nazirliyinin-eksperti-azerbaycanda-influenza-virusu-suretle-yayilir\/","name":"S\u0259hiyy\u0259 Nazirliyinin eksperti: \"Az\u0259rbaycanda \u201cinfluenza\u201d virusu s\u00fcr\u0259tl\u0259 yay\u0131l\u0131r\" - MEYDAN.TV","isPartOf":{"@id":"https:\/\/www.meydan.tv\/az\/#website"},"primaryImageOfPage":{"@id":"https:\/\/www.meydan.tv\/az\/article\/sehiyye-nazirliyinin-eksperti-azerbaycanda-influenza-virusu-suretle-yayilir\/#primaryimage"},"image":{"@id":"https:\/\/www.meydan.tv\/az\/article\/sehiyye-nazirliyinin-eksperti-azerbaycanda-influenza-virusu-suretle-yayilir\/#primaryimage"},"thumbnailUrl":"https:\/\/www.meydan.tv\/wp-content\/uploads\/1641812285536666033_1000x669-e1641819090518.jpg","datePublished":"2022-01-10T12:56:16+00:00","dateModified":"2022-01-10T12:56:17+00:00","breadcrumb":{"@id":"https:\/\/www.meydan.tv\/az\/article\/sehiyye-nazirliyinin-eksperti-azerbaycanda-influenza-virusu-suretle-yayilir\/#breadcrumb"},"inLanguage":"az","potentialAction":[{"@type":"ReadAction","target":["https:\/\/www.meydan.tv\/az\/article\/sehiyye-nazirliyinin-eksperti-azerbaycanda-influenza-virusu-suretle-yayilir\/"]}]},{"@type":"ImageObject","inLanguage":"az","@id":"https:\/\/www.meydan.tv\/az\/article\/sehiyye-nazirliyinin-eksperti-azerbaycanda-influenza-virusu-suretle-yayilir\/#primaryimage","url":"https:\/\/www.meydan.tv\/wp-content\/uploads\/1641812285536666033_1000x669-e1641819090518.jpg","contentUrl":"https:\/\/www.meydan.tv\/wp-content\/uploads\/1641812285536666033_1000x669-e1641819090518.jpg","width":967,"height":495,"caption":"\u018fkb\u0259r Quliyev, Foto: Az\u0259rtac"},{"@type":"BreadcrumbList","@id":"https:\/\/www.meydan.tv\/az\/article\/sehiyye-nazirliyinin-eksperti-azerbaycanda-influenza-virusu-suretle-yayilir\/#breadcrumb","itemListElement":[{"@type":"ListItem","position":1,"name":"Ana s\u0259hif\u0259","item":"https:\/\/www.meydan.tv\/az\/"},{"@type":"ListItem","position":2,"name":"Sa\u011fl\u0131q","item":"https:\/\/www.meydan.tv\/az\/section\/sagliq\/"},{"@type":"ListItem","position":3,"name":"S\u0259hiyy\u0259 Nazirliyinin eksperti: &#8220;Az\u0259rbaycanda \u201cinfluenza\u201d virusu s\u00fcr\u0259tl\u0259 yay\u0131l\u0131r&#8221;"}]},{"@type":"WebSite","@id":"https:\/\/www.meydan.tv\/az\/#website","url":"https:\/\/www.meydan.tv\/az\/","name":"MEYDAN.TV","description":"Meydan TV Az\u0259rbaycan\u0131n media m\u0259kan\u0131ndak\u0131 alternativ s\u0259sidir","publisher":{"@id":"https:\/\/www.meydan.tv\/az\/#organization"},"potentialAction":[{"@type":"SearchAction","target":{"@type":"EntryPoint","urlTemplate":"https:\/\/www.meydan.tv\/az\/?s={search_term_string}"},"query-input":{"@type":"PropertyValueSpecification","valueRequired":true,"valueName":"search_term_string"}}],"inLanguage":"az"},{"@type":"Organization","@id":"https:\/\/www.meydan.tv\/az\/#organization","name":"Meydan TV","url":"https:\/\/www.meydan.tv\/az\/","logo":{"@type":"ImageObject","inLanguage":"az","@id":"https:\/\/www.meydan.tv\/az\/#\/schema\/logo\/image\/","url":"https:\/\/www.meydan.tv\/wp-content\/uploads\/2021\/07\/meydan-logo.svg","contentUrl":"https:\/\/www.meydan.tv\/wp-content\/uploads\/2021\/07\/meydan-logo.svg","width":195,"height":46,"caption":"Meydan TV"},"image":{"@id":"https:\/\/www.meydan.tv\/az\/#\/schema\/logo\/image\/"}},{"@type":"Person","@id":"https:\/\/www.meydan.tv\/az\/#\/schema\/person\/9cdbecf90d17180ce1dfbd95b08dcf47","name":"elli","sameAs":["https:\/\/x.com\/elli"]}]}},"_links":{"self":[{"href":"https:\/\/www.meydan.tv\/az\/wp-json\/wp\/v2\/posts\/231277","targetHints":{"allow":["GET"]}}],"collection":[{"href":"https:\/\/www.meydan.tv\/az\/wp-json\/wp\/v2\/posts"}],"about":[{"href":"https:\/\/www.meydan.tv\/az\/wp-json\/wp\/v2\/types\/post"}],"author":[{"embeddable":true,"href":"https:\/\/www.meydan.tv\/az\/wp-json\/wp\/v2\/users\/8"}],"replies":[{"embeddable":true,"href":"https:\/\/www.meydan.tv\/az\/wp-json\/wp\/v2\/comments?post=231277"}],"version-history":[{"count":1,"href":"https:\/\/www.meydan.tv\/az\/wp-json\/wp\/v2\/posts\/231277\/revisions"}],"predecessor-version":[{"id":231281,"href":"https:\/\/www.meydan.tv\/az\/wp-json\/wp\/v2\/posts\/231277\/revisions\/231281"}],"wp:featuredmedia":[{"embeddable":true,"href":"https:\/\/www.meydan.tv\/az\/wp-json\/wp\/v2\/media\/231278"}],"wp:attachment":[{"href":"https:\/\/www.meydan.tv\/az\/wp-json\/wp\/v2\/media?parent=231277"}],"wp:term":[{"taxonomy":"category","embeddable":true,"href":"https:\/\/www.meydan.tv\/az\/wp-json\/wp\/v2\/categories?post=231277"},{"taxonomy":"post_tag","embeddable":true,"href":"https:\/\/www.meydan.tv\/az\/wp-json\/wp\/v2\/tags?post=231277"}],"curies":[{"name":"wp","href":"https:\/\/api.w.org\/{rel}","templated":true}]}}