{"id":231188,"date":"2022-01-07T19:03:38","date_gmt":"2022-01-07T15:03:38","guid":{"rendered":"https:\/\/www.meydan.tv\/?p=231188"},"modified":"2022-01-07T20:33:48","modified_gmt":"2022-01-07T16:33:48","slug":"genc-feal-ozunu-prezident-administrasiyasinin-qarsisinda-yandirmaq-istedi","status":"publish","type":"post","link":"https:\/\/www.meydan.tv\/az\/article\/genc-feal-ozunu-prezident-administrasiyasinin-qarsisinda-yandirmaq-istedi\/","title":{"rendered":"G\u0259nc f\u0259al \u00f6z\u00fcn\u00fc Prezident Administrasiyas\u0131n\u0131n qar\u015f\u0131s\u0131nda yand\u0131rmaq ist\u0259di (yenil\u0259nib)"},"content":{"rendered":"\n<p><\/p>\n\n\n\n<p>***<\/p>\n\n\n\n<p><strong>20.33.<\/strong> <em>Qiyas \u0130brahimov 9-cu Polis B\u00f6lm\u0259sind\u0259n \u00e7\u0131xar\u0131laraq Nizami Rayon Polis \u0130dar\u0259sin\u0259 apar\u0131l\u0131b. Bir m\u00fcdd\u0259t sonra s\u0259rb\u0259st burax\u0131l\u0131b.<\/em><\/p>\n\n\n\n<p>***<\/p>\n\n\n\n<p><em>Qiyas \u0130brahimov 9-cu Polis b\u00f6lm\u0259sin\u0259 apar\u0131l\u0131b<\/em><\/p>\n\n\n\n<p>G\u0259nc f\u0259al Qiyas \u0130brahimov yanvar\u0131n 7-d\u0259 Prezident Administrasiyas\u0131 \u00f6n\u00fcnd\u0259 etiraz aksiyas\u0131 ke\u00e7irib.<\/p>\n\n\n\n<p>S\u0259b\u0259b onun \u015fikay\u0259ti il\u0259 ba\u011fl\u0131 Avropa \u0130nsan H\u00fcquqlar\u0131 M\u0259hk\u0259m\u0259sinin (A\u0130HM) t\u0259yin etdiyi kompensasiyan\u0131 Az\u0259rbaycan h\u00f6kum\u0259tinin \u00f6d\u0259m\u0259m\u0259sidir.<\/p>\n\n\n\n<p>Qiyas \u0130brahimov bildirib ki, d\u0259f\u0259l\u0259rl\u0259 aidiyyat\u0131 qurumlara m\u00fcraci\u0259t edib.<\/p>\n\n\n\n<p>Onlara deyib ki, kompensasiyas\u0131n\u0131n \u00f6d\u0259nilm\u0259m\u0259si hal\u0131nda etiraz ed\u0259c\u0259k: \u201cD\u0259f\u0259l\u0259rl\u0259 m\u00fcraci\u0259t etmi\u015f\u0259m, baxm\u0131rlar. \u00c7ingiz \u018fsg\u0259rov \u00fcmumiyy\u0259tl\u0259, cavab vermir\u201d.<\/p>\n\n\n\n<p>Aktivist Prezident Administrasiyas\u0131n\u0131n pill\u0259k\u0259nl\u0259rind\u0259 \u00fcz\u0259rin\u0259 benzin t\u00f6k\u00fcb.<\/p>\n\n\n\n<p>Administrasiyan\u0131n \u00f6n\u00fcnd\u0259ki polisl\u0259r onun \u00f6z\u00fcn\u00fc yand\u0131rmas\u0131na mane olublar.<\/p>\n\n\n\n<p>Aktivist\u0259 g\u00fcc t\u0259tbiq edilib v\u0259 o, 9-cu Polis b\u00f6lm\u0259sin\u0259 apar\u0131l\u0131b.<\/p>\n\n\n\n<p>Polis hadis\u0259ni i\u015f\u0131qland\u0131ran jurnalistl\u0259r\u0259 d\u0259 h\u00fccum edib.<\/p>\n\n\n\n<p>Hadis\u0259ni i\u015f\u0131qland\u0131ran Meydan TV-nin canl\u0131 yay\u0131m\u0131 yar\u0131m\u00e7\u0131q k\u0259silib, jurnalistin telefonu \u0259lind\u0259n al\u0131n\u0131b.<\/p>\n\n\n\n<p>Hadis\u0259 yerind\u0259 olan Meydan TV \u0259m\u0259kda\u015f\u0131n\u0131n dediyin\u0259 g\u00f6r\u0259, Qiyas \u0130brahimov v\u0259 hadis\u0259ni i\u015f\u0131qland\u0131ran jurnalistl\u0259rd\u0259n \u018fl\u0259kb\u0259r Azayev saxlan\u0131l\u0131b.<\/p>\n\n\n\n<p>Meydan TV hadis\u0259 il\u0259 ba\u011fl\u0131 Daxili \u0130\u015fl\u0259r Nazirliyind\u0259n (D\u0130N) m\u0259lumat ala bilm\u0259yib.<\/p>\n\n\n\n<p>Avropa \u0130nsan H\u00fcquqlar\u0131 M\u0259hk\u0259m\u0259si 2020-ci il&nbsp; fevral\u0131n 13-d\u0259 g\u0259nc f\u0259allar Qiyas \u0130brahimov v\u0259 Bayram M\u0259mm\u0259dovun i\u015fi il\u0259 ba\u011fl\u0131 q\u0259rar\u0131n\u0131 elan edib.<\/p>\n\n\n\n<p>Q\u0259rar Qiyas \u0130brahimov v\u0259 Bayram M\u0259mm\u0259dovun h\u0259bs zaman\u0131 i\u015fg\u0259nc\u0259l\u0259r\u0259 m\u0259ruz qalmas\u0131 v\u0259 bar\u0259l\u0259rind\u0259 h\u0259bs-q\u0259timkan t\u0259dbirin \u00e7\u0131xar\u0131lmas\u0131 il\u0259 ba\u011fl\u0131d\u0131r.<\/p>\n\n\n\n<p>M\u0259hk\u0259m\u0259 Konvensiyan\u0131n 3-c\u00fc madd\u0259sinin pozuntusunu, y\u0259ni i\u015fg\u0259nc\u0259y\u0259 m\u0259ruz qalmamaq h\u00fcququnun pozuldu\u011fu tan\u0131y\u0131b. H\u0259m\u00e7inin onlara m\u00fcnasib\u0259td\u0259 Konvensiyan\u0131n 5-ci madd\u0259sinin 1-ci, 3-c\u00fc v\u0259 4-c\u00fc (azadl\u0131q v\u0259 toxunulmazl\u0131q h\u00fcququ) b\u0259ndl\u0259rinin, h\u0259yata m\u00fcdaxil\u0259ni qada\u011fan ed\u0259n 8-ci madd\u0259sinin pozuntusu da tan\u0131n\u0131b.<\/p>\n\n\n\n<p>Q\u0259rara g\u00f6r\u0259, h\u00f6kum\u0259t m\u00fcdafi\u0259 x\u0259rcl\u0259ri il\u0259 birg\u0259 \u00fcmumilikd\u0259 Qiyas \u0130brahimov v\u0259 Bayram M\u0259mm\u0259dova 72 min avro t\u0259zminat \u00f6d\u0259m\u0259lidir.<\/p>\n\n\n\n<p>Bayram M\u0259mm\u0259dov dig\u0259r g\u0259nc f\u0259al Qiyas \u0130brahimovla birg\u0259 2016-c\u0131 il may\u0131n 10-da saxlan\u0131b.<\/p>\n\n\n\n<p>R\u0259smi qurumlar onlar\u0131 narkotik istifad\u0259 etm\u0259kd\u0259 ittiham edib.<\/p>\n\n\n\n<p>M\u0259hk\u0259m\u0259 qanunsuz narkotik madd\u0259 d\u00f6vriyy\u0259si ittiham\u0131n\u0131 t\u0259sdiql\u0259yib onlar\u0131n h\u0259r birini 10 il azadl\u0131qdan m\u0259hrum edib. Amma g\u0259ncl\u0259r m\u0259hk\u0259m\u0259d\u0259 narkotik ittiham\u0131n\u0131 q\u0259bul etm\u0259yibl\u0259r.<\/p>\n\n\n\n<p>Onlar\u0131n ke\u00e7mi\u015f prezident, indiki d\u00f6vl\u0259t ba\u015f\u00e7\u0131s\u0131 \u0130lham \u018fliyevin atas\u0131 Heyd\u0259r \u018fliyevin abid\u0259si \u00fcz\u0259rin\u0259 \u201cQul bayram\u0131n\u0131z m\u00fcbar\u0259k!\u201d \u015f\u00fcar\u0131 yaz\u0131lmas\u0131na g\u00f6r\u0259 h\u0259bs olunduqlar\u0131 bildirilirdi. Onlar\u0131n h\u0259r ikisi 2019-cu ilin mart\u0131nda imzalanan \u0259fv s\u0259r\u0259ncam\u0131 il\u0259 azadl\u0131\u011fa burax\u0131l\u0131blar.<\/p>\n\n\n\n<p>2021-ci il may\u0131n 2-d\u0259 \u0130stanbul d\u0259nizinin Kad\u0131k\u00f6y sahilind\u0259 az\u0259rbaycanl\u0131 aktivist Bayram M\u0259mm\u0259dovun c\u0259s\u0259di tap\u0131l\u0131b.<\/p>\n\n\n\n<p>T\u00fcrkiy\u0259 h\u00f6kum\u0259ti a\u00e7\u0131qlamalar\u0131nda bunun intihar oldu\u011funu bildirs\u0259 d\u0259, dostlar\u0131 v\u0259 yax\u0131nlar\u0131 bu ehtimala inanm\u0131r<\/p>\n","protected":false},"excerpt":{"rendered":"<p>*** 20.33. Qiyas \u0130brahimov 9-cu Polis B\u00f6lm\u0259sind\u0259n \u00e7\u0131xar\u0131laraq Nizami Rayon &#8230; <\/p>\n<p class=\"read-more-container\"><a title=\"G\u0259nc f\u0259al \u00f6z\u00fcn\u00fc Prezident Administrasiyas\u0131n\u0131n qar\u015f\u0131s\u0131nda yand\u0131rmaq ist\u0259di (yenil\u0259nib)\" class=\"read-more button\" href=\"https:\/\/www.meydan.tv\/az\/article\/genc-feal-ozunu-prezident-administrasiyasinin-qarsisinda-yandirmaq-istedi\/#more-231188\" aria-label=\"Read more about G\u0259nc f\u0259al \u00f6z\u00fcn\u00fc Prezident Administrasiyas\u0131n\u0131n qar\u015f\u0131s\u0131nda yand\u0131rmaq ist\u0259di (yenil\u0259nib)\">Davam\u0131<\/a><\/p>\n","protected":false},"author":8,"featured_media":231185,"comment_status":"closed","ping_status":"closed","sticky":false,"template":"","format":"standard","meta":{"_acf_changed":false,"_sitemap_exclude":false,"_sitemap_priority":"","_sitemap_frequency":"","footnotes":""},"categories":[59,79,56],"tags":[],"class_list":["post-231188","post","type-post","status-publish","format-standard","has-post-thumbnail","hentry","category-siyaset","category-featured","category-xeberler","infinite-scroll-item","generate-columns","tablet-grid-50","mobile-grid-100","grid-parent","grid-33","no-featured-image-padding"],"acf":[],"yoast_head":"<!-- This site is optimized with the Yoast SEO plugin v27.4 - https:\/\/yoast.com\/product\/yoast-seo-wordpress\/ -->\n<title>G\u0259nc f\u0259al \u00f6z\u00fcn\u00fc Prezident Administrasiyas\u0131n\u0131n qar\u015f\u0131s\u0131nda yand\u0131rmaq ist\u0259di (yenil\u0259nib) - MEYDAN.TV<\/title>\n<meta name=\"robots\" content=\"index, follow, max-snippet:-1, max-image-preview:large, max-video-preview:-1\" \/>\n<link rel=\"canonical\" href=\"https:\/\/www.meydan.tv\/az\/article\/genc-feal-ozunu-prezident-administrasiyasinin-qarsisinda-yandirmaq-istedi\/\" \/>\n<meta property=\"og:locale\" content=\"az_AZ\" \/>\n<meta property=\"og:type\" content=\"article\" \/>\n<meta property=\"og:title\" content=\"G\u0259nc f\u0259al \u00f6z\u00fcn\u00fc Prezident Administrasiyas\u0131n\u0131n qar\u015f\u0131s\u0131nda yand\u0131rmaq ist\u0259di (yenil\u0259nib) - MEYDAN.TV\" \/>\n<meta property=\"og:description\" content=\"*** 20.33. Qiyas \u0130brahimov 9-cu Polis B\u00f6lm\u0259sind\u0259n \u00e7\u0131xar\u0131laraq Nizami Rayon ... Davam\u0131\" \/>\n<meta property=\"og:url\" content=\"https:\/\/www.meydan.tv\/az\/article\/genc-feal-ozunu-prezident-administrasiyasinin-qarsisinda-yandirmaq-istedi\/\" \/>\n<meta property=\"og:site_name\" content=\"MEYDAN.TV\" \/>\n<meta property=\"article:published_time\" content=\"2022-01-07T15:03:38+00:00\" \/>\n<meta property=\"article:modified_time\" content=\"2022-01-07T16:33:48+00:00\" \/>\n<meta property=\"og:image\" content=\"https:\/\/www.meydan.tv\/wp-content\/uploads\/download-1.jpg\" \/>\n\t<meta property=\"og:image:width\" content=\"1280\" \/>\n\t<meta property=\"og:image:height\" content=\"720\" \/>\n\t<meta property=\"og:image:type\" content=\"image\/jpeg\" \/>\n<meta name=\"author\" content=\"elli\" \/>\n<meta name=\"twitter:card\" content=\"summary_large_image\" \/>\n<meta name=\"twitter:creator\" content=\"@elli\" \/>\n<script type=\"application\/ld+json\" class=\"yoast-schema-graph\">{\"@context\":\"https:\\\/\\\/schema.org\",\"@graph\":[{\"@type\":\"Article\",\"@id\":\"https:\\\/\\\/www.meydan.tv\\\/az\\\/article\\\/genc-feal-ozunu-prezident-administrasiyasinin-qarsisinda-yandirmaq-istedi\\\/#article\",\"isPartOf\":{\"@id\":\"https:\\\/\\\/www.meydan.tv\\\/az\\\/article\\\/genc-feal-ozunu-prezident-administrasiyasinin-qarsisinda-yandirmaq-istedi\\\/\"},\"author\":{\"name\":\"elli\",\"@id\":\"https:\\\/\\\/www.meydan.tv\\\/az\\\/#\\\/schema\\\/person\\\/9cdbecf90d17180ce1dfbd95b08dcf47\"},\"headline\":\"G\u0259nc f\u0259al \u00f6z\u00fcn\u00fc Prezident Administrasiyas\u0131n\u0131n qar\u015f\u0131s\u0131nda yand\u0131rmaq ist\u0259di (yenil\u0259nib)\",\"datePublished\":\"2022-01-07T15:03:38+00:00\",\"dateModified\":\"2022-01-07T16:33:48+00:00\",\"mainEntityOfPage\":{\"@id\":\"https:\\\/\\\/www.meydan.tv\\\/az\\\/article\\\/genc-feal-ozunu-prezident-administrasiyasinin-qarsisinda-yandirmaq-istedi\\\/\"},\"wordCount\":627,\"publisher\":{\"@id\":\"https:\\\/\\\/www.meydan.tv\\\/az\\\/#organization\"},\"image\":{\"@id\":\"https:\\\/\\\/www.meydan.tv\\\/az\\\/article\\\/genc-feal-ozunu-prezident-administrasiyasinin-qarsisinda-yandirmaq-istedi\\\/#primaryimage\"},\"thumbnailUrl\":\"https:\\\/\\\/www.meydan.tv\\\/wp-content\\\/uploads\\\/download-1.jpg\",\"articleSection\":[\"Siyas\u0259t\",\"T\u00f6vsiy\u0259\",\"X\u0259b\u0259rl\u0259r\"],\"inLanguage\":\"az\"},{\"@type\":\"WebPage\",\"@id\":\"https:\\\/\\\/www.meydan.tv\\\/az\\\/article\\\/genc-feal-ozunu-prezident-administrasiyasinin-qarsisinda-yandirmaq-istedi\\\/\",\"url\":\"https:\\\/\\\/www.meydan.tv\\\/az\\\/article\\\/genc-feal-ozunu-prezident-administrasiyasinin-qarsisinda-yandirmaq-istedi\\\/\",\"name\":\"G\u0259nc f\u0259al \u00f6z\u00fcn\u00fc Prezident Administrasiyas\u0131n\u0131n qar\u015f\u0131s\u0131nda yand\u0131rmaq ist\u0259di (yenil\u0259nib) - MEYDAN.TV\",\"isPartOf\":{\"@id\":\"https:\\\/\\\/www.meydan.tv\\\/az\\\/#website\"},\"primaryImageOfPage\":{\"@id\":\"https:\\\/\\\/www.meydan.tv\\\/az\\\/article\\\/genc-feal-ozunu-prezident-administrasiyasinin-qarsisinda-yandirmaq-istedi\\\/#primaryimage\"},\"image\":{\"@id\":\"https:\\\/\\\/www.meydan.tv\\\/az\\\/article\\\/genc-feal-ozunu-prezident-administrasiyasinin-qarsisinda-yandirmaq-istedi\\\/#primaryimage\"},\"thumbnailUrl\":\"https:\\\/\\\/www.meydan.tv\\\/wp-content\\\/uploads\\\/download-1.jpg\",\"datePublished\":\"2022-01-07T15:03:38+00:00\",\"dateModified\":\"2022-01-07T16:33:48+00:00\",\"breadcrumb\":{\"@id\":\"https:\\\/\\\/www.meydan.tv\\\/az\\\/article\\\/genc-feal-ozunu-prezident-administrasiyasinin-qarsisinda-yandirmaq-istedi\\\/#breadcrumb\"},\"inLanguage\":\"az\",\"potentialAction\":[{\"@type\":\"ReadAction\",\"target\":[\"https:\\\/\\\/www.meydan.tv\\\/az\\\/article\\\/genc-feal-ozunu-prezident-administrasiyasinin-qarsisinda-yandirmaq-istedi\\\/\"]}]},{\"@type\":\"ImageObject\",\"inLanguage\":\"az\",\"@id\":\"https:\\\/\\\/www.meydan.tv\\\/az\\\/article\\\/genc-feal-ozunu-prezident-administrasiyasinin-qarsisinda-yandirmaq-istedi\\\/#primaryimage\",\"url\":\"https:\\\/\\\/www.meydan.tv\\\/wp-content\\\/uploads\\\/download-1.jpg\",\"contentUrl\":\"https:\\\/\\\/www.meydan.tv\\\/wp-content\\\/uploads\\\/download-1.jpg\",\"width\":1280,\"height\":720,\"caption\":\"Qiyas \u0130brahimov, Foto: Meydan TV\"},{\"@type\":\"BreadcrumbList\",\"@id\":\"https:\\\/\\\/www.meydan.tv\\\/az\\\/article\\\/genc-feal-ozunu-prezident-administrasiyasinin-qarsisinda-yandirmaq-istedi\\\/#breadcrumb\",\"itemListElement\":[{\"@type\":\"ListItem\",\"position\":1,\"name\":\"Ana s\u0259hif\u0259\",\"item\":\"https:\\\/\\\/www.meydan.tv\\\/az\\\/\"},{\"@type\":\"ListItem\",\"position\":2,\"name\":\"Siyas\u0259t\",\"item\":\"https:\\\/\\\/www.meydan.tv\\\/az\\\/section\\\/siyaset\\\/\"},{\"@type\":\"ListItem\",\"position\":3,\"name\":\"G\u0259nc f\u0259al \u00f6z\u00fcn\u00fc Prezident Administrasiyas\u0131n\u0131n qar\u015f\u0131s\u0131nda yand\u0131rmaq ist\u0259di (yenil\u0259nib)\"}]},{\"@type\":\"WebSite\",\"@id\":\"https:\\\/\\\/www.meydan.tv\\\/az\\\/#website\",\"url\":\"https:\\\/\\\/www.meydan.tv\\\/az\\\/\",\"name\":\"MEYDAN.TV\",\"description\":\"Meydan TV Az\u0259rbaycan\u0131n media m\u0259kan\u0131ndak\u0131 alternativ s\u0259sidir\",\"publisher\":{\"@id\":\"https:\\\/\\\/www.meydan.tv\\\/az\\\/#organization\"},\"potentialAction\":[{\"@type\":\"SearchAction\",\"target\":{\"@type\":\"EntryPoint\",\"urlTemplate\":\"https:\\\/\\\/www.meydan.tv\\\/az\\\/?s={search_term_string}\"},\"query-input\":{\"@type\":\"PropertyValueSpecification\",\"valueRequired\":true,\"valueName\":\"search_term_string\"}}],\"inLanguage\":\"az\"},{\"@type\":\"Organization\",\"@id\":\"https:\\\/\\\/www.meydan.tv\\\/az\\\/#organization\",\"name\":\"Meydan TV\",\"url\":\"https:\\\/\\\/www.meydan.tv\\\/az\\\/\",\"logo\":{\"@type\":\"ImageObject\",\"inLanguage\":\"az\",\"@id\":\"https:\\\/\\\/www.meydan.tv\\\/az\\\/#\\\/schema\\\/logo\\\/image\\\/\",\"url\":\"https:\\\/\\\/www.meydan.tv\\\/wp-content\\\/uploads\\\/2021\\\/07\\\/meydan-logo.svg\",\"contentUrl\":\"https:\\\/\\\/www.meydan.tv\\\/wp-content\\\/uploads\\\/2021\\\/07\\\/meydan-logo.svg\",\"width\":195,\"height\":46,\"caption\":\"Meydan TV\"},\"image\":{\"@id\":\"https:\\\/\\\/www.meydan.tv\\\/az\\\/#\\\/schema\\\/logo\\\/image\\\/\"}},{\"@type\":\"Person\",\"@id\":\"https:\\\/\\\/www.meydan.tv\\\/az\\\/#\\\/schema\\\/person\\\/9cdbecf90d17180ce1dfbd95b08dcf47\",\"name\":\"elli\",\"sameAs\":[\"https:\\\/\\\/x.com\\\/elli\"]}]}<\/script>\n<!-- \/ Yoast SEO plugin. -->","yoast_head_json":{"title":"G\u0259nc f\u0259al \u00f6z\u00fcn\u00fc Prezident Administrasiyas\u0131n\u0131n qar\u015f\u0131s\u0131nda yand\u0131rmaq ist\u0259di (yenil\u0259nib) - MEYDAN.TV","robots":{"index":"index","follow":"follow","max-snippet":"max-snippet:-1","max-image-preview":"max-image-preview:large","max-video-preview":"max-video-preview:-1"},"canonical":"https:\/\/www.meydan.tv\/az\/article\/genc-feal-ozunu-prezident-administrasiyasinin-qarsisinda-yandirmaq-istedi\/","og_locale":"az_AZ","og_type":"article","og_title":"G\u0259nc f\u0259al \u00f6z\u00fcn\u00fc Prezident Administrasiyas\u0131n\u0131n qar\u015f\u0131s\u0131nda yand\u0131rmaq ist\u0259di (yenil\u0259nib) - MEYDAN.TV","og_description":"*** 20.33. Qiyas \u0130brahimov 9-cu Polis B\u00f6lm\u0259sind\u0259n \u00e7\u0131xar\u0131laraq Nizami Rayon ... Davam\u0131","og_url":"https:\/\/www.meydan.tv\/az\/article\/genc-feal-ozunu-prezident-administrasiyasinin-qarsisinda-yandirmaq-istedi\/","og_site_name":"MEYDAN.TV","article_published_time":"2022-01-07T15:03:38+00:00","article_modified_time":"2022-01-07T16:33:48+00:00","og_image":[{"width":1280,"height":720,"url":"https:\/\/www.meydan.tv\/wp-content\/uploads\/download-1.jpg","type":"image\/jpeg"}],"author":"elli","twitter_card":"summary_large_image","twitter_creator":"@elli","schema":{"@context":"https:\/\/schema.org","@graph":[{"@type":"Article","@id":"https:\/\/www.meydan.tv\/az\/article\/genc-feal-ozunu-prezident-administrasiyasinin-qarsisinda-yandirmaq-istedi\/#article","isPartOf":{"@id":"https:\/\/www.meydan.tv\/az\/article\/genc-feal-ozunu-prezident-administrasiyasinin-qarsisinda-yandirmaq-istedi\/"},"author":{"name":"elli","@id":"https:\/\/www.meydan.tv\/az\/#\/schema\/person\/9cdbecf90d17180ce1dfbd95b08dcf47"},"headline":"G\u0259nc f\u0259al \u00f6z\u00fcn\u00fc Prezident Administrasiyas\u0131n\u0131n qar\u015f\u0131s\u0131nda yand\u0131rmaq ist\u0259di (yenil\u0259nib)","datePublished":"2022-01-07T15:03:38+00:00","dateModified":"2022-01-07T16:33:48+00:00","mainEntityOfPage":{"@id":"https:\/\/www.meydan.tv\/az\/article\/genc-feal-ozunu-prezident-administrasiyasinin-qarsisinda-yandirmaq-istedi\/"},"wordCount":627,"publisher":{"@id":"https:\/\/www.meydan.tv\/az\/#organization"},"image":{"@id":"https:\/\/www.meydan.tv\/az\/article\/genc-feal-ozunu-prezident-administrasiyasinin-qarsisinda-yandirmaq-istedi\/#primaryimage"},"thumbnailUrl":"https:\/\/www.meydan.tv\/wp-content\/uploads\/download-1.jpg","articleSection":["Siyas\u0259t","T\u00f6vsiy\u0259","X\u0259b\u0259rl\u0259r"],"inLanguage":"az"},{"@type":"WebPage","@id":"https:\/\/www.meydan.tv\/az\/article\/genc-feal-ozunu-prezident-administrasiyasinin-qarsisinda-yandirmaq-istedi\/","url":"https:\/\/www.meydan.tv\/az\/article\/genc-feal-ozunu-prezident-administrasiyasinin-qarsisinda-yandirmaq-istedi\/","name":"G\u0259nc f\u0259al \u00f6z\u00fcn\u00fc Prezident Administrasiyas\u0131n\u0131n qar\u015f\u0131s\u0131nda yand\u0131rmaq ist\u0259di (yenil\u0259nib) - MEYDAN.TV","isPartOf":{"@id":"https:\/\/www.meydan.tv\/az\/#website"},"primaryImageOfPage":{"@id":"https:\/\/www.meydan.tv\/az\/article\/genc-feal-ozunu-prezident-administrasiyasinin-qarsisinda-yandirmaq-istedi\/#primaryimage"},"image":{"@id":"https:\/\/www.meydan.tv\/az\/article\/genc-feal-ozunu-prezident-administrasiyasinin-qarsisinda-yandirmaq-istedi\/#primaryimage"},"thumbnailUrl":"https:\/\/www.meydan.tv\/wp-content\/uploads\/download-1.jpg","datePublished":"2022-01-07T15:03:38+00:00","dateModified":"2022-01-07T16:33:48+00:00","breadcrumb":{"@id":"https:\/\/www.meydan.tv\/az\/article\/genc-feal-ozunu-prezident-administrasiyasinin-qarsisinda-yandirmaq-istedi\/#breadcrumb"},"inLanguage":"az","potentialAction":[{"@type":"ReadAction","target":["https:\/\/www.meydan.tv\/az\/article\/genc-feal-ozunu-prezident-administrasiyasinin-qarsisinda-yandirmaq-istedi\/"]}]},{"@type":"ImageObject","inLanguage":"az","@id":"https:\/\/www.meydan.tv\/az\/article\/genc-feal-ozunu-prezident-administrasiyasinin-qarsisinda-yandirmaq-istedi\/#primaryimage","url":"https:\/\/www.meydan.tv\/wp-content\/uploads\/download-1.jpg","contentUrl":"https:\/\/www.meydan.tv\/wp-content\/uploads\/download-1.jpg","width":1280,"height":720,"caption":"Qiyas \u0130brahimov, Foto: Meydan TV"},{"@type":"BreadcrumbList","@id":"https:\/\/www.meydan.tv\/az\/article\/genc-feal-ozunu-prezident-administrasiyasinin-qarsisinda-yandirmaq-istedi\/#breadcrumb","itemListElement":[{"@type":"ListItem","position":1,"name":"Ana s\u0259hif\u0259","item":"https:\/\/www.meydan.tv\/az\/"},{"@type":"ListItem","position":2,"name":"Siyas\u0259t","item":"https:\/\/www.meydan.tv\/az\/section\/siyaset\/"},{"@type":"ListItem","position":3,"name":"G\u0259nc f\u0259al \u00f6z\u00fcn\u00fc Prezident Administrasiyas\u0131n\u0131n qar\u015f\u0131s\u0131nda yand\u0131rmaq ist\u0259di (yenil\u0259nib)"}]},{"@type":"WebSite","@id":"https:\/\/www.meydan.tv\/az\/#website","url":"https:\/\/www.meydan.tv\/az\/","name":"MEYDAN.TV","description":"Meydan TV Az\u0259rbaycan\u0131n media m\u0259kan\u0131ndak\u0131 alternativ s\u0259sidir","publisher":{"@id":"https:\/\/www.meydan.tv\/az\/#organization"},"potentialAction":[{"@type":"SearchAction","target":{"@type":"EntryPoint","urlTemplate":"https:\/\/www.meydan.tv\/az\/?s={search_term_string}"},"query-input":{"@type":"PropertyValueSpecification","valueRequired":true,"valueName":"search_term_string"}}],"inLanguage":"az"},{"@type":"Organization","@id":"https:\/\/www.meydan.tv\/az\/#organization","name":"Meydan TV","url":"https:\/\/www.meydan.tv\/az\/","logo":{"@type":"ImageObject","inLanguage":"az","@id":"https:\/\/www.meydan.tv\/az\/#\/schema\/logo\/image\/","url":"https:\/\/www.meydan.tv\/wp-content\/uploads\/2021\/07\/meydan-logo.svg","contentUrl":"https:\/\/www.meydan.tv\/wp-content\/uploads\/2021\/07\/meydan-logo.svg","width":195,"height":46,"caption":"Meydan TV"},"image":{"@id":"https:\/\/www.meydan.tv\/az\/#\/schema\/logo\/image\/"}},{"@type":"Person","@id":"https:\/\/www.meydan.tv\/az\/#\/schema\/person\/9cdbecf90d17180ce1dfbd95b08dcf47","name":"elli","sameAs":["https:\/\/x.com\/elli"]}]}},"_links":{"self":[{"href":"https:\/\/www.meydan.tv\/az\/wp-json\/wp\/v2\/posts\/231188","targetHints":{"allow":["GET"]}}],"collection":[{"href":"https:\/\/www.meydan.tv\/az\/wp-json\/wp\/v2\/posts"}],"about":[{"href":"https:\/\/www.meydan.tv\/az\/wp-json\/wp\/v2\/types\/post"}],"author":[{"embeddable":true,"href":"https:\/\/www.meydan.tv\/az\/wp-json\/wp\/v2\/users\/8"}],"replies":[{"embeddable":true,"href":"https:\/\/www.meydan.tv\/az\/wp-json\/wp\/v2\/comments?post=231188"}],"version-history":[{"count":4,"href":"https:\/\/www.meydan.tv\/az\/wp-json\/wp\/v2\/posts\/231188\/revisions"}],"predecessor-version":[{"id":231214,"href":"https:\/\/www.meydan.tv\/az\/wp-json\/wp\/v2\/posts\/231188\/revisions\/231214"}],"wp:featuredmedia":[{"embeddable":true,"href":"https:\/\/www.meydan.tv\/az\/wp-json\/wp\/v2\/media\/231185"}],"wp:attachment":[{"href":"https:\/\/www.meydan.tv\/az\/wp-json\/wp\/v2\/media?parent=231188"}],"wp:term":[{"taxonomy":"category","embeddable":true,"href":"https:\/\/www.meydan.tv\/az\/wp-json\/wp\/v2\/categories?post=231188"},{"taxonomy":"post_tag","embeddable":true,"href":"https:\/\/www.meydan.tv\/az\/wp-json\/wp\/v2\/tags?post=231188"}],"curies":[{"name":"wp","href":"https:\/\/api.w.org\/{rel}","templated":true}]}}