{"id":231156,"date":"2022-01-07T15:51:15","date_gmt":"2022-01-07T11:51:15","guid":{"rendered":"https:\/\/www.meydan.tv\/?p=231156"},"modified":"2022-01-07T15:51:17","modified_gmt":"2022-01-07T11:51:17","slug":"heyat-yoldasi-hebsdeki-jurnalistin-acliga-basladigini-deyir","status":"publish","type":"post","link":"https:\/\/www.meydan.tv\/az\/article\/heyat-yoldasi-hebsdeki-jurnalistin-acliga-basladigini-deyir\/","title":{"rendered":"H\u0259yat yolda\u015f\u0131 h\u0259bsd\u0259ki jurnalistin acl\u0131\u011fa ba\u015flad\u0131\u011f\u0131n\u0131 deyir"},"content":{"rendered":"\n<p><em>\u201cPolad Aslanov i\u015fin\u0259 tezlikl\u0259 obyektiv bax\u0131l\u0131b, \u0259dal\u0259tli q\u0259rar \u00e7\u0131xar\u0131lmas\u0131n\u0131 t\u0259l\u0259b edir\u201d<br><\/em><\/p>\n\n\n\n<p>D\u00f6vl\u0259t\u0259 x\u0259yan\u0259t ittiham\u0131yla 16 il azadl\u0131qdan m\u0259hrum edil\u0259n \u201cxeberman.com\u201d sayt\u0131n\u0131n r\u0259hb\u0259ri Polad Aslanovun h\u0259bsd\u0259 acl\u0131q aksiyas\u0131na ba\u015flad\u0131\u011f\u0131 bildirilir. Bu bar\u0259d\u0259 Meydan TV-y\u0259 onun xan\u0131m\u0131 G\u00fclmir\u0259 Aslanova m\u0259lumat verib. Onun s\u00f6zl\u0259rin\u0259 g\u00f6r\u0259, h\u0259yat yolda\u015f\u0131 t\u0259qsirsiz oldu\u011funu bildirir v\u0259 i\u015fin\u0259 tezlikl\u0259 obyektiv bax\u0131l\u0131b, \u0259dal\u0259tli q\u0259rar \u00e7\u0131xar\u0131lmas\u0131n\u0131 t\u0259l\u0259b edir.<br><\/p>\n\n\n\n<p>G\u00fclmir\u0259 Aslanovan\u0131n s\u00f6zl\u0259rin\u0259 g\u00f6r\u0259, h\u0259yat yolda\u015f\u0131 haqq\u0131nda 16 illik h\u0259bs h\u00f6km\u00fcn\u00fc Bak\u0131 Apelyasiya M\u0259hk\u0259m\u0259si 2021-ci ilin fevral\u0131nda q\u00fcvv\u0259d\u0259 saxlay\u0131b. Ondan sonra v\u0259kil Ali M\u0259hk\u0259m\u0259y\u0259 kassasiya \u015fikay\u0259ti verib. Lakin indiy\u0259 q\u0259d\u0259r h\u0259min \u015fikay\u0259t\u0259 bax\u0131lmay\u0131b.<br><\/p>\n\n\n\n<p>H\u0259yat yolda\u015f\u0131 \u0259lav\u0259 edib ki, Polad Aslanov t\u0259qsirsizliyi il\u0259 \u0259laq\u0259dar Prezident \u0130lham \u018fliyev, Ba\u015f prokuror Kamran \u018fliyev, D\u00f6vl\u0259t T\u0259hl\u00fck\u0259sizliyi Xidm\u0259tinin r\u0259isi \u018fli Na\u011f\u0131yev v\u0259 ba\u015fqa m\u0259sul \u015f\u0259xsl\u0259r\u0259 \u00e7oxsayl\u0131 m\u0259ktublar \u00fcnvanlay\u0131b. Lakin bu m\u00fcraci\u0259tl\u0259r n\u0259tic\u0259siz qal\u0131b.<br><\/p>\n\n\n\n<p>Penitensiar Xidm\u0259t Polad Aslanovun acl\u0131q aksiyas\u0131 ke\u00e7irm\u0259si haqda m\u0259lumat\u0131 t\u0259sdiql\u0259m\u0259yib.<br><\/p>\n\n\n\n<p>Polad Aslanov 2019-cu il iyunun 12-d\u0259n h\u0259bsd\u0259dir. Bak\u0131 A\u011f\u0131r Cinay\u0259tl\u0259r M\u0259hk\u0259m\u0259sinin h\u00f6km\u00fcyl\u0259 16 il azadl\u0131qdan m\u0259hrum edil\u0259n sayt r\u0259hb\u0259ri Cinay\u0259t M\u0259c\u0259ll\u0259sinin 274-c\u00fc madd\u0259sil\u0259 &#8211; d\u00f6vl\u0259t\u0259 x\u0259yan\u0259td\u0259 t\u0259qsirli bilinib. Cinay\u0259t i\u015finin materiallar\u0131nda iddia olunur ki, Polad Aslanov \u0130ran\u0131n x\u00fcsusi xidm\u0259t orqanlar\u0131yla m\u0259xfi \u0259m\u0259kda\u015fl\u0131q edib, \u00f6lk\u0259d\u0259n k\u0259narda onlarla gizli g\u00f6r\u00fc\u015fl\u0259r ke\u00e7irib, informasiyalar \u00f6t\u00fcr\u00fcb v\u0259 bunun m\u00fcqabilind\u0259 pul al\u0131b.<br><\/p>\n\n\n\n<p>Sayt r\u0259hb\u0259ri is\u0259 bu bar\u0259d\u0259 yaz\u0131lanlar\u0131n yalan oldu\u011funu bildirir, \u00f6z\u00fcn\u00fc t\u0259qsirli bilmir. O, t\u0259nqid\u00e7i jurnalist f\u0259aliyy\u0259tin\u0259, x\u00fcsus\u0259n DTX \u0259m\u0259kda\u015flar\u0131n\u0131n z\u0259vvarlar\u0131 ziyar\u0259t\u0259 aparan \u015firk\u0259tl\u0259rd\u0259n r\u00fc\u015fv\u0259t almas\u0131 bar\u0259d\u0259 yaz\u0131lar\u0131na g\u00f6r\u0259 c\u0259zaland\u0131r\u0131ld\u0131\u011f\u0131n\u0131 deyir: \u201cM\u0259\u015fh\u0259d, K\u0259rb\u0259la ziyar\u0259tin\u0259 ged\u0259nl\u0259rin h\u0259r birin\u0259 g\u00f6r\u0259 10-20 dollar r\u00fc\u015fv\u0259t al\u0131nmas\u0131 he\u00e7 kim\u0259 sirr deyil. M\u0259n d\u0259 x\u00fcsusi xidm\u0259t orqanlar\u0131n\u0131n bu korrupsiya \u0259m\u0259ll\u0259rini i\u015f\u0131qland\u0131rd\u0131\u011f\u0131ma, m\u0259n\u0259 t\u0259klif olunan r\u00fc\u015fv\u0259t qar\u015f\u0131l\u0131\u011f\u0131nda yen\u0259 d\u0259 o yaz\u0131lar\u0131 silm\u0259y\u0259 raz\u0131la\u015fmad\u0131\u011f\u0131ma g\u00f6r\u0259 bu g\u00fcn buradayam\u201d.<br><\/p>\n\n\n\n<p>Polad Aslanov s\u0259hh\u0259tind\u0259ki probleml\u0259rl\u0259 \u0259laq\u0259dar uzun m\u00fcdd\u0259t h\u0259rbi xidm\u0259t\u0259 apar\u0131lmasa da, 2018-ci ilin aprelind\u0259 ona q\u0259fil \u00e7a\u011f\u0131r\u0131\u015f g\u0259lib. O, h\u0259rbi xidm\u0259tini 2019-cu ilin aprelind\u0259 ba\u015fa vurub. \u0130ki ay sonra is\u0259 h\u0259bs edilib.<\/p>\n","protected":false},"excerpt":{"rendered":"<p>\u201cPolad Aslanov i\u015fin\u0259 tezlikl\u0259 obyektiv bax\u0131l\u0131b, \u0259dal\u0259tli q\u0259rar \u00e7\u0131xar\u0131lmas\u0131n\u0131 t\u0259l\u0259b &#8230; <\/p>\n<p class=\"read-more-container\"><a title=\"H\u0259yat yolda\u015f\u0131 h\u0259bsd\u0259ki jurnalistin acl\u0131\u011fa ba\u015flad\u0131\u011f\u0131n\u0131 deyir\" class=\"read-more button\" href=\"https:\/\/www.meydan.tv\/az\/article\/heyat-yoldasi-hebsdeki-jurnalistin-acliga-basladigini-deyir\/#more-231156\" aria-label=\"Read more about H\u0259yat yolda\u015f\u0131 h\u0259bsd\u0259ki jurnalistin acl\u0131\u011fa ba\u015flad\u0131\u011f\u0131n\u0131 deyir\">Davam\u0131<\/a><\/p>\n","protected":false},"author":8,"featured_media":102825,"comment_status":"closed","ping_status":"closed","sticky":false,"template":"","format":"standard","meta":{"_acf_changed":false,"_sitemap_exclude":false,"_sitemap_priority":"","_sitemap_frequency":"","footnotes":""},"categories":[59,56],"tags":[],"class_list":["post-231156","post","type-post","status-publish","format-standard","has-post-thumbnail","hentry","category-siyaset","category-xeberler","infinite-scroll-item","generate-columns","tablet-grid-50","mobile-grid-100","grid-parent","grid-33","no-featured-image-padding"],"acf":[],"yoast_head":"<!-- This site is optimized with the Yoast SEO plugin v27.4 - https:\/\/yoast.com\/product\/yoast-seo-wordpress\/ -->\n<title>H\u0259yat yolda\u015f\u0131 h\u0259bsd\u0259ki jurnalistin acl\u0131\u011fa ba\u015flad\u0131\u011f\u0131n\u0131 deyir - MEYDAN.TV<\/title>\n<meta name=\"robots\" content=\"index, follow, max-snippet:-1, max-image-preview:large, max-video-preview:-1\" \/>\n<link rel=\"canonical\" href=\"https:\/\/www.meydan.tv\/az\/article\/heyat-yoldasi-hebsdeki-jurnalistin-acliga-basladigini-deyir\/\" \/>\n<meta property=\"og:locale\" content=\"az_AZ\" \/>\n<meta property=\"og:type\" content=\"article\" \/>\n<meta property=\"og:title\" content=\"H\u0259yat yolda\u015f\u0131 h\u0259bsd\u0259ki jurnalistin acl\u0131\u011fa ba\u015flad\u0131\u011f\u0131n\u0131 deyir - MEYDAN.TV\" \/>\n<meta property=\"og:description\" content=\"\u201cPolad Aslanov i\u015fin\u0259 tezlikl\u0259 obyektiv bax\u0131l\u0131b, \u0259dal\u0259tli q\u0259rar \u00e7\u0131xar\u0131lmas\u0131n\u0131 t\u0259l\u0259b ... Davam\u0131\" \/>\n<meta property=\"og:url\" content=\"https:\/\/www.meydan.tv\/az\/article\/heyat-yoldasi-hebsdeki-jurnalistin-acliga-basladigini-deyir\/\" \/>\n<meta property=\"og:site_name\" content=\"MEYDAN.TV\" \/>\n<meta property=\"article:published_time\" content=\"2022-01-07T11:51:15+00:00\" \/>\n<meta property=\"article:modified_time\" content=\"2022-01-07T11:51:17+00:00\" \/>\n<meta property=\"og:image\" content=\"https:\/\/www.meydan.tv\/wp-content\/uploads\/40780.jpg\" \/>\n\t<meta property=\"og:image:width\" content=\"778\" \/>\n\t<meta property=\"og:image:height\" content=\"519\" \/>\n\t<meta property=\"og:image:type\" content=\"image\/jpeg\" \/>\n<meta name=\"author\" content=\"elli\" \/>\n<meta name=\"twitter:card\" content=\"summary_large_image\" \/>\n<meta name=\"twitter:creator\" content=\"@elli\" \/>\n<script type=\"application\/ld+json\" class=\"yoast-schema-graph\">{\"@context\":\"https:\\\/\\\/schema.org\",\"@graph\":[{\"@type\":\"Article\",\"@id\":\"https:\\\/\\\/www.meydan.tv\\\/az\\\/article\\\/heyat-yoldasi-hebsdeki-jurnalistin-acliga-basladigini-deyir\\\/#article\",\"isPartOf\":{\"@id\":\"https:\\\/\\\/www.meydan.tv\\\/az\\\/article\\\/heyat-yoldasi-hebsdeki-jurnalistin-acliga-basladigini-deyir\\\/\"},\"author\":{\"name\":\"elli\",\"@id\":\"https:\\\/\\\/www.meydan.tv\\\/az\\\/#\\\/schema\\\/person\\\/9cdbecf90d17180ce1dfbd95b08dcf47\"},\"headline\":\"H\u0259yat yolda\u015f\u0131 h\u0259bsd\u0259ki jurnalistin acl\u0131\u011fa ba\u015flad\u0131\u011f\u0131n\u0131 deyir\",\"datePublished\":\"2022-01-07T11:51:15+00:00\",\"dateModified\":\"2022-01-07T11:51:17+00:00\",\"mainEntityOfPage\":{\"@id\":\"https:\\\/\\\/www.meydan.tv\\\/az\\\/article\\\/heyat-yoldasi-hebsdeki-jurnalistin-acliga-basladigini-deyir\\\/\"},\"wordCount\":538,\"publisher\":{\"@id\":\"https:\\\/\\\/www.meydan.tv\\\/az\\\/#organization\"},\"image\":{\"@id\":\"https:\\\/\\\/www.meydan.tv\\\/az\\\/article\\\/heyat-yoldasi-hebsdeki-jurnalistin-acliga-basladigini-deyir\\\/#primaryimage\"},\"thumbnailUrl\":\"https:\\\/\\\/www.meydan.tv\\\/wp-content\\\/uploads\\\/40780.jpg\",\"articleSection\":[\"Siyas\u0259t\",\"X\u0259b\u0259rl\u0259r\"],\"inLanguage\":\"az\"},{\"@type\":\"WebPage\",\"@id\":\"https:\\\/\\\/www.meydan.tv\\\/az\\\/article\\\/heyat-yoldasi-hebsdeki-jurnalistin-acliga-basladigini-deyir\\\/\",\"url\":\"https:\\\/\\\/www.meydan.tv\\\/az\\\/article\\\/heyat-yoldasi-hebsdeki-jurnalistin-acliga-basladigini-deyir\\\/\",\"name\":\"H\u0259yat yolda\u015f\u0131 h\u0259bsd\u0259ki jurnalistin acl\u0131\u011fa ba\u015flad\u0131\u011f\u0131n\u0131 deyir - MEYDAN.TV\",\"isPartOf\":{\"@id\":\"https:\\\/\\\/www.meydan.tv\\\/az\\\/#website\"},\"primaryImageOfPage\":{\"@id\":\"https:\\\/\\\/www.meydan.tv\\\/az\\\/article\\\/heyat-yoldasi-hebsdeki-jurnalistin-acliga-basladigini-deyir\\\/#primaryimage\"},\"image\":{\"@id\":\"https:\\\/\\\/www.meydan.tv\\\/az\\\/article\\\/heyat-yoldasi-hebsdeki-jurnalistin-acliga-basladigini-deyir\\\/#primaryimage\"},\"thumbnailUrl\":\"https:\\\/\\\/www.meydan.tv\\\/wp-content\\\/uploads\\\/40780.jpg\",\"datePublished\":\"2022-01-07T11:51:15+00:00\",\"dateModified\":\"2022-01-07T11:51:17+00:00\",\"breadcrumb\":{\"@id\":\"https:\\\/\\\/www.meydan.tv\\\/az\\\/article\\\/heyat-yoldasi-hebsdeki-jurnalistin-acliga-basladigini-deyir\\\/#breadcrumb\"},\"inLanguage\":\"az\",\"potentialAction\":[{\"@type\":\"ReadAction\",\"target\":[\"https:\\\/\\\/www.meydan.tv\\\/az\\\/article\\\/heyat-yoldasi-hebsdeki-jurnalistin-acliga-basladigini-deyir\\\/\"]}]},{\"@type\":\"ImageObject\",\"inLanguage\":\"az\",\"@id\":\"https:\\\/\\\/www.meydan.tv\\\/az\\\/article\\\/heyat-yoldasi-hebsdeki-jurnalistin-acliga-basladigini-deyir\\\/#primaryimage\",\"url\":\"https:\\\/\\\/www.meydan.tv\\\/wp-content\\\/uploads\\\/40780.jpg\",\"contentUrl\":\"https:\\\/\\\/www.meydan.tv\\\/wp-content\\\/uploads\\\/40780.jpg\",\"width\":778,\"height\":519,\"caption\":\"Foto: Polad Aslanovun \u015f\u0259xsi arxivind\u0259n\"},{\"@type\":\"BreadcrumbList\",\"@id\":\"https:\\\/\\\/www.meydan.tv\\\/az\\\/article\\\/heyat-yoldasi-hebsdeki-jurnalistin-acliga-basladigini-deyir\\\/#breadcrumb\",\"itemListElement\":[{\"@type\":\"ListItem\",\"position\":1,\"name\":\"Ana s\u0259hif\u0259\",\"item\":\"https:\\\/\\\/www.meydan.tv\\\/az\\\/\"},{\"@type\":\"ListItem\",\"position\":2,\"name\":\"Siyas\u0259t\",\"item\":\"https:\\\/\\\/www.meydan.tv\\\/az\\\/section\\\/siyaset\\\/\"},{\"@type\":\"ListItem\",\"position\":3,\"name\":\"H\u0259yat yolda\u015f\u0131 h\u0259bsd\u0259ki jurnalistin acl\u0131\u011fa ba\u015flad\u0131\u011f\u0131n\u0131 deyir\"}]},{\"@type\":\"WebSite\",\"@id\":\"https:\\\/\\\/www.meydan.tv\\\/az\\\/#website\",\"url\":\"https:\\\/\\\/www.meydan.tv\\\/az\\\/\",\"name\":\"MEYDAN.TV\",\"description\":\"Meydan TV Az\u0259rbaycan\u0131n media m\u0259kan\u0131ndak\u0131 alternativ s\u0259sidir\",\"publisher\":{\"@id\":\"https:\\\/\\\/www.meydan.tv\\\/az\\\/#organization\"},\"potentialAction\":[{\"@type\":\"SearchAction\",\"target\":{\"@type\":\"EntryPoint\",\"urlTemplate\":\"https:\\\/\\\/www.meydan.tv\\\/az\\\/?s={search_term_string}\"},\"query-input\":{\"@type\":\"PropertyValueSpecification\",\"valueRequired\":true,\"valueName\":\"search_term_string\"}}],\"inLanguage\":\"az\"},{\"@type\":\"Organization\",\"@id\":\"https:\\\/\\\/www.meydan.tv\\\/az\\\/#organization\",\"name\":\"Meydan TV\",\"url\":\"https:\\\/\\\/www.meydan.tv\\\/az\\\/\",\"logo\":{\"@type\":\"ImageObject\",\"inLanguage\":\"az\",\"@id\":\"https:\\\/\\\/www.meydan.tv\\\/az\\\/#\\\/schema\\\/logo\\\/image\\\/\",\"url\":\"https:\\\/\\\/www.meydan.tv\\\/wp-content\\\/uploads\\\/2021\\\/07\\\/meydan-logo.svg\",\"contentUrl\":\"https:\\\/\\\/www.meydan.tv\\\/wp-content\\\/uploads\\\/2021\\\/07\\\/meydan-logo.svg\",\"width\":195,\"height\":46,\"caption\":\"Meydan TV\"},\"image\":{\"@id\":\"https:\\\/\\\/www.meydan.tv\\\/az\\\/#\\\/schema\\\/logo\\\/image\\\/\"}},{\"@type\":\"Person\",\"@id\":\"https:\\\/\\\/www.meydan.tv\\\/az\\\/#\\\/schema\\\/person\\\/9cdbecf90d17180ce1dfbd95b08dcf47\",\"name\":\"elli\",\"sameAs\":[\"https:\\\/\\\/x.com\\\/elli\"]}]}<\/script>\n<!-- \/ Yoast SEO plugin. -->","yoast_head_json":{"title":"H\u0259yat yolda\u015f\u0131 h\u0259bsd\u0259ki jurnalistin acl\u0131\u011fa ba\u015flad\u0131\u011f\u0131n\u0131 deyir - MEYDAN.TV","robots":{"index":"index","follow":"follow","max-snippet":"max-snippet:-1","max-image-preview":"max-image-preview:large","max-video-preview":"max-video-preview:-1"},"canonical":"https:\/\/www.meydan.tv\/az\/article\/heyat-yoldasi-hebsdeki-jurnalistin-acliga-basladigini-deyir\/","og_locale":"az_AZ","og_type":"article","og_title":"H\u0259yat yolda\u015f\u0131 h\u0259bsd\u0259ki jurnalistin acl\u0131\u011fa ba\u015flad\u0131\u011f\u0131n\u0131 deyir - MEYDAN.TV","og_description":"\u201cPolad Aslanov i\u015fin\u0259 tezlikl\u0259 obyektiv bax\u0131l\u0131b, \u0259dal\u0259tli q\u0259rar \u00e7\u0131xar\u0131lmas\u0131n\u0131 t\u0259l\u0259b ... Davam\u0131","og_url":"https:\/\/www.meydan.tv\/az\/article\/heyat-yoldasi-hebsdeki-jurnalistin-acliga-basladigini-deyir\/","og_site_name":"MEYDAN.TV","article_published_time":"2022-01-07T11:51:15+00:00","article_modified_time":"2022-01-07T11:51:17+00:00","og_image":[{"width":778,"height":519,"url":"https:\/\/www.meydan.tv\/wp-content\/uploads\/40780.jpg","type":"image\/jpeg"}],"author":"elli","twitter_card":"summary_large_image","twitter_creator":"@elli","schema":{"@context":"https:\/\/schema.org","@graph":[{"@type":"Article","@id":"https:\/\/www.meydan.tv\/az\/article\/heyat-yoldasi-hebsdeki-jurnalistin-acliga-basladigini-deyir\/#article","isPartOf":{"@id":"https:\/\/www.meydan.tv\/az\/article\/heyat-yoldasi-hebsdeki-jurnalistin-acliga-basladigini-deyir\/"},"author":{"name":"elli","@id":"https:\/\/www.meydan.tv\/az\/#\/schema\/person\/9cdbecf90d17180ce1dfbd95b08dcf47"},"headline":"H\u0259yat yolda\u015f\u0131 h\u0259bsd\u0259ki jurnalistin acl\u0131\u011fa ba\u015flad\u0131\u011f\u0131n\u0131 deyir","datePublished":"2022-01-07T11:51:15+00:00","dateModified":"2022-01-07T11:51:17+00:00","mainEntityOfPage":{"@id":"https:\/\/www.meydan.tv\/az\/article\/heyat-yoldasi-hebsdeki-jurnalistin-acliga-basladigini-deyir\/"},"wordCount":538,"publisher":{"@id":"https:\/\/www.meydan.tv\/az\/#organization"},"image":{"@id":"https:\/\/www.meydan.tv\/az\/article\/heyat-yoldasi-hebsdeki-jurnalistin-acliga-basladigini-deyir\/#primaryimage"},"thumbnailUrl":"https:\/\/www.meydan.tv\/wp-content\/uploads\/40780.jpg","articleSection":["Siyas\u0259t","X\u0259b\u0259rl\u0259r"],"inLanguage":"az"},{"@type":"WebPage","@id":"https:\/\/www.meydan.tv\/az\/article\/heyat-yoldasi-hebsdeki-jurnalistin-acliga-basladigini-deyir\/","url":"https:\/\/www.meydan.tv\/az\/article\/heyat-yoldasi-hebsdeki-jurnalistin-acliga-basladigini-deyir\/","name":"H\u0259yat yolda\u015f\u0131 h\u0259bsd\u0259ki jurnalistin acl\u0131\u011fa ba\u015flad\u0131\u011f\u0131n\u0131 deyir - MEYDAN.TV","isPartOf":{"@id":"https:\/\/www.meydan.tv\/az\/#website"},"primaryImageOfPage":{"@id":"https:\/\/www.meydan.tv\/az\/article\/heyat-yoldasi-hebsdeki-jurnalistin-acliga-basladigini-deyir\/#primaryimage"},"image":{"@id":"https:\/\/www.meydan.tv\/az\/article\/heyat-yoldasi-hebsdeki-jurnalistin-acliga-basladigini-deyir\/#primaryimage"},"thumbnailUrl":"https:\/\/www.meydan.tv\/wp-content\/uploads\/40780.jpg","datePublished":"2022-01-07T11:51:15+00:00","dateModified":"2022-01-07T11:51:17+00:00","breadcrumb":{"@id":"https:\/\/www.meydan.tv\/az\/article\/heyat-yoldasi-hebsdeki-jurnalistin-acliga-basladigini-deyir\/#breadcrumb"},"inLanguage":"az","potentialAction":[{"@type":"ReadAction","target":["https:\/\/www.meydan.tv\/az\/article\/heyat-yoldasi-hebsdeki-jurnalistin-acliga-basladigini-deyir\/"]}]},{"@type":"ImageObject","inLanguage":"az","@id":"https:\/\/www.meydan.tv\/az\/article\/heyat-yoldasi-hebsdeki-jurnalistin-acliga-basladigini-deyir\/#primaryimage","url":"https:\/\/www.meydan.tv\/wp-content\/uploads\/40780.jpg","contentUrl":"https:\/\/www.meydan.tv\/wp-content\/uploads\/40780.jpg","width":778,"height":519,"caption":"Foto: Polad Aslanovun \u015f\u0259xsi arxivind\u0259n"},{"@type":"BreadcrumbList","@id":"https:\/\/www.meydan.tv\/az\/article\/heyat-yoldasi-hebsdeki-jurnalistin-acliga-basladigini-deyir\/#breadcrumb","itemListElement":[{"@type":"ListItem","position":1,"name":"Ana s\u0259hif\u0259","item":"https:\/\/www.meydan.tv\/az\/"},{"@type":"ListItem","position":2,"name":"Siyas\u0259t","item":"https:\/\/www.meydan.tv\/az\/section\/siyaset\/"},{"@type":"ListItem","position":3,"name":"H\u0259yat yolda\u015f\u0131 h\u0259bsd\u0259ki jurnalistin acl\u0131\u011fa ba\u015flad\u0131\u011f\u0131n\u0131 deyir"}]},{"@type":"WebSite","@id":"https:\/\/www.meydan.tv\/az\/#website","url":"https:\/\/www.meydan.tv\/az\/","name":"MEYDAN.TV","description":"Meydan TV Az\u0259rbaycan\u0131n media m\u0259kan\u0131ndak\u0131 alternativ s\u0259sidir","publisher":{"@id":"https:\/\/www.meydan.tv\/az\/#organization"},"potentialAction":[{"@type":"SearchAction","target":{"@type":"EntryPoint","urlTemplate":"https:\/\/www.meydan.tv\/az\/?s={search_term_string}"},"query-input":{"@type":"PropertyValueSpecification","valueRequired":true,"valueName":"search_term_string"}}],"inLanguage":"az"},{"@type":"Organization","@id":"https:\/\/www.meydan.tv\/az\/#organization","name":"Meydan TV","url":"https:\/\/www.meydan.tv\/az\/","logo":{"@type":"ImageObject","inLanguage":"az","@id":"https:\/\/www.meydan.tv\/az\/#\/schema\/logo\/image\/","url":"https:\/\/www.meydan.tv\/wp-content\/uploads\/2021\/07\/meydan-logo.svg","contentUrl":"https:\/\/www.meydan.tv\/wp-content\/uploads\/2021\/07\/meydan-logo.svg","width":195,"height":46,"caption":"Meydan TV"},"image":{"@id":"https:\/\/www.meydan.tv\/az\/#\/schema\/logo\/image\/"}},{"@type":"Person","@id":"https:\/\/www.meydan.tv\/az\/#\/schema\/person\/9cdbecf90d17180ce1dfbd95b08dcf47","name":"elli","sameAs":["https:\/\/x.com\/elli"]}]}},"_links":{"self":[{"href":"https:\/\/www.meydan.tv\/az\/wp-json\/wp\/v2\/posts\/231156","targetHints":{"allow":["GET"]}}],"collection":[{"href":"https:\/\/www.meydan.tv\/az\/wp-json\/wp\/v2\/posts"}],"about":[{"href":"https:\/\/www.meydan.tv\/az\/wp-json\/wp\/v2\/types\/post"}],"author":[{"embeddable":true,"href":"https:\/\/www.meydan.tv\/az\/wp-json\/wp\/v2\/users\/8"}],"replies":[{"embeddable":true,"href":"https:\/\/www.meydan.tv\/az\/wp-json\/wp\/v2\/comments?post=231156"}],"version-history":[{"count":1,"href":"https:\/\/www.meydan.tv\/az\/wp-json\/wp\/v2\/posts\/231156\/revisions"}],"predecessor-version":[{"id":231157,"href":"https:\/\/www.meydan.tv\/az\/wp-json\/wp\/v2\/posts\/231156\/revisions\/231157"}],"wp:featuredmedia":[{"embeddable":true,"href":"https:\/\/www.meydan.tv\/az\/wp-json\/wp\/v2\/media\/102825"}],"wp:attachment":[{"href":"https:\/\/www.meydan.tv\/az\/wp-json\/wp\/v2\/media?parent=231156"}],"wp:term":[{"taxonomy":"category","embeddable":true,"href":"https:\/\/www.meydan.tv\/az\/wp-json\/wp\/v2\/categories?post=231156"},{"taxonomy":"post_tag","embeddable":true,"href":"https:\/\/www.meydan.tv\/az\/wp-json\/wp\/v2\/tags?post=231156"}],"curies":[{"name":"wp","href":"https:\/\/api.w.org\/{rel}","templated":true}]}}