{"id":231148,"date":"2022-01-07T14:50:05","date_gmt":"2022-01-07T10:50:05","guid":{"rendered":"https:\/\/www.meydan.tv\/?p=231148"},"modified":"2022-01-07T14:50:06","modified_gmt":"2022-01-07T10:50:06","slug":"bu-il-qizil-qlobus-mukafati-canli-yayimlanmayacaq","status":"publish","type":"post","link":"https:\/\/www.meydan.tv\/az\/article\/bu-il-qizil-qlobus-mukafati-canli-yayimlanmayacaq\/","title":{"rendered":"Bu il \u201cQ\u0131z\u0131l qlobus\u201d m\u00fckafat\u0131 canl\u0131 yay\u0131mlanmayacaq"},"content":{"rendered":"\n<p><em>M\u00fckafat\u0131n yekun n\u0259tic\u0259l\u0259ri il\u0259 ba\u011fl\u0131 a\u00e7\u0131qlama veril\u0259c\u0259k<\/em><br><\/p>\n\n\n\n<p>2022-ci ild\u0259 \u201cQ\u0131z\u0131l qlobus\u201d m\u00fckafat\u0131n\u0131n canl\u0131 yay\u0131mlanmayaca\u011f\u0131 bildirilir.<br><\/p>\n\n\n\n<p>Hollivudun Xarici M\u0259tbuat Assosiasiyas\u0131n\u0131n n\u00fcmay\u0259nd\u0259si bildirib ki, builki t\u0259dbir \u00f6z\u0259l t\u0259\u015fkil <a href=\"https:\/\/deadline.com\/2022\/01\/golden-globes-no-livestream-nbc-hfpa-1234905661\/\" target=\"_blank\" rel=\"noreferrer noopener\">edil\u0259c\u0259k<\/a>.<br><\/p>\n\n\n\n<p>Qalibl\u0259r haqq\u0131nda m\u0259lumat real vaxt rejimind\u0259 film m\u00fckafatlar\u0131n\u0131n internet sayt\u0131nda v\u0259 sosial \u015f\u0259b\u0259k\u0259l\u0259rd\u0259 yerl\u0259\u015fdiril\u0259c\u0259k.<br><\/p>\n\n\n\n<p>M\u00fckafat\u0131n yekun n\u0259tic\u0259l\u0259ri press-relizd\u0259 d\u0259rc olunacaq.<br><\/p>\n\n\n\n<p>\u201cQ\u0131z\u0131l qlobus\u201d m\u00fckafat\u0131 1944-c\u00fc ild\u0259n etibar\u0259n h\u0259r il t\u0259xmin\u0259n 90 beyn\u0259lxalq jurnalistin daxil oldu\u011fu Xarici M\u0259tbuat Assosiasiyas\u0131 t\u0259r\u0259find\u0259n verilir.<br><\/p>\n\n\n\n<p>T\u0259dbir \u0259n\u0259n\u0259vi olaraq \u201cNBC\u201d telekanal\u0131 t\u0259r\u0259find\u0259n yay\u0131mlan\u0131r.<br><\/p>\n\n\n\n<p>\u015eirk\u0259t 2021-ci ilin may\u0131nda 2022-ci ild\u0259n t\u0259dbiri yay\u0131mlamayaca\u011f\u0131n\u0131 elan edib.<br>Bunu m\u00fcnsifl\u0259r hey\u0259tinin Amerika c\u0259miyy\u0259tinin m\u00fcxt\u0259lifliyini kifay\u0259t q\u0259d\u0259r \u0259ks etdirm\u0259m\u0259si il\u0259 \u0259laq\u0259l\u0259ndirib.<\/p>\n","protected":false},"excerpt":{"rendered":"<p>M\u00fckafat\u0131n yekun n\u0259tic\u0259l\u0259ri il\u0259 ba\u011fl\u0131 a\u00e7\u0131qlama veril\u0259c\u0259k 2022-ci ild\u0259 \u201cQ\u0131z\u0131l &#8230; <\/p>\n<p class=\"read-more-container\"><a title=\"Bu il \u201cQ\u0131z\u0131l qlobus\u201d m\u00fckafat\u0131 canl\u0131 yay\u0131mlanmayacaq\" class=\"read-more button\" href=\"https:\/\/www.meydan.tv\/az\/article\/bu-il-qizil-qlobus-mukafati-canli-yayimlanmayacaq\/#more-231148\" aria-label=\"Read more about Bu il \u201cQ\u0131z\u0131l qlobus\u201d m\u00fckafat\u0131 canl\u0131 yay\u0131mlanmayacaq\">Davam\u0131<\/a><\/p>\n","protected":false},"author":8,"featured_media":231144,"comment_status":"closed","ping_status":"closed","sticky":false,"template":"","format":"standard","meta":{"_acf_changed":false,"_sitemap_exclude":false,"_sitemap_priority":"","_sitemap_frequency":"","footnotes":""},"categories":[52,56],"tags":[],"class_list":["post-231148","post","type-post","status-publish","format-standard","has-post-thumbnail","hentry","category-medeniyyet","category-xeberler","infinite-scroll-item","generate-columns","tablet-grid-50","mobile-grid-100","grid-parent","grid-33","no-featured-image-padding"],"acf":[],"yoast_head":"<!-- This site is optimized with the Yoast SEO plugin v27.4 - https:\/\/yoast.com\/product\/yoast-seo-wordpress\/ -->\n<title>Bu il \u201cQ\u0131z\u0131l qlobus\u201d m\u00fckafat\u0131 canl\u0131 yay\u0131mlanmayacaq - MEYDAN.TV<\/title>\n<meta name=\"robots\" content=\"index, follow, max-snippet:-1, max-image-preview:large, max-video-preview:-1\" \/>\n<link rel=\"canonical\" href=\"https:\/\/www.meydan.tv\/az\/article\/bu-il-qizil-qlobus-mukafati-canli-yayimlanmayacaq\/\" \/>\n<meta property=\"og:locale\" content=\"az_AZ\" \/>\n<meta property=\"og:type\" content=\"article\" \/>\n<meta property=\"og:title\" content=\"Bu il \u201cQ\u0131z\u0131l qlobus\u201d m\u00fckafat\u0131 canl\u0131 yay\u0131mlanmayacaq - MEYDAN.TV\" \/>\n<meta property=\"og:description\" content=\"M\u00fckafat\u0131n yekun n\u0259tic\u0259l\u0259ri il\u0259 ba\u011fl\u0131 a\u00e7\u0131qlama veril\u0259c\u0259k 2022-ci ild\u0259 \u201cQ\u0131z\u0131l ... Davam\u0131\" \/>\n<meta property=\"og:url\" content=\"https:\/\/www.meydan.tv\/az\/article\/bu-il-qizil-qlobus-mukafati-canli-yayimlanmayacaq\/\" \/>\n<meta property=\"og:site_name\" content=\"MEYDAN.TV\" \/>\n<meta property=\"article:published_time\" content=\"2022-01-07T10:50:05+00:00\" \/>\n<meta property=\"article:modified_time\" content=\"2022-01-07T10:50:06+00:00\" \/>\n<meta property=\"og:image\" content=\"https:\/\/www.meydan.tv\/wp-content\/uploads\/shutterstock_672894871.jpg\" \/>\n\t<meta property=\"og:image:width\" content=\"1200\" \/>\n\t<meta property=\"og:image:height\" content=\"798\" \/>\n\t<meta property=\"og:image:type\" content=\"image\/jpeg\" \/>\n<meta name=\"author\" content=\"elli\" \/>\n<meta name=\"twitter:card\" content=\"summary_large_image\" \/>\n<meta name=\"twitter:creator\" content=\"@elli\" \/>\n<script type=\"application\/ld+json\" class=\"yoast-schema-graph\">{\"@context\":\"https:\\\/\\\/schema.org\",\"@graph\":[{\"@type\":\"Article\",\"@id\":\"https:\\\/\\\/www.meydan.tv\\\/az\\\/article\\\/bu-il-qizil-qlobus-mukafati-canli-yayimlanmayacaq\\\/#article\",\"isPartOf\":{\"@id\":\"https:\\\/\\\/www.meydan.tv\\\/az\\\/article\\\/bu-il-qizil-qlobus-mukafati-canli-yayimlanmayacaq\\\/\"},\"author\":{\"name\":\"elli\",\"@id\":\"https:\\\/\\\/www.meydan.tv\\\/az\\\/#\\\/schema\\\/person\\\/9cdbecf90d17180ce1dfbd95b08dcf47\"},\"headline\":\"Bu il \u201cQ\u0131z\u0131l qlobus\u201d m\u00fckafat\u0131 canl\u0131 yay\u0131mlanmayacaq\",\"datePublished\":\"2022-01-07T10:50:05+00:00\",\"dateModified\":\"2022-01-07T10:50:06+00:00\",\"mainEntityOfPage\":{\"@id\":\"https:\\\/\\\/www.meydan.tv\\\/az\\\/article\\\/bu-il-qizil-qlobus-mukafati-canli-yayimlanmayacaq\\\/\"},\"wordCount\":192,\"publisher\":{\"@id\":\"https:\\\/\\\/www.meydan.tv\\\/az\\\/#organization\"},\"image\":{\"@id\":\"https:\\\/\\\/www.meydan.tv\\\/az\\\/article\\\/bu-il-qizil-qlobus-mukafati-canli-yayimlanmayacaq\\\/#primaryimage\"},\"thumbnailUrl\":\"https:\\\/\\\/www.meydan.tv\\\/wp-content\\\/uploads\\\/shutterstock_672894871.jpg\",\"articleSection\":[\"M\u0259d\u0259niyy\u0259t\",\"X\u0259b\u0259rl\u0259r\"],\"inLanguage\":\"az\"},{\"@type\":\"WebPage\",\"@id\":\"https:\\\/\\\/www.meydan.tv\\\/az\\\/article\\\/bu-il-qizil-qlobus-mukafati-canli-yayimlanmayacaq\\\/\",\"url\":\"https:\\\/\\\/www.meydan.tv\\\/az\\\/article\\\/bu-il-qizil-qlobus-mukafati-canli-yayimlanmayacaq\\\/\",\"name\":\"Bu il \u201cQ\u0131z\u0131l qlobus\u201d m\u00fckafat\u0131 canl\u0131 yay\u0131mlanmayacaq - MEYDAN.TV\",\"isPartOf\":{\"@id\":\"https:\\\/\\\/www.meydan.tv\\\/az\\\/#website\"},\"primaryImageOfPage\":{\"@id\":\"https:\\\/\\\/www.meydan.tv\\\/az\\\/article\\\/bu-il-qizil-qlobus-mukafati-canli-yayimlanmayacaq\\\/#primaryimage\"},\"image\":{\"@id\":\"https:\\\/\\\/www.meydan.tv\\\/az\\\/article\\\/bu-il-qizil-qlobus-mukafati-canli-yayimlanmayacaq\\\/#primaryimage\"},\"thumbnailUrl\":\"https:\\\/\\\/www.meydan.tv\\\/wp-content\\\/uploads\\\/shutterstock_672894871.jpg\",\"datePublished\":\"2022-01-07T10:50:05+00:00\",\"dateModified\":\"2022-01-07T10:50:06+00:00\",\"breadcrumb\":{\"@id\":\"https:\\\/\\\/www.meydan.tv\\\/az\\\/article\\\/bu-il-qizil-qlobus-mukafati-canli-yayimlanmayacaq\\\/#breadcrumb\"},\"inLanguage\":\"az\",\"potentialAction\":[{\"@type\":\"ReadAction\",\"target\":[\"https:\\\/\\\/www.meydan.tv\\\/az\\\/article\\\/bu-il-qizil-qlobus-mukafati-canli-yayimlanmayacaq\\\/\"]}]},{\"@type\":\"ImageObject\",\"inLanguage\":\"az\",\"@id\":\"https:\\\/\\\/www.meydan.tv\\\/az\\\/article\\\/bu-il-qizil-qlobus-mukafati-canli-yayimlanmayacaq\\\/#primaryimage\",\"url\":\"https:\\\/\\\/www.meydan.tv\\\/wp-content\\\/uploads\\\/shutterstock_672894871.jpg\",\"contentUrl\":\"https:\\\/\\\/www.meydan.tv\\\/wp-content\\\/uploads\\\/shutterstock_672894871.jpg\",\"width\":1200,\"height\":798,\"caption\":\"\u201cQ\u0131z\u0131l qlobus\u201d m\u00fckafat\u0131, Featureflash Photo Agency\\\/Shutterstock\"},{\"@type\":\"BreadcrumbList\",\"@id\":\"https:\\\/\\\/www.meydan.tv\\\/az\\\/article\\\/bu-il-qizil-qlobus-mukafati-canli-yayimlanmayacaq\\\/#breadcrumb\",\"itemListElement\":[{\"@type\":\"ListItem\",\"position\":1,\"name\":\"Ana s\u0259hif\u0259\",\"item\":\"https:\\\/\\\/www.meydan.tv\\\/az\\\/\"},{\"@type\":\"ListItem\",\"position\":2,\"name\":\"M\u0259d\u0259niyy\u0259t\",\"item\":\"https:\\\/\\\/www.meydan.tv\\\/az\\\/section\\\/medeniyyet\\\/\"},{\"@type\":\"ListItem\",\"position\":3,\"name\":\"Bu il \u201cQ\u0131z\u0131l qlobus\u201d m\u00fckafat\u0131 canl\u0131 yay\u0131mlanmayacaq\"}]},{\"@type\":\"WebSite\",\"@id\":\"https:\\\/\\\/www.meydan.tv\\\/az\\\/#website\",\"url\":\"https:\\\/\\\/www.meydan.tv\\\/az\\\/\",\"name\":\"MEYDAN.TV\",\"description\":\"Meydan TV Az\u0259rbaycan\u0131n media m\u0259kan\u0131ndak\u0131 alternativ s\u0259sidir\",\"publisher\":{\"@id\":\"https:\\\/\\\/www.meydan.tv\\\/az\\\/#organization\"},\"potentialAction\":[{\"@type\":\"SearchAction\",\"target\":{\"@type\":\"EntryPoint\",\"urlTemplate\":\"https:\\\/\\\/www.meydan.tv\\\/az\\\/?s={search_term_string}\"},\"query-input\":{\"@type\":\"PropertyValueSpecification\",\"valueRequired\":true,\"valueName\":\"search_term_string\"}}],\"inLanguage\":\"az\"},{\"@type\":\"Organization\",\"@id\":\"https:\\\/\\\/www.meydan.tv\\\/az\\\/#organization\",\"name\":\"Meydan TV\",\"url\":\"https:\\\/\\\/www.meydan.tv\\\/az\\\/\",\"logo\":{\"@type\":\"ImageObject\",\"inLanguage\":\"az\",\"@id\":\"https:\\\/\\\/www.meydan.tv\\\/az\\\/#\\\/schema\\\/logo\\\/image\\\/\",\"url\":\"https:\\\/\\\/www.meydan.tv\\\/wp-content\\\/uploads\\\/2021\\\/07\\\/meydan-logo.svg\",\"contentUrl\":\"https:\\\/\\\/www.meydan.tv\\\/wp-content\\\/uploads\\\/2021\\\/07\\\/meydan-logo.svg\",\"width\":195,\"height\":46,\"caption\":\"Meydan TV\"},\"image\":{\"@id\":\"https:\\\/\\\/www.meydan.tv\\\/az\\\/#\\\/schema\\\/logo\\\/image\\\/\"}},{\"@type\":\"Person\",\"@id\":\"https:\\\/\\\/www.meydan.tv\\\/az\\\/#\\\/schema\\\/person\\\/9cdbecf90d17180ce1dfbd95b08dcf47\",\"name\":\"elli\",\"sameAs\":[\"https:\\\/\\\/x.com\\\/elli\"]}]}<\/script>\n<!-- \/ Yoast SEO plugin. -->","yoast_head_json":{"title":"Bu il \u201cQ\u0131z\u0131l qlobus\u201d m\u00fckafat\u0131 canl\u0131 yay\u0131mlanmayacaq - MEYDAN.TV","robots":{"index":"index","follow":"follow","max-snippet":"max-snippet:-1","max-image-preview":"max-image-preview:large","max-video-preview":"max-video-preview:-1"},"canonical":"https:\/\/www.meydan.tv\/az\/article\/bu-il-qizil-qlobus-mukafati-canli-yayimlanmayacaq\/","og_locale":"az_AZ","og_type":"article","og_title":"Bu il \u201cQ\u0131z\u0131l qlobus\u201d m\u00fckafat\u0131 canl\u0131 yay\u0131mlanmayacaq - MEYDAN.TV","og_description":"M\u00fckafat\u0131n yekun n\u0259tic\u0259l\u0259ri il\u0259 ba\u011fl\u0131 a\u00e7\u0131qlama veril\u0259c\u0259k 2022-ci ild\u0259 \u201cQ\u0131z\u0131l ... Davam\u0131","og_url":"https:\/\/www.meydan.tv\/az\/article\/bu-il-qizil-qlobus-mukafati-canli-yayimlanmayacaq\/","og_site_name":"MEYDAN.TV","article_published_time":"2022-01-07T10:50:05+00:00","article_modified_time":"2022-01-07T10:50:06+00:00","og_image":[{"width":1200,"height":798,"url":"https:\/\/www.meydan.tv\/wp-content\/uploads\/shutterstock_672894871.jpg","type":"image\/jpeg"}],"author":"elli","twitter_card":"summary_large_image","twitter_creator":"@elli","schema":{"@context":"https:\/\/schema.org","@graph":[{"@type":"Article","@id":"https:\/\/www.meydan.tv\/az\/article\/bu-il-qizil-qlobus-mukafati-canli-yayimlanmayacaq\/#article","isPartOf":{"@id":"https:\/\/www.meydan.tv\/az\/article\/bu-il-qizil-qlobus-mukafati-canli-yayimlanmayacaq\/"},"author":{"name":"elli","@id":"https:\/\/www.meydan.tv\/az\/#\/schema\/person\/9cdbecf90d17180ce1dfbd95b08dcf47"},"headline":"Bu il \u201cQ\u0131z\u0131l qlobus\u201d m\u00fckafat\u0131 canl\u0131 yay\u0131mlanmayacaq","datePublished":"2022-01-07T10:50:05+00:00","dateModified":"2022-01-07T10:50:06+00:00","mainEntityOfPage":{"@id":"https:\/\/www.meydan.tv\/az\/article\/bu-il-qizil-qlobus-mukafati-canli-yayimlanmayacaq\/"},"wordCount":192,"publisher":{"@id":"https:\/\/www.meydan.tv\/az\/#organization"},"image":{"@id":"https:\/\/www.meydan.tv\/az\/article\/bu-il-qizil-qlobus-mukafati-canli-yayimlanmayacaq\/#primaryimage"},"thumbnailUrl":"https:\/\/www.meydan.tv\/wp-content\/uploads\/shutterstock_672894871.jpg","articleSection":["M\u0259d\u0259niyy\u0259t","X\u0259b\u0259rl\u0259r"],"inLanguage":"az"},{"@type":"WebPage","@id":"https:\/\/www.meydan.tv\/az\/article\/bu-il-qizil-qlobus-mukafati-canli-yayimlanmayacaq\/","url":"https:\/\/www.meydan.tv\/az\/article\/bu-il-qizil-qlobus-mukafati-canli-yayimlanmayacaq\/","name":"Bu il \u201cQ\u0131z\u0131l qlobus\u201d m\u00fckafat\u0131 canl\u0131 yay\u0131mlanmayacaq - MEYDAN.TV","isPartOf":{"@id":"https:\/\/www.meydan.tv\/az\/#website"},"primaryImageOfPage":{"@id":"https:\/\/www.meydan.tv\/az\/article\/bu-il-qizil-qlobus-mukafati-canli-yayimlanmayacaq\/#primaryimage"},"image":{"@id":"https:\/\/www.meydan.tv\/az\/article\/bu-il-qizil-qlobus-mukafati-canli-yayimlanmayacaq\/#primaryimage"},"thumbnailUrl":"https:\/\/www.meydan.tv\/wp-content\/uploads\/shutterstock_672894871.jpg","datePublished":"2022-01-07T10:50:05+00:00","dateModified":"2022-01-07T10:50:06+00:00","breadcrumb":{"@id":"https:\/\/www.meydan.tv\/az\/article\/bu-il-qizil-qlobus-mukafati-canli-yayimlanmayacaq\/#breadcrumb"},"inLanguage":"az","potentialAction":[{"@type":"ReadAction","target":["https:\/\/www.meydan.tv\/az\/article\/bu-il-qizil-qlobus-mukafati-canli-yayimlanmayacaq\/"]}]},{"@type":"ImageObject","inLanguage":"az","@id":"https:\/\/www.meydan.tv\/az\/article\/bu-il-qizil-qlobus-mukafati-canli-yayimlanmayacaq\/#primaryimage","url":"https:\/\/www.meydan.tv\/wp-content\/uploads\/shutterstock_672894871.jpg","contentUrl":"https:\/\/www.meydan.tv\/wp-content\/uploads\/shutterstock_672894871.jpg","width":1200,"height":798,"caption":"\u201cQ\u0131z\u0131l qlobus\u201d m\u00fckafat\u0131, Featureflash Photo Agency\/Shutterstock"},{"@type":"BreadcrumbList","@id":"https:\/\/www.meydan.tv\/az\/article\/bu-il-qizil-qlobus-mukafati-canli-yayimlanmayacaq\/#breadcrumb","itemListElement":[{"@type":"ListItem","position":1,"name":"Ana s\u0259hif\u0259","item":"https:\/\/www.meydan.tv\/az\/"},{"@type":"ListItem","position":2,"name":"M\u0259d\u0259niyy\u0259t","item":"https:\/\/www.meydan.tv\/az\/section\/medeniyyet\/"},{"@type":"ListItem","position":3,"name":"Bu il \u201cQ\u0131z\u0131l qlobus\u201d m\u00fckafat\u0131 canl\u0131 yay\u0131mlanmayacaq"}]},{"@type":"WebSite","@id":"https:\/\/www.meydan.tv\/az\/#website","url":"https:\/\/www.meydan.tv\/az\/","name":"MEYDAN.TV","description":"Meydan TV Az\u0259rbaycan\u0131n media m\u0259kan\u0131ndak\u0131 alternativ s\u0259sidir","publisher":{"@id":"https:\/\/www.meydan.tv\/az\/#organization"},"potentialAction":[{"@type":"SearchAction","target":{"@type":"EntryPoint","urlTemplate":"https:\/\/www.meydan.tv\/az\/?s={search_term_string}"},"query-input":{"@type":"PropertyValueSpecification","valueRequired":true,"valueName":"search_term_string"}}],"inLanguage":"az"},{"@type":"Organization","@id":"https:\/\/www.meydan.tv\/az\/#organization","name":"Meydan TV","url":"https:\/\/www.meydan.tv\/az\/","logo":{"@type":"ImageObject","inLanguage":"az","@id":"https:\/\/www.meydan.tv\/az\/#\/schema\/logo\/image\/","url":"https:\/\/www.meydan.tv\/wp-content\/uploads\/2021\/07\/meydan-logo.svg","contentUrl":"https:\/\/www.meydan.tv\/wp-content\/uploads\/2021\/07\/meydan-logo.svg","width":195,"height":46,"caption":"Meydan TV"},"image":{"@id":"https:\/\/www.meydan.tv\/az\/#\/schema\/logo\/image\/"}},{"@type":"Person","@id":"https:\/\/www.meydan.tv\/az\/#\/schema\/person\/9cdbecf90d17180ce1dfbd95b08dcf47","name":"elli","sameAs":["https:\/\/x.com\/elli"]}]}},"_links":{"self":[{"href":"https:\/\/www.meydan.tv\/az\/wp-json\/wp\/v2\/posts\/231148","targetHints":{"allow":["GET"]}}],"collection":[{"href":"https:\/\/www.meydan.tv\/az\/wp-json\/wp\/v2\/posts"}],"about":[{"href":"https:\/\/www.meydan.tv\/az\/wp-json\/wp\/v2\/types\/post"}],"author":[{"embeddable":true,"href":"https:\/\/www.meydan.tv\/az\/wp-json\/wp\/v2\/users\/8"}],"replies":[{"embeddable":true,"href":"https:\/\/www.meydan.tv\/az\/wp-json\/wp\/v2\/comments?post=231148"}],"version-history":[{"count":1,"href":"https:\/\/www.meydan.tv\/az\/wp-json\/wp\/v2\/posts\/231148\/revisions"}],"predecessor-version":[{"id":231149,"href":"https:\/\/www.meydan.tv\/az\/wp-json\/wp\/v2\/posts\/231148\/revisions\/231149"}],"wp:featuredmedia":[{"embeddable":true,"href":"https:\/\/www.meydan.tv\/az\/wp-json\/wp\/v2\/media\/231144"}],"wp:attachment":[{"href":"https:\/\/www.meydan.tv\/az\/wp-json\/wp\/v2\/media?parent=231148"}],"wp:term":[{"taxonomy":"category","embeddable":true,"href":"https:\/\/www.meydan.tv\/az\/wp-json\/wp\/v2\/categories?post=231148"},{"taxonomy":"post_tag","embeddable":true,"href":"https:\/\/www.meydan.tv\/az\/wp-json\/wp\/v2\/tags?post=231148"}],"curies":[{"name":"wp","href":"https:\/\/api.w.org\/{rel}","templated":true}]}}