{"id":231072,"date":"2022-01-06T17:53:19","date_gmt":"2022-01-06T13:53:19","guid":{"rendered":"https:\/\/www.meydan.tv\/?p=231072"},"modified":"2022-01-06T17:53:21","modified_gmt":"2022-01-06T13:53:21","slug":"iqtisadci-taxilin-qiymetinin-artmasi-bahalasma-ucun-fursete-donub","status":"publish","type":"post","link":"https:\/\/www.meydan.tv\/az\/article\/iqtisadci-taxilin-qiymetinin-artmasi-bahalasma-ucun-fursete-donub\/","title":{"rendered":"\u0130qtisad\u00e7\u0131: \u201c Tax\u0131l\u0131n qiym\u0259tinin artmas\u0131 bahala\u015fma \u00fc\u00e7\u00fcn f\u00fcrs\u0259t\u0259 d\u00f6n\u00fcb\u201d"},"content":{"rendered":"\n<p><em>\u201cBizd\u0259 kas\u0131bl\u0131q daimi problem oldu\u011fu \u00fc\u00e7\u00fcn \u00e7\u00f6r\u0259y\u0259 qar\u015f\u0131 h\u0259ssas\u0131q\u201d<\/em><br><\/p>\n\n\n\n<p>Az\u0259rbaycan idxal etdiyi bu\u011fdan\u0131n b\u00f6y\u00fck hiss\u0259sini Rusiyadan al\u0131r. Bu \u00f6lk\u0259nin 2021-ci ilin fevral\u0131ndan y\u00fcks\u0259k ixrac r\u00fcsumlar\u0131 t\u0259tbiq etm\u0259si Az\u0259rbaycanda \u0259rzaql\u0131q bu\u011fdan\u0131n qiym\u0259tini art\u0131r\u0131b.<br>2019-cu ill\u0259 m\u00fcqayis\u0259d\u0259 58 faizlik bir bahala\u015fmadan s\u00f6hb\u0259t gedir.<br><\/p>\n\n\n\n<p>\u0130qtisadiyyat Nazirliyi yan\u0131nda Antiinhisar v\u0259 \u0130stehlak Bazar\u0131na N\u0259zar\u0259t D\u00f6vl\u0259t Xidm\u0259tinin yanvar\u0131n 6-da a\u00e7\u0131qlad\u0131\u011f\u0131 <a href=\"https:\/\/competition.gov.az\/az\/post\/289\/dovlet-xidmetinin-un-ve-coreyin-qiymetine-nezaret-tedbirleri\" target=\"_blank\" rel=\"noreferrer noopener\">m\u0259lumat<\/a>da bel\u0259 deyir.<br><\/p>\n\n\n\n<p>Qurum bildirir ki, Az\u0259rbaycanda \u0259rzaql\u0131q bu\u011fdan\u0131n, unun v\u0259 \u00e7\u00f6r\u0259yin qiym\u0259ti t\u0259nziml\u0259n\u0259n tarifl\u0259r \u0259sas\u0131nda deyil, bazar iqtisadiyyat\u0131 prinsipl\u0259rin\u0259 uy\u011fun formala\u015f\u0131r. D\u00f6vl\u0259t qurumu \u0259lav\u0259 edir ki, \u0259slind\u0259 2021-ci il bu\u011fda d\u00fcnya bazar\u0131nda k\u0259skin bahala\u015f\u0131b. Ancaq Az\u0259rbaycan bu m\u00fcdd\u0259t \u0259rzind\u0259 bahala\u015fman\u0131n \u0259haliy\u0259 t\u0259sir etm\u0259m\u0259si \u00fc\u00e7\u00fcn xeyli i\u015f g\u00f6r\u00fcb:<br><\/p>\n\n\n\n<p>\u201cBura vergid\u0259 g\u00fcz\u0259\u015ftl\u0259r, subsidiyalar daxildir. Bu ild\u0259n is\u0259 \u0259rzaql\u0131q bu\u011fda t\u0259dar\u00fck\u00fc v\u0259 un istehsal\u0131 il\u0259 m\u0259\u015f\u011ful olan sahibkarl\u0131q subyektl\u0259ri t\u0259r\u0259find\u0259n unun qiym\u0259ti \u0259rzaql\u0131q bu\u011fdan\u0131n haz\u0131rk\u0131 idxal qiym\u0259tin\u0259 uy\u011funla\u015fd\u0131r\u0131l\u0131b. Bazarda manipulasiyalar\u0131n qar\u015f\u0131s\u0131n\u0131 almaq \u00fc\u00e7\u00fcn bir s\u0131ra iri \u0259rzaql\u0131q bu\u011fda idxal\u00e7\u0131lar\u0131, h\u0259m\u00e7inin un v\u0259 \u00e7\u00f6r\u0259k istehsal\u00e7\u0131lar\u0131 dan\u0131\u015f\u0131l\u0131b\u201d.<br><\/p>\n\n\n\n<p>Qurum bildirir ki, bel\u0259likl\u0259, 50 kq-l\u0131q bir kis\u0259 unun topdansat\u0131\u015f qiym\u0259ti &#8211; 35,9 manat, 500 qr-l\u0131q \u0259n\u0259n\u0259vi (dair\u0259vi) \u00e7\u00f6r\u0259yin p\u0259rak\u0259nd\u0259 sat\u0131\u015f qiym\u0259ti &#8211; 50 q\u0259pik, 650 qr-l\u0131q \u0259n\u0259n\u0259vi (dair\u0259vi) \u00e7\u00f6r\u0259yin p\u0259rak\u0259nd\u0259 sat\u0131\u015f qiym\u0259ti &#8211; 65 q\u0259pik m\u00fc\u0259yy\u0259nl\u0259\u015fdirilib.<br><\/p>\n\n\n\n<p>\u0130qtisad\u00e7\u0131 R\u00f6v\u015f\u0259n A\u011fayev deyir ki, bu, n\u0259 az, n\u0259 \u00e7ox 30 faiz bahala\u015fma dem\u0259kdir. \u0130qtisad\u00e7\u0131 bildirir ki, d\u00fczd\u00fcr, son 10 ild\u0259 \u00e7\u00f6r\u0259yin \u00e7\u0259kisil\u0259 xeyli oyanay\u0131blar, lakin qiym\u0259tin sonuncu d\u0259f\u0259 n\u0259 zaman d\u0259yi\u015fdiyini xat\u0131rlam\u0131r:<br><\/p>\n\n\n\n<p>\u201cBu m\u00fcdd\u0259td\u0259 iqtisadiyyatda qiym\u0259t miqyas\u0131 \u0259n az\u0131 2 d\u0259f\u0259d\u0259n \u00e7ox b\u00f6y\u00fcy\u00fcb. M\u0259s\u0259l\u0259n, r\u0259smi t\u0259sdiql\u0259n\u0259n ya\u015fay\u0131\u015f minimumu 2010-cu ild\u0259n b\u0259ri 2.5 d\u0259f\u0259 art\u0131b. \u0130nflyasiya il\u0259 manipulyasiya ehtimallar\u0131na inand\u0131\u011f\u0131m \u00fc\u00e7\u00fcn real qiym\u0259t miqyas\u0131n\u0131n daha \u00e7ox b\u00f6y\u00fcd\u00fcy\u00fcn\u0259 \u0259min\u0259m. Bu fikirl\u0259 tez-tez rastla\u015f\u0131ram ki, bizim insanlar \u00e7ox \u00e7\u00f6r\u0259k yey\u0259n oldu\u011fu \u00fc\u00e7\u00fcn \u00e7\u00f6r\u0259yin qiym\u0259tin\u0259 h\u0259ssasd\u0131r. Bu, n\u0259tic\u0259y\u0259 bax\u0131b qiym\u0259t verm\u0259kdir. S\u0259b\u0259b is\u0259 odur ki, \u0259ksin\u0259, bizd\u0259 kas\u0131bl\u0131q daimi problem oldu\u011fu \u00fc\u00e7\u00fcn \u00e7\u00f6r\u0259y\u0259 qar\u015f\u0131 h\u0259ssas\u0131q. \u00c7\u00fcnki \u00e7\u00f6r\u0259k daha \u00e7ox yoxsullar\u0131n qida rasionunda \u00fcst\u00fcnl\u00fck paya malikdir\u201d.<br><\/p>\n\n\n\n<p>R\u00f6v\u015f\u0259n A\u011fayev deyir ki, kalorili, \u00e7e\u015fidli qidalar yem\u0259k imkan\u0131na sahib ev t\u0259s\u0259rr\u00fcfatlar\u0131nda istehlak strukturu f\u0259rqlidir.<br><\/p>\n\n\n\n<p>G\u0259l\u0259c\u0259kd\u0259 \u0259rzaql\u0131q bu\u011fdan\u0131n qiym\u0259tinin enib-enm\u0259y\u0259c\u0259yin\u0259 g\u0259linc\u0259, iqtisad\u00e7\u0131 bildirir ki, tax\u0131l ucuzla\u015fsa da, ma\u011fazalar\u0131n pi\u015ftaxtalar\u0131nda \u0259vv\u0259lki qiym\u0259t\u0259 \u00e7\u00f6r\u0259k g\u00f6rm\u0259y\u0259c\u0259yik. \u018fvv\u0259la ona g\u00f6r\u0259 ki, iqtisadiyyat r\u0259qab\u0259tli deyil. Dig\u0259r vacib s\u0259b\u0259b is\u0259 odur ki, uzun bir d\u00f6vr \u0259rzind\u0259 \u00e7\u00f6r\u0259k s\u0259nayesind\u0259 un istisna dig\u0259r x\u0259rcl\u0259r, m\u0259s\u0259l\u0259n, i\u015f\u00e7i q\u00fcvv\u0259si, elektrik, \u00e7atd\u0131rma xeyli artsa da, bu seqmentd\u0259 qiym\u0259tl\u0259r d\u0259yi\u015fm\u0259yib. N\u0259tic\u0259d\u0259 tax\u0131l\u0131n qiym\u0259tinin artmas\u0131 bahala\u015fma \u00fc\u00e7\u00fcn f\u00fcrs\u0259t\u0259 d\u00f6n\u00fcb.<br><\/p>\n\n\n\n<div class=\"wp-block-image\"><figure class=\"alignleft size-large is-resized\"><img decoding=\"async\" data-src=\"https:\/\/www.meydan.tv\/wp-content\/uploads\/image_from_ios_177-1200x800.jpg\" alt=\"R\u00f6v\u015f\u0259n A\u011fayev\" class=\"wp-image-210010 lazyload\" width=\"453\" height=\"302\" src=\"data:image\/svg+xml;base64,PHN2ZyB3aWR0aD0iMSIgaGVpZ2h0PSIxIiB4bWxucz0iaHR0cDovL3d3dy53My5vcmcvMjAwMC9zdmciPjwvc3ZnPg==\" style=\"--smush-placeholder-width: 453px; --smush-placeholder-aspect-ratio: 453\/302;\" \/><figcaption>M\u0259nb\u0259: Meydan TV<\/figcaption><\/figure><\/div>\n\n\n\n<p>Qida inflyasiyasiyas\u0131na g\u0259linc\u0259, R\u00f6v\u015f\u0259n A\u011fayev deyir ki, h\u00f6kum\u0259t noyabr\u0131n sonu \u00fc\u00e7\u00fcn 15 faizlik inflyasiyas\u0131 qeyd\u0259 al\u0131b:<br><\/p>\n\n\n\n<p>\u201cBu, \u0259n az\u0131 son 5 ilin \u0259n y\u00fcks\u0259k g\u00f6st\u0259ricisidir. Amma i\u015fin daha pis t\u0259r\u0259fi odur ki, 2022-ci ild\u0259 qida inflyasiyas\u0131n\u0131n daha y\u00fcks\u0259k olmaq ehtimal\u0131 var. \u0130lk n\u00f6vb\u0259d\u0259 idxaldan y\u00fcks\u0259k as\u0131l\u0131l\u0131\u011f\u0131m\u0131z var v\u0259 qlobal inflyasiyan\u0131n 2022-ci ild\u0259 d\u0259 problem olaca\u011f\u0131 g\u00f6r\u00fcn\u00fcr. \u0130kincisi, r\u0259smi statistikaya g\u00f6r\u0259, 2021-ci ilin noyabr\u0131nda Az\u0259rbaycanda qida istehsal\u00e7\u0131lar\u0131n\u0131n qiym\u0259t indeksi istehlak\u00e7\u0131 qida qiym\u0259t indeksind\u0259n daha y\u00fcks\u0259k olub. Hardasa 18 faiz\u0259 yax\u0131n\u201d.<br><\/p>\n\n\n\n<p>\u0130qtisad\u00e7\u0131 deyir ki, ad\u0259t\u0259n istehsal\u00e7\u0131 qiym\u0259t indeksinin \u0130Q\u0130-n\u0259 yans\u0131mas\u0131 zaman apar\u0131r. \u00c7\u00fcnki p\u0259rak\u0259nd\u0259 sat\u0131\u015f anbarlar\u0131nda ehtiyatlar hesab\u0131na 2-3 ay \u0259rzind\u0259 k\u00f6hn\u0259 qiym\u0259tl\u0259rl\u0259 sat\u0131\u015flara davam etm\u0259k olur. \u0130stehsal\u00e7\u0131lardan yeni qiym\u0259tl\u0259 m\u0259hsul ald\u0131qca, pi\u015ftaxtalarda da durum d\u0259yi\u015fir:<br><\/p>\n\n\n\n<p>\u201cOna g\u00f6r\u0259 d\u0259, biz daha y\u00fcks\u0259k qida istehsal\u00e7\u0131lar\u0131n\u0131n qiym\u0259t indeksinin t\u0259sirl\u0259rini bu aylarda hiss ed\u0259c\u0259yik. \u00dc\u00e7\u00fcnc\u00fc vacib m\u0259qam &#8211; inflyasiya s\u0259b\u0259tind\u0259 y\u00fcks\u0259k pay\u0131 olan \u00e7\u00f6r\u0259k v\u0259 un m\u0259mulatlar\u0131n\u0131n \u00e7ox y\u00fcks\u0259k qiym\u0259t art\u0131mlar\u0131n\u0131n inflyasiyaya yans\u0131mas\u0131 bu il ba\u015f ver\u0259c\u0259k\u201d.<br><\/p>\n\n\n\n<p>M\u00fcst\u0259qil ekspertl\u0259r bildirirl\u0259r ki, Az\u0259rbaycan \u0259rzaq bu\u011fdas\u0131na olan t\u0259l\u0259bat\u0131n\u0131n 30 faizini daxili istehsalla \u00f6d\u0259y\u0259 bilir. Qalan 70 faiz t\u0259l\u0259bat ixrac\u0131n \u00fcmidin\u0259dir. El\u0259 ona g\u00f6r\u0259 d\u0259 idxal \u00f6lk\u0259sinin ixraca t\u0259tbiq etdiyi r\u00fcsumlar\u0131n Az\u0259rbaycanda qiym\u0259tl\u0259rin d\u0259yi\u015fm\u0259sin\u0259 t\u0259siri olur.<br><\/p>\n\n\n\n<p>2022-ci ilin \u0259vv\u0259lind\u0259 Az\u0259rbaycanda \u00e7\u00f6r\u0259yin v\u0259 \u0259rzaq bu\u011fdas\u0131n\u0131n qiym\u0259tinin 30 faiz bahala\u015fmas\u0131n\u0131n da idxal \u00f6lk\u0259si Rusiyada vergil\u0259rin art\u0131r\u0131lmas\u0131 il\u0259 \u0259laq\u0259si var.<\/p>\n","protected":false},"excerpt":{"rendered":"<p>\u201cBizd\u0259 kas\u0131bl\u0131q daimi problem oldu\u011fu \u00fc\u00e7\u00fcn \u00e7\u00f6r\u0259y\u0259 qar\u015f\u0131 h\u0259ssas\u0131q\u201d Az\u0259rbaycan &#8230; <\/p>\n<p class=\"read-more-container\"><a title=\"\u0130qtisad\u00e7\u0131: \u201c Tax\u0131l\u0131n qiym\u0259tinin artmas\u0131 bahala\u015fma \u00fc\u00e7\u00fcn f\u00fcrs\u0259t\u0259 d\u00f6n\u00fcb\u201d\" class=\"read-more button\" href=\"https:\/\/www.meydan.tv\/az\/article\/iqtisadci-taxilin-qiymetinin-artmasi-bahalasma-ucun-fursete-donub\/#more-231072\" aria-label=\"Read more about \u0130qtisad\u00e7\u0131: \u201c Tax\u0131l\u0131n qiym\u0259tinin artmas\u0131 bahala\u015fma \u00fc\u00e7\u00fcn f\u00fcrs\u0259t\u0259 d\u00f6n\u00fcb\u201d\">Davam\u0131<\/a><\/p>\n","protected":false},"author":8,"featured_media":230902,"comment_status":"closed","ping_status":"closed","sticky":false,"template":"","format":"standard","meta":{"_acf_changed":false,"_sitemap_exclude":false,"_sitemap_priority":"","_sitemap_frequency":"","footnotes":""},"categories":[53,79,56],"tags":[],"class_list":["post-231072","post","type-post","status-publish","format-standard","has-post-thumbnail","hentry","category-iqtisadiyyat","category-featured","category-xeberler","infinite-scroll-item","generate-columns","tablet-grid-50","mobile-grid-100","grid-parent","grid-33","no-featured-image-padding"],"acf":[],"yoast_head":"<!-- This site is optimized with the Yoast SEO plugin v27.4 - https:\/\/yoast.com\/product\/yoast-seo-wordpress\/ -->\n<title>\u0130qtisad\u00e7\u0131: \u201c Tax\u0131l\u0131n qiym\u0259tinin artmas\u0131 bahala\u015fma \u00fc\u00e7\u00fcn f\u00fcrs\u0259t\u0259 d\u00f6n\u00fcb\u201d - MEYDAN.TV<\/title>\n<meta name=\"robots\" content=\"index, follow, max-snippet:-1, max-image-preview:large, max-video-preview:-1\" \/>\n<link rel=\"canonical\" href=\"https:\/\/www.meydan.tv\/az\/article\/iqtisadci-taxilin-qiymetinin-artmasi-bahalasma-ucun-fursete-donub\/\" \/>\n<meta property=\"og:locale\" content=\"az_AZ\" \/>\n<meta property=\"og:type\" content=\"article\" \/>\n<meta property=\"og:title\" content=\"\u0130qtisad\u00e7\u0131: \u201c Tax\u0131l\u0131n qiym\u0259tinin artmas\u0131 bahala\u015fma \u00fc\u00e7\u00fcn f\u00fcrs\u0259t\u0259 d\u00f6n\u00fcb\u201d - MEYDAN.TV\" \/>\n<meta property=\"og:description\" content=\"\u201cBizd\u0259 kas\u0131bl\u0131q daimi problem oldu\u011fu \u00fc\u00e7\u00fcn \u00e7\u00f6r\u0259y\u0259 qar\u015f\u0131 h\u0259ssas\u0131q\u201d Az\u0259rbaycan ... Davam\u0131\" \/>\n<meta property=\"og:url\" content=\"https:\/\/www.meydan.tv\/az\/article\/iqtisadci-taxilin-qiymetinin-artmasi-bahalasma-ucun-fursete-donub\/\" \/>\n<meta property=\"og:site_name\" content=\"MEYDAN.TV\" \/>\n<meta property=\"article:published_time\" content=\"2022-01-06T13:53:19+00:00\" \/>\n<meta property=\"article:modified_time\" content=\"2022-01-06T13:53:21+00:00\" \/>\n<meta property=\"og:image\" content=\"https:\/\/www.meydan.tv\/wp-content\/uploads\/shutterstock_71620903.jpg\" \/>\n\t<meta property=\"og:image:width\" content=\"1200\" \/>\n\t<meta property=\"og:image:height\" content=\"799\" \/>\n\t<meta property=\"og:image:type\" content=\"image\/jpeg\" \/>\n<meta name=\"author\" content=\"elli\" \/>\n<meta name=\"twitter:card\" content=\"summary_large_image\" \/>\n<meta name=\"twitter:creator\" content=\"@elli\" \/>\n<script type=\"application\/ld+json\" class=\"yoast-schema-graph\">{\"@context\":\"https:\\\/\\\/schema.org\",\"@graph\":[{\"@type\":\"Article\",\"@id\":\"https:\\\/\\\/www.meydan.tv\\\/az\\\/article\\\/iqtisadci-taxilin-qiymetinin-artmasi-bahalasma-ucun-fursete-donub\\\/#article\",\"isPartOf\":{\"@id\":\"https:\\\/\\\/www.meydan.tv\\\/az\\\/article\\\/iqtisadci-taxilin-qiymetinin-artmasi-bahalasma-ucun-fursete-donub\\\/\"},\"author\":{\"name\":\"elli\",\"@id\":\"https:\\\/\\\/www.meydan.tv\\\/az\\\/#\\\/schema\\\/person\\\/9cdbecf90d17180ce1dfbd95b08dcf47\"},\"headline\":\"\u0130qtisad\u00e7\u0131: \u201c Tax\u0131l\u0131n qiym\u0259tinin artmas\u0131 bahala\u015fma \u00fc\u00e7\u00fcn f\u00fcrs\u0259t\u0259 d\u00f6n\u00fcb\u201d\",\"datePublished\":\"2022-01-06T13:53:19+00:00\",\"dateModified\":\"2022-01-06T13:53:21+00:00\",\"mainEntityOfPage\":{\"@id\":\"https:\\\/\\\/www.meydan.tv\\\/az\\\/article\\\/iqtisadci-taxilin-qiymetinin-artmasi-bahalasma-ucun-fursete-donub\\\/\"},\"wordCount\":999,\"publisher\":{\"@id\":\"https:\\\/\\\/www.meydan.tv\\\/az\\\/#organization\"},\"image\":{\"@id\":\"https:\\\/\\\/www.meydan.tv\\\/az\\\/article\\\/iqtisadci-taxilin-qiymetinin-artmasi-bahalasma-ucun-fursete-donub\\\/#primaryimage\"},\"thumbnailUrl\":\"https:\\\/\\\/www.meydan.tv\\\/wp-content\\\/uploads\\\/shutterstock_71620903.jpg\",\"articleSection\":[\"\u0130qtisadiyyat\",\"T\u00f6vsiy\u0259\",\"X\u0259b\u0259rl\u0259r\"],\"inLanguage\":\"az\"},{\"@type\":\"WebPage\",\"@id\":\"https:\\\/\\\/www.meydan.tv\\\/az\\\/article\\\/iqtisadci-taxilin-qiymetinin-artmasi-bahalasma-ucun-fursete-donub\\\/\",\"url\":\"https:\\\/\\\/www.meydan.tv\\\/az\\\/article\\\/iqtisadci-taxilin-qiymetinin-artmasi-bahalasma-ucun-fursete-donub\\\/\",\"name\":\"\u0130qtisad\u00e7\u0131: \u201c Tax\u0131l\u0131n qiym\u0259tinin artmas\u0131 bahala\u015fma \u00fc\u00e7\u00fcn f\u00fcrs\u0259t\u0259 d\u00f6n\u00fcb\u201d - MEYDAN.TV\",\"isPartOf\":{\"@id\":\"https:\\\/\\\/www.meydan.tv\\\/az\\\/#website\"},\"primaryImageOfPage\":{\"@id\":\"https:\\\/\\\/www.meydan.tv\\\/az\\\/article\\\/iqtisadci-taxilin-qiymetinin-artmasi-bahalasma-ucun-fursete-donub\\\/#primaryimage\"},\"image\":{\"@id\":\"https:\\\/\\\/www.meydan.tv\\\/az\\\/article\\\/iqtisadci-taxilin-qiymetinin-artmasi-bahalasma-ucun-fursete-donub\\\/#primaryimage\"},\"thumbnailUrl\":\"https:\\\/\\\/www.meydan.tv\\\/wp-content\\\/uploads\\\/shutterstock_71620903.jpg\",\"datePublished\":\"2022-01-06T13:53:19+00:00\",\"dateModified\":\"2022-01-06T13:53:21+00:00\",\"breadcrumb\":{\"@id\":\"https:\\\/\\\/www.meydan.tv\\\/az\\\/article\\\/iqtisadci-taxilin-qiymetinin-artmasi-bahalasma-ucun-fursete-donub\\\/#breadcrumb\"},\"inLanguage\":\"az\",\"potentialAction\":[{\"@type\":\"ReadAction\",\"target\":[\"https:\\\/\\\/www.meydan.tv\\\/az\\\/article\\\/iqtisadci-taxilin-qiymetinin-artmasi-bahalasma-ucun-fursete-donub\\\/\"]}]},{\"@type\":\"ImageObject\",\"inLanguage\":\"az\",\"@id\":\"https:\\\/\\\/www.meydan.tv\\\/az\\\/article\\\/iqtisadci-taxilin-qiymetinin-artmasi-bahalasma-ucun-fursete-donub\\\/#primaryimage\",\"url\":\"https:\\\/\\\/www.meydan.tv\\\/wp-content\\\/uploads\\\/shutterstock_71620903.jpg\",\"contentUrl\":\"https:\\\/\\\/www.meydan.tv\\\/wp-content\\\/uploads\\\/shutterstock_71620903.jpg\",\"width\":1200,\"height\":799,\"caption\":\"Bu\u011fda, un, \u00e7\u00f6r\u0259k, Shebeko\\\/Shutterstock\"},{\"@type\":\"BreadcrumbList\",\"@id\":\"https:\\\/\\\/www.meydan.tv\\\/az\\\/article\\\/iqtisadci-taxilin-qiymetinin-artmasi-bahalasma-ucun-fursete-donub\\\/#breadcrumb\",\"itemListElement\":[{\"@type\":\"ListItem\",\"position\":1,\"name\":\"Ana s\u0259hif\u0259\",\"item\":\"https:\\\/\\\/www.meydan.tv\\\/az\\\/\"},{\"@type\":\"ListItem\",\"position\":2,\"name\":\"\u0130qtisadiyyat\",\"item\":\"https:\\\/\\\/www.meydan.tv\\\/az\\\/section\\\/iqtisadiyyat\\\/\"},{\"@type\":\"ListItem\",\"position\":3,\"name\":\"\u0130qtisad\u00e7\u0131: \u201c Tax\u0131l\u0131n qiym\u0259tinin artmas\u0131 bahala\u015fma \u00fc\u00e7\u00fcn f\u00fcrs\u0259t\u0259 d\u00f6n\u00fcb\u201d\"}]},{\"@type\":\"WebSite\",\"@id\":\"https:\\\/\\\/www.meydan.tv\\\/az\\\/#website\",\"url\":\"https:\\\/\\\/www.meydan.tv\\\/az\\\/\",\"name\":\"MEYDAN.TV\",\"description\":\"Meydan TV Az\u0259rbaycan\u0131n media m\u0259kan\u0131ndak\u0131 alternativ s\u0259sidir\",\"publisher\":{\"@id\":\"https:\\\/\\\/www.meydan.tv\\\/az\\\/#organization\"},\"potentialAction\":[{\"@type\":\"SearchAction\",\"target\":{\"@type\":\"EntryPoint\",\"urlTemplate\":\"https:\\\/\\\/www.meydan.tv\\\/az\\\/?s={search_term_string}\"},\"query-input\":{\"@type\":\"PropertyValueSpecification\",\"valueRequired\":true,\"valueName\":\"search_term_string\"}}],\"inLanguage\":\"az\"},{\"@type\":\"Organization\",\"@id\":\"https:\\\/\\\/www.meydan.tv\\\/az\\\/#organization\",\"name\":\"Meydan TV\",\"url\":\"https:\\\/\\\/www.meydan.tv\\\/az\\\/\",\"logo\":{\"@type\":\"ImageObject\",\"inLanguage\":\"az\",\"@id\":\"https:\\\/\\\/www.meydan.tv\\\/az\\\/#\\\/schema\\\/logo\\\/image\\\/\",\"url\":\"https:\\\/\\\/www.meydan.tv\\\/wp-content\\\/uploads\\\/2021\\\/07\\\/meydan-logo.svg\",\"contentUrl\":\"https:\\\/\\\/www.meydan.tv\\\/wp-content\\\/uploads\\\/2021\\\/07\\\/meydan-logo.svg\",\"width\":195,\"height\":46,\"caption\":\"Meydan TV\"},\"image\":{\"@id\":\"https:\\\/\\\/www.meydan.tv\\\/az\\\/#\\\/schema\\\/logo\\\/image\\\/\"}},{\"@type\":\"Person\",\"@id\":\"https:\\\/\\\/www.meydan.tv\\\/az\\\/#\\\/schema\\\/person\\\/9cdbecf90d17180ce1dfbd95b08dcf47\",\"name\":\"elli\",\"sameAs\":[\"https:\\\/\\\/x.com\\\/elli\"]}]}<\/script>\n<!-- \/ Yoast SEO plugin. -->","yoast_head_json":{"title":"\u0130qtisad\u00e7\u0131: \u201c Tax\u0131l\u0131n qiym\u0259tinin artmas\u0131 bahala\u015fma \u00fc\u00e7\u00fcn f\u00fcrs\u0259t\u0259 d\u00f6n\u00fcb\u201d - MEYDAN.TV","robots":{"index":"index","follow":"follow","max-snippet":"max-snippet:-1","max-image-preview":"max-image-preview:large","max-video-preview":"max-video-preview:-1"},"canonical":"https:\/\/www.meydan.tv\/az\/article\/iqtisadci-taxilin-qiymetinin-artmasi-bahalasma-ucun-fursete-donub\/","og_locale":"az_AZ","og_type":"article","og_title":"\u0130qtisad\u00e7\u0131: \u201c Tax\u0131l\u0131n qiym\u0259tinin artmas\u0131 bahala\u015fma \u00fc\u00e7\u00fcn f\u00fcrs\u0259t\u0259 d\u00f6n\u00fcb\u201d - MEYDAN.TV","og_description":"\u201cBizd\u0259 kas\u0131bl\u0131q daimi problem oldu\u011fu \u00fc\u00e7\u00fcn \u00e7\u00f6r\u0259y\u0259 qar\u015f\u0131 h\u0259ssas\u0131q\u201d Az\u0259rbaycan ... Davam\u0131","og_url":"https:\/\/www.meydan.tv\/az\/article\/iqtisadci-taxilin-qiymetinin-artmasi-bahalasma-ucun-fursete-donub\/","og_site_name":"MEYDAN.TV","article_published_time":"2022-01-06T13:53:19+00:00","article_modified_time":"2022-01-06T13:53:21+00:00","og_image":[{"width":1200,"height":799,"url":"https:\/\/www.meydan.tv\/wp-content\/uploads\/shutterstock_71620903.jpg","type":"image\/jpeg"}],"author":"elli","twitter_card":"summary_large_image","twitter_creator":"@elli","schema":{"@context":"https:\/\/schema.org","@graph":[{"@type":"Article","@id":"https:\/\/www.meydan.tv\/az\/article\/iqtisadci-taxilin-qiymetinin-artmasi-bahalasma-ucun-fursete-donub\/#article","isPartOf":{"@id":"https:\/\/www.meydan.tv\/az\/article\/iqtisadci-taxilin-qiymetinin-artmasi-bahalasma-ucun-fursete-donub\/"},"author":{"name":"elli","@id":"https:\/\/www.meydan.tv\/az\/#\/schema\/person\/9cdbecf90d17180ce1dfbd95b08dcf47"},"headline":"\u0130qtisad\u00e7\u0131: \u201c Tax\u0131l\u0131n qiym\u0259tinin artmas\u0131 bahala\u015fma \u00fc\u00e7\u00fcn f\u00fcrs\u0259t\u0259 d\u00f6n\u00fcb\u201d","datePublished":"2022-01-06T13:53:19+00:00","dateModified":"2022-01-06T13:53:21+00:00","mainEntityOfPage":{"@id":"https:\/\/www.meydan.tv\/az\/article\/iqtisadci-taxilin-qiymetinin-artmasi-bahalasma-ucun-fursete-donub\/"},"wordCount":999,"publisher":{"@id":"https:\/\/www.meydan.tv\/az\/#organization"},"image":{"@id":"https:\/\/www.meydan.tv\/az\/article\/iqtisadci-taxilin-qiymetinin-artmasi-bahalasma-ucun-fursete-donub\/#primaryimage"},"thumbnailUrl":"https:\/\/www.meydan.tv\/wp-content\/uploads\/shutterstock_71620903.jpg","articleSection":["\u0130qtisadiyyat","T\u00f6vsiy\u0259","X\u0259b\u0259rl\u0259r"],"inLanguage":"az"},{"@type":"WebPage","@id":"https:\/\/www.meydan.tv\/az\/article\/iqtisadci-taxilin-qiymetinin-artmasi-bahalasma-ucun-fursete-donub\/","url":"https:\/\/www.meydan.tv\/az\/article\/iqtisadci-taxilin-qiymetinin-artmasi-bahalasma-ucun-fursete-donub\/","name":"\u0130qtisad\u00e7\u0131: \u201c Tax\u0131l\u0131n qiym\u0259tinin artmas\u0131 bahala\u015fma \u00fc\u00e7\u00fcn f\u00fcrs\u0259t\u0259 d\u00f6n\u00fcb\u201d - MEYDAN.TV","isPartOf":{"@id":"https:\/\/www.meydan.tv\/az\/#website"},"primaryImageOfPage":{"@id":"https:\/\/www.meydan.tv\/az\/article\/iqtisadci-taxilin-qiymetinin-artmasi-bahalasma-ucun-fursete-donub\/#primaryimage"},"image":{"@id":"https:\/\/www.meydan.tv\/az\/article\/iqtisadci-taxilin-qiymetinin-artmasi-bahalasma-ucun-fursete-donub\/#primaryimage"},"thumbnailUrl":"https:\/\/www.meydan.tv\/wp-content\/uploads\/shutterstock_71620903.jpg","datePublished":"2022-01-06T13:53:19+00:00","dateModified":"2022-01-06T13:53:21+00:00","breadcrumb":{"@id":"https:\/\/www.meydan.tv\/az\/article\/iqtisadci-taxilin-qiymetinin-artmasi-bahalasma-ucun-fursete-donub\/#breadcrumb"},"inLanguage":"az","potentialAction":[{"@type":"ReadAction","target":["https:\/\/www.meydan.tv\/az\/article\/iqtisadci-taxilin-qiymetinin-artmasi-bahalasma-ucun-fursete-donub\/"]}]},{"@type":"ImageObject","inLanguage":"az","@id":"https:\/\/www.meydan.tv\/az\/article\/iqtisadci-taxilin-qiymetinin-artmasi-bahalasma-ucun-fursete-donub\/#primaryimage","url":"https:\/\/www.meydan.tv\/wp-content\/uploads\/shutterstock_71620903.jpg","contentUrl":"https:\/\/www.meydan.tv\/wp-content\/uploads\/shutterstock_71620903.jpg","width":1200,"height":799,"caption":"Bu\u011fda, un, \u00e7\u00f6r\u0259k, Shebeko\/Shutterstock"},{"@type":"BreadcrumbList","@id":"https:\/\/www.meydan.tv\/az\/article\/iqtisadci-taxilin-qiymetinin-artmasi-bahalasma-ucun-fursete-donub\/#breadcrumb","itemListElement":[{"@type":"ListItem","position":1,"name":"Ana s\u0259hif\u0259","item":"https:\/\/www.meydan.tv\/az\/"},{"@type":"ListItem","position":2,"name":"\u0130qtisadiyyat","item":"https:\/\/www.meydan.tv\/az\/section\/iqtisadiyyat\/"},{"@type":"ListItem","position":3,"name":"\u0130qtisad\u00e7\u0131: \u201c Tax\u0131l\u0131n qiym\u0259tinin artmas\u0131 bahala\u015fma \u00fc\u00e7\u00fcn f\u00fcrs\u0259t\u0259 d\u00f6n\u00fcb\u201d"}]},{"@type":"WebSite","@id":"https:\/\/www.meydan.tv\/az\/#website","url":"https:\/\/www.meydan.tv\/az\/","name":"MEYDAN.TV","description":"Meydan TV Az\u0259rbaycan\u0131n media m\u0259kan\u0131ndak\u0131 alternativ s\u0259sidir","publisher":{"@id":"https:\/\/www.meydan.tv\/az\/#organization"},"potentialAction":[{"@type":"SearchAction","target":{"@type":"EntryPoint","urlTemplate":"https:\/\/www.meydan.tv\/az\/?s={search_term_string}"},"query-input":{"@type":"PropertyValueSpecification","valueRequired":true,"valueName":"search_term_string"}}],"inLanguage":"az"},{"@type":"Organization","@id":"https:\/\/www.meydan.tv\/az\/#organization","name":"Meydan TV","url":"https:\/\/www.meydan.tv\/az\/","logo":{"@type":"ImageObject","inLanguage":"az","@id":"https:\/\/www.meydan.tv\/az\/#\/schema\/logo\/image\/","url":"https:\/\/www.meydan.tv\/wp-content\/uploads\/2021\/07\/meydan-logo.svg","contentUrl":"https:\/\/www.meydan.tv\/wp-content\/uploads\/2021\/07\/meydan-logo.svg","width":195,"height":46,"caption":"Meydan TV"},"image":{"@id":"https:\/\/www.meydan.tv\/az\/#\/schema\/logo\/image\/"}},{"@type":"Person","@id":"https:\/\/www.meydan.tv\/az\/#\/schema\/person\/9cdbecf90d17180ce1dfbd95b08dcf47","name":"elli","sameAs":["https:\/\/x.com\/elli"]}]}},"_links":{"self":[{"href":"https:\/\/www.meydan.tv\/az\/wp-json\/wp\/v2\/posts\/231072","targetHints":{"allow":["GET"]}}],"collection":[{"href":"https:\/\/www.meydan.tv\/az\/wp-json\/wp\/v2\/posts"}],"about":[{"href":"https:\/\/www.meydan.tv\/az\/wp-json\/wp\/v2\/types\/post"}],"author":[{"embeddable":true,"href":"https:\/\/www.meydan.tv\/az\/wp-json\/wp\/v2\/users\/8"}],"replies":[{"embeddable":true,"href":"https:\/\/www.meydan.tv\/az\/wp-json\/wp\/v2\/comments?post=231072"}],"version-history":[{"count":1,"href":"https:\/\/www.meydan.tv\/az\/wp-json\/wp\/v2\/posts\/231072\/revisions"}],"predecessor-version":[{"id":231073,"href":"https:\/\/www.meydan.tv\/az\/wp-json\/wp\/v2\/posts\/231072\/revisions\/231073"}],"wp:featuredmedia":[{"embeddable":true,"href":"https:\/\/www.meydan.tv\/az\/wp-json\/wp\/v2\/media\/230902"}],"wp:attachment":[{"href":"https:\/\/www.meydan.tv\/az\/wp-json\/wp\/v2\/media?parent=231072"}],"wp:term":[{"taxonomy":"category","embeddable":true,"href":"https:\/\/www.meydan.tv\/az\/wp-json\/wp\/v2\/categories?post=231072"},{"taxonomy":"post_tag","embeddable":true,"href":"https:\/\/www.meydan.tv\/az\/wp-json\/wp\/v2\/tags?post=231072"}],"curies":[{"name":"wp","href":"https:\/\/api.w.org\/{rel}","templated":true}]}}