{"id":231065,"date":"2022-01-06T16:15:51","date_gmt":"2022-01-06T12:15:51","guid":{"rendered":"https:\/\/www.meydan.tv\/?p=231065"},"modified":"2022-01-06T16:15:52","modified_gmt":"2022-01-06T12:15:52","slug":"qazaxistan-ucun-geri-donmeme-noqtesi","status":"publish","type":"post","link":"https:\/\/www.meydan.tv\/az\/article\/qazaxistan-ucun-geri-donmeme-noqtesi\/","title":{"rendered":"Qazax\u0131stan \u00fc\u00e7\u00fcn geri d\u00f6nm\u0259m\u0259 n\u00f6qt\u0259si"},"content":{"rendered":"\n<p>Yanvar\u0131n 5-d\u0259 TASS bildirib ki, Qazax\u0131stan Kollektiv T\u0259hl\u00fck\u0259sizlik M\u00fcqavil\u0259si T\u0259\u015fkilat\u0131 \u00fczr\u0259 t\u0259r\u0259fda\u015flar\u0131na m\u00fcraci\u0259t ed\u0259r\u0259k i\u011fti\u015fa\u015flar\u0131 t\u0259cav\u00fcz akt\u0131 kimi xarakteriz\u0259 edib v\u0259 \u201cbu terror t\u0259hl\u00fck\u0259sinin aradan qald\u0131r\u0131lmas\u0131nda\u201d yard\u0131m ist\u0259yib.<\/p>\n\n\n\n<p>Kollektiv T\u0259hl\u00fck\u0259sizlik M\u00fcqavil\u0259si T\u0259\u015fkilat\u0131na s\u0259drlik ed\u0259n Nikol Pa\u015finyan bu m\u00fcraci\u0259t\u0259 operativ reaksiya verib: \u201cQazax\u0131stan prezidenti Kas\u0131m-Jomart Tokayevin m\u00fcraci\u0259ti il\u0259 \u0259laq\u0259dar v\u0259 Qazax\u0131stan Respublikas\u0131n\u0131n milli t\u0259hl\u00fck\u0259sizliyin\u0259 v\u0259 suverenliyin\u0259, k\u0259nar m\u00fcdaxil\u0259 d\u0259 daxil olmaqla, t\u0259hdid s\u0259b\u0259bind\u0259n Kollektiv T\u0259hl\u00fck\u0259sizlik M\u00fcqavil\u0259si T\u0259\u015fkilat\u0131n\u0131n Kollektiv T\u0259hl\u00fck\u0259sizlik \u015euras\u0131 kollektiv t\u0259hl\u00fck\u0259sizlik haqq\u0131nda m\u00fcqavil\u0259nin 4-c\u00fc madd\u0259sin\u0259 uy\u011fun olaraq, Kollektiv T\u0259hl\u00fck\u0259sizlik \u015euras\u0131 Qazax\u0131stan Respublikas\u0131nda v\u0259ziyy\u0259tin sabitl\u0259\u015fdirilm\u0259si v\u0259 normalla\u015fd\u0131r\u0131lmas\u0131 m\u0259qs\u0259dil\u0259 vaxt m\u0259hdudiyy\u0259til\u0259 Kollektiv T\u0259hl\u00fck\u0259sizlik M\u00fcqavil\u0259si T\u0259\u015fkilat\u0131n\u0131n kollektiv s\u00fclhm\u0259raml\u0131 q\u00fcvv\u0259l\u0259rinin Qazax\u0131stan Respublikas\u0131na g\u00f6nd\u0259rilm\u0259si bar\u0259d\u0259 q\u0259rar q\u0259bul edib\u201d.<\/p>\n\n\n\n<p>Lakin \u00e7\u0259r\u015f\u0259nb\u0259 g\u00fcn\u00fc g\u00fcnorta Tokayev xalqa m\u00fcraci\u0259t quldurluq, xuliqanl\u0131ql\u0131q ed\u0259n y\u00fcks\u0259k m\u00fct\u0259\u015f\u0259kkil \u00fcns\u00fcrl\u0259rd\u0259n, maddi motivasiyal\u0131 sui-q\u0259sd\u00e7il\u0259rin diqq\u0259tl\u0259 d\u00fc\u015f\u00fcn\u00fclm\u00fc\u015f plan\u0131ndan dan\u0131\u015f\u0131b. Terrorizm v\u0259 t\u0259cav\u00fcz haqda he\u00e7 bir s\u00f6z yoxdur.<\/p>\n\n\n\n<p>Kollektiv t\u0259hl\u00fck\u0259sizlik haqq\u0131nda m\u00fcqavil\u0259nin 4-c\u00fc madd\u0259sin\u0259 uy\u011fun olaraq, Qazax\u0131stana Kollektiv T\u0259hl\u00fck\u0259sizlik M\u00fcqavil\u0259si T\u0259\u015fkilat\u0131n\u0131n qo\u015funlar\u0131n\u0131n yeridilm\u0259sini \u0259sasland\u0131rmaq \u00fc\u00e7\u00fcn \u201ct\u0259cav\u00fcz\u201d, y\u0259ni xarici h\u00fccum formulu t\u0259tbiq edilib: \u201c\u018fg\u0259r i\u015ftirak\u00e7\u0131 d\u00f6vl\u0259tl\u0259rd\u0259n biri t\u0259cav\u00fcz\u0259 (t\u0259hl\u00fck\u0259sizlik, sabitlik, \u0259razi b\u00fct\u00f6vl\u00fcy\u00fc v\u0259 suverenliyi t\u0259hdid ed\u0259n silahl\u0131 h\u00fccum) m\u0259ruz qalarsa, bu, i\u015ftirak\u00e7\u0131 d\u00f6vl\u0259tl\u0259r t\u0259r\u0259find\u0259n bu m\u00fcqavil\u0259nin i\u015ftirak\u00e7\u0131s\u0131 olan b\u00fct\u00fcn d\u00f6vl\u0259tl\u0259r\u0259 qar\u015f\u0131 t\u0259cav\u00fcz (t\u0259hl\u00fck\u0259sizlik, sabitlik, \u0259razi b\u00fct\u00f6vl\u00fcy\u00fc v\u0259 suverenliyi t\u0259hdid ed\u0259n silahl\u0131 h\u00fccum) kimi qiym\u0259tl\u0259ndiril\u0259c\u0259k. \u0130\u015ftirak\u00e7\u0131 d\u00f6vl\u0259tl\u0259rd\u0259n h\u0259r hans\u0131 birin\u0259 qar\u015f\u0131 t\u0259cav\u00fcz (t\u0259hl\u00fck\u0259sizlik, sabitlik, \u0259razi b\u00fct\u00f6vl\u00fcy\u00fc v\u0259 suverenliyi t\u0259hdid ed\u0259n silahl\u0131 h\u00fccum) t\u00f6r\u0259dildikd\u0259, h\u0259min d\u00f6vl\u0259tin xahi\u015fil\u0259 dig\u0259r i\u015ftirak\u00e7\u0131 d\u00f6vl\u0259tl\u0259r d\u0259rhal ona h\u0259rbi yard\u0131m da daxil olmaqla, z\u0259ruri yard\u0131m\u0131 g\u00f6st\u0259r\u0259c\u0259k, h\u0259m\u00e7inin BMT Nizamnam\u0259sinin 51-ci madd\u0259sin\u0259 uy\u011fun olaraq, kollektiv m\u00fcdafi\u0259 h\u00fcququnun h\u0259yata ke\u00e7irilm\u0259si qaydas\u0131nda s\u0259r\u0259ncamlar\u0131nda olan v\u0259saitl\u0259rl\u0259 d\u0259st\u0259k ver\u0259c\u0259kl\u0259r.<\/p>\n\n\n\n<p>Lakin h\u0259ms\u0259rh\u0259d v\u0259 ya dig\u0259r d\u00f6vl\u0259tl\u0259rin Qazax\u0131stana qar\u015f\u0131 t\u0259cav\u00fcz\u00fcn\u0259 dair he\u00e7 bir fakt yoxdur. Y\u0259ni, madd\u0259 4-d\u0259n istifad\u0259 edil\u0259 bilm\u0259z v\u0259 ya ondan BMT Nizamnam\u0259sini pozulmaqla istifad\u0259 olunacaq.<\/p>\n\n\n\n<p>BMT Nizamnam\u0259sinin 51-ci madd\u0259sind\u0259 deyilir: \u201cBu Nizamnam\u0259 t\u0259\u015fkilat\u0131n \u00fczv\u00fcn\u0259 silahl\u0131 h\u00fccum zaman\u0131 T\u0259hl\u00fck\u0259sizlik \u015euras\u0131 beyn\u0259lxalq s\u00fclh\u00fcn v\u0259 t\u0259hl\u00fck\u0259sizliyin qorunmas\u0131 \u00fc\u00e7\u00fcn z\u0259ruri t\u0259dbirl\u0259r g\u00f6rm\u0259yinc\u0259, f\u0259rdi v\u0259 ya kollektiv \u00f6z\u00fcn\u00fcm\u00fcdafi\u0259 \u00fc\u00e7\u00fcn ayr\u0131lmaz h\u00fcquqa \u015famil edilmir. T\u0259\u015fkilat \u00dczvl\u0259rinin bu \u00f6z\u00fcn\u00fcm\u00fcdafi\u0259 h\u00fcququnun h\u0259yata ke\u00e7irilm\u0259sind\u0259 g\u00f6rd\u00fcy\u00fc t\u0259dbirl\u0259r d\u0259rhal T\u0259hl\u00fck\u0259sizlik \u015euras\u0131na \u00e7atd\u0131r\u0131lmal\u0131 v\u0259 bu Nizamnam\u0259y\u0259 uy\u011fun olaraq beyn\u0259lxalq s\u00fclh\u00fcn v\u0259 t\u0259hl\u00fck\u0259sizliyin qorunmas\u0131 v\u0259 ya b\u0259rpas\u0131 \u00fc\u00e7\u00fcn z\u0259ruri hesab etdiyi h\u0259r\u0259k\u0259tl\u0259rin ist\u0259nil\u0259n vaxt q\u0259bulu il\u0259 ba\u011fl\u0131 T\u0259hl\u00fck\u0259sizlik \u015euras\u0131n\u0131n s\u0259lahiyy\u0259tl\u0259rin\u0259 v\u0259 m\u0259suliyy\u0259tl\u0259rin\u0259 he\u00e7 bir v\u0259chl\u0259 toxunmamal\u0131d\u0131r.<\/p>\n\n\n\n<p>Yen\u0259 h\u00fccum fakt\u0131 yoxdur. Ola bil\u0259r ki, s\u00f6hb\u0259t hibrid m\u00fcharib\u0259d\u0259n v\u0259 ya t\u0259cav\u00fczd\u0259n gedir. Lakin \u0259g\u0259r Qazax\u0131stan ba\u015f\u00e7\u0131s\u0131 t\u0259cav\u00fcz v\u0259 terrorizmd\u0259n dan\u0131\u015f\u0131rsa, o zaman Nizamnam\u0259nin t\u0259l\u0259b etdiyi kimi, BMT T\u015e-y\u0259 operativ \u015f\u0259kild\u0259 s\u00fcbut t\u0259qdim etm\u0259li v\u0259 bu bar\u0259d\u0259 BMT-ni &#8211; y\u00fcks\u0259k v\u0259zif\u0259d\u0259 \u00e7al\u0131\u015fd\u0131\u011f\u0131 v\u0259 t\u0259\u015fkilat\u0131n c\u0259lb edilm\u0259si mexanizml\u0259rini bildiyi t\u0259\u015fkilat\u0131 m\u0259lumatland\u0131rmal\u0131d\u0131r.<\/p>\n\n\n\n<p>Yanvar\u0131n 5-d\u0259 Tokayev xalqa m\u00fcraci\u0259tind\u0259 hadis\u0259l\u0259rin daxili xarakterind\u0259n ayd\u0131n \u015f\u0259kild\u0259 dan\u0131\u015f\u0131r. O, etiraz\u00e7\u0131lar\u0131n xarici q\u00fcvv\u0259l\u0259rl\u0259 \u0259laq\u0259l\u0259rind\u0259n dan\u0131\u015fm\u0131r. M\u00fcraci\u0259td\u0259 xarici q\u00fcvv\u0259l\u0259r, x\u00fcsusil\u0259 d\u0259 t\u0259cav\u00fcz haqda he\u00e7 bir \u015fey yoxdur.<\/p>\n\n\n\n<p>Bundan \u0259lav\u0259, Tokayev problemin k\u00f6k\u00fcnd\u0259 \u00f6lk\u0259d\u0259 siyasi b\u00f6hran\u0131n durdu\u011funu etiraf edir: \u201cTezlikl\u0259 m\u0259n Qazax\u0131stan\u0131n siyasi transformasiyas\u0131na dair yeni t\u0259klifl\u0259rl\u0259 \u00e7\u0131x\u0131\u015f ed\u0259c\u0259y\u0259m. M\u0259n ard\u0131c\u0131l islahatlarla ba\u011fl\u0131 \u0259vv\u0259lki m\u00f6vqeyimd\u0259 qal\u0131ram\u201d.<\/p>\n\n\n\n<p>Lakin \u201cs\u00fclhm\u0259raml\u0131lar\u201d\u0131n avtomatlar\u0131n\u0131n l\u00fcl\u0259si alt\u0131nda islahatlar\u0131n apar\u0131lmas\u0131 hakimiyy\u0259tl\u0259 c\u0259miyy\u0259t aras\u0131nda etibar\u0131n yarad\u0131lmas\u0131 \u00fcsulu deyil. H\u0259tta yanl\u0131\u015fd\u0131r. Qazax\u0131stan xalq\u0131 qo\u015funlar\u0131n yeridilm\u0259sini KTMT t\u0259r\u0259find\u0259n t\u0259cav\u00fcz akt\u0131 kimi q\u0259bul ed\u0259c\u0259k, nec\u0259 ki Az\u0259rbaycanda bel\u0259 olmu\u015fdu. 1990-c\u0131 il yanvar\u0131n 20-d\u0259 konstitusion d\u00fcz\u0259nin yarad\u0131lmas\u0131 \u00fc\u00e7\u00fcn Bak\u0131ya sovet qo\u015funlar\u0131 yeridilmi\u015fdi. M\u0259hz bu, sovet ke\u00e7mi\u015fin\u0259 geri d\u00f6nm\u0259m\u0259y\u0259 n\u00f6qt\u0259 qoydu.<\/p>\n","protected":false},"excerpt":{"rendered":"<p>Yanvar\u0131n 5-d\u0259 TASS bildirib ki, Qazax\u0131stan Kollektiv T\u0259hl\u00fck\u0259sizlik M\u00fcqavil\u0259si T\u0259\u015fkilat\u0131 &#8230; <\/p>\n<p class=\"read-more-container\"><a title=\"Qazax\u0131stan \u00fc\u00e7\u00fcn geri d\u00f6nm\u0259m\u0259 n\u00f6qt\u0259si\" class=\"read-more button\" href=\"https:\/\/www.meydan.tv\/az\/article\/qazaxistan-ucun-geri-donmeme-noqtesi\/#more-231065\" aria-label=\"Read more about Qazax\u0131stan \u00fc\u00e7\u00fcn geri d\u00f6nm\u0259m\u0259 n\u00f6qt\u0259si\">Davam\u0131<\/a><\/p>\n","protected":false},"author":8,"featured_media":229553,"comment_status":"closed","ping_status":"closed","sticky":false,"template":"","format":"standard","meta":{"_acf_changed":false,"_sitemap_exclude":false,"_sitemap_priority":"","_sitemap_frequency":"","footnotes":""},"categories":[57],"tags":[],"class_list":["post-231065","post","type-post","status-publish","format-standard","has-post-thumbnail","hentry","category-menim-fikrimce","infinite-scroll-item","generate-columns","tablet-grid-50","mobile-grid-100","grid-parent","grid-33","no-featured-image-padding"],"acf":[],"yoast_head":"<!-- This site is optimized with the Yoast SEO plugin v27.4 - https:\/\/yoast.com\/product\/yoast-seo-wordpress\/ -->\n<title>Qazax\u0131stan \u00fc\u00e7\u00fcn geri d\u00f6nm\u0259m\u0259 n\u00f6qt\u0259si - MEYDAN.TV<\/title>\n<meta name=\"robots\" content=\"index, follow, max-snippet:-1, max-image-preview:large, max-video-preview:-1\" \/>\n<link rel=\"canonical\" href=\"https:\/\/www.meydan.tv\/az\/article\/qazaxistan-ucun-geri-donmeme-noqtesi\/\" \/>\n<meta property=\"og:locale\" content=\"az_AZ\" \/>\n<meta property=\"og:type\" content=\"article\" \/>\n<meta property=\"og:title\" content=\"Qazax\u0131stan \u00fc\u00e7\u00fcn geri d\u00f6nm\u0259m\u0259 n\u00f6qt\u0259si - MEYDAN.TV\" \/>\n<meta property=\"og:description\" content=\"Yanvar\u0131n 5-d\u0259 TASS bildirib ki, Qazax\u0131stan Kollektiv T\u0259hl\u00fck\u0259sizlik M\u00fcqavil\u0259si T\u0259\u015fkilat\u0131 ... Davam\u0131\" \/>\n<meta property=\"og:url\" content=\"https:\/\/www.meydan.tv\/az\/article\/qazaxistan-ucun-geri-donmeme-noqtesi\/\" \/>\n<meta property=\"og:site_name\" content=\"MEYDAN.TV\" \/>\n<meta property=\"article:published_time\" content=\"2022-01-06T12:15:51+00:00\" \/>\n<meta property=\"article:modified_time\" content=\"2022-01-06T12:15:52+00:00\" \/>\n<meta property=\"og:image\" content=\"https:\/\/www.meydan.tv\/wp-content\/uploads\/mehman-aliyev-4-1-e1639733881902.jpg\" \/>\n\t<meta property=\"og:image:width\" content=\"1200\" \/>\n\t<meta property=\"og:image:height\" content=\"666\" \/>\n\t<meta property=\"og:image:type\" content=\"image\/jpeg\" \/>\n<meta name=\"author\" content=\"elli\" \/>\n<meta name=\"twitter:card\" content=\"summary_large_image\" \/>\n<meta name=\"twitter:creator\" content=\"@elli\" \/>\n<script type=\"application\/ld+json\" class=\"yoast-schema-graph\">{\"@context\":\"https:\\\/\\\/schema.org\",\"@graph\":[{\"@type\":\"Article\",\"@id\":\"https:\\\/\\\/www.meydan.tv\\\/az\\\/article\\\/qazaxistan-ucun-geri-donmeme-noqtesi\\\/#article\",\"isPartOf\":{\"@id\":\"https:\\\/\\\/www.meydan.tv\\\/az\\\/article\\\/qazaxistan-ucun-geri-donmeme-noqtesi\\\/\"},\"author\":{\"name\":\"elli\",\"@id\":\"https:\\\/\\\/www.meydan.tv\\\/az\\\/#\\\/schema\\\/person\\\/9cdbecf90d17180ce1dfbd95b08dcf47\"},\"headline\":\"Qazax\u0131stan \u00fc\u00e7\u00fcn geri d\u00f6nm\u0259m\u0259 n\u00f6qt\u0259si\",\"datePublished\":\"2022-01-06T12:15:51+00:00\",\"dateModified\":\"2022-01-06T12:15:52+00:00\",\"mainEntityOfPage\":{\"@id\":\"https:\\\/\\\/www.meydan.tv\\\/az\\\/article\\\/qazaxistan-ucun-geri-donmeme-noqtesi\\\/\"},\"wordCount\":1025,\"publisher\":{\"@id\":\"https:\\\/\\\/www.meydan.tv\\\/az\\\/#organization\"},\"image\":{\"@id\":\"https:\\\/\\\/www.meydan.tv\\\/az\\\/article\\\/qazaxistan-ucun-geri-donmeme-noqtesi\\\/#primaryimage\"},\"thumbnailUrl\":\"https:\\\/\\\/www.meydan.tv\\\/wp-content\\\/uploads\\\/mehman-aliyev-4-1-e1639733881902.jpg\",\"articleSection\":[\"M\u0259nim Fikrimc\u0259\"],\"inLanguage\":\"az\"},{\"@type\":\"WebPage\",\"@id\":\"https:\\\/\\\/www.meydan.tv\\\/az\\\/article\\\/qazaxistan-ucun-geri-donmeme-noqtesi\\\/\",\"url\":\"https:\\\/\\\/www.meydan.tv\\\/az\\\/article\\\/qazaxistan-ucun-geri-donmeme-noqtesi\\\/\",\"name\":\"Qazax\u0131stan \u00fc\u00e7\u00fcn geri d\u00f6nm\u0259m\u0259 n\u00f6qt\u0259si - MEYDAN.TV\",\"isPartOf\":{\"@id\":\"https:\\\/\\\/www.meydan.tv\\\/az\\\/#website\"},\"primaryImageOfPage\":{\"@id\":\"https:\\\/\\\/www.meydan.tv\\\/az\\\/article\\\/qazaxistan-ucun-geri-donmeme-noqtesi\\\/#primaryimage\"},\"image\":{\"@id\":\"https:\\\/\\\/www.meydan.tv\\\/az\\\/article\\\/qazaxistan-ucun-geri-donmeme-noqtesi\\\/#primaryimage\"},\"thumbnailUrl\":\"https:\\\/\\\/www.meydan.tv\\\/wp-content\\\/uploads\\\/mehman-aliyev-4-1-e1639733881902.jpg\",\"datePublished\":\"2022-01-06T12:15:51+00:00\",\"dateModified\":\"2022-01-06T12:15:52+00:00\",\"breadcrumb\":{\"@id\":\"https:\\\/\\\/www.meydan.tv\\\/az\\\/article\\\/qazaxistan-ucun-geri-donmeme-noqtesi\\\/#breadcrumb\"},\"inLanguage\":\"az\",\"potentialAction\":[{\"@type\":\"ReadAction\",\"target\":[\"https:\\\/\\\/www.meydan.tv\\\/az\\\/article\\\/qazaxistan-ucun-geri-donmeme-noqtesi\\\/\"]}]},{\"@type\":\"ImageObject\",\"inLanguage\":\"az\",\"@id\":\"https:\\\/\\\/www.meydan.tv\\\/az\\\/article\\\/qazaxistan-ucun-geri-donmeme-noqtesi\\\/#primaryimage\",\"url\":\"https:\\\/\\\/www.meydan.tv\\\/wp-content\\\/uploads\\\/mehman-aliyev-4-1-e1639733881902.jpg\",\"contentUrl\":\"https:\\\/\\\/www.meydan.tv\\\/wp-content\\\/uploads\\\/mehman-aliyev-4-1-e1639733881902.jpg\",\"width\":1200,\"height\":666,\"caption\":\"Mehman \u018fliyev, Foto: Meydan TV\"},{\"@type\":\"BreadcrumbList\",\"@id\":\"https:\\\/\\\/www.meydan.tv\\\/az\\\/article\\\/qazaxistan-ucun-geri-donmeme-noqtesi\\\/#breadcrumb\",\"itemListElement\":[{\"@type\":\"ListItem\",\"position\":1,\"name\":\"Ana s\u0259hif\u0259\",\"item\":\"https:\\\/\\\/www.meydan.tv\\\/az\\\/\"},{\"@type\":\"ListItem\",\"position\":2,\"name\":\"M\u0259nim Fikrimc\u0259\",\"item\":\"https:\\\/\\\/www.meydan.tv\\\/az\\\/section\\\/menim-fikrimce\\\/\"},{\"@type\":\"ListItem\",\"position\":3,\"name\":\"Qazax\u0131stan \u00fc\u00e7\u00fcn geri d\u00f6nm\u0259m\u0259 n\u00f6qt\u0259si\"}]},{\"@type\":\"WebSite\",\"@id\":\"https:\\\/\\\/www.meydan.tv\\\/az\\\/#website\",\"url\":\"https:\\\/\\\/www.meydan.tv\\\/az\\\/\",\"name\":\"MEYDAN.TV\",\"description\":\"Meydan TV Az\u0259rbaycan\u0131n media m\u0259kan\u0131ndak\u0131 alternativ s\u0259sidir\",\"publisher\":{\"@id\":\"https:\\\/\\\/www.meydan.tv\\\/az\\\/#organization\"},\"potentialAction\":[{\"@type\":\"SearchAction\",\"target\":{\"@type\":\"EntryPoint\",\"urlTemplate\":\"https:\\\/\\\/www.meydan.tv\\\/az\\\/?s={search_term_string}\"},\"query-input\":{\"@type\":\"PropertyValueSpecification\",\"valueRequired\":true,\"valueName\":\"search_term_string\"}}],\"inLanguage\":\"az\"},{\"@type\":\"Organization\",\"@id\":\"https:\\\/\\\/www.meydan.tv\\\/az\\\/#organization\",\"name\":\"Meydan TV\",\"url\":\"https:\\\/\\\/www.meydan.tv\\\/az\\\/\",\"logo\":{\"@type\":\"ImageObject\",\"inLanguage\":\"az\",\"@id\":\"https:\\\/\\\/www.meydan.tv\\\/az\\\/#\\\/schema\\\/logo\\\/image\\\/\",\"url\":\"https:\\\/\\\/www.meydan.tv\\\/wp-content\\\/uploads\\\/2021\\\/07\\\/meydan-logo.svg\",\"contentUrl\":\"https:\\\/\\\/www.meydan.tv\\\/wp-content\\\/uploads\\\/2021\\\/07\\\/meydan-logo.svg\",\"width\":195,\"height\":46,\"caption\":\"Meydan TV\"},\"image\":{\"@id\":\"https:\\\/\\\/www.meydan.tv\\\/az\\\/#\\\/schema\\\/logo\\\/image\\\/\"}},{\"@type\":\"Person\",\"@id\":\"https:\\\/\\\/www.meydan.tv\\\/az\\\/#\\\/schema\\\/person\\\/9cdbecf90d17180ce1dfbd95b08dcf47\",\"name\":\"elli\",\"sameAs\":[\"https:\\\/\\\/x.com\\\/elli\"]}]}<\/script>\n<!-- \/ Yoast SEO plugin. -->","yoast_head_json":{"title":"Qazax\u0131stan \u00fc\u00e7\u00fcn geri d\u00f6nm\u0259m\u0259 n\u00f6qt\u0259si - MEYDAN.TV","robots":{"index":"index","follow":"follow","max-snippet":"max-snippet:-1","max-image-preview":"max-image-preview:large","max-video-preview":"max-video-preview:-1"},"canonical":"https:\/\/www.meydan.tv\/az\/article\/qazaxistan-ucun-geri-donmeme-noqtesi\/","og_locale":"az_AZ","og_type":"article","og_title":"Qazax\u0131stan \u00fc\u00e7\u00fcn geri d\u00f6nm\u0259m\u0259 n\u00f6qt\u0259si - MEYDAN.TV","og_description":"Yanvar\u0131n 5-d\u0259 TASS bildirib ki, Qazax\u0131stan Kollektiv T\u0259hl\u00fck\u0259sizlik M\u00fcqavil\u0259si T\u0259\u015fkilat\u0131 ... Davam\u0131","og_url":"https:\/\/www.meydan.tv\/az\/article\/qazaxistan-ucun-geri-donmeme-noqtesi\/","og_site_name":"MEYDAN.TV","article_published_time":"2022-01-06T12:15:51+00:00","article_modified_time":"2022-01-06T12:15:52+00:00","og_image":[{"width":1200,"height":666,"url":"https:\/\/www.meydan.tv\/wp-content\/uploads\/mehman-aliyev-4-1-e1639733881902.jpg","type":"image\/jpeg"}],"author":"elli","twitter_card":"summary_large_image","twitter_creator":"@elli","schema":{"@context":"https:\/\/schema.org","@graph":[{"@type":"Article","@id":"https:\/\/www.meydan.tv\/az\/article\/qazaxistan-ucun-geri-donmeme-noqtesi\/#article","isPartOf":{"@id":"https:\/\/www.meydan.tv\/az\/article\/qazaxistan-ucun-geri-donmeme-noqtesi\/"},"author":{"name":"elli","@id":"https:\/\/www.meydan.tv\/az\/#\/schema\/person\/9cdbecf90d17180ce1dfbd95b08dcf47"},"headline":"Qazax\u0131stan \u00fc\u00e7\u00fcn geri d\u00f6nm\u0259m\u0259 n\u00f6qt\u0259si","datePublished":"2022-01-06T12:15:51+00:00","dateModified":"2022-01-06T12:15:52+00:00","mainEntityOfPage":{"@id":"https:\/\/www.meydan.tv\/az\/article\/qazaxistan-ucun-geri-donmeme-noqtesi\/"},"wordCount":1025,"publisher":{"@id":"https:\/\/www.meydan.tv\/az\/#organization"},"image":{"@id":"https:\/\/www.meydan.tv\/az\/article\/qazaxistan-ucun-geri-donmeme-noqtesi\/#primaryimage"},"thumbnailUrl":"https:\/\/www.meydan.tv\/wp-content\/uploads\/mehman-aliyev-4-1-e1639733881902.jpg","articleSection":["M\u0259nim Fikrimc\u0259"],"inLanguage":"az"},{"@type":"WebPage","@id":"https:\/\/www.meydan.tv\/az\/article\/qazaxistan-ucun-geri-donmeme-noqtesi\/","url":"https:\/\/www.meydan.tv\/az\/article\/qazaxistan-ucun-geri-donmeme-noqtesi\/","name":"Qazax\u0131stan \u00fc\u00e7\u00fcn geri d\u00f6nm\u0259m\u0259 n\u00f6qt\u0259si - MEYDAN.TV","isPartOf":{"@id":"https:\/\/www.meydan.tv\/az\/#website"},"primaryImageOfPage":{"@id":"https:\/\/www.meydan.tv\/az\/article\/qazaxistan-ucun-geri-donmeme-noqtesi\/#primaryimage"},"image":{"@id":"https:\/\/www.meydan.tv\/az\/article\/qazaxistan-ucun-geri-donmeme-noqtesi\/#primaryimage"},"thumbnailUrl":"https:\/\/www.meydan.tv\/wp-content\/uploads\/mehman-aliyev-4-1-e1639733881902.jpg","datePublished":"2022-01-06T12:15:51+00:00","dateModified":"2022-01-06T12:15:52+00:00","breadcrumb":{"@id":"https:\/\/www.meydan.tv\/az\/article\/qazaxistan-ucun-geri-donmeme-noqtesi\/#breadcrumb"},"inLanguage":"az","potentialAction":[{"@type":"ReadAction","target":["https:\/\/www.meydan.tv\/az\/article\/qazaxistan-ucun-geri-donmeme-noqtesi\/"]}]},{"@type":"ImageObject","inLanguage":"az","@id":"https:\/\/www.meydan.tv\/az\/article\/qazaxistan-ucun-geri-donmeme-noqtesi\/#primaryimage","url":"https:\/\/www.meydan.tv\/wp-content\/uploads\/mehman-aliyev-4-1-e1639733881902.jpg","contentUrl":"https:\/\/www.meydan.tv\/wp-content\/uploads\/mehman-aliyev-4-1-e1639733881902.jpg","width":1200,"height":666,"caption":"Mehman \u018fliyev, Foto: Meydan TV"},{"@type":"BreadcrumbList","@id":"https:\/\/www.meydan.tv\/az\/article\/qazaxistan-ucun-geri-donmeme-noqtesi\/#breadcrumb","itemListElement":[{"@type":"ListItem","position":1,"name":"Ana s\u0259hif\u0259","item":"https:\/\/www.meydan.tv\/az\/"},{"@type":"ListItem","position":2,"name":"M\u0259nim Fikrimc\u0259","item":"https:\/\/www.meydan.tv\/az\/section\/menim-fikrimce\/"},{"@type":"ListItem","position":3,"name":"Qazax\u0131stan \u00fc\u00e7\u00fcn geri d\u00f6nm\u0259m\u0259 n\u00f6qt\u0259si"}]},{"@type":"WebSite","@id":"https:\/\/www.meydan.tv\/az\/#website","url":"https:\/\/www.meydan.tv\/az\/","name":"MEYDAN.TV","description":"Meydan TV Az\u0259rbaycan\u0131n media m\u0259kan\u0131ndak\u0131 alternativ s\u0259sidir","publisher":{"@id":"https:\/\/www.meydan.tv\/az\/#organization"},"potentialAction":[{"@type":"SearchAction","target":{"@type":"EntryPoint","urlTemplate":"https:\/\/www.meydan.tv\/az\/?s={search_term_string}"},"query-input":{"@type":"PropertyValueSpecification","valueRequired":true,"valueName":"search_term_string"}}],"inLanguage":"az"},{"@type":"Organization","@id":"https:\/\/www.meydan.tv\/az\/#organization","name":"Meydan TV","url":"https:\/\/www.meydan.tv\/az\/","logo":{"@type":"ImageObject","inLanguage":"az","@id":"https:\/\/www.meydan.tv\/az\/#\/schema\/logo\/image\/","url":"https:\/\/www.meydan.tv\/wp-content\/uploads\/2021\/07\/meydan-logo.svg","contentUrl":"https:\/\/www.meydan.tv\/wp-content\/uploads\/2021\/07\/meydan-logo.svg","width":195,"height":46,"caption":"Meydan TV"},"image":{"@id":"https:\/\/www.meydan.tv\/az\/#\/schema\/logo\/image\/"}},{"@type":"Person","@id":"https:\/\/www.meydan.tv\/az\/#\/schema\/person\/9cdbecf90d17180ce1dfbd95b08dcf47","name":"elli","sameAs":["https:\/\/x.com\/elli"]}]}},"_links":{"self":[{"href":"https:\/\/www.meydan.tv\/az\/wp-json\/wp\/v2\/posts\/231065","targetHints":{"allow":["GET"]}}],"collection":[{"href":"https:\/\/www.meydan.tv\/az\/wp-json\/wp\/v2\/posts"}],"about":[{"href":"https:\/\/www.meydan.tv\/az\/wp-json\/wp\/v2\/types\/post"}],"author":[{"embeddable":true,"href":"https:\/\/www.meydan.tv\/az\/wp-json\/wp\/v2\/users\/8"}],"replies":[{"embeddable":true,"href":"https:\/\/www.meydan.tv\/az\/wp-json\/wp\/v2\/comments?post=231065"}],"version-history":[{"count":1,"href":"https:\/\/www.meydan.tv\/az\/wp-json\/wp\/v2\/posts\/231065\/revisions"}],"predecessor-version":[{"id":231066,"href":"https:\/\/www.meydan.tv\/az\/wp-json\/wp\/v2\/posts\/231065\/revisions\/231066"}],"wp:featuredmedia":[{"embeddable":true,"href":"https:\/\/www.meydan.tv\/az\/wp-json\/wp\/v2\/media\/229553"}],"wp:attachment":[{"href":"https:\/\/www.meydan.tv\/az\/wp-json\/wp\/v2\/media?parent=231065"}],"wp:term":[{"taxonomy":"category","embeddable":true,"href":"https:\/\/www.meydan.tv\/az\/wp-json\/wp\/v2\/categories?post=231065"},{"taxonomy":"post_tag","embeddable":true,"href":"https:\/\/www.meydan.tv\/az\/wp-json\/wp\/v2\/tags?post=231065"}],"curies":[{"name":"wp","href":"https:\/\/api.w.org\/{rel}","templated":true}]}}