{"id":230980,"date":"2022-01-05T17:51:35","date_gmt":"2022-01-05T13:51:35","guid":{"rendered":"https:\/\/www.meydan.tv\/?p=230980"},"modified":"2022-01-05T17:51:37","modified_gmt":"2022-01-05T13:51:37","slug":"azerbaycan-huququ-felsefesi-ve-gercekleri-4","status":"publish","type":"post","link":"https:\/\/www.meydan.tv\/az\/article\/azerbaycan-huququ-felsefesi-ve-gercekleri-4\/","title":{"rendered":"Az\u0259rbaycan h\u00fcququ: f\u0259ls\u0259f\u0259si v\u0259 ger\u00e7\u0259kl\u0259ri"},"content":{"rendered":"\n<p><em>M\u0259hk\u0259m\u0259 hakimiyy\u0259ti<\/em><\/p>\n\n\n\n<p><strong>(d\u00f6rd\u00fcnc\u00fc yaz\u0131)<\/strong><\/p>\n\n\n\n<p>Yuxar\u0131da qeyd etdim ki, hakimiyy\u0259tl\u0259rin b\u00f6l\u00fcnm\u0259si prinsipin\u0259 g\u00f6r\u0259, m\u0259hk\u0259m\u0259 hakimiyy\u0259ti hakimiyy\u0259tin m\u00fcst\u0259qil qoludur. M\u0259hk\u0259m\u0259 hakimiyy\u0259ti qanunverici v\u0259 icra hakimiyy\u0259tinin qanunlar\u0131 pozmas\u0131n\u0131n qar\u015f\u0131s\u0131n\u0131 alan, hakimiyy\u0259t budaqlar\u0131n\u0131n tarazl\u0131\u011f\u0131n\u0131 t\u0259min ed\u0259n t\u0259sisatd\u0131r.<\/p>\n\n\n\n<p>Konstitusiya M\u0259hk\u0259m\u0259si konstitusiyaya uy\u011fun olmayan qanunlar\u0131 q\u00fcvv\u0259d\u0259n salmaqla, qanunlara t\u0259fsir verm\u0259kl\u0259, se\u00e7kil\u0259rin n\u0259tic\u0259l\u0259rini t\u0259sdiq etm\u0259kl\u0259, prezident\u0259 impi\u00e7menti ger\u00e7\u0259kl\u0259\u015fdirm\u0259kl\u0259, hakimiyy\u0259tl\u0259raras\u0131 m\u00fcbahis\u0259l\u0259ri h\u0259ll etm\u0259kl\u0259 v\u0259 s. vasit\u0259l\u0259rl\u0259, \u00fcmumi v\u0259 x\u00fcsusi yurisdiksiyal\u0131 m\u0259hk\u0259m\u0259l\u0259r is\u0259 qanunlar\u0131 t\u0259tbiq etm\u0259kl\u0259, hakim h\u00fcququnu ger\u00e7\u0259kl\u0259\u015fdirm\u0259kl\u0259, icra orqanlar\u0131n\u0131n q\u0259rar v\u0259 h\u0259r\u0259k\u0259tl\u0259rini qanunsuz saymaqla v\u0259 s. yollarla ba\u015fqa hakimiyy\u0259t qollar\u0131n\u0131n cilovda saxlanmas\u0131na, onlar aras\u0131nda tarazl\u0131q yarad\u0131lmas\u0131na nail olmal\u0131d\u0131r.<\/p>\n\n\n\n<p>Bizd\u0259 ger\u00e7\u0259klik n\u0259d\u0259n ibar\u0259tdir?<\/p>\n\n\n\n<p>Konstitusiyan\u0131n 8-ci madd\u0259sin\u0259 \u0259sas\u0259n, \u201cAR Prezidenti m\u0259hk\u0259m\u0259 hakimiyy\u0259tinin m\u00fcst\u0259qilliyinin t\u0259minat\u00e7\u0131s\u0131d\u0131r\u201d. \u201cHakimiyy\u0259tl\u0259rin b\u00f6l\u00fcnm\u0259si\u201d prinsipini elan ed\u0259n 7-ci madd\u0259d\u0259n d\u0259rhal sonra \u201cm\u00fcst\u0259qil m\u0259hk\u0259m\u0259 hakimiyy\u0259ti\u201dn\u0259 t\u0259minat\u00e7\u0131 m\u00fc\u0259yy\u0259n ed\u0259n norman\u0131n m\u00fc\u0259llifl\u0259ri h\u00fcquq f\u0259ls\u0259f\u0259sin\u0259 analoqu olmayan yenilik g\u0259tiribl\u0259r.<\/p>\n\n\n\n<p>N\u0259tic\u0259d\u0259 m\u0259hk\u0259m\u0259 hakimiyy\u0259ti icra hakimiyy\u0259tind\u0259n tam as\u0131l\u0131 duruma sal\u0131n\u0131b. \u0130cra hakimiyy\u0259ti m\u0259hk\u0259m\u0259 hakimiyy\u0259tinin t\u0259\u015fkili v\u0259 f\u0259aliyy\u0259tinin b\u00fct\u00fcn m\u0259s\u0259l\u0259l\u0259rini (hakiml\u0259rin t\u0259yin olunmas\u0131 v\u0259 v\u0259zif\u0259d\u0259n azad edilm\u0259si, onlar\u0131n pe\u015f\u0259 haz\u0131rl\u0131\u011f\u0131, m\u00fckafatland\u0131r\u0131lmas\u0131 v\u0259 c\u0259zaland\u0131r\u0131lmas\u0131, m\u0259hk\u0259m\u0259l\u0259rin texniki t\u0259minat\u0131 v\u0259 s.) h\u0259ll etm\u0259k s\u0259lahiyy\u0259ti qazan\u0131b. N\u0259tic\u0259d\u0259 pulu kim verirs\u0259, musuqini d\u0259 o sifari\u015f verir \u2013 filank\u0259s\u0259 5 il, o birin\u0259 15 il, s\u00f6k\u00fcnt\u00fcl\u0259r\u0259 d\u0259ym\u0259, tutulmayan korrupsionerl\u0259r\u0259 toxunma, amma \u0259dal\u0259t m\u00fchakim\u0259sini h\u0259yata ke\u00e7ir, insan h\u00fcquqlar\u0131n\u0131 qoru\u2026<\/p>\n\n\n\n<p>\u201cPrezident m\u0259hk\u0259m\u0259 hakimiyy\u0259tinin m\u00fcst\u0259qilliyinin t\u0259minat\u00e7\u0131s\u0131d\u0131r\u201d normas\u0131n\u0131n Konstitusiyaya daxil edilm\u0259sinin m\u0259nas\u0131 n\u0259dir? Bu norman\u0131n m\u00fc\u0259llifl\u0259ri bilirdil\u0259r ki, qanunlar\u0131n \u0259n \u00e7ox pozuldu\u011fu yer icra hakimiyy\u0259tidir v\u0259 onu m\u0259hk\u0259m\u0259 hakimiyy\u0259tinin q\u0259rarlar\u0131ndan qorumaq g\u0259r\u0259k olacaq. Bunun \u0259n optimal yolu m\u0259hk\u0259m\u0259 hakimiyy\u0259tini icra hakimiyy\u0259tind\u0259n as\u0131l\u0131 duruma salmaqd\u0131r.<\/p>\n\n\n\n<p>Hakimiyy\u0259tl\u0259rin b\u00f6l\u00fcnm\u0259si prinsipini k\u0259\u015ff ed\u0259nl\u0259rin d\u00fc\u015f\u00fcnc\u0259sin\u0259 g\u00f6r\u0259, hakimiyy\u0259tin h\u0259r \u00fc\u00e7 qolu m\u00fcst\u0259qil olmal\u0131, onlar\u0131n m\u00fcst\u0259qilliyinin t\u0259minat\u00e7\u0131s\u0131 is\u0259 \u00f6lk\u0259nin konstitusiyas\u0131 v\u0259 qanunlar\u0131 olmal\u0131d\u0131r. Kims\u0259 kimins\u0259 t\u0259minat\u00e7\u0131s\u0131 olursa, bu, b\u00f6l\u00fcnm\u0259 v\u0259 m\u00fcst\u0259qillik deyil. Dey\u0259 bil\u0259rsiniz ki, (nec\u0259 ki deyirl\u0259r) demokratik \u00f6lk\u0259l\u0259rin \u0259ks\u0259riyy\u0259tind\u0259 m\u0259hk\u0259m\u0259 hakimiyy\u0259tinin t\u0259\u015fkili v\u0259 f\u0259aliyy\u0259ti il\u0259 ba\u011fl\u0131 m\u0259s\u0259l\u0259l\u0259ri icra hakimiyy\u0259ti orqanlar\u0131, ad\u0259t\u0259n, \u018fdliyy\u0259 Nazirliyi h\u0259ll edir. Haql\u0131s\u0131n\u0131z, amma \u00f6z \u018fdliyy\u0259 Nazirliyinizi o \u00f6lk\u0259l\u0259rin nazirlikl\u0259ri il\u0259 m\u00fcqayis\u0259 edin, cavab\u0131n\u0131z\u0131 alacaqs\u0131n\u0131z.<\/p>\n\n\n\n<p>Avropa M\u0259hk\u0259m\u0259sinin m\u00f6vqeyin\u0259 g\u00f6r\u0259, \u201cm\u00fcst\u0259qil m\u0259hk\u0259m\u0259\u201d icra v\u0259 qanunverici hakimiyy\u0259t, el\u0259c\u0259 d\u0259 t\u0259r\u0259fl\u0259r qar\u015f\u0131s\u0131nda m\u00fcst\u0259qilliyi ifad\u0259 edir. \u00d6z\u0259llikl\u0259, icra hakimiyy\u0259tinin m\u0259hk\u0259m\u0259 prosesl\u0259rin\u0259 v\u0259 onlar\u0131n n\u0259tic\u0259sin\u0259 t\u0259sir etm\u0259k m\u0259qs\u0259di il\u0259 m\u00fcdaxil\u0259si hakiml\u0259rin m\u00fcst\u0259qilliyini sars\u0131d\u0131r. Hakiml\u0259ri icra hakimiyy\u0259tinin v\u0259zif\u0259y\u0259 t\u0259yin etm\u0259si o \u015f\u0259rtl\u0259 normal say\u0131l\u0131r ki, onlar t\u0259yin olunduqdan sonra h\u0259r hans\u0131 t\u0259zyiq\u0259 m\u0259ruz qalmas\u0131nlar, konkret i\u015fl\u0259rl\u0259 ba\u011fl\u0131 v\u0259 \u00fcmumiyy\u0259tl\u0259, icra hakimiyy\u0259tind\u0259n hans\u0131sa t\u0259limat almas\u0131nlar.<\/p>\n\n\n\n<p>Hakiml\u0259ri b\u00fct\u00fcn xarici (\u00f6z\u0259llikl\u0259, icra hakimiyy\u0259tind\u0259n) v\u0259 daxili (m\u0259hk\u0259m\u0259 s\u0259dri v\u0259 ba\u015fqa v\u0259zif\u0259li \u015f\u0259xsl\u0259rd\u0259n) t\u0259zyiq v\u0259 t\u0259sirl\u0259rd\u0259n qoruyan i\u015fl\u0259k (!) qanunvericilik qarantiyalar\u0131 olmal\u0131d\u0131r. Bir s\u00f6zl\u0259, \u201cm\u0259hk\u0259m\u0259nin m\u00fcst\u0259qilliyi\u201d anlay\u0131\u015f\u0131 hakimiyy\u0259t qollar\u0131n\u0131n m\u0259hk\u0259m\u0259 orqanlar\u0131n\u0131n i\u015fin\u0259&nbsp; m\u00fcdaxil\u0259 etm\u0259sin\u0259 qar\u015f\u0131 qanunvericilik v\u0259 t\u0259\u015fkilati (institusional) t\u0259minatlar\u0131n olmas\u0131n\u0131 t\u0259l\u0259b edir.<\/p>\n\n\n\n<p>\u0130st\u0259nil\u0259n c\u0259miyy\u0259td\u0259 insan faktoru deyil\u0259n bir \u015fey var. Normal idar\u0259\u00e7ilik yarada bilmi\u015f c\u0259miyy\u0259tl\u0259r v\u0259 d\u00f6vl\u0259tl\u0259r \u00e7e\u015fidli yollarla onun t\u0259sirini minimuma endirm\u0259y\u0259 \u00e7al\u0131\u015f\u0131r. D\u00f6vl\u0259t\u00e7ilik ideyalar\u0131na, qanunun \u00fcst\u00fcnl\u00fcy\u00fcn\u0259 sadiq olan kadrlar yeti\u015fdirilm\u0259si, t\u0259kmil qanunvericilik q\u0259bul edilm\u0259si, elmi-texniki t\u0259r\u0259qqinin n\u0259tic\u0259l\u0259rinin t\u0259tbiqi v\u0259 s. \u00fcsullarla insan faktorunun t\u0259sirini minimuma endirm\u0259y\u0259 \u00e7al\u0131\u015f\u0131rlar. H\u0259tta m\u00fcst\u0259qil hakiml\u0259rin olmas\u0131 da problemin h\u0259lli deyil.<\/p>\n\n\n\n<p>\u201cBerlind\u0259 hakiml\u0259r var\u201d ifad\u0259si primitiv formada olsa da, hans\u0131sa m\u00fcst\u0259qil, \u0259dal\u0259tli hakimi deyil, m\u0259hz \u0259dal\u0259tli m\u0259hk\u0259m\u0259 hakimiyy\u0259tini n\u0259z\u0259rd\u0259 tuturdu.<\/p>\n\n\n\n<p>M\u00fcst\u0259qil m\u0259hk\u0259m\u0259 hakimiyy\u0259ti (institusional v\u0259 f\u0259rdi) qurulmadan \u00f6lk\u0259d\u0259 qanun\u00e7ulu\u011fun v\u0259 \u0259dal\u0259tin t\u0259min olunmas\u0131 m\u00fcmk\u00fcn deyil. Bu is\u0259 normal qanunvericilik v\u0259 sa\u011flam siyasi irad\u0259 t\u0259l\u0259b edir.<\/p>\n\n\n\n<p>Hakimiyy\u0259tin d\u0259yi\u015fm\u0259si avtomatik olaraq h\u0259r \u015feyin d\u00fcz\u0259l\u0259c\u0259yi anlam\u0131na g\u0259lmir. Sabah o vahid, h\u0259r \u015fey\u0259 qadir irad\u0259nin da\u015f\u0131y\u0131c\u0131s\u0131 kim olur-olsun, f\u0259rqi yoxdur, mahiyy\u0259t d\u0259yi\u015fm\u0259y\u0259c\u0259k.<\/p>\n\n\n\n<p>Mahiyy\u0259tin d\u0259yi\u015fm\u0259si \u00fc\u00e7\u00fcn \u00e7a\u011fda\u015f demokratik qanunlar q\u0259bul edilm\u0259li, ham\u0131n\u0131n qanun qar\u015f\u0131s\u0131nda b\u0259rab\u0259rliyi, qanunun \u00fcst\u00fcnl\u00fcy\u00fc t\u0259min olunmal\u0131, \u00f6lk\u0259d\u0259 qanuna, haqq-\u0259dal\u0259t\u0259, insana xidm\u0259t ed\u0259n idar\u0259\u00e7ilik sistemi qurulmal\u0131d\u0131r.<\/p>\n\n\n\n<p>Hakimiyy\u0259tin qanunu qanunun hakimiyy\u0259ti il\u0259 \u0259v\u0259zl\u0259nm\u0259s\u0259, he\u00e7 n\u0259 d\u0259yi\u015fm\u0259y\u0259c\u0259k\u2026<\/p>\n","protected":false},"excerpt":{"rendered":"<p>M\u0259hk\u0259m\u0259 hakimiyy\u0259ti (d\u00f6rd\u00fcnc\u00fc yaz\u0131) Yuxar\u0131da qeyd etdim ki, hakimiyy\u0259tl\u0259rin b\u00f6l\u00fcnm\u0259si &#8230; <\/p>\n<p class=\"read-more-container\"><a title=\"Az\u0259rbaycan h\u00fcququ: f\u0259ls\u0259f\u0259si v\u0259 ger\u00e7\u0259kl\u0259ri\" class=\"read-more button\" href=\"https:\/\/www.meydan.tv\/az\/article\/azerbaycan-huququ-felsefesi-ve-gercekleri-4\/#more-230980\" aria-label=\"Read more about Az\u0259rbaycan h\u00fcququ: f\u0259ls\u0259f\u0259si v\u0259 ger\u00e7\u0259kl\u0259ri\">Davam\u0131<\/a><\/p>\n","protected":false},"author":8,"featured_media":213950,"comment_status":"closed","ping_status":"closed","sticky":false,"template":"","format":"standard","meta":{"_acf_changed":false,"_sitemap_exclude":false,"_sitemap_priority":"","_sitemap_frequency":"","footnotes":""},"categories":[57],"tags":[],"class_list":["post-230980","post","type-post","status-publish","format-standard","has-post-thumbnail","hentry","category-menim-fikrimce","infinite-scroll-item","generate-columns","tablet-grid-50","mobile-grid-100","grid-parent","grid-33","no-featured-image-padding"],"acf":[],"yoast_head":"<!-- This site is optimized with the Yoast SEO plugin v27.4 - https:\/\/yoast.com\/product\/yoast-seo-wordpress\/ -->\n<title>Az\u0259rbaycan h\u00fcququ: f\u0259ls\u0259f\u0259si v\u0259 ger\u00e7\u0259kl\u0259ri - MEYDAN.TV<\/title>\n<meta name=\"robots\" content=\"index, follow, max-snippet:-1, max-image-preview:large, max-video-preview:-1\" \/>\n<link rel=\"canonical\" href=\"https:\/\/www.meydan.tv\/az\/article\/azerbaycan-huququ-felsefesi-ve-gercekleri-4\/\" \/>\n<meta property=\"og:locale\" content=\"az_AZ\" \/>\n<meta property=\"og:type\" content=\"article\" \/>\n<meta property=\"og:title\" content=\"Az\u0259rbaycan h\u00fcququ: f\u0259ls\u0259f\u0259si v\u0259 ger\u00e7\u0259kl\u0259ri - MEYDAN.TV\" \/>\n<meta property=\"og:description\" content=\"M\u0259hk\u0259m\u0259 hakimiyy\u0259ti (d\u00f6rd\u00fcnc\u00fc yaz\u0131) Yuxar\u0131da qeyd etdim ki, hakimiyy\u0259tl\u0259rin b\u00f6l\u00fcnm\u0259si ... Davam\u0131\" \/>\n<meta property=\"og:url\" content=\"https:\/\/www.meydan.tv\/az\/article\/azerbaycan-huququ-felsefesi-ve-gercekleri-4\/\" \/>\n<meta property=\"og:site_name\" content=\"MEYDAN.TV\" \/>\n<meta property=\"article:published_time\" content=\"2022-01-05T13:51:35+00:00\" \/>\n<meta property=\"article:modified_time\" content=\"2022-01-05T13:51:37+00:00\" \/>\n<meta property=\"og:image\" content=\"https:\/\/www.meydan.tv\/wp-content\/uploads\/annaqi-1.jpg\" \/>\n\t<meta property=\"og:image:width\" content=\"1200\" \/>\n\t<meta property=\"og:image:height\" content=\"900\" \/>\n\t<meta property=\"og:image:type\" content=\"image\/jpeg\" \/>\n<meta name=\"author\" content=\"elli\" \/>\n<meta name=\"twitter:card\" content=\"summary_large_image\" \/>\n<meta name=\"twitter:creator\" content=\"@elli\" \/>\n<script type=\"application\/ld+json\" class=\"yoast-schema-graph\">{\"@context\":\"https:\\\/\\\/schema.org\",\"@graph\":[{\"@type\":\"Article\",\"@id\":\"https:\\\/\\\/www.meydan.tv\\\/az\\\/article\\\/azerbaycan-huququ-felsefesi-ve-gercekleri-4\\\/#article\",\"isPartOf\":{\"@id\":\"https:\\\/\\\/www.meydan.tv\\\/az\\\/article\\\/azerbaycan-huququ-felsefesi-ve-gercekleri-4\\\/\"},\"author\":{\"name\":\"elli\",\"@id\":\"https:\\\/\\\/www.meydan.tv\\\/az\\\/#\\\/schema\\\/person\\\/9cdbecf90d17180ce1dfbd95b08dcf47\"},\"headline\":\"Az\u0259rbaycan h\u00fcququ: f\u0259ls\u0259f\u0259si v\u0259 ger\u00e7\u0259kl\u0259ri\",\"datePublished\":\"2022-01-05T13:51:35+00:00\",\"dateModified\":\"2022-01-05T13:51:37+00:00\",\"mainEntityOfPage\":{\"@id\":\"https:\\\/\\\/www.meydan.tv\\\/az\\\/article\\\/azerbaycan-huququ-felsefesi-ve-gercekleri-4\\\/\"},\"wordCount\":1106,\"publisher\":{\"@id\":\"https:\\\/\\\/www.meydan.tv\\\/az\\\/#organization\"},\"image\":{\"@id\":\"https:\\\/\\\/www.meydan.tv\\\/az\\\/article\\\/azerbaycan-huququ-felsefesi-ve-gercekleri-4\\\/#primaryimage\"},\"thumbnailUrl\":\"https:\\\/\\\/www.meydan.tv\\\/wp-content\\\/uploads\\\/annaqi-1-e1652622738889.jpg\",\"articleSection\":[\"M\u0259nim Fikrimc\u0259\"],\"inLanguage\":\"az\"},{\"@type\":\"WebPage\",\"@id\":\"https:\\\/\\\/www.meydan.tv\\\/az\\\/article\\\/azerbaycan-huququ-felsefesi-ve-gercekleri-4\\\/\",\"url\":\"https:\\\/\\\/www.meydan.tv\\\/az\\\/article\\\/azerbaycan-huququ-felsefesi-ve-gercekleri-4\\\/\",\"name\":\"Az\u0259rbaycan h\u00fcququ: f\u0259ls\u0259f\u0259si v\u0259 ger\u00e7\u0259kl\u0259ri - MEYDAN.TV\",\"isPartOf\":{\"@id\":\"https:\\\/\\\/www.meydan.tv\\\/az\\\/#website\"},\"primaryImageOfPage\":{\"@id\":\"https:\\\/\\\/www.meydan.tv\\\/az\\\/article\\\/azerbaycan-huququ-felsefesi-ve-gercekleri-4\\\/#primaryimage\"},\"image\":{\"@id\":\"https:\\\/\\\/www.meydan.tv\\\/az\\\/article\\\/azerbaycan-huququ-felsefesi-ve-gercekleri-4\\\/#primaryimage\"},\"thumbnailUrl\":\"https:\\\/\\\/www.meydan.tv\\\/wp-content\\\/uploads\\\/annaqi-1-e1652622738889.jpg\",\"datePublished\":\"2022-01-05T13:51:35+00:00\",\"dateModified\":\"2022-01-05T13:51:37+00:00\",\"breadcrumb\":{\"@id\":\"https:\\\/\\\/www.meydan.tv\\\/az\\\/article\\\/azerbaycan-huququ-felsefesi-ve-gercekleri-4\\\/#breadcrumb\"},\"inLanguage\":\"az\",\"potentialAction\":[{\"@type\":\"ReadAction\",\"target\":[\"https:\\\/\\\/www.meydan.tv\\\/az\\\/article\\\/azerbaycan-huququ-felsefesi-ve-gercekleri-4\\\/\"]}]},{\"@type\":\"ImageObject\",\"inLanguage\":\"az\",\"@id\":\"https:\\\/\\\/www.meydan.tv\\\/az\\\/article\\\/azerbaycan-huququ-felsefesi-ve-gercekleri-4\\\/#primaryimage\",\"url\":\"https:\\\/\\\/www.meydan.tv\\\/wp-content\\\/uploads\\\/annaqi-1-e1652622738889.jpg\",\"contentUrl\":\"https:\\\/\\\/www.meydan.tv\\\/wp-content\\\/uploads\\\/annaqi-1-e1652622738889.jpg\",\"width\":1200,\"height\":762,\"caption\":\"Foto: Meydan TV\"},{\"@type\":\"BreadcrumbList\",\"@id\":\"https:\\\/\\\/www.meydan.tv\\\/az\\\/article\\\/azerbaycan-huququ-felsefesi-ve-gercekleri-4\\\/#breadcrumb\",\"itemListElement\":[{\"@type\":\"ListItem\",\"position\":1,\"name\":\"Ana s\u0259hif\u0259\",\"item\":\"https:\\\/\\\/www.meydan.tv\\\/az\\\/\"},{\"@type\":\"ListItem\",\"position\":2,\"name\":\"M\u0259nim Fikrimc\u0259\",\"item\":\"https:\\\/\\\/www.meydan.tv\\\/az\\\/section\\\/menim-fikrimce\\\/\"},{\"@type\":\"ListItem\",\"position\":3,\"name\":\"Az\u0259rbaycan h\u00fcququ: f\u0259ls\u0259f\u0259si v\u0259 ger\u00e7\u0259kl\u0259ri\"}]},{\"@type\":\"WebSite\",\"@id\":\"https:\\\/\\\/www.meydan.tv\\\/az\\\/#website\",\"url\":\"https:\\\/\\\/www.meydan.tv\\\/az\\\/\",\"name\":\"MEYDAN.TV\",\"description\":\"Meydan TV Az\u0259rbaycan\u0131n media m\u0259kan\u0131ndak\u0131 alternativ s\u0259sidir\",\"publisher\":{\"@id\":\"https:\\\/\\\/www.meydan.tv\\\/az\\\/#organization\"},\"potentialAction\":[{\"@type\":\"SearchAction\",\"target\":{\"@type\":\"EntryPoint\",\"urlTemplate\":\"https:\\\/\\\/www.meydan.tv\\\/az\\\/?s={search_term_string}\"},\"query-input\":{\"@type\":\"PropertyValueSpecification\",\"valueRequired\":true,\"valueName\":\"search_term_string\"}}],\"inLanguage\":\"az\"},{\"@type\":\"Organization\",\"@id\":\"https:\\\/\\\/www.meydan.tv\\\/az\\\/#organization\",\"name\":\"Meydan TV\",\"url\":\"https:\\\/\\\/www.meydan.tv\\\/az\\\/\",\"logo\":{\"@type\":\"ImageObject\",\"inLanguage\":\"az\",\"@id\":\"https:\\\/\\\/www.meydan.tv\\\/az\\\/#\\\/schema\\\/logo\\\/image\\\/\",\"url\":\"https:\\\/\\\/www.meydan.tv\\\/wp-content\\\/uploads\\\/2021\\\/07\\\/meydan-logo.svg\",\"contentUrl\":\"https:\\\/\\\/www.meydan.tv\\\/wp-content\\\/uploads\\\/2021\\\/07\\\/meydan-logo.svg\",\"width\":195,\"height\":46,\"caption\":\"Meydan TV\"},\"image\":{\"@id\":\"https:\\\/\\\/www.meydan.tv\\\/az\\\/#\\\/schema\\\/logo\\\/image\\\/\"}},{\"@type\":\"Person\",\"@id\":\"https:\\\/\\\/www.meydan.tv\\\/az\\\/#\\\/schema\\\/person\\\/9cdbecf90d17180ce1dfbd95b08dcf47\",\"name\":\"elli\",\"sameAs\":[\"https:\\\/\\\/x.com\\\/elli\"]}]}<\/script>\n<!-- \/ Yoast SEO plugin. -->","yoast_head_json":{"title":"Az\u0259rbaycan h\u00fcququ: f\u0259ls\u0259f\u0259si v\u0259 ger\u00e7\u0259kl\u0259ri - MEYDAN.TV","robots":{"index":"index","follow":"follow","max-snippet":"max-snippet:-1","max-image-preview":"max-image-preview:large","max-video-preview":"max-video-preview:-1"},"canonical":"https:\/\/www.meydan.tv\/az\/article\/azerbaycan-huququ-felsefesi-ve-gercekleri-4\/","og_locale":"az_AZ","og_type":"article","og_title":"Az\u0259rbaycan h\u00fcququ: f\u0259ls\u0259f\u0259si v\u0259 ger\u00e7\u0259kl\u0259ri - MEYDAN.TV","og_description":"M\u0259hk\u0259m\u0259 hakimiyy\u0259ti (d\u00f6rd\u00fcnc\u00fc yaz\u0131) Yuxar\u0131da qeyd etdim ki, hakimiyy\u0259tl\u0259rin b\u00f6l\u00fcnm\u0259si ... Davam\u0131","og_url":"https:\/\/www.meydan.tv\/az\/article\/azerbaycan-huququ-felsefesi-ve-gercekleri-4\/","og_site_name":"MEYDAN.TV","article_published_time":"2022-01-05T13:51:35+00:00","article_modified_time":"2022-01-05T13:51:37+00:00","og_image":[{"width":1200,"height":900,"url":"https:\/\/www.meydan.tv\/wp-content\/uploads\/annaqi-1.jpg","type":"image\/jpeg"}],"author":"elli","twitter_card":"summary_large_image","twitter_creator":"@elli","schema":{"@context":"https:\/\/schema.org","@graph":[{"@type":"Article","@id":"https:\/\/www.meydan.tv\/az\/article\/azerbaycan-huququ-felsefesi-ve-gercekleri-4\/#article","isPartOf":{"@id":"https:\/\/www.meydan.tv\/az\/article\/azerbaycan-huququ-felsefesi-ve-gercekleri-4\/"},"author":{"name":"elli","@id":"https:\/\/www.meydan.tv\/az\/#\/schema\/person\/9cdbecf90d17180ce1dfbd95b08dcf47"},"headline":"Az\u0259rbaycan h\u00fcququ: f\u0259ls\u0259f\u0259si v\u0259 ger\u00e7\u0259kl\u0259ri","datePublished":"2022-01-05T13:51:35+00:00","dateModified":"2022-01-05T13:51:37+00:00","mainEntityOfPage":{"@id":"https:\/\/www.meydan.tv\/az\/article\/azerbaycan-huququ-felsefesi-ve-gercekleri-4\/"},"wordCount":1106,"publisher":{"@id":"https:\/\/www.meydan.tv\/az\/#organization"},"image":{"@id":"https:\/\/www.meydan.tv\/az\/article\/azerbaycan-huququ-felsefesi-ve-gercekleri-4\/#primaryimage"},"thumbnailUrl":"https:\/\/www.meydan.tv\/wp-content\/uploads\/annaqi-1-e1652622738889.jpg","articleSection":["M\u0259nim Fikrimc\u0259"],"inLanguage":"az"},{"@type":"WebPage","@id":"https:\/\/www.meydan.tv\/az\/article\/azerbaycan-huququ-felsefesi-ve-gercekleri-4\/","url":"https:\/\/www.meydan.tv\/az\/article\/azerbaycan-huququ-felsefesi-ve-gercekleri-4\/","name":"Az\u0259rbaycan h\u00fcququ: f\u0259ls\u0259f\u0259si v\u0259 ger\u00e7\u0259kl\u0259ri - MEYDAN.TV","isPartOf":{"@id":"https:\/\/www.meydan.tv\/az\/#website"},"primaryImageOfPage":{"@id":"https:\/\/www.meydan.tv\/az\/article\/azerbaycan-huququ-felsefesi-ve-gercekleri-4\/#primaryimage"},"image":{"@id":"https:\/\/www.meydan.tv\/az\/article\/azerbaycan-huququ-felsefesi-ve-gercekleri-4\/#primaryimage"},"thumbnailUrl":"https:\/\/www.meydan.tv\/wp-content\/uploads\/annaqi-1-e1652622738889.jpg","datePublished":"2022-01-05T13:51:35+00:00","dateModified":"2022-01-05T13:51:37+00:00","breadcrumb":{"@id":"https:\/\/www.meydan.tv\/az\/article\/azerbaycan-huququ-felsefesi-ve-gercekleri-4\/#breadcrumb"},"inLanguage":"az","potentialAction":[{"@type":"ReadAction","target":["https:\/\/www.meydan.tv\/az\/article\/azerbaycan-huququ-felsefesi-ve-gercekleri-4\/"]}]},{"@type":"ImageObject","inLanguage":"az","@id":"https:\/\/www.meydan.tv\/az\/article\/azerbaycan-huququ-felsefesi-ve-gercekleri-4\/#primaryimage","url":"https:\/\/www.meydan.tv\/wp-content\/uploads\/annaqi-1-e1652622738889.jpg","contentUrl":"https:\/\/www.meydan.tv\/wp-content\/uploads\/annaqi-1-e1652622738889.jpg","width":1200,"height":762,"caption":"Foto: Meydan TV"},{"@type":"BreadcrumbList","@id":"https:\/\/www.meydan.tv\/az\/article\/azerbaycan-huququ-felsefesi-ve-gercekleri-4\/#breadcrumb","itemListElement":[{"@type":"ListItem","position":1,"name":"Ana s\u0259hif\u0259","item":"https:\/\/www.meydan.tv\/az\/"},{"@type":"ListItem","position":2,"name":"M\u0259nim Fikrimc\u0259","item":"https:\/\/www.meydan.tv\/az\/section\/menim-fikrimce\/"},{"@type":"ListItem","position":3,"name":"Az\u0259rbaycan h\u00fcququ: f\u0259ls\u0259f\u0259si v\u0259 ger\u00e7\u0259kl\u0259ri"}]},{"@type":"WebSite","@id":"https:\/\/www.meydan.tv\/az\/#website","url":"https:\/\/www.meydan.tv\/az\/","name":"MEYDAN.TV","description":"Meydan TV Az\u0259rbaycan\u0131n media m\u0259kan\u0131ndak\u0131 alternativ s\u0259sidir","publisher":{"@id":"https:\/\/www.meydan.tv\/az\/#organization"},"potentialAction":[{"@type":"SearchAction","target":{"@type":"EntryPoint","urlTemplate":"https:\/\/www.meydan.tv\/az\/?s={search_term_string}"},"query-input":{"@type":"PropertyValueSpecification","valueRequired":true,"valueName":"search_term_string"}}],"inLanguage":"az"},{"@type":"Organization","@id":"https:\/\/www.meydan.tv\/az\/#organization","name":"Meydan TV","url":"https:\/\/www.meydan.tv\/az\/","logo":{"@type":"ImageObject","inLanguage":"az","@id":"https:\/\/www.meydan.tv\/az\/#\/schema\/logo\/image\/","url":"https:\/\/www.meydan.tv\/wp-content\/uploads\/2021\/07\/meydan-logo.svg","contentUrl":"https:\/\/www.meydan.tv\/wp-content\/uploads\/2021\/07\/meydan-logo.svg","width":195,"height":46,"caption":"Meydan TV"},"image":{"@id":"https:\/\/www.meydan.tv\/az\/#\/schema\/logo\/image\/"}},{"@type":"Person","@id":"https:\/\/www.meydan.tv\/az\/#\/schema\/person\/9cdbecf90d17180ce1dfbd95b08dcf47","name":"elli","sameAs":["https:\/\/x.com\/elli"]}]}},"_links":{"self":[{"href":"https:\/\/www.meydan.tv\/az\/wp-json\/wp\/v2\/posts\/230980","targetHints":{"allow":["GET"]}}],"collection":[{"href":"https:\/\/www.meydan.tv\/az\/wp-json\/wp\/v2\/posts"}],"about":[{"href":"https:\/\/www.meydan.tv\/az\/wp-json\/wp\/v2\/types\/post"}],"author":[{"embeddable":true,"href":"https:\/\/www.meydan.tv\/az\/wp-json\/wp\/v2\/users\/8"}],"replies":[{"embeddable":true,"href":"https:\/\/www.meydan.tv\/az\/wp-json\/wp\/v2\/comments?post=230980"}],"version-history":[{"count":1,"href":"https:\/\/www.meydan.tv\/az\/wp-json\/wp\/v2\/posts\/230980\/revisions"}],"predecessor-version":[{"id":230981,"href":"https:\/\/www.meydan.tv\/az\/wp-json\/wp\/v2\/posts\/230980\/revisions\/230981"}],"wp:featuredmedia":[{"embeddable":true,"href":"https:\/\/www.meydan.tv\/az\/wp-json\/wp\/v2\/media\/213950"}],"wp:attachment":[{"href":"https:\/\/www.meydan.tv\/az\/wp-json\/wp\/v2\/media?parent=230980"}],"wp:term":[{"taxonomy":"category","embeddable":true,"href":"https:\/\/www.meydan.tv\/az\/wp-json\/wp\/v2\/categories?post=230980"},{"taxonomy":"post_tag","embeddable":true,"href":"https:\/\/www.meydan.tv\/az\/wp-json\/wp\/v2\/tags?post=230980"}],"curies":[{"name":"wp","href":"https:\/\/api.w.org\/{rel}","templated":true}]}}