{"id":230953,"date":"2022-01-05T15:18:37","date_gmt":"2022-01-05T11:18:37","guid":{"rendered":"https:\/\/www.meydan.tv\/?p=230953"},"modified":"2022-01-05T15:35:57","modified_gmt":"2022-01-05T11:35:57","slug":"rasim-balayev-kinoya-basi-cixan-adam-nezaret-etmelidir","status":"publish","type":"post","link":"https:\/\/www.meydan.tv\/az\/article\/rasim-balayev-kinoya-basi-cixan-adam-nezaret-etmelidir\/","title":{"rendered":"Rasim Balayev: &#8220;Kinoya ba\u015f\u0131 \u00e7\u0131xan adam n\u0259zar\u0259t etm\u0259lidir&#8221;"},"content":{"rendered":"\n<p><em>&#8220;Ke\u00e7mi\u015f nazirin kinodan ba\u015f\u0131 \u00e7\u0131xm\u0131rd\u0131&#8221;<\/em><br><\/p>\n\n\n\n<p><strong>Xalq artisti Rasim Balayev Meydan TV-y\u0259 m\u00fcsahib\u0259 verib. O, Az\u0259rbaycan kinosunun son durumundan, M\u0259d\u0259niyy\u0259t Nazirliyinin yeni islahat v\u0259dl\u0259rind\u0259n, kinoya ayr\u0131lan v\u0259saitl\u0259rd\u0259n, eyni zamanda, yeni \u00e7\u0259kil\u0259n filml\u0259rl\u0259 ba\u011fl\u0131 dan\u0131\u015f\u0131b.<\/strong><\/p>\n\n\n\n<ul class=\"wp-block-list\"><li><em>2021-ci ilin son g\u00fcnl\u0259rind\u0259 m\u0259d\u0259niyy\u0259t naziri Anar K\u0259rimov ilin yekunlar\u0131 il\u0259 ba\u011fl\u0131 ke\u00e7irdiyi m\u0259tbuat <a href=\"https:\/\/d9mc3ts4czbpr.cloudfront.net\/az\/article\/medeniyyet-nazirliyi-ile-yekun-vurdu\/\" target=\"_blank\" rel=\"noreferrer noopener\">konfrans<\/a>\u0131nda m\u0259d\u0259niyy\u0259t, h\u0259m\u00e7inin kino sah\u0259sind\u0259 g\u00f6r\u00fcl\u0259n i\u015fl\u0259rd\u0259n dan\u0131\u015fd\u0131. Dedi ki, n\u00f6vb\u0259ti ill\u0259rd\u0259 Kino Agentliyinin yarad\u0131lmas\u0131, \u201cNetflix T\u00fcrkiye\u201d platformas\u0131 il\u0259 \u0259m\u0259kda\u015fl\u0131q, h\u0259m\u00e7inin kino sah\u0259sind\u0259 bir \u00e7ox islahatlar <a href=\"https:\/\/d9mc3ts4czbpr.cloudfront.net\/az\/article\/anar-kerimov-azerbaycanda-teatr-agentliyinin-yaradila-biler\/\" target=\"_blank\" rel=\"noreferrer noopener\">apar\u0131lacaq<\/a>. Nec\u0259 d\u00fc\u015f\u00fcn\u00fcrs\u00fcn\u00fcz, veril\u0259n bu islahat v\u0259dl\u0259ri Az\u0259rbaycan kinosunun inki\u015faf\u0131na xidm\u0259t ed\u0259c\u0259k?<\/em><\/li><\/ul>\n\n\n\n<p><\/p>\n\n\n\n<ul class=\"wp-block-list\"><li>\u0130slahat dey\u0259nd\u0259 n\u0259 n\u0259z\u0259rd\u0259 tutulur? N\u0259 islahat? Yax\u015f\u0131, sanball\u0131 film \u00e7\u0259km\u0259k laz\u0131md\u0131r. \u00c7ox s\u00f6zl\u0259r deyirl\u0259r, islahatlardan dan\u0131\u015f\u0131rlar. \u0130st\u0259yirs\u0259n, ad\u0131n\u0131 islahat qoy, amma n\u0259tic\u0259d\u0259 ortaya yax\u015f\u0131 film \u00e7\u0131xar. S\u00f6hb\u0259t etm\u0259k yax\u015f\u0131d\u0131r, amma ortada bir i\u015f olsun. H\u0259mi\u015f\u0259 deyirik ki, T\u00fcrkiy\u0259 il\u0259 m\u00fc\u015ft\u0259r\u0259k film \u00e7\u0259kilsin. Amma bunu ill\u0259rdir deyirik, \u0259m\u0259l\u0259 g\u0259lmir, s\u00f6zd\u0259 qal\u0131r. \u0130\u015f g\u00f6rm\u0259k laz\u0131md\u0131r.<\/li><\/ul>\n\n\n\n<p><\/p>\n\n\n\n<ul class=\"wp-block-list\"><li><em>Sizc\u0259, yax\u015f\u0131 i\u015f g\u00f6rm\u0259y\u0259 mane olan n\u0259dir: siyasi, yoxsa iqtisadi amill\u0259r?<\/em><\/li><\/ul>\n\n\n\n<p><\/p>\n\n\n\n<ul class=\"wp-block-list\"><li>Sovet h\u00f6kum\u0259ti d\u00f6vr\u00fcnd\u0259 kinoda pis-yax\u015f\u0131 bir struktur yaranm\u0131\u015fd\u0131. Birlik da\u011f\u0131landan sonra kinonu nazirlik s\u0259viyy\u0259sind\u0259 komit\u0259 etdil\u0259r. Sonra da nazirlikd\u0259 \u00fc\u00e7-d\u00f6rd n\u0259f\u0259r i\u015f\u00e7isi olan \u015f\u00f6b\u0259y\u0259 \u00e7evrildi. \u201cAz\u0259rbaycanfilm\u201d kinostudiyas\u0131 da\u011f\u0131ld\u0131, alt\u0131-yeddi il \u00fcmumiyy\u0259tl\u0259, film \u00e7\u0259kilm\u0259di. Bu z\u0259ncir q\u0131r\u0131ld\u0131. Kino sah\u0259sini M\u0259d\u0259niyy\u0259t Nazirliyind\u0259n ay\u0131rmaq laz\u0131md\u0131r. Kino il\u0259 ba\u011fl\u0131 qurum m\u00fcst\u0259qil f\u0259aliyy\u0259t g\u00f6st\u0259rm\u0259lidir. Yaz\u0131\u00e7\u0131lar, rejissorlar, redaktorlar c\u0259lb olunmal\u0131d\u0131r. \u018fg\u0259r \u00f6z\u00fcm\u00fczd\u0259 yoxdursa, d\u0259v\u0259t etsinl\u0259r. G\u00f6rk\u0259mli rejissorlar g\u0259lsin. Onlar\u0131n r\u0259hb\u0259rliyi il\u0259 bizim g\u0259ncl\u0259r film \u00e7\u0259ksinl\u0259r.<\/li><\/ul>\n\n\n\n<p><\/p>\n\n\n\n<ul class=\"wp-block-list\"><li><em>Kinoya, el\u0259 teatra da azadl\u0131q verm\u0259k hans\u0131 m\u00fcsb\u0259t v\u0259 m\u0259nfi n\u0259tic\u0259l\u0259r\u0259 g\u0259tir\u0259 bil\u0259r?<\/em><\/li><\/ul>\n\n\n\n<p><\/p>\n\n\n\n<ul class=\"wp-block-list\"><li>M\u0259d\u0259niyy\u0259t Nazirliyinin t\u0259rkibind\u0259 teatr, muzey v\u0259 sair \u015f\u00f6b\u0259l\u0259r var. Kino da h\u0259min \u015f\u00f6b\u0259l\u0259rd\u0259n biridir. \u00dc\u00e7-d\u00f6rd n\u0259f\u0259r d\u0259 kino \u015f\u00f6b\u0259sind\u0259 oturub. Kinoya kinodan ba\u015f\u0131 \u00e7\u0131xan adam n\u0259zar\u0259t etm\u0259lidir. Ke\u00e7mi\u015f nazirin kinodan ba\u015f\u0131 \u00e7\u0131xm\u0131rd\u0131, ba\u015fqa yerd\u0259n g\u0259lmi\u015f bir adam idi. Kimins\u0259 ssenarisini g\u0259tirirdil\u0259r. O da ssenarini istehsalata burax\u0131rd\u0131. Kinonu d\u0259rind\u0259n bilm\u0259y\u0259n adam ssenariy\u0259 bax\u0131r. Deyir ki, h\u0259, bunu \u00e7\u0259kin. Bu i\u015f bel\u0259 olmur. Ona g\u00f6r\u0259 deyir\u0259m ki, bu i\u015fi pe\u015f\u0259kara h\u0259val\u0259 etm\u0259k laz\u0131md\u0131r.<\/li><\/ul>\n\n\n\n<p><\/p>\n\n\n\n<ul class=\"wp-block-list\"><li><em>M\u0259d\u0259niyy\u0259t sah\u0259sind\u0259 m\u0259mur t\u0259siri hans\u0131 s\u0259viyy\u0259d\u0259dir?<\/em><\/li><\/ul>\n\n\n\n<p><\/p>\n\n\n\n<ul class=\"wp-block-list\"><li>\u018fvv\u0259ll\u0259r kino sah\u0259sind\u0259 B\u0259dii \u015eura m\u00f6vcud idi. B\u0259st\u0259kar, rejissor, aktyor, rejissor, yaz\u0131\u00e7\u0131, bir s\u00f6zl\u0259, s\u0259n\u0259t al\u0259minin m\u00fcxt\u0259lif sah\u0259l\u0259rind\u0259n iyirmiy\u0259 yax\u0131n \u00fczv vard\u0131. Ssenari t\u0259qdim olunurdu, h\u0259min iyirmi n\u0259f\u0259r bax\u0131rd\u0131. B\u0259dii \u015euradan ke\u00e7\u0259nd\u0259n sonra film \u00e7\u0259kilirdi. Daha sonra qurum film\u0259 bir d\u0259 bax\u0131rd\u0131. O vaxt n\u0259zar\u0259t vard\u0131. Bu i\u015fi izl\u0259yirdil\u0259r ki, adam ssenarid\u0259n k\u0259nara \u00e7\u0131xmas\u0131n. \u00c7\u00fcnki ssenarini iyirmi adam t\u0259sdiq edirdi. \u0130ndi kims\u0259 kinonu \u00e7\u0259kir, ax\u0131rda g\u0259tirir, d\u0259yi\u015fm\u0259k olmur.<\/li><\/ul>\n\n\n\n<p><\/p>\n\n\n\n<ul class=\"wp-block-list\"><li><em>Maliyy\u0259 naziri Samir \u015e\u0259rifov \u00f6t\u0259n il Milli M\u0259clisd\u0259 \u00e7\u0131x\u0131\u015f\u0131nda kinolar\u0131n \u00e7\u0259kilm\u0259si il\u0259 ba\u011fl\u0131 v\u0259sait ayr\u0131lsa da, bu sah\u0259d\u0259 h\u0259r hans\u0131 m\u00fch\u00fcm d\u0259yi\u015fiklikl\u0259rin olmamas\u0131ndan <a href=\"https:\/\/d9mc3ts4czbpr.cloudfront.net\/az\/article\/niye-cekilen-filmlerin-budcesi-aciqlanmir\/\" target=\"_blank\" rel=\"noreferrer noopener\">gileyl\u0259nmi\u015fdi<\/a>. B\u0259lk\u0259, problem siz dediyiniz kimi nazir se\u00e7imind\u0259dir?<\/em><\/li><\/ul>\n\n\n\n<p><\/p>\n\n\n\n<ul class=\"wp-block-list\"><li>M\u0259n onu deyir\u0259m d\u0259. \u018fb\u00fclf\u0259s Qarayev kinonu bilmirdi. Ona g\u00f6r\u0259 d\u0259 kinonu M\u0259d\u0259niyy\u0259t Nazirliyind\u0259n ay\u0131rmaq laz\u0131md\u0131r. Ora istedadl\u0131 g\u0259ncl\u0259ri c\u0259lb etm\u0259k laz\u0131md\u0131r. Bu adamlarda kino il\u0259 ba\u011fl\u0131 he\u00e7 bir narahatl\u0131q yoxdur. Amma vaxt gedir. Yeni n\u0259sil yeti\u015fmir. Kinonun \u0259n pik n\u00f6qt\u0259si 70-80-ci ill\u0259rd\u0259 oldu. N\u0259 yax\u015f\u0131 ki, kinoya m\u0259hz h\u0259min d\u00f6vrd\u0259, i\u015fin qaynar vaxtd\u0131nda g\u0259ldim. Sonra z\u0259ncir q\u0131r\u0131ld\u0131, daha filml\u0259r \u00e7\u0259kilm\u0259di. Buna \u0259ncam \u00e7\u0259kilm\u0259lidir. \u00c7\u0259k\u0259 bilmirl\u0259rs\u0259, bunu etiraf etsinl\u0259r. K\u0259nardan pe\u015f\u0259karlar d\u0259v\u0259t olunsun, yax\u015f\u0131 filml\u0259r \u00e7\u0259kilsin. Samir \u015e\u0259rifov haql\u0131d\u0131r, h\u00f6kum\u0259t pulu verir, sifari\u015fini edir. Bunlar da ortaya i\u015f qoya bilmir. Kinoya ayr\u0131lan pula da sanball\u0131 i\u015fl\u0259 cavab verm\u0259k laz\u0131md\u0131r.<\/li><\/ul>\n\n\n\n<p><\/p>\n\n\n\n<ul class=\"wp-block-list\"><li><em>\u00d6z\u00fcn\u00fcz d\u0259 qeyd etdiyiniz kimi, kinoda b\u00f6hran sizin kimi aktyorlar\u0131n yetkin d\u00f6vr\u00fcn\u0259 t\u0259sad\u00fcf etdi. Az\u0259rbaycan kinematorqafiyas\u0131 sizin potensial\u0131n\u0131zdan tam istifad\u0259 ed\u0259 bildi?<\/em><\/li><\/ul>\n\n\n\n<p><\/p>\n\n\n\n<ul class=\"wp-block-list\"><li>Yox, yox. M\u0259n tam kamill\u0259\u015fib, yeti\u015f\u0259n bir d\u00f6vrd\u0259 kino dayand\u0131. Bo\u015fa ged\u0259n 25-30 il \u0259rzind\u0259, y\u0259qin ki, otuza q\u0259d\u0259r film\u0259 \u00e7\u0259kil\u0259rdim. Oynad\u0131\u011f\u0131m rollardan da he\u00e7 olmasa, be\u015f-alt\u0131s\u0131 xalq\u0131n sevimlisin\u0259 \u00e7evril\u0259 bil\u0259rdi. D\u00fczd\u00fcr, arada film\u0259 \u00e7\u0259kildim, amma \u00fcmumi g\u00f6t\u00fcr\u0259nd\u0259, bu ill\u0259r bo\u015funa getdi.<\/li><\/ul>\n","protected":false},"excerpt":{"rendered":"<p>&#8220;Ke\u00e7mi\u015f nazirin kinodan ba\u015f\u0131 \u00e7\u0131xm\u0131rd\u0131&#8221; Xalq artisti Rasim Balayev Meydan &#8230; <\/p>\n<p class=\"read-more-container\"><a title=\"Rasim Balayev: &#8220;Kinoya ba\u015f\u0131 \u00e7\u0131xan adam n\u0259zar\u0259t etm\u0259lidir&#8221;\" class=\"read-more button\" href=\"https:\/\/www.meydan.tv\/az\/article\/rasim-balayev-kinoya-basi-cixan-adam-nezaret-etmelidir\/#more-230953\" aria-label=\"Read more about Rasim Balayev: &#8220;Kinoya ba\u015f\u0131 \u00e7\u0131xan adam n\u0259zar\u0259t etm\u0259lidir&#8221;\">Davam\u0131<\/a><\/p>\n","protected":false},"author":8,"featured_media":230954,"comment_status":"closed","ping_status":"closed","sticky":false,"template":"","format":"standard","meta":{"_acf_changed":false,"_sitemap_exclude":false,"_sitemap_priority":"","_sitemap_frequency":"","footnotes":""},"categories":[52,79,56],"tags":[],"class_list":["post-230953","post","type-post","status-publish","format-standard","has-post-thumbnail","hentry","category-medeniyyet","category-featured","category-xeberler","infinite-scroll-item","generate-columns","tablet-grid-50","mobile-grid-100","grid-parent","grid-33","no-featured-image-padding"],"acf":[],"yoast_head":"<!-- This site is optimized with the Yoast SEO plugin v27.4 - https:\/\/yoast.com\/product\/yoast-seo-wordpress\/ -->\n<title>Rasim Balayev: &quot;Kinoya ba\u015f\u0131 \u00e7\u0131xan adam n\u0259zar\u0259t etm\u0259lidir&quot; - MEYDAN.TV<\/title>\n<meta name=\"robots\" content=\"index, follow, max-snippet:-1, max-image-preview:large, max-video-preview:-1\" \/>\n<link rel=\"canonical\" href=\"https:\/\/www.meydan.tv\/az\/article\/rasim-balayev-kinoya-basi-cixan-adam-nezaret-etmelidir\/\" \/>\n<meta property=\"og:locale\" content=\"az_AZ\" \/>\n<meta property=\"og:type\" content=\"article\" \/>\n<meta property=\"og:title\" content=\"Rasim Balayev: &quot;Kinoya ba\u015f\u0131 \u00e7\u0131xan adam n\u0259zar\u0259t etm\u0259lidir&quot; - MEYDAN.TV\" \/>\n<meta property=\"og:description\" content=\"&#8220;Ke\u00e7mi\u015f nazirin kinodan ba\u015f\u0131 \u00e7\u0131xm\u0131rd\u0131&#8221; Xalq artisti Rasim Balayev Meydan ... Davam\u0131\" \/>\n<meta property=\"og:url\" content=\"https:\/\/www.meydan.tv\/az\/article\/rasim-balayev-kinoya-basi-cixan-adam-nezaret-etmelidir\/\" \/>\n<meta property=\"og:site_name\" content=\"MEYDAN.TV\" \/>\n<meta property=\"article:published_time\" content=\"2022-01-05T11:18:37+00:00\" \/>\n<meta property=\"article:modified_time\" content=\"2022-01-05T11:35:57+00:00\" \/>\n<meta property=\"og:image\" content=\"https:\/\/www.meydan.tv\/wp-content\/uploads\/15712383625972150318_1200x630-e1641380889873.jpg\" \/>\n\t<meta property=\"og:image:width\" content=\"923\" \/>\n\t<meta property=\"og:image:height\" content=\"516\" \/>\n\t<meta property=\"og:image:type\" content=\"image\/jpeg\" \/>\n<meta name=\"author\" content=\"elli\" \/>\n<meta name=\"twitter:card\" content=\"summary_large_image\" \/>\n<meta name=\"twitter:creator\" content=\"@elli\" \/>\n<script type=\"application\/ld+json\" class=\"yoast-schema-graph\">{\"@context\":\"https:\\\/\\\/schema.org\",\"@graph\":[{\"@type\":\"Article\",\"@id\":\"https:\\\/\\\/www.meydan.tv\\\/az\\\/article\\\/rasim-balayev-kinoya-basi-cixan-adam-nezaret-etmelidir\\\/#article\",\"isPartOf\":{\"@id\":\"https:\\\/\\\/www.meydan.tv\\\/az\\\/article\\\/rasim-balayev-kinoya-basi-cixan-adam-nezaret-etmelidir\\\/\"},\"author\":{\"name\":\"elli\",\"@id\":\"https:\\\/\\\/www.meydan.tv\\\/az\\\/#\\\/schema\\\/person\\\/9cdbecf90d17180ce1dfbd95b08dcf47\"},\"headline\":\"Rasim Balayev: &#8220;Kinoya ba\u015f\u0131 \u00e7\u0131xan adam n\u0259zar\u0259t etm\u0259lidir&#8221;\",\"datePublished\":\"2022-01-05T11:18:37+00:00\",\"dateModified\":\"2022-01-05T11:35:57+00:00\",\"mainEntityOfPage\":{\"@id\":\"https:\\\/\\\/www.meydan.tv\\\/az\\\/article\\\/rasim-balayev-kinoya-basi-cixan-adam-nezaret-etmelidir\\\/\"},\"wordCount\":948,\"publisher\":{\"@id\":\"https:\\\/\\\/www.meydan.tv\\\/az\\\/#organization\"},\"image\":{\"@id\":\"https:\\\/\\\/www.meydan.tv\\\/az\\\/article\\\/rasim-balayev-kinoya-basi-cixan-adam-nezaret-etmelidir\\\/#primaryimage\"},\"thumbnailUrl\":\"https:\\\/\\\/www.meydan.tv\\\/wp-content\\\/uploads\\\/15712383625972150318_1200x630-e1641380889873.jpg\",\"articleSection\":[\"M\u0259d\u0259niyy\u0259t\",\"T\u00f6vsiy\u0259\",\"X\u0259b\u0259rl\u0259r\"],\"inLanguage\":\"az\"},{\"@type\":\"WebPage\",\"@id\":\"https:\\\/\\\/www.meydan.tv\\\/az\\\/article\\\/rasim-balayev-kinoya-basi-cixan-adam-nezaret-etmelidir\\\/\",\"url\":\"https:\\\/\\\/www.meydan.tv\\\/az\\\/article\\\/rasim-balayev-kinoya-basi-cixan-adam-nezaret-etmelidir\\\/\",\"name\":\"Rasim Balayev: \\\"Kinoya ba\u015f\u0131 \u00e7\u0131xan adam n\u0259zar\u0259t etm\u0259lidir\\\" - MEYDAN.TV\",\"isPartOf\":{\"@id\":\"https:\\\/\\\/www.meydan.tv\\\/az\\\/#website\"},\"primaryImageOfPage\":{\"@id\":\"https:\\\/\\\/www.meydan.tv\\\/az\\\/article\\\/rasim-balayev-kinoya-basi-cixan-adam-nezaret-etmelidir\\\/#primaryimage\"},\"image\":{\"@id\":\"https:\\\/\\\/www.meydan.tv\\\/az\\\/article\\\/rasim-balayev-kinoya-basi-cixan-adam-nezaret-etmelidir\\\/#primaryimage\"},\"thumbnailUrl\":\"https:\\\/\\\/www.meydan.tv\\\/wp-content\\\/uploads\\\/15712383625972150318_1200x630-e1641380889873.jpg\",\"datePublished\":\"2022-01-05T11:18:37+00:00\",\"dateModified\":\"2022-01-05T11:35:57+00:00\",\"breadcrumb\":{\"@id\":\"https:\\\/\\\/www.meydan.tv\\\/az\\\/article\\\/rasim-balayev-kinoya-basi-cixan-adam-nezaret-etmelidir\\\/#breadcrumb\"},\"inLanguage\":\"az\",\"potentialAction\":[{\"@type\":\"ReadAction\",\"target\":[\"https:\\\/\\\/www.meydan.tv\\\/az\\\/article\\\/rasim-balayev-kinoya-basi-cixan-adam-nezaret-etmelidir\\\/\"]}]},{\"@type\":\"ImageObject\",\"inLanguage\":\"az\",\"@id\":\"https:\\\/\\\/www.meydan.tv\\\/az\\\/article\\\/rasim-balayev-kinoya-basi-cixan-adam-nezaret-etmelidir\\\/#primaryimage\",\"url\":\"https:\\\/\\\/www.meydan.tv\\\/wp-content\\\/uploads\\\/15712383625972150318_1200x630-e1641380889873.jpg\",\"contentUrl\":\"https:\\\/\\\/www.meydan.tv\\\/wp-content\\\/uploads\\\/15712383625972150318_1200x630-e1641380889873.jpg\",\"width\":923,\"height\":516,\"caption\":\"Foto: Az\u0259rtac\"},{\"@type\":\"BreadcrumbList\",\"@id\":\"https:\\\/\\\/www.meydan.tv\\\/az\\\/article\\\/rasim-balayev-kinoya-basi-cixan-adam-nezaret-etmelidir\\\/#breadcrumb\",\"itemListElement\":[{\"@type\":\"ListItem\",\"position\":1,\"name\":\"Ana s\u0259hif\u0259\",\"item\":\"https:\\\/\\\/www.meydan.tv\\\/az\\\/\"},{\"@type\":\"ListItem\",\"position\":2,\"name\":\"M\u0259d\u0259niyy\u0259t\",\"item\":\"https:\\\/\\\/www.meydan.tv\\\/az\\\/section\\\/medeniyyet\\\/\"},{\"@type\":\"ListItem\",\"position\":3,\"name\":\"Rasim Balayev: &#8220;Kinoya ba\u015f\u0131 \u00e7\u0131xan adam n\u0259zar\u0259t etm\u0259lidir&#8221;\"}]},{\"@type\":\"WebSite\",\"@id\":\"https:\\\/\\\/www.meydan.tv\\\/az\\\/#website\",\"url\":\"https:\\\/\\\/www.meydan.tv\\\/az\\\/\",\"name\":\"MEYDAN.TV\",\"description\":\"Meydan TV Az\u0259rbaycan\u0131n media m\u0259kan\u0131ndak\u0131 alternativ s\u0259sidir\",\"publisher\":{\"@id\":\"https:\\\/\\\/www.meydan.tv\\\/az\\\/#organization\"},\"potentialAction\":[{\"@type\":\"SearchAction\",\"target\":{\"@type\":\"EntryPoint\",\"urlTemplate\":\"https:\\\/\\\/www.meydan.tv\\\/az\\\/?s={search_term_string}\"},\"query-input\":{\"@type\":\"PropertyValueSpecification\",\"valueRequired\":true,\"valueName\":\"search_term_string\"}}],\"inLanguage\":\"az\"},{\"@type\":\"Organization\",\"@id\":\"https:\\\/\\\/www.meydan.tv\\\/az\\\/#organization\",\"name\":\"Meydan TV\",\"url\":\"https:\\\/\\\/www.meydan.tv\\\/az\\\/\",\"logo\":{\"@type\":\"ImageObject\",\"inLanguage\":\"az\",\"@id\":\"https:\\\/\\\/www.meydan.tv\\\/az\\\/#\\\/schema\\\/logo\\\/image\\\/\",\"url\":\"https:\\\/\\\/www.meydan.tv\\\/wp-content\\\/uploads\\\/2021\\\/07\\\/meydan-logo.svg\",\"contentUrl\":\"https:\\\/\\\/www.meydan.tv\\\/wp-content\\\/uploads\\\/2021\\\/07\\\/meydan-logo.svg\",\"width\":195,\"height\":46,\"caption\":\"Meydan TV\"},\"image\":{\"@id\":\"https:\\\/\\\/www.meydan.tv\\\/az\\\/#\\\/schema\\\/logo\\\/image\\\/\"}},{\"@type\":\"Person\",\"@id\":\"https:\\\/\\\/www.meydan.tv\\\/az\\\/#\\\/schema\\\/person\\\/9cdbecf90d17180ce1dfbd95b08dcf47\",\"name\":\"elli\",\"sameAs\":[\"https:\\\/\\\/x.com\\\/elli\"]}]}<\/script>\n<!-- \/ Yoast SEO plugin. -->","yoast_head_json":{"title":"Rasim Balayev: \"Kinoya ba\u015f\u0131 \u00e7\u0131xan adam n\u0259zar\u0259t etm\u0259lidir\" - MEYDAN.TV","robots":{"index":"index","follow":"follow","max-snippet":"max-snippet:-1","max-image-preview":"max-image-preview:large","max-video-preview":"max-video-preview:-1"},"canonical":"https:\/\/www.meydan.tv\/az\/article\/rasim-balayev-kinoya-basi-cixan-adam-nezaret-etmelidir\/","og_locale":"az_AZ","og_type":"article","og_title":"Rasim Balayev: \"Kinoya ba\u015f\u0131 \u00e7\u0131xan adam n\u0259zar\u0259t etm\u0259lidir\" - MEYDAN.TV","og_description":"&#8220;Ke\u00e7mi\u015f nazirin kinodan ba\u015f\u0131 \u00e7\u0131xm\u0131rd\u0131&#8221; Xalq artisti Rasim Balayev Meydan ... Davam\u0131","og_url":"https:\/\/www.meydan.tv\/az\/article\/rasim-balayev-kinoya-basi-cixan-adam-nezaret-etmelidir\/","og_site_name":"MEYDAN.TV","article_published_time":"2022-01-05T11:18:37+00:00","article_modified_time":"2022-01-05T11:35:57+00:00","og_image":[{"width":923,"height":516,"url":"https:\/\/www.meydan.tv\/wp-content\/uploads\/15712383625972150318_1200x630-e1641380889873.jpg","type":"image\/jpeg"}],"author":"elli","twitter_card":"summary_large_image","twitter_creator":"@elli","schema":{"@context":"https:\/\/schema.org","@graph":[{"@type":"Article","@id":"https:\/\/www.meydan.tv\/az\/article\/rasim-balayev-kinoya-basi-cixan-adam-nezaret-etmelidir\/#article","isPartOf":{"@id":"https:\/\/www.meydan.tv\/az\/article\/rasim-balayev-kinoya-basi-cixan-adam-nezaret-etmelidir\/"},"author":{"name":"elli","@id":"https:\/\/www.meydan.tv\/az\/#\/schema\/person\/9cdbecf90d17180ce1dfbd95b08dcf47"},"headline":"Rasim Balayev: &#8220;Kinoya ba\u015f\u0131 \u00e7\u0131xan adam n\u0259zar\u0259t etm\u0259lidir&#8221;","datePublished":"2022-01-05T11:18:37+00:00","dateModified":"2022-01-05T11:35:57+00:00","mainEntityOfPage":{"@id":"https:\/\/www.meydan.tv\/az\/article\/rasim-balayev-kinoya-basi-cixan-adam-nezaret-etmelidir\/"},"wordCount":948,"publisher":{"@id":"https:\/\/www.meydan.tv\/az\/#organization"},"image":{"@id":"https:\/\/www.meydan.tv\/az\/article\/rasim-balayev-kinoya-basi-cixan-adam-nezaret-etmelidir\/#primaryimage"},"thumbnailUrl":"https:\/\/www.meydan.tv\/wp-content\/uploads\/15712383625972150318_1200x630-e1641380889873.jpg","articleSection":["M\u0259d\u0259niyy\u0259t","T\u00f6vsiy\u0259","X\u0259b\u0259rl\u0259r"],"inLanguage":"az"},{"@type":"WebPage","@id":"https:\/\/www.meydan.tv\/az\/article\/rasim-balayev-kinoya-basi-cixan-adam-nezaret-etmelidir\/","url":"https:\/\/www.meydan.tv\/az\/article\/rasim-balayev-kinoya-basi-cixan-adam-nezaret-etmelidir\/","name":"Rasim Balayev: \"Kinoya ba\u015f\u0131 \u00e7\u0131xan adam n\u0259zar\u0259t etm\u0259lidir\" - MEYDAN.TV","isPartOf":{"@id":"https:\/\/www.meydan.tv\/az\/#website"},"primaryImageOfPage":{"@id":"https:\/\/www.meydan.tv\/az\/article\/rasim-balayev-kinoya-basi-cixan-adam-nezaret-etmelidir\/#primaryimage"},"image":{"@id":"https:\/\/www.meydan.tv\/az\/article\/rasim-balayev-kinoya-basi-cixan-adam-nezaret-etmelidir\/#primaryimage"},"thumbnailUrl":"https:\/\/www.meydan.tv\/wp-content\/uploads\/15712383625972150318_1200x630-e1641380889873.jpg","datePublished":"2022-01-05T11:18:37+00:00","dateModified":"2022-01-05T11:35:57+00:00","breadcrumb":{"@id":"https:\/\/www.meydan.tv\/az\/article\/rasim-balayev-kinoya-basi-cixan-adam-nezaret-etmelidir\/#breadcrumb"},"inLanguage":"az","potentialAction":[{"@type":"ReadAction","target":["https:\/\/www.meydan.tv\/az\/article\/rasim-balayev-kinoya-basi-cixan-adam-nezaret-etmelidir\/"]}]},{"@type":"ImageObject","inLanguage":"az","@id":"https:\/\/www.meydan.tv\/az\/article\/rasim-balayev-kinoya-basi-cixan-adam-nezaret-etmelidir\/#primaryimage","url":"https:\/\/www.meydan.tv\/wp-content\/uploads\/15712383625972150318_1200x630-e1641380889873.jpg","contentUrl":"https:\/\/www.meydan.tv\/wp-content\/uploads\/15712383625972150318_1200x630-e1641380889873.jpg","width":923,"height":516,"caption":"Foto: Az\u0259rtac"},{"@type":"BreadcrumbList","@id":"https:\/\/www.meydan.tv\/az\/article\/rasim-balayev-kinoya-basi-cixan-adam-nezaret-etmelidir\/#breadcrumb","itemListElement":[{"@type":"ListItem","position":1,"name":"Ana s\u0259hif\u0259","item":"https:\/\/www.meydan.tv\/az\/"},{"@type":"ListItem","position":2,"name":"M\u0259d\u0259niyy\u0259t","item":"https:\/\/www.meydan.tv\/az\/section\/medeniyyet\/"},{"@type":"ListItem","position":3,"name":"Rasim Balayev: &#8220;Kinoya ba\u015f\u0131 \u00e7\u0131xan adam n\u0259zar\u0259t etm\u0259lidir&#8221;"}]},{"@type":"WebSite","@id":"https:\/\/www.meydan.tv\/az\/#website","url":"https:\/\/www.meydan.tv\/az\/","name":"MEYDAN.TV","description":"Meydan TV Az\u0259rbaycan\u0131n media m\u0259kan\u0131ndak\u0131 alternativ s\u0259sidir","publisher":{"@id":"https:\/\/www.meydan.tv\/az\/#organization"},"potentialAction":[{"@type":"SearchAction","target":{"@type":"EntryPoint","urlTemplate":"https:\/\/www.meydan.tv\/az\/?s={search_term_string}"},"query-input":{"@type":"PropertyValueSpecification","valueRequired":true,"valueName":"search_term_string"}}],"inLanguage":"az"},{"@type":"Organization","@id":"https:\/\/www.meydan.tv\/az\/#organization","name":"Meydan TV","url":"https:\/\/www.meydan.tv\/az\/","logo":{"@type":"ImageObject","inLanguage":"az","@id":"https:\/\/www.meydan.tv\/az\/#\/schema\/logo\/image\/","url":"https:\/\/www.meydan.tv\/wp-content\/uploads\/2021\/07\/meydan-logo.svg","contentUrl":"https:\/\/www.meydan.tv\/wp-content\/uploads\/2021\/07\/meydan-logo.svg","width":195,"height":46,"caption":"Meydan TV"},"image":{"@id":"https:\/\/www.meydan.tv\/az\/#\/schema\/logo\/image\/"}},{"@type":"Person","@id":"https:\/\/www.meydan.tv\/az\/#\/schema\/person\/9cdbecf90d17180ce1dfbd95b08dcf47","name":"elli","sameAs":["https:\/\/x.com\/elli"]}]}},"_links":{"self":[{"href":"https:\/\/www.meydan.tv\/az\/wp-json\/wp\/v2\/posts\/230953","targetHints":{"allow":["GET"]}}],"collection":[{"href":"https:\/\/www.meydan.tv\/az\/wp-json\/wp\/v2\/posts"}],"about":[{"href":"https:\/\/www.meydan.tv\/az\/wp-json\/wp\/v2\/types\/post"}],"author":[{"embeddable":true,"href":"https:\/\/www.meydan.tv\/az\/wp-json\/wp\/v2\/users\/8"}],"replies":[{"embeddable":true,"href":"https:\/\/www.meydan.tv\/az\/wp-json\/wp\/v2\/comments?post=230953"}],"version-history":[{"count":5,"href":"https:\/\/www.meydan.tv\/az\/wp-json\/wp\/v2\/posts\/230953\/revisions"}],"predecessor-version":[{"id":230965,"href":"https:\/\/www.meydan.tv\/az\/wp-json\/wp\/v2\/posts\/230953\/revisions\/230965"}],"wp:featuredmedia":[{"embeddable":true,"href":"https:\/\/www.meydan.tv\/az\/wp-json\/wp\/v2\/media\/230954"}],"wp:attachment":[{"href":"https:\/\/www.meydan.tv\/az\/wp-json\/wp\/v2\/media?parent=230953"}],"wp:term":[{"taxonomy":"category","embeddable":true,"href":"https:\/\/www.meydan.tv\/az\/wp-json\/wp\/v2\/categories?post=230953"},{"taxonomy":"post_tag","embeddable":true,"href":"https:\/\/www.meydan.tv\/az\/wp-json\/wp\/v2\/tags?post=230953"}],"curies":[{"name":"wp","href":"https:\/\/api.w.org\/{rel}","templated":true}]}}