{"id":230829,"date":"2021-12-31T15:54:36","date_gmt":"2021-12-31T11:54:36","guid":{"rendered":"https:\/\/www.meydan.tv\/?p=230829"},"modified":"2021-12-31T15:54:38","modified_gmt":"2021-12-31T11:54:38","slug":"qamis-daxmada-yasayan-senedleri-olmayan-qazi-ve-ailesi","status":"publish","type":"post","link":"https:\/\/www.meydan.tv\/az\/article\/qamis-daxmada-yasayan-senedleri-olmayan-qazi-ve-ailesi\/","title":{"rendered":"Qam\u0131\u015f daxmada ya\u015fayan, s\u0259n\u0259dl\u0259ri olmayan qazi v\u0259 ail\u0259si&#8230;"},"content":{"rendered":"\n<p>Bu ail\u0259 b\u00f6y\u00fck \u00f6vlad\u0131n\u0131 4 ay \u0259vv\u0259l yol q\u0259zas\u0131nda itirib, 2 ay \u0259vv\u0259l is\u0259 ya\u015fad\u0131qlar\u0131 daxma da yan\u0131b<\/p>\n\n\n\n<p>44 g\u00fcnl\u00fck m\u00fcharib\u0259nin i\u015ftirak\u00e7\u0131lar\u0131ndan olan 21 ya\u015fl\u0131 V\u00fcsal Quliyev g\u00f6z\u00fc \u00f6n\u00fcnd\u0259 h\u0259lak olan d\u00f6y\u00fc\u015f yolda\u015f\u0131n\u0131 \u0259razid\u0259n \u00e7\u0131xaranda \u00f6z\u00fc d\u0259 yaralan\u0131b. H\u0259m bel, h\u0259m d\u0259 ayaq nahiy\u0259sind\u0259n ona g\u00fcll\u0259 v\u0259 q\u0259lp\u0259 d\u0259yib. Aylarla m\u00fcxt\u0259lif hospitallarda m\u00fcalic\u0259 olunmas\u0131na baxmayaraq, deyir ki, h\u0259l\u0259 d\u0259 sa\u011flaml\u0131\u011f\u0131 tam b\u0259rpa olunmay\u0131b. \u00dcst\u0259lik, ail\u0259nin sosial v\u0259ziyy\u0259ti, ya\u015fay\u0131\u015f\u0131 da ac\u0131nacaql\u0131d\u0131r.<\/p>\n\n\n\n<p><strong>\u201cBuz kimi yerd\u0259 ya\u015fay\u0131r\u0131q\u201d<\/strong><\/p>\n\n\n\n<p>V\u00fcsal Quliyev Goranboy rayonunda ya\u015fay\u0131r. O, F\u00fczuli, Xocav\u0259nd istiqam\u0259tl\u0259rind\u0259ki d\u00f6y\u00fc\u015fl\u0259rd\u0259 i\u015ftirak edib. 2020-ci ilin oktyabr\u0131nda Hadrutda yaralan\u0131b:<\/p>\n\n\n\n<p>\u201c\u015e\u0259hid olan yolda\u015f\u0131m\u0131 oradan g\u00f6t\u00fcr\u00fcb aparmaq ist\u0259y\u0259nd\u0259 yaraland\u0131m. M\u0259ni \u018fhm\u0259db\u0259ylid\u0259ki hospitala g\u0259tirdil\u0259r, 15 g\u00fcn orada yatd\u0131m. Sonra t\u0259xmin\u0259n \u00fc\u00e7 ay da \u201cPapanin\u201dd\u0259 (M\u0259rk\u0259zi H\u0259rbi Klinik Hospital\u0131 n\u0259z\u0259rd\u0259 tutur) qalm\u0131\u015fam. Yadda\u015f\u0131m pozulub, he\u00e7 oradan n\u0259 vaxt \u00e7\u0131xd\u0131\u011f\u0131m d\u0259qiq yad\u0131mda deyil. D\u00fczd\u00fcr, \u0259m\u0259liyyatla b\u0259d\u0259nimd\u0259ki q\u0259lp\u0259, g\u00fcll\u0259 \u00e7\u0131xar\u0131l\u0131b. Amma b\u0259d\u0259nim g\u00fcn\u00fc bu g\u00fcn d\u0259 a\u011fr\u0131y\u0131r. X\u00fcsus\u0259n soyuq havada z\u00fclm \u00e7\u0259kir\u0259m. Bir az i\u015fl\u0259y\u0259n kimi d\u0259 a\u011fr\u0131dan \u00f6l\u00fcr\u0259m, aya\u011f\u0131m t\u0259rp\u0259nmir\u2026\u201d<\/p>\n\n\n\n<p>M\u00fcharib\u0259 i\u015ftirak\u00e7\u0131s\u0131n\u0131n b\u00f6y\u00fck ail\u0259si var. Ana v\u0259 8 \u00f6vlad\u0131 ill\u0259rdir ki, birotaql\u0131, qam\u0131\u015fla \u00f6rt\u00fcl\u00fc daxmaya s\u0131\u011f\u0131n\u0131b. Evin b\u00f6y\u00fck q\u0131z \u00f6vlad\u0131 4 ay \u00f6nc\u0259 Goranboyda \u2013 D\u0259lim\u0259mm\u0259dli \u015f\u0259h\u0259rind\u0259 avtoq\u0259za n\u0259tic\u0259sind\u0259 h\u0259yat\u0131n\u0131 itirib. Bundan sonra ail\u0259 daha bir faci\u0259 il\u0259 \u00fczl\u0259\u015fib \u2013 birotaql\u0131 daxmada t\u0259xmin\u0259n iki ay \u00f6nc\u0259 yan\u011f\u0131n ba\u015f verib. Orada olan yor\u011fan-d\u00f6\u015f\u0259kd\u0259n tutmu\u015f, stol-stula q\u0259d\u0259r bir \u00e7ox \u0259\u015fya yan\u0131b.<\/p>\n\n\n\n<p>Ail\u0259y\u0259 dost-tan\u0131\u015f, m\u00fc\u0259yy\u0259n q\u0259d\u0259r d\u0259 icra strukturlar\u0131 yard\u0131m edib, b\u0259zi \u0259\u015fyalar g\u00f6nd\u0259ribl\u0259r.<\/p>\n\n\n\n<figure class=\"wp-block-image size-full\"><img decoding=\"async\" width=\"1200\" height=\"800\" data-src=\"https:\/\/www.meydan.tv\/wp-content\/uploads\/untitled-design-3-1.jpg\" alt=\"\" class=\"wp-image-230823 lazyload\" src=\"data:image\/svg+xml;base64,PHN2ZyB3aWR0aD0iMSIgaGVpZ2h0PSIxIiB4bWxucz0iaHR0cDovL3d3dy53My5vcmcvMjAwMC9zdmciPjwvc3ZnPg==\" style=\"--smush-placeholder-width: 1200px; --smush-placeholder-aspect-ratio: 1200\/800;\" \/><figcaption>V\u00fcsal Quliyev, Foto: Meydan TV<\/figcaption><\/figure>\n\n\n\n<p>\u201c\u0130cra hakimiyy\u0259ti d\u0259 m\u00fcv\u0259qq\u0259ti ya\u015fama\u011fa, istifad\u0259 etm\u0259y\u0259 \u0259\u015fyalar g\u00f6nd\u0259rib. Nec\u0259 yerd\u0259 ya\u015fad\u0131\u011f\u0131m\u0131z\u0131 g\u00f6r\u00fcrs\u00fcz. Buz kimidi, iki \u0259dyalla yat\u0131r\u0131q, yen\u0259 d\u0259 can\u0131m\u0131z q\u0131zm\u0131r\u2026\u201d, &#8211; V\u00fcsal Quliyev x\u00fcsus\u0259n ki\u00e7ik bac\u0131-qarda\u015flar\u0131n\u0131n durumuna ac\u0131d\u0131\u011f\u0131n\u0131 deyir.<\/p>\n\n\n\n<p><strong>U\u015faqlar m\u0259kt\u0259b\u0259 getmir, he\u00e7 birinin s\u0259n\u0259di yoxdur<\/strong><\/p>\n\n\n\n<p>V\u00fcsal Quliyev haz\u0131rda evin b\u00f6y\u00fck \u00f6vlad\u0131d\u0131r. Evin \u0259n ki\u00e7ik u\u015fa\u011f\u0131 8 ayl\u0131qd\u0131r. Bir ne\u00e7\u0259si m\u0259kt\u0259b\u0259 ged\u0259si ya\u015fdad\u0131lar. Amma ham\u0131s\u0131 da t\u0259hsild\u0259n k\u0259narda qal\u0131b. Onlar\u0131n n\u0259inki d\u0259ft\u0259r-kitab\u0131, he\u00e7 \u015f\u0259xsiyy\u0259tl\u0259rini t\u0259sdiq ed\u0259n s\u0259n\u0259dl\u0259ri d\u0259 yoxdur. Bu m\u0259nada, V\u00fcsal Quliyevin \u00f6z\u00fcn\u00fcn durumu da ail\u0259nin dig\u0259r \u00f6vladlar\u0131ndan f\u0259rql\u0259nmir. O, h\u0259rbi xidm\u0259t\u0259 gedib-qay\u0131tsa da, indiy\u0259d\u0259k \u015f\u0259xsiyy\u0259t v\u0259siq\u0259si yoxdur.<\/p>\n\n\n\n<p>V\u00fcsal Quliyev deyir ki, anas\u0131, bac\u0131-qarda\u015f\u0131 ac\u0131ndan \u00f6lm\u0259sin dey\u0259, nasaz can\u0131yla f\u0259hl\u0259lik el\u0259m\u0259y\u0259 m\u0259cburdur: \u201cOnun-bunun qap\u0131s\u0131nda f\u0259hl\u0259lik el\u0259yir\u0259m. B\u0259z\u0259n a\u011f\u0131r y\u00fck olanda can\u0131m \u00e7\u0131x\u0131r, g\u00fcll\u0259nin, q\u0259lp\u0259nin yeri a\u011fr\u0131d\u0131r. Amma m\u0259cburam. \u00c7\u00fcnki bu q\u0259d\u0259r ail\u0259 m\u0259nim \u0259lim\u0259 bax\u0131r. He\u00e7 olmasa, yavan \u00e7\u00f6r\u0259kl\u0259rini d\u0259 olsa, qazan\u0131ram ki, ac\u0131ndan \u00f6lm\u0259sinl\u0259r\u201d.<\/p>\n\n\n\n<p><strong>Ana: \u201c\u00dcr\u0259yim par\u00e7alan\u0131r, o\u011flum m\u00fcalic\u0259 oluna bilmir, bu v\u0259ziyy\u0259td\u0259 i\u015fl\u0259m\u0259y\u0259 m\u0259cburdur\u201d<\/strong><\/p>\n\n\n\n<p>V\u00fcsal\u0131n anas\u0131, 41 ya\u015fl\u0131 T\u00fcnzal\u0259 Abbasova deyir ki, o\u011flunun f\u0259hl\u0259likl\u0259 qazand\u0131\u011f\u0131 g\u00fcnd\u0259lik 10-15 manatdan ba\u015fqa ev\u0259 pul g\u0259lmir. Qaraba\u011f qazisi olsa da, V\u00fcsal buna g\u00f6r\u0259 m\u00fcavin\u0259t alm\u0131r: <\/p>\n\n\n\n<p>\u201cDedil\u0259r ki, m\u00fcavin\u0259t verilm\u0259si \u00fc\u00e7\u00fcn s\u0259n\u0259dl\u0259r olmal\u0131d\u0131r. V\u00fcsal\u0131n \u015f\u0259xsiyy\u0259t v\u0259siq\u0259si d\u0259 yoxdur, deyirl\u0259r ki, Goranboy polisi \u015f\u0259xsiyy\u0259t v\u0259siq\u0259sini d\u00fcz\u0259ltm\u0259y\u0259 \u00e7al\u0131\u015f\u0131r. Bir ne\u00e7\u0259 d\u0259f\u0259 icra ba\u015f\u00e7\u0131s\u0131 il\u0259 g\u00f6r\u00fc\u015fm\u0259k ist\u0259mi\u015fik, al\u0131nmay\u0131b. Gah dedil\u0259r ki, ba\u015f\u00e7\u0131 x\u0259st\u0259di, gah dedil\u0259r ki, sabah g\u0259l\u0259rs\u0259n. D\u00fczd\u00fcr, ax\u0131r vaxtlar k\u00f6hn\u0259 \u0259\u015fyalar, tikinti materiallar\u0131yla da olsa, m\u00fc\u0259yy\u0259n q\u0259d\u0259r k\u00f6m\u0259k edibl\u0259r. Amma ham\u0131s\u0131n\u0131 icra el\u0259m\u0259yib. Sa\u011f olsun bu \u00f6lk\u0259nin qeyr\u0259tli \u00f6vladlar\u0131, onlar da m\u00fc\u0259yy\u0259n q\u0259d\u0259r k\u00f6m\u0259k el\u0259yib. V\u0259ziyy\u0259timiz \u00e7ox a\u011f\u0131rd\u0131r, s\u00f6zl\u0259 deyil\u0259si deyil. Bu daxmada qaz yoxdur, i\u015f\u0131q da kartlad\u0131, q\u0131zd\u0131ra bilmirik. 8 ayl\u0131q s\u00fcd\u0259m\u0259r u\u015fa\u011fa verm\u0259y\u0259 b\u0259z\u0259n yem\u0259k tapm\u0131ram. \u00dcr\u0259yim par\u00e7alan\u0131r, V\u00fcsal o v\u0259ziyy\u0259td\u0259, m\u00fcalic\u0259 oluna bilmir, \u00fcst\u0259lik, bu halda, gedib f\u0259hl\u0259lik el\u0259yir\u2026\u201d<\/p>\n\n\n\n<figure class=\"wp-block-image size-full\"><img decoding=\"async\" width=\"1200\" height=\"800\" data-src=\"https:\/\/www.meydan.tv\/wp-content\/uploads\/untitled-design-1.jpg\" alt=\"\" class=\"wp-image-230817 lazyload\" src=\"data:image\/svg+xml;base64,PHN2ZyB3aWR0aD0iMSIgaGVpZ2h0PSIxIiB4bWxucz0iaHR0cDovL3d3dy53My5vcmcvMjAwMC9zdmciPjwvc3ZnPg==\" style=\"--smush-placeholder-width: 1200px; --smush-placeholder-aspect-ratio: 1200\/800;\" \/><figcaption>Foto: Meydan TV<\/figcaption><\/figure>\n\n\n\n<p>Ail\u0259nin arzusu V\u00fcsal\u0131n n\u0259n\u0259sind\u0259n qalan torpaq sah\u0259sind\u0259 babat bir ev tikib, orada ya\u015famaqd\u0131r. Haz\u0131rda dost-tan\u0131\u015f\u0131n k\u00f6m\u0259yil\u0259 evin b\u00fcn\u00f6vr\u0259si qoyulur.<\/p>\n\n\n\n<p><strong>\u0130cra ba\u015f\u00e7\u0131s\u0131n\u0131n m\u00fcavini: \u201cH\u0259qiq\u0259t\u0259n a\u011f\u0131r v\u0259ziyy\u0259td\u0259 ya\u015fay\u0131rlar\u201d<\/strong><\/p>\n\n\n\n<p>Goranboy Rayon \u0130cra Hakimiyy\u0259tind\u0259n d\u0259 V\u00fcsal Quliyev v\u0259 ail\u0259sinin ac\u0131nacaql\u0131 v\u0259ziyy\u0259td\u0259 oldu\u011funu t\u0259sdiql\u0259yibl\u0259r. \u0130cra ba\u015f\u00e7\u0131s\u0131n\u0131n m\u00fcavini Raf\u0259t Qurbanov bildirib ki, m\u00fcharib\u0259 i\u015ftirak\u00e7\u0131s\u0131 ail\u0259nin a\u011f\u0131r durumuyla \u0259laq\u0259dar t\u0259xmin\u0259n bir h\u0259ft\u0259 \u00f6nc\u0259 icra hakimiyy\u0259tin\u0259 m\u00fcraci\u0259t edib. Bu bar\u0259d\u0259 m\u0259lumat alandan d\u0259rhal sonra m\u00fc\u0259yy\u0259n add\u0131mlar at\u0131blar: <\/p>\n\n\n\n<p>\u201cBiz d\u0259 onun haqq\u0131nda yenic\u0259 m\u0259lumat alm\u0131\u015f\u0131q. H\u0259qiq\u0259t\u0259n a\u011f\u0131r v\u0259ziyy\u0259td\u0259 ya\u015fay\u0131rlar. N\u0259inki \u00f6z\u00fcn\u00fcn, ail\u0259d\u0259 he\u00e7 kimin s\u0259n\u0259dl\u0259ri yoxdur. V\u00fcsal Quliyevin h\u0259rbi biletinin \u0259sas\u0131nda s\u0259n\u0259dl\u0259rini toplam\u0131\u015f\u0131q. \u018fm\u0259k v\u0259 \u018fhalinin Sosial M\u00fcdafi\u0259si Nazirliyi t\u0259r\u0259find\u0259n \u015f\u0259hid ail\u0259l\u0259ri v\u0259 qazil\u0259r\u0259 n\u00f6vb\u0259lilik prinsipiyl\u0259 ev tikilir. Dediyim kimi, V\u00fcsal Quliyevin s\u0259n\u0259dl\u0259ri olmad\u0131\u011f\u0131na g\u00f6r\u0259 onu n\u00f6vb\u0259y\u0259 yaza bilm\u0259mi\u015fik\u201d.<\/p>\n\n\n\n<figure class=\"wp-block-image size-full\"><img decoding=\"async\" width=\"1200\" height=\"800\" data-src=\"https:\/\/www.meydan.tv\/wp-content\/uploads\/untitled-design-4-1.jpg\" alt=\"\" class=\"wp-image-230826 lazyload\" src=\"data:image\/svg+xml;base64,PHN2ZyB3aWR0aD0iMSIgaGVpZ2h0PSIxIiB4bWxucz0iaHR0cDovL3d3dy53My5vcmcvMjAwMC9zdmciPjwvc3ZnPg==\" style=\"--smush-placeholder-width: 1200px; --smush-placeholder-aspect-ratio: 1200\/800;\" \/><figcaption>Foto: Meydan TV<\/figcaption><\/figure>\n\n\n\n<p>\u0130cra ba\u015f\u00e7\u0131s\u0131n\u0131n m\u00fcavini \u0259lav\u0259 edib ki, yeni ev haz\u0131r olana q\u0259d\u0259r ail\u0259y\u0259 rayondak\u0131 \u0259vv\u0259lki x\u0259st\u0259xana binas\u0131nda m\u00fcv\u0259qq\u0259ti yerl\u0259\u015fm\u0259k t\u0259klif olunub. Lakin ail\u0259 imtina edib. Buna baxmayaraq, h\u0259min x\u0259st\u0259xanada salamat v\u0259ziyy\u0259td\u0259 olan m\u0259i\u015f\u0259t avadanl\u0131qlar\u0131 (stol, stul, \u00e7arpay\u0131, m\u0259tb\u0259x \u0259\u015fyalar\u0131) ail\u0259y\u0259 g\u00f6nd\u0259rilib. Eyni zamanda, ail\u0259y\u0259 pul v\u0259 \u0259rzaq yard\u0131m\u0131 olundu\u011funu dey\u0259n Raf\u0259t Qurbanovun s\u00f6zl\u0259rin\u0259 g\u00f6r\u0259, sahibkarlara da m\u00fcraci\u0259t olunub ki, imkan\u0131 \u00e7atan \u015f\u0259xsl\u0259r m\u00fcharib\u0259 i\u015ftirak\u00e7\u0131s\u0131 \u00fc\u00e7\u00fcn ev tikintisin\u0259 yard\u0131m etsin.<\/p>\n","protected":false},"excerpt":{"rendered":"<p>Bu ail\u0259 b\u00f6y\u00fck \u00f6vlad\u0131n\u0131 4 ay \u0259vv\u0259l yol q\u0259zas\u0131nda itirib, &#8230; <\/p>\n<p class=\"read-more-container\"><a title=\"Qam\u0131\u015f daxmada ya\u015fayan, s\u0259n\u0259dl\u0259ri olmayan qazi v\u0259 ail\u0259si&#8230;\" class=\"read-more button\" href=\"https:\/\/www.meydan.tv\/az\/article\/qamis-daxmada-yasayan-senedleri-olmayan-qazi-ve-ailesi\/#more-230829\" aria-label=\"Read more about Qam\u0131\u015f daxmada ya\u015fayan, s\u0259n\u0259dl\u0259ri olmayan qazi v\u0259 ail\u0259si&#8230;\">Davam\u0131<\/a><\/p>\n","protected":false},"author":8,"featured_media":230820,"comment_status":"closed","ping_status":"closed","sticky":false,"template":"","format":"standard","meta":{"_acf_changed":false,"_sitemap_exclude":false,"_sitemap_priority":"","_sitemap_frequency":"","footnotes":""},"categories":[60,88,79,56],"tags":[],"class_list":["post-230829","post","type-post","status-publish","format-standard","has-post-thumbnail","hentry","category-bolge","category-redaktor-secimi","category-featured","category-xeberler","infinite-scroll-item","generate-columns","tablet-grid-50","mobile-grid-100","grid-parent","grid-33","no-featured-image-padding"],"acf":[],"yoast_head":"<!-- This site is optimized with the Yoast SEO plugin v27.4 - https:\/\/yoast.com\/product\/yoast-seo-wordpress\/ -->\n<title>Qam\u0131\u015f daxmada ya\u015fayan, s\u0259n\u0259dl\u0259ri olmayan qazi v\u0259 ail\u0259si... - MEYDAN.TV<\/title>\n<meta name=\"robots\" content=\"index, follow, max-snippet:-1, max-image-preview:large, max-video-preview:-1\" \/>\n<link rel=\"canonical\" href=\"https:\/\/www.meydan.tv\/az\/article\/qamis-daxmada-yasayan-senedleri-olmayan-qazi-ve-ailesi\/\" \/>\n<meta property=\"og:locale\" content=\"az_AZ\" \/>\n<meta property=\"og:type\" content=\"article\" \/>\n<meta property=\"og:title\" content=\"Qam\u0131\u015f daxmada ya\u015fayan, s\u0259n\u0259dl\u0259ri olmayan qazi v\u0259 ail\u0259si... - MEYDAN.TV\" \/>\n<meta property=\"og:description\" content=\"Bu ail\u0259 b\u00f6y\u00fck \u00f6vlad\u0131n\u0131 4 ay \u0259vv\u0259l yol q\u0259zas\u0131nda itirib, ... Davam\u0131\" \/>\n<meta property=\"og:url\" content=\"https:\/\/www.meydan.tv\/az\/article\/qamis-daxmada-yasayan-senedleri-olmayan-qazi-ve-ailesi\/\" \/>\n<meta property=\"og:site_name\" content=\"MEYDAN.TV\" \/>\n<meta property=\"article:published_time\" content=\"2021-12-31T11:54:36+00:00\" \/>\n<meta property=\"article:modified_time\" content=\"2021-12-31T11:54:38+00:00\" \/>\n<meta property=\"og:image\" content=\"https:\/\/www.meydan.tv\/wp-content\/uploads\/untitled-design-2.jpg\" \/>\n\t<meta property=\"og:image:width\" content=\"1200\" \/>\n\t<meta property=\"og:image:height\" content=\"800\" \/>\n\t<meta property=\"og:image:type\" content=\"image\/jpeg\" \/>\n<meta name=\"author\" content=\"elli\" \/>\n<meta name=\"twitter:card\" content=\"summary_large_image\" \/>\n<meta name=\"twitter:creator\" content=\"@elli\" \/>\n<script type=\"application\/ld+json\" class=\"yoast-schema-graph\">{\"@context\":\"https:\\\/\\\/schema.org\",\"@graph\":[{\"@type\":\"Article\",\"@id\":\"https:\\\/\\\/www.meydan.tv\\\/az\\\/article\\\/qamis-daxmada-yasayan-senedleri-olmayan-qazi-ve-ailesi\\\/#article\",\"isPartOf\":{\"@id\":\"https:\\\/\\\/www.meydan.tv\\\/az\\\/article\\\/qamis-daxmada-yasayan-senedleri-olmayan-qazi-ve-ailesi\\\/\"},\"author\":{\"name\":\"elli\",\"@id\":\"https:\\\/\\\/www.meydan.tv\\\/az\\\/#\\\/schema\\\/person\\\/9cdbecf90d17180ce1dfbd95b08dcf47\"},\"headline\":\"Qam\u0131\u015f daxmada ya\u015fayan, s\u0259n\u0259dl\u0259ri olmayan qazi v\u0259 ail\u0259si&#8230;\",\"datePublished\":\"2021-12-31T11:54:36+00:00\",\"dateModified\":\"2021-12-31T11:54:38+00:00\",\"mainEntityOfPage\":{\"@id\":\"https:\\\/\\\/www.meydan.tv\\\/az\\\/article\\\/qamis-daxmada-yasayan-senedleri-olmayan-qazi-ve-ailesi\\\/\"},\"wordCount\":1280,\"publisher\":{\"@id\":\"https:\\\/\\\/www.meydan.tv\\\/az\\\/#organization\"},\"image\":{\"@id\":\"https:\\\/\\\/www.meydan.tv\\\/az\\\/article\\\/qamis-daxmada-yasayan-senedleri-olmayan-qazi-ve-ailesi\\\/#primaryimage\"},\"thumbnailUrl\":\"https:\\\/\\\/www.meydan.tv\\\/wp-content\\\/uploads\\\/untitled-design-2.jpg\",\"articleSection\":[\"B\u00f6lg\u0259\",\"Redaktor se\u00e7imi\",\"T\u00f6vsiy\u0259\",\"X\u0259b\u0259rl\u0259r\"],\"inLanguage\":\"az\"},{\"@type\":\"WebPage\",\"@id\":\"https:\\\/\\\/www.meydan.tv\\\/az\\\/article\\\/qamis-daxmada-yasayan-senedleri-olmayan-qazi-ve-ailesi\\\/\",\"url\":\"https:\\\/\\\/www.meydan.tv\\\/az\\\/article\\\/qamis-daxmada-yasayan-senedleri-olmayan-qazi-ve-ailesi\\\/\",\"name\":\"Qam\u0131\u015f daxmada ya\u015fayan, s\u0259n\u0259dl\u0259ri olmayan qazi v\u0259 ail\u0259si... - MEYDAN.TV\",\"isPartOf\":{\"@id\":\"https:\\\/\\\/www.meydan.tv\\\/az\\\/#website\"},\"primaryImageOfPage\":{\"@id\":\"https:\\\/\\\/www.meydan.tv\\\/az\\\/article\\\/qamis-daxmada-yasayan-senedleri-olmayan-qazi-ve-ailesi\\\/#primaryimage\"},\"image\":{\"@id\":\"https:\\\/\\\/www.meydan.tv\\\/az\\\/article\\\/qamis-daxmada-yasayan-senedleri-olmayan-qazi-ve-ailesi\\\/#primaryimage\"},\"thumbnailUrl\":\"https:\\\/\\\/www.meydan.tv\\\/wp-content\\\/uploads\\\/untitled-design-2.jpg\",\"datePublished\":\"2021-12-31T11:54:36+00:00\",\"dateModified\":\"2021-12-31T11:54:38+00:00\",\"breadcrumb\":{\"@id\":\"https:\\\/\\\/www.meydan.tv\\\/az\\\/article\\\/qamis-daxmada-yasayan-senedleri-olmayan-qazi-ve-ailesi\\\/#breadcrumb\"},\"inLanguage\":\"az\",\"potentialAction\":[{\"@type\":\"ReadAction\",\"target\":[\"https:\\\/\\\/www.meydan.tv\\\/az\\\/article\\\/qamis-daxmada-yasayan-senedleri-olmayan-qazi-ve-ailesi\\\/\"]}]},{\"@type\":\"ImageObject\",\"inLanguage\":\"az\",\"@id\":\"https:\\\/\\\/www.meydan.tv\\\/az\\\/article\\\/qamis-daxmada-yasayan-senedleri-olmayan-qazi-ve-ailesi\\\/#primaryimage\",\"url\":\"https:\\\/\\\/www.meydan.tv\\\/wp-content\\\/uploads\\\/untitled-design-2.jpg\",\"contentUrl\":\"https:\\\/\\\/www.meydan.tv\\\/wp-content\\\/uploads\\\/untitled-design-2.jpg\",\"width\":1200,\"height\":800,\"caption\":\"V\u00fcsal Quliyevin ya\u015fad\u0131\u011f\u0131 ev, Foto: Meydan TV\"},{\"@type\":\"BreadcrumbList\",\"@id\":\"https:\\\/\\\/www.meydan.tv\\\/az\\\/article\\\/qamis-daxmada-yasayan-senedleri-olmayan-qazi-ve-ailesi\\\/#breadcrumb\",\"itemListElement\":[{\"@type\":\"ListItem\",\"position\":1,\"name\":\"Ana s\u0259hif\u0259\",\"item\":\"https:\\\/\\\/www.meydan.tv\\\/az\\\/\"},{\"@type\":\"ListItem\",\"position\":2,\"name\":\"B\u00f6lg\u0259\",\"item\":\"https:\\\/\\\/www.meydan.tv\\\/az\\\/section\\\/bolge\\\/\"},{\"@type\":\"ListItem\",\"position\":3,\"name\":\"Qam\u0131\u015f daxmada ya\u015fayan, s\u0259n\u0259dl\u0259ri olmayan qazi v\u0259 ail\u0259si&#8230;\"}]},{\"@type\":\"WebSite\",\"@id\":\"https:\\\/\\\/www.meydan.tv\\\/az\\\/#website\",\"url\":\"https:\\\/\\\/www.meydan.tv\\\/az\\\/\",\"name\":\"MEYDAN.TV\",\"description\":\"Meydan TV Az\u0259rbaycan\u0131n media m\u0259kan\u0131ndak\u0131 alternativ s\u0259sidir\",\"publisher\":{\"@id\":\"https:\\\/\\\/www.meydan.tv\\\/az\\\/#organization\"},\"potentialAction\":[{\"@type\":\"SearchAction\",\"target\":{\"@type\":\"EntryPoint\",\"urlTemplate\":\"https:\\\/\\\/www.meydan.tv\\\/az\\\/?s={search_term_string}\"},\"query-input\":{\"@type\":\"PropertyValueSpecification\",\"valueRequired\":true,\"valueName\":\"search_term_string\"}}],\"inLanguage\":\"az\"},{\"@type\":\"Organization\",\"@id\":\"https:\\\/\\\/www.meydan.tv\\\/az\\\/#organization\",\"name\":\"Meydan TV\",\"url\":\"https:\\\/\\\/www.meydan.tv\\\/az\\\/\",\"logo\":{\"@type\":\"ImageObject\",\"inLanguage\":\"az\",\"@id\":\"https:\\\/\\\/www.meydan.tv\\\/az\\\/#\\\/schema\\\/logo\\\/image\\\/\",\"url\":\"https:\\\/\\\/www.meydan.tv\\\/wp-content\\\/uploads\\\/2021\\\/07\\\/meydan-logo.svg\",\"contentUrl\":\"https:\\\/\\\/www.meydan.tv\\\/wp-content\\\/uploads\\\/2021\\\/07\\\/meydan-logo.svg\",\"width\":195,\"height\":46,\"caption\":\"Meydan TV\"},\"image\":{\"@id\":\"https:\\\/\\\/www.meydan.tv\\\/az\\\/#\\\/schema\\\/logo\\\/image\\\/\"}},{\"@type\":\"Person\",\"@id\":\"https:\\\/\\\/www.meydan.tv\\\/az\\\/#\\\/schema\\\/person\\\/9cdbecf90d17180ce1dfbd95b08dcf47\",\"name\":\"elli\",\"sameAs\":[\"https:\\\/\\\/x.com\\\/elli\"]}]}<\/script>\n<!-- \/ Yoast SEO plugin. -->","yoast_head_json":{"title":"Qam\u0131\u015f daxmada ya\u015fayan, s\u0259n\u0259dl\u0259ri olmayan qazi v\u0259 ail\u0259si... - MEYDAN.TV","robots":{"index":"index","follow":"follow","max-snippet":"max-snippet:-1","max-image-preview":"max-image-preview:large","max-video-preview":"max-video-preview:-1"},"canonical":"https:\/\/www.meydan.tv\/az\/article\/qamis-daxmada-yasayan-senedleri-olmayan-qazi-ve-ailesi\/","og_locale":"az_AZ","og_type":"article","og_title":"Qam\u0131\u015f daxmada ya\u015fayan, s\u0259n\u0259dl\u0259ri olmayan qazi v\u0259 ail\u0259si... - MEYDAN.TV","og_description":"Bu ail\u0259 b\u00f6y\u00fck \u00f6vlad\u0131n\u0131 4 ay \u0259vv\u0259l yol q\u0259zas\u0131nda itirib, ... Davam\u0131","og_url":"https:\/\/www.meydan.tv\/az\/article\/qamis-daxmada-yasayan-senedleri-olmayan-qazi-ve-ailesi\/","og_site_name":"MEYDAN.TV","article_published_time":"2021-12-31T11:54:36+00:00","article_modified_time":"2021-12-31T11:54:38+00:00","og_image":[{"width":1200,"height":800,"url":"https:\/\/www.meydan.tv\/wp-content\/uploads\/untitled-design-2.jpg","type":"image\/jpeg"}],"author":"elli","twitter_card":"summary_large_image","twitter_creator":"@elli","schema":{"@context":"https:\/\/schema.org","@graph":[{"@type":"Article","@id":"https:\/\/www.meydan.tv\/az\/article\/qamis-daxmada-yasayan-senedleri-olmayan-qazi-ve-ailesi\/#article","isPartOf":{"@id":"https:\/\/www.meydan.tv\/az\/article\/qamis-daxmada-yasayan-senedleri-olmayan-qazi-ve-ailesi\/"},"author":{"name":"elli","@id":"https:\/\/www.meydan.tv\/az\/#\/schema\/person\/9cdbecf90d17180ce1dfbd95b08dcf47"},"headline":"Qam\u0131\u015f daxmada ya\u015fayan, s\u0259n\u0259dl\u0259ri olmayan qazi v\u0259 ail\u0259si&#8230;","datePublished":"2021-12-31T11:54:36+00:00","dateModified":"2021-12-31T11:54:38+00:00","mainEntityOfPage":{"@id":"https:\/\/www.meydan.tv\/az\/article\/qamis-daxmada-yasayan-senedleri-olmayan-qazi-ve-ailesi\/"},"wordCount":1280,"publisher":{"@id":"https:\/\/www.meydan.tv\/az\/#organization"},"image":{"@id":"https:\/\/www.meydan.tv\/az\/article\/qamis-daxmada-yasayan-senedleri-olmayan-qazi-ve-ailesi\/#primaryimage"},"thumbnailUrl":"https:\/\/www.meydan.tv\/wp-content\/uploads\/untitled-design-2.jpg","articleSection":["B\u00f6lg\u0259","Redaktor se\u00e7imi","T\u00f6vsiy\u0259","X\u0259b\u0259rl\u0259r"],"inLanguage":"az"},{"@type":"WebPage","@id":"https:\/\/www.meydan.tv\/az\/article\/qamis-daxmada-yasayan-senedleri-olmayan-qazi-ve-ailesi\/","url":"https:\/\/www.meydan.tv\/az\/article\/qamis-daxmada-yasayan-senedleri-olmayan-qazi-ve-ailesi\/","name":"Qam\u0131\u015f daxmada ya\u015fayan, s\u0259n\u0259dl\u0259ri olmayan qazi v\u0259 ail\u0259si... - MEYDAN.TV","isPartOf":{"@id":"https:\/\/www.meydan.tv\/az\/#website"},"primaryImageOfPage":{"@id":"https:\/\/www.meydan.tv\/az\/article\/qamis-daxmada-yasayan-senedleri-olmayan-qazi-ve-ailesi\/#primaryimage"},"image":{"@id":"https:\/\/www.meydan.tv\/az\/article\/qamis-daxmada-yasayan-senedleri-olmayan-qazi-ve-ailesi\/#primaryimage"},"thumbnailUrl":"https:\/\/www.meydan.tv\/wp-content\/uploads\/untitled-design-2.jpg","datePublished":"2021-12-31T11:54:36+00:00","dateModified":"2021-12-31T11:54:38+00:00","breadcrumb":{"@id":"https:\/\/www.meydan.tv\/az\/article\/qamis-daxmada-yasayan-senedleri-olmayan-qazi-ve-ailesi\/#breadcrumb"},"inLanguage":"az","potentialAction":[{"@type":"ReadAction","target":["https:\/\/www.meydan.tv\/az\/article\/qamis-daxmada-yasayan-senedleri-olmayan-qazi-ve-ailesi\/"]}]},{"@type":"ImageObject","inLanguage":"az","@id":"https:\/\/www.meydan.tv\/az\/article\/qamis-daxmada-yasayan-senedleri-olmayan-qazi-ve-ailesi\/#primaryimage","url":"https:\/\/www.meydan.tv\/wp-content\/uploads\/untitled-design-2.jpg","contentUrl":"https:\/\/www.meydan.tv\/wp-content\/uploads\/untitled-design-2.jpg","width":1200,"height":800,"caption":"V\u00fcsal Quliyevin ya\u015fad\u0131\u011f\u0131 ev, Foto: Meydan TV"},{"@type":"BreadcrumbList","@id":"https:\/\/www.meydan.tv\/az\/article\/qamis-daxmada-yasayan-senedleri-olmayan-qazi-ve-ailesi\/#breadcrumb","itemListElement":[{"@type":"ListItem","position":1,"name":"Ana s\u0259hif\u0259","item":"https:\/\/www.meydan.tv\/az\/"},{"@type":"ListItem","position":2,"name":"B\u00f6lg\u0259","item":"https:\/\/www.meydan.tv\/az\/section\/bolge\/"},{"@type":"ListItem","position":3,"name":"Qam\u0131\u015f daxmada ya\u015fayan, s\u0259n\u0259dl\u0259ri olmayan qazi v\u0259 ail\u0259si&#8230;"}]},{"@type":"WebSite","@id":"https:\/\/www.meydan.tv\/az\/#website","url":"https:\/\/www.meydan.tv\/az\/","name":"MEYDAN.TV","description":"Meydan TV Az\u0259rbaycan\u0131n media m\u0259kan\u0131ndak\u0131 alternativ s\u0259sidir","publisher":{"@id":"https:\/\/www.meydan.tv\/az\/#organization"},"potentialAction":[{"@type":"SearchAction","target":{"@type":"EntryPoint","urlTemplate":"https:\/\/www.meydan.tv\/az\/?s={search_term_string}"},"query-input":{"@type":"PropertyValueSpecification","valueRequired":true,"valueName":"search_term_string"}}],"inLanguage":"az"},{"@type":"Organization","@id":"https:\/\/www.meydan.tv\/az\/#organization","name":"Meydan TV","url":"https:\/\/www.meydan.tv\/az\/","logo":{"@type":"ImageObject","inLanguage":"az","@id":"https:\/\/www.meydan.tv\/az\/#\/schema\/logo\/image\/","url":"https:\/\/www.meydan.tv\/wp-content\/uploads\/2021\/07\/meydan-logo.svg","contentUrl":"https:\/\/www.meydan.tv\/wp-content\/uploads\/2021\/07\/meydan-logo.svg","width":195,"height":46,"caption":"Meydan TV"},"image":{"@id":"https:\/\/www.meydan.tv\/az\/#\/schema\/logo\/image\/"}},{"@type":"Person","@id":"https:\/\/www.meydan.tv\/az\/#\/schema\/person\/9cdbecf90d17180ce1dfbd95b08dcf47","name":"elli","sameAs":["https:\/\/x.com\/elli"]}]}},"_links":{"self":[{"href":"https:\/\/www.meydan.tv\/az\/wp-json\/wp\/v2\/posts\/230829","targetHints":{"allow":["GET"]}}],"collection":[{"href":"https:\/\/www.meydan.tv\/az\/wp-json\/wp\/v2\/posts"}],"about":[{"href":"https:\/\/www.meydan.tv\/az\/wp-json\/wp\/v2\/types\/post"}],"author":[{"embeddable":true,"href":"https:\/\/www.meydan.tv\/az\/wp-json\/wp\/v2\/users\/8"}],"replies":[{"embeddable":true,"href":"https:\/\/www.meydan.tv\/az\/wp-json\/wp\/v2\/comments?post=230829"}],"version-history":[{"count":1,"href":"https:\/\/www.meydan.tv\/az\/wp-json\/wp\/v2\/posts\/230829\/revisions"}],"predecessor-version":[{"id":230830,"href":"https:\/\/www.meydan.tv\/az\/wp-json\/wp\/v2\/posts\/230829\/revisions\/230830"}],"wp:featuredmedia":[{"embeddable":true,"href":"https:\/\/www.meydan.tv\/az\/wp-json\/wp\/v2\/media\/230820"}],"wp:attachment":[{"href":"https:\/\/www.meydan.tv\/az\/wp-json\/wp\/v2\/media?parent=230829"}],"wp:term":[{"taxonomy":"category","embeddable":true,"href":"https:\/\/www.meydan.tv\/az\/wp-json\/wp\/v2\/categories?post=230829"},{"taxonomy":"post_tag","embeddable":true,"href":"https:\/\/www.meydan.tv\/az\/wp-json\/wp\/v2\/tags?post=230829"}],"curies":[{"name":"wp","href":"https:\/\/api.w.org\/{rel}","templated":true}]}}