{"id":230797,"date":"2021-12-30T21:06:05","date_gmt":"2021-12-30T17:06:05","guid":{"rendered":"https:\/\/www.meydan.tv\/?p=230797"},"modified":"2021-12-30T21:48:12","modified_gmt":"2021-12-30T17:48:12","slug":"ictimai-fealin-cinsi-tecavuze-meruz-qalmasiyla-bagli-aparilan-istintaq-yekunlasib","status":"publish","type":"post","link":"https:\/\/www.meydan.tv\/az\/article\/ictimai-fealin-cinsi-tecavuze-meruz-qalmasiyla-bagli-aparilan-istintaq-yekunlasib\/","title":{"rendered":"\u0130ctimai f\u0259al\u0131n cinsi t\u0259cav\u00fcz\u0259 m\u0259ruz qalmas\u0131yla ba\u011fl\u0131 apar\u0131lan istintaq yekunla\u015f\u0131b"},"content":{"rendered":"\n<p><em>Cinay\u0259t i\u015fi m\u0259hk\u0259m\u0259y\u0259 g\u00f6nd\u0259rilib<\/em><\/p>\n\n\n\n<p>\u0130ctimai f\u0259al S\u0259nay Ya\u011fmurun cinsi t\u0259cav\u00fcz\u0259 m\u0259ruz qalmas\u0131yla ba\u011fl\u0131 istintaq yekunla\u015f\u0131b. Cinay\u0259t i\u015finin materiallar\u0131 bax\u0131lmas\u0131 \u00fc\u00e7\u00fcn Bak\u0131 A\u011f\u0131r Cinay\u0259tl\u0259r M\u0259hk\u0259m\u0259sin\u0259 g\u00f6nd\u0259rilib.<\/p>\n\n\n\n<p>S\u0259nay Ya\u011fmura qar\u015f\u0131 t\u0259cav\u00fcz\u0259 g\u00f6r\u0259 xalas\u0131 o\u011flu \u018fsg\u0259r A\u011fazad\u0259 m\u0259suliyy\u0259t\u0259 c\u0259lb olunub. Ona qar\u015f\u0131 Cinay\u0259t M\u0259c\u0259ll\u0259sinin 149.2.3 (t\u0259qsirkar \u015f\u0259xs \u00fc\u00e7\u00fcn a\u015fkar sur\u0259td\u0259 yetkinlik ya\u015f\u0131na \u00e7atmayan \u015f\u0259xs\u0259 qar\u015f\u0131 t\u00f6r\u0259dildikd\u0259) madd\u0259si il\u0259 ittiham ir\u0259li s\u00fcr\u00fcl\u00fcb.<\/p>\n\n\n\n<p>Bu cinay\u0259t i\u015fi \u00fczr\u0259 istintaq t\u0259xmin\u0259n bir il Yasamal Rayon Prokurorlu\u011funda apar\u0131l\u0131b. \u0130ctimai f\u0259al \u015fikay\u0259t\u00e7i olsa da, \u018fsg\u0259r A\u011fazad\u0259 m\u0259suliyy\u0259t\u0259 c\u0259lb edilm\u0259yib. Bir m\u00fcdd\u0259t \u00f6nc\u0259 m\u0259s\u0259l\u0259 ictimail\u0259\u015f\u0259nd\u0259n sonra cinay\u0259t i\u015fini Ba\u015f Prokurorlu\u011fun r\u0259hb\u0259rliyi n\u0259zar\u0259t\u0259 g\u00f6t\u00fcr\u00fcb. Ara\u015fd\u0131rmalar\u0131n davam etdirilm\u0259si is\u0259 Ba\u015f Prokurorlu\u011fun \u0130stintaq \u0130dar\u0259sin\u0259 h\u0259val\u0259 olunub. Ard\u0131nca \u018fsg\u0259r A\u011fazad\u0259 h\u0259bs edilib.<\/p>\n\n\n\n<p>Lakin o, \u00f6z\u00fcn\u00fc t\u0259qsirli bilmir. Xalas\u0131 q\u0131z\u0131na cinsi t\u0259cav\u00fcz etm\u0259si bar\u0259d\u0259 iddialar\u0131 r\u0259dd edir.<\/p>\n","protected":false},"excerpt":{"rendered":"<p>Cinay\u0259t i\u015fi m\u0259hk\u0259m\u0259y\u0259 g\u00f6nd\u0259rilib \u0130ctimai f\u0259al S\u0259nay Ya\u011fmurun cinsi t\u0259cav\u00fcz\u0259 &#8230; <\/p>\n<p class=\"read-more-container\"><a title=\"\u0130ctimai f\u0259al\u0131n cinsi t\u0259cav\u00fcz\u0259 m\u0259ruz qalmas\u0131yla ba\u011fl\u0131 apar\u0131lan istintaq yekunla\u015f\u0131b\" class=\"read-more button\" href=\"https:\/\/www.meydan.tv\/az\/article\/ictimai-fealin-cinsi-tecavuze-meruz-qalmasiyla-bagli-aparilan-istintaq-yekunlasib\/#more-230797\" aria-label=\"Read more about \u0130ctimai f\u0259al\u0131n cinsi t\u0259cav\u00fcz\u0259 m\u0259ruz qalmas\u0131yla ba\u011fl\u0131 apar\u0131lan istintaq yekunla\u015f\u0131b\">Davam\u0131<\/a><\/p>\n","protected":false},"author":12,"featured_media":119510,"comment_status":"closed","ping_status":"closed","sticky":false,"template":"","format":"standard","meta":{"_acf_changed":false,"_sitemap_exclude":false,"_sitemap_priority":"","_sitemap_frequency":"","footnotes":""},"categories":[56],"tags":[],"class_list":["post-230797","post","type-post","status-publish","format-standard","has-post-thumbnail","hentry","category-xeberler","infinite-scroll-item","generate-columns","tablet-grid-50","mobile-grid-100","grid-parent","grid-33","no-featured-image-padding"],"acf":[],"yoast_head":"<!-- This site is optimized with the Yoast SEO plugin v27.4 - https:\/\/yoast.com\/product\/yoast-seo-wordpress\/ -->\n<title>\u0130ctimai f\u0259al\u0131n cinsi t\u0259cav\u00fcz\u0259 m\u0259ruz qalmas\u0131yla ba\u011fl\u0131 apar\u0131lan istintaq yekunla\u015f\u0131b - MEYDAN.TV<\/title>\n<meta name=\"robots\" content=\"index, follow, max-snippet:-1, max-image-preview:large, max-video-preview:-1\" \/>\n<link rel=\"canonical\" href=\"https:\/\/www.meydan.tv\/az\/article\/ictimai-fealin-cinsi-tecavuze-meruz-qalmasiyla-bagli-aparilan-istintaq-yekunlasib\/\" \/>\n<meta property=\"og:locale\" content=\"az_AZ\" \/>\n<meta property=\"og:type\" content=\"article\" \/>\n<meta property=\"og:title\" content=\"\u0130ctimai f\u0259al\u0131n cinsi t\u0259cav\u00fcz\u0259 m\u0259ruz qalmas\u0131yla ba\u011fl\u0131 apar\u0131lan istintaq yekunla\u015f\u0131b - MEYDAN.TV\" \/>\n<meta property=\"og:description\" content=\"Cinay\u0259t i\u015fi m\u0259hk\u0259m\u0259y\u0259 g\u00f6nd\u0259rilib \u0130ctimai f\u0259al S\u0259nay Ya\u011fmurun cinsi t\u0259cav\u00fcz\u0259 ... Davam\u0131\" \/>\n<meta property=\"og:url\" content=\"https:\/\/www.meydan.tv\/az\/article\/ictimai-fealin-cinsi-tecavuze-meruz-qalmasiyla-bagli-aparilan-istintaq-yekunlasib\/\" \/>\n<meta property=\"og:site_name\" content=\"MEYDAN.TV\" \/>\n<meta property=\"article:published_time\" content=\"2021-12-30T17:06:05+00:00\" \/>\n<meta property=\"article:modified_time\" content=\"2021-12-30T17:48:12+00:00\" \/>\n<meta property=\"og:image\" content=\"https:\/\/www.meydan.tv\/wp-content\/uploads\/410827945.jpg\" \/>\n\t<meta property=\"og:image:width\" content=\"1000\" \/>\n\t<meta property=\"og:image:height\" content=\"541\" \/>\n\t<meta property=\"og:image:type\" content=\"image\/jpeg\" \/>\n<meta name=\"author\" content=\"aleks\" \/>\n<meta name=\"twitter:card\" content=\"summary_large_image\" \/>\n<script type=\"application\/ld+json\" class=\"yoast-schema-graph\">{\"@context\":\"https:\\\/\\\/schema.org\",\"@graph\":[{\"@type\":\"Article\",\"@id\":\"https:\\\/\\\/www.meydan.tv\\\/az\\\/article\\\/ictimai-fealin-cinsi-tecavuze-meruz-qalmasiyla-bagli-aparilan-istintaq-yekunlasib\\\/#article\",\"isPartOf\":{\"@id\":\"https:\\\/\\\/www.meydan.tv\\\/az\\\/article\\\/ictimai-fealin-cinsi-tecavuze-meruz-qalmasiyla-bagli-aparilan-istintaq-yekunlasib\\\/\"},\"author\":{\"name\":\"aleks\",\"@id\":\"https:\\\/\\\/www.meydan.tv\\\/az\\\/#\\\/schema\\\/person\\\/476e9360e593fa131d5d71d51866f8da\"},\"headline\":\"\u0130ctimai f\u0259al\u0131n cinsi t\u0259cav\u00fcz\u0259 m\u0259ruz qalmas\u0131yla ba\u011fl\u0131 apar\u0131lan istintaq yekunla\u015f\u0131b\",\"datePublished\":\"2021-12-30T17:06:05+00:00\",\"dateModified\":\"2021-12-30T17:48:12+00:00\",\"mainEntityOfPage\":{\"@id\":\"https:\\\/\\\/www.meydan.tv\\\/az\\\/article\\\/ictimai-fealin-cinsi-tecavuze-meruz-qalmasiyla-bagli-aparilan-istintaq-yekunlasib\\\/\"},\"wordCount\":245,\"publisher\":{\"@id\":\"https:\\\/\\\/www.meydan.tv\\\/az\\\/#organization\"},\"image\":{\"@id\":\"https:\\\/\\\/www.meydan.tv\\\/az\\\/article\\\/ictimai-fealin-cinsi-tecavuze-meruz-qalmasiyla-bagli-aparilan-istintaq-yekunlasib\\\/#primaryimage\"},\"thumbnailUrl\":\"https:\\\/\\\/www.meydan.tv\\\/wp-content\\\/uploads\\\/410827945.jpg\",\"articleSection\":[\"X\u0259b\u0259rl\u0259r\"],\"inLanguage\":\"az\"},{\"@type\":\"WebPage\",\"@id\":\"https:\\\/\\\/www.meydan.tv\\\/az\\\/article\\\/ictimai-fealin-cinsi-tecavuze-meruz-qalmasiyla-bagli-aparilan-istintaq-yekunlasib\\\/\",\"url\":\"https:\\\/\\\/www.meydan.tv\\\/az\\\/article\\\/ictimai-fealin-cinsi-tecavuze-meruz-qalmasiyla-bagli-aparilan-istintaq-yekunlasib\\\/\",\"name\":\"\u0130ctimai f\u0259al\u0131n cinsi t\u0259cav\u00fcz\u0259 m\u0259ruz qalmas\u0131yla ba\u011fl\u0131 apar\u0131lan istintaq yekunla\u015f\u0131b - MEYDAN.TV\",\"isPartOf\":{\"@id\":\"https:\\\/\\\/www.meydan.tv\\\/az\\\/#website\"},\"primaryImageOfPage\":{\"@id\":\"https:\\\/\\\/www.meydan.tv\\\/az\\\/article\\\/ictimai-fealin-cinsi-tecavuze-meruz-qalmasiyla-bagli-aparilan-istintaq-yekunlasib\\\/#primaryimage\"},\"image\":{\"@id\":\"https:\\\/\\\/www.meydan.tv\\\/az\\\/article\\\/ictimai-fealin-cinsi-tecavuze-meruz-qalmasiyla-bagli-aparilan-istintaq-yekunlasib\\\/#primaryimage\"},\"thumbnailUrl\":\"https:\\\/\\\/www.meydan.tv\\\/wp-content\\\/uploads\\\/410827945.jpg\",\"datePublished\":\"2021-12-30T17:06:05+00:00\",\"dateModified\":\"2021-12-30T17:48:12+00:00\",\"breadcrumb\":{\"@id\":\"https:\\\/\\\/www.meydan.tv\\\/az\\\/article\\\/ictimai-fealin-cinsi-tecavuze-meruz-qalmasiyla-bagli-aparilan-istintaq-yekunlasib\\\/#breadcrumb\"},\"inLanguage\":\"az\",\"potentialAction\":[{\"@type\":\"ReadAction\",\"target\":[\"https:\\\/\\\/www.meydan.tv\\\/az\\\/article\\\/ictimai-fealin-cinsi-tecavuze-meruz-qalmasiyla-bagli-aparilan-istintaq-yekunlasib\\\/\"]}]},{\"@type\":\"ImageObject\",\"inLanguage\":\"az\",\"@id\":\"https:\\\/\\\/www.meydan.tv\\\/az\\\/article\\\/ictimai-fealin-cinsi-tecavuze-meruz-qalmasiyla-bagli-aparilan-istintaq-yekunlasib\\\/#primaryimage\",\"url\":\"https:\\\/\\\/www.meydan.tv\\\/wp-content\\\/uploads\\\/410827945.jpg\",\"contentUrl\":\"https:\\\/\\\/www.meydan.tv\\\/wp-content\\\/uploads\\\/410827945.jpg\",\"width\":1000,\"height\":541,\"caption\":\"Foto: Meydan TV\"},{\"@type\":\"BreadcrumbList\",\"@id\":\"https:\\\/\\\/www.meydan.tv\\\/az\\\/article\\\/ictimai-fealin-cinsi-tecavuze-meruz-qalmasiyla-bagli-aparilan-istintaq-yekunlasib\\\/#breadcrumb\",\"itemListElement\":[{\"@type\":\"ListItem\",\"position\":1,\"name\":\"Ana s\u0259hif\u0259\",\"item\":\"https:\\\/\\\/www.meydan.tv\\\/az\\\/\"},{\"@type\":\"ListItem\",\"position\":2,\"name\":\"X\u0259b\u0259rl\u0259r\",\"item\":\"https:\\\/\\\/www.meydan.tv\\\/az\\\/section\\\/xeberler\\\/\"},{\"@type\":\"ListItem\",\"position\":3,\"name\":\"\u0130ctimai f\u0259al\u0131n cinsi t\u0259cav\u00fcz\u0259 m\u0259ruz qalmas\u0131yla ba\u011fl\u0131 apar\u0131lan istintaq yekunla\u015f\u0131b\"}]},{\"@type\":\"WebSite\",\"@id\":\"https:\\\/\\\/www.meydan.tv\\\/az\\\/#website\",\"url\":\"https:\\\/\\\/www.meydan.tv\\\/az\\\/\",\"name\":\"MEYDAN.TV\",\"description\":\"Meydan TV Az\u0259rbaycan\u0131n media m\u0259kan\u0131ndak\u0131 alternativ s\u0259sidir\",\"publisher\":{\"@id\":\"https:\\\/\\\/www.meydan.tv\\\/az\\\/#organization\"},\"potentialAction\":[{\"@type\":\"SearchAction\",\"target\":{\"@type\":\"EntryPoint\",\"urlTemplate\":\"https:\\\/\\\/www.meydan.tv\\\/az\\\/?s={search_term_string}\"},\"query-input\":{\"@type\":\"PropertyValueSpecification\",\"valueRequired\":true,\"valueName\":\"search_term_string\"}}],\"inLanguage\":\"az\"},{\"@type\":\"Organization\",\"@id\":\"https:\\\/\\\/www.meydan.tv\\\/az\\\/#organization\",\"name\":\"Meydan TV\",\"url\":\"https:\\\/\\\/www.meydan.tv\\\/az\\\/\",\"logo\":{\"@type\":\"ImageObject\",\"inLanguage\":\"az\",\"@id\":\"https:\\\/\\\/www.meydan.tv\\\/az\\\/#\\\/schema\\\/logo\\\/image\\\/\",\"url\":\"https:\\\/\\\/www.meydan.tv\\\/wp-content\\\/uploads\\\/2021\\\/07\\\/meydan-logo.svg\",\"contentUrl\":\"https:\\\/\\\/www.meydan.tv\\\/wp-content\\\/uploads\\\/2021\\\/07\\\/meydan-logo.svg\",\"width\":195,\"height\":46,\"caption\":\"Meydan TV\"},\"image\":{\"@id\":\"https:\\\/\\\/www.meydan.tv\\\/az\\\/#\\\/schema\\\/logo\\\/image\\\/\"}},{\"@type\":\"Person\",\"@id\":\"https:\\\/\\\/www.meydan.tv\\\/az\\\/#\\\/schema\\\/person\\\/476e9360e593fa131d5d71d51866f8da\",\"name\":\"aleks\"}]}<\/script>\n<!-- \/ Yoast SEO plugin. -->","yoast_head_json":{"title":"\u0130ctimai f\u0259al\u0131n cinsi t\u0259cav\u00fcz\u0259 m\u0259ruz qalmas\u0131yla ba\u011fl\u0131 apar\u0131lan istintaq yekunla\u015f\u0131b - MEYDAN.TV","robots":{"index":"index","follow":"follow","max-snippet":"max-snippet:-1","max-image-preview":"max-image-preview:large","max-video-preview":"max-video-preview:-1"},"canonical":"https:\/\/www.meydan.tv\/az\/article\/ictimai-fealin-cinsi-tecavuze-meruz-qalmasiyla-bagli-aparilan-istintaq-yekunlasib\/","og_locale":"az_AZ","og_type":"article","og_title":"\u0130ctimai f\u0259al\u0131n cinsi t\u0259cav\u00fcz\u0259 m\u0259ruz qalmas\u0131yla ba\u011fl\u0131 apar\u0131lan istintaq yekunla\u015f\u0131b - MEYDAN.TV","og_description":"Cinay\u0259t i\u015fi m\u0259hk\u0259m\u0259y\u0259 g\u00f6nd\u0259rilib \u0130ctimai f\u0259al S\u0259nay Ya\u011fmurun cinsi t\u0259cav\u00fcz\u0259 ... Davam\u0131","og_url":"https:\/\/www.meydan.tv\/az\/article\/ictimai-fealin-cinsi-tecavuze-meruz-qalmasiyla-bagli-aparilan-istintaq-yekunlasib\/","og_site_name":"MEYDAN.TV","article_published_time":"2021-12-30T17:06:05+00:00","article_modified_time":"2021-12-30T17:48:12+00:00","og_image":[{"width":1000,"height":541,"url":"https:\/\/www.meydan.tv\/wp-content\/uploads\/410827945.jpg","type":"image\/jpeg"}],"author":"aleks","twitter_card":"summary_large_image","schema":{"@context":"https:\/\/schema.org","@graph":[{"@type":"Article","@id":"https:\/\/www.meydan.tv\/az\/article\/ictimai-fealin-cinsi-tecavuze-meruz-qalmasiyla-bagli-aparilan-istintaq-yekunlasib\/#article","isPartOf":{"@id":"https:\/\/www.meydan.tv\/az\/article\/ictimai-fealin-cinsi-tecavuze-meruz-qalmasiyla-bagli-aparilan-istintaq-yekunlasib\/"},"author":{"name":"aleks","@id":"https:\/\/www.meydan.tv\/az\/#\/schema\/person\/476e9360e593fa131d5d71d51866f8da"},"headline":"\u0130ctimai f\u0259al\u0131n cinsi t\u0259cav\u00fcz\u0259 m\u0259ruz qalmas\u0131yla ba\u011fl\u0131 apar\u0131lan istintaq yekunla\u015f\u0131b","datePublished":"2021-12-30T17:06:05+00:00","dateModified":"2021-12-30T17:48:12+00:00","mainEntityOfPage":{"@id":"https:\/\/www.meydan.tv\/az\/article\/ictimai-fealin-cinsi-tecavuze-meruz-qalmasiyla-bagli-aparilan-istintaq-yekunlasib\/"},"wordCount":245,"publisher":{"@id":"https:\/\/www.meydan.tv\/az\/#organization"},"image":{"@id":"https:\/\/www.meydan.tv\/az\/article\/ictimai-fealin-cinsi-tecavuze-meruz-qalmasiyla-bagli-aparilan-istintaq-yekunlasib\/#primaryimage"},"thumbnailUrl":"https:\/\/www.meydan.tv\/wp-content\/uploads\/410827945.jpg","articleSection":["X\u0259b\u0259rl\u0259r"],"inLanguage":"az"},{"@type":"WebPage","@id":"https:\/\/www.meydan.tv\/az\/article\/ictimai-fealin-cinsi-tecavuze-meruz-qalmasiyla-bagli-aparilan-istintaq-yekunlasib\/","url":"https:\/\/www.meydan.tv\/az\/article\/ictimai-fealin-cinsi-tecavuze-meruz-qalmasiyla-bagli-aparilan-istintaq-yekunlasib\/","name":"\u0130ctimai f\u0259al\u0131n cinsi t\u0259cav\u00fcz\u0259 m\u0259ruz qalmas\u0131yla ba\u011fl\u0131 apar\u0131lan istintaq yekunla\u015f\u0131b - MEYDAN.TV","isPartOf":{"@id":"https:\/\/www.meydan.tv\/az\/#website"},"primaryImageOfPage":{"@id":"https:\/\/www.meydan.tv\/az\/article\/ictimai-fealin-cinsi-tecavuze-meruz-qalmasiyla-bagli-aparilan-istintaq-yekunlasib\/#primaryimage"},"image":{"@id":"https:\/\/www.meydan.tv\/az\/article\/ictimai-fealin-cinsi-tecavuze-meruz-qalmasiyla-bagli-aparilan-istintaq-yekunlasib\/#primaryimage"},"thumbnailUrl":"https:\/\/www.meydan.tv\/wp-content\/uploads\/410827945.jpg","datePublished":"2021-12-30T17:06:05+00:00","dateModified":"2021-12-30T17:48:12+00:00","breadcrumb":{"@id":"https:\/\/www.meydan.tv\/az\/article\/ictimai-fealin-cinsi-tecavuze-meruz-qalmasiyla-bagli-aparilan-istintaq-yekunlasib\/#breadcrumb"},"inLanguage":"az","potentialAction":[{"@type":"ReadAction","target":["https:\/\/www.meydan.tv\/az\/article\/ictimai-fealin-cinsi-tecavuze-meruz-qalmasiyla-bagli-aparilan-istintaq-yekunlasib\/"]}]},{"@type":"ImageObject","inLanguage":"az","@id":"https:\/\/www.meydan.tv\/az\/article\/ictimai-fealin-cinsi-tecavuze-meruz-qalmasiyla-bagli-aparilan-istintaq-yekunlasib\/#primaryimage","url":"https:\/\/www.meydan.tv\/wp-content\/uploads\/410827945.jpg","contentUrl":"https:\/\/www.meydan.tv\/wp-content\/uploads\/410827945.jpg","width":1000,"height":541,"caption":"Foto: Meydan TV"},{"@type":"BreadcrumbList","@id":"https:\/\/www.meydan.tv\/az\/article\/ictimai-fealin-cinsi-tecavuze-meruz-qalmasiyla-bagli-aparilan-istintaq-yekunlasib\/#breadcrumb","itemListElement":[{"@type":"ListItem","position":1,"name":"Ana s\u0259hif\u0259","item":"https:\/\/www.meydan.tv\/az\/"},{"@type":"ListItem","position":2,"name":"X\u0259b\u0259rl\u0259r","item":"https:\/\/www.meydan.tv\/az\/section\/xeberler\/"},{"@type":"ListItem","position":3,"name":"\u0130ctimai f\u0259al\u0131n cinsi t\u0259cav\u00fcz\u0259 m\u0259ruz qalmas\u0131yla ba\u011fl\u0131 apar\u0131lan istintaq yekunla\u015f\u0131b"}]},{"@type":"WebSite","@id":"https:\/\/www.meydan.tv\/az\/#website","url":"https:\/\/www.meydan.tv\/az\/","name":"MEYDAN.TV","description":"Meydan TV Az\u0259rbaycan\u0131n media m\u0259kan\u0131ndak\u0131 alternativ s\u0259sidir","publisher":{"@id":"https:\/\/www.meydan.tv\/az\/#organization"},"potentialAction":[{"@type":"SearchAction","target":{"@type":"EntryPoint","urlTemplate":"https:\/\/www.meydan.tv\/az\/?s={search_term_string}"},"query-input":{"@type":"PropertyValueSpecification","valueRequired":true,"valueName":"search_term_string"}}],"inLanguage":"az"},{"@type":"Organization","@id":"https:\/\/www.meydan.tv\/az\/#organization","name":"Meydan TV","url":"https:\/\/www.meydan.tv\/az\/","logo":{"@type":"ImageObject","inLanguage":"az","@id":"https:\/\/www.meydan.tv\/az\/#\/schema\/logo\/image\/","url":"https:\/\/www.meydan.tv\/wp-content\/uploads\/2021\/07\/meydan-logo.svg","contentUrl":"https:\/\/www.meydan.tv\/wp-content\/uploads\/2021\/07\/meydan-logo.svg","width":195,"height":46,"caption":"Meydan TV"},"image":{"@id":"https:\/\/www.meydan.tv\/az\/#\/schema\/logo\/image\/"}},{"@type":"Person","@id":"https:\/\/www.meydan.tv\/az\/#\/schema\/person\/476e9360e593fa131d5d71d51866f8da","name":"aleks"}]}},"_links":{"self":[{"href":"https:\/\/www.meydan.tv\/az\/wp-json\/wp\/v2\/posts\/230797","targetHints":{"allow":["GET"]}}],"collection":[{"href":"https:\/\/www.meydan.tv\/az\/wp-json\/wp\/v2\/posts"}],"about":[{"href":"https:\/\/www.meydan.tv\/az\/wp-json\/wp\/v2\/types\/post"}],"author":[{"embeddable":true,"href":"https:\/\/www.meydan.tv\/az\/wp-json\/wp\/v2\/users\/12"}],"replies":[{"embeddable":true,"href":"https:\/\/www.meydan.tv\/az\/wp-json\/wp\/v2\/comments?post=230797"}],"version-history":[{"count":2,"href":"https:\/\/www.meydan.tv\/az\/wp-json\/wp\/v2\/posts\/230797\/revisions"}],"predecessor-version":[{"id":230803,"href":"https:\/\/www.meydan.tv\/az\/wp-json\/wp\/v2\/posts\/230797\/revisions\/230803"}],"wp:featuredmedia":[{"embeddable":true,"href":"https:\/\/www.meydan.tv\/az\/wp-json\/wp\/v2\/media\/119510"}],"wp:attachment":[{"href":"https:\/\/www.meydan.tv\/az\/wp-json\/wp\/v2\/media?parent=230797"}],"wp:term":[{"taxonomy":"category","embeddable":true,"href":"https:\/\/www.meydan.tv\/az\/wp-json\/wp\/v2\/categories?post=230797"},{"taxonomy":"post_tag","embeddable":true,"href":"https:\/\/www.meydan.tv\/az\/wp-json\/wp\/v2\/tags?post=230797"}],"curies":[{"name":"wp","href":"https:\/\/api.w.org\/{rel}","templated":true}]}}