{"id":230789,"date":"2021-12-30T16:36:34","date_gmt":"2021-12-30T12:36:34","guid":{"rendered":"https:\/\/www.meydan.tv\/?p=230789"},"modified":"2021-12-30T16:36:36","modified_gmt":"2021-12-30T12:36:36","slug":"jurnalistikanin-qetli-qanunu","status":"publish","type":"post","link":"https:\/\/www.meydan.tv\/az\/article\/jurnalistikanin-qetli-qanunu\/","title":{"rendered":"Jurnalistikan\u0131n \u201cq\u0259tli\u201d qanunu"},"content":{"rendered":"\n<p><em>Hakimiyy\u0259t yeni m\u0259hk\u0259m\u0259l\u0259r\u0259 haz\u0131r olsun!<\/em><br><\/p>\n\n\n\n<p>Etirazlara s\u0259b\u0259b olan \u201cMedia haqq\u0131nda&#8221; Qanun layih\u0259si q\u0259bul edildi. Daha do\u011frusu, \u00fc\u00e7\u00fcnc\u00fc c\u0259hdd\u0259 (oxunu\u015fda) t\u0259sdiql\u0259ndi. Az\u0259rbaycan parlamentinin f\u0259aliyy\u0259ti m\u0259rk\u0259zi icra hakimiyy\u0259tind\u0259n g\u00f6nd\u0259ril\u0259n layih\u0259l\u0259ri t\u0259sdiql\u0259m\u0259kdir. Amma bu qanun dig\u0259rl\u0259rind\u0259n f\u0259rqli olaraq yeni probleml\u0259r v\u0259 m\u0259hdudiyy\u0259tl\u0259r yaradacaq. <\/p>\n\n\n\n<p>Ona g\u00f6r\u0259 d\u0259 g\u0259lin \u00f6nc\u0259 bu qanun layih\u0259sinin m\u00fczakir\u0259si zaman\u0131 h\u00f6kum\u0259tin g\u00fcdd\u00fcy\u00fc hiyl\u0259g\u0259r siyas\u0259t\u0259 diqq\u0259t \u00e7\u0259k\u0259k.<br><\/p>\n\n\n\n<p><strong>M\u00fczakir\u0259 n\u0259 \u00fc\u00e7\u00fcn idi?<\/strong><br><\/p>\n\n\n\n<p>\u0130ki oxunu\u015fdan ke\u00e7\u0259n qanun layih\u0259sini ictimai m\u00fczakir\u0259y\u0259 \u00e7\u0131xarmaq c\u0259miyy\u0259ti \u0259l\u0259 salmaqdan ba\u015fqa bir \u015fey deyil. \u00c7\u00fcnki III oxunu\u015fda d\u0259yi\u015fiklikl\u0259r etm\u0259k parlamentin daxili nizamnam\u0259sin\u0259 ziddir. El\u0259 is\u0259 bu m\u00fczakir\u0259l\u0259r n\u0259 \u00fc\u00e7\u00fcn idi? Bir \u00e7ox m\u00fct\u0259x\u0259ssis bu m\u00fczakir\u0259l\u0259r\u0259 bir \u00fcmidl\u0259 qat\u0131lm\u0131\u015fd\u0131 ki, h\u0259r hans\u0131sa d\u0259yi\u015fiklik ola bil\u0259r. <\/p>\n\n\n\n<p>Amma h\u00f6kum\u0259t bu add\u0131m\u0131 s\u0131rf beyn\u0259lxalq ictimai r\u0259yi q\u0131sa m\u00fcdd\u0259t\u0259 aldatmaq \u00fc\u00e7\u00fcn at\u0131rd\u0131. Bu &#8220;m\u0259sl\u0259h\u0259tl\u0259\u015fm\u0259l\u0259r\u201d\u0259 qat\u0131lan dostlar orada \u00fcr\u0259kl\u0259rini bo\u015faltmaq v\u0259 t\u0259klifl\u0259rini verm\u0259k imkan\u0131na g\u00f6r\u0259 \u00fcnvanl\u0131 t\u0259\u015f\u0259kk\u00fcrl\u0259rini ifad\u0259 ed\u0259nd\u0259 h\u00f6kum\u0259t tam m\u0259qs\u0259din\u0259 \u00e7atd\u0131. G\u00f6st\u0259rdi ki, ictimai m\u00fczakir\u0259 var v\u0259 t\u0259r\u0259fl\u0259r bundan m\u0259mnundur. O ki qald\u0131 qanunun nec\u0259 q\u0259bul edil\u0259c\u0259yin\u0259, o da parlamentin m\u00fcst\u0259sna s\u0259lahiyy\u0259tind\u0259dir.<br><\/p>\n\n\n\n<p><strong>Avropa Konvensiyas\u0131 v\u0259 m\u0259hk\u0259m\u0259si il\u0259 toqqu\u015fma<\/strong><br><\/p>\n\n\n\n<p>Az\u0259rbaycanda onsuz da \u201cifad\u0259 azadl\u0131\u011f\u0131\u201d il\u0259 ba\u011fl\u0131 durum \u00fcr\u0259ka\u00e7an deyil, h\u0259tta media azadl\u0131\u011f\u0131 indeksind\u0259 d\u0259 dig\u0259r Qafqaz \u00f6lk\u0259l\u0259rin il\u0259 m\u00fcqayis\u0259d\u0259 sonuncu yerd\u0259yik. Avropa \u015euras\u0131na (A\u015e) \u00fczv olan \u00f6lk\u0259 kimi he\u00e7 vaxt azadl\u0131qlar c\u0259dv\u0259lind\u0259 100-c\u00fc pill\u0259y\u0259 d\u00fc\u015f\u0259 bilm\u0259y\u0259n Az\u0259rbaycan \u00fc\u00e7\u00fcn bu qanun yeni pozuntular v\u0259 m\u0259hk\u0259m\u0259l\u0259r perspektivi a\u00e7\u0131r. Faktiki h\u0259m Konstitusiya il\u0259, h\u0259m d\u0259 qo\u015fuldu\u011fumuz beyn\u0259lxalq konvensiyalarla ziddiyy\u0259t t\u0259\u015fkil ed\u0259n bu qanun \u00f6lk\u0259ni \u201cbo\u011fulanlar\u201d s\u0131ras\u0131nda lider ed\u0259c\u0259k.<br><\/p>\n\n\n\n<p>Az\u0259rbaycan bir t\u0259r\u0259fd\u0259n Avropa Birliyi il\u0259 strateji t\u0259r\u0259fda\u015fl\u0131q sazi\u015fi \u00fcz\u0259rind\u0259 i\u015fl\u0259yir, ba\u015fqa t\u0259r\u0259fd\u0259n bel\u0259 bir qanun q\u0259bul edirs\u0259, dem\u0259li, \u00f6lk\u0259 ya yeni alver\u0259 haz\u0131rla\u015f\u0131r, ya da A\u015e-dan da \u00e7\u0131xar\u0131lmaq \u00fc\u00e7\u00fcn \u0259lind\u0259n g\u0259l\u0259ni edir. Bel\u0259 bir perspektivin olub-olmamas\u0131 indi m\u00fcbahis\u0259li g\u00f6rs\u0259n\u0259 bil\u0259r. Amma \u015f\u00fcbh\u0259 yoxdur ki, bu qanun q\u00fcvv\u0259y\u0259 mindiyi andan Az\u0259rbaycanla beyn\u0259lxalq birlik aras\u0131nda daha k\u0259skin qar\u015f\u0131durmalar olacaq. Bundan sonra s\u00f6z v\u0259 fikir azadl\u0131\u011f\u0131n\u0131n bo\u011fulmas\u0131na dair \u0259sas g\u0259tirm\u0259y\u0259 ehtiyac olmayacaq. Bu g\u00fcn Az\u0259rbaycan parlamenti d\u00fcnyan\u0131n g\u00f6z\u00fc qar\u015f\u0131s\u0131nda bu \u0259sas\u0131 \u00f6z\u00fc yaratd\u0131.<br><\/p>\n\n\n\n<p><strong>S\u00f6z\u00fc bo\u011fmaq \u00fc\u00e7\u00fcn\u2026<\/strong><br><\/p>\n\n\n\n<p>Az\u0259rbaycanda, dem\u0259k olar ki, \u0259ks\u0259r m\u00fcst\u0259qil jurnalistl\u0259rin yolu \u0259n az\u0131 bir d\u0259f\u0259 polisd\u0259n ke\u00e7ib. Uzun h\u0259bsl\u0259rd\u0259 vaxt ke\u00e7ir\u0259nl\u0259rin d\u0259 x\u00fcsusi siyah\u0131lar\u0131n\u0131 t\u0259qdim ed\u0259 bil\u0259rik. Amma \u0259n ba\u015fl\u0131cas\u0131 budur ki, Az\u0259rbaycanda jurnalist susdurulmaq \u00fc\u00e7\u00fcn g\u00fcll\u0259l\u0259nib. Bu q\u0259tlin is\u0259 kimin t\u0259r\u0259find\u0259n, nec\u0259 planla\u015fd\u0131r\u0131ld\u0131\u011f\u0131na dair c\u0259miyy\u0259t\u0259 inand\u0131r\u0131c\u0131 h\u0259r hans\u0131 bir m\u0259lumat verilm\u0259yib. He\u00e7 inand\u0131r\u0131c\u0131 istintaq h\u0259r\u0259k\u0259tl\u0259ri d\u0259 olmay\u0131b. H\u00f6kum\u0259tin bu proses\u0259 yana\u015fmas\u0131 b\u00fct\u00fcn \u015f\u00fcbh\u0259l\u0259ri onun \u00fcst\u00fcnd\u0259 saxlama\u011fa \u0259sas verirdi. Bu g\u00fcn is\u0259 art\u0131q jurnalistl\u0259ri deyil, median\u0131n \u00f6z\u00fcn\u00fc q\u0259tl etm\u0259k q\u0259rar\u0131na g\u0259ldil\u0259r. Bu qanunun nec\u0259 i\u015fl\u0259yib-i\u015fl\u0259m\u0259m\u0259sini zaman g\u00f6st\u0259r\u0259c\u0259k. Amma fakt budur ki, bu g\u00fcn hakimiyy\u0259t jurnalistika pe\u015f\u0259sini r\u0259sm\u0259n m\u00fcst\u0259qil \u015f\u0259xsl\u0259r \u00fc\u00e7\u00fcn qada\u011fan etdi.<\/p>\n","protected":false},"excerpt":{"rendered":"<p>Hakimiyy\u0259t yeni m\u0259hk\u0259m\u0259l\u0259r\u0259 haz\u0131r olsun! Etirazlara s\u0259b\u0259b olan \u201cMedia haqq\u0131nda&#8221; &#8230; <\/p>\n<p class=\"read-more-container\"><a title=\"Jurnalistikan\u0131n \u201cq\u0259tli\u201d qanunu\" class=\"read-more button\" href=\"https:\/\/www.meydan.tv\/az\/article\/jurnalistikanin-qetli-qanunu\/#more-230789\" aria-label=\"Read more about Jurnalistikan\u0131n \u201cq\u0259tli\u201d qanunu\">Davam\u0131<\/a><\/p>\n","protected":false},"author":8,"featured_media":129937,"comment_status":"closed","ping_status":"closed","sticky":false,"template":"","format":"standard","meta":{"_acf_changed":false,"_sitemap_exclude":false,"_sitemap_priority":"","_sitemap_frequency":"","footnotes":""},"categories":[57],"tags":[],"class_list":["post-230789","post","type-post","status-publish","format-standard","has-post-thumbnail","hentry","category-menim-fikrimce","infinite-scroll-item","generate-columns","tablet-grid-50","mobile-grid-100","grid-parent","grid-33","no-featured-image-padding"],"acf":[],"yoast_head":"<!-- This site is optimized with the Yoast SEO plugin v27.4 - https:\/\/yoast.com\/product\/yoast-seo-wordpress\/ -->\n<title>Jurnalistikan\u0131n \u201cq\u0259tli\u201d qanunu - MEYDAN.TV<\/title>\n<meta name=\"robots\" content=\"index, follow, max-snippet:-1, max-image-preview:large, max-video-preview:-1\" \/>\n<link rel=\"canonical\" href=\"https:\/\/www.meydan.tv\/az\/article\/jurnalistikanin-qetli-qanunu\/\" \/>\n<meta property=\"og:locale\" content=\"az_AZ\" \/>\n<meta property=\"og:type\" content=\"article\" \/>\n<meta property=\"og:title\" content=\"Jurnalistikan\u0131n \u201cq\u0259tli\u201d qanunu - MEYDAN.TV\" \/>\n<meta property=\"og:description\" content=\"Hakimiyy\u0259t yeni m\u0259hk\u0259m\u0259l\u0259r\u0259 haz\u0131r olsun! Etirazlara s\u0259b\u0259b olan \u201cMedia haqq\u0131nda&#8221; ... Davam\u0131\" \/>\n<meta property=\"og:url\" content=\"https:\/\/www.meydan.tv\/az\/article\/jurnalistikanin-qetli-qanunu\/\" \/>\n<meta property=\"og:site_name\" content=\"MEYDAN.TV\" \/>\n<meta property=\"article:published_time\" content=\"2021-12-30T12:36:34+00:00\" \/>\n<meta property=\"article:modified_time\" content=\"2021-12-30T12:36:36+00:00\" \/>\n<meta property=\"og:image\" content=\"https:\/\/www.meydan.tv\/wp-content\/uploads\/untitled_artwork_5iccn6j-scaled.jpg\" \/>\n\t<meta property=\"og:image:width\" content=\"2560\" \/>\n\t<meta property=\"og:image:height\" content=\"1440\" \/>\n\t<meta property=\"og:image:type\" content=\"image\/jpeg\" \/>\n<meta name=\"author\" content=\"elli\" \/>\n<meta name=\"twitter:card\" content=\"summary_large_image\" \/>\n<meta name=\"twitter:creator\" content=\"@elli\" \/>\n<script type=\"application\/ld+json\" class=\"yoast-schema-graph\">{\"@context\":\"https:\\\/\\\/schema.org\",\"@graph\":[{\"@type\":\"Article\",\"@id\":\"https:\\\/\\\/www.meydan.tv\\\/az\\\/article\\\/jurnalistikanin-qetli-qanunu\\\/#article\",\"isPartOf\":{\"@id\":\"https:\\\/\\\/www.meydan.tv\\\/az\\\/article\\\/jurnalistikanin-qetli-qanunu\\\/\"},\"author\":{\"name\":\"elli\",\"@id\":\"https:\\\/\\\/www.meydan.tv\\\/az\\\/#\\\/schema\\\/person\\\/9cdbecf90d17180ce1dfbd95b08dcf47\"},\"headline\":\"Jurnalistikan\u0131n \u201cq\u0259tli\u201d qanunu\",\"datePublished\":\"2021-12-30T12:36:34+00:00\",\"dateModified\":\"2021-12-30T12:36:36+00:00\",\"mainEntityOfPage\":{\"@id\":\"https:\\\/\\\/www.meydan.tv\\\/az\\\/article\\\/jurnalistikanin-qetli-qanunu\\\/\"},\"wordCount\":732,\"publisher\":{\"@id\":\"https:\\\/\\\/www.meydan.tv\\\/az\\\/#organization\"},\"image\":{\"@id\":\"https:\\\/\\\/www.meydan.tv\\\/az\\\/article\\\/jurnalistikanin-qetli-qanunu\\\/#primaryimage\"},\"thumbnailUrl\":\"https:\\\/\\\/www.meydan.tv\\\/wp-content\\\/uploads\\\/untitled_artwork_5iccn6j-scaled.jpg\",\"articleSection\":[\"M\u0259nim Fikrimc\u0259\"],\"inLanguage\":\"az\"},{\"@type\":\"WebPage\",\"@id\":\"https:\\\/\\\/www.meydan.tv\\\/az\\\/article\\\/jurnalistikanin-qetli-qanunu\\\/\",\"url\":\"https:\\\/\\\/www.meydan.tv\\\/az\\\/article\\\/jurnalistikanin-qetli-qanunu\\\/\",\"name\":\"Jurnalistikan\u0131n \u201cq\u0259tli\u201d qanunu - MEYDAN.TV\",\"isPartOf\":{\"@id\":\"https:\\\/\\\/www.meydan.tv\\\/az\\\/#website\"},\"primaryImageOfPage\":{\"@id\":\"https:\\\/\\\/www.meydan.tv\\\/az\\\/article\\\/jurnalistikanin-qetli-qanunu\\\/#primaryimage\"},\"image\":{\"@id\":\"https:\\\/\\\/www.meydan.tv\\\/az\\\/article\\\/jurnalistikanin-qetli-qanunu\\\/#primaryimage\"},\"thumbnailUrl\":\"https:\\\/\\\/www.meydan.tv\\\/wp-content\\\/uploads\\\/untitled_artwork_5iccn6j-scaled.jpg\",\"datePublished\":\"2021-12-30T12:36:34+00:00\",\"dateModified\":\"2021-12-30T12:36:36+00:00\",\"breadcrumb\":{\"@id\":\"https:\\\/\\\/www.meydan.tv\\\/az\\\/article\\\/jurnalistikanin-qetli-qanunu\\\/#breadcrumb\"},\"inLanguage\":\"az\",\"potentialAction\":[{\"@type\":\"ReadAction\",\"target\":[\"https:\\\/\\\/www.meydan.tv\\\/az\\\/article\\\/jurnalistikanin-qetli-qanunu\\\/\"]}]},{\"@type\":\"ImageObject\",\"inLanguage\":\"az\",\"@id\":\"https:\\\/\\\/www.meydan.tv\\\/az\\\/article\\\/jurnalistikanin-qetli-qanunu\\\/#primaryimage\",\"url\":\"https:\\\/\\\/www.meydan.tv\\\/wp-content\\\/uploads\\\/untitled_artwork_5iccn6j-scaled.jpg\",\"contentUrl\":\"https:\\\/\\\/www.meydan.tv\\\/wp-content\\\/uploads\\\/untitled_artwork_5iccn6j-scaled.jpg\",\"width\":2560,\"height\":1440,\"caption\":\"Seymur H\u0259zi, Foto:: Meydan TV\"},{\"@type\":\"BreadcrumbList\",\"@id\":\"https:\\\/\\\/www.meydan.tv\\\/az\\\/article\\\/jurnalistikanin-qetli-qanunu\\\/#breadcrumb\",\"itemListElement\":[{\"@type\":\"ListItem\",\"position\":1,\"name\":\"Ana s\u0259hif\u0259\",\"item\":\"https:\\\/\\\/www.meydan.tv\\\/az\\\/\"},{\"@type\":\"ListItem\",\"position\":2,\"name\":\"M\u0259nim Fikrimc\u0259\",\"item\":\"https:\\\/\\\/www.meydan.tv\\\/az\\\/section\\\/menim-fikrimce\\\/\"},{\"@type\":\"ListItem\",\"position\":3,\"name\":\"Jurnalistikan\u0131n \u201cq\u0259tli\u201d qanunu\"}]},{\"@type\":\"WebSite\",\"@id\":\"https:\\\/\\\/www.meydan.tv\\\/az\\\/#website\",\"url\":\"https:\\\/\\\/www.meydan.tv\\\/az\\\/\",\"name\":\"MEYDAN.TV\",\"description\":\"Meydan TV Az\u0259rbaycan\u0131n media m\u0259kan\u0131ndak\u0131 alternativ s\u0259sidir\",\"publisher\":{\"@id\":\"https:\\\/\\\/www.meydan.tv\\\/az\\\/#organization\"},\"potentialAction\":[{\"@type\":\"SearchAction\",\"target\":{\"@type\":\"EntryPoint\",\"urlTemplate\":\"https:\\\/\\\/www.meydan.tv\\\/az\\\/?s={search_term_string}\"},\"query-input\":{\"@type\":\"PropertyValueSpecification\",\"valueRequired\":true,\"valueName\":\"search_term_string\"}}],\"inLanguage\":\"az\"},{\"@type\":\"Organization\",\"@id\":\"https:\\\/\\\/www.meydan.tv\\\/az\\\/#organization\",\"name\":\"Meydan TV\",\"url\":\"https:\\\/\\\/www.meydan.tv\\\/az\\\/\",\"logo\":{\"@type\":\"ImageObject\",\"inLanguage\":\"az\",\"@id\":\"https:\\\/\\\/www.meydan.tv\\\/az\\\/#\\\/schema\\\/logo\\\/image\\\/\",\"url\":\"https:\\\/\\\/www.meydan.tv\\\/wp-content\\\/uploads\\\/2021\\\/07\\\/meydan-logo.svg\",\"contentUrl\":\"https:\\\/\\\/www.meydan.tv\\\/wp-content\\\/uploads\\\/2021\\\/07\\\/meydan-logo.svg\",\"width\":195,\"height\":46,\"caption\":\"Meydan TV\"},\"image\":{\"@id\":\"https:\\\/\\\/www.meydan.tv\\\/az\\\/#\\\/schema\\\/logo\\\/image\\\/\"}},{\"@type\":\"Person\",\"@id\":\"https:\\\/\\\/www.meydan.tv\\\/az\\\/#\\\/schema\\\/person\\\/9cdbecf90d17180ce1dfbd95b08dcf47\",\"name\":\"elli\",\"sameAs\":[\"https:\\\/\\\/x.com\\\/elli\"]}]}<\/script>\n<!-- \/ Yoast SEO plugin. -->","yoast_head_json":{"title":"Jurnalistikan\u0131n \u201cq\u0259tli\u201d qanunu - MEYDAN.TV","robots":{"index":"index","follow":"follow","max-snippet":"max-snippet:-1","max-image-preview":"max-image-preview:large","max-video-preview":"max-video-preview:-1"},"canonical":"https:\/\/www.meydan.tv\/az\/article\/jurnalistikanin-qetli-qanunu\/","og_locale":"az_AZ","og_type":"article","og_title":"Jurnalistikan\u0131n \u201cq\u0259tli\u201d qanunu - MEYDAN.TV","og_description":"Hakimiyy\u0259t yeni m\u0259hk\u0259m\u0259l\u0259r\u0259 haz\u0131r olsun! Etirazlara s\u0259b\u0259b olan \u201cMedia haqq\u0131nda&#8221; ... Davam\u0131","og_url":"https:\/\/www.meydan.tv\/az\/article\/jurnalistikanin-qetli-qanunu\/","og_site_name":"MEYDAN.TV","article_published_time":"2021-12-30T12:36:34+00:00","article_modified_time":"2021-12-30T12:36:36+00:00","og_image":[{"width":2560,"height":1440,"url":"https:\/\/www.meydan.tv\/wp-content\/uploads\/untitled_artwork_5iccn6j-scaled.jpg","type":"image\/jpeg"}],"author":"elli","twitter_card":"summary_large_image","twitter_creator":"@elli","schema":{"@context":"https:\/\/schema.org","@graph":[{"@type":"Article","@id":"https:\/\/www.meydan.tv\/az\/article\/jurnalistikanin-qetli-qanunu\/#article","isPartOf":{"@id":"https:\/\/www.meydan.tv\/az\/article\/jurnalistikanin-qetli-qanunu\/"},"author":{"name":"elli","@id":"https:\/\/www.meydan.tv\/az\/#\/schema\/person\/9cdbecf90d17180ce1dfbd95b08dcf47"},"headline":"Jurnalistikan\u0131n \u201cq\u0259tli\u201d qanunu","datePublished":"2021-12-30T12:36:34+00:00","dateModified":"2021-12-30T12:36:36+00:00","mainEntityOfPage":{"@id":"https:\/\/www.meydan.tv\/az\/article\/jurnalistikanin-qetli-qanunu\/"},"wordCount":732,"publisher":{"@id":"https:\/\/www.meydan.tv\/az\/#organization"},"image":{"@id":"https:\/\/www.meydan.tv\/az\/article\/jurnalistikanin-qetli-qanunu\/#primaryimage"},"thumbnailUrl":"https:\/\/www.meydan.tv\/wp-content\/uploads\/untitled_artwork_5iccn6j-scaled.jpg","articleSection":["M\u0259nim Fikrimc\u0259"],"inLanguage":"az"},{"@type":"WebPage","@id":"https:\/\/www.meydan.tv\/az\/article\/jurnalistikanin-qetli-qanunu\/","url":"https:\/\/www.meydan.tv\/az\/article\/jurnalistikanin-qetli-qanunu\/","name":"Jurnalistikan\u0131n \u201cq\u0259tli\u201d qanunu - MEYDAN.TV","isPartOf":{"@id":"https:\/\/www.meydan.tv\/az\/#website"},"primaryImageOfPage":{"@id":"https:\/\/www.meydan.tv\/az\/article\/jurnalistikanin-qetli-qanunu\/#primaryimage"},"image":{"@id":"https:\/\/www.meydan.tv\/az\/article\/jurnalistikanin-qetli-qanunu\/#primaryimage"},"thumbnailUrl":"https:\/\/www.meydan.tv\/wp-content\/uploads\/untitled_artwork_5iccn6j-scaled.jpg","datePublished":"2021-12-30T12:36:34+00:00","dateModified":"2021-12-30T12:36:36+00:00","breadcrumb":{"@id":"https:\/\/www.meydan.tv\/az\/article\/jurnalistikanin-qetli-qanunu\/#breadcrumb"},"inLanguage":"az","potentialAction":[{"@type":"ReadAction","target":["https:\/\/www.meydan.tv\/az\/article\/jurnalistikanin-qetli-qanunu\/"]}]},{"@type":"ImageObject","inLanguage":"az","@id":"https:\/\/www.meydan.tv\/az\/article\/jurnalistikanin-qetli-qanunu\/#primaryimage","url":"https:\/\/www.meydan.tv\/wp-content\/uploads\/untitled_artwork_5iccn6j-scaled.jpg","contentUrl":"https:\/\/www.meydan.tv\/wp-content\/uploads\/untitled_artwork_5iccn6j-scaled.jpg","width":2560,"height":1440,"caption":"Seymur H\u0259zi, Foto:: Meydan TV"},{"@type":"BreadcrumbList","@id":"https:\/\/www.meydan.tv\/az\/article\/jurnalistikanin-qetli-qanunu\/#breadcrumb","itemListElement":[{"@type":"ListItem","position":1,"name":"Ana s\u0259hif\u0259","item":"https:\/\/www.meydan.tv\/az\/"},{"@type":"ListItem","position":2,"name":"M\u0259nim Fikrimc\u0259","item":"https:\/\/www.meydan.tv\/az\/section\/menim-fikrimce\/"},{"@type":"ListItem","position":3,"name":"Jurnalistikan\u0131n \u201cq\u0259tli\u201d qanunu"}]},{"@type":"WebSite","@id":"https:\/\/www.meydan.tv\/az\/#website","url":"https:\/\/www.meydan.tv\/az\/","name":"MEYDAN.TV","description":"Meydan TV Az\u0259rbaycan\u0131n media m\u0259kan\u0131ndak\u0131 alternativ s\u0259sidir","publisher":{"@id":"https:\/\/www.meydan.tv\/az\/#organization"},"potentialAction":[{"@type":"SearchAction","target":{"@type":"EntryPoint","urlTemplate":"https:\/\/www.meydan.tv\/az\/?s={search_term_string}"},"query-input":{"@type":"PropertyValueSpecification","valueRequired":true,"valueName":"search_term_string"}}],"inLanguage":"az"},{"@type":"Organization","@id":"https:\/\/www.meydan.tv\/az\/#organization","name":"Meydan TV","url":"https:\/\/www.meydan.tv\/az\/","logo":{"@type":"ImageObject","inLanguage":"az","@id":"https:\/\/www.meydan.tv\/az\/#\/schema\/logo\/image\/","url":"https:\/\/www.meydan.tv\/wp-content\/uploads\/2021\/07\/meydan-logo.svg","contentUrl":"https:\/\/www.meydan.tv\/wp-content\/uploads\/2021\/07\/meydan-logo.svg","width":195,"height":46,"caption":"Meydan TV"},"image":{"@id":"https:\/\/www.meydan.tv\/az\/#\/schema\/logo\/image\/"}},{"@type":"Person","@id":"https:\/\/www.meydan.tv\/az\/#\/schema\/person\/9cdbecf90d17180ce1dfbd95b08dcf47","name":"elli","sameAs":["https:\/\/x.com\/elli"]}]}},"_links":{"self":[{"href":"https:\/\/www.meydan.tv\/az\/wp-json\/wp\/v2\/posts\/230789","targetHints":{"allow":["GET"]}}],"collection":[{"href":"https:\/\/www.meydan.tv\/az\/wp-json\/wp\/v2\/posts"}],"about":[{"href":"https:\/\/www.meydan.tv\/az\/wp-json\/wp\/v2\/types\/post"}],"author":[{"embeddable":true,"href":"https:\/\/www.meydan.tv\/az\/wp-json\/wp\/v2\/users\/8"}],"replies":[{"embeddable":true,"href":"https:\/\/www.meydan.tv\/az\/wp-json\/wp\/v2\/comments?post=230789"}],"version-history":[{"count":3,"href":"https:\/\/www.meydan.tv\/az\/wp-json\/wp\/v2\/posts\/230789\/revisions"}],"predecessor-version":[{"id":230794,"href":"https:\/\/www.meydan.tv\/az\/wp-json\/wp\/v2\/posts\/230789\/revisions\/230794"}],"wp:featuredmedia":[{"embeddable":true,"href":"https:\/\/www.meydan.tv\/az\/wp-json\/wp\/v2\/media\/129937"}],"wp:attachment":[{"href":"https:\/\/www.meydan.tv\/az\/wp-json\/wp\/v2\/media?parent=230789"}],"wp:term":[{"taxonomy":"category","embeddable":true,"href":"https:\/\/www.meydan.tv\/az\/wp-json\/wp\/v2\/categories?post=230789"},{"taxonomy":"post_tag","embeddable":true,"href":"https:\/\/www.meydan.tv\/az\/wp-json\/wp\/v2\/tags?post=230789"}],"curies":[{"name":"wp","href":"https:\/\/api.w.org\/{rel}","templated":true}]}}