{"id":230787,"date":"2021-12-30T16:24:13","date_gmt":"2021-12-30T12:24:13","guid":{"rendered":"https:\/\/www.meydan.tv\/?p=230787"},"modified":"2021-12-30T16:24:14","modified_gmt":"2021-12-30T12:24:14","slug":"kalmar-oyununun-rejissoru-netflixle-danisiqlara-baslayib","status":"publish","type":"post","link":"https:\/\/www.meydan.tv\/az\/article\/kalmar-oyununun-rejissoru-netflixle-danisiqlara-baslayib\/","title":{"rendered":"\u201cKalmar oyunu\u201dnun rejissoru \u201cNetflix\u201dl\u0259 dan\u0131\u015f\u0131qlara ba\u015flay\u0131b"},"content":{"rendered":"\n<p><em>Serial\u0131n ikinci v\u0259 \u00fc\u00e7\u00fcnc\u00fc m\u00f6vs\u00fcm\u00fc d\u0259 bu platformada yay\u0131mlanacaq<\/em><\/p>\n\n\n\n<p>\u201cKalmar oyunu\u201dnun (\u201cSquid Game\u201d) yarad\u0131c\u0131s\u0131 Hvang Dong-hyuk serial\u0131n ikinci v\u0259 \u00fc\u00e7\u00fcnc\u00fc m\u00f6vs\u00fcml\u0259rinin n\u00fcmayi\u015fi \u00fc\u00e7\u00fcn \u201cNetflix\u201dl\u0259 dan\u0131\u015f\u0131qlara ba\u015flay\u0131b.<\/p>\n\n\n\n<p>Rejissor \u00f6t\u0259n ilin noyabr\u0131nda serial izl\u0259yicil\u0259rinin \u201cKalmar oyunu\u201dnun ard\u0131n\u0131n \u00e7\u0259kilm\u0259sind\u0259 israr etdikl\u0259rini demi\u015fdi.<\/p>\n\n\n\n<p>\u201cKalmar oyunu\u201d \u201cNetflix\u201dd\u0259 2021-ci ilin sentyabr\u0131nda n\u00fcmayi\u015f olunub.<\/p>\n\n\n\n<p>Serial q\u0259hramanlar\u0131 u\u015faq oyunlar\u0131n\u0131n \u00f6l\u00fcmc\u00fcl t\u0259hl\u00fck\u0259li versiyas\u0131nda b\u00f6y\u00fck m\u00fckafat m\u0259bl\u0259\u011fi u\u011frunda m\u00fcbariz\u0259 apar\u0131rlar.<\/p>\n\n\n\n<p>Hadis\u0259l\u0259r C\u0259nubi Koreyan\u0131n h\u0259r yerind\u0259n y\u00fczl\u0259rl\u0259 marginallar\u0131n g\u0259tirildiyi, ad\u0131 a\u00e7\u0131qlanmayan adadak\u0131 n\u0259h\u0259ng gizli kompleksd\u0259 ba\u015f verir.<\/p>\n\n\n\n<p>Serial\u0131n q\u0259hr\u0259manlar\u0131 \u00f6z ist\u0259kl\u0259ri il\u0259 u\u015faq oyunlar\u0131n\u0131n \u00f6l\u00fcmc\u00fcl versiyalar\u0131nda 45,6 milyard von, y\u0259ni 38 milyon dollar m\u0259bl\u0259\u011find\u0259 m\u00fckafat u\u011frunda m\u00fcbariz\u0259 apar\u0131rlar.<\/p>\n\n\n\n<p>Sonda bir n\u0259f\u0259r sa\u011f qal\u0131r v\u0259 38 milyon dollar\u0131n sahibi olur.<\/p>\n","protected":false},"excerpt":{"rendered":"<p>Serial\u0131n ikinci v\u0259 \u00fc\u00e7\u00fcnc\u00fc m\u00f6vs\u00fcm\u00fc d\u0259 bu platformada yay\u0131mlanacaq \u201cKalmar &#8230; <\/p>\n<p class=\"read-more-container\"><a title=\"\u201cKalmar oyunu\u201dnun rejissoru \u201cNetflix\u201dl\u0259 dan\u0131\u015f\u0131qlara ba\u015flay\u0131b\" class=\"read-more button\" href=\"https:\/\/www.meydan.tv\/az\/article\/kalmar-oyununun-rejissoru-netflixle-danisiqlara-baslayib\/#more-230787\" aria-label=\"Read more about \u201cKalmar oyunu\u201dnun rejissoru \u201cNetflix\u201dl\u0259 dan\u0131\u015f\u0131qlara ba\u015flay\u0131b\">Davam\u0131<\/a><\/p>\n","protected":false},"author":8,"featured_media":230780,"comment_status":"closed","ping_status":"closed","sticky":false,"template":"","format":"standard","meta":{"_acf_changed":false,"_sitemap_exclude":false,"_sitemap_priority":"","_sitemap_frequency":"","footnotes":""},"categories":[52,56],"tags":[],"class_list":["post-230787","post","type-post","status-publish","format-standard","has-post-thumbnail","hentry","category-medeniyyet","category-xeberler","infinite-scroll-item","generate-columns","tablet-grid-50","mobile-grid-100","grid-parent","grid-33","no-featured-image-padding"],"acf":[],"yoast_head":"<!-- This site is optimized with the Yoast SEO plugin v27.4 - https:\/\/yoast.com\/product\/yoast-seo-wordpress\/ -->\n<title>\u201cKalmar oyunu\u201dnun rejissoru \u201cNetflix\u201dl\u0259 dan\u0131\u015f\u0131qlara ba\u015flay\u0131b - MEYDAN.TV<\/title>\n<meta name=\"robots\" content=\"index, follow, max-snippet:-1, max-image-preview:large, max-video-preview:-1\" \/>\n<link rel=\"canonical\" href=\"https:\/\/www.meydan.tv\/az\/article\/kalmar-oyununun-rejissoru-netflixle-danisiqlara-baslayib\/\" \/>\n<meta property=\"og:locale\" content=\"az_AZ\" \/>\n<meta property=\"og:type\" content=\"article\" \/>\n<meta property=\"og:title\" content=\"\u201cKalmar oyunu\u201dnun rejissoru \u201cNetflix\u201dl\u0259 dan\u0131\u015f\u0131qlara ba\u015flay\u0131b - MEYDAN.TV\" \/>\n<meta property=\"og:description\" content=\"Serial\u0131n ikinci v\u0259 \u00fc\u00e7\u00fcnc\u00fc m\u00f6vs\u00fcm\u00fc d\u0259 bu platformada yay\u0131mlanacaq \u201cKalmar ... Davam\u0131\" \/>\n<meta property=\"og:url\" content=\"https:\/\/www.meydan.tv\/az\/article\/kalmar-oyununun-rejissoru-netflixle-danisiqlara-baslayib\/\" \/>\n<meta property=\"og:site_name\" content=\"MEYDAN.TV\" \/>\n<meta property=\"article:published_time\" content=\"2021-12-30T12:24:13+00:00\" \/>\n<meta property=\"article:modified_time\" content=\"2021-12-30T12:24:14+00:00\" \/>\n<meta property=\"og:image\" content=\"https:\/\/www.meydan.tv\/wp-content\/uploads\/shutterstock_2056555805.jpg\" \/>\n\t<meta property=\"og:image:width\" content=\"1200\" \/>\n\t<meta property=\"og:image:height\" content=\"800\" \/>\n\t<meta property=\"og:image:type\" content=\"image\/jpeg\" \/>\n<meta name=\"author\" content=\"elli\" \/>\n<meta name=\"twitter:card\" content=\"summary_large_image\" \/>\n<meta name=\"twitter:creator\" content=\"@elli\" \/>\n<script type=\"application\/ld+json\" class=\"yoast-schema-graph\">{\"@context\":\"https:\\\/\\\/schema.org\",\"@graph\":[{\"@type\":\"Article\",\"@id\":\"https:\\\/\\\/www.meydan.tv\\\/az\\\/article\\\/kalmar-oyununun-rejissoru-netflixle-danisiqlara-baslayib\\\/#article\",\"isPartOf\":{\"@id\":\"https:\\\/\\\/www.meydan.tv\\\/az\\\/article\\\/kalmar-oyununun-rejissoru-netflixle-danisiqlara-baslayib\\\/\"},\"author\":{\"name\":\"elli\",\"@id\":\"https:\\\/\\\/www.meydan.tv\\\/az\\\/#\\\/schema\\\/person\\\/9cdbecf90d17180ce1dfbd95b08dcf47\"},\"headline\":\"\u201cKalmar oyunu\u201dnun rejissoru \u201cNetflix\u201dl\u0259 dan\u0131\u015f\u0131qlara ba\u015flay\u0131b\",\"datePublished\":\"2021-12-30T12:24:13+00:00\",\"dateModified\":\"2021-12-30T12:24:14+00:00\",\"mainEntityOfPage\":{\"@id\":\"https:\\\/\\\/www.meydan.tv\\\/az\\\/article\\\/kalmar-oyununun-rejissoru-netflixle-danisiqlara-baslayib\\\/\"},\"wordCount\":199,\"publisher\":{\"@id\":\"https:\\\/\\\/www.meydan.tv\\\/az\\\/#organization\"},\"image\":{\"@id\":\"https:\\\/\\\/www.meydan.tv\\\/az\\\/article\\\/kalmar-oyununun-rejissoru-netflixle-danisiqlara-baslayib\\\/#primaryimage\"},\"thumbnailUrl\":\"https:\\\/\\\/www.meydan.tv\\\/wp-content\\\/uploads\\\/shutterstock_2056555805.jpg\",\"articleSection\":[\"M\u0259d\u0259niyy\u0259t\",\"X\u0259b\u0259rl\u0259r\"],\"inLanguage\":\"az\"},{\"@type\":\"WebPage\",\"@id\":\"https:\\\/\\\/www.meydan.tv\\\/az\\\/article\\\/kalmar-oyununun-rejissoru-netflixle-danisiqlara-baslayib\\\/\",\"url\":\"https:\\\/\\\/www.meydan.tv\\\/az\\\/article\\\/kalmar-oyununun-rejissoru-netflixle-danisiqlara-baslayib\\\/\",\"name\":\"\u201cKalmar oyunu\u201dnun rejissoru \u201cNetflix\u201dl\u0259 dan\u0131\u015f\u0131qlara ba\u015flay\u0131b - MEYDAN.TV\",\"isPartOf\":{\"@id\":\"https:\\\/\\\/www.meydan.tv\\\/az\\\/#website\"},\"primaryImageOfPage\":{\"@id\":\"https:\\\/\\\/www.meydan.tv\\\/az\\\/article\\\/kalmar-oyununun-rejissoru-netflixle-danisiqlara-baslayib\\\/#primaryimage\"},\"image\":{\"@id\":\"https:\\\/\\\/www.meydan.tv\\\/az\\\/article\\\/kalmar-oyununun-rejissoru-netflixle-danisiqlara-baslayib\\\/#primaryimage\"},\"thumbnailUrl\":\"https:\\\/\\\/www.meydan.tv\\\/wp-content\\\/uploads\\\/shutterstock_2056555805.jpg\",\"datePublished\":\"2021-12-30T12:24:13+00:00\",\"dateModified\":\"2021-12-30T12:24:14+00:00\",\"breadcrumb\":{\"@id\":\"https:\\\/\\\/www.meydan.tv\\\/az\\\/article\\\/kalmar-oyununun-rejissoru-netflixle-danisiqlara-baslayib\\\/#breadcrumb\"},\"inLanguage\":\"az\",\"potentialAction\":[{\"@type\":\"ReadAction\",\"target\":[\"https:\\\/\\\/www.meydan.tv\\\/az\\\/article\\\/kalmar-oyununun-rejissoru-netflixle-danisiqlara-baslayib\\\/\"]}]},{\"@type\":\"ImageObject\",\"inLanguage\":\"az\",\"@id\":\"https:\\\/\\\/www.meydan.tv\\\/az\\\/article\\\/kalmar-oyununun-rejissoru-netflixle-danisiqlara-baslayib\\\/#primaryimage\",\"url\":\"https:\\\/\\\/www.meydan.tv\\\/wp-content\\\/uploads\\\/shutterstock_2056555805.jpg\",\"contentUrl\":\"https:\\\/\\\/www.meydan.tv\\\/wp-content\\\/uploads\\\/shutterstock_2056555805.jpg\",\"width\":1200,\"height\":800,\"caption\":\"\u201cNetflix\u201d. Foto: David Esser\\\/Shutterstock\"},{\"@type\":\"BreadcrumbList\",\"@id\":\"https:\\\/\\\/www.meydan.tv\\\/az\\\/article\\\/kalmar-oyununun-rejissoru-netflixle-danisiqlara-baslayib\\\/#breadcrumb\",\"itemListElement\":[{\"@type\":\"ListItem\",\"position\":1,\"name\":\"Ana s\u0259hif\u0259\",\"item\":\"https:\\\/\\\/www.meydan.tv\\\/az\\\/\"},{\"@type\":\"ListItem\",\"position\":2,\"name\":\"M\u0259d\u0259niyy\u0259t\",\"item\":\"https:\\\/\\\/www.meydan.tv\\\/az\\\/section\\\/medeniyyet\\\/\"},{\"@type\":\"ListItem\",\"position\":3,\"name\":\"\u201cKalmar oyunu\u201dnun rejissoru \u201cNetflix\u201dl\u0259 dan\u0131\u015f\u0131qlara ba\u015flay\u0131b\"}]},{\"@type\":\"WebSite\",\"@id\":\"https:\\\/\\\/www.meydan.tv\\\/az\\\/#website\",\"url\":\"https:\\\/\\\/www.meydan.tv\\\/az\\\/\",\"name\":\"MEYDAN.TV\",\"description\":\"Meydan TV Az\u0259rbaycan\u0131n media m\u0259kan\u0131ndak\u0131 alternativ s\u0259sidir\",\"publisher\":{\"@id\":\"https:\\\/\\\/www.meydan.tv\\\/az\\\/#organization\"},\"potentialAction\":[{\"@type\":\"SearchAction\",\"target\":{\"@type\":\"EntryPoint\",\"urlTemplate\":\"https:\\\/\\\/www.meydan.tv\\\/az\\\/?s={search_term_string}\"},\"query-input\":{\"@type\":\"PropertyValueSpecification\",\"valueRequired\":true,\"valueName\":\"search_term_string\"}}],\"inLanguage\":\"az\"},{\"@type\":\"Organization\",\"@id\":\"https:\\\/\\\/www.meydan.tv\\\/az\\\/#organization\",\"name\":\"Meydan TV\",\"url\":\"https:\\\/\\\/www.meydan.tv\\\/az\\\/\",\"logo\":{\"@type\":\"ImageObject\",\"inLanguage\":\"az\",\"@id\":\"https:\\\/\\\/www.meydan.tv\\\/az\\\/#\\\/schema\\\/logo\\\/image\\\/\",\"url\":\"https:\\\/\\\/www.meydan.tv\\\/wp-content\\\/uploads\\\/2021\\\/07\\\/meydan-logo.svg\",\"contentUrl\":\"https:\\\/\\\/www.meydan.tv\\\/wp-content\\\/uploads\\\/2021\\\/07\\\/meydan-logo.svg\",\"width\":195,\"height\":46,\"caption\":\"Meydan TV\"},\"image\":{\"@id\":\"https:\\\/\\\/www.meydan.tv\\\/az\\\/#\\\/schema\\\/logo\\\/image\\\/\"}},{\"@type\":\"Person\",\"@id\":\"https:\\\/\\\/www.meydan.tv\\\/az\\\/#\\\/schema\\\/person\\\/9cdbecf90d17180ce1dfbd95b08dcf47\",\"name\":\"elli\",\"sameAs\":[\"https:\\\/\\\/x.com\\\/elli\"]}]}<\/script>\n<!-- \/ Yoast SEO plugin. -->","yoast_head_json":{"title":"\u201cKalmar oyunu\u201dnun rejissoru \u201cNetflix\u201dl\u0259 dan\u0131\u015f\u0131qlara ba\u015flay\u0131b - MEYDAN.TV","robots":{"index":"index","follow":"follow","max-snippet":"max-snippet:-1","max-image-preview":"max-image-preview:large","max-video-preview":"max-video-preview:-1"},"canonical":"https:\/\/www.meydan.tv\/az\/article\/kalmar-oyununun-rejissoru-netflixle-danisiqlara-baslayib\/","og_locale":"az_AZ","og_type":"article","og_title":"\u201cKalmar oyunu\u201dnun rejissoru \u201cNetflix\u201dl\u0259 dan\u0131\u015f\u0131qlara ba\u015flay\u0131b - MEYDAN.TV","og_description":"Serial\u0131n ikinci v\u0259 \u00fc\u00e7\u00fcnc\u00fc m\u00f6vs\u00fcm\u00fc d\u0259 bu platformada yay\u0131mlanacaq \u201cKalmar ... Davam\u0131","og_url":"https:\/\/www.meydan.tv\/az\/article\/kalmar-oyununun-rejissoru-netflixle-danisiqlara-baslayib\/","og_site_name":"MEYDAN.TV","article_published_time":"2021-12-30T12:24:13+00:00","article_modified_time":"2021-12-30T12:24:14+00:00","og_image":[{"width":1200,"height":800,"url":"https:\/\/www.meydan.tv\/wp-content\/uploads\/shutterstock_2056555805.jpg","type":"image\/jpeg"}],"author":"elli","twitter_card":"summary_large_image","twitter_creator":"@elli","schema":{"@context":"https:\/\/schema.org","@graph":[{"@type":"Article","@id":"https:\/\/www.meydan.tv\/az\/article\/kalmar-oyununun-rejissoru-netflixle-danisiqlara-baslayib\/#article","isPartOf":{"@id":"https:\/\/www.meydan.tv\/az\/article\/kalmar-oyununun-rejissoru-netflixle-danisiqlara-baslayib\/"},"author":{"name":"elli","@id":"https:\/\/www.meydan.tv\/az\/#\/schema\/person\/9cdbecf90d17180ce1dfbd95b08dcf47"},"headline":"\u201cKalmar oyunu\u201dnun rejissoru \u201cNetflix\u201dl\u0259 dan\u0131\u015f\u0131qlara ba\u015flay\u0131b","datePublished":"2021-12-30T12:24:13+00:00","dateModified":"2021-12-30T12:24:14+00:00","mainEntityOfPage":{"@id":"https:\/\/www.meydan.tv\/az\/article\/kalmar-oyununun-rejissoru-netflixle-danisiqlara-baslayib\/"},"wordCount":199,"publisher":{"@id":"https:\/\/www.meydan.tv\/az\/#organization"},"image":{"@id":"https:\/\/www.meydan.tv\/az\/article\/kalmar-oyununun-rejissoru-netflixle-danisiqlara-baslayib\/#primaryimage"},"thumbnailUrl":"https:\/\/www.meydan.tv\/wp-content\/uploads\/shutterstock_2056555805.jpg","articleSection":["M\u0259d\u0259niyy\u0259t","X\u0259b\u0259rl\u0259r"],"inLanguage":"az"},{"@type":"WebPage","@id":"https:\/\/www.meydan.tv\/az\/article\/kalmar-oyununun-rejissoru-netflixle-danisiqlara-baslayib\/","url":"https:\/\/www.meydan.tv\/az\/article\/kalmar-oyununun-rejissoru-netflixle-danisiqlara-baslayib\/","name":"\u201cKalmar oyunu\u201dnun rejissoru \u201cNetflix\u201dl\u0259 dan\u0131\u015f\u0131qlara ba\u015flay\u0131b - MEYDAN.TV","isPartOf":{"@id":"https:\/\/www.meydan.tv\/az\/#website"},"primaryImageOfPage":{"@id":"https:\/\/www.meydan.tv\/az\/article\/kalmar-oyununun-rejissoru-netflixle-danisiqlara-baslayib\/#primaryimage"},"image":{"@id":"https:\/\/www.meydan.tv\/az\/article\/kalmar-oyununun-rejissoru-netflixle-danisiqlara-baslayib\/#primaryimage"},"thumbnailUrl":"https:\/\/www.meydan.tv\/wp-content\/uploads\/shutterstock_2056555805.jpg","datePublished":"2021-12-30T12:24:13+00:00","dateModified":"2021-12-30T12:24:14+00:00","breadcrumb":{"@id":"https:\/\/www.meydan.tv\/az\/article\/kalmar-oyununun-rejissoru-netflixle-danisiqlara-baslayib\/#breadcrumb"},"inLanguage":"az","potentialAction":[{"@type":"ReadAction","target":["https:\/\/www.meydan.tv\/az\/article\/kalmar-oyununun-rejissoru-netflixle-danisiqlara-baslayib\/"]}]},{"@type":"ImageObject","inLanguage":"az","@id":"https:\/\/www.meydan.tv\/az\/article\/kalmar-oyununun-rejissoru-netflixle-danisiqlara-baslayib\/#primaryimage","url":"https:\/\/www.meydan.tv\/wp-content\/uploads\/shutterstock_2056555805.jpg","contentUrl":"https:\/\/www.meydan.tv\/wp-content\/uploads\/shutterstock_2056555805.jpg","width":1200,"height":800,"caption":"\u201cNetflix\u201d. Foto: David Esser\/Shutterstock"},{"@type":"BreadcrumbList","@id":"https:\/\/www.meydan.tv\/az\/article\/kalmar-oyununun-rejissoru-netflixle-danisiqlara-baslayib\/#breadcrumb","itemListElement":[{"@type":"ListItem","position":1,"name":"Ana s\u0259hif\u0259","item":"https:\/\/www.meydan.tv\/az\/"},{"@type":"ListItem","position":2,"name":"M\u0259d\u0259niyy\u0259t","item":"https:\/\/www.meydan.tv\/az\/section\/medeniyyet\/"},{"@type":"ListItem","position":3,"name":"\u201cKalmar oyunu\u201dnun rejissoru \u201cNetflix\u201dl\u0259 dan\u0131\u015f\u0131qlara ba\u015flay\u0131b"}]},{"@type":"WebSite","@id":"https:\/\/www.meydan.tv\/az\/#website","url":"https:\/\/www.meydan.tv\/az\/","name":"MEYDAN.TV","description":"Meydan TV Az\u0259rbaycan\u0131n media m\u0259kan\u0131ndak\u0131 alternativ s\u0259sidir","publisher":{"@id":"https:\/\/www.meydan.tv\/az\/#organization"},"potentialAction":[{"@type":"SearchAction","target":{"@type":"EntryPoint","urlTemplate":"https:\/\/www.meydan.tv\/az\/?s={search_term_string}"},"query-input":{"@type":"PropertyValueSpecification","valueRequired":true,"valueName":"search_term_string"}}],"inLanguage":"az"},{"@type":"Organization","@id":"https:\/\/www.meydan.tv\/az\/#organization","name":"Meydan TV","url":"https:\/\/www.meydan.tv\/az\/","logo":{"@type":"ImageObject","inLanguage":"az","@id":"https:\/\/www.meydan.tv\/az\/#\/schema\/logo\/image\/","url":"https:\/\/www.meydan.tv\/wp-content\/uploads\/2021\/07\/meydan-logo.svg","contentUrl":"https:\/\/www.meydan.tv\/wp-content\/uploads\/2021\/07\/meydan-logo.svg","width":195,"height":46,"caption":"Meydan TV"},"image":{"@id":"https:\/\/www.meydan.tv\/az\/#\/schema\/logo\/image\/"}},{"@type":"Person","@id":"https:\/\/www.meydan.tv\/az\/#\/schema\/person\/9cdbecf90d17180ce1dfbd95b08dcf47","name":"elli","sameAs":["https:\/\/x.com\/elli"]}]}},"_links":{"self":[{"href":"https:\/\/www.meydan.tv\/az\/wp-json\/wp\/v2\/posts\/230787","targetHints":{"allow":["GET"]}}],"collection":[{"href":"https:\/\/www.meydan.tv\/az\/wp-json\/wp\/v2\/posts"}],"about":[{"href":"https:\/\/www.meydan.tv\/az\/wp-json\/wp\/v2\/types\/post"}],"author":[{"embeddable":true,"href":"https:\/\/www.meydan.tv\/az\/wp-json\/wp\/v2\/users\/8"}],"replies":[{"embeddable":true,"href":"https:\/\/www.meydan.tv\/az\/wp-json\/wp\/v2\/comments?post=230787"}],"version-history":[{"count":2,"href":"https:\/\/www.meydan.tv\/az\/wp-json\/wp\/v2\/posts\/230787\/revisions"}],"predecessor-version":[{"id":230791,"href":"https:\/\/www.meydan.tv\/az\/wp-json\/wp\/v2\/posts\/230787\/revisions\/230791"}],"wp:featuredmedia":[{"embeddable":true,"href":"https:\/\/www.meydan.tv\/az\/wp-json\/wp\/v2\/media\/230780"}],"wp:attachment":[{"href":"https:\/\/www.meydan.tv\/az\/wp-json\/wp\/v2\/media?parent=230787"}],"wp:term":[{"taxonomy":"category","embeddable":true,"href":"https:\/\/www.meydan.tv\/az\/wp-json\/wp\/v2\/categories?post=230787"},{"taxonomy":"post_tag","embeddable":true,"href":"https:\/\/www.meydan.tv\/az\/wp-json\/wp\/v2\/tags?post=230787"}],"curies":[{"name":"wp","href":"https:\/\/api.w.org\/{rel}","templated":true}]}}