{"id":230729,"date":"2021-12-30T12:04:58","date_gmt":"2021-12-30T08:04:58","guid":{"rendered":"https:\/\/www.meydan.tv\/?p=230729"},"modified":"2021-12-30T12:18:25","modified_gmt":"2021-12-30T08:18:25","slug":"serhedsiz-reportyorlardan-azerbaycan-hakimiyyetine-cagiris","status":"publish","type":"post","link":"https:\/\/www.meydan.tv\/az\/article\/serhedsiz-reportyorlardan-azerbaycan-hakimiyyetine-cagiris\/","title":{"rendered":"&#8220;S\u0259rh\u0259dsiz reportyorlar&#8221;dan Az\u0259rbaycan hakimiyy\u0259tin\u0259 \u00e7a\u011f\u0131r\u0131\u015f"},"content":{"rendered":"\n<p><em>&#8220;&#8221;Media haqq\u0131nda&#8221; qanun layih\u0259sin\u0259 yenid\u0259n bax\u0131lmal\u0131d\u0131r&#8221;<\/em><br><\/p>\n\n\n\n<p>&#8220;S\u0259rh\u0259dsiz reportyorlar&#8221; t\u0259\u015fkilat\u0131 Az\u0259rbaycan hakimiyy\u0259tini &#8220;Media haqq\u0131nda&#8221; qanun layih\u0259sin\u0259 yenid\u0259n baxma\u011fa \u00e7a\u011f\u0131r\u0131b.<br><\/p>\n\n\n\n<p>T\u0259\u015fkilat bu bar\u0259d\u0259 dekabr\u0131n 29-da b\u0259yanat <a href=\"https:\/\/rsf.org\/en\/news\/rsf-calls-revision-azerbaijani-bill-legalising-censorship\" target=\"_blank\" rel=\"noreferrer noopener\">yay\u0131b<\/a>.<br><\/p>\n\n\n\n<p>T\u0259\u015fkilat hesab edir ki, yeni qanun layih\u0259si Konstitusiyaya v\u0259 Avropa \u0130nsan H\u00fcquqlar\u0131 Konvensiyas\u0131n\u0131n prinsipl\u0259rin\u0259 ziddir.<br><\/p>\n\n\n\n<p>B\u0259yanatda qeyd olunub ki, Az\u0259rbaycan Milli M\u0259clisinin deputatlar\u0131 \u00f6t\u0259n ilin yaz\u0131ndan gizli haz\u0131rlanan &#8220;Media haqq\u0131nda&#8221; qanun layih\u0259sini dekabr\u0131n 30-da \u00fc\u00e7\u00fcnc\u00fc v\u0259 yekun oxunu\u015fda q\u0259bul etm\u0259y\u0259 haz\u0131rla\u015f\u0131rlar: <\/p>\n\n\n\n<p>&#8220;Dekabr\u0131n 28-d\u0259 30-dan \u00e7ox m\u00fcst\u0259qil v\u0259 m\u00fcxalif\u0259ty\u00f6nl\u00fc jurnalist Milli M\u0259clisin qar\u015f\u0131s\u0131nda qanun layih\u0259sin\u0259 etiraz edib. Reportyor N\u0259rgiz Absalamova polis \u0259m\u0259kda\u015f\u0131 t\u0259r\u0259find\u0259n d\u00f6y\u00fcl\u00fcb v\u0259 b\u00fczd\u00fcm s\u00fcm\u00fcy\u00fc s\u0131n\u0131b. Bu, polisin repressiyas\u0131na baxmayaraq, h\u0259min m\u0259s\u0259l\u0259 il\u0259 \u0259laq\u0259dar ikinci etiraz aksiyas\u0131 idi&#8221;.<br><\/p>\n\n\n\n<p>T\u0259\u015fkilat bildirib ki, yeni qanun layih\u0259si jurnalistl\u0259rin reyestrinin v\u0259 vahid m\u0259tbuat kart\u0131n\u0131n yarad\u0131lmas\u0131n\u0131 n\u0259z\u0259rd\u0259 tutur: <\/p>\n\n\n\n<p>&#8220;Yaln\u0131z bu kart\u0131 olanlar v\u0259 K\u0130V-l\u0259ri hakimiyy\u0259t t\u0259r\u0259find\u0259n qeydiyyatdan ke\u00e7\u0259nl\u0259r jurnalist statusundan istifad\u0259 ed\u0259 bil\u0259c\u0259kl\u0259r. Dig\u0259rl\u0259ri onlar\u0131n f\u0259aliyy\u0259tinin, \u0259sas\u0259n d\u0259, onlara m\u0259h\u0259l qoymayan r\u0259smi m\u0259nb\u0259l\u0259rl\u0259 i\u015f zaman\u0131 f\u0259aliyy\u0259tl\u0259rinin m\u0259hdudla\u015fd\u0131r\u0131lmas\u0131 il\u0259 \u00fczl\u0259\u015f\u0259 bil\u0259rl\u0259r. M\u0259hz d\u00f6vl\u0259t \u00f6zba\u015f\u0131na \u015f\u0259kild\u0259 kimin jurnalist olub-olmad\u0131\u011f\u0131n\u0131 m\u00fc\u0259yy\u0259n ed\u0259c\u0259k, qeydiyyatdan ke\u00e7mi\u015f b\u00fct\u00fcn jurnalistl\u0259r\u0259 v\u0259 K\u0130V-l\u0259r\u0259 dair siyah\u0131 v\u0259 \u015f\u0259xsi m\u0259lumatlar (\u00fcnvanlar, bank hesablar\u0131, m\u00fcqavil\u0259l\u0259rin v\u0259 sair) hakimiyy\u0259td\u0259 olacaq. B\u00fct\u00fcn bunlar jurnalistl\u0259ri \u0259lav\u0259 risk\u0259 m\u0259ruz qoyur&#8221;.<br><\/p>\n\n\n\n<p>&#8220;H\u0259m\u00e7inin qanun layih\u0259si \u015f\u0259xsin ist\u0259nil\u0259n t\u0259svirinin, h\u0259tta ictimai yerd\u0259, onun yaz\u0131l\u0131 icaz\u0259si olmadan yay\u0131lmas\u0131n\u0131 qada\u011fan edir. Bu, se\u00e7kil\u0259rin saxtala\u015fd\u0131r\u0131lmas\u0131n\u0131 s\u00fcbut ed\u0259n foto v\u0259 ya videolar\u0131n d\u0259rcind\u0259n qa\u00e7maq \u00fc\u00e7\u00fcn yoldur&#8221;, &#8211; b\u0259yanatda qeyd olunur.<br><\/p>\n\n\n\n<p>&#8220;Yeni qanun xaricd\u0259 yerl\u0259\u015f\u0259n K\u0130V-in i\u015fini daha da \u00e7\u0259tinl\u0259\u015fdir\u0259c\u0259k. M\u0259s\u0259l\u0259n, Berlind\u0259 yerl\u0259\u015f\u0259n \u201cMeydan\u201d TV v\u0259 ya dig\u0259r internet-telekanallar kimi. Az\u0259rbaycanda qeydiyyat\u0131 olmadan h\u0259min K\u0130V-l\u0259rin m\u00fcxbirl\u0259rinin f\u0259aliyy\u0259ti qanunsuz olur&#8221;,- dey\u0259 t\u0259\u015fkilat vur\u011fulay\u0131b.<br><\/p>\n\n\n\n<p>\u201cS\u0259rh\u0259dsiz reportyorlar\u201d\u0131n \u015e\u0259rqi Avropa v\u0259 M\u0259rk\u0259zi Asiyada b\u00f6lm\u0259sinin r\u0259hb\u0259ri Janna Kavelye deyib ki, qeyri-d\u0259qiq formullarla v\u0259 ziddiyy\u0259tl\u0259rl\u0259 dolu olan qanun K\u0130V \u00fcz\u0259rind\u0259 n\u0259zar\u0259t\u0259 v\u0259 senzuran\u0131n leqalla\u015fd\u0131r\u0131lmas\u0131na y\u00f6n\u0259lib: &#8220;Qanun Az\u0259rbaycan Konstitusiyas\u0131n\u0131n informasiya azadl\u0131\u011f\u0131 haqq\u0131nda 50-ci madd\u0259sini v\u0259 Avropa \u0130nsan H\u00fcquqlar\u0131 Konvensiyas\u0131n\u0131n ifad\u0259 azadl\u0131\u011f\u0131 haqq\u0131nda 10-cu madd\u0259sini pozur. D\u00f6vl\u0259t jurnalistl\u0259rin pe\u015f\u0259 f\u0259aliyy\u0259tin\u0259 m\u00fcdaxil\u0259 ed\u0259r\u0259k \u00f6z s\u0259lahiyy\u0259tl\u0259rind\u0259n k\u0259nara \u00e7\u0131x\u0131r&#8221;.<br><\/p>\n\n\n\n<p>Qanun layih\u0259si dekabr\u0131n 14-d\u0259 Milli M\u0259clisin plenar iclas\u0131nda m\u00fczakir\u0259y\u0259 \u00e7\u0131xar\u0131l\u0131b v\u0259 birinci oxunu\u015fdan ke\u00e7ib.<br><\/p>\n\n\n\n<p>Bu g\u00fcn &#8211; dekabr\u0131n 30-da \u00fc\u00e7\u00fcnc\u00fc oxunu\u015fdan ke\u00e7\u0259c\u0259yi g\u00f6zl\u0259nilir.<br><\/p>\n\n\n\n<p>Az\u0259rbaycan\u0131n onlarla jurnalisti, h\u00fcquq\u015f\u00fcnas\u0131, media eksperti v\u0259 t\u0259\u015fkilat\u0131 layih\u0259nin Milli M\u0259clisd\u0259 m\u00fczakir\u0259sini dayand\u0131rma\u011f\u0131 \u0259ks etdir\u0259n m\u00fcraci\u0259t yay\u0131b. H\u0259tta v\u0259t\u0259nda\u015f c\u0259miyy\u0259ti n\u00fcmay\u0259nd\u0259l\u0259ri layih\u0259nin Milli M\u0259clisd\u0259 m\u00fczakir\u0259sinin dayand\u0131rmas\u0131 haqq\u0131nda \u00e7a\u011f\u0131r\u0131\u015f da edibl\u0259r.<\/p>\n","protected":false},"excerpt":{"rendered":"<p>&#8220;&#8221;Media haqq\u0131nda&#8221; qanun layih\u0259sin\u0259 yenid\u0259n bax\u0131lmal\u0131d\u0131r&#8221; &#8220;S\u0259rh\u0259dsiz reportyorlar&#8221; t\u0259\u015fkilat\u0131 Az\u0259rbaycan &#8230; <\/p>\n<p class=\"read-more-container\"><a title=\"&#8220;S\u0259rh\u0259dsiz reportyorlar&#8221;dan Az\u0259rbaycan hakimiyy\u0259tin\u0259 \u00e7a\u011f\u0131r\u0131\u015f\" class=\"read-more button\" href=\"https:\/\/www.meydan.tv\/az\/article\/serhedsiz-reportyorlardan-azerbaycan-hakimiyyetine-cagiris\/#more-230729\" aria-label=\"Read more about &#8220;S\u0259rh\u0259dsiz reportyorlar&#8221;dan Az\u0259rbaycan hakimiyy\u0259tin\u0259 \u00e7a\u011f\u0131r\u0131\u015f\">Davam\u0131<\/a><\/p>\n","protected":false},"author":8,"featured_media":230723,"comment_status":"closed","ping_status":"closed","sticky":false,"template":"","format":"standard","meta":{"_acf_changed":false,"_sitemap_exclude":false,"_sitemap_priority":"","_sitemap_frequency":"","footnotes":""},"categories":[59,79,56],"tags":[],"class_list":["post-230729","post","type-post","status-publish","format-standard","has-post-thumbnail","hentry","category-siyaset","category-featured","category-xeberler","infinite-scroll-item","generate-columns","tablet-grid-50","mobile-grid-100","grid-parent","grid-33","no-featured-image-padding"],"acf":[],"yoast_head":"<!-- This site is optimized with the Yoast SEO plugin v27.4 - https:\/\/yoast.com\/product\/yoast-seo-wordpress\/ -->\n<title>&quot;S\u0259rh\u0259dsiz reportyorlar&quot;dan Az\u0259rbaycan hakimiyy\u0259tin\u0259 \u00e7a\u011f\u0131r\u0131\u015f - MEYDAN.TV<\/title>\n<meta name=\"robots\" content=\"index, follow, max-snippet:-1, max-image-preview:large, max-video-preview:-1\" \/>\n<link rel=\"canonical\" href=\"https:\/\/www.meydan.tv\/az\/article\/serhedsiz-reportyorlardan-azerbaycan-hakimiyyetine-cagiris\/\" \/>\n<meta property=\"og:locale\" content=\"az_AZ\" \/>\n<meta property=\"og:type\" content=\"article\" \/>\n<meta property=\"og:title\" content=\"&quot;S\u0259rh\u0259dsiz reportyorlar&quot;dan Az\u0259rbaycan hakimiyy\u0259tin\u0259 \u00e7a\u011f\u0131r\u0131\u015f - MEYDAN.TV\" \/>\n<meta property=\"og:description\" content=\"&#8220;&#8221;Media haqq\u0131nda&#8221; qanun layih\u0259sin\u0259 yenid\u0259n bax\u0131lmal\u0131d\u0131r&#8221; &#8220;S\u0259rh\u0259dsiz reportyorlar&#8221; t\u0259\u015fkilat\u0131 Az\u0259rbaycan ... Davam\u0131\" \/>\n<meta property=\"og:url\" content=\"https:\/\/www.meydan.tv\/az\/article\/serhedsiz-reportyorlardan-azerbaycan-hakimiyyetine-cagiris\/\" \/>\n<meta property=\"og:site_name\" content=\"MEYDAN.TV\" \/>\n<meta property=\"article:published_time\" content=\"2021-12-30T08:04:58+00:00\" \/>\n<meta property=\"article:modified_time\" content=\"2021-12-30T08:18:25+00:00\" \/>\n<meta property=\"og:image\" content=\"https:\/\/www.meydan.tv\/wp-content\/uploads\/desk-1200x481.png\" \/>\n\t<meta property=\"og:image:width\" content=\"1200\" \/>\n\t<meta property=\"og:image:height\" content=\"481\" \/>\n\t<meta property=\"og:image:type\" content=\"image\/png\" \/>\n<meta name=\"author\" content=\"elli\" \/>\n<meta name=\"twitter:card\" content=\"summary_large_image\" \/>\n<meta name=\"twitter:creator\" content=\"@elli\" \/>\n<script type=\"application\/ld+json\" class=\"yoast-schema-graph\">{\"@context\":\"https:\\\/\\\/schema.org\",\"@graph\":[{\"@type\":\"Article\",\"@id\":\"https:\\\/\\\/www.meydan.tv\\\/az\\\/article\\\/serhedsiz-reportyorlardan-azerbaycan-hakimiyyetine-cagiris\\\/#article\",\"isPartOf\":{\"@id\":\"https:\\\/\\\/www.meydan.tv\\\/az\\\/article\\\/serhedsiz-reportyorlardan-azerbaycan-hakimiyyetine-cagiris\\\/\"},\"author\":{\"name\":\"elli\",\"@id\":\"https:\\\/\\\/www.meydan.tv\\\/az\\\/#\\\/schema\\\/person\\\/9cdbecf90d17180ce1dfbd95b08dcf47\"},\"headline\":\"&#8220;S\u0259rh\u0259dsiz reportyorlar&#8221;dan Az\u0259rbaycan hakimiyy\u0259tin\u0259 \u00e7a\u011f\u0131r\u0131\u015f\",\"datePublished\":\"2021-12-30T08:04:58+00:00\",\"dateModified\":\"2021-12-30T08:18:25+00:00\",\"mainEntityOfPage\":{\"@id\":\"https:\\\/\\\/www.meydan.tv\\\/az\\\/article\\\/serhedsiz-reportyorlardan-azerbaycan-hakimiyyetine-cagiris\\\/\"},\"wordCount\":651,\"publisher\":{\"@id\":\"https:\\\/\\\/www.meydan.tv\\\/az\\\/#organization\"},\"image\":{\"@id\":\"https:\\\/\\\/www.meydan.tv\\\/az\\\/article\\\/serhedsiz-reportyorlardan-azerbaycan-hakimiyyetine-cagiris\\\/#primaryimage\"},\"thumbnailUrl\":\"https:\\\/\\\/www.meydan.tv\\\/wp-content\\\/uploads\\\/desk.png\",\"articleSection\":[\"Siyas\u0259t\",\"T\u00f6vsiy\u0259\",\"X\u0259b\u0259rl\u0259r\"],\"inLanguage\":\"az\"},{\"@type\":\"WebPage\",\"@id\":\"https:\\\/\\\/www.meydan.tv\\\/az\\\/article\\\/serhedsiz-reportyorlardan-azerbaycan-hakimiyyetine-cagiris\\\/\",\"url\":\"https:\\\/\\\/www.meydan.tv\\\/az\\\/article\\\/serhedsiz-reportyorlardan-azerbaycan-hakimiyyetine-cagiris\\\/\",\"name\":\"\\\"S\u0259rh\u0259dsiz reportyorlar\\\"dan Az\u0259rbaycan hakimiyy\u0259tin\u0259 \u00e7a\u011f\u0131r\u0131\u015f - MEYDAN.TV\",\"isPartOf\":{\"@id\":\"https:\\\/\\\/www.meydan.tv\\\/az\\\/#website\"},\"primaryImageOfPage\":{\"@id\":\"https:\\\/\\\/www.meydan.tv\\\/az\\\/article\\\/serhedsiz-reportyorlardan-azerbaycan-hakimiyyetine-cagiris\\\/#primaryimage\"},\"image\":{\"@id\":\"https:\\\/\\\/www.meydan.tv\\\/az\\\/article\\\/serhedsiz-reportyorlardan-azerbaycan-hakimiyyetine-cagiris\\\/#primaryimage\"},\"thumbnailUrl\":\"https:\\\/\\\/www.meydan.tv\\\/wp-content\\\/uploads\\\/desk.png\",\"datePublished\":\"2021-12-30T08:04:58+00:00\",\"dateModified\":\"2021-12-30T08:18:25+00:00\",\"breadcrumb\":{\"@id\":\"https:\\\/\\\/www.meydan.tv\\\/az\\\/article\\\/serhedsiz-reportyorlardan-azerbaycan-hakimiyyetine-cagiris\\\/#breadcrumb\"},\"inLanguage\":\"az\",\"potentialAction\":[{\"@type\":\"ReadAction\",\"target\":[\"https:\\\/\\\/www.meydan.tv\\\/az\\\/article\\\/serhedsiz-reportyorlardan-azerbaycan-hakimiyyetine-cagiris\\\/\"]}]},{\"@type\":\"ImageObject\",\"inLanguage\":\"az\",\"@id\":\"https:\\\/\\\/www.meydan.tv\\\/az\\\/article\\\/serhedsiz-reportyorlardan-azerbaycan-hakimiyyetine-cagiris\\\/#primaryimage\",\"url\":\"https:\\\/\\\/www.meydan.tv\\\/wp-content\\\/uploads\\\/desk.png\",\"contentUrl\":\"https:\\\/\\\/www.meydan.tv\\\/wp-content\\\/uploads\\\/desk.png\",\"width\":1793,\"height\":719,\"caption\":\"\\\"S\u0259rh\u0259dsiz reportyorlar\\\", Foto: https:\\\/\\\/rsf.org\\\/\"},{\"@type\":\"BreadcrumbList\",\"@id\":\"https:\\\/\\\/www.meydan.tv\\\/az\\\/article\\\/serhedsiz-reportyorlardan-azerbaycan-hakimiyyetine-cagiris\\\/#breadcrumb\",\"itemListElement\":[{\"@type\":\"ListItem\",\"position\":1,\"name\":\"Ana s\u0259hif\u0259\",\"item\":\"https:\\\/\\\/www.meydan.tv\\\/az\\\/\"},{\"@type\":\"ListItem\",\"position\":2,\"name\":\"Siyas\u0259t\",\"item\":\"https:\\\/\\\/www.meydan.tv\\\/az\\\/section\\\/siyaset\\\/\"},{\"@type\":\"ListItem\",\"position\":3,\"name\":\"&#8220;S\u0259rh\u0259dsiz reportyorlar&#8221;dan Az\u0259rbaycan hakimiyy\u0259tin\u0259 \u00e7a\u011f\u0131r\u0131\u015f\"}]},{\"@type\":\"WebSite\",\"@id\":\"https:\\\/\\\/www.meydan.tv\\\/az\\\/#website\",\"url\":\"https:\\\/\\\/www.meydan.tv\\\/az\\\/\",\"name\":\"MEYDAN.TV\",\"description\":\"Meydan TV Az\u0259rbaycan\u0131n media m\u0259kan\u0131ndak\u0131 alternativ s\u0259sidir\",\"publisher\":{\"@id\":\"https:\\\/\\\/www.meydan.tv\\\/az\\\/#organization\"},\"potentialAction\":[{\"@type\":\"SearchAction\",\"target\":{\"@type\":\"EntryPoint\",\"urlTemplate\":\"https:\\\/\\\/www.meydan.tv\\\/az\\\/?s={search_term_string}\"},\"query-input\":{\"@type\":\"PropertyValueSpecification\",\"valueRequired\":true,\"valueName\":\"search_term_string\"}}],\"inLanguage\":\"az\"},{\"@type\":\"Organization\",\"@id\":\"https:\\\/\\\/www.meydan.tv\\\/az\\\/#organization\",\"name\":\"Meydan TV\",\"url\":\"https:\\\/\\\/www.meydan.tv\\\/az\\\/\",\"logo\":{\"@type\":\"ImageObject\",\"inLanguage\":\"az\",\"@id\":\"https:\\\/\\\/www.meydan.tv\\\/az\\\/#\\\/schema\\\/logo\\\/image\\\/\",\"url\":\"https:\\\/\\\/www.meydan.tv\\\/wp-content\\\/uploads\\\/2021\\\/07\\\/meydan-logo.svg\",\"contentUrl\":\"https:\\\/\\\/www.meydan.tv\\\/wp-content\\\/uploads\\\/2021\\\/07\\\/meydan-logo.svg\",\"width\":195,\"height\":46,\"caption\":\"Meydan TV\"},\"image\":{\"@id\":\"https:\\\/\\\/www.meydan.tv\\\/az\\\/#\\\/schema\\\/logo\\\/image\\\/\"}},{\"@type\":\"Person\",\"@id\":\"https:\\\/\\\/www.meydan.tv\\\/az\\\/#\\\/schema\\\/person\\\/9cdbecf90d17180ce1dfbd95b08dcf47\",\"name\":\"elli\",\"sameAs\":[\"https:\\\/\\\/x.com\\\/elli\"]}]}<\/script>\n<!-- \/ Yoast SEO plugin. -->","yoast_head_json":{"title":"\"S\u0259rh\u0259dsiz reportyorlar\"dan Az\u0259rbaycan hakimiyy\u0259tin\u0259 \u00e7a\u011f\u0131r\u0131\u015f - MEYDAN.TV","robots":{"index":"index","follow":"follow","max-snippet":"max-snippet:-1","max-image-preview":"max-image-preview:large","max-video-preview":"max-video-preview:-1"},"canonical":"https:\/\/www.meydan.tv\/az\/article\/serhedsiz-reportyorlardan-azerbaycan-hakimiyyetine-cagiris\/","og_locale":"az_AZ","og_type":"article","og_title":"\"S\u0259rh\u0259dsiz reportyorlar\"dan Az\u0259rbaycan hakimiyy\u0259tin\u0259 \u00e7a\u011f\u0131r\u0131\u015f - MEYDAN.TV","og_description":"&#8220;&#8221;Media haqq\u0131nda&#8221; qanun layih\u0259sin\u0259 yenid\u0259n bax\u0131lmal\u0131d\u0131r&#8221; &#8220;S\u0259rh\u0259dsiz reportyorlar&#8221; t\u0259\u015fkilat\u0131 Az\u0259rbaycan ... Davam\u0131","og_url":"https:\/\/www.meydan.tv\/az\/article\/serhedsiz-reportyorlardan-azerbaycan-hakimiyyetine-cagiris\/","og_site_name":"MEYDAN.TV","article_published_time":"2021-12-30T08:04:58+00:00","article_modified_time":"2021-12-30T08:18:25+00:00","og_image":[{"width":1200,"height":481,"url":"https:\/\/www.meydan.tv\/wp-content\/uploads\/desk-1200x481.png","type":"image\/png"}],"author":"elli","twitter_card":"summary_large_image","twitter_creator":"@elli","schema":{"@context":"https:\/\/schema.org","@graph":[{"@type":"Article","@id":"https:\/\/www.meydan.tv\/az\/article\/serhedsiz-reportyorlardan-azerbaycan-hakimiyyetine-cagiris\/#article","isPartOf":{"@id":"https:\/\/www.meydan.tv\/az\/article\/serhedsiz-reportyorlardan-azerbaycan-hakimiyyetine-cagiris\/"},"author":{"name":"elli","@id":"https:\/\/www.meydan.tv\/az\/#\/schema\/person\/9cdbecf90d17180ce1dfbd95b08dcf47"},"headline":"&#8220;S\u0259rh\u0259dsiz reportyorlar&#8221;dan Az\u0259rbaycan hakimiyy\u0259tin\u0259 \u00e7a\u011f\u0131r\u0131\u015f","datePublished":"2021-12-30T08:04:58+00:00","dateModified":"2021-12-30T08:18:25+00:00","mainEntityOfPage":{"@id":"https:\/\/www.meydan.tv\/az\/article\/serhedsiz-reportyorlardan-azerbaycan-hakimiyyetine-cagiris\/"},"wordCount":651,"publisher":{"@id":"https:\/\/www.meydan.tv\/az\/#organization"},"image":{"@id":"https:\/\/www.meydan.tv\/az\/article\/serhedsiz-reportyorlardan-azerbaycan-hakimiyyetine-cagiris\/#primaryimage"},"thumbnailUrl":"https:\/\/www.meydan.tv\/wp-content\/uploads\/desk.png","articleSection":["Siyas\u0259t","T\u00f6vsiy\u0259","X\u0259b\u0259rl\u0259r"],"inLanguage":"az"},{"@type":"WebPage","@id":"https:\/\/www.meydan.tv\/az\/article\/serhedsiz-reportyorlardan-azerbaycan-hakimiyyetine-cagiris\/","url":"https:\/\/www.meydan.tv\/az\/article\/serhedsiz-reportyorlardan-azerbaycan-hakimiyyetine-cagiris\/","name":"\"S\u0259rh\u0259dsiz reportyorlar\"dan Az\u0259rbaycan hakimiyy\u0259tin\u0259 \u00e7a\u011f\u0131r\u0131\u015f - MEYDAN.TV","isPartOf":{"@id":"https:\/\/www.meydan.tv\/az\/#website"},"primaryImageOfPage":{"@id":"https:\/\/www.meydan.tv\/az\/article\/serhedsiz-reportyorlardan-azerbaycan-hakimiyyetine-cagiris\/#primaryimage"},"image":{"@id":"https:\/\/www.meydan.tv\/az\/article\/serhedsiz-reportyorlardan-azerbaycan-hakimiyyetine-cagiris\/#primaryimage"},"thumbnailUrl":"https:\/\/www.meydan.tv\/wp-content\/uploads\/desk.png","datePublished":"2021-12-30T08:04:58+00:00","dateModified":"2021-12-30T08:18:25+00:00","breadcrumb":{"@id":"https:\/\/www.meydan.tv\/az\/article\/serhedsiz-reportyorlardan-azerbaycan-hakimiyyetine-cagiris\/#breadcrumb"},"inLanguage":"az","potentialAction":[{"@type":"ReadAction","target":["https:\/\/www.meydan.tv\/az\/article\/serhedsiz-reportyorlardan-azerbaycan-hakimiyyetine-cagiris\/"]}]},{"@type":"ImageObject","inLanguage":"az","@id":"https:\/\/www.meydan.tv\/az\/article\/serhedsiz-reportyorlardan-azerbaycan-hakimiyyetine-cagiris\/#primaryimage","url":"https:\/\/www.meydan.tv\/wp-content\/uploads\/desk.png","contentUrl":"https:\/\/www.meydan.tv\/wp-content\/uploads\/desk.png","width":1793,"height":719,"caption":"\"S\u0259rh\u0259dsiz reportyorlar\", Foto: https:\/\/rsf.org\/"},{"@type":"BreadcrumbList","@id":"https:\/\/www.meydan.tv\/az\/article\/serhedsiz-reportyorlardan-azerbaycan-hakimiyyetine-cagiris\/#breadcrumb","itemListElement":[{"@type":"ListItem","position":1,"name":"Ana s\u0259hif\u0259","item":"https:\/\/www.meydan.tv\/az\/"},{"@type":"ListItem","position":2,"name":"Siyas\u0259t","item":"https:\/\/www.meydan.tv\/az\/section\/siyaset\/"},{"@type":"ListItem","position":3,"name":"&#8220;S\u0259rh\u0259dsiz reportyorlar&#8221;dan Az\u0259rbaycan hakimiyy\u0259tin\u0259 \u00e7a\u011f\u0131r\u0131\u015f"}]},{"@type":"WebSite","@id":"https:\/\/www.meydan.tv\/az\/#website","url":"https:\/\/www.meydan.tv\/az\/","name":"MEYDAN.TV","description":"Meydan TV Az\u0259rbaycan\u0131n media m\u0259kan\u0131ndak\u0131 alternativ s\u0259sidir","publisher":{"@id":"https:\/\/www.meydan.tv\/az\/#organization"},"potentialAction":[{"@type":"SearchAction","target":{"@type":"EntryPoint","urlTemplate":"https:\/\/www.meydan.tv\/az\/?s={search_term_string}"},"query-input":{"@type":"PropertyValueSpecification","valueRequired":true,"valueName":"search_term_string"}}],"inLanguage":"az"},{"@type":"Organization","@id":"https:\/\/www.meydan.tv\/az\/#organization","name":"Meydan TV","url":"https:\/\/www.meydan.tv\/az\/","logo":{"@type":"ImageObject","inLanguage":"az","@id":"https:\/\/www.meydan.tv\/az\/#\/schema\/logo\/image\/","url":"https:\/\/www.meydan.tv\/wp-content\/uploads\/2021\/07\/meydan-logo.svg","contentUrl":"https:\/\/www.meydan.tv\/wp-content\/uploads\/2021\/07\/meydan-logo.svg","width":195,"height":46,"caption":"Meydan TV"},"image":{"@id":"https:\/\/www.meydan.tv\/az\/#\/schema\/logo\/image\/"}},{"@type":"Person","@id":"https:\/\/www.meydan.tv\/az\/#\/schema\/person\/9cdbecf90d17180ce1dfbd95b08dcf47","name":"elli","sameAs":["https:\/\/x.com\/elli"]}]}},"_links":{"self":[{"href":"https:\/\/www.meydan.tv\/az\/wp-json\/wp\/v2\/posts\/230729","targetHints":{"allow":["GET"]}}],"collection":[{"href":"https:\/\/www.meydan.tv\/az\/wp-json\/wp\/v2\/posts"}],"about":[{"href":"https:\/\/www.meydan.tv\/az\/wp-json\/wp\/v2\/types\/post"}],"author":[{"embeddable":true,"href":"https:\/\/www.meydan.tv\/az\/wp-json\/wp\/v2\/users\/8"}],"replies":[{"embeddable":true,"href":"https:\/\/www.meydan.tv\/az\/wp-json\/wp\/v2\/comments?post=230729"}],"version-history":[{"count":1,"href":"https:\/\/www.meydan.tv\/az\/wp-json\/wp\/v2\/posts\/230729\/revisions"}],"predecessor-version":[{"id":230734,"href":"https:\/\/www.meydan.tv\/az\/wp-json\/wp\/v2\/posts\/230729\/revisions\/230734"}],"wp:featuredmedia":[{"embeddable":true,"href":"https:\/\/www.meydan.tv\/az\/wp-json\/wp\/v2\/media\/230723"}],"wp:attachment":[{"href":"https:\/\/www.meydan.tv\/az\/wp-json\/wp\/v2\/media?parent=230729"}],"wp:term":[{"taxonomy":"category","embeddable":true,"href":"https:\/\/www.meydan.tv\/az\/wp-json\/wp\/v2\/categories?post=230729"},{"taxonomy":"post_tag","embeddable":true,"href":"https:\/\/www.meydan.tv\/az\/wp-json\/wp\/v2\/tags?post=230729"}],"curies":[{"name":"wp","href":"https:\/\/api.w.org\/{rel}","templated":true}]}}