{"id":230592,"date":"2021-12-28T17:21:15","date_gmt":"2021-12-28T13:21:15","guid":{"rendered":"https:\/\/www.meydan.tv\/?p=230592"},"modified":"2021-12-28T17:21:17","modified_gmt":"2021-12-28T13:21:17","slug":"medeniyyet-nazirliyi-ile-yekun-vurdu","status":"publish","type":"post","link":"https:\/\/www.meydan.tv\/az\/article\/medeniyyet-nazirliyi-ile-yekun-vurdu\/","title":{"rendered":"M\u0259d\u0259niyy\u0259t Nazirliyi il\u0259 yekun vurdu"},"content":{"rendered":"\n<p><em>Nazir s\u00f6n bir ild\u0259 g\u00f6r\u00fcl\u0259n i\u015fl\u0259rd\u0259n dan\u0131\u015f\u0131b<\/em><br><\/p>\n\n\n\n<p>M\u0259d\u0259niyy\u0259t Nazirliyi ilin yekunlar\u0131 il\u0259 ba\u011fl\u0131 m\u0259tbuat konfrans\u0131 ke\u00e7irib.<br><\/p>\n\n\n\n<p>\u201cM\u0259d\u0259niyy\u0259t Nazirliyi: 2021-ci il \u00fczr\u0259 H\u0259d\u0259fl\u0259r v\u0259 N\u0259tic\u0259l\u0259r\u201d m\u00f6vzusunda ke\u00e7riril\u0259n t\u0259dbird\u0259 m\u0259d\u0259niyy\u0259t naziri Anar K\u0259rimov il \u0259rzind\u0259 g\u00f6r\u00fclm\u00fc\u015f i\u015fl\u0259r haqq\u0131nda dan\u0131\u015f\u0131b.<br><\/p>\n\n\n\n<p>Bildirib ki, ilin \u0259vv\u0259lind\u0259 doqquz h\u0259d\u0259fd\u0259n ibar\u0259t plan haz\u0131rlan\u0131b.<br><\/p>\n\n\n\n<p>Bunlar: M\u0259d\u0259niyy\u0259t sah\u0259sind\u0259 v\u0259 idar\u0259etm\u0259 sistemind\u0259 islahatlar\u0131n apar\u0131lmas\u0131; M\u0259d\u0259niyy\u0259t v\u0259 yarad\u0131c\u0131l\u0131\u011f\u0131n inki\u015faf\u0131, m\u0259zmunun z\u0259nginl\u0259\u015fdirilm\u0259si; Yeni m\u0259d\u0259ni d\u0259y\u0259rl\u0259rin yarad\u0131lmas\u0131; Yarad\u0131c\u0131 s\u0259nayel\u0259rin inki\u015faf\u0131; M\u0259d\u0259ni irsin qorunmas\u0131, b\u0259rpas\u0131 v\u0259 inki\u015faf\u0131; M\u0259d\u0259niyy\u0259tin Qaraba\u011fa qaytar\u0131lmas\u0131, i\u015f\u011faldan azad edilmi\u015f \u0259razil\u0259rd\u0259 m\u0259d\u0259ni irsin v\u0259 infrastrukturun b\u0259rpas\u0131; \u201cNizami G\u0259nc\u0259vi ili\u201d il\u0259 ba\u011fl\u0131 yerli v\u0259 beyn\u0259lxalq s\u0259viyy\u0259d\u0259 t\u0259dbir v\u0259 layih\u0259l\u0259rin ke\u00e7irilm\u0259si; Az\u0259rbaycan m\u0259d\u0259niyy\u0259tinin d\u00fcnyada t\u0259bli\u011finin g\u00fccl\u0259ndirilm\u0259si, beyn\u0259lxalq \u0259m\u0259kda\u015fl\u0131\u011f\u0131n d\u0259rinl\u0259\u015fdirilm\u0259si; Az\u0259rbaycan m\u0259d\u0259niyy\u0259tinin \u00f6lk\u0259 daxilind\u0259 t\u0259bli\u011fi, m\u0259qs\u0259dil\u0259 layih\u0259 v\u0259 t\u0259dbirl\u0259rin ke\u00e7irilm\u0259si; COV\u0130D-19 pandemiyas\u0131 il\u0259 \u0259laq\u0259dar m\u0259d\u0259niyy\u0259t sah\u0259sind\u0259 yaranan \u00e7a\u011f\u0131r\u0131\u015flar\u0131n h\u0259ll edilm\u0259sidir.<br><\/p>\n\n\n\n<p>Nazir kinematoqrafiya sah\u0259sind\u0259 \u0259ld\u0259 olunan u\u011furlardan dan\u0131\u015f\u0131b. G\u0259nc rejissorlar\u0131n iyirmid\u0259n art\u0131q beyn\u0259lxalq kinofestivalda i\u015ftirak ed\u0259r\u0259k, m\u00fcxt\u0259lif m\u00fckafatlar qazand\u0131\u011f\u0131n\u0131 vur\u011fulay\u0131b. H\u0259m\u00e7inin ke\u00e7iril\u0259n m\u00fcsabiq\u0259, festival v\u0259 islahatlar haqq\u0131nda m\u0259lumat verib.<br><\/p>\n\n\n\n<p>Kino sah\u0259sind\u0259 g\u00f6r\u00fcl\u0259n i\u015fl\u0259ri m\u00fch\u00fcm say\u0131b:<br><\/p>\n\n\n\n<p>\u201cAz\u0259rbaycan Film Komissiyas\u0131n\u0131n yarad\u0131lmas\u0131, \u201cAz\u0259rbaycanfilm\u201d kinostudiyas\u0131nda islahatlar, h\u0259m\u00e7inin t\u0259mir i\u015fl\u0259ri, XII Bak\u0131 Beyn\u0259lxalq Q\u0131sametrajl\u0131 Filml\u0259r Festival\u0131, VI AN\u0130MAF\u0130LM Beyn\u0259lxalq Animasiya Film\u0259ri Festival\u0131, DOKU-BAKU Beyn\u0259lxalq Beyn\u0259lxalq S\u0259n\u0259dli Film Festival\u0131, \u201cTammetrajl\u0131 b\u0259dii film layih\u0259l\u0259rin\u0259 d\u0259st\u0259k 2022\u201d Film Layih\u0259si M\u00fcsabiq\u0259si, \u201cB\u00f6y\u00fck qay\u0131s\u0131d\u0131\u015f\u201d Q\u0131sametrajl\u0131 Film Layih\u0259si m\u00fcsabiq\u0259si kino sah\u0259si \u00fc\u00e7\u00fcn g\u00f6r\u00fcl\u0259n vacib i\u015fl\u0259rd\u0259ndir\u201d.<br><\/p>\n\n\n\n<p>Nazir h\u0259m\u00e7inin musiqi sah\u0259sind\u0259 \u0259ld\u0259 olunan u\u011furlara toxunub. XVI Beyn\u0259lxalq Bak\u0131 Caz Festival\u0131, XII Q\u0259b\u0259l\u0259 Musiqi Festival\u0131, \u0130kinci Qaraba\u011f m\u00fcharib\u0259si q\u0259l\u0259b\u0259sin\u0259 h\u0259sr olunmu\u015f b\u0259st\u0259karl\u0131q m\u00fcsabiq\u0259sini qeyd edib.<br><\/p>\n\n\n\n<p>Teatr sah\u0259sind\u0259 d\u0259 2021-ci ild\u0259 yaddaqalan t\u0259dbirl\u0259rin oldu\u011funu bildirib.<br><\/p>\n\n\n\n<p>4.4 Q\u0131sa Tama\u015falar Festival\u0131n\u0131 diqq\u0259t\u0259 \u00e7atd\u0131r\u0131b. H\u0259m\u00e7inin 7-ci Bak\u0131 Beyn\u0259lxalq Kitab S\u0259rgisi, M\u00fcst\u0259qil Komissiya vasit\u0259sil\u0259 n\u0259\u015frl\u0259tin sat\u0131nal\u0131nmas\u0131 m\u00fcsabiq\u0259sini vur\u011fulay\u0131b.<br><\/p>\n\n\n\n<p>G\u00f6r\u00fcl\u0259n i\u015fl\u0259r siyah\u0131s\u0131nda Az\u0259rbaycan Film Fondu Arxivind\u0259n 100-\u0259 yax\u0131n filmin b\u0259rpas\u0131 i\u015fl\u0259ri d\u0259 var.<br>Nazir \u00e7\u0131x\u0131\u015f\u0131 zaman\u0131 \u015eu\u015fa, C\u0259bray\u0131l, F\u00fczuli, Z\u0259ngilan, Xocav\u0259nd, Qubadl\u0131, A\u011fdam, T\u0259rt\u0259r, La\u00e7\u0131n v\u0259 K\u0259lb\u0259c\u0259rd\u0259 apar\u0131lan monitoriql\u0259rd\u0259n dan\u0131\u015f\u0131b. Bildirib ki, 403 d\u00f6vl\u0259t qeydiyyat\u0131nda olan tarixi-m\u0259d\u0259niyy\u0259t abid\u0259sin\u0259 bax\u0131\u015f ke\u00e7irilib. Bundan ba\u015fqa, d\u00f6vl\u0259t qeydiyyat\u0131nda olmayan 162 tarixi, memarl\u0131q, arxeoloji m\u0259n\u015f\u0259li obyektl\u0259r m\u00fc\u0259yy\u0259n edilib.<br><\/p>\n\n\n\n<p>864 m\u0259d\u0259niyy\u0259t m\u00fc\u0259ssis\u0259sind\u0259n 462 kitabxana, 348 klub, 20 muzey, 26 u\u015faq musiqi m\u0259kt\u0259bi, 1 kinoteatr, 3 kinoklub, 2 teatr, 2 qalereya haqq\u0131nda m\u0259lumatlar toplan\u0131b, t\u0259snifatland\u0131r\u0131l\u0131b. Nazir abid\u0259 v\u0259 m\u00fc\u0259ssis\u0259l\u0259rin 95-nin da\u011f\u0131d\u0131ld\u0131\u011f\u0131n\u0131 diqq\u0259t\u0259 \u00e7atd\u0131r\u0131b.<br><\/p>\n\n\n\n<p>\u015eu\u015fada yerl\u0259\u015f\u0259n 45 abid\u0259nin \u00fcz\u0259rin\u0259 m\u0259lumat l\u00f6vh\u0259l\u0259ri qura\u015fd\u0131r\u0131l\u0131b, h\u0259m\u00e7inin abid\u0259l\u0259rin elektron x\u0259rit\u0259l\u0259ri haz\u0131rlan\u0131b. Bu il \u00f6lk\u0259d\u0259 110 m\u0259d\u0259niyy\u0259t abid\u0259sinin pasportu v\u0259 abid\u0259l\u0259rin m\u00fchafiz\u0259 zonas\u0131 \u00fczr\u0259 72 layih\u0259 t\u0259sdiq edilib.<br><\/p>\n\n\n\n<p>Anar K\u0259rimov A\u011fdam, C\u0259bray\u0131l v\u0259 F\u00fczulid\u0259 \u0130\u015f\u011fal v\u0259 Z\u0259f\u0259r muzeyl\u0259ri, memorial kompleksl\u0259rin layih\u0259l\u0259ndirilm\u0259si prosesinin davam etdiyini diqq\u0259t\u0259 \u00e7atd\u0131r\u0131b.<br><\/p>\n\n\n\n<p>\u018flav\u0259 edib ki, bu il yarad\u0131lan Qaraba\u011f Kitab Fondunda art\u0131q 60 min\u0259 yax\u0131n kitab toplan\u0131b. Fondun yarad\u0131lmas\u0131nda m\u0259qs\u0259d Qaraba\u011fdak\u0131 kitabxanalar\u0131 kitabla t\u0259min etm\u0259kdir.<br><\/p>\n\n\n\n<p>G\u00f6r\u00fcl\u0259n i\u015fl\u0259r siyah\u0131s\u0131nda h\u0259m\u00e7inin \u015eu\u015fada B\u00fclb\u00fcl\u00fcn ev-muzeyinin b\u0259rpas\u0131, \u201cVaqif poeziya g\u00fcnl\u0259ri\u201dnin b\u0259rpas\u0131, Xar\u0131 B\u00fclb\u00fcl Festival\u0131, Milli Musiqi G\u00fcn\u00fc m\u00fcnasib\u0259til\u0259 \u015eu\u015fada XIII \u00dczeyir Hac\u0131b\u0259yli Musiqi Festival\u0131n\u0131n ke\u00e7irilm\u0259si d\u0259 var.<br><\/p>\n\n\n\n<p>Nazir \u00e7\u0131x\u0131\u015f\u0131 zaman\u0131 bildirib ki, Qaraba\u011f v\u0259 \u015e\u0259rqi Z\u0259ng\u0259zurda M\u0259d\u0259niyy\u0259t Nazirliyi yan\u0131nda M\u0259d\u0259ni \u0130rsin Qorunmas\u0131, \u0130nki\u015faf\u0131 v\u0259 B\u0259rpas\u0131 \u00fczr\u0259 D\u00f6vl\u0259t Xidm\u0259tinin regional idar\u0259l\u0259rinin yarad\u0131lmas\u0131 n\u0259z\u0259rd\u0259 tutulur.<\/p>\n","protected":false},"excerpt":{"rendered":"<p>Nazir s\u00f6n bir ild\u0259 g\u00f6r\u00fcl\u0259n i\u015fl\u0259rd\u0259n dan\u0131\u015f\u0131b M\u0259d\u0259niyy\u0259t Nazirliyi ilin &#8230; <\/p>\n<p class=\"read-more-container\"><a title=\"M\u0259d\u0259niyy\u0259t Nazirliyi il\u0259 yekun vurdu\" class=\"read-more button\" href=\"https:\/\/www.meydan.tv\/az\/article\/medeniyyet-nazirliyi-ile-yekun-vurdu\/#more-230592\" aria-label=\"Read more about M\u0259d\u0259niyy\u0259t Nazirliyi il\u0259 yekun vurdu\">Davam\u0131<\/a><\/p>\n","protected":false},"author":8,"featured_media":230593,"comment_status":"closed","ping_status":"closed","sticky":false,"template":"","format":"standard","meta":{"_acf_changed":false,"_sitemap_exclude":false,"_sitemap_priority":"","_sitemap_frequency":"","footnotes":""},"categories":[52,56],"tags":[],"class_list":["post-230592","post","type-post","status-publish","format-standard","has-post-thumbnail","hentry","category-medeniyyet","category-xeberler","infinite-scroll-item","generate-columns","tablet-grid-50","mobile-grid-100","grid-parent","grid-33","no-featured-image-padding"],"acf":[],"yoast_head":"<!-- This site is optimized with the Yoast SEO plugin v27.4 - https:\/\/yoast.com\/product\/yoast-seo-wordpress\/ -->\n<title>M\u0259d\u0259niyy\u0259t Nazirliyi il\u0259 yekun vurdu - MEYDAN.TV<\/title>\n<meta name=\"robots\" content=\"index, follow, max-snippet:-1, max-image-preview:large, max-video-preview:-1\" \/>\n<link rel=\"canonical\" href=\"https:\/\/www.meydan.tv\/az\/article\/medeniyyet-nazirliyi-ile-yekun-vurdu\/\" \/>\n<meta property=\"og:locale\" content=\"az_AZ\" \/>\n<meta property=\"og:type\" content=\"article\" \/>\n<meta property=\"og:title\" content=\"M\u0259d\u0259niyy\u0259t Nazirliyi il\u0259 yekun vurdu - MEYDAN.TV\" \/>\n<meta property=\"og:description\" content=\"Nazir s\u00f6n bir ild\u0259 g\u00f6r\u00fcl\u0259n i\u015fl\u0259rd\u0259n dan\u0131\u015f\u0131b M\u0259d\u0259niyy\u0259t Nazirliyi ilin ... Davam\u0131\" \/>\n<meta property=\"og:url\" content=\"https:\/\/www.meydan.tv\/az\/article\/medeniyyet-nazirliyi-ile-yekun-vurdu\/\" \/>\n<meta property=\"og:site_name\" content=\"MEYDAN.TV\" \/>\n<meta property=\"article:published_time\" content=\"2021-12-28T13:21:15+00:00\" \/>\n<meta property=\"article:modified_time\" content=\"2021-12-28T13:21:17+00:00\" \/>\n<meta property=\"og:image\" content=\"https:\/\/www.meydan.tv\/wp-content\/uploads\/z.jpg\" \/>\n\t<meta property=\"og:image:width\" content=\"996\" \/>\n\t<meta property=\"og:image:height\" content=\"669\" \/>\n\t<meta property=\"og:image:type\" content=\"image\/jpeg\" \/>\n<meta name=\"author\" content=\"elli\" \/>\n<meta name=\"twitter:card\" content=\"summary_large_image\" \/>\n<meta name=\"twitter:creator\" content=\"@elli\" \/>\n<script type=\"application\/ld+json\" class=\"yoast-schema-graph\">{\"@context\":\"https:\\\/\\\/schema.org\",\"@graph\":[{\"@type\":\"Article\",\"@id\":\"https:\\\/\\\/www.meydan.tv\\\/az\\\/article\\\/medeniyyet-nazirliyi-ile-yekun-vurdu\\\/#article\",\"isPartOf\":{\"@id\":\"https:\\\/\\\/www.meydan.tv\\\/az\\\/article\\\/medeniyyet-nazirliyi-ile-yekun-vurdu\\\/\"},\"author\":{\"name\":\"elli\",\"@id\":\"https:\\\/\\\/www.meydan.tv\\\/az\\\/#\\\/schema\\\/person\\\/9cdbecf90d17180ce1dfbd95b08dcf47\"},\"headline\":\"M\u0259d\u0259niyy\u0259t Nazirliyi il\u0259 yekun vurdu\",\"datePublished\":\"2021-12-28T13:21:15+00:00\",\"dateModified\":\"2021-12-28T13:21:17+00:00\",\"mainEntityOfPage\":{\"@id\":\"https:\\\/\\\/www.meydan.tv\\\/az\\\/article\\\/medeniyyet-nazirliyi-ile-yekun-vurdu\\\/\"},\"wordCount\":901,\"publisher\":{\"@id\":\"https:\\\/\\\/www.meydan.tv\\\/az\\\/#organization\"},\"image\":{\"@id\":\"https:\\\/\\\/www.meydan.tv\\\/az\\\/article\\\/medeniyyet-nazirliyi-ile-yekun-vurdu\\\/#primaryimage\"},\"thumbnailUrl\":\"https:\\\/\\\/www.meydan.tv\\\/wp-content\\\/uploads\\\/z.jpg\",\"articleSection\":[\"M\u0259d\u0259niyy\u0259t\",\"X\u0259b\u0259rl\u0259r\"],\"inLanguage\":\"az\"},{\"@type\":\"WebPage\",\"@id\":\"https:\\\/\\\/www.meydan.tv\\\/az\\\/article\\\/medeniyyet-nazirliyi-ile-yekun-vurdu\\\/\",\"url\":\"https:\\\/\\\/www.meydan.tv\\\/az\\\/article\\\/medeniyyet-nazirliyi-ile-yekun-vurdu\\\/\",\"name\":\"M\u0259d\u0259niyy\u0259t Nazirliyi il\u0259 yekun vurdu - MEYDAN.TV\",\"isPartOf\":{\"@id\":\"https:\\\/\\\/www.meydan.tv\\\/az\\\/#website\"},\"primaryImageOfPage\":{\"@id\":\"https:\\\/\\\/www.meydan.tv\\\/az\\\/article\\\/medeniyyet-nazirliyi-ile-yekun-vurdu\\\/#primaryimage\"},\"image\":{\"@id\":\"https:\\\/\\\/www.meydan.tv\\\/az\\\/article\\\/medeniyyet-nazirliyi-ile-yekun-vurdu\\\/#primaryimage\"},\"thumbnailUrl\":\"https:\\\/\\\/www.meydan.tv\\\/wp-content\\\/uploads\\\/z.jpg\",\"datePublished\":\"2021-12-28T13:21:15+00:00\",\"dateModified\":\"2021-12-28T13:21:17+00:00\",\"breadcrumb\":{\"@id\":\"https:\\\/\\\/www.meydan.tv\\\/az\\\/article\\\/medeniyyet-nazirliyi-ile-yekun-vurdu\\\/#breadcrumb\"},\"inLanguage\":\"az\",\"potentialAction\":[{\"@type\":\"ReadAction\",\"target\":[\"https:\\\/\\\/www.meydan.tv\\\/az\\\/article\\\/medeniyyet-nazirliyi-ile-yekun-vurdu\\\/\"]}]},{\"@type\":\"ImageObject\",\"inLanguage\":\"az\",\"@id\":\"https:\\\/\\\/www.meydan.tv\\\/az\\\/article\\\/medeniyyet-nazirliyi-ile-yekun-vurdu\\\/#primaryimage\",\"url\":\"https:\\\/\\\/www.meydan.tv\\\/wp-content\\\/uploads\\\/z.jpg\",\"contentUrl\":\"https:\\\/\\\/www.meydan.tv\\\/wp-content\\\/uploads\\\/z.jpg\",\"width\":996,\"height\":669,\"caption\":\"Anar K\u0259rimov, Foto, Az\u0259rtac\"},{\"@type\":\"BreadcrumbList\",\"@id\":\"https:\\\/\\\/www.meydan.tv\\\/az\\\/article\\\/medeniyyet-nazirliyi-ile-yekun-vurdu\\\/#breadcrumb\",\"itemListElement\":[{\"@type\":\"ListItem\",\"position\":1,\"name\":\"Ana s\u0259hif\u0259\",\"item\":\"https:\\\/\\\/www.meydan.tv\\\/az\\\/\"},{\"@type\":\"ListItem\",\"position\":2,\"name\":\"M\u0259d\u0259niyy\u0259t\",\"item\":\"https:\\\/\\\/www.meydan.tv\\\/az\\\/section\\\/medeniyyet\\\/\"},{\"@type\":\"ListItem\",\"position\":3,\"name\":\"M\u0259d\u0259niyy\u0259t Nazirliyi il\u0259 yekun vurdu\"}]},{\"@type\":\"WebSite\",\"@id\":\"https:\\\/\\\/www.meydan.tv\\\/az\\\/#website\",\"url\":\"https:\\\/\\\/www.meydan.tv\\\/az\\\/\",\"name\":\"MEYDAN.TV\",\"description\":\"Meydan TV Az\u0259rbaycan\u0131n media m\u0259kan\u0131ndak\u0131 alternativ s\u0259sidir\",\"publisher\":{\"@id\":\"https:\\\/\\\/www.meydan.tv\\\/az\\\/#organization\"},\"potentialAction\":[{\"@type\":\"SearchAction\",\"target\":{\"@type\":\"EntryPoint\",\"urlTemplate\":\"https:\\\/\\\/www.meydan.tv\\\/az\\\/?s={search_term_string}\"},\"query-input\":{\"@type\":\"PropertyValueSpecification\",\"valueRequired\":true,\"valueName\":\"search_term_string\"}}],\"inLanguage\":\"az\"},{\"@type\":\"Organization\",\"@id\":\"https:\\\/\\\/www.meydan.tv\\\/az\\\/#organization\",\"name\":\"Meydan TV\",\"url\":\"https:\\\/\\\/www.meydan.tv\\\/az\\\/\",\"logo\":{\"@type\":\"ImageObject\",\"inLanguage\":\"az\",\"@id\":\"https:\\\/\\\/www.meydan.tv\\\/az\\\/#\\\/schema\\\/logo\\\/image\\\/\",\"url\":\"https:\\\/\\\/www.meydan.tv\\\/wp-content\\\/uploads\\\/2021\\\/07\\\/meydan-logo.svg\",\"contentUrl\":\"https:\\\/\\\/www.meydan.tv\\\/wp-content\\\/uploads\\\/2021\\\/07\\\/meydan-logo.svg\",\"width\":195,\"height\":46,\"caption\":\"Meydan TV\"},\"image\":{\"@id\":\"https:\\\/\\\/www.meydan.tv\\\/az\\\/#\\\/schema\\\/logo\\\/image\\\/\"}},{\"@type\":\"Person\",\"@id\":\"https:\\\/\\\/www.meydan.tv\\\/az\\\/#\\\/schema\\\/person\\\/9cdbecf90d17180ce1dfbd95b08dcf47\",\"name\":\"elli\",\"sameAs\":[\"https:\\\/\\\/x.com\\\/elli\"]}]}<\/script>\n<!-- \/ Yoast SEO plugin. -->","yoast_head_json":{"title":"M\u0259d\u0259niyy\u0259t Nazirliyi il\u0259 yekun vurdu - MEYDAN.TV","robots":{"index":"index","follow":"follow","max-snippet":"max-snippet:-1","max-image-preview":"max-image-preview:large","max-video-preview":"max-video-preview:-1"},"canonical":"https:\/\/www.meydan.tv\/az\/article\/medeniyyet-nazirliyi-ile-yekun-vurdu\/","og_locale":"az_AZ","og_type":"article","og_title":"M\u0259d\u0259niyy\u0259t Nazirliyi il\u0259 yekun vurdu - MEYDAN.TV","og_description":"Nazir s\u00f6n bir ild\u0259 g\u00f6r\u00fcl\u0259n i\u015fl\u0259rd\u0259n dan\u0131\u015f\u0131b M\u0259d\u0259niyy\u0259t Nazirliyi ilin ... Davam\u0131","og_url":"https:\/\/www.meydan.tv\/az\/article\/medeniyyet-nazirliyi-ile-yekun-vurdu\/","og_site_name":"MEYDAN.TV","article_published_time":"2021-12-28T13:21:15+00:00","article_modified_time":"2021-12-28T13:21:17+00:00","og_image":[{"width":996,"height":669,"url":"https:\/\/www.meydan.tv\/wp-content\/uploads\/z.jpg","type":"image\/jpeg"}],"author":"elli","twitter_card":"summary_large_image","twitter_creator":"@elli","schema":{"@context":"https:\/\/schema.org","@graph":[{"@type":"Article","@id":"https:\/\/www.meydan.tv\/az\/article\/medeniyyet-nazirliyi-ile-yekun-vurdu\/#article","isPartOf":{"@id":"https:\/\/www.meydan.tv\/az\/article\/medeniyyet-nazirliyi-ile-yekun-vurdu\/"},"author":{"name":"elli","@id":"https:\/\/www.meydan.tv\/az\/#\/schema\/person\/9cdbecf90d17180ce1dfbd95b08dcf47"},"headline":"M\u0259d\u0259niyy\u0259t Nazirliyi il\u0259 yekun vurdu","datePublished":"2021-12-28T13:21:15+00:00","dateModified":"2021-12-28T13:21:17+00:00","mainEntityOfPage":{"@id":"https:\/\/www.meydan.tv\/az\/article\/medeniyyet-nazirliyi-ile-yekun-vurdu\/"},"wordCount":901,"publisher":{"@id":"https:\/\/www.meydan.tv\/az\/#organization"},"image":{"@id":"https:\/\/www.meydan.tv\/az\/article\/medeniyyet-nazirliyi-ile-yekun-vurdu\/#primaryimage"},"thumbnailUrl":"https:\/\/www.meydan.tv\/wp-content\/uploads\/z.jpg","articleSection":["M\u0259d\u0259niyy\u0259t","X\u0259b\u0259rl\u0259r"],"inLanguage":"az"},{"@type":"WebPage","@id":"https:\/\/www.meydan.tv\/az\/article\/medeniyyet-nazirliyi-ile-yekun-vurdu\/","url":"https:\/\/www.meydan.tv\/az\/article\/medeniyyet-nazirliyi-ile-yekun-vurdu\/","name":"M\u0259d\u0259niyy\u0259t Nazirliyi il\u0259 yekun vurdu - MEYDAN.TV","isPartOf":{"@id":"https:\/\/www.meydan.tv\/az\/#website"},"primaryImageOfPage":{"@id":"https:\/\/www.meydan.tv\/az\/article\/medeniyyet-nazirliyi-ile-yekun-vurdu\/#primaryimage"},"image":{"@id":"https:\/\/www.meydan.tv\/az\/article\/medeniyyet-nazirliyi-ile-yekun-vurdu\/#primaryimage"},"thumbnailUrl":"https:\/\/www.meydan.tv\/wp-content\/uploads\/z.jpg","datePublished":"2021-12-28T13:21:15+00:00","dateModified":"2021-12-28T13:21:17+00:00","breadcrumb":{"@id":"https:\/\/www.meydan.tv\/az\/article\/medeniyyet-nazirliyi-ile-yekun-vurdu\/#breadcrumb"},"inLanguage":"az","potentialAction":[{"@type":"ReadAction","target":["https:\/\/www.meydan.tv\/az\/article\/medeniyyet-nazirliyi-ile-yekun-vurdu\/"]}]},{"@type":"ImageObject","inLanguage":"az","@id":"https:\/\/www.meydan.tv\/az\/article\/medeniyyet-nazirliyi-ile-yekun-vurdu\/#primaryimage","url":"https:\/\/www.meydan.tv\/wp-content\/uploads\/z.jpg","contentUrl":"https:\/\/www.meydan.tv\/wp-content\/uploads\/z.jpg","width":996,"height":669,"caption":"Anar K\u0259rimov, Foto, Az\u0259rtac"},{"@type":"BreadcrumbList","@id":"https:\/\/www.meydan.tv\/az\/article\/medeniyyet-nazirliyi-ile-yekun-vurdu\/#breadcrumb","itemListElement":[{"@type":"ListItem","position":1,"name":"Ana s\u0259hif\u0259","item":"https:\/\/www.meydan.tv\/az\/"},{"@type":"ListItem","position":2,"name":"M\u0259d\u0259niyy\u0259t","item":"https:\/\/www.meydan.tv\/az\/section\/medeniyyet\/"},{"@type":"ListItem","position":3,"name":"M\u0259d\u0259niyy\u0259t Nazirliyi il\u0259 yekun vurdu"}]},{"@type":"WebSite","@id":"https:\/\/www.meydan.tv\/az\/#website","url":"https:\/\/www.meydan.tv\/az\/","name":"MEYDAN.TV","description":"Meydan TV Az\u0259rbaycan\u0131n media m\u0259kan\u0131ndak\u0131 alternativ s\u0259sidir","publisher":{"@id":"https:\/\/www.meydan.tv\/az\/#organization"},"potentialAction":[{"@type":"SearchAction","target":{"@type":"EntryPoint","urlTemplate":"https:\/\/www.meydan.tv\/az\/?s={search_term_string}"},"query-input":{"@type":"PropertyValueSpecification","valueRequired":true,"valueName":"search_term_string"}}],"inLanguage":"az"},{"@type":"Organization","@id":"https:\/\/www.meydan.tv\/az\/#organization","name":"Meydan TV","url":"https:\/\/www.meydan.tv\/az\/","logo":{"@type":"ImageObject","inLanguage":"az","@id":"https:\/\/www.meydan.tv\/az\/#\/schema\/logo\/image\/","url":"https:\/\/www.meydan.tv\/wp-content\/uploads\/2021\/07\/meydan-logo.svg","contentUrl":"https:\/\/www.meydan.tv\/wp-content\/uploads\/2021\/07\/meydan-logo.svg","width":195,"height":46,"caption":"Meydan TV"},"image":{"@id":"https:\/\/www.meydan.tv\/az\/#\/schema\/logo\/image\/"}},{"@type":"Person","@id":"https:\/\/www.meydan.tv\/az\/#\/schema\/person\/9cdbecf90d17180ce1dfbd95b08dcf47","name":"elli","sameAs":["https:\/\/x.com\/elli"]}]}},"_links":{"self":[{"href":"https:\/\/www.meydan.tv\/az\/wp-json\/wp\/v2\/posts\/230592","targetHints":{"allow":["GET"]}}],"collection":[{"href":"https:\/\/www.meydan.tv\/az\/wp-json\/wp\/v2\/posts"}],"about":[{"href":"https:\/\/www.meydan.tv\/az\/wp-json\/wp\/v2\/types\/post"}],"author":[{"embeddable":true,"href":"https:\/\/www.meydan.tv\/az\/wp-json\/wp\/v2\/users\/8"}],"replies":[{"embeddable":true,"href":"https:\/\/www.meydan.tv\/az\/wp-json\/wp\/v2\/comments?post=230592"}],"version-history":[{"count":1,"href":"https:\/\/www.meydan.tv\/az\/wp-json\/wp\/v2\/posts\/230592\/revisions"}],"predecessor-version":[{"id":230596,"href":"https:\/\/www.meydan.tv\/az\/wp-json\/wp\/v2\/posts\/230592\/revisions\/230596"}],"wp:featuredmedia":[{"embeddable":true,"href":"https:\/\/www.meydan.tv\/az\/wp-json\/wp\/v2\/media\/230593"}],"wp:attachment":[{"href":"https:\/\/www.meydan.tv\/az\/wp-json\/wp\/v2\/media?parent=230592"}],"wp:term":[{"taxonomy":"category","embeddable":true,"href":"https:\/\/www.meydan.tv\/az\/wp-json\/wp\/v2\/categories?post=230592"},{"taxonomy":"post_tag","embeddable":true,"href":"https:\/\/www.meydan.tv\/az\/wp-json\/wp\/v2\/tags?post=230592"}],"curies":[{"name":"wp","href":"https:\/\/api.w.org\/{rel}","templated":true}]}}