{"id":230422,"date":"2021-12-27T19:06:07","date_gmt":"2021-12-27T15:06:07","guid":{"rendered":"https:\/\/www.meydan.tv\/?p=230422"},"modified":"2021-12-27T19:06:09","modified_gmt":"2021-12-27T15:06:09","slug":"omicronda-agirlasmalarin-deltadan-zeif-oldugu-bildirilir","status":"publish","type":"post","link":"https:\/\/www.meydan.tv\/az\/article\/omicronda-agirlasmalarin-deltadan-zeif-oldugu-bildirilir\/","title":{"rendered":"\u201cOmicron\u201dda a\u011f\u0131rla\u015fmalar\u0131n \u201cDelta\u201ddan z\u0259if oldu\u011fu bildirilir"},"content":{"rendered":"\n<p><em>Ara\u015fd\u0131rmalar yeni \u015ftamm\u0131n \u0259lam\u0259tl\u0259rinin y\u00fcng\u00fcl oldu\u011funu g\u00f6st\u0259rir<\/em><br><\/p>\n\n\n\n<p>\u201cOmicron\u201d \u015ftam\u0131na yoluxanlar aras\u0131nda x\u0259st\u0259xanaya a\u011f\u0131rla\u015fmalarla yerl\u0259\u015fdiril\u0259nl\u0259rin say\u0131 20-70 faiz a\u015fa\u011f\u0131d\u0131r.<br>C\u0259nubi Afrika, \u015eotlandiya v\u0259 \u0130ngilt\u0259r\u0259d\u0259 ayr\u0131-ayr\u0131l\u0131qda apar\u0131lan elmi ara\u015fd\u0131rmalar zaman\u0131 bu n\u0259tic\u0259y\u0259 <a href=\"https:\/\/www.ntv.com.tr\/galeri\/saglik\/uc-ulkedeki-ayri-calismalardan-ortak-sonuc-omicron-nedeniyle-hastaneye-yatis-riski-daha-az,2Qgvd8PODke4H4udizkxtQ\/iqYu0zjd-Em7u2fAakUAKA\" target=\"_blank\" rel=\"noreferrer noopener\">g\u0259linib<\/a>.<br><\/p>\n\n\n\n<p>COV\u0130D-19 virusunun \u201cOmicron\u201d variant\u0131n\u0131n \u201cDelta\u201d \u015ftam\u0131 il\u0259 m\u00fcqayis\u0259d\u0259 daha y\u00fcng\u00fcl \u0259lam\u0259tl\u0259r\u0259 sahib oldu\u011fu ortaya \u00e7\u0131x\u0131b.<br><\/p>\n\n\n\n<p>C\u0259nubi Afrikada a\u015fkarlanan \u201cOmicron\u201d \u015ftam\u0131na q\u0131sa m\u00fcdd\u0259td\u0259 B\u00f6y\u00fck Britaniya, Hollandiya, Kanada, Danimarka, Almaniya, Bel\u00e7ika, \u00c7exiya v\u0259 \u0130taliyada rast g\u0259linib. H\u0259tta B\u00f6y\u00fck Britaniyada bir n\u0259f\u0259rin \u00f6l\u00fcm\u00fcn\u0259 s\u0259b\u0259b <a href=\"https:\/\/d9mc3ts4czbpr.cloudfront.net\/az\/article\/boyuk-britaniyada-omicron-stamindan-olum-fakti-qeyde-alinib\/\" target=\"_blank\" rel=\"noreferrer noopener\">olub<\/a>.<br><\/p>\n\n\n\n<p>C\u0259nubi Afrikada apar\u0131lan ara\u015fd\u0131rmalara g\u00f6r\u0259, \u201cOmicron\u201d dal\u011fas\u0131 uzun zaman davam etm\u0259y\u0259c\u0259k.<br>\u015eotlandiyal\u0131 elm adamlar\u0131 is\u0259 noyabr-dekabr aylar\u0131nda apard\u0131qlar\u0131 ara\u015fd\u0131rmalar zaman\u0131 \u201cOmicron\u201dda \u201cDelta\u201d il\u0259 m\u00fcqayis\u0259d\u0259 a\u011f\u0131rla\u015fmalar\u0131n \u00e7ox az oldu\u011fu q\u0259na\u0259tin\u0259 g\u0259libl\u0259r.<br><\/p>\n\n\n\n<p>London \u0130mperial Kollecind\u0259n ara\u015fd\u0131rma qrupu dekabr\u0131n ilk iki h\u0259ft\u0259sind\u0259 \u201cOmicron\u201d v\u0259 \u201cDelta\u201d yoluxmalar\u0131n\u0131 m\u00fcqayis\u0259 edib.<br><\/p>\n\n\n\n<p>Onlar da \u015fotland h\u0259mkarlar\u0131 kimi x\u0259st\u0259xanaya m\u00fcraci\u0259tl\u0259rin azald\u0131\u011f\u0131n\u0131 m\u00fc\u015fahid\u0259 edibl\u0259r.<br><\/p>\n\n\n\n<p>\u0130lkin hesablamalar g\u00f6st\u0259rib ki, \u201cDelta\u201d variant\u0131 hallar\u0131 il\u0259 m\u00fcqayis\u0259d\u0259 \u201comicron\u201da yoluxmu\u015f insanlar\u0131n x\u0259st\u0259xanaya yerl\u0259\u015fdirilm\u0259 ehtimal\u0131 orta hesabla 15-20 faiz, bir gec\u0259 v\u0259 ya daha uzun m\u00fcdd\u0259t x\u0259st\u0259xanada qalma ehtimal\u0131 is\u0259 40-45 faiz azd\u0131r.<br><\/p>\n\n\n\n<p>\u00dcmumd\u00fcnya S\u0259hiyy\u0259 T\u0259\u015fkilat\u0131 (\u00dcST) Afrikan\u0131n c\u0259nubunda a\u015fkarlanm\u0131\u015f \u0412.1.1.529 \u015ftam\u0131n\u0131 yunan \u0259lifbas\u0131n\u0131n \u201cOmicron\u201d h\u0259rfi il\u0259 adland\u0131r\u0131b.<br><\/p>\n\n\n\n<p>M\u00fct\u0259x\u0259ssisl\u0259r bu \u015ftam\u0131n vaksinl\u0259r\u0259 potensial t\u0259sirini ara\u015fd\u0131r\u0131rlar.<\/p>\n","protected":false},"excerpt":{"rendered":"<p>Ara\u015fd\u0131rmalar yeni \u015ftamm\u0131n \u0259lam\u0259tl\u0259rinin y\u00fcng\u00fcl oldu\u011funu g\u00f6st\u0259rir \u201cOmicron\u201d \u015ftam\u0131na yoluxanlar &#8230; <\/p>\n<p class=\"read-more-container\"><a title=\"\u201cOmicron\u201dda a\u011f\u0131rla\u015fmalar\u0131n \u201cDelta\u201ddan z\u0259if oldu\u011fu bildirilir\" class=\"read-more button\" href=\"https:\/\/www.meydan.tv\/az\/article\/omicronda-agirlasmalarin-deltadan-zeif-oldugu-bildirilir\/#more-230422\" aria-label=\"Read more about \u201cOmicron\u201dda a\u011f\u0131rla\u015fmalar\u0131n \u201cDelta\u201ddan z\u0259if oldu\u011fu bildirilir\">Davam\u0131<\/a><\/p>\n","protected":false},"author":8,"featured_media":230424,"comment_status":"closed","ping_status":"closed","sticky":false,"template":"","format":"standard","meta":{"_acf_changed":false,"_sitemap_exclude":false,"_sitemap_priority":"","_sitemap_frequency":"","footnotes":""},"categories":[54,56],"tags":[],"class_list":["post-230422","post","type-post","status-publish","format-standard","has-post-thumbnail","hentry","category-sagliq","category-xeberler","infinite-scroll-item","generate-columns","tablet-grid-50","mobile-grid-100","grid-parent","grid-33","no-featured-image-padding"],"acf":[],"yoast_head":"<!-- This site is optimized with the Yoast SEO plugin v27.4 - https:\/\/yoast.com\/product\/yoast-seo-wordpress\/ -->\n<title>\u201cOmicron\u201dda a\u011f\u0131rla\u015fmalar\u0131n \u201cDelta\u201ddan z\u0259if oldu\u011fu bildirilir - MEYDAN.TV<\/title>\n<meta name=\"robots\" content=\"index, follow, max-snippet:-1, max-image-preview:large, max-video-preview:-1\" \/>\n<link rel=\"canonical\" href=\"https:\/\/www.meydan.tv\/az\/article\/omicronda-agirlasmalarin-deltadan-zeif-oldugu-bildirilir\/\" \/>\n<meta property=\"og:locale\" content=\"az_AZ\" \/>\n<meta property=\"og:type\" content=\"article\" \/>\n<meta property=\"og:title\" content=\"\u201cOmicron\u201dda a\u011f\u0131rla\u015fmalar\u0131n \u201cDelta\u201ddan z\u0259if oldu\u011fu bildirilir - MEYDAN.TV\" \/>\n<meta property=\"og:description\" content=\"Ara\u015fd\u0131rmalar yeni \u015ftamm\u0131n \u0259lam\u0259tl\u0259rinin y\u00fcng\u00fcl oldu\u011funu g\u00f6st\u0259rir \u201cOmicron\u201d \u015ftam\u0131na yoluxanlar ... Davam\u0131\" \/>\n<meta property=\"og:url\" content=\"https:\/\/www.meydan.tv\/az\/article\/omicronda-agirlasmalarin-deltadan-zeif-oldugu-bildirilir\/\" \/>\n<meta property=\"og:site_name\" content=\"MEYDAN.TV\" \/>\n<meta property=\"article:published_time\" content=\"2021-12-27T15:06:07+00:00\" \/>\n<meta property=\"article:modified_time\" content=\"2021-12-27T15:06:09+00:00\" \/>\n<meta property=\"og:image\" content=\"https:\/\/www.meydan.tv\/wp-content\/uploads\/shutterstock_2081865148.jpg\" \/>\n\t<meta property=\"og:image:width\" content=\"1200\" \/>\n\t<meta property=\"og:image:height\" content=\"800\" \/>\n\t<meta property=\"og:image:type\" content=\"image\/jpeg\" \/>\n<meta name=\"author\" content=\"elli\" \/>\n<meta name=\"twitter:card\" content=\"summary_large_image\" \/>\n<meta name=\"twitter:creator\" content=\"@elli\" \/>\n<script type=\"application\/ld+json\" class=\"yoast-schema-graph\">{\"@context\":\"https:\\\/\\\/schema.org\",\"@graph\":[{\"@type\":\"Article\",\"@id\":\"https:\\\/\\\/www.meydan.tv\\\/az\\\/article\\\/omicronda-agirlasmalarin-deltadan-zeif-oldugu-bildirilir\\\/#article\",\"isPartOf\":{\"@id\":\"https:\\\/\\\/www.meydan.tv\\\/az\\\/article\\\/omicronda-agirlasmalarin-deltadan-zeif-oldugu-bildirilir\\\/\"},\"author\":{\"name\":\"elli\",\"@id\":\"https:\\\/\\\/www.meydan.tv\\\/az\\\/#\\\/schema\\\/person\\\/9cdbecf90d17180ce1dfbd95b08dcf47\"},\"headline\":\"\u201cOmicron\u201dda a\u011f\u0131rla\u015fmalar\u0131n \u201cDelta\u201ddan z\u0259if oldu\u011fu bildirilir\",\"datePublished\":\"2021-12-27T15:06:07+00:00\",\"dateModified\":\"2021-12-27T15:06:09+00:00\",\"mainEntityOfPage\":{\"@id\":\"https:\\\/\\\/www.meydan.tv\\\/az\\\/article\\\/omicronda-agirlasmalarin-deltadan-zeif-oldugu-bildirilir\\\/\"},\"wordCount\":393,\"publisher\":{\"@id\":\"https:\\\/\\\/www.meydan.tv\\\/az\\\/#organization\"},\"image\":{\"@id\":\"https:\\\/\\\/www.meydan.tv\\\/az\\\/article\\\/omicronda-agirlasmalarin-deltadan-zeif-oldugu-bildirilir\\\/#primaryimage\"},\"thumbnailUrl\":\"https:\\\/\\\/www.meydan.tv\\\/wp-content\\\/uploads\\\/shutterstock_2081865148.jpg\",\"articleSection\":[\"Sa\u011fl\u0131q\",\"X\u0259b\u0259rl\u0259r\"],\"inLanguage\":\"az\"},{\"@type\":\"WebPage\",\"@id\":\"https:\\\/\\\/www.meydan.tv\\\/az\\\/article\\\/omicronda-agirlasmalarin-deltadan-zeif-oldugu-bildirilir\\\/\",\"url\":\"https:\\\/\\\/www.meydan.tv\\\/az\\\/article\\\/omicronda-agirlasmalarin-deltadan-zeif-oldugu-bildirilir\\\/\",\"name\":\"\u201cOmicron\u201dda a\u011f\u0131rla\u015fmalar\u0131n \u201cDelta\u201ddan z\u0259if oldu\u011fu bildirilir - MEYDAN.TV\",\"isPartOf\":{\"@id\":\"https:\\\/\\\/www.meydan.tv\\\/az\\\/#website\"},\"primaryImageOfPage\":{\"@id\":\"https:\\\/\\\/www.meydan.tv\\\/az\\\/article\\\/omicronda-agirlasmalarin-deltadan-zeif-oldugu-bildirilir\\\/#primaryimage\"},\"image\":{\"@id\":\"https:\\\/\\\/www.meydan.tv\\\/az\\\/article\\\/omicronda-agirlasmalarin-deltadan-zeif-oldugu-bildirilir\\\/#primaryimage\"},\"thumbnailUrl\":\"https:\\\/\\\/www.meydan.tv\\\/wp-content\\\/uploads\\\/shutterstock_2081865148.jpg\",\"datePublished\":\"2021-12-27T15:06:07+00:00\",\"dateModified\":\"2021-12-27T15:06:09+00:00\",\"breadcrumb\":{\"@id\":\"https:\\\/\\\/www.meydan.tv\\\/az\\\/article\\\/omicronda-agirlasmalarin-deltadan-zeif-oldugu-bildirilir\\\/#breadcrumb\"},\"inLanguage\":\"az\",\"potentialAction\":[{\"@type\":\"ReadAction\",\"target\":[\"https:\\\/\\\/www.meydan.tv\\\/az\\\/article\\\/omicronda-agirlasmalarin-deltadan-zeif-oldugu-bildirilir\\\/\"]}]},{\"@type\":\"ImageObject\",\"inLanguage\":\"az\",\"@id\":\"https:\\\/\\\/www.meydan.tv\\\/az\\\/article\\\/omicronda-agirlasmalarin-deltadan-zeif-oldugu-bildirilir\\\/#primaryimage\",\"url\":\"https:\\\/\\\/www.meydan.tv\\\/wp-content\\\/uploads\\\/shutterstock_2081865148.jpg\",\"contentUrl\":\"https:\\\/\\\/www.meydan.tv\\\/wp-content\\\/uploads\\\/shutterstock_2081865148.jpg\",\"width\":1200,\"height\":800,\"caption\":\"Omicron, Foto: G.Tbov\\\/Shutterstock\"},{\"@type\":\"BreadcrumbList\",\"@id\":\"https:\\\/\\\/www.meydan.tv\\\/az\\\/article\\\/omicronda-agirlasmalarin-deltadan-zeif-oldugu-bildirilir\\\/#breadcrumb\",\"itemListElement\":[{\"@type\":\"ListItem\",\"position\":1,\"name\":\"Ana s\u0259hif\u0259\",\"item\":\"https:\\\/\\\/www.meydan.tv\\\/az\\\/\"},{\"@type\":\"ListItem\",\"position\":2,\"name\":\"Sa\u011fl\u0131q\",\"item\":\"https:\\\/\\\/www.meydan.tv\\\/az\\\/section\\\/sagliq\\\/\"},{\"@type\":\"ListItem\",\"position\":3,\"name\":\"\u201cOmicron\u201dda a\u011f\u0131rla\u015fmalar\u0131n \u201cDelta\u201ddan z\u0259if oldu\u011fu bildirilir\"}]},{\"@type\":\"WebSite\",\"@id\":\"https:\\\/\\\/www.meydan.tv\\\/az\\\/#website\",\"url\":\"https:\\\/\\\/www.meydan.tv\\\/az\\\/\",\"name\":\"MEYDAN.TV\",\"description\":\"Meydan TV Az\u0259rbaycan\u0131n media m\u0259kan\u0131ndak\u0131 alternativ s\u0259sidir\",\"publisher\":{\"@id\":\"https:\\\/\\\/www.meydan.tv\\\/az\\\/#organization\"},\"potentialAction\":[{\"@type\":\"SearchAction\",\"target\":{\"@type\":\"EntryPoint\",\"urlTemplate\":\"https:\\\/\\\/www.meydan.tv\\\/az\\\/?s={search_term_string}\"},\"query-input\":{\"@type\":\"PropertyValueSpecification\",\"valueRequired\":true,\"valueName\":\"search_term_string\"}}],\"inLanguage\":\"az\"},{\"@type\":\"Organization\",\"@id\":\"https:\\\/\\\/www.meydan.tv\\\/az\\\/#organization\",\"name\":\"Meydan TV\",\"url\":\"https:\\\/\\\/www.meydan.tv\\\/az\\\/\",\"logo\":{\"@type\":\"ImageObject\",\"inLanguage\":\"az\",\"@id\":\"https:\\\/\\\/www.meydan.tv\\\/az\\\/#\\\/schema\\\/logo\\\/image\\\/\",\"url\":\"https:\\\/\\\/www.meydan.tv\\\/wp-content\\\/uploads\\\/2021\\\/07\\\/meydan-logo.svg\",\"contentUrl\":\"https:\\\/\\\/www.meydan.tv\\\/wp-content\\\/uploads\\\/2021\\\/07\\\/meydan-logo.svg\",\"width\":195,\"height\":46,\"caption\":\"Meydan TV\"},\"image\":{\"@id\":\"https:\\\/\\\/www.meydan.tv\\\/az\\\/#\\\/schema\\\/logo\\\/image\\\/\"}},{\"@type\":\"Person\",\"@id\":\"https:\\\/\\\/www.meydan.tv\\\/az\\\/#\\\/schema\\\/person\\\/9cdbecf90d17180ce1dfbd95b08dcf47\",\"name\":\"elli\",\"sameAs\":[\"https:\\\/\\\/x.com\\\/elli\"]}]}<\/script>\n<!-- \/ Yoast SEO plugin. -->","yoast_head_json":{"title":"\u201cOmicron\u201dda a\u011f\u0131rla\u015fmalar\u0131n \u201cDelta\u201ddan z\u0259if oldu\u011fu bildirilir - MEYDAN.TV","robots":{"index":"index","follow":"follow","max-snippet":"max-snippet:-1","max-image-preview":"max-image-preview:large","max-video-preview":"max-video-preview:-1"},"canonical":"https:\/\/www.meydan.tv\/az\/article\/omicronda-agirlasmalarin-deltadan-zeif-oldugu-bildirilir\/","og_locale":"az_AZ","og_type":"article","og_title":"\u201cOmicron\u201dda a\u011f\u0131rla\u015fmalar\u0131n \u201cDelta\u201ddan z\u0259if oldu\u011fu bildirilir - MEYDAN.TV","og_description":"Ara\u015fd\u0131rmalar yeni \u015ftamm\u0131n \u0259lam\u0259tl\u0259rinin y\u00fcng\u00fcl oldu\u011funu g\u00f6st\u0259rir \u201cOmicron\u201d \u015ftam\u0131na yoluxanlar ... Davam\u0131","og_url":"https:\/\/www.meydan.tv\/az\/article\/omicronda-agirlasmalarin-deltadan-zeif-oldugu-bildirilir\/","og_site_name":"MEYDAN.TV","article_published_time":"2021-12-27T15:06:07+00:00","article_modified_time":"2021-12-27T15:06:09+00:00","og_image":[{"width":1200,"height":800,"url":"https:\/\/www.meydan.tv\/wp-content\/uploads\/shutterstock_2081865148.jpg","type":"image\/jpeg"}],"author":"elli","twitter_card":"summary_large_image","twitter_creator":"@elli","schema":{"@context":"https:\/\/schema.org","@graph":[{"@type":"Article","@id":"https:\/\/www.meydan.tv\/az\/article\/omicronda-agirlasmalarin-deltadan-zeif-oldugu-bildirilir\/#article","isPartOf":{"@id":"https:\/\/www.meydan.tv\/az\/article\/omicronda-agirlasmalarin-deltadan-zeif-oldugu-bildirilir\/"},"author":{"name":"elli","@id":"https:\/\/www.meydan.tv\/az\/#\/schema\/person\/9cdbecf90d17180ce1dfbd95b08dcf47"},"headline":"\u201cOmicron\u201dda a\u011f\u0131rla\u015fmalar\u0131n \u201cDelta\u201ddan z\u0259if oldu\u011fu bildirilir","datePublished":"2021-12-27T15:06:07+00:00","dateModified":"2021-12-27T15:06:09+00:00","mainEntityOfPage":{"@id":"https:\/\/www.meydan.tv\/az\/article\/omicronda-agirlasmalarin-deltadan-zeif-oldugu-bildirilir\/"},"wordCount":393,"publisher":{"@id":"https:\/\/www.meydan.tv\/az\/#organization"},"image":{"@id":"https:\/\/www.meydan.tv\/az\/article\/omicronda-agirlasmalarin-deltadan-zeif-oldugu-bildirilir\/#primaryimage"},"thumbnailUrl":"https:\/\/www.meydan.tv\/wp-content\/uploads\/shutterstock_2081865148.jpg","articleSection":["Sa\u011fl\u0131q","X\u0259b\u0259rl\u0259r"],"inLanguage":"az"},{"@type":"WebPage","@id":"https:\/\/www.meydan.tv\/az\/article\/omicronda-agirlasmalarin-deltadan-zeif-oldugu-bildirilir\/","url":"https:\/\/www.meydan.tv\/az\/article\/omicronda-agirlasmalarin-deltadan-zeif-oldugu-bildirilir\/","name":"\u201cOmicron\u201dda a\u011f\u0131rla\u015fmalar\u0131n \u201cDelta\u201ddan z\u0259if oldu\u011fu bildirilir - MEYDAN.TV","isPartOf":{"@id":"https:\/\/www.meydan.tv\/az\/#website"},"primaryImageOfPage":{"@id":"https:\/\/www.meydan.tv\/az\/article\/omicronda-agirlasmalarin-deltadan-zeif-oldugu-bildirilir\/#primaryimage"},"image":{"@id":"https:\/\/www.meydan.tv\/az\/article\/omicronda-agirlasmalarin-deltadan-zeif-oldugu-bildirilir\/#primaryimage"},"thumbnailUrl":"https:\/\/www.meydan.tv\/wp-content\/uploads\/shutterstock_2081865148.jpg","datePublished":"2021-12-27T15:06:07+00:00","dateModified":"2021-12-27T15:06:09+00:00","breadcrumb":{"@id":"https:\/\/www.meydan.tv\/az\/article\/omicronda-agirlasmalarin-deltadan-zeif-oldugu-bildirilir\/#breadcrumb"},"inLanguage":"az","potentialAction":[{"@type":"ReadAction","target":["https:\/\/www.meydan.tv\/az\/article\/omicronda-agirlasmalarin-deltadan-zeif-oldugu-bildirilir\/"]}]},{"@type":"ImageObject","inLanguage":"az","@id":"https:\/\/www.meydan.tv\/az\/article\/omicronda-agirlasmalarin-deltadan-zeif-oldugu-bildirilir\/#primaryimage","url":"https:\/\/www.meydan.tv\/wp-content\/uploads\/shutterstock_2081865148.jpg","contentUrl":"https:\/\/www.meydan.tv\/wp-content\/uploads\/shutterstock_2081865148.jpg","width":1200,"height":800,"caption":"Omicron, Foto: G.Tbov\/Shutterstock"},{"@type":"BreadcrumbList","@id":"https:\/\/www.meydan.tv\/az\/article\/omicronda-agirlasmalarin-deltadan-zeif-oldugu-bildirilir\/#breadcrumb","itemListElement":[{"@type":"ListItem","position":1,"name":"Ana s\u0259hif\u0259","item":"https:\/\/www.meydan.tv\/az\/"},{"@type":"ListItem","position":2,"name":"Sa\u011fl\u0131q","item":"https:\/\/www.meydan.tv\/az\/section\/sagliq\/"},{"@type":"ListItem","position":3,"name":"\u201cOmicron\u201dda a\u011f\u0131rla\u015fmalar\u0131n \u201cDelta\u201ddan z\u0259if oldu\u011fu bildirilir"}]},{"@type":"WebSite","@id":"https:\/\/www.meydan.tv\/az\/#website","url":"https:\/\/www.meydan.tv\/az\/","name":"MEYDAN.TV","description":"Meydan TV Az\u0259rbaycan\u0131n media m\u0259kan\u0131ndak\u0131 alternativ s\u0259sidir","publisher":{"@id":"https:\/\/www.meydan.tv\/az\/#organization"},"potentialAction":[{"@type":"SearchAction","target":{"@type":"EntryPoint","urlTemplate":"https:\/\/www.meydan.tv\/az\/?s={search_term_string}"},"query-input":{"@type":"PropertyValueSpecification","valueRequired":true,"valueName":"search_term_string"}}],"inLanguage":"az"},{"@type":"Organization","@id":"https:\/\/www.meydan.tv\/az\/#organization","name":"Meydan TV","url":"https:\/\/www.meydan.tv\/az\/","logo":{"@type":"ImageObject","inLanguage":"az","@id":"https:\/\/www.meydan.tv\/az\/#\/schema\/logo\/image\/","url":"https:\/\/www.meydan.tv\/wp-content\/uploads\/2021\/07\/meydan-logo.svg","contentUrl":"https:\/\/www.meydan.tv\/wp-content\/uploads\/2021\/07\/meydan-logo.svg","width":195,"height":46,"caption":"Meydan TV"},"image":{"@id":"https:\/\/www.meydan.tv\/az\/#\/schema\/logo\/image\/"}},{"@type":"Person","@id":"https:\/\/www.meydan.tv\/az\/#\/schema\/person\/9cdbecf90d17180ce1dfbd95b08dcf47","name":"elli","sameAs":["https:\/\/x.com\/elli"]}]}},"_links":{"self":[{"href":"https:\/\/www.meydan.tv\/az\/wp-json\/wp\/v2\/posts\/230422","targetHints":{"allow":["GET"]}}],"collection":[{"href":"https:\/\/www.meydan.tv\/az\/wp-json\/wp\/v2\/posts"}],"about":[{"href":"https:\/\/www.meydan.tv\/az\/wp-json\/wp\/v2\/types\/post"}],"author":[{"embeddable":true,"href":"https:\/\/www.meydan.tv\/az\/wp-json\/wp\/v2\/users\/8"}],"replies":[{"embeddable":true,"href":"https:\/\/www.meydan.tv\/az\/wp-json\/wp\/v2\/comments?post=230422"}],"version-history":[{"count":1,"href":"https:\/\/www.meydan.tv\/az\/wp-json\/wp\/v2\/posts\/230422\/revisions"}],"predecessor-version":[{"id":230427,"href":"https:\/\/www.meydan.tv\/az\/wp-json\/wp\/v2\/posts\/230422\/revisions\/230427"}],"wp:featuredmedia":[{"embeddable":true,"href":"https:\/\/www.meydan.tv\/az\/wp-json\/wp\/v2\/media\/230424"}],"wp:attachment":[{"href":"https:\/\/www.meydan.tv\/az\/wp-json\/wp\/v2\/media?parent=230422"}],"wp:term":[{"taxonomy":"category","embeddable":true,"href":"https:\/\/www.meydan.tv\/az\/wp-json\/wp\/v2\/categories?post=230422"},{"taxonomy":"post_tag","embeddable":true,"href":"https:\/\/www.meydan.tv\/az\/wp-json\/wp\/v2\/tags?post=230422"}],"curies":[{"name":"wp","href":"https:\/\/api.w.org\/{rel}","templated":true}]}}