{"id":230322,"date":"2021-12-27T08:07:35","date_gmt":"2021-12-27T04:07:35","guid":{"rendered":"https:\/\/www.meydan.tv\/?p=230322"},"modified":"2021-12-27T08:08:05","modified_gmt":"2021-12-27T04:08:05","slug":"arif-insanlarin-kinayesi","status":"publish","type":"post","link":"https:\/\/www.meydan.tv\/az\/article\/arif-insanlarin-kinayesi\/","title":{"rendered":"Arif insanlar\u0131n kinay\u0259si"},"content":{"rendered":"\n<p>\u0130nsan da, mill\u0259t d\u0259 kim oldu\u011funu, layiq oldu\u011fu yeri ger\u00e7\u0259kd\u0259n bilm\u0259lidir.<\/p>\n\n\n\n<p>Heyhat! \u018fks\u0259r insanlar v\u0259 mill\u0259tl\u0259r ger\u00e7\u0259kd\u0259n kim olduqlar\u0131n\u0131 bilmirl\u0259r v\u0259 he\u00e7 bilm\u0259k d\u0259 ist\u0259mirl\u0259r. \u0130\u015fdir \u015fay\u0259d, kims\u0259 onlara \u0259slind\u0259 kim olduqlar\u0131n\u0131 des\u0259, yerl\u0259rini g\u00f6st\u0259rs\u0259, h\u0259tta q\u0259z\u0259bl\u0259nib bunun iftira v\u0259 q\u0259r\u0259z oldu\u011funu iddia edirl\u0259r.<\/p>\n\n\n\n<p>\u0130nsafl\u0131 olmaq namin\u0259 ba\u015flayaq \u00f6z\u00fcm\u00fczd\u0259n, sonra ke\u00e7\u0259k qon\u015fumuza. \u00d6z\u00fcm\u00fcz bar\u0259d\u0259 biz d\u00fc\u015f\u00fcn\u0259nd\u0259, r\u0259smi iddialara \u0259sas\u0259n, xalq\u0131m\u0131z q\u0259dim, m\u0259d\u0259ni, insanp\u0259rv\u0259r v\u0259 l\u0259yaq\u0259tli xalqd\u0131r. Bunun \u0259ksini s\u00f6yl\u0259y\u0259nl\u0259rin xalq bir olub g\u00f6z\u00fcn\u00fc ovur, qam\u00e7\u0131lay\u0131b r\u00fcsvayi-cahan edir.<\/p>\n\n\n\n<p>B\u0259s n\u0259? Kimin haqq\u0131 var bizim g\u00fcl-be-\u015f\u0259k\u0259r xalq\u0131m\u0131za g\u00fcld\u0259n a\u011f\u0131r s\u00f6z desin? H\u0259tta milli polis i\u015f\u00e7isi nazir Vilay\u0259t Eyvazovun \u0259mrini yerin\u0259 yetir\u0259r\u0259k qalib xalq\u0131n n\u00fcmay\u0259nd\u0259l\u0259rini t\u0259pik alt\u0131na salanda bel\u0259, yumruqla \u00fcz-g\u00f6z\u00fcn\u00fc b\u0259z\u0259y\u0259nd\u0259 bel\u0259, unutmamal\u0131d\u0131r ki, d\u00fcnyan\u0131n \u0259n q\u0259dim, \u0259n m\u0259d\u0259ni v\u0259 \u0259n l\u0259yaq\u0259tli xalq\u0131n\u0131n n\u00fcmay\u0259nd\u0259sini \u0259zi\u015fdirir.<\/p>\n\n\n\n<p><em>-D\u00f6yd\u00fcnm\u00fc qurumsa\u011f\u0131?<\/em><\/p>\n\n\n\n<p><em>-B\u0259li, c\u0259nab nazir!<\/em><\/p>\n\n\n\n<p><em>-D\u00f6y\u0259nd\u0259 n\u0259 fikirl\u0259\u015firdin?<\/em><\/p>\n\n\n\n<p><em>-Nec\u0259 ki, \u0259mr etmisiniz, h\u0259r yumruq v\u0259 t\u0259pik vuranda oxuyurdum: \u201c\u2026c\u00fcml\u0259 haz\u0131r\u0131z\u201d.<\/em><\/p>\n\n\n\n<p><em>-\u018fhs\u0259n!<\/em><\/p>\n\n\n\n<p>B\u0259li, bu q\u0259dim, m\u0259\u011frur v\u0259 l\u0259yaq\u0259tli xalq\u0131n d\u00f6vl\u0259ti var, qanunlar\u0131 var, lakin qanunlar i\u015fl\u0259mir, \u00f6lk\u0259d\u0259 Qacarlar d\u00f6vr\u00fcn\u00fcn qurulu\u015fu b\u0259rq\u0259rar olub, sad\u0259 v\u0259t\u0259nda\u015f \u0259yan-\u0259\u015fr\u0259f t\u0259yin olunmu\u015f g\u0259dalar\u0131n t\u0259piyi alt\u0131nda zill\u0259t i\u00e7r\u0259 zind\u0259ganl\u0131q edir.<\/p>\n\n\n\n<p>Bir \u00f6lk\u0259nin ki, m\u00fcst\u0259qil m\u0259hk\u0259m\u0259si yoxdur, xalq\u0131n azad se\u00e7diyi M\u0259clisi yoxdur, \u0259halinin s\u0259rb\u0259st se\u00e7diyi s\u0259lahiyy\u0259tli b\u0259l\u0259diyy\u0259si yoxdur, azad m\u0259tbuat\u0131 yoxdur, g\u0259lin \u00f6z\u00fcm\u00fcz\u00fc aldatmayaq, orada d\u00f6vl\u0259t yoxdur, orada ba\u015fda m\u00fcst\u0259bid olmaqla m\u00fct\u0259\u015f\u0259kkil cani d\u0259st\u0259si h\u00f6kmranl\u0131q edir.<\/p>\n\n\n\n<p>Az\u0259rbaycan\u0131n q\u00fcsur v\u0259 ill\u0259tini t\u0259svir etm\u0259kl\u0259 sona yetm\u0259z. G\u00f6z\u0259l binalar\u0131m\u0131za v\u0259 hamar yollar\u0131m\u0131za baxanda, biz\u0259 \u201cbay\u0131r\u0131 b\u0259z\u0259k, i\u00e7i t\u0259z\u0259k\u201d deyimi \u00e7ox yara\u015f\u0131r. H\u0259r\u00e7\u0259nd ki, r\u0259smi t\u0259bli\u011fat, onun t\u0259siri alt\u0131nda qara camaat m\u0259hz bu zahiri t\u0259mt\u0259raq ni\u015fan\u0259l\u0259rin\u0259 uyaraq q\u00fcrurundan g\u00f6n\u00fcn\u0259 s\u0131\u011fm\u0131r.<\/p>\n\n\n\n<p>Xub, bizim d\u0259rdl\u0259rimiz\u0259 a\u011flama\u011fa ba\u015flasaq, g\u00f6z ya\u015flar\u0131m\u0131z\u0131 qurulamaq \u00fc\u00e7\u00fcn d\u0259smal tapammar\u0131q. Odur ki, \u201cke\u00e7\u0259n\u0259 g\u00fcz\u0259\u015ft\u201d deyib Erm\u0259nistana boylanaq. Boylanaq v\u0259 sevin\u0259k ki, \u201cbizd\u0259n bet\u0259ri d\u0259 varm\u0131\u015f\u201d.<\/p>\n\n\n\n<p>Bu mill\u0259t, insaf\u0259n, \u0259n sad\u0259 insanlar\u0131n\u0131 g\u00f6t\u00fcrs\u0259n, lap el\u0259 bizim sad\u0259 camaat kimi, \u00e7ox yax\u015f\u0131 mill\u0259tdir. Di g\u0259l mill\u0259tin sif\u0259tini qara camat deyil, onun ziyal\u0131lar\u0131, onun yuxar\u0131 t\u0259b\u0259q\u0259si m\u00fc\u0259yy\u0259nl\u0259\u015fdirir. Bunlar\u0131 is\u0259, bak\u0131l\u0131lar demi\u015f, \u201ck\u0259s tulla\u201d. H\u0259dd\u0259n ziyad\u0259 zayd\u0131rlar. M\u0259n dey\u0259rdim, onlard\u0131r erm\u0259ni xalq\u0131n\u0131n \u0259sl d\u00fc\u015fm\u0259nl\u0259ri. Erm\u0259ni xalq\u0131n\u0131n evini onlard\u0131r y\u0131xan.<\/p>\n\n\n\n<p>Etiraf edim ki, \u00f6mr\u00fcm boyu erm\u0259nil\u0259rl\u0259 h\u0259r add\u0131mda rastla\u015fm\u0131\u015fam.&nbsp; M\u00fcnaqi\u015f\u0259 ba\u015flayana q\u0259d\u0259r erm\u0259nil\u0259r Az\u0259rbaycanda cox h\u00f6rm\u0259tli m\u0259qamlarda m\u0259sk\u0259n salm\u0131\u015fd\u0131lar. U\u015faql\u0131\u011f\u0131m Filarmoniya il\u0259 \u00fczb\u0259\u00fcz h\u0259y\u0259td\u0259 ke\u00e7ib, Kommunist k\u00fc\u00e7\u0259si 5, indiki \u0130stiqlaliyy\u0259t. \u00dc\u00e7m\u0259rt\u0259b\u0259li q\u0259dim binada qon\u015fular\u0131m\u0131n az\u0131 \u00fc\u00e7d\u0259 biri erm\u0259ni idi. Cox mehriban, \u015firindil, qay\u011f\u0131ke\u015f insanlar idi. H\u0259y\u0259td\u0259 oynayanda kimin yad\u0131na d\u00fc\u015f\u0259rdi ki, filank\u0259s erm\u0259nidir, b\u0259hm\u0259nk\u0259s t\u00fcrk? \u018fsla! Sadiqdir, ya xain, m\u0259rddir, ya nam\u0259rd \u2013 bu idi meyarlar. Bak\u0131da t\u00fcrk-erm\u0259ni m\u0259s\u0259l\u0259si 1987-ci ild\u0259n sonra ortaya \u00e7\u0131xd\u0131. Ondan \u0259vv\u0259l dostluq, \u015f\u0259riklik, h\u00f6rm\u0259t v\u0259 sevgi var idi, d\u00fc\u015fm\u0259n\u00e7ilik yox idi.<\/p>\n\n\n\n<p>Sonra, e\u015fq olsun Kreml\u0259, m\u00fcnaqi\u015f\u0259 ba\u015fland\u0131, bizimkil\u0259ri oradan, erm\u0259nil\u0259ri buradan qovdular, olduq yad v\u0259 ya\u011f\u0131. O zaman m\u0259n k\u00f6hn\u0259 v\u0259rdi\u015fim\u0259 uy\u011fun olaraq bar\u0131\u015f \u00fc\u00e7\u00fcn qanacaql\u0131 erm\u0259ni axtarma\u011fa ba\u015flad\u0131m. Cox axtard\u0131m, cox arad\u0131m, y\u00fczl\u0259rl\u0259 erm\u0259ni siyas\u0259t\u00e7isi, alimi, ictimai f\u0259al\u0131, sad\u0259 v\u0259t\u0259nda\u015f\u0131 il\u0259 tan\u0131\u015f olub \u0259m\u0259kda\u015fl\u0131q etdim, lakin Georgi Vanyandan savay\u0131 birc\u0259 n\u0259f\u0259r \u0259m\u0259lli t\u0259r\u0259fda\u015f tapammad\u0131m. Yax\u015f\u0131 adam az deyildi, m\u00fcnaqi\u015f\u0259nin mahiyy\u0259tini v\u0259&nbsp; f\u0259sadlar\u0131n\u0131 d\u0259rk ed\u0259nl\u0259r d\u0259 var idi, f\u0259q\u0259t \u00f6z fikirl\u0259rini a\u00e7\u0131q \u015f\u0259kild\u0259 erm\u0259ni xalq\u0131na s\u00f6yl\u0259m\u0259y\u0259 c\u0259sar\u0259ti \u00e7atan t\u0259k insan Vanyan idi.<\/p>\n\n\n\n<p>O da \u00f6z bar\u0131\u015f fikirl\u0259rini s\u00f6yl\u0259y\u0259nd\u0259n sonra d\u00fcnyas\u0131n\u0131 nakam d\u0259yi\u015fdi.<\/p>\n\n\n\n<p>&nbsp;Dedi ki, xalqlar t\u0259k yuxar\u0131dan deyil, h\u0259m d\u0259 a\u015fa\u011f\u0131lardan bar\u0131\u015fmal\u0131d\u0131r. T\u0259k \u0130lham \u018fliyevl\u0259 Nikol Pa\u015finyan deyil, s\u0131ravi Mamedl\u0259 s\u0131ravi Akop da bar\u0131\u015fmal\u0131d\u0131r. Dedi ki, Erm\u0259nistan v\u0259 Az\u0259rbaycan bar\u0131\u015f s\u0259hn\u0259sind\u0259 \u0259dav\u0259t deyil, com\u0259rdlik v\u0259 alic\u0259nabl\u0131q yar\u0131\u015f\u0131na \u00e7\u0131xmal\u0131d\u0131r, biri dig\u0259rin\u0259 s\u0259xav\u0259t v\u0259 qay\u011f\u0131 s\u0259rgil\u0259m\u0259lidir. Dedi ki, s\u0259rh\u0259dl\u0259r a\u00e7\u0131lmal\u0131d\u0131r, erm\u0259nil\u0259r Az\u0259rbaycana, az\u0259rbaycanl\u0131lar Erm\u0259nistana mane\u0259siz g\u0259lm\u0259lidir. Niy\u0259? \u00c7\u00fcnki Erm\u0259nistan az\u0259rbaycanl\u0131lar\u0131n, Az\u0259rbaycan erm\u0259nil\u0259rin do\u011fma v\u0259t\u0259nidir.<\/p>\n\n\n\n<p>\u00d6z\u00fc Qara\u00e7\u0131nar k\u0259ndind\u0259 do\u011fulub yeddi ya\u015f\u0131na q\u0259d\u0259r orada, babas\u0131n\u0131n evind\u0259 b\u00f6y\u00fcm\u00fc\u015fd\u00fc, h\u0259r yay Yerevandan g\u0259lib t\u0259tilini do\u011fma k\u0259ndind\u0259, az\u0259rbaycanl\u0131 k\u0259nd u\u015faqlar\u0131 il\u0259 birlikd\u0259 oynayaraq ke\u00e7irmi\u015fdi. V\u0259t\u0259n olaraq Az\u0259rbaycan\u0131 Erm\u0259nistandan ay\u0131rm\u0131rd\u0131.<\/p>\n\n\n\n<p>T\u0259k can\u0131na b\u00fct\u00f6v bir mill\u0259tin \u00fcst\u00fcn\u0259 gedib hayq\u0131r\u0131rd\u0131 ki, \u201cYan\u0131l\u0131rs\u0131n\u0131z! S\u0259hv yoldas\u0131n\u0131z! Qaraba\u011f Az\u0259rbaycan\u0131nd\u0131r! Bar\u0131\u015f\u0131n, t\u00f6k\u00fcn da\u015f\u0131 \u0259t\u0259yinizd\u0259n, inanmay\u0131n sava\u015fa s\u0259sl\u0259y\u0259nl\u0259r\u0259! Erm\u0259nistan\u0131n 1 n\u00f6mr\u0259li m\u00fctt\u0259fiqi Az\u0259rbaycand\u0131r!\u201d<\/p>\n\n\n\n<p>Ona, kas\u0131b Vanyana deyil, xalq\u0131n\u0131 qar\u0259t edib varlanm\u0131\u015f har\u0131n casuslara, v\u0259t\u0259n d\u0259llallar\u0131na inand\u0131 erm\u0259ni xalq\u0131. \u0130nand\u0131, vuru\u015fdu, bas\u0131ld\u0131.<\/p>\n\n\n\n<p>\u0130ndi oturub \u00e7ar\u0259 axtar\u0131rlar. \u00dc\u00e7-d\u00f6rd n\u0259f\u0259r var, a\u011f\u0131llan\u0131b xalq\u0131 ger\u00e7\u0259kliyi d\u0259rk etm\u0259y\u0259 \u00e7a\u011f\u0131r\u0131rlar. C\u0259mi \u00fc\u00e7-d\u00f6rd n\u0259f\u0259r. Az\u0131 y\u00fcz n\u0259f\u0259r xalq\u0131 k\u00f6hn\u0259 yolla ir\u0259li, u\u00e7uruma do\u011fru s\u0259sl\u0259yir.<\/p>\n\n\n\n<p>M\u0259n bu adamlar\u0131n nitqini t\u0259hlil edir\u0259m. Savadlar\u0131, \u015f\u00fcbh\u0259 yoxdur ki, var. Dedikl\u0259rin\u0259 inansaq, erm\u0259ni xalq\u0131n\u0131 sevirl\u0259r. F\u0259q\u0259t bu sevgi hara, xalq\u0131 c\u0259ng\u0259, \u00f6l\u00fcm\u0259 haraylamaq hara?<\/p>\n\n\n\n<p>\u0130\u00e7\u0259ril\u0259rind\u0259 Q\u0259rb universitetl\u0259rinin professorlar\u0131 da var. \u0130kisind\u0259n savay\u0131, ham\u0131s\u0131 xalq\u0131 sava\u015fa s\u0259sl\u0259yir. Bu ikisind\u0259n savay\u0131, biri d\u0259 demir ki, Erm\u0259nistan\u0131n milli t\u0259hl\u00fck\u0259sizliyinin t\u0259m\u0259lind\u0259 Az\u0259rbaycanla v\u0259 T\u00fcrkiy\u0259 il\u0259 s\u0131x \u0259m\u0259kda\u015fl\u0131q v\u0259 etimad \u0259laq\u0259l\u0259ri durmal\u0131d\u0131r.<\/p>\n\n\n\n<p>Ham\u0131s\u0131n\u0131n fikri-zikri qisas, yeni sava\u015f, m\u00fcasir g\u00fccl\u00fc ordu, yeni \u00f6ld\u00fcr\u00fcc\u00fc silah \u0259ld\u0259 etm\u0259kdir. Biz Qaraba\u011f\u0131 qaytarmal\u0131y\u0131q! Artsaxs\u0131z B\u00f6y\u00fck Erm\u0259nistan yoxdur! \u00d6nc\u0259 Artsax, sonra Masis! Ararat bizimdir! Q\u0259rbi Erm\u0259nistan\u0131 biz\u0259 Vudro Vilson verib! R\u0259dd olsun Rusiya! Ya\u015fas\u0131n Q\u0259rb, ilk n\u00f6vb\u0259d\u0259 AB\u015e! Amerika Qafqaza g\u0259l\u0259c\u0259k, Az\u0259rbaycan\u0131 vuracaq, Erm\u0259nistan\u0131 quca\u011f\u0131na g\u00f6t\u00fcr\u00fcb \u00f6p\u0259c\u0259k!<\/p>\n\n\n\n<p>V\u0259ziyy\u0259t d\u0259yi\u015fir! Xo\u015f g\u00fcnl\u0259rin birinci ni\u015fan\u0259si Erm\u0259nistan\u0131n onlayn \u201cDemokratiya sammiti\u201dn\u0259 d\u0259v\u0259tidir! Erm\u0259nistan\u0131 d\u0259v\u0259t edibl\u0259r, amma T\u00fcrkiy\u0259ni v\u0259 Az\u0259rbaycan\u0131 d\u0259v\u0259t etm\u0259yibl\u0259r! Ura! Biz demokrat\u0131q, T\u00fcrkiy\u0259 v\u0259 Az\u0259rbaycan anti-demokrat!<\/p>\n\n\n\n<p>B\u0259db\u0259xtl\u0259r demokratiya n\u0259dir, bilmirl\u0259r. Bilmirl\u0259r ki, demokratiya sistemdir, onun lab\u00fcd t\u0259rkib hiss\u0259l\u0259ri var, o c\u00fcml\u0259d\u0259n m\u00fct\u0259\u015f\u0259kkil muzdlu \u0259m\u0259k\u00e7il\u0259rin v\u0259 sahibkarlar\u0131n m\u00fcst\u0259qil t\u0259\u015fkilatlar\u0131, y\u00fcks\u0259k f\u0259rdi g\u0259lir, azad v\u0259t\u0259nda\u015f c\u0259miyy\u0259ti, azad media, m\u00fcst\u0259qil m\u0259hk\u0259m\u0259, \u0259halinin y\u00fcks\u0259k \u015f\u00fcur s\u0259viyy\u0259si olmal\u0131d\u0131r. Bunlardan hans\u0131 biri Erm\u0259nistanda var? Birc\u0259 \u00fcns\u00fcr var: \u015f\u0259ffaf v\u0259 \u0259dal\u0259tli se\u00e7ki. V\u0259ssalam. \u018fhalinin siyasi \u015f\u00fcur s\u0259viyy\u0259si rus, az\u0259ri, suriyal\u0131, iraql\u0131dan he\u00e7 n\u0259 il\u0259 f\u0259rql\u0259nmir.<\/p>\n\n\n\n<p>Arif adam \u00f6z\u00fcn\u00fc tan\u0131mayan, \u00f6z\u00fc haqq\u0131nda oldu\u011fundan y\u00fcksk fikird\u0259 olanlara kinay\u0259 il\u0259 yana\u015f\u0131r. \u018fg\u0259r n\u0259zak\u0259tli insand\u0131rsa, fikrini \u00fcr\u0259yind\u0259 saxlay\u0131r, lakin \u00f6z\u00fcn\u00fc tan\u0131mayan b\u0259nd\u0259 il\u0259 t\u0259masda bir an bel\u0259 unutmur ki, \u201cbu b\u0259db\u0259xt \u00f6z\u00fc \u00f6z\u00fcn\u00fc tan\u0131m\u0131r\u201d.<\/p>\n\n\n\n<p>N\u0259zak\u0259tli deyils\u0259, cahilin \u0259sass\u0131z \u00f6y\u00fcnm\u0259sin\u0259 bir d\u00f6z\u00fcr, iki d\u00f6z\u00fcr, sonra is\u0259 s\u0259bri t\u00fck\u0259n\u0259nd\u0259 deyir\u201d bilis\u0259n n\u0259, qarda\u015f, get hoppan!\u201d<\/p>\n\n\n\n<p>Nec\u0259 ki, indi d\u00fcnyan\u0131n \u0259ks\u0259r d\u00f6vl\u0259tl\u0259ri v\u0259 t\u0259\u015fkilatlar\u0131 Erm\u0259nistana deyir.<\/p>\n\n\n\n<p>Buna sevinm\u0259y\u0259 d\u0259ym\u0259z, d\u0259yi\u015fm\u0259s\u0259k, \u00f6z\u00fcm\u00fcz\u00fc tan\u0131masaq, bir g\u00fcn biz\u0259 d\u0259 dey\u0259c\u0259kl\u0259r.<\/p>\n\n\n\n<p>\u015e\u00fcbh\u0259niz olmas\u0131n. D\u00fcnya siyas\u0259t\u00e7il\u0259rinin 100 faizi n\u0259zak\u0259tsizdir.<\/p>\n","protected":false},"excerpt":{"rendered":"<p>\u0130nsan da, mill\u0259t d\u0259 kim oldu\u011funu, layiq oldu\u011fu yeri ger\u00e7\u0259kd\u0259n &#8230; <\/p>\n<p class=\"read-more-container\"><a title=\"Arif insanlar\u0131n kinay\u0259si\" class=\"read-more button\" href=\"https:\/\/www.meydan.tv\/az\/article\/arif-insanlarin-kinayesi\/#more-230322\" aria-label=\"Read more about Arif insanlar\u0131n kinay\u0259si\">Davam\u0131<\/a><\/p>\n","protected":false},"author":8,"featured_media":126053,"comment_status":"closed","ping_status":"closed","sticky":false,"template":"","format":"standard","meta":{"_acf_changed":false,"_sitemap_exclude":false,"_sitemap_priority":"","_sitemap_frequency":"","footnotes":""},"categories":[57],"tags":[],"class_list":["post-230322","post","type-post","status-publish","format-standard","has-post-thumbnail","hentry","category-menim-fikrimce","infinite-scroll-item","generate-columns","tablet-grid-50","mobile-grid-100","grid-parent","grid-33","no-featured-image-padding"],"acf":[],"yoast_head":"<!-- This site is optimized with the Yoast SEO plugin v27.4 - https:\/\/yoast.com\/product\/yoast-seo-wordpress\/ -->\n<title>Arif insanlar\u0131n kinay\u0259si - MEYDAN.TV<\/title>\n<meta name=\"robots\" content=\"index, follow, max-snippet:-1, max-image-preview:large, max-video-preview:-1\" \/>\n<link rel=\"canonical\" href=\"https:\/\/www.meydan.tv\/az\/article\/arif-insanlarin-kinayesi\/\" \/>\n<meta property=\"og:locale\" content=\"az_AZ\" \/>\n<meta property=\"og:type\" content=\"article\" \/>\n<meta property=\"og:title\" content=\"Arif insanlar\u0131n kinay\u0259si - MEYDAN.TV\" \/>\n<meta property=\"og:description\" content=\"\u0130nsan da, mill\u0259t d\u0259 kim oldu\u011funu, layiq oldu\u011fu yeri ger\u00e7\u0259kd\u0259n ... Davam\u0131\" \/>\n<meta property=\"og:url\" content=\"https:\/\/www.meydan.tv\/az\/article\/arif-insanlarin-kinayesi\/\" \/>\n<meta property=\"og:site_name\" content=\"MEYDAN.TV\" \/>\n<meta property=\"article:published_time\" content=\"2021-12-27T04:07:35+00:00\" \/>\n<meta property=\"article:modified_time\" content=\"2021-12-27T04:08:05+00:00\" \/>\n<meta property=\"og:image\" content=\"https:\/\/www.meydan.tv\/wp-content\/uploads\/image_from_ios_2_p52ittc.original-scaled.jpg\" \/>\n\t<meta property=\"og:image:width\" content=\"2560\" \/>\n\t<meta property=\"og:image:height\" content=\"1440\" \/>\n\t<meta property=\"og:image:type\" content=\"image\/jpeg\" \/>\n<meta name=\"author\" content=\"elli\" \/>\n<meta name=\"twitter:card\" content=\"summary_large_image\" \/>\n<meta name=\"twitter:creator\" content=\"@elli\" \/>\n<script type=\"application\/ld+json\" class=\"yoast-schema-graph\">{\"@context\":\"https:\\\/\\\/schema.org\",\"@graph\":[{\"@type\":\"Article\",\"@id\":\"https:\\\/\\\/www.meydan.tv\\\/az\\\/article\\\/arif-insanlarin-kinayesi\\\/#article\",\"isPartOf\":{\"@id\":\"https:\\\/\\\/www.meydan.tv\\\/az\\\/article\\\/arif-insanlarin-kinayesi\\\/\"},\"author\":{\"name\":\"elli\",\"@id\":\"https:\\\/\\\/www.meydan.tv\\\/az\\\/#\\\/schema\\\/person\\\/9cdbecf90d17180ce1dfbd95b08dcf47\"},\"headline\":\"Arif insanlar\u0131n kinay\u0259si\",\"datePublished\":\"2021-12-27T04:07:35+00:00\",\"dateModified\":\"2021-12-27T04:08:05+00:00\",\"mainEntityOfPage\":{\"@id\":\"https:\\\/\\\/www.meydan.tv\\\/az\\\/article\\\/arif-insanlarin-kinayesi\\\/\"},\"wordCount\":1714,\"publisher\":{\"@id\":\"https:\\\/\\\/www.meydan.tv\\\/az\\\/#organization\"},\"image\":{\"@id\":\"https:\\\/\\\/www.meydan.tv\\\/az\\\/article\\\/arif-insanlarin-kinayesi\\\/#primaryimage\"},\"thumbnailUrl\":\"https:\\\/\\\/www.meydan.tv\\\/wp-content\\\/uploads\\\/image_from_ios_2_p52ittc.original-scaled-e1657365012673.jpg\",\"articleSection\":[\"M\u0259nim Fikrimc\u0259\"],\"inLanguage\":\"az\"},{\"@type\":\"WebPage\",\"@id\":\"https:\\\/\\\/www.meydan.tv\\\/az\\\/article\\\/arif-insanlarin-kinayesi\\\/\",\"url\":\"https:\\\/\\\/www.meydan.tv\\\/az\\\/article\\\/arif-insanlarin-kinayesi\\\/\",\"name\":\"Arif insanlar\u0131n kinay\u0259si - MEYDAN.TV\",\"isPartOf\":{\"@id\":\"https:\\\/\\\/www.meydan.tv\\\/az\\\/#website\"},\"primaryImageOfPage\":{\"@id\":\"https:\\\/\\\/www.meydan.tv\\\/az\\\/article\\\/arif-insanlarin-kinayesi\\\/#primaryimage\"},\"image\":{\"@id\":\"https:\\\/\\\/www.meydan.tv\\\/az\\\/article\\\/arif-insanlarin-kinayesi\\\/#primaryimage\"},\"thumbnailUrl\":\"https:\\\/\\\/www.meydan.tv\\\/wp-content\\\/uploads\\\/image_from_ios_2_p52ittc.original-scaled-e1657365012673.jpg\",\"datePublished\":\"2021-12-27T04:07:35+00:00\",\"dateModified\":\"2021-12-27T04:08:05+00:00\",\"breadcrumb\":{\"@id\":\"https:\\\/\\\/www.meydan.tv\\\/az\\\/article\\\/arif-insanlarin-kinayesi\\\/#breadcrumb\"},\"inLanguage\":\"az\",\"potentialAction\":[{\"@type\":\"ReadAction\",\"target\":[\"https:\\\/\\\/www.meydan.tv\\\/az\\\/article\\\/arif-insanlarin-kinayesi\\\/\"]}]},{\"@type\":\"ImageObject\",\"inLanguage\":\"az\",\"@id\":\"https:\\\/\\\/www.meydan.tv\\\/az\\\/article\\\/arif-insanlarin-kinayesi\\\/#primaryimage\",\"url\":\"https:\\\/\\\/www.meydan.tv\\\/wp-content\\\/uploads\\\/image_from_ios_2_p52ittc.original-scaled-e1657365012673.jpg\",\"contentUrl\":\"https:\\\/\\\/www.meydan.tv\\\/wp-content\\\/uploads\\\/image_from_ios_2_p52ittc.original-scaled-e1657365012673.jpg\",\"width\":2560,\"height\":1286,\"caption\":\"Foto: Meydan.tv\"},{\"@type\":\"BreadcrumbList\",\"@id\":\"https:\\\/\\\/www.meydan.tv\\\/az\\\/article\\\/arif-insanlarin-kinayesi\\\/#breadcrumb\",\"itemListElement\":[{\"@type\":\"ListItem\",\"position\":1,\"name\":\"Ana s\u0259hif\u0259\",\"item\":\"https:\\\/\\\/www.meydan.tv\\\/az\\\/\"},{\"@type\":\"ListItem\",\"position\":2,\"name\":\"M\u0259nim Fikrimc\u0259\",\"item\":\"https:\\\/\\\/www.meydan.tv\\\/az\\\/section\\\/menim-fikrimce\\\/\"},{\"@type\":\"ListItem\",\"position\":3,\"name\":\"Arif insanlar\u0131n kinay\u0259si\"}]},{\"@type\":\"WebSite\",\"@id\":\"https:\\\/\\\/www.meydan.tv\\\/az\\\/#website\",\"url\":\"https:\\\/\\\/www.meydan.tv\\\/az\\\/\",\"name\":\"MEYDAN.TV\",\"description\":\"Meydan TV Az\u0259rbaycan\u0131n media m\u0259kan\u0131ndak\u0131 alternativ s\u0259sidir\",\"publisher\":{\"@id\":\"https:\\\/\\\/www.meydan.tv\\\/az\\\/#organization\"},\"potentialAction\":[{\"@type\":\"SearchAction\",\"target\":{\"@type\":\"EntryPoint\",\"urlTemplate\":\"https:\\\/\\\/www.meydan.tv\\\/az\\\/?s={search_term_string}\"},\"query-input\":{\"@type\":\"PropertyValueSpecification\",\"valueRequired\":true,\"valueName\":\"search_term_string\"}}],\"inLanguage\":\"az\"},{\"@type\":\"Organization\",\"@id\":\"https:\\\/\\\/www.meydan.tv\\\/az\\\/#organization\",\"name\":\"Meydan TV\",\"url\":\"https:\\\/\\\/www.meydan.tv\\\/az\\\/\",\"logo\":{\"@type\":\"ImageObject\",\"inLanguage\":\"az\",\"@id\":\"https:\\\/\\\/www.meydan.tv\\\/az\\\/#\\\/schema\\\/logo\\\/image\\\/\",\"url\":\"https:\\\/\\\/www.meydan.tv\\\/wp-content\\\/uploads\\\/2021\\\/07\\\/meydan-logo.svg\",\"contentUrl\":\"https:\\\/\\\/www.meydan.tv\\\/wp-content\\\/uploads\\\/2021\\\/07\\\/meydan-logo.svg\",\"width\":195,\"height\":46,\"caption\":\"Meydan TV\"},\"image\":{\"@id\":\"https:\\\/\\\/www.meydan.tv\\\/az\\\/#\\\/schema\\\/logo\\\/image\\\/\"}},{\"@type\":\"Person\",\"@id\":\"https:\\\/\\\/www.meydan.tv\\\/az\\\/#\\\/schema\\\/person\\\/9cdbecf90d17180ce1dfbd95b08dcf47\",\"name\":\"elli\",\"sameAs\":[\"https:\\\/\\\/x.com\\\/elli\"]}]}<\/script>\n<!-- \/ Yoast SEO plugin. -->","yoast_head_json":{"title":"Arif insanlar\u0131n kinay\u0259si - MEYDAN.TV","robots":{"index":"index","follow":"follow","max-snippet":"max-snippet:-1","max-image-preview":"max-image-preview:large","max-video-preview":"max-video-preview:-1"},"canonical":"https:\/\/www.meydan.tv\/az\/article\/arif-insanlarin-kinayesi\/","og_locale":"az_AZ","og_type":"article","og_title":"Arif insanlar\u0131n kinay\u0259si - MEYDAN.TV","og_description":"\u0130nsan da, mill\u0259t d\u0259 kim oldu\u011funu, layiq oldu\u011fu yeri ger\u00e7\u0259kd\u0259n ... Davam\u0131","og_url":"https:\/\/www.meydan.tv\/az\/article\/arif-insanlarin-kinayesi\/","og_site_name":"MEYDAN.TV","article_published_time":"2021-12-27T04:07:35+00:00","article_modified_time":"2021-12-27T04:08:05+00:00","og_image":[{"width":2560,"height":1440,"url":"https:\/\/www.meydan.tv\/wp-content\/uploads\/image_from_ios_2_p52ittc.original-scaled.jpg","type":"image\/jpeg"}],"author":"elli","twitter_card":"summary_large_image","twitter_creator":"@elli","schema":{"@context":"https:\/\/schema.org","@graph":[{"@type":"Article","@id":"https:\/\/www.meydan.tv\/az\/article\/arif-insanlarin-kinayesi\/#article","isPartOf":{"@id":"https:\/\/www.meydan.tv\/az\/article\/arif-insanlarin-kinayesi\/"},"author":{"name":"elli","@id":"https:\/\/www.meydan.tv\/az\/#\/schema\/person\/9cdbecf90d17180ce1dfbd95b08dcf47"},"headline":"Arif insanlar\u0131n kinay\u0259si","datePublished":"2021-12-27T04:07:35+00:00","dateModified":"2021-12-27T04:08:05+00:00","mainEntityOfPage":{"@id":"https:\/\/www.meydan.tv\/az\/article\/arif-insanlarin-kinayesi\/"},"wordCount":1714,"publisher":{"@id":"https:\/\/www.meydan.tv\/az\/#organization"},"image":{"@id":"https:\/\/www.meydan.tv\/az\/article\/arif-insanlarin-kinayesi\/#primaryimage"},"thumbnailUrl":"https:\/\/www.meydan.tv\/wp-content\/uploads\/image_from_ios_2_p52ittc.original-scaled-e1657365012673.jpg","articleSection":["M\u0259nim Fikrimc\u0259"],"inLanguage":"az"},{"@type":"WebPage","@id":"https:\/\/www.meydan.tv\/az\/article\/arif-insanlarin-kinayesi\/","url":"https:\/\/www.meydan.tv\/az\/article\/arif-insanlarin-kinayesi\/","name":"Arif insanlar\u0131n kinay\u0259si - MEYDAN.TV","isPartOf":{"@id":"https:\/\/www.meydan.tv\/az\/#website"},"primaryImageOfPage":{"@id":"https:\/\/www.meydan.tv\/az\/article\/arif-insanlarin-kinayesi\/#primaryimage"},"image":{"@id":"https:\/\/www.meydan.tv\/az\/article\/arif-insanlarin-kinayesi\/#primaryimage"},"thumbnailUrl":"https:\/\/www.meydan.tv\/wp-content\/uploads\/image_from_ios_2_p52ittc.original-scaled-e1657365012673.jpg","datePublished":"2021-12-27T04:07:35+00:00","dateModified":"2021-12-27T04:08:05+00:00","breadcrumb":{"@id":"https:\/\/www.meydan.tv\/az\/article\/arif-insanlarin-kinayesi\/#breadcrumb"},"inLanguage":"az","potentialAction":[{"@type":"ReadAction","target":["https:\/\/www.meydan.tv\/az\/article\/arif-insanlarin-kinayesi\/"]}]},{"@type":"ImageObject","inLanguage":"az","@id":"https:\/\/www.meydan.tv\/az\/article\/arif-insanlarin-kinayesi\/#primaryimage","url":"https:\/\/www.meydan.tv\/wp-content\/uploads\/image_from_ios_2_p52ittc.original-scaled-e1657365012673.jpg","contentUrl":"https:\/\/www.meydan.tv\/wp-content\/uploads\/image_from_ios_2_p52ittc.original-scaled-e1657365012673.jpg","width":2560,"height":1286,"caption":"Foto: Meydan.tv"},{"@type":"BreadcrumbList","@id":"https:\/\/www.meydan.tv\/az\/article\/arif-insanlarin-kinayesi\/#breadcrumb","itemListElement":[{"@type":"ListItem","position":1,"name":"Ana s\u0259hif\u0259","item":"https:\/\/www.meydan.tv\/az\/"},{"@type":"ListItem","position":2,"name":"M\u0259nim Fikrimc\u0259","item":"https:\/\/www.meydan.tv\/az\/section\/menim-fikrimce\/"},{"@type":"ListItem","position":3,"name":"Arif insanlar\u0131n kinay\u0259si"}]},{"@type":"WebSite","@id":"https:\/\/www.meydan.tv\/az\/#website","url":"https:\/\/www.meydan.tv\/az\/","name":"MEYDAN.TV","description":"Meydan TV Az\u0259rbaycan\u0131n media m\u0259kan\u0131ndak\u0131 alternativ s\u0259sidir","publisher":{"@id":"https:\/\/www.meydan.tv\/az\/#organization"},"potentialAction":[{"@type":"SearchAction","target":{"@type":"EntryPoint","urlTemplate":"https:\/\/www.meydan.tv\/az\/?s={search_term_string}"},"query-input":{"@type":"PropertyValueSpecification","valueRequired":true,"valueName":"search_term_string"}}],"inLanguage":"az"},{"@type":"Organization","@id":"https:\/\/www.meydan.tv\/az\/#organization","name":"Meydan TV","url":"https:\/\/www.meydan.tv\/az\/","logo":{"@type":"ImageObject","inLanguage":"az","@id":"https:\/\/www.meydan.tv\/az\/#\/schema\/logo\/image\/","url":"https:\/\/www.meydan.tv\/wp-content\/uploads\/2021\/07\/meydan-logo.svg","contentUrl":"https:\/\/www.meydan.tv\/wp-content\/uploads\/2021\/07\/meydan-logo.svg","width":195,"height":46,"caption":"Meydan TV"},"image":{"@id":"https:\/\/www.meydan.tv\/az\/#\/schema\/logo\/image\/"}},{"@type":"Person","@id":"https:\/\/www.meydan.tv\/az\/#\/schema\/person\/9cdbecf90d17180ce1dfbd95b08dcf47","name":"elli","sameAs":["https:\/\/x.com\/elli"]}]}},"_links":{"self":[{"href":"https:\/\/www.meydan.tv\/az\/wp-json\/wp\/v2\/posts\/230322","targetHints":{"allow":["GET"]}}],"collection":[{"href":"https:\/\/www.meydan.tv\/az\/wp-json\/wp\/v2\/posts"}],"about":[{"href":"https:\/\/www.meydan.tv\/az\/wp-json\/wp\/v2\/types\/post"}],"author":[{"embeddable":true,"href":"https:\/\/www.meydan.tv\/az\/wp-json\/wp\/v2\/users\/8"}],"replies":[{"embeddable":true,"href":"https:\/\/www.meydan.tv\/az\/wp-json\/wp\/v2\/comments?post=230322"}],"version-history":[{"count":1,"href":"https:\/\/www.meydan.tv\/az\/wp-json\/wp\/v2\/posts\/230322\/revisions"}],"predecessor-version":[{"id":230323,"href":"https:\/\/www.meydan.tv\/az\/wp-json\/wp\/v2\/posts\/230322\/revisions\/230323"}],"wp:featuredmedia":[{"embeddable":true,"href":"https:\/\/www.meydan.tv\/az\/wp-json\/wp\/v2\/media\/126053"}],"wp:attachment":[{"href":"https:\/\/www.meydan.tv\/az\/wp-json\/wp\/v2\/media?parent=230322"}],"wp:term":[{"taxonomy":"category","embeddable":true,"href":"https:\/\/www.meydan.tv\/az\/wp-json\/wp\/v2\/categories?post=230322"},{"taxonomy":"post_tag","embeddable":true,"href":"https:\/\/www.meydan.tv\/az\/wp-json\/wp\/v2\/tags?post=230322"}],"curies":[{"name":"wp","href":"https:\/\/api.w.org\/{rel}","templated":true}]}}