{"id":230296,"date":"2021-12-25T22:26:04","date_gmt":"2021-12-25T18:26:04","guid":{"rendered":"https:\/\/www.meydan.tv\/?p=230296"},"modified":"2021-12-26T22:57:53","modified_gmt":"2021-12-26T18:57:53","slug":"kiv-de-metbuatda-media-da-hesenov-erasi","status":"publish","type":"post","link":"https:\/\/www.meydan.tv\/az\/article\/kiv-de-metbuatda-media-da-hesenov-erasi\/","title":{"rendered":"K\u0130V-d\u0259, M\u0259tbuatda, MED\u0130A-da H\u0259s\u0259nov eras\u0131"},"content":{"rendered":"\n<p><em>\u2026Bitmir ki, bitmir<\/em><\/p>\n\n\n\n<p>Az\u0259rbaycan m\u0259tbuat\u0131 h\u0259mi\u015f\u0259 ba\u015f\u0131b\u0259lal\u0131 olub. \u201cDost\u201d da onunla d\u00fc\u015fm\u0259n kimi davran\u0131b. H\u0259m d\u0259 \u00f6z i\u00e7ind\u0259ki qurdlar yeyib onu. Bir \u00e7oxu da bura poliqon kimi bax\u0131b, ancaq yax\u015f\u0131 yox, pis \u015feyl\u0259r \u00f6yr\u0259dil\u0259n poliqon kimi. M\u00fcst\u0259qillik qazan\u0131landan sonra, y\u0259ni \u00f6t\u0259n \u0259srin sonlar\u0131ndan \u00fcmid q\u0131\u011f\u0131lc\u0131mlar\u0131 yaranm\u0131\u015fd\u0131. Bir-birinin ard\u0131nca m\u00fcst\u0259qil m\u0259tbuat n\u00fcmun\u0259l\u0259ri media bazar\u0131na ayaq a\u00e7\u0131rd\u0131. \u00c7ox t\u0259\u0259ss\u00fcf, \u00e7oxu \u201cmedia bazar\u0131\u201d s\u00f6z\u00fcn\u00fc yanl\u0131\u015f anlad\u0131, alver\u00e7i t\u0259f\u0259kk\u00fcrl\u00fc m\u0259tbuat idar\u0259\u00e7il\u0259ri ortaya \u00e7\u0131xd\u0131 v\u0259 m\u00fcq\u0259dd\u0259s ad\u0131 g\u00f6zd\u0259n sald\u0131lar. Alq\u0131-satq\u0131 olan yerd\u0259 h\u0259mi\u015f\u0259 pullular &#8211; m\u0259mur oliqarxlar s\u00f6z sahibi olur\u2026<\/p>\n\n\n\n<p>\u00d6t\u0259n \u0259srin sonlar\u0131nda \u201cmedia kapitan\u201d\u0131 ifad\u0259si d\u0259bd\u0259ydi. S\u0259hv etmir\u0259ms\u0259, el\u0259 o vaxtlar yazm\u0131\u015fd\u0131m: yefreytor ola bilm\u0259y\u0259nl\u0259ri bu g\u00fcn \u201ckapitan\u201d kimi g\u00f6z\u0259 soxurlar, h\u0259m d\u0259 \u201cmedia kapitan\u0131\u201d. Q\u0259zetd\u0259n, q\u0259zet\u00e7ilikd\u0259n x\u0259b\u0259rsiz, t\u0259sad\u00fcfi adamlar ir\u0259li \u00e7\u0259kilirdi. Bir ne\u00e7\u0259 q\u0259zet saxlamaq (sevgili saxlamaq kimi bir \u015fey) d\u0259bi yaranm\u0131\u015fd\u0131. Ancaq burada t\u0259yinat ba\u015fqayd\u0131. M\u0259murlar\u0131n kompromat sava\u015f\u0131, r\u0259qibi vurmaq ist\u0259yi, qisas\u00e7\u0131l\u0131q- bir s\u00f6zl\u0259, h\u0259r vasit\u0259y\u0259 \u0259l at\u0131l\u0131rd\u0131. K\u0130V s\u0131naq meydan\u0131yd\u0131, sanki orada kim n\u0259 ist\u0259s\u0259, ed\u0259 bilir, h\u0259m orada a\u011flag\u0259lm\u0259z t\u0259cr\u00fcb\u0259l\u0259r apar\u0131l\u0131r, h\u0259m d\u0259 ora \u00e7ox ciddi n\u0259zar\u0259td\u0259 saxlan\u0131l\u0131r. Prezident yan\u0131nda K\u0130V-\u0259 D\u00f6vl\u0259t D\u0259st\u0259yi Fondu, M\u0259tbuat \u015euras\u0131 n\u00fcmun\u0259sind\u0259 b\u00fct\u00fcn bunlara \u015fahid olduq. Apar\u0131lan siyas\u0259t say\u0259sind\u0259 K\u0130V (q\u0259zet\u00e7ilik) bir sinif kimi l\u0259\u011fv edildi, eyni zamanda o i\u015f\u0259 n\u0259zar\u0259t ed\u0259nl\u0259r \u015f\u0259xsi biznesd\u0259 xeyli u\u011fur qazand\u0131lar. K\u0130V-\u0259 \u201cprezident yan\u0131nda\u201d d\u0259st\u0259yin n\u0259tic\u0259si, \u0259slind\u0259, el\u0259 bel\u0259 d\u0259 olmal\u0131yd\u0131. XXI \u0259srimizd\u0259 h\u0259min siyas\u0259t yen\u0259 davam edir. N\u00f6vb\u0259ti r\u0259hb\u0259ri d\u0259niz\u00e7ilikd\u0259n g\u0259tiribl\u0259r, onun orada r\u00fctb\u0259sinin n\u0259 oldu\u011funu bilmirik, ancaq indi o, \u201cMED\u0130A kapitan\u0131\u201d rolundad\u0131r. B\u00f6y\u00fck bir g\u0259minin \u2013 MED\u0130A g\u0259misinin s\u00fckan\u0131 onun \u0259lind\u0259dir. H\u0259min g\u0259mi art\u0131q xeyli vaxtd\u0131r f\u0131rt\u0131nal\u0131 d\u0259nizd\u0259dir, dal\u011falar onu qayalara da \u00e7\u0131rp\u0131r, kims\u0259siz adalara da at\u0131r. B\u0259lk\u0259 bel\u0259 bir situasiyaya g\u00f6r\u0259 kapitan bu s\u00fckan\u0131n arxas\u0131nda yerini yeni qanunla &#8211;&nbsp; daha do\u011frusu, m\u00fcxt\u0259lif qanunlardan (yerli v\u0259 xarici) toplanm\u0131\u015f madd\u0259l\u0259r y\u0131\u011f\u0131n\u0131yla m\u00f6hk\u0259ml\u0259tm\u0259k ist\u0259yir. Ancaq m\u00fct\u0259x\u0259ssis r\u0259yl\u0259rin\u0259 g\u00f6r\u0259, bel\u0259 bir m\u00fcrt\u0259ce qanun xilas yolu deyil. H\u00fcquq t\u0259hsilli kapitan d\u00fc\u015f\u00fcnm\u0259lidir, onu da n\u0259z\u0259r\u0259 almal\u0131d\u0131r ki, Prezident Administrasiyas\u0131ndan notarial qaydada t\u0259sdiql\u0259nib Milli M\u0259clis\u0259 g\u0259l\u0259n qanunlar\u0131 t\u0259yinatl\u0131 deputatlar \u00e7ox asanl\u0131qla, b\u0259z\u0259n h\u0259tta m\u00fczakir\u0259siz bel\u0259 q\u0259bul edir. Y\u0259ni bu add\u0131m ziyana da i\u015fl\u0259y\u0259 bil\u0259r. H\u0259m d\u0259 m\u0259\u015fhur m\u0259s\u0259ld\u0259 oldu\u011fu kimi, qar\u015f\u0131da g\u00f6z\u00fc \u00e7\u0131xm\u0131\u015f qarda\u015f n\u00fcmun\u0259si var\u2026<\/p>\n\n\n\n<p>\u00c7ox b\u00f6y\u00fck iddiayla yarad\u0131lan Prezident yan\u0131nda K\u00fctl\u0259vi \u0130nformasiya Vasit\u0259l\u0259rin\u0259 D\u00f6vl\u0259t D\u0259st\u0259yi Fondunun icra\u00e7\u0131 direktoru, \u018fhm\u0259d m\u00fc\u0259llimin s\u0259l\u0259fi V\u00fcqar S\u0259f\u0259rli d\u00fcz 11 il \u201cprezident yan\u0131nda\u201dk\u0131 K\u0130V-in kapitan\u0131 oldu. Ondan qalan mirasla ba\u011fl\u0131 \u018fhm\u0259d \u0130smay\u0131lov h\u0259r k\u0259sd\u0259n art\u0131q m\u0259lumatl\u0131 olmal\u0131d\u0131r; varis kimi. Bizim bildiyimiz odur ki, V\u00fcqar S\u0259f\u0259rlinin m\u0259tbuat\u0131n ba\u015f\u0131nda oldu\u011fu ill\u0259rin \u201cz\u0259hm\u0259tinin\u201d qiym\u0259tini&nbsp; bu g\u00fcnl\u0259rd\u0259 Bak\u0131 A\u011f\u0131r Cinay\u0259tl\u0259r M\u0259hk\u0259m\u0259sinin hakiml\u0259ri verdi: 11 illik z\u0259hm\u0259t\u0259 c\u0259mi 6-ca ay \u0259skik &#8211; 10 il 6 ay\u2026<\/p>\n\n\n\n<p>Bu g\u00fcn \u00e7oxu 880 illik yubileyi qeyd edil\u0259n Nizamini uzaq XI \u0259srd\u0259 pad\u015fah\u0131n (prezidentin) yan\u0131nda oldu\u011funa g\u00f6r\u0259 q\u0131nay\u0131r, lap \u00e7\u0259kinm\u0259d\u0259n t\u0259nqid d\u0259 edir, baxmayaraq ki, indi \u00f6zl\u0259ri q\u0259zetl\u0259rini prezidentin yan\u0131nda ola-ola burax\u0131r; h\u0259m d\u0259 prezidentin \u015f\u0259nin\u0259 poemalar olmasa da, m\u0259dhiyy\u0259l\u0259r yaza-yaza. \u00dcmumiyy\u0259tl\u0259, \u201cprezident yan\u0131nda\u201d yarad\u0131lan qurumlar n\u0259d\u0259ns\u0259 talesiz olur. K\u0130V Fond il\u0259 b\u0259rab\u0259r, QHT \u015euras\u0131, Elmin \u0130nki\u015faf\u0131 Fondu\u2026 buna n\u00fcmun\u0259dir. H\u0259r 3 quruma (el\u0259c\u0259 d\u0259 \u201cprezident yan\u0131nda\u201d olan ba\u015fqa qurumlara) d\u00f6vl\u0259t b\u00fcdc\u0259sind\u0259n \u2013 v\u0259t\u0259nda\u015f\u0131n cibind\u0259n yet\u0259rinc\u0259 b\u00f6y\u00fck v\u0259sait ayr\u0131l\u0131r. Ancaq indi n\u0259 oxunulas\u0131 q\u0259zet, n\u0259 g\u00fcv\u0259nil\u0259si m\u00fcst\u0259qil QHT, n\u0259 elm, n\u0259 d\u0259 onun inki\u015faf\u0131 var\u2026<\/p>\n\n\n\n<p>Ba\u015fl\u0131\u011fa aldanmay\u0131n, he\u00e7 n\u0259 v\u0259 he\u00e7 kim \u0259b\u0259di deyil, K\u0130V v\u0259 M\u0259tbuat kimi,g\u00fcn\u00fcn birind\u0259 MED\u0130A da arxiv\u0259 g\u00f6nd\u0259ril\u0259c\u0259k. Onda h\u0259r k\u0259s axtar\u0131\u015fda olacaq, bir-birind\u0259n soraqlayacaq: \u018fhm\u0259d hardad\u0131r?!.<\/p>\n","protected":false},"excerpt":{"rendered":"<p>\u2026Bitmir ki, bitmir Az\u0259rbaycan m\u0259tbuat\u0131 h\u0259mi\u015f\u0259 ba\u015f\u0131b\u0259lal\u0131 olub. \u201cDost\u201d da &#8230; <\/p>\n<p class=\"read-more-container\"><a title=\"K\u0130V-d\u0259, M\u0259tbuatda, MED\u0130A-da H\u0259s\u0259nov eras\u0131\" class=\"read-more button\" href=\"https:\/\/www.meydan.tv\/az\/article\/kiv-de-metbuatda-media-da-hesenov-erasi\/#more-230296\" aria-label=\"Read more about K\u0130V-d\u0259, M\u0259tbuatda, MED\u0130A-da H\u0259s\u0259nov eras\u0131\">Davam\u0131<\/a><\/p>\n","protected":false},"author":8,"featured_media":125837,"comment_status":"closed","ping_status":"closed","sticky":false,"template":"","format":"standard","meta":{"_acf_changed":false,"_sitemap_exclude":false,"_sitemap_priority":"","_sitemap_frequency":"","footnotes":""},"categories":[57],"tags":[],"class_list":["post-230296","post","type-post","status-publish","format-standard","has-post-thumbnail","hentry","category-menim-fikrimce","infinite-scroll-item","generate-columns","tablet-grid-50","mobile-grid-100","grid-parent","grid-33","no-featured-image-padding"],"acf":[],"yoast_head":"<!-- This site is optimized with the Yoast SEO plugin v27.4 - https:\/\/yoast.com\/product\/yoast-seo-wordpress\/ -->\n<title>K\u0130V-d\u0259, M\u0259tbuatda, MED\u0130A-da H\u0259s\u0259nov eras\u0131 - MEYDAN.TV<\/title>\n<meta name=\"robots\" content=\"index, follow, max-snippet:-1, max-image-preview:large, max-video-preview:-1\" \/>\n<link rel=\"canonical\" href=\"https:\/\/www.meydan.tv\/az\/article\/kiv-de-metbuatda-media-da-hesenov-erasi\/\" \/>\n<meta property=\"og:locale\" content=\"az_AZ\" \/>\n<meta property=\"og:type\" content=\"article\" \/>\n<meta property=\"og:title\" content=\"K\u0130V-d\u0259, M\u0259tbuatda, MED\u0130A-da H\u0259s\u0259nov eras\u0131 - MEYDAN.TV\" \/>\n<meta property=\"og:description\" content=\"\u2026Bitmir ki, bitmir Az\u0259rbaycan m\u0259tbuat\u0131 h\u0259mi\u015f\u0259 ba\u015f\u0131b\u0259lal\u0131 olub. \u201cDost\u201d da ... Davam\u0131\" \/>\n<meta property=\"og:url\" content=\"https:\/\/www.meydan.tv\/az\/article\/kiv-de-metbuatda-media-da-hesenov-erasi\/\" \/>\n<meta property=\"og:site_name\" content=\"MEYDAN.TV\" \/>\n<meta property=\"article:published_time\" content=\"2021-12-25T18:26:04+00:00\" \/>\n<meta property=\"article:modified_time\" content=\"2021-12-26T18:57:53+00:00\" \/>\n<meta property=\"og:image\" content=\"https:\/\/www.meydan.tv\/wp-content\/uploads\/image_from_ios_unrqckb.original-scaled.jpg\" \/>\n\t<meta property=\"og:image:width\" content=\"2560\" \/>\n\t<meta property=\"og:image:height\" content=\"1440\" \/>\n\t<meta property=\"og:image:type\" content=\"image\/jpeg\" \/>\n<meta name=\"author\" content=\"elli\" \/>\n<meta name=\"twitter:card\" content=\"summary_large_image\" \/>\n<meta name=\"twitter:creator\" content=\"@elli\" \/>\n<script type=\"application\/ld+json\" class=\"yoast-schema-graph\">{\"@context\":\"https:\\\/\\\/schema.org\",\"@graph\":[{\"@type\":\"Article\",\"@id\":\"https:\\\/\\\/www.meydan.tv\\\/az\\\/article\\\/kiv-de-metbuatda-media-da-hesenov-erasi\\\/#article\",\"isPartOf\":{\"@id\":\"https:\\\/\\\/www.meydan.tv\\\/az\\\/article\\\/kiv-de-metbuatda-media-da-hesenov-erasi\\\/\"},\"author\":{\"name\":\"elli\",\"@id\":\"https:\\\/\\\/www.meydan.tv\\\/az\\\/#\\\/schema\\\/person\\\/9cdbecf90d17180ce1dfbd95b08dcf47\"},\"headline\":\"K\u0130V-d\u0259, M\u0259tbuatda, MED\u0130A-da H\u0259s\u0259nov eras\u0131\",\"datePublished\":\"2021-12-25T18:26:04+00:00\",\"dateModified\":\"2021-12-26T18:57:53+00:00\",\"mainEntityOfPage\":{\"@id\":\"https:\\\/\\\/www.meydan.tv\\\/az\\\/article\\\/kiv-de-metbuatda-media-da-hesenov-erasi\\\/\"},\"wordCount\":916,\"publisher\":{\"@id\":\"https:\\\/\\\/www.meydan.tv\\\/az\\\/#organization\"},\"image\":{\"@id\":\"https:\\\/\\\/www.meydan.tv\\\/az\\\/article\\\/kiv-de-metbuatda-media-da-hesenov-erasi\\\/#primaryimage\"},\"thumbnailUrl\":\"https:\\\/\\\/www.meydan.tv\\\/wp-content\\\/uploads\\\/image_from_ios_unrqckb.original-scaled-e1685106480202.jpg\",\"articleSection\":[\"M\u0259nim Fikrimc\u0259\"],\"inLanguage\":\"az\"},{\"@type\":\"WebPage\",\"@id\":\"https:\\\/\\\/www.meydan.tv\\\/az\\\/article\\\/kiv-de-metbuatda-media-da-hesenov-erasi\\\/\",\"url\":\"https:\\\/\\\/www.meydan.tv\\\/az\\\/article\\\/kiv-de-metbuatda-media-da-hesenov-erasi\\\/\",\"name\":\"K\u0130V-d\u0259, M\u0259tbuatda, MED\u0130A-da H\u0259s\u0259nov eras\u0131 - MEYDAN.TV\",\"isPartOf\":{\"@id\":\"https:\\\/\\\/www.meydan.tv\\\/az\\\/#website\"},\"primaryImageOfPage\":{\"@id\":\"https:\\\/\\\/www.meydan.tv\\\/az\\\/article\\\/kiv-de-metbuatda-media-da-hesenov-erasi\\\/#primaryimage\"},\"image\":{\"@id\":\"https:\\\/\\\/www.meydan.tv\\\/az\\\/article\\\/kiv-de-metbuatda-media-da-hesenov-erasi\\\/#primaryimage\"},\"thumbnailUrl\":\"https:\\\/\\\/www.meydan.tv\\\/wp-content\\\/uploads\\\/image_from_ios_unrqckb.original-scaled-e1685106480202.jpg\",\"datePublished\":\"2021-12-25T18:26:04+00:00\",\"dateModified\":\"2021-12-26T18:57:53+00:00\",\"breadcrumb\":{\"@id\":\"https:\\\/\\\/www.meydan.tv\\\/az\\\/article\\\/kiv-de-metbuatda-media-da-hesenov-erasi\\\/#breadcrumb\"},\"inLanguage\":\"az\",\"potentialAction\":[{\"@type\":\"ReadAction\",\"target\":[\"https:\\\/\\\/www.meydan.tv\\\/az\\\/article\\\/kiv-de-metbuatda-media-da-hesenov-erasi\\\/\"]}]},{\"@type\":\"ImageObject\",\"inLanguage\":\"az\",\"@id\":\"https:\\\/\\\/www.meydan.tv\\\/az\\\/article\\\/kiv-de-metbuatda-media-da-hesenov-erasi\\\/#primaryimage\",\"url\":\"https:\\\/\\\/www.meydan.tv\\\/wp-content\\\/uploads\\\/image_from_ios_unrqckb.original-scaled-e1685106480202.jpg\",\"contentUrl\":\"https:\\\/\\\/www.meydan.tv\\\/wp-content\\\/uploads\\\/image_from_ios_unrqckb.original-scaled-e1685106480202.jpg\",\"width\":2560,\"height\":1228,\"caption\":\"M\u0259nb\u0259: Meydan TV\"},{\"@type\":\"BreadcrumbList\",\"@id\":\"https:\\\/\\\/www.meydan.tv\\\/az\\\/article\\\/kiv-de-metbuatda-media-da-hesenov-erasi\\\/#breadcrumb\",\"itemListElement\":[{\"@type\":\"ListItem\",\"position\":1,\"name\":\"Ana s\u0259hif\u0259\",\"item\":\"https:\\\/\\\/www.meydan.tv\\\/az\\\/\"},{\"@type\":\"ListItem\",\"position\":2,\"name\":\"M\u0259nim Fikrimc\u0259\",\"item\":\"https:\\\/\\\/www.meydan.tv\\\/az\\\/section\\\/menim-fikrimce\\\/\"},{\"@type\":\"ListItem\",\"position\":3,\"name\":\"K\u0130V-d\u0259, M\u0259tbuatda, MED\u0130A-da H\u0259s\u0259nov eras\u0131\"}]},{\"@type\":\"WebSite\",\"@id\":\"https:\\\/\\\/www.meydan.tv\\\/az\\\/#website\",\"url\":\"https:\\\/\\\/www.meydan.tv\\\/az\\\/\",\"name\":\"MEYDAN.TV\",\"description\":\"Meydan TV Az\u0259rbaycan\u0131n media m\u0259kan\u0131ndak\u0131 alternativ s\u0259sidir\",\"publisher\":{\"@id\":\"https:\\\/\\\/www.meydan.tv\\\/az\\\/#organization\"},\"potentialAction\":[{\"@type\":\"SearchAction\",\"target\":{\"@type\":\"EntryPoint\",\"urlTemplate\":\"https:\\\/\\\/www.meydan.tv\\\/az\\\/?s={search_term_string}\"},\"query-input\":{\"@type\":\"PropertyValueSpecification\",\"valueRequired\":true,\"valueName\":\"search_term_string\"}}],\"inLanguage\":\"az\"},{\"@type\":\"Organization\",\"@id\":\"https:\\\/\\\/www.meydan.tv\\\/az\\\/#organization\",\"name\":\"Meydan TV\",\"url\":\"https:\\\/\\\/www.meydan.tv\\\/az\\\/\",\"logo\":{\"@type\":\"ImageObject\",\"inLanguage\":\"az\",\"@id\":\"https:\\\/\\\/www.meydan.tv\\\/az\\\/#\\\/schema\\\/logo\\\/image\\\/\",\"url\":\"https:\\\/\\\/www.meydan.tv\\\/wp-content\\\/uploads\\\/2021\\\/07\\\/meydan-logo.svg\",\"contentUrl\":\"https:\\\/\\\/www.meydan.tv\\\/wp-content\\\/uploads\\\/2021\\\/07\\\/meydan-logo.svg\",\"width\":195,\"height\":46,\"caption\":\"Meydan TV\"},\"image\":{\"@id\":\"https:\\\/\\\/www.meydan.tv\\\/az\\\/#\\\/schema\\\/logo\\\/image\\\/\"}},{\"@type\":\"Person\",\"@id\":\"https:\\\/\\\/www.meydan.tv\\\/az\\\/#\\\/schema\\\/person\\\/9cdbecf90d17180ce1dfbd95b08dcf47\",\"name\":\"elli\",\"sameAs\":[\"https:\\\/\\\/x.com\\\/elli\"]}]}<\/script>\n<!-- \/ Yoast SEO plugin. -->","yoast_head_json":{"title":"K\u0130V-d\u0259, M\u0259tbuatda, MED\u0130A-da H\u0259s\u0259nov eras\u0131 - MEYDAN.TV","robots":{"index":"index","follow":"follow","max-snippet":"max-snippet:-1","max-image-preview":"max-image-preview:large","max-video-preview":"max-video-preview:-1"},"canonical":"https:\/\/www.meydan.tv\/az\/article\/kiv-de-metbuatda-media-da-hesenov-erasi\/","og_locale":"az_AZ","og_type":"article","og_title":"K\u0130V-d\u0259, M\u0259tbuatda, MED\u0130A-da H\u0259s\u0259nov eras\u0131 - MEYDAN.TV","og_description":"\u2026Bitmir ki, bitmir Az\u0259rbaycan m\u0259tbuat\u0131 h\u0259mi\u015f\u0259 ba\u015f\u0131b\u0259lal\u0131 olub. \u201cDost\u201d da ... Davam\u0131","og_url":"https:\/\/www.meydan.tv\/az\/article\/kiv-de-metbuatda-media-da-hesenov-erasi\/","og_site_name":"MEYDAN.TV","article_published_time":"2021-12-25T18:26:04+00:00","article_modified_time":"2021-12-26T18:57:53+00:00","og_image":[{"width":2560,"height":1440,"url":"https:\/\/www.meydan.tv\/wp-content\/uploads\/image_from_ios_unrqckb.original-scaled.jpg","type":"image\/jpeg"}],"author":"elli","twitter_card":"summary_large_image","twitter_creator":"@elli","schema":{"@context":"https:\/\/schema.org","@graph":[{"@type":"Article","@id":"https:\/\/www.meydan.tv\/az\/article\/kiv-de-metbuatda-media-da-hesenov-erasi\/#article","isPartOf":{"@id":"https:\/\/www.meydan.tv\/az\/article\/kiv-de-metbuatda-media-da-hesenov-erasi\/"},"author":{"name":"elli","@id":"https:\/\/www.meydan.tv\/az\/#\/schema\/person\/9cdbecf90d17180ce1dfbd95b08dcf47"},"headline":"K\u0130V-d\u0259, M\u0259tbuatda, MED\u0130A-da H\u0259s\u0259nov eras\u0131","datePublished":"2021-12-25T18:26:04+00:00","dateModified":"2021-12-26T18:57:53+00:00","mainEntityOfPage":{"@id":"https:\/\/www.meydan.tv\/az\/article\/kiv-de-metbuatda-media-da-hesenov-erasi\/"},"wordCount":916,"publisher":{"@id":"https:\/\/www.meydan.tv\/az\/#organization"},"image":{"@id":"https:\/\/www.meydan.tv\/az\/article\/kiv-de-metbuatda-media-da-hesenov-erasi\/#primaryimage"},"thumbnailUrl":"https:\/\/www.meydan.tv\/wp-content\/uploads\/image_from_ios_unrqckb.original-scaled-e1685106480202.jpg","articleSection":["M\u0259nim Fikrimc\u0259"],"inLanguage":"az"},{"@type":"WebPage","@id":"https:\/\/www.meydan.tv\/az\/article\/kiv-de-metbuatda-media-da-hesenov-erasi\/","url":"https:\/\/www.meydan.tv\/az\/article\/kiv-de-metbuatda-media-da-hesenov-erasi\/","name":"K\u0130V-d\u0259, M\u0259tbuatda, MED\u0130A-da H\u0259s\u0259nov eras\u0131 - MEYDAN.TV","isPartOf":{"@id":"https:\/\/www.meydan.tv\/az\/#website"},"primaryImageOfPage":{"@id":"https:\/\/www.meydan.tv\/az\/article\/kiv-de-metbuatda-media-da-hesenov-erasi\/#primaryimage"},"image":{"@id":"https:\/\/www.meydan.tv\/az\/article\/kiv-de-metbuatda-media-da-hesenov-erasi\/#primaryimage"},"thumbnailUrl":"https:\/\/www.meydan.tv\/wp-content\/uploads\/image_from_ios_unrqckb.original-scaled-e1685106480202.jpg","datePublished":"2021-12-25T18:26:04+00:00","dateModified":"2021-12-26T18:57:53+00:00","breadcrumb":{"@id":"https:\/\/www.meydan.tv\/az\/article\/kiv-de-metbuatda-media-da-hesenov-erasi\/#breadcrumb"},"inLanguage":"az","potentialAction":[{"@type":"ReadAction","target":["https:\/\/www.meydan.tv\/az\/article\/kiv-de-metbuatda-media-da-hesenov-erasi\/"]}]},{"@type":"ImageObject","inLanguage":"az","@id":"https:\/\/www.meydan.tv\/az\/article\/kiv-de-metbuatda-media-da-hesenov-erasi\/#primaryimage","url":"https:\/\/www.meydan.tv\/wp-content\/uploads\/image_from_ios_unrqckb.original-scaled-e1685106480202.jpg","contentUrl":"https:\/\/www.meydan.tv\/wp-content\/uploads\/image_from_ios_unrqckb.original-scaled-e1685106480202.jpg","width":2560,"height":1228,"caption":"M\u0259nb\u0259: Meydan TV"},{"@type":"BreadcrumbList","@id":"https:\/\/www.meydan.tv\/az\/article\/kiv-de-metbuatda-media-da-hesenov-erasi\/#breadcrumb","itemListElement":[{"@type":"ListItem","position":1,"name":"Ana s\u0259hif\u0259","item":"https:\/\/www.meydan.tv\/az\/"},{"@type":"ListItem","position":2,"name":"M\u0259nim Fikrimc\u0259","item":"https:\/\/www.meydan.tv\/az\/section\/menim-fikrimce\/"},{"@type":"ListItem","position":3,"name":"K\u0130V-d\u0259, M\u0259tbuatda, MED\u0130A-da H\u0259s\u0259nov eras\u0131"}]},{"@type":"WebSite","@id":"https:\/\/www.meydan.tv\/az\/#website","url":"https:\/\/www.meydan.tv\/az\/","name":"MEYDAN.TV","description":"Meydan TV Az\u0259rbaycan\u0131n media m\u0259kan\u0131ndak\u0131 alternativ s\u0259sidir","publisher":{"@id":"https:\/\/www.meydan.tv\/az\/#organization"},"potentialAction":[{"@type":"SearchAction","target":{"@type":"EntryPoint","urlTemplate":"https:\/\/www.meydan.tv\/az\/?s={search_term_string}"},"query-input":{"@type":"PropertyValueSpecification","valueRequired":true,"valueName":"search_term_string"}}],"inLanguage":"az"},{"@type":"Organization","@id":"https:\/\/www.meydan.tv\/az\/#organization","name":"Meydan TV","url":"https:\/\/www.meydan.tv\/az\/","logo":{"@type":"ImageObject","inLanguage":"az","@id":"https:\/\/www.meydan.tv\/az\/#\/schema\/logo\/image\/","url":"https:\/\/www.meydan.tv\/wp-content\/uploads\/2021\/07\/meydan-logo.svg","contentUrl":"https:\/\/www.meydan.tv\/wp-content\/uploads\/2021\/07\/meydan-logo.svg","width":195,"height":46,"caption":"Meydan TV"},"image":{"@id":"https:\/\/www.meydan.tv\/az\/#\/schema\/logo\/image\/"}},{"@type":"Person","@id":"https:\/\/www.meydan.tv\/az\/#\/schema\/person\/9cdbecf90d17180ce1dfbd95b08dcf47","name":"elli","sameAs":["https:\/\/x.com\/elli"]}]}},"_links":{"self":[{"href":"https:\/\/www.meydan.tv\/az\/wp-json\/wp\/v2\/posts\/230296","targetHints":{"allow":["GET"]}}],"collection":[{"href":"https:\/\/www.meydan.tv\/az\/wp-json\/wp\/v2\/posts"}],"about":[{"href":"https:\/\/www.meydan.tv\/az\/wp-json\/wp\/v2\/types\/post"}],"author":[{"embeddable":true,"href":"https:\/\/www.meydan.tv\/az\/wp-json\/wp\/v2\/users\/8"}],"replies":[{"embeddable":true,"href":"https:\/\/www.meydan.tv\/az\/wp-json\/wp\/v2\/comments?post=230296"}],"version-history":[{"count":2,"href":"https:\/\/www.meydan.tv\/az\/wp-json\/wp\/v2\/posts\/230296\/revisions"}],"predecessor-version":[{"id":230321,"href":"https:\/\/www.meydan.tv\/az\/wp-json\/wp\/v2\/posts\/230296\/revisions\/230321"}],"wp:featuredmedia":[{"embeddable":true,"href":"https:\/\/www.meydan.tv\/az\/wp-json\/wp\/v2\/media\/125837"}],"wp:attachment":[{"href":"https:\/\/www.meydan.tv\/az\/wp-json\/wp\/v2\/media?parent=230296"}],"wp:term":[{"taxonomy":"category","embeddable":true,"href":"https:\/\/www.meydan.tv\/az\/wp-json\/wp\/v2\/categories?post=230296"},{"taxonomy":"post_tag","embeddable":true,"href":"https:\/\/www.meydan.tv\/az\/wp-json\/wp\/v2\/tags?post=230296"}],"curies":[{"name":"wp","href":"https:\/\/api.w.org\/{rel}","templated":true}]}}