{"id":230169,"date":"2021-12-23T18:32:40","date_gmt":"2021-12-23T14:32:40","guid":{"rendered":"https:\/\/www.meydan.tv\/?p=230169"},"modified":"2021-12-23T18:34:01","modified_gmt":"2021-12-23T14:34:01","slug":"azerbaycan-xin-fransaya-nota-verdi","status":"publish","type":"post","link":"https:\/\/www.meydan.tv\/az\/article\/azerbaycan-xin-fransaya-nota-verdi\/","title":{"rendered":"Az\u0259rbaycan X\u0130N Fransaya nota verdi"},"content":{"rendered":"\n<p><em>&#8220;Bu add\u0131m Az\u0259rbaycan-Fransa ikit\u0259r\u0259fli \u0259laq\u0259l\u0259rin\u0259 ziyan vurur&#8221;<\/em><br><\/p>\n\n\n\n<p>Az\u0259rbaycan Xarici \u0130\u015fl\u0259r Nazirliyi (X\u0130N) Fransaya nota verib.<br><\/p>\n\n\n\n<p>S\u0259b\u0259b kimi dekabr\u0131n 22-d\u0259 Fransan\u0131n \u0130l-d\u00f6-Frans regionunun prezidenti Valeri Pekrezin Xank\u0259ndi \u015f\u0259h\u0259rin\u0259 s\u0259f\u0259ri g\u00f6st\u0259rilib.<br><\/p>\n\n\n\n<p>Xarici \u0130\u015fl\u0259r Nazirliyinin yayd\u0131\u011f\u0131 <a href=\"https:\/\/www.mfa.gov.az\/az\/news\/no52421\" target=\"_blank\" rel=\"noreferrer noopener\">m\u0259lumat<\/a>a g\u00f6r\u0259, s\u0259f\u0259r qanunsuzdur.<br><\/p>\n\n\n\n<p>Valeri Pekrez prezident se\u00e7kil\u0259rind\u0259 Respublika\u00e7\u0131lar Partiyas\u0131n\u0131n namiz\u0259didir.<br><\/p>\n\n\n\n<p>Nazirlik bildirib ki, se\u00e7kiqaba\u011f\u0131 kampaniya \u00e7\u0259r\u00e7iv\u0259sind\u0259 dig\u0259r frans\u0131z siyas\u0259t\u00e7il\u0259rin m\u00fc\u015fayi\u0259ti il\u0259 h\u0259yata ke\u00e7iril\u0259n bu s\u0259f\u0259r Az\u0259rbaycan\u0131n suverenliyi v\u0259 \u0259razi b\u00fct\u00f6vl\u00fcy\u00fcn\u0259 qar\u015f\u0131 y\u00f6n\u0259lm\u0259kl\u0259 \u00f6lk\u0259nin milli qanunvericiliyinin pozulmas\u0131 hal\u0131d\u0131r: &#8220;Bununla \u0259laq\u0259dar, Fransan\u0131n \u00f6lk\u0259mizd\u0259ki m\u00fcv\u0259qq\u0259ti i\u015fl\u0259r v\u0259kili Xarici \u0130\u015fl\u0259r Nazirliyin\u0259 \u00e7a\u011f\u0131r\u0131l\u0131b v\u0259 ona etiraz notas\u0131 t\u0259qdim edilib. Diplomata Az\u0259rbaycan\u0131n m\u00fcvafiq qanunlar\u0131n\u0131n t\u0259l\u0259bl\u0259rini ciddi \u015f\u0259kild\u0259 pozan s\u00f6z\u00fcged\u0259n Fransa v\u0259t\u0259nda\u015flar\u0131n\u0131n milli qanunvericiliyimiz\u0259 uy\u011fun olaraq m\u0259suliyy\u0259t da\u015f\u0131d\u0131\u011f\u0131 xat\u0131rlad\u0131l\u0131b&#8221;.<br><\/p>\n\n\n\n<p>&#8220;Fransadan olan bir qrup siyas\u0259t\u00e7inin bu add\u0131m\u0131n\u0131n Az\u0259rbaycan-Fransa ikit\u0259r\u0259fli \u0259laq\u0259l\u0259rin\u0259 ziyan vurdu\u011fu, eyni zamanda Fransan\u0131n regionda n\u00fcfuzuna v\u0259 m\u00fcnaqi\u015f\u0259nin ba\u015fa \u00e7atmas\u0131ndan sonra Az\u0259rbaycan-Erm\u0259nistan m\u00fcnasib\u0259tl\u0259rinin normalla\u015fmas\u0131nda oynaya bil\u0259c\u0259yi rola ciddi x\u0259l\u0259l g\u0259tirdiyi qar\u015f\u0131 t\u0259r\u0259fin diqq\u0259tin\u0259 \u00e7atd\u0131r\u0131l\u0131b&#8221;, &#8211; Xarici \u0130\u015fl\u0259r Nazirliyinin m\u0259lumat\u0131nda bel\u0259 deyilir.<br><\/p>\n\n\n\n<div class=\"wp-block-image\"><figure class=\"alignright size-full is-resized\"><img decoding=\"async\" data-src=\"https:\/\/www.meydan.tv\/wp-content\/uploads\/title-1640083634-e1640268046340.jpg\" alt=\"\" class=\"wp-image-230166 lazyload\" width=\"444\" height=\"241\" src=\"data:image\/svg+xml;base64,PHN2ZyB3aWR0aD0iMSIgaGVpZ2h0PSIxIiB4bWxucz0iaHR0cDovL3d3dy53My5vcmcvMjAwMC9zdmciPjwvc3ZnPg==\" style=\"--smush-placeholder-width: 444px; --smush-placeholder-aspect-ratio: 444\/241;\" \/><figcaption>Valeri Pekrez, Foto: https:\/\/www.estrepublicain.fr\/<\/figcaption><\/figure><\/div>\n\n\n\n<p>H\u0259m\u00e7inin Az\u0259rbaycan \u0259razil\u0259rin\u0259 qanunsuz s\u0259f\u0259r ed\u0259n Fransa v\u0259t\u0259nda\u015flar\u0131n\u0131n adlar\u0131n\u0131n arzuolunmaz \u015f\u0259xsl\u0259r siyah\u0131s\u0131na daxil edildiyi qeyd edilib.<br><\/p>\n\n\n\n<p>Dekabr\u0131n 22-d\u0259 Valeri Pekrezin Qaraba\u011fa s\u0259f\u0259r etdiyi x\u0259b\u0259ri yay\u0131l\u0131b.<br><\/p>\n\n\n\n<p>Bu bar\u0259d\u0259 ilk d\u0259f\u0259 &#8220;France T\u00e9l\u00e9visions&#8221; kanal\u0131n\u0131n jurnalisti v\u0259 siyasi \u015f\u0259rh\u00e7isi Julien Neni \u00f6z\u00fcn\u00fcn &#8220;Twitter&#8221; s\u0259hif\u0259sind\u0259 m\u0259lumat yay\u0131b.<br><\/p>\n\n\n\n<p>Jurnalist Valeri Pekrezin Xank\u0259ndi \u015f\u0259h\u0259rind\u0259 tan\u0131nmam\u0131\u015f qurumun n\u00fcmay\u0259nd\u0259l\u0259ri il\u0259 g\u00f6r\u00fc\u015fd\u00fcy\u00fcn\u00fc qeyd edib.<\/p>\n","protected":false},"excerpt":{"rendered":"<p>&#8220;Bu add\u0131m Az\u0259rbaycan-Fransa ikit\u0259r\u0259fli \u0259laq\u0259l\u0259rin\u0259 ziyan vurur&#8221; Az\u0259rbaycan Xarici \u0130\u015fl\u0259r &#8230; <\/p>\n<p class=\"read-more-container\"><a title=\"Az\u0259rbaycan X\u0130N Fransaya nota verdi\" class=\"read-more button\" href=\"https:\/\/www.meydan.tv\/az\/article\/azerbaycan-xin-fransaya-nota-verdi\/#more-230169\" aria-label=\"Read more about Az\u0259rbaycan X\u0130N Fransaya nota verdi\">Davam\u0131<\/a><\/p>\n","protected":false},"author":8,"featured_media":230171,"comment_status":"closed","ping_status":"closed","sticky":false,"template":"","format":"standard","meta":{"_acf_changed":false,"_sitemap_exclude":false,"_sitemap_priority":"","_sitemap_frequency":"","footnotes":""},"categories":[59,79,56],"tags":[],"class_list":["post-230169","post","type-post","status-publish","format-standard","has-post-thumbnail","hentry","category-siyaset","category-featured","category-xeberler","infinite-scroll-item","generate-columns","tablet-grid-50","mobile-grid-100","grid-parent","grid-33","no-featured-image-padding"],"acf":[],"yoast_head":"<!-- This site is optimized with the Yoast SEO plugin v27.4 - https:\/\/yoast.com\/product\/yoast-seo-wordpress\/ -->\n<title>Az\u0259rbaycan X\u0130N Fransaya nota verdi - MEYDAN.TV<\/title>\n<meta name=\"robots\" content=\"index, follow, max-snippet:-1, max-image-preview:large, max-video-preview:-1\" \/>\n<link rel=\"canonical\" href=\"https:\/\/www.meydan.tv\/az\/article\/azerbaycan-xin-fransaya-nota-verdi\/\" \/>\n<meta property=\"og:locale\" content=\"az_AZ\" \/>\n<meta property=\"og:type\" content=\"article\" \/>\n<meta property=\"og:title\" content=\"Az\u0259rbaycan X\u0130N Fransaya nota verdi - MEYDAN.TV\" \/>\n<meta property=\"og:description\" content=\"&#8220;Bu add\u0131m Az\u0259rbaycan-Fransa ikit\u0259r\u0259fli \u0259laq\u0259l\u0259rin\u0259 ziyan vurur&#8221; Az\u0259rbaycan Xarici \u0130\u015fl\u0259r ... Davam\u0131\" \/>\n<meta property=\"og:url\" content=\"https:\/\/www.meydan.tv\/az\/article\/azerbaycan-xin-fransaya-nota-verdi\/\" \/>\n<meta property=\"og:site_name\" content=\"MEYDAN.TV\" \/>\n<meta property=\"article:published_time\" content=\"2021-12-23T14:32:40+00:00\" \/>\n<meta property=\"article:modified_time\" content=\"2021-12-23T14:34:01+00:00\" \/>\n<meta property=\"og:image\" content=\"https:\/\/www.meydan.tv\/wp-content\/uploads\/xinxariciisler_dsc0018_238.jpg\" \/>\n\t<meta property=\"og:image:width\" content=\"1199\" \/>\n\t<meta property=\"og:image:height\" content=\"797\" \/>\n\t<meta property=\"og:image:type\" content=\"image\/jpeg\" \/>\n<meta name=\"author\" content=\"elli\" \/>\n<meta name=\"twitter:card\" content=\"summary_large_image\" \/>\n<meta name=\"twitter:creator\" content=\"@elli\" \/>\n<script type=\"application\/ld+json\" class=\"yoast-schema-graph\">{\"@context\":\"https:\\\/\\\/schema.org\",\"@graph\":[{\"@type\":\"Article\",\"@id\":\"https:\\\/\\\/www.meydan.tv\\\/az\\\/article\\\/azerbaycan-xin-fransaya-nota-verdi\\\/#article\",\"isPartOf\":{\"@id\":\"https:\\\/\\\/www.meydan.tv\\\/az\\\/article\\\/azerbaycan-xin-fransaya-nota-verdi\\\/\"},\"author\":{\"name\":\"elli\",\"@id\":\"https:\\\/\\\/www.meydan.tv\\\/az\\\/#\\\/schema\\\/person\\\/9cdbecf90d17180ce1dfbd95b08dcf47\"},\"headline\":\"Az\u0259rbaycan X\u0130N Fransaya nota verdi\",\"datePublished\":\"2021-12-23T14:32:40+00:00\",\"dateModified\":\"2021-12-23T14:34:01+00:00\",\"mainEntityOfPage\":{\"@id\":\"https:\\\/\\\/www.meydan.tv\\\/az\\\/article\\\/azerbaycan-xin-fransaya-nota-verdi\\\/\"},\"wordCount\":400,\"publisher\":{\"@id\":\"https:\\\/\\\/www.meydan.tv\\\/az\\\/#organization\"},\"image\":{\"@id\":\"https:\\\/\\\/www.meydan.tv\\\/az\\\/article\\\/azerbaycan-xin-fransaya-nota-verdi\\\/#primaryimage\"},\"thumbnailUrl\":\"https:\\\/\\\/www.meydan.tv\\\/wp-content\\\/uploads\\\/xinxariciisler_dsc0018_238.jpg\",\"articleSection\":[\"Siyas\u0259t\",\"T\u00f6vsiy\u0259\",\"X\u0259b\u0259rl\u0259r\"],\"inLanguage\":\"az\"},{\"@type\":\"WebPage\",\"@id\":\"https:\\\/\\\/www.meydan.tv\\\/az\\\/article\\\/azerbaycan-xin-fransaya-nota-verdi\\\/\",\"url\":\"https:\\\/\\\/www.meydan.tv\\\/az\\\/article\\\/azerbaycan-xin-fransaya-nota-verdi\\\/\",\"name\":\"Az\u0259rbaycan X\u0130N Fransaya nota verdi - MEYDAN.TV\",\"isPartOf\":{\"@id\":\"https:\\\/\\\/www.meydan.tv\\\/az\\\/#website\"},\"primaryImageOfPage\":{\"@id\":\"https:\\\/\\\/www.meydan.tv\\\/az\\\/article\\\/azerbaycan-xin-fransaya-nota-verdi\\\/#primaryimage\"},\"image\":{\"@id\":\"https:\\\/\\\/www.meydan.tv\\\/az\\\/article\\\/azerbaycan-xin-fransaya-nota-verdi\\\/#primaryimage\"},\"thumbnailUrl\":\"https:\\\/\\\/www.meydan.tv\\\/wp-content\\\/uploads\\\/xinxariciisler_dsc0018_238.jpg\",\"datePublished\":\"2021-12-23T14:32:40+00:00\",\"dateModified\":\"2021-12-23T14:34:01+00:00\",\"breadcrumb\":{\"@id\":\"https:\\\/\\\/www.meydan.tv\\\/az\\\/article\\\/azerbaycan-xin-fransaya-nota-verdi\\\/#breadcrumb\"},\"inLanguage\":\"az\",\"potentialAction\":[{\"@type\":\"ReadAction\",\"target\":[\"https:\\\/\\\/www.meydan.tv\\\/az\\\/article\\\/azerbaycan-xin-fransaya-nota-verdi\\\/\"]}]},{\"@type\":\"ImageObject\",\"inLanguage\":\"az\",\"@id\":\"https:\\\/\\\/www.meydan.tv\\\/az\\\/article\\\/azerbaycan-xin-fransaya-nota-verdi\\\/#primaryimage\",\"url\":\"https:\\\/\\\/www.meydan.tv\\\/wp-content\\\/uploads\\\/xinxariciisler_dsc0018_238.jpg\",\"contentUrl\":\"https:\\\/\\\/www.meydan.tv\\\/wp-content\\\/uploads\\\/xinxariciisler_dsc0018_238.jpg\",\"width\":1199,\"height\":797,\"caption\":\"Foto: X\u0130N\"},{\"@type\":\"BreadcrumbList\",\"@id\":\"https:\\\/\\\/www.meydan.tv\\\/az\\\/article\\\/azerbaycan-xin-fransaya-nota-verdi\\\/#breadcrumb\",\"itemListElement\":[{\"@type\":\"ListItem\",\"position\":1,\"name\":\"Ana s\u0259hif\u0259\",\"item\":\"https:\\\/\\\/www.meydan.tv\\\/az\\\/\"},{\"@type\":\"ListItem\",\"position\":2,\"name\":\"Siyas\u0259t\",\"item\":\"https:\\\/\\\/www.meydan.tv\\\/az\\\/section\\\/siyaset\\\/\"},{\"@type\":\"ListItem\",\"position\":3,\"name\":\"Az\u0259rbaycan X\u0130N Fransaya nota verdi\"}]},{\"@type\":\"WebSite\",\"@id\":\"https:\\\/\\\/www.meydan.tv\\\/az\\\/#website\",\"url\":\"https:\\\/\\\/www.meydan.tv\\\/az\\\/\",\"name\":\"MEYDAN.TV\",\"description\":\"Meydan TV Az\u0259rbaycan\u0131n media m\u0259kan\u0131ndak\u0131 alternativ s\u0259sidir\",\"publisher\":{\"@id\":\"https:\\\/\\\/www.meydan.tv\\\/az\\\/#organization\"},\"potentialAction\":[{\"@type\":\"SearchAction\",\"target\":{\"@type\":\"EntryPoint\",\"urlTemplate\":\"https:\\\/\\\/www.meydan.tv\\\/az\\\/?s={search_term_string}\"},\"query-input\":{\"@type\":\"PropertyValueSpecification\",\"valueRequired\":true,\"valueName\":\"search_term_string\"}}],\"inLanguage\":\"az\"},{\"@type\":\"Organization\",\"@id\":\"https:\\\/\\\/www.meydan.tv\\\/az\\\/#organization\",\"name\":\"Meydan TV\",\"url\":\"https:\\\/\\\/www.meydan.tv\\\/az\\\/\",\"logo\":{\"@type\":\"ImageObject\",\"inLanguage\":\"az\",\"@id\":\"https:\\\/\\\/www.meydan.tv\\\/az\\\/#\\\/schema\\\/logo\\\/image\\\/\",\"url\":\"https:\\\/\\\/www.meydan.tv\\\/wp-content\\\/uploads\\\/2021\\\/07\\\/meydan-logo.svg\",\"contentUrl\":\"https:\\\/\\\/www.meydan.tv\\\/wp-content\\\/uploads\\\/2021\\\/07\\\/meydan-logo.svg\",\"width\":195,\"height\":46,\"caption\":\"Meydan TV\"},\"image\":{\"@id\":\"https:\\\/\\\/www.meydan.tv\\\/az\\\/#\\\/schema\\\/logo\\\/image\\\/\"}},{\"@type\":\"Person\",\"@id\":\"https:\\\/\\\/www.meydan.tv\\\/az\\\/#\\\/schema\\\/person\\\/9cdbecf90d17180ce1dfbd95b08dcf47\",\"name\":\"elli\",\"sameAs\":[\"https:\\\/\\\/x.com\\\/elli\"]}]}<\/script>\n<!-- \/ Yoast SEO plugin. -->","yoast_head_json":{"title":"Az\u0259rbaycan X\u0130N Fransaya nota verdi - MEYDAN.TV","robots":{"index":"index","follow":"follow","max-snippet":"max-snippet:-1","max-image-preview":"max-image-preview:large","max-video-preview":"max-video-preview:-1"},"canonical":"https:\/\/www.meydan.tv\/az\/article\/azerbaycan-xin-fransaya-nota-verdi\/","og_locale":"az_AZ","og_type":"article","og_title":"Az\u0259rbaycan X\u0130N Fransaya nota verdi - MEYDAN.TV","og_description":"&#8220;Bu add\u0131m Az\u0259rbaycan-Fransa ikit\u0259r\u0259fli \u0259laq\u0259l\u0259rin\u0259 ziyan vurur&#8221; Az\u0259rbaycan Xarici \u0130\u015fl\u0259r ... Davam\u0131","og_url":"https:\/\/www.meydan.tv\/az\/article\/azerbaycan-xin-fransaya-nota-verdi\/","og_site_name":"MEYDAN.TV","article_published_time":"2021-12-23T14:32:40+00:00","article_modified_time":"2021-12-23T14:34:01+00:00","og_image":[{"width":1199,"height":797,"url":"https:\/\/www.meydan.tv\/wp-content\/uploads\/xinxariciisler_dsc0018_238.jpg","type":"image\/jpeg"}],"author":"elli","twitter_card":"summary_large_image","twitter_creator":"@elli","schema":{"@context":"https:\/\/schema.org","@graph":[{"@type":"Article","@id":"https:\/\/www.meydan.tv\/az\/article\/azerbaycan-xin-fransaya-nota-verdi\/#article","isPartOf":{"@id":"https:\/\/www.meydan.tv\/az\/article\/azerbaycan-xin-fransaya-nota-verdi\/"},"author":{"name":"elli","@id":"https:\/\/www.meydan.tv\/az\/#\/schema\/person\/9cdbecf90d17180ce1dfbd95b08dcf47"},"headline":"Az\u0259rbaycan X\u0130N Fransaya nota verdi","datePublished":"2021-12-23T14:32:40+00:00","dateModified":"2021-12-23T14:34:01+00:00","mainEntityOfPage":{"@id":"https:\/\/www.meydan.tv\/az\/article\/azerbaycan-xin-fransaya-nota-verdi\/"},"wordCount":400,"publisher":{"@id":"https:\/\/www.meydan.tv\/az\/#organization"},"image":{"@id":"https:\/\/www.meydan.tv\/az\/article\/azerbaycan-xin-fransaya-nota-verdi\/#primaryimage"},"thumbnailUrl":"https:\/\/www.meydan.tv\/wp-content\/uploads\/xinxariciisler_dsc0018_238.jpg","articleSection":["Siyas\u0259t","T\u00f6vsiy\u0259","X\u0259b\u0259rl\u0259r"],"inLanguage":"az"},{"@type":"WebPage","@id":"https:\/\/www.meydan.tv\/az\/article\/azerbaycan-xin-fransaya-nota-verdi\/","url":"https:\/\/www.meydan.tv\/az\/article\/azerbaycan-xin-fransaya-nota-verdi\/","name":"Az\u0259rbaycan X\u0130N Fransaya nota verdi - MEYDAN.TV","isPartOf":{"@id":"https:\/\/www.meydan.tv\/az\/#website"},"primaryImageOfPage":{"@id":"https:\/\/www.meydan.tv\/az\/article\/azerbaycan-xin-fransaya-nota-verdi\/#primaryimage"},"image":{"@id":"https:\/\/www.meydan.tv\/az\/article\/azerbaycan-xin-fransaya-nota-verdi\/#primaryimage"},"thumbnailUrl":"https:\/\/www.meydan.tv\/wp-content\/uploads\/xinxariciisler_dsc0018_238.jpg","datePublished":"2021-12-23T14:32:40+00:00","dateModified":"2021-12-23T14:34:01+00:00","breadcrumb":{"@id":"https:\/\/www.meydan.tv\/az\/article\/azerbaycan-xin-fransaya-nota-verdi\/#breadcrumb"},"inLanguage":"az","potentialAction":[{"@type":"ReadAction","target":["https:\/\/www.meydan.tv\/az\/article\/azerbaycan-xin-fransaya-nota-verdi\/"]}]},{"@type":"ImageObject","inLanguage":"az","@id":"https:\/\/www.meydan.tv\/az\/article\/azerbaycan-xin-fransaya-nota-verdi\/#primaryimage","url":"https:\/\/www.meydan.tv\/wp-content\/uploads\/xinxariciisler_dsc0018_238.jpg","contentUrl":"https:\/\/www.meydan.tv\/wp-content\/uploads\/xinxariciisler_dsc0018_238.jpg","width":1199,"height":797,"caption":"Foto: X\u0130N"},{"@type":"BreadcrumbList","@id":"https:\/\/www.meydan.tv\/az\/article\/azerbaycan-xin-fransaya-nota-verdi\/#breadcrumb","itemListElement":[{"@type":"ListItem","position":1,"name":"Ana s\u0259hif\u0259","item":"https:\/\/www.meydan.tv\/az\/"},{"@type":"ListItem","position":2,"name":"Siyas\u0259t","item":"https:\/\/www.meydan.tv\/az\/section\/siyaset\/"},{"@type":"ListItem","position":3,"name":"Az\u0259rbaycan X\u0130N Fransaya nota verdi"}]},{"@type":"WebSite","@id":"https:\/\/www.meydan.tv\/az\/#website","url":"https:\/\/www.meydan.tv\/az\/","name":"MEYDAN.TV","description":"Meydan TV Az\u0259rbaycan\u0131n media m\u0259kan\u0131ndak\u0131 alternativ s\u0259sidir","publisher":{"@id":"https:\/\/www.meydan.tv\/az\/#organization"},"potentialAction":[{"@type":"SearchAction","target":{"@type":"EntryPoint","urlTemplate":"https:\/\/www.meydan.tv\/az\/?s={search_term_string}"},"query-input":{"@type":"PropertyValueSpecification","valueRequired":true,"valueName":"search_term_string"}}],"inLanguage":"az"},{"@type":"Organization","@id":"https:\/\/www.meydan.tv\/az\/#organization","name":"Meydan TV","url":"https:\/\/www.meydan.tv\/az\/","logo":{"@type":"ImageObject","inLanguage":"az","@id":"https:\/\/www.meydan.tv\/az\/#\/schema\/logo\/image\/","url":"https:\/\/www.meydan.tv\/wp-content\/uploads\/2021\/07\/meydan-logo.svg","contentUrl":"https:\/\/www.meydan.tv\/wp-content\/uploads\/2021\/07\/meydan-logo.svg","width":195,"height":46,"caption":"Meydan TV"},"image":{"@id":"https:\/\/www.meydan.tv\/az\/#\/schema\/logo\/image\/"}},{"@type":"Person","@id":"https:\/\/www.meydan.tv\/az\/#\/schema\/person\/9cdbecf90d17180ce1dfbd95b08dcf47","name":"elli","sameAs":["https:\/\/x.com\/elli"]}]}},"_links":{"self":[{"href":"https:\/\/www.meydan.tv\/az\/wp-json\/wp\/v2\/posts\/230169","targetHints":{"allow":["GET"]}}],"collection":[{"href":"https:\/\/www.meydan.tv\/az\/wp-json\/wp\/v2\/posts"}],"about":[{"href":"https:\/\/www.meydan.tv\/az\/wp-json\/wp\/v2\/types\/post"}],"author":[{"embeddable":true,"href":"https:\/\/www.meydan.tv\/az\/wp-json\/wp\/v2\/users\/8"}],"replies":[{"embeddable":true,"href":"https:\/\/www.meydan.tv\/az\/wp-json\/wp\/v2\/comments?post=230169"}],"version-history":[{"count":3,"href":"https:\/\/www.meydan.tv\/az\/wp-json\/wp\/v2\/posts\/230169\/revisions"}],"predecessor-version":[{"id":230179,"href":"https:\/\/www.meydan.tv\/az\/wp-json\/wp\/v2\/posts\/230169\/revisions\/230179"}],"wp:featuredmedia":[{"embeddable":true,"href":"https:\/\/www.meydan.tv\/az\/wp-json\/wp\/v2\/media\/230171"}],"wp:attachment":[{"href":"https:\/\/www.meydan.tv\/az\/wp-json\/wp\/v2\/media?parent=230169"}],"wp:term":[{"taxonomy":"category","embeddable":true,"href":"https:\/\/www.meydan.tv\/az\/wp-json\/wp\/v2\/categories?post=230169"},{"taxonomy":"post_tag","embeddable":true,"href":"https:\/\/www.meydan.tv\/az\/wp-json\/wp\/v2\/tags?post=230169"}],"curies":[{"name":"wp","href":"https:\/\/api.w.org\/{rel}","templated":true}]}}