{"id":230131,"date":"2021-12-23T15:44:05","date_gmt":"2021-12-23T11:44:05","guid":{"rendered":"https:\/\/www.meydan.tv\/?p=230131"},"modified":"2021-12-23T15:44:08","modified_gmt":"2021-12-23T11:44:08","slug":"hemkendlileri-merhum-nermin-quliyevanin-atasini-mehkemeye-vermeye-hazirlasir","status":"publish","type":"post","link":"https:\/\/www.meydan.tv\/az\/article\/hemkendlileri-merhum-nermin-quliyevanin-atasini-mehkemeye-vermeye-hazirlasir\/","title":{"rendered":"H\u0259mk\u0259ndlil\u0259ri m\u0259rhum N\u0259rmin Quliyevan\u0131n atas\u0131n\u0131 m\u0259hk\u0259m\u0259y\u0259 verm\u0259y\u0259 haz\u0131rla\u015f\u0131r"},"content":{"rendered":"\n<p><em>\u201cO, bizim l\u0259yaq\u0259timizi al\u00e7ald\u0131b\u201d<\/em><\/p>\n\n\n\n<p>Tovuz rayonunun Dondar Qu\u015f\u00e7u k\u0259ndinin sakinl\u0259ri orada 2019-cu ilin noyabr\u0131nda itkin d\u00fc\u015fm\u00fc\u015f, 2020-ci ilin yanvar\u0131nda is\u0259 yand\u0131r\u0131lm\u0131\u015f meyiti tap\u0131lan 10 ya\u015fl\u0131 N\u0259rminin Quliyevan\u0131n atas\u0131 \u015e\u0259rif Quliyevi m\u0259hk\u0259m\u0259y\u0259 verm\u0259y\u0259 haz\u0131rla\u015f\u0131r. Bu bar\u0259d\u0259 Meydan TV-y\u0259 k\u0259nd sakinl\u0259rind\u0259n Valid\u0259 \u018fliyeva m\u0259lumat verib.\u00a0<br><\/p>\n\n\n\n<p>K\u0259nd sakini deyib ki, \u015e\u0259rif Quliyev onlar\u0131n N\u0259rminin q\u0259tlind\u0259 t\u0259qsirl\u0259ndiril\u0259n \u0130lkin S\u00fcleymanovu pul qar\u015f\u0131l\u0131\u011f\u0131nda m\u00fcdafi\u0259 etdiyini bildirib. B\u0259zi saytlara a\u00e7\u0131qlama ver\u0259n \u015e\u0259rif Quliyev deyib ki, h\u0259r d\u0259f\u0259 m\u0259hk\u0259m\u0259 binas\u0131n\u0131n qar\u015f\u0131s\u0131na g\u0259lm\u0259k \u00fc\u00e7\u00fcn k\u0259nd sakinl\u0259rinin h\u0259r\u0259sin\u0259 15 manat pul verilir.<br><\/p>\n\n\n\n<p>Azya\u015fl\u0131n\u0131n \u00f6ld\u00fcrm\u0259kd\u0259 ittiham olunan \u0130lkin S\u00fcleymanovun i\u015fin\u0259 G\u0259nc\u0259 A\u011f\u0131r Cinay\u0259tl\u0259r M\u0259hk\u0259m\u0259sind\u0259 hakim Dada\u015f \u0130manovun s\u0259drliyil\u0259 bax\u0131l\u0131r. Dekabr\u0131n 23-n\u0259 bu i\u015f \u00fczr\u0259 m\u0259hk\u0259m\u0259 iclas\u0131 t\u0259yin olunsa da, proses ba\u015f tutmay\u0131b.<br><\/p>\n\n\n\n<p>M\u0259hk\u0259m\u0259 binas\u0131n\u0131n qar\u015f\u0131s\u0131na topla\u015fan Dondar Qu\u015f\u00e7u sakinl\u0259ri bildirib ki, \u015e\u0259rif Quliyevin onlara pul paylanmas\u0131 bar\u0259d\u0259 dedikl\u0259ri h\u0259m b\u00f6htand\u0131r, h\u0259m d\u0259 t\u0259hqirdir.<br><\/p>\n\n\n\n<p>&#8220;O, bizim l\u0259yaq\u0259timizi al\u00e7ald\u0131b. Yax\u015f\u0131 misal var ki, h\u0259r k\u0259s \u00f6z ar\u015f\u0131n\u0131 il\u0259 \u00f6l\u00e7\u00fcr. B\u0259lk\u0259 d\u0259 bu, ona \u00e7atm\u0131r, amma bizi bura g\u0259tir\u0259n pul yox, vicdan\u0131m\u0131z\u0131n s\u0259sidir. 10 ya\u015fl\u0131 u\u015fa\u011f\u0131n qan\u0131n\u0131n bat\u0131r\u0131lmas\u0131na, g\u00fcnahs\u0131z bir adam\u0131n h\u0259bsxanada \u00e7\u00fcr\u00fcd\u00fclm\u0259sin\u0259 susqun qala bilm\u0259rik. \u015e\u0259rif \u00f6z\u00fc yax\u015f\u0131 bilir ki, n\u0259 var, n\u0259 yox. \u00d6z\u00fc n\u0259y\u0259 g\u00f6r\u0259 bu c\u00fcr davran\u0131r, biz d\u0259 yax\u015f\u0131 bilirik&#8221;, &#8211; Valid\u0259 \u018fliyeva bildirib.<br><\/p>\n\n\n\n<figure class=\"wp-block-image size-large\"><img decoding=\"async\" width=\"821\" height=\"821\" data-src=\"https:\/\/www.meydan.tv\/wp-content\/uploads\/tovuz-821x821.jpg\" alt=\"\" class=\"wp-image-230125 lazyload\" src=\"data:image\/svg+xml;base64,PHN2ZyB3aWR0aD0iMSIgaGVpZ2h0PSIxIiB4bWxucz0iaHR0cDovL3d3dy53My5vcmcvMjAwMC9zdmciPjwvc3ZnPg==\" style=\"--smush-placeholder-width: 821px; --smush-placeholder-aspect-ratio: 821\/821;\" \/><figcaption>Valid\u0259 \u018fliyeva, Foto: Meydan TV<\/figcaption><\/figure>\n\n\n\n<p>K\u0259nd sakinl\u0259ri bildirib ki, \u0130lkin S\u00fcleymanovun g\u00fcnahs\u0131z oldu\u011funa inan\u0131rlar v\u0259 onu sona q\u0259d\u0259r m\u00fcdafi\u0259 ed\u0259c\u0259kl\u0259r.<br><\/p>\n\n\n\n<p>1973-c\u00fc il t\u0259v\u0259ll\u00fcdl\u00fc \u0130lkin S\u00fcleymanov Cinay\u0259t M\u0259c\u0259ll\u0259sinin 120.2.4 (x\u00fcsusi amans\u0131zl\u0131qla q\u0259sd\u0259n adam \u00f6ld\u00fcrm\u0259), 120.2.9 (t\u0259qsirkar \u015f\u0259xs \u00fc\u00e7\u00fcn a\u015fkar sur\u0259td\u0259 k\u00f6m\u0259ksiz v\u0259ziyy\u0259td\u0259 olan adam\u0131 q\u0259sd\u0259n \u00f6ld\u00fcrm\u0259), 144.3 (adam o\u011furlu\u011fu) v\u0259 ba\u015fqa madd\u0259l\u0259ril\u0259 ittiham olunur. \u0130ttihama \u0259sas\u0259n, o, sinif yolda\u015f\u0131 \u015e\u0259rif Quliyevin ail\u0259si, u\u015faqlar\u0131 oldu\u011funa g\u00f6r\u0259 onu q\u0131sqan\u0131b, buna g\u00f6r\u0259 d\u0259 onun q\u0131z\u0131 N\u0259rmini o\u011furlayaraq, 47 g\u00fcn sonra q\u0259tl\u0259 yetirib.<br><\/p>\n\n\n\n<p>\u0130lkin S\u00fcleymanov is\u0259 azya\u015fl\u0131n\u0131n \u00f6l\u00fcm\u00fcn\u0259 aidiyy\u0259ti olmad\u0131\u011f\u0131n\u0131 deyir. \u0130lkin ifad\u0259sind\u0259ki etirafa g\u0259linc\u0259, o bildirib ki, 2020-ci il yanvar\u0131n 6-dan 10-na q\u0259d\u0259r Tovuz rayon Polis \u015e\u00f6b\u0259sind\u0259 i\u015fg\u0259nc\u0259y\u0259 m\u0259ruz qal\u0131b. D\u00f6rd g\u00fcn sonra i\u015fg\u0259nc\u0259l\u0259r\u0259 d\u00f6zm\u0259y\u0259r\u0259k, etiraf ifad\u0259sin\u0259 imza atma\u011fa m\u0259cbur olub.<\/p>\n","protected":false},"excerpt":{"rendered":"<p>\u201cO, bizim l\u0259yaq\u0259timizi al\u00e7ald\u0131b\u201d Tovuz rayonunun Dondar Qu\u015f\u00e7u k\u0259ndinin sakinl\u0259ri &#8230; <\/p>\n<p class=\"read-more-container\"><a title=\"H\u0259mk\u0259ndlil\u0259ri m\u0259rhum N\u0259rmin Quliyevan\u0131n atas\u0131n\u0131 m\u0259hk\u0259m\u0259y\u0259 verm\u0259y\u0259 haz\u0131rla\u015f\u0131r\" class=\"read-more button\" href=\"https:\/\/www.meydan.tv\/az\/article\/hemkendlileri-merhum-nermin-quliyevanin-atasini-mehkemeye-vermeye-hazirlasir\/#more-230131\" aria-label=\"Read more about H\u0259mk\u0259ndlil\u0259ri m\u0259rhum N\u0259rmin Quliyevan\u0131n atas\u0131n\u0131 m\u0259hk\u0259m\u0259y\u0259 verm\u0259y\u0259 haz\u0131rla\u015f\u0131r\">Davam\u0131<\/a><\/p>\n","protected":false},"author":8,"featured_media":230128,"comment_status":"closed","ping_status":"closed","sticky":false,"template":"","format":"standard","meta":{"_acf_changed":false,"_sitemap_exclude":false,"_sitemap_priority":"","_sitemap_frequency":"","footnotes":""},"categories":[60,79,56],"tags":[],"class_list":["post-230131","post","type-post","status-publish","format-standard","has-post-thumbnail","hentry","category-bolge","category-featured","category-xeberler","infinite-scroll-item","generate-columns","tablet-grid-50","mobile-grid-100","grid-parent","grid-33","no-featured-image-padding"],"acf":[],"yoast_head":"<!-- This site is optimized with the Yoast SEO plugin v27.5 - https:\/\/yoast.com\/product\/yoast-seo-wordpress\/ -->\n<title>H\u0259mk\u0259ndlil\u0259ri m\u0259rhum N\u0259rmin Quliyevan\u0131n atas\u0131n\u0131 m\u0259hk\u0259m\u0259y\u0259 verm\u0259y\u0259 haz\u0131rla\u015f\u0131r - MEYDAN.TV<\/title>\n<meta name=\"robots\" content=\"index, follow, max-snippet:-1, max-image-preview:large, max-video-preview:-1\" \/>\n<link rel=\"canonical\" href=\"https:\/\/www.meydan.tv\/az\/article\/hemkendlileri-merhum-nermin-quliyevanin-atasini-mehkemeye-vermeye-hazirlasir\/\" \/>\n<meta property=\"og:locale\" content=\"az_AZ\" \/>\n<meta property=\"og:type\" content=\"article\" \/>\n<meta property=\"og:title\" content=\"H\u0259mk\u0259ndlil\u0259ri m\u0259rhum N\u0259rmin Quliyevan\u0131n atas\u0131n\u0131 m\u0259hk\u0259m\u0259y\u0259 verm\u0259y\u0259 haz\u0131rla\u015f\u0131r - MEYDAN.TV\" \/>\n<meta property=\"og:description\" content=\"\u201cO, bizim l\u0259yaq\u0259timizi al\u00e7ald\u0131b\u201d Tovuz rayonunun Dondar Qu\u015f\u00e7u k\u0259ndinin sakinl\u0259ri ... Davam\u0131\" \/>\n<meta property=\"og:url\" content=\"https:\/\/www.meydan.tv\/az\/article\/hemkendlileri-merhum-nermin-quliyevanin-atasini-mehkemeye-vermeye-hazirlasir\/\" \/>\n<meta property=\"og:site_name\" content=\"MEYDAN.TV\" \/>\n<meta property=\"article:published_time\" content=\"2021-12-23T11:44:05+00:00\" \/>\n<meta property=\"article:modified_time\" content=\"2021-12-23T11:44:08+00:00\" \/>\n<meta property=\"og:image\" content=\"https:\/\/www.meydan.tv\/wp-content\/uploads\/tovu.jpg\" \/>\n\t<meta property=\"og:image:width\" content=\"827\" \/>\n\t<meta property=\"og:image:height\" content=\"801\" \/>\n\t<meta property=\"og:image:type\" content=\"image\/jpeg\" \/>\n<meta name=\"author\" content=\"elli\" \/>\n<meta name=\"twitter:card\" content=\"summary_large_image\" \/>\n<meta name=\"twitter:creator\" content=\"@elli\" \/>\n<script type=\"application\/ld+json\" class=\"yoast-schema-graph\">{\"@context\":\"https:\\\/\\\/schema.org\",\"@graph\":[{\"@type\":\"Article\",\"@id\":\"https:\\\/\\\/www.meydan.tv\\\/az\\\/article\\\/hemkendlileri-merhum-nermin-quliyevanin-atasini-mehkemeye-vermeye-hazirlasir\\\/#article\",\"isPartOf\":{\"@id\":\"https:\\\/\\\/www.meydan.tv\\\/az\\\/article\\\/hemkendlileri-merhum-nermin-quliyevanin-atasini-mehkemeye-vermeye-hazirlasir\\\/\"},\"author\":{\"name\":\"elli\",\"@id\":\"https:\\\/\\\/www.meydan.tv\\\/az\\\/#\\\/schema\\\/person\\\/9cdbecf90d17180ce1dfbd95b08dcf47\"},\"headline\":\"H\u0259mk\u0259ndlil\u0259ri m\u0259rhum N\u0259rmin Quliyevan\u0131n atas\u0131n\u0131 m\u0259hk\u0259m\u0259y\u0259 verm\u0259y\u0259 haz\u0131rla\u015f\u0131r\",\"datePublished\":\"2021-12-23T11:44:05+00:00\",\"dateModified\":\"2021-12-23T11:44:08+00:00\",\"mainEntityOfPage\":{\"@id\":\"https:\\\/\\\/www.meydan.tv\\\/az\\\/article\\\/hemkendlileri-merhum-nermin-quliyevanin-atasini-mehkemeye-vermeye-hazirlasir\\\/\"},\"wordCount\":543,\"publisher\":{\"@id\":\"https:\\\/\\\/www.meydan.tv\\\/az\\\/#organization\"},\"image\":{\"@id\":\"https:\\\/\\\/www.meydan.tv\\\/az\\\/article\\\/hemkendlileri-merhum-nermin-quliyevanin-atasini-mehkemeye-vermeye-hazirlasir\\\/#primaryimage\"},\"thumbnailUrl\":\"https:\\\/\\\/www.meydan.tv\\\/wp-content\\\/uploads\\\/tovu.jpg\",\"articleSection\":[\"B\u00f6lg\u0259\",\"T\u00f6vsiy\u0259\",\"X\u0259b\u0259rl\u0259r\"],\"inLanguage\":\"az\"},{\"@type\":\"WebPage\",\"@id\":\"https:\\\/\\\/www.meydan.tv\\\/az\\\/article\\\/hemkendlileri-merhum-nermin-quliyevanin-atasini-mehkemeye-vermeye-hazirlasir\\\/\",\"url\":\"https:\\\/\\\/www.meydan.tv\\\/az\\\/article\\\/hemkendlileri-merhum-nermin-quliyevanin-atasini-mehkemeye-vermeye-hazirlasir\\\/\",\"name\":\"H\u0259mk\u0259ndlil\u0259ri m\u0259rhum N\u0259rmin Quliyevan\u0131n atas\u0131n\u0131 m\u0259hk\u0259m\u0259y\u0259 verm\u0259y\u0259 haz\u0131rla\u015f\u0131r - MEYDAN.TV\",\"isPartOf\":{\"@id\":\"https:\\\/\\\/www.meydan.tv\\\/az\\\/#website\"},\"primaryImageOfPage\":{\"@id\":\"https:\\\/\\\/www.meydan.tv\\\/az\\\/article\\\/hemkendlileri-merhum-nermin-quliyevanin-atasini-mehkemeye-vermeye-hazirlasir\\\/#primaryimage\"},\"image\":{\"@id\":\"https:\\\/\\\/www.meydan.tv\\\/az\\\/article\\\/hemkendlileri-merhum-nermin-quliyevanin-atasini-mehkemeye-vermeye-hazirlasir\\\/#primaryimage\"},\"thumbnailUrl\":\"https:\\\/\\\/www.meydan.tv\\\/wp-content\\\/uploads\\\/tovu.jpg\",\"datePublished\":\"2021-12-23T11:44:05+00:00\",\"dateModified\":\"2021-12-23T11:44:08+00:00\",\"breadcrumb\":{\"@id\":\"https:\\\/\\\/www.meydan.tv\\\/az\\\/article\\\/hemkendlileri-merhum-nermin-quliyevanin-atasini-mehkemeye-vermeye-hazirlasir\\\/#breadcrumb\"},\"inLanguage\":\"az\",\"potentialAction\":[{\"@type\":\"ReadAction\",\"target\":[\"https:\\\/\\\/www.meydan.tv\\\/az\\\/article\\\/hemkendlileri-merhum-nermin-quliyevanin-atasini-mehkemeye-vermeye-hazirlasir\\\/\"]}]},{\"@type\":\"ImageObject\",\"inLanguage\":\"az\",\"@id\":\"https:\\\/\\\/www.meydan.tv\\\/az\\\/article\\\/hemkendlileri-merhum-nermin-quliyevanin-atasini-mehkemeye-vermeye-hazirlasir\\\/#primaryimage\",\"url\":\"https:\\\/\\\/www.meydan.tv\\\/wp-content\\\/uploads\\\/tovu.jpg\",\"contentUrl\":\"https:\\\/\\\/www.meydan.tv\\\/wp-content\\\/uploads\\\/tovu.jpg\",\"width\":827,\"height\":801,\"caption\":\"\u0130lkin S\u00fcleymanovu d\u0259st\u0259kl\u0259y\u0259nl\u0259r G\u0259nc\u0259 A\u011f\u0131r Cinay\u0259tl\u0259r M\u0259hk\u0259m\u0259sinin qar\u015f\u0131s\u0131nda, Foto: Meydan TV\"},{\"@type\":\"BreadcrumbList\",\"@id\":\"https:\\\/\\\/www.meydan.tv\\\/az\\\/article\\\/hemkendlileri-merhum-nermin-quliyevanin-atasini-mehkemeye-vermeye-hazirlasir\\\/#breadcrumb\",\"itemListElement\":[{\"@type\":\"ListItem\",\"position\":1,\"name\":\"Ana s\u0259hif\u0259\",\"item\":\"https:\\\/\\\/www.meydan.tv\\\/az\\\/\"},{\"@type\":\"ListItem\",\"position\":2,\"name\":\"B\u00f6lg\u0259\",\"item\":\"https:\\\/\\\/www.meydan.tv\\\/az\\\/section\\\/bolge\\\/\"},{\"@type\":\"ListItem\",\"position\":3,\"name\":\"H\u0259mk\u0259ndlil\u0259ri m\u0259rhum N\u0259rmin Quliyevan\u0131n atas\u0131n\u0131 m\u0259hk\u0259m\u0259y\u0259 verm\u0259y\u0259 haz\u0131rla\u015f\u0131r\"}]},{\"@type\":\"WebSite\",\"@id\":\"https:\\\/\\\/www.meydan.tv\\\/az\\\/#website\",\"url\":\"https:\\\/\\\/www.meydan.tv\\\/az\\\/\",\"name\":\"MEYDAN.TV\",\"description\":\"Meydan TV Az\u0259rbaycan\u0131n media m\u0259kan\u0131ndak\u0131 alternativ s\u0259sidir\",\"publisher\":{\"@id\":\"https:\\\/\\\/www.meydan.tv\\\/az\\\/#organization\"},\"potentialAction\":[{\"@type\":\"SearchAction\",\"target\":{\"@type\":\"EntryPoint\",\"urlTemplate\":\"https:\\\/\\\/www.meydan.tv\\\/az\\\/?s={search_term_string}\"},\"query-input\":{\"@type\":\"PropertyValueSpecification\",\"valueRequired\":true,\"valueName\":\"search_term_string\"}}],\"inLanguage\":\"az\"},{\"@type\":\"Organization\",\"@id\":\"https:\\\/\\\/www.meydan.tv\\\/az\\\/#organization\",\"name\":\"Meydan TV\",\"url\":\"https:\\\/\\\/www.meydan.tv\\\/az\\\/\",\"logo\":{\"@type\":\"ImageObject\",\"inLanguage\":\"az\",\"@id\":\"https:\\\/\\\/www.meydan.tv\\\/az\\\/#\\\/schema\\\/logo\\\/image\\\/\",\"url\":\"https:\\\/\\\/www.meydan.tv\\\/wp-content\\\/uploads\\\/2021\\\/07\\\/meydan-logo.svg\",\"contentUrl\":\"https:\\\/\\\/www.meydan.tv\\\/wp-content\\\/uploads\\\/2021\\\/07\\\/meydan-logo.svg\",\"width\":195,\"height\":46,\"caption\":\"Meydan TV\"},\"image\":{\"@id\":\"https:\\\/\\\/www.meydan.tv\\\/az\\\/#\\\/schema\\\/logo\\\/image\\\/\"}},{\"@type\":\"Person\",\"@id\":\"https:\\\/\\\/www.meydan.tv\\\/az\\\/#\\\/schema\\\/person\\\/9cdbecf90d17180ce1dfbd95b08dcf47\",\"name\":\"elli\",\"sameAs\":[\"https:\\\/\\\/x.com\\\/elli\"]}]}<\/script>\n<!-- \/ Yoast SEO plugin. -->","yoast_head_json":{"title":"H\u0259mk\u0259ndlil\u0259ri m\u0259rhum N\u0259rmin Quliyevan\u0131n atas\u0131n\u0131 m\u0259hk\u0259m\u0259y\u0259 verm\u0259y\u0259 haz\u0131rla\u015f\u0131r - MEYDAN.TV","robots":{"index":"index","follow":"follow","max-snippet":"max-snippet:-1","max-image-preview":"max-image-preview:large","max-video-preview":"max-video-preview:-1"},"canonical":"https:\/\/www.meydan.tv\/az\/article\/hemkendlileri-merhum-nermin-quliyevanin-atasini-mehkemeye-vermeye-hazirlasir\/","og_locale":"az_AZ","og_type":"article","og_title":"H\u0259mk\u0259ndlil\u0259ri m\u0259rhum N\u0259rmin Quliyevan\u0131n atas\u0131n\u0131 m\u0259hk\u0259m\u0259y\u0259 verm\u0259y\u0259 haz\u0131rla\u015f\u0131r - MEYDAN.TV","og_description":"\u201cO, bizim l\u0259yaq\u0259timizi al\u00e7ald\u0131b\u201d Tovuz rayonunun Dondar Qu\u015f\u00e7u k\u0259ndinin sakinl\u0259ri ... Davam\u0131","og_url":"https:\/\/www.meydan.tv\/az\/article\/hemkendlileri-merhum-nermin-quliyevanin-atasini-mehkemeye-vermeye-hazirlasir\/","og_site_name":"MEYDAN.TV","article_published_time":"2021-12-23T11:44:05+00:00","article_modified_time":"2021-12-23T11:44:08+00:00","og_image":[{"width":827,"height":801,"url":"https:\/\/www.meydan.tv\/wp-content\/uploads\/tovu.jpg","type":"image\/jpeg"}],"author":"elli","twitter_card":"summary_large_image","twitter_creator":"@elli","schema":{"@context":"https:\/\/schema.org","@graph":[{"@type":"Article","@id":"https:\/\/www.meydan.tv\/az\/article\/hemkendlileri-merhum-nermin-quliyevanin-atasini-mehkemeye-vermeye-hazirlasir\/#article","isPartOf":{"@id":"https:\/\/www.meydan.tv\/az\/article\/hemkendlileri-merhum-nermin-quliyevanin-atasini-mehkemeye-vermeye-hazirlasir\/"},"author":{"name":"elli","@id":"https:\/\/www.meydan.tv\/az\/#\/schema\/person\/9cdbecf90d17180ce1dfbd95b08dcf47"},"headline":"H\u0259mk\u0259ndlil\u0259ri m\u0259rhum N\u0259rmin Quliyevan\u0131n atas\u0131n\u0131 m\u0259hk\u0259m\u0259y\u0259 verm\u0259y\u0259 haz\u0131rla\u015f\u0131r","datePublished":"2021-12-23T11:44:05+00:00","dateModified":"2021-12-23T11:44:08+00:00","mainEntityOfPage":{"@id":"https:\/\/www.meydan.tv\/az\/article\/hemkendlileri-merhum-nermin-quliyevanin-atasini-mehkemeye-vermeye-hazirlasir\/"},"wordCount":543,"publisher":{"@id":"https:\/\/www.meydan.tv\/az\/#organization"},"image":{"@id":"https:\/\/www.meydan.tv\/az\/article\/hemkendlileri-merhum-nermin-quliyevanin-atasini-mehkemeye-vermeye-hazirlasir\/#primaryimage"},"thumbnailUrl":"https:\/\/www.meydan.tv\/wp-content\/uploads\/tovu.jpg","articleSection":["B\u00f6lg\u0259","T\u00f6vsiy\u0259","X\u0259b\u0259rl\u0259r"],"inLanguage":"az"},{"@type":"WebPage","@id":"https:\/\/www.meydan.tv\/az\/article\/hemkendlileri-merhum-nermin-quliyevanin-atasini-mehkemeye-vermeye-hazirlasir\/","url":"https:\/\/www.meydan.tv\/az\/article\/hemkendlileri-merhum-nermin-quliyevanin-atasini-mehkemeye-vermeye-hazirlasir\/","name":"H\u0259mk\u0259ndlil\u0259ri m\u0259rhum N\u0259rmin Quliyevan\u0131n atas\u0131n\u0131 m\u0259hk\u0259m\u0259y\u0259 verm\u0259y\u0259 haz\u0131rla\u015f\u0131r - MEYDAN.TV","isPartOf":{"@id":"https:\/\/www.meydan.tv\/az\/#website"},"primaryImageOfPage":{"@id":"https:\/\/www.meydan.tv\/az\/article\/hemkendlileri-merhum-nermin-quliyevanin-atasini-mehkemeye-vermeye-hazirlasir\/#primaryimage"},"image":{"@id":"https:\/\/www.meydan.tv\/az\/article\/hemkendlileri-merhum-nermin-quliyevanin-atasini-mehkemeye-vermeye-hazirlasir\/#primaryimage"},"thumbnailUrl":"https:\/\/www.meydan.tv\/wp-content\/uploads\/tovu.jpg","datePublished":"2021-12-23T11:44:05+00:00","dateModified":"2021-12-23T11:44:08+00:00","breadcrumb":{"@id":"https:\/\/www.meydan.tv\/az\/article\/hemkendlileri-merhum-nermin-quliyevanin-atasini-mehkemeye-vermeye-hazirlasir\/#breadcrumb"},"inLanguage":"az","potentialAction":[{"@type":"ReadAction","target":["https:\/\/www.meydan.tv\/az\/article\/hemkendlileri-merhum-nermin-quliyevanin-atasini-mehkemeye-vermeye-hazirlasir\/"]}]},{"@type":"ImageObject","inLanguage":"az","@id":"https:\/\/www.meydan.tv\/az\/article\/hemkendlileri-merhum-nermin-quliyevanin-atasini-mehkemeye-vermeye-hazirlasir\/#primaryimage","url":"https:\/\/www.meydan.tv\/wp-content\/uploads\/tovu.jpg","contentUrl":"https:\/\/www.meydan.tv\/wp-content\/uploads\/tovu.jpg","width":827,"height":801,"caption":"\u0130lkin S\u00fcleymanovu d\u0259st\u0259kl\u0259y\u0259nl\u0259r G\u0259nc\u0259 A\u011f\u0131r Cinay\u0259tl\u0259r M\u0259hk\u0259m\u0259sinin qar\u015f\u0131s\u0131nda, Foto: Meydan TV"},{"@type":"BreadcrumbList","@id":"https:\/\/www.meydan.tv\/az\/article\/hemkendlileri-merhum-nermin-quliyevanin-atasini-mehkemeye-vermeye-hazirlasir\/#breadcrumb","itemListElement":[{"@type":"ListItem","position":1,"name":"Ana s\u0259hif\u0259","item":"https:\/\/www.meydan.tv\/az\/"},{"@type":"ListItem","position":2,"name":"B\u00f6lg\u0259","item":"https:\/\/www.meydan.tv\/az\/section\/bolge\/"},{"@type":"ListItem","position":3,"name":"H\u0259mk\u0259ndlil\u0259ri m\u0259rhum N\u0259rmin Quliyevan\u0131n atas\u0131n\u0131 m\u0259hk\u0259m\u0259y\u0259 verm\u0259y\u0259 haz\u0131rla\u015f\u0131r"}]},{"@type":"WebSite","@id":"https:\/\/www.meydan.tv\/az\/#website","url":"https:\/\/www.meydan.tv\/az\/","name":"MEYDAN.TV","description":"Meydan TV Az\u0259rbaycan\u0131n media m\u0259kan\u0131ndak\u0131 alternativ s\u0259sidir","publisher":{"@id":"https:\/\/www.meydan.tv\/az\/#organization"},"potentialAction":[{"@type":"SearchAction","target":{"@type":"EntryPoint","urlTemplate":"https:\/\/www.meydan.tv\/az\/?s={search_term_string}"},"query-input":{"@type":"PropertyValueSpecification","valueRequired":true,"valueName":"search_term_string"}}],"inLanguage":"az"},{"@type":"Organization","@id":"https:\/\/www.meydan.tv\/az\/#organization","name":"Meydan TV","url":"https:\/\/www.meydan.tv\/az\/","logo":{"@type":"ImageObject","inLanguage":"az","@id":"https:\/\/www.meydan.tv\/az\/#\/schema\/logo\/image\/","url":"https:\/\/www.meydan.tv\/wp-content\/uploads\/2021\/07\/meydan-logo.svg","contentUrl":"https:\/\/www.meydan.tv\/wp-content\/uploads\/2021\/07\/meydan-logo.svg","width":195,"height":46,"caption":"Meydan TV"},"image":{"@id":"https:\/\/www.meydan.tv\/az\/#\/schema\/logo\/image\/"}},{"@type":"Person","@id":"https:\/\/www.meydan.tv\/az\/#\/schema\/person\/9cdbecf90d17180ce1dfbd95b08dcf47","name":"elli","sameAs":["https:\/\/x.com\/elli"]}]}},"_links":{"self":[{"href":"https:\/\/www.meydan.tv\/az\/wp-json\/wp\/v2\/posts\/230131","targetHints":{"allow":["GET"]}}],"collection":[{"href":"https:\/\/www.meydan.tv\/az\/wp-json\/wp\/v2\/posts"}],"about":[{"href":"https:\/\/www.meydan.tv\/az\/wp-json\/wp\/v2\/types\/post"}],"author":[{"embeddable":true,"href":"https:\/\/www.meydan.tv\/az\/wp-json\/wp\/v2\/users\/8"}],"replies":[{"embeddable":true,"href":"https:\/\/www.meydan.tv\/az\/wp-json\/wp\/v2\/comments?post=230131"}],"version-history":[{"count":1,"href":"https:\/\/www.meydan.tv\/az\/wp-json\/wp\/v2\/posts\/230131\/revisions"}],"predecessor-version":[{"id":230132,"href":"https:\/\/www.meydan.tv\/az\/wp-json\/wp\/v2\/posts\/230131\/revisions\/230132"}],"wp:featuredmedia":[{"embeddable":true,"href":"https:\/\/www.meydan.tv\/az\/wp-json\/wp\/v2\/media\/230128"}],"wp:attachment":[{"href":"https:\/\/www.meydan.tv\/az\/wp-json\/wp\/v2\/media?parent=230131"}],"wp:term":[{"taxonomy":"category","embeddable":true,"href":"https:\/\/www.meydan.tv\/az\/wp-json\/wp\/v2\/categories?post=230131"},{"taxonomy":"post_tag","embeddable":true,"href":"https:\/\/www.meydan.tv\/az\/wp-json\/wp\/v2\/tags?post=230131"}],"curies":[{"name":"wp","href":"https:\/\/api.w.org\/{rel}","templated":true}]}}